{"id":104328,"date":"2019-07-16T13:59:13","date_gmt":"2019-07-16T11:59:13","guid":{"rendered":"https:\/\/www.morh.hr\/?p=104328"},"modified":"2020-12-10T11:05:34","modified_gmt":"2020-12-10T10:05:34","slug":"special-forces-command-takes-part-in-poskok-19-2-ex","status":"publish","type":"post","link":"https:\/\/www.morh.hr\/en\/special-forces-command-takes-part-in-poskok-19-2-ex\/","title":{"rendered":"Special Forces Command takes part in  Poskok 19\/2 Ex"},"content":{"rendered":"<p>The Special Forces Command organised and conducted the military exercise Poskok 19\/2 in&nbsp; the Barracks \u201cJosip Jovi\u0107\u201c at Udbina from 7 \u2013 12 July 2019.<\/p>\n<p>The pre-deployment training was designed based on the standards and criteria stated in&nbsp; NATO doctrinary documents.<\/p>\n<p>The evaluator teams of the Special Forces Command conducted a final evaluation of capabilities of the 9th SPC SOAT (Special Police Training Center Special Operations Advisory Team) of the Special Forces Command for the 11th HRVCON to Resolute Support in Afghanistan.<\/p>\n<p>The final evaluation comprised three phases, in compliance with NATO standards and&nbsp; national instructions and regulations.<\/p>\n<p>The exercise scenarios and featured incidents assigned to the forces entirely supported the evaluators lists.<\/p>\n<p>The evaluator teams of the Special Forces Command, supervised by the evaluators of the General Staff of the Croatian Armed Forces confirmed that the 9th SPTC SOAT was ready to perform the assigned tasks in peace support operations.<\/p>\n[ngg src=&#8221;galleries&#8221; ids=&#8221;3534&#8243; display=&#8221;basic_thumbnail&#8221;]&nbsp;<\/p>\n","protected":false},"excerpt":{"rendered":"<p>Exercise Poskok 19\/2 confirms the capabilities of the members of the 9th SPC SOAT of the Special Forces Command\u00a0 to perform the tasks assigned in PSO<\/p>\n","protected":false},"author":3,"featured_media":104012,"comment_status":"closed","ping_status":"closed","sticky":false,"template":"","format":"standard","meta":{"_acf_changed":false,"_monsterinsights_skip_tracking":false,"_monsterinsights_sitenote_active":false,"_monsterinsights_sitenote_note":"","_monsterinsights_sitenote_category":0,"footnotes":""},"categories":[117],"tags":[],"class_list":["post-104328","post","type-post","status-publish","format-standard","has-post-thumbnail","hentry","category-press-releases"],"acf":[],"yoast_head":"<!-- This site is optimized with the Yoast SEO plugin v26.9 - https:\/\/yoast.com\/product\/yoast-seo-wordpress\/ -->\n<title>Special Forces Command takes part in Poskok 19\/2 Ex - MORH<\/title>\n<meta name=\"description\" content=\"Exercise Poskok 19\/2 confirms the capabilities of the members of the 9th SPC SOAT of the Special Forces Command\u00a0 to perform the tasks assigned in PSO\" \/>\n<meta name=\"robots\" content=\"index, follow, max-snippet:-1, max-image-preview:large, max-video-preview:-1\" \/>\n<link rel=\"canonical\" href=\"https:\/\/www.morh.hr\/en\/special-forces-command-takes-part-in-poskok-19-2-ex\/\" \/>\n<meta property=\"og:locale\" content=\"en_US\" \/>\n<meta property=\"og:type\" content=\"article\" \/>\n<meta property=\"og:title\" content=\"Special Forces Command takes part in Poskok 19\/2 Ex - MORH\" \/>\n<meta property=\"og:description\" content=\"Exercise Poskok 19\/2 confirms the capabilities of the members of the 9th SPC SOAT of the Special Forces Command\u00a0 to perform the tasks assigned in PSO\" \/>\n<meta property=\"og:url\" content=\"https:\/\/www.morh.hr\/en\/special-forces-command-takes-part-in-poskok-19-2-ex\/\" \/>\n<meta property=\"og:site_name\" content=\"MORH\" \/>\n<meta property=\"article:publisher\" content=\"https:\/\/www.facebook.com\/sportasiuhrvatskojvojsci\/\" \/>\n<meta property=\"article:published_time\" content=\"2019-07-16T11:59:13+00:00\" \/>\n<meta property=\"article:modified_time\" content=\"2020-12-10T10:05:34+00:00\" \/>\n<meta property=\"og:image\" content=\"https:\/\/www.morh.hr\/wp-content\/uploads\/2019\/07\/poskok19_12072019_0.jpg\" \/>\n\t<meta property=\"og:image:width\" content=\"3840\" \/>\n\t<meta property=\"og:image:height\" content=\"2160\" \/>\n\t<meta property=\"og:image:type\" content=\"image\/jpeg\" \/>\n<meta name=\"author\" content=\"Drazen\" \/>\n<meta name=\"twitter:card\" content=\"summary_large_image\" \/>\n<meta name=\"twitter:creator\" content=\"@morh_osrh\" \/>\n<meta name=\"twitter:site\" content=\"@morh_osrh\" \/>\n<meta name=\"twitter:label1\" content=\"Written by\" \/>\n\t<meta name=\"twitter:data1\" content=\"Drazen\" \/>\n\t<meta name=\"twitter:label2\" content=\"Est. reading time\" \/>\n\t<meta name=\"twitter:data2\" content=\"1 minute\" \/>\n<script type=\"application\/ld+json\" class=\"yoast-schema-graph\">{\"@context\":\"https:\/\/schema.org\",\"@graph\":[{\"@type\":\"Article\",\"@id\":\"https:\/\/www.morh.hr\/en\/special-forces-command-takes-part-in-poskok-19-2-ex\/#article\",\"isPartOf\":{\"@id\":\"https:\/\/www.morh.hr\/en\/special-forces-command-takes-part-in-poskok-19-2-ex\/\"},\"author\":{\"name\":\"Drazen\",\"@id\":\"https:\/\/www.morh.hr\/en\/#\/schema\/person\/2d72e03399043d9513ab6bec75f2ce27\"},\"headline\":\"Special Forces Command takes part in Poskok 19\/2 Ex\",\"datePublished\":\"2019-07-16T11:59:13+00:00\",\"dateModified\":\"2020-12-10T10:05:34+00:00\",\"mainEntityOfPage\":{\"@id\":\"https:\/\/www.morh.hr\/en\/special-forces-command-takes-part-in-poskok-19-2-ex\/\"},\"wordCount\":165,\"image\":{\"@id\":\"https:\/\/www.morh.hr\/en\/special-forces-command-takes-part-in-poskok-19-2-ex\/#primaryimage\"},\"thumbnailUrl\":\"https:\/\/www.morh.hr\/wp-content\/uploads\/2019\/07\/poskok19_12072019_0.jpg\",\"articleSection\":[\"Press releases\"],\"inLanguage\":\"en-US\"},{\"@type\":\"WebPage\",\"@id\":\"https:\/\/www.morh.hr\/en\/special-forces-command-takes-part-in-poskok-19-2-ex\/\",\"url\":\"https:\/\/www.morh.hr\/en\/special-forces-command-takes-part-in-poskok-19-2-ex\/\",\"name\":\"Special Forces Command takes part in Poskok 19\/2 Ex - MORH\",\"isPartOf\":{\"@id\":\"https:\/\/www.morh.hr\/en\/#website\"},\"primaryImageOfPage\":{\"@id\":\"https:\/\/www.morh.hr\/en\/special-forces-command-takes-part-in-poskok-19-2-ex\/#primaryimage\"},\"image\":{\"@id\":\"https:\/\/www.morh.hr\/en\/special-forces-command-takes-part-in-poskok-19-2-ex\/#primaryimage\"},\"thumbnailUrl\":\"https:\/\/www.morh.hr\/wp-content\/uploads\/2019\/07\/poskok19_12072019_0.jpg\",\"datePublished\":\"2019-07-16T11:59:13+00:00\",\"dateModified\":\"2020-12-10T10:05:34+00:00\",\"author\":{\"@id\":\"https:\/\/www.morh.hr\/en\/#\/schema\/person\/2d72e03399043d9513ab6bec75f2ce27\"},\"description\":\"Exercise Poskok 19\/2 confirms the capabilities of the members of the 9th SPC SOAT of the Special Forces Command\u00a0 to perform the tasks assigned in PSO\",\"breadcrumb\":{\"@id\":\"https:\/\/www.morh.hr\/en\/special-forces-command-takes-part-in-poskok-19-2-ex\/#breadcrumb\"},\"inLanguage\":\"en-US\",\"potentialAction\":[{\"@type\":\"ReadAction\",\"target\":[\"https:\/\/www.morh.hr\/en\/special-forces-command-takes-part-in-poskok-19-2-ex\/\"]}]},{\"@type\":\"ImageObject\",\"inLanguage\":\"en-US\",\"@id\":\"https:\/\/www.morh.hr\/en\/special-forces-command-takes-part-in-poskok-19-2-ex\/#primaryimage\",\"url\":\"https:\/\/www.morh.hr\/wp-content\/uploads\/2019\/07\/poskok19_12072019_0.jpg\",\"contentUrl\":\"https:\/\/www.morh.hr\/wp-content\/uploads\/2019\/07\/poskok19_12072019_0.jpg\",\"width\":3840,\"height\":2160,\"caption\":\"Vojna vje\u017eba potvrdila sposobnosti pripadnika ZSS-a za provedbu dodijeljenih zada\u0107a u podru\u010djima operacija potpore miru\"},{\"@type\":\"BreadcrumbList\",\"@id\":\"https:\/\/www.morh.hr\/en\/special-forces-command-takes-part-in-poskok-19-2-ex\/#breadcrumb\",\"itemListElement\":[{\"@type\":\"ListItem\",\"position\":1,\"name\":\"Naslovnica\",\"item\":\"https:\/\/www.morh.hr\/en\/\"},{\"@type\":\"ListItem\",\"position\":2,\"name\":\"News\",\"item\":\"https:\/\/www.morh.hr\/en\/kategorija\/news\/\"},{\"@type\":\"ListItem\",\"position\":3,\"name\":\"Press releases\",\"item\":\"https:\/\/www.morh.hr\/en\/kategorija\/news\/press-releases\/\"},{\"@type\":\"ListItem\",\"position\":4,\"name\":\"Special Forces Command takes part in Poskok 19\/2 Ex\"}]},{\"@type\":\"WebSite\",\"@id\":\"https:\/\/www.morh.hr\/en\/#website\",\"url\":\"https:\/\/www.morh.hr\/en\/\",\"name\":\"MORH\",\"description\":\"Ministarstvo obrane Republike Hrvatske - slu\u017ebene stranice\",\"potentialAction\":[{\"@type\":\"SearchAction\",\"target\":{\"@type\":\"EntryPoint\",\"urlTemplate\":\"https:\/\/www.morh.hr\/en\/?s={search_term_string}\"},\"query-input\":{\"@type\":\"PropertyValueSpecification\",\"valueRequired\":true,\"valueName\":\"search_term_string\"}}],\"inLanguage\":\"en-US\"},{\"@type\":\"Person\",\"@id\":\"https:\/\/www.morh.hr\/en\/#\/schema\/person\/2d72e03399043d9513ab6bec75f2ce27\",\"name\":\"Drazen\",\"image\":{\"@type\":\"ImageObject\",\"inLanguage\":\"en-US\",\"@id\":\"https:\/\/www.morh.hr\/en\/#\/schema\/person\/image\/\",\"url\":\"https:\/\/secure.gravatar.com\/avatar\/e36ef7e573425ae72988c73df868c1e87a656b0e005ca4fd7d30d2ba7e49c9cf?s=96&d=mm&r=g\",\"contentUrl\":\"https:\/\/secure.gravatar.com\/avatar\/e36ef7e573425ae72988c73df868c1e87a656b0e005ca4fd7d30d2ba7e49c9cf?s=96&d=mm&r=g\",\"caption\":\"Drazen\"}}]}<\/script>\n<!-- \/ Yoast SEO plugin. -->","yoast_head_json":{"title":"Special Forces Command takes part in Poskok 19\/2 Ex - MORH","description":"Exercise Poskok 19\/2 confirms the capabilities of the members of the 9th SPC SOAT of the Special Forces Command\u00a0 to perform the tasks assigned in PSO","robots":{"index":"index","follow":"follow","max-snippet":"max-snippet:-1","max-image-preview":"max-image-preview:large","max-video-preview":"max-video-preview:-1"},"canonical":"https:\/\/www.morh.hr\/en\/special-forces-command-takes-part-in-poskok-19-2-ex\/","og_locale":"en_US","og_type":"article","og_title":"Special Forces Command takes part in Poskok 19\/2 Ex - MORH","og_description":"Exercise Poskok 19\/2 confirms the capabilities of the members of the 9th SPC SOAT of the Special Forces Command\u00a0 to perform the tasks assigned in PSO","og_url":"https:\/\/www.morh.hr\/en\/special-forces-command-takes-part-in-poskok-19-2-ex\/","og_site_name":"MORH","article_publisher":"https:\/\/www.facebook.com\/sportasiuhrvatskojvojsci\/","article_published_time":"2019-07-16T11:59:13+00:00","article_modified_time":"2020-12-10T10:05:34+00:00","og_image":[{"width":3840,"height":2160,"url":"https:\/\/www.morh.hr\/wp-content\/uploads\/2019\/07\/poskok19_12072019_0.jpg","type":"image\/jpeg"}],"author":"Drazen","twitter_card":"summary_large_image","twitter_creator":"@morh_osrh","twitter_site":"@morh_osrh","twitter_misc":{"Written by":"Drazen","Est. reading time":"1 minute"},"schema":{"@context":"https:\/\/schema.org","@graph":[{"@type":"Article","@id":"https:\/\/www.morh.hr\/en\/special-forces-command-takes-part-in-poskok-19-2-ex\/#article","isPartOf":{"@id":"https:\/\/www.morh.hr\/en\/special-forces-command-takes-part-in-poskok-19-2-ex\/"},"author":{"name":"Drazen","@id":"https:\/\/www.morh.hr\/en\/#\/schema\/person\/2d72e03399043d9513ab6bec75f2ce27"},"headline":"Special Forces Command takes part in Poskok 19\/2 Ex","datePublished":"2019-07-16T11:59:13+00:00","dateModified":"2020-12-10T10:05:34+00:00","mainEntityOfPage":{"@id":"https:\/\/www.morh.hr\/en\/special-forces-command-takes-part-in-poskok-19-2-ex\/"},"wordCount":165,"image":{"@id":"https:\/\/www.morh.hr\/en\/special-forces-command-takes-part-in-poskok-19-2-ex\/#primaryimage"},"thumbnailUrl":"https:\/\/www.morh.hr\/wp-content\/uploads\/2019\/07\/poskok19_12072019_0.jpg","articleSection":["Press releases"],"inLanguage":"en-US"},{"@type":"WebPage","@id":"https:\/\/www.morh.hr\/en\/special-forces-command-takes-part-in-poskok-19-2-ex\/","url":"https:\/\/www.morh.hr\/en\/special-forces-command-takes-part-in-poskok-19-2-ex\/","name":"Special Forces Command takes part in Poskok 19\/2 Ex - MORH","isPartOf":{"@id":"https:\/\/www.morh.hr\/en\/#website"},"primaryImageOfPage":{"@id":"https:\/\/www.morh.hr\/en\/special-forces-command-takes-part-in-poskok-19-2-ex\/#primaryimage"},"image":{"@id":"https:\/\/www.morh.hr\/en\/special-forces-command-takes-part-in-poskok-19-2-ex\/#primaryimage"},"thumbnailUrl":"https:\/\/www.morh.hr\/wp-content\/uploads\/2019\/07\/poskok19_12072019_0.jpg","datePublished":"2019-07-16T11:59:13+00:00","dateModified":"2020-12-10T10:05:34+00:00","author":{"@id":"https:\/\/www.morh.hr\/en\/#\/schema\/person\/2d72e03399043d9513ab6bec75f2ce27"},"description":"Exercise Poskok 19\/2 confirms the capabilities of the members of the 9th SPC SOAT of the Special Forces Command\u00a0 to perform the tasks assigned in PSO","breadcrumb":{"@id":"https:\/\/www.morh.hr\/en\/special-forces-command-takes-part-in-poskok-19-2-ex\/#breadcrumb"},"inLanguage":"en-US","potentialAction":[{"@type":"ReadAction","target":["https:\/\/www.morh.hr\/en\/special-forces-command-takes-part-in-poskok-19-2-ex\/"]}]},{"@type":"ImageObject","inLanguage":"en-US","@id":"https:\/\/www.morh.hr\/en\/special-forces-command-takes-part-in-poskok-19-2-ex\/#primaryimage","url":"https:\/\/www.morh.hr\/wp-content\/uploads\/2019\/07\/poskok19_12072019_0.jpg","contentUrl":"https:\/\/www.morh.hr\/wp-content\/uploads\/2019\/07\/poskok19_12072019_0.jpg","width":3840,"height":2160,"caption":"Vojna vje\u017eba potvrdila sposobnosti pripadnika ZSS-a za provedbu dodijeljenih zada\u0107a u podru\u010djima operacija potpore miru"},{"@type":"BreadcrumbList","@id":"https:\/\/www.morh.hr\/en\/special-forces-command-takes-part-in-poskok-19-2-ex\/#breadcrumb","itemListElement":[{"@type":"ListItem","position":1,"name":"Naslovnica","item":"https:\/\/www.morh.hr\/en\/"},{"@type":"ListItem","position":2,"name":"News","item":"https:\/\/www.morh.hr\/en\/kategorija\/news\/"},{"@type":"ListItem","position":3,"name":"Press releases","item":"https:\/\/www.morh.hr\/en\/kategorija\/news\/press-releases\/"},{"@type":"ListItem","position":4,"name":"Special Forces Command takes part in Poskok 19\/2 Ex"}]},{"@type":"WebSite","@id":"https:\/\/www.morh.hr\/en\/#website","url":"https:\/\/www.morh.hr\/en\/","name":"MORH","description":"Ministarstvo obrane Republike Hrvatske - slu\u017ebene stranice","potentialAction":[{"@type":"SearchAction","target":{"@type":"EntryPoint","urlTemplate":"https:\/\/www.morh.hr\/en\/?s={search_term_string}"},"query-input":{"@type":"PropertyValueSpecification","valueRequired":true,"valueName":"search_term_string"}}],"inLanguage":"en-US"},{"@type":"Person","@id":"https:\/\/www.morh.hr\/en\/#\/schema\/person\/2d72e03399043d9513ab6bec75f2ce27","name":"Drazen","image":{"@type":"ImageObject","inLanguage":"en-US","@id":"https:\/\/www.morh.hr\/en\/#\/schema\/person\/image\/","url":"https:\/\/secure.gravatar.com\/avatar\/e36ef7e573425ae72988c73df868c1e87a656b0e005ca4fd7d30d2ba7e49c9cf?s=96&d=mm&r=g","contentUrl":"https:\/\/secure.gravatar.com\/avatar\/e36ef7e573425ae72988c73df868c1e87a656b0e005ca4fd7d30d2ba7e49c9cf?s=96&d=mm&r=g","caption":"Drazen"}}]}},"_links":{"self":[{"href":"https:\/\/www.morh.hr\/en\/wp-json\/wp\/v2\/posts\/104328","targetHints":{"allow":["GET"]}}],"collection":[{"href":"https:\/\/www.morh.hr\/en\/wp-json\/wp\/v2\/posts"}],"about":[{"href":"https:\/\/www.morh.hr\/en\/wp-json\/wp\/v2\/types\/post"}],"author":[{"embeddable":true,"href":"https:\/\/www.morh.hr\/en\/wp-json\/wp\/v2\/users\/3"}],"replies":[{"embeddable":true,"href":"https:\/\/www.morh.hr\/en\/wp-json\/wp\/v2\/comments?post=104328"}],"version-history":[{"count":0,"href":"https:\/\/www.morh.hr\/en\/wp-json\/wp\/v2\/posts\/104328\/revisions"}],"wp:featuredmedia":[{"embeddable":true,"href":"https:\/\/www.morh.hr\/en\/wp-json\/wp\/v2\/media\/104012"}],"wp:attachment":[{"href":"https:\/\/www.morh.hr\/en\/wp-json\/wp\/v2\/media?parent=104328"}],"wp:term":[{"taxonomy":"category","embeddable":true,"href":"https:\/\/www.morh.hr\/en\/wp-json\/wp\/v2\/categories?post=104328"},{"taxonomy":"post_tag","embeddable":true,"href":"https:\/\/www.morh.hr\/en\/wp-json\/wp\/v2\/tags?post=104328"}],"curies":[{"name":"wp","href":"https:\/\/api.w.org\/{rel}","templated":true}]}}