{"id":109173,"date":"2019-09-05T12:26:36","date_gmt":"2019-09-05T10:26:36","guid":{"rendered":"https:\/\/www.morh.hr\/?p=109173"},"modified":"2020-12-10T10:56:29","modified_gmt":"2020-12-10T09:56:29","slug":"nato-and-pfp-nco-camp-attendees-visit-air-base-at-zemunik","status":"publish","type":"post","link":"https:\/\/www.morh.hr\/en\/nato-and-pfp-nco-camp-attendees-visit-air-base-at-zemunik\/","title":{"rendered":"NATO and PfP NCO Camp attendees visit Air Base at Zemunik"},"content":{"rendered":"<p>Within the 11st Camp of NATO and PfP NCOs, held in the Barracks \u201c Fleet Admiral Sveto Letica-Barba\u201c in Split, NCOs from 11 participating countries on 3 September 2019 visited the Barracks &#8220;Lt.Col. Mirko Vuku\u0161i\u0107&#8221; at Zemunik.<br \/>\nThe Camp attendees were welcomed by the Commander of the Croatian Air Force Training Command \u201cRudolf Pere\u0161in\u201c Colonel Goran Huljev, who briefed them on the role of the Training Centre in training of the air personnel, and underlined various training activities provided for other services of the Croatian Armed Forces.<\/p>\n<figure id=\"attachment_109011\" aria-describedby=\"caption-attachment-109011\" style=\"width: 868px\" class=\"wp-caption alignnone\"><img loading=\"lazy\" decoding=\"async\" class=\"wp-image-109011 size-large\" src=\"https:\/\/www.morh.hr\/wp-content\/uploads\/2019\/09\/11_medjunarodni_kamp_za_docasnike_nato_hr_190719_02-1024x640.jpg\" alt=\"Do\u010dasnici iz 11 zemalja posjetili vojarnu u Zemuniku\" width=\"868\" height=\"543\" srcset=\"https:\/\/www.morh.hr\/wp-content\/uploads\/2019\/09\/11_medjunarodni_kamp_za_docasnike_nato_hr_190719_02-1024x640.jpg 1024w, https:\/\/www.morh.hr\/wp-content\/uploads\/2019\/09\/11_medjunarodni_kamp_za_docasnike_nato_hr_190719_02-300x188.jpg 300w, https:\/\/www.morh.hr\/wp-content\/uploads\/2019\/09\/11_medjunarodni_kamp_za_docasnike_nato_hr_190719_02-768x480.jpg 768w, https:\/\/www.morh.hr\/wp-content\/uploads\/2019\/09\/11_medjunarodni_kamp_za_docasnike_nato_hr_190719_02.jpg 1280w\" sizes=\"auto, (max-width: 868px) 100vw, 868px\" \/><figcaption id=\"caption-attachment-109011\" class=\"wp-caption-text\">Foto: HRZ \/ L. Parlov<\/figcaption><\/figure>\n<p>Col Huljev also presented the Training Centre&#8217;s co-operation with the University of Zadar, the Faculty of Transport and Traffic Engineering of the University of Zagreb and the Secondary Technical School in Zadar.<\/p>\n<p>Col. Huljev praised the irreplaceable role of NCOs in armed forces and wished the visitors a successful and pleasant stay in Croatia.<\/p>\n<p>Sergeant Major Nevena Rami\u0107, Croatian Air Force Training Centre&#8217;s CSEL delivered a presentation on theactivities, the mission and tasks of the Centre.<\/p>\n<p>The NATO and PfP NCO Camp attendees toured the Air Force command , the fixed-wing and rotary-wing squadrons and the Firefighter Squadron of the 93rd Air Base.<\/p>\n<p>The Camp is a highly important NCO activity, and developed from the successful co-operation of NCO corps of their countries. It is attended mostly by senior NCOs with rich experience with leader or commander duties.<\/p>\n<figure id=\"attachment_109013\" aria-describedby=\"caption-attachment-109013\" style=\"width: 868px\" class=\"wp-caption alignnone\"><img loading=\"lazy\" decoding=\"async\" class=\"wp-image-109013 size-large\" src=\"https:\/\/www.morh.hr\/wp-content\/uploads\/2019\/09\/11_medjunarodni_kamp_za_docasnike_nato_hr_190719_06-1024x640.jpg\" alt=\"Do\u010dasnici iz 11 zemalja posjetili vojarnu u Zemuniku\" width=\"868\" height=\"543\" srcset=\"https:\/\/www.morh.hr\/wp-content\/uploads\/2019\/09\/11_medjunarodni_kamp_za_docasnike_nato_hr_190719_06-1024x640.jpg 1024w, https:\/\/www.morh.hr\/wp-content\/uploads\/2019\/09\/11_medjunarodni_kamp_za_docasnike_nato_hr_190719_06-300x188.jpg 300w, https:\/\/www.morh.hr\/wp-content\/uploads\/2019\/09\/11_medjunarodni_kamp_za_docasnike_nato_hr_190719_06-768x480.jpg 768w, https:\/\/www.morh.hr\/wp-content\/uploads\/2019\/09\/11_medjunarodni_kamp_za_docasnike_nato_hr_190719_06.jpg 1280w\" sizes=\"auto, (max-width: 868px) 100vw, 868px\" \/><figcaption id=\"caption-attachment-109013\" class=\"wp-caption-text\">Foto: HRZ \/ L. Parlov<\/figcaption><\/figure>\n<p>The NCOs also get an opportunity to learn about the Croatian culture and heritage.<\/p>\n<p>The 11st NATO and PfP NCO Camp is led by Sergeant Major Goran Nimac Kalcina of the Croatian Navy.<\/p>\n<p>The NATO and PfP NCO Camp is an opportunity to meet colleagues, share experiences, discuss the challenges encountered, to present one&#8217;s operation, to affirm and strengthen co-operation as well as to hone skills, competences and capabilities.<\/p>\n","protected":false},"excerpt":{"rendered":"<p>The attendees  of the 11st NATO and PfP NCO Camp held in Split on 3 September 2019 visited the barracks &#8220;Lt. Col.  Mirko Vuku\u0161i\u0107&#8221; at Zemunik<\/p>\n","protected":false},"author":4693,"featured_media":109009,"comment_status":"closed","ping_status":"closed","sticky":false,"template":"","format":"standard","meta":{"_acf_changed":false,"_monsterinsights_skip_tracking":false,"_monsterinsights_sitenote_active":false,"_monsterinsights_sitenote_note":"","_monsterinsights_sitenote_category":0,"footnotes":""},"categories":[117],"tags":[],"class_list":["post-109173","post","type-post","status-publish","format-standard","has-post-thumbnail","hentry","category-press-releases"],"acf":[],"yoast_head":"<!-- This site is optimized with the Yoast SEO plugin v26.9 - https:\/\/yoast.com\/product\/yoast-seo-wordpress\/ -->\n<title>NATO and PfP NCO Camp attendees visit Air Base at Zemunik - MORH<\/title>\n<meta name=\"description\" content=\"The attendees of the 11st NATO and PfP NCO Camp held in Split on 3 September 2019 visited the barracks &quot;Lt. Col. Mirko Vuku\u0161i\u0107&quot; at Zemunik\" \/>\n<meta name=\"robots\" content=\"index, follow, max-snippet:-1, max-image-preview:large, max-video-preview:-1\" \/>\n<link rel=\"canonical\" href=\"https:\/\/www.morh.hr\/en\/nato-and-pfp-nco-camp-attendees-visit-air-base-at-zemunik\/\" \/>\n<meta property=\"og:locale\" content=\"en_US\" \/>\n<meta property=\"og:type\" content=\"article\" \/>\n<meta property=\"og:title\" content=\"NATO and PfP NCO Camp attendees visit Air Base at Zemunik - MORH\" \/>\n<meta property=\"og:description\" content=\"The attendees of the 11st NATO and PfP NCO Camp held in Split on 3 September 2019 visited the barracks &quot;Lt. Col. Mirko Vuku\u0161i\u0107&quot; at Zemunik\" \/>\n<meta property=\"og:url\" content=\"https:\/\/www.morh.hr\/en\/nato-and-pfp-nco-camp-attendees-visit-air-base-at-zemunik\/\" \/>\n<meta property=\"og:site_name\" content=\"MORH\" \/>\n<meta property=\"article:publisher\" content=\"https:\/\/www.facebook.com\/sportasiuhrvatskojvojsci\/\" \/>\n<meta property=\"article:published_time\" content=\"2019-09-05T10:26:36+00:00\" \/>\n<meta property=\"article:modified_time\" content=\"2020-12-10T09:56:29+00:00\" \/>\n<meta property=\"og:image\" content=\"https:\/\/www.morh.hr\/wp-content\/uploads\/2019\/09\/11_medjunarodni_kamp_za_docasnike_nato_hr_190719_naslovna.jpg\" \/>\n\t<meta property=\"og:image:width\" content=\"1200\" \/>\n\t<meta property=\"og:image:height\" content=\"711\" \/>\n\t<meta property=\"og:image:type\" content=\"image\/jpeg\" \/>\n<meta name=\"author\" content=\"Dario\" \/>\n<meta name=\"twitter:card\" content=\"summary_large_image\" \/>\n<meta name=\"twitter:creator\" content=\"@morh_osrh\" \/>\n<meta name=\"twitter:site\" content=\"@morh_osrh\" \/>\n<meta name=\"twitter:label1\" content=\"Written by\" \/>\n\t<meta name=\"twitter:data1\" content=\"Dario\" \/>\n\t<meta name=\"twitter:label2\" content=\"Est. reading time\" \/>\n\t<meta name=\"twitter:data2\" content=\"2 minutes\" \/>\n<script type=\"application\/ld+json\" class=\"yoast-schema-graph\">{\"@context\":\"https:\/\/schema.org\",\"@graph\":[{\"@type\":\"Article\",\"@id\":\"https:\/\/www.morh.hr\/en\/nato-and-pfp-nco-camp-attendees-visit-air-base-at-zemunik\/#article\",\"isPartOf\":{\"@id\":\"https:\/\/www.morh.hr\/en\/nato-and-pfp-nco-camp-attendees-visit-air-base-at-zemunik\/\"},\"author\":{\"name\":\"Dario\",\"@id\":\"https:\/\/www.morh.hr\/en\/#\/schema\/person\/c38d9a7dda2a61c3bcf83a189f69fd06\"},\"headline\":\"NATO and PfP NCO Camp attendees visit Air Base at Zemunik\",\"datePublished\":\"2019-09-05T10:26:36+00:00\",\"dateModified\":\"2020-12-10T09:56:29+00:00\",\"mainEntityOfPage\":{\"@id\":\"https:\/\/www.morh.hr\/en\/nato-and-pfp-nco-camp-attendees-visit-air-base-at-zemunik\/\"},\"wordCount\":328,\"image\":{\"@id\":\"https:\/\/www.morh.hr\/en\/nato-and-pfp-nco-camp-attendees-visit-air-base-at-zemunik\/#primaryimage\"},\"thumbnailUrl\":\"https:\/\/www.morh.hr\/wp-content\/uploads\/2019\/09\/11_medjunarodni_kamp_za_docasnike_nato_hr_190719_naslovna.jpg\",\"articleSection\":[\"Press releases\"],\"inLanguage\":\"en-US\"},{\"@type\":\"WebPage\",\"@id\":\"https:\/\/www.morh.hr\/en\/nato-and-pfp-nco-camp-attendees-visit-air-base-at-zemunik\/\",\"url\":\"https:\/\/www.morh.hr\/en\/nato-and-pfp-nco-camp-attendees-visit-air-base-at-zemunik\/\",\"name\":\"NATO and PfP NCO Camp attendees visit Air Base at Zemunik - MORH\",\"isPartOf\":{\"@id\":\"https:\/\/www.morh.hr\/en\/#website\"},\"primaryImageOfPage\":{\"@id\":\"https:\/\/www.morh.hr\/en\/nato-and-pfp-nco-camp-attendees-visit-air-base-at-zemunik\/#primaryimage\"},\"image\":{\"@id\":\"https:\/\/www.morh.hr\/en\/nato-and-pfp-nco-camp-attendees-visit-air-base-at-zemunik\/#primaryimage\"},\"thumbnailUrl\":\"https:\/\/www.morh.hr\/wp-content\/uploads\/2019\/09\/11_medjunarodni_kamp_za_docasnike_nato_hr_190719_naslovna.jpg\",\"datePublished\":\"2019-09-05T10:26:36+00:00\",\"dateModified\":\"2020-12-10T09:56:29+00:00\",\"author\":{\"@id\":\"https:\/\/www.morh.hr\/en\/#\/schema\/person\/c38d9a7dda2a61c3bcf83a189f69fd06\"},\"description\":\"The attendees of the 11st NATO and PfP NCO Camp held in Split on 3 September 2019 visited the barracks \\\"Lt. Col. Mirko Vuku\u0161i\u0107\\\" at Zemunik\",\"breadcrumb\":{\"@id\":\"https:\/\/www.morh.hr\/en\/nato-and-pfp-nco-camp-attendees-visit-air-base-at-zemunik\/#breadcrumb\"},\"inLanguage\":\"en-US\",\"potentialAction\":[{\"@type\":\"ReadAction\",\"target\":[\"https:\/\/www.morh.hr\/en\/nato-and-pfp-nco-camp-attendees-visit-air-base-at-zemunik\/\"]}]},{\"@type\":\"ImageObject\",\"inLanguage\":\"en-US\",\"@id\":\"https:\/\/www.morh.hr\/en\/nato-and-pfp-nco-camp-attendees-visit-air-base-at-zemunik\/#primaryimage\",\"url\":\"https:\/\/www.morh.hr\/wp-content\/uploads\/2019\/09\/11_medjunarodni_kamp_za_docasnike_nato_hr_190719_naslovna.jpg\",\"contentUrl\":\"https:\/\/www.morh.hr\/wp-content\/uploads\/2019\/09\/11_medjunarodni_kamp_za_docasnike_nato_hr_190719_naslovna.jpg\",\"width\":1200,\"height\":711,\"caption\":\"U sklopu 11. me\u0111unarodnog kampa do\u010dasnika zemalja \u010dlanica NATO-a i Partnerstva za mir koji se odr\u017eava u vojarni \u201cAdmiral flote Sveto Letica-Barba\u201d u Splitu, do\u010dasnici iz 11 zemalja sudionika posjetili su u utorak, 3. rujna vojarnu \u201ePukovnik Mirko Vuku\u0161i\u0107\u201c u Zemuniku. Ispred Sredi\u0161ta za obuku Hrvatskog ratnog zrakoplovstva \u201eRudolf Pere\u0161in\u201c pozdravio ih je zapovjednik Sredi\u0161ta za obuku brigadir Goran Huljev. U toj prigodi, upoznao ih je s ulogom koju Sredi\u0161te za obuku ima u obuci kadrova za potrebe Hrvatskog ratnog zrakoplovstva, a istaknuo je i kako SzO provodi i razne obu\u010dne aktivnosti i za potrebe drugih grana Hrvatske vojske. Posebno se osvrnuo na suradnju SzO-a s civilnim obrazovnim institucijama kao \u0161to su Sveu\u010dili\u0161te u Zadru, Fakultet prometnih znanosti u Zagrebu i zadarska Srednja tehni\u010dka \u0161kola.\"},{\"@type\":\"BreadcrumbList\",\"@id\":\"https:\/\/www.morh.hr\/en\/nato-and-pfp-nco-camp-attendees-visit-air-base-at-zemunik\/#breadcrumb\",\"itemListElement\":[{\"@type\":\"ListItem\",\"position\":1,\"name\":\"Naslovnica\",\"item\":\"https:\/\/www.morh.hr\/en\/\"},{\"@type\":\"ListItem\",\"position\":2,\"name\":\"News\",\"item\":\"https:\/\/www.morh.hr\/en\/kategorija\/news\/\"},{\"@type\":\"ListItem\",\"position\":3,\"name\":\"Press releases\",\"item\":\"https:\/\/www.morh.hr\/en\/kategorija\/news\/press-releases\/\"},{\"@type\":\"ListItem\",\"position\":4,\"name\":\"NATO and PfP NCO Camp attendees visit Air Base at Zemunik\"}]},{\"@type\":\"WebSite\",\"@id\":\"https:\/\/www.morh.hr\/en\/#website\",\"url\":\"https:\/\/www.morh.hr\/en\/\",\"name\":\"MORH\",\"description\":\"Ministarstvo obrane Republike Hrvatske - slu\u017ebene stranice\",\"potentialAction\":[{\"@type\":\"SearchAction\",\"target\":{\"@type\":\"EntryPoint\",\"urlTemplate\":\"https:\/\/www.morh.hr\/en\/?s={search_term_string}\"},\"query-input\":{\"@type\":\"PropertyValueSpecification\",\"valueRequired\":true,\"valueName\":\"search_term_string\"}}],\"inLanguage\":\"en-US\"},{\"@type\":\"Person\",\"@id\":\"https:\/\/www.morh.hr\/en\/#\/schema\/person\/c38d9a7dda2a61c3bcf83a189f69fd06\",\"name\":\"Dario\",\"image\":{\"@type\":\"ImageObject\",\"inLanguage\":\"en-US\",\"@id\":\"https:\/\/www.morh.hr\/en\/#\/schema\/person\/image\/\",\"url\":\"https:\/\/secure.gravatar.com\/avatar\/861d2eff4c4048d47852ca2386ceb86b1ef3b2b9d1d380e48fb0de09cd7df0f0?s=96&d=mm&r=g\",\"contentUrl\":\"https:\/\/secure.gravatar.com\/avatar\/861d2eff4c4048d47852ca2386ceb86b1ef3b2b9d1d380e48fb0de09cd7df0f0?s=96&d=mm&r=g\",\"caption\":\"Dario\"}}]}<\/script>\n<!-- \/ Yoast SEO plugin. -->","yoast_head_json":{"title":"NATO and PfP NCO Camp attendees visit Air Base at Zemunik - MORH","description":"The attendees of the 11st NATO and PfP NCO Camp held in Split on 3 September 2019 visited the barracks \"Lt. Col. Mirko Vuku\u0161i\u0107\" at Zemunik","robots":{"index":"index","follow":"follow","max-snippet":"max-snippet:-1","max-image-preview":"max-image-preview:large","max-video-preview":"max-video-preview:-1"},"canonical":"https:\/\/www.morh.hr\/en\/nato-and-pfp-nco-camp-attendees-visit-air-base-at-zemunik\/","og_locale":"en_US","og_type":"article","og_title":"NATO and PfP NCO Camp attendees visit Air Base at Zemunik - MORH","og_description":"The attendees of the 11st NATO and PfP NCO Camp held in Split on 3 September 2019 visited the barracks \"Lt. Col. Mirko Vuku\u0161i\u0107\" at Zemunik","og_url":"https:\/\/www.morh.hr\/en\/nato-and-pfp-nco-camp-attendees-visit-air-base-at-zemunik\/","og_site_name":"MORH","article_publisher":"https:\/\/www.facebook.com\/sportasiuhrvatskojvojsci\/","article_published_time":"2019-09-05T10:26:36+00:00","article_modified_time":"2020-12-10T09:56:29+00:00","og_image":[{"width":1200,"height":711,"url":"https:\/\/www.morh.hr\/wp-content\/uploads\/2019\/09\/11_medjunarodni_kamp_za_docasnike_nato_hr_190719_naslovna.jpg","type":"image\/jpeg"}],"author":"Dario","twitter_card":"summary_large_image","twitter_creator":"@morh_osrh","twitter_site":"@morh_osrh","twitter_misc":{"Written by":"Dario","Est. reading time":"2 minutes"},"schema":{"@context":"https:\/\/schema.org","@graph":[{"@type":"Article","@id":"https:\/\/www.morh.hr\/en\/nato-and-pfp-nco-camp-attendees-visit-air-base-at-zemunik\/#article","isPartOf":{"@id":"https:\/\/www.morh.hr\/en\/nato-and-pfp-nco-camp-attendees-visit-air-base-at-zemunik\/"},"author":{"name":"Dario","@id":"https:\/\/www.morh.hr\/en\/#\/schema\/person\/c38d9a7dda2a61c3bcf83a189f69fd06"},"headline":"NATO and PfP NCO Camp attendees visit Air Base at Zemunik","datePublished":"2019-09-05T10:26:36+00:00","dateModified":"2020-12-10T09:56:29+00:00","mainEntityOfPage":{"@id":"https:\/\/www.morh.hr\/en\/nato-and-pfp-nco-camp-attendees-visit-air-base-at-zemunik\/"},"wordCount":328,"image":{"@id":"https:\/\/www.morh.hr\/en\/nato-and-pfp-nco-camp-attendees-visit-air-base-at-zemunik\/#primaryimage"},"thumbnailUrl":"https:\/\/www.morh.hr\/wp-content\/uploads\/2019\/09\/11_medjunarodni_kamp_za_docasnike_nato_hr_190719_naslovna.jpg","articleSection":["Press releases"],"inLanguage":"en-US"},{"@type":"WebPage","@id":"https:\/\/www.morh.hr\/en\/nato-and-pfp-nco-camp-attendees-visit-air-base-at-zemunik\/","url":"https:\/\/www.morh.hr\/en\/nato-and-pfp-nco-camp-attendees-visit-air-base-at-zemunik\/","name":"NATO and PfP NCO Camp attendees visit Air Base at Zemunik - MORH","isPartOf":{"@id":"https:\/\/www.morh.hr\/en\/#website"},"primaryImageOfPage":{"@id":"https:\/\/www.morh.hr\/en\/nato-and-pfp-nco-camp-attendees-visit-air-base-at-zemunik\/#primaryimage"},"image":{"@id":"https:\/\/www.morh.hr\/en\/nato-and-pfp-nco-camp-attendees-visit-air-base-at-zemunik\/#primaryimage"},"thumbnailUrl":"https:\/\/www.morh.hr\/wp-content\/uploads\/2019\/09\/11_medjunarodni_kamp_za_docasnike_nato_hr_190719_naslovna.jpg","datePublished":"2019-09-05T10:26:36+00:00","dateModified":"2020-12-10T09:56:29+00:00","author":{"@id":"https:\/\/www.morh.hr\/en\/#\/schema\/person\/c38d9a7dda2a61c3bcf83a189f69fd06"},"description":"The attendees of the 11st NATO and PfP NCO Camp held in Split on 3 September 2019 visited the barracks \"Lt. Col. Mirko Vuku\u0161i\u0107\" at Zemunik","breadcrumb":{"@id":"https:\/\/www.morh.hr\/en\/nato-and-pfp-nco-camp-attendees-visit-air-base-at-zemunik\/#breadcrumb"},"inLanguage":"en-US","potentialAction":[{"@type":"ReadAction","target":["https:\/\/www.morh.hr\/en\/nato-and-pfp-nco-camp-attendees-visit-air-base-at-zemunik\/"]}]},{"@type":"ImageObject","inLanguage":"en-US","@id":"https:\/\/www.morh.hr\/en\/nato-and-pfp-nco-camp-attendees-visit-air-base-at-zemunik\/#primaryimage","url":"https:\/\/www.morh.hr\/wp-content\/uploads\/2019\/09\/11_medjunarodni_kamp_za_docasnike_nato_hr_190719_naslovna.jpg","contentUrl":"https:\/\/www.morh.hr\/wp-content\/uploads\/2019\/09\/11_medjunarodni_kamp_za_docasnike_nato_hr_190719_naslovna.jpg","width":1200,"height":711,"caption":"U sklopu 11. me\u0111unarodnog kampa do\u010dasnika zemalja \u010dlanica NATO-a i Partnerstva za mir koji se odr\u017eava u vojarni \u201cAdmiral flote Sveto Letica-Barba\u201d u Splitu, do\u010dasnici iz 11 zemalja sudionika posjetili su u utorak, 3. rujna vojarnu \u201ePukovnik Mirko Vuku\u0161i\u0107\u201c u Zemuniku. Ispred Sredi\u0161ta za obuku Hrvatskog ratnog zrakoplovstva \u201eRudolf Pere\u0161in\u201c pozdravio ih je zapovjednik Sredi\u0161ta za obuku brigadir Goran Huljev. U toj prigodi, upoznao ih je s ulogom koju Sredi\u0161te za obuku ima u obuci kadrova za potrebe Hrvatskog ratnog zrakoplovstva, a istaknuo je i kako SzO provodi i razne obu\u010dne aktivnosti i za potrebe drugih grana Hrvatske vojske. Posebno se osvrnuo na suradnju SzO-a s civilnim obrazovnim institucijama kao \u0161to su Sveu\u010dili\u0161te u Zadru, Fakultet prometnih znanosti u Zagrebu i zadarska Srednja tehni\u010dka \u0161kola."},{"@type":"BreadcrumbList","@id":"https:\/\/www.morh.hr\/en\/nato-and-pfp-nco-camp-attendees-visit-air-base-at-zemunik\/#breadcrumb","itemListElement":[{"@type":"ListItem","position":1,"name":"Naslovnica","item":"https:\/\/www.morh.hr\/en\/"},{"@type":"ListItem","position":2,"name":"News","item":"https:\/\/www.morh.hr\/en\/kategorija\/news\/"},{"@type":"ListItem","position":3,"name":"Press releases","item":"https:\/\/www.morh.hr\/en\/kategorija\/news\/press-releases\/"},{"@type":"ListItem","position":4,"name":"NATO and PfP NCO Camp attendees visit Air Base at Zemunik"}]},{"@type":"WebSite","@id":"https:\/\/www.morh.hr\/en\/#website","url":"https:\/\/www.morh.hr\/en\/","name":"MORH","description":"Ministarstvo obrane Republike Hrvatske - slu\u017ebene stranice","potentialAction":[{"@type":"SearchAction","target":{"@type":"EntryPoint","urlTemplate":"https:\/\/www.morh.hr\/en\/?s={search_term_string}"},"query-input":{"@type":"PropertyValueSpecification","valueRequired":true,"valueName":"search_term_string"}}],"inLanguage":"en-US"},{"@type":"Person","@id":"https:\/\/www.morh.hr\/en\/#\/schema\/person\/c38d9a7dda2a61c3bcf83a189f69fd06","name":"Dario","image":{"@type":"ImageObject","inLanguage":"en-US","@id":"https:\/\/www.morh.hr\/en\/#\/schema\/person\/image\/","url":"https:\/\/secure.gravatar.com\/avatar\/861d2eff4c4048d47852ca2386ceb86b1ef3b2b9d1d380e48fb0de09cd7df0f0?s=96&d=mm&r=g","contentUrl":"https:\/\/secure.gravatar.com\/avatar\/861d2eff4c4048d47852ca2386ceb86b1ef3b2b9d1d380e48fb0de09cd7df0f0?s=96&d=mm&r=g","caption":"Dario"}}]}},"_links":{"self":[{"href":"https:\/\/www.morh.hr\/en\/wp-json\/wp\/v2\/posts\/109173","targetHints":{"allow":["GET"]}}],"collection":[{"href":"https:\/\/www.morh.hr\/en\/wp-json\/wp\/v2\/posts"}],"about":[{"href":"https:\/\/www.morh.hr\/en\/wp-json\/wp\/v2\/types\/post"}],"author":[{"embeddable":true,"href":"https:\/\/www.morh.hr\/en\/wp-json\/wp\/v2\/users\/4693"}],"replies":[{"embeddable":true,"href":"https:\/\/www.morh.hr\/en\/wp-json\/wp\/v2\/comments?post=109173"}],"version-history":[{"count":0,"href":"https:\/\/www.morh.hr\/en\/wp-json\/wp\/v2\/posts\/109173\/revisions"}],"wp:featuredmedia":[{"embeddable":true,"href":"https:\/\/www.morh.hr\/en\/wp-json\/wp\/v2\/media\/109009"}],"wp:attachment":[{"href":"https:\/\/www.morh.hr\/en\/wp-json\/wp\/v2\/media?parent=109173"}],"wp:term":[{"taxonomy":"category","embeddable":true,"href":"https:\/\/www.morh.hr\/en\/wp-json\/wp\/v2\/categories?post=109173"},{"taxonomy":"post_tag","embeddable":true,"href":"https:\/\/www.morh.hr\/en\/wp-json\/wp\/v2\/tags?post=109173"}],"curies":[{"name":"wp","href":"https:\/\/api.w.org\/{rel}","templated":true}]}}