{"id":109177,"date":"2019-09-05T12:41:02","date_gmt":"2019-09-05T10:41:02","guid":{"rendered":"https:\/\/www.morh.hr\/?p=109177"},"modified":"2020-12-10T10:56:27","modified_gmt":"2020-12-10T09:56:27","slug":"11st-hrvcon-sent-off-to-afghanistan","status":"publish","type":"post","link":"https:\/\/www.morh.hr\/en\/11st-hrvcon-sent-off-to-afghanistan\/","title":{"rendered":"11st HRVCON sent-off to Afghanistan"},"content":{"rendered":"<p>A formal send-off ceremony for the 11st HRVCON to Resolute Support Mission was held in the barracks \u201cPukovnik Marko \u017divkovi\u0107\u201d at Pleso on 4 September 2019. The Contingent is composed of 110 members (seven females), and is commanded by Colonel Dragan Basi\u0107.<\/p>\n<p>The forces of 39 countries (27 NATO nations) are engaged in the area of the Resolute Support Mission in Afghanistan.<\/p>\n<figure id=\"attachment_109165\" aria-describedby=\"caption-attachment-109165\" style=\"width: 868px\" class=\"wp-caption alignnone\"><img loading=\"lazy\" decoding=\"async\" class=\"size-large wp-image-109165\" src=\"https:\/\/www.morh.hr\/wp-content\/uploads\/2019\/09\/11_hrvcon_resolute_support_040919_19-1024x678.jpg\" alt=\"Ispra\u0107en 11. hrvatski kontingent u Afganistan\" width=\"868\" height=\"575\" srcset=\"https:\/\/www.morh.hr\/wp-content\/uploads\/2019\/09\/11_hrvcon_resolute_support_040919_19-1024x678.jpg 1024w, https:\/\/www.morh.hr\/wp-content\/uploads\/2019\/09\/11_hrvcon_resolute_support_040919_19-300x199.jpg 300w, https:\/\/www.morh.hr\/wp-content\/uploads\/2019\/09\/11_hrvcon_resolute_support_040919_19-768x509.jpg 768w, https:\/\/www.morh.hr\/wp-content\/uploads\/2019\/09\/11_hrvcon_resolute_support_040919_19.jpg 1600w\" sizes=\"auto, (max-width: 868px) 100vw, 868px\" \/><figcaption id=\"caption-attachment-109165\" class=\"wp-caption-text\">Ministar obrrane RH Damir Krsti\u010devi\u0107 | Foto: MORH \/ M. \u010cobanovi\u0107<\/figcaption><\/figure>\n<p>Alongside the Contingent members&#8217; family members and friends, the formal ceremony was attended by the Deputy Prime Minister and Defence Minister Damir Krsti\u010devi\u0107 (as Envoy of the Prime Minister), by the Envoy of the President of the Republic and the Defence and National Security Advisor Zrinko Petener, by the Chief of the General Staff of the Croatian Armed Forces General Mirko \u0160undov, by the Special Advisor to the Defence Minister Bo\u017eo Ko\u017eul, by defence attaches of the partner countries and representatives of the Ministry of Defence and of the Croatian Armed Forces.<\/p>\n<p>The send-off ceremony began with the minute of silence observed in honour to Cpl Josip Bri\u0161ki, a member of the 10th HRVCON killed in an attack in Afghanistan.<\/p>\n<h2>Krsti\u010devi\u0107: Family support is invaluable<\/h2>\n<p>Minister Damir Krsti\u010devi\u0107 expressed gratitude to all members of the Croatian Armed Forces and their support during the pre-deployment:<br \/>\n\u201cI wish to thank you for the understanding and the support for the profession of your family members; your support to them is invaluable and I wish to encourage and motivate you to continue doing so during their service in Afghanistan\u201c.<\/p>\n<p>The Minister had met with the Contingent members prior to their departure and said the Chief of the General Staff of the Croatian Armed Forces and he saw for themselves their readiness for the mission \u201cWe share the conviction that the Croatian contingent is ready for the task and that its duty is to represent the Republic of Croatia and contribute to peace and security\u201c.<\/p>\n<p><iframe loading=\"lazy\" title=\"Ispra\u0107en 11. hrvatski kontingent u Afganistan\" width=\"868\" height=\"488\" src=\"https:\/\/www.youtube.com\/embed\/ebeXAA0PxEQ?wmode=transparent&amp;rel=0&amp;feature=oembed\" frameborder=\"0\" allow=\"accelerometer; autoplay; clipboard-write; encrypted-media; gyroscope; picture-in-picture; web-share\" allowfullscreen><\/iframe><\/p>\n<p>Speaking of the current situation and reminding of the recent tragic death of Cpl Josip Bri\u0161ki the Minister emphasised that the circumstances of deployment in Resolute Support constantly changed and that the situation in Afghanistan was complex th and said:<br \/>\n\u201cAs wartime commander I experienced losing a soldier in combat \u2013 the hardest feeling! Therefore we have to be aware of the circumstances in the environment and mission-focussed. The Croatian Government is closely following the current situation and is ready to make just and timely decisions\u201c.<\/p>\n<p>The Minister concluded by wishing the Contingent members safe deployment and return home.<\/p>\n<p>The President&#8217;s Envoy Zrinko Petener in his address said: \u201cBy participating in multinational operations the Croatian Armed Forces defend the national interests and deters the threats to our country alongside the allies\u201c.<\/p>\n<h2>General \u0160undov: The Contingent members are expected to act as professionals and model soldiers<\/h2>\n<figure id=\"attachment_109163\" aria-describedby=\"caption-attachment-109163\" style=\"width: 868px\" class=\"wp-caption alignnone\"><img loading=\"lazy\" decoding=\"async\" class=\"size-large wp-image-109163\" src=\"https:\/\/www.morh.hr\/wp-content\/uploads\/2019\/09\/11_hrvcon_resolute_support_040919_11-1024x678.jpg\" alt=\"Ispra\u0107en 11. hrvatski kontingent u Afganistan\" width=\"868\" height=\"575\" srcset=\"https:\/\/www.morh.hr\/wp-content\/uploads\/2019\/09\/11_hrvcon_resolute_support_040919_11-1024x678.jpg 1024w, https:\/\/www.morh.hr\/wp-content\/uploads\/2019\/09\/11_hrvcon_resolute_support_040919_11-300x199.jpg 300w, https:\/\/www.morh.hr\/wp-content\/uploads\/2019\/09\/11_hrvcon_resolute_support_040919_11-768x509.jpg 768w, https:\/\/www.morh.hr\/wp-content\/uploads\/2019\/09\/11_hrvcon_resolute_support_040919_11.jpg 1600w\" sizes=\"auto, (max-width: 868px) 100vw, 868px\" \/><figcaption id=\"caption-attachment-109163\" class=\"wp-caption-text\">Na\u010delnik Glavnog sto\u017eera OSRH general zbora Mirko \u0160undov | Foto: MORH \/ M. \u010cobanovi\u0107<\/figcaption><\/figure>\n<p>The Chief of the General Staff of the Croatian Armed Forces General Mirko \u0160undov said he expected from all members to carry out the assigned tasks as professionals , to adhere to the security procedures and to show respect for each other. \u201cI am convinced that your efforts will assist the Afghan National Security Forces to assume the responsibility for the situation in their country and to build safety and peace for their people\u201c. General \u0160undov also extended appreciation to the Contingent members and their families.<\/p>\n<h2>Colonel Basi\u0107: Members of the 11st HRVCON are ready for all tasks<\/h2>\n<p>The Commander of the 11st HRVCON Colonel Dragan Basi\u0107 said the members of the Contingent achieved the required level of readiness for the mission, following the pre-deployment training and evaluation: \u201c The members of the 11th HRVCON manifest high trainedness, psychological and physical fitness, courage and responsibility\u201c.<\/p>\n<figure id=\"attachment_109161\" aria-describedby=\"caption-attachment-109161\" style=\"width: 868px\" class=\"wp-caption alignnone\"><img loading=\"lazy\" decoding=\"async\" class=\"size-large wp-image-109161\" src=\"https:\/\/www.morh.hr\/wp-content\/uploads\/2019\/09\/11_hrvcon_resolute_support_040919_04-1024x678.jpg\" alt=\"Ispra\u0107en 11. hrvatski kontingent u Afganistan\" width=\"868\" height=\"575\" srcset=\"https:\/\/www.morh.hr\/wp-content\/uploads\/2019\/09\/11_hrvcon_resolute_support_040919_04-1024x678.jpg 1024w, https:\/\/www.morh.hr\/wp-content\/uploads\/2019\/09\/11_hrvcon_resolute_support_040919_04-300x199.jpg 300w, https:\/\/www.morh.hr\/wp-content\/uploads\/2019\/09\/11_hrvcon_resolute_support_040919_04-768x509.jpg 768w, https:\/\/www.morh.hr\/wp-content\/uploads\/2019\/09\/11_hrvcon_resolute_support_040919_04.jpg 1600w\" sizes=\"auto, (max-width: 868px) 100vw, 868px\" \/><figcaption id=\"caption-attachment-109161\" class=\"wp-caption-text\">11. HRVCON | Foto: MORH \/ M. \u010cobanovi\u0107<\/figcaption><\/figure>\n<p>Sergeant Major Elvis \u010cankovi\u0107 will be assigned as a multinational unit CSEL and will act as an advisor to an Afghan NCO:\u201cThere is a lot of work to be done, but we have prepared and we know what are do and where we are going to\u201c.<\/p>\n<p>\u201cWe are making efforts to protect peace and security of our homeland and of the countries that need our assistance. Serving in the mission is an opportunity for professional development and competence building and to overcome new challenges\u201c, said Sergeant First Class Maja Vu\u010di\u0107, ahead of her third deployment to a peace mission.<\/p>\n<p>The members of the 11st HRVCON to RS will be assigned to the Train Advise and Assist Command \u2013 North stationed in Mazar-e Sharif and to Resolute Support Mission Command in Kabul, taking over the duty from the previous Contingent. In addition to the staff duties in the two commands the members of the 11st HRVCON will be engaged as advisors to the members of the Afghan Army, police and special forces, as force protection to advisors and advisor teams , medical duties and military policing. The 11st HRVCON comprises 38 members of armed forces of partner countries (27 members of the Army of Montenegro, seven members of the Army of North Macedonia, two members of the Armed Forces of Albania and two members of the Armed Forces of Bosnia and Herzegovina).<\/p>\n[ngg src=&#8221;galleries&#8221; ids=&#8221;3634&#8243; display=&#8221;basic_thumbnail&#8221; thumbnail_crop=&#8221;0&#8243;]&nbsp;<\/p>\n","protected":false},"excerpt":{"rendered":"<p>The Commander of  11st HRVCON  Colonel Dragan Basi\u0107: \u201cThe members of the 11th HRVCON  manifest high trainedness, psychological and physical fitness, courage and responsibility\u201c <\/p>\n","protected":false},"author":4693,"featured_media":109129,"comment_status":"closed","ping_status":"closed","sticky":false,"template":"","format":"standard","meta":{"_acf_changed":false,"_monsterinsights_skip_tracking":false,"_monsterinsights_sitenote_active":false,"_monsterinsights_sitenote_note":"","_monsterinsights_sitenote_category":0,"footnotes":""},"categories":[117],"tags":[],"class_list":["post-109177","post","type-post","status-publish","format-standard","has-post-thumbnail","hentry","category-press-releases"],"acf":[],"yoast_head":"<!-- This site is optimized with the Yoast SEO plugin v26.9 - https:\/\/yoast.com\/product\/yoast-seo-wordpress\/ -->\n<title>11st HRVCON sent-off to Afghanistan - MORH<\/title>\n<meta name=\"description\" content=\"The members of the 11st HRVCON to RS will be assigned to the Train Advise and Assist Command \u2013 North stationed in Mazar-e Sharif\" \/>\n<meta name=\"robots\" content=\"index, follow, max-snippet:-1, max-image-preview:large, max-video-preview:-1\" \/>\n<link rel=\"canonical\" href=\"https:\/\/www.morh.hr\/en\/11st-hrvcon-sent-off-to-afghanistan\/\" \/>\n<meta property=\"og:locale\" content=\"en_US\" \/>\n<meta property=\"og:type\" content=\"article\" \/>\n<meta property=\"og:title\" content=\"11st HRVCON sent-off to Afghanistan - MORH\" \/>\n<meta property=\"og:description\" content=\"The members of the 11st HRVCON to RS will be assigned to the Train Advise and Assist Command \u2013 North stationed in Mazar-e Sharif\" \/>\n<meta property=\"og:url\" content=\"https:\/\/www.morh.hr\/en\/11st-hrvcon-sent-off-to-afghanistan\/\" \/>\n<meta property=\"og:site_name\" content=\"MORH\" \/>\n<meta property=\"article:publisher\" content=\"https:\/\/www.facebook.com\/sportasiuhrvatskojvojsci\/\" \/>\n<meta property=\"article:published_time\" content=\"2019-09-05T10:41:02+00:00\" \/>\n<meta property=\"article:modified_time\" content=\"2020-12-10T09:56:27+00:00\" \/>\n<meta property=\"og:image\" content=\"https:\/\/www.morh.hr\/wp-content\/uploads\/2019\/09\/11_hrvcon_resolute_support_040919_naslovna.jpg\" \/>\n\t<meta property=\"og:image:width\" content=\"1200\" \/>\n\t<meta property=\"og:image:height\" content=\"711\" \/>\n\t<meta property=\"og:image:type\" content=\"image\/jpeg\" \/>\n<meta name=\"author\" content=\"Dario\" \/>\n<meta name=\"twitter:card\" content=\"summary_large_image\" \/>\n<meta name=\"twitter:creator\" content=\"@morh_osrh\" \/>\n<meta name=\"twitter:site\" content=\"@morh_osrh\" \/>\n<meta name=\"twitter:label1\" content=\"Written by\" \/>\n\t<meta name=\"twitter:data1\" content=\"Dario\" \/>\n\t<meta name=\"twitter:label2\" content=\"Est. reading time\" \/>\n\t<meta name=\"twitter:data2\" content=\"4 minutes\" \/>\n<script type=\"application\/ld+json\" class=\"yoast-schema-graph\">{\"@context\":\"https:\/\/schema.org\",\"@graph\":[{\"@type\":\"Article\",\"@id\":\"https:\/\/www.morh.hr\/en\/11st-hrvcon-sent-off-to-afghanistan\/#article\",\"isPartOf\":{\"@id\":\"https:\/\/www.morh.hr\/en\/11st-hrvcon-sent-off-to-afghanistan\/\"},\"author\":{\"name\":\"Dario\",\"@id\":\"https:\/\/www.morh.hr\/en\/#\/schema\/person\/c38d9a7dda2a61c3bcf83a189f69fd06\"},\"headline\":\"11st HRVCON sent-off to Afghanistan\",\"datePublished\":\"2019-09-05T10:41:02+00:00\",\"dateModified\":\"2020-12-10T09:56:27+00:00\",\"mainEntityOfPage\":{\"@id\":\"https:\/\/www.morh.hr\/en\/11st-hrvcon-sent-off-to-afghanistan\/\"},\"wordCount\":904,\"image\":{\"@id\":\"https:\/\/www.morh.hr\/en\/11st-hrvcon-sent-off-to-afghanistan\/#primaryimage\"},\"thumbnailUrl\":\"https:\/\/www.morh.hr\/wp-content\/uploads\/2019\/09\/11_hrvcon_resolute_support_040919_naslovna.jpg\",\"articleSection\":[\"Press releases\"],\"inLanguage\":\"en-US\"},{\"@type\":\"WebPage\",\"@id\":\"https:\/\/www.morh.hr\/en\/11st-hrvcon-sent-off-to-afghanistan\/\",\"url\":\"https:\/\/www.morh.hr\/en\/11st-hrvcon-sent-off-to-afghanistan\/\",\"name\":\"11st HRVCON sent-off to Afghanistan - MORH\",\"isPartOf\":{\"@id\":\"https:\/\/www.morh.hr\/en\/#website\"},\"primaryImageOfPage\":{\"@id\":\"https:\/\/www.morh.hr\/en\/11st-hrvcon-sent-off-to-afghanistan\/#primaryimage\"},\"image\":{\"@id\":\"https:\/\/www.morh.hr\/en\/11st-hrvcon-sent-off-to-afghanistan\/#primaryimage\"},\"thumbnailUrl\":\"https:\/\/www.morh.hr\/wp-content\/uploads\/2019\/09\/11_hrvcon_resolute_support_040919_naslovna.jpg\",\"datePublished\":\"2019-09-05T10:41:02+00:00\",\"dateModified\":\"2020-12-10T09:56:27+00:00\",\"author\":{\"@id\":\"https:\/\/www.morh.hr\/en\/#\/schema\/person\/c38d9a7dda2a61c3bcf83a189f69fd06\"},\"description\":\"The members of the 11st HRVCON to RS will be assigned to the Train Advise and Assist Command \u2013 North stationed in Mazar-e Sharif\",\"breadcrumb\":{\"@id\":\"https:\/\/www.morh.hr\/en\/11st-hrvcon-sent-off-to-afghanistan\/#breadcrumb\"},\"inLanguage\":\"en-US\",\"potentialAction\":[{\"@type\":\"ReadAction\",\"target\":[\"https:\/\/www.morh.hr\/en\/11st-hrvcon-sent-off-to-afghanistan\/\"]}]},{\"@type\":\"ImageObject\",\"inLanguage\":\"en-US\",\"@id\":\"https:\/\/www.morh.hr\/en\/11st-hrvcon-sent-off-to-afghanistan\/#primaryimage\",\"url\":\"https:\/\/www.morh.hr\/wp-content\/uploads\/2019\/09\/11_hrvcon_resolute_support_040919_naslovna.jpg\",\"contentUrl\":\"https:\/\/www.morh.hr\/wp-content\/uploads\/2019\/09\/11_hrvcon_resolute_support_040919_naslovna.jpg\",\"width\":1200,\"height\":711,\"caption\":\"Sve\u010dani ispra\u0107aj 11. hrvatskog kontingenta (HRVCON) u misiju potpore miru Resolute Support u Afganistan, koji broji 110 pripadnika, odr\u017ean je u srijedu, 4. rujna 2019. u vojarni \u201cPukovnik Marko \u017divkovi\u0107\u201d na Plesu. Zapovjednik 11. HRVCON-a u misiji Resolute Support je brigadir Dragan Basi\u0107.\"},{\"@type\":\"BreadcrumbList\",\"@id\":\"https:\/\/www.morh.hr\/en\/11st-hrvcon-sent-off-to-afghanistan\/#breadcrumb\",\"itemListElement\":[{\"@type\":\"ListItem\",\"position\":1,\"name\":\"Naslovnica\",\"item\":\"https:\/\/www.morh.hr\/en\/\"},{\"@type\":\"ListItem\",\"position\":2,\"name\":\"Featured articles\",\"item\":\"https:\/\/www.morh.hr\/en\/kategorija\/featured-articles\/\"},{\"@type\":\"ListItem\",\"position\":3,\"name\":\"11st HRVCON sent-off to Afghanistan\"}]},{\"@type\":\"WebSite\",\"@id\":\"https:\/\/www.morh.hr\/en\/#website\",\"url\":\"https:\/\/www.morh.hr\/en\/\",\"name\":\"MORH\",\"description\":\"Ministarstvo obrane Republike Hrvatske - slu\u017ebene stranice\",\"potentialAction\":[{\"@type\":\"SearchAction\",\"target\":{\"@type\":\"EntryPoint\",\"urlTemplate\":\"https:\/\/www.morh.hr\/en\/?s={search_term_string}\"},\"query-input\":{\"@type\":\"PropertyValueSpecification\",\"valueRequired\":true,\"valueName\":\"search_term_string\"}}],\"inLanguage\":\"en-US\"},{\"@type\":\"Person\",\"@id\":\"https:\/\/www.morh.hr\/en\/#\/schema\/person\/c38d9a7dda2a61c3bcf83a189f69fd06\",\"name\":\"Dario\",\"image\":{\"@type\":\"ImageObject\",\"inLanguage\":\"en-US\",\"@id\":\"https:\/\/www.morh.hr\/en\/#\/schema\/person\/image\/\",\"url\":\"https:\/\/secure.gravatar.com\/avatar\/861d2eff4c4048d47852ca2386ceb86b1ef3b2b9d1d380e48fb0de09cd7df0f0?s=96&d=mm&r=g\",\"contentUrl\":\"https:\/\/secure.gravatar.com\/avatar\/861d2eff4c4048d47852ca2386ceb86b1ef3b2b9d1d380e48fb0de09cd7df0f0?s=96&d=mm&r=g\",\"caption\":\"Dario\"}}]}<\/script>\n<!-- \/ Yoast SEO plugin. -->","yoast_head_json":{"title":"11st HRVCON sent-off to Afghanistan - MORH","description":"The members of the 11st HRVCON to RS will be assigned to the Train Advise and Assist Command \u2013 North stationed in Mazar-e Sharif","robots":{"index":"index","follow":"follow","max-snippet":"max-snippet:-1","max-image-preview":"max-image-preview:large","max-video-preview":"max-video-preview:-1"},"canonical":"https:\/\/www.morh.hr\/en\/11st-hrvcon-sent-off-to-afghanistan\/","og_locale":"en_US","og_type":"article","og_title":"11st HRVCON sent-off to Afghanistan - MORH","og_description":"The members of the 11st HRVCON to RS will be assigned to the Train Advise and Assist Command \u2013 North stationed in Mazar-e Sharif","og_url":"https:\/\/www.morh.hr\/en\/11st-hrvcon-sent-off-to-afghanistan\/","og_site_name":"MORH","article_publisher":"https:\/\/www.facebook.com\/sportasiuhrvatskojvojsci\/","article_published_time":"2019-09-05T10:41:02+00:00","article_modified_time":"2020-12-10T09:56:27+00:00","og_image":[{"width":1200,"height":711,"url":"https:\/\/www.morh.hr\/wp-content\/uploads\/2019\/09\/11_hrvcon_resolute_support_040919_naslovna.jpg","type":"image\/jpeg"}],"author":"Dario","twitter_card":"summary_large_image","twitter_creator":"@morh_osrh","twitter_site":"@morh_osrh","twitter_misc":{"Written by":"Dario","Est. reading time":"4 minutes"},"schema":{"@context":"https:\/\/schema.org","@graph":[{"@type":"Article","@id":"https:\/\/www.morh.hr\/en\/11st-hrvcon-sent-off-to-afghanistan\/#article","isPartOf":{"@id":"https:\/\/www.morh.hr\/en\/11st-hrvcon-sent-off-to-afghanistan\/"},"author":{"name":"Dario","@id":"https:\/\/www.morh.hr\/en\/#\/schema\/person\/c38d9a7dda2a61c3bcf83a189f69fd06"},"headline":"11st HRVCON sent-off to Afghanistan","datePublished":"2019-09-05T10:41:02+00:00","dateModified":"2020-12-10T09:56:27+00:00","mainEntityOfPage":{"@id":"https:\/\/www.morh.hr\/en\/11st-hrvcon-sent-off-to-afghanistan\/"},"wordCount":904,"image":{"@id":"https:\/\/www.morh.hr\/en\/11st-hrvcon-sent-off-to-afghanistan\/#primaryimage"},"thumbnailUrl":"https:\/\/www.morh.hr\/wp-content\/uploads\/2019\/09\/11_hrvcon_resolute_support_040919_naslovna.jpg","articleSection":["Press releases"],"inLanguage":"en-US"},{"@type":"WebPage","@id":"https:\/\/www.morh.hr\/en\/11st-hrvcon-sent-off-to-afghanistan\/","url":"https:\/\/www.morh.hr\/en\/11st-hrvcon-sent-off-to-afghanistan\/","name":"11st HRVCON sent-off to Afghanistan - MORH","isPartOf":{"@id":"https:\/\/www.morh.hr\/en\/#website"},"primaryImageOfPage":{"@id":"https:\/\/www.morh.hr\/en\/11st-hrvcon-sent-off-to-afghanistan\/#primaryimage"},"image":{"@id":"https:\/\/www.morh.hr\/en\/11st-hrvcon-sent-off-to-afghanistan\/#primaryimage"},"thumbnailUrl":"https:\/\/www.morh.hr\/wp-content\/uploads\/2019\/09\/11_hrvcon_resolute_support_040919_naslovna.jpg","datePublished":"2019-09-05T10:41:02+00:00","dateModified":"2020-12-10T09:56:27+00:00","author":{"@id":"https:\/\/www.morh.hr\/en\/#\/schema\/person\/c38d9a7dda2a61c3bcf83a189f69fd06"},"description":"The members of the 11st HRVCON to RS will be assigned to the Train Advise and Assist Command \u2013 North stationed in Mazar-e Sharif","breadcrumb":{"@id":"https:\/\/www.morh.hr\/en\/11st-hrvcon-sent-off-to-afghanistan\/#breadcrumb"},"inLanguage":"en-US","potentialAction":[{"@type":"ReadAction","target":["https:\/\/www.morh.hr\/en\/11st-hrvcon-sent-off-to-afghanistan\/"]}]},{"@type":"ImageObject","inLanguage":"en-US","@id":"https:\/\/www.morh.hr\/en\/11st-hrvcon-sent-off-to-afghanistan\/#primaryimage","url":"https:\/\/www.morh.hr\/wp-content\/uploads\/2019\/09\/11_hrvcon_resolute_support_040919_naslovna.jpg","contentUrl":"https:\/\/www.morh.hr\/wp-content\/uploads\/2019\/09\/11_hrvcon_resolute_support_040919_naslovna.jpg","width":1200,"height":711,"caption":"Sve\u010dani ispra\u0107aj 11. hrvatskog kontingenta (HRVCON) u misiju potpore miru Resolute Support u Afganistan, koji broji 110 pripadnika, odr\u017ean je u srijedu, 4. rujna 2019. u vojarni \u201cPukovnik Marko \u017divkovi\u0107\u201d na Plesu. Zapovjednik 11. HRVCON-a u misiji Resolute Support je brigadir Dragan Basi\u0107."},{"@type":"BreadcrumbList","@id":"https:\/\/www.morh.hr\/en\/11st-hrvcon-sent-off-to-afghanistan\/#breadcrumb","itemListElement":[{"@type":"ListItem","position":1,"name":"Naslovnica","item":"https:\/\/www.morh.hr\/en\/"},{"@type":"ListItem","position":2,"name":"Featured articles","item":"https:\/\/www.morh.hr\/en\/kategorija\/featured-articles\/"},{"@type":"ListItem","position":3,"name":"11st HRVCON sent-off to Afghanistan"}]},{"@type":"WebSite","@id":"https:\/\/www.morh.hr\/en\/#website","url":"https:\/\/www.morh.hr\/en\/","name":"MORH","description":"Ministarstvo obrane Republike Hrvatske - slu\u017ebene stranice","potentialAction":[{"@type":"SearchAction","target":{"@type":"EntryPoint","urlTemplate":"https:\/\/www.morh.hr\/en\/?s={search_term_string}"},"query-input":{"@type":"PropertyValueSpecification","valueRequired":true,"valueName":"search_term_string"}}],"inLanguage":"en-US"},{"@type":"Person","@id":"https:\/\/www.morh.hr\/en\/#\/schema\/person\/c38d9a7dda2a61c3bcf83a189f69fd06","name":"Dario","image":{"@type":"ImageObject","inLanguage":"en-US","@id":"https:\/\/www.morh.hr\/en\/#\/schema\/person\/image\/","url":"https:\/\/secure.gravatar.com\/avatar\/861d2eff4c4048d47852ca2386ceb86b1ef3b2b9d1d380e48fb0de09cd7df0f0?s=96&d=mm&r=g","contentUrl":"https:\/\/secure.gravatar.com\/avatar\/861d2eff4c4048d47852ca2386ceb86b1ef3b2b9d1d380e48fb0de09cd7df0f0?s=96&d=mm&r=g","caption":"Dario"}}]}},"_links":{"self":[{"href":"https:\/\/www.morh.hr\/en\/wp-json\/wp\/v2\/posts\/109177","targetHints":{"allow":["GET"]}}],"collection":[{"href":"https:\/\/www.morh.hr\/en\/wp-json\/wp\/v2\/posts"}],"about":[{"href":"https:\/\/www.morh.hr\/en\/wp-json\/wp\/v2\/types\/post"}],"author":[{"embeddable":true,"href":"https:\/\/www.morh.hr\/en\/wp-json\/wp\/v2\/users\/4693"}],"replies":[{"embeddable":true,"href":"https:\/\/www.morh.hr\/en\/wp-json\/wp\/v2\/comments?post=109177"}],"version-history":[{"count":0,"href":"https:\/\/www.morh.hr\/en\/wp-json\/wp\/v2\/posts\/109177\/revisions"}],"wp:featuredmedia":[{"embeddable":true,"href":"https:\/\/www.morh.hr\/en\/wp-json\/wp\/v2\/media\/109129"}],"wp:attachment":[{"href":"https:\/\/www.morh.hr\/en\/wp-json\/wp\/v2\/media?parent=109177"}],"wp:term":[{"taxonomy":"category","embeddable":true,"href":"https:\/\/www.morh.hr\/en\/wp-json\/wp\/v2\/categories?post=109177"},{"taxonomy":"post_tag","embeddable":true,"href":"https:\/\/www.morh.hr\/en\/wp-json\/wp\/v2\/tags?post=109177"}],"curies":[{"name":"wp","href":"https:\/\/api.w.org\/{rel}","templated":true}]}}