{"id":11081,"date":"2016-06-27T15:15:28","date_gmt":"2016-06-27T13:15:28","guid":{"rendered":"https:\/\/www.morh.hr\/graduation-ceremony-in-croatian-defence-academy-on-statehood-day\/"},"modified":"2017-10-08T18:38:15","modified_gmt":"2017-10-08T16:38:15","slug":"graduation-ceremony-in-croatian-defence-academy-on-statehood-day","status":"publish","type":"post","link":"https:\/\/www.morh.hr\/en\/graduation-ceremony-in-croatian-defence-academy-on-statehood-day\/","title":{"rendered":"Graduation Ceremony in Croatian Defence Academy on Statehood Day"},"content":{"rendered":"\n<p>The ceremony was attended by the President of the Republic of Croatia as the Supreme Commander of the Croatian Armed Forces,\u00a0 Kolinda Grabar \u2013 Kitarovi\u0107, the\u00a0 Speaker of the Croatian Parliament, \u017deljko Reiner, the Defence Minister, Josip Buljevi\u0107 (also in the capacity of the envoy of the Prime Minister), the Chief of the General Staff of the Croatian Armed Forces, General Mirko \u0160undov, other senior officials and visitors, as well as the friends and family members of the gradutes. <\/p>\n<p>Congratulating the graduates on their success and the 25th anniversary of independence, the President recalled and paid tribute to the fallen and the deceased participants of the Homeland War and the Croatian defenders.\u00a0 The President also highlighted the role of the first Croatian President Franjo Tu\u0111man, after whom the Acadeny has been named. <\/p>\n<p>The 1990ies were the part of the recent Croatian history when the then\u00a0 Croatian government, led by President Tu\u0111man wisely made strategic decisions, after thorough examination of the complex situation. Today, 25 years on, their decisions gain in value, and one of them was the decision on the establishment\u00a0 of the Military Academy, which has since then been one of the crucial facilitators of professional training and development of the Croatian Armed Forces, who continue to enjoy high respect in the society and trust by the Croatian people.\u00a0 \u201cThe Croatian soldiers have proved to belong to the world\u2019s \u00e9lite troops\u201d, stressed the President. <\/p>\n<p>The Chief of General Staff, General Mirko \u0160undov in his address recalled the heroic sacrifice of Croatian defenders from the Homeland War as the foundation of the modern state of Croatia. General \u0160undov congratulated the students too:\u00a0 \u201cMy most sincere congratulations to to all of you for your commitment, the studying motivation,\u00a0 professonalism and soldier-like conduct. I wish that you continue to gather new knowledge, skills and capabilities\u201d and said that the students of the military schools have demonstrated their superiority and reliability. <\/p>\n<p>The ceremony was the occasion to present the best peforming students with commendations and awards. Major Davor Vladovi\u0107 has been proclaimed the best student of the 24th generation of the Command and Staff School), 2nd Lieutenant Ivan Dejanovi\u0107 the best student of the 15th generation of the Basic Officer Training, 2nd Lieutenant\u00a0 Robert Matok the best student of the 19th generation of Military Pilot Training \u2013 Cadet Pilot) and 1st Sergeant Dalibor Dumbovi\u0107 the best student of the 14th generation of Senior NCO Training.\u00a0 <br \/>As many as 240 students graduated from the Croatian Defence Academy in the academic year 2015 \u2013 2016; 222 from the Croatian Armed Forces (20 females), one student from the Croatian Ministry of Foreign and European Affairs and 17 from foreign armed forces (Bosnia and Herzegovina, Montenegro, Kosovo, Republic of Macedonia, the Republic of Slovenia and the Republic of Serbia). <\/p>\n<p>The graduation ceremony on the occasion of the Statehood Day was preceded by the wreath laying ceremony at the Zagreb Cemetery (at the grave of the first Croatian President Franjo Tu\u0111man and at the Monument to Croatian Defenders), at the momument at the Medvedgrad fort\u00a0 and at the \u0160estine cemetery (at the grave of Ante Star\u010devi\u0107), the Mass served in Saint Mark Church and the formal session of the Croatian Parliament. The members of the Croatian Armed Forces fired honorary volleys at Medvedgrad Fort, and five ships of the Croatian Navy led\u00a0 the honorary naval parade from the Lora Navy Port to the town port of Split, and their crews manned the rails at noon rendering the salute to the Homeland.\u00a0<\/p>\n[nggallery id=2069]\n","protected":false},"excerpt":{"rendered":"<p>The traditional ceremony of the graduates from the schools of the Croatian Defence Academy was held on the Statehood Day (25 June) in the Academy.<\/p>\n","protected":false},"author":3,"featured_media":36086,"comment_status":"closed","ping_status":"closed","sticky":false,"template":"","format":"standard","meta":{"_acf_changed":false,"_monsterinsights_skip_tracking":false,"_monsterinsights_sitenote_active":false,"_monsterinsights_sitenote_note":"","_monsterinsights_sitenote_category":0,"footnotes":""},"categories":[117],"tags":[],"class_list":["post-11081","post","type-post","status-publish","format-standard","has-post-thumbnail","hentry","category-press-releases"],"acf":[],"yoast_head":"<!-- This site is optimized with the Yoast SEO plugin v26.9 - https:\/\/yoast.com\/product\/yoast-seo-wordpress\/ -->\n<title>Graduation Ceremony in Croatian Defence Academy on Statehood Day - MORH<\/title>\n<meta name=\"description\" content=\"The traditional ceremony of the graduates from the schools of the Croatian Defence Academy was held on the Statehood Day (25 June) in the Academy.\" \/>\n<meta name=\"robots\" content=\"index, follow, max-snippet:-1, max-image-preview:large, max-video-preview:-1\" \/>\n<link rel=\"canonical\" href=\"https:\/\/www.morh.hr\/en\/graduation-ceremony-in-croatian-defence-academy-on-statehood-day\/\" \/>\n<meta property=\"og:locale\" content=\"en_US\" \/>\n<meta property=\"og:type\" content=\"article\" \/>\n<meta property=\"og:title\" content=\"Graduation Ceremony in Croatian Defence Academy on Statehood Day - MORH\" \/>\n<meta property=\"og:description\" content=\"The traditional ceremony of the graduates from the schools of the Croatian Defence Academy was held on the Statehood Day (25 June) in the Academy.\" \/>\n<meta property=\"og:url\" content=\"https:\/\/www.morh.hr\/en\/graduation-ceremony-in-croatian-defence-academy-on-statehood-day\/\" \/>\n<meta property=\"og:site_name\" content=\"MORH\" \/>\n<meta property=\"article:publisher\" content=\"https:\/\/www.facebook.com\/sportasiuhrvatskojvojsci\/\" \/>\n<meta property=\"article:published_time\" content=\"2016-06-27T13:15:28+00:00\" \/>\n<meta property=\"article:modified_time\" content=\"2017-10-08T16:38:15+00:00\" \/>\n<meta property=\"og:image\" content=\"https:\/\/www.morh.hr\/wp-content\/uploads\/2017\/10\/dd_25062015_v-1.jpg\" \/>\n\t<meta property=\"og:image:width\" content=\"1200\" \/>\n\t<meta property=\"og:image:height\" content=\"798\" \/>\n\t<meta property=\"og:image:type\" content=\"image\/jpeg\" \/>\n<meta name=\"author\" content=\"Drazen\" \/>\n<meta name=\"twitter:card\" content=\"summary_large_image\" \/>\n<meta name=\"twitter:creator\" content=\"@morh_osrh\" \/>\n<meta name=\"twitter:site\" content=\"@morh_osrh\" \/>\n<meta name=\"twitter:label1\" content=\"Written by\" \/>\n\t<meta name=\"twitter:data1\" content=\"Drazen\" \/>\n\t<meta name=\"twitter:label2\" content=\"Est. reading time\" \/>\n\t<meta name=\"twitter:data2\" content=\"3 minutes\" \/>\n<script type=\"application\/ld+json\" class=\"yoast-schema-graph\">{\"@context\":\"https:\/\/schema.org\",\"@graph\":[{\"@type\":\"Article\",\"@id\":\"https:\/\/www.morh.hr\/en\/graduation-ceremony-in-croatian-defence-academy-on-statehood-day\/#article\",\"isPartOf\":{\"@id\":\"https:\/\/www.morh.hr\/en\/graduation-ceremony-in-croatian-defence-academy-on-statehood-day\/\"},\"author\":{\"name\":\"Drazen\",\"@id\":\"https:\/\/www.morh.hr\/en\/#\/schema\/person\/2d72e03399043d9513ab6bec75f2ce27\"},\"headline\":\"Graduation Ceremony in Croatian Defence Academy on Statehood Day\",\"datePublished\":\"2016-06-27T13:15:28+00:00\",\"dateModified\":\"2017-10-08T16:38:15+00:00\",\"mainEntityOfPage\":{\"@id\":\"https:\/\/www.morh.hr\/en\/graduation-ceremony-in-croatian-defence-academy-on-statehood-day\/\"},\"wordCount\":589,\"image\":{\"@id\":\"https:\/\/www.morh.hr\/en\/graduation-ceremony-in-croatian-defence-academy-on-statehood-day\/#primaryimage\"},\"thumbnailUrl\":\"https:\/\/www.morh.hr\/wp-content\/uploads\/2017\/10\/dd_25062015_v-1.jpg\",\"articleSection\":[\"Press releases\"],\"inLanguage\":\"en-US\"},{\"@type\":\"WebPage\",\"@id\":\"https:\/\/www.morh.hr\/en\/graduation-ceremony-in-croatian-defence-academy-on-statehood-day\/\",\"url\":\"https:\/\/www.morh.hr\/en\/graduation-ceremony-in-croatian-defence-academy-on-statehood-day\/\",\"name\":\"Graduation Ceremony in Croatian Defence Academy on Statehood Day - MORH\",\"isPartOf\":{\"@id\":\"https:\/\/www.morh.hr\/en\/#website\"},\"primaryImageOfPage\":{\"@id\":\"https:\/\/www.morh.hr\/en\/graduation-ceremony-in-croatian-defence-academy-on-statehood-day\/#primaryimage\"},\"image\":{\"@id\":\"https:\/\/www.morh.hr\/en\/graduation-ceremony-in-croatian-defence-academy-on-statehood-day\/#primaryimage\"},\"thumbnailUrl\":\"https:\/\/www.morh.hr\/wp-content\/uploads\/2017\/10\/dd_25062015_v-1.jpg\",\"datePublished\":\"2016-06-27T13:15:28+00:00\",\"dateModified\":\"2017-10-08T16:38:15+00:00\",\"author\":{\"@id\":\"https:\/\/www.morh.hr\/en\/#\/schema\/person\/2d72e03399043d9513ab6bec75f2ce27\"},\"description\":\"The traditional ceremony of the graduates from the schools of the Croatian Defence Academy was held on the Statehood Day (25 June) in the Academy.\",\"breadcrumb\":{\"@id\":\"https:\/\/www.morh.hr\/en\/graduation-ceremony-in-croatian-defence-academy-on-statehood-day\/#breadcrumb\"},\"inLanguage\":\"en-US\",\"potentialAction\":[{\"@type\":\"ReadAction\",\"target\":[\"https:\/\/www.morh.hr\/en\/graduation-ceremony-in-croatian-defence-academy-on-statehood-day\/\"]}]},{\"@type\":\"ImageObject\",\"inLanguage\":\"en-US\",\"@id\":\"https:\/\/www.morh.hr\/en\/graduation-ceremony-in-croatian-defence-academy-on-statehood-day\/#primaryimage\",\"url\":\"https:\/\/www.morh.hr\/wp-content\/uploads\/2017\/10\/dd_25062015_v-1.jpg\",\"contentUrl\":\"https:\/\/www.morh.hr\/wp-content\/uploads\/2017\/10\/dd_25062015_v-1.jpg\",\"width\":1200,\"height\":798,\"caption\":\"Foto: MORH\/ T. Brandt\"},{\"@type\":\"BreadcrumbList\",\"@id\":\"https:\/\/www.morh.hr\/en\/graduation-ceremony-in-croatian-defence-academy-on-statehood-day\/#breadcrumb\",\"itemListElement\":[{\"@type\":\"ListItem\",\"position\":1,\"name\":\"Naslovnica\",\"item\":\"https:\/\/www.morh.hr\/en\/\"},{\"@type\":\"ListItem\",\"position\":2,\"name\":\"News\",\"item\":\"https:\/\/www.morh.hr\/en\/kategorija\/news\/\"},{\"@type\":\"ListItem\",\"position\":3,\"name\":\"Press releases\",\"item\":\"https:\/\/www.morh.hr\/en\/kategorija\/news\/press-releases\/\"},{\"@type\":\"ListItem\",\"position\":4,\"name\":\"Graduation Ceremony in Croatian Defence Academy on Statehood Day\"}]},{\"@type\":\"WebSite\",\"@id\":\"https:\/\/www.morh.hr\/en\/#website\",\"url\":\"https:\/\/www.morh.hr\/en\/\",\"name\":\"MORH\",\"description\":\"Ministarstvo obrane Republike Hrvatske - slu\u017ebene stranice\",\"potentialAction\":[{\"@type\":\"SearchAction\",\"target\":{\"@type\":\"EntryPoint\",\"urlTemplate\":\"https:\/\/www.morh.hr\/en\/?s={search_term_string}\"},\"query-input\":{\"@type\":\"PropertyValueSpecification\",\"valueRequired\":true,\"valueName\":\"search_term_string\"}}],\"inLanguage\":\"en-US\"},{\"@type\":\"Person\",\"@id\":\"https:\/\/www.morh.hr\/en\/#\/schema\/person\/2d72e03399043d9513ab6bec75f2ce27\",\"name\":\"Drazen\",\"image\":{\"@type\":\"ImageObject\",\"inLanguage\":\"en-US\",\"@id\":\"https:\/\/www.morh.hr\/en\/#\/schema\/person\/image\/\",\"url\":\"https:\/\/secure.gravatar.com\/avatar\/e36ef7e573425ae72988c73df868c1e87a656b0e005ca4fd7d30d2ba7e49c9cf?s=96&d=mm&r=g\",\"contentUrl\":\"https:\/\/secure.gravatar.com\/avatar\/e36ef7e573425ae72988c73df868c1e87a656b0e005ca4fd7d30d2ba7e49c9cf?s=96&d=mm&r=g\",\"caption\":\"Drazen\"}}]}<\/script>\n<!-- \/ Yoast SEO plugin. -->","yoast_head_json":{"title":"Graduation Ceremony in Croatian Defence Academy on Statehood Day - MORH","description":"The traditional ceremony of the graduates from the schools of the Croatian Defence Academy was held on the Statehood Day (25 June) in the Academy.","robots":{"index":"index","follow":"follow","max-snippet":"max-snippet:-1","max-image-preview":"max-image-preview:large","max-video-preview":"max-video-preview:-1"},"canonical":"https:\/\/www.morh.hr\/en\/graduation-ceremony-in-croatian-defence-academy-on-statehood-day\/","og_locale":"en_US","og_type":"article","og_title":"Graduation Ceremony in Croatian Defence Academy on Statehood Day - MORH","og_description":"The traditional ceremony of the graduates from the schools of the Croatian Defence Academy was held on the Statehood Day (25 June) in the Academy.","og_url":"https:\/\/www.morh.hr\/en\/graduation-ceremony-in-croatian-defence-academy-on-statehood-day\/","og_site_name":"MORH","article_publisher":"https:\/\/www.facebook.com\/sportasiuhrvatskojvojsci\/","article_published_time":"2016-06-27T13:15:28+00:00","article_modified_time":"2017-10-08T16:38:15+00:00","og_image":[{"width":1200,"height":798,"url":"https:\/\/www.morh.hr\/wp-content\/uploads\/2017\/10\/dd_25062015_v-1.jpg","type":"image\/jpeg"}],"author":"Drazen","twitter_card":"summary_large_image","twitter_creator":"@morh_osrh","twitter_site":"@morh_osrh","twitter_misc":{"Written by":"Drazen","Est. reading time":"3 minutes"},"schema":{"@context":"https:\/\/schema.org","@graph":[{"@type":"Article","@id":"https:\/\/www.morh.hr\/en\/graduation-ceremony-in-croatian-defence-academy-on-statehood-day\/#article","isPartOf":{"@id":"https:\/\/www.morh.hr\/en\/graduation-ceremony-in-croatian-defence-academy-on-statehood-day\/"},"author":{"name":"Drazen","@id":"https:\/\/www.morh.hr\/en\/#\/schema\/person\/2d72e03399043d9513ab6bec75f2ce27"},"headline":"Graduation Ceremony in Croatian Defence Academy on Statehood Day","datePublished":"2016-06-27T13:15:28+00:00","dateModified":"2017-10-08T16:38:15+00:00","mainEntityOfPage":{"@id":"https:\/\/www.morh.hr\/en\/graduation-ceremony-in-croatian-defence-academy-on-statehood-day\/"},"wordCount":589,"image":{"@id":"https:\/\/www.morh.hr\/en\/graduation-ceremony-in-croatian-defence-academy-on-statehood-day\/#primaryimage"},"thumbnailUrl":"https:\/\/www.morh.hr\/wp-content\/uploads\/2017\/10\/dd_25062015_v-1.jpg","articleSection":["Press releases"],"inLanguage":"en-US"},{"@type":"WebPage","@id":"https:\/\/www.morh.hr\/en\/graduation-ceremony-in-croatian-defence-academy-on-statehood-day\/","url":"https:\/\/www.morh.hr\/en\/graduation-ceremony-in-croatian-defence-academy-on-statehood-day\/","name":"Graduation Ceremony in Croatian Defence Academy on Statehood Day - MORH","isPartOf":{"@id":"https:\/\/www.morh.hr\/en\/#website"},"primaryImageOfPage":{"@id":"https:\/\/www.morh.hr\/en\/graduation-ceremony-in-croatian-defence-academy-on-statehood-day\/#primaryimage"},"image":{"@id":"https:\/\/www.morh.hr\/en\/graduation-ceremony-in-croatian-defence-academy-on-statehood-day\/#primaryimage"},"thumbnailUrl":"https:\/\/www.morh.hr\/wp-content\/uploads\/2017\/10\/dd_25062015_v-1.jpg","datePublished":"2016-06-27T13:15:28+00:00","dateModified":"2017-10-08T16:38:15+00:00","author":{"@id":"https:\/\/www.morh.hr\/en\/#\/schema\/person\/2d72e03399043d9513ab6bec75f2ce27"},"description":"The traditional ceremony of the graduates from the schools of the Croatian Defence Academy was held on the Statehood Day (25 June) in the Academy.","breadcrumb":{"@id":"https:\/\/www.morh.hr\/en\/graduation-ceremony-in-croatian-defence-academy-on-statehood-day\/#breadcrumb"},"inLanguage":"en-US","potentialAction":[{"@type":"ReadAction","target":["https:\/\/www.morh.hr\/en\/graduation-ceremony-in-croatian-defence-academy-on-statehood-day\/"]}]},{"@type":"ImageObject","inLanguage":"en-US","@id":"https:\/\/www.morh.hr\/en\/graduation-ceremony-in-croatian-defence-academy-on-statehood-day\/#primaryimage","url":"https:\/\/www.morh.hr\/wp-content\/uploads\/2017\/10\/dd_25062015_v-1.jpg","contentUrl":"https:\/\/www.morh.hr\/wp-content\/uploads\/2017\/10\/dd_25062015_v-1.jpg","width":1200,"height":798,"caption":"Foto: MORH\/ T. Brandt"},{"@type":"BreadcrumbList","@id":"https:\/\/www.morh.hr\/en\/graduation-ceremony-in-croatian-defence-academy-on-statehood-day\/#breadcrumb","itemListElement":[{"@type":"ListItem","position":1,"name":"Naslovnica","item":"https:\/\/www.morh.hr\/en\/"},{"@type":"ListItem","position":2,"name":"News","item":"https:\/\/www.morh.hr\/en\/kategorija\/news\/"},{"@type":"ListItem","position":3,"name":"Press releases","item":"https:\/\/www.morh.hr\/en\/kategorija\/news\/press-releases\/"},{"@type":"ListItem","position":4,"name":"Graduation Ceremony in Croatian Defence Academy on Statehood Day"}]},{"@type":"WebSite","@id":"https:\/\/www.morh.hr\/en\/#website","url":"https:\/\/www.morh.hr\/en\/","name":"MORH","description":"Ministarstvo obrane Republike Hrvatske - slu\u017ebene stranice","potentialAction":[{"@type":"SearchAction","target":{"@type":"EntryPoint","urlTemplate":"https:\/\/www.morh.hr\/en\/?s={search_term_string}"},"query-input":{"@type":"PropertyValueSpecification","valueRequired":true,"valueName":"search_term_string"}}],"inLanguage":"en-US"},{"@type":"Person","@id":"https:\/\/www.morh.hr\/en\/#\/schema\/person\/2d72e03399043d9513ab6bec75f2ce27","name":"Drazen","image":{"@type":"ImageObject","inLanguage":"en-US","@id":"https:\/\/www.morh.hr\/en\/#\/schema\/person\/image\/","url":"https:\/\/secure.gravatar.com\/avatar\/e36ef7e573425ae72988c73df868c1e87a656b0e005ca4fd7d30d2ba7e49c9cf?s=96&d=mm&r=g","contentUrl":"https:\/\/secure.gravatar.com\/avatar\/e36ef7e573425ae72988c73df868c1e87a656b0e005ca4fd7d30d2ba7e49c9cf?s=96&d=mm&r=g","caption":"Drazen"}}]}},"_links":{"self":[{"href":"https:\/\/www.morh.hr\/en\/wp-json\/wp\/v2\/posts\/11081","targetHints":{"allow":["GET"]}}],"collection":[{"href":"https:\/\/www.morh.hr\/en\/wp-json\/wp\/v2\/posts"}],"about":[{"href":"https:\/\/www.morh.hr\/en\/wp-json\/wp\/v2\/types\/post"}],"author":[{"embeddable":true,"href":"https:\/\/www.morh.hr\/en\/wp-json\/wp\/v2\/users\/3"}],"replies":[{"embeddable":true,"href":"https:\/\/www.morh.hr\/en\/wp-json\/wp\/v2\/comments?post=11081"}],"version-history":[{"count":0,"href":"https:\/\/www.morh.hr\/en\/wp-json\/wp\/v2\/posts\/11081\/revisions"}],"wp:featuredmedia":[{"embeddable":true,"href":"https:\/\/www.morh.hr\/en\/wp-json\/wp\/v2\/media\/36086"}],"wp:attachment":[{"href":"https:\/\/www.morh.hr\/en\/wp-json\/wp\/v2\/media?parent=11081"}],"wp:term":[{"taxonomy":"category","embeddable":true,"href":"https:\/\/www.morh.hr\/en\/wp-json\/wp\/v2\/categories?post=11081"},{"taxonomy":"post_tag","embeddable":true,"href":"https:\/\/www.morh.hr\/en\/wp-json\/wp\/v2\/tags?post=11081"}],"curies":[{"name":"wp","href":"https:\/\/api.w.org\/{rel}","templated":true}]}}