{"id":111340,"date":"2019-09-26T15:36:20","date_gmt":"2019-09-26T13:36:20","guid":{"rendered":"https:\/\/www.morh.hr\/?p=111340"},"modified":"2020-12-10T10:56:04","modified_gmt":"2020-12-10T09:56:04","slug":"general-sundov-attends-the-u-s-adriatic-charter-conference","status":"publish","type":"post","link":"https:\/\/www.morh.hr\/en\/general-sundov-attends-the-u-s-adriatic-charter-conference\/","title":{"rendered":"General \u0160undov attends  the U.S.-Adriatic Charter conference"},"content":{"rendered":"<p>The Chief of the General Staff of the Croatian Armed Forces attended the 23rd Conference of Chiefs of Defence of the U.S. Adriatic Charter, held in the Republic of Albania from 24 \u2013 26 September 2019.<\/p>\n<p>The Conference saw the joint statement of support to continued Euro-Atlantic integration of the region, including through closer military cooperation, towards a greater security.<\/p>\n<p>The U.S. Adriatic Charter, launched in 2003, gathers six countries \u2013 the United States, the Republic of Croatia, the Republic of Albania, North Macedonia, Montenegro and Bosnia and Herzegovina.<\/p>\n[ngg src=&#8221;galleries&#8221; ids=&#8221;3679&#8243; display=&#8221;basic_thumbnail&#8221; thumbnail_crop=&#8221;0&#8243;]\n","protected":false},"excerpt":{"rendered":"<p>The 23rd Conference of Chiefs of Defence of the U.S. Adriatic Charter, held in the Republic of Albania from 24 \u2013 26 September 2019.<\/p>\n","protected":false},"author":4693,"featured_media":111297,"comment_status":"closed","ping_status":"closed","sticky":false,"template":"","format":"standard","meta":{"_acf_changed":false,"_monsterinsights_skip_tracking":false,"_monsterinsights_sitenote_active":false,"_monsterinsights_sitenote_note":"","_monsterinsights_sitenote_category":0,"footnotes":""},"categories":[117],"tags":[],"class_list":["post-111340","post","type-post","status-publish","format-standard","has-post-thumbnail","hentry","category-press-releases"],"acf":[],"yoast_head":"<!-- This site is optimized with the Yoast SEO plugin v26.9 - https:\/\/yoast.com\/product\/yoast-seo-wordpress\/ -->\n<title>General \u0160undov attends the U.S.-Adriatic Charter conference - MORH<\/title>\n<meta name=\"description\" content=\"The 23rd Conference of Chiefs of Defence of the U.S. Adriatic Charter, held in the Republic of Albania from 24 \u2013 26 September 2019.\" \/>\n<meta name=\"robots\" content=\"index, follow, max-snippet:-1, max-image-preview:large, max-video-preview:-1\" \/>\n<link rel=\"canonical\" href=\"https:\/\/www.morh.hr\/en\/general-sundov-attends-the-u-s-adriatic-charter-conference\/\" \/>\n<meta property=\"og:locale\" content=\"en_US\" \/>\n<meta property=\"og:type\" content=\"article\" \/>\n<meta property=\"og:title\" content=\"General \u0160undov attends the U.S.-Adriatic Charter conference - MORH\" \/>\n<meta property=\"og:description\" content=\"The 23rd Conference of Chiefs of Defence of the U.S. Adriatic Charter, held in the Republic of Albania from 24 \u2013 26 September 2019.\" \/>\n<meta property=\"og:url\" content=\"https:\/\/www.morh.hr\/en\/general-sundov-attends-the-u-s-adriatic-charter-conference\/\" \/>\n<meta property=\"og:site_name\" content=\"MORH\" \/>\n<meta property=\"article:publisher\" content=\"https:\/\/www.facebook.com\/sportasiuhrvatskojvojsci\/\" \/>\n<meta property=\"article:published_time\" content=\"2019-09-26T13:36:20+00:00\" \/>\n<meta property=\"article:modified_time\" content=\"2020-12-10T09:56:04+00:00\" \/>\n<meta property=\"og:image\" content=\"https:\/\/www.morh.hr\/wp-content\/uploads\/2019\/09\/a_5__23_konferencija_nacelnika_gs_nas.jpg\" \/>\n\t<meta property=\"og:image:width\" content=\"1200\" \/>\n\t<meta property=\"og:image:height\" content=\"711\" \/>\n\t<meta property=\"og:image:type\" content=\"image\/jpeg\" \/>\n<meta name=\"author\" content=\"Dario\" \/>\n<meta name=\"twitter:card\" content=\"summary_large_image\" \/>\n<meta name=\"twitter:creator\" content=\"@morh_osrh\" \/>\n<meta name=\"twitter:site\" content=\"@morh_osrh\" \/>\n<meta name=\"twitter:label1\" content=\"Written by\" \/>\n\t<meta name=\"twitter:data1\" content=\"Dario\" \/>\n<script type=\"application\/ld+json\" class=\"yoast-schema-graph\">{\"@context\":\"https:\/\/schema.org\",\"@graph\":[{\"@type\":\"Article\",\"@id\":\"https:\/\/www.morh.hr\/en\/general-sundov-attends-the-u-s-adriatic-charter-conference\/#article\",\"isPartOf\":{\"@id\":\"https:\/\/www.morh.hr\/en\/general-sundov-attends-the-u-s-adriatic-charter-conference\/\"},\"author\":{\"name\":\"Dario\",\"@id\":\"https:\/\/www.morh.hr\/en\/#\/schema\/person\/c38d9a7dda2a61c3bcf83a189f69fd06\"},\"headline\":\"General \u0160undov attends the U.S.-Adriatic Charter conference\",\"datePublished\":\"2019-09-26T13:36:20+00:00\",\"dateModified\":\"2020-12-10T09:56:04+00:00\",\"mainEntityOfPage\":{\"@id\":\"https:\/\/www.morh.hr\/en\/general-sundov-attends-the-u-s-adriatic-charter-conference\/\"},\"wordCount\":103,\"image\":{\"@id\":\"https:\/\/www.morh.hr\/en\/general-sundov-attends-the-u-s-adriatic-charter-conference\/#primaryimage\"},\"thumbnailUrl\":\"https:\/\/www.morh.hr\/wp-content\/uploads\/2019\/09\/a_5__23_konferencija_nacelnika_gs_nas.jpg\",\"articleSection\":[\"Press releases\"],\"inLanguage\":\"en-US\"},{\"@type\":\"WebPage\",\"@id\":\"https:\/\/www.morh.hr\/en\/general-sundov-attends-the-u-s-adriatic-charter-conference\/\",\"url\":\"https:\/\/www.morh.hr\/en\/general-sundov-attends-the-u-s-adriatic-charter-conference\/\",\"name\":\"General \u0160undov attends the U.S.-Adriatic Charter conference - MORH\",\"isPartOf\":{\"@id\":\"https:\/\/www.morh.hr\/en\/#website\"},\"primaryImageOfPage\":{\"@id\":\"https:\/\/www.morh.hr\/en\/general-sundov-attends-the-u-s-adriatic-charter-conference\/#primaryimage\"},\"image\":{\"@id\":\"https:\/\/www.morh.hr\/en\/general-sundov-attends-the-u-s-adriatic-charter-conference\/#primaryimage\"},\"thumbnailUrl\":\"https:\/\/www.morh.hr\/wp-content\/uploads\/2019\/09\/a_5__23_konferencija_nacelnika_gs_nas.jpg\",\"datePublished\":\"2019-09-26T13:36:20+00:00\",\"dateModified\":\"2020-12-10T09:56:04+00:00\",\"author\":{\"@id\":\"https:\/\/www.morh.hr\/en\/#\/schema\/person\/c38d9a7dda2a61c3bcf83a189f69fd06\"},\"description\":\"The 23rd Conference of Chiefs of Defence of the U.S. Adriatic Charter, held in the Republic of Albania from 24 \u2013 26 September 2019.\",\"breadcrumb\":{\"@id\":\"https:\/\/www.morh.hr\/en\/general-sundov-attends-the-u-s-adriatic-charter-conference\/#breadcrumb\"},\"inLanguage\":\"en-US\",\"potentialAction\":[{\"@type\":\"ReadAction\",\"target\":[\"https:\/\/www.morh.hr\/en\/general-sundov-attends-the-u-s-adriatic-charter-conference\/\"]}]},{\"@type\":\"ImageObject\",\"inLanguage\":\"en-US\",\"@id\":\"https:\/\/www.morh.hr\/en\/general-sundov-attends-the-u-s-adriatic-charter-conference\/#primaryimage\",\"url\":\"https:\/\/www.morh.hr\/wp-content\/uploads\/2019\/09\/a_5__23_konferencija_nacelnika_gs_nas.jpg\",\"contentUrl\":\"https:\/\/www.morh.hr\/wp-content\/uploads\/2019\/09\/a_5__23_konferencija_nacelnika_gs_nas.jpg\",\"width\":1200,\"height\":711,\"caption\":\"23. Konferencija na\u010delnika Glavnih sto\u017eera dr\u017eava \u010dlanica Ameri\u010dko \u2013 jadranske povelje A \u2013 5 u Republici Albaniji | Foto: KNGS\"},{\"@type\":\"BreadcrumbList\",\"@id\":\"https:\/\/www.morh.hr\/en\/general-sundov-attends-the-u-s-adriatic-charter-conference\/#breadcrumb\",\"itemListElement\":[{\"@type\":\"ListItem\",\"position\":1,\"name\":\"Naslovnica\",\"item\":\"https:\/\/www.morh.hr\/en\/\"},{\"@type\":\"ListItem\",\"position\":2,\"name\":\"Featured articles\",\"item\":\"https:\/\/www.morh.hr\/en\/kategorija\/featured-articles\/\"},{\"@type\":\"ListItem\",\"position\":3,\"name\":\"General \u0160undov attends the U.S.-Adriatic Charter conference\"}]},{\"@type\":\"WebSite\",\"@id\":\"https:\/\/www.morh.hr\/en\/#website\",\"url\":\"https:\/\/www.morh.hr\/en\/\",\"name\":\"MORH\",\"description\":\"Ministarstvo obrane Republike Hrvatske - slu\u017ebene stranice\",\"potentialAction\":[{\"@type\":\"SearchAction\",\"target\":{\"@type\":\"EntryPoint\",\"urlTemplate\":\"https:\/\/www.morh.hr\/en\/?s={search_term_string}\"},\"query-input\":{\"@type\":\"PropertyValueSpecification\",\"valueRequired\":true,\"valueName\":\"search_term_string\"}}],\"inLanguage\":\"en-US\"},{\"@type\":\"Person\",\"@id\":\"https:\/\/www.morh.hr\/en\/#\/schema\/person\/c38d9a7dda2a61c3bcf83a189f69fd06\",\"name\":\"Dario\",\"image\":{\"@type\":\"ImageObject\",\"inLanguage\":\"en-US\",\"@id\":\"https:\/\/www.morh.hr\/en\/#\/schema\/person\/image\/\",\"url\":\"https:\/\/secure.gravatar.com\/avatar\/861d2eff4c4048d47852ca2386ceb86b1ef3b2b9d1d380e48fb0de09cd7df0f0?s=96&d=mm&r=g\",\"contentUrl\":\"https:\/\/secure.gravatar.com\/avatar\/861d2eff4c4048d47852ca2386ceb86b1ef3b2b9d1d380e48fb0de09cd7df0f0?s=96&d=mm&r=g\",\"caption\":\"Dario\"}}]}<\/script>\n<!-- \/ Yoast SEO plugin. -->","yoast_head_json":{"title":"General \u0160undov attends the U.S.-Adriatic Charter conference - MORH","description":"The 23rd Conference of Chiefs of Defence of the U.S. Adriatic Charter, held in the Republic of Albania from 24 \u2013 26 September 2019.","robots":{"index":"index","follow":"follow","max-snippet":"max-snippet:-1","max-image-preview":"max-image-preview:large","max-video-preview":"max-video-preview:-1"},"canonical":"https:\/\/www.morh.hr\/en\/general-sundov-attends-the-u-s-adriatic-charter-conference\/","og_locale":"en_US","og_type":"article","og_title":"General \u0160undov attends the U.S.-Adriatic Charter conference - MORH","og_description":"The 23rd Conference of Chiefs of Defence of the U.S. Adriatic Charter, held in the Republic of Albania from 24 \u2013 26 September 2019.","og_url":"https:\/\/www.morh.hr\/en\/general-sundov-attends-the-u-s-adriatic-charter-conference\/","og_site_name":"MORH","article_publisher":"https:\/\/www.facebook.com\/sportasiuhrvatskojvojsci\/","article_published_time":"2019-09-26T13:36:20+00:00","article_modified_time":"2020-12-10T09:56:04+00:00","og_image":[{"width":1200,"height":711,"url":"https:\/\/www.morh.hr\/wp-content\/uploads\/2019\/09\/a_5__23_konferencija_nacelnika_gs_nas.jpg","type":"image\/jpeg"}],"author":"Dario","twitter_card":"summary_large_image","twitter_creator":"@morh_osrh","twitter_site":"@morh_osrh","twitter_misc":{"Written by":"Dario"},"schema":{"@context":"https:\/\/schema.org","@graph":[{"@type":"Article","@id":"https:\/\/www.morh.hr\/en\/general-sundov-attends-the-u-s-adriatic-charter-conference\/#article","isPartOf":{"@id":"https:\/\/www.morh.hr\/en\/general-sundov-attends-the-u-s-adriatic-charter-conference\/"},"author":{"name":"Dario","@id":"https:\/\/www.morh.hr\/en\/#\/schema\/person\/c38d9a7dda2a61c3bcf83a189f69fd06"},"headline":"General \u0160undov attends the U.S.-Adriatic Charter conference","datePublished":"2019-09-26T13:36:20+00:00","dateModified":"2020-12-10T09:56:04+00:00","mainEntityOfPage":{"@id":"https:\/\/www.morh.hr\/en\/general-sundov-attends-the-u-s-adriatic-charter-conference\/"},"wordCount":103,"image":{"@id":"https:\/\/www.morh.hr\/en\/general-sundov-attends-the-u-s-adriatic-charter-conference\/#primaryimage"},"thumbnailUrl":"https:\/\/www.morh.hr\/wp-content\/uploads\/2019\/09\/a_5__23_konferencija_nacelnika_gs_nas.jpg","articleSection":["Press releases"],"inLanguage":"en-US"},{"@type":"WebPage","@id":"https:\/\/www.morh.hr\/en\/general-sundov-attends-the-u-s-adriatic-charter-conference\/","url":"https:\/\/www.morh.hr\/en\/general-sundov-attends-the-u-s-adriatic-charter-conference\/","name":"General \u0160undov attends the U.S.-Adriatic Charter conference - MORH","isPartOf":{"@id":"https:\/\/www.morh.hr\/en\/#website"},"primaryImageOfPage":{"@id":"https:\/\/www.morh.hr\/en\/general-sundov-attends-the-u-s-adriatic-charter-conference\/#primaryimage"},"image":{"@id":"https:\/\/www.morh.hr\/en\/general-sundov-attends-the-u-s-adriatic-charter-conference\/#primaryimage"},"thumbnailUrl":"https:\/\/www.morh.hr\/wp-content\/uploads\/2019\/09\/a_5__23_konferencija_nacelnika_gs_nas.jpg","datePublished":"2019-09-26T13:36:20+00:00","dateModified":"2020-12-10T09:56:04+00:00","author":{"@id":"https:\/\/www.morh.hr\/en\/#\/schema\/person\/c38d9a7dda2a61c3bcf83a189f69fd06"},"description":"The 23rd Conference of Chiefs of Defence of the U.S. Adriatic Charter, held in the Republic of Albania from 24 \u2013 26 September 2019.","breadcrumb":{"@id":"https:\/\/www.morh.hr\/en\/general-sundov-attends-the-u-s-adriatic-charter-conference\/#breadcrumb"},"inLanguage":"en-US","potentialAction":[{"@type":"ReadAction","target":["https:\/\/www.morh.hr\/en\/general-sundov-attends-the-u-s-adriatic-charter-conference\/"]}]},{"@type":"ImageObject","inLanguage":"en-US","@id":"https:\/\/www.morh.hr\/en\/general-sundov-attends-the-u-s-adriatic-charter-conference\/#primaryimage","url":"https:\/\/www.morh.hr\/wp-content\/uploads\/2019\/09\/a_5__23_konferencija_nacelnika_gs_nas.jpg","contentUrl":"https:\/\/www.morh.hr\/wp-content\/uploads\/2019\/09\/a_5__23_konferencija_nacelnika_gs_nas.jpg","width":1200,"height":711,"caption":"23. Konferencija na\u010delnika Glavnih sto\u017eera dr\u017eava \u010dlanica Ameri\u010dko \u2013 jadranske povelje A \u2013 5 u Republici Albaniji | Foto: KNGS"},{"@type":"BreadcrumbList","@id":"https:\/\/www.morh.hr\/en\/general-sundov-attends-the-u-s-adriatic-charter-conference\/#breadcrumb","itemListElement":[{"@type":"ListItem","position":1,"name":"Naslovnica","item":"https:\/\/www.morh.hr\/en\/"},{"@type":"ListItem","position":2,"name":"Featured articles","item":"https:\/\/www.morh.hr\/en\/kategorija\/featured-articles\/"},{"@type":"ListItem","position":3,"name":"General \u0160undov attends the U.S.-Adriatic Charter conference"}]},{"@type":"WebSite","@id":"https:\/\/www.morh.hr\/en\/#website","url":"https:\/\/www.morh.hr\/en\/","name":"MORH","description":"Ministarstvo obrane Republike Hrvatske - slu\u017ebene stranice","potentialAction":[{"@type":"SearchAction","target":{"@type":"EntryPoint","urlTemplate":"https:\/\/www.morh.hr\/en\/?s={search_term_string}"},"query-input":{"@type":"PropertyValueSpecification","valueRequired":true,"valueName":"search_term_string"}}],"inLanguage":"en-US"},{"@type":"Person","@id":"https:\/\/www.morh.hr\/en\/#\/schema\/person\/c38d9a7dda2a61c3bcf83a189f69fd06","name":"Dario","image":{"@type":"ImageObject","inLanguage":"en-US","@id":"https:\/\/www.morh.hr\/en\/#\/schema\/person\/image\/","url":"https:\/\/secure.gravatar.com\/avatar\/861d2eff4c4048d47852ca2386ceb86b1ef3b2b9d1d380e48fb0de09cd7df0f0?s=96&d=mm&r=g","contentUrl":"https:\/\/secure.gravatar.com\/avatar\/861d2eff4c4048d47852ca2386ceb86b1ef3b2b9d1d380e48fb0de09cd7df0f0?s=96&d=mm&r=g","caption":"Dario"}}]}},"_links":{"self":[{"href":"https:\/\/www.morh.hr\/en\/wp-json\/wp\/v2\/posts\/111340","targetHints":{"allow":["GET"]}}],"collection":[{"href":"https:\/\/www.morh.hr\/en\/wp-json\/wp\/v2\/posts"}],"about":[{"href":"https:\/\/www.morh.hr\/en\/wp-json\/wp\/v2\/types\/post"}],"author":[{"embeddable":true,"href":"https:\/\/www.morh.hr\/en\/wp-json\/wp\/v2\/users\/4693"}],"replies":[{"embeddable":true,"href":"https:\/\/www.morh.hr\/en\/wp-json\/wp\/v2\/comments?post=111340"}],"version-history":[{"count":0,"href":"https:\/\/www.morh.hr\/en\/wp-json\/wp\/v2\/posts\/111340\/revisions"}],"wp:featuredmedia":[{"embeddable":true,"href":"https:\/\/www.morh.hr\/en\/wp-json\/wp\/v2\/media\/111297"}],"wp:attachment":[{"href":"https:\/\/www.morh.hr\/en\/wp-json\/wp\/v2\/media?parent=111340"}],"wp:term":[{"taxonomy":"category","embeddable":true,"href":"https:\/\/www.morh.hr\/en\/wp-json\/wp\/v2\/categories?post=111340"},{"taxonomy":"post_tag","embeddable":true,"href":"https:\/\/www.morh.hr\/en\/wp-json\/wp\/v2\/tags?post=111340"}],"curies":[{"name":"wp","href":"https:\/\/api.w.org\/{rel}","templated":true}]}}