{"id":111740,"date":"2019-10-02T12:37:53","date_gmt":"2019-10-02T10:37:53","guid":{"rendered":"https:\/\/www.morh.hr\/?p=111740"},"modified":"2020-12-10T10:54:58","modified_gmt":"2020-12-10T09:54:58","slug":"imotc-named-after-josip-briski","status":"publish","type":"post","link":"https:\/\/www.morh.hr\/en\/imotc-named-after-josip-briski\/","title":{"rendered":"IMOTC named after Josip Bri\u0161ki"},"content":{"rendered":"<p>The International Military Operations Training Centre has been renamed to &#8220;IMOTC Josip Bri\u0161ki&#8221; at a formal ceremony held in the Barracks &#8220;Vitez Damir Marti\u0107&#8221; at Rakitje&nbsp; on 1 October 2019.<\/p>\n<p>The IMOTC to be named after Cpl. Josip Bri\u0161ki, the member of the Special Forces Command killed during the deployment to Resolute Support Mission in Afghanistan.<\/p>\n<figure id=\"attachment_111654\" aria-describedby=\"caption-attachment-111654\" style=\"width: 1600px\" class=\"wp-caption aligncenter\"><a href=\"https:\/\/www.flickr.com\/photos\/morh-hr\/albums\/72157711147091208\"><img loading=\"lazy\" decoding=\"async\" class=\"wp-image-111654 size-full\" src=\"https:\/\/www.morh.hr\/wp-content\/uploads\/2019\/10\/srediste_mvo_josip_briski_190719_27.jpg\" alt=\"Josip Bri\u0161ki\" width=\"1600\" height=\"1060\" srcset=\"https:\/\/www.morh.hr\/wp-content\/uploads\/2019\/10\/srediste_mvo_josip_briski_190719_27.jpg 1600w, https:\/\/www.morh.hr\/wp-content\/uploads\/2019\/10\/srediste_mvo_josip_briski_190719_27-300x199.jpg 300w, https:\/\/www.morh.hr\/wp-content\/uploads\/2019\/10\/srediste_mvo_josip_briski_190719_27-768x509.jpg 768w, https:\/\/www.morh.hr\/wp-content\/uploads\/2019\/10\/srediste_mvo_josip_briski_190719_27-1024x678.jpg 1024w\" sizes=\"auto, (max-width: 1600px) 100vw, 1600px\" \/><\/a><figcaption id=\"caption-attachment-111654\" class=\"wp-caption-text\">U vojarni \u201cVitez Damir Marti\u0107\u201d u Rakitju odr\u017eana je sve\u010danost povodom imenovanja Sredi\u0161ta za me\u0111unarodne vojne operacije \u201cJosip Bri\u0161ki\u201d | Foto: MORH\/M. \u010cobanovi\u0107<\/figcaption><\/figure>\n<p>The ceremony was attended by the Deputy Prime Minister and Defence Minister Damir Krsti\u010devi\u0107 as the Envoy of the President of the Republic, by the Deputy Chief of the General Staff of the Croatian Armed Forces Lieutenant General Drago Matanovi\u0107, by the Commander of the Croatian Army Major General Sini\u0161a Jurkovi\u0107, by the Commander of the Special Forces Command Brigadier General Perica Turalija, by the Commander of the IMOTC &#8220;Josip Bri\u0161ki&#8221; Colonel Ivan Milo\u0161, by the members of the Military Diplomatic Corps and other senior military and civilian visitors.<\/p>\n<p>The logo bearing the name &#8220;IMOTC Centre Cpl Josip Bri\u0161ki&#8221; was unveiled by Cpl&nbsp; Bri\u0161ki&#8217;s wife Stella Bri\u0161ki and the Commander of the Special Forces Command&nbsp; Brigadier General Perica Turalija.<\/p>\n<figure id=\"attachment_111652\" aria-describedby=\"caption-attachment-111652\" style=\"width: 1600px\" class=\"wp-caption alignnone\"><a href=\"https:\/\/www.flickr.com\/photos\/morh-hr\/albums\/72157711147091208\"><img loading=\"lazy\" decoding=\"async\" class=\"wp-image-111652 size-full\" src=\"https:\/\/www.morh.hr\/wp-content\/uploads\/2019\/10\/srediste_mvo_josip_briski_190719_09.jpg\" alt=\"Josip Bri\u0161ki\" width=\"1600\" height=\"1060\" srcset=\"https:\/\/www.morh.hr\/wp-content\/uploads\/2019\/10\/srediste_mvo_josip_briski_190719_09.jpg 1600w, https:\/\/www.morh.hr\/wp-content\/uploads\/2019\/10\/srediste_mvo_josip_briski_190719_09-300x199.jpg 300w, https:\/\/www.morh.hr\/wp-content\/uploads\/2019\/10\/srediste_mvo_josip_briski_190719_09-768x509.jpg 768w, https:\/\/www.morh.hr\/wp-content\/uploads\/2019\/10\/srediste_mvo_josip_briski_190719_09-1024x678.jpg 1024w\" sizes=\"auto, (max-width: 1600px) 100vw, 1600px\" \/><\/a><figcaption id=\"caption-attachment-111652\" class=\"wp-caption-text\">U vojarni \u201cVitez Damir Marti\u0107\u201d u Rakitju odr\u017eana je sve\u010danost povodom imenovanja Sredi\u0161ta za me\u0111unarodne vojne operacije \u201cJosip Bri\u0161ki\u201d | Foto: MORH\/M. \u010cobanovi\u0107<\/figcaption><\/figure>\n<h3>Minister Krsti\u010devi\u0107: Naming the Centre &#8220;Josip Bri\u0161ki&#8221; \u2013 a tribute to late Josip&nbsp;<\/h3>\n<p>Minister Krsti\u010devi\u0107 said Josip Bri\u0161ki sacrified his life for the ideals and values he had lived and served by.<\/p>\n<p>&#8220;Josip sacrificed his life for peace, and merited to have the International Military Operations Centre, preparing soldiers for engagements in peace keeping operations, named after him. The new name aims to encourage the members of the Croatian Armed Forces to follow the example of Josip and&nbsp; strive for excellence at training and tasks and to display fidelity to the homeland and the Croatian Armed Forces&#8221;<\/p>\n<p>The Minister emphasised that the members of the Croatian Armed Forces were facing complex and demanding tasks and challenges, particularly during deployments in international military operations.<\/p>\n<p>Security threats n the enviroments are always present, yet proper training can minimise the likelihood of incidents.&nbsp;&nbsp;<\/p>\n<p>The training centres of the Croatian Armed Forces, among which the IMOTC have a major responsibility&#8221;<br \/>\n&#8220;The new name of the IMOTC displays the respect for the merit and the sacrifice of the Croatian soldiers in the Homeland War and today, who sacrified their lives for the Republic of Croatia, the establishment and values of the Croatian Army&#8221;, said the Minister .<\/p>\n<p><iframe loading=\"lazy\" title=\"Sredi\u0161te za me\u0111unarodne vojne operacije preimenovano u \u010dast Josipu Bri\u0161kom\" width=\"868\" height=\"488\" src=\"https:\/\/www.youtube.com\/embed\/D_KMFBVzE9E?wmode=transparent&amp;rel=0&amp;feature=oembed\" frameborder=\"0\" allow=\"accelerometer; autoplay; clipboard-write; encrypted-media; gyroscope; picture-in-picture; web-share\" allowfullscreen><\/iframe><\/p>\n<h3>Lt. Gen. Matanovi\u0107: Centre &#8220;Josip Bri\u0161ki&#8221; will be a symbol of all fallen Croatian soldiers<\/h3>\n<p>Deputy Chief of the General Staff of the Croatian Armed Forces Lieutenant General Drago Matanovi\u0107 called on the trainees and the personnel of the IMOTC &#8220;Josip Bri\u0161ki&#8221; to follow Josip&#8217;s example of proud&nbsp; service to the homeland.<\/p>\n<p>&#8220;It is a great honour and responsibility to bear the name of glorious members of the Croatian Armed Forces. THe IMOTC has been renamed after Josip Bri\u0161ki, but will be a symbol of all fallen Croatian soldiers&#8221;, said Lt. Gen. Matanovi\u0107.<\/p>\n<figure id=\"attachment_111656\" aria-describedby=\"caption-attachment-111656\" style=\"width: 1600px\" class=\"wp-caption alignnone\"><a href=\"https:\/\/www.flickr.com\/photos\/morh-hr\/albums\/72157711147091208\"><img loading=\"lazy\" decoding=\"async\" class=\"wp-image-111656 size-full\" src=\"https:\/\/www.morh.hr\/wp-content\/uploads\/2019\/10\/srediste_mvo_josip_briski_190719_13.jpg\" alt=\"\" width=\"1600\" height=\"1060\" srcset=\"https:\/\/www.morh.hr\/wp-content\/uploads\/2019\/10\/srediste_mvo_josip_briski_190719_13.jpg 1600w, https:\/\/www.morh.hr\/wp-content\/uploads\/2019\/10\/srediste_mvo_josip_briski_190719_13-300x199.jpg 300w, https:\/\/www.morh.hr\/wp-content\/uploads\/2019\/10\/srediste_mvo_josip_briski_190719_13-768x509.jpg 768w, https:\/\/www.morh.hr\/wp-content\/uploads\/2019\/10\/srediste_mvo_josip_briski_190719_13-1024x678.jpg 1024w\" sizes=\"auto, (max-width: 1600px) 100vw, 1600px\" \/><\/a><figcaption id=\"caption-attachment-111656\" class=\"wp-caption-text\">Brigadir Ivan Milo\u0161 zapovjednik Sredi\u0161ta za me\u0111unarodne vojne operacije &#8220;Josip Bri\u0161ki\u201c | Foto: MORH\/M. \u010cobanovi\u0107<\/figcaption><\/figure>\n<p>Colonel Milo\u0161: The members of the IMOTC will honour the name of Josip Bri\u0161ki<\/p>\n<p>The Commander of the &#8220;IMOTC Josip Bri\u0161ki&#8221; Colonel Ivan Milo\u0161 said the Centre&#8217;s personnel would&nbsp; honour the late Josip Bri\u0161ki, as they cherish the memory of the fallen victims of the Homeland War and of the members of the Croatian Army today.<\/p>\n<p>Minister&nbsp; Damir Krsti\u010devi\u0107 decided that the IMOTC would be renamed &#8220;IMOTC Josip Bri\u0161ki&#8221; in remembrance and honour to the tragic death of the member of the Croatian Armed Forces.<\/p>\n<p>The International Military Operations Training Centre was established on 1 March&nbsp; 2001, and has designed 13 courses in accordance with the&nbsp; UN, NATO and the EU standards. The Mission is to train members of the Croatian Armed Forces and foreign armed forces, of government institutions for staff and other duties in NATO\/EU\/UN-led operations and monitoring of unit and task force training processes for the engagement in NATO\/EU\/UN operations.<\/p>\n<p>The Centre has trained over 5,000 soldiers for operations in international environments, among whom 450 foreign armed forces members.<\/p>\n[ngg src=&#8221;galleries&#8221; ids=&#8221;3690&#8243; display=&#8221;basic_thumbnail&#8221; thumbnail_crop=&#8221;0&#8243;]\n","protected":false},"excerpt":{"rendered":"<p>&#8220;Josip Bri\u0161ki sacrified his life for peace, and naming the Centre training the soldiers for PKO after him was a tribute&#8221;, said Minister Krsti\u010devi\u0107<\/p>\n","protected":false},"author":3,"featured_media":111644,"comment_status":"closed","ping_status":"closed","sticky":false,"template":"","format":"standard","meta":{"_acf_changed":false,"_monsterinsights_skip_tracking":false,"_monsterinsights_sitenote_active":false,"_monsterinsights_sitenote_note":"","_monsterinsights_sitenote_category":0,"footnotes":""},"categories":[117],"tags":[],"class_list":["post-111740","post","type-post","status-publish","format-standard","has-post-thumbnail","hentry","category-press-releases"],"acf":[],"yoast_head":"<!-- This site is optimized with the Yoast SEO plugin v26.9 - https:\/\/yoast.com\/product\/yoast-seo-wordpress\/ -->\n<title>IMOTC named after Josip Bri\u0161ki - MORH<\/title>\n<meta name=\"description\" content=\"&quot;Josip Bri\u0161ki sacrified his life for peace, and naming the Centre training the soldiers for PKO after him was a tribute&quot;, said Minister Krsti\u010devi\u0107\" \/>\n<meta name=\"robots\" content=\"index, follow, max-snippet:-1, max-image-preview:large, max-video-preview:-1\" \/>\n<link rel=\"canonical\" href=\"https:\/\/www.morh.hr\/en\/imotc-named-after-josip-briski\/\" \/>\n<meta property=\"og:locale\" content=\"en_US\" \/>\n<meta property=\"og:type\" content=\"article\" \/>\n<meta property=\"og:title\" content=\"IMOTC named after Josip Bri\u0161ki - MORH\" \/>\n<meta property=\"og:description\" content=\"&quot;Josip Bri\u0161ki sacrified his life for peace, and naming the Centre training the soldiers for PKO after him was a tribute&quot;, said Minister Krsti\u010devi\u0107\" \/>\n<meta property=\"og:url\" content=\"https:\/\/www.morh.hr\/en\/imotc-named-after-josip-briski\/\" \/>\n<meta property=\"og:site_name\" content=\"MORH\" \/>\n<meta property=\"article:publisher\" content=\"https:\/\/www.facebook.com\/sportasiuhrvatskojvojsci\/\" \/>\n<meta property=\"article:published_time\" content=\"2019-10-02T10:37:53+00:00\" \/>\n<meta property=\"article:modified_time\" content=\"2020-12-10T09:54:58+00:00\" \/>\n<meta property=\"og:image\" content=\"https:\/\/www.morh.hr\/wp-content\/uploads\/2019\/10\/srediste_mvo_josip_briski_190719_n.jpg\" \/>\n\t<meta property=\"og:image:width\" content=\"1200\" \/>\n\t<meta property=\"og:image:height\" content=\"711\" \/>\n\t<meta property=\"og:image:type\" content=\"image\/jpeg\" \/>\n<meta name=\"author\" content=\"Drazen\" \/>\n<meta name=\"twitter:card\" content=\"summary_large_image\" \/>\n<meta name=\"twitter:creator\" content=\"@morh_osrh\" \/>\n<meta name=\"twitter:site\" content=\"@morh_osrh\" \/>\n<meta name=\"twitter:label1\" content=\"Written by\" \/>\n\t<meta name=\"twitter:data1\" content=\"Drazen\" \/>\n\t<meta name=\"twitter:label2\" content=\"Est. reading time\" \/>\n\t<meta name=\"twitter:data2\" content=\"4 minutes\" \/>\n<script type=\"application\/ld+json\" class=\"yoast-schema-graph\">{\"@context\":\"https:\/\/schema.org\",\"@graph\":[{\"@type\":\"Article\",\"@id\":\"https:\/\/www.morh.hr\/en\/imotc-named-after-josip-briski\/#article\",\"isPartOf\":{\"@id\":\"https:\/\/www.morh.hr\/en\/imotc-named-after-josip-briski\/\"},\"author\":{\"name\":\"Drazen\",\"@id\":\"https:\/\/www.morh.hr\/en\/#\/schema\/person\/2d72e03399043d9513ab6bec75f2ce27\"},\"headline\":\"IMOTC named after Josip Bri\u0161ki\",\"datePublished\":\"2019-10-02T10:37:53+00:00\",\"dateModified\":\"2020-12-10T09:54:58+00:00\",\"mainEntityOfPage\":{\"@id\":\"https:\/\/www.morh.hr\/en\/imotc-named-after-josip-briski\/\"},\"wordCount\":788,\"image\":{\"@id\":\"https:\/\/www.morh.hr\/en\/imotc-named-after-josip-briski\/#primaryimage\"},\"thumbnailUrl\":\"https:\/\/www.morh.hr\/wp-content\/uploads\/2019\/10\/srediste_mvo_josip_briski_190719_n.jpg\",\"articleSection\":[\"Press releases\"],\"inLanguage\":\"en-US\"},{\"@type\":\"WebPage\",\"@id\":\"https:\/\/www.morh.hr\/en\/imotc-named-after-josip-briski\/\",\"url\":\"https:\/\/www.morh.hr\/en\/imotc-named-after-josip-briski\/\",\"name\":\"IMOTC named after Josip Bri\u0161ki - MORH\",\"isPartOf\":{\"@id\":\"https:\/\/www.morh.hr\/en\/#website\"},\"primaryImageOfPage\":{\"@id\":\"https:\/\/www.morh.hr\/en\/imotc-named-after-josip-briski\/#primaryimage\"},\"image\":{\"@id\":\"https:\/\/www.morh.hr\/en\/imotc-named-after-josip-briski\/#primaryimage\"},\"thumbnailUrl\":\"https:\/\/www.morh.hr\/wp-content\/uploads\/2019\/10\/srediste_mvo_josip_briski_190719_n.jpg\",\"datePublished\":\"2019-10-02T10:37:53+00:00\",\"dateModified\":\"2020-12-10T09:54:58+00:00\",\"author\":{\"@id\":\"https:\/\/www.morh.hr\/en\/#\/schema\/person\/2d72e03399043d9513ab6bec75f2ce27\"},\"description\":\"\\\"Josip Bri\u0161ki sacrified his life for peace, and naming the Centre training the soldiers for PKO after him was a tribute\\\", said Minister Krsti\u010devi\u0107\",\"breadcrumb\":{\"@id\":\"https:\/\/www.morh.hr\/en\/imotc-named-after-josip-briski\/#breadcrumb\"},\"inLanguage\":\"en-US\",\"potentialAction\":[{\"@type\":\"ReadAction\",\"target\":[\"https:\/\/www.morh.hr\/en\/imotc-named-after-josip-briski\/\"]}]},{\"@type\":\"ImageObject\",\"inLanguage\":\"en-US\",\"@id\":\"https:\/\/www.morh.hr\/en\/imotc-named-after-josip-briski\/#primaryimage\",\"url\":\"https:\/\/www.morh.hr\/wp-content\/uploads\/2019\/10\/srediste_mvo_josip_briski_190719_n.jpg\",\"contentUrl\":\"https:\/\/www.morh.hr\/wp-content\/uploads\/2019\/10\/srediste_mvo_josip_briski_190719_n.jpg\",\"width\":1200,\"height\":711,\"caption\":\"U vojarni \u201cVitez Damir Marti\u0107\u201d u Rakitju odr\u017eana je sve\u010danost povodom imenovanja Sredi\u0161ta za me\u0111unarodne vojne operacije \u201cJosip Bri\u0161ki\u201d | Foto: MORH\/M. \u010cobanovi\u0107\"},{\"@type\":\"BreadcrumbList\",\"@id\":\"https:\/\/www.morh.hr\/en\/imotc-named-after-josip-briski\/#breadcrumb\",\"itemListElement\":[{\"@type\":\"ListItem\",\"position\":1,\"name\":\"Naslovnica\",\"item\":\"https:\/\/www.morh.hr\/en\/\"},{\"@type\":\"ListItem\",\"position\":2,\"name\":\"News\",\"item\":\"https:\/\/www.morh.hr\/en\/kategorija\/news\/\"},{\"@type\":\"ListItem\",\"position\":3,\"name\":\"Press releases\",\"item\":\"https:\/\/www.morh.hr\/en\/kategorija\/news\/press-releases\/\"},{\"@type\":\"ListItem\",\"position\":4,\"name\":\"IMOTC named after Josip Bri\u0161ki\"}]},{\"@type\":\"WebSite\",\"@id\":\"https:\/\/www.morh.hr\/en\/#website\",\"url\":\"https:\/\/www.morh.hr\/en\/\",\"name\":\"MORH\",\"description\":\"Ministarstvo obrane Republike Hrvatske - slu\u017ebene stranice\",\"potentialAction\":[{\"@type\":\"SearchAction\",\"target\":{\"@type\":\"EntryPoint\",\"urlTemplate\":\"https:\/\/www.morh.hr\/en\/?s={search_term_string}\"},\"query-input\":{\"@type\":\"PropertyValueSpecification\",\"valueRequired\":true,\"valueName\":\"search_term_string\"}}],\"inLanguage\":\"en-US\"},{\"@type\":\"Person\",\"@id\":\"https:\/\/www.morh.hr\/en\/#\/schema\/person\/2d72e03399043d9513ab6bec75f2ce27\",\"name\":\"Drazen\",\"image\":{\"@type\":\"ImageObject\",\"inLanguage\":\"en-US\",\"@id\":\"https:\/\/www.morh.hr\/en\/#\/schema\/person\/image\/\",\"url\":\"https:\/\/secure.gravatar.com\/avatar\/e36ef7e573425ae72988c73df868c1e87a656b0e005ca4fd7d30d2ba7e49c9cf?s=96&d=mm&r=g\",\"contentUrl\":\"https:\/\/secure.gravatar.com\/avatar\/e36ef7e573425ae72988c73df868c1e87a656b0e005ca4fd7d30d2ba7e49c9cf?s=96&d=mm&r=g\",\"caption\":\"Drazen\"}}]}<\/script>\n<!-- \/ Yoast SEO plugin. -->","yoast_head_json":{"title":"IMOTC named after Josip Bri\u0161ki - MORH","description":"\"Josip Bri\u0161ki sacrified his life for peace, and naming the Centre training the soldiers for PKO after him was a tribute\", said Minister Krsti\u010devi\u0107","robots":{"index":"index","follow":"follow","max-snippet":"max-snippet:-1","max-image-preview":"max-image-preview:large","max-video-preview":"max-video-preview:-1"},"canonical":"https:\/\/www.morh.hr\/en\/imotc-named-after-josip-briski\/","og_locale":"en_US","og_type":"article","og_title":"IMOTC named after Josip Bri\u0161ki - MORH","og_description":"\"Josip Bri\u0161ki sacrified his life for peace, and naming the Centre training the soldiers for PKO after him was a tribute\", said Minister Krsti\u010devi\u0107","og_url":"https:\/\/www.morh.hr\/en\/imotc-named-after-josip-briski\/","og_site_name":"MORH","article_publisher":"https:\/\/www.facebook.com\/sportasiuhrvatskojvojsci\/","article_published_time":"2019-10-02T10:37:53+00:00","article_modified_time":"2020-12-10T09:54:58+00:00","og_image":[{"width":1200,"height":711,"url":"https:\/\/www.morh.hr\/wp-content\/uploads\/2019\/10\/srediste_mvo_josip_briski_190719_n.jpg","type":"image\/jpeg"}],"author":"Drazen","twitter_card":"summary_large_image","twitter_creator":"@morh_osrh","twitter_site":"@morh_osrh","twitter_misc":{"Written by":"Drazen","Est. reading time":"4 minutes"},"schema":{"@context":"https:\/\/schema.org","@graph":[{"@type":"Article","@id":"https:\/\/www.morh.hr\/en\/imotc-named-after-josip-briski\/#article","isPartOf":{"@id":"https:\/\/www.morh.hr\/en\/imotc-named-after-josip-briski\/"},"author":{"name":"Drazen","@id":"https:\/\/www.morh.hr\/en\/#\/schema\/person\/2d72e03399043d9513ab6bec75f2ce27"},"headline":"IMOTC named after Josip Bri\u0161ki","datePublished":"2019-10-02T10:37:53+00:00","dateModified":"2020-12-10T09:54:58+00:00","mainEntityOfPage":{"@id":"https:\/\/www.morh.hr\/en\/imotc-named-after-josip-briski\/"},"wordCount":788,"image":{"@id":"https:\/\/www.morh.hr\/en\/imotc-named-after-josip-briski\/#primaryimage"},"thumbnailUrl":"https:\/\/www.morh.hr\/wp-content\/uploads\/2019\/10\/srediste_mvo_josip_briski_190719_n.jpg","articleSection":["Press releases"],"inLanguage":"en-US"},{"@type":"WebPage","@id":"https:\/\/www.morh.hr\/en\/imotc-named-after-josip-briski\/","url":"https:\/\/www.morh.hr\/en\/imotc-named-after-josip-briski\/","name":"IMOTC named after Josip Bri\u0161ki - MORH","isPartOf":{"@id":"https:\/\/www.morh.hr\/en\/#website"},"primaryImageOfPage":{"@id":"https:\/\/www.morh.hr\/en\/imotc-named-after-josip-briski\/#primaryimage"},"image":{"@id":"https:\/\/www.morh.hr\/en\/imotc-named-after-josip-briski\/#primaryimage"},"thumbnailUrl":"https:\/\/www.morh.hr\/wp-content\/uploads\/2019\/10\/srediste_mvo_josip_briski_190719_n.jpg","datePublished":"2019-10-02T10:37:53+00:00","dateModified":"2020-12-10T09:54:58+00:00","author":{"@id":"https:\/\/www.morh.hr\/en\/#\/schema\/person\/2d72e03399043d9513ab6bec75f2ce27"},"description":"\"Josip Bri\u0161ki sacrified his life for peace, and naming the Centre training the soldiers for PKO after him was a tribute\", said Minister Krsti\u010devi\u0107","breadcrumb":{"@id":"https:\/\/www.morh.hr\/en\/imotc-named-after-josip-briski\/#breadcrumb"},"inLanguage":"en-US","potentialAction":[{"@type":"ReadAction","target":["https:\/\/www.morh.hr\/en\/imotc-named-after-josip-briski\/"]}]},{"@type":"ImageObject","inLanguage":"en-US","@id":"https:\/\/www.morh.hr\/en\/imotc-named-after-josip-briski\/#primaryimage","url":"https:\/\/www.morh.hr\/wp-content\/uploads\/2019\/10\/srediste_mvo_josip_briski_190719_n.jpg","contentUrl":"https:\/\/www.morh.hr\/wp-content\/uploads\/2019\/10\/srediste_mvo_josip_briski_190719_n.jpg","width":1200,"height":711,"caption":"U vojarni \u201cVitez Damir Marti\u0107\u201d u Rakitju odr\u017eana je sve\u010danost povodom imenovanja Sredi\u0161ta za me\u0111unarodne vojne operacije \u201cJosip Bri\u0161ki\u201d | Foto: MORH\/M. \u010cobanovi\u0107"},{"@type":"BreadcrumbList","@id":"https:\/\/www.morh.hr\/en\/imotc-named-after-josip-briski\/#breadcrumb","itemListElement":[{"@type":"ListItem","position":1,"name":"Naslovnica","item":"https:\/\/www.morh.hr\/en\/"},{"@type":"ListItem","position":2,"name":"News","item":"https:\/\/www.morh.hr\/en\/kategorija\/news\/"},{"@type":"ListItem","position":3,"name":"Press releases","item":"https:\/\/www.morh.hr\/en\/kategorija\/news\/press-releases\/"},{"@type":"ListItem","position":4,"name":"IMOTC named after Josip Bri\u0161ki"}]},{"@type":"WebSite","@id":"https:\/\/www.morh.hr\/en\/#website","url":"https:\/\/www.morh.hr\/en\/","name":"MORH","description":"Ministarstvo obrane Republike Hrvatske - slu\u017ebene stranice","potentialAction":[{"@type":"SearchAction","target":{"@type":"EntryPoint","urlTemplate":"https:\/\/www.morh.hr\/en\/?s={search_term_string}"},"query-input":{"@type":"PropertyValueSpecification","valueRequired":true,"valueName":"search_term_string"}}],"inLanguage":"en-US"},{"@type":"Person","@id":"https:\/\/www.morh.hr\/en\/#\/schema\/person\/2d72e03399043d9513ab6bec75f2ce27","name":"Drazen","image":{"@type":"ImageObject","inLanguage":"en-US","@id":"https:\/\/www.morh.hr\/en\/#\/schema\/person\/image\/","url":"https:\/\/secure.gravatar.com\/avatar\/e36ef7e573425ae72988c73df868c1e87a656b0e005ca4fd7d30d2ba7e49c9cf?s=96&d=mm&r=g","contentUrl":"https:\/\/secure.gravatar.com\/avatar\/e36ef7e573425ae72988c73df868c1e87a656b0e005ca4fd7d30d2ba7e49c9cf?s=96&d=mm&r=g","caption":"Drazen"}}]}},"_links":{"self":[{"href":"https:\/\/www.morh.hr\/en\/wp-json\/wp\/v2\/posts\/111740","targetHints":{"allow":["GET"]}}],"collection":[{"href":"https:\/\/www.morh.hr\/en\/wp-json\/wp\/v2\/posts"}],"about":[{"href":"https:\/\/www.morh.hr\/en\/wp-json\/wp\/v2\/types\/post"}],"author":[{"embeddable":true,"href":"https:\/\/www.morh.hr\/en\/wp-json\/wp\/v2\/users\/3"}],"replies":[{"embeddable":true,"href":"https:\/\/www.morh.hr\/en\/wp-json\/wp\/v2\/comments?post=111740"}],"version-history":[{"count":0,"href":"https:\/\/www.morh.hr\/en\/wp-json\/wp\/v2\/posts\/111740\/revisions"}],"wp:featuredmedia":[{"embeddable":true,"href":"https:\/\/www.morh.hr\/en\/wp-json\/wp\/v2\/media\/111644"}],"wp:attachment":[{"href":"https:\/\/www.morh.hr\/en\/wp-json\/wp\/v2\/media?parent=111740"}],"wp:term":[{"taxonomy":"category","embeddable":true,"href":"https:\/\/www.morh.hr\/en\/wp-json\/wp\/v2\/categories?post=111740"},{"taxonomy":"post_tag","embeddable":true,"href":"https:\/\/www.morh.hr\/en\/wp-json\/wp\/v2\/tags?post=111740"}],"curies":[{"name":"wp","href":"https:\/\/api.w.org\/{rel}","templated":true}]}}