{"id":11824,"date":"2017-01-20T15:17:35","date_gmt":"2017-01-20T14:17:35","guid":{"rendered":"https:\/\/www.morh.hr\/minister-krsticevic-meets-with-ambassador-of-hungary\/"},"modified":"2017-10-08T18:39:20","modified_gmt":"2017-10-08T16:39:20","slug":"minister-krsticevic-meets-with-ambassador-of-hungary","status":"publish","type":"post","link":"https:\/\/www.morh.hr\/en\/minister-krsticevic-meets-with-ambassador-of-hungary\/","title":{"rendered":"Minister Krsti\u010devi\u0107 meets with Ambassador of Hungary"},"content":{"rendered":"\n<p>The Minister and the Ambassador reviewed the good bilateral co-operation nurtured in several domains, including the joint activities by the special forces and military police forces and the participation in exercises.<br \/>The two sides confirmed shared interests associated with the challenges faced by both\u00a0 countries, and Minister Krsti\u010devi\u0107 underlined the importance of co-operation with the neighbouring Hungary, in view of the centuries-long common history and the Central European identity. <br \/>Mnister Krsti\u010devi\u0107 briefed Ambassador Magyar on the defence-related programme and objectives of the Government and the Ministry of Defence of the Republic of Croatia, stressing the economic growth and enhanced defence and security capabilities as priority. A starting move in that process is the drafting of the National Security Strategy and the concept of the Homeland Security, to be followed by the drafting of the Defence Strategy and of the Military Strategy respectively, as well as new defence-related legislation. A Homeland Security System will be put in place, integrating the capablities of all government bodies to achieve a timely and effective response to security risks and threats.\u00a0 <br \/>Discussing the NATO-EU co-operation, the Minister underlined the global and regional security and stability as an important determinant of the Croatian state politics, which will continue to support the credible\u00a0 and effective security and defence policy of the EU. <br \/>Croatia supports the implementation of the Joint EU-NATO Declaration from the Warsaw Summit, primarily regarding the enhanced co-operation in countering hybrid and cyber threats, enhanced capabilities and resilience and defence industry, said the Minister.\u00a0\u00a0 <br \/>\u00a0The Minister and the Ambassador also addressed the Central European Defence Co-operation, where Croatia supports the proactive approach and the ongoing efforts concerning the migrant crisis, the project prioritisation and\u00a0 clear definition of the concrete role of the member countries&#8217; armed forces in handling the crisis, in view of their legal authority. <\/p>\n[nggallery id=2254]\n<p>\u00a0<\/p>\n","protected":false},"excerpt":{"rendered":"<p>The Croatian Deputy Prime Minister and the Defence Minister Damir Krsti\u010devi\u0107 on 18 January rmet with the Ambassador of Hungary to the Republic of Croatia, H.E. J\u00f3zsef Zolt\u00e1n Magyar.<\/p>\n","protected":false},"author":4698,"featured_media":35940,"comment_status":"closed","ping_status":"closed","sticky":false,"template":"","format":"standard","meta":{"_acf_changed":false,"_monsterinsights_skip_tracking":false,"_monsterinsights_sitenote_active":false,"_monsterinsights_sitenote_note":"","_monsterinsights_sitenote_category":0,"footnotes":""},"categories":[117],"tags":[],"class_list":["post-11824","post","type-post","status-publish","format-standard","has-post-thumbnail","hentry","category-press-releases"],"acf":[],"yoast_head":"<!-- This site is optimized with the Yoast SEO plugin v26.9 - https:\/\/yoast.com\/product\/yoast-seo-wordpress\/ -->\n<title>Minister Krsti\u010devi\u0107 meets with Ambassador of Hungary - MORH<\/title>\n<meta name=\"description\" content=\"The Croatian Deputy Prime Minister and the Defence Minister Damir Krsti\u010devi\u0107 on 18 January rmet with the Ambassador of Hungary to the Republic of Croatia, H.E. J\u00f3zsef Zolt\u00e1n Magyar.\" \/>\n<meta name=\"robots\" content=\"index, follow, max-snippet:-1, max-image-preview:large, max-video-preview:-1\" \/>\n<link rel=\"canonical\" href=\"https:\/\/www.morh.hr\/en\/minister-krsticevic-meets-with-ambassador-of-hungary\/\" \/>\n<meta property=\"og:locale\" content=\"en_US\" \/>\n<meta property=\"og:type\" content=\"article\" \/>\n<meta property=\"og:title\" content=\"Minister Krsti\u010devi\u0107 meets with Ambassador of Hungary - MORH\" \/>\n<meta property=\"og:description\" content=\"The Croatian Deputy Prime Minister and the Defence Minister Damir Krsti\u010devi\u0107 on 18 January rmet with the Ambassador of Hungary to the Republic of Croatia, H.E. J\u00f3zsef Zolt\u00e1n Magyar.\" \/>\n<meta property=\"og:url\" content=\"https:\/\/www.morh.hr\/en\/minister-krsticevic-meets-with-ambassador-of-hungary\/\" \/>\n<meta property=\"og:site_name\" content=\"MORH\" \/>\n<meta property=\"article:publisher\" content=\"https:\/\/www.facebook.com\/sportasiuhrvatskojvojsci\/\" \/>\n<meta property=\"article:published_time\" content=\"2017-01-20T14:17:35+00:00\" \/>\n<meta property=\"article:modified_time\" content=\"2017-10-08T16:39:20+00:00\" \/>\n<meta property=\"og:image\" content=\"https:\/\/www.morh.hr\/wp-content\/uploads\/2017\/10\/madjar_19012017_v-1.jpg\" \/>\n\t<meta property=\"og:image:width\" content=\"1200\" \/>\n\t<meta property=\"og:image:height\" content=\"800\" \/>\n\t<meta property=\"og:image:type\" content=\"image\/jpeg\" \/>\n<meta name=\"author\" content=\"Dra\u017een Palai\u0107\" \/>\n<meta name=\"twitter:card\" content=\"summary_large_image\" \/>\n<meta name=\"twitter:creator\" content=\"@morh_osrh\" \/>\n<meta name=\"twitter:site\" content=\"@morh_osrh\" \/>\n<meta name=\"twitter:label1\" content=\"Written by\" \/>\n\t<meta name=\"twitter:data1\" content=\"Dra\u017een Palai\u0107\" \/>\n\t<meta name=\"twitter:label2\" content=\"Est. reading time\" \/>\n\t<meta name=\"twitter:data2\" content=\"2 minutes\" \/>\n<script type=\"application\/ld+json\" class=\"yoast-schema-graph\">{\"@context\":\"https:\/\/schema.org\",\"@graph\":[{\"@type\":\"Article\",\"@id\":\"https:\/\/www.morh.hr\/en\/minister-krsticevic-meets-with-ambassador-of-hungary\/#article\",\"isPartOf\":{\"@id\":\"https:\/\/www.morh.hr\/en\/minister-krsticevic-meets-with-ambassador-of-hungary\/\"},\"author\":{\"name\":\"Dra\u017een Palai\u0107\",\"@id\":\"https:\/\/www.morh.hr\/en\/#\/schema\/person\/d869c501da72e4d0dd0a19619e43365b\"},\"headline\":\"Minister Krsti\u010devi\u0107 meets with Ambassador of Hungary\",\"datePublished\":\"2017-01-20T14:17:35+00:00\",\"dateModified\":\"2017-10-08T16:39:20+00:00\",\"mainEntityOfPage\":{\"@id\":\"https:\/\/www.morh.hr\/en\/minister-krsticevic-meets-with-ambassador-of-hungary\/\"},\"wordCount\":313,\"image\":{\"@id\":\"https:\/\/www.morh.hr\/en\/minister-krsticevic-meets-with-ambassador-of-hungary\/#primaryimage\"},\"thumbnailUrl\":\"https:\/\/www.morh.hr\/wp-content\/uploads\/2017\/10\/madjar_19012017_v-1.jpg\",\"articleSection\":[\"Press releases\"],\"inLanguage\":\"en-US\"},{\"@type\":\"WebPage\",\"@id\":\"https:\/\/www.morh.hr\/en\/minister-krsticevic-meets-with-ambassador-of-hungary\/\",\"url\":\"https:\/\/www.morh.hr\/en\/minister-krsticevic-meets-with-ambassador-of-hungary\/\",\"name\":\"Minister Krsti\u010devi\u0107 meets with Ambassador of Hungary - MORH\",\"isPartOf\":{\"@id\":\"https:\/\/www.morh.hr\/en\/#website\"},\"primaryImageOfPage\":{\"@id\":\"https:\/\/www.morh.hr\/en\/minister-krsticevic-meets-with-ambassador-of-hungary\/#primaryimage\"},\"image\":{\"@id\":\"https:\/\/www.morh.hr\/en\/minister-krsticevic-meets-with-ambassador-of-hungary\/#primaryimage\"},\"thumbnailUrl\":\"https:\/\/www.morh.hr\/wp-content\/uploads\/2017\/10\/madjar_19012017_v-1.jpg\",\"datePublished\":\"2017-01-20T14:17:35+00:00\",\"dateModified\":\"2017-10-08T16:39:20+00:00\",\"author\":{\"@id\":\"https:\/\/www.morh.hr\/en\/#\/schema\/person\/d869c501da72e4d0dd0a19619e43365b\"},\"description\":\"The Croatian Deputy Prime Minister and the Defence Minister Damir Krsti\u010devi\u0107 on 18 January rmet with the Ambassador of Hungary to the Republic of Croatia, H.E. J\u00f3zsef Zolt\u00e1n Magyar.\",\"breadcrumb\":{\"@id\":\"https:\/\/www.morh.hr\/en\/minister-krsticevic-meets-with-ambassador-of-hungary\/#breadcrumb\"},\"inLanguage\":\"en-US\",\"potentialAction\":[{\"@type\":\"ReadAction\",\"target\":[\"https:\/\/www.morh.hr\/en\/minister-krsticevic-meets-with-ambassador-of-hungary\/\"]}]},{\"@type\":\"ImageObject\",\"inLanguage\":\"en-US\",\"@id\":\"https:\/\/www.morh.hr\/en\/minister-krsticevic-meets-with-ambassador-of-hungary\/#primaryimage\",\"url\":\"https:\/\/www.morh.hr\/wp-content\/uploads\/2017\/10\/madjar_19012017_v-1.jpg\",\"contentUrl\":\"https:\/\/www.morh.hr\/wp-content\/uploads\/2017\/10\/madjar_19012017_v-1.jpg\",\"width\":1200,\"height\":800,\"caption\":\"Foto: MORH\/ J. Kopi\"},{\"@type\":\"BreadcrumbList\",\"@id\":\"https:\/\/www.morh.hr\/en\/minister-krsticevic-meets-with-ambassador-of-hungary\/#breadcrumb\",\"itemListElement\":[{\"@type\":\"ListItem\",\"position\":1,\"name\":\"Naslovnica\",\"item\":\"https:\/\/www.morh.hr\/en\/\"},{\"@type\":\"ListItem\",\"position\":2,\"name\":\"News\",\"item\":\"https:\/\/www.morh.hr\/en\/kategorija\/news\/\"},{\"@type\":\"ListItem\",\"position\":3,\"name\":\"Press releases\",\"item\":\"https:\/\/www.morh.hr\/en\/kategorija\/news\/press-releases\/\"},{\"@type\":\"ListItem\",\"position\":4,\"name\":\"Minister Krsti\u010devi\u0107 meets with Ambassador of Hungary\"}]},{\"@type\":\"WebSite\",\"@id\":\"https:\/\/www.morh.hr\/en\/#website\",\"url\":\"https:\/\/www.morh.hr\/en\/\",\"name\":\"MORH\",\"description\":\"Ministarstvo obrane Republike Hrvatske - slu\u017ebene stranice\",\"potentialAction\":[{\"@type\":\"SearchAction\",\"target\":{\"@type\":\"EntryPoint\",\"urlTemplate\":\"https:\/\/www.morh.hr\/en\/?s={search_term_string}\"},\"query-input\":{\"@type\":\"PropertyValueSpecification\",\"valueRequired\":true,\"valueName\":\"search_term_string\"}}],\"inLanguage\":\"en-US\"},{\"@type\":\"Person\",\"@id\":\"https:\/\/www.morh.hr\/en\/#\/schema\/person\/d869c501da72e4d0dd0a19619e43365b\",\"name\":\"Dra\u017een Palai\u0107\",\"image\":{\"@type\":\"ImageObject\",\"inLanguage\":\"en-US\",\"@id\":\"https:\/\/www.morh.hr\/en\/#\/schema\/person\/image\/\",\"url\":\"https:\/\/secure.gravatar.com\/avatar\/d0a26f3a4e3a77c5a763ec4ae81d77c6e640c2c1ab79187d50b56caf5fd393a6?s=96&d=mm&r=g\",\"contentUrl\":\"https:\/\/secure.gravatar.com\/avatar\/d0a26f3a4e3a77c5a763ec4ae81d77c6e640c2c1ab79187d50b56caf5fd393a6?s=96&d=mm&r=g\",\"caption\":\"Dra\u017een Palai\u0107\"}}]}<\/script>\n<!-- \/ Yoast SEO plugin. -->","yoast_head_json":{"title":"Minister Krsti\u010devi\u0107 meets with Ambassador of Hungary - MORH","description":"The Croatian Deputy Prime Minister and the Defence Minister Damir Krsti\u010devi\u0107 on 18 January rmet with the Ambassador of Hungary to the Republic of Croatia, H.E. J\u00f3zsef Zolt\u00e1n Magyar.","robots":{"index":"index","follow":"follow","max-snippet":"max-snippet:-1","max-image-preview":"max-image-preview:large","max-video-preview":"max-video-preview:-1"},"canonical":"https:\/\/www.morh.hr\/en\/minister-krsticevic-meets-with-ambassador-of-hungary\/","og_locale":"en_US","og_type":"article","og_title":"Minister Krsti\u010devi\u0107 meets with Ambassador of Hungary - MORH","og_description":"The Croatian Deputy Prime Minister and the Defence Minister Damir Krsti\u010devi\u0107 on 18 January rmet with the Ambassador of Hungary to the Republic of Croatia, H.E. J\u00f3zsef Zolt\u00e1n Magyar.","og_url":"https:\/\/www.morh.hr\/en\/minister-krsticevic-meets-with-ambassador-of-hungary\/","og_site_name":"MORH","article_publisher":"https:\/\/www.facebook.com\/sportasiuhrvatskojvojsci\/","article_published_time":"2017-01-20T14:17:35+00:00","article_modified_time":"2017-10-08T16:39:20+00:00","og_image":[{"width":1200,"height":800,"url":"https:\/\/www.morh.hr\/wp-content\/uploads\/2017\/10\/madjar_19012017_v-1.jpg","type":"image\/jpeg"}],"author":"Dra\u017een Palai\u0107","twitter_card":"summary_large_image","twitter_creator":"@morh_osrh","twitter_site":"@morh_osrh","twitter_misc":{"Written by":"Dra\u017een Palai\u0107","Est. reading time":"2 minutes"},"schema":{"@context":"https:\/\/schema.org","@graph":[{"@type":"Article","@id":"https:\/\/www.morh.hr\/en\/minister-krsticevic-meets-with-ambassador-of-hungary\/#article","isPartOf":{"@id":"https:\/\/www.morh.hr\/en\/minister-krsticevic-meets-with-ambassador-of-hungary\/"},"author":{"name":"Dra\u017een Palai\u0107","@id":"https:\/\/www.morh.hr\/en\/#\/schema\/person\/d869c501da72e4d0dd0a19619e43365b"},"headline":"Minister Krsti\u010devi\u0107 meets with Ambassador of Hungary","datePublished":"2017-01-20T14:17:35+00:00","dateModified":"2017-10-08T16:39:20+00:00","mainEntityOfPage":{"@id":"https:\/\/www.morh.hr\/en\/minister-krsticevic-meets-with-ambassador-of-hungary\/"},"wordCount":313,"image":{"@id":"https:\/\/www.morh.hr\/en\/minister-krsticevic-meets-with-ambassador-of-hungary\/#primaryimage"},"thumbnailUrl":"https:\/\/www.morh.hr\/wp-content\/uploads\/2017\/10\/madjar_19012017_v-1.jpg","articleSection":["Press releases"],"inLanguage":"en-US"},{"@type":"WebPage","@id":"https:\/\/www.morh.hr\/en\/minister-krsticevic-meets-with-ambassador-of-hungary\/","url":"https:\/\/www.morh.hr\/en\/minister-krsticevic-meets-with-ambassador-of-hungary\/","name":"Minister Krsti\u010devi\u0107 meets with Ambassador of Hungary - MORH","isPartOf":{"@id":"https:\/\/www.morh.hr\/en\/#website"},"primaryImageOfPage":{"@id":"https:\/\/www.morh.hr\/en\/minister-krsticevic-meets-with-ambassador-of-hungary\/#primaryimage"},"image":{"@id":"https:\/\/www.morh.hr\/en\/minister-krsticevic-meets-with-ambassador-of-hungary\/#primaryimage"},"thumbnailUrl":"https:\/\/www.morh.hr\/wp-content\/uploads\/2017\/10\/madjar_19012017_v-1.jpg","datePublished":"2017-01-20T14:17:35+00:00","dateModified":"2017-10-08T16:39:20+00:00","author":{"@id":"https:\/\/www.morh.hr\/en\/#\/schema\/person\/d869c501da72e4d0dd0a19619e43365b"},"description":"The Croatian Deputy Prime Minister and the Defence Minister Damir Krsti\u010devi\u0107 on 18 January rmet with the Ambassador of Hungary to the Republic of Croatia, H.E. J\u00f3zsef Zolt\u00e1n Magyar.","breadcrumb":{"@id":"https:\/\/www.morh.hr\/en\/minister-krsticevic-meets-with-ambassador-of-hungary\/#breadcrumb"},"inLanguage":"en-US","potentialAction":[{"@type":"ReadAction","target":["https:\/\/www.morh.hr\/en\/minister-krsticevic-meets-with-ambassador-of-hungary\/"]}]},{"@type":"ImageObject","inLanguage":"en-US","@id":"https:\/\/www.morh.hr\/en\/minister-krsticevic-meets-with-ambassador-of-hungary\/#primaryimage","url":"https:\/\/www.morh.hr\/wp-content\/uploads\/2017\/10\/madjar_19012017_v-1.jpg","contentUrl":"https:\/\/www.morh.hr\/wp-content\/uploads\/2017\/10\/madjar_19012017_v-1.jpg","width":1200,"height":800,"caption":"Foto: MORH\/ J. Kopi"},{"@type":"BreadcrumbList","@id":"https:\/\/www.morh.hr\/en\/minister-krsticevic-meets-with-ambassador-of-hungary\/#breadcrumb","itemListElement":[{"@type":"ListItem","position":1,"name":"Naslovnica","item":"https:\/\/www.morh.hr\/en\/"},{"@type":"ListItem","position":2,"name":"News","item":"https:\/\/www.morh.hr\/en\/kategorija\/news\/"},{"@type":"ListItem","position":3,"name":"Press releases","item":"https:\/\/www.morh.hr\/en\/kategorija\/news\/press-releases\/"},{"@type":"ListItem","position":4,"name":"Minister Krsti\u010devi\u0107 meets with Ambassador of Hungary"}]},{"@type":"WebSite","@id":"https:\/\/www.morh.hr\/en\/#website","url":"https:\/\/www.morh.hr\/en\/","name":"MORH","description":"Ministarstvo obrane Republike Hrvatske - slu\u017ebene stranice","potentialAction":[{"@type":"SearchAction","target":{"@type":"EntryPoint","urlTemplate":"https:\/\/www.morh.hr\/en\/?s={search_term_string}"},"query-input":{"@type":"PropertyValueSpecification","valueRequired":true,"valueName":"search_term_string"}}],"inLanguage":"en-US"},{"@type":"Person","@id":"https:\/\/www.morh.hr\/en\/#\/schema\/person\/d869c501da72e4d0dd0a19619e43365b","name":"Dra\u017een Palai\u0107","image":{"@type":"ImageObject","inLanguage":"en-US","@id":"https:\/\/www.morh.hr\/en\/#\/schema\/person\/image\/","url":"https:\/\/secure.gravatar.com\/avatar\/d0a26f3a4e3a77c5a763ec4ae81d77c6e640c2c1ab79187d50b56caf5fd393a6?s=96&d=mm&r=g","contentUrl":"https:\/\/secure.gravatar.com\/avatar\/d0a26f3a4e3a77c5a763ec4ae81d77c6e640c2c1ab79187d50b56caf5fd393a6?s=96&d=mm&r=g","caption":"Dra\u017een Palai\u0107"}}]}},"_links":{"self":[{"href":"https:\/\/www.morh.hr\/en\/wp-json\/wp\/v2\/posts\/11824","targetHints":{"allow":["GET"]}}],"collection":[{"href":"https:\/\/www.morh.hr\/en\/wp-json\/wp\/v2\/posts"}],"about":[{"href":"https:\/\/www.morh.hr\/en\/wp-json\/wp\/v2\/types\/post"}],"author":[{"embeddable":true,"href":"https:\/\/www.morh.hr\/en\/wp-json\/wp\/v2\/users\/4698"}],"replies":[{"embeddable":true,"href":"https:\/\/www.morh.hr\/en\/wp-json\/wp\/v2\/comments?post=11824"}],"version-history":[{"count":0,"href":"https:\/\/www.morh.hr\/en\/wp-json\/wp\/v2\/posts\/11824\/revisions"}],"wp:featuredmedia":[{"embeddable":true,"href":"https:\/\/www.morh.hr\/en\/wp-json\/wp\/v2\/media\/35940"}],"wp:attachment":[{"href":"https:\/\/www.morh.hr\/en\/wp-json\/wp\/v2\/media?parent=11824"}],"wp:term":[{"taxonomy":"category","embeddable":true,"href":"https:\/\/www.morh.hr\/en\/wp-json\/wp\/v2\/categories?post=11824"},{"taxonomy":"post_tag","embeddable":true,"href":"https:\/\/www.morh.hr\/en\/wp-json\/wp\/v2\/tags?post=11824"}],"curies":[{"name":"wp","href":"https:\/\/api.w.org\/{rel}","templated":true}]}}