{"id":119946,"date":"2019-12-10T15:07:40","date_gmt":"2019-12-10T14:07:40","guid":{"rendered":"https:\/\/www.morh.hr\/?p=119946"},"modified":"2020-12-10T10:44:19","modified_gmt":"2020-12-10T09:44:19","slug":"croatian-air-force-and-training-centre-day-marked-at-zemunik","status":"publish","type":"post","link":"https:\/\/www.morh.hr\/en\/croatian-air-force-and-training-centre-day-marked-at-zemunik\/","title":{"rendered":"Croatian Air Force and Training Centre Day marked at Zemunik"},"content":{"rendered":"<p>The Barracks &#8220;Pukovnik Mirko Vuku\u0161i\u0107&#8221; at Zemunik on 6 December 2019 hosted a ceremony marking the 27th anniversary of the Croatian Air Force Training Centre &#8220;Rudolf Pere\u0161in&#8221;, where the new chain of command presented the forthcoming events planned on the occasion of the Croatian Air Force Day.<\/p>\n<p>The delegation headed by the Commander of the Croatian Air Force Brigadier General Michael Kri\u017eanec laid wreaths at the memorial monument to Rudolf Pere\u0161in, and a honorary flypast with Pilatus aircraft was performed by the pilots of the 93rd Wing.<\/p>\n<p>The main ceremony was attended by Commander of the Croatian Air Force Brigadier General Michael Kri\u017eanec, by the Commander of the 93rd Wing Colonel \u017deljko Nini\u0107, by the Commander of the Croatian Air Force Training Centre Colonel Goran Huljev, by the Director of the Multinational Special Aviation (MSAP) Training Centre Lieutenant Colonel Tomislav Pu\u0161nik, the staff of the Croatian Air Force Training Centre and representatives of other units of the Barracks at Zemunik.<\/p>\n<figure id=\"attachment_119581\" aria-describedby=\"caption-attachment-119581\" style=\"width: 1200px\" class=\"wp-caption aligncenter\"><a href=\"https:\/\/www.morh.hr\/wp-content\/uploads\/2019\/12\/zemunik_szo_20191206_04.jpg\"><img loading=\"lazy\" decoding=\"async\" class=\"size-full wp-image-119581\" src=\"https:\/\/www.morh.hr\/wp-content\/uploads\/2019\/12\/zemunik_szo_20191206_04.jpg\" alt=\"\" width=\"1200\" height=\"799\" srcset=\"https:\/\/www.morh.hr\/wp-content\/uploads\/2019\/12\/zemunik_szo_20191206_04.jpg 1200w, https:\/\/www.morh.hr\/wp-content\/uploads\/2019\/12\/zemunik_szo_20191206_04-300x200.jpg 300w, https:\/\/www.morh.hr\/wp-content\/uploads\/2019\/12\/zemunik_szo_20191206_04-1024x682.jpg 1024w, https:\/\/www.morh.hr\/wp-content\/uploads\/2019\/12\/zemunik_szo_20191206_04-768x511.jpg 768w\" sizes=\"auto, (max-width: 1200px) 100vw, 1200px\" \/><\/a><figcaption id=\"caption-attachment-119581\" class=\"wp-caption-text\">U vojarni &#8220;Pukovnik Mirko Vuku\u0161i\u0107&#8221; u Zemuniku odr\u017eano je obilje\u017eavanje 27. obljetnice Sredi\u0161ta za obuku Hrvatskog ratnog zrakoplovstva &#8220;Rudolf Pere\u0161in&#8221; | Foto: MORH \/ J. Kopi<\/figcaption><\/figure>\n<h3>Brigadier General Michael Kri\u017eanec: Busy ceremony marking the anniversary of the Croatian Air Force<\/h3>\n<p>The Commander of the Croatian Air Force Brigadier General Michael Kri\u017eanec congratulated the Training Centre staff and stressed that the Ministry of Defence and the General Staff of the Croatian Armed Forces worked continuously to upgrade the living and working conditions in the Croatian Armed Forces. &#8220;Rudolf Pere\u0161in was a man who possessed a strong sense of duty, for whom the Croatian people and Croatia were absolute priorities&#8221;.<\/p>\n<p>The Commander announced the opening of the Multinational Special Aviation Programme Training Centre (MSAP TC) on 11 December 2019 and formal marking of the Croatian Air Force Day on 12 December, featuring an exhibition dedicated to Rudolf Pere\u0161in.<\/p>\n<p>Brig. Gen. Kri\u017eanec emphasised that the forthcoming events were of high importance for the Croatian Air Force and announced a presentation of the web page www.vojnipilot.hr:<br \/>\n&#8220;It is a progress the promotion of military pilot profession&#8221;.<\/p>\n<p>Colonel Huljev: The Training Centre named in honour of a hero of the Homeland War that Rudolf Pere\u0161in was has the solid ground to train the future generations of pilots, on which the ethical values of soldiers, NCOs and officers are based.<\/p>\n<p>Col. Huljev also summarised the achievements of the Training Centre in the past year, and underlined the Centre&#8217;s staff&#8217;s professionalism and credibility.<\/p>\n<p>&#8220;Our goal for the upcoming period in the Training Centre is to recruit new young staff who will continue building the Centre forward with their enthousiasm and new ideas\u201d, said Colonel Huljev.<\/p>\n<figure id=\"attachment_119586\" aria-describedby=\"caption-attachment-119586\" style=\"width: 1200px\" class=\"wp-caption aligncenter\"><a href=\"https:\/\/www.morh.hr\/wp-content\/uploads\/2019\/12\/zemunik_szo_20191206_03.jpg\"><img loading=\"lazy\" decoding=\"async\" class=\"size-full wp-image-119586\" src=\"https:\/\/www.morh.hr\/wp-content\/uploads\/2019\/12\/zemunik_szo_20191206_03.jpg\" alt=\"\" width=\"1200\" height=\"799\" srcset=\"https:\/\/www.morh.hr\/wp-content\/uploads\/2019\/12\/zemunik_szo_20191206_03.jpg 1200w, https:\/\/www.morh.hr\/wp-content\/uploads\/2019\/12\/zemunik_szo_20191206_03-300x200.jpg 300w, https:\/\/www.morh.hr\/wp-content\/uploads\/2019\/12\/zemunik_szo_20191206_03-1024x682.jpg 1024w, https:\/\/www.morh.hr\/wp-content\/uploads\/2019\/12\/zemunik_szo_20191206_03-768x511.jpg 768w\" sizes=\"auto, (max-width: 1200px) 100vw, 1200px\" \/><\/a><figcaption id=\"caption-attachment-119586\" class=\"wp-caption-text\">U vojarni &#8220;Pukovnik Mirko Vuku\u0161i\u0107&#8221; u Zemuniku odr\u017eano je obilje\u017eavanje 27. obljetnice Sredi\u0161ta za obuku Hrvatskog ratnog zrakoplovstva &#8220;Rudolf Pere\u0161in&#8221; | Foto: MORH \/ J. Kopi<\/figcaption><\/figure>\n<h3>New Commander of the 93rd Wing Colonel Nini\u0107: Fully focussed on performance<\/h3>\n<p>The new Commander of the 93rd Wing of the Croatian Air Force Colonel \u017deljko Nini\u0107 said the Wing was ready for the upcoming events and all other assigned tasks.<\/p>\n<h3>Exhibition &#8220;The Return of the Victor \u2013 in Memory of Rudolf Pere\u0161in\u201d<\/h3>\n<p>The Commander of the Croatian Air Force Training Centre Colonel Goran Huljev said the year 2020 would be remembered for Rudolf Pere\u0161in and the project &#8220;The Return of the Winner&#8221;.<\/p>\n<p>Colonel Huljev announced the exhibition &#8220;The Return of the Winner\u2013 in Memory of Rudolf Pere\u0161in&#8221; will be set up on the occasion of the Air Force Day in the Training Centre and formally opened by Pere\u0161in&#8217;s wife Ljerka. &#8220;The Exhibition will be an opportunity for everybody who knew Rudolf Pere\u0161in to remember his heroic feat for which we are much obliged and which remains a huge motive and inspiration for new pilots for new challenges&#8221;.<\/p>\n<p>The Director of MSAP Lt. Col. Pu\u0161nik: Three factors in favour of the Barracks at Zemunik as the location of MSAP Training Centre &#8211; its geographic location, weather conditions and the capacities available.<\/p>\n<p>The Director of MSAP Lt. Col. Tomislav Pu\u0161nik announced the opening of the Multinational Special Aviation Programme Training Centre (MSAP TC ) on 11 December 2019. &#8220;MSAP TC is a unique multinational project of the Croatian Armed Forces; Croatia is a Host Nation of the Training Centre, and other member nations are Bulgaria, Hungary and Slovenia. The three factors in favour of the Barracks at Zemunik as the location of MSAP Training Centre were its geographic location, weather conditions and the capacities available&#8221;.<\/p>\n[ngg src=&#8221;galleries&#8221; ids=&#8221;3841&#8243; display=&#8221;basic_thumbnail&#8221; thumbnail_crop=&#8221;0&#8243;]\n","protected":false},"excerpt":{"rendered":"<p>Commander of the Croatian Air Force Brig. Gen. Kri\u017eanec announced the opening of the Multinational Special Aviation Programme Training Centre (MSAP TC ) and a formal marking of the Croatian Air Force Day in Zemunik on 11 and 12 December 2019.<\/p>\n","protected":false},"author":3,"featured_media":119521,"comment_status":"closed","ping_status":"closed","sticky":false,"template":"","format":"standard","meta":{"_acf_changed":false,"_monsterinsights_skip_tracking":false,"_monsterinsights_sitenote_active":false,"_monsterinsights_sitenote_note":"","_monsterinsights_sitenote_category":0,"footnotes":""},"categories":[116],"tags":[],"class_list":["post-119946","post","type-post","status-publish","format-standard","has-post-thumbnail","hentry","category-news-news"],"acf":[],"yoast_head":"<!-- This site is optimized with the Yoast SEO plugin v26.9 - https:\/\/yoast.com\/product\/yoast-seo-wordpress\/ -->\n<title>Croatian Air Force and Training Centre Day marked at Zemunik - MORH<\/title>\n<meta name=\"description\" content=\"Commander of the Croatian Air Force Brig. Gen. Kri\u017eanec announced the opening of the Multinational Special Aviation Programme Training Centre (MSAP TC ) and a formal marking of the Croatian Air Force Day in Zemunik on 11 and 12 December 2019.\" \/>\n<meta name=\"robots\" content=\"index, follow, max-snippet:-1, max-image-preview:large, max-video-preview:-1\" \/>\n<link rel=\"canonical\" href=\"https:\/\/www.morh.hr\/en\/croatian-air-force-and-training-centre-day-marked-at-zemunik\/\" \/>\n<meta property=\"og:locale\" content=\"en_US\" \/>\n<meta property=\"og:type\" content=\"article\" \/>\n<meta property=\"og:title\" content=\"Croatian Air Force and Training Centre Day marked at Zemunik - MORH\" \/>\n<meta property=\"og:description\" content=\"Commander of the Croatian Air Force Brig. Gen. Kri\u017eanec announced the opening of the Multinational Special Aviation Programme Training Centre (MSAP TC ) and a formal marking of the Croatian Air Force Day in Zemunik on 11 and 12 December 2019.\" \/>\n<meta property=\"og:url\" content=\"https:\/\/www.morh.hr\/en\/croatian-air-force-and-training-centre-day-marked-at-zemunik\/\" \/>\n<meta property=\"og:site_name\" content=\"MORH\" \/>\n<meta property=\"article:publisher\" content=\"https:\/\/www.facebook.com\/sportasiuhrvatskojvojsci\/\" \/>\n<meta property=\"article:published_time\" content=\"2019-12-10T14:07:40+00:00\" \/>\n<meta property=\"article:modified_time\" content=\"2020-12-10T09:44:19+00:00\" \/>\n<meta property=\"og:image\" content=\"https:\/\/www.morh.hr\/wp-content\/uploads\/2019\/12\/zemunik_2019-12-06.jpg\" \/>\n\t<meta property=\"og:image:width\" content=\"1200\" \/>\n\t<meta property=\"og:image:height\" content=\"800\" \/>\n\t<meta property=\"og:image:type\" content=\"image\/jpeg\" \/>\n<meta name=\"author\" content=\"Drazen\" \/>\n<meta name=\"twitter:card\" content=\"summary_large_image\" \/>\n<meta name=\"twitter:creator\" content=\"@morh_osrh\" \/>\n<meta name=\"twitter:site\" content=\"@morh_osrh\" \/>\n<meta name=\"twitter:label1\" content=\"Written by\" \/>\n\t<meta name=\"twitter:data1\" content=\"Drazen\" \/>\n\t<meta name=\"twitter:label2\" content=\"Est. reading time\" \/>\n\t<meta name=\"twitter:data2\" content=\"4 minutes\" \/>\n<script type=\"application\/ld+json\" class=\"yoast-schema-graph\">{\"@context\":\"https:\/\/schema.org\",\"@graph\":[{\"@type\":\"Article\",\"@id\":\"https:\/\/www.morh.hr\/en\/croatian-air-force-and-training-centre-day-marked-at-zemunik\/#article\",\"isPartOf\":{\"@id\":\"https:\/\/www.morh.hr\/en\/croatian-air-force-and-training-centre-day-marked-at-zemunik\/\"},\"author\":{\"name\":\"Drazen\",\"@id\":\"https:\/\/www.morh.hr\/en\/#\/schema\/person\/2d72e03399043d9513ab6bec75f2ce27\"},\"headline\":\"Croatian Air Force and Training Centre Day marked at Zemunik\",\"datePublished\":\"2019-12-10T14:07:40+00:00\",\"dateModified\":\"2020-12-10T09:44:19+00:00\",\"mainEntityOfPage\":{\"@id\":\"https:\/\/www.morh.hr\/en\/croatian-air-force-and-training-centre-day-marked-at-zemunik\/\"},\"wordCount\":789,\"image\":{\"@id\":\"https:\/\/www.morh.hr\/en\/croatian-air-force-and-training-centre-day-marked-at-zemunik\/#primaryimage\"},\"thumbnailUrl\":\"https:\/\/www.morh.hr\/wp-content\/uploads\/2019\/12\/zemunik_2019-12-06.jpg\",\"articleSection\":[\"News\"],\"inLanguage\":\"en-US\"},{\"@type\":\"WebPage\",\"@id\":\"https:\/\/www.morh.hr\/en\/croatian-air-force-and-training-centre-day-marked-at-zemunik\/\",\"url\":\"https:\/\/www.morh.hr\/en\/croatian-air-force-and-training-centre-day-marked-at-zemunik\/\",\"name\":\"Croatian Air Force and Training Centre Day marked at Zemunik - MORH\",\"isPartOf\":{\"@id\":\"https:\/\/www.morh.hr\/en\/#website\"},\"primaryImageOfPage\":{\"@id\":\"https:\/\/www.morh.hr\/en\/croatian-air-force-and-training-centre-day-marked-at-zemunik\/#primaryimage\"},\"image\":{\"@id\":\"https:\/\/www.morh.hr\/en\/croatian-air-force-and-training-centre-day-marked-at-zemunik\/#primaryimage\"},\"thumbnailUrl\":\"https:\/\/www.morh.hr\/wp-content\/uploads\/2019\/12\/zemunik_2019-12-06.jpg\",\"datePublished\":\"2019-12-10T14:07:40+00:00\",\"dateModified\":\"2020-12-10T09:44:19+00:00\",\"author\":{\"@id\":\"https:\/\/www.morh.hr\/en\/#\/schema\/person\/2d72e03399043d9513ab6bec75f2ce27\"},\"description\":\"Commander of the Croatian Air Force Brig. Gen. Kri\u017eanec announced the opening of the Multinational Special Aviation Programme Training Centre (MSAP TC ) and a formal marking of the Croatian Air Force Day in Zemunik on 11 and 12 December 2019.\",\"breadcrumb\":{\"@id\":\"https:\/\/www.morh.hr\/en\/croatian-air-force-and-training-centre-day-marked-at-zemunik\/#breadcrumb\"},\"inLanguage\":\"en-US\",\"potentialAction\":[{\"@type\":\"ReadAction\",\"target\":[\"https:\/\/www.morh.hr\/en\/croatian-air-force-and-training-centre-day-marked-at-zemunik\/\"]}]},{\"@type\":\"ImageObject\",\"inLanguage\":\"en-US\",\"@id\":\"https:\/\/www.morh.hr\/en\/croatian-air-force-and-training-centre-day-marked-at-zemunik\/#primaryimage\",\"url\":\"https:\/\/www.morh.hr\/wp-content\/uploads\/2019\/12\/zemunik_2019-12-06.jpg\",\"contentUrl\":\"https:\/\/www.morh.hr\/wp-content\/uploads\/2019\/12\/zemunik_2019-12-06.jpg\",\"width\":1200,\"height\":800,\"caption\":\"Obilje\u017een dan Sredi\u0161ta za obuku \\\"Rudolf Pere\u0161in\\\" HRZ-a u Zemuniku | Foto: MORH \/ J. Kopi\"},{\"@type\":\"BreadcrumbList\",\"@id\":\"https:\/\/www.morh.hr\/en\/croatian-air-force-and-training-centre-day-marked-at-zemunik\/#breadcrumb\",\"itemListElement\":[{\"@type\":\"ListItem\",\"position\":1,\"name\":\"Naslovnica\",\"item\":\"https:\/\/www.morh.hr\/en\/\"},{\"@type\":\"ListItem\",\"position\":2,\"name\":\"Vijesti, najave i priop\u0107enja\",\"item\":\"https:\/\/www.morh.hr\/kategorija\/vijesti-najave-priopcenja\/\"},{\"@type\":\"ListItem\",\"position\":3,\"name\":\"Najave\",\"item\":\"https:\/\/www.morh.hr\/kategorija\/vijesti-najave-priopcenja\/najave\/\"},{\"@type\":\"ListItem\",\"position\":4,\"name\":\"Croatian Air Force and Training Centre Day marked at Zemunik\"}]},{\"@type\":\"WebSite\",\"@id\":\"https:\/\/www.morh.hr\/en\/#website\",\"url\":\"https:\/\/www.morh.hr\/en\/\",\"name\":\"MORH\",\"description\":\"Ministarstvo obrane Republike Hrvatske - slu\u017ebene stranice\",\"potentialAction\":[{\"@type\":\"SearchAction\",\"target\":{\"@type\":\"EntryPoint\",\"urlTemplate\":\"https:\/\/www.morh.hr\/en\/?s={search_term_string}\"},\"query-input\":{\"@type\":\"PropertyValueSpecification\",\"valueRequired\":true,\"valueName\":\"search_term_string\"}}],\"inLanguage\":\"en-US\"},{\"@type\":\"Person\",\"@id\":\"https:\/\/www.morh.hr\/en\/#\/schema\/person\/2d72e03399043d9513ab6bec75f2ce27\",\"name\":\"Drazen\",\"image\":{\"@type\":\"ImageObject\",\"inLanguage\":\"en-US\",\"@id\":\"https:\/\/www.morh.hr\/en\/#\/schema\/person\/image\/\",\"url\":\"https:\/\/secure.gravatar.com\/avatar\/e36ef7e573425ae72988c73df868c1e87a656b0e005ca4fd7d30d2ba7e49c9cf?s=96&d=mm&r=g\",\"contentUrl\":\"https:\/\/secure.gravatar.com\/avatar\/e36ef7e573425ae72988c73df868c1e87a656b0e005ca4fd7d30d2ba7e49c9cf?s=96&d=mm&r=g\",\"caption\":\"Drazen\"}}]}<\/script>\n<!-- \/ Yoast SEO plugin. -->","yoast_head_json":{"title":"Croatian Air Force and Training Centre Day marked at Zemunik - MORH","description":"Commander of the Croatian Air Force Brig. Gen. Kri\u017eanec announced the opening of the Multinational Special Aviation Programme Training Centre (MSAP TC ) and a formal marking of the Croatian Air Force Day in Zemunik on 11 and 12 December 2019.","robots":{"index":"index","follow":"follow","max-snippet":"max-snippet:-1","max-image-preview":"max-image-preview:large","max-video-preview":"max-video-preview:-1"},"canonical":"https:\/\/www.morh.hr\/en\/croatian-air-force-and-training-centre-day-marked-at-zemunik\/","og_locale":"en_US","og_type":"article","og_title":"Croatian Air Force and Training Centre Day marked at Zemunik - MORH","og_description":"Commander of the Croatian Air Force Brig. Gen. Kri\u017eanec announced the opening of the Multinational Special Aviation Programme Training Centre (MSAP TC ) and a formal marking of the Croatian Air Force Day in Zemunik on 11 and 12 December 2019.","og_url":"https:\/\/www.morh.hr\/en\/croatian-air-force-and-training-centre-day-marked-at-zemunik\/","og_site_name":"MORH","article_publisher":"https:\/\/www.facebook.com\/sportasiuhrvatskojvojsci\/","article_published_time":"2019-12-10T14:07:40+00:00","article_modified_time":"2020-12-10T09:44:19+00:00","og_image":[{"width":1200,"height":800,"url":"https:\/\/www.morh.hr\/wp-content\/uploads\/2019\/12\/zemunik_2019-12-06.jpg","type":"image\/jpeg"}],"author":"Drazen","twitter_card":"summary_large_image","twitter_creator":"@morh_osrh","twitter_site":"@morh_osrh","twitter_misc":{"Written by":"Drazen","Est. reading time":"4 minutes"},"schema":{"@context":"https:\/\/schema.org","@graph":[{"@type":"Article","@id":"https:\/\/www.morh.hr\/en\/croatian-air-force-and-training-centre-day-marked-at-zemunik\/#article","isPartOf":{"@id":"https:\/\/www.morh.hr\/en\/croatian-air-force-and-training-centre-day-marked-at-zemunik\/"},"author":{"name":"Drazen","@id":"https:\/\/www.morh.hr\/en\/#\/schema\/person\/2d72e03399043d9513ab6bec75f2ce27"},"headline":"Croatian Air Force and Training Centre Day marked at Zemunik","datePublished":"2019-12-10T14:07:40+00:00","dateModified":"2020-12-10T09:44:19+00:00","mainEntityOfPage":{"@id":"https:\/\/www.morh.hr\/en\/croatian-air-force-and-training-centre-day-marked-at-zemunik\/"},"wordCount":789,"image":{"@id":"https:\/\/www.morh.hr\/en\/croatian-air-force-and-training-centre-day-marked-at-zemunik\/#primaryimage"},"thumbnailUrl":"https:\/\/www.morh.hr\/wp-content\/uploads\/2019\/12\/zemunik_2019-12-06.jpg","articleSection":["News"],"inLanguage":"en-US"},{"@type":"WebPage","@id":"https:\/\/www.morh.hr\/en\/croatian-air-force-and-training-centre-day-marked-at-zemunik\/","url":"https:\/\/www.morh.hr\/en\/croatian-air-force-and-training-centre-day-marked-at-zemunik\/","name":"Croatian Air Force and Training Centre Day marked at Zemunik - MORH","isPartOf":{"@id":"https:\/\/www.morh.hr\/en\/#website"},"primaryImageOfPage":{"@id":"https:\/\/www.morh.hr\/en\/croatian-air-force-and-training-centre-day-marked-at-zemunik\/#primaryimage"},"image":{"@id":"https:\/\/www.morh.hr\/en\/croatian-air-force-and-training-centre-day-marked-at-zemunik\/#primaryimage"},"thumbnailUrl":"https:\/\/www.morh.hr\/wp-content\/uploads\/2019\/12\/zemunik_2019-12-06.jpg","datePublished":"2019-12-10T14:07:40+00:00","dateModified":"2020-12-10T09:44:19+00:00","author":{"@id":"https:\/\/www.morh.hr\/en\/#\/schema\/person\/2d72e03399043d9513ab6bec75f2ce27"},"description":"Commander of the Croatian Air Force Brig. Gen. Kri\u017eanec announced the opening of the Multinational Special Aviation Programme Training Centre (MSAP TC ) and a formal marking of the Croatian Air Force Day in Zemunik on 11 and 12 December 2019.","breadcrumb":{"@id":"https:\/\/www.morh.hr\/en\/croatian-air-force-and-training-centre-day-marked-at-zemunik\/#breadcrumb"},"inLanguage":"en-US","potentialAction":[{"@type":"ReadAction","target":["https:\/\/www.morh.hr\/en\/croatian-air-force-and-training-centre-day-marked-at-zemunik\/"]}]},{"@type":"ImageObject","inLanguage":"en-US","@id":"https:\/\/www.morh.hr\/en\/croatian-air-force-and-training-centre-day-marked-at-zemunik\/#primaryimage","url":"https:\/\/www.morh.hr\/wp-content\/uploads\/2019\/12\/zemunik_2019-12-06.jpg","contentUrl":"https:\/\/www.morh.hr\/wp-content\/uploads\/2019\/12\/zemunik_2019-12-06.jpg","width":1200,"height":800,"caption":"Obilje\u017een dan Sredi\u0161ta za obuku \"Rudolf Pere\u0161in\" HRZ-a u Zemuniku | Foto: MORH \/ J. Kopi"},{"@type":"BreadcrumbList","@id":"https:\/\/www.morh.hr\/en\/croatian-air-force-and-training-centre-day-marked-at-zemunik\/#breadcrumb","itemListElement":[{"@type":"ListItem","position":1,"name":"Naslovnica","item":"https:\/\/www.morh.hr\/en\/"},{"@type":"ListItem","position":2,"name":"Vijesti, najave i priop\u0107enja","item":"https:\/\/www.morh.hr\/kategorija\/vijesti-najave-priopcenja\/"},{"@type":"ListItem","position":3,"name":"Najave","item":"https:\/\/www.morh.hr\/kategorija\/vijesti-najave-priopcenja\/najave\/"},{"@type":"ListItem","position":4,"name":"Croatian Air Force and Training Centre Day marked at Zemunik"}]},{"@type":"WebSite","@id":"https:\/\/www.morh.hr\/en\/#website","url":"https:\/\/www.morh.hr\/en\/","name":"MORH","description":"Ministarstvo obrane Republike Hrvatske - slu\u017ebene stranice","potentialAction":[{"@type":"SearchAction","target":{"@type":"EntryPoint","urlTemplate":"https:\/\/www.morh.hr\/en\/?s={search_term_string}"},"query-input":{"@type":"PropertyValueSpecification","valueRequired":true,"valueName":"search_term_string"}}],"inLanguage":"en-US"},{"@type":"Person","@id":"https:\/\/www.morh.hr\/en\/#\/schema\/person\/2d72e03399043d9513ab6bec75f2ce27","name":"Drazen","image":{"@type":"ImageObject","inLanguage":"en-US","@id":"https:\/\/www.morh.hr\/en\/#\/schema\/person\/image\/","url":"https:\/\/secure.gravatar.com\/avatar\/e36ef7e573425ae72988c73df868c1e87a656b0e005ca4fd7d30d2ba7e49c9cf?s=96&d=mm&r=g","contentUrl":"https:\/\/secure.gravatar.com\/avatar\/e36ef7e573425ae72988c73df868c1e87a656b0e005ca4fd7d30d2ba7e49c9cf?s=96&d=mm&r=g","caption":"Drazen"}}]}},"_links":{"self":[{"href":"https:\/\/www.morh.hr\/en\/wp-json\/wp\/v2\/posts\/119946","targetHints":{"allow":["GET"]}}],"collection":[{"href":"https:\/\/www.morh.hr\/en\/wp-json\/wp\/v2\/posts"}],"about":[{"href":"https:\/\/www.morh.hr\/en\/wp-json\/wp\/v2\/types\/post"}],"author":[{"embeddable":true,"href":"https:\/\/www.morh.hr\/en\/wp-json\/wp\/v2\/users\/3"}],"replies":[{"embeddable":true,"href":"https:\/\/www.morh.hr\/en\/wp-json\/wp\/v2\/comments?post=119946"}],"version-history":[{"count":0,"href":"https:\/\/www.morh.hr\/en\/wp-json\/wp\/v2\/posts\/119946\/revisions"}],"wp:featuredmedia":[{"embeddable":true,"href":"https:\/\/www.morh.hr\/en\/wp-json\/wp\/v2\/media\/119521"}],"wp:attachment":[{"href":"https:\/\/www.morh.hr\/en\/wp-json\/wp\/v2\/media?parent=119946"}],"wp:term":[{"taxonomy":"category","embeddable":true,"href":"https:\/\/www.morh.hr\/en\/wp-json\/wp\/v2\/categories?post=119946"},{"taxonomy":"post_tag","embeddable":true,"href":"https:\/\/www.morh.hr\/en\/wp-json\/wp\/v2\/tags?post=119946"}],"curies":[{"name":"wp","href":"https:\/\/api.w.org\/{rel}","templated":true}]}}