{"id":119949,"date":"2019-12-10T12:32:31","date_gmt":"2019-12-10T11:32:31","guid":{"rendered":"https:\/\/www.morh.hr\/?p=119949"},"modified":"2020-12-10T10:44:20","modified_gmt":"2020-12-10T09:44:20","slug":"minister-krsticevic-and-general-sundov-meet-with-u-s-defense-attache","status":"publish","type":"post","link":"https:\/\/www.morh.hr\/en\/minister-krsticevic-and-general-sundov-meet-with-u-s-defense-attache\/","title":{"rendered":"Minister Krsti\u010devi\u0107 and General \u0160undov meet with U.S. Defense Attach\u00e9"},"content":{"rendered":"<p>Minister Krsti\u010devi\u0107and General \u0160undov extended appreciation to Colonel Mathers for his contribution to the development of the co-operation of the United States and the Republic of Croatia in defence and security and the U.S. donations to the Croatian Armed Forces and the projects executed.&nbsp;<\/p>\n","protected":false},"excerpt":{"rendered":"<p>The Deputy Prime Minister and Defence Minister Damir Krsti\u010devi\u0107 and the Chief of the General Staff of the Croatian Armed Forces General Mirko \u0160undov on 3 December 2019 met with the departing U.S. Defense Attach\u00e9 Colonel Robert Mathers.<\/p>\n","protected":false},"author":3,"featured_media":119202,"comment_status":"closed","ping_status":"closed","sticky":false,"template":"","format":"standard","meta":{"_acf_changed":false,"_monsterinsights_skip_tracking":false,"_monsterinsights_sitenote_active":false,"_monsterinsights_sitenote_note":"","_monsterinsights_sitenote_category":0,"footnotes":""},"categories":[116],"tags":[],"class_list":["post-119949","post","type-post","status-publish","format-standard","has-post-thumbnail","hentry","category-news-news"],"acf":[],"yoast_head":"<!-- This site is optimized with the Yoast SEO plugin v26.9 - https:\/\/yoast.com\/product\/yoast-seo-wordpress\/ -->\n<title>Minister Krsti\u010devi\u0107 and General \u0160undov meet with U.S. Defense Attach\u00e9 - MORH<\/title>\n<meta name=\"description\" content=\"The Deputy Prime Minister and Defence Minister Damir Krsti\u010devi\u0107 and the Chief of the General Staff of the Croatian Armed Forces General Mirko \u0160undov on 3 December 2019 met with the departing U.S. Defense Attach\u00e9 Colonel Robert Mathers.\" \/>\n<meta name=\"robots\" content=\"index, follow, max-snippet:-1, max-image-preview:large, max-video-preview:-1\" \/>\n<link rel=\"canonical\" href=\"https:\/\/www.morh.hr\/en\/minister-krsticevic-and-general-sundov-meet-with-u-s-defense-attache\/\" \/>\n<meta property=\"og:locale\" content=\"en_US\" \/>\n<meta property=\"og:type\" content=\"article\" \/>\n<meta property=\"og:title\" content=\"Minister Krsti\u010devi\u0107 and General \u0160undov meet with U.S. Defense Attach\u00e9 - MORH\" \/>\n<meta property=\"og:description\" content=\"The Deputy Prime Minister and Defence Minister Damir Krsti\u010devi\u0107 and the Chief of the General Staff of the Croatian Armed Forces General Mirko \u0160undov on 3 December 2019 met with the departing U.S. Defense Attach\u00e9 Colonel Robert Mathers.\" \/>\n<meta property=\"og:url\" content=\"https:\/\/www.morh.hr\/en\/minister-krsticevic-and-general-sundov-meet-with-u-s-defense-attache\/\" \/>\n<meta property=\"og:site_name\" content=\"MORH\" \/>\n<meta property=\"article:publisher\" content=\"https:\/\/www.facebook.com\/sportasiuhrvatskojvojsci\/\" \/>\n<meta property=\"article:published_time\" content=\"2019-12-10T11:32:31+00:00\" \/>\n<meta property=\"article:modified_time\" content=\"2020-12-10T09:44:20+00:00\" \/>\n<meta property=\"og:image\" content=\"https:\/\/www.morh.hr\/wp-content\/uploads\/2019\/12\/meters_oprostajni_03122019.jpg\" \/>\n\t<meta property=\"og:image:width\" content=\"1200\" \/>\n\t<meta property=\"og:image:height\" content=\"800\" \/>\n\t<meta property=\"og:image:type\" content=\"image\/jpeg\" \/>\n<meta name=\"author\" content=\"Drazen\" \/>\n<meta name=\"twitter:card\" content=\"summary_large_image\" \/>\n<meta name=\"twitter:creator\" content=\"@morh_osrh\" \/>\n<meta name=\"twitter:site\" content=\"@morh_osrh\" \/>\n<meta name=\"twitter:label1\" content=\"Written by\" \/>\n\t<meta name=\"twitter:data1\" content=\"Drazen\" \/>\n<script type=\"application\/ld+json\" class=\"yoast-schema-graph\">{\"@context\":\"https:\/\/schema.org\",\"@graph\":[{\"@type\":\"Article\",\"@id\":\"https:\/\/www.morh.hr\/en\/minister-krsticevic-and-general-sundov-meet-with-u-s-defense-attache\/#article\",\"isPartOf\":{\"@id\":\"https:\/\/www.morh.hr\/en\/minister-krsticevic-and-general-sundov-meet-with-u-s-defense-attache\/\"},\"author\":{\"name\":\"Drazen\",\"@id\":\"https:\/\/www.morh.hr\/en\/#\/schema\/person\/2d72e03399043d9513ab6bec75f2ce27\"},\"headline\":\"Minister Krsti\u010devi\u0107 and General \u0160undov meet with U.S. Defense Attach\u00e9\",\"datePublished\":\"2019-12-10T11:32:31+00:00\",\"dateModified\":\"2020-12-10T09:44:20+00:00\",\"mainEntityOfPage\":{\"@id\":\"https:\/\/www.morh.hr\/en\/minister-krsticevic-and-general-sundov-meet-with-u-s-defense-attache\/\"},\"wordCount\":60,\"image\":{\"@id\":\"https:\/\/www.morh.hr\/en\/minister-krsticevic-and-general-sundov-meet-with-u-s-defense-attache\/#primaryimage\"},\"thumbnailUrl\":\"https:\/\/www.morh.hr\/wp-content\/uploads\/2019\/12\/meters_oprostajni_03122019.jpg\",\"articleSection\":[\"News\"],\"inLanguage\":\"en-US\"},{\"@type\":\"WebPage\",\"@id\":\"https:\/\/www.morh.hr\/en\/minister-krsticevic-and-general-sundov-meet-with-u-s-defense-attache\/\",\"url\":\"https:\/\/www.morh.hr\/en\/minister-krsticevic-and-general-sundov-meet-with-u-s-defense-attache\/\",\"name\":\"Minister Krsti\u010devi\u0107 and General \u0160undov meet with U.S. Defense Attach\u00e9 - MORH\",\"isPartOf\":{\"@id\":\"https:\/\/www.morh.hr\/en\/#website\"},\"primaryImageOfPage\":{\"@id\":\"https:\/\/www.morh.hr\/en\/minister-krsticevic-and-general-sundov-meet-with-u-s-defense-attache\/#primaryimage\"},\"image\":{\"@id\":\"https:\/\/www.morh.hr\/en\/minister-krsticevic-and-general-sundov-meet-with-u-s-defense-attache\/#primaryimage\"},\"thumbnailUrl\":\"https:\/\/www.morh.hr\/wp-content\/uploads\/2019\/12\/meters_oprostajni_03122019.jpg\",\"datePublished\":\"2019-12-10T11:32:31+00:00\",\"dateModified\":\"2020-12-10T09:44:20+00:00\",\"author\":{\"@id\":\"https:\/\/www.morh.hr\/en\/#\/schema\/person\/2d72e03399043d9513ab6bec75f2ce27\"},\"description\":\"The Deputy Prime Minister and Defence Minister Damir Krsti\u010devi\u0107 and the Chief of the General Staff of the Croatian Armed Forces General Mirko \u0160undov on 3 December 2019 met with the departing U.S. Defense Attach\u00e9 Colonel Robert Mathers.\",\"breadcrumb\":{\"@id\":\"https:\/\/www.morh.hr\/en\/minister-krsticevic-and-general-sundov-meet-with-u-s-defense-attache\/#breadcrumb\"},\"inLanguage\":\"en-US\",\"potentialAction\":[{\"@type\":\"ReadAction\",\"target\":[\"https:\/\/www.morh.hr\/en\/minister-krsticevic-and-general-sundov-meet-with-u-s-defense-attache\/\"]}]},{\"@type\":\"ImageObject\",\"inLanguage\":\"en-US\",\"@id\":\"https:\/\/www.morh.hr\/en\/minister-krsticevic-and-general-sundov-meet-with-u-s-defense-attache\/#primaryimage\",\"url\":\"https:\/\/www.morh.hr\/wp-content\/uploads\/2019\/12\/meters_oprostajni_03122019.jpg\",\"contentUrl\":\"https:\/\/www.morh.hr\/wp-content\/uploads\/2019\/12\/meters_oprostajni_03122019.jpg\",\"width\":1200,\"height\":800,\"caption\":\"Ministar Krsti\u010devi\u0107 primio ameri\u010dkog vojnog izaslanika u opro\u0161tajni posjet | Foto: MORH \/ J. Kopi\"},{\"@type\":\"BreadcrumbList\",\"@id\":\"https:\/\/www.morh.hr\/en\/minister-krsticevic-and-general-sundov-meet-with-u-s-defense-attache\/#breadcrumb\",\"itemListElement\":[{\"@type\":\"ListItem\",\"position\":1,\"name\":\"Naslovnica\",\"item\":\"https:\/\/www.morh.hr\/en\/\"},{\"@type\":\"ListItem\",\"position\":2,\"name\":\"News\",\"item\":\"https:\/\/www.morh.hr\/en\/kategorija\/news\/\"},{\"@type\":\"ListItem\",\"position\":3,\"name\":\"News\",\"item\":\"https:\/\/www.morh.hr\/en\/kategorija\/news\/news-news\/\"},{\"@type\":\"ListItem\",\"position\":4,\"name\":\"Minister Krsti\u010devi\u0107 and General \u0160undov meet with U.S. Defense Attach\u00e9\"}]},{\"@type\":\"WebSite\",\"@id\":\"https:\/\/www.morh.hr\/en\/#website\",\"url\":\"https:\/\/www.morh.hr\/en\/\",\"name\":\"MORH\",\"description\":\"Ministarstvo obrane Republike Hrvatske - slu\u017ebene stranice\",\"potentialAction\":[{\"@type\":\"SearchAction\",\"target\":{\"@type\":\"EntryPoint\",\"urlTemplate\":\"https:\/\/www.morh.hr\/en\/?s={search_term_string}\"},\"query-input\":{\"@type\":\"PropertyValueSpecification\",\"valueRequired\":true,\"valueName\":\"search_term_string\"}}],\"inLanguage\":\"en-US\"},{\"@type\":\"Person\",\"@id\":\"https:\/\/www.morh.hr\/en\/#\/schema\/person\/2d72e03399043d9513ab6bec75f2ce27\",\"name\":\"Drazen\",\"image\":{\"@type\":\"ImageObject\",\"inLanguage\":\"en-US\",\"@id\":\"https:\/\/www.morh.hr\/en\/#\/schema\/person\/image\/\",\"url\":\"https:\/\/secure.gravatar.com\/avatar\/e36ef7e573425ae72988c73df868c1e87a656b0e005ca4fd7d30d2ba7e49c9cf?s=96&d=mm&r=g\",\"contentUrl\":\"https:\/\/secure.gravatar.com\/avatar\/e36ef7e573425ae72988c73df868c1e87a656b0e005ca4fd7d30d2ba7e49c9cf?s=96&d=mm&r=g\",\"caption\":\"Drazen\"}}]}<\/script>\n<!-- \/ Yoast SEO plugin. -->","yoast_head_json":{"title":"Minister Krsti\u010devi\u0107 and General \u0160undov meet with U.S. Defense Attach\u00e9 - MORH","description":"The Deputy Prime Minister and Defence Minister Damir Krsti\u010devi\u0107 and the Chief of the General Staff of the Croatian Armed Forces General Mirko \u0160undov on 3 December 2019 met with the departing U.S. Defense Attach\u00e9 Colonel Robert Mathers.","robots":{"index":"index","follow":"follow","max-snippet":"max-snippet:-1","max-image-preview":"max-image-preview:large","max-video-preview":"max-video-preview:-1"},"canonical":"https:\/\/www.morh.hr\/en\/minister-krsticevic-and-general-sundov-meet-with-u-s-defense-attache\/","og_locale":"en_US","og_type":"article","og_title":"Minister Krsti\u010devi\u0107 and General \u0160undov meet with U.S. Defense Attach\u00e9 - MORH","og_description":"The Deputy Prime Minister and Defence Minister Damir Krsti\u010devi\u0107 and the Chief of the General Staff of the Croatian Armed Forces General Mirko \u0160undov on 3 December 2019 met with the departing U.S. Defense Attach\u00e9 Colonel Robert Mathers.","og_url":"https:\/\/www.morh.hr\/en\/minister-krsticevic-and-general-sundov-meet-with-u-s-defense-attache\/","og_site_name":"MORH","article_publisher":"https:\/\/www.facebook.com\/sportasiuhrvatskojvojsci\/","article_published_time":"2019-12-10T11:32:31+00:00","article_modified_time":"2020-12-10T09:44:20+00:00","og_image":[{"width":1200,"height":800,"url":"https:\/\/www.morh.hr\/wp-content\/uploads\/2019\/12\/meters_oprostajni_03122019.jpg","type":"image\/jpeg"}],"author":"Drazen","twitter_card":"summary_large_image","twitter_creator":"@morh_osrh","twitter_site":"@morh_osrh","twitter_misc":{"Written by":"Drazen"},"schema":{"@context":"https:\/\/schema.org","@graph":[{"@type":"Article","@id":"https:\/\/www.morh.hr\/en\/minister-krsticevic-and-general-sundov-meet-with-u-s-defense-attache\/#article","isPartOf":{"@id":"https:\/\/www.morh.hr\/en\/minister-krsticevic-and-general-sundov-meet-with-u-s-defense-attache\/"},"author":{"name":"Drazen","@id":"https:\/\/www.morh.hr\/en\/#\/schema\/person\/2d72e03399043d9513ab6bec75f2ce27"},"headline":"Minister Krsti\u010devi\u0107 and General \u0160undov meet with U.S. Defense Attach\u00e9","datePublished":"2019-12-10T11:32:31+00:00","dateModified":"2020-12-10T09:44:20+00:00","mainEntityOfPage":{"@id":"https:\/\/www.morh.hr\/en\/minister-krsticevic-and-general-sundov-meet-with-u-s-defense-attache\/"},"wordCount":60,"image":{"@id":"https:\/\/www.morh.hr\/en\/minister-krsticevic-and-general-sundov-meet-with-u-s-defense-attache\/#primaryimage"},"thumbnailUrl":"https:\/\/www.morh.hr\/wp-content\/uploads\/2019\/12\/meters_oprostajni_03122019.jpg","articleSection":["News"],"inLanguage":"en-US"},{"@type":"WebPage","@id":"https:\/\/www.morh.hr\/en\/minister-krsticevic-and-general-sundov-meet-with-u-s-defense-attache\/","url":"https:\/\/www.morh.hr\/en\/minister-krsticevic-and-general-sundov-meet-with-u-s-defense-attache\/","name":"Minister Krsti\u010devi\u0107 and General \u0160undov meet with U.S. Defense Attach\u00e9 - MORH","isPartOf":{"@id":"https:\/\/www.morh.hr\/en\/#website"},"primaryImageOfPage":{"@id":"https:\/\/www.morh.hr\/en\/minister-krsticevic-and-general-sundov-meet-with-u-s-defense-attache\/#primaryimage"},"image":{"@id":"https:\/\/www.morh.hr\/en\/minister-krsticevic-and-general-sundov-meet-with-u-s-defense-attache\/#primaryimage"},"thumbnailUrl":"https:\/\/www.morh.hr\/wp-content\/uploads\/2019\/12\/meters_oprostajni_03122019.jpg","datePublished":"2019-12-10T11:32:31+00:00","dateModified":"2020-12-10T09:44:20+00:00","author":{"@id":"https:\/\/www.morh.hr\/en\/#\/schema\/person\/2d72e03399043d9513ab6bec75f2ce27"},"description":"The Deputy Prime Minister and Defence Minister Damir Krsti\u010devi\u0107 and the Chief of the General Staff of the Croatian Armed Forces General Mirko \u0160undov on 3 December 2019 met with the departing U.S. Defense Attach\u00e9 Colonel Robert Mathers.","breadcrumb":{"@id":"https:\/\/www.morh.hr\/en\/minister-krsticevic-and-general-sundov-meet-with-u-s-defense-attache\/#breadcrumb"},"inLanguage":"en-US","potentialAction":[{"@type":"ReadAction","target":["https:\/\/www.morh.hr\/en\/minister-krsticevic-and-general-sundov-meet-with-u-s-defense-attache\/"]}]},{"@type":"ImageObject","inLanguage":"en-US","@id":"https:\/\/www.morh.hr\/en\/minister-krsticevic-and-general-sundov-meet-with-u-s-defense-attache\/#primaryimage","url":"https:\/\/www.morh.hr\/wp-content\/uploads\/2019\/12\/meters_oprostajni_03122019.jpg","contentUrl":"https:\/\/www.morh.hr\/wp-content\/uploads\/2019\/12\/meters_oprostajni_03122019.jpg","width":1200,"height":800,"caption":"Ministar Krsti\u010devi\u0107 primio ameri\u010dkog vojnog izaslanika u opro\u0161tajni posjet | Foto: MORH \/ J. Kopi"},{"@type":"BreadcrumbList","@id":"https:\/\/www.morh.hr\/en\/minister-krsticevic-and-general-sundov-meet-with-u-s-defense-attache\/#breadcrumb","itemListElement":[{"@type":"ListItem","position":1,"name":"Naslovnica","item":"https:\/\/www.morh.hr\/en\/"},{"@type":"ListItem","position":2,"name":"News","item":"https:\/\/www.morh.hr\/en\/kategorija\/news\/"},{"@type":"ListItem","position":3,"name":"News","item":"https:\/\/www.morh.hr\/en\/kategorija\/news\/news-news\/"},{"@type":"ListItem","position":4,"name":"Minister Krsti\u010devi\u0107 and General \u0160undov meet with U.S. Defense Attach\u00e9"}]},{"@type":"WebSite","@id":"https:\/\/www.morh.hr\/en\/#website","url":"https:\/\/www.morh.hr\/en\/","name":"MORH","description":"Ministarstvo obrane Republike Hrvatske - slu\u017ebene stranice","potentialAction":[{"@type":"SearchAction","target":{"@type":"EntryPoint","urlTemplate":"https:\/\/www.morh.hr\/en\/?s={search_term_string}"},"query-input":{"@type":"PropertyValueSpecification","valueRequired":true,"valueName":"search_term_string"}}],"inLanguage":"en-US"},{"@type":"Person","@id":"https:\/\/www.morh.hr\/en\/#\/schema\/person\/2d72e03399043d9513ab6bec75f2ce27","name":"Drazen","image":{"@type":"ImageObject","inLanguage":"en-US","@id":"https:\/\/www.morh.hr\/en\/#\/schema\/person\/image\/","url":"https:\/\/secure.gravatar.com\/avatar\/e36ef7e573425ae72988c73df868c1e87a656b0e005ca4fd7d30d2ba7e49c9cf?s=96&d=mm&r=g","contentUrl":"https:\/\/secure.gravatar.com\/avatar\/e36ef7e573425ae72988c73df868c1e87a656b0e005ca4fd7d30d2ba7e49c9cf?s=96&d=mm&r=g","caption":"Drazen"}}]}},"_links":{"self":[{"href":"https:\/\/www.morh.hr\/en\/wp-json\/wp\/v2\/posts\/119949","targetHints":{"allow":["GET"]}}],"collection":[{"href":"https:\/\/www.morh.hr\/en\/wp-json\/wp\/v2\/posts"}],"about":[{"href":"https:\/\/www.morh.hr\/en\/wp-json\/wp\/v2\/types\/post"}],"author":[{"embeddable":true,"href":"https:\/\/www.morh.hr\/en\/wp-json\/wp\/v2\/users\/3"}],"replies":[{"embeddable":true,"href":"https:\/\/www.morh.hr\/en\/wp-json\/wp\/v2\/comments?post=119949"}],"version-history":[{"count":0,"href":"https:\/\/www.morh.hr\/en\/wp-json\/wp\/v2\/posts\/119949\/revisions"}],"wp:featuredmedia":[{"embeddable":true,"href":"https:\/\/www.morh.hr\/en\/wp-json\/wp\/v2\/media\/119202"}],"wp:attachment":[{"href":"https:\/\/www.morh.hr\/en\/wp-json\/wp\/v2\/media?parent=119949"}],"wp:term":[{"taxonomy":"category","embeddable":true,"href":"https:\/\/www.morh.hr\/en\/wp-json\/wp\/v2\/categories?post=119949"},{"taxonomy":"post_tag","embeddable":true,"href":"https:\/\/www.morh.hr\/en\/wp-json\/wp\/v2\/tags?post=119949"}],"curies":[{"name":"wp","href":"https:\/\/api.w.org\/{rel}","templated":true}]}}