{"id":120195,"date":"2019-12-12T13:39:23","date_gmt":"2019-12-12T12:39:23","guid":{"rendered":"https:\/\/www.morh.hr\/?p=120195"},"modified":"2020-12-10T10:44:18","modified_gmt":"2020-12-10T09:44:18","slug":"multinational-special-aviation-training-centre-msap-tc-formally-opened-at-zemunik","status":"publish","type":"post","link":"https:\/\/www.morh.hr\/en\/multinational-special-aviation-training-centre-msap-tc-formally-opened-at-zemunik\/","title":{"rendered":"Multinational Special Aviation Training Centre (MSAP TC) formally opened at Zemunik"},"content":{"rendered":"<p>The Multinational Special Aviation Training Centre (MSAP TC) was formally opened in the Barracks &#8220;Pukovnik Mirko Vuku\u0161i\u0107&#8221; at Zemunik on 11 December 2019.<br \/>\n&nbsp;<br \/>\nThe opening ceremony was attended by the Deputy Prime Minister and Defence Minister of the Republic of Croatia Damir Krsti\u010devi\u0107, by the Chief of the General Staff of the Croatian Armed Forces General Mirko \u0160undov, by the Deputy Prime Minister and Defence Minister of the Republic of Bulgaria Krasimir Karakachanov, by the Deputy Prime Minister and Defence Minister of the Republic of Slovenia Karl Erjavec, by the Defence Minister of Hungary Tibor Benko, by the Assistant NATO Secretary General for Defence Investment Camille Grand, by Commander of the NATO Special Operations Headquarters General Eric P. Wendt and by chiefs of defence of the Republic of Bulgaria, of the Republic of Slovenia of&nbsp; Hungary.<\/p>\n<p>The purpose of the MSAP is to train crews operating multi-purpose helicopters designated for special air operations through in-class and weeks-long flight training preparing for non-conventional tasks of special air forces, in accordance with the Capability Targets of the MSAP member nations.<\/p>\n<p>The training will be conducted by highest standards and in a most economic way and will result in enhanced interoperability, in accordance with the NATO standards.<\/p>\n<p>Minister Krsti\u010devi\u0107 said the opening of the Multinational Special Aviation Training Centre was highly important for the Croatian Armed Forces.<br \/>\n&nbsp;<br \/>\n&#8220;MSAP is the first NATO international body with a potential to grow into a new NATO Centre of Excellence. The opening of MSAP has confirmed Croatia as a credible NATO nation&#8221;, said the Minister.<\/p>\n<figure id=\"attachment_120010\" aria-describedby=\"caption-attachment-120010\" style=\"width: 1200px\" class=\"wp-caption aligncenter\"><a href=\"https:\/\/www.morh.hr\/wp-content\/uploads\/2019\/12\/wil_6206.jpg\"><img loading=\"lazy\" decoding=\"async\" class=\"size-full wp-image-120010\" src=\"https:\/\/www.morh.hr\/wp-content\/uploads\/2019\/12\/wil_6206.jpg\" alt=\"\" width=\"1200\" height=\"800\" srcset=\"https:\/\/www.morh.hr\/wp-content\/uploads\/2019\/12\/wil_6206.jpg 1200w, https:\/\/www.morh.hr\/wp-content\/uploads\/2019\/12\/wil_6206-300x200.jpg 300w, https:\/\/www.morh.hr\/wp-content\/uploads\/2019\/12\/wil_6206-1024x683.jpg 1024w, https:\/\/www.morh.hr\/wp-content\/uploads\/2019\/12\/wil_6206-768x512.jpg 768w\" sizes=\"auto, (max-width: 1200px) 100vw, 1200px\" \/><\/a><figcaption id=\"caption-attachment-120010\" class=\"wp-caption-text\">Me\u0111unarodno sredi\u0161te za obuku specijalnih zra\u010dnih snaga sve\u010dano je otvoreno u srijedu, 11. prosinca 2019. u vojarni \u201cPukovnik Mirko Vuku\u0161i\u0107\u201d u Zemuniku | Foto: MORH \/ T. Brandt<\/figcaption><\/figure>\n<h3>Minister Krsti\u010devi\u0107:&#8221;I am proud that here at Zemunik, in Croatia the best pilots will be trained for special air force operations&#8221;<\/h3>\n<p>&#8220;It is of foremost&nbsp; importance that Croatia is no longer alone; we are building new capabilities which are important for our country, for the Croatian Armed Forces and for NATO, and we are building our future together with the partners and allies. I am proud that here at Zemunik, in Croatia the best pilots will be trained for special air force operations. The demonstration exercise conducted by the Croatian Air Force and by the Special Forces Command has showcased the power and the strength of the Croatian Armed Forces&#8221;.<\/p>\n<p><iframe loading=\"lazy\" title=\"Otvoreno Me\u0111unarodno sredi\u0161te za obuku specijalnih zra\u010dnih snaga u Zemuniku\" width=\"868\" height=\"488\" src=\"https:\/\/www.youtube.com\/embed\/VsmTkQ39EFQ?wmode=transparent&amp;rel=0&amp;feature=oembed\" frameborder=\"0\" allow=\"accelerometer; autoplay; clipboard-write; encrypted-media; gyroscope; picture-in-picture; web-share\" allowfullscreen><\/iframe><\/p>\n<p>&#8220;The Croatian Armed Forces have again displayed top readiness and trainednss and proved its credibility&#8221;, concluded Minister Krsti\u010devi\u0107.<\/p>\n<figure id=\"attachment_120023\" aria-describedby=\"caption-attachment-120023\" style=\"width: 1200px\" class=\"wp-caption aligncenter\"><a href=\"https:\/\/www.morh.hr\/wp-content\/uploads\/2019\/12\/wil_6069.jpg\"><img loading=\"lazy\" decoding=\"async\" class=\"size-full wp-image-120023\" src=\"https:\/\/www.morh.hr\/wp-content\/uploads\/2019\/12\/wil_6069.jpg\" alt=\"\" width=\"1200\" height=\"840\" srcset=\"https:\/\/www.morh.hr\/wp-content\/uploads\/2019\/12\/wil_6069.jpg 1200w, https:\/\/www.morh.hr\/wp-content\/uploads\/2019\/12\/wil_6069-300x210.jpg 300w, https:\/\/www.morh.hr\/wp-content\/uploads\/2019\/12\/wil_6069-1024x717.jpg 1024w, https:\/\/www.morh.hr\/wp-content\/uploads\/2019\/12\/wil_6069-768x538.jpg 768w\" sizes=\"auto, (max-width: 1200px) 100vw, 1200px\" \/><\/a><figcaption id=\"caption-attachment-120023\" class=\"wp-caption-text\">Me\u0111unarodno sredi\u0161te za obuku specijalnih zra\u010dnih snaga sve\u010dano je otvoreno u srijedu, 11. prosinca 2019. u vojarni \u201cPukovnik Mirko Vuku\u0161i\u0107\u201d u Zemuniku | Foto: MORH \/ T. Brandt<\/figcaption><\/figure>\n<h3>General \u0160undov: MSAP provides conditions for training in demanding conditions<\/h3>\n<p>General \u0160undov emphasised that the establishment of MSAP created the conditions for training in various demanding conditions, enabling the achievement of the set Capability Targets by each MSAP member nation. An additional benefit of the MSAP is enhancing of interoperability among the member nations&#8217; armed forces.<\/p>\n<p>&#8220;Having assumed the Special Operations Air Task Unit and Personel Recovery Capability Targets Croatia was aware of the inherent commitments but also of the values of the capabilities for the Croatian Armed Forces and the additional capabilities such as combat search-and-rescue. As the Republic of Bulgaria, Hungary and the Republic of Slovenia chose the same Capability Targets, an initiative was put forth to incept a joint training centre for special air forces&#8221;, said General \u0160undov.<\/p>\n<figure id=\"attachment_120086\" aria-describedby=\"caption-attachment-120086\" style=\"width: 1200px\" class=\"wp-caption aligncenter\"><a href=\"https:\/\/www.morh.hr\/wp-content\/uploads\/2019\/12\/camille-grand.jpg\"><img loading=\"lazy\" decoding=\"async\" class=\"size-full wp-image-120086\" src=\"https:\/\/www.morh.hr\/wp-content\/uploads\/2019\/12\/camille-grand.jpg\" alt=\"\" width=\"1200\" height=\"840\" srcset=\"https:\/\/www.morh.hr\/wp-content\/uploads\/2019\/12\/camille-grand.jpg 1200w, https:\/\/www.morh.hr\/wp-content\/uploads\/2019\/12\/camille-grand-300x210.jpg 300w, https:\/\/www.morh.hr\/wp-content\/uploads\/2019\/12\/camille-grand-1024x717.jpg 1024w, https:\/\/www.morh.hr\/wp-content\/uploads\/2019\/12\/camille-grand-768x538.jpg 768w\" sizes=\"auto, (max-width: 1200px) 100vw, 1200px\" \/><\/a><figcaption id=\"caption-attachment-120086\" class=\"wp-caption-text\">Me\u0111unarodno sredi\u0161te za obuku specijalnih zra\u010dnih snaga sve\u010dano je otvoreno u srijedu, 11. prosinca 2019. u vojarni \u201cPukovnik Mirko Vuku\u0161i\u0107\u201d u Zemuniku | Foto: MORH \/ T. Brandt<\/figcaption><\/figure>\n<h3>NATO Assistant Secretary General: Developing the capabilities of special air forces we are proving NATO&#8217;s ability to develop new military capabilities<\/h3>\n<p>NATO Assistant Secretary General Camille Grand underlined the importance of understanding the evolving security environment over the past years, which required additional expertise, skills and capabilities. Therefore a need for development of special air forces capabilities was recognised, proving NATO&#8217;s capability of developing new skills and expertise.<\/p>\n<figure id=\"attachment_120099\" aria-describedby=\"caption-attachment-120099\" style=\"width: 1200px\" class=\"wp-caption aligncenter\"><a href=\"https:\/\/www.morh.hr\/wp-content\/uploads\/2019\/12\/eric-p.-wendt.jpg\"><img loading=\"lazy\" decoding=\"async\" class=\"size-full wp-image-120099\" src=\"https:\/\/www.morh.hr\/wp-content\/uploads\/2019\/12\/eric-p.-wendt.jpg\" alt=\"\" width=\"1200\" height=\"840\" srcset=\"https:\/\/www.morh.hr\/wp-content\/uploads\/2019\/12\/eric-p.-wendt.jpg 1200w, https:\/\/www.morh.hr\/wp-content\/uploads\/2019\/12\/eric-p.-wendt-300x210.jpg 300w, https:\/\/www.morh.hr\/wp-content\/uploads\/2019\/12\/eric-p.-wendt-1024x717.jpg 1024w, https:\/\/www.morh.hr\/wp-content\/uploads\/2019\/12\/eric-p.-wendt-768x538.jpg 768w\" sizes=\"auto, (max-width: 1200px) 100vw, 1200px\" \/><\/a><figcaption id=\"caption-attachment-120099\" class=\"wp-caption-text\">Me\u0111unarodno sredi\u0161te za obuku specijalnih zra\u010dnih snaga sve\u010dano je otvoreno u srijedu, 11. prosinca 2019. u vojarni \u201cPukovnik Mirko Vuku\u0161i\u0107\u201d u Zemuniku | Foto: MORH \/ T. Brandt<\/figcaption><\/figure>\n<h3>Commander of NATO Special Operations Headquarters: Praising the Croatian Armed Forces for the expertise and skills shared in the missions and operations<\/h3>\n<p>The Commander of NATO Special Operations Headquarters Lieutenant General Eric P. Wendt extended appreciation to the Croatian Armed Forces for the expertise and skills shared in the missions and operations they were deployed to. Lt. Gen. Wendt said Croatia was excellent host of a training centre of the kind, which offered excellent conditions for further development of NATO capabilities and capacities.<\/p>\n<h3>Ministers of Bulgaria, Slovenia and Hungary: We believe in good future of MSAP<\/h3>\n<p>Defence ministers of Bulgaria, Slovenia and Hungary extended appreciation to the Croatian Deputy Prime Minister and Defence Minister Damir Krsti\u010devi\u0107 for hosting the MSAP and shared hopes in its productive future.<\/p>\n<figure id=\"attachment_120014\" aria-describedby=\"caption-attachment-120014\" style=\"width: 1200px\" class=\"wp-caption aligncenter\"><a href=\"https:\/\/www.morh.hr\/wp-content\/uploads\/2019\/12\/wil_6759.jpg\"><img loading=\"lazy\" decoding=\"async\" class=\"size-full wp-image-120014\" src=\"https:\/\/www.morh.hr\/wp-content\/uploads\/2019\/12\/wil_6759.jpg\" alt=\"\" width=\"1200\" height=\"502\" srcset=\"https:\/\/www.morh.hr\/wp-content\/uploads\/2019\/12\/wil_6759.jpg 1200w, https:\/\/www.morh.hr\/wp-content\/uploads\/2019\/12\/wil_6759-300x126.jpg 300w, https:\/\/www.morh.hr\/wp-content\/uploads\/2019\/12\/wil_6759-1024x428.jpg 1024w, https:\/\/www.morh.hr\/wp-content\/uploads\/2019\/12\/wil_6759-768x321.jpg 768w\" sizes=\"auto, (max-width: 1200px) 100vw, 1200px\" \/><\/a><figcaption id=\"caption-attachment-120014\" class=\"wp-caption-text\">Me\u0111unarodno sredi\u0161te za obuku specijalnih zra\u010dnih snaga sve\u010dano je otvoreno u srijedu, 11. prosinca 2019. u vojarni \u201cPukovnik Mirko Vuku\u0161i\u0107\u201d u Zemuniku | Foto: MORH \/ T. Brandt<\/figcaption><\/figure>\n<h3>The Deputy Prime Minister and Defence Minister of the Republic of Croatia Krasimir<\/h3>\n<p>Karaka\u010danov said the special air operations were a capability that needed development and that the MSAP would considerably facilitate the development and enhancement of the national and NATO capabilities.<\/p>\n<p>The Deputy Prime Minister and Defence Minister of the Republic of Slovenia Karl Erjavec agreed that the joint efforts and exchange of experiences was of crucial importance for NATO&#8217;s development. Minister Erjavec praised the realisation of the initiative and expressed belief in future successful co-operation.<\/p>\n<p>The Defence Minister of Hungary Tibor Benko in his address stated that the need for establishing a training centre of the kind was based in the past experiences and lessons learned and the present-day security environment and the new challenges it brought.<\/p>\n<figure id=\"attachment_120036\" aria-describedby=\"caption-attachment-120036\" style=\"width: 1200px\" class=\"wp-caption aligncenter\"><a href=\"https:\/\/www.morh.hr\/wp-content\/uploads\/2019\/12\/wil_6553.jpg\"><img loading=\"lazy\" decoding=\"async\" class=\"size-full wp-image-120036\" src=\"https:\/\/www.morh.hr\/wp-content\/uploads\/2019\/12\/wil_6553.jpg\" alt=\"\" width=\"1200\" height=\"800\" srcset=\"https:\/\/www.morh.hr\/wp-content\/uploads\/2019\/12\/wil_6553.jpg 1200w, https:\/\/www.morh.hr\/wp-content\/uploads\/2019\/12\/wil_6553-300x200.jpg 300w, https:\/\/www.morh.hr\/wp-content\/uploads\/2019\/12\/wil_6553-1024x683.jpg 1024w, https:\/\/www.morh.hr\/wp-content\/uploads\/2019\/12\/wil_6553-768x512.jpg 768w\" sizes=\"auto, (max-width: 1200px) 100vw, 1200px\" \/><\/a><figcaption id=\"caption-attachment-120036\" class=\"wp-caption-text\">Me\u0111unarodno sredi\u0161te za obuku specijalnih zra\u010dnih snaga sve\u010dano je otvoreno u srijedu, 11. prosinca 2019. u vojarni \u201cPukovnik Mirko Vuku\u0161i\u0107\u201d u Zemuniku | Foto: MORH \/ T. Brandt<\/figcaption><\/figure>\n<h3>Demonstration Exercise by Croatian Air Force and the Special Forces Command<\/h3>\n<p>The formal opening of the Multinational Special Aviation Training Centre featured an exercise displaying an infiltration into a terrorist cell, which was conducted by the members of the Croatian Air Force and of the Special Forces Command.<br \/>\n&nbsp;<br \/>\nThe Exercise concluded with a demonstration of the capabilities &#8220;Vehicle Interdiction&#8221; with two Mi-171Sh helicopters and &#8220;Overwatch&#8221; with two OH-58D helicopters.<\/p>\n[ngg src=&#8221;galleries&#8221; ids=&#8221;3847&#8243; display=&#8221;basic_thumbnail&#8221; thumbnail_crop=&#8221;0&#8243;]\n","protected":false},"excerpt":{"rendered":"<p>Minister Krsti\u010devi\u0107: MSAP has a potential to become a NATO Centre of Excellence<\/p>\n","protected":false},"author":3,"featured_media":120002,"comment_status":"closed","ping_status":"closed","sticky":false,"template":"","format":"standard","meta":{"_acf_changed":false,"_monsterinsights_skip_tracking":false,"_monsterinsights_sitenote_active":false,"_monsterinsights_sitenote_note":"","_monsterinsights_sitenote_category":0,"footnotes":""},"categories":[117],"tags":[],"class_list":["post-120195","post","type-post","status-publish","format-standard","has-post-thumbnail","hentry","category-press-releases"],"acf":[],"yoast_head":"<!-- This site is optimized with the Yoast SEO plugin v26.9 - https:\/\/yoast.com\/product\/yoast-seo-wordpress\/ -->\n<title>Multinational Special Aviation Training Centre (MSAP TC) formally opened at Zemunik - MORH<\/title>\n<meta name=\"description\" content=\"Minister Krsti\u010devi\u0107: MSAP has a potential to become a NATO Centre of Excellence\" \/>\n<meta name=\"robots\" content=\"index, follow, max-snippet:-1, max-image-preview:large, max-video-preview:-1\" \/>\n<link rel=\"canonical\" href=\"https:\/\/www.morh.hr\/en\/multinational-special-aviation-training-centre-msap-tc-formally-opened-at-zemunik\/\" \/>\n<meta property=\"og:locale\" content=\"en_US\" \/>\n<meta property=\"og:type\" content=\"article\" \/>\n<meta property=\"og:title\" content=\"Multinational Special Aviation Training Centre (MSAP TC) formally opened at Zemunik - MORH\" \/>\n<meta property=\"og:description\" content=\"Minister Krsti\u010devi\u0107: MSAP has a potential to become a NATO Centre of Excellence\" \/>\n<meta property=\"og:url\" content=\"https:\/\/www.morh.hr\/en\/multinational-special-aviation-training-centre-msap-tc-formally-opened-at-zemunik\/\" \/>\n<meta property=\"og:site_name\" content=\"MORH\" \/>\n<meta property=\"article:publisher\" content=\"https:\/\/www.facebook.com\/sportasiuhrvatskojvojsci\/\" \/>\n<meta property=\"article:published_time\" content=\"2019-12-12T12:39:23+00:00\" \/>\n<meta property=\"article:modified_time\" content=\"2020-12-10T09:44:18+00:00\" \/>\n<meta property=\"og:image\" content=\"https:\/\/www.morh.hr\/wp-content\/uploads\/2019\/12\/wil_5976.jpg\" \/>\n\t<meta property=\"og:image:width\" content=\"1200\" \/>\n\t<meta property=\"og:image:height\" content=\"800\" \/>\n\t<meta property=\"og:image:type\" content=\"image\/jpeg\" \/>\n<meta name=\"author\" content=\"Drazen\" \/>\n<meta name=\"twitter:card\" content=\"summary_large_image\" \/>\n<meta name=\"twitter:creator\" content=\"@morh_osrh\" \/>\n<meta name=\"twitter:site\" content=\"@morh_osrh\" \/>\n<meta name=\"twitter:label1\" content=\"Written by\" \/>\n\t<meta name=\"twitter:data1\" content=\"Drazen\" \/>\n\t<meta name=\"twitter:label2\" content=\"Est. reading time\" \/>\n\t<meta name=\"twitter:data2\" content=\"6 minutes\" \/>\n<script type=\"application\/ld+json\" class=\"yoast-schema-graph\">{\"@context\":\"https:\/\/schema.org\",\"@graph\":[{\"@type\":\"Article\",\"@id\":\"https:\/\/www.morh.hr\/en\/multinational-special-aviation-training-centre-msap-tc-formally-opened-at-zemunik\/#article\",\"isPartOf\":{\"@id\":\"https:\/\/www.morh.hr\/en\/multinational-special-aviation-training-centre-msap-tc-formally-opened-at-zemunik\/\"},\"author\":{\"name\":\"Drazen\",\"@id\":\"https:\/\/www.morh.hr\/en\/#\/schema\/person\/2d72e03399043d9513ab6bec75f2ce27\"},\"headline\":\"Multinational Special Aviation Training Centre (MSAP TC) formally opened at Zemunik\",\"datePublished\":\"2019-12-12T12:39:23+00:00\",\"dateModified\":\"2020-12-10T09:44:18+00:00\",\"mainEntityOfPage\":{\"@id\":\"https:\/\/www.morh.hr\/en\/multinational-special-aviation-training-centre-msap-tc-formally-opened-at-zemunik\/\"},\"wordCount\":1170,\"image\":{\"@id\":\"https:\/\/www.morh.hr\/en\/multinational-special-aviation-training-centre-msap-tc-formally-opened-at-zemunik\/#primaryimage\"},\"thumbnailUrl\":\"https:\/\/www.morh.hr\/wp-content\/uploads\/2019\/12\/wil_5976.jpg\",\"articleSection\":[\"Press releases\"],\"inLanguage\":\"en-US\"},{\"@type\":\"WebPage\",\"@id\":\"https:\/\/www.morh.hr\/en\/multinational-special-aviation-training-centre-msap-tc-formally-opened-at-zemunik\/\",\"url\":\"https:\/\/www.morh.hr\/en\/multinational-special-aviation-training-centre-msap-tc-formally-opened-at-zemunik\/\",\"name\":\"Multinational Special Aviation Training Centre (MSAP TC) formally opened at Zemunik - MORH\",\"isPartOf\":{\"@id\":\"https:\/\/www.morh.hr\/en\/#website\"},\"primaryImageOfPage\":{\"@id\":\"https:\/\/www.morh.hr\/en\/multinational-special-aviation-training-centre-msap-tc-formally-opened-at-zemunik\/#primaryimage\"},\"image\":{\"@id\":\"https:\/\/www.morh.hr\/en\/multinational-special-aviation-training-centre-msap-tc-formally-opened-at-zemunik\/#primaryimage\"},\"thumbnailUrl\":\"https:\/\/www.morh.hr\/wp-content\/uploads\/2019\/12\/wil_5976.jpg\",\"datePublished\":\"2019-12-12T12:39:23+00:00\",\"dateModified\":\"2020-12-10T09:44:18+00:00\",\"author\":{\"@id\":\"https:\/\/www.morh.hr\/en\/#\/schema\/person\/2d72e03399043d9513ab6bec75f2ce27\"},\"description\":\"Minister Krsti\u010devi\u0107: MSAP has a potential to become a NATO Centre of Excellence\",\"breadcrumb\":{\"@id\":\"https:\/\/www.morh.hr\/en\/multinational-special-aviation-training-centre-msap-tc-formally-opened-at-zemunik\/#breadcrumb\"},\"inLanguage\":\"en-US\",\"potentialAction\":[{\"@type\":\"ReadAction\",\"target\":[\"https:\/\/www.morh.hr\/en\/multinational-special-aviation-training-centre-msap-tc-formally-opened-at-zemunik\/\"]}]},{\"@type\":\"ImageObject\",\"inLanguage\":\"en-US\",\"@id\":\"https:\/\/www.morh.hr\/en\/multinational-special-aviation-training-centre-msap-tc-formally-opened-at-zemunik\/#primaryimage\",\"url\":\"https:\/\/www.morh.hr\/wp-content\/uploads\/2019\/12\/wil_5976.jpg\",\"contentUrl\":\"https:\/\/www.morh.hr\/wp-content\/uploads\/2019\/12\/wil_5976.jpg\",\"width\":1200,\"height\":800,\"caption\":\"Me\u0111unarodno sredi\u0161te za obuku specijalnih zra\u010dnih snaga sve\u010dano je otvoreno u srijedu, 11. prosinca 2019. u vojarni \u201cPukovnik Mirko Vuku\u0161i\u0107\u201d u Zemuniku | Foto: MORH \/ T. Brandt\"},{\"@type\":\"BreadcrumbList\",\"@id\":\"https:\/\/www.morh.hr\/en\/multinational-special-aviation-training-centre-msap-tc-formally-opened-at-zemunik\/#breadcrumb\",\"itemListElement\":[{\"@type\":\"ListItem\",\"position\":1,\"name\":\"Naslovnica\",\"item\":\"https:\/\/www.morh.hr\/en\/\"},{\"@type\":\"ListItem\",\"position\":2,\"name\":\"News\",\"item\":\"https:\/\/www.morh.hr\/en\/kategorija\/news\/\"},{\"@type\":\"ListItem\",\"position\":3,\"name\":\"Press releases\",\"item\":\"https:\/\/www.morh.hr\/en\/kategorija\/news\/press-releases\/\"},{\"@type\":\"ListItem\",\"position\":4,\"name\":\"Multinational Special Aviation Training Centre (MSAP TC) formally opened at Zemunik\"}]},{\"@type\":\"WebSite\",\"@id\":\"https:\/\/www.morh.hr\/en\/#website\",\"url\":\"https:\/\/www.morh.hr\/en\/\",\"name\":\"MORH\",\"description\":\"Ministarstvo obrane Republike Hrvatske - slu\u017ebene stranice\",\"potentialAction\":[{\"@type\":\"SearchAction\",\"target\":{\"@type\":\"EntryPoint\",\"urlTemplate\":\"https:\/\/www.morh.hr\/en\/?s={search_term_string}\"},\"query-input\":{\"@type\":\"PropertyValueSpecification\",\"valueRequired\":true,\"valueName\":\"search_term_string\"}}],\"inLanguage\":\"en-US\"},{\"@type\":\"Person\",\"@id\":\"https:\/\/www.morh.hr\/en\/#\/schema\/person\/2d72e03399043d9513ab6bec75f2ce27\",\"name\":\"Drazen\",\"image\":{\"@type\":\"ImageObject\",\"inLanguage\":\"en-US\",\"@id\":\"https:\/\/www.morh.hr\/en\/#\/schema\/person\/image\/\",\"url\":\"https:\/\/secure.gravatar.com\/avatar\/e36ef7e573425ae72988c73df868c1e87a656b0e005ca4fd7d30d2ba7e49c9cf?s=96&d=mm&r=g\",\"contentUrl\":\"https:\/\/secure.gravatar.com\/avatar\/e36ef7e573425ae72988c73df868c1e87a656b0e005ca4fd7d30d2ba7e49c9cf?s=96&d=mm&r=g\",\"caption\":\"Drazen\"}}]}<\/script>\n<!-- \/ Yoast SEO plugin. -->","yoast_head_json":{"title":"Multinational Special Aviation Training Centre (MSAP TC) formally opened at Zemunik - MORH","description":"Minister Krsti\u010devi\u0107: MSAP has a potential to become a NATO Centre of Excellence","robots":{"index":"index","follow":"follow","max-snippet":"max-snippet:-1","max-image-preview":"max-image-preview:large","max-video-preview":"max-video-preview:-1"},"canonical":"https:\/\/www.morh.hr\/en\/multinational-special-aviation-training-centre-msap-tc-formally-opened-at-zemunik\/","og_locale":"en_US","og_type":"article","og_title":"Multinational Special Aviation Training Centre (MSAP TC) formally opened at Zemunik - MORH","og_description":"Minister Krsti\u010devi\u0107: MSAP has a potential to become a NATO Centre of Excellence","og_url":"https:\/\/www.morh.hr\/en\/multinational-special-aviation-training-centre-msap-tc-formally-opened-at-zemunik\/","og_site_name":"MORH","article_publisher":"https:\/\/www.facebook.com\/sportasiuhrvatskojvojsci\/","article_published_time":"2019-12-12T12:39:23+00:00","article_modified_time":"2020-12-10T09:44:18+00:00","og_image":[{"width":1200,"height":800,"url":"https:\/\/www.morh.hr\/wp-content\/uploads\/2019\/12\/wil_5976.jpg","type":"image\/jpeg"}],"author":"Drazen","twitter_card":"summary_large_image","twitter_creator":"@morh_osrh","twitter_site":"@morh_osrh","twitter_misc":{"Written by":"Drazen","Est. reading time":"6 minutes"},"schema":{"@context":"https:\/\/schema.org","@graph":[{"@type":"Article","@id":"https:\/\/www.morh.hr\/en\/multinational-special-aviation-training-centre-msap-tc-formally-opened-at-zemunik\/#article","isPartOf":{"@id":"https:\/\/www.morh.hr\/en\/multinational-special-aviation-training-centre-msap-tc-formally-opened-at-zemunik\/"},"author":{"name":"Drazen","@id":"https:\/\/www.morh.hr\/en\/#\/schema\/person\/2d72e03399043d9513ab6bec75f2ce27"},"headline":"Multinational Special Aviation Training Centre (MSAP TC) formally opened at Zemunik","datePublished":"2019-12-12T12:39:23+00:00","dateModified":"2020-12-10T09:44:18+00:00","mainEntityOfPage":{"@id":"https:\/\/www.morh.hr\/en\/multinational-special-aviation-training-centre-msap-tc-formally-opened-at-zemunik\/"},"wordCount":1170,"image":{"@id":"https:\/\/www.morh.hr\/en\/multinational-special-aviation-training-centre-msap-tc-formally-opened-at-zemunik\/#primaryimage"},"thumbnailUrl":"https:\/\/www.morh.hr\/wp-content\/uploads\/2019\/12\/wil_5976.jpg","articleSection":["Press releases"],"inLanguage":"en-US"},{"@type":"WebPage","@id":"https:\/\/www.morh.hr\/en\/multinational-special-aviation-training-centre-msap-tc-formally-opened-at-zemunik\/","url":"https:\/\/www.morh.hr\/en\/multinational-special-aviation-training-centre-msap-tc-formally-opened-at-zemunik\/","name":"Multinational Special Aviation Training Centre (MSAP TC) formally opened at Zemunik - MORH","isPartOf":{"@id":"https:\/\/www.morh.hr\/en\/#website"},"primaryImageOfPage":{"@id":"https:\/\/www.morh.hr\/en\/multinational-special-aviation-training-centre-msap-tc-formally-opened-at-zemunik\/#primaryimage"},"image":{"@id":"https:\/\/www.morh.hr\/en\/multinational-special-aviation-training-centre-msap-tc-formally-opened-at-zemunik\/#primaryimage"},"thumbnailUrl":"https:\/\/www.morh.hr\/wp-content\/uploads\/2019\/12\/wil_5976.jpg","datePublished":"2019-12-12T12:39:23+00:00","dateModified":"2020-12-10T09:44:18+00:00","author":{"@id":"https:\/\/www.morh.hr\/en\/#\/schema\/person\/2d72e03399043d9513ab6bec75f2ce27"},"description":"Minister Krsti\u010devi\u0107: MSAP has a potential to become a NATO Centre of Excellence","breadcrumb":{"@id":"https:\/\/www.morh.hr\/en\/multinational-special-aviation-training-centre-msap-tc-formally-opened-at-zemunik\/#breadcrumb"},"inLanguage":"en-US","potentialAction":[{"@type":"ReadAction","target":["https:\/\/www.morh.hr\/en\/multinational-special-aviation-training-centre-msap-tc-formally-opened-at-zemunik\/"]}]},{"@type":"ImageObject","inLanguage":"en-US","@id":"https:\/\/www.morh.hr\/en\/multinational-special-aviation-training-centre-msap-tc-formally-opened-at-zemunik\/#primaryimage","url":"https:\/\/www.morh.hr\/wp-content\/uploads\/2019\/12\/wil_5976.jpg","contentUrl":"https:\/\/www.morh.hr\/wp-content\/uploads\/2019\/12\/wil_5976.jpg","width":1200,"height":800,"caption":"Me\u0111unarodno sredi\u0161te za obuku specijalnih zra\u010dnih snaga sve\u010dano je otvoreno u srijedu, 11. prosinca 2019. u vojarni \u201cPukovnik Mirko Vuku\u0161i\u0107\u201d u Zemuniku | Foto: MORH \/ T. Brandt"},{"@type":"BreadcrumbList","@id":"https:\/\/www.morh.hr\/en\/multinational-special-aviation-training-centre-msap-tc-formally-opened-at-zemunik\/#breadcrumb","itemListElement":[{"@type":"ListItem","position":1,"name":"Naslovnica","item":"https:\/\/www.morh.hr\/en\/"},{"@type":"ListItem","position":2,"name":"News","item":"https:\/\/www.morh.hr\/en\/kategorija\/news\/"},{"@type":"ListItem","position":3,"name":"Press releases","item":"https:\/\/www.morh.hr\/en\/kategorija\/news\/press-releases\/"},{"@type":"ListItem","position":4,"name":"Multinational Special Aviation Training Centre (MSAP TC) formally opened at Zemunik"}]},{"@type":"WebSite","@id":"https:\/\/www.morh.hr\/en\/#website","url":"https:\/\/www.morh.hr\/en\/","name":"MORH","description":"Ministarstvo obrane Republike Hrvatske - slu\u017ebene stranice","potentialAction":[{"@type":"SearchAction","target":{"@type":"EntryPoint","urlTemplate":"https:\/\/www.morh.hr\/en\/?s={search_term_string}"},"query-input":{"@type":"PropertyValueSpecification","valueRequired":true,"valueName":"search_term_string"}}],"inLanguage":"en-US"},{"@type":"Person","@id":"https:\/\/www.morh.hr\/en\/#\/schema\/person\/2d72e03399043d9513ab6bec75f2ce27","name":"Drazen","image":{"@type":"ImageObject","inLanguage":"en-US","@id":"https:\/\/www.morh.hr\/en\/#\/schema\/person\/image\/","url":"https:\/\/secure.gravatar.com\/avatar\/e36ef7e573425ae72988c73df868c1e87a656b0e005ca4fd7d30d2ba7e49c9cf?s=96&d=mm&r=g","contentUrl":"https:\/\/secure.gravatar.com\/avatar\/e36ef7e573425ae72988c73df868c1e87a656b0e005ca4fd7d30d2ba7e49c9cf?s=96&d=mm&r=g","caption":"Drazen"}}]}},"_links":{"self":[{"href":"https:\/\/www.morh.hr\/en\/wp-json\/wp\/v2\/posts\/120195","targetHints":{"allow":["GET"]}}],"collection":[{"href":"https:\/\/www.morh.hr\/en\/wp-json\/wp\/v2\/posts"}],"about":[{"href":"https:\/\/www.morh.hr\/en\/wp-json\/wp\/v2\/types\/post"}],"author":[{"embeddable":true,"href":"https:\/\/www.morh.hr\/en\/wp-json\/wp\/v2\/users\/3"}],"replies":[{"embeddable":true,"href":"https:\/\/www.morh.hr\/en\/wp-json\/wp\/v2\/comments?post=120195"}],"version-history":[{"count":0,"href":"https:\/\/www.morh.hr\/en\/wp-json\/wp\/v2\/posts\/120195\/revisions"}],"wp:featuredmedia":[{"embeddable":true,"href":"https:\/\/www.morh.hr\/en\/wp-json\/wp\/v2\/media\/120002"}],"wp:attachment":[{"href":"https:\/\/www.morh.hr\/en\/wp-json\/wp\/v2\/media?parent=120195"}],"wp:term":[{"taxonomy":"category","embeddable":true,"href":"https:\/\/www.morh.hr\/en\/wp-json\/wp\/v2\/categories?post=120195"},{"taxonomy":"post_tag","embeddable":true,"href":"https:\/\/www.morh.hr\/en\/wp-json\/wp\/v2\/tags?post=120195"}],"curies":[{"name":"wp","href":"https:\/\/api.w.org\/{rel}","templated":true}]}}