{"id":124733,"date":"2020-03-05T13:09:36","date_gmt":"2020-03-05T12:09:36","guid":{"rendered":"https:\/\/www.morh.hr\/?p=124733"},"modified":"2020-12-10T10:44:04","modified_gmt":"2020-12-10T09:44:04","slug":"informal-meeting-of-eu-defence-ministers-in-zagreb","status":"publish","type":"post","link":"https:\/\/www.morh.hr\/en\/informal-meeting-of-eu-defence-ministers-in-zagreb\/","title":{"rendered":"Informal meeting of EU defence ministers in Zagreb"},"content":{"rendered":"<p>Within the Croatian Presidency of the Council of the European Union an informal meeting of EU defence ministers was held on 4 March 2020, hosted by the Croatian Deputy Prime Minister and Defence Minister Damir Krsti\u010devi\u0107 and chaired by the EU High Representative for Foreign Affairs and Security Policy and Vice-President of the European Commission Josep Borrell.<\/p>\n<p>On the first day of the Informal Meeting the ministers held a working dinner in the at the National and University Library, which was attended by NATO Secretary General Jens Stoltenberg and by the High EU Representative Borrell and EU defence ministers.<\/p>\n<figure id=\"attachment_124599\" aria-describedby=\"caption-attachment-124599\" style=\"width: 1200px\" class=\"wp-caption aligncenter\"><a href=\"https:\/\/www.morh.hr\/wp-content\/uploads\/2020\/03\/kln_9789.jpg\"><img loading=\"lazy\" decoding=\"async\" class=\"size-full wp-image-124599\" src=\"https:\/\/www.morh.hr\/wp-content\/uploads\/2020\/03\/kln_9789.jpg\" alt=\"\" width=\"1200\" height=\"800\" srcset=\"https:\/\/www.morh.hr\/wp-content\/uploads\/2020\/03\/kln_9789.jpg 1200w, https:\/\/www.morh.hr\/wp-content\/uploads\/2020\/03\/kln_9789-300x200.jpg 300w, https:\/\/www.morh.hr\/wp-content\/uploads\/2020\/03\/kln_9789-1024x683.jpg 1024w, https:\/\/www.morh.hr\/wp-content\/uploads\/2020\/03\/kln_9789-768x512.jpg 768w\" sizes=\"auto, (max-width: 1200px) 100vw, 1200px\" \/><\/a><figcaption id=\"caption-attachment-124599\" class=\"wp-caption-text\">Na radnu ve\u010deru u Nacionalnu i sveu\u010dili\u0161nu knji\u017enicu stigli visoki predstavnik EU Josep Borrell, glavni tajnik NATO-a Jens Stoltenberg i brojni ministri obrane EU | Foto: MORH \/ F. Klen<\/figcaption><\/figure>\n<h3>Minister Krsti\u010devi\u0107: I believe that our conclusions will contribute to a safe and stable Europe<\/h3>\n<p>Defence Minister Damir Krsti\u010devi\u0107 shared his honour over hosting the informal meeting of the EU defence ministers and the working dinner attended bythe High Representative for Foreign and Security Policy Josep Borrell and NATO Secretary General Stoltenberg.<\/p>\n<p>&#8220;Over the two days we shall discuss the EU priorities in the field of defence, of strengthening the European defence co-operation and NATO-EU co-operation. I expect a productive discussion and I believe that we our conclusions will contribute to a safe and stable Europe\u201c, said Minister Krsti\u010devi\u0107 and announced bilateral meetings with the Minister of the Armed Forces of France and the Defence Minister of Portugal to discuss the strengthening of operation in defence.<\/p>\n<figure id=\"attachment_124596\" aria-describedby=\"caption-attachment-124596\" style=\"width: 1200px\" class=\"wp-caption aligncenter\"><a href=\"https:\/\/www.morh.hr\/wp-content\/uploads\/2020\/03\/wil_7396.jpg\"><img loading=\"lazy\" decoding=\"async\" class=\"size-full wp-image-124596\" src=\"https:\/\/www.morh.hr\/wp-content\/uploads\/2020\/03\/wil_7396.jpg\" alt=\"\" width=\"1200\" height=\"800\" srcset=\"https:\/\/www.morh.hr\/wp-content\/uploads\/2020\/03\/wil_7396.jpg 1200w, https:\/\/www.morh.hr\/wp-content\/uploads\/2020\/03\/wil_7396-300x200.jpg 300w, https:\/\/www.morh.hr\/wp-content\/uploads\/2020\/03\/wil_7396-1024x683.jpg 1024w, https:\/\/www.morh.hr\/wp-content\/uploads\/2020\/03\/wil_7396-768x512.jpg 768w\" sizes=\"auto, (max-width: 1200px) 100vw, 1200px\" \/><\/a><figcaption id=\"caption-attachment-124596\" class=\"wp-caption-text\">Na radnu ve\u010deru u Nacionalnu i sveu\u010dili\u0161nu knji\u017enicu stigli visoki predstavnik EU Josep Borrell, glavni tajnik NATO-a Jens Stoltenberg i brojni ministri obrane EU | Foto: MORH \/ T. Brandt<\/figcaption><\/figure>\n<h3>NATO SG: The meeting reflects close co-operation between the EU and NATO<\/h3>\n<p>NATO Secretary General in his doorstep statement said that his participation at the EU defence ministers meeting reflected the close co-operation between EU and N ATO.<\/p>\n<p>&#8220;This meeting reflects the close co-operation between EU and NATO. And that\u2019s something I welcome, not least because we all face challenges, which are so difficult and so great that and no one, institution, organization alone can deal with them and we have work together. And we see that for instance in Syria where we have seen more violence, more indiscriminate bombings and hundreds of thousands of people have been forced to flee. We also see on the border between Greece and Turkey. It reminds us that the migrant and refugee crises are a common challenge and they require common solutions&#8221;, said SG Stoltenberg.<\/p>\n<p>NATO Secretary General also said he was in regular contact with the leadership in the European Union but also with the political leadership in Greece and Turkey.<\/p>\n<p>&#8220;At today&#8217;s meeting with the EU defence ministers I will discuss the ongoing efforts to find a peaceful negotiated solution to the crisis and the conflict in Afghanistan. We are ready to reduce our presence if the Taliban abides by the terms of the agreement. I think it is important not to rush into withdrawal as this will reduce the likelihood of implementation of the agreement&#8221;, stated NATO Secretary General.<\/p>\n<p><iframe loading=\"lazy\" title=\"Neformalni sastanak ministara obrane dr\u017eava \u010dlanica Europske unije\" width=\"868\" height=\"488\" src=\"https:\/\/www.youtube.com\/embed\/It61PP0O7Yk?wmode=transparent&amp;rel=0&amp;feature=oembed\" frameborder=\"0\" allow=\"accelerometer; autoplay; clipboard-write; encrypted-media; gyroscope; picture-in-picture; web-share\" allowfullscreen><\/iframe><\/p>\n<p>&nbsp;<\/p>\n<h3>Borrell: The sit situation is the worst case of human suffering and human rights violations in the past 70 years<\/h3>\n<p>High EU Representative Josep Borrell in his statement said the situation in Syria was extremely serious and dramatic, and that the EU would call again to stop the military activities in Syria to protect the human lives.<\/p>\n<p>&#8220;From the information from Ankara a worst case of human distress and human rights violation seen in the past 70 years&#8221;, said HR Borrell.<\/p>\n<h3>Minister Krsti\u010devi\u0107 at the EU defence mnisters working dinner: Stability in southeast Europe&#8217;s means stability for entire Europe<\/h3>\n<p>During the working dinner the ministers discussed the current operational priorities, emphasising the importance of working together and working with strategic partners.<\/p>\n<p>In his address on the topic Minister Damir Krsti\u010devi\u0107 stressed that operational priorities were an indispensable part of the strategic debate on the future of European defence, which has to take into account the complementary co-operation with NATO and the UN.<\/p>\n<p>&#8220;If the European Union wants to be a credible global player, it must also take into account its immediate environment. In this regard, it needs to extend the focus on southeast Europe and provide support to the partners to respond to the numerous security challenges. Stability in southeast Europe also means stability for entire Europe&#8221;, said Minister Krsti\u010devi\u0107.<\/p>\n[ngg src=&#8221;galleries&#8221; ids=&#8221;3931&#8243; display=&#8221;basic_thumbnail&#8221; thumbnail_crop=&#8221;0&#8243;]<a href=\"https:\/\/flic.kr\/s\/aHsmLLYY9g\"><strong>Flickr<\/strong><\/a><\/p>\n<p><iframe class=\"flickr-embed-frame\" allowfullscreen=\"allowfullscreen\" data-natural-width=\"1024\" data-natural-height=\"683\" data-loaded=\"true\" data-mce-fragment=\"1\" width=\"812\" height=\"541\" frameborder=\"0\"><\/iframe><\/p>\n","protected":false},"excerpt":{"rendered":"<p>Working dinner at the National and University Library attended by High EU Representative Josep Borrell, NATO Secretary General Jens Stoltenberg and EU defence ministers<\/p>\n","protected":false},"author":3,"featured_media":124574,"comment_status":"closed","ping_status":"closed","sticky":false,"template":"","format":"standard","meta":{"_acf_changed":false,"_monsterinsights_skip_tracking":false,"_monsterinsights_sitenote_active":false,"_monsterinsights_sitenote_note":"","_monsterinsights_sitenote_category":0,"footnotes":""},"categories":[117],"tags":[],"class_list":["post-124733","post","type-post","status-publish","format-standard","has-post-thumbnail","hentry","category-press-releases"],"acf":[],"yoast_head":"<!-- This site is optimized with the Yoast SEO plugin v26.9 - https:\/\/yoast.com\/product\/yoast-seo-wordpress\/ -->\n<title>Informal meeting of EU defence ministers in Zagreb - MORH<\/title>\n<meta name=\"description\" content=\"Working dinner at the National and University Library attended by High EU Representative Josep Borrell, NATO Secretary General Jens Stoltenberg and EU defence ministers\" \/>\n<meta name=\"robots\" content=\"index, follow, max-snippet:-1, max-image-preview:large, max-video-preview:-1\" \/>\n<link rel=\"canonical\" href=\"https:\/\/www.morh.hr\/en\/informal-meeting-of-eu-defence-ministers-in-zagreb\/\" \/>\n<meta property=\"og:locale\" content=\"en_US\" \/>\n<meta property=\"og:type\" content=\"article\" \/>\n<meta property=\"og:title\" content=\"Informal meeting of EU defence ministers in Zagreb - MORH\" \/>\n<meta property=\"og:description\" content=\"Working dinner at the National and University Library attended by High EU Representative Josep Borrell, NATO Secretary General Jens Stoltenberg and EU defence ministers\" \/>\n<meta property=\"og:url\" content=\"https:\/\/www.morh.hr\/en\/informal-meeting-of-eu-defence-ministers-in-zagreb\/\" \/>\n<meta property=\"og:site_name\" content=\"MORH\" \/>\n<meta property=\"article:publisher\" content=\"https:\/\/www.facebook.com\/sportasiuhrvatskojvojsci\/\" \/>\n<meta property=\"article:published_time\" content=\"2020-03-05T12:09:36+00:00\" \/>\n<meta property=\"article:modified_time\" content=\"2020-12-10T09:44:04+00:00\" \/>\n<meta property=\"og:image\" content=\"https:\/\/www.morh.hr\/wp-content\/uploads\/2020\/03\/wil_7586-1024x683.jpg\" \/>\n\t<meta property=\"og:image:width\" content=\"1024\" \/>\n\t<meta property=\"og:image:height\" content=\"683\" \/>\n\t<meta property=\"og:image:type\" content=\"image\/jpeg\" \/>\n<meta name=\"author\" content=\"Drazen\" \/>\n<meta name=\"twitter:card\" content=\"summary_large_image\" \/>\n<meta name=\"twitter:creator\" content=\"@morh_osrh\" \/>\n<meta name=\"twitter:site\" content=\"@morh_osrh\" \/>\n<meta name=\"twitter:label1\" content=\"Written by\" \/>\n\t<meta name=\"twitter:data1\" content=\"Drazen\" \/>\n\t<meta name=\"twitter:label2\" content=\"Est. reading time\" \/>\n\t<meta name=\"twitter:data2\" content=\"4 minutes\" \/>\n<script type=\"application\/ld+json\" class=\"yoast-schema-graph\">{\"@context\":\"https:\/\/schema.org\",\"@graph\":[{\"@type\":\"Article\",\"@id\":\"https:\/\/www.morh.hr\/en\/informal-meeting-of-eu-defence-ministers-in-zagreb\/#article\",\"isPartOf\":{\"@id\":\"https:\/\/www.morh.hr\/en\/informal-meeting-of-eu-defence-ministers-in-zagreb\/\"},\"author\":{\"name\":\"Drazen\",\"@id\":\"https:\/\/www.morh.hr\/en\/#\/schema\/person\/2d72e03399043d9513ab6bec75f2ce27\"},\"headline\":\"Informal meeting of EU defence ministers in Zagreb\",\"datePublished\":\"2020-03-05T12:09:36+00:00\",\"dateModified\":\"2020-12-10T09:44:04+00:00\",\"mainEntityOfPage\":{\"@id\":\"https:\/\/www.morh.hr\/en\/informal-meeting-of-eu-defence-ministers-in-zagreb\/\"},\"wordCount\":794,\"image\":{\"@id\":\"https:\/\/www.morh.hr\/en\/informal-meeting-of-eu-defence-ministers-in-zagreb\/#primaryimage\"},\"thumbnailUrl\":\"https:\/\/www.morh.hr\/wp-content\/uploads\/2020\/03\/wil_7586.jpg\",\"articleSection\":[\"Press releases\"],\"inLanguage\":\"en-US\"},{\"@type\":\"WebPage\",\"@id\":\"https:\/\/www.morh.hr\/en\/informal-meeting-of-eu-defence-ministers-in-zagreb\/\",\"url\":\"https:\/\/www.morh.hr\/en\/informal-meeting-of-eu-defence-ministers-in-zagreb\/\",\"name\":\"Informal meeting of EU defence ministers in Zagreb - MORH\",\"isPartOf\":{\"@id\":\"https:\/\/www.morh.hr\/en\/#website\"},\"primaryImageOfPage\":{\"@id\":\"https:\/\/www.morh.hr\/en\/informal-meeting-of-eu-defence-ministers-in-zagreb\/#primaryimage\"},\"image\":{\"@id\":\"https:\/\/www.morh.hr\/en\/informal-meeting-of-eu-defence-ministers-in-zagreb\/#primaryimage\"},\"thumbnailUrl\":\"https:\/\/www.morh.hr\/wp-content\/uploads\/2020\/03\/wil_7586.jpg\",\"datePublished\":\"2020-03-05T12:09:36+00:00\",\"dateModified\":\"2020-12-10T09:44:04+00:00\",\"author\":{\"@id\":\"https:\/\/www.morh.hr\/en\/#\/schema\/person\/2d72e03399043d9513ab6bec75f2ce27\"},\"description\":\"Working dinner at the National and University Library attended by High EU Representative Josep Borrell, NATO Secretary General Jens Stoltenberg and EU defence ministers\",\"breadcrumb\":{\"@id\":\"https:\/\/www.morh.hr\/en\/informal-meeting-of-eu-defence-ministers-in-zagreb\/#breadcrumb\"},\"inLanguage\":\"en-US\",\"potentialAction\":[{\"@type\":\"ReadAction\",\"target\":[\"https:\/\/www.morh.hr\/en\/informal-meeting-of-eu-defence-ministers-in-zagreb\/\"]}]},{\"@type\":\"ImageObject\",\"inLanguage\":\"en-US\",\"@id\":\"https:\/\/www.morh.hr\/en\/informal-meeting-of-eu-defence-ministers-in-zagreb\/#primaryimage\",\"url\":\"https:\/\/www.morh.hr\/wp-content\/uploads\/2020\/03\/wil_7586.jpg\",\"contentUrl\":\"https:\/\/www.morh.hr\/wp-content\/uploads\/2020\/03\/wil_7586.jpg\",\"width\":2400,\"height\":1600,\"caption\":\"Po\u010deo neformalni sastanak ministara obrane EU u Zagrebu | Foto: MORH \/ T. Brandt\"},{\"@type\":\"BreadcrumbList\",\"@id\":\"https:\/\/www.morh.hr\/en\/informal-meeting-of-eu-defence-ministers-in-zagreb\/#breadcrumb\",\"itemListElement\":[{\"@type\":\"ListItem\",\"position\":1,\"name\":\"Naslovnica\",\"item\":\"https:\/\/www.morh.hr\/en\/\"},{\"@type\":\"ListItem\",\"position\":2,\"name\":\"News\",\"item\":\"https:\/\/www.morh.hr\/en\/kategorija\/news\/\"},{\"@type\":\"ListItem\",\"position\":3,\"name\":\"Press releases\",\"item\":\"https:\/\/www.morh.hr\/en\/kategorija\/news\/press-releases\/\"},{\"@type\":\"ListItem\",\"position\":4,\"name\":\"Informal meeting of EU defence ministers in Zagreb\"}]},{\"@type\":\"WebSite\",\"@id\":\"https:\/\/www.morh.hr\/en\/#website\",\"url\":\"https:\/\/www.morh.hr\/en\/\",\"name\":\"MORH\",\"description\":\"Ministarstvo obrane Republike Hrvatske - slu\u017ebene stranice\",\"potentialAction\":[{\"@type\":\"SearchAction\",\"target\":{\"@type\":\"EntryPoint\",\"urlTemplate\":\"https:\/\/www.morh.hr\/en\/?s={search_term_string}\"},\"query-input\":{\"@type\":\"PropertyValueSpecification\",\"valueRequired\":true,\"valueName\":\"search_term_string\"}}],\"inLanguage\":\"en-US\"},{\"@type\":\"Person\",\"@id\":\"https:\/\/www.morh.hr\/en\/#\/schema\/person\/2d72e03399043d9513ab6bec75f2ce27\",\"name\":\"Drazen\",\"image\":{\"@type\":\"ImageObject\",\"inLanguage\":\"en-US\",\"@id\":\"https:\/\/www.morh.hr\/en\/#\/schema\/person\/image\/\",\"url\":\"https:\/\/secure.gravatar.com\/avatar\/e36ef7e573425ae72988c73df868c1e87a656b0e005ca4fd7d30d2ba7e49c9cf?s=96&d=mm&r=g\",\"contentUrl\":\"https:\/\/secure.gravatar.com\/avatar\/e36ef7e573425ae72988c73df868c1e87a656b0e005ca4fd7d30d2ba7e49c9cf?s=96&d=mm&r=g\",\"caption\":\"Drazen\"}}]}<\/script>\n<!-- \/ Yoast SEO plugin. -->","yoast_head_json":{"title":"Informal meeting of EU defence ministers in Zagreb - MORH","description":"Working dinner at the National and University Library attended by High EU Representative Josep Borrell, NATO Secretary General Jens Stoltenberg and EU defence ministers","robots":{"index":"index","follow":"follow","max-snippet":"max-snippet:-1","max-image-preview":"max-image-preview:large","max-video-preview":"max-video-preview:-1"},"canonical":"https:\/\/www.morh.hr\/en\/informal-meeting-of-eu-defence-ministers-in-zagreb\/","og_locale":"en_US","og_type":"article","og_title":"Informal meeting of EU defence ministers in Zagreb - MORH","og_description":"Working dinner at the National and University Library attended by High EU Representative Josep Borrell, NATO Secretary General Jens Stoltenberg and EU defence ministers","og_url":"https:\/\/www.morh.hr\/en\/informal-meeting-of-eu-defence-ministers-in-zagreb\/","og_site_name":"MORH","article_publisher":"https:\/\/www.facebook.com\/sportasiuhrvatskojvojsci\/","article_published_time":"2020-03-05T12:09:36+00:00","article_modified_time":"2020-12-10T09:44:04+00:00","og_image":[{"width":1024,"height":683,"url":"https:\/\/www.morh.hr\/wp-content\/uploads\/2020\/03\/wil_7586-1024x683.jpg","type":"image\/jpeg"}],"author":"Drazen","twitter_card":"summary_large_image","twitter_creator":"@morh_osrh","twitter_site":"@morh_osrh","twitter_misc":{"Written by":"Drazen","Est. reading time":"4 minutes"},"schema":{"@context":"https:\/\/schema.org","@graph":[{"@type":"Article","@id":"https:\/\/www.morh.hr\/en\/informal-meeting-of-eu-defence-ministers-in-zagreb\/#article","isPartOf":{"@id":"https:\/\/www.morh.hr\/en\/informal-meeting-of-eu-defence-ministers-in-zagreb\/"},"author":{"name":"Drazen","@id":"https:\/\/www.morh.hr\/en\/#\/schema\/person\/2d72e03399043d9513ab6bec75f2ce27"},"headline":"Informal meeting of EU defence ministers in Zagreb","datePublished":"2020-03-05T12:09:36+00:00","dateModified":"2020-12-10T09:44:04+00:00","mainEntityOfPage":{"@id":"https:\/\/www.morh.hr\/en\/informal-meeting-of-eu-defence-ministers-in-zagreb\/"},"wordCount":794,"image":{"@id":"https:\/\/www.morh.hr\/en\/informal-meeting-of-eu-defence-ministers-in-zagreb\/#primaryimage"},"thumbnailUrl":"https:\/\/www.morh.hr\/wp-content\/uploads\/2020\/03\/wil_7586.jpg","articleSection":["Press releases"],"inLanguage":"en-US"},{"@type":"WebPage","@id":"https:\/\/www.morh.hr\/en\/informal-meeting-of-eu-defence-ministers-in-zagreb\/","url":"https:\/\/www.morh.hr\/en\/informal-meeting-of-eu-defence-ministers-in-zagreb\/","name":"Informal meeting of EU defence ministers in Zagreb - MORH","isPartOf":{"@id":"https:\/\/www.morh.hr\/en\/#website"},"primaryImageOfPage":{"@id":"https:\/\/www.morh.hr\/en\/informal-meeting-of-eu-defence-ministers-in-zagreb\/#primaryimage"},"image":{"@id":"https:\/\/www.morh.hr\/en\/informal-meeting-of-eu-defence-ministers-in-zagreb\/#primaryimage"},"thumbnailUrl":"https:\/\/www.morh.hr\/wp-content\/uploads\/2020\/03\/wil_7586.jpg","datePublished":"2020-03-05T12:09:36+00:00","dateModified":"2020-12-10T09:44:04+00:00","author":{"@id":"https:\/\/www.morh.hr\/en\/#\/schema\/person\/2d72e03399043d9513ab6bec75f2ce27"},"description":"Working dinner at the National and University Library attended by High EU Representative Josep Borrell, NATO Secretary General Jens Stoltenberg and EU defence ministers","breadcrumb":{"@id":"https:\/\/www.morh.hr\/en\/informal-meeting-of-eu-defence-ministers-in-zagreb\/#breadcrumb"},"inLanguage":"en-US","potentialAction":[{"@type":"ReadAction","target":["https:\/\/www.morh.hr\/en\/informal-meeting-of-eu-defence-ministers-in-zagreb\/"]}]},{"@type":"ImageObject","inLanguage":"en-US","@id":"https:\/\/www.morh.hr\/en\/informal-meeting-of-eu-defence-ministers-in-zagreb\/#primaryimage","url":"https:\/\/www.morh.hr\/wp-content\/uploads\/2020\/03\/wil_7586.jpg","contentUrl":"https:\/\/www.morh.hr\/wp-content\/uploads\/2020\/03\/wil_7586.jpg","width":2400,"height":1600,"caption":"Po\u010deo neformalni sastanak ministara obrane EU u Zagrebu | Foto: MORH \/ T. Brandt"},{"@type":"BreadcrumbList","@id":"https:\/\/www.morh.hr\/en\/informal-meeting-of-eu-defence-ministers-in-zagreb\/#breadcrumb","itemListElement":[{"@type":"ListItem","position":1,"name":"Naslovnica","item":"https:\/\/www.morh.hr\/en\/"},{"@type":"ListItem","position":2,"name":"News","item":"https:\/\/www.morh.hr\/en\/kategorija\/news\/"},{"@type":"ListItem","position":3,"name":"Press releases","item":"https:\/\/www.morh.hr\/en\/kategorija\/news\/press-releases\/"},{"@type":"ListItem","position":4,"name":"Informal meeting of EU defence ministers in Zagreb"}]},{"@type":"WebSite","@id":"https:\/\/www.morh.hr\/en\/#website","url":"https:\/\/www.morh.hr\/en\/","name":"MORH","description":"Ministarstvo obrane Republike Hrvatske - slu\u017ebene stranice","potentialAction":[{"@type":"SearchAction","target":{"@type":"EntryPoint","urlTemplate":"https:\/\/www.morh.hr\/en\/?s={search_term_string}"},"query-input":{"@type":"PropertyValueSpecification","valueRequired":true,"valueName":"search_term_string"}}],"inLanguage":"en-US"},{"@type":"Person","@id":"https:\/\/www.morh.hr\/en\/#\/schema\/person\/2d72e03399043d9513ab6bec75f2ce27","name":"Drazen","image":{"@type":"ImageObject","inLanguage":"en-US","@id":"https:\/\/www.morh.hr\/en\/#\/schema\/person\/image\/","url":"https:\/\/secure.gravatar.com\/avatar\/e36ef7e573425ae72988c73df868c1e87a656b0e005ca4fd7d30d2ba7e49c9cf?s=96&d=mm&r=g","contentUrl":"https:\/\/secure.gravatar.com\/avatar\/e36ef7e573425ae72988c73df868c1e87a656b0e005ca4fd7d30d2ba7e49c9cf?s=96&d=mm&r=g","caption":"Drazen"}}]}},"_links":{"self":[{"href":"https:\/\/www.morh.hr\/en\/wp-json\/wp\/v2\/posts\/124733","targetHints":{"allow":["GET"]}}],"collection":[{"href":"https:\/\/www.morh.hr\/en\/wp-json\/wp\/v2\/posts"}],"about":[{"href":"https:\/\/www.morh.hr\/en\/wp-json\/wp\/v2\/types\/post"}],"author":[{"embeddable":true,"href":"https:\/\/www.morh.hr\/en\/wp-json\/wp\/v2\/users\/3"}],"replies":[{"embeddable":true,"href":"https:\/\/www.morh.hr\/en\/wp-json\/wp\/v2\/comments?post=124733"}],"version-history":[{"count":0,"href":"https:\/\/www.morh.hr\/en\/wp-json\/wp\/v2\/posts\/124733\/revisions"}],"wp:featuredmedia":[{"embeddable":true,"href":"https:\/\/www.morh.hr\/en\/wp-json\/wp\/v2\/media\/124574"}],"wp:attachment":[{"href":"https:\/\/www.morh.hr\/en\/wp-json\/wp\/v2\/media?parent=124733"}],"wp:term":[{"taxonomy":"category","embeddable":true,"href":"https:\/\/www.morh.hr\/en\/wp-json\/wp\/v2\/categories?post=124733"},{"taxonomy":"post_tag","embeddable":true,"href":"https:\/\/www.morh.hr\/en\/wp-json\/wp\/v2\/tags?post=124733"}],"curies":[{"name":"wp","href":"https:\/\/api.w.org\/{rel}","templated":true}]}}