{"id":126886,"date":"2020-04-06T18:22:54","date_gmt":"2020-04-06T16:22:54","guid":{"rendered":"https:\/\/www.morh.hr\/?p=126886"},"modified":"2020-12-10T08:55:22","modified_gmt":"2020-12-10T07:55:22","slug":"minister-krsticevic-attends-video-conference-of-eu-defence-ministers","status":"publish","type":"post","link":"https:\/\/www.morh.hr\/en\/minister-krsticevic-attends-video-conference-of-eu-defence-ministers\/","title":{"rendered":"Minister Krsti\u010devi\u0107 attends video-conference of EU defence ministers"},"content":{"rendered":"<p>The Croatian Deputy Prime Minister and Defence Minister Damir Krsti\u010devi\u0107 on 6 April 2020 attended the first video-conference of EU defence ministers, chaired by the High EU Representative for Foreign Affairs and Security Policy Josep Borrell.<\/p>\n<p>The ministers discussed the contribution of the defence sector in coping with the COVID-19 pandemia, and exchanged the national experiences with the military support to the civilian institutions, underlining the need for continued co-operation and solidarity among the EU member countries.<\/p>\n<figure id=\"attachment_126877\" aria-describedby=\"caption-attachment-126877\" style=\"width: 2047px\" class=\"wp-caption aligncenter\"><a href=\"https:\/\/www.morh.hr\/wp-content\/uploads\/2020\/04\/20200406-konferencija-03.jpg\"><img loading=\"lazy\" decoding=\"async\" class=\"size-full wp-image-126877\" src=\"https:\/\/www.morh.hr\/wp-content\/uploads\/2020\/04\/20200406-konferencija-03.jpg\" alt=\"\" width=\"2047\" height=\"1382\" srcset=\"https:\/\/www.morh.hr\/wp-content\/uploads\/2020\/04\/20200406-konferencija-03.jpg 2047w, https:\/\/www.morh.hr\/wp-content\/uploads\/2020\/04\/20200406-konferencija-03-300x203.jpg 300w, https:\/\/www.morh.hr\/wp-content\/uploads\/2020\/04\/20200406-konferencija-03-1024x691.jpg 1024w, https:\/\/www.morh.hr\/wp-content\/uploads\/2020\/04\/20200406-konferencija-03-768x519.jpg 768w, https:\/\/www.morh.hr\/wp-content\/uploads\/2020\/04\/20200406-konferencija-03-1536x1037.jpg 1536w\" sizes=\"auto, (max-width: 2047px) 100vw, 2047px\" \/><\/a><figcaption id=\"caption-attachment-126877\" class=\"wp-caption-text\">Zagreb: Videokonferencija Damira Krsti\u010devi\u0107a s ministrima EU | Foto: PIXSELL \/Josip Regovic<\/figcaption><\/figure>\n<h3>The response by Croatia was swift and timely, and the Croatian Army was an important factor assisting the health system<\/h3>\n<p>Minister Krsti\u010devi\u0107 presented the contribution to the civilian institutions and the health care system provided by the Croatian Army as a component of the Homeland Security System, and underlined that all resources were dedicated to the battle with the pandemia.<br \/>\n\u201cThe response by Croatia was swift and timely, and the Croatian Army was an important factor assisting the health system cope with the COVID-19 pandemia. We began implementing the measures focused on health, safety, education and economy in an early phase of the onset of COVID-19. The Minister also stated that the Croatian soldiers built a self-sustained camp with the capacity to accommodate 220 patients within a very short time period (less than 72 hours), which would enhance significantly the hospital care capacities for treatment. \u201cWe will stand ready to provide assitance to the medical staff, to whom we wish to extend appreciation to for treating Croatian citizens.<\/p>\n<p>The Minister also addressed the recent earthquake hitting Zagreb, and said that the Croatian Army as a component of the Homeland Security System responded timely too.<br \/>\n\u201cWe provided assistance to the City of Zagreb and to the civilian institutions. We were ready to do so and we will stand ready to do so in future as well\u201d.<\/p>\n<p><iframe loading=\"lazy\" title=\"Ministar Krsti\u010devi\u0107 na videokonferenciji ministara obrane dr\u017eava EU\" width=\"868\" height=\"488\" src=\"https:\/\/www.youtube.com\/embed\/OezKot24iHc?wmode=transparent&amp;rel=0&amp;feature=oembed\" frameborder=\"0\" allow=\"accelerometer; autoplay; clipboard-write; encrypted-media; gyroscope; picture-in-picture; web-share\" allowfullscreen><\/iframe><\/p>\n<h3>Krsti\u010devi\u0107: The Croatian Govenrment organised strategic airlift to Lithuania and from Afghanistan, acting in a timely and co-ordinated manner to protect our forces deployed in operations and missions worldwide<\/h3>\n<p>Minister Krsti\u010devi\u0107 underlined the need for future cooperation and solidarity among the EU member countries, as well as for timely and coordinated measures intended to halt the pandemia from escalating.\u201dTimely and coordinated measures are necessary to protect our forces deployed in operations and missions\u201d, said the Minister and quoted the measures and activities showcasing the readiness of the Republic of Croatia to provide assistance and solidarity to the partner nations and allies in times calling for joint efforts to overcome the crisis<br \/>\nThe Minister also mentioned the strategic airlift of a Croatian and a German medical team to<br \/>\nNATO &#8216;s Enhanced Forward Presence in Lithuania organised by the Government of the Republic of Croatia and the joint repatriation of the Croatian forces and partner forces (Albania, Montenegro and North Macedonia) from Afghanistan.<\/p>\n<p>\u201cIn its capacity as the country presiding the Council of the European Union, Croatia will continue advocating timely exchange of all experiences and information. We have to adapt and do our best in the situation, in order to guard the health and protect of our citizens in Croatia and the European Union\u201d, concluded the Minister.&nbsp;<\/p>\n<p><a title=\"Ministar Krsti\u010devi\u0107 na videokonferenciji ministara obrane dr\u017eava EU\" href=\"https:\/\/www.flickr.com\/photos\/morh-hr\/albums\/72157713778601713\" data-flickr-embed=\"true\"><img loading=\"lazy\" decoding=\"async\" src=\"https:\/\/live.staticflickr.com\/65535\/49741948133_3664b25b60_b.jpg\" alt=\"Ministar Krsti\u010devi\u0107 na videokonferenciji ministara obrane dr\u017eava EU\" width=\"1024\" height=\"683\"><\/a><script async=\"\" src=\"\/\/embedr.flickr.com\/assets\/client-code.js\" charset=\"utf-8\"><\/script><br \/>\n&nbsp;<\/p>\n<p><a href=\"https:\/\/flic.kr\/s\/aHsmMq8Gct\"><strong>Flickr<\/strong><\/a><\/p>\n","protected":false},"excerpt":{"rendered":"<p>The Croatian Deputy Prime Minister and Defence Minister Krsti\u010devi\u0107 on 6 April 2020 attended the first video-conference of EU defence ministers<\/p>\n","protected":false},"author":3,"featured_media":126870,"comment_status":"closed","ping_status":"closed","sticky":false,"template":"","format":"standard","meta":{"_acf_changed":false,"_monsterinsights_skip_tracking":false,"_monsterinsights_sitenote_active":false,"_monsterinsights_sitenote_note":"","_monsterinsights_sitenote_category":0,"footnotes":""},"categories":[117],"tags":[],"class_list":["post-126886","post","type-post","status-publish","format-standard","has-post-thumbnail","hentry","category-press-releases"],"acf":[],"yoast_head":"<!-- This site is optimized with the Yoast SEO plugin v26.9 - https:\/\/yoast.com\/product\/yoast-seo-wordpress\/ -->\n<title>Minister Krsti\u010devi\u0107 attends video-conference of EU defence ministers - MORH<\/title>\n<meta name=\"description\" content=\"The Croatian Deputy Prime Minister and Defence Minister Krsti\u010devi\u0107 on 6 April 2020 attended the first video-conference of EU defence ministers\" \/>\n<meta name=\"robots\" content=\"index, follow, max-snippet:-1, max-image-preview:large, max-video-preview:-1\" \/>\n<link rel=\"canonical\" href=\"https:\/\/www.morh.hr\/en\/minister-krsticevic-attends-video-conference-of-eu-defence-ministers\/\" \/>\n<meta property=\"og:locale\" content=\"en_US\" \/>\n<meta property=\"og:type\" content=\"article\" \/>\n<meta property=\"og:title\" content=\"Minister Krsti\u010devi\u0107 attends video-conference of EU defence ministers - MORH\" \/>\n<meta property=\"og:description\" content=\"The Croatian Deputy Prime Minister and Defence Minister Krsti\u010devi\u0107 on 6 April 2020 attended the first video-conference of EU defence ministers\" \/>\n<meta property=\"og:url\" content=\"https:\/\/www.morh.hr\/en\/minister-krsticevic-attends-video-conference-of-eu-defence-ministers\/\" \/>\n<meta property=\"og:site_name\" content=\"MORH\" \/>\n<meta property=\"article:publisher\" content=\"https:\/\/www.facebook.com\/sportasiuhrvatskojvojsci\/\" \/>\n<meta property=\"article:published_time\" content=\"2020-04-06T16:22:54+00:00\" \/>\n<meta property=\"article:modified_time\" content=\"2020-12-10T07:55:22+00:00\" \/>\n<meta property=\"og:image\" content=\"https:\/\/www.morh.hr\/wp-content\/uploads\/2020\/04\/20200406-konferencija-2228.jpg\" \/>\n\t<meta property=\"og:image:width\" content=\"2400\" \/>\n\t<meta property=\"og:image:height\" content=\"1600\" \/>\n\t<meta property=\"og:image:type\" content=\"image\/jpeg\" \/>\n<meta name=\"author\" content=\"Drazen\" \/>\n<meta name=\"twitter:card\" content=\"summary_large_image\" \/>\n<meta name=\"twitter:creator\" content=\"@morh_osrh\" \/>\n<meta name=\"twitter:site\" content=\"@morh_osrh\" \/>\n<meta name=\"twitter:label1\" content=\"Written by\" \/>\n\t<meta name=\"twitter:data1\" content=\"Drazen\" \/>\n\t<meta name=\"twitter:label2\" content=\"Est. reading time\" \/>\n\t<meta name=\"twitter:data2\" content=\"3 minutes\" \/>\n<script type=\"application\/ld+json\" class=\"yoast-schema-graph\">{\"@context\":\"https:\/\/schema.org\",\"@graph\":[{\"@type\":\"Article\",\"@id\":\"https:\/\/www.morh.hr\/en\/minister-krsticevic-attends-video-conference-of-eu-defence-ministers\/#article\",\"isPartOf\":{\"@id\":\"https:\/\/www.morh.hr\/en\/minister-krsticevic-attends-video-conference-of-eu-defence-ministers\/\"},\"author\":{\"name\":\"Drazen\",\"@id\":\"https:\/\/www.morh.hr\/en\/#\/schema\/person\/2d72e03399043d9513ab6bec75f2ce27\"},\"headline\":\"Minister Krsti\u010devi\u0107 attends video-conference of EU defence ministers\",\"datePublished\":\"2020-04-06T16:22:54+00:00\",\"dateModified\":\"2020-12-10T07:55:22+00:00\",\"mainEntityOfPage\":{\"@id\":\"https:\/\/www.morh.hr\/en\/minister-krsticevic-attends-video-conference-of-eu-defence-ministers\/\"},\"wordCount\":563,\"image\":{\"@id\":\"https:\/\/www.morh.hr\/en\/minister-krsticevic-attends-video-conference-of-eu-defence-ministers\/#primaryimage\"},\"thumbnailUrl\":\"https:\/\/www.morh.hr\/wp-content\/uploads\/2020\/04\/20200406-konferencija-2228.jpg\",\"articleSection\":[\"Press releases\"],\"inLanguage\":\"en-US\"},{\"@type\":\"WebPage\",\"@id\":\"https:\/\/www.morh.hr\/en\/minister-krsticevic-attends-video-conference-of-eu-defence-ministers\/\",\"url\":\"https:\/\/www.morh.hr\/en\/minister-krsticevic-attends-video-conference-of-eu-defence-ministers\/\",\"name\":\"Minister Krsti\u010devi\u0107 attends video-conference of EU defence ministers - MORH\",\"isPartOf\":{\"@id\":\"https:\/\/www.morh.hr\/en\/#website\"},\"primaryImageOfPage\":{\"@id\":\"https:\/\/www.morh.hr\/en\/minister-krsticevic-attends-video-conference-of-eu-defence-ministers\/#primaryimage\"},\"image\":{\"@id\":\"https:\/\/www.morh.hr\/en\/minister-krsticevic-attends-video-conference-of-eu-defence-ministers\/#primaryimage\"},\"thumbnailUrl\":\"https:\/\/www.morh.hr\/wp-content\/uploads\/2020\/04\/20200406-konferencija-2228.jpg\",\"datePublished\":\"2020-04-06T16:22:54+00:00\",\"dateModified\":\"2020-12-10T07:55:22+00:00\",\"author\":{\"@id\":\"https:\/\/www.morh.hr\/en\/#\/schema\/person\/2d72e03399043d9513ab6bec75f2ce27\"},\"description\":\"The Croatian Deputy Prime Minister and Defence Minister Krsti\u010devi\u0107 on 6 April 2020 attended the first video-conference of EU defence ministers\",\"breadcrumb\":{\"@id\":\"https:\/\/www.morh.hr\/en\/minister-krsticevic-attends-video-conference-of-eu-defence-ministers\/#breadcrumb\"},\"inLanguage\":\"en-US\",\"potentialAction\":[{\"@type\":\"ReadAction\",\"target\":[\"https:\/\/www.morh.hr\/en\/minister-krsticevic-attends-video-conference-of-eu-defence-ministers\/\"]}]},{\"@type\":\"ImageObject\",\"inLanguage\":\"en-US\",\"@id\":\"https:\/\/www.morh.hr\/en\/minister-krsticevic-attends-video-conference-of-eu-defence-ministers\/#primaryimage\",\"url\":\"https:\/\/www.morh.hr\/wp-content\/uploads\/2020\/04\/20200406-konferencija-2228.jpg\",\"contentUrl\":\"https:\/\/www.morh.hr\/wp-content\/uploads\/2020\/04\/20200406-konferencija-2228.jpg\",\"width\":2400,\"height\":1600,\"caption\":\"Glavna tema videokonferencije je suo\u010davanje s pandemijom zaraze COVID-19 kroz sigurnosno-obrambenu dimenziju | Foto: MORH \/ F. Klen\"},{\"@type\":\"BreadcrumbList\",\"@id\":\"https:\/\/www.morh.hr\/en\/minister-krsticevic-attends-video-conference-of-eu-defence-ministers\/#breadcrumb\",\"itemListElement\":[{\"@type\":\"ListItem\",\"position\":1,\"name\":\"Naslovnica\",\"item\":\"https:\/\/www.morh.hr\/en\/\"},{\"@type\":\"ListItem\",\"position\":2,\"name\":\"News\",\"item\":\"https:\/\/www.morh.hr\/en\/kategorija\/news\/\"},{\"@type\":\"ListItem\",\"position\":3,\"name\":\"Press releases\",\"item\":\"https:\/\/www.morh.hr\/en\/kategorija\/news\/press-releases\/\"},{\"@type\":\"ListItem\",\"position\":4,\"name\":\"Minister Krsti\u010devi\u0107 attends video-conference of EU defence ministers\"}]},{\"@type\":\"WebSite\",\"@id\":\"https:\/\/www.morh.hr\/en\/#website\",\"url\":\"https:\/\/www.morh.hr\/en\/\",\"name\":\"MORH\",\"description\":\"Ministarstvo obrane Republike Hrvatske - slu\u017ebene stranice\",\"potentialAction\":[{\"@type\":\"SearchAction\",\"target\":{\"@type\":\"EntryPoint\",\"urlTemplate\":\"https:\/\/www.morh.hr\/en\/?s={search_term_string}\"},\"query-input\":{\"@type\":\"PropertyValueSpecification\",\"valueRequired\":true,\"valueName\":\"search_term_string\"}}],\"inLanguage\":\"en-US\"},{\"@type\":\"Person\",\"@id\":\"https:\/\/www.morh.hr\/en\/#\/schema\/person\/2d72e03399043d9513ab6bec75f2ce27\",\"name\":\"Drazen\",\"image\":{\"@type\":\"ImageObject\",\"inLanguage\":\"en-US\",\"@id\":\"https:\/\/www.morh.hr\/en\/#\/schema\/person\/image\/\",\"url\":\"https:\/\/secure.gravatar.com\/avatar\/e36ef7e573425ae72988c73df868c1e87a656b0e005ca4fd7d30d2ba7e49c9cf?s=96&d=mm&r=g\",\"contentUrl\":\"https:\/\/secure.gravatar.com\/avatar\/e36ef7e573425ae72988c73df868c1e87a656b0e005ca4fd7d30d2ba7e49c9cf?s=96&d=mm&r=g\",\"caption\":\"Drazen\"}}]}<\/script>\n<!-- \/ Yoast SEO plugin. -->","yoast_head_json":{"title":"Minister Krsti\u010devi\u0107 attends video-conference of EU defence ministers - MORH","description":"The Croatian Deputy Prime Minister and Defence Minister Krsti\u010devi\u0107 on 6 April 2020 attended the first video-conference of EU defence ministers","robots":{"index":"index","follow":"follow","max-snippet":"max-snippet:-1","max-image-preview":"max-image-preview:large","max-video-preview":"max-video-preview:-1"},"canonical":"https:\/\/www.morh.hr\/en\/minister-krsticevic-attends-video-conference-of-eu-defence-ministers\/","og_locale":"en_US","og_type":"article","og_title":"Minister Krsti\u010devi\u0107 attends video-conference of EU defence ministers - MORH","og_description":"The Croatian Deputy Prime Minister and Defence Minister Krsti\u010devi\u0107 on 6 April 2020 attended the first video-conference of EU defence ministers","og_url":"https:\/\/www.morh.hr\/en\/minister-krsticevic-attends-video-conference-of-eu-defence-ministers\/","og_site_name":"MORH","article_publisher":"https:\/\/www.facebook.com\/sportasiuhrvatskojvojsci\/","article_published_time":"2020-04-06T16:22:54+00:00","article_modified_time":"2020-12-10T07:55:22+00:00","og_image":[{"width":2400,"height":1600,"url":"https:\/\/www.morh.hr\/wp-content\/uploads\/2020\/04\/20200406-konferencija-2228.jpg","type":"image\/jpeg"}],"author":"Drazen","twitter_card":"summary_large_image","twitter_creator":"@morh_osrh","twitter_site":"@morh_osrh","twitter_misc":{"Written by":"Drazen","Est. reading time":"3 minutes"},"schema":{"@context":"https:\/\/schema.org","@graph":[{"@type":"Article","@id":"https:\/\/www.morh.hr\/en\/minister-krsticevic-attends-video-conference-of-eu-defence-ministers\/#article","isPartOf":{"@id":"https:\/\/www.morh.hr\/en\/minister-krsticevic-attends-video-conference-of-eu-defence-ministers\/"},"author":{"name":"Drazen","@id":"https:\/\/www.morh.hr\/en\/#\/schema\/person\/2d72e03399043d9513ab6bec75f2ce27"},"headline":"Minister Krsti\u010devi\u0107 attends video-conference of EU defence ministers","datePublished":"2020-04-06T16:22:54+00:00","dateModified":"2020-12-10T07:55:22+00:00","mainEntityOfPage":{"@id":"https:\/\/www.morh.hr\/en\/minister-krsticevic-attends-video-conference-of-eu-defence-ministers\/"},"wordCount":563,"image":{"@id":"https:\/\/www.morh.hr\/en\/minister-krsticevic-attends-video-conference-of-eu-defence-ministers\/#primaryimage"},"thumbnailUrl":"https:\/\/www.morh.hr\/wp-content\/uploads\/2020\/04\/20200406-konferencija-2228.jpg","articleSection":["Press releases"],"inLanguage":"en-US"},{"@type":"WebPage","@id":"https:\/\/www.morh.hr\/en\/minister-krsticevic-attends-video-conference-of-eu-defence-ministers\/","url":"https:\/\/www.morh.hr\/en\/minister-krsticevic-attends-video-conference-of-eu-defence-ministers\/","name":"Minister Krsti\u010devi\u0107 attends video-conference of EU defence ministers - MORH","isPartOf":{"@id":"https:\/\/www.morh.hr\/en\/#website"},"primaryImageOfPage":{"@id":"https:\/\/www.morh.hr\/en\/minister-krsticevic-attends-video-conference-of-eu-defence-ministers\/#primaryimage"},"image":{"@id":"https:\/\/www.morh.hr\/en\/minister-krsticevic-attends-video-conference-of-eu-defence-ministers\/#primaryimage"},"thumbnailUrl":"https:\/\/www.morh.hr\/wp-content\/uploads\/2020\/04\/20200406-konferencija-2228.jpg","datePublished":"2020-04-06T16:22:54+00:00","dateModified":"2020-12-10T07:55:22+00:00","author":{"@id":"https:\/\/www.morh.hr\/en\/#\/schema\/person\/2d72e03399043d9513ab6bec75f2ce27"},"description":"The Croatian Deputy Prime Minister and Defence Minister Krsti\u010devi\u0107 on 6 April 2020 attended the first video-conference of EU defence ministers","breadcrumb":{"@id":"https:\/\/www.morh.hr\/en\/minister-krsticevic-attends-video-conference-of-eu-defence-ministers\/#breadcrumb"},"inLanguage":"en-US","potentialAction":[{"@type":"ReadAction","target":["https:\/\/www.morh.hr\/en\/minister-krsticevic-attends-video-conference-of-eu-defence-ministers\/"]}]},{"@type":"ImageObject","inLanguage":"en-US","@id":"https:\/\/www.morh.hr\/en\/minister-krsticevic-attends-video-conference-of-eu-defence-ministers\/#primaryimage","url":"https:\/\/www.morh.hr\/wp-content\/uploads\/2020\/04\/20200406-konferencija-2228.jpg","contentUrl":"https:\/\/www.morh.hr\/wp-content\/uploads\/2020\/04\/20200406-konferencija-2228.jpg","width":2400,"height":1600,"caption":"Glavna tema videokonferencije je suo\u010davanje s pandemijom zaraze COVID-19 kroz sigurnosno-obrambenu dimenziju | Foto: MORH \/ F. Klen"},{"@type":"BreadcrumbList","@id":"https:\/\/www.morh.hr\/en\/minister-krsticevic-attends-video-conference-of-eu-defence-ministers\/#breadcrumb","itemListElement":[{"@type":"ListItem","position":1,"name":"Naslovnica","item":"https:\/\/www.morh.hr\/en\/"},{"@type":"ListItem","position":2,"name":"News","item":"https:\/\/www.morh.hr\/en\/kategorija\/news\/"},{"@type":"ListItem","position":3,"name":"Press releases","item":"https:\/\/www.morh.hr\/en\/kategorija\/news\/press-releases\/"},{"@type":"ListItem","position":4,"name":"Minister Krsti\u010devi\u0107 attends video-conference of EU defence ministers"}]},{"@type":"WebSite","@id":"https:\/\/www.morh.hr\/en\/#website","url":"https:\/\/www.morh.hr\/en\/","name":"MORH","description":"Ministarstvo obrane Republike Hrvatske - slu\u017ebene stranice","potentialAction":[{"@type":"SearchAction","target":{"@type":"EntryPoint","urlTemplate":"https:\/\/www.morh.hr\/en\/?s={search_term_string}"},"query-input":{"@type":"PropertyValueSpecification","valueRequired":true,"valueName":"search_term_string"}}],"inLanguage":"en-US"},{"@type":"Person","@id":"https:\/\/www.morh.hr\/en\/#\/schema\/person\/2d72e03399043d9513ab6bec75f2ce27","name":"Drazen","image":{"@type":"ImageObject","inLanguage":"en-US","@id":"https:\/\/www.morh.hr\/en\/#\/schema\/person\/image\/","url":"https:\/\/secure.gravatar.com\/avatar\/e36ef7e573425ae72988c73df868c1e87a656b0e005ca4fd7d30d2ba7e49c9cf?s=96&d=mm&r=g","contentUrl":"https:\/\/secure.gravatar.com\/avatar\/e36ef7e573425ae72988c73df868c1e87a656b0e005ca4fd7d30d2ba7e49c9cf?s=96&d=mm&r=g","caption":"Drazen"}}]}},"_links":{"self":[{"href":"https:\/\/www.morh.hr\/en\/wp-json\/wp\/v2\/posts\/126886","targetHints":{"allow":["GET"]}}],"collection":[{"href":"https:\/\/www.morh.hr\/en\/wp-json\/wp\/v2\/posts"}],"about":[{"href":"https:\/\/www.morh.hr\/en\/wp-json\/wp\/v2\/types\/post"}],"author":[{"embeddable":true,"href":"https:\/\/www.morh.hr\/en\/wp-json\/wp\/v2\/users\/3"}],"replies":[{"embeddable":true,"href":"https:\/\/www.morh.hr\/en\/wp-json\/wp\/v2\/comments?post=126886"}],"version-history":[{"count":0,"href":"https:\/\/www.morh.hr\/en\/wp-json\/wp\/v2\/posts\/126886\/revisions"}],"wp:featuredmedia":[{"embeddable":true,"href":"https:\/\/www.morh.hr\/en\/wp-json\/wp\/v2\/media\/126870"}],"wp:attachment":[{"href":"https:\/\/www.morh.hr\/en\/wp-json\/wp\/v2\/media?parent=126886"}],"wp:term":[{"taxonomy":"category","embeddable":true,"href":"https:\/\/www.morh.hr\/en\/wp-json\/wp\/v2\/categories?post=126886"},{"taxonomy":"post_tag","embeddable":true,"href":"https:\/\/www.morh.hr\/en\/wp-json\/wp\/v2\/tags?post=126886"}],"curies":[{"name":"wp","href":"https:\/\/api.w.org\/{rel}","templated":true}]}}