{"id":128291,"date":"2020-05-28T12:42:31","date_gmt":"2020-05-28T10:42:31","guid":{"rendered":"https:\/\/www.morh.hr\/?p=128291"},"modified":"2020-12-10T08:55:20","modified_gmt":"2020-12-10T07:55:20","slug":"a-new-accommodation-facility-vukovar-opens-at-croatian-defence-academy","status":"publish","type":"post","link":"https:\/\/www.morh.hr\/en\/a-new-accommodation-facility-vukovar-opens-at-croatian-defence-academy\/","title":{"rendered":"A new accommodation facility \u201cVukovar\u201d opens at Croatian Defence Academy"},"content":{"rendered":"<p>On the occasion of the Croatian Armed Forces and the Croatian Army Day and of the 29th anniversary of the establishment of the Croatian Army a newly built accommodation facility &#8220;Vukovar&#8221; in the Croatian Defence Academy \u201cDr. Franjo Tu\u0111man\u201d was formally opened on 27 May 2020.<br \/>\nThe ceremony was attended by the Prime Minister of Croatia Andrej Plenkovi\u0107, by the Envoy of the Speaker of the Croatian Parliament Miroslav Tu\u0111man, by the Minister of Homeland War Veterans Tomo Medved, by the State Secretary for Defence Tomislav Ivi\u0107, by the Deputy Chief of the General Staff of the Croatian Armed Forces Major General Sini\u0161a Jurkovi\u0107 and other senior military and civilian officials.<\/p>\n<p>\u201cThe marking of the Croatian Armed Forces is an important event, combining the history of the state of Croatia, the victory in the Homeland War and a 29-year path from the Croatian National Guard to the present-day modern, professional and credible armed forces. I am taking the opportunity to express gratitude to all Croatian defenders, the missing, the fallen and wounded Croatian defenders and their families for their contribution to the freedom of Croatia\u201d. The Prime Minister also expressed respects and gratitude to the fallen soldiers and pilots in the post-war period.<\/p>\n<p><iframe loading=\"lazy\" title=\"Otvoren novoizgra\u0111eni smje\u0161tajni objekt \u201cVukovar\u201d na HVU\" width=\"868\" height=\"488\" src=\"https:\/\/www.youtube.com\/embed\/1akb2rJS2ok?wmode=transparent&amp;rel=0&amp;feature=oembed\" frameborder=\"0\" allow=\"accelerometer; autoplay; clipboard-write; encrypted-media; gyroscope; picture-in-picture; web-share\" allowfullscreen><\/iframe><\/p>\n<h3>Prime Minister: Government committed to further develop the Croatian Armed Forces:<\/h3>\n<p>The Prime Minister also stated that his Government invested major efforts to ensure a balanced development of the Croatian Armed Forces.<br \/>\n\u201cThe goal of the Croatian Government is to further improve the efficiency and capabilities of the Croatian Armed Forces, to upgrade its defence capabilities and international image. To fulfil that goal the Government is committed to equipping and modernising the Croatian military and upgrading of the standards of Croatian soldiers. The defence budget has increased for four consecutive years, after a six-year reduction period.<br \/>\nWe restored the Armed Forces units to Sinj, Vukovar, Vara\u017edin, Pulu and Plo\u010de, conveying a clear message that the Croatian military was with the people and by the side of the people\u201d. The Prime Minister also stressed that the efficiency of the Homeland Security System was evident in a number of events such as fires, floods, and COVID-19 epidemic and earthquake relief.<\/p>\n<p>\u201cThe Croatian Armed Forces have assisted in all crises, and merit our appreciation. You are the force protecting the Croatian people, and I am taking the opportunity to congratulate on the forthcoming Statehood Day, marked on 30 May again\u201d, emphasised the Prime Minister, and concluded by announcing that the facility \u201cVukovar\u201d would in the near future be integrated into the new Defence and Security University.<\/p>\n<figure id=\"attachment_128245\" aria-describedby=\"caption-attachment-128245\" style=\"width: 2400px\" class=\"wp-caption aligncenter\"><a href=\"https:\/\/www.morh.hr\/wp-content\/uploads\/2020\/05\/20200527-hotel-vukovart-4.jpg\"><img loading=\"lazy\" decoding=\"async\" class=\"size-full wp-image-128245\" src=\"https:\/\/www.morh.hr\/wp-content\/uploads\/2020\/05\/20200527-hotel-vukovart-4.jpg\" alt=\"\" width=\"2400\" height=\"1600\" srcset=\"https:\/\/www.morh.hr\/wp-content\/uploads\/2020\/05\/20200527-hotel-vukovart-4.jpg 2400w, https:\/\/www.morh.hr\/wp-content\/uploads\/2020\/05\/20200527-hotel-vukovart-4-300x200.jpg 300w, https:\/\/www.morh.hr\/wp-content\/uploads\/2020\/05\/20200527-hotel-vukovart-4-1024x683.jpg 1024w, https:\/\/www.morh.hr\/wp-content\/uploads\/2020\/05\/20200527-hotel-vukovart-4-768x512.jpg 768w, https:\/\/www.morh.hr\/wp-content\/uploads\/2020\/05\/20200527-hotel-vukovart-4-1536x1024.jpg 1536w, https:\/\/www.morh.hr\/wp-content\/uploads\/2020\/05\/20200527-hotel-vukovart-4-2048x1365.jpg 2048w\" sizes=\"auto, (max-width: 2400px) 100vw, 2400px\" \/><\/a><figcaption id=\"caption-attachment-128245\" class=\"wp-caption-text\">Predsjednik Vlade RH Andrej Plenkovi\u0107 sve\u010dano je otvorio objekt te \u010destitao Dan Hrvatske vojske, Dan Hrvatske kopnene vojske i 29. obljetnicu osnivanja HV-a | Foto: MORH \/ M. \u010cobanovi\u0107<\/figcaption><\/figure>\n<h3>State Secretary Ivi\u0107: The opening of the accommodation facility \u201cVukovar\u201d is a symbol of the transformation of the Croatian Armed Forces<\/h3>\n<p>State Secretary of the Ministry of Defense Tomislav Ivi\u0107 extended congratulations on the occasion of the Croatian Armed Forces Day and of the Croatian Army Day. &#8220;I am glad that the facility named after the heroic town of Vukovar is opened on the occasion of the 29th anniversary of the establishment of the victorious Croatian Army&#8221;, said State Secretary Ivi\u0107.<\/p>\n<p>&#8220;We have restored material rights and are continuously upgrading the living and working conditions in the military installations; we have restored the dignity to Croatian soldiers. The opening of the accommodation facility \u201cVukovar\u201d is a symbol of the transformation of the Croatian Armed Forces\u201d, said the State Secretary<\/p>\n<p>\u201cNext year, coinciding with the jubilary 30th anniversary of the establishment of the Croatian Army, will see a transformation of the Croatian Defence Academy into the Defence and Security University \u201cDr. Franjo Tu\u0111man\u201d, as an institution of special national interest\u201d, said State Secretary Ivi\u0107.<\/p>\n<figure id=\"attachment_128249\" aria-describedby=\"caption-attachment-128249\" style=\"width: 2400px\" class=\"wp-caption aligncenter\"><a href=\"https:\/\/www.morh.hr\/wp-content\/uploads\/2020\/05\/20200527-hotel-vukovart-5.jpg\"><img loading=\"lazy\" decoding=\"async\" class=\"size-full wp-image-128249\" src=\"https:\/\/www.morh.hr\/wp-content\/uploads\/2020\/05\/20200527-hotel-vukovart-5.jpg\" alt=\"\" width=\"2400\" height=\"1600\" srcset=\"https:\/\/www.morh.hr\/wp-content\/uploads\/2020\/05\/20200527-hotel-vukovart-5.jpg 2400w, https:\/\/www.morh.hr\/wp-content\/uploads\/2020\/05\/20200527-hotel-vukovart-5-300x200.jpg 300w, https:\/\/www.morh.hr\/wp-content\/uploads\/2020\/05\/20200527-hotel-vukovart-5-1024x683.jpg 1024w, https:\/\/www.morh.hr\/wp-content\/uploads\/2020\/05\/20200527-hotel-vukovart-5-768x512.jpg 768w, https:\/\/www.morh.hr\/wp-content\/uploads\/2020\/05\/20200527-hotel-vukovart-5-1536x1024.jpg 1536w, https:\/\/www.morh.hr\/wp-content\/uploads\/2020\/05\/20200527-hotel-vukovart-5-2048x1365.jpg 2048w\" sizes=\"auto, (max-width: 2400px) 100vw, 2400px\" \/><\/a><figcaption id=\"caption-attachment-128249\" class=\"wp-caption-text\">Predsjednik Vlade RH Andrej Plenkovi\u0107 sve\u010dano je otvorio objekt te \u010destitao Dan Hrvatske vojske, Dan Hrvatske kopnene vojske i 29. obljetnicu osnivanja HV-a | Foto: MORH \/ M. \u010cobanovi\u0107<\/figcaption><\/figure>\n<h3>Maj. General Jurkovi\u0107: \u201cVukovar\u201d is a symbol of the new period, a link between the past, present and the future<\/h3>\n<p>The Deputy Chief of the General Staff of the Croatian Armed Forces Major General Sini\u0161a Jurkovi\u0107 said the new facility was named after a symbol of the freedom and guard of the identity of Croatia.<br \/>\n\u201dThe opening of the facility is of huge importance for the Croatian Armed Forces, expanding the existing capabilities with a new dimension of accommodation and living at the Croatian Defence Academy. I believe the facility will be an additional motive for the young people to join the Croatian Armed Forces\u201d. Maj. Gen. Jurkovi\u0107 also said that \u201cVukovar\u201d was a symbol of the new period, a link between the past, present and the future<br \/>\nPrior to the formal opening the visitors toured the sports grounds of the Croatian Defence Academy, and the Commander of the Academy Major General Mate Pa\u0111en presented the future congress hall to be furbished at the Academy.<\/p>\n<p>The visitors also toured the facility \u201cVukovar\u201d, which was blessed by Vicar General of the Ordinariate Marko Medo, and the Croatian Navy Vocal Ensemble \u201cSv. Juraj\u201d performed a musical programme<\/p>\n<p>The 15-storey facility &#8220;Vukovar&#8221; comprises a total of 89 accommodation units and is intended for the accommodation of students of the Croatian Military Academy \u201dDr. Franjo Tu\u0111man\u201d, and will upgrade the standard of accommodation and living of the students and instructors of the Croatian Defence Academy.<\/p>\n<p>The ground floor houses the reception desk and the living room, and the accommodation units occupy 1st \u2013 13th floors. The 14th floor houses a restaurant, and the 15th floor comprises a gym with the bath and a terrace. The facility was built is by the firm Lav\u010devi\u0107 d. d. , the works commenced in late 2016 and the total cost amounted to 55 mil HRK (VAT included).<\/p>\n<p><a title=\"Otvoren novoizgra\u0111eni smje\u0161tajni objekt \u201eVukovar\u201c na HVU\" href=\"https:\/\/www.flickr.com\/photos\/morh-hr\/albums\/72157714475973168\" data-flickr-embed=\"true\"><img loading=\"lazy\" decoding=\"async\" src=\"https:\/\/live.staticflickr.com\/65535\/49941318228_b0bef147fe_b.jpg\" alt=\"Otvoren novoizgra\u0111eni smje\u0161tajni objekt \u201eVukovar\u201c na HVU\" width=\"1024\" height=\"683\"><\/a><script async=\"\" src=\"\/\/embedr.flickr.com\/assets\/client-code.js\" charset=\"utf-8\"><\/script><\/p>\n<p><a href=\"https:\/\/flic.kr\/s\/aHsmNtKUrf\"><strong>Flickr fotogalerija<\/strong><\/a><\/p>\n","protected":false},"excerpt":{"rendered":"<p>Prime Minister of Croatia Andrej Plenkovi\u0107 formally opens the facility and congratulates on the Croatian Armed Forces and the Croatian Army Day and the 29th anniversary of the establishment of the Croatian Army<\/p>\n","protected":false},"author":3,"featured_media":128247,"comment_status":"closed","ping_status":"closed","sticky":false,"template":"","format":"standard","meta":{"_acf_changed":false,"_monsterinsights_skip_tracking":false,"_monsterinsights_sitenote_active":false,"_monsterinsights_sitenote_note":"","_monsterinsights_sitenote_category":0,"footnotes":""},"categories":[117],"tags":[],"class_list":["post-128291","post","type-post","status-publish","format-standard","has-post-thumbnail","hentry","category-press-releases"],"acf":[],"yoast_head":"<!-- This site is optimized with the Yoast SEO plugin v26.9 - https:\/\/yoast.com\/product\/yoast-seo-wordpress\/ -->\n<title>A new accommodation facility \u201cVukovar\u201d opens at Croatian Defence Academy - MORH<\/title>\n<meta name=\"description\" content=\"Prime Minister of Croatia Andrej Plenkovi\u0107 formally opens the facility and congratulates on the Croatian Armed Forces and the Croatian Army Day and the 29th anniversary of the establishment of the Croatian Army\" \/>\n<meta name=\"robots\" content=\"index, follow, max-snippet:-1, max-image-preview:large, max-video-preview:-1\" \/>\n<link rel=\"canonical\" href=\"https:\/\/www.morh.hr\/en\/a-new-accommodation-facility-vukovar-opens-at-croatian-defence-academy\/\" \/>\n<meta property=\"og:locale\" content=\"en_US\" \/>\n<meta property=\"og:type\" content=\"article\" \/>\n<meta property=\"og:title\" content=\"A new accommodation facility \u201cVukovar\u201d opens at Croatian Defence Academy - MORH\" \/>\n<meta property=\"og:description\" content=\"Prime Minister of Croatia Andrej Plenkovi\u0107 formally opens the facility and congratulates on the Croatian Armed Forces and the Croatian Army Day and the 29th anniversary of the establishment of the Croatian Army\" \/>\n<meta property=\"og:url\" content=\"https:\/\/www.morh.hr\/en\/a-new-accommodation-facility-vukovar-opens-at-croatian-defence-academy\/\" \/>\n<meta property=\"og:site_name\" content=\"MORH\" \/>\n<meta property=\"article:publisher\" content=\"https:\/\/www.facebook.com\/sportasiuhrvatskojvojsci\/\" \/>\n<meta property=\"article:published_time\" content=\"2020-05-28T10:42:31+00:00\" \/>\n<meta property=\"article:modified_time\" content=\"2020-12-10T07:55:20+00:00\" \/>\n<meta property=\"og:image\" content=\"https:\/\/www.morh.hr\/wp-content\/uploads\/2020\/05\/20200527-hotel-vukovart-7.jpg\" \/>\n\t<meta property=\"og:image:width\" content=\"2400\" \/>\n\t<meta property=\"og:image:height\" content=\"1600\" \/>\n\t<meta property=\"og:image:type\" content=\"image\/jpeg\" \/>\n<meta name=\"author\" content=\"Drazen\" \/>\n<meta name=\"twitter:card\" content=\"summary_large_image\" \/>\n<meta name=\"twitter:creator\" content=\"@morh_osrh\" \/>\n<meta name=\"twitter:site\" content=\"@morh_osrh\" \/>\n<meta name=\"twitter:label1\" content=\"Written by\" \/>\n\t<meta name=\"twitter:data1\" content=\"Drazen\" \/>\n\t<meta name=\"twitter:label2\" content=\"Est. reading time\" \/>\n\t<meta name=\"twitter:data2\" content=\"5 minutes\" \/>\n<script type=\"application\/ld+json\" class=\"yoast-schema-graph\">{\"@context\":\"https:\/\/schema.org\",\"@graph\":[{\"@type\":\"Article\",\"@id\":\"https:\/\/www.morh.hr\/en\/a-new-accommodation-facility-vukovar-opens-at-croatian-defence-academy\/#article\",\"isPartOf\":{\"@id\":\"https:\/\/www.morh.hr\/en\/a-new-accommodation-facility-vukovar-opens-at-croatian-defence-academy\/\"},\"author\":{\"name\":\"Drazen\",\"@id\":\"https:\/\/www.morh.hr\/en\/#\/schema\/person\/2d72e03399043d9513ab6bec75f2ce27\"},\"headline\":\"A new accommodation facility \u201cVukovar\u201d opens at Croatian Defence Academy\",\"datePublished\":\"2020-05-28T10:42:31+00:00\",\"dateModified\":\"2020-12-10T07:55:20+00:00\",\"mainEntityOfPage\":{\"@id\":\"https:\/\/www.morh.hr\/en\/a-new-accommodation-facility-vukovar-opens-at-croatian-defence-academy\/\"},\"wordCount\":996,\"image\":{\"@id\":\"https:\/\/www.morh.hr\/en\/a-new-accommodation-facility-vukovar-opens-at-croatian-defence-academy\/#primaryimage\"},\"thumbnailUrl\":\"https:\/\/www.morh.hr\/wp-content\/uploads\/2020\/05\/20200527-hotel-vukovart-7.jpg\",\"articleSection\":[\"Press releases\"],\"inLanguage\":\"en-US\"},{\"@type\":\"WebPage\",\"@id\":\"https:\/\/www.morh.hr\/en\/a-new-accommodation-facility-vukovar-opens-at-croatian-defence-academy\/\",\"url\":\"https:\/\/www.morh.hr\/en\/a-new-accommodation-facility-vukovar-opens-at-croatian-defence-academy\/\",\"name\":\"A new accommodation facility \u201cVukovar\u201d opens at Croatian Defence Academy - MORH\",\"isPartOf\":{\"@id\":\"https:\/\/www.morh.hr\/en\/#website\"},\"primaryImageOfPage\":{\"@id\":\"https:\/\/www.morh.hr\/en\/a-new-accommodation-facility-vukovar-opens-at-croatian-defence-academy\/#primaryimage\"},\"image\":{\"@id\":\"https:\/\/www.morh.hr\/en\/a-new-accommodation-facility-vukovar-opens-at-croatian-defence-academy\/#primaryimage\"},\"thumbnailUrl\":\"https:\/\/www.morh.hr\/wp-content\/uploads\/2020\/05\/20200527-hotel-vukovart-7.jpg\",\"datePublished\":\"2020-05-28T10:42:31+00:00\",\"dateModified\":\"2020-12-10T07:55:20+00:00\",\"author\":{\"@id\":\"https:\/\/www.morh.hr\/en\/#\/schema\/person\/2d72e03399043d9513ab6bec75f2ce27\"},\"description\":\"Prime Minister of Croatia Andrej Plenkovi\u0107 formally opens the facility and congratulates on the Croatian Armed Forces and the Croatian Army Day and the 29th anniversary of the establishment of the Croatian Army\",\"breadcrumb\":{\"@id\":\"https:\/\/www.morh.hr\/en\/a-new-accommodation-facility-vukovar-opens-at-croatian-defence-academy\/#breadcrumb\"},\"inLanguage\":\"en-US\",\"potentialAction\":[{\"@type\":\"ReadAction\",\"target\":[\"https:\/\/www.morh.hr\/en\/a-new-accommodation-facility-vukovar-opens-at-croatian-defence-academy\/\"]}]},{\"@type\":\"ImageObject\",\"inLanguage\":\"en-US\",\"@id\":\"https:\/\/www.morh.hr\/en\/a-new-accommodation-facility-vukovar-opens-at-croatian-defence-academy\/#primaryimage\",\"url\":\"https:\/\/www.morh.hr\/wp-content\/uploads\/2020\/05\/20200527-hotel-vukovart-7.jpg\",\"contentUrl\":\"https:\/\/www.morh.hr\/wp-content\/uploads\/2020\/05\/20200527-hotel-vukovart-7.jpg\",\"width\":2400,\"height\":1600,\"caption\":\"Predsjednik Vlade RH Andrej Plenkovi\u0107 sve\u010dano je otvorio objekt te \u010destitao Dan Hrvatske vojske, Dan Hrvatske kopnene vojske i 29. obljetnicu osnivanja HV-a | Foto: MORH \/ M. \u010cobanovi\u0107\"},{\"@type\":\"BreadcrumbList\",\"@id\":\"https:\/\/www.morh.hr\/en\/a-new-accommodation-facility-vukovar-opens-at-croatian-defence-academy\/#breadcrumb\",\"itemListElement\":[{\"@type\":\"ListItem\",\"position\":1,\"name\":\"Naslovnica\",\"item\":\"https:\/\/www.morh.hr\/en\/\"},{\"@type\":\"ListItem\",\"position\":2,\"name\":\"News\",\"item\":\"https:\/\/www.morh.hr\/en\/kategorija\/news\/\"},{\"@type\":\"ListItem\",\"position\":3,\"name\":\"Press releases\",\"item\":\"https:\/\/www.morh.hr\/en\/kategorija\/news\/press-releases\/\"},{\"@type\":\"ListItem\",\"position\":4,\"name\":\"A new accommodation facility \u201cVukovar\u201d opens at Croatian Defence Academy\"}]},{\"@type\":\"WebSite\",\"@id\":\"https:\/\/www.morh.hr\/en\/#website\",\"url\":\"https:\/\/www.morh.hr\/en\/\",\"name\":\"MORH\",\"description\":\"Ministarstvo obrane Republike Hrvatske - slu\u017ebene stranice\",\"potentialAction\":[{\"@type\":\"SearchAction\",\"target\":{\"@type\":\"EntryPoint\",\"urlTemplate\":\"https:\/\/www.morh.hr\/en\/?s={search_term_string}\"},\"query-input\":{\"@type\":\"PropertyValueSpecification\",\"valueRequired\":true,\"valueName\":\"search_term_string\"}}],\"inLanguage\":\"en-US\"},{\"@type\":\"Person\",\"@id\":\"https:\/\/www.morh.hr\/en\/#\/schema\/person\/2d72e03399043d9513ab6bec75f2ce27\",\"name\":\"Drazen\",\"image\":{\"@type\":\"ImageObject\",\"inLanguage\":\"en-US\",\"@id\":\"https:\/\/www.morh.hr\/en\/#\/schema\/person\/image\/\",\"url\":\"https:\/\/secure.gravatar.com\/avatar\/e36ef7e573425ae72988c73df868c1e87a656b0e005ca4fd7d30d2ba7e49c9cf?s=96&d=mm&r=g\",\"contentUrl\":\"https:\/\/secure.gravatar.com\/avatar\/e36ef7e573425ae72988c73df868c1e87a656b0e005ca4fd7d30d2ba7e49c9cf?s=96&d=mm&r=g\",\"caption\":\"Drazen\"}}]}<\/script>\n<!-- \/ Yoast SEO plugin. -->","yoast_head_json":{"title":"A new accommodation facility \u201cVukovar\u201d opens at Croatian Defence Academy - MORH","description":"Prime Minister of Croatia Andrej Plenkovi\u0107 formally opens the facility and congratulates on the Croatian Armed Forces and the Croatian Army Day and the 29th anniversary of the establishment of the Croatian Army","robots":{"index":"index","follow":"follow","max-snippet":"max-snippet:-1","max-image-preview":"max-image-preview:large","max-video-preview":"max-video-preview:-1"},"canonical":"https:\/\/www.morh.hr\/en\/a-new-accommodation-facility-vukovar-opens-at-croatian-defence-academy\/","og_locale":"en_US","og_type":"article","og_title":"A new accommodation facility \u201cVukovar\u201d opens at Croatian Defence Academy - MORH","og_description":"Prime Minister of Croatia Andrej Plenkovi\u0107 formally opens the facility and congratulates on the Croatian Armed Forces and the Croatian Army Day and the 29th anniversary of the establishment of the Croatian Army","og_url":"https:\/\/www.morh.hr\/en\/a-new-accommodation-facility-vukovar-opens-at-croatian-defence-academy\/","og_site_name":"MORH","article_publisher":"https:\/\/www.facebook.com\/sportasiuhrvatskojvojsci\/","article_published_time":"2020-05-28T10:42:31+00:00","article_modified_time":"2020-12-10T07:55:20+00:00","og_image":[{"width":2400,"height":1600,"url":"https:\/\/www.morh.hr\/wp-content\/uploads\/2020\/05\/20200527-hotel-vukovart-7.jpg","type":"image\/jpeg"}],"author":"Drazen","twitter_card":"summary_large_image","twitter_creator":"@morh_osrh","twitter_site":"@morh_osrh","twitter_misc":{"Written by":"Drazen","Est. reading time":"5 minutes"},"schema":{"@context":"https:\/\/schema.org","@graph":[{"@type":"Article","@id":"https:\/\/www.morh.hr\/en\/a-new-accommodation-facility-vukovar-opens-at-croatian-defence-academy\/#article","isPartOf":{"@id":"https:\/\/www.morh.hr\/en\/a-new-accommodation-facility-vukovar-opens-at-croatian-defence-academy\/"},"author":{"name":"Drazen","@id":"https:\/\/www.morh.hr\/en\/#\/schema\/person\/2d72e03399043d9513ab6bec75f2ce27"},"headline":"A new accommodation facility \u201cVukovar\u201d opens at Croatian Defence Academy","datePublished":"2020-05-28T10:42:31+00:00","dateModified":"2020-12-10T07:55:20+00:00","mainEntityOfPage":{"@id":"https:\/\/www.morh.hr\/en\/a-new-accommodation-facility-vukovar-opens-at-croatian-defence-academy\/"},"wordCount":996,"image":{"@id":"https:\/\/www.morh.hr\/en\/a-new-accommodation-facility-vukovar-opens-at-croatian-defence-academy\/#primaryimage"},"thumbnailUrl":"https:\/\/www.morh.hr\/wp-content\/uploads\/2020\/05\/20200527-hotel-vukovart-7.jpg","articleSection":["Press releases"],"inLanguage":"en-US"},{"@type":"WebPage","@id":"https:\/\/www.morh.hr\/en\/a-new-accommodation-facility-vukovar-opens-at-croatian-defence-academy\/","url":"https:\/\/www.morh.hr\/en\/a-new-accommodation-facility-vukovar-opens-at-croatian-defence-academy\/","name":"A new accommodation facility \u201cVukovar\u201d opens at Croatian Defence Academy - MORH","isPartOf":{"@id":"https:\/\/www.morh.hr\/en\/#website"},"primaryImageOfPage":{"@id":"https:\/\/www.morh.hr\/en\/a-new-accommodation-facility-vukovar-opens-at-croatian-defence-academy\/#primaryimage"},"image":{"@id":"https:\/\/www.morh.hr\/en\/a-new-accommodation-facility-vukovar-opens-at-croatian-defence-academy\/#primaryimage"},"thumbnailUrl":"https:\/\/www.morh.hr\/wp-content\/uploads\/2020\/05\/20200527-hotel-vukovart-7.jpg","datePublished":"2020-05-28T10:42:31+00:00","dateModified":"2020-12-10T07:55:20+00:00","author":{"@id":"https:\/\/www.morh.hr\/en\/#\/schema\/person\/2d72e03399043d9513ab6bec75f2ce27"},"description":"Prime Minister of Croatia Andrej Plenkovi\u0107 formally opens the facility and congratulates on the Croatian Armed Forces and the Croatian Army Day and the 29th anniversary of the establishment of the Croatian Army","breadcrumb":{"@id":"https:\/\/www.morh.hr\/en\/a-new-accommodation-facility-vukovar-opens-at-croatian-defence-academy\/#breadcrumb"},"inLanguage":"en-US","potentialAction":[{"@type":"ReadAction","target":["https:\/\/www.morh.hr\/en\/a-new-accommodation-facility-vukovar-opens-at-croatian-defence-academy\/"]}]},{"@type":"ImageObject","inLanguage":"en-US","@id":"https:\/\/www.morh.hr\/en\/a-new-accommodation-facility-vukovar-opens-at-croatian-defence-academy\/#primaryimage","url":"https:\/\/www.morh.hr\/wp-content\/uploads\/2020\/05\/20200527-hotel-vukovart-7.jpg","contentUrl":"https:\/\/www.morh.hr\/wp-content\/uploads\/2020\/05\/20200527-hotel-vukovart-7.jpg","width":2400,"height":1600,"caption":"Predsjednik Vlade RH Andrej Plenkovi\u0107 sve\u010dano je otvorio objekt te \u010destitao Dan Hrvatske vojske, Dan Hrvatske kopnene vojske i 29. obljetnicu osnivanja HV-a | Foto: MORH \/ M. \u010cobanovi\u0107"},{"@type":"BreadcrumbList","@id":"https:\/\/www.morh.hr\/en\/a-new-accommodation-facility-vukovar-opens-at-croatian-defence-academy\/#breadcrumb","itemListElement":[{"@type":"ListItem","position":1,"name":"Naslovnica","item":"https:\/\/www.morh.hr\/en\/"},{"@type":"ListItem","position":2,"name":"News","item":"https:\/\/www.morh.hr\/en\/kategorija\/news\/"},{"@type":"ListItem","position":3,"name":"Press releases","item":"https:\/\/www.morh.hr\/en\/kategorija\/news\/press-releases\/"},{"@type":"ListItem","position":4,"name":"A new accommodation facility \u201cVukovar\u201d opens at Croatian Defence Academy"}]},{"@type":"WebSite","@id":"https:\/\/www.morh.hr\/en\/#website","url":"https:\/\/www.morh.hr\/en\/","name":"MORH","description":"Ministarstvo obrane Republike Hrvatske - slu\u017ebene stranice","potentialAction":[{"@type":"SearchAction","target":{"@type":"EntryPoint","urlTemplate":"https:\/\/www.morh.hr\/en\/?s={search_term_string}"},"query-input":{"@type":"PropertyValueSpecification","valueRequired":true,"valueName":"search_term_string"}}],"inLanguage":"en-US"},{"@type":"Person","@id":"https:\/\/www.morh.hr\/en\/#\/schema\/person\/2d72e03399043d9513ab6bec75f2ce27","name":"Drazen","image":{"@type":"ImageObject","inLanguage":"en-US","@id":"https:\/\/www.morh.hr\/en\/#\/schema\/person\/image\/","url":"https:\/\/secure.gravatar.com\/avatar\/e36ef7e573425ae72988c73df868c1e87a656b0e005ca4fd7d30d2ba7e49c9cf?s=96&d=mm&r=g","contentUrl":"https:\/\/secure.gravatar.com\/avatar\/e36ef7e573425ae72988c73df868c1e87a656b0e005ca4fd7d30d2ba7e49c9cf?s=96&d=mm&r=g","caption":"Drazen"}}]}},"_links":{"self":[{"href":"https:\/\/www.morh.hr\/en\/wp-json\/wp\/v2\/posts\/128291","targetHints":{"allow":["GET"]}}],"collection":[{"href":"https:\/\/www.morh.hr\/en\/wp-json\/wp\/v2\/posts"}],"about":[{"href":"https:\/\/www.morh.hr\/en\/wp-json\/wp\/v2\/types\/post"}],"author":[{"embeddable":true,"href":"https:\/\/www.morh.hr\/en\/wp-json\/wp\/v2\/users\/3"}],"replies":[{"embeddable":true,"href":"https:\/\/www.morh.hr\/en\/wp-json\/wp\/v2\/comments?post=128291"}],"version-history":[{"count":0,"href":"https:\/\/www.morh.hr\/en\/wp-json\/wp\/v2\/posts\/128291\/revisions"}],"wp:featuredmedia":[{"embeddable":true,"href":"https:\/\/www.morh.hr\/en\/wp-json\/wp\/v2\/media\/128247"}],"wp:attachment":[{"href":"https:\/\/www.morh.hr\/en\/wp-json\/wp\/v2\/media?parent=128291"}],"wp:term":[{"taxonomy":"category","embeddable":true,"href":"https:\/\/www.morh.hr\/en\/wp-json\/wp\/v2\/categories?post=128291"},{"taxonomy":"post_tag","embeddable":true,"href":"https:\/\/www.morh.hr\/en\/wp-json\/wp\/v2\/tags?post=128291"}],"curies":[{"name":"wp","href":"https:\/\/api.w.org\/{rel}","templated":true}]}}