{"id":175686,"date":"2020-08-28T09:04:19","date_gmt":"2020-08-28T07:04:19","guid":{"rendered":"https:\/\/www.morh.hr\/?p=175686"},"modified":"2020-12-10T08:54:55","modified_gmt":"2020-12-10T07:54:55","slug":"minister-banozic-attends-framework-nations-concept-meeting","status":"publish","type":"post","link":"https:\/\/www.morh.hr\/en\/minister-banozic-attends-framework-nations-concept-meeting\/","title":{"rendered":"Minister Bano\u017ei\u0107 attends Framework Nations Concept meeting"},"content":{"rendered":"<p>The joint development of military capabilities and the establishment of larger combat formations are fundamental areas of the FNC&#8217;s work, and at this seventh informal ministerial meeting, strong support was expressed for continued operation within the FNC and the &#8220;Fourth Progress Report&#8221; has been adopted.<\/p>\n<p>The report outlines clear guidelines for the development of the FNC in order to address the challenges faced by the armed forces of Allied and Partner countries today, and places the emphasis on the importance of a major focus on collective defence, without neglecting international crisis management and co-operative security. The emphasis is placed on the further development of credible and capable military forces grouped into larger formations.<\/p>\n<p>Minister Bano\u017ei\u0107 in his contribution said that the Republic of Croatia would continue contributing to the development of the FNC, and underlined the importance of synchronised development of capabilities between NATO and the EU, and that the establishment of larger formations would certainly enhance the European defence. The Minister also highlighted Hungary\u2019s and Croatia\u2019s activity in formation of the Multinational Division Command in Sz\u00e9kesfeh\u00e9rv\u00e1r (HU), and extended appreciation to the Federal Republic of Germany for the support and mentoring with the process.<\/p>\n<p>Bearing in mind the new financial situation caused by the COVID-19 pandemic, initiatives for multinational development of military capabilities are gaining increasing importance&#8221;, said Minister Bano\u017ei\u0107.<\/p>\n<p>The Republic of Croatia declared the following forces in the major formation within the FNC in 2017: a motorised infantry battalion, a MP platoon, a logistic support platoon and up to five staff officers in senior commands. Croatia is presently active in two capability development clusters \u2013 \u201cLogistics\u201d and \u201cJoint Fire Support\u201c, while it also plans to join the clusters \u201cLarger Formations\u201d and \u201cMultinational Air Transport Unit\u201d.<\/p>\n<p>The Framework Nation Concept (FNC) initiative was launched by the Federal Republic of Germany at NATO defence meeting held in June 2013. The FNC is a framework for the interested allies and partners build a platform for joint maintenance and upgrade of the existing and joint development of new military capabilities and setting up of larger military formations.<\/p>\n<p>It was officially promoted at NATO Summit in Wales in September 2014, then three groups of nations were announced and subsequently established, with three framework nations: Federal Republic of Germany, the United Kingdom and Italy. Today the German FNC comprises 21 countries &#8211; 17 NATO and 4 Partner countries (Belgium, Croatia, the Czech Republic, Denmark, Germany, Hungary, Luxembourg, the Netherlands, Norway, Poland, Slovenia, Slovakia, Romania, Bulgaria, Estonia, Lithuania, Latvia, Switzerland, Sweden, Austria and Finland).<\/p>\n<figure id=\"attachment_175670\" aria-describedby=\"caption-attachment-175670\" style=\"width: 2400px\" class=\"wp-caption aligncenter\"><img loading=\"lazy\" decoding=\"async\" class=\"size-full wp-image-175670\" src=\"https:\/\/www.morh.hr\/wp-content\/uploads\/2020\/08\/20200827_fnc_treffen_bienert_0681.jpg\" alt=\"\" width=\"2400\" height=\"1526\" srcset=\"https:\/\/www.morh.hr\/wp-content\/uploads\/2020\/08\/20200827_fnc_treffen_bienert_0681.jpg 2400w, https:\/\/www.morh.hr\/wp-content\/uploads\/2020\/08\/20200827_fnc_treffen_bienert_0681-300x191.jpg 300w, https:\/\/www.morh.hr\/wp-content\/uploads\/2020\/08\/20200827_fnc_treffen_bienert_0681-1024x651.jpg 1024w, https:\/\/www.morh.hr\/wp-content\/uploads\/2020\/08\/20200827_fnc_treffen_bienert_0681-768x488.jpg 768w, https:\/\/www.morh.hr\/wp-content\/uploads\/2020\/08\/20200827_fnc_treffen_bienert_0681-1536x977.jpg 1536w, https:\/\/www.morh.hr\/wp-content\/uploads\/2020\/08\/20200827_fnc_treffen_bienert_0681-2048x1302.jpg 2048w\" sizes=\"auto, (max-width: 2400px) 100vw, 2400px\" \/><figcaption id=\"caption-attachment-175670\" class=\"wp-caption-text\">Framework Nations Conzept (FNC) Treffen der Verteidigungsministerinnen und Verteidigungsminister der Mitgliedsstaaten der Europ\u00e4ischen Union (iVM) in Berlin am 27.08.2020. Familienfoto zu Beginn des Treffens in Berlin am 27.08.2020. Von links vorne: VM\u00edn Klaudia Tanner(\u00d6sterreich), VM Belgien Philippe Goffin; EDA Olli Ruutu; VM\u00edn Annegret-Kramp-Karrenbauer, VM Kroatien Mario Banozic, VM Estland. 2. Reihe von links: VM Tibor Benko; VM Litauen Raimundas Kaoblis;VM Slowenien Matej Tonin; ; VM Rum\u00e4nienNicolae_ionel Ciuca; letzte Reihe: VM Schweden Peter Hultquist; Inga Skujina aus Lettland; Atanas Zaprianov aus Bulgarien; Martin Bonn aus Holland; P\u00e4lvi Pulli aus der Schweiz; Martin Riegel aus Tschechien; Piotr Pacholski aus Polen; Kasper Hoeg-Jensen aus D\u00e4nemark; Martin Sklenar aus der Slowakei und Janne Kuusela aus Finnland.<\/figcaption><\/figure>\n","protected":false},"excerpt":{"rendered":"<p>The Croatian Defence Minister Mario Bano\u017ei\u0107 on 27 August 2020 attended an informal meeting of the participants of the German Framework Nation Concept (FNC), in which the Republic of Croatia has been an active member since 2017.<\/p>\n","protected":false},"author":3,"featured_media":175667,"comment_status":"closed","ping_status":"closed","sticky":false,"template":"","format":"standard","meta":{"_acf_changed":false,"_monsterinsights_skip_tracking":false,"_monsterinsights_sitenote_active":false,"_monsterinsights_sitenote_note":"","_monsterinsights_sitenote_category":0,"footnotes":""},"categories":[117],"tags":[],"class_list":["post-175686","post","type-post","status-publish","format-standard","has-post-thumbnail","hentry","category-press-releases"],"acf":[],"yoast_head":"<!-- This site is optimized with the Yoast SEO plugin v26.9 - https:\/\/yoast.com\/product\/yoast-seo-wordpress\/ -->\n<title>Minister Bano\u017ei\u0107 attends Framework Nations Concept meeting - MORH<\/title>\n<meta name=\"description\" content=\"The Croatian Defence Minister Mario Bano\u017ei\u0107 on 27 August 2020 attended an informal meeting of the participants of the German Framework Nation Concept (FNC), in which the Republic of Croatia has been an active member since 2017.\" \/>\n<meta name=\"robots\" content=\"index, follow, max-snippet:-1, max-image-preview:large, max-video-preview:-1\" \/>\n<link rel=\"canonical\" href=\"https:\/\/www.morh.hr\/en\/minister-banozic-attends-framework-nations-concept-meeting\/\" \/>\n<meta property=\"og:locale\" content=\"en_US\" \/>\n<meta property=\"og:type\" content=\"article\" \/>\n<meta property=\"og:title\" content=\"Minister Bano\u017ei\u0107 attends Framework Nations Concept meeting - MORH\" \/>\n<meta property=\"og:description\" content=\"The Croatian Defence Minister Mario Bano\u017ei\u0107 on 27 August 2020 attended an informal meeting of the participants of the German Framework Nation Concept (FNC), in which the Republic of Croatia has been an active member since 2017.\" \/>\n<meta property=\"og:url\" content=\"https:\/\/www.morh.hr\/en\/minister-banozic-attends-framework-nations-concept-meeting\/\" \/>\n<meta property=\"og:site_name\" content=\"MORH\" \/>\n<meta property=\"article:publisher\" content=\"https:\/\/www.facebook.com\/sportasiuhrvatskojvojsci\/\" \/>\n<meta property=\"article:published_time\" content=\"2020-08-28T07:04:19+00:00\" \/>\n<meta property=\"article:modified_time\" content=\"2020-12-10T07:54:55+00:00\" \/>\n<meta property=\"og:image\" content=\"https:\/\/www.morh.hr\/wp-content\/uploads\/2020\/08\/20200827_fnc_treffen_bienert_0724.jpg\" \/>\n\t<meta property=\"og:image:width\" content=\"2400\" \/>\n\t<meta property=\"og:image:height\" content=\"1540\" \/>\n\t<meta property=\"og:image:type\" content=\"image\/jpeg\" \/>\n<meta name=\"author\" content=\"Drazen\" \/>\n<meta name=\"twitter:card\" content=\"summary_large_image\" \/>\n<meta name=\"twitter:creator\" content=\"@morh_osrh\" \/>\n<meta name=\"twitter:site\" content=\"@morh_osrh\" \/>\n<meta name=\"twitter:label1\" content=\"Written by\" \/>\n\t<meta name=\"twitter:data1\" content=\"Drazen\" \/>\n\t<meta name=\"twitter:label2\" content=\"Est. reading time\" \/>\n\t<meta name=\"twitter:data2\" content=\"3 minutes\" \/>\n<script type=\"application\/ld+json\" class=\"yoast-schema-graph\">{\"@context\":\"https:\/\/schema.org\",\"@graph\":[{\"@type\":\"Article\",\"@id\":\"https:\/\/www.morh.hr\/en\/minister-banozic-attends-framework-nations-concept-meeting\/#article\",\"isPartOf\":{\"@id\":\"https:\/\/www.morh.hr\/en\/minister-banozic-attends-framework-nations-concept-meeting\/\"},\"author\":{\"name\":\"Drazen\",\"@id\":\"https:\/\/www.morh.hr\/en\/#\/schema\/person\/2d72e03399043d9513ab6bec75f2ce27\"},\"headline\":\"Minister Bano\u017ei\u0107 attends Framework Nations Concept meeting\",\"datePublished\":\"2020-08-28T07:04:19+00:00\",\"dateModified\":\"2020-12-10T07:54:55+00:00\",\"mainEntityOfPage\":{\"@id\":\"https:\/\/www.morh.hr\/en\/minister-banozic-attends-framework-nations-concept-meeting\/\"},\"wordCount\":553,\"image\":{\"@id\":\"https:\/\/www.morh.hr\/en\/minister-banozic-attends-framework-nations-concept-meeting\/#primaryimage\"},\"thumbnailUrl\":\"https:\/\/www.morh.hr\/wp-content\/uploads\/2020\/08\/20200827_fnc_treffen_bienert_0724.jpg\",\"articleSection\":[\"Press releases\"],\"inLanguage\":\"en-US\"},{\"@type\":\"WebPage\",\"@id\":\"https:\/\/www.morh.hr\/en\/minister-banozic-attends-framework-nations-concept-meeting\/\",\"url\":\"https:\/\/www.morh.hr\/en\/minister-banozic-attends-framework-nations-concept-meeting\/\",\"name\":\"Minister Bano\u017ei\u0107 attends Framework Nations Concept meeting - MORH\",\"isPartOf\":{\"@id\":\"https:\/\/www.morh.hr\/en\/#website\"},\"primaryImageOfPage\":{\"@id\":\"https:\/\/www.morh.hr\/en\/minister-banozic-attends-framework-nations-concept-meeting\/#primaryimage\"},\"image\":{\"@id\":\"https:\/\/www.morh.hr\/en\/minister-banozic-attends-framework-nations-concept-meeting\/#primaryimage\"},\"thumbnailUrl\":\"https:\/\/www.morh.hr\/wp-content\/uploads\/2020\/08\/20200827_fnc_treffen_bienert_0724.jpg\",\"datePublished\":\"2020-08-28T07:04:19+00:00\",\"dateModified\":\"2020-12-10T07:54:55+00:00\",\"author\":{\"@id\":\"https:\/\/www.morh.hr\/en\/#\/schema\/person\/2d72e03399043d9513ab6bec75f2ce27\"},\"description\":\"The Croatian Defence Minister Mario Bano\u017ei\u0107 on 27 August 2020 attended an informal meeting of the participants of the German Framework Nation Concept (FNC), in which the Republic of Croatia has been an active member since 2017.\",\"breadcrumb\":{\"@id\":\"https:\/\/www.morh.hr\/en\/minister-banozic-attends-framework-nations-concept-meeting\/#breadcrumb\"},\"inLanguage\":\"en-US\",\"potentialAction\":[{\"@type\":\"ReadAction\",\"target\":[\"https:\/\/www.morh.hr\/en\/minister-banozic-attends-framework-nations-concept-meeting\/\"]}]},{\"@type\":\"ImageObject\",\"inLanguage\":\"en-US\",\"@id\":\"https:\/\/www.morh.hr\/en\/minister-banozic-attends-framework-nations-concept-meeting\/#primaryimage\",\"url\":\"https:\/\/www.morh.hr\/wp-content\/uploads\/2020\/08\/20200827_fnc_treffen_bienert_0724.jpg\",\"contentUrl\":\"https:\/\/www.morh.hr\/wp-content\/uploads\/2020\/08\/20200827_fnc_treffen_bienert_0724.jpg\",\"width\":2400,\"height\":1540,\"caption\":\"Framework Nations Conzept (FNC) Treffen der Verteidigungsministerinnen und Verteidigungsminister der Mitgliedsstaaten der Europ\u00e4ischen Union (iVM) in Berlin am 27.08.2020.\"},{\"@type\":\"BreadcrumbList\",\"@id\":\"https:\/\/www.morh.hr\/en\/minister-banozic-attends-framework-nations-concept-meeting\/#breadcrumb\",\"itemListElement\":[{\"@type\":\"ListItem\",\"position\":1,\"name\":\"Naslovnica\",\"item\":\"https:\/\/www.morh.hr\/en\/\"},{\"@type\":\"ListItem\",\"position\":2,\"name\":\"News\",\"item\":\"https:\/\/www.morh.hr\/en\/kategorija\/news\/\"},{\"@type\":\"ListItem\",\"position\":3,\"name\":\"Press releases\",\"item\":\"https:\/\/www.morh.hr\/en\/kategorija\/news\/press-releases\/\"},{\"@type\":\"ListItem\",\"position\":4,\"name\":\"Minister Bano\u017ei\u0107 attends Framework Nations Concept meeting\"}]},{\"@type\":\"WebSite\",\"@id\":\"https:\/\/www.morh.hr\/en\/#website\",\"url\":\"https:\/\/www.morh.hr\/en\/\",\"name\":\"MORH\",\"description\":\"Ministarstvo obrane Republike Hrvatske - slu\u017ebene stranice\",\"potentialAction\":[{\"@type\":\"SearchAction\",\"target\":{\"@type\":\"EntryPoint\",\"urlTemplate\":\"https:\/\/www.morh.hr\/en\/?s={search_term_string}\"},\"query-input\":{\"@type\":\"PropertyValueSpecification\",\"valueRequired\":true,\"valueName\":\"search_term_string\"}}],\"inLanguage\":\"en-US\"},{\"@type\":\"Person\",\"@id\":\"https:\/\/www.morh.hr\/en\/#\/schema\/person\/2d72e03399043d9513ab6bec75f2ce27\",\"name\":\"Drazen\",\"image\":{\"@type\":\"ImageObject\",\"inLanguage\":\"en-US\",\"@id\":\"https:\/\/www.morh.hr\/en\/#\/schema\/person\/image\/\",\"url\":\"https:\/\/secure.gravatar.com\/avatar\/e36ef7e573425ae72988c73df868c1e87a656b0e005ca4fd7d30d2ba7e49c9cf?s=96&d=mm&r=g\",\"contentUrl\":\"https:\/\/secure.gravatar.com\/avatar\/e36ef7e573425ae72988c73df868c1e87a656b0e005ca4fd7d30d2ba7e49c9cf?s=96&d=mm&r=g\",\"caption\":\"Drazen\"}}]}<\/script>\n<!-- \/ Yoast SEO plugin. -->","yoast_head_json":{"title":"Minister Bano\u017ei\u0107 attends Framework Nations Concept meeting - MORH","description":"The Croatian Defence Minister Mario Bano\u017ei\u0107 on 27 August 2020 attended an informal meeting of the participants of the German Framework Nation Concept (FNC), in which the Republic of Croatia has been an active member since 2017.","robots":{"index":"index","follow":"follow","max-snippet":"max-snippet:-1","max-image-preview":"max-image-preview:large","max-video-preview":"max-video-preview:-1"},"canonical":"https:\/\/www.morh.hr\/en\/minister-banozic-attends-framework-nations-concept-meeting\/","og_locale":"en_US","og_type":"article","og_title":"Minister Bano\u017ei\u0107 attends Framework Nations Concept meeting - MORH","og_description":"The Croatian Defence Minister Mario Bano\u017ei\u0107 on 27 August 2020 attended an informal meeting of the participants of the German Framework Nation Concept (FNC), in which the Republic of Croatia has been an active member since 2017.","og_url":"https:\/\/www.morh.hr\/en\/minister-banozic-attends-framework-nations-concept-meeting\/","og_site_name":"MORH","article_publisher":"https:\/\/www.facebook.com\/sportasiuhrvatskojvojsci\/","article_published_time":"2020-08-28T07:04:19+00:00","article_modified_time":"2020-12-10T07:54:55+00:00","og_image":[{"width":2400,"height":1540,"url":"https:\/\/www.morh.hr\/wp-content\/uploads\/2020\/08\/20200827_fnc_treffen_bienert_0724.jpg","type":"image\/jpeg"}],"author":"Drazen","twitter_card":"summary_large_image","twitter_creator":"@morh_osrh","twitter_site":"@morh_osrh","twitter_misc":{"Written by":"Drazen","Est. reading time":"3 minutes"},"schema":{"@context":"https:\/\/schema.org","@graph":[{"@type":"Article","@id":"https:\/\/www.morh.hr\/en\/minister-banozic-attends-framework-nations-concept-meeting\/#article","isPartOf":{"@id":"https:\/\/www.morh.hr\/en\/minister-banozic-attends-framework-nations-concept-meeting\/"},"author":{"name":"Drazen","@id":"https:\/\/www.morh.hr\/en\/#\/schema\/person\/2d72e03399043d9513ab6bec75f2ce27"},"headline":"Minister Bano\u017ei\u0107 attends Framework Nations Concept meeting","datePublished":"2020-08-28T07:04:19+00:00","dateModified":"2020-12-10T07:54:55+00:00","mainEntityOfPage":{"@id":"https:\/\/www.morh.hr\/en\/minister-banozic-attends-framework-nations-concept-meeting\/"},"wordCount":553,"image":{"@id":"https:\/\/www.morh.hr\/en\/minister-banozic-attends-framework-nations-concept-meeting\/#primaryimage"},"thumbnailUrl":"https:\/\/www.morh.hr\/wp-content\/uploads\/2020\/08\/20200827_fnc_treffen_bienert_0724.jpg","articleSection":["Press releases"],"inLanguage":"en-US"},{"@type":"WebPage","@id":"https:\/\/www.morh.hr\/en\/minister-banozic-attends-framework-nations-concept-meeting\/","url":"https:\/\/www.morh.hr\/en\/minister-banozic-attends-framework-nations-concept-meeting\/","name":"Minister Bano\u017ei\u0107 attends Framework Nations Concept meeting - MORH","isPartOf":{"@id":"https:\/\/www.morh.hr\/en\/#website"},"primaryImageOfPage":{"@id":"https:\/\/www.morh.hr\/en\/minister-banozic-attends-framework-nations-concept-meeting\/#primaryimage"},"image":{"@id":"https:\/\/www.morh.hr\/en\/minister-banozic-attends-framework-nations-concept-meeting\/#primaryimage"},"thumbnailUrl":"https:\/\/www.morh.hr\/wp-content\/uploads\/2020\/08\/20200827_fnc_treffen_bienert_0724.jpg","datePublished":"2020-08-28T07:04:19+00:00","dateModified":"2020-12-10T07:54:55+00:00","author":{"@id":"https:\/\/www.morh.hr\/en\/#\/schema\/person\/2d72e03399043d9513ab6bec75f2ce27"},"description":"The Croatian Defence Minister Mario Bano\u017ei\u0107 on 27 August 2020 attended an informal meeting of the participants of the German Framework Nation Concept (FNC), in which the Republic of Croatia has been an active member since 2017.","breadcrumb":{"@id":"https:\/\/www.morh.hr\/en\/minister-banozic-attends-framework-nations-concept-meeting\/#breadcrumb"},"inLanguage":"en-US","potentialAction":[{"@type":"ReadAction","target":["https:\/\/www.morh.hr\/en\/minister-banozic-attends-framework-nations-concept-meeting\/"]}]},{"@type":"ImageObject","inLanguage":"en-US","@id":"https:\/\/www.morh.hr\/en\/minister-banozic-attends-framework-nations-concept-meeting\/#primaryimage","url":"https:\/\/www.morh.hr\/wp-content\/uploads\/2020\/08\/20200827_fnc_treffen_bienert_0724.jpg","contentUrl":"https:\/\/www.morh.hr\/wp-content\/uploads\/2020\/08\/20200827_fnc_treffen_bienert_0724.jpg","width":2400,"height":1540,"caption":"Framework Nations Conzept (FNC) Treffen der Verteidigungsministerinnen und Verteidigungsminister der Mitgliedsstaaten der Europ\u00e4ischen Union (iVM) in Berlin am 27.08.2020."},{"@type":"BreadcrumbList","@id":"https:\/\/www.morh.hr\/en\/minister-banozic-attends-framework-nations-concept-meeting\/#breadcrumb","itemListElement":[{"@type":"ListItem","position":1,"name":"Naslovnica","item":"https:\/\/www.morh.hr\/en\/"},{"@type":"ListItem","position":2,"name":"News","item":"https:\/\/www.morh.hr\/en\/kategorija\/news\/"},{"@type":"ListItem","position":3,"name":"Press releases","item":"https:\/\/www.morh.hr\/en\/kategorija\/news\/press-releases\/"},{"@type":"ListItem","position":4,"name":"Minister Bano\u017ei\u0107 attends Framework Nations Concept meeting"}]},{"@type":"WebSite","@id":"https:\/\/www.morh.hr\/en\/#website","url":"https:\/\/www.morh.hr\/en\/","name":"MORH","description":"Ministarstvo obrane Republike Hrvatske - slu\u017ebene stranice","potentialAction":[{"@type":"SearchAction","target":{"@type":"EntryPoint","urlTemplate":"https:\/\/www.morh.hr\/en\/?s={search_term_string}"},"query-input":{"@type":"PropertyValueSpecification","valueRequired":true,"valueName":"search_term_string"}}],"inLanguage":"en-US"},{"@type":"Person","@id":"https:\/\/www.morh.hr\/en\/#\/schema\/person\/2d72e03399043d9513ab6bec75f2ce27","name":"Drazen","image":{"@type":"ImageObject","inLanguage":"en-US","@id":"https:\/\/www.morh.hr\/en\/#\/schema\/person\/image\/","url":"https:\/\/secure.gravatar.com\/avatar\/e36ef7e573425ae72988c73df868c1e87a656b0e005ca4fd7d30d2ba7e49c9cf?s=96&d=mm&r=g","contentUrl":"https:\/\/secure.gravatar.com\/avatar\/e36ef7e573425ae72988c73df868c1e87a656b0e005ca4fd7d30d2ba7e49c9cf?s=96&d=mm&r=g","caption":"Drazen"}}]}},"_links":{"self":[{"href":"https:\/\/www.morh.hr\/en\/wp-json\/wp\/v2\/posts\/175686","targetHints":{"allow":["GET"]}}],"collection":[{"href":"https:\/\/www.morh.hr\/en\/wp-json\/wp\/v2\/posts"}],"about":[{"href":"https:\/\/www.morh.hr\/en\/wp-json\/wp\/v2\/types\/post"}],"author":[{"embeddable":true,"href":"https:\/\/www.morh.hr\/en\/wp-json\/wp\/v2\/users\/3"}],"replies":[{"embeddable":true,"href":"https:\/\/www.morh.hr\/en\/wp-json\/wp\/v2\/comments?post=175686"}],"version-history":[{"count":0,"href":"https:\/\/www.morh.hr\/en\/wp-json\/wp\/v2\/posts\/175686\/revisions"}],"wp:featuredmedia":[{"embeddable":true,"href":"https:\/\/www.morh.hr\/en\/wp-json\/wp\/v2\/media\/175667"}],"wp:attachment":[{"href":"https:\/\/www.morh.hr\/en\/wp-json\/wp\/v2\/media?parent=175686"}],"wp:term":[{"taxonomy":"category","embeddable":true,"href":"https:\/\/www.morh.hr\/en\/wp-json\/wp\/v2\/categories?post=175686"},{"taxonomy":"post_tag","embeddable":true,"href":"https:\/\/www.morh.hr\/en\/wp-json\/wp\/v2\/tags?post=175686"}],"curies":[{"name":"wp","href":"https:\/\/api.w.org\/{rel}","templated":true}]}}