{"id":182743,"date":"2021-04-01T15:24:54","date_gmt":"2021-04-01T13:24:54","guid":{"rendered":"https:\/\/www.morh.hr\/?p=182743"},"modified":"2023-10-26T13:51:36","modified_gmt":"2023-10-26T11:51:36","slug":"marking-the-30th-anniversary-of-plitvice-and-death-of-josip-jovic","status":"publish","type":"post","link":"https:\/\/www.morh.hr\/en\/marking-the-30th-anniversary-of-plitvice-and-death-of-josip-jovic\/","title":{"rendered":"Marking the 30th anniversary of &#8220;Plitvice&#8221; and death of Josip Jovi\u0107"},"content":{"rendered":"<p>The 30th anniversary of the Plitvice Lakes Incident 1991 and of the first Croatian victim of the Homeland War Josip Jovi\u0107 was marked at Plitvice on 31 March 2021, by laying wreaths and the prayer of absolution recited by the Military Ordinary, Msgr. Jure Bogdan, marked the 30th anniversary of the &#8220;Plitvice&#8221; operation and the death of the first Croatian police officer Josip Jovi\u0107, who died on Easter 1991, performing police tasks of maintaining order and peace, defending and protecting the security of citizens and the constitutional order of his homeland.<\/p>\n<p>In his address on the Action known also as &#8220;Bloody Easter&#8221;, Prime Minister Plenkovi\u0107 emphasised that the Croatian police officers arrived to Plitvice 30 years ago precisely to enforce the Croatian legal order in the Croatian territory. &#8220;Today we are also marking the 30th anniversary of the death of Josip Jovi\u0107, one of the many Croatian police officers, police officers, defenders, soldiers, who sacrificed everything for the freedom of Croatia&#8221;, said Prime Minister Plenkovi\u0107, extending gratitude and tribute on behalf of the Croatian government to all defenders for the freedom they won for the Croatian people.<\/p>\n<p>What happened on Plitvice today was a hint of everything that happened in the following years, but also a hint of victory because the action of Plitvice was a winning action &#8220;, said the Minister of Defense of the Republic of Croatia Mario Bano\u017ei\u0107. The action in Plitvice 30 years ago signalled the later course of events but also the freedom, as &#8220;Plitvice&#8221; was a victorious action.<br \/>\nFree, democratic and European Croatian is the merit of the first victim of the Homeland War, Josip Jovi\u0107, of the Croatian defenders and the first President of the Republic of Croatia Franjo Tu\u0111man&#8221;, said Defence Minister Bano\u017ei\u0107<\/p>\n<p>Minister Bano\u017ei\u0107 also stressed that the Croatian defenders realised the coveted goals and are nowadays praised for their contribution in peacekeeping missions, where they provide peace worldwide, side by side with the allies. For that reason and in honour to all victims of the Homeland War it is our obligation to guard freedom, democracy and independence of Croatia&#8221;, concluded the Defence Minister.<\/p>\n<p>The Envoy of the Speaker of the Croatian Parliament and Vice Chairman of the parliamentary Committee on Health and Social Policy Maja Grba-Bujevi\u0107, a participant of the Action &#8220;Plitvice&#8221; herself recalled the medical assistance provided to the wounded Croatian police officers that she had taken part in as a young medical doctor. &#8220;On our way from Plitvice we were searched by the JNA members, but we knew we would come back. The Croatian soldiers should be cherished as the most valuable asset, who enabled us to build new and modern Croatia&#8221;, said Grba &#8211; Bujevi\u0107.<br \/>\nThe fellow combatants recalled the beginning of the &#8220;Plitvice&#8221; Action, saying that it was also their baptism of fire and said that the action and Josip Jovi\u0107&#8217;s death remained in history as a lasting symbol of the beginning of the Homeland War.<\/p>\n<div class=\"morh-galleria\"><a href=\"https:\/\/live.staticflickr.com\/65535\/51082323958_855370669e_h.jpg\" title=\"Obilje\u017eena 30. obljetnica akcije \"Plitvice\" i pogibije Josipa Jovi\u0107a\"><img decoding=\"async\" data-title=\"Obilje\u017eena 30. obljetnica akcije \"Plitvice\" i pogibije Josipa Jovi\u0107a\" data-description=\"Komemorativnim skupom na Plitvicama u srijedu 31. o\u017eujka obilje\u017eena je 30. obljetnica akcije Plitvice i pogibije prvog hrvatskog redarstvenika Josipa Jovi\u0107a | Foto: MORH\/ M. \u010cobanovi\u0107, vojni biskup, monsinjor Jure Bogdan\" alt=\"Obilje\u017eena 30. obljetnica akcije \"Plitvice\" i pogibije Josipa Jovi\u0107a\" src=\"https:\/\/live.staticflickr.com\/65535\/51082323958_855370669e_h.jpg\" data-layer=\"&lt;div class=&#039;morh-gallery-image-download&#039;&gt;&lt;a href=&#039;https:\/\/live.staticflickr.com\/65535\/51082323958_dfd272c876_o.jpg&#039; target=&#039;_blank&#039;&gt;Slika za preuzimanje&lt;\/a&gt;&lt;\/div&gt;\" \/><\/a><a href=\"https:\/\/live.staticflickr.com\/65535\/51085778896_0bd59809b0_h.jpg\" title=\"Obilje\u017eena 30. obljetnica akcije \"Plitvice\" i pogibije Josipa Jovi\u0107a\"><img decoding=\"async\" data-title=\"Obilje\u017eena 30. obljetnica akcije \"Plitvice\" i pogibije Josipa Jovi\u0107a\" data-description=\"Komemorativnim skupom na Plitvicama u srijedu 31. o\u017eujka obilje\u017eena je 30. obljetnica akcije Plitvice i pogibije prvog hrvatskog redarstvenika Josipa Jovi\u0107a | Foto: MORH\/ M. \u010cobanovi\u0107\" alt=\"Obilje\u017eena 30. obljetnica akcije \"Plitvice\" i pogibije Josipa Jovi\u0107a\" src=\"https:\/\/live.staticflickr.com\/65535\/51085778896_0bd59809b0_h.jpg\" data-layer=\"&lt;div class=&#039;morh-gallery-image-download&#039;&gt;&lt;a href=&#039;https:\/\/live.staticflickr.com\/65535\/51085778896_b8e075fef2_o.jpg&#039; target=&#039;_blank&#039;&gt;Slika za preuzimanje&lt;\/a&gt;&lt;\/div&gt;\" \/><\/a><a href=\"https:\/\/live.staticflickr.com\/65535\/51085871867_b4aa08515e_h.jpg\" title=\"Obilje\u017eena 30. obljetnica akcije \"Plitvice\" i pogibije Josipa Jovi\u0107a\"><img decoding=\"async\" data-title=\"Obilje\u017eena 30. obljetnica akcije \"Plitvice\" i pogibije Josipa Jovi\u0107a\" data-description=\"Komemorativnim skupom na Plitvicama u srijedu 31. o\u017eujka obilje\u017eena je 30. obljetnica akcije Plitvice i pogibije prvog hrvatskog redarstvenika Josipa Jovi\u0107a | Foto: MORH\/ M. \u010cobanovi\u0107\" alt=\"Obilje\u017eena 30. obljetnica akcije \"Plitvice\" i pogibije Josipa Jovi\u0107a\" src=\"https:\/\/live.staticflickr.com\/65535\/51085871867_b4aa08515e_h.jpg\" data-layer=\"&lt;div class=&#039;morh-gallery-image-download&#039;&gt;&lt;a href=&#039;https:\/\/live.staticflickr.com\/65535\/51085871867_2794ef3ed4_o.jpg&#039; target=&#039;_blank&#039;&gt;Slika za preuzimanje&lt;\/a&gt;&lt;\/div&gt;\" \/><\/a><a href=\"https:\/\/live.staticflickr.com\/65535\/51085778851_24616b3f5a_h.jpg\" title=\"Obilje\u017eena 30. obljetnica akcije \"Plitvice\" i pogibije Josipa Jovi\u0107a\"><img decoding=\"async\" data-title=\"Obilje\u017eena 30. obljetnica akcije \"Plitvice\" i pogibije Josipa Jovi\u0107a\" data-description=\"Komemorativnim skupom na Plitvicama u srijedu 31. o\u017eujka obilje\u017eena je 30. obljetnica akcije Plitvice i pogibije prvog hrvatskog redarstvenika Josipa Jovi\u0107a | Foto: MORH\/ M. \u010cobanovi\u0107\" alt=\"Obilje\u017eena 30. obljetnica akcije \"Plitvice\" i pogibije Josipa Jovi\u0107a\" src=\"https:\/\/live.staticflickr.com\/65535\/51085778851_24616b3f5a_h.jpg\" data-layer=\"&lt;div class=&#039;morh-gallery-image-download&#039;&gt;&lt;a href=&#039;https:\/\/live.staticflickr.com\/65535\/51085778851_6b14a40eed_o.jpg&#039; target=&#039;_blank&#039;&gt;Slika za preuzimanje&lt;\/a&gt;&lt;\/div&gt;\" \/><\/a><a href=\"https:\/\/live.staticflickr.com\/65535\/51082323923_d3f608a067_h.jpg\" title=\"Obilje\u017eena 30. obljetnica akcije \"Plitvice\" i pogibije Josipa Jovi\u0107a\"><img decoding=\"async\" data-title=\"Obilje\u017eena 30. obljetnica akcije \"Plitvice\" i pogibije Josipa Jovi\u0107a\" data-description=\"Komemorativnim skupom na Plitvicama u srijedu 31. o\u017eujka obilje\u017eena je 30. obljetnica akcije Plitvice i pogibije prvog hrvatskog redarstvenika Josipa Jovi\u0107a | Foto: MORH\/ M. \u010cobanovi\u0107\" alt=\"Obilje\u017eena 30. obljetnica akcije \"Plitvice\" i pogibije Josipa Jovi\u0107a\" src=\"https:\/\/live.staticflickr.com\/65535\/51082323923_d3f608a067_h.jpg\" data-layer=\"&lt;div class=&#039;morh-gallery-image-download&#039;&gt;&lt;a href=&#039;https:\/\/live.staticflickr.com\/65535\/51082323923_6c75f101af_o.jpg&#039; target=&#039;_blank&#039;&gt;Slika za preuzimanje&lt;\/a&gt;&lt;\/div&gt;\" \/><\/a><a href=\"https:\/\/live.staticflickr.com\/65535\/51085778836_c61760df4d_h.jpg\" title=\"Obilje\u017eena 30. obljetnica akcije \"Plitvice\" i pogibije Josipa Jovi\u0107a\"><img decoding=\"async\" data-title=\"Obilje\u017eena 30. obljetnica akcije \"Plitvice\" i pogibije Josipa Jovi\u0107a\" data-description=\"Komemorativnim skupom na Plitvicama u srijedu 31. o\u017eujka obilje\u017eena je 30. obljetnica akcije Plitvice i pogibije prvog hrvatskog redarstvenika Josipa Jovi\u0107a | Foto: MORH\/ M. \u010cobanovi\u0107\" alt=\"Obilje\u017eena 30. obljetnica akcije \"Plitvice\" i pogibije Josipa Jovi\u0107a\" src=\"https:\/\/live.staticflickr.com\/65535\/51085778836_c61760df4d_h.jpg\" data-layer=\"&lt;div class=&#039;morh-gallery-image-download&#039;&gt;&lt;a href=&#039;https:\/\/live.staticflickr.com\/65535\/51085778836_33e57304d5_o.jpg&#039; target=&#039;_blank&#039;&gt;Slika za preuzimanje&lt;\/a&gt;&lt;\/div&gt;\" \/><\/a><a href=\"https:\/\/live.staticflickr.com\/65535\/51016594660_3fd5a148a9_h.jpg\" title=\"Obilje\u017eena 30. obljetnica akcije \"Plitvice\" i pogibije Josipa Jovi\u0107a\"><img decoding=\"async\" data-title=\"Obilje\u017eena 30. obljetnica akcije \"Plitvice\" i pogibije Josipa Jovi\u0107a\" data-description=\"Komemorativnim skupom na Plitvicama u srijedu 31. o\u017eujka obilje\u017eena je 30. obljetnica akcije Plitvice i pogibije prvog hrvatskog redarstvenika Josipa Jovi\u0107a | Foto: MORH\/ M. \u010cobanovi\u0107\" alt=\"Obilje\u017eena 30. obljetnica akcije \"Plitvice\" i pogibije Josipa Jovi\u0107a\" src=\"https:\/\/live.staticflickr.com\/65535\/51016594660_3fd5a148a9_h.jpg\" data-layer=\"&lt;div class=&#039;morh-gallery-image-download&#039;&gt;&lt;a href=&#039;https:\/\/live.staticflickr.com\/65535\/51016594660_976784358f_o.jpg&#039; target=&#039;_blank&#039;&gt;Slika za preuzimanje&lt;\/a&gt;&lt;\/div&gt;\" \/><\/a><a href=\"https:\/\/live.staticflickr.com\/65535\/51085871787_f4daab79b2_h.jpg\" title=\"Obilje\u017eena 30. obljetnica akcije \"Plitvice\" i pogibije Josipa Jovi\u0107a\"><img decoding=\"async\" data-title=\"Obilje\u017eena 30. obljetnica akcije \"Plitvice\" i pogibije Josipa Jovi\u0107a\" data-description=\"Komemorativnim skupom na Plitvicama u srijedu 31. o\u017eujka obilje\u017eena je 30. obljetnica akcije Plitvice i pogibije prvog hrvatskog redarstvenika Josipa Jovi\u0107a | Foto: MORH\/ M. \u010cobanovi\u0107\" alt=\"Obilje\u017eena 30. obljetnica akcije \"Plitvice\" i pogibije Josipa Jovi\u0107a\" src=\"https:\/\/live.staticflickr.com\/65535\/51085871787_f4daab79b2_h.jpg\" data-layer=\"&lt;div class=&#039;morh-gallery-image-download&#039;&gt;&lt;a href=&#039;https:\/\/live.staticflickr.com\/65535\/51085871787_bf0a87165f_o.jpg&#039; target=&#039;_blank&#039;&gt;Slika za preuzimanje&lt;\/a&gt;&lt;\/div&gt;\" \/><\/a><a href=\"https:\/\/live.staticflickr.com\/65535\/51085778806_813a4e6803_h.jpg\" title=\"Obilje\u017eena 30. obljetnica akcije \"Plitvice\" i pogibije Josipa Jovi\u0107a\"><img decoding=\"async\" data-title=\"Obilje\u017eena 30. obljetnica akcije \"Plitvice\" i pogibije Josipa Jovi\u0107a\" data-description=\"Komemorativnim skupom na Plitvicama u srijedu 31. o\u017eujka obilje\u017eena je 30. obljetnica akcije Plitvice i pogibije prvog hrvatskog redarstvenika Josipa Jovi\u0107a | Foto: MORH\/ M. \u010cobanovi\u0107\" alt=\"Obilje\u017eena 30. obljetnica akcije \"Plitvice\" i pogibije Josipa Jovi\u0107a\" src=\"https:\/\/live.staticflickr.com\/65535\/51085778806_813a4e6803_h.jpg\" data-layer=\"&lt;div class=&#039;morh-gallery-image-download&#039;&gt;&lt;a href=&#039;https:\/\/live.staticflickr.com\/65535\/51085778806_6ab9d5beef_o.jpg&#039; target=&#039;_blank&#039;&gt;Slika za preuzimanje&lt;\/a&gt;&lt;\/div&gt;\" \/><\/a><a href=\"https:\/\/live.staticflickr.com\/65535\/51082323873_ff286f015c_h.jpg\" title=\"Obilje\u017eena 30. obljetnica akcije \"Plitvice\" i pogibije Josipa Jovi\u0107a\"><img decoding=\"async\" data-title=\"Obilje\u017eena 30. obljetnica akcije \"Plitvice\" i pogibije Josipa Jovi\u0107a\" data-description=\"Komemorativnim skupom na Plitvicama u srijedu 31. o\u017eujka obilje\u017eena je 30. obljetnica akcije Plitvice i pogibije prvog hrvatskog redarstvenika Josipa Jovi\u0107a | Foto: MORH\/ M. \u010cobanovi\u0107\" alt=\"Obilje\u017eena 30. obljetnica akcije \"Plitvice\" i pogibije Josipa Jovi\u0107a\" src=\"https:\/\/live.staticflickr.com\/65535\/51082323873_ff286f015c_h.jpg\" data-layer=\"&lt;div class=&#039;morh-gallery-image-download&#039;&gt;&lt;a href=&#039;https:\/\/live.staticflickr.com\/65535\/51082323873_e7985422a4_o.jpg&#039; target=&#039;_blank&#039;&gt;Slika za preuzimanje&lt;\/a&gt;&lt;\/div&gt;\" \/><\/a><\/div><!--\/.morh-galleria -->\n","protected":false},"excerpt":{"rendered":"<p>&#8220;The free, democratic and European Croatian is the merit of the first victim of the Homeland War, Josip Jovi\u0107, of the Croatian defenders and the first President of the Republic of Croatia Franjo Tu\u0111man&#8221;, said Defence Minister Bano\u017ei\u0107<\/p>\n","protected":false},"author":3,"featured_media":182726,"comment_status":"closed","ping_status":"closed","sticky":false,"template":"","format":"standard","meta":{"_acf_changed":false,"_monsterinsights_skip_tracking":false,"_monsterinsights_sitenote_active":false,"_monsterinsights_sitenote_note":"","_monsterinsights_sitenote_category":0,"footnotes":""},"categories":[117],"tags":[],"class_list":["post-182743","post","type-post","status-publish","format-standard","has-post-thumbnail","hentry","category-press-releases"],"acf":[],"yoast_head":"<!-- This site is optimized with the Yoast SEO plugin v26.9 - https:\/\/yoast.com\/product\/yoast-seo-wordpress\/ -->\n<title>Marking the 30th anniversary of &quot;Plitvice&quot; and death of Josip Jovi\u0107 - MORH<\/title>\n<meta name=\"description\" content=\"&quot;The free, democratic and European Croatian is the merit of the first victim of the Homeland War, Josip Jovi\u0107, of the Croatian defenders and the first President of the Republic of Croatia Franjo Tu\u0111man&quot;, said Defence Minister Bano\u017ei\u0107\" \/>\n<meta name=\"robots\" content=\"index, follow, max-snippet:-1, max-image-preview:large, max-video-preview:-1\" \/>\n<link rel=\"canonical\" href=\"https:\/\/www.morh.hr\/en\/marking-the-30th-anniversary-of-plitvice-and-death-of-josip-jovic\/\" \/>\n<meta property=\"og:locale\" content=\"en_US\" \/>\n<meta property=\"og:type\" content=\"article\" \/>\n<meta property=\"og:title\" content=\"Marking the 30th anniversary of &quot;Plitvice&quot; and death of Josip Jovi\u0107 - MORH\" \/>\n<meta property=\"og:description\" content=\"&quot;The free, democratic and European Croatian is the merit of the first victim of the Homeland War, Josip Jovi\u0107, of the Croatian defenders and the first President of the Republic of Croatia Franjo Tu\u0111man&quot;, said Defence Minister Bano\u017ei\u0107\" \/>\n<meta property=\"og:url\" content=\"https:\/\/www.morh.hr\/en\/marking-the-30th-anniversary-of-plitvice-and-death-of-josip-jovic\/\" \/>\n<meta property=\"og:site_name\" content=\"MORH\" \/>\n<meta property=\"article:publisher\" content=\"https:\/\/www.facebook.com\/sportasiuhrvatskojvojsci\/\" \/>\n<meta property=\"article:published_time\" content=\"2021-04-01T13:24:54+00:00\" \/>\n<meta property=\"article:modified_time\" content=\"2023-10-26T11:51:36+00:00\" \/>\n<meta property=\"og:image\" content=\"https:\/\/www.morh.hr\/wp-content\/uploads\/2021\/03\/2021-03-31-josip-jovic-plitvice.jpg\" \/>\n\t<meta property=\"og:image:width\" content=\"2400\" \/>\n\t<meta property=\"og:image:height\" content=\"1602\" \/>\n\t<meta property=\"og:image:type\" content=\"image\/jpeg\" \/>\n<meta name=\"author\" content=\"Drazen\" \/>\n<meta name=\"twitter:card\" content=\"summary_large_image\" \/>\n<meta name=\"twitter:creator\" content=\"@morh_osrh\" \/>\n<meta name=\"twitter:site\" content=\"@morh_osrh\" \/>\n<meta name=\"twitter:label1\" content=\"Written by\" \/>\n\t<meta name=\"twitter:data1\" content=\"Drazen\" \/>\n\t<meta name=\"twitter:label2\" content=\"Est. reading time\" \/>\n\t<meta name=\"twitter:data2\" content=\"3 minutes\" \/>\n<script type=\"application\/ld+json\" class=\"yoast-schema-graph\">{\"@context\":\"https:\/\/schema.org\",\"@graph\":[{\"@type\":\"Article\",\"@id\":\"https:\/\/www.morh.hr\/en\/marking-the-30th-anniversary-of-plitvice-and-death-of-josip-jovic\/#article\",\"isPartOf\":{\"@id\":\"https:\/\/www.morh.hr\/en\/marking-the-30th-anniversary-of-plitvice-and-death-of-josip-jovic\/\"},\"author\":{\"name\":\"Drazen\",\"@id\":\"https:\/\/www.morh.hr\/en\/#\/schema\/person\/2d72e03399043d9513ab6bec75f2ce27\"},\"headline\":\"Marking the 30th anniversary of &#8220;Plitvice&#8221; and death of Josip Jovi\u0107\",\"datePublished\":\"2021-04-01T13:24:54+00:00\",\"dateModified\":\"2023-10-26T11:51:36+00:00\",\"mainEntityOfPage\":{\"@id\":\"https:\/\/www.morh.hr\/en\/marking-the-30th-anniversary-of-plitvice-and-death-of-josip-jovic\/\"},\"wordCount\":505,\"image\":{\"@id\":\"https:\/\/www.morh.hr\/en\/marking-the-30th-anniversary-of-plitvice-and-death-of-josip-jovic\/#primaryimage\"},\"thumbnailUrl\":\"https:\/\/www.morh.hr\/wp-content\/uploads\/2021\/03\/2021-03-31-josip-jovic-plitvice.jpg\",\"articleSection\":[\"Press releases\"],\"inLanguage\":\"en-US\"},{\"@type\":\"WebPage\",\"@id\":\"https:\/\/www.morh.hr\/en\/marking-the-30th-anniversary-of-plitvice-and-death-of-josip-jovic\/\",\"url\":\"https:\/\/www.morh.hr\/en\/marking-the-30th-anniversary-of-plitvice-and-death-of-josip-jovic\/\",\"name\":\"Marking the 30th anniversary of \\\"Plitvice\\\" and death of Josip Jovi\u0107 - MORH\",\"isPartOf\":{\"@id\":\"https:\/\/www.morh.hr\/en\/#website\"},\"primaryImageOfPage\":{\"@id\":\"https:\/\/www.morh.hr\/en\/marking-the-30th-anniversary-of-plitvice-and-death-of-josip-jovic\/#primaryimage\"},\"image\":{\"@id\":\"https:\/\/www.morh.hr\/en\/marking-the-30th-anniversary-of-plitvice-and-death-of-josip-jovic\/#primaryimage\"},\"thumbnailUrl\":\"https:\/\/www.morh.hr\/wp-content\/uploads\/2021\/03\/2021-03-31-josip-jovic-plitvice.jpg\",\"datePublished\":\"2021-04-01T13:24:54+00:00\",\"dateModified\":\"2023-10-26T11:51:36+00:00\",\"author\":{\"@id\":\"https:\/\/www.morh.hr\/en\/#\/schema\/person\/2d72e03399043d9513ab6bec75f2ce27\"},\"description\":\"\\\"The free, democratic and European Croatian is the merit of the first victim of the Homeland War, Josip Jovi\u0107, of the Croatian defenders and the first President of the Republic of Croatia Franjo Tu\u0111man\\\", said Defence Minister Bano\u017ei\u0107\",\"breadcrumb\":{\"@id\":\"https:\/\/www.morh.hr\/en\/marking-the-30th-anniversary-of-plitvice-and-death-of-josip-jovic\/#breadcrumb\"},\"inLanguage\":\"en-US\",\"potentialAction\":[{\"@type\":\"ReadAction\",\"target\":[\"https:\/\/www.morh.hr\/en\/marking-the-30th-anniversary-of-plitvice-and-death-of-josip-jovic\/\"]}]},{\"@type\":\"ImageObject\",\"inLanguage\":\"en-US\",\"@id\":\"https:\/\/www.morh.hr\/en\/marking-the-30th-anniversary-of-plitvice-and-death-of-josip-jovic\/#primaryimage\",\"url\":\"https:\/\/www.morh.hr\/wp-content\/uploads\/2021\/03\/2021-03-31-josip-jovic-plitvice.jpg\",\"contentUrl\":\"https:\/\/www.morh.hr\/wp-content\/uploads\/2021\/03\/2021-03-31-josip-jovic-plitvice.jpg\",\"width\":2400,\"height\":1602,\"caption\":\"Komemorativnim skupom na Plitvicama u srijedu 31. o\u017eujka obilje\u017eena je 30. obljetnica akcije Plitvice i pogibije prvog hrvatskog redarstvenika Josipa Jovi\u0107a | Foto: MORH\/ M. \u010cobanovi\u0107\"},{\"@type\":\"BreadcrumbList\",\"@id\":\"https:\/\/www.morh.hr\/en\/marking-the-30th-anniversary-of-plitvice-and-death-of-josip-jovic\/#breadcrumb\",\"itemListElement\":[{\"@type\":\"ListItem\",\"position\":1,\"name\":\"Naslovnica\",\"item\":\"https:\/\/www.morh.hr\/en\/\"},{\"@type\":\"ListItem\",\"position\":2,\"name\":\"News\",\"item\":\"https:\/\/www.morh.hr\/en\/kategorija\/news\/\"},{\"@type\":\"ListItem\",\"position\":3,\"name\":\"Press releases\",\"item\":\"https:\/\/www.morh.hr\/en\/kategorija\/news\/press-releases\/\"},{\"@type\":\"ListItem\",\"position\":4,\"name\":\"Marking the 30th anniversary of &#8220;Plitvice&#8221; and death of Josip Jovi\u0107\"}]},{\"@type\":\"WebSite\",\"@id\":\"https:\/\/www.morh.hr\/en\/#website\",\"url\":\"https:\/\/www.morh.hr\/en\/\",\"name\":\"MORH\",\"description\":\"Ministarstvo obrane Republike Hrvatske - slu\u017ebene stranice\",\"potentialAction\":[{\"@type\":\"SearchAction\",\"target\":{\"@type\":\"EntryPoint\",\"urlTemplate\":\"https:\/\/www.morh.hr\/en\/?s={search_term_string}\"},\"query-input\":{\"@type\":\"PropertyValueSpecification\",\"valueRequired\":true,\"valueName\":\"search_term_string\"}}],\"inLanguage\":\"en-US\"},{\"@type\":\"Person\",\"@id\":\"https:\/\/www.morh.hr\/en\/#\/schema\/person\/2d72e03399043d9513ab6bec75f2ce27\",\"name\":\"Drazen\",\"image\":{\"@type\":\"ImageObject\",\"inLanguage\":\"en-US\",\"@id\":\"https:\/\/www.morh.hr\/en\/#\/schema\/person\/image\/\",\"url\":\"https:\/\/secure.gravatar.com\/avatar\/e36ef7e573425ae72988c73df868c1e87a656b0e005ca4fd7d30d2ba7e49c9cf?s=96&d=mm&r=g\",\"contentUrl\":\"https:\/\/secure.gravatar.com\/avatar\/e36ef7e573425ae72988c73df868c1e87a656b0e005ca4fd7d30d2ba7e49c9cf?s=96&d=mm&r=g\",\"caption\":\"Drazen\"}}]}<\/script>\n<!-- \/ Yoast SEO plugin. -->","yoast_head_json":{"title":"Marking the 30th anniversary of \"Plitvice\" and death of Josip Jovi\u0107 - MORH","description":"\"The free, democratic and European Croatian is the merit of the first victim of the Homeland War, Josip Jovi\u0107, of the Croatian defenders and the first President of the Republic of Croatia Franjo Tu\u0111man\", said Defence Minister Bano\u017ei\u0107","robots":{"index":"index","follow":"follow","max-snippet":"max-snippet:-1","max-image-preview":"max-image-preview:large","max-video-preview":"max-video-preview:-1"},"canonical":"https:\/\/www.morh.hr\/en\/marking-the-30th-anniversary-of-plitvice-and-death-of-josip-jovic\/","og_locale":"en_US","og_type":"article","og_title":"Marking the 30th anniversary of \"Plitvice\" and death of Josip Jovi\u0107 - MORH","og_description":"\"The free, democratic and European Croatian is the merit of the first victim of the Homeland War, Josip Jovi\u0107, of the Croatian defenders and the first President of the Republic of Croatia Franjo Tu\u0111man\", said Defence Minister Bano\u017ei\u0107","og_url":"https:\/\/www.morh.hr\/en\/marking-the-30th-anniversary-of-plitvice-and-death-of-josip-jovic\/","og_site_name":"MORH","article_publisher":"https:\/\/www.facebook.com\/sportasiuhrvatskojvojsci\/","article_published_time":"2021-04-01T13:24:54+00:00","article_modified_time":"2023-10-26T11:51:36+00:00","og_image":[{"width":2400,"height":1602,"url":"https:\/\/www.morh.hr\/wp-content\/uploads\/2021\/03\/2021-03-31-josip-jovic-plitvice.jpg","type":"image\/jpeg"}],"author":"Drazen","twitter_card":"summary_large_image","twitter_creator":"@morh_osrh","twitter_site":"@morh_osrh","twitter_misc":{"Written by":"Drazen","Est. reading time":"3 minutes"},"schema":{"@context":"https:\/\/schema.org","@graph":[{"@type":"Article","@id":"https:\/\/www.morh.hr\/en\/marking-the-30th-anniversary-of-plitvice-and-death-of-josip-jovic\/#article","isPartOf":{"@id":"https:\/\/www.morh.hr\/en\/marking-the-30th-anniversary-of-plitvice-and-death-of-josip-jovic\/"},"author":{"name":"Drazen","@id":"https:\/\/www.morh.hr\/en\/#\/schema\/person\/2d72e03399043d9513ab6bec75f2ce27"},"headline":"Marking the 30th anniversary of &#8220;Plitvice&#8221; and death of Josip Jovi\u0107","datePublished":"2021-04-01T13:24:54+00:00","dateModified":"2023-10-26T11:51:36+00:00","mainEntityOfPage":{"@id":"https:\/\/www.morh.hr\/en\/marking-the-30th-anniversary-of-plitvice-and-death-of-josip-jovic\/"},"wordCount":505,"image":{"@id":"https:\/\/www.morh.hr\/en\/marking-the-30th-anniversary-of-plitvice-and-death-of-josip-jovic\/#primaryimage"},"thumbnailUrl":"https:\/\/www.morh.hr\/wp-content\/uploads\/2021\/03\/2021-03-31-josip-jovic-plitvice.jpg","articleSection":["Press releases"],"inLanguage":"en-US"},{"@type":"WebPage","@id":"https:\/\/www.morh.hr\/en\/marking-the-30th-anniversary-of-plitvice-and-death-of-josip-jovic\/","url":"https:\/\/www.morh.hr\/en\/marking-the-30th-anniversary-of-plitvice-and-death-of-josip-jovic\/","name":"Marking the 30th anniversary of \"Plitvice\" and death of Josip Jovi\u0107 - MORH","isPartOf":{"@id":"https:\/\/www.morh.hr\/en\/#website"},"primaryImageOfPage":{"@id":"https:\/\/www.morh.hr\/en\/marking-the-30th-anniversary-of-plitvice-and-death-of-josip-jovic\/#primaryimage"},"image":{"@id":"https:\/\/www.morh.hr\/en\/marking-the-30th-anniversary-of-plitvice-and-death-of-josip-jovic\/#primaryimage"},"thumbnailUrl":"https:\/\/www.morh.hr\/wp-content\/uploads\/2021\/03\/2021-03-31-josip-jovic-plitvice.jpg","datePublished":"2021-04-01T13:24:54+00:00","dateModified":"2023-10-26T11:51:36+00:00","author":{"@id":"https:\/\/www.morh.hr\/en\/#\/schema\/person\/2d72e03399043d9513ab6bec75f2ce27"},"description":"\"The free, democratic and European Croatian is the merit of the first victim of the Homeland War, Josip Jovi\u0107, of the Croatian defenders and the first President of the Republic of Croatia Franjo Tu\u0111man\", said Defence Minister Bano\u017ei\u0107","breadcrumb":{"@id":"https:\/\/www.morh.hr\/en\/marking-the-30th-anniversary-of-plitvice-and-death-of-josip-jovic\/#breadcrumb"},"inLanguage":"en-US","potentialAction":[{"@type":"ReadAction","target":["https:\/\/www.morh.hr\/en\/marking-the-30th-anniversary-of-plitvice-and-death-of-josip-jovic\/"]}]},{"@type":"ImageObject","inLanguage":"en-US","@id":"https:\/\/www.morh.hr\/en\/marking-the-30th-anniversary-of-plitvice-and-death-of-josip-jovic\/#primaryimage","url":"https:\/\/www.morh.hr\/wp-content\/uploads\/2021\/03\/2021-03-31-josip-jovic-plitvice.jpg","contentUrl":"https:\/\/www.morh.hr\/wp-content\/uploads\/2021\/03\/2021-03-31-josip-jovic-plitvice.jpg","width":2400,"height":1602,"caption":"Komemorativnim skupom na Plitvicama u srijedu 31. o\u017eujka obilje\u017eena je 30. obljetnica akcije Plitvice i pogibije prvog hrvatskog redarstvenika Josipa Jovi\u0107a | Foto: MORH\/ M. \u010cobanovi\u0107"},{"@type":"BreadcrumbList","@id":"https:\/\/www.morh.hr\/en\/marking-the-30th-anniversary-of-plitvice-and-death-of-josip-jovic\/#breadcrumb","itemListElement":[{"@type":"ListItem","position":1,"name":"Naslovnica","item":"https:\/\/www.morh.hr\/en\/"},{"@type":"ListItem","position":2,"name":"News","item":"https:\/\/www.morh.hr\/en\/kategorija\/news\/"},{"@type":"ListItem","position":3,"name":"Press releases","item":"https:\/\/www.morh.hr\/en\/kategorija\/news\/press-releases\/"},{"@type":"ListItem","position":4,"name":"Marking the 30th anniversary of &#8220;Plitvice&#8221; and death of Josip Jovi\u0107"}]},{"@type":"WebSite","@id":"https:\/\/www.morh.hr\/en\/#website","url":"https:\/\/www.morh.hr\/en\/","name":"MORH","description":"Ministarstvo obrane Republike Hrvatske - slu\u017ebene stranice","potentialAction":[{"@type":"SearchAction","target":{"@type":"EntryPoint","urlTemplate":"https:\/\/www.morh.hr\/en\/?s={search_term_string}"},"query-input":{"@type":"PropertyValueSpecification","valueRequired":true,"valueName":"search_term_string"}}],"inLanguage":"en-US"},{"@type":"Person","@id":"https:\/\/www.morh.hr\/en\/#\/schema\/person\/2d72e03399043d9513ab6bec75f2ce27","name":"Drazen","image":{"@type":"ImageObject","inLanguage":"en-US","@id":"https:\/\/www.morh.hr\/en\/#\/schema\/person\/image\/","url":"https:\/\/secure.gravatar.com\/avatar\/e36ef7e573425ae72988c73df868c1e87a656b0e005ca4fd7d30d2ba7e49c9cf?s=96&d=mm&r=g","contentUrl":"https:\/\/secure.gravatar.com\/avatar\/e36ef7e573425ae72988c73df868c1e87a656b0e005ca4fd7d30d2ba7e49c9cf?s=96&d=mm&r=g","caption":"Drazen"}}]}},"_links":{"self":[{"href":"https:\/\/www.morh.hr\/en\/wp-json\/wp\/v2\/posts\/182743","targetHints":{"allow":["GET"]}}],"collection":[{"href":"https:\/\/www.morh.hr\/en\/wp-json\/wp\/v2\/posts"}],"about":[{"href":"https:\/\/www.morh.hr\/en\/wp-json\/wp\/v2\/types\/post"}],"author":[{"embeddable":true,"href":"https:\/\/www.morh.hr\/en\/wp-json\/wp\/v2\/users\/3"}],"replies":[{"embeddable":true,"href":"https:\/\/www.morh.hr\/en\/wp-json\/wp\/v2\/comments?post=182743"}],"version-history":[{"count":0,"href":"https:\/\/www.morh.hr\/en\/wp-json\/wp\/v2\/posts\/182743\/revisions"}],"wp:featuredmedia":[{"embeddable":true,"href":"https:\/\/www.morh.hr\/en\/wp-json\/wp\/v2\/media\/182726"}],"wp:attachment":[{"href":"https:\/\/www.morh.hr\/en\/wp-json\/wp\/v2\/media?parent=182743"}],"wp:term":[{"taxonomy":"category","embeddable":true,"href":"https:\/\/www.morh.hr\/en\/wp-json\/wp\/v2\/categories?post=182743"},{"taxonomy":"post_tag","embeddable":true,"href":"https:\/\/www.morh.hr\/en\/wp-json\/wp\/v2\/tags?post=182743"}],"curies":[{"name":"wp","href":"https:\/\/api.w.org\/{rel}","templated":true}]}}