{"id":195369,"date":"2022-02-16T18:36:51","date_gmt":"2022-02-16T17:36:51","guid":{"rendered":"https:\/\/www.morh.hr\/?p=195369"},"modified":"2023-10-26T13:58:55","modified_gmt":"2023-10-26T11:58:55","slug":"minister-banozic-at-the-meeting-of-nato-defence-ministers-in-brussels","status":"publish","type":"post","link":"https:\/\/www.morh.hr\/en\/minister-banozic-at-the-meeting-of-nato-defence-ministers-in-brussels\/","title":{"rendered":"Minister Bano\u017ei\u0107 at the meeting of NATO Defence Ministers in Brussels"},"content":{"rendered":"<p>Defence Minister Mario Bano\u017ei\u0107 participates in the regular meeting of NATO member states defence ministers held on February 16 and 17, 2022, at NATO Headquarters in Brussels.<\/p>\n<p>On the first day, ministers exchanged views on the current security situation in Eastern Europe, which poses one of the most serious threats to Europe&#8217;s security.<\/p>\n<p>The participants pointed out that NATO is a defence alliance whose task is to preserve peace so it does not pose a threat to Russia or any other country. All involved unanimously agreed that NATO is ready to defend all allies from any security threats they may face. Therefore, NATO will maintain the so-called &#8220;dual-track approach&#8221; to Russia. On the one hand, it ensures diplomatic efforts to bring Russia back to the negotiating table to re-establish constructive dialogue and, on the other hand, provides strong deterrence and defence to ensure the Alliance&#8217;s ability to protect all allies.<\/p>\n<p>Ministers also agreed that there could be no negotiation on fundamental Euro-Atlantic values. These values make up the foundation for the transatlantic link between Europe and North America. This link is the critical segment of NATO&#8217;s new Strategic Concept. Therefore, the ministers took the opportunity to present their views to align their political and military directives to the new strategic context. NATO will adopt the new Strategic Concept at the 2022 Madrid Summit (29-30 June 2022). Alongside the North Atlantic Treaty, it will be a crucial guiding document. Furthermore, it will reaffirm NATO&#8217;s values, tasks, and purposes. The New Strategic Concept will contain a joint assessment of the security environment, and it will encourage the adaptation of the Alliance to an unpredictable and fast-changing world.<\/p>\n<p>The increasingly unstable security environment has shown that member states, but also NATO as a whole, need to make additional efforts in the area of defence investment strategies. For that reason, the ministers agreed that it is necessary to continue allocating resources and investing in the equipment and modernization under the Readiness Action Plan adopted at the NATO summit in Wales in 2014.<\/p>\n<p>NATO Secretary-General Jens Stoltenberg expressed satisfaction with the allies&#8217; efforts, noting that 2022 will be the eighth consecutive year of rising defence spending across European allies and Canada.<\/p>\n<p>In this context, Minister Bano\u017ei\u0107 informed other allies that the Republic of Croatia became one of the nine NATO members whose budget exceeds 2% of GDP for defines. Out of that amount, it allocates more than the minimum agreed 20% for modernization and equipping. The situation changed following the decisions on purchasing Rafale multi-purpose fighter jets and infantry fighting vehicles Bradley.<\/p>\n<p>Finally, Minister Bano\u017ei\u0107 pointed out that Croatia will continue to fulfil all its obligations as a responsible NATO member that contributes to international security. In addition, he welcomed the recent arrival of USS aircraft carrier Harry S. Truman in the Adriatic Sea as another indication that NATO recognizes Croatia as a committed and reliable ally.<\/p>\n<p>Minister Bano\u017ei\u0107 emphasized that Croatia will continue to improve its security capacities to ensure maximum resilience of the society to security threats, risks, and crises.<\/p>\n<div class=\"morh-galleria\"><a href=\"https:\/\/live.staticflickr.com\/65535\/51884677167_742ee6fe02_h.jpg\" title=\"Ministar Bano\u017ei\u0107 na sastanku ministara obrane NATO-a u Bruxellesu\"><img decoding=\"async\" data-title=\"Ministar Bano\u017ei\u0107 na sastanku ministara obrane NATO-a u Bruxellesu\" data-description=\"Ministar obrane Republike Hrvatske Mario Bano\u017ei\u0107 sudjeluje na redovnom sastanku ministara obrane zemalja \u010dlanica NATO-a koji se odr\u017eava 16. i 17. velja\u010de 2022. godine u sjedi\u0161tu NATO-a u Bruxellesu | Foto: MORH\" alt=\"Ministar Bano\u017ei\u0107 na sastanku ministara obrane NATO-a u Bruxellesu\" src=\"https:\/\/live.staticflickr.com\/65535\/51884677167_742ee6fe02_h.jpg\" data-layer=\"&lt;div class=&#039;morh-gallery-image-download&#039;&gt;&lt;a href=&#039;https:\/\/live.staticflickr.com\/65535\/51884677167_36c43c1aac_o.jpg&#039; target=&#039;_blank&#039;&gt;Slika za preuzimanje&lt;\/a&gt;&lt;\/div&gt;\" \/><\/a><a href=\"https:\/\/live.staticflickr.com\/65535\/51885970159_241c2fc853_h.jpg\" title=\"Ministar Bano\u017ei\u0107 na sastanku ministara obrane NATO-a u Bruxellesu\"><img decoding=\"async\" data-title=\"Ministar Bano\u017ei\u0107 na sastanku ministara obrane NATO-a u Bruxellesu\" data-description=\"Ministar obrane Republike Hrvatske Mario Bano\u017ei\u0107 sudjeluje na redovnom sastanku ministara obrane zemalja \u010dlanica NATO-a koji se odr\u017eava 16. i 17. velja\u010de 2022. godine u sjedi\u0161tu NATO-a u Bruxellesu | Foto: NATO\" alt=\"Ministar Bano\u017ei\u0107 na sastanku ministara obrane NATO-a u Bruxellesu\" src=\"https:\/\/live.staticflickr.com\/65535\/51885970159_241c2fc853_h.jpg\" data-layer=\"&lt;div class=&#039;morh-gallery-image-download&#039;&gt;&lt;a href=&#039;https:\/\/live.staticflickr.com\/65535\/51885970159_b37c8ee0d0_o.jpg&#039; target=&#039;_blank&#039;&gt;Slika za preuzimanje&lt;\/a&gt;&lt;\/div&gt;\" \/><\/a><a href=\"https:\/\/live.staticflickr.com\/65535\/51884677127_6a9fc764c2_o.jpg\" title=\"Ministar Bano\u017ei\u0107 na sastanku ministara obrane NATO-a u Bruxellesu\"><img decoding=\"async\" data-title=\"Ministar Bano\u017ei\u0107 na sastanku ministara obrane NATO-a u Bruxellesu\" data-description=\"Ministar obrane Republike Hrvatske Mario Bano\u017ei\u0107 sudjeluje na redovnom sastanku ministara obrane zemalja \u010dlanica NATO-a koji se odr\u017eava 16. i 17. velja\u010de 2022. godine u sjedi\u0161tu NATO-a u Bruxellesu | Foto: MORH\" alt=\"Ministar Bano\u017ei\u0107 na sastanku ministara obrane NATO-a u Bruxellesu\" src=\"https:\/\/live.staticflickr.com\/65535\/51884677127_6a9fc764c2_o.jpg\" data-layer=\"&lt;div class=&#039;morh-gallery-image-download&#039;&gt;&lt;a href=&#039;https:\/\/live.staticflickr.com\/65535\/51884677127_6a9fc764c2_o.jpg&#039; target=&#039;_blank&#039;&gt;Slika za preuzimanje&lt;\/a&gt;&lt;\/div&gt;\" \/><\/a><a href=\"https:\/\/live.staticflickr.com\/65535\/51885645586_580049e06d_h.jpg\" title=\"Ministar Bano\u017ei\u0107 na sastanku ministara obrane NATO-a u Bruxellesu\"><img decoding=\"async\" data-title=\"Ministar Bano\u017ei\u0107 na sastanku ministara obrane NATO-a u Bruxellesu\" data-description=\"Ministar obrane Republike Hrvatske Mario Bano\u017ei\u0107 sudjeluje na redovnom sastanku ministara obrane zemalja \u010dlanica NATO-a koji se odr\u017eava 16. i 17. velja\u010de 2022. godine u sjedi\u0161tu NATO-a u Bruxellesu | Foto: MORH\" alt=\"Ministar Bano\u017ei\u0107 na sastanku ministara obrane NATO-a u Bruxellesu\" src=\"https:\/\/live.staticflickr.com\/65535\/51885645586_580049e06d_h.jpg\" data-layer=\"&lt;div class=&#039;morh-gallery-image-download&#039;&gt;&lt;a href=&#039;https:\/\/live.staticflickr.com\/65535\/51885645586_54fdd04b79_o.jpg&#039; target=&#039;_blank&#039;&gt;Slika za preuzimanje&lt;\/a&gt;&lt;\/div&gt;\" \/><\/a><\/div><!--\/.morh-galleria -->\n","protected":false},"excerpt":{"rendered":"<p>Minister Bano\u017ei\u0107 participates in the regular meeting of the North Atlantic Council at the level of Defence Ministers on February 16 and 17, 2022, at the NATO Headquarters in Brussels.<\/p>\n","protected":false},"author":3,"featured_media":192761,"comment_status":"closed","ping_status":"closed","sticky":false,"template":"","format":"standard","meta":{"_acf_changed":false,"_monsterinsights_skip_tracking":false,"_monsterinsights_sitenote_active":false,"_monsterinsights_sitenote_note":"","_monsterinsights_sitenote_category":0,"footnotes":""},"categories":[117],"tags":[],"class_list":["post-195369","post","type-post","status-publish","format-standard","has-post-thumbnail","hentry","category-press-releases"],"acf":[],"yoast_head":"<!-- This site is optimized with the Yoast SEO plugin v26.9 - https:\/\/yoast.com\/product\/yoast-seo-wordpress\/ -->\n<title>Minister Bano\u017ei\u0107 at the meeting of NATO Defence Ministers in Brussels - MORH<\/title>\n<meta name=\"description\" content=\"Minister Bano\u017ei\u0107 participates in the regular meeting of the North Atlantic Council at the level of Defence Ministers on February 16 and 17, 2022, at the NATO Headquarters in Brussels.\" \/>\n<meta name=\"robots\" content=\"index, follow, max-snippet:-1, max-image-preview:large, max-video-preview:-1\" \/>\n<link rel=\"canonical\" href=\"https:\/\/www.morh.hr\/en\/minister-banozic-at-the-meeting-of-nato-defence-ministers-in-brussels\/\" \/>\n<meta property=\"og:locale\" content=\"en_US\" \/>\n<meta property=\"og:type\" content=\"article\" \/>\n<meta property=\"og:title\" content=\"Minister Bano\u017ei\u0107 at the meeting of NATO Defence Ministers in Brussels - MORH\" \/>\n<meta property=\"og:description\" content=\"Minister Bano\u017ei\u0107 participates in the regular meeting of the North Atlantic Council at the level of Defence Ministers on February 16 and 17, 2022, at the NATO Headquarters in Brussels.\" \/>\n<meta property=\"og:url\" content=\"https:\/\/www.morh.hr\/en\/minister-banozic-at-the-meeting-of-nato-defence-ministers-in-brussels\/\" \/>\n<meta property=\"og:site_name\" content=\"MORH\" \/>\n<meta property=\"article:publisher\" content=\"https:\/\/www.facebook.com\/sportasiuhrvatskojvojsci\/\" \/>\n<meta property=\"article:published_time\" content=\"2022-02-16T17:36:51+00:00\" \/>\n<meta property=\"article:modified_time\" content=\"2023-10-26T11:58:55+00:00\" \/>\n<meta property=\"og:image\" content=\"https:\/\/www.morh.hr\/wp-content\/uploads\/2022\/02\/2022-02-16-nato-1.jpg\" \/>\n\t<meta property=\"og:image:width\" content=\"2178\" \/>\n\t<meta property=\"og:image:height\" content=\"1234\" \/>\n\t<meta property=\"og:image:type\" content=\"image\/jpeg\" \/>\n<meta name=\"author\" content=\"Drazen\" \/>\n<meta name=\"twitter:card\" content=\"summary_large_image\" \/>\n<meta name=\"twitter:creator\" content=\"@morh_osrh\" \/>\n<meta name=\"twitter:site\" content=\"@morh_osrh\" \/>\n<meta name=\"twitter:label1\" content=\"Written by\" \/>\n\t<meta name=\"twitter:data1\" content=\"Drazen\" \/>\n\t<meta name=\"twitter:label2\" content=\"Est. reading time\" \/>\n\t<meta name=\"twitter:data2\" content=\"3 minutes\" \/>\n<script type=\"application\/ld+json\" class=\"yoast-schema-graph\">{\"@context\":\"https:\/\/schema.org\",\"@graph\":[{\"@type\":\"Article\",\"@id\":\"https:\/\/www.morh.hr\/en\/minister-banozic-at-the-meeting-of-nato-defence-ministers-in-brussels\/#article\",\"isPartOf\":{\"@id\":\"https:\/\/www.morh.hr\/en\/minister-banozic-at-the-meeting-of-nato-defence-ministers-in-brussels\/\"},\"author\":{\"name\":\"Drazen\",\"@id\":\"https:\/\/www.morh.hr\/en\/#\/schema\/person\/2d72e03399043d9513ab6bec75f2ce27\"},\"headline\":\"Minister Bano\u017ei\u0107 at the meeting of NATO Defence Ministers in Brussels\",\"datePublished\":\"2022-02-16T17:36:51+00:00\",\"dateModified\":\"2023-10-26T11:58:55+00:00\",\"mainEntityOfPage\":{\"@id\":\"https:\/\/www.morh.hr\/en\/minister-banozic-at-the-meeting-of-nato-defence-ministers-in-brussels\/\"},\"wordCount\":524,\"image\":{\"@id\":\"https:\/\/www.morh.hr\/en\/minister-banozic-at-the-meeting-of-nato-defence-ministers-in-brussels\/#primaryimage\"},\"thumbnailUrl\":\"https:\/\/www.morh.hr\/wp-content\/uploads\/2022\/02\/2022-02-16-nato-1.jpg\",\"articleSection\":[\"Press releases\"],\"inLanguage\":\"en-US\"},{\"@type\":\"WebPage\",\"@id\":\"https:\/\/www.morh.hr\/en\/minister-banozic-at-the-meeting-of-nato-defence-ministers-in-brussels\/\",\"url\":\"https:\/\/www.morh.hr\/en\/minister-banozic-at-the-meeting-of-nato-defence-ministers-in-brussels\/\",\"name\":\"Minister Bano\u017ei\u0107 at the meeting of NATO Defence Ministers in Brussels - MORH\",\"isPartOf\":{\"@id\":\"https:\/\/www.morh.hr\/en\/#website\"},\"primaryImageOfPage\":{\"@id\":\"https:\/\/www.morh.hr\/en\/minister-banozic-at-the-meeting-of-nato-defence-ministers-in-brussels\/#primaryimage\"},\"image\":{\"@id\":\"https:\/\/www.morh.hr\/en\/minister-banozic-at-the-meeting-of-nato-defence-ministers-in-brussels\/#primaryimage\"},\"thumbnailUrl\":\"https:\/\/www.morh.hr\/wp-content\/uploads\/2022\/02\/2022-02-16-nato-1.jpg\",\"datePublished\":\"2022-02-16T17:36:51+00:00\",\"dateModified\":\"2023-10-26T11:58:55+00:00\",\"author\":{\"@id\":\"https:\/\/www.morh.hr\/en\/#\/schema\/person\/2d72e03399043d9513ab6bec75f2ce27\"},\"description\":\"Minister Bano\u017ei\u0107 participates in the regular meeting of the North Atlantic Council at the level of Defence Ministers on February 16 and 17, 2022, at the NATO Headquarters in Brussels.\",\"breadcrumb\":{\"@id\":\"https:\/\/www.morh.hr\/en\/minister-banozic-at-the-meeting-of-nato-defence-ministers-in-brussels\/#breadcrumb\"},\"inLanguage\":\"en-US\",\"potentialAction\":[{\"@type\":\"ReadAction\",\"target\":[\"https:\/\/www.morh.hr\/en\/minister-banozic-at-the-meeting-of-nato-defence-ministers-in-brussels\/\"]}]},{\"@type\":\"ImageObject\",\"inLanguage\":\"en-US\",\"@id\":\"https:\/\/www.morh.hr\/en\/minister-banozic-at-the-meeting-of-nato-defence-ministers-in-brussels\/#primaryimage\",\"url\":\"https:\/\/www.morh.hr\/wp-content\/uploads\/2022\/02\/2022-02-16-nato-1.jpg\",\"contentUrl\":\"https:\/\/www.morh.hr\/wp-content\/uploads\/2022\/02\/2022-02-16-nato-1.jpg\",\"width\":2178,\"height\":1234,\"caption\":\"Official Family Portrait\"},{\"@type\":\"BreadcrumbList\",\"@id\":\"https:\/\/www.morh.hr\/en\/minister-banozic-at-the-meeting-of-nato-defence-ministers-in-brussels\/#breadcrumb\",\"itemListElement\":[{\"@type\":\"ListItem\",\"position\":1,\"name\":\"Naslovnica\",\"item\":\"https:\/\/www.morh.hr\/en\/\"},{\"@type\":\"ListItem\",\"position\":2,\"name\":\"News\",\"item\":\"https:\/\/www.morh.hr\/en\/kategorija\/news\/\"},{\"@type\":\"ListItem\",\"position\":3,\"name\":\"Press releases\",\"item\":\"https:\/\/www.morh.hr\/en\/kategorija\/news\/press-releases\/\"},{\"@type\":\"ListItem\",\"position\":4,\"name\":\"Minister Bano\u017ei\u0107 at the meeting of NATO Defence Ministers in Brussels\"}]},{\"@type\":\"WebSite\",\"@id\":\"https:\/\/www.morh.hr\/en\/#website\",\"url\":\"https:\/\/www.morh.hr\/en\/\",\"name\":\"MORH\",\"description\":\"Ministarstvo obrane Republike Hrvatske - slu\u017ebene stranice\",\"potentialAction\":[{\"@type\":\"SearchAction\",\"target\":{\"@type\":\"EntryPoint\",\"urlTemplate\":\"https:\/\/www.morh.hr\/en\/?s={search_term_string}\"},\"query-input\":{\"@type\":\"PropertyValueSpecification\",\"valueRequired\":true,\"valueName\":\"search_term_string\"}}],\"inLanguage\":\"en-US\"},{\"@type\":\"Person\",\"@id\":\"https:\/\/www.morh.hr\/en\/#\/schema\/person\/2d72e03399043d9513ab6bec75f2ce27\",\"name\":\"Drazen\",\"image\":{\"@type\":\"ImageObject\",\"inLanguage\":\"en-US\",\"@id\":\"https:\/\/www.morh.hr\/en\/#\/schema\/person\/image\/\",\"url\":\"https:\/\/secure.gravatar.com\/avatar\/e36ef7e573425ae72988c73df868c1e87a656b0e005ca4fd7d30d2ba7e49c9cf?s=96&d=mm&r=g\",\"contentUrl\":\"https:\/\/secure.gravatar.com\/avatar\/e36ef7e573425ae72988c73df868c1e87a656b0e005ca4fd7d30d2ba7e49c9cf?s=96&d=mm&r=g\",\"caption\":\"Drazen\"}}]}<\/script>\n<!-- \/ Yoast SEO plugin. -->","yoast_head_json":{"title":"Minister Bano\u017ei\u0107 at the meeting of NATO Defence Ministers in Brussels - MORH","description":"Minister Bano\u017ei\u0107 participates in the regular meeting of the North Atlantic Council at the level of Defence Ministers on February 16 and 17, 2022, at the NATO Headquarters in Brussels.","robots":{"index":"index","follow":"follow","max-snippet":"max-snippet:-1","max-image-preview":"max-image-preview:large","max-video-preview":"max-video-preview:-1"},"canonical":"https:\/\/www.morh.hr\/en\/minister-banozic-at-the-meeting-of-nato-defence-ministers-in-brussels\/","og_locale":"en_US","og_type":"article","og_title":"Minister Bano\u017ei\u0107 at the meeting of NATO Defence Ministers in Brussels - MORH","og_description":"Minister Bano\u017ei\u0107 participates in the regular meeting of the North Atlantic Council at the level of Defence Ministers on February 16 and 17, 2022, at the NATO Headquarters in Brussels.","og_url":"https:\/\/www.morh.hr\/en\/minister-banozic-at-the-meeting-of-nato-defence-ministers-in-brussels\/","og_site_name":"MORH","article_publisher":"https:\/\/www.facebook.com\/sportasiuhrvatskojvojsci\/","article_published_time":"2022-02-16T17:36:51+00:00","article_modified_time":"2023-10-26T11:58:55+00:00","og_image":[{"width":2178,"height":1234,"url":"https:\/\/www.morh.hr\/wp-content\/uploads\/2022\/02\/2022-02-16-nato-1.jpg","type":"image\/jpeg"}],"author":"Drazen","twitter_card":"summary_large_image","twitter_creator":"@morh_osrh","twitter_site":"@morh_osrh","twitter_misc":{"Written by":"Drazen","Est. reading time":"3 minutes"},"schema":{"@context":"https:\/\/schema.org","@graph":[{"@type":"Article","@id":"https:\/\/www.morh.hr\/en\/minister-banozic-at-the-meeting-of-nato-defence-ministers-in-brussels\/#article","isPartOf":{"@id":"https:\/\/www.morh.hr\/en\/minister-banozic-at-the-meeting-of-nato-defence-ministers-in-brussels\/"},"author":{"name":"Drazen","@id":"https:\/\/www.morh.hr\/en\/#\/schema\/person\/2d72e03399043d9513ab6bec75f2ce27"},"headline":"Minister Bano\u017ei\u0107 at the meeting of NATO Defence Ministers in Brussels","datePublished":"2022-02-16T17:36:51+00:00","dateModified":"2023-10-26T11:58:55+00:00","mainEntityOfPage":{"@id":"https:\/\/www.morh.hr\/en\/minister-banozic-at-the-meeting-of-nato-defence-ministers-in-brussels\/"},"wordCount":524,"image":{"@id":"https:\/\/www.morh.hr\/en\/minister-banozic-at-the-meeting-of-nato-defence-ministers-in-brussels\/#primaryimage"},"thumbnailUrl":"https:\/\/www.morh.hr\/wp-content\/uploads\/2022\/02\/2022-02-16-nato-1.jpg","articleSection":["Press releases"],"inLanguage":"en-US"},{"@type":"WebPage","@id":"https:\/\/www.morh.hr\/en\/minister-banozic-at-the-meeting-of-nato-defence-ministers-in-brussels\/","url":"https:\/\/www.morh.hr\/en\/minister-banozic-at-the-meeting-of-nato-defence-ministers-in-brussels\/","name":"Minister Bano\u017ei\u0107 at the meeting of NATO Defence Ministers in Brussels - MORH","isPartOf":{"@id":"https:\/\/www.morh.hr\/en\/#website"},"primaryImageOfPage":{"@id":"https:\/\/www.morh.hr\/en\/minister-banozic-at-the-meeting-of-nato-defence-ministers-in-brussels\/#primaryimage"},"image":{"@id":"https:\/\/www.morh.hr\/en\/minister-banozic-at-the-meeting-of-nato-defence-ministers-in-brussels\/#primaryimage"},"thumbnailUrl":"https:\/\/www.morh.hr\/wp-content\/uploads\/2022\/02\/2022-02-16-nato-1.jpg","datePublished":"2022-02-16T17:36:51+00:00","dateModified":"2023-10-26T11:58:55+00:00","author":{"@id":"https:\/\/www.morh.hr\/en\/#\/schema\/person\/2d72e03399043d9513ab6bec75f2ce27"},"description":"Minister Bano\u017ei\u0107 participates in the regular meeting of the North Atlantic Council at the level of Defence Ministers on February 16 and 17, 2022, at the NATO Headquarters in Brussels.","breadcrumb":{"@id":"https:\/\/www.morh.hr\/en\/minister-banozic-at-the-meeting-of-nato-defence-ministers-in-brussels\/#breadcrumb"},"inLanguage":"en-US","potentialAction":[{"@type":"ReadAction","target":["https:\/\/www.morh.hr\/en\/minister-banozic-at-the-meeting-of-nato-defence-ministers-in-brussels\/"]}]},{"@type":"ImageObject","inLanguage":"en-US","@id":"https:\/\/www.morh.hr\/en\/minister-banozic-at-the-meeting-of-nato-defence-ministers-in-brussels\/#primaryimage","url":"https:\/\/www.morh.hr\/wp-content\/uploads\/2022\/02\/2022-02-16-nato-1.jpg","contentUrl":"https:\/\/www.morh.hr\/wp-content\/uploads\/2022\/02\/2022-02-16-nato-1.jpg","width":2178,"height":1234,"caption":"Official Family Portrait"},{"@type":"BreadcrumbList","@id":"https:\/\/www.morh.hr\/en\/minister-banozic-at-the-meeting-of-nato-defence-ministers-in-brussels\/#breadcrumb","itemListElement":[{"@type":"ListItem","position":1,"name":"Naslovnica","item":"https:\/\/www.morh.hr\/en\/"},{"@type":"ListItem","position":2,"name":"News","item":"https:\/\/www.morh.hr\/en\/kategorija\/news\/"},{"@type":"ListItem","position":3,"name":"Press releases","item":"https:\/\/www.morh.hr\/en\/kategorija\/news\/press-releases\/"},{"@type":"ListItem","position":4,"name":"Minister Bano\u017ei\u0107 at the meeting of NATO Defence Ministers in Brussels"}]},{"@type":"WebSite","@id":"https:\/\/www.morh.hr\/en\/#website","url":"https:\/\/www.morh.hr\/en\/","name":"MORH","description":"Ministarstvo obrane Republike Hrvatske - slu\u017ebene stranice","potentialAction":[{"@type":"SearchAction","target":{"@type":"EntryPoint","urlTemplate":"https:\/\/www.morh.hr\/en\/?s={search_term_string}"},"query-input":{"@type":"PropertyValueSpecification","valueRequired":true,"valueName":"search_term_string"}}],"inLanguage":"en-US"},{"@type":"Person","@id":"https:\/\/www.morh.hr\/en\/#\/schema\/person\/2d72e03399043d9513ab6bec75f2ce27","name":"Drazen","image":{"@type":"ImageObject","inLanguage":"en-US","@id":"https:\/\/www.morh.hr\/en\/#\/schema\/person\/image\/","url":"https:\/\/secure.gravatar.com\/avatar\/e36ef7e573425ae72988c73df868c1e87a656b0e005ca4fd7d30d2ba7e49c9cf?s=96&d=mm&r=g","contentUrl":"https:\/\/secure.gravatar.com\/avatar\/e36ef7e573425ae72988c73df868c1e87a656b0e005ca4fd7d30d2ba7e49c9cf?s=96&d=mm&r=g","caption":"Drazen"}}]}},"_links":{"self":[{"href":"https:\/\/www.morh.hr\/en\/wp-json\/wp\/v2\/posts\/195369","targetHints":{"allow":["GET"]}}],"collection":[{"href":"https:\/\/www.morh.hr\/en\/wp-json\/wp\/v2\/posts"}],"about":[{"href":"https:\/\/www.morh.hr\/en\/wp-json\/wp\/v2\/types\/post"}],"author":[{"embeddable":true,"href":"https:\/\/www.morh.hr\/en\/wp-json\/wp\/v2\/users\/3"}],"replies":[{"embeddable":true,"href":"https:\/\/www.morh.hr\/en\/wp-json\/wp\/v2\/comments?post=195369"}],"version-history":[{"count":0,"href":"https:\/\/www.morh.hr\/en\/wp-json\/wp\/v2\/posts\/195369\/revisions"}],"wp:featuredmedia":[{"embeddable":true,"href":"https:\/\/www.morh.hr\/en\/wp-json\/wp\/v2\/media\/192761"}],"wp:attachment":[{"href":"https:\/\/www.morh.hr\/en\/wp-json\/wp\/v2\/media?parent=195369"}],"wp:term":[{"taxonomy":"category","embeddable":true,"href":"https:\/\/www.morh.hr\/en\/wp-json\/wp\/v2\/categories?post=195369"},{"taxonomy":"post_tag","embeddable":true,"href":"https:\/\/www.morh.hr\/en\/wp-json\/wp\/v2\/tags?post=195369"}],"curies":[{"name":"wp","href":"https:\/\/api.w.org\/{rel}","templated":true}]}}