{"id":223790,"date":"2023-10-02T15:36:09","date_gmt":"2023-10-02T13:36:09","guid":{"rendered":"https:\/\/www.morh.hr\/?p=223790"},"modified":"2023-10-26T14:04:24","modified_gmt":"2023-10-26T12:04:24","slug":"official-handover-ceremony-of-the-first-rafale-multirole-combat-aircraft-in-france","status":"publish","type":"post","link":"https:\/\/www.morh.hr\/en\/official-handover-ceremony-of-the-first-rafale-multirole-combat-aircraft-in-france\/","title":{"rendered":"Official handover ceremony of the first Rafale multirole combat aircraft in France"},"content":{"rendered":"<p>The official handover ceremony of the first Rafale multirole combat aircraft, i.e. the transfer of ownership between the French Republic and the Republic of Croatia, will take place on Monday, October 2, 2023, in France.<\/p>\n<p>The ceremony at the French Air Force Base Mont-de-Marsan will be attended by Defence Minister Mario Bano\u017ei\u0107 together with the Head of the Office of the Prime Minister Zvonimir Frka-Pete\u0161i\u0107 and the Deputy Prime Minister and Minister of Croatian War Veterans Tom Medved and a delegation of the Croatian Armed Forces led by the Chief of the Croatian Armed Forces General Staff Admiral Robert Hranj.<\/p>\n<p>It is the first of the 12 Rafale aircraft, a twin-engine multirole combat aircraft of the 4.5+ generation of the French manufacturer Dassault Aviation, which the Republic of Croatia is acquiring from the French Republic for the needs of the Croatian Air Force and Air Defence.<\/p>\n<p>After the official reception ceremony of the Rafale aircraft in France, the Croatian pilots will fly to the Bordeaux Training Center, where further training will be conducted for employees of the aviation technical service and the Croatian Air Force pilots.<\/p>\n<p>For more information on the introduction into operational use of the Rafale multirole combat aircraft, please visit the following website: <a href=\"https:\/\/www.morh.hr\/avion-rafale-za-moderno-hrvatsko-ratno-zrakoplovstvo\/\">https:\/\/www.morh.hr\/avion-rafale-za-moderno-hrvatsko-ratno-zrakoplovstvo\/<\/a><\/p>\n","protected":false},"excerpt":{"rendered":"<p>Defence Minister Mario Bano\u017ei\u0107 and delegations of the Croatian Government and the Croatian Armed Forces will attend the official handover ceremony at the French Air Force Base Mont-de-Marsan<\/p>\n","protected":false},"author":4699,"featured_media":104442,"comment_status":"closed","ping_status":"closed","sticky":false,"template":"","format":"standard","meta":{"_acf_changed":false,"_monsterinsights_skip_tracking":false,"_monsterinsights_sitenote_active":false,"_monsterinsights_sitenote_note":"","_monsterinsights_sitenote_category":0,"footnotes":""},"categories":[129],"tags":[],"class_list":["post-223790","post","type-post","status-publish","format-standard","has-post-thumbnail","hentry","category-announcements"],"acf":[],"yoast_head":"<!-- This site is optimized with the Yoast SEO plugin v26.9 - https:\/\/yoast.com\/product\/yoast-seo-wordpress\/ -->\n<title>Official handover ceremony of the first Rafale multirole combat aircraft in France - MORH<\/title>\n<meta name=\"description\" content=\"Defence Minister Mario Bano\u017ei\u0107 and delegations of the Croatian Government and the Croatian Armed Forces will attend the official handover ceremony at the French Air Force Base Mont-de-Marsan\" \/>\n<meta name=\"robots\" content=\"index, follow, max-snippet:-1, max-image-preview:large, max-video-preview:-1\" \/>\n<link rel=\"canonical\" href=\"https:\/\/www.morh.hr\/en\/official-handover-ceremony-of-the-first-rafale-multirole-combat-aircraft-in-france\/\" \/>\n<meta property=\"og:locale\" content=\"en_US\" \/>\n<meta property=\"og:type\" content=\"article\" \/>\n<meta property=\"og:title\" content=\"Official handover ceremony of the first Rafale multirole combat aircraft in France - MORH\" \/>\n<meta property=\"og:description\" content=\"Defence Minister Mario Bano\u017ei\u0107 and delegations of the Croatian Government and the Croatian Armed Forces will attend the official handover ceremony at the French Air Force Base Mont-de-Marsan\" \/>\n<meta property=\"og:url\" content=\"https:\/\/www.morh.hr\/en\/official-handover-ceremony-of-the-first-rafale-multirole-combat-aircraft-in-france\/\" \/>\n<meta property=\"og:site_name\" content=\"MORH\" \/>\n<meta property=\"article:publisher\" content=\"https:\/\/www.facebook.com\/sportasiuhrvatskojvojsci\/\" \/>\n<meta property=\"article:published_time\" content=\"2023-10-02T13:36:09+00:00\" \/>\n<meta property=\"article:modified_time\" content=\"2023-10-26T12:04:24+00:00\" \/>\n<meta property=\"og:image\" content=\"https:\/\/www.morh.hr\/wp-content\/uploads\/2019\/07\/morh.jpg\" \/>\n\t<meta property=\"og:image:width\" content=\"1200\" \/>\n\t<meta property=\"og:image:height\" content=\"711\" \/>\n\t<meta property=\"og:image:type\" content=\"image\/jpeg\" \/>\n<meta name=\"author\" content=\"Mladen\" \/>\n<meta name=\"twitter:card\" content=\"summary_large_image\" \/>\n<meta name=\"twitter:creator\" content=\"@morh_osrh\" \/>\n<meta name=\"twitter:site\" content=\"@morh_osrh\" \/>\n<meta name=\"twitter:label1\" content=\"Written by\" \/>\n\t<meta name=\"twitter:data1\" content=\"Mladen\" \/>\n\t<meta name=\"twitter:label2\" content=\"Est. reading time\" \/>\n\t<meta name=\"twitter:data2\" content=\"2 minutes\" \/>\n<script type=\"application\/ld+json\" class=\"yoast-schema-graph\">{\"@context\":\"https:\/\/schema.org\",\"@graph\":[{\"@type\":\"Article\",\"@id\":\"https:\/\/www.morh.hr\/en\/official-handover-ceremony-of-the-first-rafale-multirole-combat-aircraft-in-france\/#article\",\"isPartOf\":{\"@id\":\"https:\/\/www.morh.hr\/en\/official-handover-ceremony-of-the-first-rafale-multirole-combat-aircraft-in-france\/\"},\"author\":{\"name\":\"Mladen\",\"@id\":\"https:\/\/www.morh.hr\/en\/#\/schema\/person\/ec8e2528a579067d8bda0ae2124ac768\"},\"headline\":\"Official handover ceremony of the first Rafale multirole combat aircraft in France\",\"datePublished\":\"2023-10-02T13:36:09+00:00\",\"dateModified\":\"2023-10-26T12:04:24+00:00\",\"mainEntityOfPage\":{\"@id\":\"https:\/\/www.morh.hr\/en\/official-handover-ceremony-of-the-first-rafale-multirole-combat-aircraft-in-france\/\"},\"wordCount\":222,\"image\":{\"@id\":\"https:\/\/www.morh.hr\/en\/official-handover-ceremony-of-the-first-rafale-multirole-combat-aircraft-in-france\/#primaryimage\"},\"thumbnailUrl\":\"https:\/\/www.morh.hr\/wp-content\/uploads\/2019\/07\/morh.jpg\",\"articleSection\":[\"Announcements\"],\"inLanguage\":\"en-US\"},{\"@type\":\"WebPage\",\"@id\":\"https:\/\/www.morh.hr\/en\/official-handover-ceremony-of-the-first-rafale-multirole-combat-aircraft-in-france\/\",\"url\":\"https:\/\/www.morh.hr\/en\/official-handover-ceremony-of-the-first-rafale-multirole-combat-aircraft-in-france\/\",\"name\":\"Official handover ceremony of the first Rafale multirole combat aircraft in France - MORH\",\"isPartOf\":{\"@id\":\"https:\/\/www.morh.hr\/en\/#website\"},\"primaryImageOfPage\":{\"@id\":\"https:\/\/www.morh.hr\/en\/official-handover-ceremony-of-the-first-rafale-multirole-combat-aircraft-in-france\/#primaryimage\"},\"image\":{\"@id\":\"https:\/\/www.morh.hr\/en\/official-handover-ceremony-of-the-first-rafale-multirole-combat-aircraft-in-france\/#primaryimage\"},\"thumbnailUrl\":\"https:\/\/www.morh.hr\/wp-content\/uploads\/2019\/07\/morh.jpg\",\"datePublished\":\"2023-10-02T13:36:09+00:00\",\"dateModified\":\"2023-10-26T12:04:24+00:00\",\"author\":{\"@id\":\"https:\/\/www.morh.hr\/en\/#\/schema\/person\/ec8e2528a579067d8bda0ae2124ac768\"},\"description\":\"Defence Minister Mario Bano\u017ei\u0107 and delegations of the Croatian Government and the Croatian Armed Forces will attend the official handover ceremony at the French Air Force Base Mont-de-Marsan\",\"breadcrumb\":{\"@id\":\"https:\/\/www.morh.hr\/en\/official-handover-ceremony-of-the-first-rafale-multirole-combat-aircraft-in-france\/#breadcrumb\"},\"inLanguage\":\"en-US\",\"potentialAction\":[{\"@type\":\"ReadAction\",\"target\":[\"https:\/\/www.morh.hr\/en\/official-handover-ceremony-of-the-first-rafale-multirole-combat-aircraft-in-france\/\"]}]},{\"@type\":\"ImageObject\",\"inLanguage\":\"en-US\",\"@id\":\"https:\/\/www.morh.hr\/en\/official-handover-ceremony-of-the-first-rafale-multirole-combat-aircraft-in-france\/#primaryimage\",\"url\":\"https:\/\/www.morh.hr\/wp-content\/uploads\/2019\/07\/morh.jpg\",\"contentUrl\":\"https:\/\/www.morh.hr\/wp-content\/uploads\/2019\/07\/morh.jpg\",\"width\":1200,\"height\":711,\"caption\":\"Ministarstvo obrane RH\"},{\"@type\":\"BreadcrumbList\",\"@id\":\"https:\/\/www.morh.hr\/en\/official-handover-ceremony-of-the-first-rafale-multirole-combat-aircraft-in-france\/#breadcrumb\",\"itemListElement\":[{\"@type\":\"ListItem\",\"position\":1,\"name\":\"Naslovnica\",\"item\":\"https:\/\/www.morh.hr\/en\/\"},{\"@type\":\"ListItem\",\"position\":2,\"name\":\"News\",\"item\":\"https:\/\/www.morh.hr\/en\/kategorija\/news\/\"},{\"@type\":\"ListItem\",\"position\":3,\"name\":\"Announcements\",\"item\":\"https:\/\/www.morh.hr\/en\/kategorija\/news\/announcements\/\"},{\"@type\":\"ListItem\",\"position\":4,\"name\":\"Official handover ceremony of the first Rafale multirole combat aircraft in France\"}]},{\"@type\":\"WebSite\",\"@id\":\"https:\/\/www.morh.hr\/en\/#website\",\"url\":\"https:\/\/www.morh.hr\/en\/\",\"name\":\"MORH\",\"description\":\"Ministarstvo obrane Republike Hrvatske - slu\u017ebene stranice\",\"potentialAction\":[{\"@type\":\"SearchAction\",\"target\":{\"@type\":\"EntryPoint\",\"urlTemplate\":\"https:\/\/www.morh.hr\/en\/?s={search_term_string}\"},\"query-input\":{\"@type\":\"PropertyValueSpecification\",\"valueRequired\":true,\"valueName\":\"search_term_string\"}}],\"inLanguage\":\"en-US\"},{\"@type\":\"Person\",\"@id\":\"https:\/\/www.morh.hr\/en\/#\/schema\/person\/ec8e2528a579067d8bda0ae2124ac768\",\"name\":\"Mladen\",\"image\":{\"@type\":\"ImageObject\",\"inLanguage\":\"en-US\",\"@id\":\"https:\/\/www.morh.hr\/en\/#\/schema\/person\/image\/\",\"url\":\"https:\/\/secure.gravatar.com\/avatar\/3d5ea7ca0d0a523cf2ec98548db52f920a5f6bbfd2c1aa63d237c2f445528cf7?s=96&d=mm&r=g\",\"contentUrl\":\"https:\/\/secure.gravatar.com\/avatar\/3d5ea7ca0d0a523cf2ec98548db52f920a5f6bbfd2c1aa63d237c2f445528cf7?s=96&d=mm&r=g\",\"caption\":\"Mladen\"}}]}<\/script>\n<!-- \/ Yoast SEO plugin. -->","yoast_head_json":{"title":"Official handover ceremony of the first Rafale multirole combat aircraft in France - MORH","description":"Defence Minister Mario Bano\u017ei\u0107 and delegations of the Croatian Government and the Croatian Armed Forces will attend the official handover ceremony at the French Air Force Base Mont-de-Marsan","robots":{"index":"index","follow":"follow","max-snippet":"max-snippet:-1","max-image-preview":"max-image-preview:large","max-video-preview":"max-video-preview:-1"},"canonical":"https:\/\/www.morh.hr\/en\/official-handover-ceremony-of-the-first-rafale-multirole-combat-aircraft-in-france\/","og_locale":"en_US","og_type":"article","og_title":"Official handover ceremony of the first Rafale multirole combat aircraft in France - MORH","og_description":"Defence Minister Mario Bano\u017ei\u0107 and delegations of the Croatian Government and the Croatian Armed Forces will attend the official handover ceremony at the French Air Force Base Mont-de-Marsan","og_url":"https:\/\/www.morh.hr\/en\/official-handover-ceremony-of-the-first-rafale-multirole-combat-aircraft-in-france\/","og_site_name":"MORH","article_publisher":"https:\/\/www.facebook.com\/sportasiuhrvatskojvojsci\/","article_published_time":"2023-10-02T13:36:09+00:00","article_modified_time":"2023-10-26T12:04:24+00:00","og_image":[{"width":1200,"height":711,"url":"https:\/\/www.morh.hr\/wp-content\/uploads\/2019\/07\/morh.jpg","type":"image\/jpeg"}],"author":"Mladen","twitter_card":"summary_large_image","twitter_creator":"@morh_osrh","twitter_site":"@morh_osrh","twitter_misc":{"Written by":"Mladen","Est. reading time":"2 minutes"},"schema":{"@context":"https:\/\/schema.org","@graph":[{"@type":"Article","@id":"https:\/\/www.morh.hr\/en\/official-handover-ceremony-of-the-first-rafale-multirole-combat-aircraft-in-france\/#article","isPartOf":{"@id":"https:\/\/www.morh.hr\/en\/official-handover-ceremony-of-the-first-rafale-multirole-combat-aircraft-in-france\/"},"author":{"name":"Mladen","@id":"https:\/\/www.morh.hr\/en\/#\/schema\/person\/ec8e2528a579067d8bda0ae2124ac768"},"headline":"Official handover ceremony of the first Rafale multirole combat aircraft in France","datePublished":"2023-10-02T13:36:09+00:00","dateModified":"2023-10-26T12:04:24+00:00","mainEntityOfPage":{"@id":"https:\/\/www.morh.hr\/en\/official-handover-ceremony-of-the-first-rafale-multirole-combat-aircraft-in-france\/"},"wordCount":222,"image":{"@id":"https:\/\/www.morh.hr\/en\/official-handover-ceremony-of-the-first-rafale-multirole-combat-aircraft-in-france\/#primaryimage"},"thumbnailUrl":"https:\/\/www.morh.hr\/wp-content\/uploads\/2019\/07\/morh.jpg","articleSection":["Announcements"],"inLanguage":"en-US"},{"@type":"WebPage","@id":"https:\/\/www.morh.hr\/en\/official-handover-ceremony-of-the-first-rafale-multirole-combat-aircraft-in-france\/","url":"https:\/\/www.morh.hr\/en\/official-handover-ceremony-of-the-first-rafale-multirole-combat-aircraft-in-france\/","name":"Official handover ceremony of the first Rafale multirole combat aircraft in France - MORH","isPartOf":{"@id":"https:\/\/www.morh.hr\/en\/#website"},"primaryImageOfPage":{"@id":"https:\/\/www.morh.hr\/en\/official-handover-ceremony-of-the-first-rafale-multirole-combat-aircraft-in-france\/#primaryimage"},"image":{"@id":"https:\/\/www.morh.hr\/en\/official-handover-ceremony-of-the-first-rafale-multirole-combat-aircraft-in-france\/#primaryimage"},"thumbnailUrl":"https:\/\/www.morh.hr\/wp-content\/uploads\/2019\/07\/morh.jpg","datePublished":"2023-10-02T13:36:09+00:00","dateModified":"2023-10-26T12:04:24+00:00","author":{"@id":"https:\/\/www.morh.hr\/en\/#\/schema\/person\/ec8e2528a579067d8bda0ae2124ac768"},"description":"Defence Minister Mario Bano\u017ei\u0107 and delegations of the Croatian Government and the Croatian Armed Forces will attend the official handover ceremony at the French Air Force Base Mont-de-Marsan","breadcrumb":{"@id":"https:\/\/www.morh.hr\/en\/official-handover-ceremony-of-the-first-rafale-multirole-combat-aircraft-in-france\/#breadcrumb"},"inLanguage":"en-US","potentialAction":[{"@type":"ReadAction","target":["https:\/\/www.morh.hr\/en\/official-handover-ceremony-of-the-first-rafale-multirole-combat-aircraft-in-france\/"]}]},{"@type":"ImageObject","inLanguage":"en-US","@id":"https:\/\/www.morh.hr\/en\/official-handover-ceremony-of-the-first-rafale-multirole-combat-aircraft-in-france\/#primaryimage","url":"https:\/\/www.morh.hr\/wp-content\/uploads\/2019\/07\/morh.jpg","contentUrl":"https:\/\/www.morh.hr\/wp-content\/uploads\/2019\/07\/morh.jpg","width":1200,"height":711,"caption":"Ministarstvo obrane RH"},{"@type":"BreadcrumbList","@id":"https:\/\/www.morh.hr\/en\/official-handover-ceremony-of-the-first-rafale-multirole-combat-aircraft-in-france\/#breadcrumb","itemListElement":[{"@type":"ListItem","position":1,"name":"Naslovnica","item":"https:\/\/www.morh.hr\/en\/"},{"@type":"ListItem","position":2,"name":"News","item":"https:\/\/www.morh.hr\/en\/kategorija\/news\/"},{"@type":"ListItem","position":3,"name":"Announcements","item":"https:\/\/www.morh.hr\/en\/kategorija\/news\/announcements\/"},{"@type":"ListItem","position":4,"name":"Official handover ceremony of the first Rafale multirole combat aircraft in France"}]},{"@type":"WebSite","@id":"https:\/\/www.morh.hr\/en\/#website","url":"https:\/\/www.morh.hr\/en\/","name":"MORH","description":"Ministarstvo obrane Republike Hrvatske - slu\u017ebene stranice","potentialAction":[{"@type":"SearchAction","target":{"@type":"EntryPoint","urlTemplate":"https:\/\/www.morh.hr\/en\/?s={search_term_string}"},"query-input":{"@type":"PropertyValueSpecification","valueRequired":true,"valueName":"search_term_string"}}],"inLanguage":"en-US"},{"@type":"Person","@id":"https:\/\/www.morh.hr\/en\/#\/schema\/person\/ec8e2528a579067d8bda0ae2124ac768","name":"Mladen","image":{"@type":"ImageObject","inLanguage":"en-US","@id":"https:\/\/www.morh.hr\/en\/#\/schema\/person\/image\/","url":"https:\/\/secure.gravatar.com\/avatar\/3d5ea7ca0d0a523cf2ec98548db52f920a5f6bbfd2c1aa63d237c2f445528cf7?s=96&d=mm&r=g","contentUrl":"https:\/\/secure.gravatar.com\/avatar\/3d5ea7ca0d0a523cf2ec98548db52f920a5f6bbfd2c1aa63d237c2f445528cf7?s=96&d=mm&r=g","caption":"Mladen"}}]}},"_links":{"self":[{"href":"https:\/\/www.morh.hr\/en\/wp-json\/wp\/v2\/posts\/223790","targetHints":{"allow":["GET"]}}],"collection":[{"href":"https:\/\/www.morh.hr\/en\/wp-json\/wp\/v2\/posts"}],"about":[{"href":"https:\/\/www.morh.hr\/en\/wp-json\/wp\/v2\/types\/post"}],"author":[{"embeddable":true,"href":"https:\/\/www.morh.hr\/en\/wp-json\/wp\/v2\/users\/4699"}],"replies":[{"embeddable":true,"href":"https:\/\/www.morh.hr\/en\/wp-json\/wp\/v2\/comments?post=223790"}],"version-history":[{"count":0,"href":"https:\/\/www.morh.hr\/en\/wp-json\/wp\/v2\/posts\/223790\/revisions"}],"wp:featuredmedia":[{"embeddable":true,"href":"https:\/\/www.morh.hr\/en\/wp-json\/wp\/v2\/media\/104442"}],"wp:attachment":[{"href":"https:\/\/www.morh.hr\/en\/wp-json\/wp\/v2\/media?parent=223790"}],"wp:term":[{"taxonomy":"category","embeddable":true,"href":"https:\/\/www.morh.hr\/en\/wp-json\/wp\/v2\/categories?post=223790"},{"taxonomy":"post_tag","embeddable":true,"href":"https:\/\/www.morh.hr\/en\/wp-json\/wp\/v2\/tags?post=223790"}],"curies":[{"name":"wp","href":"https:\/\/api.w.org\/{rel}","templated":true}]}}