{"id":225077,"date":"2023-10-20T13:29:26","date_gmt":"2023-10-20T11:29:26","guid":{"rendered":"https:\/\/www.morh.hr\/?p=225077"},"modified":"2024-01-03T08:43:08","modified_gmt":"2024-01-03T07:43:08","slug":"minister-banozic-pays-visit-to-the-us-state-department","status":"publish","type":"post","link":"https:\/\/www.morh.hr\/en\/minister-banozic-pays-visit-to-the-us-state-department\/","title":{"rendered":"Minister Bano\u017ei\u0107 pays visit to the US State Department"},"content":{"rendered":"<p>On Thursday, October 19, 2023, the last day of his official visit to the United States, Defense Minister Mario Bano\u017ei\u0107 met at the US State Department in Washington with Mira Resnick, a representative of the State Department Bureau of Political-Military Affairs.<\/p>\n<p>At the meeting, it was emphasized that Croatia has been a strong and reliable partner to the United States. Minister Bano\u017ei\u0107 pointed out that he is certain that cooperation and partnership will become stronger and tighter in the future, thanks to what was achieved during the official visit to the United States.<\/p>\n<p>In the context of the Agreement on the Application of the Leahy Law, which was signed during a visit to the US State Department, Minister Bano\u017ei\u0107 pointed out: &#8220;After signing the Framework for Defense Cooperation with Secretary Austin, the Agreement on the Application of the Leahy Rule was also signed with Erica Barclay. This agreement ensures that respect and protection of fundamental human rights are a basic condition for providing US assistance. This also facilitates further cooperation in the field of equipping and modernization of the Croatian Armed Forces through various US programs with the aim of further improving bilateral relations with our most important strategic partner,&#8221; Bano\u017ei\u0107 said emphasizing that the United States are Croatia\u2019s most important strategic partner in the field of defense and security.<\/p>\n<p>&#8220;It is obvious that the Croatian Armed Forces are recognized as a pillar of stability in Southeast Europe and that the United States rely to a large extent on the capabilities of the CAF when it comes to preserving peace in this part of Europe,&#8221; Minister Bano\u017ei\u0107 said.<\/p>\n<p>At the end of his official visit to the United States, Defense Minister concluded that new significant investment and equipment projects are ahead of the Croatian Armed Forces, and that from the time of the Homeland War until today, Croatia and the Croatian Armed Forces as an inseparable part of our national identity have earned an international reputation and respect. \u201cIn this context, we are continuing the positive growth trend of the defense budget. This is also evident from the fact that the 2024 budget has been increased by more than 60 million euros in comparison with 2023. In this way, we have enabled further work on the development of the capabilities required to deal with conventional and non-conventional threats,\u201d Bano\u017ei\u0107 said.<\/p>\n<p>&#8220;Everything we do, we do for the peace and security of generations to come. We are proud of everything we achieved as a country in the last 30 years and we feel deep gratitude to the Croatian war veterans, whose vision was not only a free and independent state of Croatia, but a modern and powerful military force &#8211; the Croatian Armed Forces,&#8221; he said.<\/p>\n<div class=\"morh-galleria\"><a href=\"https:\/\/live.staticflickr.com\/65535\/53271959340_fec6ca0853_h.jpg\" title=\"Ministar Bano\u017ei\u0107 u Ministarstvu vanjskih poslova SAD-a\"><img decoding=\"async\" data-title=\"Ministar Bano\u017ei\u0107 u Ministarstvu vanjskih poslova SAD-a\" data-description=\"Ministar obrane Mario Bano\u017ei\u0107 posljednjeg dana slu\u017ebenog posjeta Sjedinjenim Ameri\u010dkim Dr\u017eavama u \u010detvrtak 19. listopada 2023. sastao se u Ministarstvu vanjskih poslova SAD-a u Washingtonu s predstavnicom Ureda za politi\u010dko-vojna pitanja Mirom Resnick | Foto: MORH\/ F. Klen\" alt=\"Ministar Bano\u017ei\u0107 u Ministarstvu vanjskih poslova SAD-a\" src=\"https:\/\/live.staticflickr.com\/65535\/53271959340_fec6ca0853_h.jpg\" data-layer=\"&lt;div class=&#039;morh-gallery-image-download&#039;&gt;&lt;a href=&#039;https:\/\/live.staticflickr.com\/65535\/53271959340_4707030738_o.jpg&#039; target=&#039;_blank&#039;&gt;Slika za preuzimanje&lt;\/a&gt;&lt;\/div&gt;\" \/><\/a><a href=\"https:\/\/live.staticflickr.com\/65535\/53271846909_3886d20684_h.jpg\" title=\"Ministar Bano\u017ei\u0107 u Ministarstvu vanjskih poslova SAD-a\"><img decoding=\"async\" data-title=\"Ministar Bano\u017ei\u0107 u Ministarstvu vanjskih poslova SAD-a\" data-description=\"Ministar obrane Mario Bano\u017ei\u0107 posljednjeg dana slu\u017ebenog posjeta Sjedinjenim Ameri\u010dkim Dr\u017eavama u \u010detvrtak 19. listopada 2023. sastao se u Ministarstvu vanjskih poslova SAD-a u Washingtonu s predstavnicom Ureda za politi\u010dko-vojna pitanja Mirom Resnick | Foto: MORH\/ F. Klen\" alt=\"Ministar Bano\u017ei\u0107 u Ministarstvu vanjskih poslova SAD-a\" src=\"https:\/\/live.staticflickr.com\/65535\/53271846909_3886d20684_h.jpg\" data-layer=\"&lt;div class=&#039;morh-gallery-image-download&#039;&gt;&lt;a href=&#039;https:\/\/live.staticflickr.com\/65535\/53271846909_0a2de339fe_o.jpg&#039; target=&#039;_blank&#039;&gt;Slika za preuzimanje&lt;\/a&gt;&lt;\/div&gt;\" \/><\/a><a href=\"https:\/\/live.staticflickr.com\/65535\/53270599092_50c8edbd4f_h.jpg\" title=\"Ministar Bano\u017ei\u0107 u Ministarstvu vanjskih poslova SAD-a\"><img decoding=\"async\" data-title=\"Ministar Bano\u017ei\u0107 u Ministarstvu vanjskih poslova SAD-a\" data-description=\"Ministar obrane Mario Bano\u017ei\u0107 posljednjeg dana slu\u017ebenog posjeta Sjedinjenim Ameri\u010dkim Dr\u017eavama u \u010detvrtak 19. listopada 2023. sastao se u Ministarstvu vanjskih poslova SAD-a u Washingtonu s predstavnicom Ureda za politi\u010dko-vojna pitanja Mirom Resnick | Foto: MORH\/ F. Klen\" alt=\"Ministar Bano\u017ei\u0107 u Ministarstvu vanjskih poslova SAD-a\" src=\"https:\/\/live.staticflickr.com\/65535\/53270599092_50c8edbd4f_h.jpg\" data-layer=\"&lt;div class=&#039;morh-gallery-image-download&#039;&gt;&lt;a href=&#039;https:\/\/live.staticflickr.com\/65535\/53270599092_f04fd8209c_o.jpg&#039; target=&#039;_blank&#039;&gt;Slika za preuzimanje&lt;\/a&gt;&lt;\/div&gt;\" \/><\/a><a href=\"https:\/\/live.staticflickr.com\/65535\/53271959320_d1a74d7392_h.jpg\" title=\"Ministar Bano\u017ei\u0107 u Ministarstvu vanjskih poslova SAD-a\"><img decoding=\"async\" data-title=\"Ministar Bano\u017ei\u0107 u Ministarstvu vanjskih poslova SAD-a\" data-description=\"Ministar obrane Mario Bano\u017ei\u0107 posljednjeg dana slu\u017ebenog posjeta Sjedinjenim Ameri\u010dkim Dr\u017eavama u \u010detvrtak 19. listopada 2023. sastao se u Ministarstvu vanjskih poslova SAD-a u Washingtonu s predstavnicom Ureda za politi\u010dko-vojna pitanja Mirom Resnick | Foto: MORH\/ F. Klen\" alt=\"Ministar Bano\u017ei\u0107 u Ministarstvu vanjskih poslova SAD-a\" src=\"https:\/\/live.staticflickr.com\/65535\/53271959320_d1a74d7392_h.jpg\" data-layer=\"&lt;div class=&#039;morh-gallery-image-download&#039;&gt;&lt;a href=&#039;https:\/\/live.staticflickr.com\/65535\/53271959320_2aef4e804d_o.jpg&#039; target=&#039;_blank&#039;&gt;Slika za preuzimanje&lt;\/a&gt;&lt;\/div&gt;\" \/><\/a><a href=\"https:\/\/live.staticflickr.com\/65535\/53271846889_35f60a9e6e_h.jpg\" title=\"Ministar Bano\u017ei\u0107 u Ministarstvu vanjskih poslova SAD-a\"><img decoding=\"async\" data-title=\"Ministar Bano\u017ei\u0107 u Ministarstvu vanjskih poslova SAD-a\" data-description=\"Ministar obrane Mario Bano\u017ei\u0107 posljednjeg dana slu\u017ebenog posjeta Sjedinjenim Ameri\u010dkim Dr\u017eavama u \u010detvrtak 19. listopada 2023. sastao se u Ministarstvu vanjskih poslova SAD-a u Washingtonu s predstavnicom Ureda za politi\u010dko-vojna pitanja Mirom Resnick | Foto: MORH\/ F. Klen\" alt=\"Ministar Bano\u017ei\u0107 u Ministarstvu vanjskih poslova SAD-a\" src=\"https:\/\/live.staticflickr.com\/65535\/53271846889_35f60a9e6e_h.jpg\" data-layer=\"&lt;div class=&#039;morh-gallery-image-download&#039;&gt;&lt;a href=&#039;https:\/\/live.staticflickr.com\/65535\/53271846889_e6f136500f_o.jpg&#039; target=&#039;_blank&#039;&gt;Slika za preuzimanje&lt;\/a&gt;&lt;\/div&gt;\" \/><\/a><a href=\"https:\/\/live.staticflickr.com\/65535\/53270599062_5ce4ccf57f_h.jpg\" title=\"Ministar Bano\u017ei\u0107 u Ministarstvu vanjskih poslova SAD-a\"><img decoding=\"async\" data-title=\"Ministar Bano\u017ei\u0107 u Ministarstvu vanjskih poslova SAD-a\" data-description=\"Ministar obrane Mario Bano\u017ei\u0107 posljednjeg dana slu\u017ebenog posjeta Sjedinjenim Ameri\u010dkim Dr\u017eavama u \u010detvrtak 19. listopada 2023. sastao se u Ministarstvu vanjskih poslova SAD-a u Washingtonu s predstavnicom Ureda za politi\u010dko-vojna pitanja Mirom Resnick | Foto: MORH\/ F. Klen\" alt=\"Ministar Bano\u017ei\u0107 u Ministarstvu vanjskih poslova SAD-a\" src=\"https:\/\/live.staticflickr.com\/65535\/53270599062_5ce4ccf57f_h.jpg\" data-layer=\"&lt;div class=&#039;morh-gallery-image-download&#039;&gt;&lt;a href=&#039;https:\/\/live.staticflickr.com\/65535\/53270599062_894a838d07_o.jpg&#039; target=&#039;_blank&#039;&gt;Slika za preuzimanje&lt;\/a&gt;&lt;\/div&gt;\" \/><\/a><a href=\"https:\/\/live.staticflickr.com\/65535\/53270599047_b32649bc3b_h.jpg\" title=\"Ministar Bano\u017ei\u0107 u Ministarstvu vanjskih poslova SAD-a\"><img decoding=\"async\" data-title=\"Ministar Bano\u017ei\u0107 u Ministarstvu vanjskih poslova SAD-a\" data-description=\"Ministar obrane Mario Bano\u017ei\u0107 posljednjeg dana slu\u017ebenog posjeta Sjedinjenim Ameri\u010dkim Dr\u017eavama u \u010detvrtak 19. listopada 2023. sastao se u Ministarstvu vanjskih poslova SAD-a u Washingtonu s predstavnicom Ureda za politi\u010dko-vojna pitanja Mirom Resnick | Foto: MORH\/ F. Klen\" alt=\"Ministar Bano\u017ei\u0107 u Ministarstvu vanjskih poslova SAD-a\" src=\"https:\/\/live.staticflickr.com\/65535\/53270599047_b32649bc3b_h.jpg\" data-layer=\"&lt;div class=&#039;morh-gallery-image-download&#039;&gt;&lt;a href=&#039;https:\/\/live.staticflickr.com\/65535\/53270599047_bec692795f_o.jpg&#039; target=&#039;_blank&#039;&gt;Slika za preuzimanje&lt;\/a&gt;&lt;\/div&gt;\" \/><\/a><\/div><!--\/.morh-galleria -->\n","protected":false},"excerpt":{"rendered":"<p>&#8220;I am certain that cooperation and partnership with the United States will become stronger and tighter in the future, thanks to what we achieved during this official visit,&#8221; Bano\u017ei\u0107 said.<\/p>\n","protected":false},"author":3,"featured_media":225103,"comment_status":"closed","ping_status":"closed","sticky":false,"template":"","format":"standard","meta":{"_acf_changed":false,"_monsterinsights_skip_tracking":false,"_monsterinsights_sitenote_active":false,"_monsterinsights_sitenote_note":"","_monsterinsights_sitenote_category":0,"footnotes":""},"categories":[117],"tags":[],"class_list":["post-225077","post","type-post","status-publish","format-standard","has-post-thumbnail","hentry","category-press-releases"],"acf":[],"yoast_head":"<!-- This site is optimized with the Yoast SEO plugin v26.9 - https:\/\/yoast.com\/product\/yoast-seo-wordpress\/ -->\n<title>Minister Bano\u017ei\u0107 pays visit to the US State Department - MORH<\/title>\n<meta name=\"description\" content=\"&quot;I am certain that cooperation and partnership with the United States will become stronger and tighter in the future, thanks to what we achieved during this official visit,&quot; Bano\u017ei\u0107 said.\" \/>\n<meta name=\"robots\" content=\"index, follow, max-snippet:-1, max-image-preview:large, max-video-preview:-1\" \/>\n<link rel=\"canonical\" href=\"https:\/\/www.morh.hr\/en\/minister-banozic-pays-visit-to-the-us-state-department\/\" \/>\n<meta property=\"og:locale\" content=\"en_US\" \/>\n<meta property=\"og:type\" content=\"article\" \/>\n<meta property=\"og:title\" content=\"Minister Bano\u017ei\u0107 pays visit to the US State Department - MORH\" \/>\n<meta property=\"og:description\" content=\"&quot;I am certain that cooperation and partnership with the United States will become stronger and tighter in the future, thanks to what we achieved during this official visit,&quot; Bano\u017ei\u0107 said.\" \/>\n<meta property=\"og:url\" content=\"https:\/\/www.morh.hr\/en\/minister-banozic-pays-visit-to-the-us-state-department\/\" \/>\n<meta property=\"og:site_name\" content=\"MORH\" \/>\n<meta property=\"article:publisher\" content=\"https:\/\/www.facebook.com\/sportasiuhrvatskojvojsci\/\" \/>\n<meta property=\"article:published_time\" content=\"2023-10-20T11:29:26+00:00\" \/>\n<meta property=\"article:modified_time\" content=\"2024-01-03T07:43:08+00:00\" \/>\n<meta property=\"og:image\" content=\"https:\/\/www.morh.hr\/wp-content\/uploads\/2023\/10\/2023-10-20-state-1-1.jpg\" \/>\n\t<meta property=\"og:image:width\" content=\"2400\" \/>\n\t<meta property=\"og:image:height\" content=\"1600\" \/>\n\t<meta property=\"og:image:type\" content=\"image\/jpeg\" \/>\n<meta name=\"author\" content=\"Drazen\" \/>\n<meta name=\"twitter:card\" content=\"summary_large_image\" \/>\n<meta name=\"twitter:creator\" content=\"@morh_osrh\" \/>\n<meta name=\"twitter:site\" content=\"@morh_osrh\" \/>\n<meta name=\"twitter:label1\" content=\"Written by\" \/>\n\t<meta name=\"twitter:data1\" content=\"Drazen\" \/>\n\t<meta name=\"twitter:label2\" content=\"Est. reading time\" \/>\n\t<meta name=\"twitter:data2\" content=\"3 minutes\" \/>\n<script type=\"application\/ld+json\" class=\"yoast-schema-graph\">{\"@context\":\"https:\/\/schema.org\",\"@graph\":[{\"@type\":\"Article\",\"@id\":\"https:\/\/www.morh.hr\/en\/minister-banozic-pays-visit-to-the-us-state-department\/#article\",\"isPartOf\":{\"@id\":\"https:\/\/www.morh.hr\/en\/minister-banozic-pays-visit-to-the-us-state-department\/\"},\"author\":{\"name\":\"Drazen\",\"@id\":\"https:\/\/www.morh.hr\/en\/#\/schema\/person\/2d72e03399043d9513ab6bec75f2ce27\"},\"headline\":\"Minister Bano\u017ei\u0107 pays visit to the US State Department\",\"datePublished\":\"2023-10-20T11:29:26+00:00\",\"dateModified\":\"2024-01-03T07:43:08+00:00\",\"mainEntityOfPage\":{\"@id\":\"https:\/\/www.morh.hr\/en\/minister-banozic-pays-visit-to-the-us-state-department\/\"},\"wordCount\":472,\"image\":{\"@id\":\"https:\/\/www.morh.hr\/en\/minister-banozic-pays-visit-to-the-us-state-department\/#primaryimage\"},\"thumbnailUrl\":\"https:\/\/www.morh.hr\/wp-content\/uploads\/2023\/10\/2023-10-20-state-1-1.jpg\",\"articleSection\":[\"Press releases\"],\"inLanguage\":\"en-US\"},{\"@type\":\"WebPage\",\"@id\":\"https:\/\/www.morh.hr\/en\/minister-banozic-pays-visit-to-the-us-state-department\/\",\"url\":\"https:\/\/www.morh.hr\/en\/minister-banozic-pays-visit-to-the-us-state-department\/\",\"name\":\"Minister Bano\u017ei\u0107 pays visit to the US State Department - MORH\",\"isPartOf\":{\"@id\":\"https:\/\/www.morh.hr\/en\/#website\"},\"primaryImageOfPage\":{\"@id\":\"https:\/\/www.morh.hr\/en\/minister-banozic-pays-visit-to-the-us-state-department\/#primaryimage\"},\"image\":{\"@id\":\"https:\/\/www.morh.hr\/en\/minister-banozic-pays-visit-to-the-us-state-department\/#primaryimage\"},\"thumbnailUrl\":\"https:\/\/www.morh.hr\/wp-content\/uploads\/2023\/10\/2023-10-20-state-1-1.jpg\",\"datePublished\":\"2023-10-20T11:29:26+00:00\",\"dateModified\":\"2024-01-03T07:43:08+00:00\",\"author\":{\"@id\":\"https:\/\/www.morh.hr\/en\/#\/schema\/person\/2d72e03399043d9513ab6bec75f2ce27\"},\"description\":\"\\\"I am certain that cooperation and partnership with the United States will become stronger and tighter in the future, thanks to what we achieved during this official visit,\\\" Bano\u017ei\u0107 said.\",\"breadcrumb\":{\"@id\":\"https:\/\/www.morh.hr\/en\/minister-banozic-pays-visit-to-the-us-state-department\/#breadcrumb\"},\"inLanguage\":\"en-US\",\"potentialAction\":[{\"@type\":\"ReadAction\",\"target\":[\"https:\/\/www.morh.hr\/en\/minister-banozic-pays-visit-to-the-us-state-department\/\"]}]},{\"@type\":\"ImageObject\",\"inLanguage\":\"en-US\",\"@id\":\"https:\/\/www.morh.hr\/en\/minister-banozic-pays-visit-to-the-us-state-department\/#primaryimage\",\"url\":\"https:\/\/www.morh.hr\/wp-content\/uploads\/2023\/10\/2023-10-20-state-1-1.jpg\",\"contentUrl\":\"https:\/\/www.morh.hr\/wp-content\/uploads\/2023\/10\/2023-10-20-state-1-1.jpg\",\"width\":2400,\"height\":1600,\"caption\":\"Minister Bano\u017ei\u0107 pays visit to the US State Department | Photo: MORH\/ F. Klen\"},{\"@type\":\"BreadcrumbList\",\"@id\":\"https:\/\/www.morh.hr\/en\/minister-banozic-pays-visit-to-the-us-state-department\/#breadcrumb\",\"itemListElement\":[{\"@type\":\"ListItem\",\"position\":1,\"name\":\"Naslovnica\",\"item\":\"https:\/\/www.morh.hr\/en\/\"},{\"@type\":\"ListItem\",\"position\":2,\"name\":\"News\",\"item\":\"https:\/\/www.morh.hr\/en\/kategorija\/news\/\"},{\"@type\":\"ListItem\",\"position\":3,\"name\":\"Press releases\",\"item\":\"https:\/\/www.morh.hr\/en\/kategorija\/news\/press-releases\/\"},{\"@type\":\"ListItem\",\"position\":4,\"name\":\"Minister Bano\u017ei\u0107 pays visit to the US State Department\"}]},{\"@type\":\"WebSite\",\"@id\":\"https:\/\/www.morh.hr\/en\/#website\",\"url\":\"https:\/\/www.morh.hr\/en\/\",\"name\":\"MORH\",\"description\":\"Ministarstvo obrane Republike Hrvatske - slu\u017ebene stranice\",\"potentialAction\":[{\"@type\":\"SearchAction\",\"target\":{\"@type\":\"EntryPoint\",\"urlTemplate\":\"https:\/\/www.morh.hr\/en\/?s={search_term_string}\"},\"query-input\":{\"@type\":\"PropertyValueSpecification\",\"valueRequired\":true,\"valueName\":\"search_term_string\"}}],\"inLanguage\":\"en-US\"},{\"@type\":\"Person\",\"@id\":\"https:\/\/www.morh.hr\/en\/#\/schema\/person\/2d72e03399043d9513ab6bec75f2ce27\",\"name\":\"Drazen\",\"image\":{\"@type\":\"ImageObject\",\"inLanguage\":\"en-US\",\"@id\":\"https:\/\/www.morh.hr\/en\/#\/schema\/person\/image\/\",\"url\":\"https:\/\/secure.gravatar.com\/avatar\/e36ef7e573425ae72988c73df868c1e87a656b0e005ca4fd7d30d2ba7e49c9cf?s=96&d=mm&r=g\",\"contentUrl\":\"https:\/\/secure.gravatar.com\/avatar\/e36ef7e573425ae72988c73df868c1e87a656b0e005ca4fd7d30d2ba7e49c9cf?s=96&d=mm&r=g\",\"caption\":\"Drazen\"}}]}<\/script>\n<!-- \/ Yoast SEO plugin. -->","yoast_head_json":{"title":"Minister Bano\u017ei\u0107 pays visit to the US State Department - MORH","description":"\"I am certain that cooperation and partnership with the United States will become stronger and tighter in the future, thanks to what we achieved during this official visit,\" Bano\u017ei\u0107 said.","robots":{"index":"index","follow":"follow","max-snippet":"max-snippet:-1","max-image-preview":"max-image-preview:large","max-video-preview":"max-video-preview:-1"},"canonical":"https:\/\/www.morh.hr\/en\/minister-banozic-pays-visit-to-the-us-state-department\/","og_locale":"en_US","og_type":"article","og_title":"Minister Bano\u017ei\u0107 pays visit to the US State Department - MORH","og_description":"\"I am certain that cooperation and partnership with the United States will become stronger and tighter in the future, thanks to what we achieved during this official visit,\" Bano\u017ei\u0107 said.","og_url":"https:\/\/www.morh.hr\/en\/minister-banozic-pays-visit-to-the-us-state-department\/","og_site_name":"MORH","article_publisher":"https:\/\/www.facebook.com\/sportasiuhrvatskojvojsci\/","article_published_time":"2023-10-20T11:29:26+00:00","article_modified_time":"2024-01-03T07:43:08+00:00","og_image":[{"width":2400,"height":1600,"url":"https:\/\/www.morh.hr\/wp-content\/uploads\/2023\/10\/2023-10-20-state-1-1.jpg","type":"image\/jpeg"}],"author":"Drazen","twitter_card":"summary_large_image","twitter_creator":"@morh_osrh","twitter_site":"@morh_osrh","twitter_misc":{"Written by":"Drazen","Est. reading time":"3 minutes"},"schema":{"@context":"https:\/\/schema.org","@graph":[{"@type":"Article","@id":"https:\/\/www.morh.hr\/en\/minister-banozic-pays-visit-to-the-us-state-department\/#article","isPartOf":{"@id":"https:\/\/www.morh.hr\/en\/minister-banozic-pays-visit-to-the-us-state-department\/"},"author":{"name":"Drazen","@id":"https:\/\/www.morh.hr\/en\/#\/schema\/person\/2d72e03399043d9513ab6bec75f2ce27"},"headline":"Minister Bano\u017ei\u0107 pays visit to the US State Department","datePublished":"2023-10-20T11:29:26+00:00","dateModified":"2024-01-03T07:43:08+00:00","mainEntityOfPage":{"@id":"https:\/\/www.morh.hr\/en\/minister-banozic-pays-visit-to-the-us-state-department\/"},"wordCount":472,"image":{"@id":"https:\/\/www.morh.hr\/en\/minister-banozic-pays-visit-to-the-us-state-department\/#primaryimage"},"thumbnailUrl":"https:\/\/www.morh.hr\/wp-content\/uploads\/2023\/10\/2023-10-20-state-1-1.jpg","articleSection":["Press releases"],"inLanguage":"en-US"},{"@type":"WebPage","@id":"https:\/\/www.morh.hr\/en\/minister-banozic-pays-visit-to-the-us-state-department\/","url":"https:\/\/www.morh.hr\/en\/minister-banozic-pays-visit-to-the-us-state-department\/","name":"Minister Bano\u017ei\u0107 pays visit to the US State Department - MORH","isPartOf":{"@id":"https:\/\/www.morh.hr\/en\/#website"},"primaryImageOfPage":{"@id":"https:\/\/www.morh.hr\/en\/minister-banozic-pays-visit-to-the-us-state-department\/#primaryimage"},"image":{"@id":"https:\/\/www.morh.hr\/en\/minister-banozic-pays-visit-to-the-us-state-department\/#primaryimage"},"thumbnailUrl":"https:\/\/www.morh.hr\/wp-content\/uploads\/2023\/10\/2023-10-20-state-1-1.jpg","datePublished":"2023-10-20T11:29:26+00:00","dateModified":"2024-01-03T07:43:08+00:00","author":{"@id":"https:\/\/www.morh.hr\/en\/#\/schema\/person\/2d72e03399043d9513ab6bec75f2ce27"},"description":"\"I am certain that cooperation and partnership with the United States will become stronger and tighter in the future, thanks to what we achieved during this official visit,\" Bano\u017ei\u0107 said.","breadcrumb":{"@id":"https:\/\/www.morh.hr\/en\/minister-banozic-pays-visit-to-the-us-state-department\/#breadcrumb"},"inLanguage":"en-US","potentialAction":[{"@type":"ReadAction","target":["https:\/\/www.morh.hr\/en\/minister-banozic-pays-visit-to-the-us-state-department\/"]}]},{"@type":"ImageObject","inLanguage":"en-US","@id":"https:\/\/www.morh.hr\/en\/minister-banozic-pays-visit-to-the-us-state-department\/#primaryimage","url":"https:\/\/www.morh.hr\/wp-content\/uploads\/2023\/10\/2023-10-20-state-1-1.jpg","contentUrl":"https:\/\/www.morh.hr\/wp-content\/uploads\/2023\/10\/2023-10-20-state-1-1.jpg","width":2400,"height":1600,"caption":"Minister Bano\u017ei\u0107 pays visit to the US State Department | Photo: MORH\/ F. Klen"},{"@type":"BreadcrumbList","@id":"https:\/\/www.morh.hr\/en\/minister-banozic-pays-visit-to-the-us-state-department\/#breadcrumb","itemListElement":[{"@type":"ListItem","position":1,"name":"Naslovnica","item":"https:\/\/www.morh.hr\/en\/"},{"@type":"ListItem","position":2,"name":"News","item":"https:\/\/www.morh.hr\/en\/kategorija\/news\/"},{"@type":"ListItem","position":3,"name":"Press releases","item":"https:\/\/www.morh.hr\/en\/kategorija\/news\/press-releases\/"},{"@type":"ListItem","position":4,"name":"Minister Bano\u017ei\u0107 pays visit to the US State Department"}]},{"@type":"WebSite","@id":"https:\/\/www.morh.hr\/en\/#website","url":"https:\/\/www.morh.hr\/en\/","name":"MORH","description":"Ministarstvo obrane Republike Hrvatske - slu\u017ebene stranice","potentialAction":[{"@type":"SearchAction","target":{"@type":"EntryPoint","urlTemplate":"https:\/\/www.morh.hr\/en\/?s={search_term_string}"},"query-input":{"@type":"PropertyValueSpecification","valueRequired":true,"valueName":"search_term_string"}}],"inLanguage":"en-US"},{"@type":"Person","@id":"https:\/\/www.morh.hr\/en\/#\/schema\/person\/2d72e03399043d9513ab6bec75f2ce27","name":"Drazen","image":{"@type":"ImageObject","inLanguage":"en-US","@id":"https:\/\/www.morh.hr\/en\/#\/schema\/person\/image\/","url":"https:\/\/secure.gravatar.com\/avatar\/e36ef7e573425ae72988c73df868c1e87a656b0e005ca4fd7d30d2ba7e49c9cf?s=96&d=mm&r=g","contentUrl":"https:\/\/secure.gravatar.com\/avatar\/e36ef7e573425ae72988c73df868c1e87a656b0e005ca4fd7d30d2ba7e49c9cf?s=96&d=mm&r=g","caption":"Drazen"}}]}},"_links":{"self":[{"href":"https:\/\/www.morh.hr\/en\/wp-json\/wp\/v2\/posts\/225077","targetHints":{"allow":["GET"]}}],"collection":[{"href":"https:\/\/www.morh.hr\/en\/wp-json\/wp\/v2\/posts"}],"about":[{"href":"https:\/\/www.morh.hr\/en\/wp-json\/wp\/v2\/types\/post"}],"author":[{"embeddable":true,"href":"https:\/\/www.morh.hr\/en\/wp-json\/wp\/v2\/users\/3"}],"replies":[{"embeddable":true,"href":"https:\/\/www.morh.hr\/en\/wp-json\/wp\/v2\/comments?post=225077"}],"version-history":[{"count":0,"href":"https:\/\/www.morh.hr\/en\/wp-json\/wp\/v2\/posts\/225077\/revisions"}],"wp:featuredmedia":[{"embeddable":true,"href":"https:\/\/www.morh.hr\/en\/wp-json\/wp\/v2\/media\/225103"}],"wp:attachment":[{"href":"https:\/\/www.morh.hr\/en\/wp-json\/wp\/v2\/media?parent=225077"}],"wp:term":[{"taxonomy":"category","embeddable":true,"href":"https:\/\/www.morh.hr\/en\/wp-json\/wp\/v2\/categories?post=225077"},{"taxonomy":"post_tag","embeddable":true,"href":"https:\/\/www.morh.hr\/en\/wp-json\/wp\/v2\/tags?post=225077"}],"curies":[{"name":"wp","href":"https:\/\/api.w.org\/{rel}","templated":true}]}}