{"id":226693,"date":"2023-11-20T15:34:04","date_gmt":"2023-11-20T14:34:04","guid":{"rendered":"https:\/\/www.morh.hr\/?p=226693"},"modified":"2026-01-07T15:00:10","modified_gmt":"2026-01-07T14:00:10","slug":"deputy-prime-minister-and-defence-minister-of-the-republic-of-croatia-ivan-anusic","status":"publish","type":"post","link":"https:\/\/www.morh.hr\/en\/deputy-prime-minister-and-defence-minister-of-the-republic-of-croatia-ivan-anusic\/","title":{"rendered":"Deputy Prime Minister and Defence Minister of the Republic of Croatia Ivan Anu\u0161i\u0107"},"content":{"rendered":"<p><a href=\"https:\/\/www.morh.hr\/wp-content\/uploads\/2024\/01\/2024-01-22-potpredsjednik-vlade-i-ministar-obrane-ivan-anusic.jpg\"><img loading=\"lazy\" decoding=\"async\" class=\"alignnone wp-image-229989 size-medium\" src=\"https:\/\/www.morh.hr\/wp-content\/uploads\/2024\/01\/2024-01-22-potpredsjednik-vlade-i-ministar-obrane-ivan-anusic-212x300.jpg\" alt=\"\" width=\"212\" height=\"300\" srcset=\"https:\/\/www.morh.hr\/wp-content\/uploads\/2024\/01\/2024-01-22-potpredsjednik-vlade-i-ministar-obrane-ivan-anusic-212x300.jpg 212w, https:\/\/www.morh.hr\/wp-content\/uploads\/2024\/01\/2024-01-22-potpredsjednik-vlade-i-ministar-obrane-ivan-anusic-724x1024.jpg 724w, https:\/\/www.morh.hr\/wp-content\/uploads\/2024\/01\/2024-01-22-potpredsjednik-vlade-i-ministar-obrane-ivan-anusic-768x1086.jpg 768w, https:\/\/www.morh.hr\/wp-content\/uploads\/2024\/01\/2024-01-22-potpredsjednik-vlade-i-ministar-obrane-ivan-anusic-1086x1536.jpg 1086w, https:\/\/www.morh.hr\/wp-content\/uploads\/2024\/01\/2024-01-22-potpredsjednik-vlade-i-ministar-obrane-ivan-anusic-1448x2048.jpg 1448w, https:\/\/www.morh.hr\/wp-content\/uploads\/2024\/01\/2024-01-22-potpredsjednik-vlade-i-ministar-obrane-ivan-anusic-scaled.jpg 1810w\" sizes=\"auto, (max-width: 212px) 100vw, 212px\" \/><\/a><\/p>\n<h3>Curriculum vitae<\/h3>\n<h3>Ivan Anu\u0161i\u0107<\/h3>\n<ul>\n<li>Born on October 13, 1973 in Osijek.<\/li>\n<li>Married and has four children.<\/li>\n<\/ul>\n<h3>Education<\/h3>\n<ul>\n<li>Graduated from the Faculty of Kinesiology in Zagreb<\/li>\n<\/ul>\n<h3>Career<\/h3>\n<ul>\n<li>2023 \u2013 Present: Deputy Prime Minister and Minister of Defence of the Republic of Croatia<\/li>\n<li>2017 \u2013 2023: Osijek-Baranja County Prefect<\/li>\n<li>2016 \u2013 2017: a member of the 9th term of the Croatian Parliament (War Veterans Committee Chairperson and a member of the Defence Committee)<\/li>\n<li>2015 \u2013 2016: a member of the 8th term of the Croatian Parliament (Deputy Chairperson of the National Council for Monitoring Anti-Corruption Strategy Implementation, also a member of the Agriculture Committee and the Committee on Regional Development and European Union Funds)<\/li>\n<li>2005 \u2013 2017: Mayor of the Municipality of Antunovac<\/li>\n<li>2002 \u2013 2005: a coach and president of the Kickboxing Club Antunovac<\/li>\n<li>1991 \u2013 2001: a voluntary member of the Homeland War; a member of the National Guard Corps, 106th and 130th Brigade; a member of the Special Police of the Ministry of the Interior, Military Police and the CAF 3rd Guard Brigade<\/li>\n<\/ul>\n<h3>Miscellaneous<\/h3>\n<ul>\n<li>At the age of 17, he left high school to join the voluntary units in March 1991. As a minor, he was a Homeland War volunteer and a member of the National Guard Corps, 106th Brigade in June 1991. During the Homeland War, he was a member of the National Guard Corps, 106th and 130th Brigade; a member of the Special Police of the Ministry of the Interior, Military Police and the CAF 3rd Guard Brigade. From 1991 to 1995 he was engaged in battlefields in Croatia, from Eastern Slavonia to the Dubrovnik region. In August 1992 he participated in the operation conducted to liberate the Dubrovnik hinterland led by General Janko Bobetko. He also participated in Operation Maslenica. In August 1993 he was engaged in battlefields in Bosnia and Herzegovina. As a member of the Special Police of the Ministry of the Interior, from 1993 to 1995 he participated in operations on the Velebit Mountain, including Operation Flash and other operations conducted to liberate the territory of Western Slavonia. He has received Homeland War Commemorative Decoration for his participation in military and police Operation Flash, as well as other commendations and awards.<\/li>\n<li>In 2011 he joined the political party called the Croatian Democratic Union and was elected president of the party&#8217;s County Committee in Osijek-Baranja County in March 2014. Two years later, he was unanimously elected to the same duty at the regular electoral assembly of the party&#8217;s County Committee in Osijek-Baranja County. In 2020 he was elected vice president of the Croatian Democratic Union.<\/li>\n<li>As a member of the Croatian Parliament, he started a series of initiatives, such as changes to statistical regions, amendments to the Water Act in relation to sand and gravel exploatation, changes to legislative rules regarding wood pulp allocation and other community beneficial initiatives.<\/li>\n<li>After he was elected the Osijek-Baranja County prefect in 2017, he submitted a request to suspend his term of office. In the first round of the 2021 local elections, he was elected the Osijek-Baranja County prefect again. A series of capital infrastructure projects were started and completed during his term as prefect of Osijek-Baranja County. He also placed a strong political emphasis on enhancing cooperation and support for Croatian people living abroad, particularly those in Vojvodina, Bosnia and Herzegovina, and Montenegro.<\/li>\n<li>During the tenth term of the Croatian Parliament, in 2020 he headed the party\u2019s slate in fourth constituency, in which the Croatian Democration Union won eight parliamentary mandates for the first time in party history.<\/li>\n<li>In November 2023, Ivan Anu\u0161i\u0107 was appointed by Prime Minister Andrej Plenkovi\u0107 as the new Deputy Prime Minister and Minister of Defence of the Republic of Croatia.<\/li>\n<li>During the 2024 parliamentary elections, he again headed the party&#8217;s slate in the 4th constituency and after the electoral win, continued his mandate as Deputy Prime Minister and Minister of Defence in the newly established government.<\/li>\n<\/ul>\n<h3>Former Ministers of Defence of Republic of Croatia<\/h3>\n<ol>\n<li><a href=\"https:\/\/www.morh.hr\/en\/zdravko-jakop-the-state-secretary-leading-the-ministry-of-defence\/\">Zdravko Jakop (November 11, 2023 \u2013 November 16, 2023)<\/a><\/li>\n<li><a href=\"https:\/\/www.morh.hr\/en\/ph-d-mario-banozic-defence-minister\/\">Mario Bano\u017ei\u0107 (July 23, 2020 \u2013 November 11, 2023)<\/a><\/li>\n<li><a href=\"https:\/\/www.morh.hr\/en\/tomislav-ivic-the-state-secretary-leading-the-ministry-of-defence\/\">Tomislav Ivi\u0107 (May 14, 2020 \u2013 July 24, 2020)<\/a><\/li>\n<li><a href=\"https:\/\/www.morh.hr\/en\/defence-minister-of-the-republic-of-croatia-damir-krsticevic\">Damir Krsti\u010devi\u0107 (October 20, 2016 \u2013 May 14, 2020)<\/a><\/li>\n<li><a href=\"https:\/\/www.morh.hr\/en\/minister-of-defence-josip-buljevic\/\" hreflang=\"en\">Josip Buljevi\u0107 (22 January 2016 \u2013 20 October 2016)<\/a><\/li>\n<li><a href=\"https:\/\/www.morh.hr\/en\/minister-of-defence-ante-kotromanovi\/\">Ante Kotromanovi\u0107 (23 December 2011 22 January 2016)<\/a><\/li>\n<li><a href=\"https:\/\/www.morh.hr\/en\/minister-of-defence-ph-d-davor-boinovi\/\">Davor Bozinovi\u0107 (29. December 2010 \u2013 23. December 2011)<\/a><\/li>\n<li><a href=\"https:\/\/www.morh.hr\/en\/minister-of-defence-branko-vukeli\/\">Branko Vukeli\u0107 (12 January 2008-29 December 2010)<\/a><\/li>\n<li><a href=\"https:\/\/www.morh.hr\/en\/berislav-roncevic-defence-minister\/\">Berislav Ron\u010devi\u0107 (December 23, 2003 \u2013 January 12, 2008)<\/a><\/li>\n<li><a href=\"https:\/\/www.morh.hr\/en\/zeljka-antunovic-defence-minister\/\">\u017deljka Antunovi\u0107 (July 30, 2002 \u2013 December 23, 2003)<\/a><\/li>\n<li><a href=\"https:\/\/www.morh.hr\/en\/jozo-rados-defence-minister\/\">Jozo Rado\u0161 (January 28, 2000 \u2013 July 30, 2002)<\/a><\/li>\n<li><a href=\"https:\/\/www.morh.hr\/en\/pavao-miljavac-defence-minister\/\">Pavao Miljavac (October 4, 1998 \u2013 January 27, 2000)<\/a><\/li>\n<li><a href=\"https:\/\/www.morh.hr\/en\/andrija-hebrang-defence-minister\/\">Andrija Hebrang (May 14, 1998 \u2013 October 12, 1998)<\/a><\/li>\n<li><a href=\"https:\/\/www.morh.hr\/en\/gojko-susak-defence-minister\/\">Gojko \u0160u\u0161ak (September 18, 1991 \u2013 May 3, 1998)<\/a><\/li>\n<li><a href=\"https:\/\/www.morh.hr\/en\/luka-bebic-defence-minister\/\">Luka Bebi\u0107 (July 31, 1991 \u2013 September 18, 1991)<\/a><\/li>\n<li><a href=\"https:\/\/www.morh.hr\/en\/sime-dodan-defence-minister\/\">\u0160ime \u0110odan (July 2, 1991 \u2013 July 31, 1991)<\/a><\/li>\n<li><a href=\"https:\/\/www.morh.hr\/en\/martin-spegelj-defence-minister\/\">Martin \u0160pegelj (August 24, 1990 \u2013 July 2, 1991)<\/a><\/li>\n<\/ol>\n<p>&nbsp;<\/p>\n","protected":false},"excerpt":{"rendered":"<p>Curriculum vitae Ivan Anu\u0161i\u0107 Born on October 13, 1973 in Osijek. Married and has four children. Education Graduated from the Faculty of Kinesiology in Zagreb Career 2023 \u2013 Present: Deputy Prime Minister and Minister of Defence of the Republic of Croatia 2017 \u2013 2023: Osijek-Baranja County Prefect 2016 \u2013 2017: a member of the 9th [&hellip;]<\/p>\n","protected":false},"author":3,"featured_media":253358,"comment_status":"closed","ping_status":"closed","sticky":false,"template":"","format":"standard","meta":{"_acf_changed":false,"_monsterinsights_skip_tracking":false,"_monsterinsights_sitenote_active":false,"_monsterinsights_sitenote_note":"","_monsterinsights_sitenote_category":0,"footnotes":""},"categories":[112],"tags":[],"class_list":["post-226693","post","type-post","status-publish","format-standard","has-post-thumbnail","hentry","category-minister"],"acf":[],"yoast_head":"<!-- This site is optimized with the Yoast SEO plugin v26.9 - https:\/\/yoast.com\/product\/yoast-seo-wordpress\/ -->\n<title>Deputy Prime Minister and Defence Minister of the Republic of Croatia Ivan Anu\u0161i\u0107 - MORH<\/title>\n<meta name=\"description\" content=\"Curriculum vitae Ivan Anu\u0161i\u0107 Born on October 13, 1973 in Osijek. Married and has four children. Education Graduated from the Faculty of Kinesiology in\" \/>\n<meta name=\"robots\" content=\"index, follow, max-snippet:-1, max-image-preview:large, max-video-preview:-1\" \/>\n<link rel=\"canonical\" href=\"https:\/\/www.morh.hr\/en\/deputy-prime-minister-and-defence-minister-of-the-republic-of-croatia-ivan-anusic\/\" \/>\n<meta property=\"og:locale\" content=\"en_US\" \/>\n<meta property=\"og:type\" content=\"article\" \/>\n<meta property=\"og:title\" content=\"Deputy Prime Minister and Defence Minister of the Republic of Croatia Ivan Anu\u0161i\u0107 - MORH\" \/>\n<meta property=\"og:description\" content=\"Curriculum vitae Ivan Anu\u0161i\u0107 Born on October 13, 1973 in Osijek. Married and has four children. Education Graduated from the Faculty of Kinesiology in\" \/>\n<meta property=\"og:url\" content=\"https:\/\/www.morh.hr\/en\/deputy-prime-minister-and-defence-minister-of-the-republic-of-croatia-ivan-anusic\/\" \/>\n<meta property=\"og:site_name\" content=\"MORH\" \/>\n<meta property=\"article:publisher\" content=\"https:\/\/www.facebook.com\/sportasiuhrvatskojvojsci\/\" \/>\n<meta property=\"article:published_time\" content=\"2023-11-20T14:34:04+00:00\" \/>\n<meta property=\"article:modified_time\" content=\"2026-01-07T14:00:10+00:00\" \/>\n<meta property=\"og:image\" content=\"https:\/\/www.morh.hr\/wp-content\/uploads\/2025\/04\/2024-01-22-potpredsjednik-vlade-i-ministar-obrane-ivan-anusic-2400x1600-1-1024x683.jpg\" \/>\n\t<meta property=\"og:image:width\" content=\"1024\" \/>\n\t<meta property=\"og:image:height\" content=\"683\" \/>\n\t<meta property=\"og:image:type\" content=\"image\/jpeg\" \/>\n<meta name=\"author\" content=\"Drazen\" \/>\n<meta name=\"twitter:card\" content=\"summary_large_image\" \/>\n<meta name=\"twitter:creator\" content=\"@morh_osrh\" \/>\n<meta name=\"twitter:site\" content=\"@morh_osrh\" \/>\n<meta name=\"twitter:label1\" content=\"Written by\" \/>\n\t<meta name=\"twitter:data1\" content=\"Drazen\" \/>\n\t<meta name=\"twitter:label2\" content=\"Est. reading time\" \/>\n\t<meta name=\"twitter:data2\" content=\"5 minutes\" \/>\n<script type=\"application\/ld+json\" class=\"yoast-schema-graph\">{\"@context\":\"https:\/\/schema.org\",\"@graph\":[{\"@type\":\"Article\",\"@id\":\"https:\/\/www.morh.hr\/en\/deputy-prime-minister-and-defence-minister-of-the-republic-of-croatia-ivan-anusic\/#article\",\"isPartOf\":{\"@id\":\"https:\/\/www.morh.hr\/en\/deputy-prime-minister-and-defence-minister-of-the-republic-of-croatia-ivan-anusic\/\"},\"author\":{\"name\":\"Drazen\",\"@id\":\"https:\/\/www.morh.hr\/en\/#\/schema\/person\/2d72e03399043d9513ab6bec75f2ce27\"},\"headline\":\"Deputy Prime Minister and Defence Minister of the Republic of Croatia Ivan Anu\u0161i\u0107\",\"datePublished\":\"2023-11-20T14:34:04+00:00\",\"dateModified\":\"2026-01-07T14:00:10+00:00\",\"mainEntityOfPage\":{\"@id\":\"https:\/\/www.morh.hr\/en\/deputy-prime-minister-and-defence-minister-of-the-republic-of-croatia-ivan-anusic\/\"},\"wordCount\":717,\"image\":{\"@id\":\"https:\/\/www.morh.hr\/en\/deputy-prime-minister-and-defence-minister-of-the-republic-of-croatia-ivan-anusic\/#primaryimage\"},\"thumbnailUrl\":\"https:\/\/www.morh.hr\/wp-content\/uploads\/2025\/04\/2024-01-22-potpredsjednik-vlade-i-ministar-obrane-ivan-anusic-2400x1600-1.jpg\",\"articleSection\":[\"Minister\"],\"inLanguage\":\"en-US\"},{\"@type\":\"WebPage\",\"@id\":\"https:\/\/www.morh.hr\/en\/deputy-prime-minister-and-defence-minister-of-the-republic-of-croatia-ivan-anusic\/\",\"url\":\"https:\/\/www.morh.hr\/en\/deputy-prime-minister-and-defence-minister-of-the-republic-of-croatia-ivan-anusic\/\",\"name\":\"Deputy Prime Minister and Defence Minister of the Republic of Croatia Ivan Anu\u0161i\u0107 - MORH\",\"isPartOf\":{\"@id\":\"https:\/\/www.morh.hr\/en\/#website\"},\"primaryImageOfPage\":{\"@id\":\"https:\/\/www.morh.hr\/en\/deputy-prime-minister-and-defence-minister-of-the-republic-of-croatia-ivan-anusic\/#primaryimage\"},\"image\":{\"@id\":\"https:\/\/www.morh.hr\/en\/deputy-prime-minister-and-defence-minister-of-the-republic-of-croatia-ivan-anusic\/#primaryimage\"},\"thumbnailUrl\":\"https:\/\/www.morh.hr\/wp-content\/uploads\/2025\/04\/2024-01-22-potpredsjednik-vlade-i-ministar-obrane-ivan-anusic-2400x1600-1.jpg\",\"datePublished\":\"2023-11-20T14:34:04+00:00\",\"dateModified\":\"2026-01-07T14:00:10+00:00\",\"author\":{\"@id\":\"https:\/\/www.morh.hr\/en\/#\/schema\/person\/2d72e03399043d9513ab6bec75f2ce27\"},\"description\":\"Curriculum vitae Ivan Anu\u0161i\u0107 Born on October 13, 1973 in Osijek. Married and has four children. Education Graduated from the Faculty of Kinesiology in\",\"breadcrumb\":{\"@id\":\"https:\/\/www.morh.hr\/en\/deputy-prime-minister-and-defence-minister-of-the-republic-of-croatia-ivan-anusic\/#breadcrumb\"},\"inLanguage\":\"en-US\",\"potentialAction\":[{\"@type\":\"ReadAction\",\"target\":[\"https:\/\/www.morh.hr\/en\/deputy-prime-minister-and-defence-minister-of-the-republic-of-croatia-ivan-anusic\/\"]}]},{\"@type\":\"ImageObject\",\"inLanguage\":\"en-US\",\"@id\":\"https:\/\/www.morh.hr\/en\/deputy-prime-minister-and-defence-minister-of-the-republic-of-croatia-ivan-anusic\/#primaryimage\",\"url\":\"https:\/\/www.morh.hr\/wp-content\/uploads\/2025\/04\/2024-01-22-potpredsjednik-vlade-i-ministar-obrane-ivan-anusic-2400x1600-1.jpg\",\"contentUrl\":\"https:\/\/www.morh.hr\/wp-content\/uploads\/2025\/04\/2024-01-22-potpredsjednik-vlade-i-ministar-obrane-ivan-anusic-2400x1600-1.jpg\",\"width\":2480,\"height\":1654},{\"@type\":\"BreadcrumbList\",\"@id\":\"https:\/\/www.morh.hr\/en\/deputy-prime-minister-and-defence-minister-of-the-republic-of-croatia-ivan-anusic\/#breadcrumb\",\"itemListElement\":[{\"@type\":\"ListItem\",\"position\":1,\"name\":\"Naslovnica\",\"item\":\"https:\/\/www.morh.hr\/en\/\"},{\"@type\":\"ListItem\",\"position\":2,\"name\":\"About us\",\"item\":\"https:\/\/www.morh.hr\/en\/kategorija\/about-us\/\"},{\"@type\":\"ListItem\",\"position\":3,\"name\":\"Minister\",\"item\":\"https:\/\/www.morh.hr\/en\/kategorija\/about-us\/minister\/\"},{\"@type\":\"ListItem\",\"position\":4,\"name\":\"Deputy Prime Minister and Defence Minister of the Republic of Croatia Ivan Anu\u0161i\u0107\"}]},{\"@type\":\"WebSite\",\"@id\":\"https:\/\/www.morh.hr\/en\/#website\",\"url\":\"https:\/\/www.morh.hr\/en\/\",\"name\":\"MORH\",\"description\":\"Ministarstvo obrane Republike Hrvatske - slu\u017ebene stranice\",\"potentialAction\":[{\"@type\":\"SearchAction\",\"target\":{\"@type\":\"EntryPoint\",\"urlTemplate\":\"https:\/\/www.morh.hr\/en\/?s={search_term_string}\"},\"query-input\":{\"@type\":\"PropertyValueSpecification\",\"valueRequired\":true,\"valueName\":\"search_term_string\"}}],\"inLanguage\":\"en-US\"},{\"@type\":\"Person\",\"@id\":\"https:\/\/www.morh.hr\/en\/#\/schema\/person\/2d72e03399043d9513ab6bec75f2ce27\",\"name\":\"Drazen\",\"image\":{\"@type\":\"ImageObject\",\"inLanguage\":\"en-US\",\"@id\":\"https:\/\/www.morh.hr\/en\/#\/schema\/person\/image\/\",\"url\":\"https:\/\/secure.gravatar.com\/avatar\/e36ef7e573425ae72988c73df868c1e87a656b0e005ca4fd7d30d2ba7e49c9cf?s=96&d=mm&r=g\",\"contentUrl\":\"https:\/\/secure.gravatar.com\/avatar\/e36ef7e573425ae72988c73df868c1e87a656b0e005ca4fd7d30d2ba7e49c9cf?s=96&d=mm&r=g\",\"caption\":\"Drazen\"}}]}<\/script>\n<!-- \/ Yoast SEO plugin. -->","yoast_head_json":{"title":"Deputy Prime Minister and Defence Minister of the Republic of Croatia Ivan Anu\u0161i\u0107 - MORH","description":"Curriculum vitae Ivan Anu\u0161i\u0107 Born on October 13, 1973 in Osijek. Married and has four children. Education Graduated from the Faculty of Kinesiology in","robots":{"index":"index","follow":"follow","max-snippet":"max-snippet:-1","max-image-preview":"max-image-preview:large","max-video-preview":"max-video-preview:-1"},"canonical":"https:\/\/www.morh.hr\/en\/deputy-prime-minister-and-defence-minister-of-the-republic-of-croatia-ivan-anusic\/","og_locale":"en_US","og_type":"article","og_title":"Deputy Prime Minister and Defence Minister of the Republic of Croatia Ivan Anu\u0161i\u0107 - MORH","og_description":"Curriculum vitae Ivan Anu\u0161i\u0107 Born on October 13, 1973 in Osijek. Married and has four children. Education Graduated from the Faculty of Kinesiology in","og_url":"https:\/\/www.morh.hr\/en\/deputy-prime-minister-and-defence-minister-of-the-republic-of-croatia-ivan-anusic\/","og_site_name":"MORH","article_publisher":"https:\/\/www.facebook.com\/sportasiuhrvatskojvojsci\/","article_published_time":"2023-11-20T14:34:04+00:00","article_modified_time":"2026-01-07T14:00:10+00:00","og_image":[{"width":1024,"height":683,"url":"https:\/\/www.morh.hr\/wp-content\/uploads\/2025\/04\/2024-01-22-potpredsjednik-vlade-i-ministar-obrane-ivan-anusic-2400x1600-1-1024x683.jpg","type":"image\/jpeg"}],"author":"Drazen","twitter_card":"summary_large_image","twitter_creator":"@morh_osrh","twitter_site":"@morh_osrh","twitter_misc":{"Written by":"Drazen","Est. reading time":"5 minutes"},"schema":{"@context":"https:\/\/schema.org","@graph":[{"@type":"Article","@id":"https:\/\/www.morh.hr\/en\/deputy-prime-minister-and-defence-minister-of-the-republic-of-croatia-ivan-anusic\/#article","isPartOf":{"@id":"https:\/\/www.morh.hr\/en\/deputy-prime-minister-and-defence-minister-of-the-republic-of-croatia-ivan-anusic\/"},"author":{"name":"Drazen","@id":"https:\/\/www.morh.hr\/en\/#\/schema\/person\/2d72e03399043d9513ab6bec75f2ce27"},"headline":"Deputy Prime Minister and Defence Minister of the Republic of Croatia Ivan Anu\u0161i\u0107","datePublished":"2023-11-20T14:34:04+00:00","dateModified":"2026-01-07T14:00:10+00:00","mainEntityOfPage":{"@id":"https:\/\/www.morh.hr\/en\/deputy-prime-minister-and-defence-minister-of-the-republic-of-croatia-ivan-anusic\/"},"wordCount":717,"image":{"@id":"https:\/\/www.morh.hr\/en\/deputy-prime-minister-and-defence-minister-of-the-republic-of-croatia-ivan-anusic\/#primaryimage"},"thumbnailUrl":"https:\/\/www.morh.hr\/wp-content\/uploads\/2025\/04\/2024-01-22-potpredsjednik-vlade-i-ministar-obrane-ivan-anusic-2400x1600-1.jpg","articleSection":["Minister"],"inLanguage":"en-US"},{"@type":"WebPage","@id":"https:\/\/www.morh.hr\/en\/deputy-prime-minister-and-defence-minister-of-the-republic-of-croatia-ivan-anusic\/","url":"https:\/\/www.morh.hr\/en\/deputy-prime-minister-and-defence-minister-of-the-republic-of-croatia-ivan-anusic\/","name":"Deputy Prime Minister and Defence Minister of the Republic of Croatia Ivan Anu\u0161i\u0107 - MORH","isPartOf":{"@id":"https:\/\/www.morh.hr\/en\/#website"},"primaryImageOfPage":{"@id":"https:\/\/www.morh.hr\/en\/deputy-prime-minister-and-defence-minister-of-the-republic-of-croatia-ivan-anusic\/#primaryimage"},"image":{"@id":"https:\/\/www.morh.hr\/en\/deputy-prime-minister-and-defence-minister-of-the-republic-of-croatia-ivan-anusic\/#primaryimage"},"thumbnailUrl":"https:\/\/www.morh.hr\/wp-content\/uploads\/2025\/04\/2024-01-22-potpredsjednik-vlade-i-ministar-obrane-ivan-anusic-2400x1600-1.jpg","datePublished":"2023-11-20T14:34:04+00:00","dateModified":"2026-01-07T14:00:10+00:00","author":{"@id":"https:\/\/www.morh.hr\/en\/#\/schema\/person\/2d72e03399043d9513ab6bec75f2ce27"},"description":"Curriculum vitae Ivan Anu\u0161i\u0107 Born on October 13, 1973 in Osijek. Married and has four children. Education Graduated from the Faculty of Kinesiology in","breadcrumb":{"@id":"https:\/\/www.morh.hr\/en\/deputy-prime-minister-and-defence-minister-of-the-republic-of-croatia-ivan-anusic\/#breadcrumb"},"inLanguage":"en-US","potentialAction":[{"@type":"ReadAction","target":["https:\/\/www.morh.hr\/en\/deputy-prime-minister-and-defence-minister-of-the-republic-of-croatia-ivan-anusic\/"]}]},{"@type":"ImageObject","inLanguage":"en-US","@id":"https:\/\/www.morh.hr\/en\/deputy-prime-minister-and-defence-minister-of-the-republic-of-croatia-ivan-anusic\/#primaryimage","url":"https:\/\/www.morh.hr\/wp-content\/uploads\/2025\/04\/2024-01-22-potpredsjednik-vlade-i-ministar-obrane-ivan-anusic-2400x1600-1.jpg","contentUrl":"https:\/\/www.morh.hr\/wp-content\/uploads\/2025\/04\/2024-01-22-potpredsjednik-vlade-i-ministar-obrane-ivan-anusic-2400x1600-1.jpg","width":2480,"height":1654},{"@type":"BreadcrumbList","@id":"https:\/\/www.morh.hr\/en\/deputy-prime-minister-and-defence-minister-of-the-republic-of-croatia-ivan-anusic\/#breadcrumb","itemListElement":[{"@type":"ListItem","position":1,"name":"Naslovnica","item":"https:\/\/www.morh.hr\/en\/"},{"@type":"ListItem","position":2,"name":"About us","item":"https:\/\/www.morh.hr\/en\/kategorija\/about-us\/"},{"@type":"ListItem","position":3,"name":"Minister","item":"https:\/\/www.morh.hr\/en\/kategorija\/about-us\/minister\/"},{"@type":"ListItem","position":4,"name":"Deputy Prime Minister and Defence Minister of the Republic of Croatia Ivan Anu\u0161i\u0107"}]},{"@type":"WebSite","@id":"https:\/\/www.morh.hr\/en\/#website","url":"https:\/\/www.morh.hr\/en\/","name":"MORH","description":"Ministarstvo obrane Republike Hrvatske - slu\u017ebene stranice","potentialAction":[{"@type":"SearchAction","target":{"@type":"EntryPoint","urlTemplate":"https:\/\/www.morh.hr\/en\/?s={search_term_string}"},"query-input":{"@type":"PropertyValueSpecification","valueRequired":true,"valueName":"search_term_string"}}],"inLanguage":"en-US"},{"@type":"Person","@id":"https:\/\/www.morh.hr\/en\/#\/schema\/person\/2d72e03399043d9513ab6bec75f2ce27","name":"Drazen","image":{"@type":"ImageObject","inLanguage":"en-US","@id":"https:\/\/www.morh.hr\/en\/#\/schema\/person\/image\/","url":"https:\/\/secure.gravatar.com\/avatar\/e36ef7e573425ae72988c73df868c1e87a656b0e005ca4fd7d30d2ba7e49c9cf?s=96&d=mm&r=g","contentUrl":"https:\/\/secure.gravatar.com\/avatar\/e36ef7e573425ae72988c73df868c1e87a656b0e005ca4fd7d30d2ba7e49c9cf?s=96&d=mm&r=g","caption":"Drazen"}}]}},"_links":{"self":[{"href":"https:\/\/www.morh.hr\/en\/wp-json\/wp\/v2\/posts\/226693","targetHints":{"allow":["GET"]}}],"collection":[{"href":"https:\/\/www.morh.hr\/en\/wp-json\/wp\/v2\/posts"}],"about":[{"href":"https:\/\/www.morh.hr\/en\/wp-json\/wp\/v2\/types\/post"}],"author":[{"embeddable":true,"href":"https:\/\/www.morh.hr\/en\/wp-json\/wp\/v2\/users\/3"}],"replies":[{"embeddable":true,"href":"https:\/\/www.morh.hr\/en\/wp-json\/wp\/v2\/comments?post=226693"}],"version-history":[{"count":3,"href":"https:\/\/www.morh.hr\/en\/wp-json\/wp\/v2\/posts\/226693\/revisions"}],"predecessor-version":[{"id":265820,"href":"https:\/\/www.morh.hr\/en\/wp-json\/wp\/v2\/posts\/226693\/revisions\/265820"}],"wp:featuredmedia":[{"embeddable":true,"href":"https:\/\/www.morh.hr\/en\/wp-json\/wp\/v2\/media\/253358"}],"wp:attachment":[{"href":"https:\/\/www.morh.hr\/en\/wp-json\/wp\/v2\/media?parent=226693"}],"wp:term":[{"taxonomy":"category","embeddable":true,"href":"https:\/\/www.morh.hr\/en\/wp-json\/wp\/v2\/categories?post=226693"},{"taxonomy":"post_tag","embeddable":true,"href":"https:\/\/www.morh.hr\/en\/wp-json\/wp\/v2\/tags?post=226693"}],"curies":[{"name":"wp","href":"https:\/\/api.w.org\/{rel}","templated":true}]}}