{"id":227217,"date":"2023-11-18T18:58:32","date_gmt":"2023-11-18T17:58:32","guid":{"rendered":"https:\/\/www.morh.hr\/?p=227217"},"modified":"2024-01-03T08:41:50","modified_gmt":"2024-01-03T07:41:50","slug":"croatia-marking-the-32nd-anniversary-of-the-skabrnja-massacre","status":"publish","type":"post","link":"https:\/\/www.morh.hr\/en\/croatia-marking-the-32nd-anniversary-of-the-skabrnja-massacre\/","title":{"rendered":"Croatia Marking the 32nd Anniversary of the \u0160kabrnja Massacre"},"content":{"rendered":"<p>By walking step by step in the Column of Remembrance and the laying of wreaths on Saturday, 18 November, 2023, honour and respect were paid to the victims of \u0160kabrnja on the occasion of commemorating the Day of Remembrance for the Victims of the Homeland War and the Day of Remembrance of the Victims of Vukovar and \u0160kabrnja.<\/p>\n<p>In the Column of Remembrance, the multitude walked to the memorial monument at the cemetery of St. Luke, where the delegation of the Community of Associations of Croatian Civilian Victims of the Homeland War laid a joint wreath on behalf of all delegations.<\/p>\n<p>At the beginning of today\u2019s observance of the Day of Remembrance for the Victims of Vukovar and \u0160kabrnja, at the commemorative ceremony, it was pointed out that a crime that was committed in \u0160kabrnja on that day must never be forgotten.<\/p>\n<p>The envoy of the President of the Republic of Croatia, the Vice-President of the Government of the Republic of Croatia, and the Minister of the Sea, Transport, and Infrastructure, Oleg Butkovi\u0107, said that it is necessary to live in peace without forgetting the sacrifices made by Vukovar and \u0160kabrnja and all those who lost their lives. \u201cWe shall remember it with particular gratitude, hoping that it never happens again. Thanks and eternal glory be to them,\u201d Butkovi\u0107 said.<\/p>\n<p>Together with the bishop of \u0160ibenik, Msgr. Tomislav Rogli\u0107, retired bishop Msgr. Anto Ivas, and many priests, the Archbishop of Zadar, Msgr. Milan Zgrabli\u0107, presided over the concelebrated Mass for all those who lost their lives in the Homeland War in the Church of the Assumption of the Blessed Virgin Mary.<\/p>\n<p>During his homily, Archbishop Zgrabli\u0107 said that \u0160kabrnja is proud of its heroes and that their story should be a constant reminder of the importance of community, freedom, and peace. He added, \u201cWe pray to God in this Eucharistic celebration for all the souls that perished in \u0160kabrnja, for all the souls of the veterans and civilians that died in Vukovar and in the Homeland War. We also pray for the families of all those who have been injured or gone missing.\u201d<\/p>\n<p>The families of the fallen servicemen and civilian victims, along with officials from all the associations established following the Homeland War, placed wreaths at the foot of the Central Cross at the memorial at the St. Luke local cemetery. After that, wreaths were also laid by the delegation of the President of the Republic of Croatia, led by the representative and Head of the Office of the President of the Republic of Croatia, Orsat Miljani\u0107, and the delegation of the Croatian Parliament, led by the representative of the President of the Croatian Parliament and representative in the Croatian Parliament, Ante Sanader. They were followed by a delegation of the Croatian Government headed by the Deputy Prime Minister of the Republic of Croatia and the Minister of the Sea, Transport, and Infrastructure, Oleg Butkovi\u0107. A member of that delegation was also the representative of the Deputy Prime Minister and the Minister of Defence, acting Secretary General in the Ministry of Defence Petar Bara\u0107, representatives of military units, the delegation of Zadar County, the Municipality of \u0160kabrnja, and others.<\/p>\n<p>The large number of people in attendance at the \u0160kabrnja victims\u2019 memorial clearly showed how important it is to preserve the memory of the Homeland War and its victims. On 18 November 32 years ago, 43 civilians and 15 Croatian defenders were murdered. After the war, mines and explosives claimed the lives of six locals. By the time the community was liberated in 1995 in Operation Storm, 86 people had been killed in \u0160kabrnja. Children laid a rose for each victim as a memory of the sacrifice made while their names were read.<\/p>\n<div class=\"morh-galleria\"><a href=\"https:\/\/live.staticflickr.com\/65535\/53338868197_c2be8024fa_h.jpg\" title=\"Obilje\u017eena 32. obljetnica stradanja \u0160kabrnje\"><img decoding=\"async\" data-title=\"Obilje\u017eena 32. obljetnica stradanja \u0160kabrnje\" data-description=\"Kolonom sje\u0107anja 'Korak po korak' i polaganjem vijenaca u subotu 18. studenog 2023. odana je po\u010dast i po\u0161tovanje \u017ertvama \u0160kabrnje, u prigodi obilje\u017eavanja Dana sje\u0107anja na \u017ertve Domovinskog rata i Dana sje\u0107anja na \u017ertvu Vukovara i \u0160kabrnje | Foto: MORH\/ T. Brandt\" alt=\"Obilje\u017eena 32. obljetnica stradanja \u0160kabrnje\" src=\"https:\/\/live.staticflickr.com\/65535\/53338868197_c2be8024fa_h.jpg\" data-layer=\"&lt;div class=&#039;morh-gallery-image-download&#039;&gt;&lt;a href=&#039;https:\/\/live.staticflickr.com\/65535\/53338868197_6b5f40743a_o.jpg&#039; target=&#039;_blank&#039;&gt;Slika za preuzimanje&lt;\/a&gt;&lt;\/div&gt;\" \/><\/a><a href=\"https:\/\/live.staticflickr.com\/65535\/53339977138_2f8ff211f2_h.jpg\" title=\"Obilje\u017eena 32. obljetnica stradanja \u0160kabrnje\"><img decoding=\"async\" data-title=\"Obilje\u017eena 32. obljetnica stradanja \u0160kabrnje\" data-description=\"Kolonom sje\u0107anja 'Korak po korak' i polaganjem vijenaca u subotu 18. studenog 2023. odana je po\u010dast i po\u0161tovanje \u017ertvama \u0160kabrnje, u prigodi obilje\u017eavanja Dana sje\u0107anja na \u017ertve Domovinskog rata i Dana sje\u0107anja na \u017ertvu Vukovara i \u0160kabrnje | Foto: MORH\/ T. Brandt\" alt=\"Obilje\u017eena 32. obljetnica stradanja \u0160kabrnje\" src=\"https:\/\/live.staticflickr.com\/65535\/53339977138_2f8ff211f2_h.jpg\" data-layer=\"&lt;div class=&#039;morh-gallery-image-download&#039;&gt;&lt;a href=&#039;https:\/\/live.staticflickr.com\/65535\/53339977138_9436996914_o.jpg&#039; target=&#039;_blank&#039;&gt;Slika za preuzimanje&lt;\/a&gt;&lt;\/div&gt;\" \/><\/a><a href=\"https:\/\/live.staticflickr.com\/65535\/53339750661_2ec7266a9b_h.jpg\" title=\"Obilje\u017eena 32. obljetnica stradanja \u0160kabrnje\"><img decoding=\"async\" data-title=\"Obilje\u017eena 32. obljetnica stradanja \u0160kabrnje\" data-description=\"Kolonom sje\u0107anja 'Korak po korak' i polaganjem vijenaca u subotu 18. studenog 2023. odana je po\u010dast i po\u0161tovanje \u017ertvama \u0160kabrnje, u prigodi obilje\u017eavanja Dana sje\u0107anja na \u017ertve Domovinskog rata i Dana sje\u0107anja na \u017ertvu Vukovara i \u0160kabrnje | Foto: MORH\/ T. Brandt\" alt=\"Obilje\u017eena 32. obljetnica stradanja \u0160kabrnje\" src=\"https:\/\/live.staticflickr.com\/65535\/53339750661_2ec7266a9b_h.jpg\" data-layer=\"&lt;div class=&#039;morh-gallery-image-download&#039;&gt;&lt;a href=&#039;https:\/\/live.staticflickr.com\/65535\/53339750661_c07f9c5854_o.jpg&#039; target=&#039;_blank&#039;&gt;Slika za preuzimanje&lt;\/a&gt;&lt;\/div&gt;\" \/><\/a><a href=\"https:\/\/live.staticflickr.com\/65535\/53339977143_dba45dfdde_h.jpg\" title=\"Obilje\u017eena 32. obljetnica stradanja \u0160kabrnje\"><img decoding=\"async\" data-title=\"Obilje\u017eena 32. obljetnica stradanja \u0160kabrnje\" data-description=\"Kolonom sje\u0107anja 'Korak po korak' i polaganjem vijenaca u subotu 18. studenog 2023. odana je po\u010dast i po\u0161tovanje \u017ertvama \u0160kabrnje, u prigodi obilje\u017eavanja Dana sje\u0107anja na \u017ertve Domovinskog rata i Dana sje\u0107anja na \u017ertvu Vukovara i \u0160kabrnje | Foto: MORH\/ T. Brandt\" alt=\"Obilje\u017eena 32. obljetnica stradanja \u0160kabrnje\" src=\"https:\/\/live.staticflickr.com\/65535\/53339977143_dba45dfdde_h.jpg\" data-layer=\"&lt;div class=&#039;morh-gallery-image-download&#039;&gt;&lt;a href=&#039;https:\/\/live.staticflickr.com\/65535\/53339977143_6aac39eb6e_o.jpg&#039; target=&#039;_blank&#039;&gt;Slika za preuzimanje&lt;\/a&gt;&lt;\/div&gt;\" \/><\/a><a href=\"https:\/\/live.staticflickr.com\/65535\/53338868152_87c78bb625_h.jpg\" title=\"Obilje\u017eena 32. obljetnica stradanja \u0160kabrnje\"><img decoding=\"async\" data-title=\"Obilje\u017eena 32. obljetnica stradanja \u0160kabrnje\" data-description=\"Kolonom sje\u0107anja 'Korak po korak' i polaganjem vijenaca u subotu 18. studenog 2023. odana je po\u010dast i po\u0161tovanje \u017ertvama \u0160kabrnje, u prigodi obilje\u017eavanja Dana sje\u0107anja na \u017ertve Domovinskog rata i Dana sje\u0107anja na \u017ertvu Vukovara i \u0160kabrnje | Foto: MORH\/ T. Brandt\" alt=\"Obilje\u017eena 32. obljetnica stradanja \u0160kabrnje\" src=\"https:\/\/live.staticflickr.com\/65535\/53338868152_87c78bb625_h.jpg\" data-layer=\"&lt;div class=&#039;morh-gallery-image-download&#039;&gt;&lt;a href=&#039;https:\/\/live.staticflickr.com\/65535\/53338868152_86feac2262_o.jpg&#039; target=&#039;_blank&#039;&gt;Slika za preuzimanje&lt;\/a&gt;&lt;\/div&gt;\" \/><\/a><a href=\"https:\/\/live.staticflickr.com\/65535\/53338867342_b94cca9dab_h.jpg\" title=\"Obilje\u017eena 32. obljetnica stradanja \u0160kabrnje\"><img decoding=\"async\" data-title=\"Obilje\u017eena 32. obljetnica stradanja \u0160kabrnje\" data-description=\"Kolonom sje\u0107anja 'Korak po korak' i polaganjem vijenaca u subotu 18. studenog 2023. odana je po\u010dast i po\u0161tovanje \u017ertvama \u0160kabrnje, u prigodi obilje\u017eavanja Dana sje\u0107anja na \u017ertve Domovinskog rata i Dana sje\u0107anja na \u017ertvu Vukovara i \u0160kabrnje | Foto: MORH\/ T. Brandt\" alt=\"Obilje\u017eena 32. obljetnica stradanja \u0160kabrnje\" src=\"https:\/\/live.staticflickr.com\/65535\/53338867342_b94cca9dab_h.jpg\" data-layer=\"&lt;div class=&#039;morh-gallery-image-download&#039;&gt;&lt;a href=&#039;https:\/\/live.staticflickr.com\/65535\/53338867342_13e49b7463_o.jpg&#039; target=&#039;_blank&#039;&gt;Slika za preuzimanje&lt;\/a&gt;&lt;\/div&gt;\" \/><\/a><a href=\"https:\/\/live.staticflickr.com\/65535\/53339749706_21ff86bdae_h.jpg\" title=\"Obilje\u017eena 32. obljetnica stradanja \u0160kabrnje\"><img decoding=\"async\" data-title=\"Obilje\u017eena 32. obljetnica stradanja \u0160kabrnje\" data-description=\"Kolonom sje\u0107anja 'Korak po korak' i polaganjem vijenaca u subotu 18. studenog 2023. odana je po\u010dast i po\u0161tovanje \u017ertvama \u0160kabrnje, u prigodi obilje\u017eavanja Dana sje\u0107anja na \u017ertve Domovinskog rata i Dana sje\u0107anja na \u017ertvu Vukovara i \u0160kabrnje | Foto: MORH\/ T. Brandt\" alt=\"Obilje\u017eena 32. obljetnica stradanja \u0160kabrnje\" src=\"https:\/\/live.staticflickr.com\/65535\/53339749706_21ff86bdae_h.jpg\" data-layer=\"&lt;div class=&#039;morh-gallery-image-download&#039;&gt;&lt;a href=&#039;https:\/\/live.staticflickr.com\/65535\/53339749706_d5a2142e5d_o.jpg&#039; target=&#039;_blank&#039;&gt;Slika za preuzimanje&lt;\/a&gt;&lt;\/div&gt;\" \/><\/a><a href=\"https:\/\/live.staticflickr.com\/65535\/53338868137_78196c07f7_h.jpg\" title=\"Obilje\u017eena 32. obljetnica stradanja \u0160kabrnje\"><img decoding=\"async\" data-title=\"Obilje\u017eena 32. obljetnica stradanja \u0160kabrnje\" data-description=\"Kolonom sje\u0107anja 'Korak po korak' i polaganjem vijenaca u subotu 18. studenog 2023. odana je po\u010dast i po\u0161tovanje \u017ertvama \u0160kabrnje, u prigodi obilje\u017eavanja Dana sje\u0107anja na \u017ertve Domovinskog rata i Dana sje\u0107anja na \u017ertvu Vukovara i \u0160kabrnje | Foto: MORH\/ T. Brandt\" alt=\"Obilje\u017eena 32. obljetnica stradanja \u0160kabrnje\" src=\"https:\/\/live.staticflickr.com\/65535\/53338868137_78196c07f7_h.jpg\" data-layer=\"&lt;div class=&#039;morh-gallery-image-download&#039;&gt;&lt;a href=&#039;https:\/\/live.staticflickr.com\/65535\/53338868137_2786742f29_o.jpg&#039; target=&#039;_blank&#039;&gt;Slika za preuzimanje&lt;\/a&gt;&lt;\/div&gt;\" \/><\/a><a href=\"https:\/\/live.staticflickr.com\/65535\/53339750576_45c0119b7c_h.jpg\" title=\"Obilje\u017eena 32. obljetnica stradanja \u0160kabrnje\"><img decoding=\"async\" data-title=\"Obilje\u017eena 32. obljetnica stradanja \u0160kabrnje\" data-description=\"Kolonom sje\u0107anja 'Korak po korak' i polaganjem vijenaca u subotu 18. studenog 2023. odana je po\u010dast i po\u0161tovanje \u017ertvama \u0160kabrnje, u prigodi obilje\u017eavanja Dana sje\u0107anja na \u017ertve Domovinskog rata i Dana sje\u0107anja na \u017ertvu Vukovara i \u0160kabrnje | Foto: MORH\/ T. Brandt\" alt=\"Obilje\u017eena 32. obljetnica stradanja \u0160kabrnje\" src=\"https:\/\/live.staticflickr.com\/65535\/53339750576_45c0119b7c_h.jpg\" data-layer=\"&lt;div class=&#039;morh-gallery-image-download&#039;&gt;&lt;a href=&#039;https:\/\/live.staticflickr.com\/65535\/53339750576_3f788cd185_o.jpg&#039; target=&#039;_blank&#039;&gt;Slika za preuzimanje&lt;\/a&gt;&lt;\/div&gt;\" \/><\/a><a href=\"https:\/\/live.staticflickr.com\/65535\/53338868127_080daaac66_h.jpg\" title=\"Obilje\u017eena 32. obljetnica stradanja \u0160kabrnje\"><img decoding=\"async\" data-title=\"Obilje\u017eena 32. obljetnica stradanja \u0160kabrnje\" data-description=\"Kolonom sje\u0107anja 'Korak po korak' i polaganjem vijenaca u subotu 18. studenog 2023. odana je po\u010dast i po\u0161tovanje \u017ertvama \u0160kabrnje, u prigodi obilje\u017eavanja Dana sje\u0107anja na \u017ertve Domovinskog rata i Dana sje\u0107anja na \u017ertvu Vukovara i \u0160kabrnje | Foto: MORH\/ T. Brandt\" alt=\"Obilje\u017eena 32. obljetnica stradanja \u0160kabrnje\" src=\"https:\/\/live.staticflickr.com\/65535\/53338868127_080daaac66_h.jpg\" data-layer=\"&lt;div class=&#039;morh-gallery-image-download&#039;&gt;&lt;a href=&#039;https:\/\/live.staticflickr.com\/65535\/53338868127_d696aca60a_o.jpg&#039; target=&#039;_blank&#039;&gt;Slika za preuzimanje&lt;\/a&gt;&lt;\/div&gt;\" \/><\/a><a href=\"https:\/\/live.staticflickr.com\/65535\/53339976373_b151a297ad_h.jpg\" title=\"Obilje\u017eena 32. obljetnica stradanja \u0160kabrnje\"><img decoding=\"async\" data-title=\"Obilje\u017eena 32. obljetnica stradanja \u0160kabrnje\" data-description=\"Kolonom sje\u0107anja 'Korak po korak' i polaganjem vijenaca u subotu 18. studenog 2023. odana je po\u010dast i po\u0161tovanje \u017ertvama \u0160kabrnje, u prigodi obilje\u017eavanja Dana sje\u0107anja na \u017ertve Domovinskog rata i Dana sje\u0107anja na \u017ertvu Vukovara i \u0160kabrnje | Foto: MORH\/ T. Brandt\" alt=\"Obilje\u017eena 32. obljetnica stradanja \u0160kabrnje\" src=\"https:\/\/live.staticflickr.com\/65535\/53339976373_b151a297ad_h.jpg\" data-layer=\"&lt;div class=&#039;morh-gallery-image-download&#039;&gt;&lt;a href=&#039;https:\/\/live.staticflickr.com\/65535\/53339976373_89442ff35a_o.jpg&#039; target=&#039;_blank&#039;&gt;Slika za preuzimanje&lt;\/a&gt;&lt;\/div&gt;\" \/><\/a><a href=\"https:\/\/live.staticflickr.com\/65535\/53340203645_1a05768e1d_h.jpg\" title=\"Obilje\u017eena 32. obljetnica stradanja \u0160kabrnje\"><img decoding=\"async\" data-title=\"Obilje\u017eena 32. obljetnica stradanja \u0160kabrnje\" data-description=\"Kolonom sje\u0107anja 'Korak po korak' i polaganjem vijenaca u subotu 18. studenog 2023. odana je po\u010dast i po\u0161tovanje \u017ertvama \u0160kabrnje, u prigodi obilje\u017eavanja Dana sje\u0107anja na \u017ertve Domovinskog rata i Dana sje\u0107anja na \u017ertvu Vukovara i \u0160kabrnje | Foto: MORH\/ T. Brandt\" alt=\"Obilje\u017eena 32. obljetnica stradanja \u0160kabrnje\" src=\"https:\/\/live.staticflickr.com\/65535\/53340203645_1a05768e1d_h.jpg\" data-layer=\"&lt;div class=&#039;morh-gallery-image-download&#039;&gt;&lt;a href=&#039;https:\/\/live.staticflickr.com\/65535\/53340203645_f616e1c955_o.jpg&#039; target=&#039;_blank&#039;&gt;Slika za preuzimanje&lt;\/a&gt;&lt;\/div&gt;\" \/><\/a><a href=\"https:\/\/live.staticflickr.com\/65535\/53340082544_d1850d17c2_h.jpg\" title=\"Obilje\u017eena 32. obljetnica stradanja \u0160kabrnje\"><img decoding=\"async\" data-title=\"Obilje\u017eena 32. obljetnica stradanja \u0160kabrnje\" data-description=\"Kolonom sje\u0107anja 'Korak po korak' i polaganjem vijenaca u subotu 18. studenog 2023. odana je po\u010dast i po\u0161tovanje \u017ertvama \u0160kabrnje, u prigodi obilje\u017eavanja Dana sje\u0107anja na \u017ertve Domovinskog rata i Dana sje\u0107anja na \u017ertvu Vukovara i \u0160kabrnje | Foto: MORH\/ T. Brandt\" alt=\"Obilje\u017eena 32. obljetnica stradanja \u0160kabrnje\" src=\"https:\/\/live.staticflickr.com\/65535\/53340082544_d1850d17c2_h.jpg\" data-layer=\"&lt;div class=&#039;morh-gallery-image-download&#039;&gt;&lt;a href=&#039;https:\/\/live.staticflickr.com\/65535\/53340082544_cc3aa65190_o.jpg&#039; target=&#039;_blank&#039;&gt;Slika za preuzimanje&lt;\/a&gt;&lt;\/div&gt;\" \/><\/a><a href=\"https:\/\/live.staticflickr.com\/65535\/53338868072_525c160e26_h.jpg\" title=\"Obilje\u017eena 32. obljetnica stradanja \u0160kabrnje\"><img decoding=\"async\" data-title=\"Obilje\u017eena 32. obljetnica stradanja \u0160kabrnje\" data-description=\"Kolonom sje\u0107anja 'Korak po korak' i polaganjem vijenaca u subotu 18. studenog 2023. odana je po\u010dast i po\u0161tovanje \u017ertvama \u0160kabrnje, u prigodi obilje\u017eavanja Dana sje\u0107anja na \u017ertve Domovinskog rata i Dana sje\u0107anja na \u017ertvu Vukovara i \u0160kabrnje | Foto: MORH\/ T. Brandt\" alt=\"Obilje\u017eena 32. obljetnica stradanja \u0160kabrnje\" src=\"https:\/\/live.staticflickr.com\/65535\/53338868072_525c160e26_h.jpg\" data-layer=\"&lt;div class=&#039;morh-gallery-image-download&#039;&gt;&lt;a href=&#039;https:\/\/live.staticflickr.com\/65535\/53338868072_82121506ca_o.jpg&#039; target=&#039;_blank&#039;&gt;Slika za preuzimanje&lt;\/a&gt;&lt;\/div&gt;\" \/><\/a><a href=\"https:\/\/live.staticflickr.com\/65535\/53340203635_bc9f1c3890_h.jpg\" title=\"Obilje\u017eena 32. obljetnica stradanja \u0160kabrnje\"><img decoding=\"async\" data-title=\"Obilje\u017eena 32. obljetnica stradanja \u0160kabrnje\" data-description=\"Kolonom sje\u0107anja 'Korak po korak' i polaganjem vijenaca u subotu 18. studenog 2023. odana je po\u010dast i po\u0161tovanje \u017ertvama \u0160kabrnje, u prigodi obilje\u017eavanja Dana sje\u0107anja na \u017ertve Domovinskog rata i Dana sje\u0107anja na \u017ertvu Vukovara i \u0160kabrnje | Foto: MORH\/ T. Brandt\" alt=\"Obilje\u017eena 32. obljetnica stradanja \u0160kabrnje\" src=\"https:\/\/live.staticflickr.com\/65535\/53340203635_bc9f1c3890_h.jpg\" data-layer=\"&lt;div class=&#039;morh-gallery-image-download&#039;&gt;&lt;a href=&#039;https:\/\/live.staticflickr.com\/65535\/53340203635_3ea79e37f1_o.jpg&#039; target=&#039;_blank&#039;&gt;Slika za preuzimanje&lt;\/a&gt;&lt;\/div&gt;\" \/><\/a><a href=\"https:\/\/live.staticflickr.com\/65535\/53340082469_41969816cd_h.jpg\" title=\"Obilje\u017eena 32. obljetnica stradanja \u0160kabrnje\"><img decoding=\"async\" data-title=\"Obilje\u017eena 32. obljetnica stradanja \u0160kabrnje\" data-description=\"Kolonom sje\u0107anja 'Korak po korak' i polaganjem vijenaca u subotu 18. studenog 2023. odana je po\u010dast i po\u0161tovanje \u017ertvama \u0160kabrnje, u prigodi obilje\u017eavanja Dana sje\u0107anja na \u017ertve Domovinskog rata i Dana sje\u0107anja na \u017ertvu Vukovara i \u0160kabrnje | Foto: MORH\/ T. Brandt\" alt=\"Obilje\u017eena 32. obljetnica stradanja \u0160kabrnje\" src=\"https:\/\/live.staticflickr.com\/65535\/53340082469_41969816cd_h.jpg\" data-layer=\"&lt;div class=&#039;morh-gallery-image-download&#039;&gt;&lt;a href=&#039;https:\/\/live.staticflickr.com\/65535\/53340082469_c98577fac8_o.jpg&#039; target=&#039;_blank&#039;&gt;Slika za preuzimanje&lt;\/a&gt;&lt;\/div&gt;\" \/><\/a><a href=\"https:\/\/live.staticflickr.com\/65535\/53338868007_43a6d24ec3_h.jpg\" title=\"Obilje\u017eena 32. obljetnica stradanja \u0160kabrnje\"><img decoding=\"async\" data-title=\"Obilje\u017eena 32. obljetnica stradanja \u0160kabrnje\" data-description=\"Kolonom sje\u0107anja 'Korak po korak' i polaganjem vijenaca u subotu 18. studenog 2023. odana je po\u010dast i po\u0161tovanje \u017ertvama \u0160kabrnje, u prigodi obilje\u017eavanja Dana sje\u0107anja na \u017ertve Domovinskog rata i Dana sje\u0107anja na \u017ertvu Vukovara i \u0160kabrnje | Foto: MORH\/ T. Brandt\" alt=\"Obilje\u017eena 32. obljetnica stradanja \u0160kabrnje\" src=\"https:\/\/live.staticflickr.com\/65535\/53338868007_43a6d24ec3_h.jpg\" data-layer=\"&lt;div class=&#039;morh-gallery-image-download&#039;&gt;&lt;a href=&#039;https:\/\/live.staticflickr.com\/65535\/53338868007_943c7b66df_o.jpg&#039; target=&#039;_blank&#039;&gt;Slika za preuzimanje&lt;\/a&gt;&lt;\/div&gt;\" \/><\/a><a href=\"https:\/\/live.staticflickr.com\/65535\/53339976983_865bdc081c_h.jpg\" title=\"Obilje\u017eena 32. obljetnica stradanja \u0160kabrnje\"><img decoding=\"async\" data-title=\"Obilje\u017eena 32. obljetnica stradanja \u0160kabrnje\" data-description=\"Kolonom sje\u0107anja 'Korak po korak' i polaganjem vijenaca u subotu 18. studenog 2023. odana je po\u010dast i po\u0161tovanje \u017ertvama \u0160kabrnje, u prigodi obilje\u017eavanja Dana sje\u0107anja na \u017ertve Domovinskog rata i Dana sje\u0107anja na \u017ertvu Vukovara i \u0160kabrnje | Foto: MORH\/ T. Brandt\" alt=\"Obilje\u017eena 32. obljetnica stradanja \u0160kabrnje\" src=\"https:\/\/live.staticflickr.com\/65535\/53339976983_865bdc081c_h.jpg\" data-layer=\"&lt;div class=&#039;morh-gallery-image-download&#039;&gt;&lt;a href=&#039;https:\/\/live.staticflickr.com\/65535\/53339976983_10ac4d941d_o.jpg&#039; target=&#039;_blank&#039;&gt;Slika za preuzimanje&lt;\/a&gt;&lt;\/div&gt;\" \/><\/a><a href=\"https:\/\/live.staticflickr.com\/65535\/53339976963_bea6eebb0b_h.jpg\" title=\"Obilje\u017eena 32. obljetnica stradanja \u0160kabrnje\"><img decoding=\"async\" data-title=\"Obilje\u017eena 32. obljetnica stradanja \u0160kabrnje\" data-description=\"Kolonom sje\u0107anja 'Korak po korak' i polaganjem vijenaca u subotu 18. studenog 2023. odana je po\u010dast i po\u0161tovanje \u017ertvama \u0160kabrnje, u prigodi obilje\u017eavanja Dana sje\u0107anja na \u017ertve Domovinskog rata i Dana sje\u0107anja na \u017ertvu Vukovara i \u0160kabrnje | Foto: MORH\/ T. Brandt\" alt=\"Obilje\u017eena 32. obljetnica stradanja \u0160kabrnje\" src=\"https:\/\/live.staticflickr.com\/65535\/53339976963_bea6eebb0b_h.jpg\" data-layer=\"&lt;div class=&#039;morh-gallery-image-download&#039;&gt;&lt;a href=&#039;https:\/\/live.staticflickr.com\/65535\/53339976963_9012eaa904_o.jpg&#039; target=&#039;_blank&#039;&gt;Slika za preuzimanje&lt;\/a&gt;&lt;\/div&gt;\" \/><\/a><a href=\"https:\/\/live.staticflickr.com\/65535\/53339750411_60a8e63934_h.jpg\" title=\"Obilje\u017eena 32. obljetnica stradanja \u0160kabrnje\"><img decoding=\"async\" data-title=\"Obilje\u017eena 32. obljetnica stradanja \u0160kabrnje\" data-description=\"Kolonom sje\u0107anja 'Korak po korak' i polaganjem vijenaca u subotu 18. studenog 2023. odana je po\u010dast i po\u0161tovanje \u017ertvama \u0160kabrnje, u prigodi obilje\u017eavanja Dana sje\u0107anja na \u017ertve Domovinskog rata i Dana sje\u0107anja na \u017ertvu Vukovara i \u0160kabrnje | Foto: MORH\/ T. Brandt\" alt=\"Obilje\u017eena 32. obljetnica stradanja \u0160kabrnje\" src=\"https:\/\/live.staticflickr.com\/65535\/53339750411_60a8e63934_h.jpg\" data-layer=\"&lt;div class=&#039;morh-gallery-image-download&#039;&gt;&lt;a href=&#039;https:\/\/live.staticflickr.com\/65535\/53339750411_6b7f87abf2_o.jpg&#039; target=&#039;_blank&#039;&gt;Slika za preuzimanje&lt;\/a&gt;&lt;\/div&gt;\" \/><\/a><a href=\"https:\/\/live.staticflickr.com\/65535\/53338867962_bf535d8383_h.jpg\" title=\"Obilje\u017eena 32. obljetnica stradanja \u0160kabrnje\"><img decoding=\"async\" data-title=\"Obilje\u017eena 32. obljetnica stradanja \u0160kabrnje\" data-description=\"Kolonom sje\u0107anja 'Korak po korak' i polaganjem vijenaca u subotu 18. studenog 2023. odana je po\u010dast i po\u0161tovanje \u017ertvama \u0160kabrnje, u prigodi obilje\u017eavanja Dana sje\u0107anja na \u017ertve Domovinskog rata i Dana sje\u0107anja na \u017ertvu Vukovara i \u0160kabrnje | Foto: MORH\/ T. Brandt\" alt=\"Obilje\u017eena 32. obljetnica stradanja \u0160kabrnje\" src=\"https:\/\/live.staticflickr.com\/65535\/53338867962_bf535d8383_h.jpg\" data-layer=\"&lt;div class=&#039;morh-gallery-image-download&#039;&gt;&lt;a href=&#039;https:\/\/live.staticflickr.com\/65535\/53338867962_89186be496_o.jpg&#039; target=&#039;_blank&#039;&gt;Slika za preuzimanje&lt;\/a&gt;&lt;\/div&gt;\" \/><\/a><a href=\"https:\/\/live.staticflickr.com\/65535\/53339976878_6af56b9edf_h.jpg\" title=\"Obilje\u017eena 32. obljetnica stradanja \u0160kabrnje\"><img decoding=\"async\" data-title=\"Obilje\u017eena 32. obljetnica stradanja \u0160kabrnje\" data-description=\"Kolonom sje\u0107anja 'Korak po korak' i polaganjem vijenaca u subotu 18. studenog 2023. odana je po\u010dast i po\u0161tovanje \u017ertvama \u0160kabrnje, u prigodi obilje\u017eavanja Dana sje\u0107anja na \u017ertve Domovinskog rata i Dana sje\u0107anja na \u017ertvu Vukovara i \u0160kabrnje | Foto: MORH\/ T. Brandt\" alt=\"Obilje\u017eena 32. obljetnica stradanja \u0160kabrnje\" src=\"https:\/\/live.staticflickr.com\/65535\/53339976878_6af56b9edf_h.jpg\" data-layer=\"&lt;div class=&#039;morh-gallery-image-download&#039;&gt;&lt;a href=&#039;https:\/\/live.staticflickr.com\/65535\/53339976878_a129bb477b_o.jpg&#039; target=&#039;_blank&#039;&gt;Slika za preuzimanje&lt;\/a&gt;&lt;\/div&gt;\" \/><\/a><a href=\"https:\/\/live.staticflickr.com\/65535\/53340202755_b107048b46_h.jpg\" title=\"Obilje\u017eena 32. obljetnica stradanja \u0160kabrnje\"><img decoding=\"async\" data-title=\"Obilje\u017eena 32. obljetnica stradanja \u0160kabrnje\" data-description=\"Kolonom sje\u0107anja 'Korak po korak' i polaganjem vijenaca u subotu 18. studenog 2023. odana je po\u010dast i po\u0161tovanje \u017ertvama \u0160kabrnje, u prigodi obilje\u017eavanja Dana sje\u0107anja na \u017ertve Domovinskog rata i Dana sje\u0107anja na \u017ertvu Vukovara i \u0160kabrnje | Foto: MORH\/ T. Brandt\" alt=\"Obilje\u017eena 32. obljetnica stradanja \u0160kabrnje\" src=\"https:\/\/live.staticflickr.com\/65535\/53340202755_b107048b46_h.jpg\" data-layer=\"&lt;div class=&#039;morh-gallery-image-download&#039;&gt;&lt;a href=&#039;https:\/\/live.staticflickr.com\/65535\/53340202755_5b2a566922_o.jpg&#039; target=&#039;_blank&#039;&gt;Slika za preuzimanje&lt;\/a&gt;&lt;\/div&gt;\" \/><\/a><a href=\"https:\/\/live.staticflickr.com\/65535\/53339750421_0d4aef31d4_h.jpg\" title=\"Obilje\u017eena 32. obljetnica stradanja \u0160kabrnje\"><img decoding=\"async\" data-title=\"Obilje\u017eena 32. obljetnica stradanja \u0160kabrnje\" data-description=\"Kolonom sje\u0107anja 'Korak po korak' i polaganjem vijenaca u subotu 18. studenog 2023. odana je po\u010dast i po\u0161tovanje \u017ertvama \u0160kabrnje, u prigodi obilje\u017eavanja Dana sje\u0107anja na \u017ertve Domovinskog rata i Dana sje\u0107anja na \u017ertvu Vukovara i \u0160kabrnje | Foto: MORH\/ T. Brandt\" alt=\"Obilje\u017eena 32. obljetnica stradanja \u0160kabrnje\" src=\"https:\/\/live.staticflickr.com\/65535\/53339750421_0d4aef31d4_h.jpg\" data-layer=\"&lt;div class=&#039;morh-gallery-image-download&#039;&gt;&lt;a href=&#039;https:\/\/live.staticflickr.com\/65535\/53339750421_24c6e7f75b_o.jpg&#039; target=&#039;_blank&#039;&gt;Slika za preuzimanje&lt;\/a&gt;&lt;\/div&gt;\" \/><\/a><a href=\"https:\/\/live.staticflickr.com\/65535\/53340082354_849ec42cff_h.jpg\" title=\"Obilje\u017eena 32. obljetnica stradanja \u0160kabrnje\"><img decoding=\"async\" data-title=\"Obilje\u017eena 32. obljetnica stradanja \u0160kabrnje\" data-description=\"Kolonom sje\u0107anja 'Korak po korak' i polaganjem vijenaca u subotu 18. studenog 2023. odana je po\u010dast i po\u0161tovanje \u017ertvama \u0160kabrnje, u prigodi obilje\u017eavanja Dana sje\u0107anja na \u017ertve Domovinskog rata i Dana sje\u0107anja na \u017ertvu Vukovara i \u0160kabrnje | Foto: MORH\/ T. Brandt\" alt=\"Obilje\u017eena 32. obljetnica stradanja \u0160kabrnje\" src=\"https:\/\/live.staticflickr.com\/65535\/53340082354_849ec42cff_h.jpg\" data-layer=\"&lt;div class=&#039;morh-gallery-image-download&#039;&gt;&lt;a href=&#039;https:\/\/live.staticflickr.com\/65535\/53340082354_66d5966af0_o.jpg&#039; target=&#039;_blank&#039;&gt;Slika za preuzimanje&lt;\/a&gt;&lt;\/div&gt;\" \/><\/a><a href=\"https:\/\/live.staticflickr.com\/65535\/53338867912_b1d5f81690_h.jpg\" title=\"Obilje\u017eena 32. obljetnica stradanja \u0160kabrnje\"><img decoding=\"async\" data-title=\"Obilje\u017eena 32. obljetnica stradanja \u0160kabrnje\" data-description=\"Kolonom sje\u0107anja 'Korak po korak' i polaganjem vijenaca u subotu 18. studenog 2023. odana je po\u010dast i po\u0161tovanje \u017ertvama \u0160kabrnje, u prigodi obilje\u017eavanja Dana sje\u0107anja na \u017ertve Domovinskog rata i Dana sje\u0107anja na \u017ertvu Vukovara i \u0160kabrnje | Foto: MORH\/ T. Brandt\" alt=\"Obilje\u017eena 32. obljetnica stradanja \u0160kabrnje\" src=\"https:\/\/live.staticflickr.com\/65535\/53338867912_b1d5f81690_h.jpg\" data-layer=\"&lt;div class=&#039;morh-gallery-image-download&#039;&gt;&lt;a href=&#039;https:\/\/live.staticflickr.com\/65535\/53338867912_2ea84516b8_o.jpg&#039; target=&#039;_blank&#039;&gt;Slika za preuzimanje&lt;\/a&gt;&lt;\/div&gt;\" \/><\/a><a href=\"https:\/\/live.staticflickr.com\/65535\/53339750341_91b3458836_h.jpg\" title=\"Obilje\u017eena 32. obljetnica stradanja \u0160kabrnje\"><img decoding=\"async\" data-title=\"Obilje\u017eena 32. obljetnica stradanja \u0160kabrnje\" data-description=\"Kolonom sje\u0107anja 'Korak po korak' i polaganjem vijenaca u subotu 18. studenog 2023. odana je po\u010dast i po\u0161tovanje \u017ertvama \u0160kabrnje, u prigodi obilje\u017eavanja Dana sje\u0107anja na \u017ertve Domovinskog rata i Dana sje\u0107anja na \u017ertvu Vukovara i \u0160kabrnje | Foto: MORH\/ T. Brandt\" alt=\"Obilje\u017eena 32. obljetnica stradanja \u0160kabrnje\" src=\"https:\/\/live.staticflickr.com\/65535\/53339750341_91b3458836_h.jpg\" data-layer=\"&lt;div class=&#039;morh-gallery-image-download&#039;&gt;&lt;a href=&#039;https:\/\/live.staticflickr.com\/65535\/53339750341_97de5f2a2e_o.jpg&#039; target=&#039;_blank&#039;&gt;Slika za preuzimanje&lt;\/a&gt;&lt;\/div&gt;\" \/><\/a><a href=\"https:\/\/live.staticflickr.com\/65535\/53339976833_1753c46341_h.jpg\" title=\"Obilje\u017eena 32. obljetnica stradanja \u0160kabrnje\"><img decoding=\"async\" data-title=\"Obilje\u017eena 32. obljetnica stradanja \u0160kabrnje\" data-description=\"Kolonom sje\u0107anja 'Korak po korak' i polaganjem vijenaca u subotu 18. studenog 2023. odana je po\u010dast i po\u0161tovanje \u017ertvama \u0160kabrnje, u prigodi obilje\u017eavanja Dana sje\u0107anja na \u017ertve Domovinskog rata i Dana sje\u0107anja na \u017ertvu Vukovara i \u0160kabrnje | Foto: MORH\/ T. Brandt\" alt=\"Obilje\u017eena 32. obljetnica stradanja \u0160kabrnje\" src=\"https:\/\/live.staticflickr.com\/65535\/53339976833_1753c46341_h.jpg\" data-layer=\"&lt;div class=&#039;morh-gallery-image-download&#039;&gt;&lt;a href=&#039;https:\/\/live.staticflickr.com\/65535\/53339976833_94f3f78374_o.jpg&#039; target=&#039;_blank&#039;&gt;Slika za preuzimanje&lt;\/a&gt;&lt;\/div&gt;\" \/><\/a><a href=\"https:\/\/live.staticflickr.com\/65535\/53338867897_cc7d6dc96f_h.jpg\" title=\"Obilje\u017eena 32. obljetnica stradanja \u0160kabrnje\"><img decoding=\"async\" data-title=\"Obilje\u017eena 32. obljetnica stradanja \u0160kabrnje\" data-description=\"Kolonom sje\u0107anja 'Korak po korak' i polaganjem vijenaca u subotu 18. studenog 2023. odana je po\u010dast i po\u0161tovanje \u017ertvama \u0160kabrnje, u prigodi obilje\u017eavanja Dana sje\u0107anja na \u017ertve Domovinskog rata i Dana sje\u0107anja na \u017ertvu Vukovara i \u0160kabrnje | Foto: MORH\/ T. Brandt\" alt=\"Obilje\u017eena 32. obljetnica stradanja \u0160kabrnje\" src=\"https:\/\/live.staticflickr.com\/65535\/53338867897_cc7d6dc96f_h.jpg\" data-layer=\"&lt;div class=&#039;morh-gallery-image-download&#039;&gt;&lt;a href=&#039;https:\/\/live.staticflickr.com\/65535\/53338867897_9e4fb98673_o.jpg&#039; target=&#039;_blank&#039;&gt;Slika za preuzimanje&lt;\/a&gt;&lt;\/div&gt;\" \/><\/a><a href=\"https:\/\/live.staticflickr.com\/65535\/53339750286_99c76a9215_h.jpg\" title=\"Obilje\u017eena 32. obljetnica stradanja \u0160kabrnje\"><img decoding=\"async\" data-title=\"Obilje\u017eena 32. obljetnica stradanja \u0160kabrnje\" data-description=\"Kolonom sje\u0107anja 'Korak po korak' i polaganjem vijenaca u subotu 18. studenog 2023. odana je po\u010dast i po\u0161tovanje \u017ertvama \u0160kabrnje, u prigodi obilje\u017eavanja Dana sje\u0107anja na \u017ertve Domovinskog rata i Dana sje\u0107anja na \u017ertvu Vukovara i \u0160kabrnje | Foto: MORH\/ T. Brandt\" alt=\"Obilje\u017eena 32. obljetnica stradanja \u0160kabrnje\" src=\"https:\/\/live.staticflickr.com\/65535\/53339750286_99c76a9215_h.jpg\" data-layer=\"&lt;div class=&#039;morh-gallery-image-download&#039;&gt;&lt;a href=&#039;https:\/\/live.staticflickr.com\/65535\/53339750286_ee273f209a_o.jpg&#039; target=&#039;_blank&#039;&gt;Slika za preuzimanje&lt;\/a&gt;&lt;\/div&gt;\" \/><\/a><a href=\"https:\/\/live.staticflickr.com\/65535\/53340203320_a1380ea773_h.jpg\" title=\"Obilje\u017eena 32. obljetnica stradanja \u0160kabrnje\"><img decoding=\"async\" data-title=\"Obilje\u017eena 32. obljetnica stradanja \u0160kabrnje\" data-description=\"Kolonom sje\u0107anja 'Korak po korak' i polaganjem vijenaca u subotu 18. studenog 2023. odana je po\u010dast i po\u0161tovanje \u017ertvama \u0160kabrnje, u prigodi obilje\u017eavanja Dana sje\u0107anja na \u017ertve Domovinskog rata i Dana sje\u0107anja na \u017ertvu Vukovara i \u0160kabrnje | Foto: MORH\/ T. Brandt\" alt=\"Obilje\u017eena 32. obljetnica stradanja \u0160kabrnje\" src=\"https:\/\/live.staticflickr.com\/65535\/53340203320_a1380ea773_h.jpg\" data-layer=\"&lt;div class=&#039;morh-gallery-image-download&#039;&gt;&lt;a href=&#039;https:\/\/live.staticflickr.com\/65535\/53340203320_5b5bcb3bb2_o.jpg&#039; target=&#039;_blank&#039;&gt;Slika za preuzimanje&lt;\/a&gt;&lt;\/div&gt;\" \/><\/a><a href=\"https:\/\/live.staticflickr.com\/65535\/53339750256_0d3575e8c2_h.jpg\" title=\"Obilje\u017eena 32. obljetnica stradanja \u0160kabrnje\"><img decoding=\"async\" data-title=\"Obilje\u017eena 32. obljetnica stradanja \u0160kabrnje\" data-description=\"Kolonom sje\u0107anja 'Korak po korak' i polaganjem vijenaca u subotu 18. studenog 2023. odana je po\u010dast i po\u0161tovanje \u017ertvama \u0160kabrnje, u prigodi obilje\u017eavanja Dana sje\u0107anja na \u017ertve Domovinskog rata i Dana sje\u0107anja na \u017ertvu Vukovara i \u0160kabrnje | Foto: MORH\/ T. Brandt\" alt=\"Obilje\u017eena 32. obljetnica stradanja \u0160kabrnje\" src=\"https:\/\/live.staticflickr.com\/65535\/53339750256_0d3575e8c2_h.jpg\" data-layer=\"&lt;div class=&#039;morh-gallery-image-download&#039;&gt;&lt;a href=&#039;https:\/\/live.staticflickr.com\/65535\/53339750256_b6d9ac94a3_o.jpg&#039; target=&#039;_blank&#039;&gt;Slika za preuzimanje&lt;\/a&gt;&lt;\/div&gt;\" \/><\/a><a href=\"https:\/\/live.staticflickr.com\/65535\/53339749676_8f6ab5c429_h.jpg\" title=\"Obilje\u017eena 32. obljetnica stradanja \u0160kabrnje\"><img decoding=\"async\" data-title=\"Obilje\u017eena 32. obljetnica stradanja \u0160kabrnje\" data-description=\"Kolonom sje\u0107anja 'Korak po korak' i polaganjem vijenaca u subotu 18. studenog 2023. odana je po\u010dast i po\u0161tovanje \u017ertvama \u0160kabrnje, u prigodi obilje\u017eavanja Dana sje\u0107anja na \u017ertve Domovinskog rata i Dana sje\u0107anja na \u017ertvu Vukovara i \u0160kabrnje | Foto: MORH\/ T. Brandt\" alt=\"Obilje\u017eena 32. obljetnica stradanja \u0160kabrnje\" src=\"https:\/\/live.staticflickr.com\/65535\/53339749676_8f6ab5c429_h.jpg\" data-layer=\"&lt;div class=&#039;morh-gallery-image-download&#039;&gt;&lt;a href=&#039;https:\/\/live.staticflickr.com\/65535\/53339749676_51175324d2_o.jpg&#039; target=&#039;_blank&#039;&gt;Slika za preuzimanje&lt;\/a&gt;&lt;\/div&gt;\" \/><\/a><a href=\"https:\/\/live.staticflickr.com\/65535\/53339750266_5a66fe082a_h.jpg\" title=\"Obilje\u017eena 32. obljetnica stradanja \u0160kabrnje\"><img decoding=\"async\" data-title=\"Obilje\u017eena 32. obljetnica stradanja \u0160kabrnje\" data-description=\"Kolonom sje\u0107anja 'Korak po korak' i polaganjem vijenaca u subotu 18. studenog 2023. odana je po\u010dast i po\u0161tovanje \u017ertvama \u0160kabrnje, u prigodi obilje\u017eavanja Dana sje\u0107anja na \u017ertve Domovinskog rata i Dana sje\u0107anja na \u017ertvu Vukovara i \u0160kabrnje | Foto: MORH\/ T. Brandt\" alt=\"Obilje\u017eena 32. obljetnica stradanja \u0160kabrnje\" src=\"https:\/\/live.staticflickr.com\/65535\/53339750266_5a66fe082a_h.jpg\" data-layer=\"&lt;div class=&#039;morh-gallery-image-download&#039;&gt;&lt;a href=&#039;https:\/\/live.staticflickr.com\/65535\/53339750266_d3bf30f38a_o.jpg&#039; target=&#039;_blank&#039;&gt;Slika za preuzimanje&lt;\/a&gt;&lt;\/div&gt;\" \/><\/a><a href=\"https:\/\/live.staticflickr.com\/65535\/53340202725_d25a26c972_h.jpg\" title=\"Obilje\u017eena 32. obljetnica stradanja \u0160kabrnje\"><img decoding=\"async\" data-title=\"Obilje\u017eena 32. obljetnica stradanja \u0160kabrnje\" data-description=\"Kolonom sje\u0107anja 'Korak po korak' i polaganjem vijenaca u subotu 18. studenog 2023. odana je po\u010dast i po\u0161tovanje \u017ertvama \u0160kabrnje, u prigodi obilje\u017eavanja Dana sje\u0107anja na \u017ertve Domovinskog rata i Dana sje\u0107anja na \u017ertvu Vukovara i \u0160kabrnje | Foto: MORH\/ T. Brandt\" alt=\"Obilje\u017eena 32. obljetnica stradanja \u0160kabrnje\" src=\"https:\/\/live.staticflickr.com\/65535\/53340202725_d25a26c972_h.jpg\" data-layer=\"&lt;div class=&#039;morh-gallery-image-download&#039;&gt;&lt;a href=&#039;https:\/\/live.staticflickr.com\/65535\/53340202725_1c9ece0da0_o.jpg&#039; target=&#039;_blank&#039;&gt;Slika za preuzimanje&lt;\/a&gt;&lt;\/div&gt;\" \/><\/a><a href=\"https:\/\/live.staticflickr.com\/65535\/53340082209_4cd93337eb_h.jpg\" title=\"Obilje\u017eena 32. obljetnica stradanja \u0160kabrnje\"><img decoding=\"async\" data-title=\"Obilje\u017eena 32. obljetnica stradanja \u0160kabrnje\" data-description=\"Kolonom sje\u0107anja 'Korak po korak' i polaganjem vijenaca u subotu 18. studenog 2023. odana je po\u010dast i po\u0161tovanje \u017ertvama \u0160kabrnje, u prigodi obilje\u017eavanja Dana sje\u0107anja na \u017ertve Domovinskog rata i Dana sje\u0107anja na \u017ertvu Vukovara i \u0160kabrnje | Foto: MORH\/ T. Brandt\" alt=\"Obilje\u017eena 32. obljetnica stradanja \u0160kabrnje\" src=\"https:\/\/live.staticflickr.com\/65535\/53340082209_4cd93337eb_h.jpg\" data-layer=\"&lt;div class=&#039;morh-gallery-image-download&#039;&gt;&lt;a href=&#039;https:\/\/live.staticflickr.com\/65535\/53340082209_02974b8970_o.jpg&#039; target=&#039;_blank&#039;&gt;Slika za preuzimanje&lt;\/a&gt;&lt;\/div&gt;\" \/><\/a><a href=\"https:\/\/live.staticflickr.com\/65535\/53338867842_2f1d593538_h.jpg\" title=\"Obilje\u017eena 32. obljetnica stradanja \u0160kabrnje\"><img decoding=\"async\" data-title=\"Obilje\u017eena 32. obljetnica stradanja \u0160kabrnje\" data-description=\"Kolonom sje\u0107anja 'Korak po korak' i polaganjem vijenaca u subotu 18. studenog 2023. odana je po\u010dast i po\u0161tovanje \u017ertvama \u0160kabrnje, u prigodi obilje\u017eavanja Dana sje\u0107anja na \u017ertve Domovinskog rata i Dana sje\u0107anja na \u017ertvu Vukovara i \u0160kabrnje | Foto: MORH\/ T. Brandt\" alt=\"Obilje\u017eena 32. obljetnica stradanja \u0160kabrnje\" src=\"https:\/\/live.staticflickr.com\/65535\/53338867842_2f1d593538_h.jpg\" data-layer=\"&lt;div class=&#039;morh-gallery-image-download&#039;&gt;&lt;a href=&#039;https:\/\/live.staticflickr.com\/65535\/53338867842_46cc72284d_o.jpg&#039; target=&#039;_blank&#039;&gt;Slika za preuzimanje&lt;\/a&gt;&lt;\/div&gt;\" \/><\/a><a href=\"https:\/\/live.staticflickr.com\/65535\/53340082154_5f71a35117_h.jpg\" title=\"Obilje\u017eena 32. obljetnica stradanja \u0160kabrnje\"><img decoding=\"async\" data-title=\"Obilje\u017eena 32. obljetnica stradanja \u0160kabrnje\" data-description=\"Kolonom sje\u0107anja 'Korak po korak' i polaganjem vijenaca u subotu 18. studenog 2023. odana je po\u010dast i po\u0161tovanje \u017ertvama \u0160kabrnje, u prigodi obilje\u017eavanja Dana sje\u0107anja na \u017ertve Domovinskog rata i Dana sje\u0107anja na \u017ertvu Vukovara i \u0160kabrnje | Foto: MORH\/ T. Brandt\" alt=\"Obilje\u017eena 32. obljetnica stradanja \u0160kabrnje\" src=\"https:\/\/live.staticflickr.com\/65535\/53340082154_5f71a35117_h.jpg\" data-layer=\"&lt;div class=&#039;morh-gallery-image-download&#039;&gt;&lt;a href=&#039;https:\/\/live.staticflickr.com\/65535\/53340082154_aaecbd7e72_o.jpg&#039; target=&#039;_blank&#039;&gt;Slika za preuzimanje&lt;\/a&gt;&lt;\/div&gt;\" \/><\/a><a href=\"https:\/\/live.staticflickr.com\/65535\/53340203255_5ea2319928_h.jpg\" title=\"Obilje\u017eena 32. obljetnica stradanja \u0160kabrnje\"><img decoding=\"async\" data-title=\"Obilje\u017eena 32. obljetnica stradanja \u0160kabrnje\" data-description=\"Kolonom sje\u0107anja 'Korak po korak' i polaganjem vijenaca u subotu 18. studenog 2023. odana je po\u010dast i po\u0161tovanje \u017ertvama \u0160kabrnje, u prigodi obilje\u017eavanja Dana sje\u0107anja na \u017ertve Domovinskog rata i Dana sje\u0107anja na \u017ertvu Vukovara i \u0160kabrnje | Foto: MORH\/ T. Brandt\" alt=\"Obilje\u017eena 32. obljetnica stradanja \u0160kabrnje\" src=\"https:\/\/live.staticflickr.com\/65535\/53340203255_5ea2319928_h.jpg\" data-layer=\"&lt;div class=&#039;morh-gallery-image-download&#039;&gt;&lt;a href=&#039;https:\/\/live.staticflickr.com\/65535\/53340203255_dd676fba83_o.jpg&#039; target=&#039;_blank&#039;&gt;Slika za preuzimanje&lt;\/a&gt;&lt;\/div&gt;\" \/><\/a><a href=\"https:\/\/live.staticflickr.com\/65535\/53340203260_22a4d2f3a4_h.jpg\" title=\"Obilje\u017eena 32. obljetnica stradanja \u0160kabrnje\"><img decoding=\"async\" data-title=\"Obilje\u017eena 32. obljetnica stradanja \u0160kabrnje\" data-description=\"Kolonom sje\u0107anja 'Korak po korak' i polaganjem vijenaca u subotu 18. studenog 2023. odana je po\u010dast i po\u0161tovanje \u017ertvama \u0160kabrnje, u prigodi obilje\u017eavanja Dana sje\u0107anja na \u017ertve Domovinskog rata i Dana sje\u0107anja na \u017ertvu Vukovara i \u0160kabrnje | Foto: MORH\/ T. Brandt\" alt=\"Obilje\u017eena 32. obljetnica stradanja \u0160kabrnje\" src=\"https:\/\/live.staticflickr.com\/65535\/53340203260_22a4d2f3a4_h.jpg\" data-layer=\"&lt;div class=&#039;morh-gallery-image-download&#039;&gt;&lt;a href=&#039;https:\/\/live.staticflickr.com\/65535\/53340203260_2f52aa95a4_o.jpg&#039; target=&#039;_blank&#039;&gt;Slika za preuzimanje&lt;\/a&gt;&lt;\/div&gt;\" \/><\/a><a href=\"https:\/\/live.staticflickr.com\/65535\/53340082099_6d844fa0e3_h.jpg\" title=\"Obilje\u017eena 32. obljetnica stradanja \u0160kabrnje\"><img decoding=\"async\" data-title=\"Obilje\u017eena 32. obljetnica stradanja \u0160kabrnje\" data-description=\"Kolonom sje\u0107anja 'Korak po korak' i polaganjem vijenaca u subotu 18. studenog 2023. odana je po\u010dast i po\u0161tovanje \u017ertvama \u0160kabrnje, u prigodi obilje\u017eavanja Dana sje\u0107anja na \u017ertve Domovinskog rata i Dana sje\u0107anja na \u017ertvu Vukovara i \u0160kabrnje | Foto: MORH\/ T. Brandt\" alt=\"Obilje\u017eena 32. obljetnica stradanja \u0160kabrnje\" src=\"https:\/\/live.staticflickr.com\/65535\/53340082099_6d844fa0e3_h.jpg\" data-layer=\"&lt;div class=&#039;morh-gallery-image-download&#039;&gt;&lt;a href=&#039;https:\/\/live.staticflickr.com\/65535\/53340082099_7603a3eefe_o.jpg&#039; target=&#039;_blank&#039;&gt;Slika za preuzimanje&lt;\/a&gt;&lt;\/div&gt;\" \/><\/a><a href=\"https:\/\/live.staticflickr.com\/65535\/53339976698_1222efc9fc_h.jpg\" title=\"Obilje\u017eena 32. obljetnica stradanja \u0160kabrnje\"><img decoding=\"async\" data-title=\"Obilje\u017eena 32. obljetnica stradanja \u0160kabrnje\" data-description=\"Kolonom sje\u0107anja 'Korak po korak' i polaganjem vijenaca u subotu 18. studenog 2023. odana je po\u010dast i po\u0161tovanje \u017ertvama \u0160kabrnje, u prigodi obilje\u017eavanja Dana sje\u0107anja na \u017ertve Domovinskog rata i Dana sje\u0107anja na \u017ertvu Vukovara i \u0160kabrnje | Foto: MORH\/ T. Brandt\" alt=\"Obilje\u017eena 32. obljetnica stradanja \u0160kabrnje\" src=\"https:\/\/live.staticflickr.com\/65535\/53339976698_1222efc9fc_h.jpg\" data-layer=\"&lt;div class=&#039;morh-gallery-image-download&#039;&gt;&lt;a href=&#039;https:\/\/live.staticflickr.com\/65535\/53339976698_119b4b74d6_o.jpg&#039; target=&#039;_blank&#039;&gt;Slika za preuzimanje&lt;\/a&gt;&lt;\/div&gt;\" \/><\/a><a href=\"https:\/\/live.staticflickr.com\/65535\/53338867757_8def9a8f56_h.jpg\" title=\"Obilje\u017eena 32. obljetnica stradanja \u0160kabrnje\"><img decoding=\"async\" data-title=\"Obilje\u017eena 32. obljetnica stradanja \u0160kabrnje\" data-description=\"Kolonom sje\u0107anja 'Korak po korak' i polaganjem vijenaca u subotu 18. studenog 2023. odana je po\u010dast i po\u0161tovanje \u017ertvama \u0160kabrnje, u prigodi obilje\u017eavanja Dana sje\u0107anja na \u017ertve Domovinskog rata i Dana sje\u0107anja na \u017ertvu Vukovara i \u0160kabrnje | Foto: MORH\/ T. Brandt\" alt=\"Obilje\u017eena 32. obljetnica stradanja \u0160kabrnje\" src=\"https:\/\/live.staticflickr.com\/65535\/53338867757_8def9a8f56_h.jpg\" data-layer=\"&lt;div class=&#039;morh-gallery-image-download&#039;&gt;&lt;a href=&#039;https:\/\/live.staticflickr.com\/65535\/53338867757_a58edb1b4f_o.jpg&#039; target=&#039;_blank&#039;&gt;Slika za preuzimanje&lt;\/a&gt;&lt;\/div&gt;\" \/><\/a><a href=\"https:\/\/live.staticflickr.com\/65535\/53340082034_ea9bf2d29a_h.jpg\" title=\"Obilje\u017eena 32. obljetnica stradanja \u0160kabrnje\"><img decoding=\"async\" data-title=\"Obilje\u017eena 32. obljetnica stradanja \u0160kabrnje\" data-description=\"Kolonom sje\u0107anja 'Korak po korak' i polaganjem vijenaca u subotu 18. studenog 2023. odana je po\u010dast i po\u0161tovanje \u017ertvama \u0160kabrnje, u prigodi obilje\u017eavanja Dana sje\u0107anja na \u017ertve Domovinskog rata i Dana sje\u0107anja na \u017ertvu Vukovara i \u0160kabrnje | Foto: MORH\/ T. Brandt\" alt=\"Obilje\u017eena 32. obljetnica stradanja \u0160kabrnje\" src=\"https:\/\/live.staticflickr.com\/65535\/53340082034_ea9bf2d29a_h.jpg\" data-layer=\"&lt;div class=&#039;morh-gallery-image-download&#039;&gt;&lt;a href=&#039;https:\/\/live.staticflickr.com\/65535\/53340082034_a942ae7424_o.jpg&#039; target=&#039;_blank&#039;&gt;Slika za preuzimanje&lt;\/a&gt;&lt;\/div&gt;\" \/><\/a><a href=\"https:\/\/live.staticflickr.com\/65535\/53339749666_0b9ad86cca_h.jpg\" title=\"Obilje\u017eena 32. obljetnica stradanja \u0160kabrnje\"><img decoding=\"async\" data-title=\"Obilje\u017eena 32. obljetnica stradanja \u0160kabrnje\" data-description=\"Kolonom sje\u0107anja 'Korak po korak' i polaganjem vijenaca u subotu 18. studenog 2023. odana je po\u010dast i po\u0161tovanje \u017ertvama \u0160kabrnje, u prigodi obilje\u017eavanja Dana sje\u0107anja na \u017ertve Domovinskog rata i Dana sje\u0107anja na \u017ertvu Vukovara i \u0160kabrnje | Foto: MORH\/ T. Brandt\" alt=\"Obilje\u017eena 32. obljetnica stradanja \u0160kabrnje\" src=\"https:\/\/live.staticflickr.com\/65535\/53339749666_0b9ad86cca_h.jpg\" data-layer=\"&lt;div class=&#039;morh-gallery-image-download&#039;&gt;&lt;a href=&#039;https:\/\/live.staticflickr.com\/65535\/53339749666_ef4cf82449_o.jpg&#039; target=&#039;_blank&#039;&gt;Slika za preuzimanje&lt;\/a&gt;&lt;\/div&gt;\" \/><\/a><a href=\"https:\/\/live.staticflickr.com\/65535\/53338867707_dfc094d8f7_h.jpg\" title=\"Obilje\u017eena 32. obljetnica stradanja \u0160kabrnje\"><img decoding=\"async\" data-title=\"Obilje\u017eena 32. obljetnica stradanja \u0160kabrnje\" data-description=\"Kolonom sje\u0107anja 'Korak po korak' i polaganjem vijenaca u subotu 18. studenog 2023. odana je po\u010dast i po\u0161tovanje \u017ertvama \u0160kabrnje, u prigodi obilje\u017eavanja Dana sje\u0107anja na \u017ertve Domovinskog rata i Dana sje\u0107anja na \u017ertvu Vukovara i \u0160kabrnje | Foto: MORH\/ T. Brandt\" alt=\"Obilje\u017eena 32. obljetnica stradanja \u0160kabrnje\" src=\"https:\/\/live.staticflickr.com\/65535\/53338867707_dfc094d8f7_h.jpg\" data-layer=\"&lt;div class=&#039;morh-gallery-image-download&#039;&gt;&lt;a href=&#039;https:\/\/live.staticflickr.com\/65535\/53338867707_f9e2324f72_o.jpg&#039; target=&#039;_blank&#039;&gt;Slika za preuzimanje&lt;\/a&gt;&lt;\/div&gt;\" \/><\/a><a href=\"https:\/\/live.staticflickr.com\/65535\/53339750081_0b603871e5_h.jpg\" title=\"Obilje\u017eena 32. obljetnica stradanja \u0160kabrnje\"><img decoding=\"async\" data-title=\"Obilje\u017eena 32. obljetnica stradanja \u0160kabrnje\" data-description=\"Kolonom sje\u0107anja 'Korak po korak' i polaganjem vijenaca u subotu 18. studenog 2023. odana je po\u010dast i po\u0161tovanje \u017ertvama \u0160kabrnje, u prigodi obilje\u017eavanja Dana sje\u0107anja na \u017ertve Domovinskog rata i Dana sje\u0107anja na \u017ertvu Vukovara i \u0160kabrnje | Foto: MORH\/ T. Brandt\" alt=\"Obilje\u017eena 32. obljetnica stradanja \u0160kabrnje\" src=\"https:\/\/live.staticflickr.com\/65535\/53339750081_0b603871e5_h.jpg\" data-layer=\"&lt;div class=&#039;morh-gallery-image-download&#039;&gt;&lt;a href=&#039;https:\/\/live.staticflickr.com\/65535\/53339750081_397b982900_o.jpg&#039; target=&#039;_blank&#039;&gt;Slika za preuzimanje&lt;\/a&gt;&lt;\/div&gt;\" \/><\/a><a href=\"https:\/\/live.staticflickr.com\/65535\/53340082024_7e90da1f0e_h.jpg\" title=\"Obilje\u017eena 32. obljetnica stradanja \u0160kabrnje\"><img decoding=\"async\" data-title=\"Obilje\u017eena 32. obljetnica stradanja \u0160kabrnje\" data-description=\"Kolonom sje\u0107anja 'Korak po korak' i polaganjem vijenaca u subotu 18. studenog 2023. odana je po\u010dast i po\u0161tovanje \u017ertvama \u0160kabrnje, u prigodi obilje\u017eavanja Dana sje\u0107anja na \u017ertve Domovinskog rata i Dana sje\u0107anja na \u017ertvu Vukovara i \u0160kabrnje | Foto: MORH\/ T. Brandt\" alt=\"Obilje\u017eena 32. obljetnica stradanja \u0160kabrnje\" src=\"https:\/\/live.staticflickr.com\/65535\/53340082024_7e90da1f0e_h.jpg\" data-layer=\"&lt;div class=&#039;morh-gallery-image-download&#039;&gt;&lt;a href=&#039;https:\/\/live.staticflickr.com\/65535\/53340082024_838002f56f_o.jpg&#039; target=&#039;_blank&#039;&gt;Slika za preuzimanje&lt;\/a&gt;&lt;\/div&gt;\" \/><\/a><a href=\"https:\/\/live.staticflickr.com\/65535\/53338867642_f651005400_h.jpg\" title=\"Obilje\u017eena 32. obljetnica stradanja \u0160kabrnje\"><img decoding=\"async\" data-title=\"Obilje\u017eena 32. obljetnica stradanja \u0160kabrnje\" data-description=\"Kolonom sje\u0107anja 'Korak po korak' i polaganjem vijenaca u subotu 18. studenog 2023. odana je po\u010dast i po\u0161tovanje \u017ertvama \u0160kabrnje, u prigodi obilje\u017eavanja Dana sje\u0107anja na \u017ertve Domovinskog rata i Dana sje\u0107anja na \u017ertvu Vukovara i \u0160kabrnje | Foto: MORH\/ T. Brandt\" alt=\"Obilje\u017eena 32. obljetnica stradanja \u0160kabrnje\" src=\"https:\/\/live.staticflickr.com\/65535\/53338867642_f651005400_h.jpg\" data-layer=\"&lt;div class=&#039;morh-gallery-image-download&#039;&gt;&lt;a href=&#039;https:\/\/live.staticflickr.com\/65535\/53338867642_4e3345525c_o.jpg&#039; target=&#039;_blank&#039;&gt;Slika za preuzimanje&lt;\/a&gt;&lt;\/div&gt;\" \/><\/a><a href=\"https:\/\/live.staticflickr.com\/65535\/53340082009_55781c9b0b_h.jpg\" title=\"Obilje\u017eena 32. obljetnica stradanja \u0160kabrnje\"><img decoding=\"async\" data-title=\"Obilje\u017eena 32. obljetnica stradanja \u0160kabrnje\" data-description=\"Kolonom sje\u0107anja 'Korak po korak' i polaganjem vijenaca u subotu 18. studenog 2023. odana je po\u010dast i po\u0161tovanje \u017ertvama \u0160kabrnje, u prigodi obilje\u017eavanja Dana sje\u0107anja na \u017ertve Domovinskog rata i Dana sje\u0107anja na \u017ertvu Vukovara i \u0160kabrnje | Foto: MORH\/ T. Brandt\" alt=\"Obilje\u017eena 32. obljetnica stradanja \u0160kabrnje\" src=\"https:\/\/live.staticflickr.com\/65535\/53340082009_55781c9b0b_h.jpg\" data-layer=\"&lt;div class=&#039;morh-gallery-image-download&#039;&gt;&lt;a href=&#039;https:\/\/live.staticflickr.com\/65535\/53340082009_3f4972e458_o.jpg&#039; target=&#039;_blank&#039;&gt;Slika za preuzimanje&lt;\/a&gt;&lt;\/div&gt;\" \/><\/a><a href=\"https:\/\/live.staticflickr.com\/65535\/53339976598_718829ca86_h.jpg\" title=\"Obilje\u017eena 32. obljetnica stradanja \u0160kabrnje\"><img decoding=\"async\" data-title=\"Obilje\u017eena 32. obljetnica stradanja \u0160kabrnje\" data-description=\"Kolonom sje\u0107anja 'Korak po korak' i polaganjem vijenaca u subotu 18. studenog 2023. odana je po\u010dast i po\u0161tovanje \u017ertvama \u0160kabrnje, u prigodi obilje\u017eavanja Dana sje\u0107anja na \u017ertve Domovinskog rata i Dana sje\u0107anja na \u017ertvu Vukovara i \u0160kabrnje | Foto: MORH\/ T. Brandt\" alt=\"Obilje\u017eena 32. obljetnica stradanja \u0160kabrnje\" src=\"https:\/\/live.staticflickr.com\/65535\/53339976598_718829ca86_h.jpg\" data-layer=\"&lt;div class=&#039;morh-gallery-image-download&#039;&gt;&lt;a href=&#039;https:\/\/live.staticflickr.com\/65535\/53339976598_ba91ccb36f_o.jpg&#039; target=&#039;_blank&#039;&gt;Slika za preuzimanje&lt;\/a&gt;&lt;\/div&gt;\" \/><\/a><a href=\"https:\/\/live.staticflickr.com\/65535\/53339750001_a48ecbafea_h.jpg\" title=\"Obilje\u017eena 32. obljetnica stradanja \u0160kabrnje\"><img decoding=\"async\" data-title=\"Obilje\u017eena 32. obljetnica stradanja \u0160kabrnje\" data-description=\"Kolonom sje\u0107anja 'Korak po korak' i polaganjem vijenaca u subotu 18. studenog 2023. odana je po\u010dast i po\u0161tovanje \u017ertvama \u0160kabrnje, u prigodi obilje\u017eavanja Dana sje\u0107anja na \u017ertve Domovinskog rata i Dana sje\u0107anja na \u017ertvu Vukovara i \u0160kabrnje | Foto: MORH\/ T. Brandt\" alt=\"Obilje\u017eena 32. obljetnica stradanja \u0160kabrnje\" src=\"https:\/\/live.staticflickr.com\/65535\/53339750001_a48ecbafea_h.jpg\" data-layer=\"&lt;div class=&#039;morh-gallery-image-download&#039;&gt;&lt;a href=&#039;https:\/\/live.staticflickr.com\/65535\/53339750001_739c694f81_o.jpg&#039; target=&#039;_blank&#039;&gt;Slika za preuzimanje&lt;\/a&gt;&lt;\/div&gt;\" \/><\/a><a href=\"https:\/\/live.staticflickr.com\/65535\/53340203060_a6febbbb37_h.jpg\" title=\"Obilje\u017eena 32. obljetnica stradanja \u0160kabrnje\"><img decoding=\"async\" data-title=\"Obilje\u017eena 32. obljetnica stradanja \u0160kabrnje\" data-description=\"Kolonom sje\u0107anja 'Korak po korak' i polaganjem vijenaca u subotu 18. studenog 2023. odana je po\u010dast i po\u0161tovanje \u017ertvama \u0160kabrnje, u prigodi obilje\u017eavanja Dana sje\u0107anja na \u017ertve Domovinskog rata i Dana sje\u0107anja na \u017ertvu Vukovara i \u0160kabrnje | Foto: MORH\/ T. Brandt\" alt=\"Obilje\u017eena 32. obljetnica stradanja \u0160kabrnje\" src=\"https:\/\/live.staticflickr.com\/65535\/53340203060_a6febbbb37_h.jpg\" data-layer=\"&lt;div class=&#039;morh-gallery-image-download&#039;&gt;&lt;a href=&#039;https:\/\/live.staticflickr.com\/65535\/53340203060_e8999c0c8e_o.jpg&#039; target=&#039;_blank&#039;&gt;Slika za preuzimanje&lt;\/a&gt;&lt;\/div&gt;\" \/><\/a><a href=\"https:\/\/live.staticflickr.com\/65535\/53340203065_aa90762757_h.jpg\" title=\"Obilje\u017eena 32. obljetnica stradanja \u0160kabrnje\"><img decoding=\"async\" data-title=\"Obilje\u017eena 32. obljetnica stradanja \u0160kabrnje\" data-description=\"Kolonom sje\u0107anja 'Korak po korak' i polaganjem vijenaca u subotu 18. studenog 2023. odana je po\u010dast i po\u0161tovanje \u017ertvama \u0160kabrnje, u prigodi obilje\u017eavanja Dana sje\u0107anja na \u017ertve Domovinskog rata i Dana sje\u0107anja na \u017ertvu Vukovara i \u0160kabrnje | Foto: MORH\/ T. Brandt\" alt=\"Obilje\u017eena 32. obljetnica stradanja \u0160kabrnje\" src=\"https:\/\/live.staticflickr.com\/65535\/53340203065_aa90762757_h.jpg\" data-layer=\"&lt;div class=&#039;morh-gallery-image-download&#039;&gt;&lt;a href=&#039;https:\/\/live.staticflickr.com\/65535\/53340203065_ea07e842f6_o.jpg&#039; target=&#039;_blank&#039;&gt;Slika za preuzimanje&lt;\/a&gt;&lt;\/div&gt;\" \/><\/a><a href=\"https:\/\/live.staticflickr.com\/65535\/53339749976_cc59f1fa98_h.jpg\" title=\"Obilje\u017eena 32. obljetnica stradanja \u0160kabrnje\"><img decoding=\"async\" data-title=\"Obilje\u017eena 32. obljetnica stradanja \u0160kabrnje\" data-description=\"Kolonom sje\u0107anja 'Korak po korak' i polaganjem vijenaca u subotu 18. studenog 2023. odana je po\u010dast i po\u0161tovanje \u017ertvama \u0160kabrnje, u prigodi obilje\u017eavanja Dana sje\u0107anja na \u017ertve Domovinskog rata i Dana sje\u0107anja na \u017ertvu Vukovara i \u0160kabrnje | Foto: MORH\/ T. Brandt\" alt=\"Obilje\u017eena 32. obljetnica stradanja \u0160kabrnje\" src=\"https:\/\/live.staticflickr.com\/65535\/53339749976_cc59f1fa98_h.jpg\" data-layer=\"&lt;div class=&#039;morh-gallery-image-download&#039;&gt;&lt;a href=&#039;https:\/\/live.staticflickr.com\/65535\/53339749976_a62286fc09_o.jpg&#039; target=&#039;_blank&#039;&gt;Slika za preuzimanje&lt;\/a&gt;&lt;\/div&gt;\" \/><\/a><a href=\"https:\/\/live.staticflickr.com\/65535\/53340203025_29a957fe01_h.jpg\" title=\"Obilje\u017eena 32. obljetnica stradanja \u0160kabrnje\"><img decoding=\"async\" data-title=\"Obilje\u017eena 32. obljetnica stradanja \u0160kabrnje\" data-description=\"Kolonom sje\u0107anja 'Korak po korak' i polaganjem vijenaca u subotu 18. studenog 2023. odana je po\u010dast i po\u0161tovanje \u017ertvama \u0160kabrnje, u prigodi obilje\u017eavanja Dana sje\u0107anja na \u017ertve Domovinskog rata i Dana sje\u0107anja na \u017ertvu Vukovara i \u0160kabrnje | Foto: MORH\/ T. Brandt\" alt=\"Obilje\u017eena 32. obljetnica stradanja \u0160kabrnje\" src=\"https:\/\/live.staticflickr.com\/65535\/53340203025_29a957fe01_h.jpg\" data-layer=\"&lt;div class=&#039;morh-gallery-image-download&#039;&gt;&lt;a href=&#039;https:\/\/live.staticflickr.com\/65535\/53340203025_ac501fd7d8_o.jpg&#039; target=&#039;_blank&#039;&gt;Slika za preuzimanje&lt;\/a&gt;&lt;\/div&gt;\" \/><\/a><a href=\"https:\/\/live.staticflickr.com\/65535\/53340081934_9af0e6081c_h.jpg\" title=\"Obilje\u017eena 32. obljetnica stradanja \u0160kabrnje\"><img decoding=\"async\" data-title=\"Obilje\u017eena 32. obljetnica stradanja \u0160kabrnje\" data-description=\"Kolonom sje\u0107anja 'Korak po korak' i polaganjem vijenaca u subotu 18. studenog 2023. odana je po\u010dast i po\u0161tovanje \u017ertvama \u0160kabrnje, u prigodi obilje\u017eavanja Dana sje\u0107anja na \u017ertve Domovinskog rata i Dana sje\u0107anja na \u017ertvu Vukovara i \u0160kabrnje | Foto: MORH\/ T. Brandt\" alt=\"Obilje\u017eena 32. obljetnica stradanja \u0160kabrnje\" src=\"https:\/\/live.staticflickr.com\/65535\/53340081934_9af0e6081c_h.jpg\" data-layer=\"&lt;div class=&#039;morh-gallery-image-download&#039;&gt;&lt;a href=&#039;https:\/\/live.staticflickr.com\/65535\/53340081934_fc15ea6f92_o.jpg&#039; target=&#039;_blank&#039;&gt;Slika za preuzimanje&lt;\/a&gt;&lt;\/div&gt;\" \/><\/a><a href=\"https:\/\/live.staticflickr.com\/65535\/53340081939_c9844a6d55_h.jpg\" title=\"Obilje\u017eena 32. obljetnica stradanja \u0160kabrnje\"><img decoding=\"async\" data-title=\"Obilje\u017eena 32. obljetnica stradanja \u0160kabrnje\" data-description=\"Kolonom sje\u0107anja 'Korak po korak' i polaganjem vijenaca u subotu 18. studenog 2023. odana je po\u010dast i po\u0161tovanje \u017ertvama \u0160kabrnje, u prigodi obilje\u017eavanja Dana sje\u0107anja na \u017ertve Domovinskog rata i Dana sje\u0107anja na \u017ertvu Vukovara i \u0160kabrnje | Foto: MORH\/ T. Brandt\" alt=\"Obilje\u017eena 32. obljetnica stradanja \u0160kabrnje\" src=\"https:\/\/live.staticflickr.com\/65535\/53340081939_c9844a6d55_h.jpg\" data-layer=\"&lt;div class=&#039;morh-gallery-image-download&#039;&gt;&lt;a href=&#039;https:\/\/live.staticflickr.com\/65535\/53340081939_68ca60c28d_o.jpg&#039; target=&#039;_blank&#039;&gt;Slika za preuzimanje&lt;\/a&gt;&lt;\/div&gt;\" \/><\/a><a href=\"https:\/\/live.staticflickr.com\/65535\/53338867557_575b5038f2_h.jpg\" title=\"Obilje\u017eena 32. obljetnica stradanja \u0160kabrnje\"><img decoding=\"async\" data-title=\"Obilje\u017eena 32. obljetnica stradanja \u0160kabrnje\" data-description=\"Kolonom sje\u0107anja 'Korak po korak' i polaganjem vijenaca u subotu 18. studenog 2023. odana je po\u010dast i po\u0161tovanje \u017ertvama \u0160kabrnje, u prigodi obilje\u017eavanja Dana sje\u0107anja na \u017ertve Domovinskog rata i Dana sje\u0107anja na \u017ertvu Vukovara i \u0160kabrnje | Foto: MORH\/ T. Brandt\" alt=\"Obilje\u017eena 32. obljetnica stradanja \u0160kabrnje\" src=\"https:\/\/live.staticflickr.com\/65535\/53338867557_575b5038f2_h.jpg\" data-layer=\"&lt;div class=&#039;morh-gallery-image-download&#039;&gt;&lt;a href=&#039;https:\/\/live.staticflickr.com\/65535\/53338867557_daaf34e284_o.jpg&#039; target=&#039;_blank&#039;&gt;Slika za preuzimanje&lt;\/a&gt;&lt;\/div&gt;\" \/><\/a><a href=\"https:\/\/live.staticflickr.com\/65535\/53338867562_57d7915040_h.jpg\" title=\"Obilje\u017eena 32. obljetnica stradanja \u0160kabrnje\"><img decoding=\"async\" data-title=\"Obilje\u017eena 32. obljetnica stradanja \u0160kabrnje\" data-description=\"Kolonom sje\u0107anja 'Korak po korak' i polaganjem vijenaca u subotu 18. studenog 2023. odana je po\u010dast i po\u0161tovanje \u017ertvama \u0160kabrnje, u prigodi obilje\u017eavanja Dana sje\u0107anja na \u017ertve Domovinskog rata i Dana sje\u0107anja na \u017ertvu Vukovara i \u0160kabrnje | Foto: MORH\/ T. Brandt\" alt=\"Obilje\u017eena 32. obljetnica stradanja \u0160kabrnje\" src=\"https:\/\/live.staticflickr.com\/65535\/53338867562_57d7915040_h.jpg\" data-layer=\"&lt;div class=&#039;morh-gallery-image-download&#039;&gt;&lt;a href=&#039;https:\/\/live.staticflickr.com\/65535\/53338867562_b2eb915896_o.jpg&#039; target=&#039;_blank&#039;&gt;Slika za preuzimanje&lt;\/a&gt;&lt;\/div&gt;\" \/><\/a><a href=\"https:\/\/live.staticflickr.com\/65535\/53340202965_bc1e054052_h.jpg\" title=\"Obilje\u017eena 32. obljetnica stradanja \u0160kabrnje\"><img decoding=\"async\" data-title=\"Obilje\u017eena 32. obljetnica stradanja \u0160kabrnje\" data-description=\"Kolonom sje\u0107anja 'Korak po korak' i polaganjem vijenaca u subotu 18. studenog 2023. odana je po\u010dast i po\u0161tovanje \u017ertvama \u0160kabrnje, u prigodi obilje\u017eavanja Dana sje\u0107anja na \u017ertve Domovinskog rata i Dana sje\u0107anja na \u017ertvu Vukovara i \u0160kabrnje | Foto: MORH\/ T. Brandt\" alt=\"Obilje\u017eena 32. obljetnica stradanja \u0160kabrnje\" src=\"https:\/\/live.staticflickr.com\/65535\/53340202965_bc1e054052_h.jpg\" data-layer=\"&lt;div class=&#039;morh-gallery-image-download&#039;&gt;&lt;a href=&#039;https:\/\/live.staticflickr.com\/65535\/53340202965_6092869fc4_o.jpg&#039; target=&#039;_blank&#039;&gt;Slika za preuzimanje&lt;\/a&gt;&lt;\/div&gt;\" \/><\/a><a href=\"https:\/\/live.staticflickr.com\/65535\/53338867547_fd8d45de10_h.jpg\" title=\"Obilje\u017eena 32. obljetnica stradanja \u0160kabrnje\"><img decoding=\"async\" data-title=\"Obilje\u017eena 32. obljetnica stradanja \u0160kabrnje\" data-description=\"Kolonom sje\u0107anja 'Korak po korak' i polaganjem vijenaca u subotu 18. studenog 2023. odana je po\u010dast i po\u0161tovanje \u017ertvama \u0160kabrnje, u prigodi obilje\u017eavanja Dana sje\u0107anja na \u017ertve Domovinskog rata i Dana sje\u0107anja na \u017ertvu Vukovara i \u0160kabrnje | Foto: MORH\/ T. Brandt\" alt=\"Obilje\u017eena 32. obljetnica stradanja \u0160kabrnje\" src=\"https:\/\/live.staticflickr.com\/65535\/53338867547_fd8d45de10_h.jpg\" data-layer=\"&lt;div class=&#039;morh-gallery-image-download&#039;&gt;&lt;a href=&#039;https:\/\/live.staticflickr.com\/65535\/53338867547_29b7b35503_o.jpg&#039; target=&#039;_blank&#039;&gt;Slika za preuzimanje&lt;\/a&gt;&lt;\/div&gt;\" \/><\/a><a href=\"https:\/\/live.staticflickr.com\/65535\/53339749846_4170e80d80_h.jpg\" title=\"Obilje\u017eena 32. obljetnica stradanja \u0160kabrnje\"><img decoding=\"async\" data-title=\"Obilje\u017eena 32. obljetnica stradanja \u0160kabrnje\" data-description=\"Kolonom sje\u0107anja 'Korak po korak' i polaganjem vijenaca u subotu 18. studenog 2023. odana je po\u010dast i po\u0161tovanje \u017ertvama \u0160kabrnje, u prigodi obilje\u017eavanja Dana sje\u0107anja na \u017ertve Domovinskog rata i Dana sje\u0107anja na \u017ertvu Vukovara i \u0160kabrnje | Foto: MORH\/ T. Brandt\" alt=\"Obilje\u017eena 32. obljetnica stradanja \u0160kabrnje\" src=\"https:\/\/live.staticflickr.com\/65535\/53339749846_4170e80d80_h.jpg\" data-layer=\"&lt;div class=&#039;morh-gallery-image-download&#039;&gt;&lt;a href=&#039;https:\/\/live.staticflickr.com\/65535\/53339749846_171fc0a249_o.jpg&#039; target=&#039;_blank&#039;&gt;Slika za preuzimanje&lt;\/a&gt;&lt;\/div&gt;\" \/><\/a><a href=\"https:\/\/live.staticflickr.com\/65535\/53339749866_de23344876_h.jpg\" title=\"Obilje\u017eena 32. obljetnica stradanja \u0160kabrnje\"><img decoding=\"async\" data-title=\"Obilje\u017eena 32. obljetnica stradanja \u0160kabrnje\" data-description=\"Kolonom sje\u0107anja 'Korak po korak' i polaganjem vijenaca u subotu 18. studenog 2023. odana je po\u010dast i po\u0161tovanje \u017ertvama \u0160kabrnje, u prigodi obilje\u017eavanja Dana sje\u0107anja na \u017ertve Domovinskog rata i Dana sje\u0107anja na \u017ertvu Vukovara i \u0160kabrnje | Foto: MORH\/ T. Brandt\" alt=\"Obilje\u017eena 32. obljetnica stradanja \u0160kabrnje\" src=\"https:\/\/live.staticflickr.com\/65535\/53339749866_de23344876_h.jpg\" data-layer=\"&lt;div class=&#039;morh-gallery-image-download&#039;&gt;&lt;a href=&#039;https:\/\/live.staticflickr.com\/65535\/53339749866_a42f982daa_o.jpg&#039; target=&#039;_blank&#039;&gt;Slika za preuzimanje&lt;\/a&gt;&lt;\/div&gt;\" \/><\/a><a href=\"https:\/\/live.staticflickr.com\/65535\/53340202915_e664f2c108_h.jpg\" title=\"Obilje\u017eena 32. obljetnica stradanja \u0160kabrnje\"><img decoding=\"async\" data-title=\"Obilje\u017eena 32. obljetnica stradanja \u0160kabrnje\" data-description=\"Kolonom sje\u0107anja 'Korak po korak' i polaganjem vijenaca u subotu 18. studenog 2023. odana je po\u010dast i po\u0161tovanje \u017ertvama \u0160kabrnje, u prigodi obilje\u017eavanja Dana sje\u0107anja na \u017ertve Domovinskog rata i Dana sje\u0107anja na \u017ertvu Vukovara i \u0160kabrnje | Foto: MORH\/ T. Brandt\" alt=\"Obilje\u017eena 32. obljetnica stradanja \u0160kabrnje\" src=\"https:\/\/live.staticflickr.com\/65535\/53340202915_e664f2c108_h.jpg\" data-layer=\"&lt;div class=&#039;morh-gallery-image-download&#039;&gt;&lt;a href=&#039;https:\/\/live.staticflickr.com\/65535\/53340202915_b4d2e27298_o.jpg&#039; target=&#039;_blank&#039;&gt;Slika za preuzimanje&lt;\/a&gt;&lt;\/div&gt;\" \/><\/a><a href=\"https:\/\/live.staticflickr.com\/65535\/53340202920_a172f8b681_h.jpg\" title=\"Obilje\u017eena 32. obljetnica stradanja \u0160kabrnje\"><img decoding=\"async\" data-title=\"Obilje\u017eena 32. obljetnica stradanja \u0160kabrnje\" data-description=\"Kolonom sje\u0107anja 'Korak po korak' i polaganjem vijenaca u subotu 18. studenog 2023. odana je po\u010dast i po\u0161tovanje \u017ertvama \u0160kabrnje, u prigodi obilje\u017eavanja Dana sje\u0107anja na \u017ertve Domovinskog rata i Dana sje\u0107anja na \u017ertvu Vukovara i \u0160kabrnje | Foto: MORH\/ T. Brandt\" alt=\"Obilje\u017eena 32. obljetnica stradanja \u0160kabrnje\" src=\"https:\/\/live.staticflickr.com\/65535\/53340202920_a172f8b681_h.jpg\" data-layer=\"&lt;div class=&#039;morh-gallery-image-download&#039;&gt;&lt;a href=&#039;https:\/\/live.staticflickr.com\/65535\/53340202920_a921bfb208_o.jpg&#039; target=&#039;_blank&#039;&gt;Slika za preuzimanje&lt;\/a&gt;&lt;\/div&gt;\" \/><\/a><a href=\"https:\/\/live.staticflickr.com\/65535\/53338867437_c2c97c0de6_h.jpg\" title=\"Obilje\u017eena 32. obljetnica stradanja \u0160kabrnje\"><img decoding=\"async\" data-title=\"Obilje\u017eena 32. obljetnica stradanja \u0160kabrnje\" data-description=\"Kolonom sje\u0107anja 'Korak po korak' i polaganjem vijenaca u subotu 18. studenog 2023. odana je po\u010dast i po\u0161tovanje \u017ertvama \u0160kabrnje, u prigodi obilje\u017eavanja Dana sje\u0107anja na \u017ertve Domovinskog rata i Dana sje\u0107anja na \u017ertvu Vukovara i \u0160kabrnje | Foto: MORH\/ T. Brandt\" alt=\"Obilje\u017eena 32. obljetnica stradanja \u0160kabrnje\" src=\"https:\/\/live.staticflickr.com\/65535\/53338867437_c2c97c0de6_h.jpg\" data-layer=\"&lt;div class=&#039;morh-gallery-image-download&#039;&gt;&lt;a href=&#039;https:\/\/live.staticflickr.com\/65535\/53338867437_0aa8158931_o.jpg&#039; target=&#039;_blank&#039;&gt;Slika za preuzimanje&lt;\/a&gt;&lt;\/div&gt;\" \/><\/a><a href=\"https:\/\/live.staticflickr.com\/65535\/53340081784_e6016544d7_h.jpg\" title=\"Obilje\u017eena 32. obljetnica stradanja \u0160kabrnje\"><img decoding=\"async\" data-title=\"Obilje\u017eena 32. obljetnica stradanja \u0160kabrnje\" data-description=\"Kolonom sje\u0107anja 'Korak po korak' i polaganjem vijenaca u subotu 18. studenog 2023. odana je po\u010dast i po\u0161tovanje \u017ertvama \u0160kabrnje, u prigodi obilje\u017eavanja Dana sje\u0107anja na \u017ertve Domovinskog rata i Dana sje\u0107anja na \u017ertvu Vukovara i \u0160kabrnje | Foto: MORH\/ T. Brandt\" alt=\"Obilje\u017eena 32. obljetnica stradanja \u0160kabrnje\" src=\"https:\/\/live.staticflickr.com\/65535\/53340081784_e6016544d7_h.jpg\" data-layer=\"&lt;div class=&#039;morh-gallery-image-download&#039;&gt;&lt;a href=&#039;https:\/\/live.staticflickr.com\/65535\/53340081784_651ea32e70_o.jpg&#039; target=&#039;_blank&#039;&gt;Slika za preuzimanje&lt;\/a&gt;&lt;\/div&gt;\" \/><\/a><a href=\"https:\/\/live.staticflickr.com\/65535\/53340202845_81f4ec6f26_h.jpg\" title=\"Obilje\u017eena 32. obljetnica stradanja \u0160kabrnje\"><img decoding=\"async\" data-title=\"Obilje\u017eena 32. obljetnica stradanja \u0160kabrnje\" data-description=\"Kolonom sje\u0107anja 'Korak po korak' i polaganjem vijenaca u subotu 18. studenog 2023. odana je po\u010dast i po\u0161tovanje \u017ertvama \u0160kabrnje, u prigodi obilje\u017eavanja Dana sje\u0107anja na \u017ertve Domovinskog rata i Dana sje\u0107anja na \u017ertvu Vukovara i \u0160kabrnje | Foto: MORH\/ T. Brandt\" alt=\"Obilje\u017eena 32. obljetnica stradanja \u0160kabrnje\" src=\"https:\/\/live.staticflickr.com\/65535\/53340202845_81f4ec6f26_h.jpg\" data-layer=\"&lt;div class=&#039;morh-gallery-image-download&#039;&gt;&lt;a href=&#039;https:\/\/live.staticflickr.com\/65535\/53340202845_c8cec435b4_o.jpg&#039; target=&#039;_blank&#039;&gt;Slika za preuzimanje&lt;\/a&gt;&lt;\/div&gt;\" \/><\/a><a href=\"https:\/\/live.staticflickr.com\/65535\/53339749776_909d09a2a5_h.jpg\" title=\"Obilje\u017eena 32. obljetnica stradanja \u0160kabrnje\"><img decoding=\"async\" data-title=\"Obilje\u017eena 32. obljetnica stradanja \u0160kabrnje\" data-description=\"Kolonom sje\u0107anja 'Korak po korak' i polaganjem vijenaca u subotu 18. studenog 2023. odana je po\u010dast i po\u0161tovanje \u017ertvama \u0160kabrnje, u prigodi obilje\u017eavanja Dana sje\u0107anja na \u017ertve Domovinskog rata i Dana sje\u0107anja na \u017ertvu Vukovara i \u0160kabrnje | Foto: MORH\/ T. Brandt\" alt=\"Obilje\u017eena 32. obljetnica stradanja \u0160kabrnje\" src=\"https:\/\/live.staticflickr.com\/65535\/53339749776_909d09a2a5_h.jpg\" data-layer=\"&lt;div class=&#039;morh-gallery-image-download&#039;&gt;&lt;a href=&#039;https:\/\/live.staticflickr.com\/65535\/53339749776_708f4e1ee0_o.jpg&#039; target=&#039;_blank&#039;&gt;Slika za preuzimanje&lt;\/a&gt;&lt;\/div&gt;\" \/><\/a><a href=\"https:\/\/live.staticflickr.com\/65535\/53340202830_c105ada6ff_h.jpg\" title=\"Obilje\u017eena 32. obljetnica stradanja \u0160kabrnje\"><img decoding=\"async\" data-title=\"Obilje\u017eena 32. obljetnica stradanja \u0160kabrnje\" data-description=\"Kolonom sje\u0107anja 'Korak po korak' i polaganjem vijenaca u subotu 18. studenog 2023. odana je po\u010dast i po\u0161tovanje \u017ertvama \u0160kabrnje, u prigodi obilje\u017eavanja Dana sje\u0107anja na \u017ertve Domovinskog rata i Dana sje\u0107anja na \u017ertvu Vukovara i \u0160kabrnje | Foto: MORH\/ T. Brandt\" alt=\"Obilje\u017eena 32. obljetnica stradanja \u0160kabrnje\" src=\"https:\/\/live.staticflickr.com\/65535\/53340202830_c105ada6ff_h.jpg\" data-layer=\"&lt;div class=&#039;morh-gallery-image-download&#039;&gt;&lt;a href=&#039;https:\/\/live.staticflickr.com\/65535\/53340202830_547d2d1d82_o.jpg&#039; target=&#039;_blank&#039;&gt;Slika za preuzimanje&lt;\/a&gt;&lt;\/div&gt;\" \/><\/a><a href=\"https:\/\/live.staticflickr.com\/65535\/53340081564_11964e7250_h.jpg\" title=\"Obilje\u017eena 32. obljetnica stradanja \u0160kabrnje\"><img decoding=\"async\" data-title=\"Obilje\u017eena 32. obljetnica stradanja \u0160kabrnje\" data-description=\"Kolonom sje\u0107anja 'Korak po korak' i polaganjem vijenaca u subotu 18. studenog 2023. odana je po\u010dast i po\u0161tovanje \u017ertvama \u0160kabrnje, u prigodi obilje\u017eavanja Dana sje\u0107anja na \u017ertve Domovinskog rata i Dana sje\u0107anja na \u017ertvu Vukovara i \u0160kabrnje | Foto: MORH\/ T. Brandt\" alt=\"Obilje\u017eena 32. obljetnica stradanja \u0160kabrnje\" src=\"https:\/\/live.staticflickr.com\/65535\/53340081564_11964e7250_h.jpg\" data-layer=\"&lt;div class=&#039;morh-gallery-image-download&#039;&gt;&lt;a href=&#039;https:\/\/live.staticflickr.com\/65535\/53340081564_98046977d6_o.jpg&#039; target=&#039;_blank&#039;&gt;Slika za preuzimanje&lt;\/a&gt;&lt;\/div&gt;\" \/><\/a><a href=\"https:\/\/live.staticflickr.com\/65535\/53340202660_ee011ff6f8_h.jpg\" title=\"Obilje\u017eena 32. obljetnica stradanja \u0160kabrnje\"><img decoding=\"async\" data-title=\"Obilje\u017eena 32. obljetnica stradanja \u0160kabrnje\" data-description=\"Kolonom sje\u0107anja 'Korak po korak' i polaganjem vijenaca u subotu 18. studenog 2023. odana je po\u010dast i po\u0161tovanje \u017ertvama \u0160kabrnje, u prigodi obilje\u017eavanja Dana sje\u0107anja na \u017ertve Domovinskog rata i Dana sje\u0107anja na \u017ertvu Vukovara i \u0160kabrnje | Foto: MORH\/ T. Brandt\" alt=\"Obilje\u017eena 32. obljetnica stradanja \u0160kabrnje\" src=\"https:\/\/live.staticflickr.com\/65535\/53340202660_ee011ff6f8_h.jpg\" data-layer=\"&lt;div class=&#039;morh-gallery-image-download&#039;&gt;&lt;a href=&#039;https:\/\/live.staticflickr.com\/65535\/53340202660_d393326da8_o.jpg&#039; target=&#039;_blank&#039;&gt;Slika za preuzimanje&lt;\/a&gt;&lt;\/div&gt;\" \/><\/a><a href=\"https:\/\/live.staticflickr.com\/65535\/53338867247_010c8e893e_h.jpg\" title=\"Obilje\u017eena 32. obljetnica stradanja \u0160kabrnje\"><img decoding=\"async\" data-title=\"Obilje\u017eena 32. obljetnica stradanja \u0160kabrnje\" data-description=\"Kolonom sje\u0107anja 'Korak po korak' i polaganjem vijenaca u subotu 18. studenog 2023. odana je po\u010dast i po\u0161tovanje \u017ertvama \u0160kabrnje, u prigodi obilje\u017eavanja Dana sje\u0107anja na \u017ertve Domovinskog rata i Dana sje\u0107anja na \u017ertvu Vukovara i \u0160kabrnje | Foto: MORH\/ T. Brandt\" alt=\"Obilje\u017eena 32. obljetnica stradanja \u0160kabrnje\" src=\"https:\/\/live.staticflickr.com\/65535\/53338867247_010c8e893e_h.jpg\" data-layer=\"&lt;div class=&#039;morh-gallery-image-download&#039;&gt;&lt;a href=&#039;https:\/\/live.staticflickr.com\/65535\/53338867247_33ac65de0a_o.jpg&#039; target=&#039;_blank&#039;&gt;Slika za preuzimanje&lt;\/a&gt;&lt;\/div&gt;\" \/><\/a><a href=\"https:\/\/live.staticflickr.com\/65535\/53340202655_c290cf2107_h.jpg\" title=\"Obilje\u017eena 32. obljetnica stradanja \u0160kabrnje\"><img decoding=\"async\" data-title=\"Obilje\u017eena 32. obljetnica stradanja \u0160kabrnje\" data-description=\"Kolonom sje\u0107anja 'Korak po korak' i polaganjem vijenaca u subotu 18. studenog 2023. odana je po\u010dast i po\u0161tovanje \u017ertvama \u0160kabrnje, u prigodi obilje\u017eavanja Dana sje\u0107anja na \u017ertve Domovinskog rata i Dana sje\u0107anja na \u017ertvu Vukovara i \u0160kabrnje | Foto: MORH\/ T. Brandt\" alt=\"Obilje\u017eena 32. obljetnica stradanja \u0160kabrnje\" src=\"https:\/\/live.staticflickr.com\/65535\/53340202655_c290cf2107_h.jpg\" data-layer=\"&lt;div class=&#039;morh-gallery-image-download&#039;&gt;&lt;a href=&#039;https:\/\/live.staticflickr.com\/65535\/53340202655_f53b393f85_o.jpg&#039; target=&#039;_blank&#039;&gt;Slika za preuzimanje&lt;\/a&gt;&lt;\/div&gt;\" \/><\/a><\/div><!--\/.morh-galleria -->\n","protected":false},"excerpt":{"rendered":"<p>Numerous residents paid their respects to the fallen Croatian defenders and the slain citizens of \u0160kabrnja by walking &#8220;step by step&#8221; with dignity and piety<\/p>\n","protected":false},"author":3,"featured_media":227218,"comment_status":"closed","ping_status":"closed","sticky":false,"template":"","format":"standard","meta":{"_acf_changed":false,"_monsterinsights_skip_tracking":false,"_monsterinsights_sitenote_active":false,"_monsterinsights_sitenote_note":"","_monsterinsights_sitenote_category":0,"footnotes":""},"categories":[117],"tags":[],"class_list":["post-227217","post","type-post","status-publish","format-standard","has-post-thumbnail","hentry","category-press-releases"],"acf":[],"yoast_head":"<!-- This site is optimized with the Yoast SEO plugin v26.9 - https:\/\/yoast.com\/product\/yoast-seo-wordpress\/ -->\n<title>Croatia Marking the 32nd Anniversary of the \u0160kabrnja Massacre - MORH<\/title>\n<meta name=\"description\" content=\"Numerous residents paid their respects to the fallen Croatian defenders and the slain citizens of \u0160kabrnja by walking &quot;step by step&quot; with dignity and piety\" \/>\n<meta name=\"robots\" content=\"index, follow, max-snippet:-1, max-image-preview:large, max-video-preview:-1\" \/>\n<link rel=\"canonical\" href=\"https:\/\/www.morh.hr\/en\/croatia-marking-the-32nd-anniversary-of-the-skabrnja-massacre\/\" \/>\n<meta property=\"og:locale\" content=\"en_US\" \/>\n<meta property=\"og:type\" content=\"article\" \/>\n<meta property=\"og:title\" content=\"Croatia Marking the 32nd Anniversary of the \u0160kabrnja Massacre - MORH\" \/>\n<meta property=\"og:description\" content=\"Numerous residents paid their respects to the fallen Croatian defenders and the slain citizens of \u0160kabrnja by walking &quot;step by step&quot; with dignity and piety\" \/>\n<meta property=\"og:url\" content=\"https:\/\/www.morh.hr\/en\/croatia-marking-the-32nd-anniversary-of-the-skabrnja-massacre\/\" \/>\n<meta property=\"og:site_name\" content=\"MORH\" \/>\n<meta property=\"article:publisher\" content=\"https:\/\/www.facebook.com\/sportasiuhrvatskojvojsci\/\" \/>\n<meta property=\"article:published_time\" content=\"2023-11-18T17:58:32+00:00\" \/>\n<meta property=\"article:modified_time\" content=\"2024-01-03T07:41:50+00:00\" \/>\n<meta property=\"og:image\" content=\"https:\/\/www.morh.hr\/wp-content\/uploads\/2023\/12\/2023-11-18-vukovar.jpg\" \/>\n\t<meta property=\"og:image:width\" content=\"2400\" \/>\n\t<meta property=\"og:image:height\" content=\"1600\" \/>\n\t<meta property=\"og:image:type\" content=\"image\/jpeg\" \/>\n<meta name=\"author\" content=\"Drazen\" \/>\n<meta name=\"twitter:card\" content=\"summary_large_image\" \/>\n<meta name=\"twitter:creator\" content=\"@morh_osrh\" \/>\n<meta name=\"twitter:site\" content=\"@morh_osrh\" \/>\n<meta name=\"twitter:label1\" content=\"Written by\" \/>\n\t<meta name=\"twitter:data1\" content=\"Drazen\" \/>\n\t<meta name=\"twitter:label2\" content=\"Est. reading time\" \/>\n\t<meta name=\"twitter:data2\" content=\"4 minutes\" \/>\n<script type=\"application\/ld+json\" class=\"yoast-schema-graph\">{\"@context\":\"https:\/\/schema.org\",\"@graph\":[{\"@type\":\"Article\",\"@id\":\"https:\/\/www.morh.hr\/en\/croatia-marking-the-32nd-anniversary-of-the-skabrnja-massacre\/#article\",\"isPartOf\":{\"@id\":\"https:\/\/www.morh.hr\/en\/croatia-marking-the-32nd-anniversary-of-the-skabrnja-massacre\/\"},\"author\":{\"name\":\"Drazen\",\"@id\":\"https:\/\/www.morh.hr\/en\/#\/schema\/person\/2d72e03399043d9513ab6bec75f2ce27\"},\"headline\":\"Croatia Marking the 32nd Anniversary of the \u0160kabrnja Massacre\",\"datePublished\":\"2023-11-18T17:58:32+00:00\",\"dateModified\":\"2024-01-03T07:41:50+00:00\",\"mainEntityOfPage\":{\"@id\":\"https:\/\/www.morh.hr\/en\/croatia-marking-the-32nd-anniversary-of-the-skabrnja-massacre\/\"},\"wordCount\":631,\"image\":{\"@id\":\"https:\/\/www.morh.hr\/en\/croatia-marking-the-32nd-anniversary-of-the-skabrnja-massacre\/#primaryimage\"},\"thumbnailUrl\":\"https:\/\/www.morh.hr\/wp-content\/uploads\/2023\/12\/2023-11-18-vukovar.jpg\",\"articleSection\":[\"Press releases\"],\"inLanguage\":\"en-US\"},{\"@type\":\"WebPage\",\"@id\":\"https:\/\/www.morh.hr\/en\/croatia-marking-the-32nd-anniversary-of-the-skabrnja-massacre\/\",\"url\":\"https:\/\/www.morh.hr\/en\/croatia-marking-the-32nd-anniversary-of-the-skabrnja-massacre\/\",\"name\":\"Croatia Marking the 32nd Anniversary of the \u0160kabrnja Massacre - MORH\",\"isPartOf\":{\"@id\":\"https:\/\/www.morh.hr\/en\/#website\"},\"primaryImageOfPage\":{\"@id\":\"https:\/\/www.morh.hr\/en\/croatia-marking-the-32nd-anniversary-of-the-skabrnja-massacre\/#primaryimage\"},\"image\":{\"@id\":\"https:\/\/www.morh.hr\/en\/croatia-marking-the-32nd-anniversary-of-the-skabrnja-massacre\/#primaryimage\"},\"thumbnailUrl\":\"https:\/\/www.morh.hr\/wp-content\/uploads\/2023\/12\/2023-11-18-vukovar.jpg\",\"datePublished\":\"2023-11-18T17:58:32+00:00\",\"dateModified\":\"2024-01-03T07:41:50+00:00\",\"author\":{\"@id\":\"https:\/\/www.morh.hr\/en\/#\/schema\/person\/2d72e03399043d9513ab6bec75f2ce27\"},\"description\":\"Numerous residents paid their respects to the fallen Croatian defenders and the slain citizens of \u0160kabrnja by walking \\\"step by step\\\" with dignity and piety\",\"breadcrumb\":{\"@id\":\"https:\/\/www.morh.hr\/en\/croatia-marking-the-32nd-anniversary-of-the-skabrnja-massacre\/#breadcrumb\"},\"inLanguage\":\"en-US\",\"potentialAction\":[{\"@type\":\"ReadAction\",\"target\":[\"https:\/\/www.morh.hr\/en\/croatia-marking-the-32nd-anniversary-of-the-skabrnja-massacre\/\"]}]},{\"@type\":\"ImageObject\",\"inLanguage\":\"en-US\",\"@id\":\"https:\/\/www.morh.hr\/en\/croatia-marking-the-32nd-anniversary-of-the-skabrnja-massacre\/#primaryimage\",\"url\":\"https:\/\/www.morh.hr\/wp-content\/uploads\/2023\/12\/2023-11-18-vukovar.jpg\",\"contentUrl\":\"https:\/\/www.morh.hr\/wp-content\/uploads\/2023\/12\/2023-11-18-vukovar.jpg\",\"width\":2400,\"height\":1600,\"caption\":\"Croatia Marking the 32nd Anniversary of the \u0160kabrnja Massacre | Photo: MOD\/ T. Brandt\"},{\"@type\":\"BreadcrumbList\",\"@id\":\"https:\/\/www.morh.hr\/en\/croatia-marking-the-32nd-anniversary-of-the-skabrnja-massacre\/#breadcrumb\",\"itemListElement\":[{\"@type\":\"ListItem\",\"position\":1,\"name\":\"Naslovnica\",\"item\":\"https:\/\/www.morh.hr\/en\/\"},{\"@type\":\"ListItem\",\"position\":2,\"name\":\"News\",\"item\":\"https:\/\/www.morh.hr\/en\/kategorija\/news\/\"},{\"@type\":\"ListItem\",\"position\":3,\"name\":\"Press releases\",\"item\":\"https:\/\/www.morh.hr\/en\/kategorija\/news\/press-releases\/\"},{\"@type\":\"ListItem\",\"position\":4,\"name\":\"Croatia Marking the 32nd Anniversary of the \u0160kabrnja Massacre\"}]},{\"@type\":\"WebSite\",\"@id\":\"https:\/\/www.morh.hr\/en\/#website\",\"url\":\"https:\/\/www.morh.hr\/en\/\",\"name\":\"MORH\",\"description\":\"Ministarstvo obrane Republike Hrvatske - slu\u017ebene stranice\",\"potentialAction\":[{\"@type\":\"SearchAction\",\"target\":{\"@type\":\"EntryPoint\",\"urlTemplate\":\"https:\/\/www.morh.hr\/en\/?s={search_term_string}\"},\"query-input\":{\"@type\":\"PropertyValueSpecification\",\"valueRequired\":true,\"valueName\":\"search_term_string\"}}],\"inLanguage\":\"en-US\"},{\"@type\":\"Person\",\"@id\":\"https:\/\/www.morh.hr\/en\/#\/schema\/person\/2d72e03399043d9513ab6bec75f2ce27\",\"name\":\"Drazen\",\"image\":{\"@type\":\"ImageObject\",\"inLanguage\":\"en-US\",\"@id\":\"https:\/\/www.morh.hr\/en\/#\/schema\/person\/image\/\",\"url\":\"https:\/\/secure.gravatar.com\/avatar\/e36ef7e573425ae72988c73df868c1e87a656b0e005ca4fd7d30d2ba7e49c9cf?s=96&d=mm&r=g\",\"contentUrl\":\"https:\/\/secure.gravatar.com\/avatar\/e36ef7e573425ae72988c73df868c1e87a656b0e005ca4fd7d30d2ba7e49c9cf?s=96&d=mm&r=g\",\"caption\":\"Drazen\"}}]}<\/script>\n<!-- \/ Yoast SEO plugin. -->","yoast_head_json":{"title":"Croatia Marking the 32nd Anniversary of the \u0160kabrnja Massacre - MORH","description":"Numerous residents paid their respects to the fallen Croatian defenders and the slain citizens of \u0160kabrnja by walking \"step by step\" with dignity and piety","robots":{"index":"index","follow":"follow","max-snippet":"max-snippet:-1","max-image-preview":"max-image-preview:large","max-video-preview":"max-video-preview:-1"},"canonical":"https:\/\/www.morh.hr\/en\/croatia-marking-the-32nd-anniversary-of-the-skabrnja-massacre\/","og_locale":"en_US","og_type":"article","og_title":"Croatia Marking the 32nd Anniversary of the \u0160kabrnja Massacre - MORH","og_description":"Numerous residents paid their respects to the fallen Croatian defenders and the slain citizens of \u0160kabrnja by walking \"step by step\" with dignity and piety","og_url":"https:\/\/www.morh.hr\/en\/croatia-marking-the-32nd-anniversary-of-the-skabrnja-massacre\/","og_site_name":"MORH","article_publisher":"https:\/\/www.facebook.com\/sportasiuhrvatskojvojsci\/","article_published_time":"2023-11-18T17:58:32+00:00","article_modified_time":"2024-01-03T07:41:50+00:00","og_image":[{"width":2400,"height":1600,"url":"https:\/\/www.morh.hr\/wp-content\/uploads\/2023\/12\/2023-11-18-vukovar.jpg","type":"image\/jpeg"}],"author":"Drazen","twitter_card":"summary_large_image","twitter_creator":"@morh_osrh","twitter_site":"@morh_osrh","twitter_misc":{"Written by":"Drazen","Est. reading time":"4 minutes"},"schema":{"@context":"https:\/\/schema.org","@graph":[{"@type":"Article","@id":"https:\/\/www.morh.hr\/en\/croatia-marking-the-32nd-anniversary-of-the-skabrnja-massacre\/#article","isPartOf":{"@id":"https:\/\/www.morh.hr\/en\/croatia-marking-the-32nd-anniversary-of-the-skabrnja-massacre\/"},"author":{"name":"Drazen","@id":"https:\/\/www.morh.hr\/en\/#\/schema\/person\/2d72e03399043d9513ab6bec75f2ce27"},"headline":"Croatia Marking the 32nd Anniversary of the \u0160kabrnja Massacre","datePublished":"2023-11-18T17:58:32+00:00","dateModified":"2024-01-03T07:41:50+00:00","mainEntityOfPage":{"@id":"https:\/\/www.morh.hr\/en\/croatia-marking-the-32nd-anniversary-of-the-skabrnja-massacre\/"},"wordCount":631,"image":{"@id":"https:\/\/www.morh.hr\/en\/croatia-marking-the-32nd-anniversary-of-the-skabrnja-massacre\/#primaryimage"},"thumbnailUrl":"https:\/\/www.morh.hr\/wp-content\/uploads\/2023\/12\/2023-11-18-vukovar.jpg","articleSection":["Press releases"],"inLanguage":"en-US"},{"@type":"WebPage","@id":"https:\/\/www.morh.hr\/en\/croatia-marking-the-32nd-anniversary-of-the-skabrnja-massacre\/","url":"https:\/\/www.morh.hr\/en\/croatia-marking-the-32nd-anniversary-of-the-skabrnja-massacre\/","name":"Croatia Marking the 32nd Anniversary of the \u0160kabrnja Massacre - MORH","isPartOf":{"@id":"https:\/\/www.morh.hr\/en\/#website"},"primaryImageOfPage":{"@id":"https:\/\/www.morh.hr\/en\/croatia-marking-the-32nd-anniversary-of-the-skabrnja-massacre\/#primaryimage"},"image":{"@id":"https:\/\/www.morh.hr\/en\/croatia-marking-the-32nd-anniversary-of-the-skabrnja-massacre\/#primaryimage"},"thumbnailUrl":"https:\/\/www.morh.hr\/wp-content\/uploads\/2023\/12\/2023-11-18-vukovar.jpg","datePublished":"2023-11-18T17:58:32+00:00","dateModified":"2024-01-03T07:41:50+00:00","author":{"@id":"https:\/\/www.morh.hr\/en\/#\/schema\/person\/2d72e03399043d9513ab6bec75f2ce27"},"description":"Numerous residents paid their respects to the fallen Croatian defenders and the slain citizens of \u0160kabrnja by walking \"step by step\" with dignity and piety","breadcrumb":{"@id":"https:\/\/www.morh.hr\/en\/croatia-marking-the-32nd-anniversary-of-the-skabrnja-massacre\/#breadcrumb"},"inLanguage":"en-US","potentialAction":[{"@type":"ReadAction","target":["https:\/\/www.morh.hr\/en\/croatia-marking-the-32nd-anniversary-of-the-skabrnja-massacre\/"]}]},{"@type":"ImageObject","inLanguage":"en-US","@id":"https:\/\/www.morh.hr\/en\/croatia-marking-the-32nd-anniversary-of-the-skabrnja-massacre\/#primaryimage","url":"https:\/\/www.morh.hr\/wp-content\/uploads\/2023\/12\/2023-11-18-vukovar.jpg","contentUrl":"https:\/\/www.morh.hr\/wp-content\/uploads\/2023\/12\/2023-11-18-vukovar.jpg","width":2400,"height":1600,"caption":"Croatia Marking the 32nd Anniversary of the \u0160kabrnja Massacre | Photo: MOD\/ T. Brandt"},{"@type":"BreadcrumbList","@id":"https:\/\/www.morh.hr\/en\/croatia-marking-the-32nd-anniversary-of-the-skabrnja-massacre\/#breadcrumb","itemListElement":[{"@type":"ListItem","position":1,"name":"Naslovnica","item":"https:\/\/www.morh.hr\/en\/"},{"@type":"ListItem","position":2,"name":"News","item":"https:\/\/www.morh.hr\/en\/kategorija\/news\/"},{"@type":"ListItem","position":3,"name":"Press releases","item":"https:\/\/www.morh.hr\/en\/kategorija\/news\/press-releases\/"},{"@type":"ListItem","position":4,"name":"Croatia Marking the 32nd Anniversary of the \u0160kabrnja Massacre"}]},{"@type":"WebSite","@id":"https:\/\/www.morh.hr\/en\/#website","url":"https:\/\/www.morh.hr\/en\/","name":"MORH","description":"Ministarstvo obrane Republike Hrvatske - slu\u017ebene stranice","potentialAction":[{"@type":"SearchAction","target":{"@type":"EntryPoint","urlTemplate":"https:\/\/www.morh.hr\/en\/?s={search_term_string}"},"query-input":{"@type":"PropertyValueSpecification","valueRequired":true,"valueName":"search_term_string"}}],"inLanguage":"en-US"},{"@type":"Person","@id":"https:\/\/www.morh.hr\/en\/#\/schema\/person\/2d72e03399043d9513ab6bec75f2ce27","name":"Drazen","image":{"@type":"ImageObject","inLanguage":"en-US","@id":"https:\/\/www.morh.hr\/en\/#\/schema\/person\/image\/","url":"https:\/\/secure.gravatar.com\/avatar\/e36ef7e573425ae72988c73df868c1e87a656b0e005ca4fd7d30d2ba7e49c9cf?s=96&d=mm&r=g","contentUrl":"https:\/\/secure.gravatar.com\/avatar\/e36ef7e573425ae72988c73df868c1e87a656b0e005ca4fd7d30d2ba7e49c9cf?s=96&d=mm&r=g","caption":"Drazen"}}]}},"_links":{"self":[{"href":"https:\/\/www.morh.hr\/en\/wp-json\/wp\/v2\/posts\/227217","targetHints":{"allow":["GET"]}}],"collection":[{"href":"https:\/\/www.morh.hr\/en\/wp-json\/wp\/v2\/posts"}],"about":[{"href":"https:\/\/www.morh.hr\/en\/wp-json\/wp\/v2\/types\/post"}],"author":[{"embeddable":true,"href":"https:\/\/www.morh.hr\/en\/wp-json\/wp\/v2\/users\/3"}],"replies":[{"embeddable":true,"href":"https:\/\/www.morh.hr\/en\/wp-json\/wp\/v2\/comments?post=227217"}],"version-history":[{"count":0,"href":"https:\/\/www.morh.hr\/en\/wp-json\/wp\/v2\/posts\/227217\/revisions"}],"wp:featuredmedia":[{"embeddable":true,"href":"https:\/\/www.morh.hr\/en\/wp-json\/wp\/v2\/media\/227218"}],"wp:attachment":[{"href":"https:\/\/www.morh.hr\/en\/wp-json\/wp\/v2\/media?parent=227217"}],"wp:term":[{"taxonomy":"category","embeddable":true,"href":"https:\/\/www.morh.hr\/en\/wp-json\/wp\/v2\/categories?post=227217"},{"taxonomy":"post_tag","embeddable":true,"href":"https:\/\/www.morh.hr\/en\/wp-json\/wp\/v2\/tags?post=227217"}],"curies":[{"name":"wp","href":"https:\/\/api.w.org\/{rel}","templated":true}]}}