{"id":228386,"date":"2023-12-08T20:32:53","date_gmt":"2023-12-08T19:32:53","guid":{"rendered":"https:\/\/www.morh.hr\/?p=228386"},"modified":"2024-01-03T08:38:34","modified_gmt":"2024-01-03T07:38:34","slug":"minister-anusic-at-the-meeting-of-defence-ministers-of-the-cedc-initiative-in-prague","status":"publish","type":"post","link":"https:\/\/www.morh.hr\/en\/minister-anusic-at-the-meeting-of-defence-ministers-of-the-cedc-initiative-in-prague\/","title":{"rendered":"Minister Anu\u0161i\u0107 at the meeting of defence ministers of the CEDC initiative in Prague"},"content":{"rendered":"<p>On 7 and 8 December 2023 Deputy Prime Minister and Defence Minister Ivan Anu\u0161i\u0107 took part in the defence ministers\u2019 meeting of the Central European Defence Cooperation (CEDC) member states held in Prague, the Czech Republic.<\/p>\n<p>The regional security and defence initiative CEDC\u2019s defence ministers discussed the outcomes of the Czech Republic\u2019s presidency of the initiative this year, the security environment in the Western Balkans, the effects of the conflict in Ukraine and the developments in the Gaza strip on security of the Western Balkans.<\/p>\n<p>In addition to the ministers of the CEDC member states: Austria, Slovenia, Croatia, Hungary, Slovakia, the Czech Republic, and Poland that has the observer status, the second session was also attended by the defence ministers or representatives of the countries of the Western Balkans: Albania, Bosnia and Herzegovina, Kosovo, Montenegro, North Macedonia, and Serbia.<\/p>\n<p>The Deputy Prime Minister and Defence Minister Anu\u0161i\u0107 expressed his satisfaction that his first international engagement was the CEDC meeting in Prague. He also congratulated the Czech side for a very well-executed chairmanship of the initiative this year and wished Hungary success in its 2024 chairmanship.<\/p>\n<p>He highlighted his belief that this cooperation will grow even more in the upcoming years, particularly in light of the need to create a more peaceful, stable, and prosperous region of the Western Balkans, a goal to which the Government of the Republic of Croatia is fully committed.<\/p>\n<p>&#8220;For Croatia, this is extremely important because the preservation of peace, the strengthening of democracy, and the progress of the Euro-Atlantic integration process are key to the security and stability of Europe as a whole. Peace in the area of the Western Balkans was hard earned and won, and it would be a mistake to take it for granted,&#8221; the minister said, adding that the missed opportunities for progress in the process of European integration led to a more active strengthening of Russian influence in the Western Balkans.<\/p>\n<p>Minister Anu\u0161i\u0107 welcomed his Western Balkan colleagues during the working session on the effects of the conflict in Ukraine and the events in the Gaza strip on the region. &#8220;Your presence here is extremely important because we can achieve regional security and stability more easily if we act in synergy,&#8221; he stated.<\/p>\n<p>Minister Anu\u0161i\u0107 reiterated the Croatian government\u2019s stance in light of the events in the Gaza strip: Croatia firmly supports Israel\u2019s right to self-defence under the international law and unequivocally condemns the terrorist attack on Israel. &#8220;We were suddenly confronted with the immense suffering that innocent citizens in Israel, Gaza, and the West Bank had to endure. It is now crucial to adopt actions that will result in long-lasting peace and a promising future.&#8221; The minister stated that it is critical to support Israel and Ukraine equally at this time since they are two democracies that are being attacked directly.<\/p>\n<p>The Deputy Prime Minister and Defence Minister Ivan Anu\u0161i\u0107 met with his colleagues, Marjan \u0160arec from Slovenia, Zukan Helez from Bosnia and Herzegovina, and Ejup Maqedonci from Kosovo, on the margins of the ministerial meeting of the CEDC initiative.<br \/>\nThe outstanding bilateral cooperation between friendly and neighbouring nations in all functional areas was confirmed by Ministers Anu\u0161i\u0107 and \u0160arec. &#8220;It fills me with satisfaction that we could help the Republic of Slovenia get past the aftereffects of the storm and disastrous floods. Like your assistance to Croatia following the earthquake, this was a great example of allied solidarity,&#8221; Minister Anu\u0161i\u0107 pointed out.<\/p>\n<p>The friendly relations between the two neighbouring nations were reaffirmed during the meeting between Ministers Anu\u0161i\u0107 and Helez, particularly in the area of defence. As a guarantor of the Dayton Agreement, Croatia strongly supports Bosnia and Herzegovina\u2019s integrity. Minister Anu\u0161i\u0107 noted on this occasion that Croatia will continue to support Bosnia and Herzegovina in the fields of defence and security, particularly in terms of accession to the Euro-Atlantic integration.<\/p>\n<p>Minister Helez expressed gratitude to Croatia for helping Bosnia and Herzegovina along their path towards the Euro-Atlantic integration.<\/p>\n<p>Excellent bilateral relations and a shared interest in the stability of the Western Balkans were confirmed by Ministers Anu\u0161i\u0107 and Ejup Maqedonci. &#8220;First of all, I would like to thank the Republic of Croatia for the friendship shown, for the presence of the Croatian contingent in KFOR operations, as well as for the foreign policy that Croatia has towards Kosovo,&#8221; Minister Maqedonci said.<\/p>\n<p>Noting that he will specifically focus on enhancing defence cooperation as part of his term of office, Minister Anu\u0161i\u0107 said, &#8220;Croatia continues to provide support to Kosovo on its path to joining both the NATO alliance and the European Union.&#8221;<\/p>\n<div class=\"morh-galleria\"><a href=\"https:\/\/live.staticflickr.com\/65535\/53383392142_a82ffe9d90_h.jpg\" title=\"Ministar Anu\u0161i\u0107 na sastanku ministara obrane CEDC inicijative u Pragu\"><img decoding=\"async\" data-title=\"Ministar Anu\u0161i\u0107 na sastanku ministara obrane CEDC inicijative u Pragu\" data-description=\"Potpredsjednik Vlade i ministar obrane Ivan Anu\u0161i\u0107 sudjelovao je u \u010detvrtak i petak, 7. i 8. prosinca 2023. godine, na sastanku ministara obrane dr\u017eava \u010dlanica Srednjoeuropske obrambene suradnje (Central European Defence Cooperation \u2013 CEDC), koji je odr\u017ean u Pragu, \u010ce\u0161ka Republika | Foto: J. Schejbal\" alt=\"Ministar Anu\u0161i\u0107 na sastanku ministara obrane CEDC inicijative u Pragu\" src=\"https:\/\/live.staticflickr.com\/65535\/53383392142_a82ffe9d90_h.jpg\" data-layer=\"&lt;div class=&#039;morh-gallery-image-download&#039;&gt;&lt;a href=&#039;https:\/\/live.staticflickr.com\/65535\/53383392142_2cc6337b72_o.jpg&#039; target=&#039;_blank&#039;&gt;Slika za preuzimanje&lt;\/a&gt;&lt;\/div&gt;\" \/><\/a><a href=\"https:\/\/live.staticflickr.com\/65535\/53384492408_74f6b491de_h.jpg\" title=\"Ministar Anu\u0161i\u0107 na sastanku ministara obrane CEDC inicijative u Pragu\"><img decoding=\"async\" data-title=\"Ministar Anu\u0161i\u0107 na sastanku ministara obrane CEDC inicijative u Pragu\" data-description=\"Potpredsjednik Vlade i ministar obrane Ivan Anu\u0161i\u0107 sudjelovao je u \u010detvrtak i petak, 7. i 8. prosinca 2023. godine, na sastanku ministara obrane dr\u017eava \u010dlanica Srednjoeuropske obrambene suradnje (Central European Defence Cooperation \u2013 CEDC), koji je odr\u017ean u Pragu, \u010ce\u0161ka Republika | Foto: J. Schejbal\" alt=\"Ministar Anu\u0161i\u0107 na sastanku ministara obrane CEDC inicijative u Pragu\" src=\"https:\/\/live.staticflickr.com\/65535\/53384492408_74f6b491de_h.jpg\" data-layer=\"&lt;div class=&#039;morh-gallery-image-download&#039;&gt;&lt;a href=&#039;https:\/\/live.staticflickr.com\/65535\/53384492408_3f97b961fa_o.jpg&#039; target=&#039;_blank&#039;&gt;Slika za preuzimanje&lt;\/a&gt;&lt;\/div&gt;\" \/><\/a><a href=\"https:\/\/live.staticflickr.com\/65535\/53383392052_6ba6d9b093_h.jpg\" title=\"Ministar Anu\u0161i\u0107 na sastanku ministara obrane CEDC inicijative u Pragu\"><img decoding=\"async\" data-title=\"Ministar Anu\u0161i\u0107 na sastanku ministara obrane CEDC inicijative u Pragu\" data-description=\"Potpredsjednik Vlade i ministar obrane Ivan Anu\u0161i\u0107 sudjelovao je u \u010detvrtak i petak, 7. i 8. prosinca 2023. godine, na sastanku ministara obrane dr\u017eava \u010dlanica Srednjoeuropske obrambene suradnje (Central European Defence Cooperation \u2013 CEDC), koji je odr\u017ean u Pragu, \u010ce\u0161ka Republika | Foto: J. Schejbal\" alt=\"Ministar Anu\u0161i\u0107 na sastanku ministara obrane CEDC inicijative u Pragu\" src=\"https:\/\/live.staticflickr.com\/65535\/53383392052_6ba6d9b093_h.jpg\" data-layer=\"&lt;div class=&#039;morh-gallery-image-download&#039;&gt;&lt;a href=&#039;https:\/\/live.staticflickr.com\/65535\/53383392052_d3190750cd_o.jpg&#039; target=&#039;_blank&#039;&gt;Slika za preuzimanje&lt;\/a&gt;&lt;\/div&gt;\" \/><\/a><a href=\"https:\/\/live.staticflickr.com\/65535\/53384623629_7a485d80f2_h.jpg\" title=\"Ministar Anu\u0161i\u0107 na sastanku ministara obrane CEDC inicijative u Pragu\"><img decoding=\"async\" data-title=\"Ministar Anu\u0161i\u0107 na sastanku ministara obrane CEDC inicijative u Pragu\" data-description=\"Potpredsjednik Vlade i ministar obrane Ivan Anu\u0161i\u0107 sudjelovao je u \u010detvrtak i petak, 7. i 8. prosinca 2023. godine, na sastanku ministara obrane dr\u017eava \u010dlanica Srednjoeuropske obrambene suradnje (Central European Defence Cooperation \u2013 CEDC), koji je odr\u017ean u Pragu, \u010ce\u0161ka Republika | Foto: J. Schejbal\" alt=\"Ministar Anu\u0161i\u0107 na sastanku ministara obrane CEDC inicijative u Pragu\" src=\"https:\/\/live.staticflickr.com\/65535\/53384623629_7a485d80f2_h.jpg\" data-layer=\"&lt;div class=&#039;morh-gallery-image-download&#039;&gt;&lt;a href=&#039;https:\/\/live.staticflickr.com\/65535\/53384623629_146ddf5c1e_o.jpg&#039; target=&#039;_blank&#039;&gt;Slika za preuzimanje&lt;\/a&gt;&lt;\/div&gt;\" \/><\/a><a href=\"https:\/\/live.staticflickr.com\/65535\/53384623704_f3bf8d4319_h.jpg\" title=\"Ministar Anu\u0161i\u0107 na sastanku ministara obrane CEDC inicijative u Pragu\"><img decoding=\"async\" data-title=\"Ministar Anu\u0161i\u0107 na sastanku ministara obrane CEDC inicijative u Pragu\" data-description=\"Potpredsjednik Vlade i ministar obrane Ivan Anu\u0161i\u0107 sudjelovao je u \u010detvrtak i petak, 7. i 8. prosinca 2023. godine, na sastanku ministara obrane dr\u017eava \u010dlanica Srednjoeuropske obrambene suradnje (Central European Defence Cooperation \u2013 CEDC), koji je odr\u017ean u Pragu, \u010ce\u0161ka Republika | Foto: J. Schejbal\" alt=\"Ministar Anu\u0161i\u0107 na sastanku ministara obrane CEDC inicijative u Pragu\" src=\"https:\/\/live.staticflickr.com\/65535\/53384623704_f3bf8d4319_h.jpg\" data-layer=\"&lt;div class=&#039;morh-gallery-image-download&#039;&gt;&lt;a href=&#039;https:\/\/live.staticflickr.com\/65535\/53384623704_764411df01_o.jpg&#039; target=&#039;_blank&#039;&gt;Slika za preuzimanje&lt;\/a&gt;&lt;\/div&gt;\" \/><\/a><a href=\"https:\/\/live.staticflickr.com\/65535\/53384623599_b1c16a5b16_h.jpg\" title=\"Ministar Anu\u0161i\u0107 na sastanku ministara obrane CEDC inicijative u Pragu\"><img decoding=\"async\" data-title=\"Ministar Anu\u0161i\u0107 na sastanku ministara obrane CEDC inicijative u Pragu\" data-description=\"Potpredsjednik Vlade i ministar obrane Ivan Anu\u0161i\u0107 sudjelovao je u \u010detvrtak i petak, 7. i 8. prosinca 2023. godine, na sastanku ministara obrane dr\u017eava \u010dlanica Srednjoeuropske obrambene suradnje (Central European Defence Cooperation \u2013 CEDC), koji je odr\u017ean u Pragu, \u010ce\u0161ka Republika | Foto: J. Schejbal\" alt=\"Ministar Anu\u0161i\u0107 na sastanku ministara obrane CEDC inicijative u Pragu\" src=\"https:\/\/live.staticflickr.com\/65535\/53384623599_b1c16a5b16_h.jpg\" data-layer=\"&lt;div class=&#039;morh-gallery-image-download&#039;&gt;&lt;a href=&#039;https:\/\/live.staticflickr.com\/65535\/53384623599_29c565e311_o.jpg&#039; target=&#039;_blank&#039;&gt;Slika za preuzimanje&lt;\/a&gt;&lt;\/div&gt;\" \/><\/a><a href=\"https:\/\/live.staticflickr.com\/65535\/53384312901_d70a1cf10b_h.jpg\" title=\"Ministar Anu\u0161i\u0107 na sastanku ministara obrane CEDC inicijative u Pragu\"><img decoding=\"async\" data-title=\"Ministar Anu\u0161i\u0107 na sastanku ministara obrane CEDC inicijative u Pragu\" data-description=\"Potpredsjednik Vlade i ministar obrane Ivan Anu\u0161i\u0107 sudjelovao je u \u010detvrtak i petak, 7. i 8. prosinca 2023. godine, na sastanku ministara obrane dr\u017eava \u010dlanica Srednjoeuropske obrambene suradnje (Central European Defence Cooperation \u2013 CEDC), koji je odr\u017ean u Pragu, \u010ce\u0161ka Republika | Foto: J. Schejbal\" alt=\"Ministar Anu\u0161i\u0107 na sastanku ministara obrane CEDC inicijative u Pragu\" src=\"https:\/\/live.staticflickr.com\/65535\/53384312901_d70a1cf10b_h.jpg\" data-layer=\"&lt;div class=&#039;morh-gallery-image-download&#039;&gt;&lt;a href=&#039;https:\/\/live.staticflickr.com\/65535\/53384312901_b0e234a911_o.jpg&#039; target=&#039;_blank&#039;&gt;Slika za preuzimanje&lt;\/a&gt;&lt;\/div&gt;\" \/><\/a><a href=\"https:\/\/live.staticflickr.com\/65535\/53384623549_9fba819731_b.jpg\" title=\"Ministar Anu\u0161i\u0107 na sastanku ministara obrane CEDC inicijative u Pragu\"><img decoding=\"async\" data-title=\"Ministar Anu\u0161i\u0107 na sastanku ministara obrane CEDC inicijative u Pragu\" data-description=\"Potpredsjednik Vlade i ministar obrane Ivan Anu\u0161i\u0107 sudjelovao je u \u010detvrtak i petak, 7. i 8. prosinca 2023. godine, na sastanku ministara obrane dr\u017eava \u010dlanica Srednjoeuropske obrambene suradnje (Central European Defence Cooperation \u2013 CEDC), koji je odr\u017ean u Pragu, \u010ce\u0161ka Republika | Foto: MORH\" alt=\"Ministar Anu\u0161i\u0107 na sastanku ministara obrane CEDC inicijative u Pragu\" src=\"https:\/\/live.staticflickr.com\/65535\/53384623549_9fba819731_b.jpg\" data-layer=\"&lt;div class=&#039;morh-gallery-image-download&#039;&gt;&lt;a href=&#039;https:\/\/live.staticflickr.com\/65535\/53384623549_2c42cfbe3d_o.jpg&#039; target=&#039;_blank&#039;&gt;Slika za preuzimanje&lt;\/a&gt;&lt;\/div&gt;\" \/><\/a><a href=\"https:\/\/live.staticflickr.com\/65535\/53384492133_e453a38f5b_c.jpg\" title=\"Ministar Anu\u0161i\u0107 na sastanku ministara obrane CEDC inicijative u Pragu\"><img decoding=\"async\" data-title=\"Ministar Anu\u0161i\u0107 na sastanku ministara obrane CEDC inicijative u Pragu\" data-description=\"Potpredsjednik Vlade i ministar obrane Ivan Anu\u0161i\u0107 sudjelovao je u \u010detvrtak i petak, 7. i 8. prosinca 2023. godine, na sastanku ministara obrane dr\u017eava \u010dlanica Srednjoeuropske obrambene suradnje (Central European Defence Cooperation \u2013 CEDC), koji je odr\u017ean u Pragu, \u010ce\u0161ka Republika | Foto: MORH\" alt=\"Ministar Anu\u0161i\u0107 na sastanku ministara obrane CEDC inicijative u Pragu\" src=\"https:\/\/live.staticflickr.com\/65535\/53384492133_e453a38f5b_c.jpg\" data-layer=\"&lt;div class=&#039;morh-gallery-image-download&#039;&gt;&lt;a href=&#039;https:\/\/live.staticflickr.com\/65535\/53384492133_ce1af24804_o.jpg&#039; target=&#039;_blank&#039;&gt;Slika za preuzimanje&lt;\/a&gt;&lt;\/div&gt;\" \/><\/a><a href=\"https:\/\/live.staticflickr.com\/65535\/53384748830_2a013b83bf_b.jpg\" title=\"Ministar Anu\u0161i\u0107 na sastanku ministara obrane CEDC inicijative u Pragu\"><img decoding=\"async\" data-title=\"Ministar Anu\u0161i\u0107 na sastanku ministara obrane CEDC inicijative u Pragu\" data-description=\"Potpredsjednik Vlade i ministar obrane Ivan Anu\u0161i\u0107 sudjelovao je u \u010detvrtak i petak, 7. i 8. prosinca 2023. godine, na sastanku ministara obrane dr\u017eava \u010dlanica Srednjoeuropske obrambene suradnje (Central European Defence Cooperation \u2013 CEDC), koji je odr\u017ean u Pragu, \u010ce\u0161ka Republika | Foto: MORH\" alt=\"Ministar Anu\u0161i\u0107 na sastanku ministara obrane CEDC inicijative u Pragu\" src=\"https:\/\/live.staticflickr.com\/65535\/53384748830_2a013b83bf_b.jpg\" data-layer=\"&lt;div class=&#039;morh-gallery-image-download&#039;&gt;&lt;a href=&#039;https:\/\/live.staticflickr.com\/65535\/53384748830_03488c7a6d_o.jpg&#039; target=&#039;_blank&#039;&gt;Slika za preuzimanje&lt;\/a&gt;&lt;\/div&gt;\" \/><\/a><a href=\"https:\/\/live.staticflickr.com\/65535\/53384492073_94c29e033f_b.jpg\" title=\"Ministar Anu\u0161i\u0107 na sastanku ministara obrane CEDC inicijative u Pragu\"><img decoding=\"async\" data-title=\"Ministar Anu\u0161i\u0107 na sastanku ministara obrane CEDC inicijative u Pragu\" data-description=\"Potpredsjednik Vlade i ministar obrane Ivan Anu\u0161i\u0107 sudjelovao je u \u010detvrtak i petak, 7. i 8. prosinca 2023. godine, na sastanku ministara obrane dr\u017eava \u010dlanica Srednjoeuropske obrambene suradnje (Central European Defence Cooperation \u2013 CEDC), koji je odr\u017ean u Pragu, \u010ce\u0161ka Republika | Foto: MORH\" alt=\"Ministar Anu\u0161i\u0107 na sastanku ministara obrane CEDC inicijative u Pragu\" src=\"https:\/\/live.staticflickr.com\/65535\/53384492073_94c29e033f_b.jpg\" data-layer=\"&lt;div class=&#039;morh-gallery-image-download&#039;&gt;&lt;a href=&#039;https:\/\/live.staticflickr.com\/65535\/53384492073_21cb87ef6e_o.jpg&#039; target=&#039;_blank&#039;&gt;Slika za preuzimanje&lt;\/a&gt;&lt;\/div&gt;\" \/><\/a><a href=\"https:\/\/live.staticflickr.com\/65535\/53384623499_88a2a515d3_h.jpg\" title=\"Ministar Anu\u0161i\u0107 na sastanku ministara obrane CEDC inicijative u Pragu\"><img decoding=\"async\" data-title=\"Ministar Anu\u0161i\u0107 na sastanku ministara obrane CEDC inicijative u Pragu\" data-description=\"Potpredsjednik Vlade i ministar obrane Ivan Anu\u0161i\u0107 sudjelovao je u \u010detvrtak i petak, 7. i 8. prosinca 2023. godine, na sastanku ministara obrane dr\u017eava \u010dlanica Srednjoeuropske obrambene suradnje (Central European Defence Cooperation \u2013 CEDC), koji je odr\u017ean u Pragu, \u010ce\u0161ka Republika | Foto: MORH\" alt=\"Ministar Anu\u0161i\u0107 na sastanku ministara obrane CEDC inicijative u Pragu\" src=\"https:\/\/live.staticflickr.com\/65535\/53384623499_88a2a515d3_h.jpg\" data-layer=\"&lt;div class=&#039;morh-gallery-image-download&#039;&gt;&lt;a href=&#039;https:\/\/live.staticflickr.com\/65535\/53384623499_95ba53aa22_o.jpg&#039; target=&#039;_blank&#039;&gt;Slika za preuzimanje&lt;\/a&gt;&lt;\/div&gt;\" \/><\/a><\/div><!--\/.morh-galleria -->\n","protected":false},"excerpt":{"rendered":"<p>Peace in the Western Balkans was hard earned and won, and it would be a mistake to take it for granted, Deputy Prime Minister and Defence Minister Ivan Anu\u0161i\u0107 said<\/p>\n","protected":false},"author":3,"featured_media":228387,"comment_status":"closed","ping_status":"closed","sticky":false,"template":"","format":"standard","meta":{"_acf_changed":false,"_monsterinsights_skip_tracking":false,"_monsterinsights_sitenote_active":false,"_monsterinsights_sitenote_note":"","_monsterinsights_sitenote_category":0,"footnotes":""},"categories":[117],"tags":[],"class_list":["post-228386","post","type-post","status-publish","format-standard","has-post-thumbnail","hentry","category-press-releases"],"acf":[],"yoast_head":"<!-- This site is optimized with the Yoast SEO plugin v26.9 - https:\/\/yoast.com\/product\/yoast-seo-wordpress\/ -->\n<title>Minister Anu\u0161i\u0107 at the meeting of defence ministers of the CEDC initiative in Prague - MORH<\/title>\n<meta name=\"description\" content=\"Peace in the Western Balkans was hard earned and won, and it would be a mistake to take it for granted, Deputy Prime Minister and Defence Minister Ivan Anu\u0161i\u0107 said\" \/>\n<meta name=\"robots\" content=\"index, follow, max-snippet:-1, max-image-preview:large, max-video-preview:-1\" \/>\n<link rel=\"canonical\" href=\"https:\/\/www.morh.hr\/en\/minister-anusic-at-the-meeting-of-defence-ministers-of-the-cedc-initiative-in-prague\/\" \/>\n<meta property=\"og:locale\" content=\"en_US\" \/>\n<meta property=\"og:type\" content=\"article\" \/>\n<meta property=\"og:title\" content=\"Minister Anu\u0161i\u0107 at the meeting of defence ministers of the CEDC initiative in Prague - MORH\" \/>\n<meta property=\"og:description\" content=\"Peace in the Western Balkans was hard earned and won, and it would be a mistake to take it for granted, Deputy Prime Minister and Defence Minister Ivan Anu\u0161i\u0107 said\" \/>\n<meta property=\"og:url\" content=\"https:\/\/www.morh.hr\/en\/minister-anusic-at-the-meeting-of-defence-ministers-of-the-cedc-initiative-in-prague\/\" \/>\n<meta property=\"og:site_name\" content=\"MORH\" \/>\n<meta property=\"article:publisher\" content=\"https:\/\/www.facebook.com\/sportasiuhrvatskojvojsci\/\" \/>\n<meta property=\"article:published_time\" content=\"2023-12-08T19:32:53+00:00\" \/>\n<meta property=\"article:modified_time\" content=\"2024-01-03T07:38:34+00:00\" \/>\n<meta property=\"og:image\" content=\"https:\/\/www.morh.hr\/wp-content\/uploads\/2023\/12\/2023-12-08-cedc-eu.jpg\" \/>\n\t<meta property=\"og:image:width\" content=\"2560\" \/>\n\t<meta property=\"og:image:height\" content=\"1729\" \/>\n\t<meta property=\"og:image:type\" content=\"image\/jpeg\" \/>\n<meta name=\"author\" content=\"Drazen\" \/>\n<meta name=\"twitter:card\" content=\"summary_large_image\" \/>\n<meta name=\"twitter:creator\" content=\"@morh_osrh\" \/>\n<meta name=\"twitter:site\" content=\"@morh_osrh\" \/>\n<meta name=\"twitter:label1\" content=\"Written by\" \/>\n\t<meta name=\"twitter:data1\" content=\"Drazen\" \/>\n\t<meta name=\"twitter:label2\" content=\"Est. reading time\" \/>\n\t<meta name=\"twitter:data2\" content=\"5 minutes\" \/>\n<script type=\"application\/ld+json\" class=\"yoast-schema-graph\">{\"@context\":\"https:\/\/schema.org\",\"@graph\":[{\"@type\":\"Article\",\"@id\":\"https:\/\/www.morh.hr\/en\/minister-anusic-at-the-meeting-of-defence-ministers-of-the-cedc-initiative-in-prague\/#article\",\"isPartOf\":{\"@id\":\"https:\/\/www.morh.hr\/en\/minister-anusic-at-the-meeting-of-defence-ministers-of-the-cedc-initiative-in-prague\/\"},\"author\":{\"name\":\"Drazen\",\"@id\":\"https:\/\/www.morh.hr\/en\/#\/schema\/person\/2d72e03399043d9513ab6bec75f2ce27\"},\"headline\":\"Minister Anu\u0161i\u0107 at the meeting of defence ministers of the CEDC initiative in Prague\",\"datePublished\":\"2023-12-08T19:32:53+00:00\",\"dateModified\":\"2024-01-03T07:38:34+00:00\",\"mainEntityOfPage\":{\"@id\":\"https:\/\/www.morh.hr\/en\/minister-anusic-at-the-meeting-of-defence-ministers-of-the-cedc-initiative-in-prague\/\"},\"wordCount\":797,\"image\":{\"@id\":\"https:\/\/www.morh.hr\/en\/minister-anusic-at-the-meeting-of-defence-ministers-of-the-cedc-initiative-in-prague\/#primaryimage\"},\"thumbnailUrl\":\"https:\/\/www.morh.hr\/wp-content\/uploads\/2023\/12\/2023-12-08-cedc-eu.jpg\",\"articleSection\":[\"Press releases\"],\"inLanguage\":\"en-US\"},{\"@type\":\"WebPage\",\"@id\":\"https:\/\/www.morh.hr\/en\/minister-anusic-at-the-meeting-of-defence-ministers-of-the-cedc-initiative-in-prague\/\",\"url\":\"https:\/\/www.morh.hr\/en\/minister-anusic-at-the-meeting-of-defence-ministers-of-the-cedc-initiative-in-prague\/\",\"name\":\"Minister Anu\u0161i\u0107 at the meeting of defence ministers of the CEDC initiative in Prague - MORH\",\"isPartOf\":{\"@id\":\"https:\/\/www.morh.hr\/en\/#website\"},\"primaryImageOfPage\":{\"@id\":\"https:\/\/www.morh.hr\/en\/minister-anusic-at-the-meeting-of-defence-ministers-of-the-cedc-initiative-in-prague\/#primaryimage\"},\"image\":{\"@id\":\"https:\/\/www.morh.hr\/en\/minister-anusic-at-the-meeting-of-defence-ministers-of-the-cedc-initiative-in-prague\/#primaryimage\"},\"thumbnailUrl\":\"https:\/\/www.morh.hr\/wp-content\/uploads\/2023\/12\/2023-12-08-cedc-eu.jpg\",\"datePublished\":\"2023-12-08T19:32:53+00:00\",\"dateModified\":\"2024-01-03T07:38:34+00:00\",\"author\":{\"@id\":\"https:\/\/www.morh.hr\/en\/#\/schema\/person\/2d72e03399043d9513ab6bec75f2ce27\"},\"description\":\"Peace in the Western Balkans was hard earned and won, and it would be a mistake to take it for granted, Deputy Prime Minister and Defence Minister Ivan Anu\u0161i\u0107 said\",\"breadcrumb\":{\"@id\":\"https:\/\/www.morh.hr\/en\/minister-anusic-at-the-meeting-of-defence-ministers-of-the-cedc-initiative-in-prague\/#breadcrumb\"},\"inLanguage\":\"en-US\",\"potentialAction\":[{\"@type\":\"ReadAction\",\"target\":[\"https:\/\/www.morh.hr\/en\/minister-anusic-at-the-meeting-of-defence-ministers-of-the-cedc-initiative-in-prague\/\"]}]},{\"@type\":\"ImageObject\",\"inLanguage\":\"en-US\",\"@id\":\"https:\/\/www.morh.hr\/en\/minister-anusic-at-the-meeting-of-defence-ministers-of-the-cedc-initiative-in-prague\/#primaryimage\",\"url\":\"https:\/\/www.morh.hr\/wp-content\/uploads\/2023\/12\/2023-12-08-cedc-eu.jpg\",\"contentUrl\":\"https:\/\/www.morh.hr\/wp-content\/uploads\/2023\/12\/2023-12-08-cedc-eu.jpg\",\"width\":2560,\"height\":1729,\"caption\":\"Minister Anu\u0161i\u0107 at the meeting of defence ministers of the CEDC initiative in Prague| Photo Jan Schejbal\"},{\"@type\":\"BreadcrumbList\",\"@id\":\"https:\/\/www.morh.hr\/en\/minister-anusic-at-the-meeting-of-defence-ministers-of-the-cedc-initiative-in-prague\/#breadcrumb\",\"itemListElement\":[{\"@type\":\"ListItem\",\"position\":1,\"name\":\"Naslovnica\",\"item\":\"https:\/\/www.morh.hr\/en\/\"},{\"@type\":\"ListItem\",\"position\":2,\"name\":\"News\",\"item\":\"https:\/\/www.morh.hr\/en\/kategorija\/news\/\"},{\"@type\":\"ListItem\",\"position\":3,\"name\":\"Press releases\",\"item\":\"https:\/\/www.morh.hr\/en\/kategorija\/news\/press-releases\/\"},{\"@type\":\"ListItem\",\"position\":4,\"name\":\"Minister Anu\u0161i\u0107 at the meeting of defence ministers of the CEDC initiative in Prague\"}]},{\"@type\":\"WebSite\",\"@id\":\"https:\/\/www.morh.hr\/en\/#website\",\"url\":\"https:\/\/www.morh.hr\/en\/\",\"name\":\"MORH\",\"description\":\"Ministarstvo obrane Republike Hrvatske - slu\u017ebene stranice\",\"potentialAction\":[{\"@type\":\"SearchAction\",\"target\":{\"@type\":\"EntryPoint\",\"urlTemplate\":\"https:\/\/www.morh.hr\/en\/?s={search_term_string}\"},\"query-input\":{\"@type\":\"PropertyValueSpecification\",\"valueRequired\":true,\"valueName\":\"search_term_string\"}}],\"inLanguage\":\"en-US\"},{\"@type\":\"Person\",\"@id\":\"https:\/\/www.morh.hr\/en\/#\/schema\/person\/2d72e03399043d9513ab6bec75f2ce27\",\"name\":\"Drazen\",\"image\":{\"@type\":\"ImageObject\",\"inLanguage\":\"en-US\",\"@id\":\"https:\/\/www.morh.hr\/en\/#\/schema\/person\/image\/\",\"url\":\"https:\/\/secure.gravatar.com\/avatar\/e36ef7e573425ae72988c73df868c1e87a656b0e005ca4fd7d30d2ba7e49c9cf?s=96&d=mm&r=g\",\"contentUrl\":\"https:\/\/secure.gravatar.com\/avatar\/e36ef7e573425ae72988c73df868c1e87a656b0e005ca4fd7d30d2ba7e49c9cf?s=96&d=mm&r=g\",\"caption\":\"Drazen\"}}]}<\/script>\n<!-- \/ Yoast SEO plugin. -->","yoast_head_json":{"title":"Minister Anu\u0161i\u0107 at the meeting of defence ministers of the CEDC initiative in Prague - MORH","description":"Peace in the Western Balkans was hard earned and won, and it would be a mistake to take it for granted, Deputy Prime Minister and Defence Minister Ivan Anu\u0161i\u0107 said","robots":{"index":"index","follow":"follow","max-snippet":"max-snippet:-1","max-image-preview":"max-image-preview:large","max-video-preview":"max-video-preview:-1"},"canonical":"https:\/\/www.morh.hr\/en\/minister-anusic-at-the-meeting-of-defence-ministers-of-the-cedc-initiative-in-prague\/","og_locale":"en_US","og_type":"article","og_title":"Minister Anu\u0161i\u0107 at the meeting of defence ministers of the CEDC initiative in Prague - MORH","og_description":"Peace in the Western Balkans was hard earned and won, and it would be a mistake to take it for granted, Deputy Prime Minister and Defence Minister Ivan Anu\u0161i\u0107 said","og_url":"https:\/\/www.morh.hr\/en\/minister-anusic-at-the-meeting-of-defence-ministers-of-the-cedc-initiative-in-prague\/","og_site_name":"MORH","article_publisher":"https:\/\/www.facebook.com\/sportasiuhrvatskojvojsci\/","article_published_time":"2023-12-08T19:32:53+00:00","article_modified_time":"2024-01-03T07:38:34+00:00","og_image":[{"width":2560,"height":1729,"url":"https:\/\/www.morh.hr\/wp-content\/uploads\/2023\/12\/2023-12-08-cedc-eu.jpg","type":"image\/jpeg"}],"author":"Drazen","twitter_card":"summary_large_image","twitter_creator":"@morh_osrh","twitter_site":"@morh_osrh","twitter_misc":{"Written by":"Drazen","Est. reading time":"5 minutes"},"schema":{"@context":"https:\/\/schema.org","@graph":[{"@type":"Article","@id":"https:\/\/www.morh.hr\/en\/minister-anusic-at-the-meeting-of-defence-ministers-of-the-cedc-initiative-in-prague\/#article","isPartOf":{"@id":"https:\/\/www.morh.hr\/en\/minister-anusic-at-the-meeting-of-defence-ministers-of-the-cedc-initiative-in-prague\/"},"author":{"name":"Drazen","@id":"https:\/\/www.morh.hr\/en\/#\/schema\/person\/2d72e03399043d9513ab6bec75f2ce27"},"headline":"Minister Anu\u0161i\u0107 at the meeting of defence ministers of the CEDC initiative in Prague","datePublished":"2023-12-08T19:32:53+00:00","dateModified":"2024-01-03T07:38:34+00:00","mainEntityOfPage":{"@id":"https:\/\/www.morh.hr\/en\/minister-anusic-at-the-meeting-of-defence-ministers-of-the-cedc-initiative-in-prague\/"},"wordCount":797,"image":{"@id":"https:\/\/www.morh.hr\/en\/minister-anusic-at-the-meeting-of-defence-ministers-of-the-cedc-initiative-in-prague\/#primaryimage"},"thumbnailUrl":"https:\/\/www.morh.hr\/wp-content\/uploads\/2023\/12\/2023-12-08-cedc-eu.jpg","articleSection":["Press releases"],"inLanguage":"en-US"},{"@type":"WebPage","@id":"https:\/\/www.morh.hr\/en\/minister-anusic-at-the-meeting-of-defence-ministers-of-the-cedc-initiative-in-prague\/","url":"https:\/\/www.morh.hr\/en\/minister-anusic-at-the-meeting-of-defence-ministers-of-the-cedc-initiative-in-prague\/","name":"Minister Anu\u0161i\u0107 at the meeting of defence ministers of the CEDC initiative in Prague - MORH","isPartOf":{"@id":"https:\/\/www.morh.hr\/en\/#website"},"primaryImageOfPage":{"@id":"https:\/\/www.morh.hr\/en\/minister-anusic-at-the-meeting-of-defence-ministers-of-the-cedc-initiative-in-prague\/#primaryimage"},"image":{"@id":"https:\/\/www.morh.hr\/en\/minister-anusic-at-the-meeting-of-defence-ministers-of-the-cedc-initiative-in-prague\/#primaryimage"},"thumbnailUrl":"https:\/\/www.morh.hr\/wp-content\/uploads\/2023\/12\/2023-12-08-cedc-eu.jpg","datePublished":"2023-12-08T19:32:53+00:00","dateModified":"2024-01-03T07:38:34+00:00","author":{"@id":"https:\/\/www.morh.hr\/en\/#\/schema\/person\/2d72e03399043d9513ab6bec75f2ce27"},"description":"Peace in the Western Balkans was hard earned and won, and it would be a mistake to take it for granted, Deputy Prime Minister and Defence Minister Ivan Anu\u0161i\u0107 said","breadcrumb":{"@id":"https:\/\/www.morh.hr\/en\/minister-anusic-at-the-meeting-of-defence-ministers-of-the-cedc-initiative-in-prague\/#breadcrumb"},"inLanguage":"en-US","potentialAction":[{"@type":"ReadAction","target":["https:\/\/www.morh.hr\/en\/minister-anusic-at-the-meeting-of-defence-ministers-of-the-cedc-initiative-in-prague\/"]}]},{"@type":"ImageObject","inLanguage":"en-US","@id":"https:\/\/www.morh.hr\/en\/minister-anusic-at-the-meeting-of-defence-ministers-of-the-cedc-initiative-in-prague\/#primaryimage","url":"https:\/\/www.morh.hr\/wp-content\/uploads\/2023\/12\/2023-12-08-cedc-eu.jpg","contentUrl":"https:\/\/www.morh.hr\/wp-content\/uploads\/2023\/12\/2023-12-08-cedc-eu.jpg","width":2560,"height":1729,"caption":"Minister Anu\u0161i\u0107 at the meeting of defence ministers of the CEDC initiative in Prague| Photo Jan Schejbal"},{"@type":"BreadcrumbList","@id":"https:\/\/www.morh.hr\/en\/minister-anusic-at-the-meeting-of-defence-ministers-of-the-cedc-initiative-in-prague\/#breadcrumb","itemListElement":[{"@type":"ListItem","position":1,"name":"Naslovnica","item":"https:\/\/www.morh.hr\/en\/"},{"@type":"ListItem","position":2,"name":"News","item":"https:\/\/www.morh.hr\/en\/kategorija\/news\/"},{"@type":"ListItem","position":3,"name":"Press releases","item":"https:\/\/www.morh.hr\/en\/kategorija\/news\/press-releases\/"},{"@type":"ListItem","position":4,"name":"Minister Anu\u0161i\u0107 at the meeting of defence ministers of the CEDC initiative in Prague"}]},{"@type":"WebSite","@id":"https:\/\/www.morh.hr\/en\/#website","url":"https:\/\/www.morh.hr\/en\/","name":"MORH","description":"Ministarstvo obrane Republike Hrvatske - slu\u017ebene stranice","potentialAction":[{"@type":"SearchAction","target":{"@type":"EntryPoint","urlTemplate":"https:\/\/www.morh.hr\/en\/?s={search_term_string}"},"query-input":{"@type":"PropertyValueSpecification","valueRequired":true,"valueName":"search_term_string"}}],"inLanguage":"en-US"},{"@type":"Person","@id":"https:\/\/www.morh.hr\/en\/#\/schema\/person\/2d72e03399043d9513ab6bec75f2ce27","name":"Drazen","image":{"@type":"ImageObject","inLanguage":"en-US","@id":"https:\/\/www.morh.hr\/en\/#\/schema\/person\/image\/","url":"https:\/\/secure.gravatar.com\/avatar\/e36ef7e573425ae72988c73df868c1e87a656b0e005ca4fd7d30d2ba7e49c9cf?s=96&d=mm&r=g","contentUrl":"https:\/\/secure.gravatar.com\/avatar\/e36ef7e573425ae72988c73df868c1e87a656b0e005ca4fd7d30d2ba7e49c9cf?s=96&d=mm&r=g","caption":"Drazen"}}]}},"_links":{"self":[{"href":"https:\/\/www.morh.hr\/en\/wp-json\/wp\/v2\/posts\/228386","targetHints":{"allow":["GET"]}}],"collection":[{"href":"https:\/\/www.morh.hr\/en\/wp-json\/wp\/v2\/posts"}],"about":[{"href":"https:\/\/www.morh.hr\/en\/wp-json\/wp\/v2\/types\/post"}],"author":[{"embeddable":true,"href":"https:\/\/www.morh.hr\/en\/wp-json\/wp\/v2\/users\/3"}],"replies":[{"embeddable":true,"href":"https:\/\/www.morh.hr\/en\/wp-json\/wp\/v2\/comments?post=228386"}],"version-history":[{"count":0,"href":"https:\/\/www.morh.hr\/en\/wp-json\/wp\/v2\/posts\/228386\/revisions"}],"wp:featuredmedia":[{"embeddable":true,"href":"https:\/\/www.morh.hr\/en\/wp-json\/wp\/v2\/media\/228387"}],"wp:attachment":[{"href":"https:\/\/www.morh.hr\/en\/wp-json\/wp\/v2\/media?parent=228386"}],"wp:term":[{"taxonomy":"category","embeddable":true,"href":"https:\/\/www.morh.hr\/en\/wp-json\/wp\/v2\/categories?post=228386"},{"taxonomy":"post_tag","embeddable":true,"href":"https:\/\/www.morh.hr\/en\/wp-json\/wp\/v2\/tags?post=228386"}],"curies":[{"name":"wp","href":"https:\/\/api.w.org\/{rel}","templated":true}]}}