{"id":230704,"date":"2024-01-23T20:42:56","date_gmt":"2024-01-23T19:42:56","guid":{"rendered":"https:\/\/www.morh.hr\/?p=230704"},"modified":"2024-02-19T11:37:50","modified_gmt":"2024-02-19T10:37:50","slug":"minister-anusic-in-zadar-maslenica-was-one-of-the-biggest-and-most-important-operations-of-the-homeland-war","status":"publish","type":"post","link":"https:\/\/www.morh.hr\/en\/minister-anusic-in-zadar-maslenica-was-one-of-the-biggest-and-most-important-operations-of-the-homeland-war\/","title":{"rendered":"Minister Anu\u0161i\u0107: Maslenica was one of the biggest and most important operations of the Homeland War"},"content":{"rendered":"<p>A special ceremony took place in Zadar on Monday, 22 January 2024, to commemorate the 31st anniversary of the Maslenica Military and Police Operation. Through this operation, the Croatian Armed Forces reconnected Croatia&#8217;s south with the rest of the country.<\/p>\n<p>&#8220;It was one of the first liberating operations that our forces carried out. Other smaller operations took place in the western Slavonia region, but with that operation, we demonstrated that we were now operationally capable of both liberating and defending our territory. Maslenica was one of the largest and most important operations of the Homeland War. Our forces achieved a great victory and reconnected the south of Croatia with the rest of the country.&#8221; Ivan Anu\u0161i\u0107, the Minister of Defence, stated that he had been on the ground in the Zadar hinterland for the entire year of 1993 and that it concluded with Operation Storm and the total liberation of Croatian territory.<\/p>\n<p>&#8220;I was in Ka\u0161i\u0107 and Smokovi\u0107. From the beginning of the Homeland War to its conclusion, I was on the battlefield and in the theatres of operations. I was sent to this area because, when operations ended in Slavonia, they continued here, on the southern battlefield in 1991. Those were the days of pride and glory. Although the memories of those times invoke a great sense of pride, they also bring sadness because our fellow soldiers are no longer with us. We have to honour them since their lives are interwoven with the principles that constitute the Republic of Croatia. Everything we did paid off because our country gained independence, a right we owe to our veterans. The Minister of Defence went on to conclude, &#8220;And everyone else behind them can get in line and take credit for it.&#8221;<\/p>\n<p>&#8220;We must never forget the atrocities we endured as a result of Milo\u0161evi\u0107\u2019s Greater Serbian aggression and all the suffering it caused, including the devastation of Dubrovnik and the fall of Vukovar, as well as the casualties we suffered in the hinterland and Zadar itself. The first Croatian president, Dr. Franjo Tu\u0111man, the Chief of the General Staff, General Janko Bobetko, General Ante Gotovina, and all other commanders must be remembered along with everything that took place during those years, but above all, our brave veterans,&#8221; stated Tomo Medved, the Minister of Croatian veterans.<\/p>\n<p>On the occasion of this anniversary, Admiral Robert Hranj, Chief of the CAF General Staff, stated, &#8220;The outcome of Operation Maslenica indicated that Croatia would win the Homeland War. All services of the armed forces took part in it. The value of volunteerism as well as the professionalism of the armed forces has been clearly demonstrated.&#8221;<\/p>\n<p>In remembrance of the fallen, missing, and deceased Croatian defenders, candles were lit and wreaths placed at the main Zadar cemetery, at the memorial monuments to the 3rd Battalion Imotski Sokolovi and the 4th Guards Brigade Pauci, and at Jazine Bay, at the monument to Croatian defenders. The traditional march of the Operation participant units \u2013 members of the Ministry of Interior and the Croatian Armed Forces \u2013 displaying wartime unit flags completed the commemoration. The parade started at Jazine Bay and proceeded across the bridge, passing through Kalelarga and ending in the middle of the peninsula.<\/p>\n<p>After the parade, a mass for the homeland was recited in the Church of St. Simon. Respects were then paid at the memorial monuments to the 3rd Kuna Guards Brigade at Ka\u0161i\u0107 and the 4th Guards Brigade Pauci at Islam Latinski, located on the southern side of the Maslenica Bridge.<\/p>\n<p>At the celebration of this liberation operation\u2019s anniversary, in addition to Deputy Prime Minister of the Republic of Croatia and Minister of Defence Ivan Anu\u0161i\u0107, there were also the Minister of Croatian Veterans and Deputy Prime Minister Tomo Medved, the Envoy of the President of the Republic of Croatia and Commander-in-Chief of the Croatian Armed Forces, the Chief of the CAF General Staff , Admiral Robert Hranj, the Minister for Regional Development and EU Funds, \u0160ime Erli\u0107, the General Police Director Nikola Milina, the Envoy of the Speaker of the Croatian Parliament and member of the Croatian Parliament, Rade \u0160imi\u010devi\u0107, and numerous current and former commanders of the armed forces and representatives of local and regional authorities.<\/p>\n<p>The evening will feature a special concert by the Croatian police a cappella band St. Mihovil and the Croatian Navy a cappella band St. Juraj in the atrium of Providur\u2019s Palace, which is home to an exhibition of posters and photos of wartime military units.<\/p>\n\n","protected":false},"excerpt":{"rendered":"<p>The 31st anniversary of the Military and Police Operation Maslenica, through which the Croatian Armed Forces reconnected Croatia\u2019s south with the rest of the country, was commemorated with a special programme in Zadar<\/p>\n","protected":false},"author":3,"featured_media":230705,"comment_status":"closed","ping_status":"closed","sticky":false,"template":"","format":"standard","meta":{"_acf_changed":false,"_monsterinsights_skip_tracking":false,"_monsterinsights_sitenote_active":false,"_monsterinsights_sitenote_note":"","_monsterinsights_sitenote_category":0,"footnotes":""},"categories":[117],"tags":[],"class_list":["post-230704","post","type-post","status-publish","format-standard","has-post-thumbnail","hentry","category-press-releases"],"acf":[],"yoast_head":"<!-- This site is optimized with the Yoast SEO plugin v26.9 - https:\/\/yoast.com\/product\/yoast-seo-wordpress\/ -->\n<title>Minister Anu\u0161i\u0107: Maslenica was one of the biggest and most important operations of the Homeland War - MORH<\/title>\n<meta name=\"description\" content=\"The 31st anniversary of the Military and Police Operation Maslenica, through which the Croatian Armed Forces reconnected Croatia\u2019s south with the rest of the country, was commemorated with a special programme in Zadar\" \/>\n<meta name=\"robots\" content=\"index, follow, max-snippet:-1, max-image-preview:large, max-video-preview:-1\" \/>\n<link rel=\"canonical\" href=\"https:\/\/www.morh.hr\/en\/minister-anusic-in-zadar-maslenica-was-one-of-the-biggest-and-most-important-operations-of-the-homeland-war\/\" \/>\n<meta property=\"og:locale\" content=\"en_US\" \/>\n<meta property=\"og:type\" content=\"article\" \/>\n<meta property=\"og:title\" content=\"Minister Anu\u0161i\u0107: Maslenica was one of the biggest and most important operations of the Homeland War - MORH\" \/>\n<meta property=\"og:description\" content=\"The 31st anniversary of the Military and Police Operation Maslenica, through which the Croatian Armed Forces reconnected Croatia\u2019s south with the rest of the country, was commemorated with a special programme in Zadar\" \/>\n<meta property=\"og:url\" content=\"https:\/\/www.morh.hr\/en\/minister-anusic-in-zadar-maslenica-was-one-of-the-biggest-and-most-important-operations-of-the-homeland-war\/\" \/>\n<meta property=\"og:site_name\" content=\"MORH\" \/>\n<meta property=\"article:publisher\" content=\"https:\/\/www.facebook.com\/sportasiuhrvatskojvojsci\/\" \/>\n<meta property=\"article:published_time\" content=\"2024-01-23T19:42:56+00:00\" \/>\n<meta property=\"article:modified_time\" content=\"2024-02-19T10:37:50+00:00\" \/>\n<meta property=\"og:image\" content=\"https:\/\/www.morh.hr\/wp-content\/uploads\/2024\/02\/2024-01-22-akcija-maslenica-zadar-en.jpg\" \/>\n\t<meta property=\"og:image:width\" content=\"2400\" \/>\n\t<meta property=\"og:image:height\" content=\"1600\" \/>\n\t<meta property=\"og:image:type\" content=\"image\/jpeg\" \/>\n<meta name=\"author\" content=\"Drazen\" \/>\n<meta name=\"twitter:card\" content=\"summary_large_image\" \/>\n<meta name=\"twitter:creator\" content=\"@morh_osrh\" \/>\n<meta name=\"twitter:site\" content=\"@morh_osrh\" \/>\n<meta name=\"twitter:label1\" content=\"Written by\" \/>\n\t<meta name=\"twitter:data1\" content=\"Drazen\" \/>\n\t<meta name=\"twitter:label2\" content=\"Est. reading time\" \/>\n\t<meta name=\"twitter:data2\" content=\"5 minutes\" \/>\n<script type=\"application\/ld+json\" class=\"yoast-schema-graph\">{\"@context\":\"https:\/\/schema.org\",\"@graph\":[{\"@type\":\"Article\",\"@id\":\"https:\/\/www.morh.hr\/en\/minister-anusic-in-zadar-maslenica-was-one-of-the-biggest-and-most-important-operations-of-the-homeland-war\/#article\",\"isPartOf\":{\"@id\":\"https:\/\/www.morh.hr\/en\/minister-anusic-in-zadar-maslenica-was-one-of-the-biggest-and-most-important-operations-of-the-homeland-war\/\"},\"author\":{\"name\":\"Drazen\",\"@id\":\"https:\/\/www.morh.hr\/en\/#\/schema\/person\/2d72e03399043d9513ab6bec75f2ce27\"},\"headline\":\"Minister Anu\u0161i\u0107: Maslenica was one of the biggest and most important operations of the Homeland War\",\"datePublished\":\"2024-01-23T19:42:56+00:00\",\"dateModified\":\"2024-02-19T10:37:50+00:00\",\"mainEntityOfPage\":{\"@id\":\"https:\/\/www.morh.hr\/en\/minister-anusic-in-zadar-maslenica-was-one-of-the-biggest-and-most-important-operations-of-the-homeland-war\/\"},\"wordCount\":780,\"image\":{\"@id\":\"https:\/\/www.morh.hr\/en\/minister-anusic-in-zadar-maslenica-was-one-of-the-biggest-and-most-important-operations-of-the-homeland-war\/#primaryimage\"},\"thumbnailUrl\":\"https:\/\/www.morh.hr\/wp-content\/uploads\/2024\/02\/2024-01-22-akcija-maslenica-zadar-en.jpg\",\"articleSection\":[\"Press releases\"],\"inLanguage\":\"en-US\"},{\"@type\":\"WebPage\",\"@id\":\"https:\/\/www.morh.hr\/en\/minister-anusic-in-zadar-maslenica-was-one-of-the-biggest-and-most-important-operations-of-the-homeland-war\/\",\"url\":\"https:\/\/www.morh.hr\/en\/minister-anusic-in-zadar-maslenica-was-one-of-the-biggest-and-most-important-operations-of-the-homeland-war\/\",\"name\":\"Minister Anu\u0161i\u0107: Maslenica was one of the biggest and most important operations of the Homeland War - MORH\",\"isPartOf\":{\"@id\":\"https:\/\/www.morh.hr\/en\/#website\"},\"primaryImageOfPage\":{\"@id\":\"https:\/\/www.morh.hr\/en\/minister-anusic-in-zadar-maslenica-was-one-of-the-biggest-and-most-important-operations-of-the-homeland-war\/#primaryimage\"},\"image\":{\"@id\":\"https:\/\/www.morh.hr\/en\/minister-anusic-in-zadar-maslenica-was-one-of-the-biggest-and-most-important-operations-of-the-homeland-war\/#primaryimage\"},\"thumbnailUrl\":\"https:\/\/www.morh.hr\/wp-content\/uploads\/2024\/02\/2024-01-22-akcija-maslenica-zadar-en.jpg\",\"datePublished\":\"2024-01-23T19:42:56+00:00\",\"dateModified\":\"2024-02-19T10:37:50+00:00\",\"author\":{\"@id\":\"https:\/\/www.morh.hr\/en\/#\/schema\/person\/2d72e03399043d9513ab6bec75f2ce27\"},\"description\":\"The 31st anniversary of the Military and Police Operation Maslenica, through which the Croatian Armed Forces reconnected Croatia\u2019s south with the rest of the country, was commemorated with a special programme in Zadar\",\"breadcrumb\":{\"@id\":\"https:\/\/www.morh.hr\/en\/minister-anusic-in-zadar-maslenica-was-one-of-the-biggest-and-most-important-operations-of-the-homeland-war\/#breadcrumb\"},\"inLanguage\":\"en-US\",\"potentialAction\":[{\"@type\":\"ReadAction\",\"target\":[\"https:\/\/www.morh.hr\/en\/minister-anusic-in-zadar-maslenica-was-one-of-the-biggest-and-most-important-operations-of-the-homeland-war\/\"]}]},{\"@type\":\"ImageObject\",\"inLanguage\":\"en-US\",\"@id\":\"https:\/\/www.morh.hr\/en\/minister-anusic-in-zadar-maslenica-was-one-of-the-biggest-and-most-important-operations-of-the-homeland-war\/#primaryimage\",\"url\":\"https:\/\/www.morh.hr\/wp-content\/uploads\/2024\/02\/2024-01-22-akcija-maslenica-zadar-en.jpg\",\"contentUrl\":\"https:\/\/www.morh.hr\/wp-content\/uploads\/2024\/02\/2024-01-22-akcija-maslenica-zadar-en.jpg\",\"width\":2400,\"height\":1600,\"caption\":\"Minister Anu\u0161i\u0107 in Zadar: Maslenica was one of the biggest and most important operations of the Homeland War | Photo: MOD\/ F. Klen\"},{\"@type\":\"BreadcrumbList\",\"@id\":\"https:\/\/www.morh.hr\/en\/minister-anusic-in-zadar-maslenica-was-one-of-the-biggest-and-most-important-operations-of-the-homeland-war\/#breadcrumb\",\"itemListElement\":[{\"@type\":\"ListItem\",\"position\":1,\"name\":\"Naslovnica\",\"item\":\"https:\/\/www.morh.hr\/en\/\"},{\"@type\":\"ListItem\",\"position\":2,\"name\":\"News\",\"item\":\"https:\/\/www.morh.hr\/en\/kategorija\/news\/\"},{\"@type\":\"ListItem\",\"position\":3,\"name\":\"Press releases\",\"item\":\"https:\/\/www.morh.hr\/en\/kategorija\/news\/press-releases\/\"},{\"@type\":\"ListItem\",\"position\":4,\"name\":\"Minister Anu\u0161i\u0107: Maslenica was one of the biggest and most important operations of the Homeland War\"}]},{\"@type\":\"WebSite\",\"@id\":\"https:\/\/www.morh.hr\/en\/#website\",\"url\":\"https:\/\/www.morh.hr\/en\/\",\"name\":\"MORH\",\"description\":\"Ministarstvo obrane Republike Hrvatske - slu\u017ebene stranice\",\"potentialAction\":[{\"@type\":\"SearchAction\",\"target\":{\"@type\":\"EntryPoint\",\"urlTemplate\":\"https:\/\/www.morh.hr\/en\/?s={search_term_string}\"},\"query-input\":{\"@type\":\"PropertyValueSpecification\",\"valueRequired\":true,\"valueName\":\"search_term_string\"}}],\"inLanguage\":\"en-US\"},{\"@type\":\"Person\",\"@id\":\"https:\/\/www.morh.hr\/en\/#\/schema\/person\/2d72e03399043d9513ab6bec75f2ce27\",\"name\":\"Drazen\",\"image\":{\"@type\":\"ImageObject\",\"inLanguage\":\"en-US\",\"@id\":\"https:\/\/www.morh.hr\/en\/#\/schema\/person\/image\/\",\"url\":\"https:\/\/secure.gravatar.com\/avatar\/e36ef7e573425ae72988c73df868c1e87a656b0e005ca4fd7d30d2ba7e49c9cf?s=96&d=mm&r=g\",\"contentUrl\":\"https:\/\/secure.gravatar.com\/avatar\/e36ef7e573425ae72988c73df868c1e87a656b0e005ca4fd7d30d2ba7e49c9cf?s=96&d=mm&r=g\",\"caption\":\"Drazen\"}}]}<\/script>\n<!-- \/ Yoast SEO plugin. -->","yoast_head_json":{"title":"Minister Anu\u0161i\u0107: Maslenica was one of the biggest and most important operations of the Homeland War - MORH","description":"The 31st anniversary of the Military and Police Operation Maslenica, through which the Croatian Armed Forces reconnected Croatia\u2019s south with the rest of the country, was commemorated with a special programme in Zadar","robots":{"index":"index","follow":"follow","max-snippet":"max-snippet:-1","max-image-preview":"max-image-preview:large","max-video-preview":"max-video-preview:-1"},"canonical":"https:\/\/www.morh.hr\/en\/minister-anusic-in-zadar-maslenica-was-one-of-the-biggest-and-most-important-operations-of-the-homeland-war\/","og_locale":"en_US","og_type":"article","og_title":"Minister Anu\u0161i\u0107: Maslenica was one of the biggest and most important operations of the Homeland War - MORH","og_description":"The 31st anniversary of the Military and Police Operation Maslenica, through which the Croatian Armed Forces reconnected Croatia\u2019s south with the rest of the country, was commemorated with a special programme in Zadar","og_url":"https:\/\/www.morh.hr\/en\/minister-anusic-in-zadar-maslenica-was-one-of-the-biggest-and-most-important-operations-of-the-homeland-war\/","og_site_name":"MORH","article_publisher":"https:\/\/www.facebook.com\/sportasiuhrvatskojvojsci\/","article_published_time":"2024-01-23T19:42:56+00:00","article_modified_time":"2024-02-19T10:37:50+00:00","og_image":[{"width":2400,"height":1600,"url":"https:\/\/www.morh.hr\/wp-content\/uploads\/2024\/02\/2024-01-22-akcija-maslenica-zadar-en.jpg","type":"image\/jpeg"}],"author":"Drazen","twitter_card":"summary_large_image","twitter_creator":"@morh_osrh","twitter_site":"@morh_osrh","twitter_misc":{"Written by":"Drazen","Est. reading time":"5 minutes"},"schema":{"@context":"https:\/\/schema.org","@graph":[{"@type":"Article","@id":"https:\/\/www.morh.hr\/en\/minister-anusic-in-zadar-maslenica-was-one-of-the-biggest-and-most-important-operations-of-the-homeland-war\/#article","isPartOf":{"@id":"https:\/\/www.morh.hr\/en\/minister-anusic-in-zadar-maslenica-was-one-of-the-biggest-and-most-important-operations-of-the-homeland-war\/"},"author":{"name":"Drazen","@id":"https:\/\/www.morh.hr\/en\/#\/schema\/person\/2d72e03399043d9513ab6bec75f2ce27"},"headline":"Minister Anu\u0161i\u0107: Maslenica was one of the biggest and most important operations of the Homeland War","datePublished":"2024-01-23T19:42:56+00:00","dateModified":"2024-02-19T10:37:50+00:00","mainEntityOfPage":{"@id":"https:\/\/www.morh.hr\/en\/minister-anusic-in-zadar-maslenica-was-one-of-the-biggest-and-most-important-operations-of-the-homeland-war\/"},"wordCount":780,"image":{"@id":"https:\/\/www.morh.hr\/en\/minister-anusic-in-zadar-maslenica-was-one-of-the-biggest-and-most-important-operations-of-the-homeland-war\/#primaryimage"},"thumbnailUrl":"https:\/\/www.morh.hr\/wp-content\/uploads\/2024\/02\/2024-01-22-akcija-maslenica-zadar-en.jpg","articleSection":["Press releases"],"inLanguage":"en-US"},{"@type":"WebPage","@id":"https:\/\/www.morh.hr\/en\/minister-anusic-in-zadar-maslenica-was-one-of-the-biggest-and-most-important-operations-of-the-homeland-war\/","url":"https:\/\/www.morh.hr\/en\/minister-anusic-in-zadar-maslenica-was-one-of-the-biggest-and-most-important-operations-of-the-homeland-war\/","name":"Minister Anu\u0161i\u0107: Maslenica was one of the biggest and most important operations of the Homeland War - MORH","isPartOf":{"@id":"https:\/\/www.morh.hr\/en\/#website"},"primaryImageOfPage":{"@id":"https:\/\/www.morh.hr\/en\/minister-anusic-in-zadar-maslenica-was-one-of-the-biggest-and-most-important-operations-of-the-homeland-war\/#primaryimage"},"image":{"@id":"https:\/\/www.morh.hr\/en\/minister-anusic-in-zadar-maslenica-was-one-of-the-biggest-and-most-important-operations-of-the-homeland-war\/#primaryimage"},"thumbnailUrl":"https:\/\/www.morh.hr\/wp-content\/uploads\/2024\/02\/2024-01-22-akcija-maslenica-zadar-en.jpg","datePublished":"2024-01-23T19:42:56+00:00","dateModified":"2024-02-19T10:37:50+00:00","author":{"@id":"https:\/\/www.morh.hr\/en\/#\/schema\/person\/2d72e03399043d9513ab6bec75f2ce27"},"description":"The 31st anniversary of the Military and Police Operation Maslenica, through which the Croatian Armed Forces reconnected Croatia\u2019s south with the rest of the country, was commemorated with a special programme in Zadar","breadcrumb":{"@id":"https:\/\/www.morh.hr\/en\/minister-anusic-in-zadar-maslenica-was-one-of-the-biggest-and-most-important-operations-of-the-homeland-war\/#breadcrumb"},"inLanguage":"en-US","potentialAction":[{"@type":"ReadAction","target":["https:\/\/www.morh.hr\/en\/minister-anusic-in-zadar-maslenica-was-one-of-the-biggest-and-most-important-operations-of-the-homeland-war\/"]}]},{"@type":"ImageObject","inLanguage":"en-US","@id":"https:\/\/www.morh.hr\/en\/minister-anusic-in-zadar-maslenica-was-one-of-the-biggest-and-most-important-operations-of-the-homeland-war\/#primaryimage","url":"https:\/\/www.morh.hr\/wp-content\/uploads\/2024\/02\/2024-01-22-akcija-maslenica-zadar-en.jpg","contentUrl":"https:\/\/www.morh.hr\/wp-content\/uploads\/2024\/02\/2024-01-22-akcija-maslenica-zadar-en.jpg","width":2400,"height":1600,"caption":"Minister Anu\u0161i\u0107 in Zadar: Maslenica was one of the biggest and most important operations of the Homeland War | Photo: MOD\/ F. Klen"},{"@type":"BreadcrumbList","@id":"https:\/\/www.morh.hr\/en\/minister-anusic-in-zadar-maslenica-was-one-of-the-biggest-and-most-important-operations-of-the-homeland-war\/#breadcrumb","itemListElement":[{"@type":"ListItem","position":1,"name":"Naslovnica","item":"https:\/\/www.morh.hr\/en\/"},{"@type":"ListItem","position":2,"name":"News","item":"https:\/\/www.morh.hr\/en\/kategorija\/news\/"},{"@type":"ListItem","position":3,"name":"Press releases","item":"https:\/\/www.morh.hr\/en\/kategorija\/news\/press-releases\/"},{"@type":"ListItem","position":4,"name":"Minister Anu\u0161i\u0107: Maslenica was one of the biggest and most important operations of the Homeland War"}]},{"@type":"WebSite","@id":"https:\/\/www.morh.hr\/en\/#website","url":"https:\/\/www.morh.hr\/en\/","name":"MORH","description":"Ministarstvo obrane Republike Hrvatske - slu\u017ebene stranice","potentialAction":[{"@type":"SearchAction","target":{"@type":"EntryPoint","urlTemplate":"https:\/\/www.morh.hr\/en\/?s={search_term_string}"},"query-input":{"@type":"PropertyValueSpecification","valueRequired":true,"valueName":"search_term_string"}}],"inLanguage":"en-US"},{"@type":"Person","@id":"https:\/\/www.morh.hr\/en\/#\/schema\/person\/2d72e03399043d9513ab6bec75f2ce27","name":"Drazen","image":{"@type":"ImageObject","inLanguage":"en-US","@id":"https:\/\/www.morh.hr\/en\/#\/schema\/person\/image\/","url":"https:\/\/secure.gravatar.com\/avatar\/e36ef7e573425ae72988c73df868c1e87a656b0e005ca4fd7d30d2ba7e49c9cf?s=96&d=mm&r=g","contentUrl":"https:\/\/secure.gravatar.com\/avatar\/e36ef7e573425ae72988c73df868c1e87a656b0e005ca4fd7d30d2ba7e49c9cf?s=96&d=mm&r=g","caption":"Drazen"}}]}},"_links":{"self":[{"href":"https:\/\/www.morh.hr\/en\/wp-json\/wp\/v2\/posts\/230704","targetHints":{"allow":["GET"]}}],"collection":[{"href":"https:\/\/www.morh.hr\/en\/wp-json\/wp\/v2\/posts"}],"about":[{"href":"https:\/\/www.morh.hr\/en\/wp-json\/wp\/v2\/types\/post"}],"author":[{"embeddable":true,"href":"https:\/\/www.morh.hr\/en\/wp-json\/wp\/v2\/users\/3"}],"replies":[{"embeddable":true,"href":"https:\/\/www.morh.hr\/en\/wp-json\/wp\/v2\/comments?post=230704"}],"version-history":[{"count":0,"href":"https:\/\/www.morh.hr\/en\/wp-json\/wp\/v2\/posts\/230704\/revisions"}],"wp:featuredmedia":[{"embeddable":true,"href":"https:\/\/www.morh.hr\/en\/wp-json\/wp\/v2\/media\/230705"}],"wp:attachment":[{"href":"https:\/\/www.morh.hr\/en\/wp-json\/wp\/v2\/media?parent=230704"}],"wp:term":[{"taxonomy":"category","embeddable":true,"href":"https:\/\/www.morh.hr\/en\/wp-json\/wp\/v2\/categories?post=230704"},{"taxonomy":"post_tag","embeddable":true,"href":"https:\/\/www.morh.hr\/en\/wp-json\/wp\/v2\/tags?post=230704"}],"curies":[{"name":"wp","href":"https:\/\/api.w.org\/{rel}","templated":true}]}}