{"id":233419,"date":"2024-02-29T20:17:06","date_gmt":"2024-02-29T19:17:06","guid":{"rendered":"https:\/\/www.morh.hr\/?p=233419"},"modified":"2024-12-27T09:16:29","modified_gmt":"2024-12-27T08:16:29","slug":"austrian-ambassador-pays-inaugural-visit-to-croatian-mod","status":"publish","type":"post","link":"https:\/\/www.morh.hr\/en\/austrian-ambassador-pays-inaugural-visit-to-croatian-mod\/","title":{"rendered":"Austrian Ambassador pays inaugural visit to Croatian MOD"},"content":{"rendered":"<p>On Thursday, 29 February 29 2024 Ambassador of the Republic of Austria to Croatia Josef Markus Wuketich paid an inaugural visit to the Croatian Ministry of Defence and was received by Deputy Prime Minister and Defence Minister Ivan Anu\u0161i\u0107.<\/p>\n<p>The meeting participants reaffirmed the good and friendly relations between the two countries, emphasising a high level of mutual understanding and common interests in the field of stabilisation and further Euro-Atlantic integration of the Southeastern European countries.<\/p>\n<p>&#8220;Austria is Croatia\u2019s defence partner. The two countries share a tradition of good cooperation,&#8221; Minister Anu\u0161i\u0107 said, adding that in today\u2019s challenging times we should focus on Western values and unity, and strengthen relations with partners and allies.<\/p>\n<p>Referring to Russia&#8217;s brutal aggression against Ukraine, he said that Croatia supports territorial integrity of Ukraine, pointing out that the Croatian Government has adopted a total of nine decisions to donate military equipment and ammunition to Ukraine worth over 185 million euros.<\/p>\n<p>&#8220;Croatia remains committed to provide strong support and assistance to the Euro-Atlantic perspective of the Southeastern European countries which is key to long-term stability of this part of Europe,&#8221; Minister Anu\u0161i\u0107 said.<\/p>\n<p>The Minister also talked about the current CAF equipping and modernisation projects. &#8220;Our main goals are: improvement of the overall conditions of our units, and CAF modernisation,&#8221; he said.<\/p>\n<p>Bilateral defence cooperation between Croatia and Austria has been established mostly in the area of military education and training, via the exchange of instructors and special forces, and in the KFOR operation to which the Austrian Armed Forces make a significant contribution.<\/p>\n<p>With respect to multilateral organisations and initiatives, the two countries also cooperate through the CEDC initiative. Within the framework of the European Union, Croatia and Austria jointly participate in three PESCO projects. The one that particularly stands out is &#8220;CBRN Surveillance as a Service&#8221; in which Austria is also the project coordinator. The other two projects include &#8220;Deployable Military Disaster Relief Capability Package&#8221; and &#8220;Military Mobility&#8221;. The two countries will also participate in Germany-led EUBG 2025.<\/p>\n<div class=\"morh-galleria\"><a href=\"https:\/\/live.staticflickr.com\/65535\/53559490083_653dc78e8e_h.jpg\" title=\"Nastupni posjet austrijskog veleposlanika u MORH-u\"><img decoding=\"async\" data-title=\"Nastupni posjet austrijskog veleposlanika u MORH-u\" data-description=\"Potpredsjednik Vlade RH i ministar obrane Ivan Anu\u0161i\u0107 primio je u \u010detvrtak 29. velja\u010de 2024. u nastupni posjet u Ministarstvu obrane veleposlanika Republike Austrije Josefa Markusa Wuketicha | Foto: MORH\/ J. Kopi\" alt=\"Nastupni posjet austrijskog veleposlanika u MORH-u\" src=\"https:\/\/live.staticflickr.com\/65535\/53559490083_653dc78e8e_h.jpg\" data-layer=\"&lt;div class=&#039;morh-gallery-image-download&#039;&gt;&lt;a href=&#039;https:\/\/live.staticflickr.com\/65535\/53559490083_f487a61244_o.jpg&#039; target=&#039;_blank&#039;&gt;Slika za preuzimanje&lt;\/a&gt;&lt;\/div&gt;\" \/><\/a><a href=\"https:\/\/live.staticflickr.com\/65535\/53559292981_1688173719_h.jpg\" title=\"Nastupni posjet austrijskog veleposlanika u MORH-u\"><img decoding=\"async\" data-title=\"Nastupni posjet austrijskog veleposlanika u MORH-u\" data-description=\"Potpredsjednik Vlade RH i ministar obrane Ivan Anu\u0161i\u0107 primio je u \u010detvrtak 29. velja\u010de 2024. u nastupni posjet u Ministarstvu obrane veleposlanika Republike Austrije Josefa Markusa Wuketicha | Foto: MORH\/ J. Kopi\" alt=\"Nastupni posjet austrijskog veleposlanika u MORH-u\" src=\"https:\/\/live.staticflickr.com\/65535\/53559292981_1688173719_h.jpg\" data-layer=\"&lt;div class=&#039;morh-gallery-image-download&#039;&gt;&lt;a href=&#039;https:\/\/live.staticflickr.com\/65535\/53559292981_be97357b76_o.jpg&#039; target=&#039;_blank&#039;&gt;Slika za preuzimanje&lt;\/a&gt;&lt;\/div&gt;\" \/><\/a><a href=\"https:\/\/live.staticflickr.com\/65535\/53559490108_4e96a7fae7_h.jpg\" title=\"Nastupni posjet austrijskog veleposlanika u MORH-u\"><img decoding=\"async\" data-title=\"Nastupni posjet austrijskog veleposlanika u MORH-u\" data-description=\"Potpredsjednik Vlade RH i ministar obrane Ivan Anu\u0161i\u0107 primio je u \u010detvrtak 29. velja\u010de 2024. u nastupni posjet u Ministarstvu obrane veleposlanika Republike Austrije Josefa Markusa Wuketicha | Foto: MORH\/ J. Kopi\" alt=\"Nastupni posjet austrijskog veleposlanika u MORH-u\" src=\"https:\/\/live.staticflickr.com\/65535\/53559490108_4e96a7fae7_h.jpg\" data-layer=\"&lt;div class=&#039;morh-gallery-image-download&#039;&gt;&lt;a href=&#039;https:\/\/live.staticflickr.com\/65535\/53559490108_672de7a37e_o.jpg&#039; target=&#039;_blank&#039;&gt;Slika za preuzimanje&lt;\/a&gt;&lt;\/div&gt;\" \/><\/a><a href=\"https:\/\/live.staticflickr.com\/65535\/53559490053_83fdd0d5ab_h.jpg\" title=\"Nastupni posjet austrijskog veleposlanika u MORH-u\"><img decoding=\"async\" data-title=\"Nastupni posjet austrijskog veleposlanika u MORH-u\" data-description=\"Potpredsjednik Vlade RH i ministar obrane Ivan Anu\u0161i\u0107 primio je u \u010detvrtak 29. velja\u010de 2024. u nastupni posjet u Ministarstvu obrane veleposlanika Republike Austrije Josefa Markusa Wuketicha | Foto: MORH\/ J. Kopi\" alt=\"Nastupni posjet austrijskog veleposlanika u MORH-u\" src=\"https:\/\/live.staticflickr.com\/65535\/53559490053_83fdd0d5ab_h.jpg\" data-layer=\"&lt;div class=&#039;morh-gallery-image-download&#039;&gt;&lt;a href=&#039;https:\/\/live.staticflickr.com\/65535\/53559490053_466d670268_o.jpg&#039; target=&#039;_blank&#039;&gt;Slika za preuzimanje&lt;\/a&gt;&lt;\/div&gt;\" \/><\/a><a href=\"https:\/\/live.staticflickr.com\/65535\/53559490223_e5edc80a41_h.jpg\" title=\"Nastupni posjet austrijskog veleposlanika u MORH-u\"><img decoding=\"async\" data-title=\"Nastupni posjet austrijskog veleposlanika u MORH-u\" data-description=\"Potpredsjednik Vlade RH i ministar obrane Ivan Anu\u0161i\u0107 primio je u \u010detvrtak 29. velja\u010de 2024. u nastupni posjet u Ministarstvu obrane veleposlanika Republike Austrije Josefa Markusa Wuketicha | Foto: MORH\/ J. Kopi\" alt=\"Nastupni posjet austrijskog veleposlanika u MORH-u\" src=\"https:\/\/live.staticflickr.com\/65535\/53559490223_e5edc80a41_h.jpg\" data-layer=\"&lt;div class=&#039;morh-gallery-image-download&#039;&gt;&lt;a href=&#039;https:\/\/live.staticflickr.com\/65535\/53559490223_e813d44f71_o.jpg&#039; target=&#039;_blank&#039;&gt;Slika za preuzimanje&lt;\/a&gt;&lt;\/div&gt;\" \/><\/a><a href=\"https:\/\/live.staticflickr.com\/65535\/53559735210_ca8877b688_h.jpg\" title=\"Nastupni posjet austrijskog veleposlanika u MORH-u\"><img decoding=\"async\" data-title=\"Nastupni posjet austrijskog veleposlanika u MORH-u\" data-description=\"Potpredsjednik Vlade RH i ministar obrane Ivan Anu\u0161i\u0107 primio je u \u010detvrtak 29. velja\u010de 2024. u nastupni posjet u Ministarstvu obrane veleposlanika Republike Austrije Josefa Markusa Wuketicha | Foto: MORH\/ J. Kopi\" alt=\"Nastupni posjet austrijskog veleposlanika u MORH-u\" src=\"https:\/\/live.staticflickr.com\/65535\/53559735210_ca8877b688_h.jpg\" data-layer=\"&lt;div class=&#039;morh-gallery-image-download&#039;&gt;&lt;a href=&#039;https:\/\/live.staticflickr.com\/65535\/53559735210_1ee7f5f36e_o.jpg&#039; target=&#039;_blank&#039;&gt;Slika za preuzimanje&lt;\/a&gt;&lt;\/div&gt;\" \/><\/a><a href=\"https:\/\/live.staticflickr.com\/65535\/53559622594_0028d8a869_h.jpg\" title=\"Nastupni posjet austrijskog veleposlanika u MORH-u\"><img decoding=\"async\" data-title=\"Nastupni posjet austrijskog veleposlanika u MORH-u\" data-description=\"Potpredsjednik Vlade RH i ministar obrane Ivan Anu\u0161i\u0107 primio je u \u010detvrtak 29. velja\u010de 2024. u nastupni posjet u Ministarstvu obrane veleposlanika Republike Austrije Josefa Markusa Wuketicha | Foto: MORH\/ J. Kopi\" alt=\"Nastupni posjet austrijskog veleposlanika u MORH-u\" src=\"https:\/\/live.staticflickr.com\/65535\/53559622594_0028d8a869_h.jpg\" data-layer=\"&lt;div class=&#039;morh-gallery-image-download&#039;&gt;&lt;a href=&#039;https:\/\/live.staticflickr.com\/65535\/53559622594_d4695d1655_o.jpg&#039; target=&#039;_blank&#039;&gt;Slika za preuzimanje&lt;\/a&gt;&lt;\/div&gt;\" \/><\/a><a href=\"https:\/\/live.staticflickr.com\/65535\/53559622644_9b415540f4_h.jpg\" title=\"Nastupni posjet austrijskog veleposlanika u MORH-u\"><img decoding=\"async\" data-title=\"Nastupni posjet austrijskog veleposlanika u MORH-u\" data-description=\"Potpredsjednik Vlade RH i ministar obrane Ivan Anu\u0161i\u0107 primio je u \u010detvrtak 29. velja\u010de 2024. u nastupni posjet u Ministarstvu obrane veleposlanika Republike Austrije Josefa Markusa Wuketicha | Foto: MORH\/ J. Kopi\" alt=\"Nastupni posjet austrijskog veleposlanika u MORH-u\" src=\"https:\/\/live.staticflickr.com\/65535\/53559622644_9b415540f4_h.jpg\" data-layer=\"&lt;div class=&#039;morh-gallery-image-download&#039;&gt;&lt;a href=&#039;https:\/\/live.staticflickr.com\/65535\/53559622644_d9f81d5a6c_o.jpg&#039; target=&#039;_blank&#039;&gt;Slika za preuzimanje&lt;\/a&gt;&lt;\/div&gt;\" \/><\/a><a href=\"https:\/\/live.staticflickr.com\/65535\/53559622694_6b0a1b9b6f_h.jpg\" title=\"Nastupni posjet austrijskog veleposlanika u MORH-u\"><img decoding=\"async\" data-title=\"Nastupni posjet austrijskog veleposlanika u MORH-u\" data-description=\"Potpredsjednik Vlade RH i ministar obrane Ivan Anu\u0161i\u0107 primio je u \u010detvrtak 29. velja\u010de 2024. u nastupni posjet u Ministarstvu obrane veleposlanika Republike Austrije Josefa Markusa Wuketicha | Foto: MORH\/ J. Kopi\" alt=\"Nastupni posjet austrijskog veleposlanika u MORH-u\" src=\"https:\/\/live.staticflickr.com\/65535\/53559622694_6b0a1b9b6f_h.jpg\" data-layer=\"&lt;div class=&#039;morh-gallery-image-download&#039;&gt;&lt;a href=&#039;https:\/\/live.staticflickr.com\/65535\/53559622694_bbe2189520_o.jpg&#039; target=&#039;_blank&#039;&gt;Slika za preuzimanje&lt;\/a&gt;&lt;\/div&gt;\" \/><\/a><\/div><!--\/.morh-galleria -->\n","protected":false},"excerpt":{"rendered":"<p>Austria is Croatia&#8217;s defence partner. The two countries share a tradition of good cooperation, Deputy Prime Minister and Defence Minister Anu\u0161i\u0107 said<\/p>\n","protected":false},"author":3,"featured_media":233420,"comment_status":"closed","ping_status":"closed","sticky":false,"template":"","format":"standard","meta":{"_acf_changed":false,"_monsterinsights_skip_tracking":false,"_monsterinsights_sitenote_active":false,"_monsterinsights_sitenote_note":"","_monsterinsights_sitenote_category":0,"footnotes":""},"categories":[117],"tags":[],"class_list":["post-233419","post","type-post","status-publish","format-standard","has-post-thumbnail","hentry","category-press-releases"],"acf":[],"yoast_head":"<!-- This site is optimized with the Yoast SEO plugin v26.9 - https:\/\/yoast.com\/product\/yoast-seo-wordpress\/ -->\n<title>Austrian Ambassador pays inaugural visit to Croatian MOD - MORH<\/title>\n<meta name=\"description\" content=\"Austria is Croatia&#039;s defence partner. The two countries share a tradition of good cooperation, Deputy Prime Minister and Defence Minister Anu\u0161i\u0107 said\" \/>\n<meta name=\"robots\" content=\"index, follow, max-snippet:-1, max-image-preview:large, max-video-preview:-1\" \/>\n<link rel=\"canonical\" href=\"https:\/\/www.morh.hr\/en\/austrian-ambassador-pays-inaugural-visit-to-croatian-mod\/\" \/>\n<meta property=\"og:locale\" content=\"en_US\" \/>\n<meta property=\"og:type\" content=\"article\" \/>\n<meta property=\"og:title\" content=\"Austrian Ambassador pays inaugural visit to Croatian MOD - MORH\" \/>\n<meta property=\"og:description\" content=\"Austria is Croatia&#039;s defence partner. The two countries share a tradition of good cooperation, Deputy Prime Minister and Defence Minister Anu\u0161i\u0107 said\" \/>\n<meta property=\"og:url\" content=\"https:\/\/www.morh.hr\/en\/austrian-ambassador-pays-inaugural-visit-to-croatian-mod\/\" \/>\n<meta property=\"og:site_name\" content=\"MORH\" \/>\n<meta property=\"article:publisher\" content=\"https:\/\/www.facebook.com\/sportasiuhrvatskojvojsci\/\" \/>\n<meta property=\"article:published_time\" content=\"2024-02-29T19:17:06+00:00\" \/>\n<meta property=\"article:modified_time\" content=\"2024-12-27T08:16:29+00:00\" \/>\n<meta property=\"og:image\" content=\"https:\/\/www.morh.hr\/wp-content\/uploads\/2024\/03\/2024-02-29-sastanak-velep-austrije-en.jpg\" \/>\n\t<meta property=\"og:image:width\" content=\"2400\" \/>\n\t<meta property=\"og:image:height\" content=\"1600\" \/>\n\t<meta property=\"og:image:type\" content=\"image\/jpeg\" \/>\n<meta name=\"author\" content=\"Drazen\" \/>\n<meta name=\"twitter:card\" content=\"summary_large_image\" \/>\n<meta name=\"twitter:creator\" content=\"@morh_osrh\" \/>\n<meta name=\"twitter:site\" content=\"@morh_osrh\" \/>\n<meta name=\"twitter:label1\" content=\"Written by\" \/>\n\t<meta name=\"twitter:data1\" content=\"Drazen\" \/>\n\t<meta name=\"twitter:label2\" content=\"Est. reading time\" \/>\n\t<meta name=\"twitter:data2\" content=\"2 minutes\" \/>\n<script type=\"application\/ld+json\" class=\"yoast-schema-graph\">{\"@context\":\"https:\/\/schema.org\",\"@graph\":[{\"@type\":\"Article\",\"@id\":\"https:\/\/www.morh.hr\/en\/austrian-ambassador-pays-inaugural-visit-to-croatian-mod\/#article\",\"isPartOf\":{\"@id\":\"https:\/\/www.morh.hr\/en\/austrian-ambassador-pays-inaugural-visit-to-croatian-mod\/\"},\"author\":{\"name\":\"Drazen\",\"@id\":\"https:\/\/www.morh.hr\/en\/#\/schema\/person\/2d72e03399043d9513ab6bec75f2ce27\"},\"headline\":\"Austrian Ambassador pays inaugural visit to Croatian MOD\",\"datePublished\":\"2024-02-29T19:17:06+00:00\",\"dateModified\":\"2024-12-27T08:16:29+00:00\",\"mainEntityOfPage\":{\"@id\":\"https:\/\/www.morh.hr\/en\/austrian-ambassador-pays-inaugural-visit-to-croatian-mod\/\"},\"wordCount\":350,\"image\":{\"@id\":\"https:\/\/www.morh.hr\/en\/austrian-ambassador-pays-inaugural-visit-to-croatian-mod\/#primaryimage\"},\"thumbnailUrl\":\"https:\/\/www.morh.hr\/wp-content\/uploads\/2024\/03\/2024-02-29-sastanak-velep-austrije-en.jpg\",\"articleSection\":[\"Press releases\"],\"inLanguage\":\"en-US\"},{\"@type\":\"WebPage\",\"@id\":\"https:\/\/www.morh.hr\/en\/austrian-ambassador-pays-inaugural-visit-to-croatian-mod\/\",\"url\":\"https:\/\/www.morh.hr\/en\/austrian-ambassador-pays-inaugural-visit-to-croatian-mod\/\",\"name\":\"Austrian Ambassador pays inaugural visit to Croatian MOD - MORH\",\"isPartOf\":{\"@id\":\"https:\/\/www.morh.hr\/en\/#website\"},\"primaryImageOfPage\":{\"@id\":\"https:\/\/www.morh.hr\/en\/austrian-ambassador-pays-inaugural-visit-to-croatian-mod\/#primaryimage\"},\"image\":{\"@id\":\"https:\/\/www.morh.hr\/en\/austrian-ambassador-pays-inaugural-visit-to-croatian-mod\/#primaryimage\"},\"thumbnailUrl\":\"https:\/\/www.morh.hr\/wp-content\/uploads\/2024\/03\/2024-02-29-sastanak-velep-austrije-en.jpg\",\"datePublished\":\"2024-02-29T19:17:06+00:00\",\"dateModified\":\"2024-12-27T08:16:29+00:00\",\"author\":{\"@id\":\"https:\/\/www.morh.hr\/en\/#\/schema\/person\/2d72e03399043d9513ab6bec75f2ce27\"},\"description\":\"Austria is Croatia's defence partner. The two countries share a tradition of good cooperation, Deputy Prime Minister and Defence Minister Anu\u0161i\u0107 said\",\"breadcrumb\":{\"@id\":\"https:\/\/www.morh.hr\/en\/austrian-ambassador-pays-inaugural-visit-to-croatian-mod\/#breadcrumb\"},\"inLanguage\":\"en-US\",\"potentialAction\":[{\"@type\":\"ReadAction\",\"target\":[\"https:\/\/www.morh.hr\/en\/austrian-ambassador-pays-inaugural-visit-to-croatian-mod\/\"]}]},{\"@type\":\"ImageObject\",\"inLanguage\":\"en-US\",\"@id\":\"https:\/\/www.morh.hr\/en\/austrian-ambassador-pays-inaugural-visit-to-croatian-mod\/#primaryimage\",\"url\":\"https:\/\/www.morh.hr\/wp-content\/uploads\/2024\/03\/2024-02-29-sastanak-velep-austrije-en.jpg\",\"contentUrl\":\"https:\/\/www.morh.hr\/wp-content\/uploads\/2024\/03\/2024-02-29-sastanak-velep-austrije-en.jpg\",\"width\":2400,\"height\":1600,\"caption\":\"Austrian Ambassador pays inaugural visit to Croatian MOD | Photo: MOD\/ J. Kopi\"},{\"@type\":\"BreadcrumbList\",\"@id\":\"https:\/\/www.morh.hr\/en\/austrian-ambassador-pays-inaugural-visit-to-croatian-mod\/#breadcrumb\",\"itemListElement\":[{\"@type\":\"ListItem\",\"position\":1,\"name\":\"Naslovnica\",\"item\":\"https:\/\/www.morh.hr\/en\/\"},{\"@type\":\"ListItem\",\"position\":2,\"name\":\"News\",\"item\":\"https:\/\/www.morh.hr\/en\/kategorija\/news\/\"},{\"@type\":\"ListItem\",\"position\":3,\"name\":\"Press releases\",\"item\":\"https:\/\/www.morh.hr\/en\/kategorija\/news\/press-releases\/\"},{\"@type\":\"ListItem\",\"position\":4,\"name\":\"Austrian Ambassador pays inaugural visit to Croatian MOD\"}]},{\"@type\":\"WebSite\",\"@id\":\"https:\/\/www.morh.hr\/en\/#website\",\"url\":\"https:\/\/www.morh.hr\/en\/\",\"name\":\"MORH\",\"description\":\"Ministarstvo obrane Republike Hrvatske - slu\u017ebene stranice\",\"potentialAction\":[{\"@type\":\"SearchAction\",\"target\":{\"@type\":\"EntryPoint\",\"urlTemplate\":\"https:\/\/www.morh.hr\/en\/?s={search_term_string}\"},\"query-input\":{\"@type\":\"PropertyValueSpecification\",\"valueRequired\":true,\"valueName\":\"search_term_string\"}}],\"inLanguage\":\"en-US\"},{\"@type\":\"Person\",\"@id\":\"https:\/\/www.morh.hr\/en\/#\/schema\/person\/2d72e03399043d9513ab6bec75f2ce27\",\"name\":\"Drazen\",\"image\":{\"@type\":\"ImageObject\",\"inLanguage\":\"en-US\",\"@id\":\"https:\/\/www.morh.hr\/en\/#\/schema\/person\/image\/\",\"url\":\"https:\/\/secure.gravatar.com\/avatar\/e36ef7e573425ae72988c73df868c1e87a656b0e005ca4fd7d30d2ba7e49c9cf?s=96&d=mm&r=g\",\"contentUrl\":\"https:\/\/secure.gravatar.com\/avatar\/e36ef7e573425ae72988c73df868c1e87a656b0e005ca4fd7d30d2ba7e49c9cf?s=96&d=mm&r=g\",\"caption\":\"Drazen\"}}]}<\/script>\n<!-- \/ Yoast SEO plugin. -->","yoast_head_json":{"title":"Austrian Ambassador pays inaugural visit to Croatian MOD - MORH","description":"Austria is Croatia's defence partner. The two countries share a tradition of good cooperation, Deputy Prime Minister and Defence Minister Anu\u0161i\u0107 said","robots":{"index":"index","follow":"follow","max-snippet":"max-snippet:-1","max-image-preview":"max-image-preview:large","max-video-preview":"max-video-preview:-1"},"canonical":"https:\/\/www.morh.hr\/en\/austrian-ambassador-pays-inaugural-visit-to-croatian-mod\/","og_locale":"en_US","og_type":"article","og_title":"Austrian Ambassador pays inaugural visit to Croatian MOD - MORH","og_description":"Austria is Croatia's defence partner. The two countries share a tradition of good cooperation, Deputy Prime Minister and Defence Minister Anu\u0161i\u0107 said","og_url":"https:\/\/www.morh.hr\/en\/austrian-ambassador-pays-inaugural-visit-to-croatian-mod\/","og_site_name":"MORH","article_publisher":"https:\/\/www.facebook.com\/sportasiuhrvatskojvojsci\/","article_published_time":"2024-02-29T19:17:06+00:00","article_modified_time":"2024-12-27T08:16:29+00:00","og_image":[{"width":2400,"height":1600,"url":"https:\/\/www.morh.hr\/wp-content\/uploads\/2024\/03\/2024-02-29-sastanak-velep-austrije-en.jpg","type":"image\/jpeg"}],"author":"Drazen","twitter_card":"summary_large_image","twitter_creator":"@morh_osrh","twitter_site":"@morh_osrh","twitter_misc":{"Written by":"Drazen","Est. reading time":"2 minutes"},"schema":{"@context":"https:\/\/schema.org","@graph":[{"@type":"Article","@id":"https:\/\/www.morh.hr\/en\/austrian-ambassador-pays-inaugural-visit-to-croatian-mod\/#article","isPartOf":{"@id":"https:\/\/www.morh.hr\/en\/austrian-ambassador-pays-inaugural-visit-to-croatian-mod\/"},"author":{"name":"Drazen","@id":"https:\/\/www.morh.hr\/en\/#\/schema\/person\/2d72e03399043d9513ab6bec75f2ce27"},"headline":"Austrian Ambassador pays inaugural visit to Croatian MOD","datePublished":"2024-02-29T19:17:06+00:00","dateModified":"2024-12-27T08:16:29+00:00","mainEntityOfPage":{"@id":"https:\/\/www.morh.hr\/en\/austrian-ambassador-pays-inaugural-visit-to-croatian-mod\/"},"wordCount":350,"image":{"@id":"https:\/\/www.morh.hr\/en\/austrian-ambassador-pays-inaugural-visit-to-croatian-mod\/#primaryimage"},"thumbnailUrl":"https:\/\/www.morh.hr\/wp-content\/uploads\/2024\/03\/2024-02-29-sastanak-velep-austrije-en.jpg","articleSection":["Press releases"],"inLanguage":"en-US"},{"@type":"WebPage","@id":"https:\/\/www.morh.hr\/en\/austrian-ambassador-pays-inaugural-visit-to-croatian-mod\/","url":"https:\/\/www.morh.hr\/en\/austrian-ambassador-pays-inaugural-visit-to-croatian-mod\/","name":"Austrian Ambassador pays inaugural visit to Croatian MOD - MORH","isPartOf":{"@id":"https:\/\/www.morh.hr\/en\/#website"},"primaryImageOfPage":{"@id":"https:\/\/www.morh.hr\/en\/austrian-ambassador-pays-inaugural-visit-to-croatian-mod\/#primaryimage"},"image":{"@id":"https:\/\/www.morh.hr\/en\/austrian-ambassador-pays-inaugural-visit-to-croatian-mod\/#primaryimage"},"thumbnailUrl":"https:\/\/www.morh.hr\/wp-content\/uploads\/2024\/03\/2024-02-29-sastanak-velep-austrije-en.jpg","datePublished":"2024-02-29T19:17:06+00:00","dateModified":"2024-12-27T08:16:29+00:00","author":{"@id":"https:\/\/www.morh.hr\/en\/#\/schema\/person\/2d72e03399043d9513ab6bec75f2ce27"},"description":"Austria is Croatia's defence partner. The two countries share a tradition of good cooperation, Deputy Prime Minister and Defence Minister Anu\u0161i\u0107 said","breadcrumb":{"@id":"https:\/\/www.morh.hr\/en\/austrian-ambassador-pays-inaugural-visit-to-croatian-mod\/#breadcrumb"},"inLanguage":"en-US","potentialAction":[{"@type":"ReadAction","target":["https:\/\/www.morh.hr\/en\/austrian-ambassador-pays-inaugural-visit-to-croatian-mod\/"]}]},{"@type":"ImageObject","inLanguage":"en-US","@id":"https:\/\/www.morh.hr\/en\/austrian-ambassador-pays-inaugural-visit-to-croatian-mod\/#primaryimage","url":"https:\/\/www.morh.hr\/wp-content\/uploads\/2024\/03\/2024-02-29-sastanak-velep-austrije-en.jpg","contentUrl":"https:\/\/www.morh.hr\/wp-content\/uploads\/2024\/03\/2024-02-29-sastanak-velep-austrije-en.jpg","width":2400,"height":1600,"caption":"Austrian Ambassador pays inaugural visit to Croatian MOD | Photo: MOD\/ J. Kopi"},{"@type":"BreadcrumbList","@id":"https:\/\/www.morh.hr\/en\/austrian-ambassador-pays-inaugural-visit-to-croatian-mod\/#breadcrumb","itemListElement":[{"@type":"ListItem","position":1,"name":"Naslovnica","item":"https:\/\/www.morh.hr\/en\/"},{"@type":"ListItem","position":2,"name":"News","item":"https:\/\/www.morh.hr\/en\/kategorija\/news\/"},{"@type":"ListItem","position":3,"name":"Press releases","item":"https:\/\/www.morh.hr\/en\/kategorija\/news\/press-releases\/"},{"@type":"ListItem","position":4,"name":"Austrian Ambassador pays inaugural visit to Croatian MOD"}]},{"@type":"WebSite","@id":"https:\/\/www.morh.hr\/en\/#website","url":"https:\/\/www.morh.hr\/en\/","name":"MORH","description":"Ministarstvo obrane Republike Hrvatske - slu\u017ebene stranice","potentialAction":[{"@type":"SearchAction","target":{"@type":"EntryPoint","urlTemplate":"https:\/\/www.morh.hr\/en\/?s={search_term_string}"},"query-input":{"@type":"PropertyValueSpecification","valueRequired":true,"valueName":"search_term_string"}}],"inLanguage":"en-US"},{"@type":"Person","@id":"https:\/\/www.morh.hr\/en\/#\/schema\/person\/2d72e03399043d9513ab6bec75f2ce27","name":"Drazen","image":{"@type":"ImageObject","inLanguage":"en-US","@id":"https:\/\/www.morh.hr\/en\/#\/schema\/person\/image\/","url":"https:\/\/secure.gravatar.com\/avatar\/e36ef7e573425ae72988c73df868c1e87a656b0e005ca4fd7d30d2ba7e49c9cf?s=96&d=mm&r=g","contentUrl":"https:\/\/secure.gravatar.com\/avatar\/e36ef7e573425ae72988c73df868c1e87a656b0e005ca4fd7d30d2ba7e49c9cf?s=96&d=mm&r=g","caption":"Drazen"}}]}},"_links":{"self":[{"href":"https:\/\/www.morh.hr\/en\/wp-json\/wp\/v2\/posts\/233419","targetHints":{"allow":["GET"]}}],"collection":[{"href":"https:\/\/www.morh.hr\/en\/wp-json\/wp\/v2\/posts"}],"about":[{"href":"https:\/\/www.morh.hr\/en\/wp-json\/wp\/v2\/types\/post"}],"author":[{"embeddable":true,"href":"https:\/\/www.morh.hr\/en\/wp-json\/wp\/v2\/users\/3"}],"replies":[{"embeddable":true,"href":"https:\/\/www.morh.hr\/en\/wp-json\/wp\/v2\/comments?post=233419"}],"version-history":[{"count":0,"href":"https:\/\/www.morh.hr\/en\/wp-json\/wp\/v2\/posts\/233419\/revisions"}],"wp:featuredmedia":[{"embeddable":true,"href":"https:\/\/www.morh.hr\/en\/wp-json\/wp\/v2\/media\/233420"}],"wp:attachment":[{"href":"https:\/\/www.morh.hr\/en\/wp-json\/wp\/v2\/media?parent=233419"}],"wp:term":[{"taxonomy":"category","embeddable":true,"href":"https:\/\/www.morh.hr\/en\/wp-json\/wp\/v2\/categories?post=233419"},{"taxonomy":"post_tag","embeddable":true,"href":"https:\/\/www.morh.hr\/en\/wp-json\/wp\/v2\/tags?post=233419"}],"curies":[{"name":"wp","href":"https:\/\/api.w.org\/{rel}","templated":true}]}}