{"id":233909,"date":"2024-02-28T17:37:37","date_gmt":"2024-02-28T16:37:37","guid":{"rendered":"https:\/\/www.morh.hr\/?p=233909"},"modified":"2024-12-27T09:16:40","modified_gmt":"2024-12-27T08:16:40","slug":"minister-anusic-with-members-of-the-croatian-armed-forces-in-knin-and-udbina","status":"publish","type":"post","link":"https:\/\/www.morh.hr\/en\/minister-anusic-with-members-of-the-croatian-armed-forces-in-knin-and-udbina\/","title":{"rendered":"Minister Anu\u0161i\u0107 with members of the Croatian Armed Forces in Knin and Udbina"},"content":{"rendered":"<p>On Wednesday, 24 February 2024, Deputy Prime Minister and Minister of Defence Ivan Anu\u0161i\u0107 met with members of the Armed Forces of the Republic of Croatia at the Josip Jovi\u0107 Barracks in Udbina and the Josip Marki\u0107 military training area in Knin.<\/p>\n<p>At the Knin military training area, members of the Croatian Armed Forces are getting ready for NATO peace support operation in the Republic of Kosovo.<\/p>\n<p>In addition to visiting the military training area and shooting range where members of the 1st Motorised Battalion Vukovi were practicing their shooting skills, the Minister also met with members of the 3rd Mechanised Battalion Pauci.<\/p>\n<p>During an exchange between CAF members and the Minister of Defence, he acknowledged his commitment to advancing their substantive rights and status.<\/p>\n<p>&#8220;I am aware that you are preparing for your deployment to Kosovo to participate in NATO\u2019s KFOR mission. I visited you for this reason, but I also wanted to find out how I might support you and improve your working conditions. Since the first day of my mandate, I have stated that my objective is to improve the substantive rights of the soldiers; we have made progress in this area thus far and will keep going forward.&#8221; Minister Anu\u0161i\u0107 also reminded the CAF members of their importance and role in maintaining peace and security by saying, &#8220;We see the armed forces as something that we have to keep like a little water in the palm of our hands.&#8221;<\/p>\n<p>The Minister of Defence continued, &#8220;The role of the soldier is becoming more and more important, but it consists in deterrence, not in warfare.&#8221; He recalled that all active duty military personnel had their salaries increased by the Government of the Republic of Croatia on the proposal of the Ministry of Defence.<\/p>\n<p>He also declared that he would carry on improving living conditions of CAF members and promoting the military profession.<\/p>\n<p>&#8220;We need to be so strong that when people think of the Croatian Armed Forces, their first thought has to be, \u0314It\u2019s not worth starting a conflict with them.\u0343 That\u2019s how I see our armed forces,&#8221; the minister said.<\/p>\n<p>Speaking about the experiences and knowledge that the CAF gained during the Homeland War, Minister Anu\u0161i\u0107 said: &#8220;In 1991, our forces faced up against the third or fourth military force at the time, and we were able to defeat them in 1995. Even though we were dealing with a considerably greater force, we were nevertheless able to overcome it. Remember this while wearing your uniforms or your civilian clothes: nobody is more trusted by the Croatian people than the Croatian Armed Forces. At the end of his meeting with CAF members in Knin, Minister Anu\u0161i\u0107 said, &#8220;I wish you luck and may the dear God protect you.&#8221;<\/p>\n<p>Minister Anu\u0161i\u0107 paid a visit to the Marko Babi\u0107 Leadership Development Centre and the essential training facilities located at the Udbina Barracks. He informed the CAF members undergoing commando selection training that those who successfully complete it will become the spearheads of the Croatian Armed Forces.<\/p>\n<div class=\"morh-galleria\"><a href=\"https:\/\/live.staticflickr.com\/65535\/53557988099_9198a73c9a_h.jpg\" title=\"Ministar Anu\u0161i\u0107 s pripadnicima Hrvatske vojske u Kninu i Udbini\"><img decoding=\"async\" data-title=\"Ministar Anu\u0161i\u0107 s pripadnicima Hrvatske vojske u Kninu i Udbini\" data-description=\"Potpredsjednik Vlade i ministar obrane Ivan Anu\u0161i\u0107 susreo se u srijedu 28. velja\u010de 2024. godine na vojnom poligonu 'Josip Marki\u0107' u Kninu i u vojarni 'Josip Jovi\u0107' u Udbini s pripadnicima Oru\u017eanih snaga RH| Foto: MORH\/ F. Klen\" alt=\"Ministar Anu\u0161i\u0107 s pripadnicima Hrvatske vojske u Kninu i Udbini\" src=\"https:\/\/live.staticflickr.com\/65535\/53557988099_9198a73c9a_h.jpg\" data-layer=\"&lt;div class=&#039;morh-gallery-image-download&#039;&gt;&lt;a href=&#039;https:\/\/live.staticflickr.com\/65535\/53557988099_48752f08fc_o.jpg&#039; target=&#039;_blank&#039;&gt;Slika za preuzimanje&lt;\/a&gt;&lt;\/div&gt;\" \/><\/a><a href=\"https:\/\/live.staticflickr.com\/65535\/53557988079_5f207ec098_h.jpg\" title=\"Ministar Anu\u0161i\u0107 s pripadnicima Hrvatske vojske u Kninu i Udbini\"><img decoding=\"async\" data-title=\"Ministar Anu\u0161i\u0107 s pripadnicima Hrvatske vojske u Kninu i Udbini\" data-description=\"Potpredsjednik Vlade i ministar obrane Ivan Anu\u0161i\u0107 susreo se u srijedu 28. velja\u010de 2024. godine na vojnom poligonu 'Josip Marki\u0107' u Kninu i u vojarni 'Josip Jovi\u0107' u Udbini s pripadnicima Oru\u017eanih snaga RH| Foto: MORH\/ F. Klen\" alt=\"Ministar Anu\u0161i\u0107 s pripadnicima Hrvatske vojske u Kninu i Udbini\" src=\"https:\/\/live.staticflickr.com\/65535\/53557988079_5f207ec098_h.jpg\" data-layer=\"&lt;div class=&#039;morh-gallery-image-download&#039;&gt;&lt;a href=&#039;https:\/\/live.staticflickr.com\/65535\/53557988079_2f78cc8d07_o.jpg&#039; target=&#039;_blank&#039;&gt;Slika za preuzimanje&lt;\/a&gt;&lt;\/div&gt;\" \/><\/a><a href=\"https:\/\/live.staticflickr.com\/65535\/53557652911_be46a13158_h.jpg\" title=\"Ministar Anu\u0161i\u0107 s pripadnicima Hrvatske vojske u Kninu i Udbini\"><img decoding=\"async\" data-title=\"Ministar Anu\u0161i\u0107 s pripadnicima Hrvatske vojske u Kninu i Udbini\" data-description=\"Potpredsjednik Vlade i ministar obrane Ivan Anu\u0161i\u0107 susreo se u srijedu 28. velja\u010de 2024. godine na vojnom poligonu 'Josip Marki\u0107' u Kninu i u vojarni 'Josip Jovi\u0107' u Udbini s pripadnicima Oru\u017eanih snaga RH| Foto: MORH\/ F. Klen\" alt=\"Ministar Anu\u0161i\u0107 s pripadnicima Hrvatske vojske u Kninu i Udbini\" src=\"https:\/\/live.staticflickr.com\/65535\/53557652911_be46a13158_h.jpg\" data-layer=\"&lt;div class=&#039;morh-gallery-image-download&#039;&gt;&lt;a href=&#039;https:\/\/live.staticflickr.com\/65535\/53557652911_da1d2af839_o.jpg&#039; target=&#039;_blank&#039;&gt;Slika za preuzimanje&lt;\/a&gt;&lt;\/div&gt;\" \/><\/a><a href=\"https:\/\/live.staticflickr.com\/65535\/53557851268_b6e3a45494_h.jpg\" title=\"Ministar Anu\u0161i\u0107 s pripadnicima Hrvatske vojske u Kninu i Udbini\"><img decoding=\"async\" data-title=\"Ministar Anu\u0161i\u0107 s pripadnicima Hrvatske vojske u Kninu i Udbini\" data-description=\"Potpredsjednik Vlade i ministar obrane Ivan Anu\u0161i\u0107 susreo se u srijedu 28. velja\u010de 2024. godine na vojnom poligonu 'Josip Marki\u0107' u Kninu i u vojarni 'Josip Jovi\u0107' u Udbini s pripadnicima Oru\u017eanih snaga RH| Foto: MORH\/ F. Klen\" alt=\"Ministar Anu\u0161i\u0107 s pripadnicima Hrvatske vojske u Kninu i Udbini\" src=\"https:\/\/live.staticflickr.com\/65535\/53557851268_b6e3a45494_h.jpg\" data-layer=\"&lt;div class=&#039;morh-gallery-image-download&#039;&gt;&lt;a href=&#039;https:\/\/live.staticflickr.com\/65535\/53557851268_65fe040b60_o.jpg&#039; target=&#039;_blank&#039;&gt;Slika za preuzimanje&lt;\/a&gt;&lt;\/div&gt;\" \/><\/a><a href=\"https:\/\/live.staticflickr.com\/65535\/53556802507_e86e7a72d8_h.jpg\" title=\"Ministar Anu\u0161i\u0107 s pripadnicima Hrvatske vojske u Kninu i Udbini\"><img decoding=\"async\" data-title=\"Ministar Anu\u0161i\u0107 s pripadnicima Hrvatske vojske u Kninu i Udbini\" data-description=\"Potpredsjednik Vlade i ministar obrane Ivan Anu\u0161i\u0107 susreo se u srijedu 28. velja\u010de 2024. godine na vojnom poligonu 'Josip Marki\u0107' u Kninu i u vojarni 'Josip Jovi\u0107' u Udbini s pripadnicima Oru\u017eanih snaga RH| Foto: MORH\/ F. Klen\" alt=\"Ministar Anu\u0161i\u0107 s pripadnicima Hrvatske vojske u Kninu i Udbini\" src=\"https:\/\/live.staticflickr.com\/65535\/53556802507_e86e7a72d8_h.jpg\" data-layer=\"&lt;div class=&#039;morh-gallery-image-download&#039;&gt;&lt;a href=&#039;https:\/\/live.staticflickr.com\/65535\/53556802507_1595228665_o.jpg&#039; target=&#039;_blank&#039;&gt;Slika za preuzimanje&lt;\/a&gt;&lt;\/div&gt;\" \/><\/a><a href=\"https:\/\/live.staticflickr.com\/65535\/53556802362_bb98c4aa60_h.jpg\" title=\"Ministar Anu\u0161i\u0107 s pripadnicima Hrvatske vojske u Kninu i Udbini\"><img decoding=\"async\" data-title=\"Ministar Anu\u0161i\u0107 s pripadnicima Hrvatske vojske u Kninu i Udbini\" data-description=\"Potpredsjednik Vlade i ministar obrane Ivan Anu\u0161i\u0107 susreo se u srijedu 28. velja\u010de 2024. godine na vojnom poligonu 'Josip Marki\u0107' u Kninu i u vojarni 'Josip Jovi\u0107' u Udbini s pripadnicima Oru\u017eanih snaga RH| Foto: MORH\/ F. Klen\" alt=\"Ministar Anu\u0161i\u0107 s pripadnicima Hrvatske vojske u Kninu i Udbini\" src=\"https:\/\/live.staticflickr.com\/65535\/53556802362_bb98c4aa60_h.jpg\" data-layer=\"&lt;div class=&#039;morh-gallery-image-download&#039;&gt;&lt;a href=&#039;https:\/\/live.staticflickr.com\/65535\/53556802362_a89beeff6a_o.jpg&#039; target=&#039;_blank&#039;&gt;Slika za preuzimanje&lt;\/a&gt;&lt;\/div&gt;\" \/><\/a><a href=\"https:\/\/live.staticflickr.com\/65535\/53557652856_9f47d2a8df_h.jpg\" title=\"Ministar Anu\u0161i\u0107 s pripadnicima Hrvatske vojske u Kninu i Udbini\"><img decoding=\"async\" data-title=\"Ministar Anu\u0161i\u0107 s pripadnicima Hrvatske vojske u Kninu i Udbini\" data-description=\"Potpredsjednik Vlade i ministar obrane Ivan Anu\u0161i\u0107 susreo se u srijedu 28. velja\u010de 2024. godine na vojnom poligonu 'Josip Marki\u0107' u Kninu i u vojarni 'Josip Jovi\u0107' u Udbini s pripadnicima Oru\u017eanih snaga RH| Foto: MORH\/ F. Klen\" alt=\"Ministar Anu\u0161i\u0107 s pripadnicima Hrvatske vojske u Kninu i Udbini\" src=\"https:\/\/live.staticflickr.com\/65535\/53557652856_9f47d2a8df_h.jpg\" data-layer=\"&lt;div class=&#039;morh-gallery-image-download&#039;&gt;&lt;a href=&#039;https:\/\/live.staticflickr.com\/65535\/53557652856_6a6fd18f7a_o.jpg&#039; target=&#039;_blank&#039;&gt;Slika za preuzimanje&lt;\/a&gt;&lt;\/div&gt;\" \/><\/a><a href=\"https:\/\/live.staticflickr.com\/65535\/53557851288_895253d58c_h.jpg\" title=\"Ministar Anu\u0161i\u0107 s pripadnicima Hrvatske vojske u Kninu i Udbini\"><img decoding=\"async\" data-title=\"Ministar Anu\u0161i\u0107 s pripadnicima Hrvatske vojske u Kninu i Udbini\" data-description=\"Potpredsjednik Vlade i ministar obrane Ivan Anu\u0161i\u0107 susreo se u srijedu 28. velja\u010de 2024. godine na vojnom poligonu 'Josip Marki\u0107' u Kninu i u vojarni 'Josip Jovi\u0107' u Udbini s pripadnicima Oru\u017eanih snaga RH| Foto: MORH\/ F. Klen\" alt=\"Ministar Anu\u0161i\u0107 s pripadnicima Hrvatske vojske u Kninu i Udbini\" src=\"https:\/\/live.staticflickr.com\/65535\/53557851288_895253d58c_h.jpg\" data-layer=\"&lt;div class=&#039;morh-gallery-image-download&#039;&gt;&lt;a href=&#039;https:\/\/live.staticflickr.com\/65535\/53557851288_e167a8724b_o.jpg&#039; target=&#039;_blank&#039;&gt;Slika za preuzimanje&lt;\/a&gt;&lt;\/div&gt;\" \/><\/a><a href=\"https:\/\/live.staticflickr.com\/65535\/53557988124_48d09fe723_h.jpg\" title=\"Ministar Anu\u0161i\u0107 s pripadnicima Hrvatske vojske u Kninu i Udbini\"><img decoding=\"async\" data-title=\"Ministar Anu\u0161i\u0107 s pripadnicima Hrvatske vojske u Kninu i Udbini\" data-description=\"Potpredsjednik Vlade i ministar obrane Ivan Anu\u0161i\u0107 susreo se u srijedu 28. velja\u010de 2024. godine na vojnom poligonu 'Josip Marki\u0107' u Kninu i u vojarni 'Josip Jovi\u0107' u Udbini s pripadnicima Oru\u017eanih snaga RH| Foto: MORH\/ F. Klen\" alt=\"Ministar Anu\u0161i\u0107 s pripadnicima Hrvatske vojske u Kninu i Udbini\" src=\"https:\/\/live.staticflickr.com\/65535\/53557988124_48d09fe723_h.jpg\" data-layer=\"&lt;div class=&#039;morh-gallery-image-download&#039;&gt;&lt;a href=&#039;https:\/\/live.staticflickr.com\/65535\/53557988124_b03fdf0542_o.jpg&#039; target=&#039;_blank&#039;&gt;Slika za preuzimanje&lt;\/a&gt;&lt;\/div&gt;\" \/><\/a><a href=\"https:\/\/live.staticflickr.com\/65535\/53557851398_e877859284_h.jpg\" title=\"Ministar Anu\u0161i\u0107 s pripadnicima Hrvatske vojske u Kninu i Udbini\"><img decoding=\"async\" data-title=\"Ministar Anu\u0161i\u0107 s pripadnicima Hrvatske vojske u Kninu i Udbini\" data-description=\"Potpredsjednik Vlade i ministar obrane Ivan Anu\u0161i\u0107 susreo se u srijedu 28. velja\u010de 2024. godine na vojnom poligonu 'Josip Marki\u0107' u Kninu i u vojarni 'Josip Jovi\u0107' u Udbini s pripadnicima Oru\u017eanih snaga RH| Foto: MORH\/ F. Klen\" alt=\"Ministar Anu\u0161i\u0107 s pripadnicima Hrvatske vojske u Kninu i Udbini\" src=\"https:\/\/live.staticflickr.com\/65535\/53557851398_e877859284_h.jpg\" data-layer=\"&lt;div class=&#039;morh-gallery-image-download&#039;&gt;&lt;a href=&#039;https:\/\/live.staticflickr.com\/65535\/53557851398_3e9866b6a7_o.jpg&#039; target=&#039;_blank&#039;&gt;Slika za preuzimanje&lt;\/a&gt;&lt;\/div&gt;\" \/><\/a><a href=\"https:\/\/live.staticflickr.com\/65535\/53557988169_baa30ee432_h.jpg\" title=\"Ministar Anu\u0161i\u0107 s pripadnicima Hrvatske vojske u Kninu i Udbini\"><img decoding=\"async\" data-title=\"Ministar Anu\u0161i\u0107 s pripadnicima Hrvatske vojske u Kninu i Udbini\" data-description=\"Potpredsjednik Vlade i ministar obrane Ivan Anu\u0161i\u0107 susreo se u srijedu 28. velja\u010de 2024. godine na vojnom poligonu 'Josip Marki\u0107' u Kninu i u vojarni 'Josip Jovi\u0107' u Udbini s pripadnicima Oru\u017eanih snaga RH| Foto: MORH\/ F. Klen\" alt=\"Ministar Anu\u0161i\u0107 s pripadnicima Hrvatske vojske u Kninu i Udbini\" src=\"https:\/\/live.staticflickr.com\/65535\/53557988169_baa30ee432_h.jpg\" data-layer=\"&lt;div class=&#039;morh-gallery-image-download&#039;&gt;&lt;a href=&#039;https:\/\/live.staticflickr.com\/65535\/53557988169_e2a8598835_o.jpg&#039; target=&#039;_blank&#039;&gt;Slika za preuzimanje&lt;\/a&gt;&lt;\/div&gt;\" \/><\/a><a href=\"https:\/\/live.staticflickr.com\/65535\/53558105090_90e4803a49_h.jpg\" title=\"Ministar Anu\u0161i\u0107 s pripadnicima Hrvatske vojske u Kninu i Udbini\"><img decoding=\"async\" data-title=\"Ministar Anu\u0161i\u0107 s pripadnicima Hrvatske vojske u Kninu i Udbini\" data-description=\"Potpredsjednik Vlade i ministar obrane Ivan Anu\u0161i\u0107 susreo se u srijedu 28. velja\u010de 2024. godine na vojnom poligonu 'Josip Marki\u0107' u Kninu i u vojarni 'Josip Jovi\u0107' u Udbini s pripadnicima Oru\u017eanih snaga RH| Foto: MORH\/ F. Klen\" alt=\"Ministar Anu\u0161i\u0107 s pripadnicima Hrvatske vojske u Kninu i Udbini\" src=\"https:\/\/live.staticflickr.com\/65535\/53558105090_90e4803a49_h.jpg\" data-layer=\"&lt;div class=&#039;morh-gallery-image-download&#039;&gt;&lt;a href=&#039;https:\/\/live.staticflickr.com\/65535\/53558105090_4c2c75288a_o.jpg&#039; target=&#039;_blank&#039;&gt;Slika za preuzimanje&lt;\/a&gt;&lt;\/div&gt;\" \/><\/a><a href=\"https:\/\/live.staticflickr.com\/65535\/53556802687_e8581108fc_h.jpg\" title=\"Ministar Anu\u0161i\u0107 s pripadnicima Hrvatske vojske u Kninu i Udbini\"><img decoding=\"async\" data-title=\"Ministar Anu\u0161i\u0107 s pripadnicima Hrvatske vojske u Kninu i Udbini\" data-description=\"Potpredsjednik Vlade i ministar obrane Ivan Anu\u0161i\u0107 susreo se u srijedu 28. velja\u010de 2024. godine na vojnom poligonu 'Josip Marki\u0107' u Kninu i u vojarni 'Josip Jovi\u0107' u Udbini s pripadnicima Oru\u017eanih snaga RH| Foto: MORH\/ F. Klen\" alt=\"Ministar Anu\u0161i\u0107 s pripadnicima Hrvatske vojske u Kninu i Udbini\" src=\"https:\/\/live.staticflickr.com\/65535\/53556802687_e8581108fc_h.jpg\" data-layer=\"&lt;div class=&#039;morh-gallery-image-download&#039;&gt;&lt;a href=&#039;https:\/\/live.staticflickr.com\/65535\/53556802687_abd23d5a8d_o.jpg&#039; target=&#039;_blank&#039;&gt;Slika za preuzimanje&lt;\/a&gt;&lt;\/div&gt;\" \/><\/a><a href=\"https:\/\/live.staticflickr.com\/65535\/53557987894_e3df953ec5_h.jpg\" title=\"Ministar Anu\u0161i\u0107 s pripadnicima Hrvatske vojske u Kninu i Udbini\"><img decoding=\"async\" data-title=\"Ministar Anu\u0161i\u0107 s pripadnicima Hrvatske vojske u Kninu i Udbini\" data-description=\"Potpredsjednik Vlade i ministar obrane Ivan Anu\u0161i\u0107 susreo se u srijedu 28. velja\u010de 2024. godine na vojnom poligonu 'Josip Marki\u0107' u Kninu i u vojarni 'Josip Jovi\u0107' u Udbini s pripadnicima Oru\u017eanih snaga RH| Foto: MORH\/ F. Klen\" alt=\"Ministar Anu\u0161i\u0107 s pripadnicima Hrvatske vojske u Kninu i Udbini\" src=\"https:\/\/live.staticflickr.com\/65535\/53557987894_e3df953ec5_h.jpg\" data-layer=\"&lt;div class=&#039;morh-gallery-image-download&#039;&gt;&lt;a href=&#039;https:\/\/live.staticflickr.com\/65535\/53557987894_f80c0a8500_o.jpg&#039; target=&#039;_blank&#039;&gt;Slika za preuzimanje&lt;\/a&gt;&lt;\/div&gt;\" \/><\/a><a href=\"https:\/\/live.staticflickr.com\/65535\/53557653091_c143a69950_h.jpg\" title=\"Ministar Anu\u0161i\u0107 s pripadnicima Hrvatske vojske u Kninu i Udbini\"><img decoding=\"async\" data-title=\"Ministar Anu\u0161i\u0107 s pripadnicima Hrvatske vojske u Kninu i Udbini\" data-description=\"Potpredsjednik Vlade i ministar obrane Ivan Anu\u0161i\u0107 susreo se u srijedu 28. velja\u010de 2024. godine na vojnom poligonu 'Josip Marki\u0107' u Kninu i u vojarni 'Josip Jovi\u0107' u Udbini s pripadnicima Oru\u017eanih snaga RH| Foto: MORH\/ F. Klen\" alt=\"Ministar Anu\u0161i\u0107 s pripadnicima Hrvatske vojske u Kninu i Udbini\" src=\"https:\/\/live.staticflickr.com\/65535\/53557653091_c143a69950_h.jpg\" data-layer=\"&lt;div class=&#039;morh-gallery-image-download&#039;&gt;&lt;a href=&#039;https:\/\/live.staticflickr.com\/65535\/53557653091_f5cc20c4e5_o.jpg&#039; target=&#039;_blank&#039;&gt;Slika za preuzimanje&lt;\/a&gt;&lt;\/div&gt;\" \/><\/a><a href=\"https:\/\/live.staticflickr.com\/65535\/53557858448_361fbfa906_h.jpg\" title=\"Ministar Anu\u0161i\u0107 s pripadnicima Hrvatske vojske u Kninu i Udbini\"><img decoding=\"async\" data-title=\"Ministar Anu\u0161i\u0107 s pripadnicima Hrvatske vojske u Kninu i Udbini\" data-description=\"Potpredsjednik Vlade i ministar obrane Ivan Anu\u0161i\u0107 susreo se u srijedu 28. velja\u010de 2024. godine na vojnom poligonu 'Josip Marki\u0107' u Kninu i u vojarni 'Josip Jovi\u0107' u Udbini s pripadnicima Oru\u017eanih snaga RH| Foto: MORH\/ F. Klen\" alt=\"Ministar Anu\u0161i\u0107 s pripadnicima Hrvatske vojske u Kninu i Udbini\" src=\"https:\/\/live.staticflickr.com\/65535\/53557858448_361fbfa906_h.jpg\" data-layer=\"&lt;div class=&#039;morh-gallery-image-download&#039;&gt;&lt;a href=&#039;https:\/\/live.staticflickr.com\/65535\/53557858448_0340a1a3d5_o.jpg&#039; target=&#039;_blank&#039;&gt;Slika za preuzimanje&lt;\/a&gt;&lt;\/div&gt;\" \/><\/a><a href=\"https:\/\/live.staticflickr.com\/65535\/53557660261_06607e8d00_h.jpg\" title=\"Ministar Anu\u0161i\u0107 s pripadnicima Hrvatske vojske u Kninu i Udbini\"><img decoding=\"async\" data-title=\"Ministar Anu\u0161i\u0107 s pripadnicima Hrvatske vojske u Kninu i Udbini\" data-description=\"Potpredsjednik Vlade i ministar obrane Ivan Anu\u0161i\u0107 susreo se u srijedu 28. velja\u010de 2024. godine na vojnom poligonu 'Josip Marki\u0107' u Kninu i u vojarni 'Josip Jovi\u0107' u Udbini s pripadnicima Oru\u017eanih snaga RH| Foto: MORH\/ F. Klen\" alt=\"Ministar Anu\u0161i\u0107 s pripadnicima Hrvatske vojske u Kninu i Udbini\" src=\"https:\/\/live.staticflickr.com\/65535\/53557660261_06607e8d00_h.jpg\" data-layer=\"&lt;div class=&#039;morh-gallery-image-download&#039;&gt;&lt;a href=&#039;https:\/\/live.staticflickr.com\/65535\/53557660261_19777ae221_o.jpg&#039; target=&#039;_blank&#039;&gt;Slika za preuzimanje&lt;\/a&gt;&lt;\/div&gt;\" \/><\/a><a href=\"https:\/\/live.staticflickr.com\/65535\/53557660111_466fce5a34_h.jpg\" title=\"Ministar Anu\u0161i\u0107 s pripadnicima Hrvatske vojske u Kninu i Udbini\"><img decoding=\"async\" data-title=\"Ministar Anu\u0161i\u0107 s pripadnicima Hrvatske vojske u Kninu i Udbini\" data-description=\"Potpredsjednik Vlade i ministar obrane Ivan Anu\u0161i\u0107 susreo se u srijedu 28. velja\u010de 2024. godine na vojnom poligonu 'Josip Marki\u0107' u Kninu i u vojarni 'Josip Jovi\u0107' u Udbini s pripadnicima Oru\u017eanih snaga RH| Foto: MORH\/ F. Klen\" alt=\"Ministar Anu\u0161i\u0107 s pripadnicima Hrvatske vojske u Kninu i Udbini\" src=\"https:\/\/live.staticflickr.com\/65535\/53557660111_466fce5a34_h.jpg\" data-layer=\"&lt;div class=&#039;morh-gallery-image-download&#039;&gt;&lt;a href=&#039;https:\/\/live.staticflickr.com\/65535\/53557660111_a095a04969_o.jpg&#039; target=&#039;_blank&#039;&gt;Slika za preuzimanje&lt;\/a&gt;&lt;\/div&gt;\" \/><\/a><a href=\"https:\/\/live.staticflickr.com\/65535\/53556809697_e48af1bc9a_h.jpg\" title=\"Ministar Anu\u0161i\u0107 s pripadnicima Hrvatske vojske u Kninu i Udbini\"><img decoding=\"async\" data-title=\"Ministar Anu\u0161i\u0107 s pripadnicima Hrvatske vojske u Kninu i Udbini\" data-description=\"Potpredsjednik Vlade i ministar obrane Ivan Anu\u0161i\u0107 susreo se u srijedu 28. velja\u010de 2024. godine na vojnom poligonu 'Josip Marki\u0107' u Kninu i u vojarni 'Josip Jovi\u0107' u Udbini s pripadnicima Oru\u017eanih snaga RH| Foto: MORH\/ F. Klen\" alt=\"Ministar Anu\u0161i\u0107 s pripadnicima Hrvatske vojske u Kninu i Udbini\" src=\"https:\/\/live.staticflickr.com\/65535\/53556809697_e48af1bc9a_h.jpg\" data-layer=\"&lt;div class=&#039;morh-gallery-image-download&#039;&gt;&lt;a href=&#039;https:\/\/live.staticflickr.com\/65535\/53556809697_9f3732b9c6_o.jpg&#039; target=&#039;_blank&#039;&gt;Slika za preuzimanje&lt;\/a&gt;&lt;\/div&gt;\" \/><\/a><a href=\"https:\/\/live.staticflickr.com\/65535\/53556809652_f7cd909ac8_h.jpg\" title=\"Ministar Anu\u0161i\u0107 s pripadnicima Hrvatske vojske u Kninu i Udbini\"><img decoding=\"async\" data-title=\"Ministar Anu\u0161i\u0107 s pripadnicima Hrvatske vojske u Kninu i Udbini\" data-description=\"Potpredsjednik Vlade i ministar obrane Ivan Anu\u0161i\u0107 susreo se u srijedu 28. velja\u010de 2024. godine na vojnom poligonu 'Josip Marki\u0107' u Kninu i u vojarni 'Josip Jovi\u0107' u Udbini s pripadnicima Oru\u017eanih snaga RH| Foto: MORH\/ F. Klen\" alt=\"Ministar Anu\u0161i\u0107 s pripadnicima Hrvatske vojske u Kninu i Udbini\" src=\"https:\/\/live.staticflickr.com\/65535\/53556809652_f7cd909ac8_h.jpg\" data-layer=\"&lt;div class=&#039;morh-gallery-image-download&#039;&gt;&lt;a href=&#039;https:\/\/live.staticflickr.com\/65535\/53556809652_5c327faae3_o.jpg&#039; target=&#039;_blank&#039;&gt;Slika za preuzimanje&lt;\/a&gt;&lt;\/div&gt;\" \/><\/a><a href=\"https:\/\/live.staticflickr.com\/65535\/53557660121_4b9bb80d15_h.jpg\" title=\"Ministar Anu\u0161i\u0107 s pripadnicima Hrvatske vojske u Kninu i Udbini\"><img decoding=\"async\" data-title=\"Ministar Anu\u0161i\u0107 s pripadnicima Hrvatske vojske u Kninu i Udbini\" data-description=\"Potpredsjednik Vlade i ministar obrane Ivan Anu\u0161i\u0107 susreo se u srijedu 28. velja\u010de 2024. godine na vojnom poligonu 'Josip Marki\u0107' u Kninu i u vojarni 'Josip Jovi\u0107' u Udbini s pripadnicima Oru\u017eanih snaga RH| Foto: MORH\/ F. Klen\" alt=\"Ministar Anu\u0161i\u0107 s pripadnicima Hrvatske vojske u Kninu i Udbini\" src=\"https:\/\/live.staticflickr.com\/65535\/53557660121_4b9bb80d15_h.jpg\" data-layer=\"&lt;div class=&#039;morh-gallery-image-download&#039;&gt;&lt;a href=&#039;https:\/\/live.staticflickr.com\/65535\/53557660121_7d553eba46_o.jpg&#039; target=&#039;_blank&#039;&gt;Slika za preuzimanje&lt;\/a&gt;&lt;\/div&gt;\" \/><\/a><a href=\"https:\/\/live.staticflickr.com\/65535\/53557660116_51a3112d89_h.jpg\" title=\"Ministar Anu\u0161i\u0107 s pripadnicima Hrvatske vojske u Kninu i Udbini\"><img decoding=\"async\" data-title=\"Ministar Anu\u0161i\u0107 s pripadnicima Hrvatske vojske u Kninu i Udbini\" data-description=\"Potpredsjednik Vlade i ministar obrane Ivan Anu\u0161i\u0107 susreo se u srijedu 28. velja\u010de 2024. godine na vojnom poligonu 'Josip Marki\u0107' u Kninu i u vojarni 'Josip Jovi\u0107' u Udbini s pripadnicima Oru\u017eanih snaga RH| Foto: MORH\/ F. Klen\" alt=\"Ministar Anu\u0161i\u0107 s pripadnicima Hrvatske vojske u Kninu i Udbini\" src=\"https:\/\/live.staticflickr.com\/65535\/53557660116_51a3112d89_h.jpg\" data-layer=\"&lt;div class=&#039;morh-gallery-image-download&#039;&gt;&lt;a href=&#039;https:\/\/live.staticflickr.com\/65535\/53557660116_fc9ceb75e6_o.jpg&#039; target=&#039;_blank&#039;&gt;Slika za preuzimanje&lt;\/a&gt;&lt;\/div&gt;\" \/><\/a><a href=\"https:\/\/live.staticflickr.com\/65535\/53557858268_db6e0501aa_h.jpg\" title=\"Ministar Anu\u0161i\u0107 s pripadnicima Hrvatske vojske u Kninu i Udbini\"><img decoding=\"async\" data-title=\"Ministar Anu\u0161i\u0107 s pripadnicima Hrvatske vojske u Kninu i Udbini\" data-description=\"Potpredsjednik Vlade i ministar obrane Ivan Anu\u0161i\u0107 susreo se u srijedu 28. velja\u010de 2024. godine na vojnom poligonu 'Josip Marki\u0107' u Kninu i u vojarni 'Josip Jovi\u0107' u Udbini s pripadnicima Oru\u017eanih snaga RH| Foto: MORH\/ F. Klen\" alt=\"Ministar Anu\u0161i\u0107 s pripadnicima Hrvatske vojske u Kninu i Udbini\" src=\"https:\/\/live.staticflickr.com\/65535\/53557858268_db6e0501aa_h.jpg\" data-layer=\"&lt;div class=&#039;morh-gallery-image-download&#039;&gt;&lt;a href=&#039;https:\/\/live.staticflickr.com\/65535\/53557858268_21ce48763a_o.jpg&#039; target=&#039;_blank&#039;&gt;Slika za preuzimanje&lt;\/a&gt;&lt;\/div&gt;\" \/><\/a><\/div><!--\/.morh-galleria -->\n","protected":false},"excerpt":{"rendered":"<p>&#8220;We need to be so strong that when people think of the Croatian Armed Forces, their first thought has to be, &#8216;It\u2019s not worth starting a conflict with them.\u0343 That\u2019s how I see our armed forces,&#8221; Minister Anu\u0161i\u0107 said<\/p>\n","protected":false},"author":3,"featured_media":233912,"comment_status":"closed","ping_status":"closed","sticky":false,"template":"","format":"standard","meta":{"_acf_changed":false,"_monsterinsights_skip_tracking":false,"_monsterinsights_sitenote_active":false,"_monsterinsights_sitenote_note":"","_monsterinsights_sitenote_category":0,"footnotes":""},"categories":[117],"tags":[],"class_list":["post-233909","post","type-post","status-publish","format-standard","has-post-thumbnail","hentry","category-press-releases"],"acf":[],"yoast_head":"<!-- This site is optimized with the Yoast SEO plugin v26.9 - https:\/\/yoast.com\/product\/yoast-seo-wordpress\/ -->\n<title>Minister Anu\u0161i\u0107 with members of the Croatian Armed Forces in Knin and Udbina - MORH<\/title>\n<meta name=\"description\" content=\"&quot;We need to be so strong that when people think of the Croatian Armed Forces, their first thought has to be, &#039;It\u2019s not worth starting a conflict with them.\u0343 That\u2019s how I see our armed forces,&quot; Minister Anu\u0161i\u0107 said\" \/>\n<meta name=\"robots\" content=\"index, follow, max-snippet:-1, max-image-preview:large, max-video-preview:-1\" \/>\n<link rel=\"canonical\" href=\"https:\/\/www.morh.hr\/en\/minister-anusic-with-members-of-the-croatian-armed-forces-in-knin-and-udbina\/\" \/>\n<meta property=\"og:locale\" content=\"en_US\" \/>\n<meta property=\"og:type\" content=\"article\" \/>\n<meta property=\"og:title\" content=\"Minister Anu\u0161i\u0107 with members of the Croatian Armed Forces in Knin and Udbina - MORH\" \/>\n<meta property=\"og:description\" content=\"&quot;We need to be so strong that when people think of the Croatian Armed Forces, their first thought has to be, &#039;It\u2019s not worth starting a conflict with them.\u0343 That\u2019s how I see our armed forces,&quot; Minister Anu\u0161i\u0107 said\" \/>\n<meta property=\"og:url\" content=\"https:\/\/www.morh.hr\/en\/minister-anusic-with-members-of-the-croatian-armed-forces-in-knin-and-udbina\/\" \/>\n<meta property=\"og:site_name\" content=\"MORH\" \/>\n<meta property=\"article:publisher\" content=\"https:\/\/www.facebook.com\/sportasiuhrvatskojvojsci\/\" \/>\n<meta property=\"article:published_time\" content=\"2024-02-28T16:37:37+00:00\" \/>\n<meta property=\"article:modified_time\" content=\"2024-12-27T08:16:40+00:00\" \/>\n<meta property=\"og:image\" content=\"https:\/\/www.morh.hr\/wp-content\/uploads\/2024\/03\/2024-02-28-crvena-zemlja-en-1024x683.jpg\" \/>\n\t<meta property=\"og:image:width\" content=\"1024\" \/>\n\t<meta property=\"og:image:height\" content=\"683\" \/>\n\t<meta property=\"og:image:type\" content=\"image\/jpeg\" \/>\n<meta name=\"author\" content=\"Drazen\" \/>\n<meta name=\"twitter:card\" content=\"summary_large_image\" \/>\n<meta name=\"twitter:creator\" content=\"@morh_osrh\" \/>\n<meta name=\"twitter:site\" content=\"@morh_osrh\" \/>\n<meta name=\"twitter:label1\" content=\"Written by\" \/>\n\t<meta name=\"twitter:data1\" content=\"Drazen\" \/>\n\t<meta name=\"twitter:label2\" content=\"Est. reading time\" \/>\n\t<meta name=\"twitter:data2\" content=\"3 minutes\" \/>\n<script type=\"application\/ld+json\" class=\"yoast-schema-graph\">{\"@context\":\"https:\/\/schema.org\",\"@graph\":[{\"@type\":\"Article\",\"@id\":\"https:\/\/www.morh.hr\/en\/minister-anusic-with-members-of-the-croatian-armed-forces-in-knin-and-udbina\/#article\",\"isPartOf\":{\"@id\":\"https:\/\/www.morh.hr\/en\/minister-anusic-with-members-of-the-croatian-armed-forces-in-knin-and-udbina\/\"},\"author\":{\"name\":\"Drazen\",\"@id\":\"https:\/\/www.morh.hr\/en\/#\/schema\/person\/2d72e03399043d9513ab6bec75f2ce27\"},\"headline\":\"Minister Anu\u0161i\u0107 with members of the Croatian Armed Forces in Knin and Udbina\",\"datePublished\":\"2024-02-28T16:37:37+00:00\",\"dateModified\":\"2024-12-27T08:16:40+00:00\",\"mainEntityOfPage\":{\"@id\":\"https:\/\/www.morh.hr\/en\/minister-anusic-with-members-of-the-croatian-armed-forces-in-knin-and-udbina\/\"},\"wordCount\":530,\"image\":{\"@id\":\"https:\/\/www.morh.hr\/en\/minister-anusic-with-members-of-the-croatian-armed-forces-in-knin-and-udbina\/#primaryimage\"},\"thumbnailUrl\":\"https:\/\/www.morh.hr\/wp-content\/uploads\/2024\/03\/2024-02-28-crvena-zemlja-en.jpg\",\"articleSection\":[\"Press releases\"],\"inLanguage\":\"en-US\"},{\"@type\":\"WebPage\",\"@id\":\"https:\/\/www.morh.hr\/en\/minister-anusic-with-members-of-the-croatian-armed-forces-in-knin-and-udbina\/\",\"url\":\"https:\/\/www.morh.hr\/en\/minister-anusic-with-members-of-the-croatian-armed-forces-in-knin-and-udbina\/\",\"name\":\"Minister Anu\u0161i\u0107 with members of the Croatian Armed Forces in Knin and Udbina - MORH\",\"isPartOf\":{\"@id\":\"https:\/\/www.morh.hr\/en\/#website\"},\"primaryImageOfPage\":{\"@id\":\"https:\/\/www.morh.hr\/en\/minister-anusic-with-members-of-the-croatian-armed-forces-in-knin-and-udbina\/#primaryimage\"},\"image\":{\"@id\":\"https:\/\/www.morh.hr\/en\/minister-anusic-with-members-of-the-croatian-armed-forces-in-knin-and-udbina\/#primaryimage\"},\"thumbnailUrl\":\"https:\/\/www.morh.hr\/wp-content\/uploads\/2024\/03\/2024-02-28-crvena-zemlja-en.jpg\",\"datePublished\":\"2024-02-28T16:37:37+00:00\",\"dateModified\":\"2024-12-27T08:16:40+00:00\",\"author\":{\"@id\":\"https:\/\/www.morh.hr\/en\/#\/schema\/person\/2d72e03399043d9513ab6bec75f2ce27\"},\"description\":\"\\\"We need to be so strong that when people think of the Croatian Armed Forces, their first thought has to be, 'It\u2019s not worth starting a conflict with them.\u0343 That\u2019s how I see our armed forces,\\\" Minister Anu\u0161i\u0107 said\",\"breadcrumb\":{\"@id\":\"https:\/\/www.morh.hr\/en\/minister-anusic-with-members-of-the-croatian-armed-forces-in-knin-and-udbina\/#breadcrumb\"},\"inLanguage\":\"en-US\",\"potentialAction\":[{\"@type\":\"ReadAction\",\"target\":[\"https:\/\/www.morh.hr\/en\/minister-anusic-with-members-of-the-croatian-armed-forces-in-knin-and-udbina\/\"]}]},{\"@type\":\"ImageObject\",\"inLanguage\":\"en-US\",\"@id\":\"https:\/\/www.morh.hr\/en\/minister-anusic-with-members-of-the-croatian-armed-forces-in-knin-and-udbina\/#primaryimage\",\"url\":\"https:\/\/www.morh.hr\/wp-content\/uploads\/2024\/03\/2024-02-28-crvena-zemlja-en.jpg\",\"contentUrl\":\"https:\/\/www.morh.hr\/wp-content\/uploads\/2024\/03\/2024-02-28-crvena-zemlja-en.jpg\",\"width\":2400,\"height\":1600,\"caption\":\"Minister Anu\u0161i\u0107 with members of the Croatian Armed Forces in Knin and Udbina| Photo: MOD\/ F. Klen\"},{\"@type\":\"BreadcrumbList\",\"@id\":\"https:\/\/www.morh.hr\/en\/minister-anusic-with-members-of-the-croatian-armed-forces-in-knin-and-udbina\/#breadcrumb\",\"itemListElement\":[{\"@type\":\"ListItem\",\"position\":1,\"name\":\"Naslovnica\",\"item\":\"https:\/\/www.morh.hr\/en\/\"},{\"@type\":\"ListItem\",\"position\":2,\"name\":\"News\",\"item\":\"https:\/\/www.morh.hr\/en\/kategorija\/news\/\"},{\"@type\":\"ListItem\",\"position\":3,\"name\":\"Press releases\",\"item\":\"https:\/\/www.morh.hr\/en\/kategorija\/news\/press-releases\/\"},{\"@type\":\"ListItem\",\"position\":4,\"name\":\"Minister Anu\u0161i\u0107 with members of the Croatian Armed Forces in Knin and Udbina\"}]},{\"@type\":\"WebSite\",\"@id\":\"https:\/\/www.morh.hr\/en\/#website\",\"url\":\"https:\/\/www.morh.hr\/en\/\",\"name\":\"MORH\",\"description\":\"Ministarstvo obrane Republike Hrvatske - slu\u017ebene stranice\",\"potentialAction\":[{\"@type\":\"SearchAction\",\"target\":{\"@type\":\"EntryPoint\",\"urlTemplate\":\"https:\/\/www.morh.hr\/en\/?s={search_term_string}\"},\"query-input\":{\"@type\":\"PropertyValueSpecification\",\"valueRequired\":true,\"valueName\":\"search_term_string\"}}],\"inLanguage\":\"en-US\"},{\"@type\":\"Person\",\"@id\":\"https:\/\/www.morh.hr\/en\/#\/schema\/person\/2d72e03399043d9513ab6bec75f2ce27\",\"name\":\"Drazen\",\"image\":{\"@type\":\"ImageObject\",\"inLanguage\":\"en-US\",\"@id\":\"https:\/\/www.morh.hr\/en\/#\/schema\/person\/image\/\",\"url\":\"https:\/\/secure.gravatar.com\/avatar\/e36ef7e573425ae72988c73df868c1e87a656b0e005ca4fd7d30d2ba7e49c9cf?s=96&d=mm&r=g\",\"contentUrl\":\"https:\/\/secure.gravatar.com\/avatar\/e36ef7e573425ae72988c73df868c1e87a656b0e005ca4fd7d30d2ba7e49c9cf?s=96&d=mm&r=g\",\"caption\":\"Drazen\"}}]}<\/script>\n<!-- \/ Yoast SEO plugin. -->","yoast_head_json":{"title":"Minister Anu\u0161i\u0107 with members of the Croatian Armed Forces in Knin and Udbina - MORH","description":"\"We need to be so strong that when people think of the Croatian Armed Forces, their first thought has to be, 'It\u2019s not worth starting a conflict with them.\u0343 That\u2019s how I see our armed forces,\" Minister Anu\u0161i\u0107 said","robots":{"index":"index","follow":"follow","max-snippet":"max-snippet:-1","max-image-preview":"max-image-preview:large","max-video-preview":"max-video-preview:-1"},"canonical":"https:\/\/www.morh.hr\/en\/minister-anusic-with-members-of-the-croatian-armed-forces-in-knin-and-udbina\/","og_locale":"en_US","og_type":"article","og_title":"Minister Anu\u0161i\u0107 with members of the Croatian Armed Forces in Knin and Udbina - MORH","og_description":"\"We need to be so strong that when people think of the Croatian Armed Forces, their first thought has to be, 'It\u2019s not worth starting a conflict with them.\u0343 That\u2019s how I see our armed forces,\" Minister Anu\u0161i\u0107 said","og_url":"https:\/\/www.morh.hr\/en\/minister-anusic-with-members-of-the-croatian-armed-forces-in-knin-and-udbina\/","og_site_name":"MORH","article_publisher":"https:\/\/www.facebook.com\/sportasiuhrvatskojvojsci\/","article_published_time":"2024-02-28T16:37:37+00:00","article_modified_time":"2024-12-27T08:16:40+00:00","og_image":[{"width":1024,"height":683,"url":"https:\/\/www.morh.hr\/wp-content\/uploads\/2024\/03\/2024-02-28-crvena-zemlja-en-1024x683.jpg","type":"image\/jpeg"}],"author":"Drazen","twitter_card":"summary_large_image","twitter_creator":"@morh_osrh","twitter_site":"@morh_osrh","twitter_misc":{"Written by":"Drazen","Est. reading time":"3 minutes"},"schema":{"@context":"https:\/\/schema.org","@graph":[{"@type":"Article","@id":"https:\/\/www.morh.hr\/en\/minister-anusic-with-members-of-the-croatian-armed-forces-in-knin-and-udbina\/#article","isPartOf":{"@id":"https:\/\/www.morh.hr\/en\/minister-anusic-with-members-of-the-croatian-armed-forces-in-knin-and-udbina\/"},"author":{"name":"Drazen","@id":"https:\/\/www.morh.hr\/en\/#\/schema\/person\/2d72e03399043d9513ab6bec75f2ce27"},"headline":"Minister Anu\u0161i\u0107 with members of the Croatian Armed Forces in Knin and Udbina","datePublished":"2024-02-28T16:37:37+00:00","dateModified":"2024-12-27T08:16:40+00:00","mainEntityOfPage":{"@id":"https:\/\/www.morh.hr\/en\/minister-anusic-with-members-of-the-croatian-armed-forces-in-knin-and-udbina\/"},"wordCount":530,"image":{"@id":"https:\/\/www.morh.hr\/en\/minister-anusic-with-members-of-the-croatian-armed-forces-in-knin-and-udbina\/#primaryimage"},"thumbnailUrl":"https:\/\/www.morh.hr\/wp-content\/uploads\/2024\/03\/2024-02-28-crvena-zemlja-en.jpg","articleSection":["Press releases"],"inLanguage":"en-US"},{"@type":"WebPage","@id":"https:\/\/www.morh.hr\/en\/minister-anusic-with-members-of-the-croatian-armed-forces-in-knin-and-udbina\/","url":"https:\/\/www.morh.hr\/en\/minister-anusic-with-members-of-the-croatian-armed-forces-in-knin-and-udbina\/","name":"Minister Anu\u0161i\u0107 with members of the Croatian Armed Forces in Knin and Udbina - MORH","isPartOf":{"@id":"https:\/\/www.morh.hr\/en\/#website"},"primaryImageOfPage":{"@id":"https:\/\/www.morh.hr\/en\/minister-anusic-with-members-of-the-croatian-armed-forces-in-knin-and-udbina\/#primaryimage"},"image":{"@id":"https:\/\/www.morh.hr\/en\/minister-anusic-with-members-of-the-croatian-armed-forces-in-knin-and-udbina\/#primaryimage"},"thumbnailUrl":"https:\/\/www.morh.hr\/wp-content\/uploads\/2024\/03\/2024-02-28-crvena-zemlja-en.jpg","datePublished":"2024-02-28T16:37:37+00:00","dateModified":"2024-12-27T08:16:40+00:00","author":{"@id":"https:\/\/www.morh.hr\/en\/#\/schema\/person\/2d72e03399043d9513ab6bec75f2ce27"},"description":"\"We need to be so strong that when people think of the Croatian Armed Forces, their first thought has to be, 'It\u2019s not worth starting a conflict with them.\u0343 That\u2019s how I see our armed forces,\" Minister Anu\u0161i\u0107 said","breadcrumb":{"@id":"https:\/\/www.morh.hr\/en\/minister-anusic-with-members-of-the-croatian-armed-forces-in-knin-and-udbina\/#breadcrumb"},"inLanguage":"en-US","potentialAction":[{"@type":"ReadAction","target":["https:\/\/www.morh.hr\/en\/minister-anusic-with-members-of-the-croatian-armed-forces-in-knin-and-udbina\/"]}]},{"@type":"ImageObject","inLanguage":"en-US","@id":"https:\/\/www.morh.hr\/en\/minister-anusic-with-members-of-the-croatian-armed-forces-in-knin-and-udbina\/#primaryimage","url":"https:\/\/www.morh.hr\/wp-content\/uploads\/2024\/03\/2024-02-28-crvena-zemlja-en.jpg","contentUrl":"https:\/\/www.morh.hr\/wp-content\/uploads\/2024\/03\/2024-02-28-crvena-zemlja-en.jpg","width":2400,"height":1600,"caption":"Minister Anu\u0161i\u0107 with members of the Croatian Armed Forces in Knin and Udbina| Photo: MOD\/ F. Klen"},{"@type":"BreadcrumbList","@id":"https:\/\/www.morh.hr\/en\/minister-anusic-with-members-of-the-croatian-armed-forces-in-knin-and-udbina\/#breadcrumb","itemListElement":[{"@type":"ListItem","position":1,"name":"Naslovnica","item":"https:\/\/www.morh.hr\/en\/"},{"@type":"ListItem","position":2,"name":"News","item":"https:\/\/www.morh.hr\/en\/kategorija\/news\/"},{"@type":"ListItem","position":3,"name":"Press releases","item":"https:\/\/www.morh.hr\/en\/kategorija\/news\/press-releases\/"},{"@type":"ListItem","position":4,"name":"Minister Anu\u0161i\u0107 with members of the Croatian Armed Forces in Knin and Udbina"}]},{"@type":"WebSite","@id":"https:\/\/www.morh.hr\/en\/#website","url":"https:\/\/www.morh.hr\/en\/","name":"MORH","description":"Ministarstvo obrane Republike Hrvatske - slu\u017ebene stranice","potentialAction":[{"@type":"SearchAction","target":{"@type":"EntryPoint","urlTemplate":"https:\/\/www.morh.hr\/en\/?s={search_term_string}"},"query-input":{"@type":"PropertyValueSpecification","valueRequired":true,"valueName":"search_term_string"}}],"inLanguage":"en-US"},{"@type":"Person","@id":"https:\/\/www.morh.hr\/en\/#\/schema\/person\/2d72e03399043d9513ab6bec75f2ce27","name":"Drazen","image":{"@type":"ImageObject","inLanguage":"en-US","@id":"https:\/\/www.morh.hr\/en\/#\/schema\/person\/image\/","url":"https:\/\/secure.gravatar.com\/avatar\/e36ef7e573425ae72988c73df868c1e87a656b0e005ca4fd7d30d2ba7e49c9cf?s=96&d=mm&r=g","contentUrl":"https:\/\/secure.gravatar.com\/avatar\/e36ef7e573425ae72988c73df868c1e87a656b0e005ca4fd7d30d2ba7e49c9cf?s=96&d=mm&r=g","caption":"Drazen"}}]}},"_links":{"self":[{"href":"https:\/\/www.morh.hr\/en\/wp-json\/wp\/v2\/posts\/233909","targetHints":{"allow":["GET"]}}],"collection":[{"href":"https:\/\/www.morh.hr\/en\/wp-json\/wp\/v2\/posts"}],"about":[{"href":"https:\/\/www.morh.hr\/en\/wp-json\/wp\/v2\/types\/post"}],"author":[{"embeddable":true,"href":"https:\/\/www.morh.hr\/en\/wp-json\/wp\/v2\/users\/3"}],"replies":[{"embeddable":true,"href":"https:\/\/www.morh.hr\/en\/wp-json\/wp\/v2\/comments?post=233909"}],"version-history":[{"count":0,"href":"https:\/\/www.morh.hr\/en\/wp-json\/wp\/v2\/posts\/233909\/revisions"}],"wp:featuredmedia":[{"embeddable":true,"href":"https:\/\/www.morh.hr\/en\/wp-json\/wp\/v2\/media\/233912"}],"wp:attachment":[{"href":"https:\/\/www.morh.hr\/en\/wp-json\/wp\/v2\/media?parent=233909"}],"wp:term":[{"taxonomy":"category","embeddable":true,"href":"https:\/\/www.morh.hr\/en\/wp-json\/wp\/v2\/categories?post=233909"},{"taxonomy":"post_tag","embeddable":true,"href":"https:\/\/www.morh.hr\/en\/wp-json\/wp\/v2\/tags?post=233909"}],"curies":[{"name":"wp","href":"https:\/\/api.w.org\/{rel}","templated":true}]}}