{"id":233967,"date":"2024-03-04T19:49:05","date_gmt":"2024-03-04T18:49:05","guid":{"rendered":"https:\/\/www.morh.hr\/?p=233967"},"modified":"2024-12-27T09:16:08","modified_gmt":"2024-12-27T08:16:08","slug":"minister-anusic-to-members-of-the-croatian-contingent-in-hungary-my-task-is-to-create-even-better-working-conditions-for-you","status":"publish","type":"post","link":"https:\/\/www.morh.hr\/en\/minister-anusic-to-members-of-the-croatian-contingent-in-hungary-my-task-is-to-create-even-better-working-conditions-for-you\/","title":{"rendered":"Minister Anu\u0161i\u0107 to members of the Croatian contingent in Hungary: My task is to create even better working conditions for you"},"content":{"rendered":"<p>Having recently visited members of the 13th Croatian contingent in Poland, the Deputy Prime Minister and Minister of Defence Ivan Anu\u0161i\u0107 also visited 64 members of the CAF deployed as part of the 4th Croatian contingent in Hungary. Croatian forces as part of NATO\u2019s enhanced Vigilance Activity in Hungary are deployed to three locations, and the Minister paid a visit to Camp Croft in Veszprem, where the main body of our forces is located.<\/p>\n<p>&#8220;I visited the Croatian contingent in Poland, I have visited the barracks in Croatia, I talk to members of the Armed Forces, I get information from the field. I have created a picture of your needs and my task is to create even better working conditions for you. I was also a member of the Armed Forces for 11 years, so I understand you well and know what your goals are, what you are facing and what your way of thinking is. What I am going to say now is not a convenient statement &#8211; the Croatian Armed Forces is the best that the Croatian state has. You are heirs of the victorious army and you take care of that when you wear a uniform or your civilian clothes,&#8221; the Minister of Defence said.<\/p>\n<p>He thanked the members of the Croatian contingent in Hungary for their military service, but also for representing the Croatian Armed Forces and the Croatian state in an exemplary and military manner.<\/p>\n<p>NATO\u2019s enhanced Vigilance Activity Multinational Battlegroup in Hungary consists of the Hungarian forces, (Hungary is also the leading nation of the eVA BG-HUN), armed forces of the Republic of Croatia, the Republic of Italy and the Republic of Turkey. The US forces also participate in certain activities. Turkish forces are not deployed to Hungary, but are in their home country in a state of high readiness.<\/p>\n<p>Members of the 4th Croatian contingent will spend a total of seven months in Hungary, and have been there since February. The Commander of the 4th HRVCON eVABG-HUN is LTC Antonio Toki\u0107. He currently holds the position of Commander of the Vukovi (Wolves) the 1st Motorized Battalion from composition of the Guards Mechanised Brigade of the Croatian Army. LTC Toki\u0107 delivered a presentation to Minister Anu\u0161i\u0107 on the working day of members of the Croatian Armed Forces in Hungary.<\/p>\n<p>&#8220;The members of our contingent are true ambassadors of their country and true patriots,&#8221; Colonel Toki\u0107 said.<\/p>\n<p>The delegation of Minister Anu\u0161i\u0107 also included the Deputy Chief of the CAF General Staff, LTG Sini\u0161a Jurkovi\u0107, who gave some advice to members of the Croatian contingent.<\/p>\n<p>&#8220;Nurture interpersonal relationships. They are the basis of any successful organization. Complete your tasks in accordance with safety regulations and respect each other,&#8221; said LTG Jurkovi\u0107.<\/p>\n<p>Participation in NATO\u2019s enhanced Vigilance Activity in Hungary significantly affects the development of the CAF capabilities, increasing the level of interoperability with the armed forces of other member states, and directly contributes to the strengthening of deterrence and collective defence of the North Atlantic Treaty Organisation.<\/p>\n<p>Minister Anu\u0161i\u0107 also visited the HQ Multinational Division Centre (HQ MND C) in Sz\u00e9kesfeh\u00e9rv\u00e1r.<\/p>\n<p>Along with Hungary, Croatia is the founder of that HQ (Slovakia joined later on), and it was founded in 2020 because until then there was not a single NATO HQ in Central and Eastern Europe that would coordinate rear-end deterrence operations, respond to crises and be dedicated to collective defence.<\/p>\n<p>21 CAF members participate in that NATO HQ, and its Chief of Staff is BG Dra\u017een Ressler.<\/p>\n<div class=\"morh-galleria\"><a href=\"https:\/\/live.staticflickr.com\/65535\/53566321952_61bb75d4a6_h.jpg\" title=\"Ministar Anu\u0161i\u0107 pripadnicima hrvatskog kontingenta u Ma\u0111arskoj: Moj je zadatak da vam stvorimo jo\u0161 bolje uvjete rada\"><img decoding=\"async\" data-title=\"Ministar Anu\u0161i\u0107 pripadnicima hrvatskog kontingenta u Ma\u0111arskoj: Moj je zadatak da vam stvorimo jo\u0161 bolje uvjete rada\" data-description=\"Potpredsjednik Vlade i ministar obrane Ivan Anu\u0161i\u0107 posjetio je 64 pripadnika Oru\u017eanih snaga RH u sastavu 4. hrvatskog kontingenta u Ma\u0111arskoj. Hrvatske snage u sklopu NATO aktivnosti oja\u010dane budnosti u Ma\u0111arskoj raspore\u0111ene su na tri lokacije, a ministar je bio u kampu Croft u Veszpremu, gdje se nalazi i glavnina na\u0161ih snaga | Foto: MORH\/ F. Klen\" alt=\"Ministar Anu\u0161i\u0107 pripadnicima hrvatskog kontingenta u Ma\u0111arskoj: Moj je zadatak da vam stvorimo jo\u0161 bolje uvjete rada\" src=\"https:\/\/live.staticflickr.com\/65535\/53566321952_61bb75d4a6_h.jpg\" data-layer=\"&lt;div class=&#039;morh-gallery-image-download&#039;&gt;&lt;a href=&#039;https:\/\/live.staticflickr.com\/65535\/53566321952_ae36e29c55_o.jpg&#039; target=&#039;_blank&#039;&gt;Slika za preuzimanje&lt;\/a&gt;&lt;\/div&gt;\" \/><\/a><a href=\"https:\/\/live.staticflickr.com\/65535\/53566321942_6a3cd3013a_h.jpg\" title=\"Ministar Anu\u0161i\u0107 pripadnicima hrvatskog kontingenta u Ma\u0111arskoj: Moj je zadatak da vam stvorimo jo\u0161 bolje uvjete rada\"><img decoding=\"async\" data-title=\"Ministar Anu\u0161i\u0107 pripadnicima hrvatskog kontingenta u Ma\u0111arskoj: Moj je zadatak da vam stvorimo jo\u0161 bolje uvjete rada\" data-description=\"Potpredsjednik Vlade i ministar obrane Ivan Anu\u0161i\u0107 posjetio je 64 pripadnika Oru\u017eanih snaga RH u sastavu 4. hrvatskog kontingenta u Ma\u0111arskoj. Hrvatske snage u sklopu NATO aktivnosti oja\u010dane budnosti u Ma\u0111arskoj raspore\u0111ene su na tri lokacije, a ministar je bio u kampu Croft u Veszpremu, gdje se nalazi i glavnina na\u0161ih snaga | Foto: MORH\/ F. Klen\" alt=\"Ministar Anu\u0161i\u0107 pripadnicima hrvatskog kontingenta u Ma\u0111arskoj: Moj je zadatak da vam stvorimo jo\u0161 bolje uvjete rada\" src=\"https:\/\/live.staticflickr.com\/65535\/53566321942_6a3cd3013a_h.jpg\" data-layer=\"&lt;div class=&#039;morh-gallery-image-download&#039;&gt;&lt;a href=&#039;https:\/\/live.staticflickr.com\/65535\/53566321942_e1b513c6f3_o.jpg&#039; target=&#039;_blank&#039;&gt;Slika za preuzimanje&lt;\/a&gt;&lt;\/div&gt;\" \/><\/a><a href=\"https:\/\/live.staticflickr.com\/65535\/53567372688_d386819c03_h.jpg\" title=\"Ministar Anu\u0161i\u0107 pripadnicima hrvatskog kontingenta u Ma\u0111arskoj: Moj je zadatak da vam stvorimo jo\u0161 bolje uvjete rada\"><img decoding=\"async\" data-title=\"Ministar Anu\u0161i\u0107 pripadnicima hrvatskog kontingenta u Ma\u0111arskoj: Moj je zadatak da vam stvorimo jo\u0161 bolje uvjete rada\" data-description=\"Potpredsjednik Vlade i ministar obrane Ivan Anu\u0161i\u0107 posjetio je 64 pripadnika Oru\u017eanih snaga RH u sastavu 4. hrvatskog kontingenta u Ma\u0111arskoj. Hrvatske snage u sklopu NATO aktivnosti oja\u010dane budnosti u Ma\u0111arskoj raspore\u0111ene su na tri lokacije, a ministar je bio u kampu Croft u Veszpremu, gdje se nalazi i glavnina na\u0161ih snaga | Foto: MORH\/ F. Klen\" alt=\"Ministar Anu\u0161i\u0107 pripadnicima hrvatskog kontingenta u Ma\u0111arskoj: Moj je zadatak da vam stvorimo jo\u0161 bolje uvjete rada\" src=\"https:\/\/live.staticflickr.com\/65535\/53567372688_d386819c03_h.jpg\" data-layer=\"&lt;div class=&#039;morh-gallery-image-download&#039;&gt;&lt;a href=&#039;https:\/\/live.staticflickr.com\/65535\/53567372688_f52cdab6f0_o.jpg&#039; target=&#039;_blank&#039;&gt;Slika za preuzimanje&lt;\/a&gt;&lt;\/div&gt;\" \/><\/a><a href=\"https:\/\/live.staticflickr.com\/65535\/53566321862_4c5052b01b_h.jpg\" title=\"Ministar Anu\u0161i\u0107 pripadnicima hrvatskog kontingenta u Ma\u0111arskoj: Moj je zadatak da vam stvorimo jo\u0161 bolje uvjete rada\"><img decoding=\"async\" data-title=\"Ministar Anu\u0161i\u0107 pripadnicima hrvatskog kontingenta u Ma\u0111arskoj: Moj je zadatak da vam stvorimo jo\u0161 bolje uvjete rada\" data-description=\"Potpredsjednik Vlade i ministar obrane Ivan Anu\u0161i\u0107 posjetio je 64 pripadnika Oru\u017eanih snaga RH u sastavu 4. hrvatskog kontingenta u Ma\u0111arskoj. Hrvatske snage u sklopu NATO aktivnosti oja\u010dane budnosti u Ma\u0111arskoj raspore\u0111ene su na tri lokacije, a ministar je bio u kampu Croft u Veszpremu, gdje se nalazi i glavnina na\u0161ih snaga | Foto: MORH\/ F. Klen\" alt=\"Ministar Anu\u0161i\u0107 pripadnicima hrvatskog kontingenta u Ma\u0111arskoj: Moj je zadatak da vam stvorimo jo\u0161 bolje uvjete rada\" src=\"https:\/\/live.staticflickr.com\/65535\/53566321862_4c5052b01b_h.jpg\" data-layer=\"&lt;div class=&#039;morh-gallery-image-download&#039;&gt;&lt;a href=&#039;https:\/\/live.staticflickr.com\/65535\/53566321862_681372858f_o.jpg&#039; target=&#039;_blank&#039;&gt;Slika za preuzimanje&lt;\/a&gt;&lt;\/div&gt;\" \/><\/a><a href=\"https:\/\/live.staticflickr.com\/65535\/53567615295_7c4189f552_h.jpg\" title=\"Ministar Anu\u0161i\u0107 pripadnicima hrvatskog kontingenta u Ma\u0111arskoj: Moj je zadatak da vam stvorimo jo\u0161 bolje uvjete rada\"><img decoding=\"async\" data-title=\"Ministar Anu\u0161i\u0107 pripadnicima hrvatskog kontingenta u Ma\u0111arskoj: Moj je zadatak da vam stvorimo jo\u0161 bolje uvjete rada\" data-description=\"Potpredsjednik Vlade i ministar obrane Ivan Anu\u0161i\u0107 posjetio je 64 pripadnika Oru\u017eanih snaga RH u sastavu 4. hrvatskog kontingenta u Ma\u0111arskoj. Hrvatske snage u sklopu NATO aktivnosti oja\u010dane budnosti u Ma\u0111arskoj raspore\u0111ene su na tri lokacije, a ministar je bio u kampu Croft u Veszpremu, gdje se nalazi i glavnina na\u0161ih snaga | Foto: MORH\/ F. Klen\" alt=\"Ministar Anu\u0161i\u0107 pripadnicima hrvatskog kontingenta u Ma\u0111arskoj: Moj je zadatak da vam stvorimo jo\u0161 bolje uvjete rada\" src=\"https:\/\/live.staticflickr.com\/65535\/53567615295_7c4189f552_h.jpg\" data-layer=\"&lt;div class=&#039;morh-gallery-image-download&#039;&gt;&lt;a href=&#039;https:\/\/live.staticflickr.com\/65535\/53567615295_0ec633423a_o.jpg&#039; target=&#039;_blank&#039;&gt;Slika za preuzimanje&lt;\/a&gt;&lt;\/div&gt;\" \/><\/a><a href=\"https:\/\/live.staticflickr.com\/65535\/53567495524_54482a7f19_h.jpg\" title=\"Ministar Anu\u0161i\u0107 pripadnicima hrvatskog kontingenta u Ma\u0111arskoj: Moj je zadatak da vam stvorimo jo\u0161 bolje uvjete rada\"><img decoding=\"async\" data-title=\"Ministar Anu\u0161i\u0107 pripadnicima hrvatskog kontingenta u Ma\u0111arskoj: Moj je zadatak da vam stvorimo jo\u0161 bolje uvjete rada\" data-description=\"Potpredsjednik Vlade i ministar obrane Ivan Anu\u0161i\u0107 posjetio je 64 pripadnika Oru\u017eanih snaga RH u sastavu 4. hrvatskog kontingenta u Ma\u0111arskoj. Hrvatske snage u sklopu NATO aktivnosti oja\u010dane budnosti u Ma\u0111arskoj raspore\u0111ene su na tri lokacije, a ministar je bio u kampu Croft u Veszpremu, gdje se nalazi i glavnina na\u0161ih snaga | Foto: MORH\/ F. Klen\" alt=\"Ministar Anu\u0161i\u0107 pripadnicima hrvatskog kontingenta u Ma\u0111arskoj: Moj je zadatak da vam stvorimo jo\u0161 bolje uvjete rada\" src=\"https:\/\/live.staticflickr.com\/65535\/53567495524_54482a7f19_h.jpg\" data-layer=\"&lt;div class=&#039;morh-gallery-image-download&#039;&gt;&lt;a href=&#039;https:\/\/live.staticflickr.com\/65535\/53567495524_fa9650d850_o.jpg&#039; target=&#039;_blank&#039;&gt;Slika za preuzimanje&lt;\/a&gt;&lt;\/div&gt;\" \/><\/a><a href=\"https:\/\/live.staticflickr.com\/65535\/53566321817_e96f7d2874_h.jpg\" title=\"Ministar Anu\u0161i\u0107 pripadnicima hrvatskog kontingenta u Ma\u0111arskoj: Moj je zadatak da vam stvorimo jo\u0161 bolje uvjete rada\"><img decoding=\"async\" data-title=\"Ministar Anu\u0161i\u0107 pripadnicima hrvatskog kontingenta u Ma\u0111arskoj: Moj je zadatak da vam stvorimo jo\u0161 bolje uvjete rada\" data-description=\"Potpredsjednik Vlade i ministar obrane Ivan Anu\u0161i\u0107 posjetio je 64 pripadnika Oru\u017eanih snaga RH u sastavu 4. hrvatskog kontingenta u Ma\u0111arskoj. Hrvatske snage u sklopu NATO aktivnosti oja\u010dane budnosti u Ma\u0111arskoj raspore\u0111ene su na tri lokacije, a ministar je bio u kampu Croft u Veszpremu, gdje se nalazi i glavnina na\u0161ih snaga | Foto: MORH\/ F. Klen\" alt=\"Ministar Anu\u0161i\u0107 pripadnicima hrvatskog kontingenta u Ma\u0111arskoj: Moj je zadatak da vam stvorimo jo\u0161 bolje uvjete rada\" src=\"https:\/\/live.staticflickr.com\/65535\/53566321817_e96f7d2874_h.jpg\" data-layer=\"&lt;div class=&#039;morh-gallery-image-download&#039;&gt;&lt;a href=&#039;https:\/\/live.staticflickr.com\/65535\/53566321817_ee2eca49da_o.jpg&#039; target=&#039;_blank&#039;&gt;Slika za preuzimanje&lt;\/a&gt;&lt;\/div&gt;\" \/><\/a><a href=\"https:\/\/live.staticflickr.com\/65535\/53567372568_c65bd0e749_h.jpg\" title=\"Ministar Anu\u0161i\u0107 pripadnicima hrvatskog kontingenta u Ma\u0111arskoj: Moj je zadatak da vam stvorimo jo\u0161 bolje uvjete rada\"><img decoding=\"async\" data-title=\"Ministar Anu\u0161i\u0107 pripadnicima hrvatskog kontingenta u Ma\u0111arskoj: Moj je zadatak da vam stvorimo jo\u0161 bolje uvjete rada\" data-description=\"Potpredsjednik Vlade i ministar obrane Ivan Anu\u0161i\u0107 posjetio je 64 pripadnika Oru\u017eanih snaga RH u sastavu 4. hrvatskog kontingenta u Ma\u0111arskoj. Hrvatske snage u sklopu NATO aktivnosti oja\u010dane budnosti u Ma\u0111arskoj raspore\u0111ene su na tri lokacije, a ministar je bio u kampu Croft u Veszpremu, gdje se nalazi i glavnina na\u0161ih snaga | Foto: MORH\/ F. Klen\" alt=\"Ministar Anu\u0161i\u0107 pripadnicima hrvatskog kontingenta u Ma\u0111arskoj: Moj je zadatak da vam stvorimo jo\u0161 bolje uvjete rada\" src=\"https:\/\/live.staticflickr.com\/65535\/53567372568_c65bd0e749_h.jpg\" data-layer=\"&lt;div class=&#039;morh-gallery-image-download&#039;&gt;&lt;a href=&#039;https:\/\/live.staticflickr.com\/65535\/53567372568_d12e491f12_o.jpg&#039; target=&#039;_blank&#039;&gt;Slika za preuzimanje&lt;\/a&gt;&lt;\/div&gt;\" \/><\/a><a href=\"https:\/\/live.staticflickr.com\/65535\/53567615160_bd2a65d9d9_h.jpg\" title=\"Ministar Anu\u0161i\u0107 pripadnicima hrvatskog kontingenta u Ma\u0111arskoj: Moj je zadatak da vam stvorimo jo\u0161 bolje uvjete rada\"><img decoding=\"async\" data-title=\"Ministar Anu\u0161i\u0107 pripadnicima hrvatskog kontingenta u Ma\u0111arskoj: Moj je zadatak da vam stvorimo jo\u0161 bolje uvjete rada\" data-description=\"Potpredsjednik Vlade i ministar obrane Ivan Anu\u0161i\u0107 posjetio je 64 pripadnika Oru\u017eanih snaga RH u sastavu 4. hrvatskog kontingenta u Ma\u0111arskoj. Hrvatske snage u sklopu NATO aktivnosti oja\u010dane budnosti u Ma\u0111arskoj raspore\u0111ene su na tri lokacije, a ministar je bio u kampu Croft u Veszpremu, gdje se nalazi i glavnina na\u0161ih snaga | Foto: MORH\/ F. Klen\" alt=\"Ministar Anu\u0161i\u0107 pripadnicima hrvatskog kontingenta u Ma\u0111arskoj: Moj je zadatak da vam stvorimo jo\u0161 bolje uvjete rada\" src=\"https:\/\/live.staticflickr.com\/65535\/53567615160_bd2a65d9d9_h.jpg\" data-layer=\"&lt;div class=&#039;morh-gallery-image-download&#039;&gt;&lt;a href=&#039;https:\/\/live.staticflickr.com\/65535\/53567615160_db14a08387_o.jpg&#039; target=&#039;_blank&#039;&gt;Slika za preuzimanje&lt;\/a&gt;&lt;\/div&gt;\" \/><\/a><a href=\"https:\/\/live.staticflickr.com\/65535\/53567372553_9b351e1e1f_h.jpg\" title=\"Ministar Anu\u0161i\u0107 pripadnicima hrvatskog kontingenta u Ma\u0111arskoj: Moj je zadatak da vam stvorimo jo\u0161 bolje uvjete rada\"><img decoding=\"async\" data-title=\"Ministar Anu\u0161i\u0107 pripadnicima hrvatskog kontingenta u Ma\u0111arskoj: Moj je zadatak da vam stvorimo jo\u0161 bolje uvjete rada\" data-description=\"Potpredsjednik Vlade i ministar obrane Ivan Anu\u0161i\u0107 posjetio je 64 pripadnika Oru\u017eanih snaga RH u sastavu 4. hrvatskog kontingenta u Ma\u0111arskoj. Hrvatske snage u sklopu NATO aktivnosti oja\u010dane budnosti u Ma\u0111arskoj raspore\u0111ene su na tri lokacije, a ministar je bio u kampu Croft u Veszpremu, gdje se nalazi i glavnina na\u0161ih snaga | Foto: MORH\/ F. Klen\" alt=\"Ministar Anu\u0161i\u0107 pripadnicima hrvatskog kontingenta u Ma\u0111arskoj: Moj je zadatak da vam stvorimo jo\u0161 bolje uvjete rada\" src=\"https:\/\/live.staticflickr.com\/65535\/53567372553_9b351e1e1f_h.jpg\" data-layer=\"&lt;div class=&#039;morh-gallery-image-download&#039;&gt;&lt;a href=&#039;https:\/\/live.staticflickr.com\/65535\/53567372553_4c7d8d713f_o.jpg&#039; target=&#039;_blank&#039;&gt;Slika za preuzimanje&lt;\/a&gt;&lt;\/div&gt;\" \/><\/a><a href=\"https:\/\/live.staticflickr.com\/65535\/53566321627_0589b18bc9_h.jpg\" title=\"Ministar Anu\u0161i\u0107 pripadnicima hrvatskog kontingenta u Ma\u0111arskoj: Moj je zadatak da vam stvorimo jo\u0161 bolje uvjete rada\"><img decoding=\"async\" data-title=\"Ministar Anu\u0161i\u0107 pripadnicima hrvatskog kontingenta u Ma\u0111arskoj: Moj je zadatak da vam stvorimo jo\u0161 bolje uvjete rada\" data-description=\"Potpredsjednik Vlade i ministar obrane Ivan Anu\u0161i\u0107 posjetio je 64 pripadnika Oru\u017eanih snaga RH u sastavu 4. hrvatskog kontingenta u Ma\u0111arskoj. Hrvatske snage u sklopu NATO aktivnosti oja\u010dane budnosti u Ma\u0111arskoj raspore\u0111ene su na tri lokacije, a ministar je bio u kampu Croft u Veszpremu, gdje se nalazi i glavnina na\u0161ih snaga | Foto: MORH\/ F. Klen\" alt=\"Ministar Anu\u0161i\u0107 pripadnicima hrvatskog kontingenta u Ma\u0111arskoj: Moj je zadatak da vam stvorimo jo\u0161 bolje uvjete rada\" src=\"https:\/\/live.staticflickr.com\/65535\/53566321627_0589b18bc9_h.jpg\" data-layer=\"&lt;div class=&#039;morh-gallery-image-download&#039;&gt;&lt;a href=&#039;https:\/\/live.staticflickr.com\/65535\/53566321627_cc0fc366bd_o.jpg&#039; target=&#039;_blank&#039;&gt;Slika za preuzimanje&lt;\/a&gt;&lt;\/div&gt;\" \/><\/a><a href=\"https:\/\/live.staticflickr.com\/65535\/53566321622_e0213a4b80_h.jpg\" title=\"Ministar Anu\u0161i\u0107 pripadnicima hrvatskog kontingenta u Ma\u0111arskoj: Moj je zadatak da vam stvorimo jo\u0161 bolje uvjete rada\"><img decoding=\"async\" data-title=\"Ministar Anu\u0161i\u0107 pripadnicima hrvatskog kontingenta u Ma\u0111arskoj: Moj je zadatak da vam stvorimo jo\u0161 bolje uvjete rada\" data-description=\"Potpredsjednik Vlade i ministar obrane Ivan Anu\u0161i\u0107 posjetio je 64 pripadnika Oru\u017eanih snaga RH u sastavu 4. hrvatskog kontingenta u Ma\u0111arskoj. Hrvatske snage u sklopu NATO aktivnosti oja\u010dane budnosti u Ma\u0111arskoj raspore\u0111ene su na tri lokacije, a ministar je bio u kampu Croft u Veszpremu, gdje se nalazi i glavnina na\u0161ih snaga | Foto: MORH\/ F. Klen\" alt=\"Ministar Anu\u0161i\u0107 pripadnicima hrvatskog kontingenta u Ma\u0111arskoj: Moj je zadatak da vam stvorimo jo\u0161 bolje uvjete rada\" src=\"https:\/\/live.staticflickr.com\/65535\/53566321622_e0213a4b80_h.jpg\" data-layer=\"&lt;div class=&#039;morh-gallery-image-download&#039;&gt;&lt;a href=&#039;https:\/\/live.staticflickr.com\/65535\/53566321622_c18146f12f_o.jpg&#039; target=&#039;_blank&#039;&gt;Slika za preuzimanje&lt;\/a&gt;&lt;\/div&gt;\" \/><\/a><a href=\"https:\/\/live.staticflickr.com\/65535\/53567615090_2b67394c4b_h.jpg\" title=\"Ministar Anu\u0161i\u0107 pripadnicima hrvatskog kontingenta u Ma\u0111arskoj: Moj je zadatak da vam stvorimo jo\u0161 bolje uvjete rada\"><img decoding=\"async\" data-title=\"Ministar Anu\u0161i\u0107 pripadnicima hrvatskog kontingenta u Ma\u0111arskoj: Moj je zadatak da vam stvorimo jo\u0161 bolje uvjete rada\" data-description=\"Potpredsjednik Vlade i ministar obrane Ivan Anu\u0161i\u0107 posjetio je 64 pripadnika Oru\u017eanih snaga RH u sastavu 4. hrvatskog kontingenta u Ma\u0111arskoj. Hrvatske snage u sklopu NATO aktivnosti oja\u010dane budnosti u Ma\u0111arskoj raspore\u0111ene su na tri lokacije, a ministar je bio u kampu Croft u Veszpremu, gdje se nalazi i glavnina na\u0161ih snaga | Foto: MORH\/ F. Klen\" alt=\"Ministar Anu\u0161i\u0107 pripadnicima hrvatskog kontingenta u Ma\u0111arskoj: Moj je zadatak da vam stvorimo jo\u0161 bolje uvjete rada\" src=\"https:\/\/live.staticflickr.com\/65535\/53567615090_2b67394c4b_h.jpg\" data-layer=\"&lt;div class=&#039;morh-gallery-image-download&#039;&gt;&lt;a href=&#039;https:\/\/live.staticflickr.com\/65535\/53567615090_ec5fc992e5_o.jpg&#039; target=&#039;_blank&#039;&gt;Slika za preuzimanje&lt;\/a&gt;&lt;\/div&gt;\" \/><\/a><a href=\"https:\/\/live.staticflickr.com\/65535\/53567495324_83de72420b_h.jpg\" title=\"Ministar Anu\u0161i\u0107 pripadnicima hrvatskog kontingenta u Ma\u0111arskoj: Moj je zadatak da vam stvorimo jo\u0161 bolje uvjete rada\"><img decoding=\"async\" data-title=\"Ministar Anu\u0161i\u0107 pripadnicima hrvatskog kontingenta u Ma\u0111arskoj: Moj je zadatak da vam stvorimo jo\u0161 bolje uvjete rada\" data-description=\"Potpredsjednik Vlade i ministar obrane Ivan Anu\u0161i\u0107 posjetio je 64 pripadnika Oru\u017eanih snaga RH u sastavu 4. hrvatskog kontingenta u Ma\u0111arskoj. Hrvatske snage u sklopu NATO aktivnosti oja\u010dane budnosti u Ma\u0111arskoj raspore\u0111ene su na tri lokacije, a ministar je bio u kampu Croft u Veszpremu, gdje se nalazi i glavnina na\u0161ih snaga | Foto: MORH\/ F. Klen\" alt=\"Ministar Anu\u0161i\u0107 pripadnicima hrvatskog kontingenta u Ma\u0111arskoj: Moj je zadatak da vam stvorimo jo\u0161 bolje uvjete rada\" src=\"https:\/\/live.staticflickr.com\/65535\/53567495324_83de72420b_h.jpg\" data-layer=\"&lt;div class=&#039;morh-gallery-image-download&#039;&gt;&lt;a href=&#039;https:\/\/live.staticflickr.com\/65535\/53567495324_d942c2f695_o.jpg&#039; target=&#039;_blank&#039;&gt;Slika za preuzimanje&lt;\/a&gt;&lt;\/div&gt;\" \/><\/a><a href=\"https:\/\/live.staticflickr.com\/65535\/53567372403_60df8afaba_h.jpg\" title=\"Ministar Anu\u0161i\u0107 pripadnicima hrvatskog kontingenta u Ma\u0111arskoj: Moj je zadatak da vam stvorimo jo\u0161 bolje uvjete rada\"><img decoding=\"async\" data-title=\"Ministar Anu\u0161i\u0107 pripadnicima hrvatskog kontingenta u Ma\u0111arskoj: Moj je zadatak da vam stvorimo jo\u0161 bolje uvjete rada\" data-description=\"Potpredsjednik Vlade i ministar obrane Ivan Anu\u0161i\u0107 posjetio je 64 pripadnika Oru\u017eanih snaga RH u sastavu 4. hrvatskog kontingenta u Ma\u0111arskoj. Hrvatske snage u sklopu NATO aktivnosti oja\u010dane budnosti u Ma\u0111arskoj raspore\u0111ene su na tri lokacije, a ministar je bio u kampu Croft u Veszpremu, gdje se nalazi i glavnina na\u0161ih snaga | Foto: MORH\/ F. Klen\" alt=\"Ministar Anu\u0161i\u0107 pripadnicima hrvatskog kontingenta u Ma\u0111arskoj: Moj je zadatak da vam stvorimo jo\u0161 bolje uvjete rada\" src=\"https:\/\/live.staticflickr.com\/65535\/53567372403_60df8afaba_h.jpg\" data-layer=\"&lt;div class=&#039;morh-gallery-image-download&#039;&gt;&lt;a href=&#039;https:\/\/live.staticflickr.com\/65535\/53567372403_95c176d5a1_o.jpg&#039; target=&#039;_blank&#039;&gt;Slika za preuzimanje&lt;\/a&gt;&lt;\/div&gt;\" \/><\/a><a href=\"https:\/\/live.staticflickr.com\/65535\/53566321532_72982a7e55_h.jpg\" title=\"Ministar Anu\u0161i\u0107 pripadnicima hrvatskog kontingenta u Ma\u0111arskoj: Moj je zadatak da vam stvorimo jo\u0161 bolje uvjete rada\"><img decoding=\"async\" data-title=\"Ministar Anu\u0161i\u0107 pripadnicima hrvatskog kontingenta u Ma\u0111arskoj: Moj je zadatak da vam stvorimo jo\u0161 bolje uvjete rada\" data-description=\"Potpredsjednik Vlade i ministar obrane Ivan Anu\u0161i\u0107 posjetio je 64 pripadnika Oru\u017eanih snaga RH u sastavu 4. hrvatskog kontingenta u Ma\u0111arskoj. Hrvatske snage u sklopu NATO aktivnosti oja\u010dane budnosti u Ma\u0111arskoj raspore\u0111ene su na tri lokacije, a ministar je bio u kampu Croft u Veszpremu, gdje se nalazi i glavnina na\u0161ih snaga | Foto: MORH\/ F. Klen\" alt=\"Ministar Anu\u0161i\u0107 pripadnicima hrvatskog kontingenta u Ma\u0111arskoj: Moj je zadatak da vam stvorimo jo\u0161 bolje uvjete rada\" src=\"https:\/\/live.staticflickr.com\/65535\/53566321532_72982a7e55_h.jpg\" data-layer=\"&lt;div class=&#039;morh-gallery-image-download&#039;&gt;&lt;a href=&#039;https:\/\/live.staticflickr.com\/65535\/53566321532_e37b9a1b4b_o.jpg&#039; target=&#039;_blank&#039;&gt;Slika za preuzimanje&lt;\/a&gt;&lt;\/div&gt;\" \/><\/a><a href=\"https:\/\/live.staticflickr.com\/65535\/53567173871_3338139ce3_h.jpg\" title=\"Ministar Anu\u0161i\u0107 pripadnicima hrvatskog kontingenta u Ma\u0111arskoj: Moj je zadatak da vam stvorimo jo\u0161 bolje uvjete rada\"><img decoding=\"async\" data-title=\"Ministar Anu\u0161i\u0107 pripadnicima hrvatskog kontingenta u Ma\u0111arskoj: Moj je zadatak da vam stvorimo jo\u0161 bolje uvjete rada\" data-description=\"Potpredsjednik Vlade i ministar obrane Ivan Anu\u0161i\u0107 posjetio je 64 pripadnika Oru\u017eanih snaga RH u sastavu 4. hrvatskog kontingenta u Ma\u0111arskoj. Hrvatske snage u sklopu NATO aktivnosti oja\u010dane budnosti u Ma\u0111arskoj raspore\u0111ene su na tri lokacije, a ministar je bio u kampu Croft u Veszpremu, gdje se nalazi i glavnina na\u0161ih snaga | Foto: MORH\/ F. Klen\" alt=\"Ministar Anu\u0161i\u0107 pripadnicima hrvatskog kontingenta u Ma\u0111arskoj: Moj je zadatak da vam stvorimo jo\u0161 bolje uvjete rada\" src=\"https:\/\/live.staticflickr.com\/65535\/53567173871_3338139ce3_h.jpg\" data-layer=\"&lt;div class=&#039;morh-gallery-image-download&#039;&gt;&lt;a href=&#039;https:\/\/live.staticflickr.com\/65535\/53567173871_77a4b4bde1_o.jpg&#039; target=&#039;_blank&#039;&gt;Slika za preuzimanje&lt;\/a&gt;&lt;\/div&gt;\" \/><\/a><a href=\"https:\/\/live.staticflickr.com\/65535\/53567173866_005cc59498_h.jpg\" title=\"Ministar Anu\u0161i\u0107 pripadnicima hrvatskog kontingenta u Ma\u0111arskoj: Moj je zadatak da vam stvorimo jo\u0161 bolje uvjete rada\"><img decoding=\"async\" data-title=\"Ministar Anu\u0161i\u0107 pripadnicima hrvatskog kontingenta u Ma\u0111arskoj: Moj je zadatak da vam stvorimo jo\u0161 bolje uvjete rada\" data-description=\"Potpredsjednik Vlade i ministar obrane Ivan Anu\u0161i\u0107 posjetio je 64 pripadnika Oru\u017eanih snaga RH u sastavu 4. hrvatskog kontingenta u Ma\u0111arskoj. Hrvatske snage u sklopu NATO aktivnosti oja\u010dane budnosti u Ma\u0111arskoj raspore\u0111ene su na tri lokacije, a ministar je bio u kampu Croft u Veszpremu, gdje se nalazi i glavnina na\u0161ih snaga | Foto: MORH\/ F. Klen\" alt=\"Ministar Anu\u0161i\u0107 pripadnicima hrvatskog kontingenta u Ma\u0111arskoj: Moj je zadatak da vam stvorimo jo\u0161 bolje uvjete rada\" src=\"https:\/\/live.staticflickr.com\/65535\/53567173866_005cc59498_h.jpg\" data-layer=\"&lt;div class=&#039;morh-gallery-image-download&#039;&gt;&lt;a href=&#039;https:\/\/live.staticflickr.com\/65535\/53567173866_f7ae9d9408_o.jpg&#039; target=&#039;_blank&#039;&gt;Slika za preuzimanje&lt;\/a&gt;&lt;\/div&gt;\" \/><\/a><a href=\"https:\/\/live.staticflickr.com\/65535\/53566321447_29f031a5b6_h.jpg\" title=\"Ministar Anu\u0161i\u0107 pripadnicima hrvatskog kontingenta u Ma\u0111arskoj: Moj je zadatak da vam stvorimo jo\u0161 bolje uvjete rada\"><img decoding=\"async\" data-title=\"Ministar Anu\u0161i\u0107 pripadnicima hrvatskog kontingenta u Ma\u0111arskoj: Moj je zadatak da vam stvorimo jo\u0161 bolje uvjete rada\" data-description=\"Potpredsjednik Vlade i ministar obrane Ivan Anu\u0161i\u0107 posjetio je 64 pripadnika Oru\u017eanih snaga RH u sastavu 4. hrvatskog kontingenta u Ma\u0111arskoj. Hrvatske snage u sklopu NATO aktivnosti oja\u010dane budnosti u Ma\u0111arskoj raspore\u0111ene su na tri lokacije, a ministar je bio u kampu Croft u Veszpremu, gdje se nalazi i glavnina na\u0161ih snaga | Foto: MORH\/ F. Klen\" alt=\"Ministar Anu\u0161i\u0107 pripadnicima hrvatskog kontingenta u Ma\u0111arskoj: Moj je zadatak da vam stvorimo jo\u0161 bolje uvjete rada\" src=\"https:\/\/live.staticflickr.com\/65535\/53566321447_29f031a5b6_h.jpg\" data-layer=\"&lt;div class=&#039;morh-gallery-image-download&#039;&gt;&lt;a href=&#039;https:\/\/live.staticflickr.com\/65535\/53566321447_c8c92afa71_o.jpg&#039; target=&#039;_blank&#039;&gt;Slika za preuzimanje&lt;\/a&gt;&lt;\/div&gt;\" \/><\/a><a href=\"https:\/\/live.staticflickr.com\/65535\/53567614990_70ca40c88f_h.jpg\" title=\"Ministar Anu\u0161i\u0107 pripadnicima hrvatskog kontingenta u Ma\u0111arskoj: Moj je zadatak da vam stvorimo jo\u0161 bolje uvjete rada\"><img decoding=\"async\" data-title=\"Ministar Anu\u0161i\u0107 pripadnicima hrvatskog kontingenta u Ma\u0111arskoj: Moj je zadatak da vam stvorimo jo\u0161 bolje uvjete rada\" data-description=\"Potpredsjednik Vlade i ministar obrane Ivan Anu\u0161i\u0107 posjetio je 64 pripadnika Oru\u017eanih snaga RH u sastavu 4. hrvatskog kontingenta u Ma\u0111arskoj. Hrvatske snage u sklopu NATO aktivnosti oja\u010dane budnosti u Ma\u0111arskoj raspore\u0111ene su na tri lokacije, a ministar je bio u kampu Croft u Veszpremu, gdje se nalazi i glavnina na\u0161ih snaga | Foto: MORH\/ F. Klen\" alt=\"Ministar Anu\u0161i\u0107 pripadnicima hrvatskog kontingenta u Ma\u0111arskoj: Moj je zadatak da vam stvorimo jo\u0161 bolje uvjete rada\" src=\"https:\/\/live.staticflickr.com\/65535\/53567614990_70ca40c88f_h.jpg\" data-layer=\"&lt;div class=&#039;morh-gallery-image-download&#039;&gt;&lt;a href=&#039;https:\/\/live.staticflickr.com\/65535\/53567614990_04b0a65193_o.jpg&#039; target=&#039;_blank&#039;&gt;Slika za preuzimanje&lt;\/a&gt;&lt;\/div&gt;\" \/><\/a><a href=\"https:\/\/live.staticflickr.com\/65535\/53567372258_d2d5edc0ae_h.jpg\" title=\"Ministar Anu\u0161i\u0107 pripadnicima hrvatskog kontingenta u Ma\u0111arskoj: Moj je zadatak da vam stvorimo jo\u0161 bolje uvjete rada\"><img decoding=\"async\" data-title=\"Ministar Anu\u0161i\u0107 pripadnicima hrvatskog kontingenta u Ma\u0111arskoj: Moj je zadatak da vam stvorimo jo\u0161 bolje uvjete rada\" data-description=\"Potpredsjednik Vlade i ministar obrane Ivan Anu\u0161i\u0107 posjetio je 64 pripadnika Oru\u017eanih snaga RH u sastavu 4. hrvatskog kontingenta u Ma\u0111arskoj. Hrvatske snage u sklopu NATO aktivnosti oja\u010dane budnosti u Ma\u0111arskoj raspore\u0111ene su na tri lokacije, a ministar je bio u kampu Croft u Veszpremu, gdje se nalazi i glavnina na\u0161ih snaga | Foto: MORH\/ F. Klen\" alt=\"Ministar Anu\u0161i\u0107 pripadnicima hrvatskog kontingenta u Ma\u0111arskoj: Moj je zadatak da vam stvorimo jo\u0161 bolje uvjete rada\" src=\"https:\/\/live.staticflickr.com\/65535\/53567372258_d2d5edc0ae_h.jpg\" data-layer=\"&lt;div class=&#039;morh-gallery-image-download&#039;&gt;&lt;a href=&#039;https:\/\/live.staticflickr.com\/65535\/53567372258_4e692f28d9_o.jpg&#039; target=&#039;_blank&#039;&gt;Slika za preuzimanje&lt;\/a&gt;&lt;\/div&gt;\" \/><\/a><a href=\"https:\/\/live.staticflickr.com\/65535\/53567495129_30e24ffa93_h.jpg\" title=\"Ministar Anu\u0161i\u0107 pripadnicima hrvatskog kontingenta u Ma\u0111arskoj: Moj je zadatak da vam stvorimo jo\u0161 bolje uvjete rada\"><img decoding=\"async\" data-title=\"Ministar Anu\u0161i\u0107 pripadnicima hrvatskog kontingenta u Ma\u0111arskoj: Moj je zadatak da vam stvorimo jo\u0161 bolje uvjete rada\" data-description=\"Potpredsjednik Vlade i ministar obrane Ivan Anu\u0161i\u0107 posjetio je 64 pripadnika Oru\u017eanih snaga RH u sastavu 4. hrvatskog kontingenta u Ma\u0111arskoj. Hrvatske snage u sklopu NATO aktivnosti oja\u010dane budnosti u Ma\u0111arskoj raspore\u0111ene su na tri lokacije, a ministar je bio u kampu Croft u Veszpremu, gdje se nalazi i glavnina na\u0161ih snaga | Foto: MORH\/ F. Klen\" alt=\"Ministar Anu\u0161i\u0107 pripadnicima hrvatskog kontingenta u Ma\u0111arskoj: Moj je zadatak da vam stvorimo jo\u0161 bolje uvjete rada\" src=\"https:\/\/live.staticflickr.com\/65535\/53567495129_30e24ffa93_h.jpg\" data-layer=\"&lt;div class=&#039;morh-gallery-image-download&#039;&gt;&lt;a href=&#039;https:\/\/live.staticflickr.com\/65535\/53567495129_bf2d92b21f_o.jpg&#039; target=&#039;_blank&#039;&gt;Slika za preuzimanje&lt;\/a&gt;&lt;\/div&gt;\" \/><\/a><a href=\"https:\/\/live.staticflickr.com\/65535\/53567495104_d845fb4356_h.jpg\" title=\"Ministar Anu\u0161i\u0107 pripadnicima hrvatskog kontingenta u Ma\u0111arskoj: Moj je zadatak da vam stvorimo jo\u0161 bolje uvjete rada\"><img decoding=\"async\" data-title=\"Ministar Anu\u0161i\u0107 pripadnicima hrvatskog kontingenta u Ma\u0111arskoj: Moj je zadatak da vam stvorimo jo\u0161 bolje uvjete rada\" data-description=\"Potpredsjednik Vlade i ministar obrane Ivan Anu\u0161i\u0107 posjetio je 64 pripadnika Oru\u017eanih snaga RH u sastavu 4. hrvatskog kontingenta u Ma\u0111arskoj. Hrvatske snage u sklopu NATO aktivnosti oja\u010dane budnosti u Ma\u0111arskoj raspore\u0111ene su na tri lokacije, a ministar je bio u kampu Croft u Veszpremu, gdje se nalazi i glavnina na\u0161ih snaga | Foto: MORH\/ F. Klen\" alt=\"Ministar Anu\u0161i\u0107 pripadnicima hrvatskog kontingenta u Ma\u0111arskoj: Moj je zadatak da vam stvorimo jo\u0161 bolje uvjete rada\" src=\"https:\/\/live.staticflickr.com\/65535\/53567495104_d845fb4356_h.jpg\" data-layer=\"&lt;div class=&#039;morh-gallery-image-download&#039;&gt;&lt;a href=&#039;https:\/\/live.staticflickr.com\/65535\/53567495104_dfef88eeb5_o.jpg&#039; target=&#039;_blank&#039;&gt;Slika za preuzimanje&lt;\/a&gt;&lt;\/div&gt;\" \/><\/a><a href=\"https:\/\/live.staticflickr.com\/65535\/53567614850_24162d7c22_h.jpg\" title=\"Ministar Anu\u0161i\u0107 pripadnicima hrvatskog kontingenta u Ma\u0111arskoj: Moj je zadatak da vam stvorimo jo\u0161 bolje uvjete rada\"><img decoding=\"async\" data-title=\"Ministar Anu\u0161i\u0107 pripadnicima hrvatskog kontingenta u Ma\u0111arskoj: Moj je zadatak da vam stvorimo jo\u0161 bolje uvjete rada\" data-description=\"Potpredsjednik Vlade i ministar obrane Ivan Anu\u0161i\u0107 posjetio je 64 pripadnika Oru\u017eanih snaga RH u sastavu 4. hrvatskog kontingenta u Ma\u0111arskoj. Hrvatske snage u sklopu NATO aktivnosti oja\u010dane budnosti u Ma\u0111arskoj raspore\u0111ene su na tri lokacije, a ministar je bio u kampu Croft u Veszpremu, gdje se nalazi i glavnina na\u0161ih snaga | Foto: MORH\/ F. Klen\" alt=\"Ministar Anu\u0161i\u0107 pripadnicima hrvatskog kontingenta u Ma\u0111arskoj: Moj je zadatak da vam stvorimo jo\u0161 bolje uvjete rada\" src=\"https:\/\/live.staticflickr.com\/65535\/53567614850_24162d7c22_h.jpg\" data-layer=\"&lt;div class=&#039;morh-gallery-image-download&#039;&gt;&lt;a href=&#039;https:\/\/live.staticflickr.com\/65535\/53567614850_e5171e39b3_o.jpg&#039; target=&#039;_blank&#039;&gt;Slika za preuzimanje&lt;\/a&gt;&lt;\/div&gt;\" \/><\/a><a href=\"https:\/\/live.staticflickr.com\/65535\/53566321297_2d6470077e_h.jpg\" title=\"Ministar Anu\u0161i\u0107 pripadnicima hrvatskog kontingenta u Ma\u0111arskoj: Moj je zadatak da vam stvorimo jo\u0161 bolje uvjete rada\"><img decoding=\"async\" data-title=\"Ministar Anu\u0161i\u0107 pripadnicima hrvatskog kontingenta u Ma\u0111arskoj: Moj je zadatak da vam stvorimo jo\u0161 bolje uvjete rada\" data-description=\"Potpredsjednik Vlade i ministar obrane Ivan Anu\u0161i\u0107 posjetio je 64 pripadnika Oru\u017eanih snaga RH u sastavu 4. hrvatskog kontingenta u Ma\u0111arskoj. Hrvatske snage u sklopu NATO aktivnosti oja\u010dane budnosti u Ma\u0111arskoj raspore\u0111ene su na tri lokacije, a ministar je bio u kampu Croft u Veszpremu, gdje se nalazi i glavnina na\u0161ih snaga | Foto: MORH\/ F. Klen\" alt=\"Ministar Anu\u0161i\u0107 pripadnicima hrvatskog kontingenta u Ma\u0111arskoj: Moj je zadatak da vam stvorimo jo\u0161 bolje uvjete rada\" src=\"https:\/\/live.staticflickr.com\/65535\/53566321297_2d6470077e_h.jpg\" data-layer=\"&lt;div class=&#039;morh-gallery-image-download&#039;&gt;&lt;a href=&#039;https:\/\/live.staticflickr.com\/65535\/53566321297_da11b76605_o.jpg&#039; target=&#039;_blank&#039;&gt;Slika za preuzimanje&lt;\/a&gt;&lt;\/div&gt;\" \/><\/a><a href=\"https:\/\/live.staticflickr.com\/65535\/53567495029_941b6ae078_h.jpg\" title=\"Ministar Anu\u0161i\u0107 pripadnicima hrvatskog kontingenta u Ma\u0111arskoj: Moj je zadatak da vam stvorimo jo\u0161 bolje uvjete rada\"><img decoding=\"async\" data-title=\"Ministar Anu\u0161i\u0107 pripadnicima hrvatskog kontingenta u Ma\u0111arskoj: Moj je zadatak da vam stvorimo jo\u0161 bolje uvjete rada\" data-description=\"Potpredsjednik Vlade i ministar obrane Ivan Anu\u0161i\u0107 posjetio je 64 pripadnika Oru\u017eanih snaga RH u sastavu 4. hrvatskog kontingenta u Ma\u0111arskoj. Hrvatske snage u sklopu NATO aktivnosti oja\u010dane budnosti u Ma\u0111arskoj raspore\u0111ene su na tri lokacije, a ministar je bio u kampu Croft u Veszpremu, gdje se nalazi i glavnina na\u0161ih snaga | Foto: MORH\/ F. Klen\" alt=\"Ministar Anu\u0161i\u0107 pripadnicima hrvatskog kontingenta u Ma\u0111arskoj: Moj je zadatak da vam stvorimo jo\u0161 bolje uvjete rada\" src=\"https:\/\/live.staticflickr.com\/65535\/53567495029_941b6ae078_h.jpg\" data-layer=\"&lt;div class=&#039;morh-gallery-image-download&#039;&gt;&lt;a href=&#039;https:\/\/live.staticflickr.com\/65535\/53567495029_2911713491_o.jpg&#039; target=&#039;_blank&#039;&gt;Slika za preuzimanje&lt;\/a&gt;&lt;\/div&gt;\" \/><\/a><a href=\"https:\/\/live.staticflickr.com\/65535\/53566321287_afbf7bb745_h.jpg\" title=\"Ministar Anu\u0161i\u0107 pripadnicima hrvatskog kontingenta u Ma\u0111arskoj: Moj je zadatak da vam stvorimo jo\u0161 bolje uvjete rada\"><img decoding=\"async\" data-title=\"Ministar Anu\u0161i\u0107 pripadnicima hrvatskog kontingenta u Ma\u0111arskoj: Moj je zadatak da vam stvorimo jo\u0161 bolje uvjete rada\" data-description=\"Potpredsjednik Vlade i ministar obrane Ivan Anu\u0161i\u0107 posjetio je 64 pripadnika Oru\u017eanih snaga RH u sastavu 4. hrvatskog kontingenta u Ma\u0111arskoj. Hrvatske snage u sklopu NATO aktivnosti oja\u010dane budnosti u Ma\u0111arskoj raspore\u0111ene su na tri lokacije, a ministar je bio u kampu Croft u Veszpremu, gdje se nalazi i glavnina na\u0161ih snaga | Foto: MORH\/ F. Klen\" alt=\"Ministar Anu\u0161i\u0107 pripadnicima hrvatskog kontingenta u Ma\u0111arskoj: Moj je zadatak da vam stvorimo jo\u0161 bolje uvjete rada\" src=\"https:\/\/live.staticflickr.com\/65535\/53566321287_afbf7bb745_h.jpg\" data-layer=\"&lt;div class=&#039;morh-gallery-image-download&#039;&gt;&lt;a href=&#039;https:\/\/live.staticflickr.com\/65535\/53566321287_e4498c736f_o.jpg&#039; target=&#039;_blank&#039;&gt;Slika za preuzimanje&lt;\/a&gt;&lt;\/div&gt;\" \/><\/a><a href=\"https:\/\/live.staticflickr.com\/65535\/53567614740_fe0507d8bb_h.jpg\" title=\"Ministar Anu\u0161i\u0107 pripadnicima hrvatskog kontingenta u Ma\u0111arskoj: Moj je zadatak da vam stvorimo jo\u0161 bolje uvjete rada\"><img decoding=\"async\" data-title=\"Ministar Anu\u0161i\u0107 pripadnicima hrvatskog kontingenta u Ma\u0111arskoj: Moj je zadatak da vam stvorimo jo\u0161 bolje uvjete rada\" data-description=\"Potpredsjednik Vlade i ministar obrane Ivan Anu\u0161i\u0107 posjetio je 64 pripadnika Oru\u017eanih snaga RH u sastavu 4. hrvatskog kontingenta u Ma\u0111arskoj. Hrvatske snage u sklopu NATO aktivnosti oja\u010dane budnosti u Ma\u0111arskoj raspore\u0111ene su na tri lokacije, a ministar je bio u kampu Croft u Veszpremu, gdje se nalazi i glavnina na\u0161ih snaga | Foto: MORH\/ F. Klen\" alt=\"Ministar Anu\u0161i\u0107 pripadnicima hrvatskog kontingenta u Ma\u0111arskoj: Moj je zadatak da vam stvorimo jo\u0161 bolje uvjete rada\" src=\"https:\/\/live.staticflickr.com\/65535\/53567614740_fe0507d8bb_h.jpg\" data-layer=\"&lt;div class=&#039;morh-gallery-image-download&#039;&gt;&lt;a href=&#039;https:\/\/live.staticflickr.com\/65535\/53567614740_4209850721_o.jpg&#039; target=&#039;_blank&#039;&gt;Slika za preuzimanje&lt;\/a&gt;&lt;\/div&gt;\" \/><\/a><a href=\"https:\/\/live.staticflickr.com\/65535\/53566321227_0e355bc56c_h.jpg\" title=\"Ministar Anu\u0161i\u0107 pripadnicima hrvatskog kontingenta u Ma\u0111arskoj: Moj je zadatak da vam stvorimo jo\u0161 bolje uvjete rada\"><img decoding=\"async\" data-title=\"Ministar Anu\u0161i\u0107 pripadnicima hrvatskog kontingenta u Ma\u0111arskoj: Moj je zadatak da vam stvorimo jo\u0161 bolje uvjete rada\" data-description=\"Potpredsjednik Vlade i ministar obrane Ivan Anu\u0161i\u0107 posjetio je 64 pripadnika Oru\u017eanih snaga RH u sastavu 4. hrvatskog kontingenta u Ma\u0111arskoj. Hrvatske snage u sklopu NATO aktivnosti oja\u010dane budnosti u Ma\u0111arskoj raspore\u0111ene su na tri lokacije, a ministar je bio u kampu Croft u Veszpremu, gdje se nalazi i glavnina na\u0161ih snaga | Foto: MORH\/ F. Klen\" alt=\"Ministar Anu\u0161i\u0107 pripadnicima hrvatskog kontingenta u Ma\u0111arskoj: Moj je zadatak da vam stvorimo jo\u0161 bolje uvjete rada\" src=\"https:\/\/live.staticflickr.com\/65535\/53566321227_0e355bc56c_h.jpg\" data-layer=\"&lt;div class=&#039;morh-gallery-image-download&#039;&gt;&lt;a href=&#039;https:\/\/live.staticflickr.com\/65535\/53566321227_3ec5e9d6e4_o.jpg&#039; target=&#039;_blank&#039;&gt;Slika za preuzimanje&lt;\/a&gt;&lt;\/div&gt;\" \/><\/a><a href=\"https:\/\/live.staticflickr.com\/65535\/53567494894_c29956f839_h.jpg\" title=\"Ministar Anu\u0161i\u0107 pripadnicima hrvatskog kontingenta u Ma\u0111arskoj: Moj je zadatak da vam stvorimo jo\u0161 bolje uvjete rada\"><img decoding=\"async\" data-title=\"Ministar Anu\u0161i\u0107 pripadnicima hrvatskog kontingenta u Ma\u0111arskoj: Moj je zadatak da vam stvorimo jo\u0161 bolje uvjete rada\" data-description=\"Potpredsjednik Vlade i ministar obrane Ivan Anu\u0161i\u0107 posjetio je 64 pripadnika Oru\u017eanih snaga RH u sastavu 4. hrvatskog kontingenta u Ma\u0111arskoj. Hrvatske snage u sklopu NATO aktivnosti oja\u010dane budnosti u Ma\u0111arskoj raspore\u0111ene su na tri lokacije, a ministar je bio u kampu Croft u Veszpremu, gdje se nalazi i glavnina na\u0161ih snaga | Foto: MORH\/ F. Klen\" alt=\"Ministar Anu\u0161i\u0107 pripadnicima hrvatskog kontingenta u Ma\u0111arskoj: Moj je zadatak da vam stvorimo jo\u0161 bolje uvjete rada\" src=\"https:\/\/live.staticflickr.com\/65535\/53567494894_c29956f839_h.jpg\" data-layer=\"&lt;div class=&#039;morh-gallery-image-download&#039;&gt;&lt;a href=&#039;https:\/\/live.staticflickr.com\/65535\/53567494894_45a4c9ec00_o.jpg&#039; target=&#039;_blank&#039;&gt;Slika za preuzimanje&lt;\/a&gt;&lt;\/div&gt;\" \/><\/a><a href=\"https:\/\/live.staticflickr.com\/65535\/53567494914_34e3b00ee9_h.jpg\" title=\"Ministar Anu\u0161i\u0107 pripadnicima hrvatskog kontingenta u Ma\u0111arskoj: Moj je zadatak da vam stvorimo jo\u0161 bolje uvjete rada\"><img decoding=\"async\" data-title=\"Ministar Anu\u0161i\u0107 pripadnicima hrvatskog kontingenta u Ma\u0111arskoj: Moj je zadatak da vam stvorimo jo\u0161 bolje uvjete rada\" data-description=\"Potpredsjednik Vlade i ministar obrane Ivan Anu\u0161i\u0107 posjetio je 64 pripadnika Oru\u017eanih snaga RH u sastavu 4. hrvatskog kontingenta u Ma\u0111arskoj. Hrvatske snage u sklopu NATO aktivnosti oja\u010dane budnosti u Ma\u0111arskoj raspore\u0111ene su na tri lokacije, a ministar je bio u kampu Croft u Veszpremu, gdje se nalazi i glavnina na\u0161ih snaga | Foto: MORH\/ F. Klen\" alt=\"Ministar Anu\u0161i\u0107 pripadnicima hrvatskog kontingenta u Ma\u0111arskoj: Moj je zadatak da vam stvorimo jo\u0161 bolje uvjete rada\" src=\"https:\/\/live.staticflickr.com\/65535\/53567494914_34e3b00ee9_h.jpg\" data-layer=\"&lt;div class=&#039;morh-gallery-image-download&#039;&gt;&lt;a href=&#039;https:\/\/live.staticflickr.com\/65535\/53567494914_c23e7d8449_o.jpg&#039; target=&#039;_blank&#039;&gt;Slika za preuzimanje&lt;\/a&gt;&lt;\/div&gt;\" \/><\/a><a href=\"https:\/\/live.staticflickr.com\/65535\/53566321217_355eadc78b_h.jpg\" title=\"Ministar Anu\u0161i\u0107 pripadnicima hrvatskog kontingenta u Ma\u0111arskoj: Moj je zadatak da vam stvorimo jo\u0161 bolje uvjete rada\"><img decoding=\"async\" data-title=\"Ministar Anu\u0161i\u0107 pripadnicima hrvatskog kontingenta u Ma\u0111arskoj: Moj je zadatak da vam stvorimo jo\u0161 bolje uvjete rada\" data-description=\"Potpredsjednik Vlade i ministar obrane Ivan Anu\u0161i\u0107 posjetio je 64 pripadnika Oru\u017eanih snaga RH u sastavu 4. hrvatskog kontingenta u Ma\u0111arskoj. Hrvatske snage u sklopu NATO aktivnosti oja\u010dane budnosti u Ma\u0111arskoj raspore\u0111ene su na tri lokacije, a ministar je bio u kampu Croft u Veszpremu, gdje se nalazi i glavnina na\u0161ih snaga | Foto: MORH\/ F. Klen\" alt=\"Ministar Anu\u0161i\u0107 pripadnicima hrvatskog kontingenta u Ma\u0111arskoj: Moj je zadatak da vam stvorimo jo\u0161 bolje uvjete rada\" src=\"https:\/\/live.staticflickr.com\/65535\/53566321217_355eadc78b_h.jpg\" data-layer=\"&lt;div class=&#039;morh-gallery-image-download&#039;&gt;&lt;a href=&#039;https:\/\/live.staticflickr.com\/65535\/53566321217_cff8537ab5_o.jpg&#039; target=&#039;_blank&#039;&gt;Slika za preuzimanje&lt;\/a&gt;&lt;\/div&gt;\" \/><\/a><\/div><!--\/.morh-galleria -->\n","protected":false},"excerpt":{"rendered":"<p>Deputy Prime Minister and Minister of Defence Ivan Anu\u0161i\u0107 visited the CAF members deployed as part of the 4th HRVCON and the HQ Multinational Division Centre in Hungary<\/p>\n","protected":false},"author":3,"featured_media":233969,"comment_status":"closed","ping_status":"closed","sticky":false,"template":"","format":"standard","meta":{"_acf_changed":false,"_monsterinsights_skip_tracking":false,"_monsterinsights_sitenote_active":false,"_monsterinsights_sitenote_note":"","_monsterinsights_sitenote_category":0,"footnotes":""},"categories":[117],"tags":[],"class_list":["post-233967","post","type-post","status-publish","format-standard","has-post-thumbnail","hentry","category-press-releases"],"acf":[],"yoast_head":"<!-- This site is optimized with the Yoast SEO plugin v26.9 - https:\/\/yoast.com\/product\/yoast-seo-wordpress\/ -->\n<title>Minister Anu\u0161i\u0107 to members of the Croatian contingent in Hungary: My task is to create even better working conditions for you - MORH<\/title>\n<meta name=\"description\" content=\"Deputy Prime Minister and Minister of Defence Ivan Anu\u0161i\u0107 visited the CAF members deployed as part of the 4th HRVCON and the HQ Multinational Division Centre in Hungary\" \/>\n<meta name=\"robots\" content=\"index, follow, max-snippet:-1, max-image-preview:large, max-video-preview:-1\" \/>\n<link rel=\"canonical\" href=\"https:\/\/www.morh.hr\/en\/minister-anusic-to-members-of-the-croatian-contingent-in-hungary-my-task-is-to-create-even-better-working-conditions-for-you\/\" \/>\n<meta property=\"og:locale\" content=\"en_US\" \/>\n<meta property=\"og:type\" content=\"article\" \/>\n<meta property=\"og:title\" content=\"Minister Anu\u0161i\u0107 to members of the Croatian contingent in Hungary: My task is to create even better working conditions for you - MORH\" \/>\n<meta property=\"og:description\" content=\"Deputy Prime Minister and Minister of Defence Ivan Anu\u0161i\u0107 visited the CAF members deployed as part of the 4th HRVCON and the HQ Multinational Division Centre in Hungary\" \/>\n<meta property=\"og:url\" content=\"https:\/\/www.morh.hr\/en\/minister-anusic-to-members-of-the-croatian-contingent-in-hungary-my-task-is-to-create-even-better-working-conditions-for-you\/\" \/>\n<meta property=\"og:site_name\" content=\"MORH\" \/>\n<meta property=\"article:publisher\" content=\"https:\/\/www.facebook.com\/sportasiuhrvatskojvojsci\/\" \/>\n<meta property=\"article:published_time\" content=\"2024-03-04T18:49:05+00:00\" \/>\n<meta property=\"article:modified_time\" content=\"2024-12-27T08:16:08+00:00\" \/>\n<meta property=\"og:image\" content=\"https:\/\/www.morh.hr\/wp-content\/uploads\/2024\/03\/2024-03-04-madarska-posjet-mo-en.jpg\" \/>\n\t<meta property=\"og:image:width\" content=\"2400\" \/>\n\t<meta property=\"og:image:height\" content=\"1600\" \/>\n\t<meta property=\"og:image:type\" content=\"image\/jpeg\" \/>\n<meta name=\"author\" content=\"Drazen\" \/>\n<meta name=\"twitter:card\" content=\"summary_large_image\" \/>\n<meta name=\"twitter:creator\" content=\"@morh_osrh\" \/>\n<meta name=\"twitter:site\" content=\"@morh_osrh\" \/>\n<meta name=\"twitter:label1\" content=\"Written by\" \/>\n\t<meta name=\"twitter:data1\" content=\"Drazen\" \/>\n\t<meta name=\"twitter:label2\" content=\"Est. reading time\" \/>\n\t<meta name=\"twitter:data2\" content=\"4 minutes\" \/>\n<script type=\"application\/ld+json\" class=\"yoast-schema-graph\">{\"@context\":\"https:\/\/schema.org\",\"@graph\":[{\"@type\":\"Article\",\"@id\":\"https:\/\/www.morh.hr\/en\/minister-anusic-to-members-of-the-croatian-contingent-in-hungary-my-task-is-to-create-even-better-working-conditions-for-you\/#article\",\"isPartOf\":{\"@id\":\"https:\/\/www.morh.hr\/en\/minister-anusic-to-members-of-the-croatian-contingent-in-hungary-my-task-is-to-create-even-better-working-conditions-for-you\/\"},\"author\":{\"name\":\"Drazen\",\"@id\":\"https:\/\/www.morh.hr\/en\/#\/schema\/person\/2d72e03399043d9513ab6bec75f2ce27\"},\"headline\":\"Minister Anu\u0161i\u0107 to members of the Croatian contingent in Hungary: My task is to create even better working conditions for you\",\"datePublished\":\"2024-03-04T18:49:05+00:00\",\"dateModified\":\"2024-12-27T08:16:08+00:00\",\"mainEntityOfPage\":{\"@id\":\"https:\/\/www.morh.hr\/en\/minister-anusic-to-members-of-the-croatian-contingent-in-hungary-my-task-is-to-create-even-better-working-conditions-for-you\/\"},\"wordCount\":619,\"image\":{\"@id\":\"https:\/\/www.morh.hr\/en\/minister-anusic-to-members-of-the-croatian-contingent-in-hungary-my-task-is-to-create-even-better-working-conditions-for-you\/#primaryimage\"},\"thumbnailUrl\":\"https:\/\/www.morh.hr\/wp-content\/uploads\/2024\/03\/2024-03-04-madarska-posjet-mo-en.jpg\",\"articleSection\":[\"Press releases\"],\"inLanguage\":\"en-US\"},{\"@type\":\"WebPage\",\"@id\":\"https:\/\/www.morh.hr\/en\/minister-anusic-to-members-of-the-croatian-contingent-in-hungary-my-task-is-to-create-even-better-working-conditions-for-you\/\",\"url\":\"https:\/\/www.morh.hr\/en\/minister-anusic-to-members-of-the-croatian-contingent-in-hungary-my-task-is-to-create-even-better-working-conditions-for-you\/\",\"name\":\"Minister Anu\u0161i\u0107 to members of the Croatian contingent in Hungary: My task is to create even better working conditions for you - MORH\",\"isPartOf\":{\"@id\":\"https:\/\/www.morh.hr\/en\/#website\"},\"primaryImageOfPage\":{\"@id\":\"https:\/\/www.morh.hr\/en\/minister-anusic-to-members-of-the-croatian-contingent-in-hungary-my-task-is-to-create-even-better-working-conditions-for-you\/#primaryimage\"},\"image\":{\"@id\":\"https:\/\/www.morh.hr\/en\/minister-anusic-to-members-of-the-croatian-contingent-in-hungary-my-task-is-to-create-even-better-working-conditions-for-you\/#primaryimage\"},\"thumbnailUrl\":\"https:\/\/www.morh.hr\/wp-content\/uploads\/2024\/03\/2024-03-04-madarska-posjet-mo-en.jpg\",\"datePublished\":\"2024-03-04T18:49:05+00:00\",\"dateModified\":\"2024-12-27T08:16:08+00:00\",\"author\":{\"@id\":\"https:\/\/www.morh.hr\/en\/#\/schema\/person\/2d72e03399043d9513ab6bec75f2ce27\"},\"description\":\"Deputy Prime Minister and Minister of Defence Ivan Anu\u0161i\u0107 visited the CAF members deployed as part of the 4th HRVCON and the HQ Multinational Division Centre in Hungary\",\"breadcrumb\":{\"@id\":\"https:\/\/www.morh.hr\/en\/minister-anusic-to-members-of-the-croatian-contingent-in-hungary-my-task-is-to-create-even-better-working-conditions-for-you\/#breadcrumb\"},\"inLanguage\":\"en-US\",\"potentialAction\":[{\"@type\":\"ReadAction\",\"target\":[\"https:\/\/www.morh.hr\/en\/minister-anusic-to-members-of-the-croatian-contingent-in-hungary-my-task-is-to-create-even-better-working-conditions-for-you\/\"]}]},{\"@type\":\"ImageObject\",\"inLanguage\":\"en-US\",\"@id\":\"https:\/\/www.morh.hr\/en\/minister-anusic-to-members-of-the-croatian-contingent-in-hungary-my-task-is-to-create-even-better-working-conditions-for-you\/#primaryimage\",\"url\":\"https:\/\/www.morh.hr\/wp-content\/uploads\/2024\/03\/2024-03-04-madarska-posjet-mo-en.jpg\",\"contentUrl\":\"https:\/\/www.morh.hr\/wp-content\/uploads\/2024\/03\/2024-03-04-madarska-posjet-mo-en.jpg\",\"width\":2400,\"height\":1600,\"caption\":\"Photo: MOD\/ F. Klen\"},{\"@type\":\"BreadcrumbList\",\"@id\":\"https:\/\/www.morh.hr\/en\/minister-anusic-to-members-of-the-croatian-contingent-in-hungary-my-task-is-to-create-even-better-working-conditions-for-you\/#breadcrumb\",\"itemListElement\":[{\"@type\":\"ListItem\",\"position\":1,\"name\":\"Naslovnica\",\"item\":\"https:\/\/www.morh.hr\/en\/\"},{\"@type\":\"ListItem\",\"position\":2,\"name\":\"News\",\"item\":\"https:\/\/www.morh.hr\/en\/kategorija\/news\/\"},{\"@type\":\"ListItem\",\"position\":3,\"name\":\"Press releases\",\"item\":\"https:\/\/www.morh.hr\/en\/kategorija\/news\/press-releases\/\"},{\"@type\":\"ListItem\",\"position\":4,\"name\":\"Minister Anu\u0161i\u0107 to members of the Croatian contingent in Hungary: My task is to create even better working conditions for you\"}]},{\"@type\":\"WebSite\",\"@id\":\"https:\/\/www.morh.hr\/en\/#website\",\"url\":\"https:\/\/www.morh.hr\/en\/\",\"name\":\"MORH\",\"description\":\"Ministarstvo obrane Republike Hrvatske - slu\u017ebene stranice\",\"potentialAction\":[{\"@type\":\"SearchAction\",\"target\":{\"@type\":\"EntryPoint\",\"urlTemplate\":\"https:\/\/www.morh.hr\/en\/?s={search_term_string}\"},\"query-input\":{\"@type\":\"PropertyValueSpecification\",\"valueRequired\":true,\"valueName\":\"search_term_string\"}}],\"inLanguage\":\"en-US\"},{\"@type\":\"Person\",\"@id\":\"https:\/\/www.morh.hr\/en\/#\/schema\/person\/2d72e03399043d9513ab6bec75f2ce27\",\"name\":\"Drazen\",\"image\":{\"@type\":\"ImageObject\",\"inLanguage\":\"en-US\",\"@id\":\"https:\/\/www.morh.hr\/en\/#\/schema\/person\/image\/\",\"url\":\"https:\/\/secure.gravatar.com\/avatar\/e36ef7e573425ae72988c73df868c1e87a656b0e005ca4fd7d30d2ba7e49c9cf?s=96&d=mm&r=g\",\"contentUrl\":\"https:\/\/secure.gravatar.com\/avatar\/e36ef7e573425ae72988c73df868c1e87a656b0e005ca4fd7d30d2ba7e49c9cf?s=96&d=mm&r=g\",\"caption\":\"Drazen\"}}]}<\/script>\n<!-- \/ Yoast SEO plugin. -->","yoast_head_json":{"title":"Minister Anu\u0161i\u0107 to members of the Croatian contingent in Hungary: My task is to create even better working conditions for you - MORH","description":"Deputy Prime Minister and Minister of Defence Ivan Anu\u0161i\u0107 visited the CAF members deployed as part of the 4th HRVCON and the HQ Multinational Division Centre in Hungary","robots":{"index":"index","follow":"follow","max-snippet":"max-snippet:-1","max-image-preview":"max-image-preview:large","max-video-preview":"max-video-preview:-1"},"canonical":"https:\/\/www.morh.hr\/en\/minister-anusic-to-members-of-the-croatian-contingent-in-hungary-my-task-is-to-create-even-better-working-conditions-for-you\/","og_locale":"en_US","og_type":"article","og_title":"Minister Anu\u0161i\u0107 to members of the Croatian contingent in Hungary: My task is to create even better working conditions for you - MORH","og_description":"Deputy Prime Minister and Minister of Defence Ivan Anu\u0161i\u0107 visited the CAF members deployed as part of the 4th HRVCON and the HQ Multinational Division Centre in Hungary","og_url":"https:\/\/www.morh.hr\/en\/minister-anusic-to-members-of-the-croatian-contingent-in-hungary-my-task-is-to-create-even-better-working-conditions-for-you\/","og_site_name":"MORH","article_publisher":"https:\/\/www.facebook.com\/sportasiuhrvatskojvojsci\/","article_published_time":"2024-03-04T18:49:05+00:00","article_modified_time":"2024-12-27T08:16:08+00:00","og_image":[{"width":2400,"height":1600,"url":"https:\/\/www.morh.hr\/wp-content\/uploads\/2024\/03\/2024-03-04-madarska-posjet-mo-en.jpg","type":"image\/jpeg"}],"author":"Drazen","twitter_card":"summary_large_image","twitter_creator":"@morh_osrh","twitter_site":"@morh_osrh","twitter_misc":{"Written by":"Drazen","Est. reading time":"4 minutes"},"schema":{"@context":"https:\/\/schema.org","@graph":[{"@type":"Article","@id":"https:\/\/www.morh.hr\/en\/minister-anusic-to-members-of-the-croatian-contingent-in-hungary-my-task-is-to-create-even-better-working-conditions-for-you\/#article","isPartOf":{"@id":"https:\/\/www.morh.hr\/en\/minister-anusic-to-members-of-the-croatian-contingent-in-hungary-my-task-is-to-create-even-better-working-conditions-for-you\/"},"author":{"name":"Drazen","@id":"https:\/\/www.morh.hr\/en\/#\/schema\/person\/2d72e03399043d9513ab6bec75f2ce27"},"headline":"Minister Anu\u0161i\u0107 to members of the Croatian contingent in Hungary: My task is to create even better working conditions for you","datePublished":"2024-03-04T18:49:05+00:00","dateModified":"2024-12-27T08:16:08+00:00","mainEntityOfPage":{"@id":"https:\/\/www.morh.hr\/en\/minister-anusic-to-members-of-the-croatian-contingent-in-hungary-my-task-is-to-create-even-better-working-conditions-for-you\/"},"wordCount":619,"image":{"@id":"https:\/\/www.morh.hr\/en\/minister-anusic-to-members-of-the-croatian-contingent-in-hungary-my-task-is-to-create-even-better-working-conditions-for-you\/#primaryimage"},"thumbnailUrl":"https:\/\/www.morh.hr\/wp-content\/uploads\/2024\/03\/2024-03-04-madarska-posjet-mo-en.jpg","articleSection":["Press releases"],"inLanguage":"en-US"},{"@type":"WebPage","@id":"https:\/\/www.morh.hr\/en\/minister-anusic-to-members-of-the-croatian-contingent-in-hungary-my-task-is-to-create-even-better-working-conditions-for-you\/","url":"https:\/\/www.morh.hr\/en\/minister-anusic-to-members-of-the-croatian-contingent-in-hungary-my-task-is-to-create-even-better-working-conditions-for-you\/","name":"Minister Anu\u0161i\u0107 to members of the Croatian contingent in Hungary: My task is to create even better working conditions for you - MORH","isPartOf":{"@id":"https:\/\/www.morh.hr\/en\/#website"},"primaryImageOfPage":{"@id":"https:\/\/www.morh.hr\/en\/minister-anusic-to-members-of-the-croatian-contingent-in-hungary-my-task-is-to-create-even-better-working-conditions-for-you\/#primaryimage"},"image":{"@id":"https:\/\/www.morh.hr\/en\/minister-anusic-to-members-of-the-croatian-contingent-in-hungary-my-task-is-to-create-even-better-working-conditions-for-you\/#primaryimage"},"thumbnailUrl":"https:\/\/www.morh.hr\/wp-content\/uploads\/2024\/03\/2024-03-04-madarska-posjet-mo-en.jpg","datePublished":"2024-03-04T18:49:05+00:00","dateModified":"2024-12-27T08:16:08+00:00","author":{"@id":"https:\/\/www.morh.hr\/en\/#\/schema\/person\/2d72e03399043d9513ab6bec75f2ce27"},"description":"Deputy Prime Minister and Minister of Defence Ivan Anu\u0161i\u0107 visited the CAF members deployed as part of the 4th HRVCON and the HQ Multinational Division Centre in Hungary","breadcrumb":{"@id":"https:\/\/www.morh.hr\/en\/minister-anusic-to-members-of-the-croatian-contingent-in-hungary-my-task-is-to-create-even-better-working-conditions-for-you\/#breadcrumb"},"inLanguage":"en-US","potentialAction":[{"@type":"ReadAction","target":["https:\/\/www.morh.hr\/en\/minister-anusic-to-members-of-the-croatian-contingent-in-hungary-my-task-is-to-create-even-better-working-conditions-for-you\/"]}]},{"@type":"ImageObject","inLanguage":"en-US","@id":"https:\/\/www.morh.hr\/en\/minister-anusic-to-members-of-the-croatian-contingent-in-hungary-my-task-is-to-create-even-better-working-conditions-for-you\/#primaryimage","url":"https:\/\/www.morh.hr\/wp-content\/uploads\/2024\/03\/2024-03-04-madarska-posjet-mo-en.jpg","contentUrl":"https:\/\/www.morh.hr\/wp-content\/uploads\/2024\/03\/2024-03-04-madarska-posjet-mo-en.jpg","width":2400,"height":1600,"caption":"Photo: MOD\/ F. Klen"},{"@type":"BreadcrumbList","@id":"https:\/\/www.morh.hr\/en\/minister-anusic-to-members-of-the-croatian-contingent-in-hungary-my-task-is-to-create-even-better-working-conditions-for-you\/#breadcrumb","itemListElement":[{"@type":"ListItem","position":1,"name":"Naslovnica","item":"https:\/\/www.morh.hr\/en\/"},{"@type":"ListItem","position":2,"name":"News","item":"https:\/\/www.morh.hr\/en\/kategorija\/news\/"},{"@type":"ListItem","position":3,"name":"Press releases","item":"https:\/\/www.morh.hr\/en\/kategorija\/news\/press-releases\/"},{"@type":"ListItem","position":4,"name":"Minister Anu\u0161i\u0107 to members of the Croatian contingent in Hungary: My task is to create even better working conditions for you"}]},{"@type":"WebSite","@id":"https:\/\/www.morh.hr\/en\/#website","url":"https:\/\/www.morh.hr\/en\/","name":"MORH","description":"Ministarstvo obrane Republike Hrvatske - slu\u017ebene stranice","potentialAction":[{"@type":"SearchAction","target":{"@type":"EntryPoint","urlTemplate":"https:\/\/www.morh.hr\/en\/?s={search_term_string}"},"query-input":{"@type":"PropertyValueSpecification","valueRequired":true,"valueName":"search_term_string"}}],"inLanguage":"en-US"},{"@type":"Person","@id":"https:\/\/www.morh.hr\/en\/#\/schema\/person\/2d72e03399043d9513ab6bec75f2ce27","name":"Drazen","image":{"@type":"ImageObject","inLanguage":"en-US","@id":"https:\/\/www.morh.hr\/en\/#\/schema\/person\/image\/","url":"https:\/\/secure.gravatar.com\/avatar\/e36ef7e573425ae72988c73df868c1e87a656b0e005ca4fd7d30d2ba7e49c9cf?s=96&d=mm&r=g","contentUrl":"https:\/\/secure.gravatar.com\/avatar\/e36ef7e573425ae72988c73df868c1e87a656b0e005ca4fd7d30d2ba7e49c9cf?s=96&d=mm&r=g","caption":"Drazen"}}]}},"_links":{"self":[{"href":"https:\/\/www.morh.hr\/en\/wp-json\/wp\/v2\/posts\/233967","targetHints":{"allow":["GET"]}}],"collection":[{"href":"https:\/\/www.morh.hr\/en\/wp-json\/wp\/v2\/posts"}],"about":[{"href":"https:\/\/www.morh.hr\/en\/wp-json\/wp\/v2\/types\/post"}],"author":[{"embeddable":true,"href":"https:\/\/www.morh.hr\/en\/wp-json\/wp\/v2\/users\/3"}],"replies":[{"embeddable":true,"href":"https:\/\/www.morh.hr\/en\/wp-json\/wp\/v2\/comments?post=233967"}],"version-history":[{"count":0,"href":"https:\/\/www.morh.hr\/en\/wp-json\/wp\/v2\/posts\/233967\/revisions"}],"wp:featuredmedia":[{"embeddable":true,"href":"https:\/\/www.morh.hr\/en\/wp-json\/wp\/v2\/media\/233969"}],"wp:attachment":[{"href":"https:\/\/www.morh.hr\/en\/wp-json\/wp\/v2\/media?parent=233967"}],"wp:term":[{"taxonomy":"category","embeddable":true,"href":"https:\/\/www.morh.hr\/en\/wp-json\/wp\/v2\/categories?post=233967"},{"taxonomy":"post_tag","embeddable":true,"href":"https:\/\/www.morh.hr\/en\/wp-json\/wp\/v2\/tags?post=233967"}],"curies":[{"name":"wp","href":"https:\/\/api.w.org\/{rel}","templated":true}]}}