{"id":248118,"date":"2024-05-01T20:13:57","date_gmt":"2024-05-01T18:13:57","guid":{"rendered":"https:\/\/www.morh.hr\/?p=248118"},"modified":"2025-11-26T15:07:36","modified_gmt":"2025-11-26T14:07:36","slug":"the-29th-anniversary-of-the-flash-military-police-operation-was-celebrated-at-okucani","status":"publish","type":"post","link":"https:\/\/www.morh.hr\/en\/the-29th-anniversary-of-the-flash-military-police-operation-was-celebrated-at-okucani\/","title":{"rendered":"The 29th anniversary of the Flash Military Police Operation was celebrated at Oku\u010dani"},"content":{"rendered":"<p>At Oku\u010dani today, 1 May 2024, with a patriotic song performed by the CAF Orchestra through the streets of Oku\u010dani, the laying of wreaths and roses on the Cubes of Serenity memorial and a reminder of all those who died, the central ceremony marking the 29th anniversary of the Flash military police operation was held.<\/p>\n<p>By an overflight over Oku\u010dani and the entire territory of the Republic of Croatia, CAiF pilots performed their first task with Rafale multirole combat aircraft as a sign of gratitude and respect for all participants. By flying over Oku\u010dani and the entire territory of the Republic of Croatia, pilots of the Croatian Air Force performed their first task with Rafale multirole combat aircraft as a sign of gratitude and respect for all the participants of the Flash military police operation, and especially for all Croatian veterans who laid down their lives for Croatian freedom and independence.<\/p>\n<p>The Prime Minister of the Republic of Croatia, Andrej Plenkovi\u0107, referred to the overflight of Rafale fighter jets, which commemorated the 29th anniversary of the Flash military police operation in a special way. &#8220;We are glad that owing to decisions of our Government, Croatian Air Force with 12 Rafale fighter jets will be able to strengthen its defence capabilities and deterrence power that we have never had before, as well as the security of Croatian skies, seas and land for the next 40 years,&#8221; he said.<\/p>\n<p>Congratulating today to all those who participated in the Flash military police operation with remembrance of those who lost their lives liberating western Slavonia, Defence Minister Ivan Anu\u0161i\u0107 said: &#8220;Today is a great day, especially for all of us who at that time were members of the Armed Forces and who participated in this action, and made the overture for an even greater military victory of the Croatian Army at that time, which was the Storm.<\/p>\n<p>Referring to young members of the Croatian Army, who today laid roses at the memorial, the Minister emphasized that this marks the victory of the Croatian story and everything that Croatia should be.<\/p>\n<p>&#8220;The goal is that young people, who were not even born then, today listen with interest to what happened, and value and respect Croatian history,&#8221; said Minister Anu\u0161i\u0107.<\/p>\n<p><iframe loading=\"lazy\" title=\"U Oku\u010danima obilje\u017eena 29. obljetnica VRO Bljesak\" width=\"868\" height=\"488\" src=\"https:\/\/www.youtube.com\/embed\/iJTfFCgBEkY?wmode=transparent&amp;rel=0&amp;feature=oembed\" frameborder=\"0\" allow=\"accelerometer; autoplay; clipboard-write; encrypted-media; gyroscope; picture-in-picture; web-share\" referrerpolicy=\"strict-origin-when-cross-origin\" allowfullscreen><\/iframe><\/p>\n<p>On the first official flight of Rafale fighter aircraft, he said that he was extremely proud because the Croatian Armed Forces bought the 4th and 5th generation fighter jets for the first time after 35 years, which can compete with all other fighter jets in the world.<\/p>\n<p>&#8220;Stronger and more powerful Armed Forces are our priority, and with this we are not only strengthening the Croatian Air Force, but everything that is part of the Armed Forces,&#8221; said the Minister.<\/p>\n<p>The Minister of Croatian Veterans, Tomo Medved, said that this meeting was extremely important and thanked all the veterans who participated in the Flash MPO with the memory of those who, during the liberation of Western Slavonia, gave their lives on the altar of their Homeland. &#8220;You veterans are still today an inspiration to us and our Government, and with your courage, determination and self-sacrifice you are a guide to our people and our society. That is why even today our Homeland remembers those glorious days of pride and glory when we defended and protected our Homeland&#8221; Minister Medved pointed out.<\/p>\n<p>The Deputy Prime Minister of the Republic of Croatia and Minister of Defence Ivan Anu\u0161i\u0107 in the delegation of the Government of the Republic of Croatia led by Prime Minister Andrej Plenkovi\u0107, which also included the Deputy Prime Ministers of the Government and the Ministers of Croatian Veterans and Internal Affairs, Tomo Medved and Davor Bo\u017einovi\u0107 laid wreaths and paid tribute to the fallen veterans in the Flash military police operation.<\/p>\n<p>Veterans Minister Tomo Medved opened sport games for Croatian veterans organized by the Association of Homeland War Veterans of Brodsko-Posavina County.<\/p>\n<p>Cadets of the Croatian Army and participants of the Police Academy of the Ministry of the Interior of the Republic of Croatia laid roses on the memorial.<\/p>\n<p>At the central ceremony, the military ordinary in the Republic of Croatia, Monsignor Jure Bogdan, led the prayer for all the dead, deceased and missing Croatian veterans in the Homeland War.<\/p>\n<p>Memorial mass for all fallen Croatian veterans and civilian victims in the church of St. Vid was led by Monsignor Antun \u0160kvor\u010devi\u0107.<\/p>\n<p>As part of the all-day program at Oku\u010dani, a tactical-technical assembly of weapons and combat and non-combat techniques and equipment was held, as well as a presentation of the military and police calling.<br \/>\nThe celebration of the 29th anniversary of the Flash military police operation was attended by the Speaker of the Croatian Parliament Gordan Jandrokovi\u0107 and his delegation, the President of the Republic of Croatia and the Commander-in-Chief of the Croatian Armed Forces Zoran Milanovi\u0107 with a delegation of the Croatian Armed Forces and the Chief of the CAF General Staff LTG Tihomir Kundid, the families of the killed, missing and deceased Croatian veterans and the war commanders of the units who participated in Flash military police operation and representatives of the associations from the Homeland War and delegation of the counties, cities and municipalities.<\/p>\n<p>Let us remind you that Operation Flash began on 1 May 1995 at 5:21 a.m., on a front line about 80 kilometres long. Strong strikes by Croatian military and police forces cut through the occupied area of western Slavonia, the resistance of enemy forces was broken and Jasenovac, Oku\u010dani and Stara Gradi\u0161ka were liberated. In less than 32 hours, on 1 and 2 May 1995, Croatian forces liberated about 500 square kilometres of the previously occupied Western Slavonic territory and established control over the Zagreb-Lipovac highway and the railway line to Eastern Slavonia. About 7,200 Croatian soldiers and policemen participated in the military-police operation Flash. 51 Croatian veterans were killed or died as a result of injuries, and 162 veterans were wounded.<br \/>\n<div class=\"morh-galleria\"><a href=\"https:\/\/live.staticflickr.com\/65535\/53691643600_b146f19caa_h.jpg\" title=\"U Oku\u010danima obilje\u017eena 29. obljetnica VRO Bljesak\"><img decoding=\"async\" data-title=\"U Oku\u010danima obilje\u017eena 29. obljetnica VRO Bljesak\" data-description=\"U Oku\u010danima je danas 1. svibnja 2024., uz budnicu Orkestra OSRH ulicama Oku\u010dana, polaganje vijenaca i ru\u017ea na spomen-obilje\u017eje 'Kocke vedrine' i podsje\u0107anje na sve poginule odr\u017eana sredi\u0161nja sve\u010danost obilje\u017eavanja 29. obljetnice vojno-redarstvene operacije Bljesak | Foto: MORH\/ F. Klen\" alt=\"U Oku\u010danima obilje\u017eena 29. obljetnica VRO Bljesak\" src=\"https:\/\/live.staticflickr.com\/65535\/53691643600_b146f19caa_h.jpg\" data-layer=\"&lt;div class=&#039;morh-gallery-image-download&#039;&gt;&lt;a href=&#039;https:\/\/live.staticflickr.com\/65535\/53691643600_f503ffb6ba_o.jpg&#039; target=&#039;_blank&#039;&gt;Slika za preuzimanje&lt;\/a&gt;&lt;\/div&gt;\" \/><\/a><a href=\"https:\/\/live.staticflickr.com\/65535\/53691643765_5d7bf4e729_h.jpg\" title=\"U Oku\u010danima obilje\u017eena 29. obljetnica VRO Bljesak\"><img decoding=\"async\" data-title=\"U Oku\u010danima obilje\u017eena 29. obljetnica VRO Bljesak\" data-description=\"U Oku\u010danima je danas 1. svibnja 2024., uz budnicu Orkestra OSRH ulicama Oku\u010dana, polaganje vijenaca i ru\u017ea na spomen-obilje\u017eje 'Kocke vedrine' i podsje\u0107anje na sve poginule odr\u017eana sredi\u0161nja sve\u010danost obilje\u017eavanja 29. obljetnice vojno-redarstvene operacije Bljesak | Foto: MORH\/ F. Klen\" alt=\"U Oku\u010danima obilje\u017eena 29. obljetnica VRO Bljesak\" src=\"https:\/\/live.staticflickr.com\/65535\/53691643765_5d7bf4e729_h.jpg\" data-layer=\"&lt;div class=&#039;morh-gallery-image-download&#039;&gt;&lt;a href=&#039;https:\/\/live.staticflickr.com\/65535\/53691643765_375318d0bd_o.jpg&#039; target=&#039;_blank&#039;&gt;Slika za preuzimanje&lt;\/a&gt;&lt;\/div&gt;\" \/><\/a><a href=\"https:\/\/live.staticflickr.com\/65535\/53690321477_a1e02921ba_h.jpg\" title=\"U Oku\u010danima obilje\u017eena 29. obljetnica VRO Bljesak\"><img decoding=\"async\" data-title=\"U Oku\u010danima obilje\u017eena 29. obljetnica VRO Bljesak\" data-description=\"U Oku\u010danima je danas 1. svibnja 2024., uz budnicu Orkestra OSRH ulicama Oku\u010dana, polaganje vijenaca i ru\u017ea na spomen-obilje\u017eje 'Kocke vedrine' i podsje\u0107anje na sve poginule odr\u017eana sredi\u0161nja sve\u010danost obilje\u017eavanja 29. obljetnice vojno-redarstvene operacije Bljesak | Foto: MORH\/ F. Klen\" alt=\"U Oku\u010danima obilje\u017eena 29. obljetnica VRO Bljesak\" src=\"https:\/\/live.staticflickr.com\/65535\/53690321477_a1e02921ba_h.jpg\" data-layer=\"&lt;div class=&#039;morh-gallery-image-download&#039;&gt;&lt;a href=&#039;https:\/\/live.staticflickr.com\/65535\/53690321477_3dd286562c_o.jpg&#039; target=&#039;_blank&#039;&gt;Slika za preuzimanje&lt;\/a&gt;&lt;\/div&gt;\" \/><\/a><a href=\"https:\/\/live.staticflickr.com\/65535\/53691556919_fb2d418171_h.jpg\" title=\"U Oku\u010danima obilje\u017eena 29. obljetnica VRO Bljesak\"><img decoding=\"async\" data-title=\"U Oku\u010danima obilje\u017eena 29. obljetnica VRO Bljesak\" data-description=\"U Oku\u010danima je danas 1. svibnja 2024., uz budnicu Orkestra OSRH ulicama Oku\u010dana, polaganje vijenaca i ru\u017ea na spomen-obilje\u017eje 'Kocke vedrine' i podsje\u0107anje na sve poginule odr\u017eana sredi\u0161nja sve\u010danost obilje\u017eavanja 29. obljetnice vojno-redarstvene operacije Bljesak | Foto: MORH\/ F. Klen\" alt=\"U Oku\u010danima obilje\u017eena 29. obljetnica VRO Bljesak\" src=\"https:\/\/live.staticflickr.com\/65535\/53691556919_fb2d418171_h.jpg\" data-layer=\"&lt;div class=&#039;morh-gallery-image-download&#039;&gt;&lt;a href=&#039;https:\/\/live.staticflickr.com\/65535\/53691556919_e701da5472_o.jpg&#039; target=&#039;_blank&#039;&gt;Slika za preuzimanje&lt;\/a&gt;&lt;\/div&gt;\" \/><\/a><a href=\"https:\/\/live.staticflickr.com\/65535\/53691556964_3a9a4c9902_h.jpg\" title=\"U Oku\u010danima obilje\u017eena 29. obljetnica VRO Bljesak\"><img decoding=\"async\" data-title=\"U Oku\u010danima obilje\u017eena 29. obljetnica VRO Bljesak\" data-description=\"U Oku\u010danima je danas 1. svibnja 2024., uz budnicu Orkestra OSRH ulicama Oku\u010dana, polaganje vijenaca i ru\u017ea na spomen-obilje\u017eje 'Kocke vedrine' i podsje\u0107anje na sve poginule odr\u017eana sredi\u0161nja sve\u010danost obilje\u017eavanja 29. obljetnice vojno-redarstvene operacije Bljesak | Foto: MORH\/ F. Klen\" alt=\"U Oku\u010danima obilje\u017eena 29. obljetnica VRO Bljesak\" src=\"https:\/\/live.staticflickr.com\/65535\/53691556964_3a9a4c9902_h.jpg\" data-layer=\"&lt;div class=&#039;morh-gallery-image-download&#039;&gt;&lt;a href=&#039;https:\/\/live.staticflickr.com\/65535\/53691556964_8b3446f91e_o.jpg&#039; target=&#039;_blank&#039;&gt;Slika za preuzimanje&lt;\/a&gt;&lt;\/div&gt;\" \/><\/a><a href=\"https:\/\/live.staticflickr.com\/65535\/53691556979_f7436ef2d3_h.jpg\" title=\"U Oku\u010danima obilje\u017eena 29. obljetnica VRO Bljesak\"><img decoding=\"async\" data-title=\"U Oku\u010danima obilje\u017eena 29. obljetnica VRO Bljesak\" data-description=\"U Oku\u010danima je danas 1. svibnja 2024., uz budnicu Orkestra OSRH ulicama Oku\u010dana, polaganje vijenaca i ru\u017ea na spomen-obilje\u017eje 'Kocke vedrine' i podsje\u0107anje na sve poginule odr\u017eana sredi\u0161nja sve\u010danost obilje\u017eavanja 29. obljetnice vojno-redarstvene operacije Bljesak | Foto: MORH\/ F. Klen\" alt=\"U Oku\u010danima obilje\u017eena 29. obljetnica VRO Bljesak\" src=\"https:\/\/live.staticflickr.com\/65535\/53691556979_f7436ef2d3_h.jpg\" data-layer=\"&lt;div class=&#039;morh-gallery-image-download&#039;&gt;&lt;a href=&#039;https:\/\/live.staticflickr.com\/65535\/53691556979_53dee08723_o.jpg&#039; target=&#039;_blank&#039;&gt;Slika za preuzimanje&lt;\/a&gt;&lt;\/div&gt;\" \/><\/a><a href=\"https:\/\/live.staticflickr.com\/65535\/53691556984_5a19e82e61_h.jpg\" title=\"U Oku\u010danima obilje\u017eena 29. obljetnica VRO Bljesak\"><img decoding=\"async\" data-title=\"U Oku\u010danima obilje\u017eena 29. obljetnica VRO Bljesak\" data-description=\"U Oku\u010danima je danas 1. svibnja 2024., uz budnicu Orkestra OSRH ulicama Oku\u010dana, polaganje vijenaca i ru\u017ea na spomen-obilje\u017eje 'Kocke vedrine' i podsje\u0107anje na sve poginule odr\u017eana sredi\u0161nja sve\u010danost obilje\u017eavanja 29. obljetnice vojno-redarstvene operacije Bljesak | Foto: MORH\/ F. Klen\" alt=\"U Oku\u010danima obilje\u017eena 29. obljetnica VRO Bljesak\" src=\"https:\/\/live.staticflickr.com\/65535\/53691556984_5a19e82e61_h.jpg\" data-layer=\"&lt;div class=&#039;morh-gallery-image-download&#039;&gt;&lt;a href=&#039;https:\/\/live.staticflickr.com\/65535\/53691556984_387c70e815_o.jpg&#039; target=&#039;_blank&#039;&gt;Slika za preuzimanje&lt;\/a&gt;&lt;\/div&gt;\" \/><\/a><a href=\"https:\/\/live.staticflickr.com\/65535\/53691643720_79dd338001_h.jpg\" title=\"U Oku\u010danima obilje\u017eena 29. obljetnica VRO Bljesak\"><img decoding=\"async\" data-title=\"U Oku\u010danima obilje\u017eena 29. obljetnica VRO Bljesak\" data-description=\"U Oku\u010danima je danas 1. svibnja 2024., uz budnicu Orkestra OSRH ulicama Oku\u010dana, polaganje vijenaca i ru\u017ea na spomen-obilje\u017eje 'Kocke vedrine' i podsje\u0107anje na sve poginule odr\u017eana sredi\u0161nja sve\u010danost obilje\u017eavanja 29. obljetnice vojno-redarstvene operacije Bljesak | Foto: MORH\/ F. Klen\" alt=\"U Oku\u010danima obilje\u017eena 29. obljetnica VRO Bljesak\" src=\"https:\/\/live.staticflickr.com\/65535\/53691643720_79dd338001_h.jpg\" data-layer=\"&lt;div class=&#039;morh-gallery-image-download&#039;&gt;&lt;a href=&#039;https:\/\/live.staticflickr.com\/65535\/53691643720_3c773be0d2_o.jpg&#039; target=&#039;_blank&#039;&gt;Slika za preuzimanje&lt;\/a&gt;&lt;\/div&gt;\" \/><\/a><a href=\"https:\/\/live.staticflickr.com\/65535\/53691556844_f0be6fa07a_h.jpg\" title=\"U Oku\u010danima obilje\u017eena 29. obljetnica VRO Bljesak\"><img decoding=\"async\" data-title=\"U Oku\u010danima obilje\u017eena 29. obljetnica VRO Bljesak\" data-description=\"U Oku\u010danima je danas 1. svibnja 2024., uz budnicu Orkestra OSRH ulicama Oku\u010dana, polaganje vijenaca i ru\u017ea na spomen-obilje\u017eje 'Kocke vedrine' i podsje\u0107anje na sve poginule odr\u017eana sredi\u0161nja sve\u010danost obilje\u017eavanja 29. obljetnice vojno-redarstvene operacije Bljesak | Foto: MORH\/ F. Klen\" alt=\"U Oku\u010danima obilje\u017eena 29. obljetnica VRO Bljesak\" src=\"https:\/\/live.staticflickr.com\/65535\/53691556844_f0be6fa07a_h.jpg\" data-layer=\"&lt;div class=&#039;morh-gallery-image-download&#039;&gt;&lt;a href=&#039;https:\/\/live.staticflickr.com\/65535\/53691556844_bdd2d4862c_o.jpg&#039; target=&#039;_blank&#039;&gt;Slika za preuzimanje&lt;\/a&gt;&lt;\/div&gt;\" \/><\/a><a href=\"https:\/\/live.staticflickr.com\/65535\/53691203221_d3d5b7c14b_h.jpg\" title=\"U Oku\u010danima obilje\u017eena 29. obljetnica VRO Bljesak\"><img decoding=\"async\" data-title=\"U Oku\u010danima obilje\u017eena 29. obljetnica VRO Bljesak\" data-description=\"U Oku\u010danima je danas 1. svibnja 2024., uz budnicu Orkestra OSRH ulicama Oku\u010dana, polaganje vijenaca i ru\u017ea na spomen-obilje\u017eje 'Kocke vedrine' i podsje\u0107anje na sve poginule odr\u017eana sredi\u0161nja sve\u010danost obilje\u017eavanja 29. obljetnice vojno-redarstvene operacije Bljesak | Foto: MORH\/ F. Klen\" alt=\"U Oku\u010danima obilje\u017eena 29. obljetnica VRO Bljesak\" src=\"https:\/\/live.staticflickr.com\/65535\/53691203221_d3d5b7c14b_h.jpg\" data-layer=\"&lt;div class=&#039;morh-gallery-image-download&#039;&gt;&lt;a href=&#039;https:\/\/live.staticflickr.com\/65535\/53691203221_4fc382f659_o.jpg&#039; target=&#039;_blank&#039;&gt;Slika za preuzimanje&lt;\/a&gt;&lt;\/div&gt;\" \/><\/a><a href=\"https:\/\/live.staticflickr.com\/65535\/53691556779_20d3eaeae2_h.jpg\" title=\"U Oku\u010danima obilje\u017eena 29. obljetnica VRO Bljesak\"><img decoding=\"async\" data-title=\"U Oku\u010danima obilje\u017eena 29. obljetnica VRO Bljesak\" data-description=\"U Oku\u010danima je danas 1. svibnja 2024., uz budnicu Orkestra OSRH ulicama Oku\u010dana, polaganje vijenaca i ru\u017ea na spomen-obilje\u017eje 'Kocke vedrine' i podsje\u0107anje na sve poginule odr\u017eana sredi\u0161nja sve\u010danost obilje\u017eavanja 29. obljetnice vojno-redarstvene operacije Bljesak | Foto: MORH\/ F. Klen\" alt=\"U Oku\u010danima obilje\u017eena 29. obljetnica VRO Bljesak\" src=\"https:\/\/live.staticflickr.com\/65535\/53691556779_20d3eaeae2_h.jpg\" data-layer=\"&lt;div class=&#039;morh-gallery-image-download&#039;&gt;&lt;a href=&#039;https:\/\/live.staticflickr.com\/65535\/53691556779_2d5cbdf9b8_o.jpg&#039; target=&#039;_blank&#039;&gt;Slika za preuzimanje&lt;\/a&gt;&lt;\/div&gt;\" \/><\/a><a href=\"https:\/\/live.staticflickr.com\/65535\/53691556774_f75ac28d2f_h.jpg\" title=\"U Oku\u010danima obilje\u017eena 29. obljetnica VRO Bljesak\"><img decoding=\"async\" data-title=\"U Oku\u010danima obilje\u017eena 29. obljetnica VRO Bljesak\" data-description=\"U Oku\u010danima je danas 1. svibnja 2024., uz budnicu Orkestra OSRH ulicama Oku\u010dana, polaganje vijenaca i ru\u017ea na spomen-obilje\u017eje 'Kocke vedrine' i podsje\u0107anje na sve poginule odr\u017eana sredi\u0161nja sve\u010danost obilje\u017eavanja 29. obljetnice vojno-redarstvene operacije Bljesak | Foto: MORH\/ F. Klen\" alt=\"U Oku\u010danima obilje\u017eena 29. obljetnica VRO Bljesak\" src=\"https:\/\/live.staticflickr.com\/65535\/53691556774_f75ac28d2f_h.jpg\" data-layer=\"&lt;div class=&#039;morh-gallery-image-download&#039;&gt;&lt;a href=&#039;https:\/\/live.staticflickr.com\/65535\/53691556774_971741c700_o.jpg&#039; target=&#039;_blank&#039;&gt;Slika za preuzimanje&lt;\/a&gt;&lt;\/div&gt;\" \/><\/a><a href=\"https:\/\/live.staticflickr.com\/65535\/53690321367_025e98b2f3_h.jpg\" title=\"U Oku\u010danima obilje\u017eena 29. obljetnica VRO Bljesak\"><img decoding=\"async\" data-title=\"U Oku\u010danima obilje\u017eena 29. obljetnica VRO Bljesak\" data-description=\"U Oku\u010danima je danas 1. svibnja 2024., uz budnicu Orkestra OSRH ulicama Oku\u010dana, polaganje vijenaca i ru\u017ea na spomen-obilje\u017eje 'Kocke vedrine' i podsje\u0107anje na sve poginule odr\u017eana sredi\u0161nja sve\u010danost obilje\u017eavanja 29. obljetnice vojno-redarstvene operacije Bljesak | Foto: MORH\/ F. Klen\" alt=\"U Oku\u010danima obilje\u017eena 29. obljetnica VRO Bljesak\" src=\"https:\/\/live.staticflickr.com\/65535\/53690321367_025e98b2f3_h.jpg\" data-layer=\"&lt;div class=&#039;morh-gallery-image-download&#039;&gt;&lt;a href=&#039;https:\/\/live.staticflickr.com\/65535\/53690321367_f629884a8c_o.jpg&#039; target=&#039;_blank&#039;&gt;Slika za preuzimanje&lt;\/a&gt;&lt;\/div&gt;\" \/><\/a><a href=\"https:\/\/live.staticflickr.com\/65535\/53691203171_6ff794ba91_h.jpg\" title=\"U Oku\u010danima obilje\u017eena 29. obljetnica VRO Bljesak\"><img decoding=\"async\" data-title=\"U Oku\u010danima obilje\u017eena 29. obljetnica VRO Bljesak\" data-description=\"U Oku\u010danima je danas 1. svibnja 2024., uz budnicu Orkestra OSRH ulicama Oku\u010dana, polaganje vijenaca i ru\u017ea na spomen-obilje\u017eje 'Kocke vedrine' i podsje\u0107anje na sve poginule odr\u017eana sredi\u0161nja sve\u010danost obilje\u017eavanja 29. obljetnice vojno-redarstvene operacije Bljesak | Foto: MORH\/ F. Klen\" alt=\"U Oku\u010danima obilje\u017eena 29. obljetnica VRO Bljesak\" src=\"https:\/\/live.staticflickr.com\/65535\/53691203171_6ff794ba91_h.jpg\" data-layer=\"&lt;div class=&#039;morh-gallery-image-download&#039;&gt;&lt;a href=&#039;https:\/\/live.staticflickr.com\/65535\/53691203171_cba502cccc_o.jpg&#039; target=&#039;_blank&#039;&gt;Slika za preuzimanje&lt;\/a&gt;&lt;\/div&gt;\" \/><\/a><a href=\"https:\/\/live.staticflickr.com\/65535\/53691203126_f3ab10f637_h.jpg\" title=\"U Oku\u010danima obilje\u017eena 29. obljetnica VRO Bljesak\"><img decoding=\"async\" data-title=\"U Oku\u010danima obilje\u017eena 29. obljetnica VRO Bljesak\" data-description=\"U Oku\u010danima je danas 1. svibnja 2024., uz budnicu Orkestra OSRH ulicama Oku\u010dana, polaganje vijenaca i ru\u017ea na spomen-obilje\u017eje 'Kocke vedrine' i podsje\u0107anje na sve poginule odr\u017eana sredi\u0161nja sve\u010danost obilje\u017eavanja 29. obljetnice vojno-redarstvene operacije Bljesak | Foto: MORH\/ F. Klen\" alt=\"U Oku\u010danima obilje\u017eena 29. obljetnica VRO Bljesak\" src=\"https:\/\/live.staticflickr.com\/65535\/53691203126_f3ab10f637_h.jpg\" data-layer=\"&lt;div class=&#039;morh-gallery-image-download&#039;&gt;&lt;a href=&#039;https:\/\/live.staticflickr.com\/65535\/53691203126_08fcd7d1cf_o.jpg&#039; target=&#039;_blank&#039;&gt;Slika za preuzimanje&lt;\/a&gt;&lt;\/div&gt;\" \/><\/a><a href=\"https:\/\/live.staticflickr.com\/65535\/53691556694_ff80fb8e5b_h.jpg\" title=\"U Oku\u010danima obilje\u017eena 29. obljetnica VRO Bljesak\"><img decoding=\"async\" data-title=\"U Oku\u010danima obilje\u017eena 29. obljetnica VRO Bljesak\" data-description=\"U Oku\u010danima je danas 1. svibnja 2024., uz budnicu Orkestra OSRH ulicama Oku\u010dana, polaganje vijenaca i ru\u017ea na spomen-obilje\u017eje 'Kocke vedrine' i podsje\u0107anje na sve poginule odr\u017eana sredi\u0161nja sve\u010danost obilje\u017eavanja 29. obljetnice vojno-redarstvene operacije Bljesak | Foto: MORH\/ F. Klen\" alt=\"U Oku\u010danima obilje\u017eena 29. obljetnica VRO Bljesak\" src=\"https:\/\/live.staticflickr.com\/65535\/53691556694_ff80fb8e5b_h.jpg\" data-layer=\"&lt;div class=&#039;morh-gallery-image-download&#039;&gt;&lt;a href=&#039;https:\/\/live.staticflickr.com\/65535\/53691556694_8eea4de932_o.jpg&#039; target=&#039;_blank&#039;&gt;Slika za preuzimanje&lt;\/a&gt;&lt;\/div&gt;\" \/><\/a><a href=\"https:\/\/live.staticflickr.com\/65535\/53691556689_7b1fb2645b_h.jpg\" title=\"U Oku\u010danima obilje\u017eena 29. obljetnica VRO Bljesak\"><img decoding=\"async\" data-title=\"U Oku\u010danima obilje\u017eena 29. obljetnica VRO Bljesak\" data-description=\"U Oku\u010danima je danas 1. svibnja 2024., uz budnicu Orkestra OSRH ulicama Oku\u010dana, polaganje vijenaca i ru\u017ea na spomen-obilje\u017eje 'Kocke vedrine' i podsje\u0107anje na sve poginule odr\u017eana sredi\u0161nja sve\u010danost obilje\u017eavanja 29. obljetnice vojno-redarstvene operacije Bljesak | Foto: MORH\/ F. Klen\" alt=\"U Oku\u010danima obilje\u017eena 29. obljetnica VRO Bljesak\" src=\"https:\/\/live.staticflickr.com\/65535\/53691556689_7b1fb2645b_h.jpg\" data-layer=\"&lt;div class=&#039;morh-gallery-image-download&#039;&gt;&lt;a href=&#039;https:\/\/live.staticflickr.com\/65535\/53691556689_e33a27a38f_o.jpg&#039; target=&#039;_blank&#039;&gt;Slika za preuzimanje&lt;\/a&gt;&lt;\/div&gt;\" \/><\/a><a href=\"https:\/\/live.staticflickr.com\/65535\/53691324211_98da2ac38a_h.jpg\" title=\"U Oku\u010danima obilje\u017eena 29. obljetnica VRO Bljesak\"><img decoding=\"async\" data-title=\"U Oku\u010danima obilje\u017eena 29. obljetnica VRO Bljesak\" data-description=\"U Oku\u010danima je danas 1. svibnja 2024., uz budnicu Orkestra OSRH ulicama Oku\u010dana, polaganje vijenaca i ru\u017ea na spomen-obilje\u017eje 'Kocke vedrine' i podsje\u0107anje na sve poginule odr\u017eana sredi\u0161nja sve\u010danost obilje\u017eavanja 29. obljetnice vojno-redarstvene operacije Bljesak | Foto: MORH\/ F. Klen\" alt=\"U Oku\u010danima obilje\u017eena 29. obljetnica VRO Bljesak\" src=\"https:\/\/live.staticflickr.com\/65535\/53691324211_98da2ac38a_h.jpg\" data-layer=\"&lt;div class=&#039;morh-gallery-image-download&#039;&gt;&lt;a href=&#039;https:\/\/live.staticflickr.com\/65535\/53691324211_5fb2cec000_o.jpg&#039; target=&#039;_blank&#039;&gt;Slika za preuzimanje&lt;\/a&gt;&lt;\/div&gt;\" \/><\/a><a href=\"https:\/\/live.staticflickr.com\/65535\/53690321177_0676e973b0_h.jpg\" title=\"U Oku\u010danima obilje\u017eena 29. obljetnica VRO Bljesak\"><img decoding=\"async\" data-title=\"U Oku\u010danima obilje\u017eena 29. obljetnica VRO Bljesak\" data-description=\"U Oku\u010danima je danas 1. svibnja 2024., uz budnicu Orkestra OSRH ulicama Oku\u010dana, polaganje vijenaca i ru\u017ea na spomen-obilje\u017eje 'Kocke vedrine' i podsje\u0107anje na sve poginule odr\u017eana sredi\u0161nja sve\u010danost obilje\u017eavanja 29. obljetnice vojno-redarstvene operacije Bljesak | Foto: MORH\/ F. Klen\" alt=\"U Oku\u010danima obilje\u017eena 29. obljetnica VRO Bljesak\" src=\"https:\/\/live.staticflickr.com\/65535\/53690321177_0676e973b0_h.jpg\" data-layer=\"&lt;div class=&#039;morh-gallery-image-download&#039;&gt;&lt;a href=&#039;https:\/\/live.staticflickr.com\/65535\/53690321177_cdfe220ff2_o.jpg&#039; target=&#039;_blank&#039;&gt;Slika za preuzimanje&lt;\/a&gt;&lt;\/div&gt;\" \/><\/a><a href=\"https:\/\/live.staticflickr.com\/65535\/53690321432_06b84c42d3_h.jpg\" title=\"U Oku\u010danima obilje\u017eena 29. obljetnica VRO Bljesak\"><img decoding=\"async\" data-title=\"U Oku\u010danima obilje\u017eena 29. obljetnica VRO Bljesak\" data-description=\"U Oku\u010danima je danas 1. svibnja 2024., uz budnicu Orkestra OSRH ulicama Oku\u010dana, polaganje vijenaca i ru\u017ea na spomen-obilje\u017eje 'Kocke vedrine' i podsje\u0107anje na sve poginule odr\u017eana sredi\u0161nja sve\u010danost obilje\u017eavanja 29. obljetnice vojno-redarstvene operacije Bljesak | Foto: MORH\/ F. Klen\" alt=\"U Oku\u010danima obilje\u017eena 29. obljetnica VRO Bljesak\" src=\"https:\/\/live.staticflickr.com\/65535\/53690321432_06b84c42d3_h.jpg\" data-layer=\"&lt;div class=&#039;morh-gallery-image-download&#039;&gt;&lt;a href=&#039;https:\/\/live.staticflickr.com\/65535\/53690321432_4630dc7645_o.jpg&#039; target=&#039;_blank&#039;&gt;Slika za preuzimanje&lt;\/a&gt;&lt;\/div&gt;\" \/><\/a><a href=\"https:\/\/live.staticflickr.com\/65535\/53691643850_3b270ebb18_h.jpg\" title=\"U Oku\u010danima obilje\u017eena 29. obljetnica VRO Bljesak\"><img decoding=\"async\" data-title=\"U Oku\u010danima obilje\u017eena 29. obljetnica VRO Bljesak\" data-description=\"U Oku\u010danima je danas 1. svibnja 2024., uz budnicu Orkestra OSRH ulicama Oku\u010dana, polaganje vijenaca i ru\u017ea na spomen-obilje\u017eje 'Kocke vedrine' i podsje\u0107anje na sve poginule odr\u017eana sredi\u0161nja sve\u010danost obilje\u017eavanja 29. obljetnice vojno-redarstvene operacije Bljesak | Foto: MORH\/ F. Klen\" alt=\"U Oku\u010danima obilje\u017eena 29. obljetnica VRO Bljesak\" src=\"https:\/\/live.staticflickr.com\/65535\/53691643850_3b270ebb18_h.jpg\" data-layer=\"&lt;div class=&#039;morh-gallery-image-download&#039;&gt;&lt;a href=&#039;https:\/\/live.staticflickr.com\/65535\/53691643850_71e0393375_o.jpg&#039; target=&#039;_blank&#039;&gt;Slika za preuzimanje&lt;\/a&gt;&lt;\/div&gt;\" \/><\/a><a href=\"https:\/\/live.staticflickr.com\/65535\/53691643535_3513e05f72_h.jpg\" title=\"U Oku\u010danima obilje\u017eena 29. obljetnica VRO Bljesak\"><img decoding=\"async\" data-title=\"U Oku\u010danima obilje\u017eena 29. obljetnica VRO Bljesak\" data-description=\"U Oku\u010danima je danas 1. svibnja 2024., uz budnicu Orkestra OSRH ulicama Oku\u010dana, polaganje vijenaca i ru\u017ea na spomen-obilje\u017eje 'Kocke vedrine' i podsje\u0107anje na sve poginule odr\u017eana sredi\u0161nja sve\u010danost obilje\u017eavanja 29. obljetnice vojno-redarstvene operacije Bljesak | Foto: MORH\/ F. Klen\" alt=\"U Oku\u010danima obilje\u017eena 29. obljetnica VRO Bljesak\" src=\"https:\/\/live.staticflickr.com\/65535\/53691643535_3513e05f72_h.jpg\" data-layer=\"&lt;div class=&#039;morh-gallery-image-download&#039;&gt;&lt;a href=&#039;https:\/\/live.staticflickr.com\/65535\/53691643535_5de5b367cf_o.jpg&#039; target=&#039;_blank&#039;&gt;Slika za preuzimanje&lt;\/a&gt;&lt;\/div&gt;\" \/><\/a><a href=\"https:\/\/live.staticflickr.com\/65535\/53691556644_705e718272_h.jpg\" title=\"U Oku\u010danima obilje\u017eena 29. obljetnica VRO Bljesak\"><img decoding=\"async\" data-title=\"U Oku\u010danima obilje\u017eena 29. obljetnica VRO Bljesak\" data-description=\"U Oku\u010danima je danas 1. svibnja 2024., uz budnicu Orkestra OSRH ulicama Oku\u010dana, polaganje vijenaca i ru\u017ea na spomen-obilje\u017eje 'Kocke vedrine' i podsje\u0107anje na sve poginule odr\u017eana sredi\u0161nja sve\u010danost obilje\u017eavanja 29. obljetnice vojno-redarstvene operacije Bljesak | Foto: MORH\/ F. Klen\" alt=\"U Oku\u010danima obilje\u017eena 29. obljetnica VRO Bljesak\" src=\"https:\/\/live.staticflickr.com\/65535\/53691556644_705e718272_h.jpg\" data-layer=\"&lt;div class=&#039;morh-gallery-image-download&#039;&gt;&lt;a href=&#039;https:\/\/live.staticflickr.com\/65535\/53691556644_2c5b0db14c_o.jpg&#039; target=&#039;_blank&#039;&gt;Slika za preuzimanje&lt;\/a&gt;&lt;\/div&gt;\" \/><\/a><a href=\"https:\/\/live.staticflickr.com\/65535\/53690443477_02310f0f9f_h.jpg\" title=\"U Oku\u010danima obilje\u017eena 29. obljetnica VRO Bljesak\"><img decoding=\"async\" data-title=\"U Oku\u010danima obilje\u017eena 29. obljetnica VRO Bljesak\" data-description=\"U Oku\u010danima je danas 1. svibnja 2024., uz budnicu Orkestra OSRH ulicama Oku\u010dana, polaganje vijenaca i ru\u017ea na spomen-obilje\u017eje 'Kocke vedrine' i podsje\u0107anje na sve poginule odr\u017eana sredi\u0161nja sve\u010danost obilje\u017eavanja 29. obljetnice vojno-redarstvene operacije Bljesak | Foto: MORH\/ F. Klen\" alt=\"U Oku\u010danima obilje\u017eena 29. obljetnica VRO Bljesak\" src=\"https:\/\/live.staticflickr.com\/65535\/53690443477_02310f0f9f_h.jpg\" data-layer=\"&lt;div class=&#039;morh-gallery-image-download&#039;&gt;&lt;a href=&#039;https:\/\/live.staticflickr.com\/65535\/53690443477_8009a993a3_o.jpg&#039; target=&#039;_blank&#039;&gt;Slika za preuzimanje&lt;\/a&gt;&lt;\/div&gt;\" \/><\/a><a href=\"https:\/\/live.staticflickr.com\/65535\/53691324376_c3e310e013_h.jpg\" title=\"U Oku\u010danima obilje\u017eena 29. obljetnica VRO Bljesak\"><img decoding=\"async\" data-title=\"U Oku\u010danima obilje\u017eena 29. obljetnica VRO Bljesak\" data-description=\"U Oku\u010danima je danas 1. svibnja 2024., uz budnicu Orkestra OSRH ulicama Oku\u010dana, polaganje vijenaca i ru\u017ea na spomen-obilje\u017eje 'Kocke vedrine' i podsje\u0107anje na sve poginule odr\u017eana sredi\u0161nja sve\u010danost obilje\u017eavanja 29. obljetnice vojno-redarstvene operacije Bljesak | Foto: MORH\/ F. Klen\" alt=\"U Oku\u010danima obilje\u017eena 29. obljetnica VRO Bljesak\" src=\"https:\/\/live.staticflickr.com\/65535\/53691324376_c3e310e013_h.jpg\" data-layer=\"&lt;div class=&#039;morh-gallery-image-download&#039;&gt;&lt;a href=&#039;https:\/\/live.staticflickr.com\/65535\/53691324376_4174f6ff90_o.jpg&#039; target=&#039;_blank&#039;&gt;Slika za preuzimanje&lt;\/a&gt;&lt;\/div&gt;\" \/><\/a><a href=\"https:\/\/live.staticflickr.com\/65535\/53690443517_8c41b0d9b3_h.jpg\" title=\"U Oku\u010danima obilje\u017eena 29. obljetnica VRO Bljesak\"><img decoding=\"async\" data-title=\"U Oku\u010danima obilje\u017eena 29. obljetnica VRO Bljesak\" data-description=\"U Oku\u010danima je danas 1. svibnja 2024., uz budnicu Orkestra OSRH ulicama Oku\u010dana, polaganje vijenaca i ru\u017ea na spomen-obilje\u017eje 'Kocke vedrine' i podsje\u0107anje na sve poginule odr\u017eana sredi\u0161nja sve\u010danost obilje\u017eavanja 29. obljetnice vojno-redarstvene operacije Bljesak | Foto: MORH\/ F. Klen\" alt=\"U Oku\u010danima obilje\u017eena 29. obljetnica VRO Bljesak\" src=\"https:\/\/live.staticflickr.com\/65535\/53690443517_8c41b0d9b3_h.jpg\" data-layer=\"&lt;div class=&#039;morh-gallery-image-download&#039;&gt;&lt;a href=&#039;https:\/\/live.staticflickr.com\/65535\/53690443517_d6314d6359_o.jpg&#039; target=&#039;_blank&#039;&gt;Slika za preuzimanje&lt;\/a&gt;&lt;\/div&gt;\" \/><\/a><a href=\"https:\/\/live.staticflickr.com\/65535\/53691324396_282066b0c8_h.jpg\" title=\"U Oku\u010danima obilje\u017eena 29. obljetnica VRO Bljesak\"><img decoding=\"async\" data-title=\"U Oku\u010danima obilje\u017eena 29. obljetnica VRO Bljesak\" data-description=\"U Oku\u010danima je danas 1. svibnja 2024., uz budnicu Orkestra OSRH ulicama Oku\u010dana, polaganje vijenaca i ru\u017ea na spomen-obilje\u017eje 'Kocke vedrine' i podsje\u0107anje na sve poginule odr\u017eana sredi\u0161nja sve\u010danost obilje\u017eavanja 29. obljetnice vojno-redarstvene operacije Bljesak | Foto: MORH\/ F. Klen\" alt=\"U Oku\u010danima obilje\u017eena 29. obljetnica VRO Bljesak\" src=\"https:\/\/live.staticflickr.com\/65535\/53691324396_282066b0c8_h.jpg\" data-layer=\"&lt;div class=&#039;morh-gallery-image-download&#039;&gt;&lt;a href=&#039;https:\/\/live.staticflickr.com\/65535\/53691324396_fe834aa7ff_o.jpg&#039; target=&#039;_blank&#039;&gt;Slika za preuzimanje&lt;\/a&gt;&lt;\/div&gt;\" \/><\/a><a href=\"https:\/\/live.staticflickr.com\/65535\/53691765780_be7f6a5865_h.jpg\" title=\"U Oku\u010danima obilje\u017eena 29. obljetnica VRO Bljesak\"><img decoding=\"async\" data-title=\"U Oku\u010danima obilje\u017eena 29. obljetnica VRO Bljesak\" data-description=\"U Oku\u010danima je danas 1. svibnja 2024., uz budnicu Orkestra OSRH ulicama Oku\u010dana, polaganje vijenaca i ru\u017ea na spomen-obilje\u017eje 'Kocke vedrine' i podsje\u0107anje na sve poginule odr\u017eana sredi\u0161nja sve\u010danost obilje\u017eavanja 29. obljetnice vojno-redarstvene operacije Bljesak | Foto: MORH\/ F. Klen\" alt=\"U Oku\u010danima obilje\u017eena 29. obljetnica VRO Bljesak\" src=\"https:\/\/live.staticflickr.com\/65535\/53691765780_be7f6a5865_h.jpg\" data-layer=\"&lt;div class=&#039;morh-gallery-image-download&#039;&gt;&lt;a href=&#039;https:\/\/live.staticflickr.com\/65535\/53691765780_ff8aa1c75d_o.jpg&#039; target=&#039;_blank&#039;&gt;Slika za preuzimanje&lt;\/a&gt;&lt;\/div&gt;\" \/><\/a><a href=\"https:\/\/live.staticflickr.com\/65535\/53691417803_b3b060a565_h.jpg\" title=\"U Oku\u010danima obilje\u017eena 29. obljetnica VRO Bljesak\"><img decoding=\"async\" data-title=\"U Oku\u010danima obilje\u017eena 29. obljetnica VRO Bljesak\" data-description=\"U Oku\u010danima je danas 1. svibnja 2024., uz budnicu Orkestra OSRH ulicama Oku\u010dana, polaganje vijenaca i ru\u017ea na spomen-obilje\u017eje 'Kocke vedrine' i podsje\u0107anje na sve poginule odr\u017eana sredi\u0161nja sve\u010danost obilje\u017eavanja 29. obljetnice vojno-redarstvene operacije Bljesak | Foto: MORH\/ F. Klen\" alt=\"U Oku\u010danima obilje\u017eena 29. obljetnica VRO Bljesak\" src=\"https:\/\/live.staticflickr.com\/65535\/53691417803_b3b060a565_h.jpg\" data-layer=\"&lt;div class=&#039;morh-gallery-image-download&#039;&gt;&lt;a href=&#039;https:\/\/live.staticflickr.com\/65535\/53691417803_0e6b60f845_o.jpg&#039; target=&#039;_blank&#039;&gt;Slika za preuzimanje&lt;\/a&gt;&lt;\/div&gt;\" \/><\/a><a href=\"https:\/\/live.staticflickr.com\/65535\/53691678944_71f991b944_h.jpg\" title=\"U Oku\u010danima obilje\u017eena 29. obljetnica VRO Bljesak\"><img decoding=\"async\" data-title=\"U Oku\u010danima obilje\u017eena 29. obljetnica VRO Bljesak\" data-description=\"U Oku\u010danima je danas 1. svibnja 2024., uz budnicu Orkestra OSRH ulicama Oku\u010dana, polaganje vijenaca i ru\u017ea na spomen-obilje\u017eje 'Kocke vedrine' i podsje\u0107anje na sve poginule odr\u017eana sredi\u0161nja sve\u010danost obilje\u017eavanja 29. obljetnice vojno-redarstvene operacije Bljesak | Foto: MORH\/ F. Klen\" alt=\"U Oku\u010danima obilje\u017eena 29. obljetnica VRO Bljesak\" src=\"https:\/\/live.staticflickr.com\/65535\/53691678944_71f991b944_h.jpg\" data-layer=\"&lt;div class=&#039;morh-gallery-image-download&#039;&gt;&lt;a href=&#039;https:\/\/live.staticflickr.com\/65535\/53691678944_bf81abea2b_o.jpg&#039; target=&#039;_blank&#039;&gt;Slika za preuzimanje&lt;\/a&gt;&lt;\/div&gt;\" \/><\/a><a href=\"https:\/\/live.staticflickr.com\/65535\/53691679184_9a271c7569_h.jpg\" title=\"U Oku\u010danima obilje\u017eena 29. obljetnica VRO Bljesak\"><img decoding=\"async\" data-title=\"U Oku\u010danima obilje\u017eena 29. obljetnica VRO Bljesak\" data-description=\"U Oku\u010danima je danas 1. svibnja 2024., uz budnicu Orkestra OSRH ulicama Oku\u010dana, polaganje vijenaca i ru\u017ea na spomen-obilje\u017eje 'Kocke vedrine' i podsje\u0107anje na sve poginule odr\u017eana sredi\u0161nja sve\u010danost obilje\u017eavanja 29. obljetnice vojno-redarstvene operacije Bljesak | Foto: MORH\/ F. Klen\" alt=\"U Oku\u010danima obilje\u017eena 29. obljetnica VRO Bljesak\" src=\"https:\/\/live.staticflickr.com\/65535\/53691679184_9a271c7569_h.jpg\" data-layer=\"&lt;div class=&#039;morh-gallery-image-download&#039;&gt;&lt;a href=&#039;https:\/\/live.staticflickr.com\/65535\/53691679184_ab055d146e_o.jpg&#039; target=&#039;_blank&#039;&gt;Slika za preuzimanje&lt;\/a&gt;&lt;\/div&gt;\" \/><\/a><a href=\"https:\/\/live.staticflickr.com\/65535\/53691765810_a08a5d4056_h.jpg\" title=\"U Oku\u010danima obilje\u017eena 29. obljetnica VRO Bljesak\"><img decoding=\"async\" data-title=\"U Oku\u010danima obilje\u017eena 29. obljetnica VRO Bljesak\" data-description=\"U Oku\u010danima je danas 1. svibnja 2024., uz budnicu Orkestra OSRH ulicama Oku\u010dana, polaganje vijenaca i ru\u017ea na spomen-obilje\u017eje 'Kocke vedrine' i podsje\u0107anje na sve poginule odr\u017eana sredi\u0161nja sve\u010danost obilje\u017eavanja 29. obljetnice vojno-redarstvene operacije Bljesak | Foto: MORH\/ F. Klen\" alt=\"U Oku\u010danima obilje\u017eena 29. obljetnica VRO Bljesak\" src=\"https:\/\/live.staticflickr.com\/65535\/53691765810_a08a5d4056_h.jpg\" data-layer=\"&lt;div class=&#039;morh-gallery-image-download&#039;&gt;&lt;a href=&#039;https:\/\/live.staticflickr.com\/65535\/53691765810_e740c28831_o.jpg&#039; target=&#039;_blank&#039;&gt;Slika za preuzimanje&lt;\/a&gt;&lt;\/div&gt;\" \/><\/a><a href=\"https:\/\/live.staticflickr.com\/65535\/53691679274_c05c989702_h.jpg\" title=\"U Oku\u010danima obilje\u017eena 29. obljetnica VRO Bljesak\"><img decoding=\"async\" data-title=\"U Oku\u010danima obilje\u017eena 29. obljetnica VRO Bljesak\" data-description=\"U Oku\u010danima je danas 1. svibnja 2024., uz budnicu Orkestra OSRH ulicama Oku\u010dana, polaganje vijenaca i ru\u017ea na spomen-obilje\u017eje 'Kocke vedrine' i podsje\u0107anje na sve poginule odr\u017eana sredi\u0161nja sve\u010danost obilje\u017eavanja 29. obljetnice vojno-redarstvene operacije Bljesak | Foto: MORH\/ F. Klen\" alt=\"U Oku\u010danima obilje\u017eena 29. obljetnica VRO Bljesak\" src=\"https:\/\/live.staticflickr.com\/65535\/53691679274_c05c989702_h.jpg\" data-layer=\"&lt;div class=&#039;morh-gallery-image-download&#039;&gt;&lt;a href=&#039;https:\/\/live.staticflickr.com\/65535\/53691679274_7348e27b88_o.jpg&#039; target=&#039;_blank&#039;&gt;Slika za preuzimanje&lt;\/a&gt;&lt;\/div&gt;\" \/><\/a><a href=\"https:\/\/live.staticflickr.com\/65535\/53691539663_25da5a05bb_h.jpg\" title=\"U Oku\u010danima obilje\u017eena 29. obljetnica VRO Bljesak\"><img decoding=\"async\" data-title=\"U Oku\u010danima obilje\u017eena 29. obljetnica VRO Bljesak\" data-description=\"U Oku\u010danima je danas 1. svibnja 2024., uz budnicu Orkestra OSRH ulicama Oku\u010dana, polaganje vijenaca i ru\u017ea na spomen-obilje\u017eje 'Kocke vedrine' i podsje\u0107anje na sve poginule odr\u017eana sredi\u0161nja sve\u010danost obilje\u017eavanja 29. obljetnice vojno-redarstvene operacije Bljesak | Foto: MORH\/ F. Klen\" alt=\"U Oku\u010danima obilje\u017eena 29. obljetnica VRO Bljesak\" src=\"https:\/\/live.staticflickr.com\/65535\/53691539663_25da5a05bb_h.jpg\" data-layer=\"&lt;div class=&#039;morh-gallery-image-download&#039;&gt;&lt;a href=&#039;https:\/\/live.staticflickr.com\/65535\/53691539663_6cb275ac93_o.jpg&#039; target=&#039;_blank&#039;&gt;Slika za preuzimanje&lt;\/a&gt;&lt;\/div&gt;\" \/><\/a><a href=\"https:\/\/live.staticflickr.com\/65535\/53691679269_a73aba4b0e_h.jpg\" title=\"U Oku\u010danima obilje\u017eena 29. obljetnica VRO Bljesak\"><img decoding=\"async\" data-title=\"U Oku\u010danima obilje\u017eena 29. obljetnica VRO Bljesak\" data-description=\"U Oku\u010danima je danas 1. svibnja 2024., uz budnicu Orkestra OSRH ulicama Oku\u010dana, polaganje vijenaca i ru\u017ea na spomen-obilje\u017eje 'Kocke vedrine' i podsje\u0107anje na sve poginule odr\u017eana sredi\u0161nja sve\u010danost obilje\u017eavanja 29. obljetnice vojno-redarstvene operacije Bljesak | Foto: MORH\/ F. Klen\" alt=\"U Oku\u010danima obilje\u017eena 29. obljetnica VRO Bljesak\" src=\"https:\/\/live.staticflickr.com\/65535\/53691679269_a73aba4b0e_h.jpg\" data-layer=\"&lt;div class=&#039;morh-gallery-image-download&#039;&gt;&lt;a href=&#039;https:\/\/live.staticflickr.com\/65535\/53691679269_065f00769e_o.jpg&#039; target=&#039;_blank&#039;&gt;Slika za preuzimanje&lt;\/a&gt;&lt;\/div&gt;\" \/><\/a><a href=\"https:\/\/live.staticflickr.com\/65535\/53691556864_66f787aa3d_h.jpg\" title=\"U Oku\u010danima obilje\u017eena 29. obljetnica VRO Bljesak\"><img decoding=\"async\" data-title=\"U Oku\u010danima obilje\u017eena 29. obljetnica VRO Bljesak\" data-description=\"U Oku\u010danima je danas 1. svibnja 2024., uz budnicu Orkestra OSRH ulicama Oku\u010dana, polaganje vijenaca i ru\u017ea na spomen-obilje\u017eje 'Kocke vedrine' i podsje\u0107anje na sve poginule odr\u017eana sredi\u0161nja sve\u010danost obilje\u017eavanja 29. obljetnice vojno-redarstvene operacije Bljesak | Foto: MORH\/ F. Klen\" alt=\"U Oku\u010danima obilje\u017eena 29. obljetnica VRO Bljesak\" src=\"https:\/\/live.staticflickr.com\/65535\/53691556864_66f787aa3d_h.jpg\" data-layer=\"&lt;div class=&#039;morh-gallery-image-download&#039;&gt;&lt;a href=&#039;https:\/\/live.staticflickr.com\/65535\/53691556864_8284a3a854_o.jpg&#039; target=&#039;_blank&#039;&gt;Slika za preuzimanje&lt;\/a&gt;&lt;\/div&gt;\" \/><\/a><a href=\"https:\/\/live.staticflickr.com\/65535\/53691539378_a9063febd4_h.jpg\" title=\"U Oku\u010danima obilje\u017eena 29. obljetnica VRO Bljesak\"><img decoding=\"async\" data-title=\"U Oku\u010danima obilje\u017eena 29. obljetnica VRO Bljesak\" data-description=\"U Oku\u010danima je danas 1. svibnja 2024., uz budnicu Orkestra OSRH ulicama Oku\u010dana, polaganje vijenaca i ru\u017ea na spomen-obilje\u017eje 'Kocke vedrine' i podsje\u0107anje na sve poginule odr\u017eana sredi\u0161nja sve\u010danost obilje\u017eavanja 29. obljetnice vojno-redarstvene operacije Bljesak | Foto: MORH\/ F. Klen\" alt=\"U Oku\u010danima obilje\u017eena 29. obljetnica VRO Bljesak\" src=\"https:\/\/live.staticflickr.com\/65535\/53691539378_a9063febd4_h.jpg\" data-layer=\"&lt;div class=&#039;morh-gallery-image-download&#039;&gt;&lt;a href=&#039;https:\/\/live.staticflickr.com\/65535\/53691539378_7cfc273aaf_o.jpg&#039; target=&#039;_blank&#039;&gt;Slika za preuzimanje&lt;\/a&gt;&lt;\/div&gt;\" \/><\/a><a href=\"https:\/\/live.staticflickr.com\/65535\/53691324031_5784f967fc_h.jpg\" title=\"U Oku\u010danima obilje\u017eena 29. obljetnica VRO Bljesak\"><img decoding=\"async\" data-title=\"U Oku\u010danima obilje\u017eena 29. obljetnica VRO Bljesak\" data-description=\"U Oku\u010danima je danas 1. svibnja 2024., uz budnicu Orkestra OSRH ulicama Oku\u010dana, polaganje vijenaca i ru\u017ea na spomen-obilje\u017eje 'Kocke vedrine' i podsje\u0107anje na sve poginule odr\u017eana sredi\u0161nja sve\u010danost obilje\u017eavanja 29. obljetnice vojno-redarstvene operacije Bljesak | Foto: MORH\/ F. Klen\" alt=\"U Oku\u010danima obilje\u017eena 29. obljetnica VRO Bljesak\" src=\"https:\/\/live.staticflickr.com\/65535\/53691324031_5784f967fc_h.jpg\" data-layer=\"&lt;div class=&#039;morh-gallery-image-download&#039;&gt;&lt;a href=&#039;https:\/\/live.staticflickr.com\/65535\/53691324031_4b48bea47e_o.jpg&#039; target=&#039;_blank&#039;&gt;Slika za preuzimanje&lt;\/a&gt;&lt;\/div&gt;\" \/><\/a><a href=\"https:\/\/live.staticflickr.com\/65535\/53691765615_11d822c54f_h.jpg\" title=\"U Oku\u010danima obilje\u017eena 29. obljetnica VRO Bljesak\"><img decoding=\"async\" data-title=\"U Oku\u010danima obilje\u017eena 29. obljetnica VRO Bljesak\" data-description=\"U Oku\u010danima je danas 1. svibnja 2024., uz budnicu Orkestra OSRH ulicama Oku\u010dana, polaganje vijenaca i ru\u017ea na spomen-obilje\u017eje 'Kocke vedrine' i podsje\u0107anje na sve poginule odr\u017eana sredi\u0161nja sve\u010danost obilje\u017eavanja 29. obljetnice vojno-redarstvene operacije Bljesak | Foto: MORH\/ F. Klen\" alt=\"U Oku\u010danima obilje\u017eena 29. obljetnica VRO Bljesak\" src=\"https:\/\/live.staticflickr.com\/65535\/53691765615_11d822c54f_h.jpg\" data-layer=\"&lt;div class=&#039;morh-gallery-image-download&#039;&gt;&lt;a href=&#039;https:\/\/live.staticflickr.com\/65535\/53691765615_d9f10a642d_o.jpg&#039; target=&#039;_blank&#039;&gt;Slika za preuzimanje&lt;\/a&gt;&lt;\/div&gt;\" \/><\/a><a href=\"https:\/\/live.staticflickr.com\/65535\/53690443177_f94aaacb3c_h.jpg\" title=\"U Oku\u010danima obilje\u017eena 29. obljetnica VRO Bljesak\"><img decoding=\"async\" data-title=\"U Oku\u010danima obilje\u017eena 29. obljetnica VRO Bljesak\" data-description=\"U Oku\u010danima je danas 1. svibnja 2024., uz budnicu Orkestra OSRH ulicama Oku\u010dana, polaganje vijenaca i ru\u017ea na spomen-obilje\u017eje 'Kocke vedrine' i podsje\u0107anje na sve poginule odr\u017eana sredi\u0161nja sve\u010danost obilje\u017eavanja 29. obljetnice vojno-redarstvene operacije Bljesak | Foto: MORH\/ F. Klen\" alt=\"U Oku\u010danima obilje\u017eena 29. obljetnica VRO Bljesak\" src=\"https:\/\/live.staticflickr.com\/65535\/53690443177_f94aaacb3c_h.jpg\" data-layer=\"&lt;div class=&#039;morh-gallery-image-download&#039;&gt;&lt;a href=&#039;https:\/\/live.staticflickr.com\/65535\/53690443177_f503dcc33e_o.jpg&#039; target=&#039;_blank&#039;&gt;Slika za preuzimanje&lt;\/a&gt;&lt;\/div&gt;\" \/><\/a><a href=\"https:\/\/live.staticflickr.com\/65535\/53690443187_cb79341615_h.jpg\" title=\"U Oku\u010danima obilje\u017eena 29. obljetnica VRO Bljesak\"><img decoding=\"async\" data-title=\"U Oku\u010danima obilje\u017eena 29. obljetnica VRO Bljesak\" data-description=\"U Oku\u010danima je danas 1. svibnja 2024., uz budnicu Orkestra OSRH ulicama Oku\u010dana, polaganje vijenaca i ru\u017ea na spomen-obilje\u017eje 'Kocke vedrine' i podsje\u0107anje na sve poginule odr\u017eana sredi\u0161nja sve\u010danost obilje\u017eavanja 29. obljetnice vojno-redarstvene operacije Bljesak | Foto: MORH\/ F. Klen\" alt=\"U Oku\u010danima obilje\u017eena 29. obljetnica VRO Bljesak\" src=\"https:\/\/live.staticflickr.com\/65535\/53690443187_cb79341615_h.jpg\" data-layer=\"&lt;div class=&#039;morh-gallery-image-download&#039;&gt;&lt;a href=&#039;https:\/\/live.staticflickr.com\/65535\/53690443187_51126376d8_o.jpg&#039; target=&#039;_blank&#039;&gt;Slika za preuzimanje&lt;\/a&gt;&lt;\/div&gt;\" \/><\/a><a href=\"https:\/\/live.staticflickr.com\/65535\/53690443262_137fe2f853_h.jpg\" title=\"U Oku\u010danima obilje\u017eena 29. obljetnica VRO Bljesak\"><img decoding=\"async\" data-title=\"U Oku\u010danima obilje\u017eena 29. obljetnica VRO Bljesak\" data-description=\"U Oku\u010danima je danas 1. svibnja 2024., uz budnicu Orkestra OSRH ulicama Oku\u010dana, polaganje vijenaca i ru\u017ea na spomen-obilje\u017eje 'Kocke vedrine' i podsje\u0107anje na sve poginule odr\u017eana sredi\u0161nja sve\u010danost obilje\u017eavanja 29. obljetnice vojno-redarstvene operacije Bljesak | Foto: MORH\/ F. Klen\" alt=\"U Oku\u010danima obilje\u017eena 29. obljetnica VRO Bljesak\" src=\"https:\/\/live.staticflickr.com\/65535\/53690443262_137fe2f853_h.jpg\" data-layer=\"&lt;div class=&#039;morh-gallery-image-download&#039;&gt;&lt;a href=&#039;https:\/\/live.staticflickr.com\/65535\/53690443262_d6f07e45bb_o.jpg&#039; target=&#039;_blank&#039;&gt;Slika za preuzimanje&lt;\/a&gt;&lt;\/div&gt;\" \/><\/a><a href=\"https:\/\/live.staticflickr.com\/65535\/53691679104_a330b8f84f_h.jpg\" title=\"U Oku\u010danima obilje\u017eena 29. obljetnica VRO Bljesak\"><img decoding=\"async\" data-title=\"U Oku\u010danima obilje\u017eena 29. obljetnica VRO Bljesak\" data-description=\"U Oku\u010danima je danas 1. svibnja 2024., uz budnicu Orkestra OSRH ulicama Oku\u010dana, polaganje vijenaca i ru\u017ea na spomen-obilje\u017eje 'Kocke vedrine' i podsje\u0107anje na sve poginule odr\u017eana sredi\u0161nja sve\u010danost obilje\u017eavanja 29. obljetnice vojno-redarstvene operacije Bljesak | Foto: MORH\/ F. Klen\" alt=\"U Oku\u010danima obilje\u017eena 29. obljetnica VRO Bljesak\" src=\"https:\/\/live.staticflickr.com\/65535\/53691679104_a330b8f84f_h.jpg\" data-layer=\"&lt;div class=&#039;morh-gallery-image-download&#039;&gt;&lt;a href=&#039;https:\/\/live.staticflickr.com\/65535\/53691679104_2b22f72025_o.jpg&#039; target=&#039;_blank&#039;&gt;Slika za preuzimanje&lt;\/a&gt;&lt;\/div&gt;\" \/><\/a><a href=\"https:\/\/live.staticflickr.com\/65535\/53691324111_ff06b08577_h.jpg\" title=\"U Oku\u010danima obilje\u017eena 29. obljetnica VRO Bljesak\"><img decoding=\"async\" data-title=\"U Oku\u010danima obilje\u017eena 29. obljetnica VRO Bljesak\" data-description=\"U Oku\u010danima je danas 1. svibnja 2024., uz budnicu Orkestra OSRH ulicama Oku\u010dana, polaganje vijenaca i ru\u017ea na spomen-obilje\u017eje 'Kocke vedrine' i podsje\u0107anje na sve poginule odr\u017eana sredi\u0161nja sve\u010danost obilje\u017eavanja 29. obljetnice vojno-redarstvene operacije Bljesak | Foto: MORH\/ F. Klen\" alt=\"U Oku\u010danima obilje\u017eena 29. obljetnica VRO Bljesak\" src=\"https:\/\/live.staticflickr.com\/65535\/53691324111_ff06b08577_h.jpg\" data-layer=\"&lt;div class=&#039;morh-gallery-image-download&#039;&gt;&lt;a href=&#039;https:\/\/live.staticflickr.com\/65535\/53691324111_fa4a702840_o.jpg&#039; target=&#039;_blank&#039;&gt;Slika za preuzimanje&lt;\/a&gt;&lt;\/div&gt;\" \/><\/a><a href=\"https:\/\/live.staticflickr.com\/65535\/53691765750_6c082ef8c6_h.jpg\" title=\"U Oku\u010danima obilje\u017eena 29. obljetnica VRO Bljesak\"><img decoding=\"async\" data-title=\"U Oku\u010danima obilje\u017eena 29. obljetnica VRO Bljesak\" data-description=\"U Oku\u010danima je danas 1. svibnja 2024., uz budnicu Orkestra OSRH ulicama Oku\u010dana, polaganje vijenaca i ru\u017ea na spomen-obilje\u017eje 'Kocke vedrine' i podsje\u0107anje na sve poginule odr\u017eana sredi\u0161nja sve\u010danost obilje\u017eavanja 29. obljetnice vojno-redarstvene operacije Bljesak | Foto: MORH\/ F. Klen\" alt=\"U Oku\u010danima obilje\u017eena 29. obljetnica VRO Bljesak\" src=\"https:\/\/live.staticflickr.com\/65535\/53691765750_6c082ef8c6_h.jpg\" data-layer=\"&lt;div class=&#039;morh-gallery-image-download&#039;&gt;&lt;a href=&#039;https:\/\/live.staticflickr.com\/65535\/53691765750_0b17f48ed8_o.jpg&#039; target=&#039;_blank&#039;&gt;Slika za preuzimanje&lt;\/a&gt;&lt;\/div&gt;\" \/><\/a><a href=\"https:\/\/live.staticflickr.com\/65535\/53691465873_e44dd20e63_h.jpg\" title=\"U Oku\u010danima obilje\u017eena 29. obljetnica VRO Bljesak\"><img decoding=\"async\" data-title=\"U Oku\u010danima obilje\u017eena 29. obljetnica VRO Bljesak\" data-description=\"U Oku\u010danima je danas 1. svibnja 2024., uz budnicu Orkestra OSRH ulicama Oku\u010dana, polaganje vijenaca i ru\u017ea na spomen-obilje\u017eje 'Kocke vedrine' i podsje\u0107anje na sve poginule odr\u017eana sredi\u0161nja sve\u010danost obilje\u017eavanja 29. obljetnice vojno-redarstvene operacije Bljesak | Foto: MORH\/ F. Klen\" alt=\"U Oku\u010danima obilje\u017eena 29. obljetnica VRO Bljesak\" src=\"https:\/\/live.staticflickr.com\/65535\/53691465873_e44dd20e63_h.jpg\" data-layer=\"&lt;div class=&#039;morh-gallery-image-download&#039;&gt;&lt;a href=&#039;https:\/\/live.staticflickr.com\/65535\/53691465873_0a48614204_o.jpg&#039; target=&#039;_blank&#039;&gt;Slika za preuzimanje&lt;\/a&gt;&lt;\/div&gt;\" \/><\/a><a href=\"https:\/\/live.staticflickr.com\/65535\/53690443282_909214b3c8_h.jpg\" title=\"U Oku\u010danima obilje\u017eena 29. obljetnica VRO Bljesak\"><img decoding=\"async\" data-title=\"U Oku\u010danima obilje\u017eena 29. obljetnica VRO Bljesak\" data-description=\"U Oku\u010danima je danas 1. svibnja 2024., uz budnicu Orkestra OSRH ulicama Oku\u010dana, polaganje vijenaca i ru\u017ea na spomen-obilje\u017eje 'Kocke vedrine' i podsje\u0107anje na sve poginule odr\u017eana sredi\u0161nja sve\u010danost obilje\u017eavanja 29. obljetnice vojno-redarstvene operacije Bljesak | Foto: MORH\/ F. Klen\" alt=\"U Oku\u010danima obilje\u017eena 29. obljetnica VRO Bljesak\" src=\"https:\/\/live.staticflickr.com\/65535\/53690443282_909214b3c8_h.jpg\" data-layer=\"&lt;div class=&#039;morh-gallery-image-download&#039;&gt;&lt;a href=&#039;https:\/\/live.staticflickr.com\/65535\/53690443282_a25d428fb5_o.jpg&#039; target=&#039;_blank&#039;&gt;Slika za preuzimanje&lt;\/a&gt;&lt;\/div&gt;\" \/><\/a><a href=\"https:\/\/live.staticflickr.com\/65535\/53691539368_6d0480b395_h.jpg\" title=\"U Oku\u010danima obilje\u017eena 29. obljetnica VRO Bljesak\"><img decoding=\"async\" data-title=\"U Oku\u010danima obilje\u017eena 29. obljetnica VRO Bljesak\" data-description=\"U Oku\u010danima je danas 1. svibnja 2024., uz budnicu Orkestra OSRH ulicama Oku\u010dana, polaganje vijenaca i ru\u017ea na spomen-obilje\u017eje 'Kocke vedrine' i podsje\u0107anje na sve poginule odr\u017eana sredi\u0161nja sve\u010danost obilje\u017eavanja 29. obljetnice vojno-redarstvene operacije Bljesak | Foto: MORH\/ F. Klen\" alt=\"U Oku\u010danima obilje\u017eena 29. obljetnica VRO Bljesak\" src=\"https:\/\/live.staticflickr.com\/65535\/53691539368_6d0480b395_h.jpg\" data-layer=\"&lt;div class=&#039;morh-gallery-image-download&#039;&gt;&lt;a href=&#039;https:\/\/live.staticflickr.com\/65535\/53691539368_5b6b14f8d3_o.jpg&#039; target=&#039;_blank&#039;&gt;Slika za preuzimanje&lt;\/a&gt;&lt;\/div&gt;\" \/><\/a><a href=\"https:\/\/live.staticflickr.com\/65535\/53691539348_653078644e_h.jpg\" title=\"U Oku\u010danima obilje\u017eena 29. obljetnica VRO Bljesak\"><img decoding=\"async\" data-title=\"U Oku\u010danima obilje\u017eena 29. obljetnica VRO Bljesak\" data-description=\"U Oku\u010danima je danas 1. svibnja 2024., uz budnicu Orkestra OSRH ulicama Oku\u010dana, polaganje vijenaca i ru\u017ea na spomen-obilje\u017eje 'Kocke vedrine' i podsje\u0107anje na sve poginule odr\u017eana sredi\u0161nja sve\u010danost obilje\u017eavanja 29. obljetnice vojno-redarstvene operacije Bljesak | Foto: MORH\/ F. Klen\" alt=\"U Oku\u010danima obilje\u017eena 29. obljetnica VRO Bljesak\" src=\"https:\/\/live.staticflickr.com\/65535\/53691539348_653078644e_h.jpg\" data-layer=\"&lt;div class=&#039;morh-gallery-image-download&#039;&gt;&lt;a href=&#039;https:\/\/live.staticflickr.com\/65535\/53691539348_5333425cd5_o.jpg&#039; target=&#039;_blank&#039;&gt;Slika za preuzimanje&lt;\/a&gt;&lt;\/div&gt;\" \/><\/a><\/div><!--\/.morh-galleria -->\n","protected":false},"excerpt":{"rendered":"<p>Today is a big day, especially for all of us who at that time were members of the Croatian Armed Forces and participated in the Flash operation, and made the overture to an even greater military victory \u2013 the Storm, Anu\u0161i\u0107 said<\/p>\n","protected":false},"author":3,"featured_media":248120,"comment_status":"closed","ping_status":"closed","sticky":false,"template":"","format":"standard","meta":{"_acf_changed":false,"_monsterinsights_skip_tracking":false,"_monsterinsights_sitenote_active":false,"_monsterinsights_sitenote_note":"","_monsterinsights_sitenote_category":0,"footnotes":""},"categories":[117],"tags":[],"class_list":["post-248118","post","type-post","status-publish","format-standard","has-post-thumbnail","hentry","category-press-releases"],"acf":[],"yoast_head":"<!-- This site is optimized with the Yoast SEO plugin v26.9 - https:\/\/yoast.com\/product\/yoast-seo-wordpress\/ -->\n<title>The 29th anniversary of the Flash Military Police Operation was celebrated at Oku\u010dani - MORH<\/title>\n<meta name=\"description\" content=\"Today is a big day, especially for all of us who at that time were members of the Croatian Armed Forces and participated in the Flash operation, and made the overture to an even greater military victory \u2013 the Storm, Anu\u0161i\u0107 said\" \/>\n<meta name=\"robots\" content=\"index, follow, max-snippet:-1, max-image-preview:large, max-video-preview:-1\" \/>\n<link rel=\"canonical\" href=\"https:\/\/www.morh.hr\/en\/the-29th-anniversary-of-the-flash-military-police-operation-was-celebrated-at-okucani\/\" \/>\n<meta property=\"og:locale\" content=\"en_US\" \/>\n<meta property=\"og:type\" content=\"article\" \/>\n<meta property=\"og:title\" content=\"The 29th anniversary of the Flash Military Police Operation was celebrated at Oku\u010dani - MORH\" \/>\n<meta property=\"og:description\" content=\"Today is a big day, especially for all of us who at that time were members of the Croatian Armed Forces and participated in the Flash operation, and made the overture to an even greater military victory \u2013 the Storm, Anu\u0161i\u0107 said\" \/>\n<meta property=\"og:url\" content=\"https:\/\/www.morh.hr\/en\/the-29th-anniversary-of-the-flash-military-police-operation-was-celebrated-at-okucani\/\" \/>\n<meta property=\"og:site_name\" content=\"MORH\" \/>\n<meta property=\"article:publisher\" content=\"https:\/\/www.facebook.com\/sportasiuhrvatskojvojsci\/\" \/>\n<meta property=\"article:published_time\" content=\"2024-05-01T18:13:57+00:00\" \/>\n<meta property=\"article:modified_time\" content=\"2025-11-26T14:07:36+00:00\" \/>\n<meta property=\"og:image\" content=\"https:\/\/www.morh.hr\/wp-content\/uploads\/2024\/12\/2024-05-01-bljesak-obljetnica-en.jpg\" \/>\n\t<meta property=\"og:image:width\" content=\"2400\" \/>\n\t<meta property=\"og:image:height\" content=\"1597\" \/>\n\t<meta property=\"og:image:type\" content=\"image\/jpeg\" \/>\n<meta name=\"author\" content=\"Drazen\" \/>\n<meta name=\"twitter:card\" content=\"summary_large_image\" \/>\n<meta name=\"twitter:creator\" content=\"@morh_osrh\" \/>\n<meta name=\"twitter:site\" content=\"@morh_osrh\" \/>\n<meta name=\"twitter:label1\" content=\"Written by\" \/>\n\t<meta name=\"twitter:data1\" content=\"Drazen\" \/>\n\t<meta name=\"twitter:label2\" content=\"Est. reading time\" \/>\n\t<meta name=\"twitter:data2\" content=\"6 minutes\" \/>\n<script type=\"application\/ld+json\" class=\"yoast-schema-graph\">{\"@context\":\"https:\/\/schema.org\",\"@graph\":[{\"@type\":\"Article\",\"@id\":\"https:\/\/www.morh.hr\/en\/the-29th-anniversary-of-the-flash-military-police-operation-was-celebrated-at-okucani\/#article\",\"isPartOf\":{\"@id\":\"https:\/\/www.morh.hr\/en\/the-29th-anniversary-of-the-flash-military-police-operation-was-celebrated-at-okucani\/\"},\"author\":{\"name\":\"Drazen\",\"@id\":\"https:\/\/www.morh.hr\/en\/#\/schema\/person\/2d72e03399043d9513ab6bec75f2ce27\"},\"headline\":\"The 29th anniversary of the Flash Military Police Operation was celebrated at Oku\u010dani\",\"datePublished\":\"2024-05-01T18:13:57+00:00\",\"dateModified\":\"2025-11-26T14:07:36+00:00\",\"mainEntityOfPage\":{\"@id\":\"https:\/\/www.morh.hr\/en\/the-29th-anniversary-of-the-flash-military-police-operation-was-celebrated-at-okucani\/\"},\"wordCount\":1005,\"image\":{\"@id\":\"https:\/\/www.morh.hr\/en\/the-29th-anniversary-of-the-flash-military-police-operation-was-celebrated-at-okucani\/#primaryimage\"},\"thumbnailUrl\":\"https:\/\/www.morh.hr\/wp-content\/uploads\/2024\/12\/2024-05-01-bljesak-obljetnica-en.jpg\",\"articleSection\":[\"Press releases\"],\"inLanguage\":\"en-US\"},{\"@type\":\"WebPage\",\"@id\":\"https:\/\/www.morh.hr\/en\/the-29th-anniversary-of-the-flash-military-police-operation-was-celebrated-at-okucani\/\",\"url\":\"https:\/\/www.morh.hr\/en\/the-29th-anniversary-of-the-flash-military-police-operation-was-celebrated-at-okucani\/\",\"name\":\"The 29th anniversary of the Flash Military Police Operation was celebrated at Oku\u010dani - MORH\",\"isPartOf\":{\"@id\":\"https:\/\/www.morh.hr\/en\/#website\"},\"primaryImageOfPage\":{\"@id\":\"https:\/\/www.morh.hr\/en\/the-29th-anniversary-of-the-flash-military-police-operation-was-celebrated-at-okucani\/#primaryimage\"},\"image\":{\"@id\":\"https:\/\/www.morh.hr\/en\/the-29th-anniversary-of-the-flash-military-police-operation-was-celebrated-at-okucani\/#primaryimage\"},\"thumbnailUrl\":\"https:\/\/www.morh.hr\/wp-content\/uploads\/2024\/12\/2024-05-01-bljesak-obljetnica-en.jpg\",\"datePublished\":\"2024-05-01T18:13:57+00:00\",\"dateModified\":\"2025-11-26T14:07:36+00:00\",\"author\":{\"@id\":\"https:\/\/www.morh.hr\/en\/#\/schema\/person\/2d72e03399043d9513ab6bec75f2ce27\"},\"description\":\"Today is a big day, especially for all of us who at that time were members of the Croatian Armed Forces and participated in the Flash operation, and made the overture to an even greater military victory \u2013 the Storm, Anu\u0161i\u0107 said\",\"breadcrumb\":{\"@id\":\"https:\/\/www.morh.hr\/en\/the-29th-anniversary-of-the-flash-military-police-operation-was-celebrated-at-okucani\/#breadcrumb\"},\"inLanguage\":\"en-US\",\"potentialAction\":[{\"@type\":\"ReadAction\",\"target\":[\"https:\/\/www.morh.hr\/en\/the-29th-anniversary-of-the-flash-military-police-operation-was-celebrated-at-okucani\/\"]}]},{\"@type\":\"ImageObject\",\"inLanguage\":\"en-US\",\"@id\":\"https:\/\/www.morh.hr\/en\/the-29th-anniversary-of-the-flash-military-police-operation-was-celebrated-at-okucani\/#primaryimage\",\"url\":\"https:\/\/www.morh.hr\/wp-content\/uploads\/2024\/12\/2024-05-01-bljesak-obljetnica-en.jpg\",\"contentUrl\":\"https:\/\/www.morh.hr\/wp-content\/uploads\/2024\/12\/2024-05-01-bljesak-obljetnica-en.jpg\",\"width\":2400,\"height\":1597,\"caption\":\"The 29th anniversary of the Flash Military Police Operation was celebrated at Oku\u010dani | Photoi:MOD\/ F. Klen\"},{\"@type\":\"BreadcrumbList\",\"@id\":\"https:\/\/www.morh.hr\/en\/the-29th-anniversary-of-the-flash-military-police-operation-was-celebrated-at-okucani\/#breadcrumb\",\"itemListElement\":[{\"@type\":\"ListItem\",\"position\":1,\"name\":\"Naslovnica\",\"item\":\"https:\/\/www.morh.hr\/en\/\"},{\"@type\":\"ListItem\",\"position\":2,\"name\":\"News\",\"item\":\"https:\/\/www.morh.hr\/en\/kategorija\/news\/\"},{\"@type\":\"ListItem\",\"position\":3,\"name\":\"Press releases\",\"item\":\"https:\/\/www.morh.hr\/en\/kategorija\/news\/press-releases\/\"},{\"@type\":\"ListItem\",\"position\":4,\"name\":\"The 29th anniversary of the Flash Military Police Operation was celebrated at Oku\u010dani\"}]},{\"@type\":\"WebSite\",\"@id\":\"https:\/\/www.morh.hr\/en\/#website\",\"url\":\"https:\/\/www.morh.hr\/en\/\",\"name\":\"MORH\",\"description\":\"Ministarstvo obrane Republike Hrvatske - slu\u017ebene stranice\",\"potentialAction\":[{\"@type\":\"SearchAction\",\"target\":{\"@type\":\"EntryPoint\",\"urlTemplate\":\"https:\/\/www.morh.hr\/en\/?s={search_term_string}\"},\"query-input\":{\"@type\":\"PropertyValueSpecification\",\"valueRequired\":true,\"valueName\":\"search_term_string\"}}],\"inLanguage\":\"en-US\"},{\"@type\":\"Person\",\"@id\":\"https:\/\/www.morh.hr\/en\/#\/schema\/person\/2d72e03399043d9513ab6bec75f2ce27\",\"name\":\"Drazen\",\"image\":{\"@type\":\"ImageObject\",\"inLanguage\":\"en-US\",\"@id\":\"https:\/\/www.morh.hr\/en\/#\/schema\/person\/image\/\",\"url\":\"https:\/\/secure.gravatar.com\/avatar\/e36ef7e573425ae72988c73df868c1e87a656b0e005ca4fd7d30d2ba7e49c9cf?s=96&d=mm&r=g\",\"contentUrl\":\"https:\/\/secure.gravatar.com\/avatar\/e36ef7e573425ae72988c73df868c1e87a656b0e005ca4fd7d30d2ba7e49c9cf?s=96&d=mm&r=g\",\"caption\":\"Drazen\"}}]}<\/script>\n<!-- \/ Yoast SEO plugin. -->","yoast_head_json":{"title":"The 29th anniversary of the Flash Military Police Operation was celebrated at Oku\u010dani - MORH","description":"Today is a big day, especially for all of us who at that time were members of the Croatian Armed Forces and participated in the Flash operation, and made the overture to an even greater military victory \u2013 the Storm, Anu\u0161i\u0107 said","robots":{"index":"index","follow":"follow","max-snippet":"max-snippet:-1","max-image-preview":"max-image-preview:large","max-video-preview":"max-video-preview:-1"},"canonical":"https:\/\/www.morh.hr\/en\/the-29th-anniversary-of-the-flash-military-police-operation-was-celebrated-at-okucani\/","og_locale":"en_US","og_type":"article","og_title":"The 29th anniversary of the Flash Military Police Operation was celebrated at Oku\u010dani - MORH","og_description":"Today is a big day, especially for all of us who at that time were members of the Croatian Armed Forces and participated in the Flash operation, and made the overture to an even greater military victory \u2013 the Storm, Anu\u0161i\u0107 said","og_url":"https:\/\/www.morh.hr\/en\/the-29th-anniversary-of-the-flash-military-police-operation-was-celebrated-at-okucani\/","og_site_name":"MORH","article_publisher":"https:\/\/www.facebook.com\/sportasiuhrvatskojvojsci\/","article_published_time":"2024-05-01T18:13:57+00:00","article_modified_time":"2025-11-26T14:07:36+00:00","og_image":[{"width":2400,"height":1597,"url":"https:\/\/www.morh.hr\/wp-content\/uploads\/2024\/12\/2024-05-01-bljesak-obljetnica-en.jpg","type":"image\/jpeg"}],"author":"Drazen","twitter_card":"summary_large_image","twitter_creator":"@morh_osrh","twitter_site":"@morh_osrh","twitter_misc":{"Written by":"Drazen","Est. reading time":"6 minutes"},"schema":{"@context":"https:\/\/schema.org","@graph":[{"@type":"Article","@id":"https:\/\/www.morh.hr\/en\/the-29th-anniversary-of-the-flash-military-police-operation-was-celebrated-at-okucani\/#article","isPartOf":{"@id":"https:\/\/www.morh.hr\/en\/the-29th-anniversary-of-the-flash-military-police-operation-was-celebrated-at-okucani\/"},"author":{"name":"Drazen","@id":"https:\/\/www.morh.hr\/en\/#\/schema\/person\/2d72e03399043d9513ab6bec75f2ce27"},"headline":"The 29th anniversary of the Flash Military Police Operation was celebrated at Oku\u010dani","datePublished":"2024-05-01T18:13:57+00:00","dateModified":"2025-11-26T14:07:36+00:00","mainEntityOfPage":{"@id":"https:\/\/www.morh.hr\/en\/the-29th-anniversary-of-the-flash-military-police-operation-was-celebrated-at-okucani\/"},"wordCount":1005,"image":{"@id":"https:\/\/www.morh.hr\/en\/the-29th-anniversary-of-the-flash-military-police-operation-was-celebrated-at-okucani\/#primaryimage"},"thumbnailUrl":"https:\/\/www.morh.hr\/wp-content\/uploads\/2024\/12\/2024-05-01-bljesak-obljetnica-en.jpg","articleSection":["Press releases"],"inLanguage":"en-US"},{"@type":"WebPage","@id":"https:\/\/www.morh.hr\/en\/the-29th-anniversary-of-the-flash-military-police-operation-was-celebrated-at-okucani\/","url":"https:\/\/www.morh.hr\/en\/the-29th-anniversary-of-the-flash-military-police-operation-was-celebrated-at-okucani\/","name":"The 29th anniversary of the Flash Military Police Operation was celebrated at Oku\u010dani - MORH","isPartOf":{"@id":"https:\/\/www.morh.hr\/en\/#website"},"primaryImageOfPage":{"@id":"https:\/\/www.morh.hr\/en\/the-29th-anniversary-of-the-flash-military-police-operation-was-celebrated-at-okucani\/#primaryimage"},"image":{"@id":"https:\/\/www.morh.hr\/en\/the-29th-anniversary-of-the-flash-military-police-operation-was-celebrated-at-okucani\/#primaryimage"},"thumbnailUrl":"https:\/\/www.morh.hr\/wp-content\/uploads\/2024\/12\/2024-05-01-bljesak-obljetnica-en.jpg","datePublished":"2024-05-01T18:13:57+00:00","dateModified":"2025-11-26T14:07:36+00:00","author":{"@id":"https:\/\/www.morh.hr\/en\/#\/schema\/person\/2d72e03399043d9513ab6bec75f2ce27"},"description":"Today is a big day, especially for all of us who at that time were members of the Croatian Armed Forces and participated in the Flash operation, and made the overture to an even greater military victory \u2013 the Storm, Anu\u0161i\u0107 said","breadcrumb":{"@id":"https:\/\/www.morh.hr\/en\/the-29th-anniversary-of-the-flash-military-police-operation-was-celebrated-at-okucani\/#breadcrumb"},"inLanguage":"en-US","potentialAction":[{"@type":"ReadAction","target":["https:\/\/www.morh.hr\/en\/the-29th-anniversary-of-the-flash-military-police-operation-was-celebrated-at-okucani\/"]}]},{"@type":"ImageObject","inLanguage":"en-US","@id":"https:\/\/www.morh.hr\/en\/the-29th-anniversary-of-the-flash-military-police-operation-was-celebrated-at-okucani\/#primaryimage","url":"https:\/\/www.morh.hr\/wp-content\/uploads\/2024\/12\/2024-05-01-bljesak-obljetnica-en.jpg","contentUrl":"https:\/\/www.morh.hr\/wp-content\/uploads\/2024\/12\/2024-05-01-bljesak-obljetnica-en.jpg","width":2400,"height":1597,"caption":"The 29th anniversary of the Flash Military Police Operation was celebrated at Oku\u010dani | Photoi:MOD\/ F. Klen"},{"@type":"BreadcrumbList","@id":"https:\/\/www.morh.hr\/en\/the-29th-anniversary-of-the-flash-military-police-operation-was-celebrated-at-okucani\/#breadcrumb","itemListElement":[{"@type":"ListItem","position":1,"name":"Naslovnica","item":"https:\/\/www.morh.hr\/en\/"},{"@type":"ListItem","position":2,"name":"News","item":"https:\/\/www.morh.hr\/en\/kategorija\/news\/"},{"@type":"ListItem","position":3,"name":"Press releases","item":"https:\/\/www.morh.hr\/en\/kategorija\/news\/press-releases\/"},{"@type":"ListItem","position":4,"name":"The 29th anniversary of the Flash Military Police Operation was celebrated at Oku\u010dani"}]},{"@type":"WebSite","@id":"https:\/\/www.morh.hr\/en\/#website","url":"https:\/\/www.morh.hr\/en\/","name":"MORH","description":"Ministarstvo obrane Republike Hrvatske - slu\u017ebene stranice","potentialAction":[{"@type":"SearchAction","target":{"@type":"EntryPoint","urlTemplate":"https:\/\/www.morh.hr\/en\/?s={search_term_string}"},"query-input":{"@type":"PropertyValueSpecification","valueRequired":true,"valueName":"search_term_string"}}],"inLanguage":"en-US"},{"@type":"Person","@id":"https:\/\/www.morh.hr\/en\/#\/schema\/person\/2d72e03399043d9513ab6bec75f2ce27","name":"Drazen","image":{"@type":"ImageObject","inLanguage":"en-US","@id":"https:\/\/www.morh.hr\/en\/#\/schema\/person\/image\/","url":"https:\/\/secure.gravatar.com\/avatar\/e36ef7e573425ae72988c73df868c1e87a656b0e005ca4fd7d30d2ba7e49c9cf?s=96&d=mm&r=g","contentUrl":"https:\/\/secure.gravatar.com\/avatar\/e36ef7e573425ae72988c73df868c1e87a656b0e005ca4fd7d30d2ba7e49c9cf?s=96&d=mm&r=g","caption":"Drazen"}}]}},"_links":{"self":[{"href":"https:\/\/www.morh.hr\/en\/wp-json\/wp\/v2\/posts\/248118","targetHints":{"allow":["GET"]}}],"collection":[{"href":"https:\/\/www.morh.hr\/en\/wp-json\/wp\/v2\/posts"}],"about":[{"href":"https:\/\/www.morh.hr\/en\/wp-json\/wp\/v2\/types\/post"}],"author":[{"embeddable":true,"href":"https:\/\/www.morh.hr\/en\/wp-json\/wp\/v2\/users\/3"}],"replies":[{"embeddable":true,"href":"https:\/\/www.morh.hr\/en\/wp-json\/wp\/v2\/comments?post=248118"}],"version-history":[{"count":1,"href":"https:\/\/www.morh.hr\/en\/wp-json\/wp\/v2\/posts\/248118\/revisions"}],"predecessor-version":[{"id":263842,"href":"https:\/\/www.morh.hr\/en\/wp-json\/wp\/v2\/posts\/248118\/revisions\/263842"}],"wp:featuredmedia":[{"embeddable":true,"href":"https:\/\/www.morh.hr\/en\/wp-json\/wp\/v2\/media\/248120"}],"wp:attachment":[{"href":"https:\/\/www.morh.hr\/en\/wp-json\/wp\/v2\/media?parent=248118"}],"wp:term":[{"taxonomy":"category","embeddable":true,"href":"https:\/\/www.morh.hr\/en\/wp-json\/wp\/v2\/categories?post=248118"},{"taxonomy":"post_tag","embeddable":true,"href":"https:\/\/www.morh.hr\/en\/wp-json\/wp\/v2\/tags?post=248118"}],"curies":[{"name":"wp","href":"https:\/\/api.w.org\/{rel}","templated":true}]}}