{"id":248222,"date":"2024-04-10T11:16:02","date_gmt":"2024-04-10T09:16:02","guid":{"rendered":"https:\/\/www.morh.hr\/?p=248222"},"modified":"2025-01-02T11:16:48","modified_gmt":"2025-01-02T10:16:48","slug":"anusic-my-priority-has-been-to-acquire-a-coastal-patrol-vessel-the-first-one-will-be-delivered-by-the-end-of-this-year","status":"publish","type":"post","link":"https:\/\/www.morh.hr\/en\/anusic-my-priority-has-been-to-acquire-a-coastal-patrol-vessel-the-first-one-will-be-delivered-by-the-end-of-this-year\/","title":{"rendered":"Anu\u0161i\u0107: My priority has been to acquire a coastal patrol vessel; the first one will be delivered by the end of this year"},"content":{"rendered":"<p>On 10 April 2024 Deputy Prime Minister and Defence Minister Ivan Anu\u0161i\u0107, Chief of the CAF General Staff Lieutenant General Tihomir Kundid and their associates visited the Brodosplit company in Split and the Croatian Navy Command located at the Fleet Admiral Sveto Letica-Barba Barracks.<\/p>\n<p>In the Brodosplit company, Minister Anu\u0161i\u0107 and General Kundid had a meeting with Chairman of the Board Tomislav Debeljak, who informed the delegation of the Croatian MOD and the CAF about the current status of the construction project to build the first of a total of four coastal patrol vessels, the completion of which is planned by the end of 2024.<\/p>\n<p>After touring the vessel under construction, Minister Anu\u0161i\u0107 said that 14 years had passed since the contract was signed, and coastal patrol vessels had not been delivered yet. The Ministry of Defence has finally managed to reach an agreement with Brodosplit.<\/p>\n<p>&#8220;After touring the vessel, I can say that we are satisfied with the vessel&#8217;s construction dynamics so that the vessel will be ready to perform its tasks for the Croatian Navy,&#8221; the Minister said, recalling that the vessel&#8217;s construction was included in the Annex to the Contract signed with Chairman of the Board Tomislav Debeljak.<\/p>\n<p>The Minister said that he expects the successful continuation of the construction project of the remaining four coastal patrol vessels for the requirements of the Croatian Coast Guard, that is, the Croatian Navy.<\/p>\n<p>&#8220;One of my most important priorities has been to end the long-standing agony over the construction of coastal patrol vessels. This was achieved in the last few months of my term as a Defence Minister, and it was very important to me,&#8221; he concluded.<\/p>\n<p>On 14 March 2024 Deputy Prime Minister and Defence Minister Ivan Anu\u0161i\u0107, on behalf of the Croatian MOD, and Tomislav Debeljak, on behalf of the Brodosplit shipyard signed the contract on amendments to the contract for the construction of coastal patrol vessels, which stipulates the completion of construction and the new delivery deadline for the first of the four remaining vessels. The delivery deadline for the first vessel (NOV 541) is nine months from the date of signing the contract, i.e. by the end of 2024. The contracting parties agreed that the total value of the basic contract will not be changed by this amendment. The costs for the completion of the first vessel (NOV 541), including costs for related equipment, amount to EUR 5,675,614.59 including VAT.<\/p>\n<p><strong>Minister Anu\u0161i\u0107 pays visit to the Croatian Navy<\/strong><\/p>\n<p>During his stay in Split, Minister Anu\u0161i\u0107, together with his associates from the Ministry of Defence and the CAF General Staff, held a meeting with the Croatian Navy Commander, Rear Admiral Damir Dojki\u0107 at the Fleet Admiral Sveto Letica-Barba Barracks.<\/p>\n<p>The meeting participants discussed the current projects and activities of the Croatian Navy, and in the context of the coastal patrol vessels construction project, Minister Anu\u0161i\u0107 emphasized that equipping the Croatian Navy is in Croatia&#8217;s strategic interest.<\/p>\n<p>&#8220;Croatia&#8217;s Government has initiated historic projects to modernize and equip the Croatian Armed Forces, including the completion of the project to construct coastal patrol vessels for the Croatian Navy,&#8221; the Minister said. Rear Admiral Dojki\u0107 thanked the Minister for his visit. He also thanked the Croatian MOD and the Government for their support in the implementation of the Croatian Navy modernization projects.<\/p>\n<div class=\"morh-galleria\"><a href=\"https:\/\/live.staticflickr.com\/65535\/53644468906_3aa9df6e41_h.jpg\" title=\"Anu\u0161i\u0107: Obalni ophodni brod bio je moj prioritet, prvi \u0107emo imati do kraja ove godine\"><img decoding=\"async\" data-title=\"Anu\u0161i\u0107: Obalni ophodni brod bio je moj prioritet, prvi \u0107emo imati do kraja ove godine\" data-description=\"Potpredsjednik Vlade i ministar obrane Ivan Anu\u0161i\u0107 i na\u010delnik Glavnog sto\u017eera OSRH general-pukovnik Tihomir Kundid sa suradnicima posjetili su danas, 10. travnja 2024. u Splitu tvrtku Brodosplit d.d. te zapovjedni\u0161tvo Hrvatske ratne mornarice u vojarni 'Admiral flote Sveto Letica-Barba' | Foto: MORH\/ F. Klen\" alt=\"Anu\u0161i\u0107: Obalni ophodni brod bio je moj prioritet, prvi \u0107emo imati do kraja ove godine\" src=\"https:\/\/live.staticflickr.com\/65535\/53644468906_3aa9df6e41_h.jpg\" data-layer=\"&lt;div class=&#039;morh-gallery-image-download&#039;&gt;&lt;a href=&#039;https:\/\/live.staticflickr.com\/65535\/53644468906_d7ae64871b_o.jpg&#039; target=&#039;_blank&#039;&gt;Slika za preuzimanje&lt;\/a&gt;&lt;\/div&gt;\" \/><\/a><a href=\"https:\/\/live.staticflickr.com\/65535\/53644927105_feb8564664_h.jpg\" title=\"Anu\u0161i\u0107: Obalni ophodni brod bio je moj prioritet, prvi \u0107emo imati do kraja ove godine\"><img decoding=\"async\" data-title=\"Anu\u0161i\u0107: Obalni ophodni brod bio je moj prioritet, prvi \u0107emo imati do kraja ove godine\" data-description=\"Potpredsjednik Vlade i ministar obrane Ivan Anu\u0161i\u0107 i na\u010delnik Glavnog sto\u017eera OSRH general-pukovnik Tihomir Kundid sa suradnicima posjetili su danas, 10. travnja 2024. u Splitu tvrtku Brodosplit d.d. te zapovjedni\u0161tvo Hrvatske ratne mornarice u vojarni 'Admiral flote Sveto Letica-Barba' | Foto: MORH\/ F. Klen\" alt=\"Anu\u0161i\u0107: Obalni ophodni brod bio je moj prioritet, prvi \u0107emo imati do kraja ove godine\" src=\"https:\/\/live.staticflickr.com\/65535\/53644927105_feb8564664_h.jpg\" data-layer=\"&lt;div class=&#039;morh-gallery-image-download&#039;&gt;&lt;a href=&#039;https:\/\/live.staticflickr.com\/65535\/53644927105_c684d4c65c_o.jpg&#039; target=&#039;_blank&#039;&gt;Slika za preuzimanje&lt;\/a&gt;&lt;\/div&gt;\" \/><\/a><a href=\"https:\/\/live.staticflickr.com\/65535\/53643591797_fc13edbc2f_h.jpg\" title=\"Anu\u0161i\u0107: Obalni ophodni brod bio je moj prioritet, prvi \u0107emo imati do kraja ove godine\"><img decoding=\"async\" data-title=\"Anu\u0161i\u0107: Obalni ophodni brod bio je moj prioritet, prvi \u0107emo imati do kraja ove godine\" data-description=\"Potpredsjednik Vlade i ministar obrane Ivan Anu\u0161i\u0107 i na\u010delnik Glavnog sto\u017eera OSRH general-pukovnik Tihomir Kundid sa suradnicima posjetili su danas, 10. travnja 2024. u Splitu tvrtku Brodosplit d.d. te zapovjedni\u0161tvo Hrvatske ratne mornarice u vojarni 'Admiral flote Sveto Letica-Barba' | Foto: MORH\/ F. Klen\" alt=\"Anu\u0161i\u0107: Obalni ophodni brod bio je moj prioritet, prvi \u0107emo imati do kraja ove godine\" src=\"https:\/\/live.staticflickr.com\/65535\/53643591797_fc13edbc2f_h.jpg\" data-layer=\"&lt;div class=&#039;morh-gallery-image-download&#039;&gt;&lt;a href=&#039;https:\/\/live.staticflickr.com\/65535\/53643591797_a7ac704d48_o.jpg&#039; target=&#039;_blank&#039;&gt;Slika za preuzimanje&lt;\/a&gt;&lt;\/div&gt;\" \/><\/a><a href=\"https:\/\/live.staticflickr.com\/65535\/53644680138_3c31282b49_h.jpg\" title=\"Anu\u0161i\u0107: Obalni ophodni brod bio je moj prioritet, prvi \u0107emo imati do kraja ove godine\"><img decoding=\"async\" data-title=\"Anu\u0161i\u0107: Obalni ophodni brod bio je moj prioritet, prvi \u0107emo imati do kraja ove godine\" data-description=\"Potpredsjednik Vlade i ministar obrane Ivan Anu\u0161i\u0107 i na\u010delnik Glavnog sto\u017eera OSRH general-pukovnik Tihomir Kundid sa suradnicima posjetili su danas, 10. travnja 2024. u Splitu tvrtku Brodosplit d.d. te zapovjedni\u0161tvo Hrvatske ratne mornarice u vojarni 'Admiral flote Sveto Letica-Barba' | Foto: MORH\/ F. Klen\" alt=\"Anu\u0161i\u0107: Obalni ophodni brod bio je moj prioritet, prvi \u0107emo imati do kraja ove godine\" src=\"https:\/\/live.staticflickr.com\/65535\/53644680138_3c31282b49_h.jpg\" data-layer=\"&lt;div class=&#039;morh-gallery-image-download&#039;&gt;&lt;a href=&#039;https:\/\/live.staticflickr.com\/65535\/53644680138_b7b2dffd29_o.jpg&#039; target=&#039;_blank&#039;&gt;Slika za preuzimanje&lt;\/a&gt;&lt;\/div&gt;\" \/><\/a><a href=\"https:\/\/live.staticflickr.com\/65535\/53644680128_cbc5a04abb_h.jpg\" title=\"Anu\u0161i\u0107: Obalni ophodni brod bio je moj prioritet, prvi \u0107emo imati do kraja ove godine\"><img decoding=\"async\" data-title=\"Anu\u0161i\u0107: Obalni ophodni brod bio je moj prioritet, prvi \u0107emo imati do kraja ove godine\" data-description=\"Potpredsjednik Vlade i ministar obrane Ivan Anu\u0161i\u0107 i na\u010delnik Glavnog sto\u017eera OSRH general-pukovnik Tihomir Kundid sa suradnicima posjetili su danas, 10. travnja 2024. u Splitu tvrtku Brodosplit d.d. te zapovjedni\u0161tvo Hrvatske ratne mornarice u vojarni 'Admiral flote Sveto Letica-Barba' | Foto: MORH\/ F. Klen\" alt=\"Anu\u0161i\u0107: Obalni ophodni brod bio je moj prioritet, prvi \u0107emo imati do kraja ove godine\" src=\"https:\/\/live.staticflickr.com\/65535\/53644680128_cbc5a04abb_h.jpg\" data-layer=\"&lt;div class=&#039;morh-gallery-image-download&#039;&gt;&lt;a href=&#039;https:\/\/live.staticflickr.com\/65535\/53644680128_508217287c_o.jpg&#039; target=&#039;_blank&#039;&gt;Slika za preuzimanje&lt;\/a&gt;&lt;\/div&gt;\" \/><\/a><a href=\"https:\/\/live.staticflickr.com\/65535\/53644927030_dd8d89d4e6_h.jpg\" title=\"Anu\u0161i\u0107: Obalni ophodni brod bio je moj prioritet, prvi \u0107emo imati do kraja ove godine\"><img decoding=\"async\" data-title=\"Anu\u0161i\u0107: Obalni ophodni brod bio je moj prioritet, prvi \u0107emo imati do kraja ove godine\" data-description=\"Potpredsjednik Vlade i ministar obrane Ivan Anu\u0161i\u0107 i na\u010delnik Glavnog sto\u017eera OSRH general-pukovnik Tihomir Kundid sa suradnicima posjetili su danas, 10. travnja 2024. u Splitu tvrtku Brodosplit d.d. te zapovjedni\u0161tvo Hrvatske ratne mornarice u vojarni 'Admiral flote Sveto Letica-Barba' | Foto: MORH\/ F. Klen\" alt=\"Anu\u0161i\u0107: Obalni ophodni brod bio je moj prioritet, prvi \u0107emo imati do kraja ove godine\" src=\"https:\/\/live.staticflickr.com\/65535\/53644927030_dd8d89d4e6_h.jpg\" data-layer=\"&lt;div class=&#039;morh-gallery-image-download&#039;&gt;&lt;a href=&#039;https:\/\/live.staticflickr.com\/65535\/53644927030_0a7e0a61a6_o.jpg&#039; target=&#039;_blank&#039;&gt;Slika za preuzimanje&lt;\/a&gt;&lt;\/div&gt;\" \/><\/a><a href=\"https:\/\/live.staticflickr.com\/65535\/53644807229_b57927809c_h.jpg\" title=\"Anu\u0161i\u0107: Obalni ophodni brod bio je moj prioritet, prvi \u0107emo imati do kraja ove godine\"><img decoding=\"async\" data-title=\"Anu\u0161i\u0107: Obalni ophodni brod bio je moj prioritet, prvi \u0107emo imati do kraja ove godine\" data-description=\"Potpredsjednik Vlade i ministar obrane Ivan Anu\u0161i\u0107 i na\u010delnik Glavnog sto\u017eera OSRH general-pukovnik Tihomir Kundid sa suradnicima posjetili su danas, 10. travnja 2024. u Splitu tvrtku Brodosplit d.d. te zapovjedni\u0161tvo Hrvatske ratne mornarice u vojarni 'Admiral flote Sveto Letica-Barba' | Foto: MORH\/ F. Klen\" alt=\"Anu\u0161i\u0107: Obalni ophodni brod bio je moj prioritet, prvi \u0107emo imati do kraja ove godine\" src=\"https:\/\/live.staticflickr.com\/65535\/53644807229_b57927809c_h.jpg\" data-layer=\"&lt;div class=&#039;morh-gallery-image-download&#039;&gt;&lt;a href=&#039;https:\/\/live.staticflickr.com\/65535\/53644807229_afbbcf0769_o.jpg&#039; target=&#039;_blank&#039;&gt;Slika za preuzimanje&lt;\/a&gt;&lt;\/div&gt;\" \/><\/a><a href=\"https:\/\/live.staticflickr.com\/65535\/53644807239_e4bb7fe83a_h.jpg\" title=\"Anu\u0161i\u0107: Obalni ophodni brod bio je moj prioritet, prvi \u0107emo imati do kraja ove godine\"><img decoding=\"async\" data-title=\"Anu\u0161i\u0107: Obalni ophodni brod bio je moj prioritet, prvi \u0107emo imati do kraja ove godine\" data-description=\"Potpredsjednik Vlade i ministar obrane Ivan Anu\u0161i\u0107 i na\u010delnik Glavnog sto\u017eera OSRH general-pukovnik Tihomir Kundid sa suradnicima posjetili su danas, 10. travnja 2024. u Splitu tvrtku Brodosplit d.d. te zapovjedni\u0161tvo Hrvatske ratne mornarice u vojarni 'Admiral flote Sveto Letica-Barba' | Foto: MORH\/ F. Klen\" alt=\"Anu\u0161i\u0107: Obalni ophodni brod bio je moj prioritet, prvi \u0107emo imati do kraja ove godine\" src=\"https:\/\/live.staticflickr.com\/65535\/53644807239_e4bb7fe83a_h.jpg\" data-layer=\"&lt;div class=&#039;morh-gallery-image-download&#039;&gt;&lt;a href=&#039;https:\/\/live.staticflickr.com\/65535\/53644807239_84ebfd9dd9_o.jpg&#039; target=&#039;_blank&#039;&gt;Slika za preuzimanje&lt;\/a&gt;&lt;\/div&gt;\" \/><\/a><a href=\"https:\/\/live.staticflickr.com\/65535\/53644927020_9d2e4a679d_h.jpg\" title=\"Anu\u0161i\u0107: Obalni ophodni brod bio je moj prioritet, prvi \u0107emo imati do kraja ove godine\"><img decoding=\"async\" data-title=\"Anu\u0161i\u0107: Obalni ophodni brod bio je moj prioritet, prvi \u0107emo imati do kraja ove godine\" data-description=\"Potpredsjednik Vlade i ministar obrane Ivan Anu\u0161i\u0107 i na\u010delnik Glavnog sto\u017eera OSRH general-pukovnik Tihomir Kundid sa suradnicima posjetili su danas, 10. travnja 2024. u Splitu tvrtku Brodosplit d.d. te zapovjedni\u0161tvo Hrvatske ratne mornarice u vojarni 'Admiral flote Sveto Letica-Barba' | Foto: MORH\/ F. Klen\" alt=\"Anu\u0161i\u0107: Obalni ophodni brod bio je moj prioritet, prvi \u0107emo imati do kraja ove godine\" src=\"https:\/\/live.staticflickr.com\/65535\/53644927020_9d2e4a679d_h.jpg\" data-layer=\"&lt;div class=&#039;morh-gallery-image-download&#039;&gt;&lt;a href=&#039;https:\/\/live.staticflickr.com\/65535\/53644927020_9169f3ec4a_o.jpg&#039; target=&#039;_blank&#039;&gt;Slika za preuzimanje&lt;\/a&gt;&lt;\/div&gt;\" \/><\/a><\/div><!--\/.morh-galleria -->\n","protected":false},"excerpt":{"rendered":"<p>&#8220;One of my priorities has been to end the agony over the construction of coastal patrol vessels. This was achieved in the last few months of my term,&#8221; Minister Anu\u0161i\u0107 said<\/p>\n","protected":false},"author":4699,"featured_media":248223,"comment_status":"closed","ping_status":"closed","sticky":false,"template":"","format":"standard","meta":{"_acf_changed":false,"_monsterinsights_skip_tracking":false,"_monsterinsights_sitenote_active":false,"_monsterinsights_sitenote_note":"","_monsterinsights_sitenote_category":0,"footnotes":""},"categories":[117],"tags":[],"class_list":["post-248222","post","type-post","status-publish","format-standard","has-post-thumbnail","hentry","category-press-releases"],"acf":[],"yoast_head":"<!-- This site is optimized with the Yoast SEO plugin v26.9 - https:\/\/yoast.com\/product\/yoast-seo-wordpress\/ -->\n<title>Anu\u0161i\u0107: My priority has been to acquire a coastal patrol vessel; the first one will be delivered by the end of this year - MORH<\/title>\n<meta name=\"description\" content=\"&quot;One of my priorities has been to end the agony over the construction of coastal patrol vessels. This was achieved in the last few months of my term,&quot; Minister Anu\u0161i\u0107 said\" \/>\n<meta name=\"robots\" content=\"index, follow, max-snippet:-1, max-image-preview:large, max-video-preview:-1\" \/>\n<link rel=\"canonical\" href=\"https:\/\/www.morh.hr\/en\/anusic-my-priority-has-been-to-acquire-a-coastal-patrol-vessel-the-first-one-will-be-delivered-by-the-end-of-this-year\/\" \/>\n<meta property=\"og:locale\" content=\"en_US\" \/>\n<meta property=\"og:type\" content=\"article\" \/>\n<meta property=\"og:title\" content=\"Anu\u0161i\u0107: My priority has been to acquire a coastal patrol vessel; the first one will be delivered by the end of this year - MORH\" \/>\n<meta property=\"og:description\" content=\"&quot;One of my priorities has been to end the agony over the construction of coastal patrol vessels. This was achieved in the last few months of my term,&quot; Minister Anu\u0161i\u0107 said\" \/>\n<meta property=\"og:url\" content=\"https:\/\/www.morh.hr\/en\/anusic-my-priority-has-been-to-acquire-a-coastal-patrol-vessel-the-first-one-will-be-delivered-by-the-end-of-this-year\/\" \/>\n<meta property=\"og:site_name\" content=\"MORH\" \/>\n<meta property=\"article:publisher\" content=\"https:\/\/www.facebook.com\/sportasiuhrvatskojvojsci\/\" \/>\n<meta property=\"article:published_time\" content=\"2024-04-10T09:16:02+00:00\" \/>\n<meta property=\"article:modified_time\" content=\"2025-01-02T10:16:48+00:00\" \/>\n<meta property=\"og:image\" content=\"https:\/\/www.morh.hr\/wp-content\/uploads\/2025\/01\/2024-04-10-brodosplit.jpg\" \/>\n\t<meta property=\"og:image:width\" content=\"2400\" \/>\n\t<meta property=\"og:image:height\" content=\"1597\" \/>\n\t<meta property=\"og:image:type\" content=\"image\/jpeg\" \/>\n<meta name=\"author\" content=\"Mladen\" \/>\n<meta name=\"twitter:card\" content=\"summary_large_image\" \/>\n<meta name=\"twitter:creator\" content=\"@morh_osrh\" \/>\n<meta name=\"twitter:site\" content=\"@morh_osrh\" \/>\n<meta name=\"twitter:label1\" content=\"Written by\" \/>\n\t<meta name=\"twitter:data1\" content=\"Mladen\" \/>\n\t<meta name=\"twitter:label2\" content=\"Est. reading time\" \/>\n\t<meta name=\"twitter:data2\" content=\"4 minutes\" \/>\n<script type=\"application\/ld+json\" class=\"yoast-schema-graph\">{\"@context\":\"https:\/\/schema.org\",\"@graph\":[{\"@type\":\"Article\",\"@id\":\"https:\/\/www.morh.hr\/en\/anusic-my-priority-has-been-to-acquire-a-coastal-patrol-vessel-the-first-one-will-be-delivered-by-the-end-of-this-year\/#article\",\"isPartOf\":{\"@id\":\"https:\/\/www.morh.hr\/en\/anusic-my-priority-has-been-to-acquire-a-coastal-patrol-vessel-the-first-one-will-be-delivered-by-the-end-of-this-year\/\"},\"author\":{\"name\":\"Mladen\",\"@id\":\"https:\/\/www.morh.hr\/en\/#\/schema\/person\/ec8e2528a579067d8bda0ae2124ac768\"},\"headline\":\"Anu\u0161i\u0107: My priority has been to acquire a coastal patrol vessel; the first one will be delivered by the end of this year\",\"datePublished\":\"2024-04-10T09:16:02+00:00\",\"dateModified\":\"2025-01-02T10:16:48+00:00\",\"mainEntityOfPage\":{\"@id\":\"https:\/\/www.morh.hr\/en\/anusic-my-priority-has-been-to-acquire-a-coastal-patrol-vessel-the-first-one-will-be-delivered-by-the-end-of-this-year\/\"},\"wordCount\":584,\"image\":{\"@id\":\"https:\/\/www.morh.hr\/en\/anusic-my-priority-has-been-to-acquire-a-coastal-patrol-vessel-the-first-one-will-be-delivered-by-the-end-of-this-year\/#primaryimage\"},\"thumbnailUrl\":\"https:\/\/www.morh.hr\/wp-content\/uploads\/2025\/01\/2024-04-10-brodosplit.jpg\",\"articleSection\":[\"Press releases\"],\"inLanguage\":\"en-US\"},{\"@type\":\"WebPage\",\"@id\":\"https:\/\/www.morh.hr\/en\/anusic-my-priority-has-been-to-acquire-a-coastal-patrol-vessel-the-first-one-will-be-delivered-by-the-end-of-this-year\/\",\"url\":\"https:\/\/www.morh.hr\/en\/anusic-my-priority-has-been-to-acquire-a-coastal-patrol-vessel-the-first-one-will-be-delivered-by-the-end-of-this-year\/\",\"name\":\"Anu\u0161i\u0107: My priority has been to acquire a coastal patrol vessel; the first one will be delivered by the end of this year - MORH\",\"isPartOf\":{\"@id\":\"https:\/\/www.morh.hr\/en\/#website\"},\"primaryImageOfPage\":{\"@id\":\"https:\/\/www.morh.hr\/en\/anusic-my-priority-has-been-to-acquire-a-coastal-patrol-vessel-the-first-one-will-be-delivered-by-the-end-of-this-year\/#primaryimage\"},\"image\":{\"@id\":\"https:\/\/www.morh.hr\/en\/anusic-my-priority-has-been-to-acquire-a-coastal-patrol-vessel-the-first-one-will-be-delivered-by-the-end-of-this-year\/#primaryimage\"},\"thumbnailUrl\":\"https:\/\/www.morh.hr\/wp-content\/uploads\/2025\/01\/2024-04-10-brodosplit.jpg\",\"datePublished\":\"2024-04-10T09:16:02+00:00\",\"dateModified\":\"2025-01-02T10:16:48+00:00\",\"author\":{\"@id\":\"https:\/\/www.morh.hr\/en\/#\/schema\/person\/ec8e2528a579067d8bda0ae2124ac768\"},\"description\":\"\\\"One of my priorities has been to end the agony over the construction of coastal patrol vessels. This was achieved in the last few months of my term,\\\" Minister Anu\u0161i\u0107 said\",\"breadcrumb\":{\"@id\":\"https:\/\/www.morh.hr\/en\/anusic-my-priority-has-been-to-acquire-a-coastal-patrol-vessel-the-first-one-will-be-delivered-by-the-end-of-this-year\/#breadcrumb\"},\"inLanguage\":\"en-US\",\"potentialAction\":[{\"@type\":\"ReadAction\",\"target\":[\"https:\/\/www.morh.hr\/en\/anusic-my-priority-has-been-to-acquire-a-coastal-patrol-vessel-the-first-one-will-be-delivered-by-the-end-of-this-year\/\"]}]},{\"@type\":\"ImageObject\",\"inLanguage\":\"en-US\",\"@id\":\"https:\/\/www.morh.hr\/en\/anusic-my-priority-has-been-to-acquire-a-coastal-patrol-vessel-the-first-one-will-be-delivered-by-the-end-of-this-year\/#primaryimage\",\"url\":\"https:\/\/www.morh.hr\/wp-content\/uploads\/2025\/01\/2024-04-10-brodosplit.jpg\",\"contentUrl\":\"https:\/\/www.morh.hr\/wp-content\/uploads\/2025\/01\/2024-04-10-brodosplit.jpg\",\"width\":2400,\"height\":1597,\"caption\":\"Anu\u0161i\u0107: My priority has been to acquire a coastal patrol vessel; the first one will be delivered by the end of this year | Foto: MORH\/ J. Kopi\"},{\"@type\":\"BreadcrumbList\",\"@id\":\"https:\/\/www.morh.hr\/en\/anusic-my-priority-has-been-to-acquire-a-coastal-patrol-vessel-the-first-one-will-be-delivered-by-the-end-of-this-year\/#breadcrumb\",\"itemListElement\":[{\"@type\":\"ListItem\",\"position\":1,\"name\":\"Naslovnica\",\"item\":\"https:\/\/www.morh.hr\/en\/\"},{\"@type\":\"ListItem\",\"position\":2,\"name\":\"News\",\"item\":\"https:\/\/www.morh.hr\/en\/kategorija\/news\/\"},{\"@type\":\"ListItem\",\"position\":3,\"name\":\"Press releases\",\"item\":\"https:\/\/www.morh.hr\/en\/kategorija\/news\/press-releases\/\"},{\"@type\":\"ListItem\",\"position\":4,\"name\":\"Anu\u0161i\u0107: My priority has been to acquire a coastal patrol vessel; the first one will be delivered by the end of this year\"}]},{\"@type\":\"WebSite\",\"@id\":\"https:\/\/www.morh.hr\/en\/#website\",\"url\":\"https:\/\/www.morh.hr\/en\/\",\"name\":\"MORH\",\"description\":\"Ministarstvo obrane Republike Hrvatske - slu\u017ebene stranice\",\"potentialAction\":[{\"@type\":\"SearchAction\",\"target\":{\"@type\":\"EntryPoint\",\"urlTemplate\":\"https:\/\/www.morh.hr\/en\/?s={search_term_string}\"},\"query-input\":{\"@type\":\"PropertyValueSpecification\",\"valueRequired\":true,\"valueName\":\"search_term_string\"}}],\"inLanguage\":\"en-US\"},{\"@type\":\"Person\",\"@id\":\"https:\/\/www.morh.hr\/en\/#\/schema\/person\/ec8e2528a579067d8bda0ae2124ac768\",\"name\":\"Mladen\",\"image\":{\"@type\":\"ImageObject\",\"inLanguage\":\"en-US\",\"@id\":\"https:\/\/www.morh.hr\/en\/#\/schema\/person\/image\/\",\"url\":\"https:\/\/secure.gravatar.com\/avatar\/3d5ea7ca0d0a523cf2ec98548db52f920a5f6bbfd2c1aa63d237c2f445528cf7?s=96&d=mm&r=g\",\"contentUrl\":\"https:\/\/secure.gravatar.com\/avatar\/3d5ea7ca0d0a523cf2ec98548db52f920a5f6bbfd2c1aa63d237c2f445528cf7?s=96&d=mm&r=g\",\"caption\":\"Mladen\"}}]}<\/script>\n<!-- \/ Yoast SEO plugin. -->","yoast_head_json":{"title":"Anu\u0161i\u0107: My priority has been to acquire a coastal patrol vessel; the first one will be delivered by the end of this year - MORH","description":"\"One of my priorities has been to end the agony over the construction of coastal patrol vessels. This was achieved in the last few months of my term,\" Minister Anu\u0161i\u0107 said","robots":{"index":"index","follow":"follow","max-snippet":"max-snippet:-1","max-image-preview":"max-image-preview:large","max-video-preview":"max-video-preview:-1"},"canonical":"https:\/\/www.morh.hr\/en\/anusic-my-priority-has-been-to-acquire-a-coastal-patrol-vessel-the-first-one-will-be-delivered-by-the-end-of-this-year\/","og_locale":"en_US","og_type":"article","og_title":"Anu\u0161i\u0107: My priority has been to acquire a coastal patrol vessel; the first one will be delivered by the end of this year - MORH","og_description":"\"One of my priorities has been to end the agony over the construction of coastal patrol vessels. This was achieved in the last few months of my term,\" Minister Anu\u0161i\u0107 said","og_url":"https:\/\/www.morh.hr\/en\/anusic-my-priority-has-been-to-acquire-a-coastal-patrol-vessel-the-first-one-will-be-delivered-by-the-end-of-this-year\/","og_site_name":"MORH","article_publisher":"https:\/\/www.facebook.com\/sportasiuhrvatskojvojsci\/","article_published_time":"2024-04-10T09:16:02+00:00","article_modified_time":"2025-01-02T10:16:48+00:00","og_image":[{"width":2400,"height":1597,"url":"https:\/\/www.morh.hr\/wp-content\/uploads\/2025\/01\/2024-04-10-brodosplit.jpg","type":"image\/jpeg"}],"author":"Mladen","twitter_card":"summary_large_image","twitter_creator":"@morh_osrh","twitter_site":"@morh_osrh","twitter_misc":{"Written by":"Mladen","Est. reading time":"4 minutes"},"schema":{"@context":"https:\/\/schema.org","@graph":[{"@type":"Article","@id":"https:\/\/www.morh.hr\/en\/anusic-my-priority-has-been-to-acquire-a-coastal-patrol-vessel-the-first-one-will-be-delivered-by-the-end-of-this-year\/#article","isPartOf":{"@id":"https:\/\/www.morh.hr\/en\/anusic-my-priority-has-been-to-acquire-a-coastal-patrol-vessel-the-first-one-will-be-delivered-by-the-end-of-this-year\/"},"author":{"name":"Mladen","@id":"https:\/\/www.morh.hr\/en\/#\/schema\/person\/ec8e2528a579067d8bda0ae2124ac768"},"headline":"Anu\u0161i\u0107: My priority has been to acquire a coastal patrol vessel; the first one will be delivered by the end of this year","datePublished":"2024-04-10T09:16:02+00:00","dateModified":"2025-01-02T10:16:48+00:00","mainEntityOfPage":{"@id":"https:\/\/www.morh.hr\/en\/anusic-my-priority-has-been-to-acquire-a-coastal-patrol-vessel-the-first-one-will-be-delivered-by-the-end-of-this-year\/"},"wordCount":584,"image":{"@id":"https:\/\/www.morh.hr\/en\/anusic-my-priority-has-been-to-acquire-a-coastal-patrol-vessel-the-first-one-will-be-delivered-by-the-end-of-this-year\/#primaryimage"},"thumbnailUrl":"https:\/\/www.morh.hr\/wp-content\/uploads\/2025\/01\/2024-04-10-brodosplit.jpg","articleSection":["Press releases"],"inLanguage":"en-US"},{"@type":"WebPage","@id":"https:\/\/www.morh.hr\/en\/anusic-my-priority-has-been-to-acquire-a-coastal-patrol-vessel-the-first-one-will-be-delivered-by-the-end-of-this-year\/","url":"https:\/\/www.morh.hr\/en\/anusic-my-priority-has-been-to-acquire-a-coastal-patrol-vessel-the-first-one-will-be-delivered-by-the-end-of-this-year\/","name":"Anu\u0161i\u0107: My priority has been to acquire a coastal patrol vessel; the first one will be delivered by the end of this year - MORH","isPartOf":{"@id":"https:\/\/www.morh.hr\/en\/#website"},"primaryImageOfPage":{"@id":"https:\/\/www.morh.hr\/en\/anusic-my-priority-has-been-to-acquire-a-coastal-patrol-vessel-the-first-one-will-be-delivered-by-the-end-of-this-year\/#primaryimage"},"image":{"@id":"https:\/\/www.morh.hr\/en\/anusic-my-priority-has-been-to-acquire-a-coastal-patrol-vessel-the-first-one-will-be-delivered-by-the-end-of-this-year\/#primaryimage"},"thumbnailUrl":"https:\/\/www.morh.hr\/wp-content\/uploads\/2025\/01\/2024-04-10-brodosplit.jpg","datePublished":"2024-04-10T09:16:02+00:00","dateModified":"2025-01-02T10:16:48+00:00","author":{"@id":"https:\/\/www.morh.hr\/en\/#\/schema\/person\/ec8e2528a579067d8bda0ae2124ac768"},"description":"\"One of my priorities has been to end the agony over the construction of coastal patrol vessels. This was achieved in the last few months of my term,\" Minister Anu\u0161i\u0107 said","breadcrumb":{"@id":"https:\/\/www.morh.hr\/en\/anusic-my-priority-has-been-to-acquire-a-coastal-patrol-vessel-the-first-one-will-be-delivered-by-the-end-of-this-year\/#breadcrumb"},"inLanguage":"en-US","potentialAction":[{"@type":"ReadAction","target":["https:\/\/www.morh.hr\/en\/anusic-my-priority-has-been-to-acquire-a-coastal-patrol-vessel-the-first-one-will-be-delivered-by-the-end-of-this-year\/"]}]},{"@type":"ImageObject","inLanguage":"en-US","@id":"https:\/\/www.morh.hr\/en\/anusic-my-priority-has-been-to-acquire-a-coastal-patrol-vessel-the-first-one-will-be-delivered-by-the-end-of-this-year\/#primaryimage","url":"https:\/\/www.morh.hr\/wp-content\/uploads\/2025\/01\/2024-04-10-brodosplit.jpg","contentUrl":"https:\/\/www.morh.hr\/wp-content\/uploads\/2025\/01\/2024-04-10-brodosplit.jpg","width":2400,"height":1597,"caption":"Anu\u0161i\u0107: My priority has been to acquire a coastal patrol vessel; the first one will be delivered by the end of this year | Foto: MORH\/ J. Kopi"},{"@type":"BreadcrumbList","@id":"https:\/\/www.morh.hr\/en\/anusic-my-priority-has-been-to-acquire-a-coastal-patrol-vessel-the-first-one-will-be-delivered-by-the-end-of-this-year\/#breadcrumb","itemListElement":[{"@type":"ListItem","position":1,"name":"Naslovnica","item":"https:\/\/www.morh.hr\/en\/"},{"@type":"ListItem","position":2,"name":"News","item":"https:\/\/www.morh.hr\/en\/kategorija\/news\/"},{"@type":"ListItem","position":3,"name":"Press releases","item":"https:\/\/www.morh.hr\/en\/kategorija\/news\/press-releases\/"},{"@type":"ListItem","position":4,"name":"Anu\u0161i\u0107: My priority has been to acquire a coastal patrol vessel; the first one will be delivered by the end of this year"}]},{"@type":"WebSite","@id":"https:\/\/www.morh.hr\/en\/#website","url":"https:\/\/www.morh.hr\/en\/","name":"MORH","description":"Ministarstvo obrane Republike Hrvatske - slu\u017ebene stranice","potentialAction":[{"@type":"SearchAction","target":{"@type":"EntryPoint","urlTemplate":"https:\/\/www.morh.hr\/en\/?s={search_term_string}"},"query-input":{"@type":"PropertyValueSpecification","valueRequired":true,"valueName":"search_term_string"}}],"inLanguage":"en-US"},{"@type":"Person","@id":"https:\/\/www.morh.hr\/en\/#\/schema\/person\/ec8e2528a579067d8bda0ae2124ac768","name":"Mladen","image":{"@type":"ImageObject","inLanguage":"en-US","@id":"https:\/\/www.morh.hr\/en\/#\/schema\/person\/image\/","url":"https:\/\/secure.gravatar.com\/avatar\/3d5ea7ca0d0a523cf2ec98548db52f920a5f6bbfd2c1aa63d237c2f445528cf7?s=96&d=mm&r=g","contentUrl":"https:\/\/secure.gravatar.com\/avatar\/3d5ea7ca0d0a523cf2ec98548db52f920a5f6bbfd2c1aa63d237c2f445528cf7?s=96&d=mm&r=g","caption":"Mladen"}}]}},"_links":{"self":[{"href":"https:\/\/www.morh.hr\/en\/wp-json\/wp\/v2\/posts\/248222","targetHints":{"allow":["GET"]}}],"collection":[{"href":"https:\/\/www.morh.hr\/en\/wp-json\/wp\/v2\/posts"}],"about":[{"href":"https:\/\/www.morh.hr\/en\/wp-json\/wp\/v2\/types\/post"}],"author":[{"embeddable":true,"href":"https:\/\/www.morh.hr\/en\/wp-json\/wp\/v2\/users\/4699"}],"replies":[{"embeddable":true,"href":"https:\/\/www.morh.hr\/en\/wp-json\/wp\/v2\/comments?post=248222"}],"version-history":[{"count":0,"href":"https:\/\/www.morh.hr\/en\/wp-json\/wp\/v2\/posts\/248222\/revisions"}],"wp:featuredmedia":[{"embeddable":true,"href":"https:\/\/www.morh.hr\/en\/wp-json\/wp\/v2\/media\/248223"}],"wp:attachment":[{"href":"https:\/\/www.morh.hr\/en\/wp-json\/wp\/v2\/media?parent=248222"}],"wp:term":[{"taxonomy":"category","embeddable":true,"href":"https:\/\/www.morh.hr\/en\/wp-json\/wp\/v2\/categories?post=248222"},{"taxonomy":"post_tag","embeddable":true,"href":"https:\/\/www.morh.hr\/en\/wp-json\/wp\/v2\/tags?post=248222"}],"curies":[{"name":"wp","href":"https:\/\/api.w.org\/{rel}","templated":true}]}}