{"id":248467,"date":"2024-11-18T15:01:26","date_gmt":"2024-11-18T14:01:26","guid":{"rendered":"https:\/\/www.morh.hr\/?p=248467"},"modified":"2025-11-26T15:13:36","modified_gmt":"2025-11-26T14:13:36","slug":"the-day-of-remembrance-of-the-victims-of-vukovar-was-marked-with-pride-and-dignity","status":"publish","type":"post","link":"https:\/\/www.morh.hr\/en\/the-day-of-remembrance-of-the-victims-of-vukovar-was-marked-with-pride-and-dignity\/","title":{"rendered":"The Day of Remembrance of the Victims of Vukovar was marked with pride and dignity"},"content":{"rendered":"<p>Deputy Prime Minister and Minister of Defence Ivan Anu\u0161i\u0107, as part of the delegation of the Government of the Republic of Croatia led by Prime Minister Andrej Plenkovi\u0107 participated on Monday, 18 November 2024 in Vukovar at commemoration of the 33rd anniversary of the suffering of Vukovar, on the occasion of commemoration of the Day of Remembrance of the Victims of the Homeland War and the Day of Remembrance of the victims of Vukovar and \u0160kabrnja.<\/p>\n<p>On that occasion, Minister Anu\u0161i\u0107 said that today the whole of Croatia united in Vukovar to pay their respects to the greatest battle and the greatest period of the Homeland War, which took place in Vukovar.<\/p>\n<p><iframe loading=\"lazy\" title=\"Ponosno i dostojanstveno obilje\u017een Dan sje\u0107anja na \u017ertvu Vukovara\" width=\"868\" height=\"488\" src=\"https:\/\/www.youtube.com\/embed\/cySt_zC7Pmo?wmode=transparent&amp;rel=0&amp;feature=oembed\" frameborder=\"0\" allow=\"accelerometer; autoplay; clipboard-write; encrypted-media; gyroscope; picture-in-picture; web-share\" referrerpolicy=\"strict-origin-when-cross-origin\" allowfullscreen><\/iframe><\/p>\n<p>We must all be aware of the sacrifice of Vukovar, because if Vukovar had not endured as long as it did, Croatia would not have been able to defend itself, much more of Croatia&#8217;s territory would have been occupied and it would have been much more difficult to liberate Croatia in 1995. &#8220;Vukovar, which was our biggest wound, biggest trauma and biggest sadness, is slowly growing into a place of the greatest inspiration and pride,&#8221; the Minister pointed out.<\/p>\n<p>The commemoration began in front of the &#8220;Dr. Juraj Njavro&#8221; National Memorial Hospital, where, for that occasion, the programme &#8220;Vukovar is a place of special patriotic reverence&#8221; was held. Aftewards, the Column of Remembrance was formed, which set out on the Way of the Cross through the streets of Vukovar.<\/p>\n<p>The Column of Remembrance was led by the war veterans of Vukovar together with family members of the detained, missing, killed and deceased defenders led by members of the Croatian police who defended Vukovar, and in front of them more than 2,600 young people dressed in white T-shirts with written names of the victims of aggression on Vukovar walked through the streets of Vukovar.<\/p>\n<p>Before the start of the special programme, the Speaker of the Croatian Parliament Gordan Jandrokovi\u0107 said that on this day we should remember the victims and express our gratitude to all Croatian war veterans, the political leadership at the time headed by President Tu\u0111man, and keep Vukovar in our hearts.<\/p>\n<p>The Prime Minister of the Republic of Croatia Andrej Plenkovi\u0107 said that it is up to us, on the foundations of the modern Croatian state, which is the Homeland War, to make maximum efforts to adequately repay the war veterans and their families in everything we do and to make the symbols of the Homeland War the foundation of the modern Croatian state.<\/p>\n<p>The representatives of the Croatian war defenders of Vukovar, the delegation of the President of the Republic of Croatia led by the Head of the Office of the President of the Republic Orsat Miljeni\u0107, the delegation of the Croatian Parliament led by the Speaker Gordan Jandrokovi\u0107, the delegation of the Government of the Republic of Croatia led by Prime Minister Andrej Plenkovi\u0107 paid tribute to the victims of Vukovar by laying wreaths and lighting candles in front of the Memorial to the Victims of the Homeland War, delegation of the Vukovar-Srijem County and the City of Vukovar.<\/p>\n<p>The prayer for the victims of the Homeland War was led by Msgr. \u0110uro Hrani\u0107, Archbishop and Metropolitan of \u0110akovo-Osijek, and the mass celebration for all victims of the Homeland War was celebrated by Msgr. Dra\u017een Kutle\u0161a, Archbishop and Metropolitan of Zagreb.<\/p>\n<p>During the sermon, he said that the remembrance of Vukovar can get us back to true values &#8211; religion, family and homeland, which form the core of personal and national identity. &#8220;The sacrifice of our fallen veterans bears a deep resemblance to the sacrifice of Christ, and the veterans still today call us to be faithful to truth, justice and freedom with the lesson that their sacrifice remains a permanent support in dealing with the challenges of the integrity of life,&#8221; emphasized Archbishop Kutle\u0161a.<\/p>\n<p>At the end of the commemoration, the delegations of the Croatian Parliament and the Government of the Republic of Croatia laid wreaths and lit candles at the Ov\u010dara mass grave memorial.<\/p>\n<div class=\"morh-galleria\"><a href=\"https:\/\/live.staticflickr.com\/65535\/54148527346_37a54b5d2d_h.jpg\" title=\"Ponosno i dostojanstveno obilje\u017een Dan sje\u0107anja na \u017ertvu Vukovara\"><img decoding=\"async\" data-title=\"Ponosno i dostojanstveno obilje\u017een Dan sje\u0107anja na \u017ertvu Vukovara\" data-description=\"Potpredsjednik Vlade i ministar obrane Ivan Anu\u0161i\u0107 u sklopu izaslanstva Vlade Republike Hrvatske, predvo\u0111enog predsjednikom Vlade Andrejem Plenkovi\u0107em, sudjelovao je u ponedjeljak 18. studenog 2024. godine u Vukovaru na obilje\u017eavanju 33. obljetnice stradanja Vukovara, u prigodi obilje\u017eavanja Dana sje\u0107anja na \u017ertve Domovinskog rata i Dana sje\u0107anja na \u017ertvu Vukovara i \u0160kabrnje | Foto: MORH\/ J. Kopi\" alt=\"Ponosno i dostojanstveno obilje\u017een Dan sje\u0107anja na \u017ertvu Vukovara\" src=\"https:\/\/live.staticflickr.com\/65535\/54148527346_37a54b5d2d_h.jpg\" data-layer=\"&lt;div class=&#039;morh-gallery-image-download&#039;&gt;&lt;a href=&#039;https:\/\/live.staticflickr.com\/65535\/54148527346_cc82affd41_o.jpg&#039; target=&#039;_blank&#039;&gt;Slika za preuzimanje&lt;\/a&gt;&lt;\/div&gt;\" \/><\/a><a href=\"https:\/\/live.staticflickr.com\/65535\/54148527376_902a825ea8_h.jpg\" title=\"Ponosno i dostojanstveno obilje\u017een Dan sje\u0107anja na \u017ertvu Vukovara\"><img decoding=\"async\" data-title=\"Ponosno i dostojanstveno obilje\u017een Dan sje\u0107anja na \u017ertvu Vukovara\" data-description=\"Potpredsjednik Vlade i ministar obrane Ivan Anu\u0161i\u0107 u sklopu izaslanstva Vlade Republike Hrvatske, predvo\u0111enog predsjednikom Vlade Andrejem Plenkovi\u0107em, sudjelovao je u ponedjeljak 18. studenog 2024. godine u Vukovaru na obilje\u017eavanju 33. obljetnice stradanja Vukovara, u prigodi obilje\u017eavanja Dana sje\u0107anja na \u017ertve Domovinskog rata i Dana sje\u0107anja na \u017ertvu Vukovara i \u0160kabrnje | Foto: MORH\/ J. Kopi\" alt=\"Ponosno i dostojanstveno obilje\u017een Dan sje\u0107anja na \u017ertvu Vukovara\" src=\"https:\/\/live.staticflickr.com\/65535\/54148527376_902a825ea8_h.jpg\" data-layer=\"&lt;div class=&#039;morh-gallery-image-download&#039;&gt;&lt;a href=&#039;https:\/\/live.staticflickr.com\/65535\/54148527376_a4f7cff4ef_o.jpg&#039; target=&#039;_blank&#039;&gt;Slika za preuzimanje&lt;\/a&gt;&lt;\/div&gt;\" \/><\/a><a href=\"https:\/\/live.staticflickr.com\/65535\/54148817548_283119087f_h.jpg\" title=\"Ponosno i dostojanstveno obilje\u017een Dan sje\u0107anja na \u017ertvu Vukovara\"><img decoding=\"async\" data-title=\"Ponosno i dostojanstveno obilje\u017een Dan sje\u0107anja na \u017ertvu Vukovara\" data-description=\"Potpredsjednik Vlade i ministar obrane Ivan Anu\u0161i\u0107 u sklopu izaslanstva Vlade Republike Hrvatske, predvo\u0111enog predsjednikom Vlade Andrejem Plenkovi\u0107em, sudjelovao je u ponedjeljak 18. studenog 2024. godine u Vukovaru na obilje\u017eavanju 33. obljetnice stradanja Vukovara, u prigodi obilje\u017eavanja Dana sje\u0107anja na \u017ertve Domovinskog rata i Dana sje\u0107anja na \u017ertvu Vukovara i \u0160kabrnje | Foto: MORH\/ J. Kopi\" alt=\"Ponosno i dostojanstveno obilje\u017een Dan sje\u0107anja na \u017ertvu Vukovara\" src=\"https:\/\/live.staticflickr.com\/65535\/54148817548_283119087f_h.jpg\" data-layer=\"&lt;div class=&#039;morh-gallery-image-download&#039;&gt;&lt;a href=&#039;https:\/\/live.staticflickr.com\/65535\/54148817548_834ed3eeb9_o.jpg&#039; target=&#039;_blank&#039;&gt;Slika za preuzimanje&lt;\/a&gt;&lt;\/div&gt;\" \/><\/a><a href=\"https:\/\/live.staticflickr.com\/65535\/54148989015_b64cb8da10_h.jpg\" title=\"Ponosno i dostojanstveno obilje\u017een Dan sje\u0107anja na \u017ertvu Vukovara\"><img decoding=\"async\" data-title=\"Ponosno i dostojanstveno obilje\u017een Dan sje\u0107anja na \u017ertvu Vukovara\" data-description=\"Potpredsjednik Vlade i ministar obrane Ivan Anu\u0161i\u0107 u sklopu izaslanstva Vlade Republike Hrvatske, predvo\u0111enog predsjednikom Vlade Andrejem Plenkovi\u0107em, sudjelovao je u ponedjeljak 18. studenog 2024. godine u Vukovaru na obilje\u017eavanju 33. obljetnice stradanja Vukovara, u prigodi obilje\u017eavanja Dana sje\u0107anja na \u017ertve Domovinskog rata i Dana sje\u0107anja na \u017ertvu Vukovara i \u0160kabrnje | Foto: MORH\/ J. Kopi\" alt=\"Ponosno i dostojanstveno obilje\u017een Dan sje\u0107anja na \u017ertvu Vukovara\" src=\"https:\/\/live.staticflickr.com\/65535\/54148989015_b64cb8da10_h.jpg\" data-layer=\"&lt;div class=&#039;morh-gallery-image-download&#039;&gt;&lt;a href=&#039;https:\/\/live.staticflickr.com\/65535\/54148989015_51b03ec35c_o.jpg&#039; target=&#039;_blank&#039;&gt;Slika za preuzimanje&lt;\/a&gt;&lt;\/div&gt;\" \/><\/a><a href=\"https:\/\/live.staticflickr.com\/65535\/54147676872_a9df5a5e20_h.jpg\" title=\"Ponosno i dostojanstveno obilje\u017een Dan sje\u0107anja na \u017ertvu Vukovara\"><img decoding=\"async\" data-title=\"Ponosno i dostojanstveno obilje\u017een Dan sje\u0107anja na \u017ertvu Vukovara\" data-description=\"Potpredsjednik Vlade i ministar obrane Ivan Anu\u0161i\u0107 u sklopu izaslanstva Vlade Republike Hrvatske, predvo\u0111enog predsjednikom Vlade Andrejem Plenkovi\u0107em, sudjelovao je u ponedjeljak 18. studenog 2024. godine u Vukovaru na obilje\u017eavanju 33. obljetnice stradanja Vukovara, u prigodi obilje\u017eavanja Dana sje\u0107anja na \u017ertve Domovinskog rata i Dana sje\u0107anja na \u017ertvu Vukovara i \u0160kabrnje | Foto: MORH\/ J. Kopi\" alt=\"Ponosno i dostojanstveno obilje\u017een Dan sje\u0107anja na \u017ertvu Vukovara\" src=\"https:\/\/live.staticflickr.com\/65535\/54147676872_a9df5a5e20_h.jpg\" data-layer=\"&lt;div class=&#039;morh-gallery-image-download&#039;&gt;&lt;a href=&#039;https:\/\/live.staticflickr.com\/65535\/54147676872_392d4e144d_o.jpg&#039; target=&#039;_blank&#039;&gt;Slika za preuzimanje&lt;\/a&gt;&lt;\/div&gt;\" \/><\/a><a href=\"https:\/\/live.staticflickr.com\/65535\/54148526671_3e6e8ef4e7_h.jpg\" title=\"Ponosno i dostojanstveno obilje\u017een Dan sje\u0107anja na \u017ertvu Vukovara\"><img decoding=\"async\" data-title=\"Ponosno i dostojanstveno obilje\u017een Dan sje\u0107anja na \u017ertvu Vukovara\" data-description=\"Potpredsjednik Vlade i ministar obrane Ivan Anu\u0161i\u0107 u sklopu izaslanstva Vlade Republike Hrvatske, predvo\u0111enog predsjednikom Vlade Andrejem Plenkovi\u0107em, sudjelovao je u ponedjeljak 18. studenog 2024. godine u Vukovaru na obilje\u017eavanju 33. obljetnice stradanja Vukovara, u prigodi obilje\u017eavanja Dana sje\u0107anja na \u017ertve Domovinskog rata i Dana sje\u0107anja na \u017ertvu Vukovara i \u0160kabrnje | Foto: MORH\/ J. Kopi\" alt=\"Ponosno i dostojanstveno obilje\u017een Dan sje\u0107anja na \u017ertvu Vukovara\" src=\"https:\/\/live.staticflickr.com\/65535\/54148526671_3e6e8ef4e7_h.jpg\" data-layer=\"&lt;div class=&#039;morh-gallery-image-download&#039;&gt;&lt;a href=&#039;https:\/\/live.staticflickr.com\/65535\/54148526671_e8dfa5c86a_o.jpg&#039; target=&#039;_blank&#039;&gt;Slika za preuzimanje&lt;\/a&gt;&lt;\/div&gt;\" \/><\/a><a href=\"https:\/\/live.staticflickr.com\/65535\/54148850744_acf32fb825_h.jpg\" title=\"Ponosno i dostojanstveno obilje\u017een Dan sje\u0107anja na \u017ertvu Vukovara\"><img decoding=\"async\" data-title=\"Ponosno i dostojanstveno obilje\u017een Dan sje\u0107anja na \u017ertvu Vukovara\" data-description=\"Potpredsjednik Vlade i ministar obrane Ivan Anu\u0161i\u0107 u sklopu izaslanstva Vlade Republike Hrvatske, predvo\u0111enog predsjednikom Vlade Andrejem Plenkovi\u0107em, sudjelovao je u ponedjeljak 18. studenog 2024. godine u Vukovaru na obilje\u017eavanju 33. obljetnice stradanja Vukovara, u prigodi obilje\u017eavanja Dana sje\u0107anja na \u017ertve Domovinskog rata i Dana sje\u0107anja na \u017ertvu Vukovara i \u0160kabrnje | Foto: MORH\/ J. Kopi\" alt=\"Ponosno i dostojanstveno obilje\u017een Dan sje\u0107anja na \u017ertvu Vukovara\" src=\"https:\/\/live.staticflickr.com\/65535\/54148850744_acf32fb825_h.jpg\" data-layer=\"&lt;div class=&#039;morh-gallery-image-download&#039;&gt;&lt;a href=&#039;https:\/\/live.staticflickr.com\/65535\/54148850744_95cdcb6bdb_o.jpg&#039; target=&#039;_blank&#039;&gt;Slika za preuzimanje&lt;\/a&gt;&lt;\/div&gt;\" \/><\/a><a href=\"https:\/\/live.staticflickr.com\/65535\/54148989135_1e86b69939_h.jpg\" title=\"Ponosno i dostojanstveno obilje\u017een Dan sje\u0107anja na \u017ertvu Vukovara\"><img decoding=\"async\" data-title=\"Ponosno i dostojanstveno obilje\u017een Dan sje\u0107anja na \u017ertvu Vukovara\" data-description=\"Potpredsjednik Vlade i ministar obrane Ivan Anu\u0161i\u0107 u sklopu izaslanstva Vlade Republike Hrvatske, predvo\u0111enog predsjednikom Vlade Andrejem Plenkovi\u0107em, sudjelovao je u ponedjeljak 18. studenog 2024. godine u Vukovaru na obilje\u017eavanju 33. obljetnice stradanja Vukovara, u prigodi obilje\u017eavanja Dana sje\u0107anja na \u017ertve Domovinskog rata i Dana sje\u0107anja na \u017ertvu Vukovara i \u0160kabrnje | Foto: MORH\/ G. Resovac\" alt=\"Ponosno i dostojanstveno obilje\u017een Dan sje\u0107anja na \u017ertvu Vukovara\" src=\"https:\/\/live.staticflickr.com\/65535\/54148989135_1e86b69939_h.jpg\" data-layer=\"&lt;div class=&#039;morh-gallery-image-download&#039;&gt;&lt;a href=&#039;https:\/\/live.staticflickr.com\/65535\/54148989135_5c901b2da4_o.jpg&#039; target=&#039;_blank&#039;&gt;Slika za preuzimanje&lt;\/a&gt;&lt;\/div&gt;\" \/><\/a><a href=\"https:\/\/live.staticflickr.com\/65535\/54148850729_64beda6c9a_h.jpg\" title=\"Ponosno i dostojanstveno obilje\u017een Dan sje\u0107anja na \u017ertvu Vukovara\"><img decoding=\"async\" data-title=\"Ponosno i dostojanstveno obilje\u017een Dan sje\u0107anja na \u017ertvu Vukovara\" data-description=\"Potpredsjednik Vlade i ministar obrane Ivan Anu\u0161i\u0107 u sklopu izaslanstva Vlade Republike Hrvatske, predvo\u0111enog predsjednikom Vlade Andrejem Plenkovi\u0107em, sudjelovao je u ponedjeljak 18. studenog 2024. godine u Vukovaru na obilje\u017eavanju 33. obljetnice stradanja Vukovara, u prigodi obilje\u017eavanja Dana sje\u0107anja na \u017ertve Domovinskog rata i Dana sje\u0107anja na \u017ertvu Vukovara i \u0160kabrnje | Foto: MORH\/ J. Kopi\" alt=\"Ponosno i dostojanstveno obilje\u017een Dan sje\u0107anja na \u017ertvu Vukovara\" src=\"https:\/\/live.staticflickr.com\/65535\/54148850729_64beda6c9a_h.jpg\" data-layer=\"&lt;div class=&#039;morh-gallery-image-download&#039;&gt;&lt;a href=&#039;https:\/\/live.staticflickr.com\/65535\/54148850729_354b12a3da_o.jpg&#039; target=&#039;_blank&#039;&gt;Slika za preuzimanje&lt;\/a&gt;&lt;\/div&gt;\" \/><\/a><a href=\"https:\/\/live.staticflickr.com\/65535\/54148817483_dcfa3455bd_h.jpg\" title=\"Ponosno i dostojanstveno obilje\u017een Dan sje\u0107anja na \u017ertvu Vukovara\"><img decoding=\"async\" data-title=\"Ponosno i dostojanstveno obilje\u017een Dan sje\u0107anja na \u017ertvu Vukovara\" data-description=\"Potpredsjednik Vlade i ministar obrane Ivan Anu\u0161i\u0107 u sklopu izaslanstva Vlade Republike Hrvatske, predvo\u0111enog predsjednikom Vlade Andrejem Plenkovi\u0107em, sudjelovao je u ponedjeljak 18. studenog 2024. godine u Vukovaru na obilje\u017eavanju 33. obljetnice stradanja Vukovara, u prigodi obilje\u017eavanja Dana sje\u0107anja na \u017ertve Domovinskog rata i Dana sje\u0107anja na \u017ertvu Vukovara i \u0160kabrnje | Foto: MORH\/ J. Kopi\" alt=\"Ponosno i dostojanstveno obilje\u017een Dan sje\u0107anja na \u017ertvu Vukovara\" src=\"https:\/\/live.staticflickr.com\/65535\/54148817483_dcfa3455bd_h.jpg\" data-layer=\"&lt;div class=&#039;morh-gallery-image-download&#039;&gt;&lt;a href=&#039;https:\/\/live.staticflickr.com\/65535\/54148817483_aa288d1d17_o.jpg&#039; target=&#039;_blank&#039;&gt;Slika za preuzimanje&lt;\/a&gt;&lt;\/div&gt;\" \/><\/a><a href=\"https:\/\/live.staticflickr.com\/65535\/54148527396_ff89d7a51e_h.jpg\" title=\"Ponosno i dostojanstveno obilje\u017een Dan sje\u0107anja na \u017ertvu Vukovara\"><img decoding=\"async\" data-title=\"Ponosno i dostojanstveno obilje\u017een Dan sje\u0107anja na \u017ertvu Vukovara\" data-description=\"Potpredsjednik Vlade i ministar obrane Ivan Anu\u0161i\u0107 u sklopu izaslanstva Vlade Republike Hrvatske, predvo\u0111enog predsjednikom Vlade Andrejem Plenkovi\u0107em, sudjelovao je u ponedjeljak 18. studenog 2024. godine u Vukovaru na obilje\u017eavanju 33. obljetnice stradanja Vukovara, u prigodi obilje\u017eavanja Dana sje\u0107anja na \u017ertve Domovinskog rata i Dana sje\u0107anja na \u017ertvu Vukovara i \u0160kabrnje | Foto: MORH\/ G. Resovac\" alt=\"Ponosno i dostojanstveno obilje\u017een Dan sje\u0107anja na \u017ertvu Vukovara\" src=\"https:\/\/live.staticflickr.com\/65535\/54148527396_ff89d7a51e_h.jpg\" data-layer=\"&lt;div class=&#039;morh-gallery-image-download&#039;&gt;&lt;a href=&#039;https:\/\/live.staticflickr.com\/65535\/54148527396_947f289d3b_o.jpg&#039; target=&#039;_blank&#039;&gt;Slika za preuzimanje&lt;\/a&gt;&lt;\/div&gt;\" \/><\/a><a href=\"https:\/\/live.staticflickr.com\/65535\/54148817468_759121ed0b_h.jpg\" title=\"Ponosno i dostojanstveno obilje\u017een Dan sje\u0107anja na \u017ertvu Vukovara\"><img decoding=\"async\" data-title=\"Ponosno i dostojanstveno obilje\u017een Dan sje\u0107anja na \u017ertvu Vukovara\" data-description=\"Potpredsjednik Vlade i ministar obrane Ivan Anu\u0161i\u0107 u sklopu izaslanstva Vlade Republike Hrvatske, predvo\u0111enog predsjednikom Vlade Andrejem Plenkovi\u0107em, sudjelovao je u ponedjeljak 18. studenog 2024. godine u Vukovaru na obilje\u017eavanju 33. obljetnice stradanja Vukovara, u prigodi obilje\u017eavanja Dana sje\u0107anja na \u017ertve Domovinskog rata i Dana sje\u0107anja na \u017ertvu Vukovara i \u0160kabrnje | Foto: MORH\/ J. Kopi\" alt=\"Ponosno i dostojanstveno obilje\u017een Dan sje\u0107anja na \u017ertvu Vukovara\" src=\"https:\/\/live.staticflickr.com\/65535\/54148817468_759121ed0b_h.jpg\" data-layer=\"&lt;div class=&#039;morh-gallery-image-download&#039;&gt;&lt;a href=&#039;https:\/\/live.staticflickr.com\/65535\/54148817468_af67244d80_o.jpg&#039; target=&#039;_blank&#039;&gt;Slika za preuzimanje&lt;\/a&gt;&lt;\/div&gt;\" \/><\/a><a href=\"https:\/\/live.staticflickr.com\/65535\/54147676827_fa6dfa58fb_h.jpg\" title=\"Ponosno i dostojanstveno obilje\u017een Dan sje\u0107anja na \u017ertvu Vukovara\"><img decoding=\"async\" data-title=\"Ponosno i dostojanstveno obilje\u017een Dan sje\u0107anja na \u017ertvu Vukovara\" data-description=\"Potpredsjednik Vlade i ministar obrane Ivan Anu\u0161i\u0107 u sklopu izaslanstva Vlade Republike Hrvatske, predvo\u0111enog predsjednikom Vlade Andrejem Plenkovi\u0107em, sudjelovao je u ponedjeljak 18. studenog 2024. godine u Vukovaru na obilje\u017eavanju 33. obljetnice stradanja Vukovara, u prigodi obilje\u017eavanja Dana sje\u0107anja na \u017ertve Domovinskog rata i Dana sje\u0107anja na \u017ertvu Vukovara i \u0160kabrnje | Foto: MORH\/ J. Kopi\" alt=\"Ponosno i dostojanstveno obilje\u017een Dan sje\u0107anja na \u017ertvu Vukovara\" src=\"https:\/\/live.staticflickr.com\/65535\/54147676827_fa6dfa58fb_h.jpg\" data-layer=\"&lt;div class=&#039;morh-gallery-image-download&#039;&gt;&lt;a href=&#039;https:\/\/live.staticflickr.com\/65535\/54147676827_28b34b17f7_o.jpg&#039; target=&#039;_blank&#039;&gt;Slika za preuzimanje&lt;\/a&gt;&lt;\/div&gt;\" \/><\/a><a href=\"https:\/\/live.staticflickr.com\/65535\/54148527411_2bbebccd87_h.jpg\" title=\"Ponosno i dostojanstveno obilje\u017een Dan sje\u0107anja na \u017ertvu Vukovara\"><img decoding=\"async\" data-title=\"Ponosno i dostojanstveno obilje\u017een Dan sje\u0107anja na \u017ertvu Vukovara\" data-description=\"Potpredsjednik Vlade i ministar obrane Ivan Anu\u0161i\u0107 u sklopu izaslanstva Vlade Republike Hrvatske, predvo\u0111enog predsjednikom Vlade Andrejem Plenkovi\u0107em, sudjelovao je u ponedjeljak 18. studenog 2024. godine u Vukovaru na obilje\u017eavanju 33. obljetnice stradanja Vukovara, u prigodi obilje\u017eavanja Dana sje\u0107anja na \u017ertve Domovinskog rata i Dana sje\u0107anja na \u017ertvu Vukovara i \u0160kabrnje | Foto: MORH\/ G. Resovac\" alt=\"Ponosno i dostojanstveno obilje\u017een Dan sje\u0107anja na \u017ertvu Vukovara\" src=\"https:\/\/live.staticflickr.com\/65535\/54148527411_2bbebccd87_h.jpg\" data-layer=\"&lt;div class=&#039;morh-gallery-image-download&#039;&gt;&lt;a href=&#039;https:\/\/live.staticflickr.com\/65535\/54148527411_e94574b9ee_o.jpg&#039; target=&#039;_blank&#039;&gt;Slika za preuzimanje&lt;\/a&gt;&lt;\/div&gt;\" \/><\/a><a href=\"https:\/\/live.staticflickr.com\/65535\/54148817458_63280b96ff_h.jpg\" title=\"Ponosno i dostojanstveno obilje\u017een Dan sje\u0107anja na \u017ertvu Vukovara\"><img decoding=\"async\" data-title=\"Ponosno i dostojanstveno obilje\u017een Dan sje\u0107anja na \u017ertvu Vukovara\" data-description=\"Potpredsjednik Vlade i ministar obrane Ivan Anu\u0161i\u0107 u sklopu izaslanstva Vlade Republike Hrvatske, predvo\u0111enog predsjednikom Vlade Andrejem Plenkovi\u0107em, sudjelovao je u ponedjeljak 18. studenog 2024. godine u Vukovaru na obilje\u017eavanju 33. obljetnice stradanja Vukovara, u prigodi obilje\u017eavanja Dana sje\u0107anja na \u017ertve Domovinskog rata i Dana sje\u0107anja na \u017ertvu Vukovara i \u0160kabrnje | Foto: MORH\/ J. Kopi\" alt=\"Ponosno i dostojanstveno obilje\u017een Dan sje\u0107anja na \u017ertvu Vukovara\" src=\"https:\/\/live.staticflickr.com\/65535\/54148817458_63280b96ff_h.jpg\" data-layer=\"&lt;div class=&#039;morh-gallery-image-download&#039;&gt;&lt;a href=&#039;https:\/\/live.staticflickr.com\/65535\/54148817458_a946a97d00_o.jpg&#039; target=&#039;_blank&#039;&gt;Slika za preuzimanje&lt;\/a&gt;&lt;\/div&gt;\" \/><\/a><a href=\"https:\/\/live.staticflickr.com\/65535\/54148988920_68c9f8f9a7_h.jpg\" title=\"Ponosno i dostojanstveno obilje\u017een Dan sje\u0107anja na \u017ertvu Vukovara\"><img decoding=\"async\" data-title=\"Ponosno i dostojanstveno obilje\u017een Dan sje\u0107anja na \u017ertvu Vukovara\" data-description=\"Potpredsjednik Vlade i ministar obrane Ivan Anu\u0161i\u0107 u sklopu izaslanstva Vlade Republike Hrvatske, predvo\u0111enog predsjednikom Vlade Andrejem Plenkovi\u0107em, sudjelovao je u ponedjeljak 18. studenog 2024. godine u Vukovaru na obilje\u017eavanju 33. obljetnice stradanja Vukovara, u prigodi obilje\u017eavanja Dana sje\u0107anja na \u017ertve Domovinskog rata i Dana sje\u0107anja na \u017ertvu Vukovara i \u0160kabrnje | Foto: MORH\/ J. Kopi\" alt=\"Ponosno i dostojanstveno obilje\u017een Dan sje\u0107anja na \u017ertvu Vukovara\" src=\"https:\/\/live.staticflickr.com\/65535\/54148988920_68c9f8f9a7_h.jpg\" data-layer=\"&lt;div class=&#039;morh-gallery-image-download&#039;&gt;&lt;a href=&#039;https:\/\/live.staticflickr.com\/65535\/54148988920_89014209af_o.jpg&#039; target=&#039;_blank&#039;&gt;Slika za preuzimanje&lt;\/a&gt;&lt;\/div&gt;\" \/><\/a><a href=\"https:\/\/live.staticflickr.com\/65535\/54148850594_3e80cd5fe7_h.jpg\" title=\"Ponosno i dostojanstveno obilje\u017een Dan sje\u0107anja na \u017ertvu Vukovara\"><img decoding=\"async\" data-title=\"Ponosno i dostojanstveno obilje\u017een Dan sje\u0107anja na \u017ertvu Vukovara\" data-description=\"Potpredsjednik Vlade i ministar obrane Ivan Anu\u0161i\u0107 u sklopu izaslanstva Vlade Republike Hrvatske, predvo\u0111enog predsjednikom Vlade Andrejem Plenkovi\u0107em, sudjelovao je u ponedjeljak 18. studenog 2024. godine u Vukovaru na obilje\u017eavanju 33. obljetnice stradanja Vukovara, u prigodi obilje\u017eavanja Dana sje\u0107anja na \u017ertve Domovinskog rata i Dana sje\u0107anja na \u017ertvu Vukovara i \u0160kabrnje | Foto: MORH\/ J. Kopi\" alt=\"Ponosno i dostojanstveno obilje\u017een Dan sje\u0107anja na \u017ertvu Vukovara\" src=\"https:\/\/live.staticflickr.com\/65535\/54148850594_3e80cd5fe7_h.jpg\" data-layer=\"&lt;div class=&#039;morh-gallery-image-download&#039;&gt;&lt;a href=&#039;https:\/\/live.staticflickr.com\/65535\/54148850594_5a2505af8a_o.jpg&#039; target=&#039;_blank&#039;&gt;Slika za preuzimanje&lt;\/a&gt;&lt;\/div&gt;\" \/><\/a><a href=\"https:\/\/live.staticflickr.com\/65535\/54148988865_588e0f895e_h.jpg\" title=\"Ponosno i dostojanstveno obilje\u017een Dan sje\u0107anja na \u017ertvu Vukovara\"><img decoding=\"async\" data-title=\"Ponosno i dostojanstveno obilje\u017een Dan sje\u0107anja na \u017ertvu Vukovara\" data-description=\"Potpredsjednik Vlade i ministar obrane Ivan Anu\u0161i\u0107 u sklopu izaslanstva Vlade Republike Hrvatske, predvo\u0111enog predsjednikom Vlade Andrejem Plenkovi\u0107em, sudjelovao je u ponedjeljak 18. studenog 2024. godine u Vukovaru na obilje\u017eavanju 33. obljetnice stradanja Vukovara, u prigodi obilje\u017eavanja Dana sje\u0107anja na \u017ertve Domovinskog rata i Dana sje\u0107anja na \u017ertvu Vukovara i \u0160kabrnje | Foto: MORH\/ J. Kopi\" alt=\"Ponosno i dostojanstveno obilje\u017een Dan sje\u0107anja na \u017ertvu Vukovara\" src=\"https:\/\/live.staticflickr.com\/65535\/54148988865_588e0f895e_h.jpg\" data-layer=\"&lt;div class=&#039;morh-gallery-image-download&#039;&gt;&lt;a href=&#039;https:\/\/live.staticflickr.com\/65535\/54148988865_79b3945aaa_o.jpg&#039; target=&#039;_blank&#039;&gt;Slika za preuzimanje&lt;\/a&gt;&lt;\/div&gt;\" \/><\/a><a href=\"https:\/\/live.staticflickr.com\/65535\/54148850844_6a4a15d037_h.jpg\" title=\"Ponosno i dostojanstveno obilje\u017een Dan sje\u0107anja na \u017ertvu Vukovara\"><img decoding=\"async\" data-title=\"Ponosno i dostojanstveno obilje\u017een Dan sje\u0107anja na \u017ertvu Vukovara\" data-description=\"Potpredsjednik Vlade i ministar obrane Ivan Anu\u0161i\u0107 u sklopu izaslanstva Vlade Republike Hrvatske, predvo\u0111enog predsjednikom Vlade Andrejem Plenkovi\u0107em, sudjelovao je u ponedjeljak 18. studenog 2024. godine u Vukovaru na obilje\u017eavanju 33. obljetnice stradanja Vukovara, u prigodi obilje\u017eavanja Dana sje\u0107anja na \u017ertve Domovinskog rata i Dana sje\u0107anja na \u017ertvu Vukovara i \u0160kabrnje | Foto: MORH\/ G. Resovac\" alt=\"Ponosno i dostojanstveno obilje\u017een Dan sje\u0107anja na \u017ertvu Vukovara\" src=\"https:\/\/live.staticflickr.com\/65535\/54148850844_6a4a15d037_h.jpg\" data-layer=\"&lt;div class=&#039;morh-gallery-image-download&#039;&gt;&lt;a href=&#039;https:\/\/live.staticflickr.com\/65535\/54148850844_51a51ea474_o.jpg&#039; target=&#039;_blank&#039;&gt;Slika za preuzimanje&lt;\/a&gt;&lt;\/div&gt;\" \/><\/a><a href=\"https:\/\/live.staticflickr.com\/65535\/54148850574_3515e47008_h.jpg\" title=\"Ponosno i dostojanstveno obilje\u017een Dan sje\u0107anja na \u017ertvu Vukovara\"><img decoding=\"async\" data-title=\"Ponosno i dostojanstveno obilje\u017een Dan sje\u0107anja na \u017ertvu Vukovara\" data-description=\"Potpredsjednik Vlade i ministar obrane Ivan Anu\u0161i\u0107 u sklopu izaslanstva Vlade Republike Hrvatske, predvo\u0111enog predsjednikom Vlade Andrejem Plenkovi\u0107em, sudjelovao je u ponedjeljak 18. studenog 2024. godine u Vukovaru na obilje\u017eavanju 33. obljetnice stradanja Vukovara, u prigodi obilje\u017eavanja Dana sje\u0107anja na \u017ertve Domovinskog rata i Dana sje\u0107anja na \u017ertvu Vukovara i \u0160kabrnje | Foto: MORH\/ J. Kopi\" alt=\"Ponosno i dostojanstveno obilje\u017een Dan sje\u0107anja na \u017ertvu Vukovara\" src=\"https:\/\/live.staticflickr.com\/65535\/54148850574_3515e47008_h.jpg\" data-layer=\"&lt;div class=&#039;morh-gallery-image-download&#039;&gt;&lt;a href=&#039;https:\/\/live.staticflickr.com\/65535\/54148850574_226fb474a9_o.jpg&#039; target=&#039;_blank&#039;&gt;Slika za preuzimanje&lt;\/a&gt;&lt;\/div&gt;\" \/><\/a><a href=\"https:\/\/live.staticflickr.com\/65535\/54148527171_a4f84a1cfe_h.jpg\" title=\"Ponosno i dostojanstveno obilje\u017een Dan sje\u0107anja na \u017ertvu Vukovara\"><img decoding=\"async\" data-title=\"Ponosno i dostojanstveno obilje\u017een Dan sje\u0107anja na \u017ertvu Vukovara\" data-description=\"Potpredsjednik Vlade i ministar obrane Ivan Anu\u0161i\u0107 u sklopu izaslanstva Vlade Republike Hrvatske, predvo\u0111enog predsjednikom Vlade Andrejem Plenkovi\u0107em, sudjelovao je u ponedjeljak 18. studenog 2024. godine u Vukovaru na obilje\u017eavanju 33. obljetnice stradanja Vukovara, u prigodi obilje\u017eavanja Dana sje\u0107anja na \u017ertve Domovinskog rata i Dana sje\u0107anja na \u017ertvu Vukovara i \u0160kabrnje | Foto: MORH\/ J. Kopi\" alt=\"Ponosno i dostojanstveno obilje\u017een Dan sje\u0107anja na \u017ertvu Vukovara\" src=\"https:\/\/live.staticflickr.com\/65535\/54148527171_a4f84a1cfe_h.jpg\" data-layer=\"&lt;div class=&#039;morh-gallery-image-download&#039;&gt;&lt;a href=&#039;https:\/\/live.staticflickr.com\/65535\/54148527171_66e04f07d7_o.jpg&#039; target=&#039;_blank&#039;&gt;Slika za preuzimanje&lt;\/a&gt;&lt;\/div&gt;\" \/><\/a><a href=\"https:\/\/live.staticflickr.com\/65535\/54148850544_8b9b592268_h.jpg\" title=\"Ponosno i dostojanstveno obilje\u017een Dan sje\u0107anja na \u017ertvu Vukovara\"><img decoding=\"async\" data-title=\"Ponosno i dostojanstveno obilje\u017een Dan sje\u0107anja na \u017ertvu Vukovara\" data-description=\"Potpredsjednik Vlade i ministar obrane Ivan Anu\u0161i\u0107 u sklopu izaslanstva Vlade Republike Hrvatske, predvo\u0111enog predsjednikom Vlade Andrejem Plenkovi\u0107em, sudjelovao je u ponedjeljak 18. studenog 2024. godine u Vukovaru na obilje\u017eavanju 33. obljetnice stradanja Vukovara, u prigodi obilje\u017eavanja Dana sje\u0107anja na \u017ertve Domovinskog rata i Dana sje\u0107anja na \u017ertvu Vukovara i \u0160kabrnje | Foto: MORH\/ J. Kopi\" alt=\"Ponosno i dostojanstveno obilje\u017een Dan sje\u0107anja na \u017ertvu Vukovara\" src=\"https:\/\/live.staticflickr.com\/65535\/54148850544_8b9b592268_h.jpg\" data-layer=\"&lt;div class=&#039;morh-gallery-image-download&#039;&gt;&lt;a href=&#039;https:\/\/live.staticflickr.com\/65535\/54148850544_eea4b065fb_o.jpg&#039; target=&#039;_blank&#039;&gt;Slika za preuzimanje&lt;\/a&gt;&lt;\/div&gt;\" \/><\/a><a href=\"https:\/\/live.staticflickr.com\/65535\/54148816813_c7200e4636_h.jpg\" title=\"Ponosno i dostojanstveno obilje\u017een Dan sje\u0107anja na \u017ertvu Vukovara\"><img decoding=\"async\" data-title=\"Ponosno i dostojanstveno obilje\u017een Dan sje\u0107anja na \u017ertvu Vukovara\" data-description=\"Potpredsjednik Vlade i ministar obrane Ivan Anu\u0161i\u0107 u sklopu izaslanstva Vlade Republike Hrvatske, predvo\u0111enog predsjednikom Vlade Andrejem Plenkovi\u0107em, sudjelovao je u ponedjeljak 18. studenog 2024. godine u Vukovaru na obilje\u017eavanju 33. obljetnice stradanja Vukovara, u prigodi obilje\u017eavanja Dana sje\u0107anja na \u017ertve Domovinskog rata i Dana sje\u0107anja na \u017ertvu Vukovara i \u0160kabrnje | Foto: MORH\/ G. Resovac\" alt=\"Ponosno i dostojanstveno obilje\u017een Dan sje\u0107anja na \u017ertvu Vukovara\" src=\"https:\/\/live.staticflickr.com\/65535\/54148816813_c7200e4636_h.jpg\" data-layer=\"&lt;div class=&#039;morh-gallery-image-download&#039;&gt;&lt;a href=&#039;https:\/\/live.staticflickr.com\/65535\/54148816813_06f01a13af_o.jpg&#039; target=&#039;_blank&#039;&gt;Slika za preuzimanje&lt;\/a&gt;&lt;\/div&gt;\" \/><\/a><a href=\"https:\/\/live.staticflickr.com\/65535\/54148988840_3620eb70eb_h.jpg\" title=\"Ponosno i dostojanstveno obilje\u017een Dan sje\u0107anja na \u017ertvu Vukovara\"><img decoding=\"async\" data-title=\"Ponosno i dostojanstveno obilje\u017een Dan sje\u0107anja na \u017ertvu Vukovara\" data-description=\"Potpredsjednik Vlade i ministar obrane Ivan Anu\u0161i\u0107 u sklopu izaslanstva Vlade Republike Hrvatske, predvo\u0111enog predsjednikom Vlade Andrejem Plenkovi\u0107em, sudjelovao je u ponedjeljak 18. studenog 2024. godine u Vukovaru na obilje\u017eavanju 33. obljetnice stradanja Vukovara, u prigodi obilje\u017eavanja Dana sje\u0107anja na \u017ertve Domovinskog rata i Dana sje\u0107anja na \u017ertvu Vukovara i \u0160kabrnje | Foto: MORH\/ J. Kopi\" alt=\"Ponosno i dostojanstveno obilje\u017een Dan sje\u0107anja na \u017ertvu Vukovara\" src=\"https:\/\/live.staticflickr.com\/65535\/54148988840_3620eb70eb_h.jpg\" data-layer=\"&lt;div class=&#039;morh-gallery-image-download&#039;&gt;&lt;a href=&#039;https:\/\/live.staticflickr.com\/65535\/54148988840_83518296f5_o.jpg&#039; target=&#039;_blank&#039;&gt;Slika za preuzimanje&lt;\/a&gt;&lt;\/div&gt;\" \/><\/a><a href=\"https:\/\/live.staticflickr.com\/65535\/54148816748_851d38fe10_h.jpg\" title=\"Ponosno i dostojanstveno obilje\u017een Dan sje\u0107anja na \u017ertvu Vukovara\"><img decoding=\"async\" data-title=\"Ponosno i dostojanstveno obilje\u017een Dan sje\u0107anja na \u017ertvu Vukovara\" data-description=\"Potpredsjednik Vlade i ministar obrane Ivan Anu\u0161i\u0107 u sklopu izaslanstva Vlade Republike Hrvatske, predvo\u0111enog predsjednikom Vlade Andrejem Plenkovi\u0107em, sudjelovao je u ponedjeljak 18. studenog 2024. godine u Vukovaru na obilje\u017eavanju 33. obljetnice stradanja Vukovara, u prigodi obilje\u017eavanja Dana sje\u0107anja na \u017ertve Domovinskog rata i Dana sje\u0107anja na \u017ertvu Vukovara i \u0160kabrnje | Foto: MORH\/ J. Kopi\" alt=\"Ponosno i dostojanstveno obilje\u017een Dan sje\u0107anja na \u017ertvu Vukovara\" src=\"https:\/\/live.staticflickr.com\/65535\/54148816748_851d38fe10_h.jpg\" data-layer=\"&lt;div class=&#039;morh-gallery-image-download&#039;&gt;&lt;a href=&#039;https:\/\/live.staticflickr.com\/65535\/54148816748_f1daba9aef_o.jpg&#039; target=&#039;_blank&#039;&gt;Slika za preuzimanje&lt;\/a&gt;&lt;\/div&gt;\" \/><\/a><a href=\"https:\/\/live.staticflickr.com\/65535\/54148850529_48a33d9ae3_h.jpg\" title=\"Ponosno i dostojanstveno obilje\u017een Dan sje\u0107anja na \u017ertvu Vukovara\"><img decoding=\"async\" data-title=\"Ponosno i dostojanstveno obilje\u017een Dan sje\u0107anja na \u017ertvu Vukovara\" data-description=\"Potpredsjednik Vlade i ministar obrane Ivan Anu\u0161i\u0107 u sklopu izaslanstva Vlade Republike Hrvatske, predvo\u0111enog predsjednikom Vlade Andrejem Plenkovi\u0107em, sudjelovao je u ponedjeljak 18. studenog 2024. godine u Vukovaru na obilje\u017eavanju 33. obljetnice stradanja Vukovara, u prigodi obilje\u017eavanja Dana sje\u0107anja na \u017ertve Domovinskog rata i Dana sje\u0107anja na \u017ertvu Vukovara i \u0160kabrnje | Foto: MORH\/ J. Kopi\" alt=\"Ponosno i dostojanstveno obilje\u017een Dan sje\u0107anja na \u017ertvu Vukovara\" src=\"https:\/\/live.staticflickr.com\/65535\/54148850529_48a33d9ae3_h.jpg\" data-layer=\"&lt;div class=&#039;morh-gallery-image-download&#039;&gt;&lt;a href=&#039;https:\/\/live.staticflickr.com\/65535\/54148850529_410f8ba579_o.jpg&#039; target=&#039;_blank&#039;&gt;Slika za preuzimanje&lt;\/a&gt;&lt;\/div&gt;\" \/><\/a><a href=\"https:\/\/live.staticflickr.com\/65535\/54148850489_04bd554509_h.jpg\" title=\"Ponosno i dostojanstveno obilje\u017een Dan sje\u0107anja na \u017ertvu Vukovara\"><img decoding=\"async\" data-title=\"Ponosno i dostojanstveno obilje\u017een Dan sje\u0107anja na \u017ertvu Vukovara\" data-description=\"Potpredsjednik Vlade i ministar obrane Ivan Anu\u0161i\u0107 u sklopu izaslanstva Vlade Republike Hrvatske, predvo\u0111enog predsjednikom Vlade Andrejem Plenkovi\u0107em, sudjelovao je u ponedjeljak 18. studenog 2024. godine u Vukovaru na obilje\u017eavanju 33. obljetnice stradanja Vukovara, u prigodi obilje\u017eavanja Dana sje\u0107anja na \u017ertve Domovinskog rata i Dana sje\u0107anja na \u017ertvu Vukovara i \u0160kabrnje | Foto: MORH\/ J. Kopi\" alt=\"Ponosno i dostojanstveno obilje\u017een Dan sje\u0107anja na \u017ertvu Vukovara\" src=\"https:\/\/live.staticflickr.com\/65535\/54148850489_04bd554509_h.jpg\" data-layer=\"&lt;div class=&#039;morh-gallery-image-download&#039;&gt;&lt;a href=&#039;https:\/\/live.staticflickr.com\/65535\/54148850489_51db26f6f3_o.jpg&#039; target=&#039;_blank&#039;&gt;Slika za preuzimanje&lt;\/a&gt;&lt;\/div&gt;\" \/><\/a><a href=\"https:\/\/live.staticflickr.com\/65535\/54148988805_ed298e439c_h.jpg\" title=\"Ponosno i dostojanstveno obilje\u017een Dan sje\u0107anja na \u017ertvu Vukovara\"><img decoding=\"async\" data-title=\"Ponosno i dostojanstveno obilje\u017een Dan sje\u0107anja na \u017ertvu Vukovara\" data-description=\"Potpredsjednik Vlade i ministar obrane Ivan Anu\u0161i\u0107 u sklopu izaslanstva Vlade Republike Hrvatske, predvo\u0111enog predsjednikom Vlade Andrejem Plenkovi\u0107em, sudjelovao je u ponedjeljak 18. studenog 2024. godine u Vukovaru na obilje\u017eavanju 33. obljetnice stradanja Vukovara, u prigodi obilje\u017eavanja Dana sje\u0107anja na \u017ertve Domovinskog rata i Dana sje\u0107anja na \u017ertvu Vukovara i \u0160kabrnje | Foto: MORH\/ J. Kopi\" alt=\"Ponosno i dostojanstveno obilje\u017een Dan sje\u0107anja na \u017ertvu Vukovara\" src=\"https:\/\/live.staticflickr.com\/65535\/54148988805_ed298e439c_h.jpg\" data-layer=\"&lt;div class=&#039;morh-gallery-image-download&#039;&gt;&lt;a href=&#039;https:\/\/live.staticflickr.com\/65535\/54148988805_fa26a6fc71_o.jpg&#039; target=&#039;_blank&#039;&gt;Slika za preuzimanje&lt;\/a&gt;&lt;\/div&gt;\" \/><\/a><a href=\"https:\/\/live.staticflickr.com\/65535\/54148850484_0d84439e76_h.jpg\" title=\"Ponosno i dostojanstveno obilje\u017een Dan sje\u0107anja na \u017ertvu Vukovara\"><img decoding=\"async\" data-title=\"Ponosno i dostojanstveno obilje\u017een Dan sje\u0107anja na \u017ertvu Vukovara\" data-description=\"Potpredsjednik Vlade i ministar obrane Ivan Anu\u0161i\u0107 u sklopu izaslanstva Vlade Republike Hrvatske, predvo\u0111enog predsjednikom Vlade Andrejem Plenkovi\u0107em, sudjelovao je u ponedjeljak 18. studenog 2024. godine u Vukovaru na obilje\u017eavanju 33. obljetnice stradanja Vukovara, u prigodi obilje\u017eavanja Dana sje\u0107anja na \u017ertve Domovinskog rata i Dana sje\u0107anja na \u017ertvu Vukovara i \u0160kabrnje | Foto: MORH\/ J. Kopi\" alt=\"Ponosno i dostojanstveno obilje\u017een Dan sje\u0107anja na \u017ertvu Vukovara\" src=\"https:\/\/live.staticflickr.com\/65535\/54148850484_0d84439e76_h.jpg\" data-layer=\"&lt;div class=&#039;morh-gallery-image-download&#039;&gt;&lt;a href=&#039;https:\/\/live.staticflickr.com\/65535\/54148850484_963956a9ab_o.jpg&#039; target=&#039;_blank&#039;&gt;Slika za preuzimanje&lt;\/a&gt;&lt;\/div&gt;\" \/><\/a><a href=\"https:\/\/live.staticflickr.com\/65535\/54148988780_382c9e5275_h.jpg\" title=\"Ponosno i dostojanstveno obilje\u017een Dan sje\u0107anja na \u017ertvu Vukovara\"><img decoding=\"async\" data-title=\"Ponosno i dostojanstveno obilje\u017een Dan sje\u0107anja na \u017ertvu Vukovara\" data-description=\"Potpredsjednik Vlade i ministar obrane Ivan Anu\u0161i\u0107 u sklopu izaslanstva Vlade Republike Hrvatske, predvo\u0111enog predsjednikom Vlade Andrejem Plenkovi\u0107em, sudjelovao je u ponedjeljak 18. studenog 2024. godine u Vukovaru na obilje\u017eavanju 33. obljetnice stradanja Vukovara, u prigodi obilje\u017eavanja Dana sje\u0107anja na \u017ertve Domovinskog rata i Dana sje\u0107anja na \u017ertvu Vukovara i \u0160kabrnje | Foto: MORH\/ J. Kopi\" alt=\"Ponosno i dostojanstveno obilje\u017een Dan sje\u0107anja na \u017ertvu Vukovara\" src=\"https:\/\/live.staticflickr.com\/65535\/54148988780_382c9e5275_h.jpg\" data-layer=\"&lt;div class=&#039;morh-gallery-image-download&#039;&gt;&lt;a href=&#039;https:\/\/live.staticflickr.com\/65535\/54148988780_b89a9c1837_o.jpg&#039; target=&#039;_blank&#039;&gt;Slika za preuzimanje&lt;\/a&gt;&lt;\/div&gt;\" \/><\/a><a href=\"https:\/\/live.staticflickr.com\/65535\/54147676157_3b715db9d9_h.jpg\" title=\"Ponosno i dostojanstveno obilje\u017een Dan sje\u0107anja na \u017ertvu Vukovara\"><img decoding=\"async\" data-title=\"Ponosno i dostojanstveno obilje\u017een Dan sje\u0107anja na \u017ertvu Vukovara\" data-description=\"Potpredsjednik Vlade i ministar obrane Ivan Anu\u0161i\u0107 u sklopu izaslanstva Vlade Republike Hrvatske, predvo\u0111enog predsjednikom Vlade Andrejem Plenkovi\u0107em, sudjelovao je u ponedjeljak 18. studenog 2024. godine u Vukovaru na obilje\u017eavanju 33. obljetnice stradanja Vukovara, u prigodi obilje\u017eavanja Dana sje\u0107anja na \u017ertve Domovinskog rata i Dana sje\u0107anja na \u017ertvu Vukovara i \u0160kabrnje | Foto: MORH\/ J. Kopi\" alt=\"Ponosno i dostojanstveno obilje\u017een Dan sje\u0107anja na \u017ertvu Vukovara\" src=\"https:\/\/live.staticflickr.com\/65535\/54147676157_3b715db9d9_h.jpg\" data-layer=\"&lt;div class=&#039;morh-gallery-image-download&#039;&gt;&lt;a href=&#039;https:\/\/live.staticflickr.com\/65535\/54147676157_8e4bc2c404_o.jpg&#039; target=&#039;_blank&#039;&gt;Slika za preuzimanje&lt;\/a&gt;&lt;\/div&gt;\" \/><\/a><a href=\"https:\/\/live.staticflickr.com\/65535\/54148988310_b2c801954f_h.jpg\" title=\"Ponosno i dostojanstveno obilje\u017een Dan sje\u0107anja na \u017ertvu Vukovara\"><img decoding=\"async\" data-title=\"Ponosno i dostojanstveno obilje\u017een Dan sje\u0107anja na \u017ertvu Vukovara\" data-description=\"Potpredsjednik Vlade i ministar obrane Ivan Anu\u0161i\u0107 u sklopu izaslanstva Vlade Republike Hrvatske, predvo\u0111enog predsjednikom Vlade Andrejem Plenkovi\u0107em, sudjelovao je u ponedjeljak 18. studenog 2024. godine u Vukovaru na obilje\u017eavanju 33. obljetnice stradanja Vukovara, u prigodi obilje\u017eavanja Dana sje\u0107anja na \u017ertve Domovinskog rata i Dana sje\u0107anja na \u017ertvu Vukovara i \u0160kabrnje | Foto: MORH\/ J. Kopi\" alt=\"Ponosno i dostojanstveno obilje\u017een Dan sje\u0107anja na \u017ertvu Vukovara\" src=\"https:\/\/live.staticflickr.com\/65535\/54148988310_b2c801954f_h.jpg\" data-layer=\"&lt;div class=&#039;morh-gallery-image-download&#039;&gt;&lt;a href=&#039;https:\/\/live.staticflickr.com\/65535\/54148988310_566db826d3_o.jpg&#039; target=&#039;_blank&#039;&gt;Slika za preuzimanje&lt;\/a&gt;&lt;\/div&gt;\" \/><\/a><a href=\"https:\/\/live.staticflickr.com\/65535\/54148527096_2299418d24_h.jpg\" title=\"Ponosno i dostojanstveno obilje\u017een Dan sje\u0107anja na \u017ertvu Vukovara\"><img decoding=\"async\" data-title=\"Ponosno i dostojanstveno obilje\u017een Dan sje\u0107anja na \u017ertvu Vukovara\" data-description=\"Potpredsjednik Vlade i ministar obrane Ivan Anu\u0161i\u0107 u sklopu izaslanstva Vlade Republike Hrvatske, predvo\u0111enog predsjednikom Vlade Andrejem Plenkovi\u0107em, sudjelovao je u ponedjeljak 18. studenog 2024. godine u Vukovaru na obilje\u017eavanju 33. obljetnice stradanja Vukovara, u prigodi obilje\u017eavanja Dana sje\u0107anja na \u017ertve Domovinskog rata i Dana sje\u0107anja na \u017ertvu Vukovara i \u0160kabrnje | Foto: MORH\/ J. Kopi\" alt=\"Ponosno i dostojanstveno obilje\u017een Dan sje\u0107anja na \u017ertvu Vukovara\" src=\"https:\/\/live.staticflickr.com\/65535\/54148527096_2299418d24_h.jpg\" data-layer=\"&lt;div class=&#039;morh-gallery-image-download&#039;&gt;&lt;a href=&#039;https:\/\/live.staticflickr.com\/65535\/54148527096_2cff11b040_o.jpg&#039; target=&#039;_blank&#039;&gt;Slika za preuzimanje&lt;\/a&gt;&lt;\/div&gt;\" \/><\/a><a href=\"https:\/\/live.staticflickr.com\/65535\/54148817298_d451c1caa9_h.jpg\" title=\"Ponosno i dostojanstveno obilje\u017een Dan sje\u0107anja na \u017ertvu Vukovara\"><img decoding=\"async\" data-title=\"Ponosno i dostojanstveno obilje\u017een Dan sje\u0107anja na \u017ertvu Vukovara\" data-description=\"Potpredsjednik Vlade i ministar obrane Ivan Anu\u0161i\u0107 u sklopu izaslanstva Vlade Republike Hrvatske, predvo\u0111enog predsjednikom Vlade Andrejem Plenkovi\u0107em, sudjelovao je u ponedjeljak 18. studenog 2024. godine u Vukovaru na obilje\u017eavanju 33. obljetnice stradanja Vukovara, u prigodi obilje\u017eavanja Dana sje\u0107anja na \u017ertve Domovinskog rata i Dana sje\u0107anja na \u017ertvu Vukovara i \u0160kabrnje | Foto: MORH\/ J. Kopi\" alt=\"Ponosno i dostojanstveno obilje\u017een Dan sje\u0107anja na \u017ertvu Vukovara\" src=\"https:\/\/live.staticflickr.com\/65535\/54148817298_d451c1caa9_h.jpg\" data-layer=\"&lt;div class=&#039;morh-gallery-image-download&#039;&gt;&lt;a href=&#039;https:\/\/live.staticflickr.com\/65535\/54148817298_38ac034f79_o.jpg&#039; target=&#039;_blank&#039;&gt;Slika za preuzimanje&lt;\/a&gt;&lt;\/div&gt;\" \/><\/a><a href=\"https:\/\/live.staticflickr.com\/65535\/54147676622_933f923084_h.jpg\" title=\"Ponosno i dostojanstveno obilje\u017een Dan sje\u0107anja na \u017ertvu Vukovara\"><img decoding=\"async\" data-title=\"Ponosno i dostojanstveno obilje\u017een Dan sje\u0107anja na \u017ertvu Vukovara\" data-description=\"Potpredsjednik Vlade i ministar obrane Ivan Anu\u0161i\u0107 u sklopu izaslanstva Vlade Republike Hrvatske, predvo\u0111enog predsjednikom Vlade Andrejem Plenkovi\u0107em, sudjelovao je u ponedjeljak 18. studenog 2024. godine u Vukovaru na obilje\u017eavanju 33. obljetnice stradanja Vukovara, u prigodi obilje\u017eavanja Dana sje\u0107anja na \u017ertve Domovinskog rata i Dana sje\u0107anja na \u017ertvu Vukovara i \u0160kabrnje | Foto: MORH\/ J. Kopi\" alt=\"Ponosno i dostojanstveno obilje\u017een Dan sje\u0107anja na \u017ertvu Vukovara\" src=\"https:\/\/live.staticflickr.com\/65535\/54147676622_933f923084_h.jpg\" data-layer=\"&lt;div class=&#039;morh-gallery-image-download&#039;&gt;&lt;a href=&#039;https:\/\/live.staticflickr.com\/65535\/54147676622_4d9147bc24_o.jpg&#039; target=&#039;_blank&#039;&gt;Slika za preuzimanje&lt;\/a&gt;&lt;\/div&gt;\" \/><\/a><a href=\"https:\/\/live.staticflickr.com\/65535\/54148817238_9d93c36649_h.jpg\" title=\"Ponosno i dostojanstveno obilje\u017een Dan sje\u0107anja na \u017ertvu Vukovara\"><img decoding=\"async\" data-title=\"Ponosno i dostojanstveno obilje\u017een Dan sje\u0107anja na \u017ertvu Vukovara\" data-description=\"Potpredsjednik Vlade i ministar obrane Ivan Anu\u0161i\u0107 u sklopu izaslanstva Vlade Republike Hrvatske, predvo\u0111enog predsjednikom Vlade Andrejem Plenkovi\u0107em, sudjelovao je u ponedjeljak 18. studenog 2024. godine u Vukovaru na obilje\u017eavanju 33. obljetnice stradanja Vukovara, u prigodi obilje\u017eavanja Dana sje\u0107anja na \u017ertve Domovinskog rata i Dana sje\u0107anja na \u017ertvu Vukovara i \u0160kabrnje | Foto: MORH\/ J. Kopi\" alt=\"Ponosno i dostojanstveno obilje\u017een Dan sje\u0107anja na \u017ertvu Vukovara\" src=\"https:\/\/live.staticflickr.com\/65535\/54148817238_9d93c36649_h.jpg\" data-layer=\"&lt;div class=&#039;morh-gallery-image-download&#039;&gt;&lt;a href=&#039;https:\/\/live.staticflickr.com\/65535\/54148817238_2f45616892_o.jpg&#039; target=&#039;_blank&#039;&gt;Slika za preuzimanje&lt;\/a&gt;&lt;\/div&gt;\" \/><\/a><a href=\"https:\/\/live.staticflickr.com\/65535\/54148527031_40d6bd60b6_h.jpg\" title=\"Ponosno i dostojanstveno obilje\u017een Dan sje\u0107anja na \u017ertvu Vukovara\"><img decoding=\"async\" data-title=\"Ponosno i dostojanstveno obilje\u017een Dan sje\u0107anja na \u017ertvu Vukovara\" data-description=\"Potpredsjednik Vlade i ministar obrane Ivan Anu\u0161i\u0107 u sklopu izaslanstva Vlade Republike Hrvatske, predvo\u0111enog predsjednikom Vlade Andrejem Plenkovi\u0107em, sudjelovao je u ponedjeljak 18. studenog 2024. godine u Vukovaru na obilje\u017eavanju 33. obljetnice stradanja Vukovara, u prigodi obilje\u017eavanja Dana sje\u0107anja na \u017ertve Domovinskog rata i Dana sje\u0107anja na \u017ertvu Vukovara i \u0160kabrnje | Foto: MORH\/ J. Kopi\" alt=\"Ponosno i dostojanstveno obilje\u017een Dan sje\u0107anja na \u017ertvu Vukovara\" src=\"https:\/\/live.staticflickr.com\/65535\/54148527031_40d6bd60b6_h.jpg\" data-layer=\"&lt;div class=&#039;morh-gallery-image-download&#039;&gt;&lt;a href=&#039;https:\/\/live.staticflickr.com\/65535\/54148527031_9f86ed65b5_o.jpg&#039; target=&#039;_blank&#039;&gt;Slika za preuzimanje&lt;\/a&gt;&lt;\/div&gt;\" \/><\/a><a href=\"https:\/\/live.staticflickr.com\/65535\/54148850409_ef552b5b09_h.jpg\" title=\"Ponosno i dostojanstveno obilje\u017een Dan sje\u0107anja na \u017ertvu Vukovara\"><img decoding=\"async\" data-title=\"Ponosno i dostojanstveno obilje\u017een Dan sje\u0107anja na \u017ertvu Vukovara\" data-description=\"Potpredsjednik Vlade i ministar obrane Ivan Anu\u0161i\u0107 u sklopu izaslanstva Vlade Republike Hrvatske, predvo\u0111enog predsjednikom Vlade Andrejem Plenkovi\u0107em, sudjelovao je u ponedjeljak 18. studenog 2024. godine u Vukovaru na obilje\u017eavanju 33. obljetnice stradanja Vukovara, u prigodi obilje\u017eavanja Dana sje\u0107anja na \u017ertve Domovinskog rata i Dana sje\u0107anja na \u017ertvu Vukovara i \u0160kabrnje | Foto: MORH\/ J. Kopi\" alt=\"Ponosno i dostojanstveno obilje\u017een Dan sje\u0107anja na \u017ertvu Vukovara\" src=\"https:\/\/live.staticflickr.com\/65535\/54148850409_ef552b5b09_h.jpg\" data-layer=\"&lt;div class=&#039;morh-gallery-image-download&#039;&gt;&lt;a href=&#039;https:\/\/live.staticflickr.com\/65535\/54148850409_304a05c781_o.jpg&#039; target=&#039;_blank&#039;&gt;Slika za preuzimanje&lt;\/a&gt;&lt;\/div&gt;\" \/><\/a><a href=\"https:\/\/live.staticflickr.com\/65535\/54147676567_4cfa5c468b_h.jpg\" title=\"Ponosno i dostojanstveno obilje\u017een Dan sje\u0107anja na \u017ertvu Vukovara\"><img decoding=\"async\" data-title=\"Ponosno i dostojanstveno obilje\u017een Dan sje\u0107anja na \u017ertvu Vukovara\" data-description=\"Potpredsjednik Vlade i ministar obrane Ivan Anu\u0161i\u0107 u sklopu izaslanstva Vlade Republike Hrvatske, predvo\u0111enog predsjednikom Vlade Andrejem Plenkovi\u0107em, sudjelovao je u ponedjeljak 18. studenog 2024. godine u Vukovaru na obilje\u017eavanju 33. obljetnice stradanja Vukovara, u prigodi obilje\u017eavanja Dana sje\u0107anja na \u017ertve Domovinskog rata i Dana sje\u0107anja na \u017ertvu Vukovara i \u0160kabrnje | Foto: MORH\/ J. Kopi\" alt=\"Ponosno i dostojanstveno obilje\u017een Dan sje\u0107anja na \u017ertvu Vukovara\" src=\"https:\/\/live.staticflickr.com\/65535\/54147676567_4cfa5c468b_h.jpg\" data-layer=\"&lt;div class=&#039;morh-gallery-image-download&#039;&gt;&lt;a href=&#039;https:\/\/live.staticflickr.com\/65535\/54147676567_d4ac201a61_o.jpg&#039; target=&#039;_blank&#039;&gt;Slika za preuzimanje&lt;\/a&gt;&lt;\/div&gt;\" \/><\/a><a href=\"https:\/\/live.staticflickr.com\/65535\/54148817173_224347d1cd_h.jpg\" title=\"Ponosno i dostojanstveno obilje\u017een Dan sje\u0107anja na \u017ertvu Vukovara\"><img decoding=\"async\" data-title=\"Ponosno i dostojanstveno obilje\u017een Dan sje\u0107anja na \u017ertvu Vukovara\" data-description=\"Potpredsjednik Vlade i ministar obrane Ivan Anu\u0161i\u0107 u sklopu izaslanstva Vlade Republike Hrvatske, predvo\u0111enog predsjednikom Vlade Andrejem Plenkovi\u0107em, sudjelovao je u ponedjeljak 18. studenog 2024. godine u Vukovaru na obilje\u017eavanju 33. obljetnice stradanja Vukovara, u prigodi obilje\u017eavanja Dana sje\u0107anja na \u017ertve Domovinskog rata i Dana sje\u0107anja na \u017ertvu Vukovara i \u0160kabrnje | Foto: MORH\/ J. Kopi\" alt=\"Ponosno i dostojanstveno obilje\u017een Dan sje\u0107anja na \u017ertvu Vukovara\" src=\"https:\/\/live.staticflickr.com\/65535\/54148817173_224347d1cd_h.jpg\" data-layer=\"&lt;div class=&#039;morh-gallery-image-download&#039;&gt;&lt;a href=&#039;https:\/\/live.staticflickr.com\/65535\/54148817173_7fb48da0da_o.jpg&#039; target=&#039;_blank&#039;&gt;Slika za preuzimanje&lt;\/a&gt;&lt;\/div&gt;\" \/><\/a><a href=\"https:\/\/live.staticflickr.com\/65535\/54147676547_709f27b1db_h.jpg\" title=\"Ponosno i dostojanstveno obilje\u017een Dan sje\u0107anja na \u017ertvu Vukovara\"><img decoding=\"async\" data-title=\"Ponosno i dostojanstveno obilje\u017een Dan sje\u0107anja na \u017ertvu Vukovara\" data-description=\"Potpredsjednik Vlade i ministar obrane Ivan Anu\u0161i\u0107 u sklopu izaslanstva Vlade Republike Hrvatske, predvo\u0111enog predsjednikom Vlade Andrejem Plenkovi\u0107em, sudjelovao je u ponedjeljak 18. studenog 2024. godine u Vukovaru na obilje\u017eavanju 33. obljetnice stradanja Vukovara, u prigodi obilje\u017eavanja Dana sje\u0107anja na \u017ertve Domovinskog rata i Dana sje\u0107anja na \u017ertvu Vukovara i \u0160kabrnje | Foto: MORH\/ J. Kopi\" alt=\"Ponosno i dostojanstveno obilje\u017een Dan sje\u0107anja na \u017ertvu Vukovara\" src=\"https:\/\/live.staticflickr.com\/65535\/54147676547_709f27b1db_h.jpg\" data-layer=\"&lt;div class=&#039;morh-gallery-image-download&#039;&gt;&lt;a href=&#039;https:\/\/live.staticflickr.com\/65535\/54147676547_e2569de910_o.jpg&#039; target=&#039;_blank&#039;&gt;Slika za preuzimanje&lt;\/a&gt;&lt;\/div&gt;\" \/><\/a><a href=\"https:\/\/live.staticflickr.com\/65535\/54147676497_d71f6b6df8_h.jpg\" title=\"Ponosno i dostojanstveno obilje\u017een Dan sje\u0107anja na \u017ertvu Vukovara\"><img decoding=\"async\" data-title=\"Ponosno i dostojanstveno obilje\u017een Dan sje\u0107anja na \u017ertvu Vukovara\" data-description=\"Potpredsjednik Vlade i ministar obrane Ivan Anu\u0161i\u0107 u sklopu izaslanstva Vlade Republike Hrvatske, predvo\u0111enog predsjednikom Vlade Andrejem Plenkovi\u0107em, sudjelovao je u ponedjeljak 18. studenog 2024. godine u Vukovaru na obilje\u017eavanju 33. obljetnice stradanja Vukovara, u prigodi obilje\u017eavanja Dana sje\u0107anja na \u017ertve Domovinskog rata i Dana sje\u0107anja na \u017ertvu Vukovara i \u0160kabrnje | Foto: MORH\/ J. Kopi\" alt=\"Ponosno i dostojanstveno obilje\u017een Dan sje\u0107anja na \u017ertvu Vukovara\" src=\"https:\/\/live.staticflickr.com\/65535\/54147676497_d71f6b6df8_h.jpg\" data-layer=\"&lt;div class=&#039;morh-gallery-image-download&#039;&gt;&lt;a href=&#039;https:\/\/live.staticflickr.com\/65535\/54147676497_04fe186fc2_o.jpg&#039; target=&#039;_blank&#039;&gt;Slika za preuzimanje&lt;\/a&gt;&lt;\/div&gt;\" \/><\/a><a href=\"https:\/\/live.staticflickr.com\/65535\/54148850359_cc395af484_h.jpg\" title=\"Ponosno i dostojanstveno obilje\u017een Dan sje\u0107anja na \u017ertvu Vukovara\"><img decoding=\"async\" data-title=\"Ponosno i dostojanstveno obilje\u017een Dan sje\u0107anja na \u017ertvu Vukovara\" data-description=\"Potpredsjednik Vlade i ministar obrane Ivan Anu\u0161i\u0107 u sklopu izaslanstva Vlade Republike Hrvatske, predvo\u0111enog predsjednikom Vlade Andrejem Plenkovi\u0107em, sudjelovao je u ponedjeljak 18. studenog 2024. godine u Vukovaru na obilje\u017eavanju 33. obljetnice stradanja Vukovara, u prigodi obilje\u017eavanja Dana sje\u0107anja na \u017ertve Domovinskog rata i Dana sje\u0107anja na \u017ertvu Vukovara i \u0160kabrnje | Foto: MORH\/ J. Kopi\" alt=\"Ponosno i dostojanstveno obilje\u017een Dan sje\u0107anja na \u017ertvu Vukovara\" src=\"https:\/\/live.staticflickr.com\/65535\/54148850359_cc395af484_h.jpg\" data-layer=\"&lt;div class=&#039;morh-gallery-image-download&#039;&gt;&lt;a href=&#039;https:\/\/live.staticflickr.com\/65535\/54148850359_542d42c490_o.jpg&#039; target=&#039;_blank&#039;&gt;Slika za preuzimanje&lt;\/a&gt;&lt;\/div&gt;\" \/><\/a><a href=\"https:\/\/live.staticflickr.com\/65535\/54148988660_58c25d7e01_h.jpg\" title=\"Ponosno i dostojanstveno obilje\u017een Dan sje\u0107anja na \u017ertvu Vukovara\"><img decoding=\"async\" data-title=\"Ponosno i dostojanstveno obilje\u017een Dan sje\u0107anja na \u017ertvu Vukovara\" data-description=\"Potpredsjednik Vlade i ministar obrane Ivan Anu\u0161i\u0107 u sklopu izaslanstva Vlade Republike Hrvatske, predvo\u0111enog predsjednikom Vlade Andrejem Plenkovi\u0107em, sudjelovao je u ponedjeljak 18. studenog 2024. godine u Vukovaru na obilje\u017eavanju 33. obljetnice stradanja Vukovara, u prigodi obilje\u017eavanja Dana sje\u0107anja na \u017ertve Domovinskog rata i Dana sje\u0107anja na \u017ertvu Vukovara i \u0160kabrnje | Foto: MORH\/ J. Kopi\" alt=\"Ponosno i dostojanstveno obilje\u017een Dan sje\u0107anja na \u017ertvu Vukovara\" src=\"https:\/\/live.staticflickr.com\/65535\/54148988660_58c25d7e01_h.jpg\" data-layer=\"&lt;div class=&#039;morh-gallery-image-download&#039;&gt;&lt;a href=&#039;https:\/\/live.staticflickr.com\/65535\/54148988660_8e17fa6e71_o.jpg&#039; target=&#039;_blank&#039;&gt;Slika za preuzimanje&lt;\/a&gt;&lt;\/div&gt;\" \/><\/a><a href=\"https:\/\/live.staticflickr.com\/65535\/54148850339_089b842a43_h.jpg\" title=\"Ponosno i dostojanstveno obilje\u017een Dan sje\u0107anja na \u017ertvu Vukovara\"><img decoding=\"async\" data-title=\"Ponosno i dostojanstveno obilje\u017een Dan sje\u0107anja na \u017ertvu Vukovara\" data-description=\"Potpredsjednik Vlade i ministar obrane Ivan Anu\u0161i\u0107 u sklopu izaslanstva Vlade Republike Hrvatske, predvo\u0111enog predsjednikom Vlade Andrejem Plenkovi\u0107em, sudjelovao je u ponedjeljak 18. studenog 2024. godine u Vukovaru na obilje\u017eavanju 33. obljetnice stradanja Vukovara, u prigodi obilje\u017eavanja Dana sje\u0107anja na \u017ertve Domovinskog rata i Dana sje\u0107anja na \u017ertvu Vukovara i \u0160kabrnje | Foto: MORH\/ J. Kopi\" alt=\"Ponosno i dostojanstveno obilje\u017een Dan sje\u0107anja na \u017ertvu Vukovara\" src=\"https:\/\/live.staticflickr.com\/65535\/54148850339_089b842a43_h.jpg\" data-layer=\"&lt;div class=&#039;morh-gallery-image-download&#039;&gt;&lt;a href=&#039;https:\/\/live.staticflickr.com\/65535\/54148850339_2bcf8ca7ed_o.jpg&#039; target=&#039;_blank&#039;&gt;Slika za preuzimanje&lt;\/a&gt;&lt;\/div&gt;\" \/><\/a><a href=\"https:\/\/live.staticflickr.com\/65535\/54148526916_1c40c77b28_h.jpg\" title=\"Ponosno i dostojanstveno obilje\u017een Dan sje\u0107anja na \u017ertvu Vukovara\"><img decoding=\"async\" data-title=\"Ponosno i dostojanstveno obilje\u017een Dan sje\u0107anja na \u017ertvu Vukovara\" data-description=\"Potpredsjednik Vlade i ministar obrane Ivan Anu\u0161i\u0107 u sklopu izaslanstva Vlade Republike Hrvatske, predvo\u0111enog predsjednikom Vlade Andrejem Plenkovi\u0107em, sudjelovao je u ponedjeljak 18. studenog 2024. godine u Vukovaru na obilje\u017eavanju 33. obljetnice stradanja Vukovara, u prigodi obilje\u017eavanja Dana sje\u0107anja na \u017ertve Domovinskog rata i Dana sje\u0107anja na \u017ertvu Vukovara i \u0160kabrnje | Foto: MORH\/ J. Kopi\" alt=\"Ponosno i dostojanstveno obilje\u017een Dan sje\u0107anja na \u017ertvu Vukovara\" src=\"https:\/\/live.staticflickr.com\/65535\/54148526916_1c40c77b28_h.jpg\" data-layer=\"&lt;div class=&#039;morh-gallery-image-download&#039;&gt;&lt;a href=&#039;https:\/\/live.staticflickr.com\/65535\/54148526916_37d62cd50e_o.jpg&#039; target=&#039;_blank&#039;&gt;Slika za preuzimanje&lt;\/a&gt;&lt;\/div&gt;\" \/><\/a><a href=\"https:\/\/live.staticflickr.com\/65535\/54148817063_73b21408a2_h.jpg\" title=\"Ponosno i dostojanstveno obilje\u017een Dan sje\u0107anja na \u017ertvu Vukovara\"><img decoding=\"async\" data-title=\"Ponosno i dostojanstveno obilje\u017een Dan sje\u0107anja na \u017ertvu Vukovara\" data-description=\"Potpredsjednik Vlade i ministar obrane Ivan Anu\u0161i\u0107 u sklopu izaslanstva Vlade Republike Hrvatske, predvo\u0111enog predsjednikom Vlade Andrejem Plenkovi\u0107em, sudjelovao je u ponedjeljak 18. studenog 2024. godine u Vukovaru na obilje\u017eavanju 33. obljetnice stradanja Vukovara, u prigodi obilje\u017eavanja Dana sje\u0107anja na \u017ertve Domovinskog rata i Dana sje\u0107anja na \u017ertvu Vukovara i \u0160kabrnje | Foto: MORH\/ J. Kopi\" alt=\"Ponosno i dostojanstveno obilje\u017een Dan sje\u0107anja na \u017ertvu Vukovara\" src=\"https:\/\/live.staticflickr.com\/65535\/54148817063_73b21408a2_h.jpg\" data-layer=\"&lt;div class=&#039;morh-gallery-image-download&#039;&gt;&lt;a href=&#039;https:\/\/live.staticflickr.com\/65535\/54148817063_c368955656_o.jpg&#039; target=&#039;_blank&#039;&gt;Slika za preuzimanje&lt;\/a&gt;&lt;\/div&gt;\" \/><\/a><a href=\"https:\/\/live.staticflickr.com\/65535\/54147676387_8a9156fa74_h.jpg\" title=\"Ponosno i dostojanstveno obilje\u017een Dan sje\u0107anja na \u017ertvu Vukovara\"><img decoding=\"async\" data-title=\"Ponosno i dostojanstveno obilje\u017een Dan sje\u0107anja na \u017ertvu Vukovara\" data-description=\"Potpredsjednik Vlade i ministar obrane Ivan Anu\u0161i\u0107 u sklopu izaslanstva Vlade Republike Hrvatske, predvo\u0111enog predsjednikom Vlade Andrejem Plenkovi\u0107em, sudjelovao je u ponedjeljak 18. studenog 2024. godine u Vukovaru na obilje\u017eavanju 33. obljetnice stradanja Vukovara, u prigodi obilje\u017eavanja Dana sje\u0107anja na \u017ertve Domovinskog rata i Dana sje\u0107anja na \u017ertvu Vukovara i \u0160kabrnje | Foto: MORH\/ J. Kopi\" alt=\"Ponosno i dostojanstveno obilje\u017een Dan sje\u0107anja na \u017ertvu Vukovara\" src=\"https:\/\/live.staticflickr.com\/65535\/54147676387_8a9156fa74_h.jpg\" data-layer=\"&lt;div class=&#039;morh-gallery-image-download&#039;&gt;&lt;a href=&#039;https:\/\/live.staticflickr.com\/65535\/54147676387_b92e021dac_o.jpg&#039; target=&#039;_blank&#039;&gt;Slika za preuzimanje&lt;\/a&gt;&lt;\/div&gt;\" \/><\/a><a href=\"https:\/\/live.staticflickr.com\/65535\/54148816983_b16b965124_h.jpg\" title=\"Ponosno i dostojanstveno obilje\u017een Dan sje\u0107anja na \u017ertvu Vukovara\"><img decoding=\"async\" data-title=\"Ponosno i dostojanstveno obilje\u017een Dan sje\u0107anja na \u017ertvu Vukovara\" data-description=\"Potpredsjednik Vlade i ministar obrane Ivan Anu\u0161i\u0107 u sklopu izaslanstva Vlade Republike Hrvatske, predvo\u0111enog predsjednikom Vlade Andrejem Plenkovi\u0107em, sudjelovao je u ponedjeljak 18. studenog 2024. godine u Vukovaru na obilje\u017eavanju 33. obljetnice stradanja Vukovara, u prigodi obilje\u017eavanja Dana sje\u0107anja na \u017ertve Domovinskog rata i Dana sje\u0107anja na \u017ertvu Vukovara i \u0160kabrnje | Foto: MORH\/ J. Kopi\" alt=\"Ponosno i dostojanstveno obilje\u017een Dan sje\u0107anja na \u017ertvu Vukovara\" src=\"https:\/\/live.staticflickr.com\/65535\/54148816983_b16b965124_h.jpg\" data-layer=\"&lt;div class=&#039;morh-gallery-image-download&#039;&gt;&lt;a href=&#039;https:\/\/live.staticflickr.com\/65535\/54148816983_c81a575065_o.jpg&#039; target=&#039;_blank&#039;&gt;Slika za preuzimanje&lt;\/a&gt;&lt;\/div&gt;\" \/><\/a><a href=\"https:\/\/live.staticflickr.com\/65535\/54148988510_4d6fc77593_h.jpg\" title=\"Ponosno i dostojanstveno obilje\u017een Dan sje\u0107anja na \u017ertvu Vukovara\"><img decoding=\"async\" data-title=\"Ponosno i dostojanstveno obilje\u017een Dan sje\u0107anja na \u017ertvu Vukovara\" data-description=\"Potpredsjednik Vlade i ministar obrane Ivan Anu\u0161i\u0107 u sklopu izaslanstva Vlade Republike Hrvatske, predvo\u0111enog predsjednikom Vlade Andrejem Plenkovi\u0107em, sudjelovao je u ponedjeljak 18. studenog 2024. godine u Vukovaru na obilje\u017eavanju 33. obljetnice stradanja Vukovara, u prigodi obilje\u017eavanja Dana sje\u0107anja na \u017ertve Domovinskog rata i Dana sje\u0107anja na \u017ertvu Vukovara i \u0160kabrnje | Foto: MORH\/ J. Kopi\" alt=\"Ponosno i dostojanstveno obilje\u017een Dan sje\u0107anja na \u017ertvu Vukovara\" src=\"https:\/\/live.staticflickr.com\/65535\/54148988510_4d6fc77593_h.jpg\" data-layer=\"&lt;div class=&#039;morh-gallery-image-download&#039;&gt;&lt;a href=&#039;https:\/\/live.staticflickr.com\/65535\/54148988510_2d0d8ec33b_o.jpg&#039; target=&#039;_blank&#039;&gt;Slika za preuzimanje&lt;\/a&gt;&lt;\/div&gt;\" \/><\/a><a href=\"https:\/\/live.staticflickr.com\/65535\/54148526831_11e9ae3d6d_h.jpg\" title=\"Ponosno i dostojanstveno obilje\u017een Dan sje\u0107anja na \u017ertvu Vukovara\"><img decoding=\"async\" data-title=\"Ponosno i dostojanstveno obilje\u017een Dan sje\u0107anja na \u017ertvu Vukovara\" data-description=\"Potpredsjednik Vlade i ministar obrane Ivan Anu\u0161i\u0107 u sklopu izaslanstva Vlade Republike Hrvatske, predvo\u0111enog predsjednikom Vlade Andrejem Plenkovi\u0107em, sudjelovao je u ponedjeljak 18. studenog 2024. godine u Vukovaru na obilje\u017eavanju 33. obljetnice stradanja Vukovara, u prigodi obilje\u017eavanja Dana sje\u0107anja na \u017ertve Domovinskog rata i Dana sje\u0107anja na \u017ertvu Vukovara i \u0160kabrnje | Foto: MORH\/ J. Kopi\" alt=\"Ponosno i dostojanstveno obilje\u017een Dan sje\u0107anja na \u017ertvu Vukovara\" src=\"https:\/\/live.staticflickr.com\/65535\/54148526831_11e9ae3d6d_h.jpg\" data-layer=\"&lt;div class=&#039;morh-gallery-image-download&#039;&gt;&lt;a href=&#039;https:\/\/live.staticflickr.com\/65535\/54148526831_582d2b6fba_o.jpg&#039; target=&#039;_blank&#039;&gt;Slika za preuzimanje&lt;\/a&gt;&lt;\/div&gt;\" \/><\/a><a href=\"https:\/\/live.staticflickr.com\/65535\/54148850144_3e6c5e4d62_h.jpg\" title=\"Ponosno i dostojanstveno obilje\u017een Dan sje\u0107anja na \u017ertvu Vukovara\"><img decoding=\"async\" data-title=\"Ponosno i dostojanstveno obilje\u017een Dan sje\u0107anja na \u017ertvu Vukovara\" data-description=\"Potpredsjednik Vlade i ministar obrane Ivan Anu\u0161i\u0107 u sklopu izaslanstva Vlade Republike Hrvatske, predvo\u0111enog predsjednikom Vlade Andrejem Plenkovi\u0107em, sudjelovao je u ponedjeljak 18. studenog 2024. godine u Vukovaru na obilje\u017eavanju 33. obljetnice stradanja Vukovara, u prigodi obilje\u017eavanja Dana sje\u0107anja na \u017ertve Domovinskog rata i Dana sje\u0107anja na \u017ertvu Vukovara i \u0160kabrnje | Foto: MORH\/ J. Kopi\" alt=\"Ponosno i dostojanstveno obilje\u017een Dan sje\u0107anja na \u017ertvu Vukovara\" src=\"https:\/\/live.staticflickr.com\/65535\/54148850144_3e6c5e4d62_h.jpg\" data-layer=\"&lt;div class=&#039;morh-gallery-image-download&#039;&gt;&lt;a href=&#039;https:\/\/live.staticflickr.com\/65535\/54148850144_ee029f4ff3_o.jpg&#039; target=&#039;_blank&#039;&gt;Slika za preuzimanje&lt;\/a&gt;&lt;\/div&gt;\" \/><\/a><a href=\"https:\/\/live.staticflickr.com\/65535\/54148526776_a0105b9e2d_h.jpg\" title=\"Ponosno i dostojanstveno obilje\u017een Dan sje\u0107anja na \u017ertvu Vukovara\"><img decoding=\"async\" data-title=\"Ponosno i dostojanstveno obilje\u017een Dan sje\u0107anja na \u017ertvu Vukovara\" data-description=\"Potpredsjednik Vlade i ministar obrane Ivan Anu\u0161i\u0107 u sklopu izaslanstva Vlade Republike Hrvatske, predvo\u0111enog predsjednikom Vlade Andrejem Plenkovi\u0107em, sudjelovao je u ponedjeljak 18. studenog 2024. godine u Vukovaru na obilje\u017eavanju 33. obljetnice stradanja Vukovara, u prigodi obilje\u017eavanja Dana sje\u0107anja na \u017ertve Domovinskog rata i Dana sje\u0107anja na \u017ertvu Vukovara i \u0160kabrnje | Foto: MORH\/ J. Kopi\" alt=\"Ponosno i dostojanstveno obilje\u017een Dan sje\u0107anja na \u017ertvu Vukovara\" src=\"https:\/\/live.staticflickr.com\/65535\/54148526776_a0105b9e2d_h.jpg\" data-layer=\"&lt;div class=&#039;morh-gallery-image-download&#039;&gt;&lt;a href=&#039;https:\/\/live.staticflickr.com\/65535\/54148526776_7bf80c394f_o.jpg&#039; target=&#039;_blank&#039;&gt;Slika za preuzimanje&lt;\/a&gt;&lt;\/div&gt;\" \/><\/a><a href=\"https:\/\/live.staticflickr.com\/65535\/54148816913_f9d0d67e40_h.jpg\" title=\"Ponosno i dostojanstveno obilje\u017een Dan sje\u0107anja na \u017ertvu Vukovara\"><img decoding=\"async\" data-title=\"Ponosno i dostojanstveno obilje\u017een Dan sje\u0107anja na \u017ertvu Vukovara\" data-description=\"Potpredsjednik Vlade i ministar obrane Ivan Anu\u0161i\u0107 u sklopu izaslanstva Vlade Republike Hrvatske, predvo\u0111enog predsjednikom Vlade Andrejem Plenkovi\u0107em, sudjelovao je u ponedjeljak 18. studenog 2024. godine u Vukovaru na obilje\u017eavanju 33. obljetnice stradanja Vukovara, u prigodi obilje\u017eavanja Dana sje\u0107anja na \u017ertve Domovinskog rata i Dana sje\u0107anja na \u017ertvu Vukovara i \u0160kabrnje | Foto: MORH\/ J. Kopi\" alt=\"Ponosno i dostojanstveno obilje\u017een Dan sje\u0107anja na \u017ertvu Vukovara\" src=\"https:\/\/live.staticflickr.com\/65535\/54148816913_f9d0d67e40_h.jpg\" data-layer=\"&lt;div class=&#039;morh-gallery-image-download&#039;&gt;&lt;a href=&#039;https:\/\/live.staticflickr.com\/65535\/54148816913_604b6385d4_o.jpg&#039; target=&#039;_blank&#039;&gt;Slika za preuzimanje&lt;\/a&gt;&lt;\/div&gt;\" \/><\/a><a href=\"https:\/\/live.staticflickr.com\/65535\/54148850084_96a77e5bcb_h.jpg\" title=\"Ponosno i dostojanstveno obilje\u017een Dan sje\u0107anja na \u017ertvu Vukovara\"><img decoding=\"async\" data-title=\"Ponosno i dostojanstveno obilje\u017een Dan sje\u0107anja na \u017ertvu Vukovara\" data-description=\"Potpredsjednik Vlade i ministar obrane Ivan Anu\u0161i\u0107 u sklopu izaslanstva Vlade Republike Hrvatske, predvo\u0111enog predsjednikom Vlade Andrejem Plenkovi\u0107em, sudjelovao je u ponedjeljak 18. studenog 2024. godine u Vukovaru na obilje\u017eavanju 33. obljetnice stradanja Vukovara, u prigodi obilje\u017eavanja Dana sje\u0107anja na \u017ertve Domovinskog rata i Dana sje\u0107anja na \u017ertvu Vukovara i \u0160kabrnje | Foto: MORH\/ J. Kopi\" alt=\"Ponosno i dostojanstveno obilje\u017een Dan sje\u0107anja na \u017ertvu Vukovara\" src=\"https:\/\/live.staticflickr.com\/65535\/54148850084_96a77e5bcb_h.jpg\" data-layer=\"&lt;div class=&#039;morh-gallery-image-download&#039;&gt;&lt;a href=&#039;https:\/\/live.staticflickr.com\/65535\/54148850084_bf0c709ab5_o.jpg&#039; target=&#039;_blank&#039;&gt;Slika za preuzimanje&lt;\/a&gt;&lt;\/div&gt;\" \/><\/a><a href=\"https:\/\/live.staticflickr.com\/65535\/54147676247_d5abddafa4_h.jpg\" title=\"Ponosno i dostojanstveno obilje\u017een Dan sje\u0107anja na \u017ertvu Vukovara\"><img decoding=\"async\" data-title=\"Ponosno i dostojanstveno obilje\u017een Dan sje\u0107anja na \u017ertvu Vukovara\" data-description=\"Potpredsjednik Vlade i ministar obrane Ivan Anu\u0161i\u0107 u sklopu izaslanstva Vlade Republike Hrvatske, predvo\u0111enog predsjednikom Vlade Andrejem Plenkovi\u0107em, sudjelovao je u ponedjeljak 18. studenog 2024. godine u Vukovaru na obilje\u017eavanju 33. obljetnice stradanja Vukovara, u prigodi obilje\u017eavanja Dana sje\u0107anja na \u017ertve Domovinskog rata i Dana sje\u0107anja na \u017ertvu Vukovara i \u0160kabrnje | Foto: MORH\/ J. Kopi\" alt=\"Ponosno i dostojanstveno obilje\u017een Dan sje\u0107anja na \u017ertvu Vukovara\" src=\"https:\/\/live.staticflickr.com\/65535\/54147676247_d5abddafa4_h.jpg\" data-layer=\"&lt;div class=&#039;morh-gallery-image-download&#039;&gt;&lt;a href=&#039;https:\/\/live.staticflickr.com\/65535\/54147676247_743251cff9_o.jpg&#039; target=&#039;_blank&#039;&gt;Slika za preuzimanje&lt;\/a&gt;&lt;\/div&gt;\" \/><\/a><a href=\"https:\/\/live.staticflickr.com\/65535\/54147676092_a86f1f1cef_h.jpg\" title=\"Ponosno i dostojanstveno obilje\u017een Dan sje\u0107anja na \u017ertvu Vukovara\"><img decoding=\"async\" data-title=\"Ponosno i dostojanstveno obilje\u017een Dan sje\u0107anja na \u017ertvu Vukovara\" data-description=\"Potpredsjednik Vlade i ministar obrane Ivan Anu\u0161i\u0107 u sklopu izaslanstva Vlade Republike Hrvatske, predvo\u0111enog predsjednikom Vlade Andrejem Plenkovi\u0107em, sudjelovao je u ponedjeljak 18. studenog 2024. godine u Vukovaru na obilje\u017eavanju 33. obljetnice stradanja Vukovara, u prigodi obilje\u017eavanja Dana sje\u0107anja na \u017ertve Domovinskog rata i Dana sje\u0107anja na \u017ertvu Vukovara i \u0160kabrnje | Foto: MORH\/ J. Kopi\" alt=\"Ponosno i dostojanstveno obilje\u017een Dan sje\u0107anja na \u017ertvu Vukovara\" src=\"https:\/\/live.staticflickr.com\/65535\/54147676092_a86f1f1cef_h.jpg\" data-layer=\"&lt;div class=&#039;morh-gallery-image-download&#039;&gt;&lt;a href=&#039;https:\/\/live.staticflickr.com\/65535\/54147676092_9590d9ccee_o.jpg&#039; target=&#039;_blank&#039;&gt;Slika za preuzimanje&lt;\/a&gt;&lt;\/div&gt;\" \/><\/a><a href=\"https:\/\/live.staticflickr.com\/65535\/54148849894_b24f3a30e9_h.jpg\" title=\"Ponosno i dostojanstveno obilje\u017een Dan sje\u0107anja na \u017ertvu Vukovara\"><img decoding=\"async\" data-title=\"Ponosno i dostojanstveno obilje\u017een Dan sje\u0107anja na \u017ertvu Vukovara\" data-description=\"Potpredsjednik Vlade i ministar obrane Ivan Anu\u0161i\u0107 u sklopu izaslanstva Vlade Republike Hrvatske, predvo\u0111enog predsjednikom Vlade Andrejem Plenkovi\u0107em, sudjelovao je u ponedjeljak 18. studenog 2024. godine u Vukovaru na obilje\u017eavanju 33. obljetnice stradanja Vukovara, u prigodi obilje\u017eavanja Dana sje\u0107anja na \u017ertve Domovinskog rata i Dana sje\u0107anja na \u017ertvu Vukovara i \u0160kabrnje | Foto: MORH\/ J. Kopi\" alt=\"Ponosno i dostojanstveno obilje\u017een Dan sje\u0107anja na \u017ertvu Vukovara\" src=\"https:\/\/live.staticflickr.com\/65535\/54148849894_b24f3a30e9_h.jpg\" data-layer=\"&lt;div class=&#039;morh-gallery-image-download&#039;&gt;&lt;a href=&#039;https:\/\/live.staticflickr.com\/65535\/54148849894_b24535b58c_o.jpg&#039; target=&#039;_blank&#039;&gt;Slika za preuzimanje&lt;\/a&gt;&lt;\/div&gt;\" \/><\/a><a href=\"https:\/\/live.staticflickr.com\/65535\/54148526571_74a66cf80a_h.jpg\" title=\"Ponosno i dostojanstveno obilje\u017een Dan sje\u0107anja na \u017ertvu Vukovara\"><img decoding=\"async\" data-title=\"Ponosno i dostojanstveno obilje\u017een Dan sje\u0107anja na \u017ertvu Vukovara\" data-description=\"Potpredsjednik Vlade i ministar obrane Ivan Anu\u0161i\u0107 u sklopu izaslanstva Vlade Republike Hrvatske, predvo\u0111enog predsjednikom Vlade Andrejem Plenkovi\u0107em, sudjelovao je u ponedjeljak 18. studenog 2024. godine u Vukovaru na obilje\u017eavanju 33. obljetnice stradanja Vukovara, u prigodi obilje\u017eavanja Dana sje\u0107anja na \u017ertve Domovinskog rata i Dana sje\u0107anja na \u017ertvu Vukovara i \u0160kabrnje | Foto: MORH\/ J. Kopi\" alt=\"Ponosno i dostojanstveno obilje\u017een Dan sje\u0107anja na \u017ertvu Vukovara\" src=\"https:\/\/live.staticflickr.com\/65535\/54148526571_74a66cf80a_h.jpg\" data-layer=\"&lt;div class=&#039;morh-gallery-image-download&#039;&gt;&lt;a href=&#039;https:\/\/live.staticflickr.com\/65535\/54148526571_433559eb38_o.jpg&#039; target=&#039;_blank&#039;&gt;Slika za preuzimanje&lt;\/a&gt;&lt;\/div&gt;\" \/><\/a><a href=\"https:\/\/live.staticflickr.com\/65535\/54148988220_9dd73ed904_h.jpg\" title=\"Ponosno i dostojanstveno obilje\u017een Dan sje\u0107anja na \u017ertvu Vukovara\"><img decoding=\"async\" data-title=\"Ponosno i dostojanstveno obilje\u017een Dan sje\u0107anja na \u017ertvu Vukovara\" data-description=\"Potpredsjednik Vlade i ministar obrane Ivan Anu\u0161i\u0107 u sklopu izaslanstva Vlade Republike Hrvatske, predvo\u0111enog predsjednikom Vlade Andrejem Plenkovi\u0107em, sudjelovao je u ponedjeljak 18. studenog 2024. godine u Vukovaru na obilje\u017eavanju 33. obljetnice stradanja Vukovara, u prigodi obilje\u017eavanja Dana sje\u0107anja na \u017ertve Domovinskog rata i Dana sje\u0107anja na \u017ertvu Vukovara i \u0160kabrnje | Foto: MORH\/ J. Kopi\" alt=\"Ponosno i dostojanstveno obilje\u017een Dan sje\u0107anja na \u017ertvu Vukovara\" src=\"https:\/\/live.staticflickr.com\/65535\/54148988220_9dd73ed904_h.jpg\" data-layer=\"&lt;div class=&#039;morh-gallery-image-download&#039;&gt;&lt;a href=&#039;https:\/\/live.staticflickr.com\/65535\/54148988220_887d5a338e_o.jpg&#039; target=&#039;_blank&#039;&gt;Slika za preuzimanje&lt;\/a&gt;&lt;\/div&gt;\" \/><\/a><\/div><!--\/.morh-galleria -->\n","protected":false},"excerpt":{"rendered":"<p>Vukovar, which was our biggest wound, biggest trauma and biggest sadness, is slowly growing into a place of the greatest inspiration and pride, Minister Anu\u0161i\u0107 said<\/p>\n","protected":false},"author":4699,"featured_media":248468,"comment_status":"closed","ping_status":"closed","sticky":false,"template":"","format":"standard","meta":{"_acf_changed":false,"_monsterinsights_skip_tracking":false,"_monsterinsights_sitenote_active":false,"_monsterinsights_sitenote_note":"","_monsterinsights_sitenote_category":0,"footnotes":""},"categories":[117],"tags":[],"class_list":["post-248467","post","type-post","status-publish","format-standard","has-post-thumbnail","hentry","category-press-releases"],"acf":[],"yoast_head":"<!-- This site is optimized with the Yoast SEO plugin v26.9 - https:\/\/yoast.com\/product\/yoast-seo-wordpress\/ -->\n<title>The Day of Remembrance of the Victims of Vukovar was marked with pride and dignity - MORH<\/title>\n<meta name=\"description\" content=\"Vukovar, which was our biggest wound, biggest trauma and biggest sadness, is slowly growing into a place of the greatest inspiration and pride, Minister Anu\u0161i\u0107 said\" \/>\n<meta name=\"robots\" content=\"index, follow, max-snippet:-1, max-image-preview:large, max-video-preview:-1\" \/>\n<link rel=\"canonical\" href=\"https:\/\/www.morh.hr\/en\/the-day-of-remembrance-of-the-victims-of-vukovar-was-marked-with-pride-and-dignity\/\" \/>\n<meta property=\"og:locale\" content=\"en_US\" \/>\n<meta property=\"og:type\" content=\"article\" \/>\n<meta property=\"og:title\" content=\"The Day of Remembrance of the Victims of Vukovar was marked with pride and dignity - MORH\" \/>\n<meta property=\"og:description\" content=\"Vukovar, which was our biggest wound, biggest trauma and biggest sadness, is slowly growing into a place of the greatest inspiration and pride, Minister Anu\u0161i\u0107 said\" \/>\n<meta property=\"og:url\" content=\"https:\/\/www.morh.hr\/en\/the-day-of-remembrance-of-the-victims-of-vukovar-was-marked-with-pride-and-dignity\/\" \/>\n<meta property=\"og:site_name\" content=\"MORH\" \/>\n<meta property=\"article:publisher\" content=\"https:\/\/www.facebook.com\/sportasiuhrvatskojvojsci\/\" \/>\n<meta property=\"article:published_time\" content=\"2024-11-18T14:01:26+00:00\" \/>\n<meta property=\"article:modified_time\" content=\"2025-11-26T14:13:36+00:00\" \/>\n<meta property=\"og:image\" content=\"https:\/\/www.morh.hr\/wp-content\/uploads\/2025\/01\/2024-11-18-vukovar.jpg\" \/>\n\t<meta property=\"og:image:width\" content=\"2400\" \/>\n\t<meta property=\"og:image:height\" content=\"1600\" \/>\n\t<meta property=\"og:image:type\" content=\"image\/jpeg\" \/>\n<meta name=\"author\" content=\"Mladen\" \/>\n<meta name=\"twitter:card\" content=\"summary_large_image\" \/>\n<meta name=\"twitter:creator\" content=\"@morh_osrh\" \/>\n<meta name=\"twitter:site\" content=\"@morh_osrh\" \/>\n<meta name=\"twitter:label1\" content=\"Written by\" \/>\n\t<meta name=\"twitter:data1\" content=\"Mladen\" \/>\n\t<meta name=\"twitter:label2\" content=\"Est. reading time\" \/>\n\t<meta name=\"twitter:data2\" content=\"4 minutes\" \/>\n<script type=\"application\/ld+json\" class=\"yoast-schema-graph\">{\"@context\":\"https:\/\/schema.org\",\"@graph\":[{\"@type\":\"Article\",\"@id\":\"https:\/\/www.morh.hr\/en\/the-day-of-remembrance-of-the-victims-of-vukovar-was-marked-with-pride-and-dignity\/#article\",\"isPartOf\":{\"@id\":\"https:\/\/www.morh.hr\/en\/the-day-of-remembrance-of-the-victims-of-vukovar-was-marked-with-pride-and-dignity\/\"},\"author\":{\"name\":\"Mladen\",\"@id\":\"https:\/\/www.morh.hr\/en\/#\/schema\/person\/ec8e2528a579067d8bda0ae2124ac768\"},\"headline\":\"The Day of Remembrance of the Victims of Vukovar was marked with pride and dignity\",\"datePublished\":\"2024-11-18T14:01:26+00:00\",\"dateModified\":\"2025-11-26T14:13:36+00:00\",\"mainEntityOfPage\":{\"@id\":\"https:\/\/www.morh.hr\/en\/the-day-of-remembrance-of-the-victims-of-vukovar-was-marked-with-pride-and-dignity\/\"},\"wordCount\":703,\"image\":{\"@id\":\"https:\/\/www.morh.hr\/en\/the-day-of-remembrance-of-the-victims-of-vukovar-was-marked-with-pride-and-dignity\/#primaryimage\"},\"thumbnailUrl\":\"https:\/\/www.morh.hr\/wp-content\/uploads\/2025\/01\/2024-11-18-vukovar.jpg\",\"articleSection\":[\"Press releases\"],\"inLanguage\":\"en-US\"},{\"@type\":\"WebPage\",\"@id\":\"https:\/\/www.morh.hr\/en\/the-day-of-remembrance-of-the-victims-of-vukovar-was-marked-with-pride-and-dignity\/\",\"url\":\"https:\/\/www.morh.hr\/en\/the-day-of-remembrance-of-the-victims-of-vukovar-was-marked-with-pride-and-dignity\/\",\"name\":\"The Day of Remembrance of the Victims of Vukovar was marked with pride and dignity - MORH\",\"isPartOf\":{\"@id\":\"https:\/\/www.morh.hr\/en\/#website\"},\"primaryImageOfPage\":{\"@id\":\"https:\/\/www.morh.hr\/en\/the-day-of-remembrance-of-the-victims-of-vukovar-was-marked-with-pride-and-dignity\/#primaryimage\"},\"image\":{\"@id\":\"https:\/\/www.morh.hr\/en\/the-day-of-remembrance-of-the-victims-of-vukovar-was-marked-with-pride-and-dignity\/#primaryimage\"},\"thumbnailUrl\":\"https:\/\/www.morh.hr\/wp-content\/uploads\/2025\/01\/2024-11-18-vukovar.jpg\",\"datePublished\":\"2024-11-18T14:01:26+00:00\",\"dateModified\":\"2025-11-26T14:13:36+00:00\",\"author\":{\"@id\":\"https:\/\/www.morh.hr\/en\/#\/schema\/person\/ec8e2528a579067d8bda0ae2124ac768\"},\"description\":\"Vukovar, which was our biggest wound, biggest trauma and biggest sadness, is slowly growing into a place of the greatest inspiration and pride, Minister Anu\u0161i\u0107 said\",\"breadcrumb\":{\"@id\":\"https:\/\/www.morh.hr\/en\/the-day-of-remembrance-of-the-victims-of-vukovar-was-marked-with-pride-and-dignity\/#breadcrumb\"},\"inLanguage\":\"en-US\",\"potentialAction\":[{\"@type\":\"ReadAction\",\"target\":[\"https:\/\/www.morh.hr\/en\/the-day-of-remembrance-of-the-victims-of-vukovar-was-marked-with-pride-and-dignity\/\"]}]},{\"@type\":\"ImageObject\",\"inLanguage\":\"en-US\",\"@id\":\"https:\/\/www.morh.hr\/en\/the-day-of-remembrance-of-the-victims-of-vukovar-was-marked-with-pride-and-dignity\/#primaryimage\",\"url\":\"https:\/\/www.morh.hr\/wp-content\/uploads\/2025\/01\/2024-11-18-vukovar.jpg\",\"contentUrl\":\"https:\/\/www.morh.hr\/wp-content\/uploads\/2025\/01\/2024-11-18-vukovar.jpg\",\"width\":2400,\"height\":1600,\"caption\":\"default\"},{\"@type\":\"BreadcrumbList\",\"@id\":\"https:\/\/www.morh.hr\/en\/the-day-of-remembrance-of-the-victims-of-vukovar-was-marked-with-pride-and-dignity\/#breadcrumb\",\"itemListElement\":[{\"@type\":\"ListItem\",\"position\":1,\"name\":\"Naslovnica\",\"item\":\"https:\/\/www.morh.hr\/en\/\"},{\"@type\":\"ListItem\",\"position\":2,\"name\":\"News\",\"item\":\"https:\/\/www.morh.hr\/en\/kategorija\/news\/\"},{\"@type\":\"ListItem\",\"position\":3,\"name\":\"Press releases\",\"item\":\"https:\/\/www.morh.hr\/en\/kategorija\/news\/press-releases\/\"},{\"@type\":\"ListItem\",\"position\":4,\"name\":\"The Day of Remembrance of the Victims of Vukovar was marked with pride and dignity\"}]},{\"@type\":\"WebSite\",\"@id\":\"https:\/\/www.morh.hr\/en\/#website\",\"url\":\"https:\/\/www.morh.hr\/en\/\",\"name\":\"MORH\",\"description\":\"Ministarstvo obrane Republike Hrvatske - slu\u017ebene stranice\",\"potentialAction\":[{\"@type\":\"SearchAction\",\"target\":{\"@type\":\"EntryPoint\",\"urlTemplate\":\"https:\/\/www.morh.hr\/en\/?s={search_term_string}\"},\"query-input\":{\"@type\":\"PropertyValueSpecification\",\"valueRequired\":true,\"valueName\":\"search_term_string\"}}],\"inLanguage\":\"en-US\"},{\"@type\":\"Person\",\"@id\":\"https:\/\/www.morh.hr\/en\/#\/schema\/person\/ec8e2528a579067d8bda0ae2124ac768\",\"name\":\"Mladen\",\"image\":{\"@type\":\"ImageObject\",\"inLanguage\":\"en-US\",\"@id\":\"https:\/\/www.morh.hr\/en\/#\/schema\/person\/image\/\",\"url\":\"https:\/\/secure.gravatar.com\/avatar\/3d5ea7ca0d0a523cf2ec98548db52f920a5f6bbfd2c1aa63d237c2f445528cf7?s=96&d=mm&r=g\",\"contentUrl\":\"https:\/\/secure.gravatar.com\/avatar\/3d5ea7ca0d0a523cf2ec98548db52f920a5f6bbfd2c1aa63d237c2f445528cf7?s=96&d=mm&r=g\",\"caption\":\"Mladen\"}}]}<\/script>\n<!-- \/ Yoast SEO plugin. -->","yoast_head_json":{"title":"The Day of Remembrance of the Victims of Vukovar was marked with pride and dignity - MORH","description":"Vukovar, which was our biggest wound, biggest trauma and biggest sadness, is slowly growing into a place of the greatest inspiration and pride, Minister Anu\u0161i\u0107 said","robots":{"index":"index","follow":"follow","max-snippet":"max-snippet:-1","max-image-preview":"max-image-preview:large","max-video-preview":"max-video-preview:-1"},"canonical":"https:\/\/www.morh.hr\/en\/the-day-of-remembrance-of-the-victims-of-vukovar-was-marked-with-pride-and-dignity\/","og_locale":"en_US","og_type":"article","og_title":"The Day of Remembrance of the Victims of Vukovar was marked with pride and dignity - MORH","og_description":"Vukovar, which was our biggest wound, biggest trauma and biggest sadness, is slowly growing into a place of the greatest inspiration and pride, Minister Anu\u0161i\u0107 said","og_url":"https:\/\/www.morh.hr\/en\/the-day-of-remembrance-of-the-victims-of-vukovar-was-marked-with-pride-and-dignity\/","og_site_name":"MORH","article_publisher":"https:\/\/www.facebook.com\/sportasiuhrvatskojvojsci\/","article_published_time":"2024-11-18T14:01:26+00:00","article_modified_time":"2025-11-26T14:13:36+00:00","og_image":[{"width":2400,"height":1600,"url":"https:\/\/www.morh.hr\/wp-content\/uploads\/2025\/01\/2024-11-18-vukovar.jpg","type":"image\/jpeg"}],"author":"Mladen","twitter_card":"summary_large_image","twitter_creator":"@morh_osrh","twitter_site":"@morh_osrh","twitter_misc":{"Written by":"Mladen","Est. reading time":"4 minutes"},"schema":{"@context":"https:\/\/schema.org","@graph":[{"@type":"Article","@id":"https:\/\/www.morh.hr\/en\/the-day-of-remembrance-of-the-victims-of-vukovar-was-marked-with-pride-and-dignity\/#article","isPartOf":{"@id":"https:\/\/www.morh.hr\/en\/the-day-of-remembrance-of-the-victims-of-vukovar-was-marked-with-pride-and-dignity\/"},"author":{"name":"Mladen","@id":"https:\/\/www.morh.hr\/en\/#\/schema\/person\/ec8e2528a579067d8bda0ae2124ac768"},"headline":"The Day of Remembrance of the Victims of Vukovar was marked with pride and dignity","datePublished":"2024-11-18T14:01:26+00:00","dateModified":"2025-11-26T14:13:36+00:00","mainEntityOfPage":{"@id":"https:\/\/www.morh.hr\/en\/the-day-of-remembrance-of-the-victims-of-vukovar-was-marked-with-pride-and-dignity\/"},"wordCount":703,"image":{"@id":"https:\/\/www.morh.hr\/en\/the-day-of-remembrance-of-the-victims-of-vukovar-was-marked-with-pride-and-dignity\/#primaryimage"},"thumbnailUrl":"https:\/\/www.morh.hr\/wp-content\/uploads\/2025\/01\/2024-11-18-vukovar.jpg","articleSection":["Press releases"],"inLanguage":"en-US"},{"@type":"WebPage","@id":"https:\/\/www.morh.hr\/en\/the-day-of-remembrance-of-the-victims-of-vukovar-was-marked-with-pride-and-dignity\/","url":"https:\/\/www.morh.hr\/en\/the-day-of-remembrance-of-the-victims-of-vukovar-was-marked-with-pride-and-dignity\/","name":"The Day of Remembrance of the Victims of Vukovar was marked with pride and dignity - MORH","isPartOf":{"@id":"https:\/\/www.morh.hr\/en\/#website"},"primaryImageOfPage":{"@id":"https:\/\/www.morh.hr\/en\/the-day-of-remembrance-of-the-victims-of-vukovar-was-marked-with-pride-and-dignity\/#primaryimage"},"image":{"@id":"https:\/\/www.morh.hr\/en\/the-day-of-remembrance-of-the-victims-of-vukovar-was-marked-with-pride-and-dignity\/#primaryimage"},"thumbnailUrl":"https:\/\/www.morh.hr\/wp-content\/uploads\/2025\/01\/2024-11-18-vukovar.jpg","datePublished":"2024-11-18T14:01:26+00:00","dateModified":"2025-11-26T14:13:36+00:00","author":{"@id":"https:\/\/www.morh.hr\/en\/#\/schema\/person\/ec8e2528a579067d8bda0ae2124ac768"},"description":"Vukovar, which was our biggest wound, biggest trauma and biggest sadness, is slowly growing into a place of the greatest inspiration and pride, Minister Anu\u0161i\u0107 said","breadcrumb":{"@id":"https:\/\/www.morh.hr\/en\/the-day-of-remembrance-of-the-victims-of-vukovar-was-marked-with-pride-and-dignity\/#breadcrumb"},"inLanguage":"en-US","potentialAction":[{"@type":"ReadAction","target":["https:\/\/www.morh.hr\/en\/the-day-of-remembrance-of-the-victims-of-vukovar-was-marked-with-pride-and-dignity\/"]}]},{"@type":"ImageObject","inLanguage":"en-US","@id":"https:\/\/www.morh.hr\/en\/the-day-of-remembrance-of-the-victims-of-vukovar-was-marked-with-pride-and-dignity\/#primaryimage","url":"https:\/\/www.morh.hr\/wp-content\/uploads\/2025\/01\/2024-11-18-vukovar.jpg","contentUrl":"https:\/\/www.morh.hr\/wp-content\/uploads\/2025\/01\/2024-11-18-vukovar.jpg","width":2400,"height":1600,"caption":"default"},{"@type":"BreadcrumbList","@id":"https:\/\/www.morh.hr\/en\/the-day-of-remembrance-of-the-victims-of-vukovar-was-marked-with-pride-and-dignity\/#breadcrumb","itemListElement":[{"@type":"ListItem","position":1,"name":"Naslovnica","item":"https:\/\/www.morh.hr\/en\/"},{"@type":"ListItem","position":2,"name":"News","item":"https:\/\/www.morh.hr\/en\/kategorija\/news\/"},{"@type":"ListItem","position":3,"name":"Press releases","item":"https:\/\/www.morh.hr\/en\/kategorija\/news\/press-releases\/"},{"@type":"ListItem","position":4,"name":"The Day of Remembrance of the Victims of Vukovar was marked with pride and dignity"}]},{"@type":"WebSite","@id":"https:\/\/www.morh.hr\/en\/#website","url":"https:\/\/www.morh.hr\/en\/","name":"MORH","description":"Ministarstvo obrane Republike Hrvatske - slu\u017ebene stranice","potentialAction":[{"@type":"SearchAction","target":{"@type":"EntryPoint","urlTemplate":"https:\/\/www.morh.hr\/en\/?s={search_term_string}"},"query-input":{"@type":"PropertyValueSpecification","valueRequired":true,"valueName":"search_term_string"}}],"inLanguage":"en-US"},{"@type":"Person","@id":"https:\/\/www.morh.hr\/en\/#\/schema\/person\/ec8e2528a579067d8bda0ae2124ac768","name":"Mladen","image":{"@type":"ImageObject","inLanguage":"en-US","@id":"https:\/\/www.morh.hr\/en\/#\/schema\/person\/image\/","url":"https:\/\/secure.gravatar.com\/avatar\/3d5ea7ca0d0a523cf2ec98548db52f920a5f6bbfd2c1aa63d237c2f445528cf7?s=96&d=mm&r=g","contentUrl":"https:\/\/secure.gravatar.com\/avatar\/3d5ea7ca0d0a523cf2ec98548db52f920a5f6bbfd2c1aa63d237c2f445528cf7?s=96&d=mm&r=g","caption":"Mladen"}}]}},"_links":{"self":[{"href":"https:\/\/www.morh.hr\/en\/wp-json\/wp\/v2\/posts\/248467","targetHints":{"allow":["GET"]}}],"collection":[{"href":"https:\/\/www.morh.hr\/en\/wp-json\/wp\/v2\/posts"}],"about":[{"href":"https:\/\/www.morh.hr\/en\/wp-json\/wp\/v2\/types\/post"}],"author":[{"embeddable":true,"href":"https:\/\/www.morh.hr\/en\/wp-json\/wp\/v2\/users\/4699"}],"replies":[{"embeddable":true,"href":"https:\/\/www.morh.hr\/en\/wp-json\/wp\/v2\/comments?post=248467"}],"version-history":[{"count":1,"href":"https:\/\/www.morh.hr\/en\/wp-json\/wp\/v2\/posts\/248467\/revisions"}],"predecessor-version":[{"id":263852,"href":"https:\/\/www.morh.hr\/en\/wp-json\/wp\/v2\/posts\/248467\/revisions\/263852"}],"wp:featuredmedia":[{"embeddable":true,"href":"https:\/\/www.morh.hr\/en\/wp-json\/wp\/v2\/media\/248468"}],"wp:attachment":[{"href":"https:\/\/www.morh.hr\/en\/wp-json\/wp\/v2\/media?parent=248467"}],"wp:term":[{"taxonomy":"category","embeddable":true,"href":"https:\/\/www.morh.hr\/en\/wp-json\/wp\/v2\/categories?post=248467"},{"taxonomy":"post_tag","embeddable":true,"href":"https:\/\/www.morh.hr\/en\/wp-json\/wp\/v2\/tags?post=248467"}],"curies":[{"name":"wp","href":"https:\/\/api.w.org\/{rel}","templated":true}]}}