{"id":248738,"date":"2024-12-11T09:01:05","date_gmt":"2024-12-11T08:01:05","guid":{"rendered":"https:\/\/www.morh.hr\/?p=248738"},"modified":"2025-01-17T09:06:42","modified_gmt":"2025-01-17T08:06:42","slug":"just-before-the-caifs-33rd-anniversary-the-eighth-mighty-rafale-arrived-to-croatia","status":"publish","type":"post","link":"https:\/\/www.morh.hr\/en\/just-before-the-caifs-33rd-anniversary-the-eighth-mighty-rafale-arrived-to-croatia\/","title":{"rendered":"Just before the CAiF&#8217;s 33rd anniversary, the eighth mighty Rafale arrived to Croatia"},"content":{"rendered":"<p>The eighth Rafale multipurpose fighter jet landed today, on 11 December 2024 at 12:22 p.m. by &#8220;Colonel Marko \u017divkovi\u0107&#8221; barracks at Pleso.<\/p>\n<p>Towards the 33rd anniversary of its foundation, the Croatian Air Force has eight Rafale multi-purpose fighter jets in its structure.<\/p>\n<p>This is the biggest step forward in modernization of the CAiF and the most important strategic project.<\/p>\n<p><iframe loading=\"lazy\" title=\"Uo\u010di 33. obljetnice HRZ-a u Hrvatsku stigao osmi mo\u0107ni Rafale\" width=\"868\" height=\"488\" src=\"https:\/\/www.youtube.com\/embed\/JMcm7la6ek8?wmode=transparent&amp;rel=0&amp;feature=oembed\" frameborder=\"0\" allow=\"accelerometer; autoplay; clipboard-write; encrypted-media; gyroscope; picture-in-picture; web-share\" referrerpolicy=\"strict-origin-when-cross-origin\" allowfullscreen><\/iframe><\/p>\n<p><strong>Jagodi\u0107: In expectation of the CAiF Day, this event confirms our commitment to modernization of the CAiF.<\/strong><\/p>\n<p>On this occasion, the Commander of the CAiF\u2019s 91st wing, Colonel Cristian Jagodi\u0107 pointed out that the equipping of the CAiF with modern multi-purpose combat airplanes is a significant technical breakthrough that enables the modernization of the air force and the increase of operational capability, thereby strengthening our defence power.<\/p>\n<p>&#8220;The arrival of the eighth Rafale airplane to Croatia on the eve of the CAiF\u2019s Day is a significant moment for the 91st wing, our air force, for the Croatian Army and for the overall security of our country. With the Rafale, we are also turning into a stronger partner in the NATO alliance and the security architecture of Europe. In anticipation of the CAiF\u2019s Day, this event confirms our commitment to modernization of the CAiF and safety of the Croatian skies,&#8221; Colonel Jagodi\u0107 said.<\/p>\n<p>Specifically, it is planned that by the end of April 2025, all 12 Rafale airplanes will be in Croatia (ten single-seaters and two two-seaters), and the Squadron of fighter jets will be complete.<\/p>\n<p>The CAiF also includes a new flight simulator that will enable a complete spectrum of training and validation of tactics, as well as ground and test equipment.<\/p>\n<div class=\"morh-galleria\"><a href=\"https:\/\/live.staticflickr.com\/65535\/54197981670_41458a39a5_h.jpg\" title=\"Uo\u010di 33. obljetnice HRZ-a u Hrvatsku stigao osmi mo\u0107ni Rafale\"><img decoding=\"async\" data-title=\"Uo\u010di 33. obljetnice HRZ-a u Hrvatsku stigao osmi mo\u0107ni Rafale\" data-description=\"Osmi vi\u0161enamjenski borbeni avion Rafale sletio je danas 11. prosinca 2024. u 12:22 sati u vojarnu 'Pukovnik Marko \u017divkovi\u0107' na Plesu | Foto: MORH\/ T. Brandt\" alt=\"Uo\u010di 33. obljetnice HRZ-a u Hrvatsku stigao osmi mo\u0107ni Rafale\" src=\"https:\/\/live.staticflickr.com\/65535\/54197981670_41458a39a5_h.jpg\" data-layer=\"&lt;div class=&#039;morh-gallery-image-download&#039;&gt;&lt;a href=&#039;https:\/\/live.staticflickr.com\/65535\/54197981670_f48aed6497_o.jpg&#039; target=&#039;_blank&#039;&gt;Slika za preuzimanje&lt;\/a&gt;&lt;\/div&gt;\" \/><\/a><a href=\"https:\/\/live.staticflickr.com\/65535\/54197548621_354be9365b_h.jpg\" title=\"Uo\u010di 33. obljetnice HRZ-a u Hrvatsku stigao osmi mo\u0107ni Rafale\"><img decoding=\"async\" data-title=\"Uo\u010di 33. obljetnice HRZ-a u Hrvatsku stigao osmi mo\u0107ni Rafale\" data-description=\"Osmi vi\u0161enamjenski borbeni avion Rafale sletio je danas 11. prosinca 2024. u 12:22 sati u vojarnu 'Pukovnik Marko \u017divkovi\u0107' na Plesu | Foto: MORH\/ T. Brandt\" alt=\"Uo\u010di 33. obljetnice HRZ-a u Hrvatsku stigao osmi mo\u0107ni Rafale\" src=\"https:\/\/live.staticflickr.com\/65535\/54197548621_354be9365b_h.jpg\" data-layer=\"&lt;div class=&#039;morh-gallery-image-download&#039;&gt;&lt;a href=&#039;https:\/\/live.staticflickr.com\/65535\/54197548621_1fb50b5e1e_o.jpg&#039; target=&#039;_blank&#039;&gt;Slika za preuzimanje&lt;\/a&gt;&lt;\/div&gt;\" \/><\/a><a href=\"https:\/\/live.staticflickr.com\/65535\/54196647912_7f02e78bda_h.jpg\" title=\"Uo\u010di 33. obljetnice HRZ-a u Hrvatsku stigao osmi mo\u0107ni Rafale\"><img decoding=\"async\" data-title=\"Uo\u010di 33. obljetnice HRZ-a u Hrvatsku stigao osmi mo\u0107ni Rafale\" data-description=\"Osmi vi\u0161enamjenski borbeni avion Rafale sletio je danas 11. prosinca 2024. u 12:22 sati u vojarnu 'Pukovnik Marko \u017divkovi\u0107' na Plesu | Foto: MORH\/ T. Brandt\" alt=\"Uo\u010di 33. obljetnice HRZ-a u Hrvatsku stigao osmi mo\u0107ni Rafale\" src=\"https:\/\/live.staticflickr.com\/65535\/54196647912_7f02e78bda_h.jpg\" data-layer=\"&lt;div class=&#039;morh-gallery-image-download&#039;&gt;&lt;a href=&#039;https:\/\/live.staticflickr.com\/65535\/54196647912_53486ce35a_o.jpg&#039; target=&#039;_blank&#039;&gt;Slika za preuzimanje&lt;\/a&gt;&lt;\/div&gt;\" \/><\/a><a href=\"https:\/\/live.staticflickr.com\/65535\/54197981660_4c970b8014_h.jpg\" title=\"Uo\u010di 33. obljetnice HRZ-a u Hrvatsku stigao osmi mo\u0107ni Rafale\"><img decoding=\"async\" data-title=\"Uo\u010di 33. obljetnice HRZ-a u Hrvatsku stigao osmi mo\u0107ni Rafale\" data-description=\"Osmi vi\u0161enamjenski borbeni avion Rafale sletio je danas 11. prosinca 2024. u 12:22 sati u vojarnu 'Pukovnik Marko \u017divkovi\u0107' na Plesu | Foto: MORH\/ T. Brandt\" alt=\"Uo\u010di 33. obljetnice HRZ-a u Hrvatsku stigao osmi mo\u0107ni Rafale\" src=\"https:\/\/live.staticflickr.com\/65535\/54197981660_4c970b8014_h.jpg\" data-layer=\"&lt;div class=&#039;morh-gallery-image-download&#039;&gt;&lt;a href=&#039;https:\/\/live.staticflickr.com\/65535\/54197981660_a5250a0c6b_o.jpg&#039; target=&#039;_blank&#039;&gt;Slika za preuzimanje&lt;\/a&gt;&lt;\/div&gt;\" \/><\/a><a href=\"https:\/\/live.staticflickr.com\/65535\/54196647862_71368798b8_h.jpg\" title=\"Uo\u010di 33. obljetnice HRZ-a u Hrvatsku stigao osmi mo\u0107ni Rafale\"><img decoding=\"async\" data-title=\"Uo\u010di 33. obljetnice HRZ-a u Hrvatsku stigao osmi mo\u0107ni Rafale\" data-description=\"Osmi vi\u0161enamjenski borbeni avion Rafale sletio je danas 11. prosinca 2024. u 12:22 sati u vojarnu 'Pukovnik Marko \u017divkovi\u0107' na Plesu | Foto: MORH\/ T. Brandt\" alt=\"Uo\u010di 33. obljetnice HRZ-a u Hrvatsku stigao osmi mo\u0107ni Rafale\" src=\"https:\/\/live.staticflickr.com\/65535\/54196647862_71368798b8_h.jpg\" data-layer=\"&lt;div class=&#039;morh-gallery-image-download&#039;&gt;&lt;a href=&#039;https:\/\/live.staticflickr.com\/65535\/54196647862_15bace24f8_o.jpg&#039; target=&#039;_blank&#039;&gt;Slika za preuzimanje&lt;\/a&gt;&lt;\/div&gt;\" \/><\/a><a href=\"https:\/\/live.staticflickr.com\/65535\/54197786203_9f4ab49539_h.jpg\" title=\"Uo\u010di 33. obljetnice HRZ-a u Hrvatsku stigao osmi mo\u0107ni Rafale\"><img decoding=\"async\" data-title=\"Uo\u010di 33. obljetnice HRZ-a u Hrvatsku stigao osmi mo\u0107ni Rafale\" data-description=\"Osmi vi\u0161enamjenski borbeni avion Rafale sletio je danas 11. prosinca 2024. u 12:22 sati u vojarnu 'Pukovnik Marko \u017divkovi\u0107' na Plesu | Foto: MORH\/ T. Brandt\" alt=\"Uo\u010di 33. obljetnice HRZ-a u Hrvatsku stigao osmi mo\u0107ni Rafale\" src=\"https:\/\/live.staticflickr.com\/65535\/54197786203_9f4ab49539_h.jpg\" data-layer=\"&lt;div class=&#039;morh-gallery-image-download&#039;&gt;&lt;a href=&#039;https:\/\/live.staticflickr.com\/65535\/54197786203_c35492b000_o.jpg&#039; target=&#039;_blank&#039;&gt;Slika za preuzimanje&lt;\/a&gt;&lt;\/div&gt;\" \/><\/a><a href=\"https:\/\/live.staticflickr.com\/65535\/54197981615_a233b7856b_h.jpg\" title=\"Uo\u010di 33. obljetnice HRZ-a u Hrvatsku stigao osmi mo\u0107ni Rafale\"><img decoding=\"async\" data-title=\"Uo\u010di 33. obljetnice HRZ-a u Hrvatsku stigao osmi mo\u0107ni Rafale\" data-description=\"Osmi vi\u0161enamjenski borbeni avion Rafale sletio je danas 11. prosinca 2024. u 12:22 sati u vojarnu 'Pukovnik Marko \u017divkovi\u0107' na Plesu | Foto: MORH\/ T. Brandt\" alt=\"Uo\u010di 33. obljetnice HRZ-a u Hrvatsku stigao osmi mo\u0107ni Rafale\" src=\"https:\/\/live.staticflickr.com\/65535\/54197981615_a233b7856b_h.jpg\" data-layer=\"&lt;div class=&#039;morh-gallery-image-download&#039;&gt;&lt;a href=&#039;https:\/\/live.staticflickr.com\/65535\/54197981615_38ab82d23e_o.jpg&#039; target=&#039;_blank&#039;&gt;Slika za preuzimanje&lt;\/a&gt;&lt;\/div&gt;\" \/><\/a><a href=\"https:\/\/live.staticflickr.com\/65535\/54197548571_b709a25ee8_h.jpg\" title=\"Uo\u010di 33. obljetnice HRZ-a u Hrvatsku stigao osmi mo\u0107ni Rafale\"><img decoding=\"async\" data-title=\"Uo\u010di 33. obljetnice HRZ-a u Hrvatsku stigao osmi mo\u0107ni Rafale\" data-description=\"Osmi vi\u0161enamjenski borbeni avion Rafale sletio je danas 11. prosinca 2024. u 12:22 sati u vojarnu 'Pukovnik Marko \u017divkovi\u0107' na Plesu | Foto: MORH\/ T. Brandt\" alt=\"Uo\u010di 33. obljetnice HRZ-a u Hrvatsku stigao osmi mo\u0107ni Rafale\" src=\"https:\/\/live.staticflickr.com\/65535\/54197548571_b709a25ee8_h.jpg\" data-layer=\"&lt;div class=&#039;morh-gallery-image-download&#039;&gt;&lt;a href=&#039;https:\/\/live.staticflickr.com\/65535\/54197548571_2d56a87f86_o.jpg&#039; target=&#039;_blank&#039;&gt;Slika za preuzimanje&lt;\/a&gt;&lt;\/div&gt;\" \/><\/a><a href=\"https:\/\/live.staticflickr.com\/65535\/54196647887_65ede3bb1c_h.jpg\" title=\"Uo\u010di 33. obljetnice HRZ-a u Hrvatsku stigao osmi mo\u0107ni Rafale\"><img decoding=\"async\" data-title=\"Uo\u010di 33. obljetnice HRZ-a u Hrvatsku stigao osmi mo\u0107ni Rafale\" data-description=\"Osmi vi\u0161enamjenski borbeni avion Rafale sletio je danas 11. prosinca 2024. u 12:22 sati u vojarnu 'Pukovnik Marko \u017divkovi\u0107' na Plesu | Foto: MORH\/ T. Brandt\" alt=\"Uo\u010di 33. obljetnice HRZ-a u Hrvatsku stigao osmi mo\u0107ni Rafale\" src=\"https:\/\/live.staticflickr.com\/65535\/54196647887_65ede3bb1c_h.jpg\" data-layer=\"&lt;div class=&#039;morh-gallery-image-download&#039;&gt;&lt;a href=&#039;https:\/\/live.staticflickr.com\/65535\/54196647887_abdfffb1d6_o.jpg&#039; target=&#039;_blank&#039;&gt;Slika za preuzimanje&lt;\/a&gt;&lt;\/div&gt;\" \/><\/a><a href=\"https:\/\/live.staticflickr.com\/65535\/54197786208_d5dac5f6d7_h.jpg\" title=\"Uo\u010di 33. obljetnice HRZ-a u Hrvatsku stigao osmi mo\u0107ni Rafale\"><img decoding=\"async\" data-title=\"Uo\u010di 33. obljetnice HRZ-a u Hrvatsku stigao osmi mo\u0107ni Rafale\" data-description=\"Osmi vi\u0161enamjenski borbeni avion Rafale sletio je danas 11. prosinca 2024. u 12:22 sati u vojarnu 'Pukovnik Marko \u017divkovi\u0107' na Plesu | Foto: MORH\/ T. Brandt\" alt=\"Uo\u010di 33. obljetnice HRZ-a u Hrvatsku stigao osmi mo\u0107ni Rafale\" src=\"https:\/\/live.staticflickr.com\/65535\/54197786208_d5dac5f6d7_h.jpg\" data-layer=\"&lt;div class=&#039;morh-gallery-image-download&#039;&gt;&lt;a href=&#039;https:\/\/live.staticflickr.com\/65535\/54197786208_0e50f99e91_o.jpg&#039; target=&#039;_blank&#039;&gt;Slika za preuzimanje&lt;\/a&gt;&lt;\/div&gt;\" \/><\/a><a href=\"https:\/\/live.staticflickr.com\/65535\/54197981735_5e363946c0_h.jpg\" title=\"Uo\u010di 33. obljetnice HRZ-a u Hrvatsku stigao osmi mo\u0107ni Rafale\"><img decoding=\"async\" data-title=\"Uo\u010di 33. obljetnice HRZ-a u Hrvatsku stigao osmi mo\u0107ni Rafale\" data-description=\"Osmi vi\u0161enamjenski borbeni avion Rafale sletio je danas 11. prosinca 2024. u 12:22 sati u vojarnu 'Pukovnik Marko \u017divkovi\u0107' na Plesu | Foto: MORH\/ T. Brandt\" alt=\"Uo\u010di 33. obljetnice HRZ-a u Hrvatsku stigao osmi mo\u0107ni Rafale\" src=\"https:\/\/live.staticflickr.com\/65535\/54197981735_5e363946c0_h.jpg\" data-layer=\"&lt;div class=&#039;morh-gallery-image-download&#039;&gt;&lt;a href=&#039;https:\/\/live.staticflickr.com\/65535\/54197981735_cd690431a8_o.jpg&#039; target=&#039;_blank&#039;&gt;Slika za preuzimanje&lt;\/a&gt;&lt;\/div&gt;\" \/><\/a><a href=\"https:\/\/live.staticflickr.com\/65535\/54197800339_6b4f2d0727_h.jpg\" title=\"Uo\u010di 33. obljetnice HRZ-a u Hrvatsku stigao osmi mo\u0107ni Rafale\"><img decoding=\"async\" data-title=\"Uo\u010di 33. obljetnice HRZ-a u Hrvatsku stigao osmi mo\u0107ni Rafale\" data-description=\"Osmi vi\u0161enamjenski borbeni avion Rafale sletio je danas 11. prosinca 2024. u 12:22 sati u vojarnu 'Pukovnik Marko \u017divkovi\u0107' na Plesu | Foto: MORH\/ T. Brandt\" alt=\"Uo\u010di 33. obljetnice HRZ-a u Hrvatsku stigao osmi mo\u0107ni Rafale\" src=\"https:\/\/live.staticflickr.com\/65535\/54197800339_6b4f2d0727_h.jpg\" data-layer=\"&lt;div class=&#039;morh-gallery-image-download&#039;&gt;&lt;a href=&#039;https:\/\/live.staticflickr.com\/65535\/54197800339_e5f4cf5424_o.jpg&#039; target=&#039;_blank&#039;&gt;Slika za preuzimanje&lt;\/a&gt;&lt;\/div&gt;\" \/><\/a><a href=\"https:\/\/live.staticflickr.com\/65535\/54197981695_c2cd24b00a_h.jpg\" title=\"Uo\u010di 33. obljetnice HRZ-a u Hrvatsku stigao osmi mo\u0107ni Rafale\"><img decoding=\"async\" data-title=\"Uo\u010di 33. obljetnice HRZ-a u Hrvatsku stigao osmi mo\u0107ni Rafale\" data-description=\"Osmi vi\u0161enamjenski borbeni avion Rafale sletio je danas 11. prosinca 2024. u 12:22 sati u vojarnu 'Pukovnik Marko \u017divkovi\u0107' na Plesu | Foto: MORH\/ T. Brandt\" alt=\"Uo\u010di 33. obljetnice HRZ-a u Hrvatsku stigao osmi mo\u0107ni Rafale\" src=\"https:\/\/live.staticflickr.com\/65535\/54197981695_c2cd24b00a_h.jpg\" data-layer=\"&lt;div class=&#039;morh-gallery-image-download&#039;&gt;&lt;a href=&#039;https:\/\/live.staticflickr.com\/65535\/54197981695_a696e9ec58_o.jpg&#039; target=&#039;_blank&#039;&gt;Slika za preuzimanje&lt;\/a&gt;&lt;\/div&gt;\" \/><\/a><a href=\"https:\/\/live.staticflickr.com\/65535\/54196647942_33ad340098_h.jpg\" title=\"Uo\u010di 33. obljetnice HRZ-a u Hrvatsku stigao osmi mo\u0107ni Rafale\"><img decoding=\"async\" data-title=\"Uo\u010di 33. obljetnice HRZ-a u Hrvatsku stigao osmi mo\u0107ni Rafale\" data-description=\"Osmi vi\u0161enamjenski borbeni avion Rafale sletio je danas 11. prosinca 2024. u 12:22 sati u vojarnu 'Pukovnik Marko \u017divkovi\u0107' na Plesu | Foto: MORH\/ T. Brandt\" alt=\"Uo\u010di 33. obljetnice HRZ-a u Hrvatsku stigao osmi mo\u0107ni Rafale\" src=\"https:\/\/live.staticflickr.com\/65535\/54196647942_33ad340098_h.jpg\" data-layer=\"&lt;div class=&#039;morh-gallery-image-download&#039;&gt;&lt;a href=&#039;https:\/\/live.staticflickr.com\/65535\/54196647942_5167c1d773_o.jpg&#039; target=&#039;_blank&#039;&gt;Slika za preuzimanje&lt;\/a&gt;&lt;\/div&gt;\" \/><\/a><\/div><!--\/.morh-galleria -->\n","protected":false},"excerpt":{"rendered":"<p>The arrival of the eighth Rafale airplane to Croatia just before the CAiF Day is a significant moment for the 91st wing, our Air Force, for Croatian army and for the overall security of our country, Colonel Jagodi\u0107 said<\/p>\n","protected":false},"author":4699,"featured_media":248739,"comment_status":"closed","ping_status":"closed","sticky":false,"template":"","format":"standard","meta":{"_acf_changed":false,"_monsterinsights_skip_tracking":false,"_monsterinsights_sitenote_active":false,"_monsterinsights_sitenote_note":"","_monsterinsights_sitenote_category":0,"footnotes":""},"categories":[117],"tags":[],"class_list":["post-248738","post","type-post","status-publish","format-standard","has-post-thumbnail","hentry","category-press-releases"],"acf":[],"yoast_head":"<!-- This site is optimized with the Yoast SEO plugin v26.9 - https:\/\/yoast.com\/product\/yoast-seo-wordpress\/ -->\n<title>Just before the CAiF&#039;s 33rd anniversary, the eighth mighty Rafale arrived to Croatia - MORH<\/title>\n<meta name=\"description\" content=\"The arrival of the eighth Rafale airplane to Croatia just before the CAiF Day is a significant moment for the 91st wing, our Air Force, for Croatian army and for the overall security of our country, Colonel Jagodi\u0107 said\" \/>\n<meta name=\"robots\" content=\"index, follow, max-snippet:-1, max-image-preview:large, max-video-preview:-1\" \/>\n<link rel=\"canonical\" href=\"https:\/\/www.morh.hr\/en\/just-before-the-caifs-33rd-anniversary-the-eighth-mighty-rafale-arrived-to-croatia\/\" \/>\n<meta property=\"og:locale\" content=\"en_US\" \/>\n<meta property=\"og:type\" content=\"article\" \/>\n<meta property=\"og:title\" content=\"Just before the CAiF&#039;s 33rd anniversary, the eighth mighty Rafale arrived to Croatia - MORH\" \/>\n<meta property=\"og:description\" content=\"The arrival of the eighth Rafale airplane to Croatia just before the CAiF Day is a significant moment for the 91st wing, our Air Force, for Croatian army and for the overall security of our country, Colonel Jagodi\u0107 said\" \/>\n<meta property=\"og:url\" content=\"https:\/\/www.morh.hr\/en\/just-before-the-caifs-33rd-anniversary-the-eighth-mighty-rafale-arrived-to-croatia\/\" \/>\n<meta property=\"og:site_name\" content=\"MORH\" \/>\n<meta property=\"article:publisher\" content=\"https:\/\/www.facebook.com\/sportasiuhrvatskojvojsci\/\" \/>\n<meta property=\"article:published_time\" content=\"2024-12-11T08:01:05+00:00\" \/>\n<meta property=\"article:modified_time\" content=\"2025-01-17T08:06:42+00:00\" \/>\n<meta property=\"og:image\" content=\"https:\/\/www.morh.hr\/wp-content\/uploads\/2025\/01\/2024-12-11-8.-rafale.jpg\" \/>\n\t<meta property=\"og:image:width\" content=\"2400\" \/>\n\t<meta property=\"og:image:height\" content=\"1600\" \/>\n\t<meta property=\"og:image:type\" content=\"image\/jpeg\" \/>\n<meta name=\"author\" content=\"Mladen\" \/>\n<meta name=\"twitter:card\" content=\"summary_large_image\" \/>\n<meta name=\"twitter:creator\" content=\"@morh_osrh\" \/>\n<meta name=\"twitter:site\" content=\"@morh_osrh\" \/>\n<meta name=\"twitter:label1\" content=\"Written by\" \/>\n\t<meta name=\"twitter:data1\" content=\"Mladen\" \/>\n\t<meta name=\"twitter:label2\" content=\"Est. reading time\" \/>\n\t<meta name=\"twitter:data2\" content=\"2 minutes\" \/>\n<script type=\"application\/ld+json\" class=\"yoast-schema-graph\">{\"@context\":\"https:\/\/schema.org\",\"@graph\":[{\"@type\":\"Article\",\"@id\":\"https:\/\/www.morh.hr\/en\/just-before-the-caifs-33rd-anniversary-the-eighth-mighty-rafale-arrived-to-croatia\/#article\",\"isPartOf\":{\"@id\":\"https:\/\/www.morh.hr\/en\/just-before-the-caifs-33rd-anniversary-the-eighth-mighty-rafale-arrived-to-croatia\/\"},\"author\":{\"name\":\"Mladen\",\"@id\":\"https:\/\/www.morh.hr\/en\/#\/schema\/person\/ec8e2528a579067d8bda0ae2124ac768\"},\"headline\":\"Just before the CAiF&#8217;s 33rd anniversary, the eighth mighty Rafale arrived to Croatia\",\"datePublished\":\"2024-12-11T08:01:05+00:00\",\"dateModified\":\"2025-01-17T08:06:42+00:00\",\"mainEntityOfPage\":{\"@id\":\"https:\/\/www.morh.hr\/en\/just-before-the-caifs-33rd-anniversary-the-eighth-mighty-rafale-arrived-to-croatia\/\"},\"wordCount\":296,\"image\":{\"@id\":\"https:\/\/www.morh.hr\/en\/just-before-the-caifs-33rd-anniversary-the-eighth-mighty-rafale-arrived-to-croatia\/#primaryimage\"},\"thumbnailUrl\":\"https:\/\/www.morh.hr\/wp-content\/uploads\/2025\/01\/2024-12-11-8.-rafale.jpg\",\"articleSection\":[\"Press releases\"],\"inLanguage\":\"en-US\"},{\"@type\":\"WebPage\",\"@id\":\"https:\/\/www.morh.hr\/en\/just-before-the-caifs-33rd-anniversary-the-eighth-mighty-rafale-arrived-to-croatia\/\",\"url\":\"https:\/\/www.morh.hr\/en\/just-before-the-caifs-33rd-anniversary-the-eighth-mighty-rafale-arrived-to-croatia\/\",\"name\":\"Just before the CAiF's 33rd anniversary, the eighth mighty Rafale arrived to Croatia - MORH\",\"isPartOf\":{\"@id\":\"https:\/\/www.morh.hr\/en\/#website\"},\"primaryImageOfPage\":{\"@id\":\"https:\/\/www.morh.hr\/en\/just-before-the-caifs-33rd-anniversary-the-eighth-mighty-rafale-arrived-to-croatia\/#primaryimage\"},\"image\":{\"@id\":\"https:\/\/www.morh.hr\/en\/just-before-the-caifs-33rd-anniversary-the-eighth-mighty-rafale-arrived-to-croatia\/#primaryimage\"},\"thumbnailUrl\":\"https:\/\/www.morh.hr\/wp-content\/uploads\/2025\/01\/2024-12-11-8.-rafale.jpg\",\"datePublished\":\"2024-12-11T08:01:05+00:00\",\"dateModified\":\"2025-01-17T08:06:42+00:00\",\"author\":{\"@id\":\"https:\/\/www.morh.hr\/en\/#\/schema\/person\/ec8e2528a579067d8bda0ae2124ac768\"},\"description\":\"The arrival of the eighth Rafale airplane to Croatia just before the CAiF Day is a significant moment for the 91st wing, our Air Force, for Croatian army and for the overall security of our country, Colonel Jagodi\u0107 said\",\"breadcrumb\":{\"@id\":\"https:\/\/www.morh.hr\/en\/just-before-the-caifs-33rd-anniversary-the-eighth-mighty-rafale-arrived-to-croatia\/#breadcrumb\"},\"inLanguage\":\"en-US\",\"potentialAction\":[{\"@type\":\"ReadAction\",\"target\":[\"https:\/\/www.morh.hr\/en\/just-before-the-caifs-33rd-anniversary-the-eighth-mighty-rafale-arrived-to-croatia\/\"]}]},{\"@type\":\"ImageObject\",\"inLanguage\":\"en-US\",\"@id\":\"https:\/\/www.morh.hr\/en\/just-before-the-caifs-33rd-anniversary-the-eighth-mighty-rafale-arrived-to-croatia\/#primaryimage\",\"url\":\"https:\/\/www.morh.hr\/wp-content\/uploads\/2025\/01\/2024-12-11-8.-rafale.jpg\",\"contentUrl\":\"https:\/\/www.morh.hr\/wp-content\/uploads\/2025\/01\/2024-12-11-8.-rafale.jpg\",\"width\":2400,\"height\":1600,\"caption\":\"Just before the CAiF's 33rd anniversary, the eighth mighty Rafale arrived to Croatia | Foto: MORH\/ T. Brandt\"},{\"@type\":\"BreadcrumbList\",\"@id\":\"https:\/\/www.morh.hr\/en\/just-before-the-caifs-33rd-anniversary-the-eighth-mighty-rafale-arrived-to-croatia\/#breadcrumb\",\"itemListElement\":[{\"@type\":\"ListItem\",\"position\":1,\"name\":\"Naslovnica\",\"item\":\"https:\/\/www.morh.hr\/en\/\"},{\"@type\":\"ListItem\",\"position\":2,\"name\":\"News\",\"item\":\"https:\/\/www.morh.hr\/en\/kategorija\/news\/\"},{\"@type\":\"ListItem\",\"position\":3,\"name\":\"Press releases\",\"item\":\"https:\/\/www.morh.hr\/en\/kategorija\/news\/press-releases\/\"},{\"@type\":\"ListItem\",\"position\":4,\"name\":\"Just before the CAiF&#8217;s 33rd anniversary, the eighth mighty Rafale arrived to Croatia\"}]},{\"@type\":\"WebSite\",\"@id\":\"https:\/\/www.morh.hr\/en\/#website\",\"url\":\"https:\/\/www.morh.hr\/en\/\",\"name\":\"MORH\",\"description\":\"Ministarstvo obrane Republike Hrvatske - slu\u017ebene stranice\",\"potentialAction\":[{\"@type\":\"SearchAction\",\"target\":{\"@type\":\"EntryPoint\",\"urlTemplate\":\"https:\/\/www.morh.hr\/en\/?s={search_term_string}\"},\"query-input\":{\"@type\":\"PropertyValueSpecification\",\"valueRequired\":true,\"valueName\":\"search_term_string\"}}],\"inLanguage\":\"en-US\"},{\"@type\":\"Person\",\"@id\":\"https:\/\/www.morh.hr\/en\/#\/schema\/person\/ec8e2528a579067d8bda0ae2124ac768\",\"name\":\"Mladen\",\"image\":{\"@type\":\"ImageObject\",\"inLanguage\":\"en-US\",\"@id\":\"https:\/\/www.morh.hr\/en\/#\/schema\/person\/image\/\",\"url\":\"https:\/\/secure.gravatar.com\/avatar\/3d5ea7ca0d0a523cf2ec98548db52f920a5f6bbfd2c1aa63d237c2f445528cf7?s=96&d=mm&r=g\",\"contentUrl\":\"https:\/\/secure.gravatar.com\/avatar\/3d5ea7ca0d0a523cf2ec98548db52f920a5f6bbfd2c1aa63d237c2f445528cf7?s=96&d=mm&r=g\",\"caption\":\"Mladen\"}}]}<\/script>\n<!-- \/ Yoast SEO plugin. -->","yoast_head_json":{"title":"Just before the CAiF's 33rd anniversary, the eighth mighty Rafale arrived to Croatia - MORH","description":"The arrival of the eighth Rafale airplane to Croatia just before the CAiF Day is a significant moment for the 91st wing, our Air Force, for Croatian army and for the overall security of our country, Colonel Jagodi\u0107 said","robots":{"index":"index","follow":"follow","max-snippet":"max-snippet:-1","max-image-preview":"max-image-preview:large","max-video-preview":"max-video-preview:-1"},"canonical":"https:\/\/www.morh.hr\/en\/just-before-the-caifs-33rd-anniversary-the-eighth-mighty-rafale-arrived-to-croatia\/","og_locale":"en_US","og_type":"article","og_title":"Just before the CAiF's 33rd anniversary, the eighth mighty Rafale arrived to Croatia - MORH","og_description":"The arrival of the eighth Rafale airplane to Croatia just before the CAiF Day is a significant moment for the 91st wing, our Air Force, for Croatian army and for the overall security of our country, Colonel Jagodi\u0107 said","og_url":"https:\/\/www.morh.hr\/en\/just-before-the-caifs-33rd-anniversary-the-eighth-mighty-rafale-arrived-to-croatia\/","og_site_name":"MORH","article_publisher":"https:\/\/www.facebook.com\/sportasiuhrvatskojvojsci\/","article_published_time":"2024-12-11T08:01:05+00:00","article_modified_time":"2025-01-17T08:06:42+00:00","og_image":[{"width":2400,"height":1600,"url":"https:\/\/www.morh.hr\/wp-content\/uploads\/2025\/01\/2024-12-11-8.-rafale.jpg","type":"image\/jpeg"}],"author":"Mladen","twitter_card":"summary_large_image","twitter_creator":"@morh_osrh","twitter_site":"@morh_osrh","twitter_misc":{"Written by":"Mladen","Est. reading time":"2 minutes"},"schema":{"@context":"https:\/\/schema.org","@graph":[{"@type":"Article","@id":"https:\/\/www.morh.hr\/en\/just-before-the-caifs-33rd-anniversary-the-eighth-mighty-rafale-arrived-to-croatia\/#article","isPartOf":{"@id":"https:\/\/www.morh.hr\/en\/just-before-the-caifs-33rd-anniversary-the-eighth-mighty-rafale-arrived-to-croatia\/"},"author":{"name":"Mladen","@id":"https:\/\/www.morh.hr\/en\/#\/schema\/person\/ec8e2528a579067d8bda0ae2124ac768"},"headline":"Just before the CAiF&#8217;s 33rd anniversary, the eighth mighty Rafale arrived to Croatia","datePublished":"2024-12-11T08:01:05+00:00","dateModified":"2025-01-17T08:06:42+00:00","mainEntityOfPage":{"@id":"https:\/\/www.morh.hr\/en\/just-before-the-caifs-33rd-anniversary-the-eighth-mighty-rafale-arrived-to-croatia\/"},"wordCount":296,"image":{"@id":"https:\/\/www.morh.hr\/en\/just-before-the-caifs-33rd-anniversary-the-eighth-mighty-rafale-arrived-to-croatia\/#primaryimage"},"thumbnailUrl":"https:\/\/www.morh.hr\/wp-content\/uploads\/2025\/01\/2024-12-11-8.-rafale.jpg","articleSection":["Press releases"],"inLanguage":"en-US"},{"@type":"WebPage","@id":"https:\/\/www.morh.hr\/en\/just-before-the-caifs-33rd-anniversary-the-eighth-mighty-rafale-arrived-to-croatia\/","url":"https:\/\/www.morh.hr\/en\/just-before-the-caifs-33rd-anniversary-the-eighth-mighty-rafale-arrived-to-croatia\/","name":"Just before the CAiF's 33rd anniversary, the eighth mighty Rafale arrived to Croatia - MORH","isPartOf":{"@id":"https:\/\/www.morh.hr\/en\/#website"},"primaryImageOfPage":{"@id":"https:\/\/www.morh.hr\/en\/just-before-the-caifs-33rd-anniversary-the-eighth-mighty-rafale-arrived-to-croatia\/#primaryimage"},"image":{"@id":"https:\/\/www.morh.hr\/en\/just-before-the-caifs-33rd-anniversary-the-eighth-mighty-rafale-arrived-to-croatia\/#primaryimage"},"thumbnailUrl":"https:\/\/www.morh.hr\/wp-content\/uploads\/2025\/01\/2024-12-11-8.-rafale.jpg","datePublished":"2024-12-11T08:01:05+00:00","dateModified":"2025-01-17T08:06:42+00:00","author":{"@id":"https:\/\/www.morh.hr\/en\/#\/schema\/person\/ec8e2528a579067d8bda0ae2124ac768"},"description":"The arrival of the eighth Rafale airplane to Croatia just before the CAiF Day is a significant moment for the 91st wing, our Air Force, for Croatian army and for the overall security of our country, Colonel Jagodi\u0107 said","breadcrumb":{"@id":"https:\/\/www.morh.hr\/en\/just-before-the-caifs-33rd-anniversary-the-eighth-mighty-rafale-arrived-to-croatia\/#breadcrumb"},"inLanguage":"en-US","potentialAction":[{"@type":"ReadAction","target":["https:\/\/www.morh.hr\/en\/just-before-the-caifs-33rd-anniversary-the-eighth-mighty-rafale-arrived-to-croatia\/"]}]},{"@type":"ImageObject","inLanguage":"en-US","@id":"https:\/\/www.morh.hr\/en\/just-before-the-caifs-33rd-anniversary-the-eighth-mighty-rafale-arrived-to-croatia\/#primaryimage","url":"https:\/\/www.morh.hr\/wp-content\/uploads\/2025\/01\/2024-12-11-8.-rafale.jpg","contentUrl":"https:\/\/www.morh.hr\/wp-content\/uploads\/2025\/01\/2024-12-11-8.-rafale.jpg","width":2400,"height":1600,"caption":"Just before the CAiF's 33rd anniversary, the eighth mighty Rafale arrived to Croatia | Foto: MORH\/ T. Brandt"},{"@type":"BreadcrumbList","@id":"https:\/\/www.morh.hr\/en\/just-before-the-caifs-33rd-anniversary-the-eighth-mighty-rafale-arrived-to-croatia\/#breadcrumb","itemListElement":[{"@type":"ListItem","position":1,"name":"Naslovnica","item":"https:\/\/www.morh.hr\/en\/"},{"@type":"ListItem","position":2,"name":"News","item":"https:\/\/www.morh.hr\/en\/kategorija\/news\/"},{"@type":"ListItem","position":3,"name":"Press releases","item":"https:\/\/www.morh.hr\/en\/kategorija\/news\/press-releases\/"},{"@type":"ListItem","position":4,"name":"Just before the CAiF&#8217;s 33rd anniversary, the eighth mighty Rafale arrived to Croatia"}]},{"@type":"WebSite","@id":"https:\/\/www.morh.hr\/en\/#website","url":"https:\/\/www.morh.hr\/en\/","name":"MORH","description":"Ministarstvo obrane Republike Hrvatske - slu\u017ebene stranice","potentialAction":[{"@type":"SearchAction","target":{"@type":"EntryPoint","urlTemplate":"https:\/\/www.morh.hr\/en\/?s={search_term_string}"},"query-input":{"@type":"PropertyValueSpecification","valueRequired":true,"valueName":"search_term_string"}}],"inLanguage":"en-US"},{"@type":"Person","@id":"https:\/\/www.morh.hr\/en\/#\/schema\/person\/ec8e2528a579067d8bda0ae2124ac768","name":"Mladen","image":{"@type":"ImageObject","inLanguage":"en-US","@id":"https:\/\/www.morh.hr\/en\/#\/schema\/person\/image\/","url":"https:\/\/secure.gravatar.com\/avatar\/3d5ea7ca0d0a523cf2ec98548db52f920a5f6bbfd2c1aa63d237c2f445528cf7?s=96&d=mm&r=g","contentUrl":"https:\/\/secure.gravatar.com\/avatar\/3d5ea7ca0d0a523cf2ec98548db52f920a5f6bbfd2c1aa63d237c2f445528cf7?s=96&d=mm&r=g","caption":"Mladen"}}]}},"_links":{"self":[{"href":"https:\/\/www.morh.hr\/en\/wp-json\/wp\/v2\/posts\/248738","targetHints":{"allow":["GET"]}}],"collection":[{"href":"https:\/\/www.morh.hr\/en\/wp-json\/wp\/v2\/posts"}],"about":[{"href":"https:\/\/www.morh.hr\/en\/wp-json\/wp\/v2\/types\/post"}],"author":[{"embeddable":true,"href":"https:\/\/www.morh.hr\/en\/wp-json\/wp\/v2\/users\/4699"}],"replies":[{"embeddable":true,"href":"https:\/\/www.morh.hr\/en\/wp-json\/wp\/v2\/comments?post=248738"}],"version-history":[{"count":0,"href":"https:\/\/www.morh.hr\/en\/wp-json\/wp\/v2\/posts\/248738\/revisions"}],"wp:featuredmedia":[{"embeddable":true,"href":"https:\/\/www.morh.hr\/en\/wp-json\/wp\/v2\/media\/248739"}],"wp:attachment":[{"href":"https:\/\/www.morh.hr\/en\/wp-json\/wp\/v2\/media?parent=248738"}],"wp:term":[{"taxonomy":"category","embeddable":true,"href":"https:\/\/www.morh.hr\/en\/wp-json\/wp\/v2\/categories?post=248738"},{"taxonomy":"post_tag","embeddable":true,"href":"https:\/\/www.morh.hr\/en\/wp-json\/wp\/v2\/tags?post=248738"}],"curies":[{"name":"wp","href":"https:\/\/api.w.org\/{rel}","templated":true}]}}