{"id":248743,"date":"2024-12-12T09:07:53","date_gmt":"2024-12-12T08:07:53","guid":{"rendered":"https:\/\/www.morh.hr\/?p=248743"},"modified":"2025-01-17T09:12:26","modified_gmt":"2025-01-17T08:12:26","slug":"croatian-air-force-celebrates-33rd-anniversary","status":"publish","type":"post","link":"https:\/\/www.morh.hr\/en\/croatian-air-force-celebrates-33rd-anniversary\/","title":{"rendered":"Croatian Air Force celebrates 33rd anniversary"},"content":{"rendered":"<p>On 12 December 2024, a ceremony was held at the Lu\u010dko Barracks in Zagreb to celebrate the 33rd anniversary of the Croatian Air Force. On this occasion, distinguished members of the Croatian Air Force were presented with promotions, awards and commendations.<\/p>\n<p>Congratulating Croatian Air Force members on their 33rd anniversary, State Secretary Drago Matanovi\u0107 as an envoy of the Defence Minister emphasized that the Croatian Air Force was established under complex historical circumstances when the survival of the state was in jeopardy, recalling all those Croatian airmen who had fallen on the path to victory.<\/p>\n<p>&#8220;We still remember the overflights of the first MiGs into the Croatian ranks. This strengthened faith in our victory, gave hope to the Croatian people, and sent a message to the world that Croatia is here and will win. Even when the Homeland War ended, you have continued to build the Croatian Air Force as a demanding and prestigious service of the Croatian Armed Forces, and despite limited material resources in the years following the Homeland War, you have managed to maintain itself, strengthen and build the most demanding capabilities, such as training Air Force pilots and technicians, and maintaining the combat component,&#8221; Matanovi\u0107 said.<\/p>\n<p>He also reminded of all the projects related to the Croatian Air Force that have been implemented or are still in progress: &#8220;These projects are just another segment of the systematic modernization and equipping of the Croatian Armed Forces. This is the largest investment since the Homeland War, and with this modernization, the CAF is progressing towards fulfilling one of our goals, which is the transition to Western technology,&#8221; the State Secretary concluded.<\/p>\n<p><strong>Paying tribute to fallen heroes and expressing gratitude to current Air Force members<\/strong><\/p>\n<p>Chief of the CAF General Staff Lieutenant General Tihomir Kundid emphasized that such anniversaries are an opportunity to honour the Croatian Air Force members who sacrificed their lives during the Homeland War and left an indelible mark on the Croatian Air Force. They are also an opportunity to express gratitude to all current Air Force members for their everyday work, results and achievements. &#8220;For decades, we have witnessed your dedication to protect Croatia&#8217;s airspace, and the support you provide to the civilian community through helicopter transportation and activities conducted by the firefighting squadron. All your squadrons form a force that is unique, recognizable and highly appreciated,&#8221; Kundid said, adding that the values that the Croatian Air Force provides to civil society are of particular importance to the Croatian Armed Forces.<\/p>\n<p><strong>Major General Kri\u017eanec expresses gratitude to the brave airmen<\/strong><\/p>\n<p>Croatian Air Force Commander Major General Michael Kri\u017eanec congratulated all airmen on their 33rd anniversary, emphasizing that we should also remember all our predecessors who invested themselves, their youth, health and lives in the establishment of the Croatian Air Force and our country&#8217;s the freedom. He added that this year was very demanding and difficult for the Croatian Air Force but nevertheless successful. &#8220;When looking back at the end of the year, you realize with satisfaction that we have fulfilled our plans and carried out all the complex tasks, and have embarked on a long and demanding journey to build a modern Croatian Air Force that will preserve our country&#8217;s safety in the decades ahead,&#8221; the Air Force Commander said, emphasizing that they must not be arrogant, but rather humble and grateful for the opportunity they received from their predecessors, warriors and creators of the Croatian Air Force, all Homeland War veterans, superior commanders who entrusted them with enormous resources to manage, and from the Croatian people whom they must always be ready to defend.<\/p>\n<p>The ceremony was attended by Croatian President and Commander-in-Chief of the Croatian Armed Forces Zoran Milanovi\u0107, State Secretary Drago Matanovi\u0107 as an envoy of the Defence Minister, Chief of the CAF General Staff Lieutenant General Tihomir Kundid, Croatian Air Force Commander Major General Michael Kri\u017eanec, Director of the CAF General Staff Major General Kre\u0161o Tu\u0161kan, CAF service commanders and deputy commanders, directorate heads, retired Air Force commanders, secondary aviation schools principals, and other attendees.<\/p>\n<p><strong>Paying tribute to fallen Croatian Air Force members<\/strong><\/p>\n<p>On the occasion of celebrating the Croatian Air Force Day and the 33rd anniversary of the establishment of the Croatian Air Force Command, a delegation led by Croatian Air Force Commander Major General Michael Kri\u017eanec laid wreaths and lit candles at the graves of the first Croatian Air Force Commander, General Imra Agoti\u0107, former Croatian Air Force Commander Lieutenant General Josip \u010culeti\u0107, and pilots Rudolf Pere\u0161in, Marko \u017divkovi\u0107, Mirko Vuku\u0161i\u0107, and Antun Rado\u0161 at the Mirogoj Cemetery.<\/p>\n<div class=\"morh-galleria\"><a href=\"https:\/\/live.staticflickr.com\/65535\/54199927723_16f56f6f79_h.jpg\" title=\"Obilje\u017eena 33. obljetnica utemeljenja Hrvatskog ratnog zrakoplovstva\"><img decoding=\"async\" data-title=\"Obilje\u017eena 33. obljetnica utemeljenja Hrvatskog ratnog zrakoplovstva\" data-description=\"U vojarni 'Lu\u010dko' u Zagrebu, danas 12. prosinca 2024. odr\u017eana je sve\u010danost povodom obilje\u017eavanja 33. obljetnice utemeljenja Hrvatskog ratnog zrakoplovstva. Ovim povodom istaknutim djelatnicima Hrvatskog ratnog zrakoplovstva uru\u010dena su promaknu\u0107a, nagrade i pohvale | Foto: MORH\/ F. Klen\" alt=\"Obilje\u017eena 33. obljetnica utemeljenja Hrvatskog ratnog zrakoplovstva\" src=\"https:\/\/live.staticflickr.com\/65535\/54199927723_16f56f6f79_h.jpg\" data-layer=\"&lt;div class=&#039;morh-gallery-image-download&#039;&gt;&lt;a href=&#039;https:\/\/live.staticflickr.com\/65535\/54199927723_1a24fe6bdf_o.jpg&#039; target=&#039;_blank&#039;&gt;Slika za preuzimanje&lt;\/a&gt;&lt;\/div&gt;\" \/><\/a><a href=\"https:\/\/live.staticflickr.com\/65535\/54199687951_9b1078c6ab_h.jpg\" title=\"Obilje\u017eena 33. obljetnica utemeljenja Hrvatskog ratnog zrakoplovstva\"><img decoding=\"async\" data-title=\"Obilje\u017eena 33. obljetnica utemeljenja Hrvatskog ratnog zrakoplovstva\" data-description=\"U vojarni 'Lu\u010dko' u Zagrebu, danas 12. prosinca 2024. odr\u017eana je sve\u010danost povodom obilje\u017eavanja 33. obljetnice utemeljenja Hrvatskog ratnog zrakoplovstva. Ovim povodom istaknutim djelatnicima Hrvatskog ratnog zrakoplovstva uru\u010dena su promaknu\u0107a, nagrade i pohvale | Foto: MORH\/ F. Klen\" alt=\"Obilje\u017eena 33. obljetnica utemeljenja Hrvatskog ratnog zrakoplovstva\" src=\"https:\/\/live.staticflickr.com\/65535\/54199687951_9b1078c6ab_h.jpg\" data-layer=\"&lt;div class=&#039;morh-gallery-image-download&#039;&gt;&lt;a href=&#039;https:\/\/live.staticflickr.com\/65535\/54199687951_77fee10524_o.jpg&#039; target=&#039;_blank&#039;&gt;Slika za preuzimanje&lt;\/a&gt;&lt;\/div&gt;\" \/><\/a><a href=\"https:\/\/live.staticflickr.com\/65535\/54198787822_2a1c594746_h.jpg\" title=\"Obilje\u017eena 33. obljetnica utemeljenja Hrvatskog ratnog zrakoplovstva\"><img decoding=\"async\" data-title=\"Obilje\u017eena 33. obljetnica utemeljenja Hrvatskog ratnog zrakoplovstva\" data-description=\"U vojarni 'Lu\u010dko' u Zagrebu, danas 12. prosinca 2024. odr\u017eana je sve\u010danost povodom obilje\u017eavanja 33. obljetnice utemeljenja Hrvatskog ratnog zrakoplovstva. Ovim povodom istaknutim djelatnicima Hrvatskog ratnog zrakoplovstva uru\u010dena su promaknu\u0107a, nagrade i pohvale | Foto: MORH\/ F. Klen\" alt=\"Obilje\u017eena 33. obljetnica utemeljenja Hrvatskog ratnog zrakoplovstva\" src=\"https:\/\/live.staticflickr.com\/65535\/54198787822_2a1c594746_h.jpg\" data-layer=\"&lt;div class=&#039;morh-gallery-image-download&#039;&gt;&lt;a href=&#039;https:\/\/live.staticflickr.com\/65535\/54198787822_af6ba91a9f_o.jpg&#039; target=&#039;_blank&#039;&gt;Slika za preuzimanje&lt;\/a&gt;&lt;\/div&gt;\" \/><\/a><a href=\"https:\/\/live.staticflickr.com\/65535\/54199927643_7b80403710_h.jpg\" title=\"Obilje\u017eena 33. obljetnica utemeljenja Hrvatskog ratnog zrakoplovstva\"><img decoding=\"async\" data-title=\"Obilje\u017eena 33. obljetnica utemeljenja Hrvatskog ratnog zrakoplovstva\" data-description=\"U vojarni 'Lu\u010dko' u Zagrebu, danas 12. prosinca 2024. odr\u017eana je sve\u010danost povodom obilje\u017eavanja 33. obljetnice utemeljenja Hrvatskog ratnog zrakoplovstva. Ovim povodom istaknutim djelatnicima Hrvatskog ratnog zrakoplovstva uru\u010dena su promaknu\u0107a, nagrade i pohvale | Foto: MORH\/ F. Klen\" alt=\"Obilje\u017eena 33. obljetnica utemeljenja Hrvatskog ratnog zrakoplovstva\" src=\"https:\/\/live.staticflickr.com\/65535\/54199927643_7b80403710_h.jpg\" data-layer=\"&lt;div class=&#039;morh-gallery-image-download&#039;&gt;&lt;a href=&#039;https:\/\/live.staticflickr.com\/65535\/54199927643_d3470943ca_o.jpg&#039; target=&#039;_blank&#039;&gt;Slika za preuzimanje&lt;\/a&gt;&lt;\/div&gt;\" \/><\/a><a href=\"https:\/\/live.staticflickr.com\/65535\/54199687856_68b943a125_h.jpg\" title=\"Obilje\u017eena 33. obljetnica utemeljenja Hrvatskog ratnog zrakoplovstva\"><img decoding=\"async\" data-title=\"Obilje\u017eena 33. obljetnica utemeljenja Hrvatskog ratnog zrakoplovstva\" data-description=\"U vojarni 'Lu\u010dko' u Zagrebu, danas 12. prosinca 2024. odr\u017eana je sve\u010danost povodom obilje\u017eavanja 33. obljetnice utemeljenja Hrvatskog ratnog zrakoplovstva. Ovim povodom istaknutim djelatnicima Hrvatskog ratnog zrakoplovstva uru\u010dena su promaknu\u0107a, nagrade i pohvale | Foto: MORH\/ F. Klen\" alt=\"Obilje\u017eena 33. obljetnica utemeljenja Hrvatskog ratnog zrakoplovstva\" src=\"https:\/\/live.staticflickr.com\/65535\/54199687856_68b943a125_h.jpg\" data-layer=\"&lt;div class=&#039;morh-gallery-image-download&#039;&gt;&lt;a href=&#039;https:\/\/live.staticflickr.com\/65535\/54199687856_1956cb4d40_o.jpg&#039; target=&#039;_blank&#039;&gt;Slika za preuzimanje&lt;\/a&gt;&lt;\/div&gt;\" \/><\/a><a href=\"https:\/\/live.staticflickr.com\/65535\/54198787782_33ed887123_h.jpg\" title=\"Obilje\u017eena 33. obljetnica utemeljenja Hrvatskog ratnog zrakoplovstva\"><img decoding=\"async\" data-title=\"Obilje\u017eena 33. obljetnica utemeljenja Hrvatskog ratnog zrakoplovstva\" data-description=\"U vojarni 'Lu\u010dko' u Zagrebu, danas 12. prosinca 2024. odr\u017eana je sve\u010danost povodom obilje\u017eavanja 33. obljetnice utemeljenja Hrvatskog ratnog zrakoplovstva. Ovim povodom istaknutim djelatnicima Hrvatskog ratnog zrakoplovstva uru\u010dena su promaknu\u0107a, nagrade i pohvale | Foto: MORH\/ F. Klen\" alt=\"Obilje\u017eena 33. obljetnica utemeljenja Hrvatskog ratnog zrakoplovstva\" src=\"https:\/\/live.staticflickr.com\/65535\/54198787782_33ed887123_h.jpg\" data-layer=\"&lt;div class=&#039;morh-gallery-image-download&#039;&gt;&lt;a href=&#039;https:\/\/live.staticflickr.com\/65535\/54198787782_f75ab24751_o.jpg&#039; target=&#039;_blank&#039;&gt;Slika za preuzimanje&lt;\/a&gt;&lt;\/div&gt;\" \/><\/a><a href=\"https:\/\/live.staticflickr.com\/65535\/54200116700_cb6505ea2c_h.jpg\" title=\"Obilje\u017eena 33. obljetnica utemeljenja Hrvatskog ratnog zrakoplovstva\"><img decoding=\"async\" data-title=\"Obilje\u017eena 33. obljetnica utemeljenja Hrvatskog ratnog zrakoplovstva\" data-description=\"U vojarni 'Lu\u010dko' u Zagrebu, danas 12. prosinca 2024. odr\u017eana je sve\u010danost povodom obilje\u017eavanja 33. obljetnice utemeljenja Hrvatskog ratnog zrakoplovstva. Ovim povodom istaknutim djelatnicima Hrvatskog ratnog zrakoplovstva uru\u010dena su promaknu\u0107a, nagrade i pohvale | Foto: MORH\/ F. Klen\" alt=\"Obilje\u017eena 33. obljetnica utemeljenja Hrvatskog ratnog zrakoplovstva\" src=\"https:\/\/live.staticflickr.com\/65535\/54200116700_cb6505ea2c_h.jpg\" data-layer=\"&lt;div class=&#039;morh-gallery-image-download&#039;&gt;&lt;a href=&#039;https:\/\/live.staticflickr.com\/65535\/54200116700_fe526414a0_o.jpg&#039; target=&#039;_blank&#039;&gt;Slika za preuzimanje&lt;\/a&gt;&lt;\/div&gt;\" \/><\/a><a href=\"https:\/\/live.staticflickr.com\/65535\/54199927663_370ab6b028_h.jpg\" title=\"Obilje\u017eena 33. obljetnica utemeljenja Hrvatskog ratnog zrakoplovstva\"><img decoding=\"async\" data-title=\"Obilje\u017eena 33. obljetnica utemeljenja Hrvatskog ratnog zrakoplovstva\" data-description=\"U vojarni 'Lu\u010dko' u Zagrebu, danas 12. prosinca 2024. odr\u017eana je sve\u010danost povodom obilje\u017eavanja 33. obljetnice utemeljenja Hrvatskog ratnog zrakoplovstva. Ovim povodom istaknutim djelatnicima Hrvatskog ratnog zrakoplovstva uru\u010dena su promaknu\u0107a, nagrade i pohvale | Foto: MORH\/ F. Klen\" alt=\"Obilje\u017eena 33. obljetnica utemeljenja Hrvatskog ratnog zrakoplovstva\" src=\"https:\/\/live.staticflickr.com\/65535\/54199927663_370ab6b028_h.jpg\" data-layer=\"&lt;div class=&#039;morh-gallery-image-download&#039;&gt;&lt;a href=&#039;https:\/\/live.staticflickr.com\/65535\/54199927663_e5e35b6078_o.jpg&#039; target=&#039;_blank&#039;&gt;Slika za preuzimanje&lt;\/a&gt;&lt;\/div&gt;\" \/><\/a><a href=\"https:\/\/live.staticflickr.com\/65535\/54199687846_52995fc7cc_h.jpg\" title=\"Obilje\u017eena 33. obljetnica utemeljenja Hrvatskog ratnog zrakoplovstva\"><img decoding=\"async\" data-title=\"Obilje\u017eena 33. obljetnica utemeljenja Hrvatskog ratnog zrakoplovstva\" data-description=\"U vojarni 'Lu\u010dko' u Zagrebu, danas 12. prosinca 2024. odr\u017eana je sve\u010danost povodom obilje\u017eavanja 33. obljetnice utemeljenja Hrvatskog ratnog zrakoplovstva. Ovim povodom istaknutim djelatnicima Hrvatskog ratnog zrakoplovstva uru\u010dena su promaknu\u0107a, nagrade i pohvale | Foto: MORH\/ F. Klen\" alt=\"Obilje\u017eena 33. obljetnica utemeljenja Hrvatskog ratnog zrakoplovstva\" src=\"https:\/\/live.staticflickr.com\/65535\/54199687846_52995fc7cc_h.jpg\" data-layer=\"&lt;div class=&#039;morh-gallery-image-download&#039;&gt;&lt;a href=&#039;https:\/\/live.staticflickr.com\/65535\/54199687846_c767edfa45_o.jpg&#039; target=&#039;_blank&#039;&gt;Slika za preuzimanje&lt;\/a&gt;&lt;\/div&gt;\" \/><\/a><a href=\"https:\/\/live.staticflickr.com\/65535\/54199687771_46b2eb3e65_h.jpg\" title=\"Obilje\u017eena 33. obljetnica utemeljenja Hrvatskog ratnog zrakoplovstva\"><img decoding=\"async\" data-title=\"Obilje\u017eena 33. obljetnica utemeljenja Hrvatskog ratnog zrakoplovstva\" data-description=\"U vojarni 'Lu\u010dko' u Zagrebu, danas 12. prosinca 2024. odr\u017eana je sve\u010danost povodom obilje\u017eavanja 33. obljetnice utemeljenja Hrvatskog ratnog zrakoplovstva. Ovim povodom istaknutim djelatnicima Hrvatskog ratnog zrakoplovstva uru\u010dena su promaknu\u0107a, nagrade i pohvale | Foto: MORH\/ F. Klen\" alt=\"Obilje\u017eena 33. obljetnica utemeljenja Hrvatskog ratnog zrakoplovstva\" src=\"https:\/\/live.staticflickr.com\/65535\/54199687771_46b2eb3e65_h.jpg\" data-layer=\"&lt;div class=&#039;morh-gallery-image-download&#039;&gt;&lt;a href=&#039;https:\/\/live.staticflickr.com\/65535\/54199687771_2837de3f9d_o.jpg&#039; target=&#039;_blank&#039;&gt;Slika za preuzimanje&lt;\/a&gt;&lt;\/div&gt;\" \/><\/a><a href=\"https:\/\/live.staticflickr.com\/65535\/54199687766_7c7b962ed7_h.jpg\" title=\"Obilje\u017eena 33. obljetnica utemeljenja Hrvatskog ratnog zrakoplovstva\"><img decoding=\"async\" data-title=\"Obilje\u017eena 33. obljetnica utemeljenja Hrvatskog ratnog zrakoplovstva\" data-description=\"U vojarni 'Lu\u010dko' u Zagrebu, danas 12. prosinca 2024. odr\u017eana je sve\u010danost povodom obilje\u017eavanja 33. obljetnice utemeljenja Hrvatskog ratnog zrakoplovstva. Ovim povodom istaknutim djelatnicima Hrvatskog ratnog zrakoplovstva uru\u010dena su promaknu\u0107a, nagrade i pohvale | Foto: MORH\/ F. Klen\" alt=\"Obilje\u017eena 33. obljetnica utemeljenja Hrvatskog ratnog zrakoplovstva\" src=\"https:\/\/live.staticflickr.com\/65535\/54199687766_7c7b962ed7_h.jpg\" data-layer=\"&lt;div class=&#039;morh-gallery-image-download&#039;&gt;&lt;a href=&#039;https:\/\/live.staticflickr.com\/65535\/54199687766_eb6587e04d_o.jpg&#039; target=&#039;_blank&#039;&gt;Slika za preuzimanje&lt;\/a&gt;&lt;\/div&gt;\" \/><\/a><a href=\"https:\/\/live.staticflickr.com\/65535\/54198787382_99f34b20ee_h.jpg\" title=\"Obilje\u017eena 33. obljetnica utemeljenja Hrvatskog ratnog zrakoplovstva\"><img decoding=\"async\" data-title=\"Obilje\u017eena 33. obljetnica utemeljenja Hrvatskog ratnog zrakoplovstva\" data-description=\"U vojarni 'Lu\u010dko' u Zagrebu, danas 12. prosinca 2024. odr\u017eana je sve\u010danost povodom obilje\u017eavanja 33. obljetnice utemeljenja Hrvatskog ratnog zrakoplovstva. Ovim povodom istaknutim djelatnicima Hrvatskog ratnog zrakoplovstva uru\u010dena su promaknu\u0107a, nagrade i pohvale | Foto: MORH\/ F. Klen\" alt=\"Obilje\u017eena 33. obljetnica utemeljenja Hrvatskog ratnog zrakoplovstva\" src=\"https:\/\/live.staticflickr.com\/65535\/54198787382_99f34b20ee_h.jpg\" data-layer=\"&lt;div class=&#039;morh-gallery-image-download&#039;&gt;&lt;a href=&#039;https:\/\/live.staticflickr.com\/65535\/54198787382_0160ace9c6_o.jpg&#039; target=&#039;_blank&#039;&gt;Slika za preuzimanje&lt;\/a&gt;&lt;\/div&gt;\" \/><\/a><a href=\"https:\/\/live.staticflickr.com\/65535\/54199927253_3cc1ce7fbf_h.jpg\" title=\"Obilje\u017eena 33. obljetnica utemeljenja Hrvatskog ratnog zrakoplovstva\"><img decoding=\"async\" data-title=\"Obilje\u017eena 33. obljetnica utemeljenja Hrvatskog ratnog zrakoplovstva\" data-description=\"U vojarni 'Lu\u010dko' u Zagrebu, danas 12. prosinca 2024. odr\u017eana je sve\u010danost povodom obilje\u017eavanja 33. obljetnice utemeljenja Hrvatskog ratnog zrakoplovstva. Ovim povodom istaknutim djelatnicima Hrvatskog ratnog zrakoplovstva uru\u010dena su promaknu\u0107a, nagrade i pohvale | Foto: MORH\/ F. Klen\" alt=\"Obilje\u017eena 33. obljetnica utemeljenja Hrvatskog ratnog zrakoplovstva\" src=\"https:\/\/live.staticflickr.com\/65535\/54199927253_3cc1ce7fbf_h.jpg\" data-layer=\"&lt;div class=&#039;morh-gallery-image-download&#039;&gt;&lt;a href=&#039;https:\/\/live.staticflickr.com\/65535\/54199927253_af8f2a51ce_o.jpg&#039; target=&#039;_blank&#039;&gt;Slika za preuzimanje&lt;\/a&gt;&lt;\/div&gt;\" \/><\/a><a href=\"https:\/\/live.staticflickr.com\/65535\/54199927263_af42a74e5a_h.jpg\" title=\"Obilje\u017eena 33. obljetnica utemeljenja Hrvatskog ratnog zrakoplovstva\"><img decoding=\"async\" data-title=\"Obilje\u017eena 33. obljetnica utemeljenja Hrvatskog ratnog zrakoplovstva\" data-description=\"U vojarni 'Lu\u010dko' u Zagrebu, danas 12. prosinca 2024. odr\u017eana je sve\u010danost povodom obilje\u017eavanja 33. obljetnice utemeljenja Hrvatskog ratnog zrakoplovstva. Ovim povodom istaknutim djelatnicima Hrvatskog ratnog zrakoplovstva uru\u010dena su promaknu\u0107a, nagrade i pohvale | Foto: MORH\/ F. Klen\" alt=\"Obilje\u017eena 33. obljetnica utemeljenja Hrvatskog ratnog zrakoplovstva\" src=\"https:\/\/live.staticflickr.com\/65535\/54199927263_af42a74e5a_h.jpg\" data-layer=\"&lt;div class=&#039;morh-gallery-image-download&#039;&gt;&lt;a href=&#039;https:\/\/live.staticflickr.com\/65535\/54199927263_88d6578141_o.jpg&#039; target=&#039;_blank&#039;&gt;Slika za preuzimanje&lt;\/a&gt;&lt;\/div&gt;\" \/><\/a><a href=\"https:\/\/live.staticflickr.com\/65535\/54198787707_7b7b0a60ac_h.jpg\" title=\"Obilje\u017eena 33. obljetnica utemeljenja Hrvatskog ratnog zrakoplovstva\"><img decoding=\"async\" data-title=\"Obilje\u017eena 33. obljetnica utemeljenja Hrvatskog ratnog zrakoplovstva\" data-description=\"U vojarni 'Lu\u010dko' u Zagrebu, danas 12. prosinca 2024. odr\u017eana je sve\u010danost povodom obilje\u017eavanja 33. obljetnice utemeljenja Hrvatskog ratnog zrakoplovstva. Ovim povodom istaknutim djelatnicima Hrvatskog ratnog zrakoplovstva uru\u010dena su promaknu\u0107a, nagrade i pohvale | Foto: MORH\/ F. Klen\" alt=\"Obilje\u017eena 33. obljetnica utemeljenja Hrvatskog ratnog zrakoplovstva\" src=\"https:\/\/live.staticflickr.com\/65535\/54198787707_7b7b0a60ac_h.jpg\" data-layer=\"&lt;div class=&#039;morh-gallery-image-download&#039;&gt;&lt;a href=&#039;https:\/\/live.staticflickr.com\/65535\/54198787707_fc4a0db5c4_o.jpg&#039; target=&#039;_blank&#039;&gt;Slika za preuzimanje&lt;\/a&gt;&lt;\/div&gt;\" \/><\/a><a href=\"https:\/\/live.staticflickr.com\/65535\/54198787727_5c7ab911cc_h.jpg\" title=\"Obilje\u017eena 33. obljetnica utemeljenja Hrvatskog ratnog zrakoplovstva\"><img decoding=\"async\" data-title=\"Obilje\u017eena 33. obljetnica utemeljenja Hrvatskog ratnog zrakoplovstva\" data-description=\"U vojarni 'Lu\u010dko' u Zagrebu, danas 12. prosinca 2024. odr\u017eana je sve\u010danost povodom obilje\u017eavanja 33. obljetnice utemeljenja Hrvatskog ratnog zrakoplovstva. Ovim povodom istaknutim djelatnicima Hrvatskog ratnog zrakoplovstva uru\u010dena su promaknu\u0107a, nagrade i pohvale | Foto: MORH\/ F. Klen\" alt=\"Obilje\u017eena 33. obljetnica utemeljenja Hrvatskog ratnog zrakoplovstva\" src=\"https:\/\/live.staticflickr.com\/65535\/54198787727_5c7ab911cc_h.jpg\" data-layer=\"&lt;div class=&#039;morh-gallery-image-download&#039;&gt;&lt;a href=&#039;https:\/\/live.staticflickr.com\/65535\/54198787727_e742681e42_o.jpg&#039; target=&#039;_blank&#039;&gt;Slika za preuzimanje&lt;\/a&gt;&lt;\/div&gt;\" \/><\/a><a href=\"https:\/\/live.staticflickr.com\/65535\/54199927563_97e769d0b9_h.jpg\" title=\"Obilje\u017eena 33. obljetnica utemeljenja Hrvatskog ratnog zrakoplovstva\"><img decoding=\"async\" data-title=\"Obilje\u017eena 33. obljetnica utemeljenja Hrvatskog ratnog zrakoplovstva\" data-description=\"U vojarni 'Lu\u010dko' u Zagrebu, danas 12. prosinca 2024. odr\u017eana je sve\u010danost povodom obilje\u017eavanja 33. obljetnice utemeljenja Hrvatskog ratnog zrakoplovstva. Ovim povodom istaknutim djelatnicima Hrvatskog ratnog zrakoplovstva uru\u010dena su promaknu\u0107a, nagrade i pohvale | Foto: MORH\/ F. Klen\" alt=\"Obilje\u017eena 33. obljetnica utemeljenja Hrvatskog ratnog zrakoplovstva\" src=\"https:\/\/live.staticflickr.com\/65535\/54199927563_97e769d0b9_h.jpg\" data-layer=\"&lt;div class=&#039;morh-gallery-image-download&#039;&gt;&lt;a href=&#039;https:\/\/live.staticflickr.com\/65535\/54199927563_bf2e981f2e_o.jpg&#039; target=&#039;_blank&#039;&gt;Slika za preuzimanje&lt;\/a&gt;&lt;\/div&gt;\" \/><\/a><a href=\"https:\/\/live.staticflickr.com\/65535\/54200116600_e5f6c72aea_h.jpg\" title=\"Obilje\u017eena 33. obljetnica utemeljenja Hrvatskog ratnog zrakoplovstva\"><img decoding=\"async\" data-title=\"Obilje\u017eena 33. obljetnica utemeljenja Hrvatskog ratnog zrakoplovstva\" data-description=\"U vojarni 'Lu\u010dko' u Zagrebu, danas 12. prosinca 2024. odr\u017eana je sve\u010danost povodom obilje\u017eavanja 33. obljetnice utemeljenja Hrvatskog ratnog zrakoplovstva. Ovim povodom istaknutim djelatnicima Hrvatskog ratnog zrakoplovstva uru\u010dena su promaknu\u0107a, nagrade i pohvale | Foto: MORH\/ F. Klen\" alt=\"Obilje\u017eena 33. obljetnica utemeljenja Hrvatskog ratnog zrakoplovstva\" src=\"https:\/\/live.staticflickr.com\/65535\/54200116600_e5f6c72aea_h.jpg\" data-layer=\"&lt;div class=&#039;morh-gallery-image-download&#039;&gt;&lt;a href=&#039;https:\/\/live.staticflickr.com\/65535\/54200116600_7f398f14ed_o.jpg&#039; target=&#039;_blank&#039;&gt;Slika za preuzimanje&lt;\/a&gt;&lt;\/div&gt;\" \/><\/a><a href=\"https:\/\/live.staticflickr.com\/65535\/54199941079_5e85462be6_h.jpg\" title=\"Obilje\u017eena 33. obljetnica utemeljenja Hrvatskog ratnog zrakoplovstva\"><img decoding=\"async\" data-title=\"Obilje\u017eena 33. obljetnica utemeljenja Hrvatskog ratnog zrakoplovstva\" data-description=\"U vojarni 'Lu\u010dko' u Zagrebu, danas 12. prosinca 2024. odr\u017eana je sve\u010danost povodom obilje\u017eavanja 33. obljetnice utemeljenja Hrvatskog ratnog zrakoplovstva. Ovim povodom istaknutim djelatnicima Hrvatskog ratnog zrakoplovstva uru\u010dena su promaknu\u0107a, nagrade i pohvale | Foto: MORH\/ F. Klen\" alt=\"Obilje\u017eena 33. obljetnica utemeljenja Hrvatskog ratnog zrakoplovstva\" src=\"https:\/\/live.staticflickr.com\/65535\/54199941079_5e85462be6_h.jpg\" data-layer=\"&lt;div class=&#039;morh-gallery-image-download&#039;&gt;&lt;a href=&#039;https:\/\/live.staticflickr.com\/65535\/54199941079_72f38fcd4b_o.jpg&#039; target=&#039;_blank&#039;&gt;Slika za preuzimanje&lt;\/a&gt;&lt;\/div&gt;\" \/><\/a><a href=\"https:\/\/live.staticflickr.com\/65535\/54199927468_e14b9e6ab0_h.jpg\" title=\"Obilje\u017eena 33. obljetnica utemeljenja Hrvatskog ratnog zrakoplovstva\"><img decoding=\"async\" data-title=\"Obilje\u017eena 33. obljetnica utemeljenja Hrvatskog ratnog zrakoplovstva\" data-description=\"U vojarni 'Lu\u010dko' u Zagrebu, danas 12. prosinca 2024. odr\u017eana je sve\u010danost povodom obilje\u017eavanja 33. obljetnice utemeljenja Hrvatskog ratnog zrakoplovstva. Ovim povodom istaknutim djelatnicima Hrvatskog ratnog zrakoplovstva uru\u010dena su promaknu\u0107a, nagrade i pohvale | Foto: MORH\/ F. Klen\" alt=\"Obilje\u017eena 33. obljetnica utemeljenja Hrvatskog ratnog zrakoplovstva\" src=\"https:\/\/live.staticflickr.com\/65535\/54199927468_e14b9e6ab0_h.jpg\" data-layer=\"&lt;div class=&#039;morh-gallery-image-download&#039;&gt;&lt;a href=&#039;https:\/\/live.staticflickr.com\/65535\/54199927468_7b38ae7c0e_o.jpg&#039; target=&#039;_blank&#039;&gt;Slika za preuzimanje&lt;\/a&gt;&lt;\/div&gt;\" \/><\/a><a href=\"https:\/\/live.staticflickr.com\/65535\/54199941004_2ff729667b_h.jpg\" title=\"Obilje\u017eena 33. obljetnica utemeljenja Hrvatskog ratnog zrakoplovstva\"><img decoding=\"async\" data-title=\"Obilje\u017eena 33. obljetnica utemeljenja Hrvatskog ratnog zrakoplovstva\" data-description=\"U vojarni 'Lu\u010dko' u Zagrebu, danas 12. prosinca 2024. odr\u017eana je sve\u010danost povodom obilje\u017eavanja 33. obljetnice utemeljenja Hrvatskog ratnog zrakoplovstva. Ovim povodom istaknutim djelatnicima Hrvatskog ratnog zrakoplovstva uru\u010dena su promaknu\u0107a, nagrade i pohvale | Foto: MORH\/ F. Klen\" alt=\"Obilje\u017eena 33. obljetnica utemeljenja Hrvatskog ratnog zrakoplovstva\" src=\"https:\/\/live.staticflickr.com\/65535\/54199941004_2ff729667b_h.jpg\" data-layer=\"&lt;div class=&#039;morh-gallery-image-download&#039;&gt;&lt;a href=&#039;https:\/\/live.staticflickr.com\/65535\/54199941004_fe8d7b48d1_o.jpg&#039; target=&#039;_blank&#039;&gt;Slika za preuzimanje&lt;\/a&gt;&lt;\/div&gt;\" \/><\/a><a href=\"https:\/\/live.staticflickr.com\/65535\/54200116435_9bdc6b2f0e_h.jpg\" title=\"Obilje\u017eena 33. obljetnica utemeljenja Hrvatskog ratnog zrakoplovstva\"><img decoding=\"async\" data-title=\"Obilje\u017eena 33. obljetnica utemeljenja Hrvatskog ratnog zrakoplovstva\" data-description=\"U vojarni 'Lu\u010dko' u Zagrebu, danas 12. prosinca 2024. odr\u017eana je sve\u010danost povodom obilje\u017eavanja 33. obljetnice utemeljenja Hrvatskog ratnog zrakoplovstva. Ovim povodom istaknutim djelatnicima Hrvatskog ratnog zrakoplovstva uru\u010dena su promaknu\u0107a, nagrade i pohvale | Foto: MORH\/ F. Klen\" alt=\"Obilje\u017eena 33. obljetnica utemeljenja Hrvatskog ratnog zrakoplovstva\" src=\"https:\/\/live.staticflickr.com\/65535\/54200116435_9bdc6b2f0e_h.jpg\" data-layer=\"&lt;div class=&#039;morh-gallery-image-download&#039;&gt;&lt;a href=&#039;https:\/\/live.staticflickr.com\/65535\/54200116435_3d6ebd2123_o.jpg&#039; target=&#039;_blank&#039;&gt;Slika za preuzimanje&lt;\/a&gt;&lt;\/div&gt;\" \/><\/a><a href=\"https:\/\/live.staticflickr.com\/65535\/54198787542_686bdeea29_h.jpg\" title=\"Obilje\u017eena 33. obljetnica utemeljenja Hrvatskog ratnog zrakoplovstva\"><img decoding=\"async\" data-title=\"Obilje\u017eena 33. obljetnica utemeljenja Hrvatskog ratnog zrakoplovstva\" data-description=\"U vojarni 'Lu\u010dko' u Zagrebu, danas 12. prosinca 2024. odr\u017eana je sve\u010danost povodom obilje\u017eavanja 33. obljetnice utemeljenja Hrvatskog ratnog zrakoplovstva. Ovim povodom istaknutim djelatnicima Hrvatskog ratnog zrakoplovstva uru\u010dena su promaknu\u0107a, nagrade i pohvale | Foto: MORH\/ F. Klen\" alt=\"Obilje\u017eena 33. obljetnica utemeljenja Hrvatskog ratnog zrakoplovstva\" src=\"https:\/\/live.staticflickr.com\/65535\/54198787542_686bdeea29_h.jpg\" data-layer=\"&lt;div class=&#039;morh-gallery-image-download&#039;&gt;&lt;a href=&#039;https:\/\/live.staticflickr.com\/65535\/54198787542_5d93c7ea36_o.jpg&#039; target=&#039;_blank&#039;&gt;Slika za preuzimanje&lt;\/a&gt;&lt;\/div&gt;\" \/><\/a><a href=\"https:\/\/live.staticflickr.com\/65535\/54199687531_f5ed9611a9_h.jpg\" title=\"Obilje\u017eena 33. obljetnica utemeljenja Hrvatskog ratnog zrakoplovstva\"><img decoding=\"async\" data-title=\"Obilje\u017eena 33. obljetnica utemeljenja Hrvatskog ratnog zrakoplovstva\" data-description=\"U vojarni 'Lu\u010dko' u Zagrebu, danas 12. prosinca 2024. odr\u017eana je sve\u010danost povodom obilje\u017eavanja 33. obljetnice utemeljenja Hrvatskog ratnog zrakoplovstva. Ovim povodom istaknutim djelatnicima Hrvatskog ratnog zrakoplovstva uru\u010dena su promaknu\u0107a, nagrade i pohvale | Foto: MORH\/ F. Klen\" alt=\"Obilje\u017eena 33. obljetnica utemeljenja Hrvatskog ratnog zrakoplovstva\" src=\"https:\/\/live.staticflickr.com\/65535\/54199687531_f5ed9611a9_h.jpg\" data-layer=\"&lt;div class=&#039;morh-gallery-image-download&#039;&gt;&lt;a href=&#039;https:\/\/live.staticflickr.com\/65535\/54199687531_bdecb21943_o.jpg&#039; target=&#039;_blank&#039;&gt;Slika za preuzimanje&lt;\/a&gt;&lt;\/div&gt;\" \/><\/a><a href=\"https:\/\/live.staticflickr.com\/65535\/54199687596_3f176937d9_h.jpg\" title=\"Obilje\u017eena 33. obljetnica utemeljenja Hrvatskog ratnog zrakoplovstva\"><img decoding=\"async\" data-title=\"Obilje\u017eena 33. obljetnica utemeljenja Hrvatskog ratnog zrakoplovstva\" data-description=\"U vojarni 'Lu\u010dko' u Zagrebu, danas 12. prosinca 2024. odr\u017eana je sve\u010danost povodom obilje\u017eavanja 33. obljetnice utemeljenja Hrvatskog ratnog zrakoplovstva. Ovim povodom istaknutim djelatnicima Hrvatskog ratnog zrakoplovstva uru\u010dena su promaknu\u0107a, nagrade i pohvale | Foto: MORH\/ F. Klen\" alt=\"Obilje\u017eena 33. obljetnica utemeljenja Hrvatskog ratnog zrakoplovstva\" src=\"https:\/\/live.staticflickr.com\/65535\/54199687596_3f176937d9_h.jpg\" data-layer=\"&lt;div class=&#039;morh-gallery-image-download&#039;&gt;&lt;a href=&#039;https:\/\/live.staticflickr.com\/65535\/54199687596_ec4e7b986a_o.jpg&#039; target=&#039;_blank&#039;&gt;Slika za preuzimanje&lt;\/a&gt;&lt;\/div&gt;\" \/><\/a><a href=\"https:\/\/live.staticflickr.com\/65535\/54199927403_13b2e2f593_h.jpg\" title=\"Obilje\u017eena 33. obljetnica utemeljenja Hrvatskog ratnog zrakoplovstva\"><img decoding=\"async\" data-title=\"Obilje\u017eena 33. obljetnica utemeljenja Hrvatskog ratnog zrakoplovstva\" data-description=\"U vojarni 'Lu\u010dko' u Zagrebu, danas 12. prosinca 2024. odr\u017eana je sve\u010danost povodom obilje\u017eavanja 33. obljetnice utemeljenja Hrvatskog ratnog zrakoplovstva. Ovim povodom istaknutim djelatnicima Hrvatskog ratnog zrakoplovstva uru\u010dena su promaknu\u0107a, nagrade i pohvale | Foto: MORH\/ F. Klen\" alt=\"Obilje\u017eena 33. obljetnica utemeljenja Hrvatskog ratnog zrakoplovstva\" src=\"https:\/\/live.staticflickr.com\/65535\/54199927403_13b2e2f593_h.jpg\" data-layer=\"&lt;div class=&#039;morh-gallery-image-download&#039;&gt;&lt;a href=&#039;https:\/\/live.staticflickr.com\/65535\/54199927403_9f971c68b0_o.jpg&#039; target=&#039;_blank&#039;&gt;Slika za preuzimanje&lt;\/a&gt;&lt;\/div&gt;\" \/><\/a><a href=\"https:\/\/live.staticflickr.com\/65535\/54199940764_62c96de6db_h.jpg\" title=\"Obilje\u017eena 33. obljetnica utemeljenja Hrvatskog ratnog zrakoplovstva\"><img decoding=\"async\" data-title=\"Obilje\u017eena 33. obljetnica utemeljenja Hrvatskog ratnog zrakoplovstva\" data-description=\"U vojarni 'Lu\u010dko' u Zagrebu, danas 12. prosinca 2024. odr\u017eana je sve\u010danost povodom obilje\u017eavanja 33. obljetnice utemeljenja Hrvatskog ratnog zrakoplovstva. Ovim povodom istaknutim djelatnicima Hrvatskog ratnog zrakoplovstva uru\u010dena su promaknu\u0107a, nagrade i pohvale | Foto: MORH\/ F. Klen\" alt=\"Obilje\u017eena 33. obljetnica utemeljenja Hrvatskog ratnog zrakoplovstva\" src=\"https:\/\/live.staticflickr.com\/65535\/54199940764_62c96de6db_h.jpg\" data-layer=\"&lt;div class=&#039;morh-gallery-image-download&#039;&gt;&lt;a href=&#039;https:\/\/live.staticflickr.com\/65535\/54199940764_c6804b3ab3_o.jpg&#039; target=&#039;_blank&#039;&gt;Slika za preuzimanje&lt;\/a&gt;&lt;\/div&gt;\" \/><\/a><a href=\"https:\/\/live.staticflickr.com\/65535\/54200116170_6a30cfaa6b_h.jpg\" title=\"Obilje\u017eena 33. obljetnica utemeljenja Hrvatskog ratnog zrakoplovstva\"><img decoding=\"async\" data-title=\"Obilje\u017eena 33. obljetnica utemeljenja Hrvatskog ratnog zrakoplovstva\" data-description=\"U vojarni 'Lu\u010dko' u Zagrebu, danas 12. prosinca 2024. odr\u017eana je sve\u010danost povodom obilje\u017eavanja 33. obljetnice utemeljenja Hrvatskog ratnog zrakoplovstva. Ovim povodom istaknutim djelatnicima Hrvatskog ratnog zrakoplovstva uru\u010dena su promaknu\u0107a, nagrade i pohvale | Foto: MORH\/ F. Klen\" alt=\"Obilje\u017eena 33. obljetnica utemeljenja Hrvatskog ratnog zrakoplovstva\" src=\"https:\/\/live.staticflickr.com\/65535\/54200116170_6a30cfaa6b_h.jpg\" data-layer=\"&lt;div class=&#039;morh-gallery-image-download&#039;&gt;&lt;a href=&#039;https:\/\/live.staticflickr.com\/65535\/54200116170_3cdc50cfbf_o.jpg&#039; target=&#039;_blank&#039;&gt;Slika za preuzimanje&lt;\/a&gt;&lt;\/div&gt;\" \/><\/a><a href=\"https:\/\/live.staticflickr.com\/65535\/54199940734_9b709f040c_h.jpg\" title=\"Obilje\u017eena 33. obljetnica utemeljenja Hrvatskog ratnog zrakoplovstva\"><img decoding=\"async\" data-title=\"Obilje\u017eena 33. obljetnica utemeljenja Hrvatskog ratnog zrakoplovstva\" data-description=\"U vojarni 'Lu\u010dko' u Zagrebu, danas 12. prosinca 2024. odr\u017eana je sve\u010danost povodom obilje\u017eavanja 33. obljetnice utemeljenja Hrvatskog ratnog zrakoplovstva. Ovim povodom istaknutim djelatnicima Hrvatskog ratnog zrakoplovstva uru\u010dena su promaknu\u0107a, nagrade i pohvale | Foto: MORH\/ F. Klen\" alt=\"Obilje\u017eena 33. obljetnica utemeljenja Hrvatskog ratnog zrakoplovstva\" src=\"https:\/\/live.staticflickr.com\/65535\/54199940734_9b709f040c_h.jpg\" data-layer=\"&lt;div class=&#039;morh-gallery-image-download&#039;&gt;&lt;a href=&#039;https:\/\/live.staticflickr.com\/65535\/54199940734_f552a6dfb9_o.jpg&#039; target=&#039;_blank&#039;&gt;Slika za preuzimanje&lt;\/a&gt;&lt;\/div&gt;\" \/><\/a><a href=\"https:\/\/live.staticflickr.com\/65535\/54199940739_c0915cbf5e_h.jpg\" title=\"Obilje\u017eena 33. obljetnica utemeljenja Hrvatskog ratnog zrakoplovstva\"><img decoding=\"async\" data-title=\"Obilje\u017eena 33. obljetnica utemeljenja Hrvatskog ratnog zrakoplovstva\" data-description=\"U vojarni 'Lu\u010dko' u Zagrebu, danas 12. prosinca 2024. odr\u017eana je sve\u010danost povodom obilje\u017eavanja 33. obljetnice utemeljenja Hrvatskog ratnog zrakoplovstva. Ovim povodom istaknutim djelatnicima Hrvatskog ratnog zrakoplovstva uru\u010dena su promaknu\u0107a, nagrade i pohvale | Foto: MORH\/ F. Klen\" alt=\"Obilje\u017eena 33. obljetnica utemeljenja Hrvatskog ratnog zrakoplovstva\" src=\"https:\/\/live.staticflickr.com\/65535\/54199940739_c0915cbf5e_h.jpg\" data-layer=\"&lt;div class=&#039;morh-gallery-image-download&#039;&gt;&lt;a href=&#039;https:\/\/live.staticflickr.com\/65535\/54199940739_7167492018_o.jpg&#039; target=&#039;_blank&#039;&gt;Slika za preuzimanje&lt;\/a&gt;&lt;\/div&gt;\" \/><\/a><\/div><!--\/.morh-galleria -->\n","protected":false},"excerpt":{"rendered":"<p>Paying tribute to fallen heroes and expressing gratitude to current Air Force members: Chief of the CAF General Staff General Kundid emphasized the invaluable long-standing role of the Croatian Air Force in protecting Croatia&#8217;s airspace and providing support to the civilian community<\/p>\n","protected":false},"author":4699,"featured_media":248744,"comment_status":"closed","ping_status":"closed","sticky":false,"template":"","format":"standard","meta":{"_acf_changed":false,"_monsterinsights_skip_tracking":false,"_monsterinsights_sitenote_active":false,"_monsterinsights_sitenote_note":"","_monsterinsights_sitenote_category":0,"footnotes":""},"categories":[117],"tags":[],"class_list":["post-248743","post","type-post","status-publish","format-standard","has-post-thumbnail","hentry","category-press-releases"],"acf":[],"yoast_head":"<!-- This site is optimized with the Yoast SEO plugin v26.9 - https:\/\/yoast.com\/product\/yoast-seo-wordpress\/ -->\n<title>Croatian Air Force celebrates 33rd anniversary - MORH<\/title>\n<meta name=\"description\" content=\"Paying tribute to fallen heroes and expressing gratitude to current Air Force members: Chief of the CAF General Staff General Kundid emphasized the invaluable long-standing role of the Croatian Air Force in protecting Croatia&#039;s airspace and providing support to the civilian community\" \/>\n<meta name=\"robots\" content=\"index, follow, max-snippet:-1, max-image-preview:large, max-video-preview:-1\" \/>\n<link rel=\"canonical\" href=\"https:\/\/www.morh.hr\/en\/croatian-air-force-celebrates-33rd-anniversary\/\" \/>\n<meta property=\"og:locale\" content=\"en_US\" \/>\n<meta property=\"og:type\" content=\"article\" \/>\n<meta property=\"og:title\" content=\"Croatian Air Force celebrates 33rd anniversary - MORH\" \/>\n<meta property=\"og:description\" content=\"Paying tribute to fallen heroes and expressing gratitude to current Air Force members: Chief of the CAF General Staff General Kundid emphasized the invaluable long-standing role of the Croatian Air Force in protecting Croatia&#039;s airspace and providing support to the civilian community\" \/>\n<meta property=\"og:url\" content=\"https:\/\/www.morh.hr\/en\/croatian-air-force-celebrates-33rd-anniversary\/\" \/>\n<meta property=\"og:site_name\" content=\"MORH\" \/>\n<meta property=\"article:publisher\" content=\"https:\/\/www.facebook.com\/sportasiuhrvatskojvojsci\/\" \/>\n<meta property=\"article:published_time\" content=\"2024-12-12T08:07:53+00:00\" \/>\n<meta property=\"article:modified_time\" content=\"2025-01-17T08:12:26+00:00\" \/>\n<meta property=\"og:image\" content=\"https:\/\/www.morh.hr\/wp-content\/uploads\/2025\/01\/2024-12-11-obljetnica-hrz-a-.jpg\" \/>\n\t<meta property=\"og:image:width\" content=\"2400\" \/>\n\t<meta property=\"og:image:height\" content=\"1597\" \/>\n\t<meta property=\"og:image:type\" content=\"image\/jpeg\" \/>\n<meta name=\"author\" content=\"Mladen\" \/>\n<meta name=\"twitter:card\" content=\"summary_large_image\" \/>\n<meta name=\"twitter:creator\" content=\"@morh_osrh\" \/>\n<meta name=\"twitter:site\" content=\"@morh_osrh\" \/>\n<meta name=\"twitter:label1\" content=\"Written by\" \/>\n\t<meta name=\"twitter:data1\" content=\"Mladen\" \/>\n\t<meta name=\"twitter:label2\" content=\"Est. reading time\" \/>\n\t<meta name=\"twitter:data2\" content=\"5 minutes\" \/>\n<script type=\"application\/ld+json\" class=\"yoast-schema-graph\">{\"@context\":\"https:\/\/schema.org\",\"@graph\":[{\"@type\":\"Article\",\"@id\":\"https:\/\/www.morh.hr\/en\/croatian-air-force-celebrates-33rd-anniversary\/#article\",\"isPartOf\":{\"@id\":\"https:\/\/www.morh.hr\/en\/croatian-air-force-celebrates-33rd-anniversary\/\"},\"author\":{\"name\":\"Mladen\",\"@id\":\"https:\/\/www.morh.hr\/en\/#\/schema\/person\/ec8e2528a579067d8bda0ae2124ac768\"},\"headline\":\"Croatian Air Force celebrates 33rd anniversary\",\"datePublished\":\"2024-12-12T08:07:53+00:00\",\"dateModified\":\"2025-01-17T08:12:26+00:00\",\"mainEntityOfPage\":{\"@id\":\"https:\/\/www.morh.hr\/en\/croatian-air-force-celebrates-33rd-anniversary\/\"},\"wordCount\":781,\"image\":{\"@id\":\"https:\/\/www.morh.hr\/en\/croatian-air-force-celebrates-33rd-anniversary\/#primaryimage\"},\"thumbnailUrl\":\"https:\/\/www.morh.hr\/wp-content\/uploads\/2025\/01\/2024-12-11-obljetnica-hrz-a-.jpg\",\"articleSection\":[\"Press releases\"],\"inLanguage\":\"en-US\"},{\"@type\":\"WebPage\",\"@id\":\"https:\/\/www.morh.hr\/en\/croatian-air-force-celebrates-33rd-anniversary\/\",\"url\":\"https:\/\/www.morh.hr\/en\/croatian-air-force-celebrates-33rd-anniversary\/\",\"name\":\"Croatian Air Force celebrates 33rd anniversary - MORH\",\"isPartOf\":{\"@id\":\"https:\/\/www.morh.hr\/en\/#website\"},\"primaryImageOfPage\":{\"@id\":\"https:\/\/www.morh.hr\/en\/croatian-air-force-celebrates-33rd-anniversary\/#primaryimage\"},\"image\":{\"@id\":\"https:\/\/www.morh.hr\/en\/croatian-air-force-celebrates-33rd-anniversary\/#primaryimage\"},\"thumbnailUrl\":\"https:\/\/www.morh.hr\/wp-content\/uploads\/2025\/01\/2024-12-11-obljetnica-hrz-a-.jpg\",\"datePublished\":\"2024-12-12T08:07:53+00:00\",\"dateModified\":\"2025-01-17T08:12:26+00:00\",\"author\":{\"@id\":\"https:\/\/www.morh.hr\/en\/#\/schema\/person\/ec8e2528a579067d8bda0ae2124ac768\"},\"description\":\"Paying tribute to fallen heroes and expressing gratitude to current Air Force members: Chief of the CAF General Staff General Kundid emphasized the invaluable long-standing role of the Croatian Air Force in protecting Croatia's airspace and providing support to the civilian community\",\"breadcrumb\":{\"@id\":\"https:\/\/www.morh.hr\/en\/croatian-air-force-celebrates-33rd-anniversary\/#breadcrumb\"},\"inLanguage\":\"en-US\",\"potentialAction\":[{\"@type\":\"ReadAction\",\"target\":[\"https:\/\/www.morh.hr\/en\/croatian-air-force-celebrates-33rd-anniversary\/\"]}]},{\"@type\":\"ImageObject\",\"inLanguage\":\"en-US\",\"@id\":\"https:\/\/www.morh.hr\/en\/croatian-air-force-celebrates-33rd-anniversary\/#primaryimage\",\"url\":\"https:\/\/www.morh.hr\/wp-content\/uploads\/2025\/01\/2024-12-11-obljetnica-hrz-a-.jpg\",\"contentUrl\":\"https:\/\/www.morh.hr\/wp-content\/uploads\/2025\/01\/2024-12-11-obljetnica-hrz-a-.jpg\",\"width\":2400,\"height\":1597,\"caption\":\"Croatian Air Force celebrates 33rd anniversary | Foto: MORH\/ F. Klen\"},{\"@type\":\"BreadcrumbList\",\"@id\":\"https:\/\/www.morh.hr\/en\/croatian-air-force-celebrates-33rd-anniversary\/#breadcrumb\",\"itemListElement\":[{\"@type\":\"ListItem\",\"position\":1,\"name\":\"Naslovnica\",\"item\":\"https:\/\/www.morh.hr\/en\/\"},{\"@type\":\"ListItem\",\"position\":2,\"name\":\"News\",\"item\":\"https:\/\/www.morh.hr\/en\/kategorija\/news\/\"},{\"@type\":\"ListItem\",\"position\":3,\"name\":\"Press releases\",\"item\":\"https:\/\/www.morh.hr\/en\/kategorija\/news\/press-releases\/\"},{\"@type\":\"ListItem\",\"position\":4,\"name\":\"Croatian Air Force celebrates 33rd anniversary\"}]},{\"@type\":\"WebSite\",\"@id\":\"https:\/\/www.morh.hr\/en\/#website\",\"url\":\"https:\/\/www.morh.hr\/en\/\",\"name\":\"MORH\",\"description\":\"Ministarstvo obrane Republike Hrvatske - slu\u017ebene stranice\",\"potentialAction\":[{\"@type\":\"SearchAction\",\"target\":{\"@type\":\"EntryPoint\",\"urlTemplate\":\"https:\/\/www.morh.hr\/en\/?s={search_term_string}\"},\"query-input\":{\"@type\":\"PropertyValueSpecification\",\"valueRequired\":true,\"valueName\":\"search_term_string\"}}],\"inLanguage\":\"en-US\"},{\"@type\":\"Person\",\"@id\":\"https:\/\/www.morh.hr\/en\/#\/schema\/person\/ec8e2528a579067d8bda0ae2124ac768\",\"name\":\"Mladen\",\"image\":{\"@type\":\"ImageObject\",\"inLanguage\":\"en-US\",\"@id\":\"https:\/\/www.morh.hr\/en\/#\/schema\/person\/image\/\",\"url\":\"https:\/\/secure.gravatar.com\/avatar\/3d5ea7ca0d0a523cf2ec98548db52f920a5f6bbfd2c1aa63d237c2f445528cf7?s=96&d=mm&r=g\",\"contentUrl\":\"https:\/\/secure.gravatar.com\/avatar\/3d5ea7ca0d0a523cf2ec98548db52f920a5f6bbfd2c1aa63d237c2f445528cf7?s=96&d=mm&r=g\",\"caption\":\"Mladen\"}}]}<\/script>\n<!-- \/ Yoast SEO plugin. -->","yoast_head_json":{"title":"Croatian Air Force celebrates 33rd anniversary - MORH","description":"Paying tribute to fallen heroes and expressing gratitude to current Air Force members: Chief of the CAF General Staff General Kundid emphasized the invaluable long-standing role of the Croatian Air Force in protecting Croatia's airspace and providing support to the civilian community","robots":{"index":"index","follow":"follow","max-snippet":"max-snippet:-1","max-image-preview":"max-image-preview:large","max-video-preview":"max-video-preview:-1"},"canonical":"https:\/\/www.morh.hr\/en\/croatian-air-force-celebrates-33rd-anniversary\/","og_locale":"en_US","og_type":"article","og_title":"Croatian Air Force celebrates 33rd anniversary - MORH","og_description":"Paying tribute to fallen heroes and expressing gratitude to current Air Force members: Chief of the CAF General Staff General Kundid emphasized the invaluable long-standing role of the Croatian Air Force in protecting Croatia's airspace and providing support to the civilian community","og_url":"https:\/\/www.morh.hr\/en\/croatian-air-force-celebrates-33rd-anniversary\/","og_site_name":"MORH","article_publisher":"https:\/\/www.facebook.com\/sportasiuhrvatskojvojsci\/","article_published_time":"2024-12-12T08:07:53+00:00","article_modified_time":"2025-01-17T08:12:26+00:00","og_image":[{"width":2400,"height":1597,"url":"https:\/\/www.morh.hr\/wp-content\/uploads\/2025\/01\/2024-12-11-obljetnica-hrz-a-.jpg","type":"image\/jpeg"}],"author":"Mladen","twitter_card":"summary_large_image","twitter_creator":"@morh_osrh","twitter_site":"@morh_osrh","twitter_misc":{"Written by":"Mladen","Est. reading time":"5 minutes"},"schema":{"@context":"https:\/\/schema.org","@graph":[{"@type":"Article","@id":"https:\/\/www.morh.hr\/en\/croatian-air-force-celebrates-33rd-anniversary\/#article","isPartOf":{"@id":"https:\/\/www.morh.hr\/en\/croatian-air-force-celebrates-33rd-anniversary\/"},"author":{"name":"Mladen","@id":"https:\/\/www.morh.hr\/en\/#\/schema\/person\/ec8e2528a579067d8bda0ae2124ac768"},"headline":"Croatian Air Force celebrates 33rd anniversary","datePublished":"2024-12-12T08:07:53+00:00","dateModified":"2025-01-17T08:12:26+00:00","mainEntityOfPage":{"@id":"https:\/\/www.morh.hr\/en\/croatian-air-force-celebrates-33rd-anniversary\/"},"wordCount":781,"image":{"@id":"https:\/\/www.morh.hr\/en\/croatian-air-force-celebrates-33rd-anniversary\/#primaryimage"},"thumbnailUrl":"https:\/\/www.morh.hr\/wp-content\/uploads\/2025\/01\/2024-12-11-obljetnica-hrz-a-.jpg","articleSection":["Press releases"],"inLanguage":"en-US"},{"@type":"WebPage","@id":"https:\/\/www.morh.hr\/en\/croatian-air-force-celebrates-33rd-anniversary\/","url":"https:\/\/www.morh.hr\/en\/croatian-air-force-celebrates-33rd-anniversary\/","name":"Croatian Air Force celebrates 33rd anniversary - MORH","isPartOf":{"@id":"https:\/\/www.morh.hr\/en\/#website"},"primaryImageOfPage":{"@id":"https:\/\/www.morh.hr\/en\/croatian-air-force-celebrates-33rd-anniversary\/#primaryimage"},"image":{"@id":"https:\/\/www.morh.hr\/en\/croatian-air-force-celebrates-33rd-anniversary\/#primaryimage"},"thumbnailUrl":"https:\/\/www.morh.hr\/wp-content\/uploads\/2025\/01\/2024-12-11-obljetnica-hrz-a-.jpg","datePublished":"2024-12-12T08:07:53+00:00","dateModified":"2025-01-17T08:12:26+00:00","author":{"@id":"https:\/\/www.morh.hr\/en\/#\/schema\/person\/ec8e2528a579067d8bda0ae2124ac768"},"description":"Paying tribute to fallen heroes and expressing gratitude to current Air Force members: Chief of the CAF General Staff General Kundid emphasized the invaluable long-standing role of the Croatian Air Force in protecting Croatia's airspace and providing support to the civilian community","breadcrumb":{"@id":"https:\/\/www.morh.hr\/en\/croatian-air-force-celebrates-33rd-anniversary\/#breadcrumb"},"inLanguage":"en-US","potentialAction":[{"@type":"ReadAction","target":["https:\/\/www.morh.hr\/en\/croatian-air-force-celebrates-33rd-anniversary\/"]}]},{"@type":"ImageObject","inLanguage":"en-US","@id":"https:\/\/www.morh.hr\/en\/croatian-air-force-celebrates-33rd-anniversary\/#primaryimage","url":"https:\/\/www.morh.hr\/wp-content\/uploads\/2025\/01\/2024-12-11-obljetnica-hrz-a-.jpg","contentUrl":"https:\/\/www.morh.hr\/wp-content\/uploads\/2025\/01\/2024-12-11-obljetnica-hrz-a-.jpg","width":2400,"height":1597,"caption":"Croatian Air Force celebrates 33rd anniversary | Foto: MORH\/ F. Klen"},{"@type":"BreadcrumbList","@id":"https:\/\/www.morh.hr\/en\/croatian-air-force-celebrates-33rd-anniversary\/#breadcrumb","itemListElement":[{"@type":"ListItem","position":1,"name":"Naslovnica","item":"https:\/\/www.morh.hr\/en\/"},{"@type":"ListItem","position":2,"name":"News","item":"https:\/\/www.morh.hr\/en\/kategorija\/news\/"},{"@type":"ListItem","position":3,"name":"Press releases","item":"https:\/\/www.morh.hr\/en\/kategorija\/news\/press-releases\/"},{"@type":"ListItem","position":4,"name":"Croatian Air Force celebrates 33rd anniversary"}]},{"@type":"WebSite","@id":"https:\/\/www.morh.hr\/en\/#website","url":"https:\/\/www.morh.hr\/en\/","name":"MORH","description":"Ministarstvo obrane Republike Hrvatske - slu\u017ebene stranice","potentialAction":[{"@type":"SearchAction","target":{"@type":"EntryPoint","urlTemplate":"https:\/\/www.morh.hr\/en\/?s={search_term_string}"},"query-input":{"@type":"PropertyValueSpecification","valueRequired":true,"valueName":"search_term_string"}}],"inLanguage":"en-US"},{"@type":"Person","@id":"https:\/\/www.morh.hr\/en\/#\/schema\/person\/ec8e2528a579067d8bda0ae2124ac768","name":"Mladen","image":{"@type":"ImageObject","inLanguage":"en-US","@id":"https:\/\/www.morh.hr\/en\/#\/schema\/person\/image\/","url":"https:\/\/secure.gravatar.com\/avatar\/3d5ea7ca0d0a523cf2ec98548db52f920a5f6bbfd2c1aa63d237c2f445528cf7?s=96&d=mm&r=g","contentUrl":"https:\/\/secure.gravatar.com\/avatar\/3d5ea7ca0d0a523cf2ec98548db52f920a5f6bbfd2c1aa63d237c2f445528cf7?s=96&d=mm&r=g","caption":"Mladen"}}]}},"_links":{"self":[{"href":"https:\/\/www.morh.hr\/en\/wp-json\/wp\/v2\/posts\/248743","targetHints":{"allow":["GET"]}}],"collection":[{"href":"https:\/\/www.morh.hr\/en\/wp-json\/wp\/v2\/posts"}],"about":[{"href":"https:\/\/www.morh.hr\/en\/wp-json\/wp\/v2\/types\/post"}],"author":[{"embeddable":true,"href":"https:\/\/www.morh.hr\/en\/wp-json\/wp\/v2\/users\/4699"}],"replies":[{"embeddable":true,"href":"https:\/\/www.morh.hr\/en\/wp-json\/wp\/v2\/comments?post=248743"}],"version-history":[{"count":0,"href":"https:\/\/www.morh.hr\/en\/wp-json\/wp\/v2\/posts\/248743\/revisions"}],"wp:featuredmedia":[{"embeddable":true,"href":"https:\/\/www.morh.hr\/en\/wp-json\/wp\/v2\/media\/248744"}],"wp:attachment":[{"href":"https:\/\/www.morh.hr\/en\/wp-json\/wp\/v2\/media?parent=248743"}],"wp:term":[{"taxonomy":"category","embeddable":true,"href":"https:\/\/www.morh.hr\/en\/wp-json\/wp\/v2\/categories?post=248743"},{"taxonomy":"post_tag","embeddable":true,"href":"https:\/\/www.morh.hr\/en\/wp-json\/wp\/v2\/tags?post=248743"}],"curies":[{"name":"wp","href":"https:\/\/api.w.org\/{rel}","templated":true}]}}