{"id":248762,"date":"2024-12-18T09:37:16","date_gmt":"2024-12-18T08:37:16","guid":{"rendered":"https:\/\/www.morh.hr\/?p=248762"},"modified":"2025-11-26T15:07:43","modified_gmt":"2025-11-26T14:07:43","slug":"anusic-at-christmas-reception-the-trend-of-strengthening-croatian-army-will-not-stop","status":"publish","type":"post","link":"https:\/\/www.morh.hr\/en\/anusic-at-christmas-reception-the-trend-of-strengthening-croatian-army-will-not-stop\/","title":{"rendered":"Anu\u0161i\u0107 at Christmas reception: The trend of strengthening Croatian army will not stop"},"content":{"rendered":"<p>On Wednesday, 18 December 2024, a traditional Christmas reception was held at the Ministry of Defence of the Republic of Croatia, hosted by the Vice-President of the Government of the Republic of Croatia and Minister of Defence Ivan Anu\u0161i\u0107.<\/p>\n<p>The Christmas reception was also attended by the Chief of the CAF Staff, LTG Tihomir Kundid, as well as representatives of the Ministry of Defence of the Republic of Croatia and the Croatian Army.<\/p>\n<p>Minister Anu\u0161i\u0107 wished everyone present a blessed Christmas and a happy new year 2025. On this occasion, he summarized the results of the work of the Ministry of Defence and the Croatian Army in the past year and pointed out: &#8220;What we have done in the past year has proven a trend that will not stop, which is the strengthening of our Armed Forces: in modernization and equipment and in increased numbers.&#8221;<\/p>\n<p>Speaking about the modernization of the Croatian Army, the Minister recalled the procurement of Rafale, Black Hawks, Bradley, Leopard, HIMARS, Bayraktar, as well as coastal patrol ships for the Croatian Navy. In this context, he said that in 2025, two percent of the GDP allocated to defence will be reached.<\/p>\n<p>Minister Anu\u0161i\u0107 also pointed out that the number of young people who come for voluntary military training today has increased and is increasing with each generation. &#8220;We are manning our Armed Forces with young people and becoming what we should be: a mighty and strong, equipped, strategically prepared and trained military force that protects the interests of the Republic of Croatia,&#8221; he said.<\/p>\n<p>&#8220;We will continue to strengthen our victorious Croatian army, in which Croatian people have most confidence and trust the most. It provides security and stability to Croatian people and the Croatian state,&#8221; the Minister pointed out at the end.<\/p>\n<p>The Chief of the CAF General Staff expressed his gratitude to everyone for their commitment and responsibility in the past period. He also reminded how trust and togetherness are the origin of every success: Thank you for everything we do in our daily work for our defence system. We are proud of our joint achievements this year, but also ready for the challenges that next year will bring us, which will be imbued with greater ambitions and many other activities aimed at strengthening and developing the operational capabilities of the Armed Forces.&#8221;<\/p>\n<p>General Kundid also wished everyone a Merry Christmas and a happy and prosperous New Year.<\/p>\n<p>At the end of the Christmas reception, the Military Ordinary in the Republic of Croatia, Monsignor Jure Bogdan, gave God&#8217;s blessing to everyone present.<\/p>\n<div class=\"morh-galleria\"><a href=\"https:\/\/live.staticflickr.com\/65535\/54212699569_a72d1c4701_h.jpg\" title=\"Anu\u0161i\u0107 na bo\u017ei\u0107nom primanju: Trend ja\u010danja HV-a ne\u0107e se zaustaviti\"><img decoding=\"async\" data-title=\"Anu\u0161i\u0107 na bo\u017ei\u0107nom primanju: Trend ja\u010danja HV-a ne\u0107e se zaustaviti\" data-description=\"U Ministarstvu obrane RH u srijedu 18. prosinca 2024. godine odr\u017eano je tradicionalno bo\u017ei\u0107no primanje, \u010diji je doma\u0107in bio potpredsjednik Vlade Republike Hrvatske i ministar obrane Ivan Anu\u0161i\u0107 | Foto: MORH\/ J. Kopi\" alt=\"Anu\u0161i\u0107 na bo\u017ei\u0107nom primanju: Trend ja\u010danja HV-a ne\u0107e se zaustaviti\" src=\"https:\/\/live.staticflickr.com\/65535\/54212699569_a72d1c4701_h.jpg\" data-layer=\"&lt;div class=&#039;morh-gallery-image-download&#039;&gt;&lt;a href=&#039;https:\/\/live.staticflickr.com\/65535\/54212699569_86789d9e47_o.jpg&#039; target=&#039;_blank&#039;&gt;Slika za preuzimanje&lt;\/a&gt;&lt;\/div&gt;\" \/><\/a><a href=\"https:\/\/live.staticflickr.com\/65535\/54212860155_1d3cce2231_h.jpg\" title=\"Anu\u0161i\u0107 na bo\u017ei\u0107nom primanju: Trend ja\u010danja HV-a ne\u0107e se zaustaviti\"><img decoding=\"async\" data-title=\"Anu\u0161i\u0107 na bo\u017ei\u0107nom primanju: Trend ja\u010danja HV-a ne\u0107e se zaustaviti\" data-description=\"U Ministarstvu obrane RH u srijedu 18. prosinca 2024. godine odr\u017eano je tradicionalno bo\u017ei\u0107no primanje, \u010diji je doma\u0107in bio potpredsjednik Vlade Republike Hrvatske i ministar obrane Ivan Anu\u0161i\u0107 | Foto: MORH\/ J. Kopi\" alt=\"Anu\u0161i\u0107 na bo\u017ei\u0107nom primanju: Trend ja\u010danja HV-a ne\u0107e se zaustaviti\" src=\"https:\/\/live.staticflickr.com\/65535\/54212860155_1d3cce2231_h.jpg\" data-layer=\"&lt;div class=&#039;morh-gallery-image-download&#039;&gt;&lt;a href=&#039;https:\/\/live.staticflickr.com\/65535\/54212860155_cbfdf795e8_o.jpg&#039; target=&#039;_blank&#039;&gt;Slika za preuzimanje&lt;\/a&gt;&lt;\/div&gt;\" \/><\/a><a href=\"https:\/\/live.staticflickr.com\/65535\/54211556902_a0ba425d39_h.jpg\" title=\"Anu\u0161i\u0107 na bo\u017ei\u0107nom primanju: Trend ja\u010danja HV-a ne\u0107e se zaustaviti\"><img decoding=\"async\" data-title=\"Anu\u0161i\u0107 na bo\u017ei\u0107nom primanju: Trend ja\u010danja HV-a ne\u0107e se zaustaviti\" data-description=\"U Ministarstvu obrane RH u srijedu 18. prosinca 2024. godine odr\u017eano je tradicionalno bo\u017ei\u0107no primanje, \u010diji je doma\u0107in bio potpredsjednik Vlade Republike Hrvatske i ministar obrane Ivan Anu\u0161i\u0107 | Foto: MORH\/ J. Kopi\" alt=\"Anu\u0161i\u0107 na bo\u017ei\u0107nom primanju: Trend ja\u010danja HV-a ne\u0107e se zaustaviti\" src=\"https:\/\/live.staticflickr.com\/65535\/54211556902_a0ba425d39_h.jpg\" data-layer=\"&lt;div class=&#039;morh-gallery-image-download&#039;&gt;&lt;a href=&#039;https:\/\/live.staticflickr.com\/65535\/54211556902_56369eb6d1_o.jpg&#039; target=&#039;_blank&#039;&gt;Slika za preuzimanje&lt;\/a&gt;&lt;\/div&gt;\" \/><\/a><a href=\"https:\/\/live.staticflickr.com\/65535\/54212688808_cc0bfab874_h.jpg\" title=\"Anu\u0161i\u0107 na bo\u017ei\u0107nom primanju: Trend ja\u010danja HV-a ne\u0107e se zaustaviti\"><img decoding=\"async\" data-title=\"Anu\u0161i\u0107 na bo\u017ei\u0107nom primanju: Trend ja\u010danja HV-a ne\u0107e se zaustaviti\" data-description=\"U Ministarstvu obrane RH u srijedu 18. prosinca 2024. godine odr\u017eano je tradicionalno bo\u017ei\u0107no primanje, \u010diji je doma\u0107in bio potpredsjednik Vlade Republike Hrvatske i ministar obrane Ivan Anu\u0161i\u0107 | Foto: MORH\/ J. Kopi\" alt=\"Anu\u0161i\u0107 na bo\u017ei\u0107nom primanju: Trend ja\u010danja HV-a ne\u0107e se zaustaviti\" src=\"https:\/\/live.staticflickr.com\/65535\/54212688808_cc0bfab874_h.jpg\" data-layer=\"&lt;div class=&#039;morh-gallery-image-download&#039;&gt;&lt;a href=&#039;https:\/\/live.staticflickr.com\/65535\/54212688808_d45aba6712_o.jpg&#039; target=&#039;_blank&#039;&gt;Slika za preuzimanje&lt;\/a&gt;&lt;\/div&gt;\" \/><\/a><a href=\"https:\/\/live.staticflickr.com\/65535\/54212699554_6ea23cf8a7_h.jpg\" title=\"Anu\u0161i\u0107 na bo\u017ei\u0107nom primanju: Trend ja\u010danja HV-a ne\u0107e se zaustaviti\"><img decoding=\"async\" data-title=\"Anu\u0161i\u0107 na bo\u017ei\u0107nom primanju: Trend ja\u010danja HV-a ne\u0107e se zaustaviti\" data-description=\"U Ministarstvu obrane RH u srijedu 18. prosinca 2024. godine odr\u017eano je tradicionalno bo\u017ei\u0107no primanje, \u010diji je doma\u0107in bio potpredsjednik Vlade Republike Hrvatske i ministar obrane Ivan Anu\u0161i\u0107 | Foto: MORH\/ J. Kopi\" alt=\"Anu\u0161i\u0107 na bo\u017ei\u0107nom primanju: Trend ja\u010danja HV-a ne\u0107e se zaustaviti\" src=\"https:\/\/live.staticflickr.com\/65535\/54212699554_6ea23cf8a7_h.jpg\" data-layer=\"&lt;div class=&#039;morh-gallery-image-download&#039;&gt;&lt;a href=&#039;https:\/\/live.staticflickr.com\/65535\/54212699554_f1d1bacf9c_o.jpg&#039; target=&#039;_blank&#039;&gt;Slika za preuzimanje&lt;\/a&gt;&lt;\/div&gt;\" \/><\/a><a href=\"https:\/\/live.staticflickr.com\/65535\/54211556682_ec919401f5_h.jpg\" title=\"Anu\u0161i\u0107 na bo\u017ei\u0107nom primanju: Trend ja\u010danja HV-a ne\u0107e se zaustaviti\"><img decoding=\"async\" data-title=\"Anu\u0161i\u0107 na bo\u017ei\u0107nom primanju: Trend ja\u010danja HV-a ne\u0107e se zaustaviti\" data-description=\"U Ministarstvu obrane RH u srijedu 18. prosinca 2024. godine odr\u017eano je tradicionalno bo\u017ei\u0107no primanje, \u010diji je doma\u0107in bio potpredsjednik Vlade Republike Hrvatske i ministar obrane Ivan Anu\u0161i\u0107 | Foto: MORH\/ J. Kopi\" alt=\"Anu\u0161i\u0107 na bo\u017ei\u0107nom primanju: Trend ja\u010danja HV-a ne\u0107e se zaustaviti\" src=\"https:\/\/live.staticflickr.com\/65535\/54211556682_ec919401f5_h.jpg\" data-layer=\"&lt;div class=&#039;morh-gallery-image-download&#039;&gt;&lt;a href=&#039;https:\/\/live.staticflickr.com\/65535\/54211556682_6dc6b63eaf_o.jpg&#039; target=&#039;_blank&#039;&gt;Slika za preuzimanje&lt;\/a&gt;&lt;\/div&gt;\" \/><\/a><a href=\"https:\/\/live.staticflickr.com\/65535\/54212688578_2b0869bb0b_h.jpg\" title=\"Anu\u0161i\u0107 na bo\u017ei\u0107nom primanju: Trend ja\u010danja HV-a ne\u0107e se zaustaviti\"><img decoding=\"async\" data-title=\"Anu\u0161i\u0107 na bo\u017ei\u0107nom primanju: Trend ja\u010danja HV-a ne\u0107e se zaustaviti\" data-description=\"U Ministarstvu obrane RH u srijedu 18. prosinca 2024. godine odr\u017eano je tradicionalno bo\u017ei\u0107no primanje, \u010diji je doma\u0107in bio potpredsjednik Vlade Republike Hrvatske i ministar obrane Ivan Anu\u0161i\u0107 | Foto: MORH\/ J. Kopi\" alt=\"Anu\u0161i\u0107 na bo\u017ei\u0107nom primanju: Trend ja\u010danja HV-a ne\u0107e se zaustaviti\" src=\"https:\/\/live.staticflickr.com\/65535\/54212688578_2b0869bb0b_h.jpg\" data-layer=\"&lt;div class=&#039;morh-gallery-image-download&#039;&gt;&lt;a href=&#039;https:\/\/live.staticflickr.com\/65535\/54212688578_083816414e_o.jpg&#039; target=&#039;_blank&#039;&gt;Slika za preuzimanje&lt;\/a&gt;&lt;\/div&gt;\" \/><\/a><a href=\"https:\/\/live.staticflickr.com\/65535\/54211556837_c04e9b1938_h.jpg\" title=\"Anu\u0161i\u0107 na bo\u017ei\u0107nom primanju: Trend ja\u010danja HV-a ne\u0107e se zaustaviti\"><img decoding=\"async\" data-title=\"Anu\u0161i\u0107 na bo\u017ei\u0107nom primanju: Trend ja\u010danja HV-a ne\u0107e se zaustaviti\" data-description=\"U Ministarstvu obrane RH u srijedu 18. prosinca 2024. godine odr\u017eano je tradicionalno bo\u017ei\u0107no primanje, \u010diji je doma\u0107in bio potpredsjednik Vlade Republike Hrvatske i ministar obrane Ivan Anu\u0161i\u0107 | Foto: MORH\/ J. Kopi\" alt=\"Anu\u0161i\u0107 na bo\u017ei\u0107nom primanju: Trend ja\u010danja HV-a ne\u0107e se zaustaviti\" src=\"https:\/\/live.staticflickr.com\/65535\/54211556837_c04e9b1938_h.jpg\" data-layer=\"&lt;div class=&#039;morh-gallery-image-download&#039;&gt;&lt;a href=&#039;https:\/\/live.staticflickr.com\/65535\/54211556837_5c262ce4a6_o.jpg&#039; target=&#039;_blank&#039;&gt;Slika za preuzimanje&lt;\/a&gt;&lt;\/div&gt;\" \/><\/a><a href=\"https:\/\/live.staticflickr.com\/65535\/54212458751_f6c302b1c6_h.jpg\" title=\"Anu\u0161i\u0107 na bo\u017ei\u0107nom primanju: Trend ja\u010danja HV-a ne\u0107e se zaustaviti\"><img decoding=\"async\" data-title=\"Anu\u0161i\u0107 na bo\u017ei\u0107nom primanju: Trend ja\u010danja HV-a ne\u0107e se zaustaviti\" data-description=\"U Ministarstvu obrane RH u srijedu 18. prosinca 2024. godine odr\u017eano je tradicionalno bo\u017ei\u0107no primanje, \u010diji je doma\u0107in bio potpredsjednik Vlade Republike Hrvatske i ministar obrane Ivan Anu\u0161i\u0107 | Foto: MORH\/ J. Kopi\" alt=\"Anu\u0161i\u0107 na bo\u017ei\u0107nom primanju: Trend ja\u010danja HV-a ne\u0107e se zaustaviti\" src=\"https:\/\/live.staticflickr.com\/65535\/54212458751_f6c302b1c6_h.jpg\" data-layer=\"&lt;div class=&#039;morh-gallery-image-download&#039;&gt;&lt;a href=&#039;https:\/\/live.staticflickr.com\/65535\/54212458751_b5593c95c4_o.jpg&#039; target=&#039;_blank&#039;&gt;Slika za preuzimanje&lt;\/a&gt;&lt;\/div&gt;\" \/><\/a><a href=\"https:\/\/live.staticflickr.com\/65535\/54212458706_011711fbb0_h.jpg\" title=\"Anu\u0161i\u0107 na bo\u017ei\u0107nom primanju: Trend ja\u010danja HV-a ne\u0107e se zaustaviti\"><img decoding=\"async\" data-title=\"Anu\u0161i\u0107 na bo\u017ei\u0107nom primanju: Trend ja\u010danja HV-a ne\u0107e se zaustaviti\" data-description=\"U Ministarstvu obrane RH u srijedu 18. prosinca 2024. godine odr\u017eano je tradicionalno bo\u017ei\u0107no primanje, \u010diji je doma\u0107in bio potpredsjednik Vlade Republike Hrvatske i ministar obrane Ivan Anu\u0161i\u0107 | Foto: MORH\/ J. Kopi\" alt=\"Anu\u0161i\u0107 na bo\u017ei\u0107nom primanju: Trend ja\u010danja HV-a ne\u0107e se zaustaviti\" src=\"https:\/\/live.staticflickr.com\/65535\/54212458706_011711fbb0_h.jpg\" data-layer=\"&lt;div class=&#039;morh-gallery-image-download&#039;&gt;&lt;a href=&#039;https:\/\/live.staticflickr.com\/65535\/54212458706_eb8014db98_o.jpg&#039; target=&#039;_blank&#039;&gt;Slika za preuzimanje&lt;\/a&gt;&lt;\/div&gt;\" \/><\/a><a href=\"https:\/\/live.staticflickr.com\/65535\/54212860055_d01bdba69d_h.jpg\" title=\"Anu\u0161i\u0107 na bo\u017ei\u0107nom primanju: Trend ja\u010danja HV-a ne\u0107e se zaustaviti\"><img decoding=\"async\" data-title=\"Anu\u0161i\u0107 na bo\u017ei\u0107nom primanju: Trend ja\u010danja HV-a ne\u0107e se zaustaviti\" data-description=\"U Ministarstvu obrane RH u srijedu 18. prosinca 2024. godine odr\u017eano je tradicionalno bo\u017ei\u0107no primanje, \u010diji je doma\u0107in bio potpredsjednik Vlade Republike Hrvatske i ministar obrane Ivan Anu\u0161i\u0107 | Foto: MORH\/ J. Kopi\" alt=\"Anu\u0161i\u0107 na bo\u017ei\u0107nom primanju: Trend ja\u010danja HV-a ne\u0107e se zaustaviti\" src=\"https:\/\/live.staticflickr.com\/65535\/54212860055_d01bdba69d_h.jpg\" data-layer=\"&lt;div class=&#039;morh-gallery-image-download&#039;&gt;&lt;a href=&#039;https:\/\/live.staticflickr.com\/65535\/54212860055_d133d43a65_o.jpg&#039; target=&#039;_blank&#039;&gt;Slika za preuzimanje&lt;\/a&gt;&lt;\/div&gt;\" \/><\/a><a href=\"https:\/\/live.staticflickr.com\/65535\/54212688733_b93032cbf4_h.jpg\" title=\"Anu\u0161i\u0107 na bo\u017ei\u0107nom primanju: Trend ja\u010danja HV-a ne\u0107e se zaustaviti\"><img decoding=\"async\" data-title=\"Anu\u0161i\u0107 na bo\u017ei\u0107nom primanju: Trend ja\u010danja HV-a ne\u0107e se zaustaviti\" data-description=\"U Ministarstvu obrane RH u srijedu 18. prosinca 2024. godine odr\u017eano je tradicionalno bo\u017ei\u0107no primanje, \u010diji je doma\u0107in bio potpredsjednik Vlade Republike Hrvatske i ministar obrane Ivan Anu\u0161i\u0107 | Foto: MORH\/ J. Kopi\" alt=\"Anu\u0161i\u0107 na bo\u017ei\u0107nom primanju: Trend ja\u010danja HV-a ne\u0107e se zaustaviti\" src=\"https:\/\/live.staticflickr.com\/65535\/54212688733_b93032cbf4_h.jpg\" data-layer=\"&lt;div class=&#039;morh-gallery-image-download&#039;&gt;&lt;a href=&#039;https:\/\/live.staticflickr.com\/65535\/54212688733_50a3a77537_o.jpg&#039; target=&#039;_blank&#039;&gt;Slika za preuzimanje&lt;\/a&gt;&lt;\/div&gt;\" \/><\/a><a href=\"https:\/\/live.staticflickr.com\/65535\/54211556792_1b60bc05a9_h.jpg\" title=\"Anu\u0161i\u0107 na bo\u017ei\u0107nom primanju: Trend ja\u010danja HV-a ne\u0107e se zaustaviti\"><img decoding=\"async\" data-title=\"Anu\u0161i\u0107 na bo\u017ei\u0107nom primanju: Trend ja\u010danja HV-a ne\u0107e se zaustaviti\" data-description=\"U Ministarstvu obrane RH u srijedu 18. prosinca 2024. godine odr\u017eano je tradicionalno bo\u017ei\u0107no primanje, \u010diji je doma\u0107in bio potpredsjednik Vlade Republike Hrvatske i ministar obrane Ivan Anu\u0161i\u0107 | Foto: MORH\/ J. Kopi\" alt=\"Anu\u0161i\u0107 na bo\u017ei\u0107nom primanju: Trend ja\u010danja HV-a ne\u0107e se zaustaviti\" src=\"https:\/\/live.staticflickr.com\/65535\/54211556792_1b60bc05a9_h.jpg\" data-layer=\"&lt;div class=&#039;morh-gallery-image-download&#039;&gt;&lt;a href=&#039;https:\/\/live.staticflickr.com\/65535\/54211556792_706883ab91_o.jpg&#039; target=&#039;_blank&#039;&gt;Slika za preuzimanje&lt;\/a&gt;&lt;\/div&gt;\" \/><\/a><a href=\"https:\/\/live.staticflickr.com\/65535\/54212688543_90d5fab83a_h.jpg\" title=\"Anu\u0161i\u0107 na bo\u017ei\u0107nom primanju: Trend ja\u010danja HV-a ne\u0107e se zaustaviti\"><img decoding=\"async\" data-title=\"Anu\u0161i\u0107 na bo\u017ei\u0107nom primanju: Trend ja\u010danja HV-a ne\u0107e se zaustaviti\" data-description=\"U Ministarstvu obrane RH u srijedu 18. prosinca 2024. godine odr\u017eano je tradicionalno bo\u017ei\u0107no primanje, \u010diji je doma\u0107in bio potpredsjednik Vlade Republike Hrvatske i ministar obrane Ivan Anu\u0161i\u0107 | Foto: MORH\/ J. Kopi\" alt=\"Anu\u0161i\u0107 na bo\u017ei\u0107nom primanju: Trend ja\u010danja HV-a ne\u0107e se zaustaviti\" src=\"https:\/\/live.staticflickr.com\/65535\/54212688543_90d5fab83a_h.jpg\" data-layer=\"&lt;div class=&#039;morh-gallery-image-download&#039;&gt;&lt;a href=&#039;https:\/\/live.staticflickr.com\/65535\/54212688543_617e83c4a8_o.jpg&#039; target=&#039;_blank&#039;&gt;Slika za preuzimanje&lt;\/a&gt;&lt;\/div&gt;\" \/><\/a><a href=\"https:\/\/live.staticflickr.com\/65535\/54212860035_a9e0e9d36e_h.jpg\" title=\"Anu\u0161i\u0107 na bo\u017ei\u0107nom primanju: Trend ja\u010danja HV-a ne\u0107e se zaustaviti\"><img decoding=\"async\" data-title=\"Anu\u0161i\u0107 na bo\u017ei\u0107nom primanju: Trend ja\u010danja HV-a ne\u0107e se zaustaviti\" data-description=\"U Ministarstvu obrane RH u srijedu 18. prosinca 2024. godine odr\u017eano je tradicionalno bo\u017ei\u0107no primanje, \u010diji je doma\u0107in bio potpredsjednik Vlade Republike Hrvatske i ministar obrane Ivan Anu\u0161i\u0107 | Foto: MORH\/ J. Kopi\" alt=\"Anu\u0161i\u0107 na bo\u017ei\u0107nom primanju: Trend ja\u010danja HV-a ne\u0107e se zaustaviti\" src=\"https:\/\/live.staticflickr.com\/65535\/54212860035_a9e0e9d36e_h.jpg\" data-layer=\"&lt;div class=&#039;morh-gallery-image-download&#039;&gt;&lt;a href=&#039;https:\/\/live.staticflickr.com\/65535\/54212860035_13d92a1fcb_o.jpg&#039; target=&#039;_blank&#039;&gt;Slika za preuzimanje&lt;\/a&gt;&lt;\/div&gt;\" \/><\/a><a href=\"https:\/\/live.staticflickr.com\/65535\/54212699299_a6586b375e_h.jpg\" title=\"Anu\u0161i\u0107 na bo\u017ei\u0107nom primanju: Trend ja\u010danja HV-a ne\u0107e se zaustaviti\"><img decoding=\"async\" data-title=\"Anu\u0161i\u0107 na bo\u017ei\u0107nom primanju: Trend ja\u010danja HV-a ne\u0107e se zaustaviti\" data-description=\"U Ministarstvu obrane RH u srijedu 18. prosinca 2024. godine odr\u017eano je tradicionalno bo\u017ei\u0107no primanje, \u010diji je doma\u0107in bio potpredsjednik Vlade Republike Hrvatske i ministar obrane Ivan Anu\u0161i\u0107 | Foto: MORH\/ J. Kopi\" alt=\"Anu\u0161i\u0107 na bo\u017ei\u0107nom primanju: Trend ja\u010danja HV-a ne\u0107e se zaustaviti\" src=\"https:\/\/live.staticflickr.com\/65535\/54212699299_a6586b375e_h.jpg\" data-layer=\"&lt;div class=&#039;morh-gallery-image-download&#039;&gt;&lt;a href=&#039;https:\/\/live.staticflickr.com\/65535\/54212699299_31cb5a4d83_o.jpg&#039; target=&#039;_blank&#039;&gt;Slika za preuzimanje&lt;\/a&gt;&lt;\/div&gt;\" \/><\/a><a href=\"https:\/\/live.staticflickr.com\/65535\/54212859960_e843864012_h.jpg\" title=\"Anu\u0161i\u0107 na bo\u017ei\u0107nom primanju: Trend ja\u010danja HV-a ne\u0107e se zaustaviti\"><img decoding=\"async\" data-title=\"Anu\u0161i\u0107 na bo\u017ei\u0107nom primanju: Trend ja\u010danja HV-a ne\u0107e se zaustaviti\" data-description=\"U Ministarstvu obrane RH u srijedu 18. prosinca 2024. godine odr\u017eano je tradicionalno bo\u017ei\u0107no primanje, \u010diji je doma\u0107in bio potpredsjednik Vlade Republike Hrvatske i ministar obrane Ivan Anu\u0161i\u0107 | Foto: MORH\/ J. Kopi\" alt=\"Anu\u0161i\u0107 na bo\u017ei\u0107nom primanju: Trend ja\u010danja HV-a ne\u0107e se zaustaviti\" src=\"https:\/\/live.staticflickr.com\/65535\/54212859960_e843864012_h.jpg\" data-layer=\"&lt;div class=&#039;morh-gallery-image-download&#039;&gt;&lt;a href=&#039;https:\/\/live.staticflickr.com\/65535\/54212859960_e0f556ff7a_o.jpg&#039; target=&#039;_blank&#039;&gt;Slika za preuzimanje&lt;\/a&gt;&lt;\/div&gt;\" \/><\/a><a href=\"https:\/\/live.staticflickr.com\/65535\/54212458591_ef6238aa4f_h.jpg\" title=\"Anu\u0161i\u0107 na bo\u017ei\u0107nom primanju: Trend ja\u010danja HV-a ne\u0107e se zaustaviti\"><img decoding=\"async\" data-title=\"Anu\u0161i\u0107 na bo\u017ei\u0107nom primanju: Trend ja\u010danja HV-a ne\u0107e se zaustaviti\" data-description=\"U Ministarstvu obrane RH u srijedu 18. prosinca 2024. godine odr\u017eano je tradicionalno bo\u017ei\u0107no primanje, \u010diji je doma\u0107in bio potpredsjednik Vlade Republike Hrvatske i ministar obrane Ivan Anu\u0161i\u0107 | Foto: MORH\/ J. Kopi\" alt=\"Anu\u0161i\u0107 na bo\u017ei\u0107nom primanju: Trend ja\u010danja HV-a ne\u0107e se zaustaviti\" src=\"https:\/\/live.staticflickr.com\/65535\/54212458591_ef6238aa4f_h.jpg\" data-layer=\"&lt;div class=&#039;morh-gallery-image-download&#039;&gt;&lt;a href=&#039;https:\/\/live.staticflickr.com\/65535\/54212458591_690c9d7091_o.jpg&#039; target=&#039;_blank&#039;&gt;Slika za preuzimanje&lt;\/a&gt;&lt;\/div&gt;\" \/><\/a><a href=\"https:\/\/live.staticflickr.com\/65535\/54212699279_550f899e07_h.jpg\" title=\"Anu\u0161i\u0107 na bo\u017ei\u0107nom primanju: Trend ja\u010danja HV-a ne\u0107e se zaustaviti\"><img decoding=\"async\" data-title=\"Anu\u0161i\u0107 na bo\u017ei\u0107nom primanju: Trend ja\u010danja HV-a ne\u0107e se zaustaviti\" data-description=\"U Ministarstvu obrane RH u srijedu 18. prosinca 2024. godine odr\u017eano je tradicionalno bo\u017ei\u0107no primanje, \u010diji je doma\u0107in bio potpredsjednik Vlade Republike Hrvatske i ministar obrane Ivan Anu\u0161i\u0107 | Foto: MORH\/ J. Kopi\" alt=\"Anu\u0161i\u0107 na bo\u017ei\u0107nom primanju: Trend ja\u010danja HV-a ne\u0107e se zaustaviti\" src=\"https:\/\/live.staticflickr.com\/65535\/54212699279_550f899e07_h.jpg\" data-layer=\"&lt;div class=&#039;morh-gallery-image-download&#039;&gt;&lt;a href=&#039;https:\/\/live.staticflickr.com\/65535\/54212699279_e920f1eb78_o.jpg&#039; target=&#039;_blank&#039;&gt;Slika za preuzimanje&lt;\/a&gt;&lt;\/div&gt;\" \/><\/a><\/div><!--\/.morh-galleria -->\n","protected":false},"excerpt":{"rendered":"<p>We will continue to strengthen Croatian Army, in which Croatian people have the most confidence and which provides security and stability to the Croatian people and the Croatian state, Minister Anu\u0161i\u0107 said<\/p>\n","protected":false},"author":4699,"featured_media":248764,"comment_status":"closed","ping_status":"closed","sticky":false,"template":"","format":"standard","meta":{"_acf_changed":false,"_monsterinsights_skip_tracking":false,"_monsterinsights_sitenote_active":false,"_monsterinsights_sitenote_note":"","_monsterinsights_sitenote_category":0,"footnotes":""},"categories":[117],"tags":[],"class_list":["post-248762","post","type-post","status-publish","format-standard","has-post-thumbnail","hentry","category-press-releases"],"acf":[],"yoast_head":"<!-- This site is optimized with the Yoast SEO plugin v26.9 - https:\/\/yoast.com\/product\/yoast-seo-wordpress\/ -->\n<title>Anu\u0161i\u0107 at Christmas reception: The trend of strengthening Croatian army will not stop - MORH<\/title>\n<meta name=\"description\" content=\"We will continue to strengthen Croatian Army, in which Croatian people have the most confidence and which provides security and stability to the Croatian people and the Croatian state, Minister Anu\u0161i\u0107 said\" \/>\n<meta name=\"robots\" content=\"index, follow, max-snippet:-1, max-image-preview:large, max-video-preview:-1\" \/>\n<link rel=\"canonical\" href=\"https:\/\/www.morh.hr\/en\/anusic-at-christmas-reception-the-trend-of-strengthening-croatian-army-will-not-stop\/\" \/>\n<meta property=\"og:locale\" content=\"en_US\" \/>\n<meta property=\"og:type\" content=\"article\" \/>\n<meta property=\"og:title\" content=\"Anu\u0161i\u0107 at Christmas reception: The trend of strengthening Croatian army will not stop - MORH\" \/>\n<meta property=\"og:description\" content=\"We will continue to strengthen Croatian Army, in which Croatian people have the most confidence and which provides security and stability to the Croatian people and the Croatian state, Minister Anu\u0161i\u0107 said\" \/>\n<meta property=\"og:url\" content=\"https:\/\/www.morh.hr\/en\/anusic-at-christmas-reception-the-trend-of-strengthening-croatian-army-will-not-stop\/\" \/>\n<meta property=\"og:site_name\" content=\"MORH\" \/>\n<meta property=\"article:publisher\" content=\"https:\/\/www.facebook.com\/sportasiuhrvatskojvojsci\/\" \/>\n<meta property=\"article:published_time\" content=\"2024-12-18T08:37:16+00:00\" \/>\n<meta property=\"article:modified_time\" content=\"2025-11-26T14:07:43+00:00\" \/>\n<meta property=\"og:image\" content=\"https:\/\/www.morh.hr\/wp-content\/uploads\/2025\/01\/2024-12-18-bozicni-domjenak.jpg\" \/>\n\t<meta property=\"og:image:width\" content=\"2400\" \/>\n\t<meta property=\"og:image:height\" content=\"1597\" \/>\n\t<meta property=\"og:image:type\" content=\"image\/jpeg\" \/>\n<meta name=\"author\" content=\"Mladen\" \/>\n<meta name=\"twitter:card\" content=\"summary_large_image\" \/>\n<meta name=\"twitter:creator\" content=\"@morh_osrh\" \/>\n<meta name=\"twitter:site\" content=\"@morh_osrh\" \/>\n<meta name=\"twitter:label1\" content=\"Written by\" \/>\n\t<meta name=\"twitter:data1\" content=\"Mladen\" \/>\n\t<meta name=\"twitter:label2\" content=\"Est. reading time\" \/>\n\t<meta name=\"twitter:data2\" content=\"3 minutes\" \/>\n<script type=\"application\/ld+json\" class=\"yoast-schema-graph\">{\"@context\":\"https:\/\/schema.org\",\"@graph\":[{\"@type\":\"Article\",\"@id\":\"https:\/\/www.morh.hr\/en\/anusic-at-christmas-reception-the-trend-of-strengthening-croatian-army-will-not-stop\/#article\",\"isPartOf\":{\"@id\":\"https:\/\/www.morh.hr\/en\/anusic-at-christmas-reception-the-trend-of-strengthening-croatian-army-will-not-stop\/\"},\"author\":{\"name\":\"Mladen\",\"@id\":\"https:\/\/www.morh.hr\/en\/#\/schema\/person\/ec8e2528a579067d8bda0ae2124ac768\"},\"headline\":\"Anu\u0161i\u0107 at Christmas reception: The trend of strengthening Croatian army will not stop\",\"datePublished\":\"2024-12-18T08:37:16+00:00\",\"dateModified\":\"2025-11-26T14:07:43+00:00\",\"mainEntityOfPage\":{\"@id\":\"https:\/\/www.morh.hr\/en\/anusic-at-christmas-reception-the-trend-of-strengthening-croatian-army-will-not-stop\/\"},\"wordCount\":448,\"image\":{\"@id\":\"https:\/\/www.morh.hr\/en\/anusic-at-christmas-reception-the-trend-of-strengthening-croatian-army-will-not-stop\/#primaryimage\"},\"thumbnailUrl\":\"https:\/\/www.morh.hr\/wp-content\/uploads\/2025\/01\/2024-12-18-bozicni-domjenak.jpg\",\"articleSection\":[\"Press releases\"],\"inLanguage\":\"en-US\"},{\"@type\":\"WebPage\",\"@id\":\"https:\/\/www.morh.hr\/en\/anusic-at-christmas-reception-the-trend-of-strengthening-croatian-army-will-not-stop\/\",\"url\":\"https:\/\/www.morh.hr\/en\/anusic-at-christmas-reception-the-trend-of-strengthening-croatian-army-will-not-stop\/\",\"name\":\"Anu\u0161i\u0107 at Christmas reception: The trend of strengthening Croatian army will not stop - MORH\",\"isPartOf\":{\"@id\":\"https:\/\/www.morh.hr\/en\/#website\"},\"primaryImageOfPage\":{\"@id\":\"https:\/\/www.morh.hr\/en\/anusic-at-christmas-reception-the-trend-of-strengthening-croatian-army-will-not-stop\/#primaryimage\"},\"image\":{\"@id\":\"https:\/\/www.morh.hr\/en\/anusic-at-christmas-reception-the-trend-of-strengthening-croatian-army-will-not-stop\/#primaryimage\"},\"thumbnailUrl\":\"https:\/\/www.morh.hr\/wp-content\/uploads\/2025\/01\/2024-12-18-bozicni-domjenak.jpg\",\"datePublished\":\"2024-12-18T08:37:16+00:00\",\"dateModified\":\"2025-11-26T14:07:43+00:00\",\"author\":{\"@id\":\"https:\/\/www.morh.hr\/en\/#\/schema\/person\/ec8e2528a579067d8bda0ae2124ac768\"},\"description\":\"We will continue to strengthen Croatian Army, in which Croatian people have the most confidence and which provides security and stability to the Croatian people and the Croatian state, Minister Anu\u0161i\u0107 said\",\"breadcrumb\":{\"@id\":\"https:\/\/www.morh.hr\/en\/anusic-at-christmas-reception-the-trend-of-strengthening-croatian-army-will-not-stop\/#breadcrumb\"},\"inLanguage\":\"en-US\",\"potentialAction\":[{\"@type\":\"ReadAction\",\"target\":[\"https:\/\/www.morh.hr\/en\/anusic-at-christmas-reception-the-trend-of-strengthening-croatian-army-will-not-stop\/\"]}]},{\"@type\":\"ImageObject\",\"inLanguage\":\"en-US\",\"@id\":\"https:\/\/www.morh.hr\/en\/anusic-at-christmas-reception-the-trend-of-strengthening-croatian-army-will-not-stop\/#primaryimage\",\"url\":\"https:\/\/www.morh.hr\/wp-content\/uploads\/2025\/01\/2024-12-18-bozicni-domjenak.jpg\",\"contentUrl\":\"https:\/\/www.morh.hr\/wp-content\/uploads\/2025\/01\/2024-12-18-bozicni-domjenak.jpg\",\"width\":2400,\"height\":1597,\"caption\":\"Anu\u0161i\u0107 at Christmas reception: The trend of strengthening Croatian army will not stop | Foto: MORH\/ J. Kopi\"},{\"@type\":\"BreadcrumbList\",\"@id\":\"https:\/\/www.morh.hr\/en\/anusic-at-christmas-reception-the-trend-of-strengthening-croatian-army-will-not-stop\/#breadcrumb\",\"itemListElement\":[{\"@type\":\"ListItem\",\"position\":1,\"name\":\"Naslovnica\",\"item\":\"https:\/\/www.morh.hr\/en\/\"},{\"@type\":\"ListItem\",\"position\":2,\"name\":\"News\",\"item\":\"https:\/\/www.morh.hr\/en\/kategorija\/news\/\"},{\"@type\":\"ListItem\",\"position\":3,\"name\":\"Press releases\",\"item\":\"https:\/\/www.morh.hr\/en\/kategorija\/news\/press-releases\/\"},{\"@type\":\"ListItem\",\"position\":4,\"name\":\"Anu\u0161i\u0107 at Christmas reception: The trend of strengthening Croatian army will not stop\"}]},{\"@type\":\"WebSite\",\"@id\":\"https:\/\/www.morh.hr\/en\/#website\",\"url\":\"https:\/\/www.morh.hr\/en\/\",\"name\":\"MORH\",\"description\":\"Ministarstvo obrane Republike Hrvatske - slu\u017ebene stranice\",\"potentialAction\":[{\"@type\":\"SearchAction\",\"target\":{\"@type\":\"EntryPoint\",\"urlTemplate\":\"https:\/\/www.morh.hr\/en\/?s={search_term_string}\"},\"query-input\":{\"@type\":\"PropertyValueSpecification\",\"valueRequired\":true,\"valueName\":\"search_term_string\"}}],\"inLanguage\":\"en-US\"},{\"@type\":\"Person\",\"@id\":\"https:\/\/www.morh.hr\/en\/#\/schema\/person\/ec8e2528a579067d8bda0ae2124ac768\",\"name\":\"Mladen\",\"image\":{\"@type\":\"ImageObject\",\"inLanguage\":\"en-US\",\"@id\":\"https:\/\/www.morh.hr\/en\/#\/schema\/person\/image\/\",\"url\":\"https:\/\/secure.gravatar.com\/avatar\/3d5ea7ca0d0a523cf2ec98548db52f920a5f6bbfd2c1aa63d237c2f445528cf7?s=96&d=mm&r=g\",\"contentUrl\":\"https:\/\/secure.gravatar.com\/avatar\/3d5ea7ca0d0a523cf2ec98548db52f920a5f6bbfd2c1aa63d237c2f445528cf7?s=96&d=mm&r=g\",\"caption\":\"Mladen\"}}]}<\/script>\n<!-- \/ Yoast SEO plugin. -->","yoast_head_json":{"title":"Anu\u0161i\u0107 at Christmas reception: The trend of strengthening Croatian army will not stop - MORH","description":"We will continue to strengthen Croatian Army, in which Croatian people have the most confidence and which provides security and stability to the Croatian people and the Croatian state, Minister Anu\u0161i\u0107 said","robots":{"index":"index","follow":"follow","max-snippet":"max-snippet:-1","max-image-preview":"max-image-preview:large","max-video-preview":"max-video-preview:-1"},"canonical":"https:\/\/www.morh.hr\/en\/anusic-at-christmas-reception-the-trend-of-strengthening-croatian-army-will-not-stop\/","og_locale":"en_US","og_type":"article","og_title":"Anu\u0161i\u0107 at Christmas reception: The trend of strengthening Croatian army will not stop - MORH","og_description":"We will continue to strengthen Croatian Army, in which Croatian people have the most confidence and which provides security and stability to the Croatian people and the Croatian state, Minister Anu\u0161i\u0107 said","og_url":"https:\/\/www.morh.hr\/en\/anusic-at-christmas-reception-the-trend-of-strengthening-croatian-army-will-not-stop\/","og_site_name":"MORH","article_publisher":"https:\/\/www.facebook.com\/sportasiuhrvatskojvojsci\/","article_published_time":"2024-12-18T08:37:16+00:00","article_modified_time":"2025-11-26T14:07:43+00:00","og_image":[{"width":2400,"height":1597,"url":"https:\/\/www.morh.hr\/wp-content\/uploads\/2025\/01\/2024-12-18-bozicni-domjenak.jpg","type":"image\/jpeg"}],"author":"Mladen","twitter_card":"summary_large_image","twitter_creator":"@morh_osrh","twitter_site":"@morh_osrh","twitter_misc":{"Written by":"Mladen","Est. reading time":"3 minutes"},"schema":{"@context":"https:\/\/schema.org","@graph":[{"@type":"Article","@id":"https:\/\/www.morh.hr\/en\/anusic-at-christmas-reception-the-trend-of-strengthening-croatian-army-will-not-stop\/#article","isPartOf":{"@id":"https:\/\/www.morh.hr\/en\/anusic-at-christmas-reception-the-trend-of-strengthening-croatian-army-will-not-stop\/"},"author":{"name":"Mladen","@id":"https:\/\/www.morh.hr\/en\/#\/schema\/person\/ec8e2528a579067d8bda0ae2124ac768"},"headline":"Anu\u0161i\u0107 at Christmas reception: The trend of strengthening Croatian army will not stop","datePublished":"2024-12-18T08:37:16+00:00","dateModified":"2025-11-26T14:07:43+00:00","mainEntityOfPage":{"@id":"https:\/\/www.morh.hr\/en\/anusic-at-christmas-reception-the-trend-of-strengthening-croatian-army-will-not-stop\/"},"wordCount":448,"image":{"@id":"https:\/\/www.morh.hr\/en\/anusic-at-christmas-reception-the-trend-of-strengthening-croatian-army-will-not-stop\/#primaryimage"},"thumbnailUrl":"https:\/\/www.morh.hr\/wp-content\/uploads\/2025\/01\/2024-12-18-bozicni-domjenak.jpg","articleSection":["Press releases"],"inLanguage":"en-US"},{"@type":"WebPage","@id":"https:\/\/www.morh.hr\/en\/anusic-at-christmas-reception-the-trend-of-strengthening-croatian-army-will-not-stop\/","url":"https:\/\/www.morh.hr\/en\/anusic-at-christmas-reception-the-trend-of-strengthening-croatian-army-will-not-stop\/","name":"Anu\u0161i\u0107 at Christmas reception: The trend of strengthening Croatian army will not stop - MORH","isPartOf":{"@id":"https:\/\/www.morh.hr\/en\/#website"},"primaryImageOfPage":{"@id":"https:\/\/www.morh.hr\/en\/anusic-at-christmas-reception-the-trend-of-strengthening-croatian-army-will-not-stop\/#primaryimage"},"image":{"@id":"https:\/\/www.morh.hr\/en\/anusic-at-christmas-reception-the-trend-of-strengthening-croatian-army-will-not-stop\/#primaryimage"},"thumbnailUrl":"https:\/\/www.morh.hr\/wp-content\/uploads\/2025\/01\/2024-12-18-bozicni-domjenak.jpg","datePublished":"2024-12-18T08:37:16+00:00","dateModified":"2025-11-26T14:07:43+00:00","author":{"@id":"https:\/\/www.morh.hr\/en\/#\/schema\/person\/ec8e2528a579067d8bda0ae2124ac768"},"description":"We will continue to strengthen Croatian Army, in which Croatian people have the most confidence and which provides security and stability to the Croatian people and the Croatian state, Minister Anu\u0161i\u0107 said","breadcrumb":{"@id":"https:\/\/www.morh.hr\/en\/anusic-at-christmas-reception-the-trend-of-strengthening-croatian-army-will-not-stop\/#breadcrumb"},"inLanguage":"en-US","potentialAction":[{"@type":"ReadAction","target":["https:\/\/www.morh.hr\/en\/anusic-at-christmas-reception-the-trend-of-strengthening-croatian-army-will-not-stop\/"]}]},{"@type":"ImageObject","inLanguage":"en-US","@id":"https:\/\/www.morh.hr\/en\/anusic-at-christmas-reception-the-trend-of-strengthening-croatian-army-will-not-stop\/#primaryimage","url":"https:\/\/www.morh.hr\/wp-content\/uploads\/2025\/01\/2024-12-18-bozicni-domjenak.jpg","contentUrl":"https:\/\/www.morh.hr\/wp-content\/uploads\/2025\/01\/2024-12-18-bozicni-domjenak.jpg","width":2400,"height":1597,"caption":"Anu\u0161i\u0107 at Christmas reception: The trend of strengthening Croatian army will not stop | Foto: MORH\/ J. Kopi"},{"@type":"BreadcrumbList","@id":"https:\/\/www.morh.hr\/en\/anusic-at-christmas-reception-the-trend-of-strengthening-croatian-army-will-not-stop\/#breadcrumb","itemListElement":[{"@type":"ListItem","position":1,"name":"Naslovnica","item":"https:\/\/www.morh.hr\/en\/"},{"@type":"ListItem","position":2,"name":"News","item":"https:\/\/www.morh.hr\/en\/kategorija\/news\/"},{"@type":"ListItem","position":3,"name":"Press releases","item":"https:\/\/www.morh.hr\/en\/kategorija\/news\/press-releases\/"},{"@type":"ListItem","position":4,"name":"Anu\u0161i\u0107 at Christmas reception: The trend of strengthening Croatian army will not stop"}]},{"@type":"WebSite","@id":"https:\/\/www.morh.hr\/en\/#website","url":"https:\/\/www.morh.hr\/en\/","name":"MORH","description":"Ministarstvo obrane Republike Hrvatske - slu\u017ebene stranice","potentialAction":[{"@type":"SearchAction","target":{"@type":"EntryPoint","urlTemplate":"https:\/\/www.morh.hr\/en\/?s={search_term_string}"},"query-input":{"@type":"PropertyValueSpecification","valueRequired":true,"valueName":"search_term_string"}}],"inLanguage":"en-US"},{"@type":"Person","@id":"https:\/\/www.morh.hr\/en\/#\/schema\/person\/ec8e2528a579067d8bda0ae2124ac768","name":"Mladen","image":{"@type":"ImageObject","inLanguage":"en-US","@id":"https:\/\/www.morh.hr\/en\/#\/schema\/person\/image\/","url":"https:\/\/secure.gravatar.com\/avatar\/3d5ea7ca0d0a523cf2ec98548db52f920a5f6bbfd2c1aa63d237c2f445528cf7?s=96&d=mm&r=g","contentUrl":"https:\/\/secure.gravatar.com\/avatar\/3d5ea7ca0d0a523cf2ec98548db52f920a5f6bbfd2c1aa63d237c2f445528cf7?s=96&d=mm&r=g","caption":"Mladen"}}]}},"_links":{"self":[{"href":"https:\/\/www.morh.hr\/en\/wp-json\/wp\/v2\/posts\/248762","targetHints":{"allow":["GET"]}}],"collection":[{"href":"https:\/\/www.morh.hr\/en\/wp-json\/wp\/v2\/posts"}],"about":[{"href":"https:\/\/www.morh.hr\/en\/wp-json\/wp\/v2\/types\/post"}],"author":[{"embeddable":true,"href":"https:\/\/www.morh.hr\/en\/wp-json\/wp\/v2\/users\/4699"}],"replies":[{"embeddable":true,"href":"https:\/\/www.morh.hr\/en\/wp-json\/wp\/v2\/comments?post=248762"}],"version-history":[{"count":1,"href":"https:\/\/www.morh.hr\/en\/wp-json\/wp\/v2\/posts\/248762\/revisions"}],"predecessor-version":[{"id":263843,"href":"https:\/\/www.morh.hr\/en\/wp-json\/wp\/v2\/posts\/248762\/revisions\/263843"}],"wp:featuredmedia":[{"embeddable":true,"href":"https:\/\/www.morh.hr\/en\/wp-json\/wp\/v2\/media\/248764"}],"wp:attachment":[{"href":"https:\/\/www.morh.hr\/en\/wp-json\/wp\/v2\/media?parent=248762"}],"wp:term":[{"taxonomy":"category","embeddable":true,"href":"https:\/\/www.morh.hr\/en\/wp-json\/wp\/v2\/categories?post=248762"},{"taxonomy":"post_tag","embeddable":true,"href":"https:\/\/www.morh.hr\/en\/wp-json\/wp\/v2\/tags?post=248762"}],"curies":[{"name":"wp","href":"https:\/\/api.w.org\/{rel}","templated":true}]}}