{"id":248768,"date":"2024-12-20T09:45:14","date_gmt":"2024-12-20T08:45:14","guid":{"rendered":"https:\/\/www.morh.hr\/?p=248768"},"modified":"2025-01-17T09:52:47","modified_gmt":"2025-01-17T08:52:47","slug":"the-dr-franjo-tudman-croatian-defence-academy-celebrates-33rd-anniversary","status":"publish","type":"post","link":"https:\/\/www.morh.hr\/en\/the-dr-franjo-tudman-croatian-defence-academy-celebrates-33rd-anniversary\/","title":{"rendered":"The Dr. Franjo Tu\u0111man Croatian Defence Academy celebrates 33rd anniversary"},"content":{"rendered":"<p>On 20 December 2024 a ceremony was held at the Petar Zrinski Barracks in Zagreb to mark the 33rd anniversary of the Dr. Franjo Tu\u0111man Croatian Defence Academy (CDA).<\/p>\n<p>On this occasion, a ceremony was also held to present decorations, promotions, awards and commendations to the most distinguished employees of the Croatian Defence Academy.<\/p>\n<p>Congratulating the 33rd anniversary of the Croatian Defence Academy, State Secretary Branko Hrg as an envoy of the Defence Minister thanked all employees of the CDA who take care of young people \u2013 the future of the Croatian Armed Forces. &#8220;Times are changing and we must carry out more intense preparations. In particular, we must especially take care of people because without them everything else seems pointless. This is why the Croatian Defence Academy has been a very important factor in the development of the Croatian Armed Forces for the last 33 years,&#8221; he concluded.<\/p>\n<p><strong>General Kundid: A military educational institution is the starting point for the development and progress of every modern military force<\/strong><\/p>\n<p>Chief of the CAF General Staff Lieutenant General Tihomir Kundid emphasized that the CDA has provided education to numerous generations of officers and non-commissioned officers for decades, which is an obvious indicator of the importance and responsibility that the CDA has in the process of educating active military personnel.<\/p>\n<p>&#8220;Military education cannot rest solely on tradition. It must also include innovations in education, and these innovations must follow the dynamics of changes taking place in the world. A military educational institution is the starting point for the development and progress of every modern military force,&#8221; General Kundid said, emphasizing that military education does not only transfer knowledge about strategies, doctrines and tactics. It is the process of forming officers and non-commissioned officers who will perform various duties throughout their careers.<\/p>\n<p>In his address, the CDA Commandant, Major General Slaven Zdilar, referred to this year&#8217;s achievements of the CDA employees and military school students, emphasizing that they have proven that the Croatian Defence Academy is a high-quality educational institution. &#8220;Our priority is to produce educated, highly-trained and qualified members of the Croatian Armed Forces who will be able to respond to all the challenges. We are focused on strengthening and continuing our cooperation with other Croatian higher education institutions, research centres and civilian organizations and institutions in order to create a stimulating environment for the exchange of knowledge and innovation,&#8221; he said, emphasizing that the CDA is and must remain a place where top leaders and military experts are made, and officers and non-commissioned officers are formed to ensure the survival of our country.<\/p>\n<p>The ceremony was attended by State Secretary Branko Hrg as an envoy of the Defence Minister, Chief of the CAF Lieutenant General Tihomir Kundid, CDA Commandant Major General Slaven Zdilar, Croatian President and Commander-in-Chief of the Croatian Armed Forces Zoran Milanovi\u0107, Military Ordinary Monsignor Jure Bogdan, Director of the CAF General Staff Major General Kre\u0161o Tu\u0161kan, Rector of the University of Defence and Security Ivo Lu\u010di\u0107, CAF service and unit commanders and deputy commanders, directorate heads, former CDA commandants, and other guests.<\/p>\n<p>On 19 December 2024, to commemorate the 33rd anniversary of the Croatian Defence Academy, a delegation led by CDA Commandant Major General Slaven Zdilar laid a wreath and lit a candle on the grave of the first Croatian President Franjo Tu\u0111man. The delegation also included the CDA Deputy Commandant, Colonel Damir Stru\u010di\u0107, the Dean of the CDA, Colonel Goran Huljev, and the CDA&#8217;s Secretary, Colonel Radmilo Jasak.<\/p>\n<p><strong>The Dr. Franjo Tu\u0111man Croatian Defence Academy<\/strong><\/p>\n<p>The CDA organizes and provides education for the needs of the CAF members, as well as foreign armed force members. The CDA offers Primary Leadership Development Course, Basic NCO Course, Advanced NCO Course, Sergeants Major Course, Basic and Advanced Officer Course. It also provides education at the Interservice Command and Staff School and the War College. It offers language courses at the Foreign Language Centre, the Defence Diplomacy Course, the Strategic Planning Course, and a number of other specialist courses. Around a thousand members of the Croatian Armed Forces, numerous foreign students, and participants from other ministries and state administration bodies complete these courses every year.<\/p>\n<p>Currently there are 275 students at the Croatian Defence Academy enrolled in courses at all levels. 16 of them are foreign students from Bosnia and Herzegovina, Montenegro, Kosovo, North Macedonia and Slovenia. There are also 29 foreign cadets from Bosnia and Herzegovina, Montenegro and Kosovo enrolled in study programmes. In 2024, 255 students completed foreign language courses at the &#8220;Katarina Zrinska&#8221; Foreign Language Centre.<\/p>\n<div class=\"morh-galleria\"><a href=\"https:\/\/live.staticflickr.com\/65535\/54216555773_1a735bc39c_h.jpg\" title=\"Obilje\u017eena 33. obljetnica Hrvatskog vojnog u\u010dili\u0161ta Dr. Franjo Tu\u0111man\"><img decoding=\"async\" data-title=\"Obilje\u017eena 33. obljetnica Hrvatskog vojnog u\u010dili\u0161ta Dr. Franjo Tu\u0111man\" data-description=\"U vojarni Petar Zrinski u Zagrebu, danas 20. prosinca 2024. odr\u017eana je sve\u010danost povodom obilje\u017eavanja 33. obljetnice Hrvatskog vojnog u\u010dili\u0161ta Dr. Franjo Tu\u0111man | Foto: MORH\/ T. Brandt\" alt=\"Obilje\u017eena 33. obljetnica Hrvatskog vojnog u\u010dili\u0161ta Dr. Franjo Tu\u0111man\" src=\"https:\/\/live.staticflickr.com\/65535\/54216555773_1a735bc39c_h.jpg\" data-layer=\"&lt;div class=&#039;morh-gallery-image-download&#039;&gt;&lt;a href=&#039;https:\/\/live.staticflickr.com\/65535\/54216555773_85bb8b5097_o.jpg&#039; target=&#039;_blank&#039;&gt;Slika za preuzimanje&lt;\/a&gt;&lt;\/div&gt;\" \/><\/a><a href=\"https:\/\/live.staticflickr.com\/65535\/54216729520_adfdc39dae_h.jpg\" title=\"Obilje\u017eena 33. obljetnica Hrvatskog vojnog u\u010dili\u0161ta Dr. Franjo Tu\u0111man\"><img decoding=\"async\" data-title=\"Obilje\u017eena 33. obljetnica Hrvatskog vojnog u\u010dili\u0161ta Dr. Franjo Tu\u0111man\" data-description=\"U vojarni Petar Zrinski u Zagrebu, danas 20. prosinca 2024. odr\u017eana je sve\u010danost povodom obilje\u017eavanja 33. obljetnice Hrvatskog vojnog u\u010dili\u0161ta Dr. Franjo Tu\u0111man | Foto: MORH\/ T. Brandt\" alt=\"Obilje\u017eena 33. obljetnica Hrvatskog vojnog u\u010dili\u0161ta Dr. Franjo Tu\u0111man\" src=\"https:\/\/live.staticflickr.com\/65535\/54216729520_adfdc39dae_h.jpg\" data-layer=\"&lt;div class=&#039;morh-gallery-image-download&#039;&gt;&lt;a href=&#039;https:\/\/live.staticflickr.com\/65535\/54216729520_c7eb41fd46_o.jpg&#039; target=&#039;_blank&#039;&gt;Slika za preuzimanje&lt;\/a&gt;&lt;\/div&gt;\" \/><\/a><a href=\"https:\/\/live.staticflickr.com\/65535\/54215424647_4f6ebdc053_h.jpg\" title=\"Obilje\u017eena 33. obljetnica Hrvatskog vojnog u\u010dili\u0161ta Dr. Franjo Tu\u0111man\"><img decoding=\"async\" data-title=\"Obilje\u017eena 33. obljetnica Hrvatskog vojnog u\u010dili\u0161ta Dr. Franjo Tu\u0111man\" data-description=\"U vojarni Petar Zrinski u Zagrebu, danas 20. prosinca 2024. odr\u017eana je sve\u010danost povodom obilje\u017eavanja 33. obljetnice Hrvatskog vojnog u\u010dili\u0161ta Dr. Franjo Tu\u0111man | Foto: MORH\/ T. Brandt\" alt=\"Obilje\u017eena 33. obljetnica Hrvatskog vojnog u\u010dili\u0161ta Dr. Franjo Tu\u0111man\" src=\"https:\/\/live.staticflickr.com\/65535\/54215424647_4f6ebdc053_h.jpg\" data-layer=\"&lt;div class=&#039;morh-gallery-image-download&#039;&gt;&lt;a href=&#039;https:\/\/live.staticflickr.com\/65535\/54215424647_18f58f30f5_o.jpg&#039; target=&#039;_blank&#039;&gt;Slika za preuzimanje&lt;\/a&gt;&lt;\/div&gt;\" \/><\/a><a href=\"https:\/\/live.staticflickr.com\/65535\/54216331511_ee199d78b3_h.jpg\" title=\"Obilje\u017eena 33. obljetnica Hrvatskog vojnog u\u010dili\u0161ta Dr. Franjo Tu\u0111man\"><img decoding=\"async\" data-title=\"Obilje\u017eena 33. obljetnica Hrvatskog vojnog u\u010dili\u0161ta Dr. Franjo Tu\u0111man\" data-description=\"U vojarni Petar Zrinski u Zagrebu, danas 20. prosinca 2024. odr\u017eana je sve\u010danost povodom obilje\u017eavanja 33. obljetnice Hrvatskog vojnog u\u010dili\u0161ta Dr. Franjo Tu\u0111man | Foto: MORH\/ T. Brandt\" alt=\"Obilje\u017eena 33. obljetnica Hrvatskog vojnog u\u010dili\u0161ta Dr. Franjo Tu\u0111man\" src=\"https:\/\/live.staticflickr.com\/65535\/54216331511_ee199d78b3_h.jpg\" data-layer=\"&lt;div class=&#039;morh-gallery-image-download&#039;&gt;&lt;a href=&#039;https:\/\/live.staticflickr.com\/65535\/54216331511_7f5e64b05a_o.jpg&#039; target=&#039;_blank&#039;&gt;Slika za preuzimanje&lt;\/a&gt;&lt;\/div&gt;\" \/><\/a><a href=\"https:\/\/live.staticflickr.com\/65535\/54216561839_9dc5c5bdc5_h.jpg\" title=\"Obilje\u017eena 33. obljetnica Hrvatskog vojnog u\u010dili\u0161ta Dr. Franjo Tu\u0111man\"><img decoding=\"async\" data-title=\"Obilje\u017eena 33. obljetnica Hrvatskog vojnog u\u010dili\u0161ta Dr. Franjo Tu\u0111man\" data-description=\"U vojarni Petar Zrinski u Zagrebu, danas 20. prosinca 2024. odr\u017eana je sve\u010danost povodom obilje\u017eavanja 33. obljetnice Hrvatskog vojnog u\u010dili\u0161ta Dr. Franjo Tu\u0111man | Foto: MORH\/ T. Brandt\" alt=\"Obilje\u017eena 33. obljetnica Hrvatskog vojnog u\u010dili\u0161ta Dr. Franjo Tu\u0111man\" src=\"https:\/\/live.staticflickr.com\/65535\/54216561839_9dc5c5bdc5_h.jpg\" data-layer=\"&lt;div class=&#039;morh-gallery-image-download&#039;&gt;&lt;a href=&#039;https:\/\/live.staticflickr.com\/65535\/54216561839_92e645b360_o.jpg&#039; target=&#039;_blank&#039;&gt;Slika za preuzimanje&lt;\/a&gt;&lt;\/div&gt;\" \/><\/a><a href=\"https:\/\/live.staticflickr.com\/65535\/54215424652_e454c4cba5_h.jpg\" title=\"Obilje\u017eena 33. obljetnica Hrvatskog vojnog u\u010dili\u0161ta Dr. Franjo Tu\u0111man\"><img decoding=\"async\" data-title=\"Obilje\u017eena 33. obljetnica Hrvatskog vojnog u\u010dili\u0161ta Dr. Franjo Tu\u0111man\" data-description=\"U vojarni Petar Zrinski u Zagrebu, danas 20. prosinca 2024. odr\u017eana je sve\u010danost povodom obilje\u017eavanja 33. obljetnice Hrvatskog vojnog u\u010dili\u0161ta Dr. Franjo Tu\u0111man | Foto: MORH\/ T. Brandt\" alt=\"Obilje\u017eena 33. obljetnica Hrvatskog vojnog u\u010dili\u0161ta Dr. Franjo Tu\u0111man\" src=\"https:\/\/live.staticflickr.com\/65535\/54215424652_e454c4cba5_h.jpg\" data-layer=\"&lt;div class=&#039;morh-gallery-image-download&#039;&gt;&lt;a href=&#039;https:\/\/live.staticflickr.com\/65535\/54215424652_9165147777_o.jpg&#039; target=&#039;_blank&#039;&gt;Slika za preuzimanje&lt;\/a&gt;&lt;\/div&gt;\" \/><\/a><a href=\"https:\/\/live.staticflickr.com\/65535\/54216729530_0509a025e5_h.jpg\" title=\"Obilje\u017eena 33. obljetnica Hrvatskog vojnog u\u010dili\u0161ta Dr. Franjo Tu\u0111man\"><img decoding=\"async\" data-title=\"Obilje\u017eena 33. obljetnica Hrvatskog vojnog u\u010dili\u0161ta Dr. Franjo Tu\u0111man\" data-description=\"U vojarni Petar Zrinski u Zagrebu, danas 20. prosinca 2024. odr\u017eana je sve\u010danost povodom obilje\u017eavanja 33. obljetnice Hrvatskog vojnog u\u010dili\u0161ta Dr. Franjo Tu\u0111man | Foto: MORH\/ T. Brandt\" alt=\"Obilje\u017eena 33. obljetnica Hrvatskog vojnog u\u010dili\u0161ta Dr. Franjo Tu\u0111man\" src=\"https:\/\/live.staticflickr.com\/65535\/54216729530_0509a025e5_h.jpg\" data-layer=\"&lt;div class=&#039;morh-gallery-image-download&#039;&gt;&lt;a href=&#039;https:\/\/live.staticflickr.com\/65535\/54216729530_4db7a416b3_o.jpg&#039; target=&#039;_blank&#039;&gt;Slika za preuzimanje&lt;\/a&gt;&lt;\/div&gt;\" \/><\/a><a href=\"https:\/\/live.staticflickr.com\/65535\/54216555913_170b475594_h.jpg\" title=\"Obilje\u017eena 33. obljetnica Hrvatskog vojnog u\u010dili\u0161ta Dr. Franjo Tu\u0111man\"><img decoding=\"async\" data-title=\"Obilje\u017eena 33. obljetnica Hrvatskog vojnog u\u010dili\u0161ta Dr. Franjo Tu\u0111man\" data-description=\"U vojarni Petar Zrinski u Zagrebu, danas 20. prosinca 2024. odr\u017eana je sve\u010danost povodom obilje\u017eavanja 33. obljetnice Hrvatskog vojnog u\u010dili\u0161ta Dr. Franjo Tu\u0111man | Foto: MORH\/ T. Brandt\" alt=\"Obilje\u017eena 33. obljetnica Hrvatskog vojnog u\u010dili\u0161ta Dr. Franjo Tu\u0111man\" src=\"https:\/\/live.staticflickr.com\/65535\/54216555913_170b475594_h.jpg\" data-layer=\"&lt;div class=&#039;morh-gallery-image-download&#039;&gt;&lt;a href=&#039;https:\/\/live.staticflickr.com\/65535\/54216555913_b03b060010_o.jpg&#039; target=&#039;_blank&#039;&gt;Slika za preuzimanje&lt;\/a&gt;&lt;\/div&gt;\" \/><\/a><a href=\"https:\/\/live.staticflickr.com\/65535\/54216561789_db36d48de5_h.jpg\" title=\"Obilje\u017eena 33. obljetnica Hrvatskog vojnog u\u010dili\u0161ta Dr. Franjo Tu\u0111man\"><img decoding=\"async\" data-title=\"Obilje\u017eena 33. obljetnica Hrvatskog vojnog u\u010dili\u0161ta Dr. Franjo Tu\u0111man\" data-description=\"U vojarni Petar Zrinski u Zagrebu, danas 20. prosinca 2024. odr\u017eana je sve\u010danost povodom obilje\u017eavanja 33. obljetnice Hrvatskog vojnog u\u010dili\u0161ta Dr. Franjo Tu\u0111man | Foto: MORH\/ T. Brandt\" alt=\"Obilje\u017eena 33. obljetnica Hrvatskog vojnog u\u010dili\u0161ta Dr. Franjo Tu\u0111man\" src=\"https:\/\/live.staticflickr.com\/65535\/54216561789_db36d48de5_h.jpg\" data-layer=\"&lt;div class=&#039;morh-gallery-image-download&#039;&gt;&lt;a href=&#039;https:\/\/live.staticflickr.com\/65535\/54216561789_c20bc5c75c_o.jpg&#039; target=&#039;_blank&#039;&gt;Slika za preuzimanje&lt;\/a&gt;&lt;\/div&gt;\" \/><\/a><a href=\"https:\/\/live.staticflickr.com\/65535\/54216331626_4eb0d63dd4_h.jpg\" title=\"Obilje\u017eena 33. obljetnica Hrvatskog vojnog u\u010dili\u0161ta Dr. Franjo Tu\u0111man\"><img decoding=\"async\" data-title=\"Obilje\u017eena 33. obljetnica Hrvatskog vojnog u\u010dili\u0161ta Dr. Franjo Tu\u0111man\" data-description=\"U vojarni Petar Zrinski u Zagrebu, danas 20. prosinca 2024. odr\u017eana je sve\u010danost povodom obilje\u017eavanja 33. obljetnice Hrvatskog vojnog u\u010dili\u0161ta Dr. Franjo Tu\u0111man | Foto: MORH\/ T. Brandt\" alt=\"Obilje\u017eena 33. obljetnica Hrvatskog vojnog u\u010dili\u0161ta Dr. Franjo Tu\u0111man\" src=\"https:\/\/live.staticflickr.com\/65535\/54216331626_4eb0d63dd4_h.jpg\" data-layer=\"&lt;div class=&#039;morh-gallery-image-download&#039;&gt;&lt;a href=&#039;https:\/\/live.staticflickr.com\/65535\/54216331626_76b5bb2884_o.jpg&#039; target=&#039;_blank&#039;&gt;Slika za preuzimanje&lt;\/a&gt;&lt;\/div&gt;\" \/><\/a><a href=\"https:\/\/live.staticflickr.com\/65535\/54216561899_7621193dfb_h.jpg\" title=\"Obilje\u017eena 33. obljetnica Hrvatskog vojnog u\u010dili\u0161ta Dr. Franjo Tu\u0111man\"><img decoding=\"async\" data-title=\"Obilje\u017eena 33. obljetnica Hrvatskog vojnog u\u010dili\u0161ta Dr. Franjo Tu\u0111man\" data-description=\"U vojarni Petar Zrinski u Zagrebu, danas 20. prosinca 2024. odr\u017eana je sve\u010danost povodom obilje\u017eavanja 33. obljetnice Hrvatskog vojnog u\u010dili\u0161ta Dr. Franjo Tu\u0111man | Foto: MORH\/ T. Brandt\" alt=\"Obilje\u017eena 33. obljetnica Hrvatskog vojnog u\u010dili\u0161ta Dr. Franjo Tu\u0111man\" src=\"https:\/\/live.staticflickr.com\/65535\/54216561899_7621193dfb_h.jpg\" data-layer=\"&lt;div class=&#039;morh-gallery-image-download&#039;&gt;&lt;a href=&#039;https:\/\/live.staticflickr.com\/65535\/54216561899_e101be3f77_o.jpg&#039; target=&#039;_blank&#039;&gt;Slika za preuzimanje&lt;\/a&gt;&lt;\/div&gt;\" \/><\/a><a href=\"https:\/\/live.staticflickr.com\/65535\/54216555923_6879b59a7c_h.jpg\" title=\"Obilje\u017eena 33. obljetnica Hrvatskog vojnog u\u010dili\u0161ta Dr. Franjo Tu\u0111man\"><img decoding=\"async\" data-title=\"Obilje\u017eena 33. obljetnica Hrvatskog vojnog u\u010dili\u0161ta Dr. Franjo Tu\u0111man\" data-description=\"U vojarni Petar Zrinski u Zagrebu, danas 20. prosinca 2024. odr\u017eana je sve\u010danost povodom obilje\u017eavanja 33. obljetnice Hrvatskog vojnog u\u010dili\u0161ta Dr. Franjo Tu\u0111man | Foto: MORH\/ T. Brandt\" alt=\"Obilje\u017eena 33. obljetnica Hrvatskog vojnog u\u010dili\u0161ta Dr. Franjo Tu\u0111man\" src=\"https:\/\/live.staticflickr.com\/65535\/54216555923_6879b59a7c_h.jpg\" data-layer=\"&lt;div class=&#039;morh-gallery-image-download&#039;&gt;&lt;a href=&#039;https:\/\/live.staticflickr.com\/65535\/54216555923_53775384f6_o.jpg&#039; target=&#039;_blank&#039;&gt;Slika za preuzimanje&lt;\/a&gt;&lt;\/div&gt;\" \/><\/a><a href=\"https:\/\/live.staticflickr.com\/65535\/54216472981_93b78e947b_b.jpg\" title=\"U prigodi obilje\u017eavanja 33. obljetnice HVU Dr. Franjo Tu\u0111man izaslanstvo na \u010delu sa zapovjednikom generalom-bojnikom Slavenom Zdilarom je u \u010detvrtak, 19. prosinca polo\u017eilo vijenac i zapalilo svije\u0107u na grobu prvog Hrvatskog predsjednika Dr. Franje Tu\u0111mana\"><img decoding=\"async\" data-title=\"U prigodi obilje\u017eavanja 33. obljetnice HVU Dr. Franjo Tu\u0111man izaslanstvo na \u010delu sa zapovjednikom generalom-bojnikom Slavenom Zdilarom je u \u010detvrtak, 19. prosinca polo\u017eilo vijenac i zapalilo svije\u0107u na grobu prvog Hrvatskog predsjednika Dr. Franje Tu\u0111mana\" data-description=\"U prigodi obilje\u017eavanja 33. obljetnice Hrvatskog vojnog u\u010dili\u0161ta Dr. Franjo Tu\u0111man izaslanstvo na \u010delu sa zapovjednikom generalom-bojnikom Slavenom Zdilarom je u \u010detvrtak, 19. prosinca polo\u017eilo vijenac i zapalilo svije\u0107u na grobu prvog Hrvatskog predsjednika Dr. Franje Tu\u0111mana | Foto: HVU\/ D. Volari\u0107\" alt=\"U prigodi obilje\u017eavanja 33. obljetnice HVU Dr. Franjo Tu\u0111man izaslanstvo na \u010delu sa zapovjednikom generalom-bojnikom Slavenom Zdilarom je u \u010detvrtak, 19. prosinca polo\u017eilo vijenac i zapalilo svije\u0107u na grobu prvog Hrvatskog predsjednika Dr. Franje Tu\u0111mana\" src=\"https:\/\/live.staticflickr.com\/65535\/54216472981_93b78e947b_b.jpg\" data-layer=\"&lt;div class=&#039;morh-gallery-image-download&#039;&gt;&lt;a href=&#039;https:\/\/live.staticflickr.com\/65535\/54216472981_23800f3080_o.jpg&#039; target=&#039;_blank&#039;&gt;Slika za preuzimanje&lt;\/a&gt;&lt;\/div&gt;\" \/><\/a><\/div><!--\/.morh-galleria -->\n","protected":false},"excerpt":{"rendered":"<p>&#8220;The CDA is a place where top leaders and military experts are made, and officers and non-commissioned officers are formed to ensure the survival of our country,&#8221; says CDA Commandant Major General Slaven Zdilar<\/p>\n","protected":false},"author":4699,"featured_media":248770,"comment_status":"closed","ping_status":"closed","sticky":false,"template":"","format":"standard","meta":{"_acf_changed":false,"_monsterinsights_skip_tracking":false,"_monsterinsights_sitenote_active":false,"_monsterinsights_sitenote_note":"","_monsterinsights_sitenote_category":0,"footnotes":""},"categories":[117],"tags":[],"class_list":["post-248768","post","type-post","status-publish","format-standard","has-post-thumbnail","hentry","category-press-releases"],"acf":[],"yoast_head":"<!-- This site is optimized with the Yoast SEO plugin v26.9 - https:\/\/yoast.com\/product\/yoast-seo-wordpress\/ -->\n<title>The Dr. Franjo Tu\u0111man Croatian Defence Academy celebrates 33rd anniversary - MORH<\/title>\n<meta name=\"description\" content=\"&quot;The CDA is a place where top leaders and military experts are made, and officers and non-commissioned officers are formed to ensure the survival of our country,&quot; says CDA Commandant Major General Slaven Zdilar\" \/>\n<meta name=\"robots\" content=\"index, follow, max-snippet:-1, max-image-preview:large, max-video-preview:-1\" \/>\n<link rel=\"canonical\" href=\"https:\/\/www.morh.hr\/en\/the-dr-franjo-tudman-croatian-defence-academy-celebrates-33rd-anniversary\/\" \/>\n<meta property=\"og:locale\" content=\"en_US\" \/>\n<meta property=\"og:type\" content=\"article\" \/>\n<meta property=\"og:title\" content=\"The Dr. Franjo Tu\u0111man Croatian Defence Academy celebrates 33rd anniversary - MORH\" \/>\n<meta property=\"og:description\" content=\"&quot;The CDA is a place where top leaders and military experts are made, and officers and non-commissioned officers are formed to ensure the survival of our country,&quot; says CDA Commandant Major General Slaven Zdilar\" \/>\n<meta property=\"og:url\" content=\"https:\/\/www.morh.hr\/en\/the-dr-franjo-tudman-croatian-defence-academy-celebrates-33rd-anniversary\/\" \/>\n<meta property=\"og:site_name\" content=\"MORH\" \/>\n<meta property=\"article:publisher\" content=\"https:\/\/www.facebook.com\/sportasiuhrvatskojvojsci\/\" \/>\n<meta property=\"article:published_time\" content=\"2024-12-20T08:45:14+00:00\" \/>\n<meta property=\"article:modified_time\" content=\"2025-01-17T08:52:47+00:00\" \/>\n<meta property=\"og:image\" content=\"https:\/\/www.morh.hr\/wp-content\/uploads\/2025\/01\/2024-12-20-obljetnica-hvu.jpg\" \/>\n\t<meta property=\"og:image:width\" content=\"2400\" \/>\n\t<meta property=\"og:image:height\" content=\"1600\" \/>\n\t<meta property=\"og:image:type\" content=\"image\/jpeg\" \/>\n<meta name=\"author\" content=\"Mladen\" \/>\n<meta name=\"twitter:card\" content=\"summary_large_image\" \/>\n<meta name=\"twitter:creator\" content=\"@morh_osrh\" \/>\n<meta name=\"twitter:site\" content=\"@morh_osrh\" \/>\n<meta name=\"twitter:label1\" content=\"Written by\" \/>\n\t<meta name=\"twitter:data1\" content=\"Mladen\" \/>\n\t<meta name=\"twitter:label2\" content=\"Est. reading time\" \/>\n\t<meta name=\"twitter:data2\" content=\"5 minutes\" \/>\n<script type=\"application\/ld+json\" class=\"yoast-schema-graph\">{\"@context\":\"https:\/\/schema.org\",\"@graph\":[{\"@type\":\"Article\",\"@id\":\"https:\/\/www.morh.hr\/en\/the-dr-franjo-tudman-croatian-defence-academy-celebrates-33rd-anniversary\/#article\",\"isPartOf\":{\"@id\":\"https:\/\/www.morh.hr\/en\/the-dr-franjo-tudman-croatian-defence-academy-celebrates-33rd-anniversary\/\"},\"author\":{\"name\":\"Mladen\",\"@id\":\"https:\/\/www.morh.hr\/en\/#\/schema\/person\/ec8e2528a579067d8bda0ae2124ac768\"},\"headline\":\"The Dr. Franjo Tu\u0111man Croatian Defence Academy celebrates 33rd anniversary\",\"datePublished\":\"2024-12-20T08:45:14+00:00\",\"dateModified\":\"2025-01-17T08:52:47+00:00\",\"mainEntityOfPage\":{\"@id\":\"https:\/\/www.morh.hr\/en\/the-dr-franjo-tudman-croatian-defence-academy-celebrates-33rd-anniversary\/\"},\"wordCount\":773,\"image\":{\"@id\":\"https:\/\/www.morh.hr\/en\/the-dr-franjo-tudman-croatian-defence-academy-celebrates-33rd-anniversary\/#primaryimage\"},\"thumbnailUrl\":\"https:\/\/www.morh.hr\/wp-content\/uploads\/2025\/01\/2024-12-20-obljetnica-hvu.jpg\",\"articleSection\":[\"Press releases\"],\"inLanguage\":\"en-US\"},{\"@type\":\"WebPage\",\"@id\":\"https:\/\/www.morh.hr\/en\/the-dr-franjo-tudman-croatian-defence-academy-celebrates-33rd-anniversary\/\",\"url\":\"https:\/\/www.morh.hr\/en\/the-dr-franjo-tudman-croatian-defence-academy-celebrates-33rd-anniversary\/\",\"name\":\"The Dr. Franjo Tu\u0111man Croatian Defence Academy celebrates 33rd anniversary - MORH\",\"isPartOf\":{\"@id\":\"https:\/\/www.morh.hr\/en\/#website\"},\"primaryImageOfPage\":{\"@id\":\"https:\/\/www.morh.hr\/en\/the-dr-franjo-tudman-croatian-defence-academy-celebrates-33rd-anniversary\/#primaryimage\"},\"image\":{\"@id\":\"https:\/\/www.morh.hr\/en\/the-dr-franjo-tudman-croatian-defence-academy-celebrates-33rd-anniversary\/#primaryimage\"},\"thumbnailUrl\":\"https:\/\/www.morh.hr\/wp-content\/uploads\/2025\/01\/2024-12-20-obljetnica-hvu.jpg\",\"datePublished\":\"2024-12-20T08:45:14+00:00\",\"dateModified\":\"2025-01-17T08:52:47+00:00\",\"author\":{\"@id\":\"https:\/\/www.morh.hr\/en\/#\/schema\/person\/ec8e2528a579067d8bda0ae2124ac768\"},\"description\":\"\\\"The CDA is a place where top leaders and military experts are made, and officers and non-commissioned officers are formed to ensure the survival of our country,\\\" says CDA Commandant Major General Slaven Zdilar\",\"breadcrumb\":{\"@id\":\"https:\/\/www.morh.hr\/en\/the-dr-franjo-tudman-croatian-defence-academy-celebrates-33rd-anniversary\/#breadcrumb\"},\"inLanguage\":\"en-US\",\"potentialAction\":[{\"@type\":\"ReadAction\",\"target\":[\"https:\/\/www.morh.hr\/en\/the-dr-franjo-tudman-croatian-defence-academy-celebrates-33rd-anniversary\/\"]}]},{\"@type\":\"ImageObject\",\"inLanguage\":\"en-US\",\"@id\":\"https:\/\/www.morh.hr\/en\/the-dr-franjo-tudman-croatian-defence-academy-celebrates-33rd-anniversary\/#primaryimage\",\"url\":\"https:\/\/www.morh.hr\/wp-content\/uploads\/2025\/01\/2024-12-20-obljetnica-hvu.jpg\",\"contentUrl\":\"https:\/\/www.morh.hr\/wp-content\/uploads\/2025\/01\/2024-12-20-obljetnica-hvu.jpg\",\"width\":2400,\"height\":1600,\"caption\":\"The Dr. Franjo Tu\u0111man Croatian Defence Academy celebrates 33rd anniversary | Foto: MORH\/ T. Brandt\"},{\"@type\":\"BreadcrumbList\",\"@id\":\"https:\/\/www.morh.hr\/en\/the-dr-franjo-tudman-croatian-defence-academy-celebrates-33rd-anniversary\/#breadcrumb\",\"itemListElement\":[{\"@type\":\"ListItem\",\"position\":1,\"name\":\"Naslovnica\",\"item\":\"https:\/\/www.morh.hr\/en\/\"},{\"@type\":\"ListItem\",\"position\":2,\"name\":\"News\",\"item\":\"https:\/\/www.morh.hr\/en\/kategorija\/news\/\"},{\"@type\":\"ListItem\",\"position\":3,\"name\":\"Press releases\",\"item\":\"https:\/\/www.morh.hr\/en\/kategorija\/news\/press-releases\/\"},{\"@type\":\"ListItem\",\"position\":4,\"name\":\"The Dr. Franjo Tu\u0111man Croatian Defence Academy celebrates 33rd anniversary\"}]},{\"@type\":\"WebSite\",\"@id\":\"https:\/\/www.morh.hr\/en\/#website\",\"url\":\"https:\/\/www.morh.hr\/en\/\",\"name\":\"MORH\",\"description\":\"Ministarstvo obrane Republike Hrvatske - slu\u017ebene stranice\",\"potentialAction\":[{\"@type\":\"SearchAction\",\"target\":{\"@type\":\"EntryPoint\",\"urlTemplate\":\"https:\/\/www.morh.hr\/en\/?s={search_term_string}\"},\"query-input\":{\"@type\":\"PropertyValueSpecification\",\"valueRequired\":true,\"valueName\":\"search_term_string\"}}],\"inLanguage\":\"en-US\"},{\"@type\":\"Person\",\"@id\":\"https:\/\/www.morh.hr\/en\/#\/schema\/person\/ec8e2528a579067d8bda0ae2124ac768\",\"name\":\"Mladen\",\"image\":{\"@type\":\"ImageObject\",\"inLanguage\":\"en-US\",\"@id\":\"https:\/\/www.morh.hr\/en\/#\/schema\/person\/image\/\",\"url\":\"https:\/\/secure.gravatar.com\/avatar\/3d5ea7ca0d0a523cf2ec98548db52f920a5f6bbfd2c1aa63d237c2f445528cf7?s=96&d=mm&r=g\",\"contentUrl\":\"https:\/\/secure.gravatar.com\/avatar\/3d5ea7ca0d0a523cf2ec98548db52f920a5f6bbfd2c1aa63d237c2f445528cf7?s=96&d=mm&r=g\",\"caption\":\"Mladen\"}}]}<\/script>\n<!-- \/ Yoast SEO plugin. -->","yoast_head_json":{"title":"The Dr. Franjo Tu\u0111man Croatian Defence Academy celebrates 33rd anniversary - MORH","description":"\"The CDA is a place where top leaders and military experts are made, and officers and non-commissioned officers are formed to ensure the survival of our country,\" says CDA Commandant Major General Slaven Zdilar","robots":{"index":"index","follow":"follow","max-snippet":"max-snippet:-1","max-image-preview":"max-image-preview:large","max-video-preview":"max-video-preview:-1"},"canonical":"https:\/\/www.morh.hr\/en\/the-dr-franjo-tudman-croatian-defence-academy-celebrates-33rd-anniversary\/","og_locale":"en_US","og_type":"article","og_title":"The Dr. Franjo Tu\u0111man Croatian Defence Academy celebrates 33rd anniversary - MORH","og_description":"\"The CDA is a place where top leaders and military experts are made, and officers and non-commissioned officers are formed to ensure the survival of our country,\" says CDA Commandant Major General Slaven Zdilar","og_url":"https:\/\/www.morh.hr\/en\/the-dr-franjo-tudman-croatian-defence-academy-celebrates-33rd-anniversary\/","og_site_name":"MORH","article_publisher":"https:\/\/www.facebook.com\/sportasiuhrvatskojvojsci\/","article_published_time":"2024-12-20T08:45:14+00:00","article_modified_time":"2025-01-17T08:52:47+00:00","og_image":[{"width":2400,"height":1600,"url":"https:\/\/www.morh.hr\/wp-content\/uploads\/2025\/01\/2024-12-20-obljetnica-hvu.jpg","type":"image\/jpeg"}],"author":"Mladen","twitter_card":"summary_large_image","twitter_creator":"@morh_osrh","twitter_site":"@morh_osrh","twitter_misc":{"Written by":"Mladen","Est. reading time":"5 minutes"},"schema":{"@context":"https:\/\/schema.org","@graph":[{"@type":"Article","@id":"https:\/\/www.morh.hr\/en\/the-dr-franjo-tudman-croatian-defence-academy-celebrates-33rd-anniversary\/#article","isPartOf":{"@id":"https:\/\/www.morh.hr\/en\/the-dr-franjo-tudman-croatian-defence-academy-celebrates-33rd-anniversary\/"},"author":{"name":"Mladen","@id":"https:\/\/www.morh.hr\/en\/#\/schema\/person\/ec8e2528a579067d8bda0ae2124ac768"},"headline":"The Dr. Franjo Tu\u0111man Croatian Defence Academy celebrates 33rd anniversary","datePublished":"2024-12-20T08:45:14+00:00","dateModified":"2025-01-17T08:52:47+00:00","mainEntityOfPage":{"@id":"https:\/\/www.morh.hr\/en\/the-dr-franjo-tudman-croatian-defence-academy-celebrates-33rd-anniversary\/"},"wordCount":773,"image":{"@id":"https:\/\/www.morh.hr\/en\/the-dr-franjo-tudman-croatian-defence-academy-celebrates-33rd-anniversary\/#primaryimage"},"thumbnailUrl":"https:\/\/www.morh.hr\/wp-content\/uploads\/2025\/01\/2024-12-20-obljetnica-hvu.jpg","articleSection":["Press releases"],"inLanguage":"en-US"},{"@type":"WebPage","@id":"https:\/\/www.morh.hr\/en\/the-dr-franjo-tudman-croatian-defence-academy-celebrates-33rd-anniversary\/","url":"https:\/\/www.morh.hr\/en\/the-dr-franjo-tudman-croatian-defence-academy-celebrates-33rd-anniversary\/","name":"The Dr. Franjo Tu\u0111man Croatian Defence Academy celebrates 33rd anniversary - MORH","isPartOf":{"@id":"https:\/\/www.morh.hr\/en\/#website"},"primaryImageOfPage":{"@id":"https:\/\/www.morh.hr\/en\/the-dr-franjo-tudman-croatian-defence-academy-celebrates-33rd-anniversary\/#primaryimage"},"image":{"@id":"https:\/\/www.morh.hr\/en\/the-dr-franjo-tudman-croatian-defence-academy-celebrates-33rd-anniversary\/#primaryimage"},"thumbnailUrl":"https:\/\/www.morh.hr\/wp-content\/uploads\/2025\/01\/2024-12-20-obljetnica-hvu.jpg","datePublished":"2024-12-20T08:45:14+00:00","dateModified":"2025-01-17T08:52:47+00:00","author":{"@id":"https:\/\/www.morh.hr\/en\/#\/schema\/person\/ec8e2528a579067d8bda0ae2124ac768"},"description":"\"The CDA is a place where top leaders and military experts are made, and officers and non-commissioned officers are formed to ensure the survival of our country,\" says CDA Commandant Major General Slaven Zdilar","breadcrumb":{"@id":"https:\/\/www.morh.hr\/en\/the-dr-franjo-tudman-croatian-defence-academy-celebrates-33rd-anniversary\/#breadcrumb"},"inLanguage":"en-US","potentialAction":[{"@type":"ReadAction","target":["https:\/\/www.morh.hr\/en\/the-dr-franjo-tudman-croatian-defence-academy-celebrates-33rd-anniversary\/"]}]},{"@type":"ImageObject","inLanguage":"en-US","@id":"https:\/\/www.morh.hr\/en\/the-dr-franjo-tudman-croatian-defence-academy-celebrates-33rd-anniversary\/#primaryimage","url":"https:\/\/www.morh.hr\/wp-content\/uploads\/2025\/01\/2024-12-20-obljetnica-hvu.jpg","contentUrl":"https:\/\/www.morh.hr\/wp-content\/uploads\/2025\/01\/2024-12-20-obljetnica-hvu.jpg","width":2400,"height":1600,"caption":"The Dr. Franjo Tu\u0111man Croatian Defence Academy celebrates 33rd anniversary | Foto: MORH\/ T. Brandt"},{"@type":"BreadcrumbList","@id":"https:\/\/www.morh.hr\/en\/the-dr-franjo-tudman-croatian-defence-academy-celebrates-33rd-anniversary\/#breadcrumb","itemListElement":[{"@type":"ListItem","position":1,"name":"Naslovnica","item":"https:\/\/www.morh.hr\/en\/"},{"@type":"ListItem","position":2,"name":"News","item":"https:\/\/www.morh.hr\/en\/kategorija\/news\/"},{"@type":"ListItem","position":3,"name":"Press releases","item":"https:\/\/www.morh.hr\/en\/kategorija\/news\/press-releases\/"},{"@type":"ListItem","position":4,"name":"The Dr. Franjo Tu\u0111man Croatian Defence Academy celebrates 33rd anniversary"}]},{"@type":"WebSite","@id":"https:\/\/www.morh.hr\/en\/#website","url":"https:\/\/www.morh.hr\/en\/","name":"MORH","description":"Ministarstvo obrane Republike Hrvatske - slu\u017ebene stranice","potentialAction":[{"@type":"SearchAction","target":{"@type":"EntryPoint","urlTemplate":"https:\/\/www.morh.hr\/en\/?s={search_term_string}"},"query-input":{"@type":"PropertyValueSpecification","valueRequired":true,"valueName":"search_term_string"}}],"inLanguage":"en-US"},{"@type":"Person","@id":"https:\/\/www.morh.hr\/en\/#\/schema\/person\/ec8e2528a579067d8bda0ae2124ac768","name":"Mladen","image":{"@type":"ImageObject","inLanguage":"en-US","@id":"https:\/\/www.morh.hr\/en\/#\/schema\/person\/image\/","url":"https:\/\/secure.gravatar.com\/avatar\/3d5ea7ca0d0a523cf2ec98548db52f920a5f6bbfd2c1aa63d237c2f445528cf7?s=96&d=mm&r=g","contentUrl":"https:\/\/secure.gravatar.com\/avatar\/3d5ea7ca0d0a523cf2ec98548db52f920a5f6bbfd2c1aa63d237c2f445528cf7?s=96&d=mm&r=g","caption":"Mladen"}}]}},"_links":{"self":[{"href":"https:\/\/www.morh.hr\/en\/wp-json\/wp\/v2\/posts\/248768","targetHints":{"allow":["GET"]}}],"collection":[{"href":"https:\/\/www.morh.hr\/en\/wp-json\/wp\/v2\/posts"}],"about":[{"href":"https:\/\/www.morh.hr\/en\/wp-json\/wp\/v2\/types\/post"}],"author":[{"embeddable":true,"href":"https:\/\/www.morh.hr\/en\/wp-json\/wp\/v2\/users\/4699"}],"replies":[{"embeddable":true,"href":"https:\/\/www.morh.hr\/en\/wp-json\/wp\/v2\/comments?post=248768"}],"version-history":[{"count":0,"href":"https:\/\/www.morh.hr\/en\/wp-json\/wp\/v2\/posts\/248768\/revisions"}],"wp:featuredmedia":[{"embeddable":true,"href":"https:\/\/www.morh.hr\/en\/wp-json\/wp\/v2\/media\/248770"}],"wp:attachment":[{"href":"https:\/\/www.morh.hr\/en\/wp-json\/wp\/v2\/media?parent=248768"}],"wp:term":[{"taxonomy":"category","embeddable":true,"href":"https:\/\/www.morh.hr\/en\/wp-json\/wp\/v2\/categories?post=248768"},{"taxonomy":"post_tag","embeddable":true,"href":"https:\/\/www.morh.hr\/en\/wp-json\/wp\/v2\/tags?post=248768"}],"curies":[{"name":"wp","href":"https:\/\/api.w.org\/{rel}","templated":true}]}}