{"id":248775,"date":"2024-12-20T09:53:25","date_gmt":"2024-12-20T08:53:25","guid":{"rendered":"https:\/\/www.morh.hr\/?p=248775"},"modified":"2025-01-17T09:56:35","modified_gmt":"2025-01-17T08:56:35","slug":"celebration-of-the-32nd-anniversary-of-pumas-in-varazdin","status":"publish","type":"post","link":"https:\/\/www.morh.hr\/en\/celebration-of-the-32nd-anniversary-of-pumas-in-varazdin\/","title":{"rendered":"Celebration of the 32nd anniversary of Pumas in Vara\u017edin"},"content":{"rendered":"<p>Today, on 20 December 2024, in Vara\u017edin, at barracks of the Puma 7th Guards Brigade, the 32nd anniversary of the Puma 7th Guards Brigade and the Day of the Puma 2nd Armoured-Mechanized battalion were celebrated with a ceremonial line-up of members of the Puma 2nd Armoured and Mechanized Battalion and of the Guards Armoured and Mechanized Brigade of the Croatian Army.<\/p>\n<p>For all killed and missing members of the Pumas during the Homeland War, a holy mass was held in the Church of the Good Shepherd in Vara\u017edin and afterwards, at the barracks in St. Juraj chapel, the highest state delegations, representatives of the counties and cities, and students of the IInd Vara\u017edin high school together with professors and families of the killed and missing veterans laid wreaths and lit candles.<\/p>\n<p>In his address, the representative of the President of the Republic of Croatia, Deputy Prime Minister and the Minister of Croatian War Veterans Tomo Medved, congratulated members of the Pumas as well as veterans of the Homeland War on the 32nd anniversary of the Puma 7th Guards Brigade and pointed out that during the Homeland War, the Pumas were honoured to carry the flag of their brigade and expressed profound gratitude to them for everything they did. Minister Medved congratulated the promoted and awarded members of the Puma 2nd Armoured-Mechanized Battalion on their well-deserved success and called on them to continue to invest efforts in further development of their capabilities.<\/p>\n<p>Commander of the Puma 2nd Armoured and Mechanized Battalion Major Krunoslav Slavinec emphasized on this occasion: &#8220;We continue the tradition of winners and continue to strive for daily improvement and acquisition of new knowledge and skills.&#8221;<\/p>\n<p>In preparation for the celebration of Pumas anniversary, archery competitions were held in December 2024, followed by a competition for the fittest member and a swimming competition. The competitions brought together a large number of competitors and the best were awarded medals and cups. Thus, in archery, the first place was won by the diver Marin Sraga. The best swimmer in the 100-meter sprint discipline was LT David Pejakovi\u0107, while the first place in uniform swimming was won by PFC Vedran Grabovac. The team swimming competition was held in the relay race discipline, and members of the Command Company proved to be the fastest. Of all competitions, the competition for the fittest male and female member of the Pumas attracted most of the attention, where LT Ivan\u010dica Kraja\u010di\u0107 excelled as the fittest member, winning a gold medal and a cup. The fittest Puma member this year was Staff SGT Krunoslav Bo\u0161njakovi\u0107.<\/p>\n<p>Along with families of the dead and missing Puma members, today&#8217;s ceremony was attended by representative of the Speaker of the Croatian Parliament MP Goran Kani\u0161ki, representative of the Prime Minister of the Republic of Croatia, Deputy Prime Minister of the Republic of Croatia and Minister of Croatian War Veterans Tomo Medved, envoy of the Deputy Prime Minister of the Republic of Croatia and Minister of Defence State Secretary Drago Matanovi\u0107, MP Sini\u0161a Jenka\u010d, envoy of the President of the Republic of Croatia and Commander-in-Chief of the CAF Marijan Marekovi\u0107, Commander of the Croatian Army MG Bla\u017e Beretin, Commander of the Guards Armoured-Mechanized Brigade Colonel \u017deljko Marinov, President of the Association of War Veterans of the Puma 7th Guards Brigade Robert Puja, representatives of the war veterans and persons with disability of the Homeland War and other civilian and military guests.<\/p>\n<div class=\"morh-galleria\"><a href=\"https:\/\/live.staticflickr.com\/65535\/54216820578_9394d3d95c_h.jpg\" title=\"Obilje\u017eena 32. obljetnica Puma u Vara\u017edinu\"><img decoding=\"async\" data-title=\"Obilje\u017eena 32. obljetnica Puma u Vara\u017edinu\" data-description=\"U vojarni 7. gardijske brigade Puma u Vara\u017edinu danas je obilje\u017eena 32. obljetnica 7. gardijske brigade Puma i Dan 2. oklopno-mehanizirane bojne Pume| Foto: OSRH\/ D. Varo\u0161anec\" alt=\"Obilje\u017eena 32. obljetnica Puma u Vara\u017edinu\" src=\"https:\/\/live.staticflickr.com\/65535\/54216820578_9394d3d95c_h.jpg\" data-layer=\"&lt;div class=&#039;morh-gallery-image-download&#039;&gt;&lt;a href=&#039;https:\/\/live.staticflickr.com\/65535\/54216820578_741a275030_o.jpg&#039; target=&#039;_blank&#039;&gt;Slika za preuzimanje&lt;\/a&gt;&lt;\/div&gt;\" \/><\/a><a href=\"https:\/\/live.staticflickr.com\/65535\/54216820518_05b3b927d3_h.jpg\" title=\"Obilje\u017eena 32. obljetnica Puma u Vara\u017edinu\"><img decoding=\"async\" data-title=\"Obilje\u017eena 32. obljetnica Puma u Vara\u017edinu\" data-description=\"U vojarni 7. gardijske brigade Puma u Vara\u017edinu danas je obilje\u017eena 32. obljetnica 7. gardijske brigade Puma i Dan 2. oklopno-mehanizirane bojne Pume| Foto: OSRH\/ D. Varo\u0161anec\" alt=\"Obilje\u017eena 32. obljetnica Puma u Vara\u017edinu\" src=\"https:\/\/live.staticflickr.com\/65535\/54216820518_05b3b927d3_h.jpg\" data-layer=\"&lt;div class=&#039;morh-gallery-image-download&#039;&gt;&lt;a href=&#039;https:\/\/live.staticflickr.com\/65535\/54216820518_7252b3f02c_o.jpg&#039; target=&#039;_blank&#039;&gt;Slika za preuzimanje&lt;\/a&gt;&lt;\/div&gt;\" \/><\/a><a href=\"https:\/\/live.staticflickr.com\/65535\/54216827354_9eb69ebc10_h.jpg\" title=\"Obilje\u017eena 32. obljetnica Puma u Vara\u017edinu\"><img decoding=\"async\" data-title=\"Obilje\u017eena 32. obljetnica Puma u Vara\u017edinu\" data-description=\"U vojarni 7. gardijske brigade Puma u Vara\u017edinu danas je obilje\u017eena 32. obljetnica 7. gardijske brigade Puma i Dan 2. oklopno-mehanizirane bojne Pume| Foto: OSRH\/ D. Varo\u0161anec\" alt=\"Obilje\u017eena 32. obljetnica Puma u Vara\u017edinu\" src=\"https:\/\/live.staticflickr.com\/65535\/54216827354_9eb69ebc10_h.jpg\" data-layer=\"&lt;div class=&#039;morh-gallery-image-download&#039;&gt;&lt;a href=&#039;https:\/\/live.staticflickr.com\/65535\/54216827354_aa8e746ebb_o.jpg&#039; target=&#039;_blank&#039;&gt;Slika za preuzimanje&lt;\/a&gt;&lt;\/div&gt;\" \/><\/a><a href=\"https:\/\/live.staticflickr.com\/65535\/54216597281_6079c6e140_h.jpg\" title=\"Obilje\u017eena 32. obljetnica Puma u Vara\u017edinu\"><img decoding=\"async\" data-title=\"Obilje\u017eena 32. obljetnica Puma u Vara\u017edinu\" data-description=\"U vojarni 7. gardijske brigade Puma u Vara\u017edinu danas je obilje\u017eena 32. obljetnica 7. gardijske brigade Puma i Dan 2. oklopno-mehanizirane bojne Pume| Foto: OSRH\/ D. Varo\u0161anec\" alt=\"Obilje\u017eena 32. obljetnica Puma u Vara\u017edinu\" src=\"https:\/\/live.staticflickr.com\/65535\/54216597281_6079c6e140_h.jpg\" data-layer=\"&lt;div class=&#039;morh-gallery-image-download&#039;&gt;&lt;a href=&#039;https:\/\/live.staticflickr.com\/65535\/54216597281_899e1b1cb3_o.jpg&#039; target=&#039;_blank&#039;&gt;Slika za preuzimanje&lt;\/a&gt;&lt;\/div&gt;\" \/><\/a><a href=\"https:\/\/live.staticflickr.com\/65535\/54216827589_6445035d8a_h.jpg\" title=\"Obilje\u017eena 32. obljetnica Puma u Vara\u017edinu\"><img decoding=\"async\" data-title=\"Obilje\u017eena 32. obljetnica Puma u Vara\u017edinu\" data-description=\"U vojarni 7. gardijske brigade Puma u Vara\u017edinu danas je obilje\u017eena 32. obljetnica 7. gardijske brigade Puma i Dan 2. oklopno-mehanizirane bojne Pume| Foto: OSRH\/ D. Varo\u0161anec\" alt=\"Obilje\u017eena 32. obljetnica Puma u Vara\u017edinu\" src=\"https:\/\/live.staticflickr.com\/65535\/54216827589_6445035d8a_h.jpg\" data-layer=\"&lt;div class=&#039;morh-gallery-image-download&#039;&gt;&lt;a href=&#039;https:\/\/live.staticflickr.com\/65535\/54216827589_f45c87c89c_o.jpg&#039; target=&#039;_blank&#039;&gt;Slika za preuzimanje&lt;\/a&gt;&lt;\/div&gt;\" \/><\/a><a href=\"https:\/\/live.staticflickr.com\/65535\/54216827554_ca800faa5d_h.jpg\" title=\"Obilje\u017eena 32. obljetnica Puma u Vara\u017edinu\"><img decoding=\"async\" data-title=\"Obilje\u017eena 32. obljetnica Puma u Vara\u017edinu\" data-description=\"U vojarni 7. gardijske brigade Puma u Vara\u017edinu danas je obilje\u017eena 32. obljetnica 7. gardijske brigade Puma i Dan 2. oklopno-mehanizirane bojne Pume| Foto: OSRH\/ D. Varo\u0161anec\" alt=\"Obilje\u017eena 32. obljetnica Puma u Vara\u017edinu\" src=\"https:\/\/live.staticflickr.com\/65535\/54216827554_ca800faa5d_h.jpg\" data-layer=\"&lt;div class=&#039;morh-gallery-image-download&#039;&gt;&lt;a href=&#039;https:\/\/live.staticflickr.com\/65535\/54216827554_09b8b064d8_o.jpg&#039; target=&#039;_blank&#039;&gt;Slika za preuzimanje&lt;\/a&gt;&lt;\/div&gt;\" \/><\/a><a href=\"https:\/\/live.staticflickr.com\/65535\/54215690487_a32e7481ad_h.jpg\" title=\"Obilje\u017eena 32. obljetnica Puma u Vara\u017edinu\"><img decoding=\"async\" data-title=\"Obilje\u017eena 32. obljetnica Puma u Vara\u017edinu\" data-description=\"U vojarni 7. gardijske brigade Puma u Vara\u017edinu danas je obilje\u017eena 32. obljetnica 7. gardijske brigade Puma i Dan 2. oklopno-mehanizirane bojne Pume| Foto: OSRH\/ D. Varo\u0161anec\" alt=\"Obilje\u017eena 32. obljetnica Puma u Vara\u017edinu\" src=\"https:\/\/live.staticflickr.com\/65535\/54215690487_a32e7481ad_h.jpg\" data-layer=\"&lt;div class=&#039;morh-gallery-image-download&#039;&gt;&lt;a href=&#039;https:\/\/live.staticflickr.com\/65535\/54215690487_5b2ff701d0_o.jpg&#039; target=&#039;_blank&#039;&gt;Slika za preuzimanje&lt;\/a&gt;&lt;\/div&gt;\" \/><\/a><a href=\"https:\/\/live.staticflickr.com\/65535\/54216597371_2d14cec67e_h.jpg\" title=\"Obilje\u017eena 32. obljetnica Puma u Vara\u017edinu\"><img decoding=\"async\" data-title=\"Obilje\u017eena 32. obljetnica Puma u Vara\u017edinu\" data-description=\"U vojarni 7. gardijske brigade Puma u Vara\u017edinu danas je obilje\u017eena 32. obljetnica 7. gardijske brigade Puma i Dan 2. oklopno-mehanizirane bojne Pume| Foto: OSRH\/ D. Varo\u0161anec\" alt=\"Obilje\u017eena 32. obljetnica Puma u Vara\u017edinu\" src=\"https:\/\/live.staticflickr.com\/65535\/54216597371_2d14cec67e_h.jpg\" data-layer=\"&lt;div class=&#039;morh-gallery-image-download&#039;&gt;&lt;a href=&#039;https:\/\/live.staticflickr.com\/65535\/54216597371_5172005227_o.jpg&#039; target=&#039;_blank&#039;&gt;Slika za preuzimanje&lt;\/a&gt;&lt;\/div&gt;\" \/><\/a><a href=\"https:\/\/live.staticflickr.com\/65535\/54216827674_613afe3d38_h.jpg\" title=\"Obilje\u017eena 32. obljetnica Puma u Vara\u017edinu\"><img decoding=\"async\" data-title=\"Obilje\u017eena 32. obljetnica Puma u Vara\u017edinu\" data-description=\"U vojarni 7. gardijske brigade Puma u Vara\u017edinu danas je obilje\u017eena 32. obljetnica 7. gardijske brigade Puma i Dan 2. oklopno-mehanizirane bojne Pume| Foto: OSRH\/ D. Varo\u0161anec\" alt=\"Obilje\u017eena 32. obljetnica Puma u Vara\u017edinu\" src=\"https:\/\/live.staticflickr.com\/65535\/54216827674_613afe3d38_h.jpg\" data-layer=\"&lt;div class=&#039;morh-gallery-image-download&#039;&gt;&lt;a href=&#039;https:\/\/live.staticflickr.com\/65535\/54216827674_9e20f60906_o.jpg&#039; target=&#039;_blank&#039;&gt;Slika za preuzimanje&lt;\/a&gt;&lt;\/div&gt;\" \/><\/a><a href=\"https:\/\/live.staticflickr.com\/65535\/54216993985_05e4ab2dbf_h.jpg\" title=\"Obilje\u017eena 32. obljetnica Puma u Vara\u017edinu\"><img decoding=\"async\" data-title=\"Obilje\u017eena 32. obljetnica Puma u Vara\u017edinu\" data-description=\"U vojarni 7. gardijske brigade Puma u Vara\u017edinu danas je obilje\u017eena 32. obljetnica 7. gardijske brigade Puma i Dan 2. oklopno-mehanizirane bojne Pume| Foto: OSRH\/ D. Varo\u0161anec\" alt=\"Obilje\u017eena 32. obljetnica Puma u Vara\u017edinu\" src=\"https:\/\/live.staticflickr.com\/65535\/54216993985_05e4ab2dbf_h.jpg\" data-layer=\"&lt;div class=&#039;morh-gallery-image-download&#039;&gt;&lt;a href=&#039;https:\/\/live.staticflickr.com\/65535\/54216993985_b5c9ecd082_o.jpg&#039; target=&#039;_blank&#039;&gt;Slika za preuzimanje&lt;\/a&gt;&lt;\/div&gt;\" \/><\/a><a href=\"https:\/\/live.staticflickr.com\/65535\/54216827529_eef0ae125b_h.jpg\" title=\"Obilje\u017eena 32. obljetnica Puma u Vara\u017edinu\"><img decoding=\"async\" data-title=\"Obilje\u017eena 32. obljetnica Puma u Vara\u017edinu\" data-description=\"U vojarni 7. gardijske brigade Puma u Vara\u017edinu danas je obilje\u017eena 32. obljetnica 7. gardijske brigade Puma i Dan 2. oklopno-mehanizirane bojne Pume| Foto: OSRH\/ D. Varo\u0161anec\" alt=\"Obilje\u017eena 32. obljetnica Puma u Vara\u017edinu\" src=\"https:\/\/live.staticflickr.com\/65535\/54216827529_eef0ae125b_h.jpg\" data-layer=\"&lt;div class=&#039;morh-gallery-image-download&#039;&gt;&lt;a href=&#039;https:\/\/live.staticflickr.com\/65535\/54216827529_bb8e3fc4a0_o.jpg&#039; target=&#039;_blank&#039;&gt;Slika za preuzimanje&lt;\/a&gt;&lt;\/div&gt;\" \/><\/a><a href=\"https:\/\/live.staticflickr.com\/65535\/54216820333_74ffeba9e8_h.jpg\" title=\"Obilje\u017eena 32. obljetnica Puma u Vara\u017edinu\"><img decoding=\"async\" data-title=\"Obilje\u017eena 32. obljetnica Puma u Vara\u017edinu\" data-description=\"U vojarni 7. gardijske brigade Puma u Vara\u017edinu danas je obilje\u017eena 32. obljetnica 7. gardijske brigade Puma i Dan 2. oklopno-mehanizirane bojne Pume| Foto: OSRH\/ D. Varo\u0161anec\" alt=\"Obilje\u017eena 32. obljetnica Puma u Vara\u017edinu\" src=\"https:\/\/live.staticflickr.com\/65535\/54216820333_74ffeba9e8_h.jpg\" data-layer=\"&lt;div class=&#039;morh-gallery-image-download&#039;&gt;&lt;a href=&#039;https:\/\/live.staticflickr.com\/65535\/54216820333_1bb56c8260_o.jpg&#039; target=&#039;_blank&#039;&gt;Slika za preuzimanje&lt;\/a&gt;&lt;\/div&gt;\" \/><\/a><a href=\"https:\/\/live.staticflickr.com\/65535\/54216820358_b18a83797f_h.jpg\" title=\"Obilje\u017eena 32. obljetnica Puma u Vara\u017edinu\"><img decoding=\"async\" data-title=\"Obilje\u017eena 32. obljetnica Puma u Vara\u017edinu\" data-description=\"U vojarni 7. gardijske brigade Puma u Vara\u017edinu danas je obilje\u017eena 32. obljetnica 7. gardijske brigade Puma i Dan 2. oklopno-mehanizirane bojne Pume| Foto: OSRH\/ D. Varo\u0161anec\" alt=\"Obilje\u017eena 32. obljetnica Puma u Vara\u017edinu\" src=\"https:\/\/live.staticflickr.com\/65535\/54216820358_b18a83797f_h.jpg\" data-layer=\"&lt;div class=&#039;morh-gallery-image-download&#039;&gt;&lt;a href=&#039;https:\/\/live.staticflickr.com\/65535\/54216820358_d383a62609_o.jpg&#039; target=&#039;_blank&#039;&gt;Slika za preuzimanje&lt;\/a&gt;&lt;\/div&gt;\" \/><\/a><a href=\"https:\/\/live.staticflickr.com\/65535\/54216820263_88d7c8ddb6_h.jpg\" title=\"Obilje\u017eena 32. obljetnica Puma u Vara\u017edinu\"><img decoding=\"async\" data-title=\"Obilje\u017eena 32. obljetnica Puma u Vara\u017edinu\" data-description=\"U vojarni 7. gardijske brigade Puma u Vara\u017edinu danas je obilje\u017eena 32. obljetnica 7. gardijske brigade Puma i Dan 2. oklopno-mehanizirane bojne Pume| Foto: OSRH\/ D. Varo\u0161anec\" alt=\"Obilje\u017eena 32. obljetnica Puma u Vara\u017edinu\" src=\"https:\/\/live.staticflickr.com\/65535\/54216820263_88d7c8ddb6_h.jpg\" data-layer=\"&lt;div class=&#039;morh-gallery-image-download&#039;&gt;&lt;a href=&#039;https:\/\/live.staticflickr.com\/65535\/54216820263_3510e376a8_o.jpg&#039; target=&#039;_blank&#039;&gt;Slika za preuzimanje&lt;\/a&gt;&lt;\/div&gt;\" \/><\/a><a href=\"https:\/\/live.staticflickr.com\/65535\/54216827449_749c2c07e9_h.jpg\" title=\"Obilje\u017eena 32. obljetnica Puma u Vara\u017edinu\"><img decoding=\"async\" data-title=\"Obilje\u017eena 32. obljetnica Puma u Vara\u017edinu\" data-description=\"U vojarni 7. gardijske brigade Puma u Vara\u017edinu danas je obilje\u017eena 32. obljetnica 7. gardijske brigade Puma i Dan 2. oklopno-mehanizirane bojne Pume| Foto: OSRH\/ D. Varo\u0161anec\" alt=\"Obilje\u017eena 32. obljetnica Puma u Vara\u017edinu\" src=\"https:\/\/live.staticflickr.com\/65535\/54216827449_749c2c07e9_h.jpg\" data-layer=\"&lt;div class=&#039;morh-gallery-image-download&#039;&gt;&lt;a href=&#039;https:\/\/live.staticflickr.com\/65535\/54216827449_37baeaca92_o.jpg&#039; target=&#039;_blank&#039;&gt;Slika za preuzimanje&lt;\/a&gt;&lt;\/div&gt;\" \/><\/a><a href=\"https:\/\/live.staticflickr.com\/65535\/54216820253_c898f0c695_h.jpg\" title=\"Obilje\u017eena 32. obljetnica Puma u Vara\u017edinu\"><img decoding=\"async\" data-title=\"Obilje\u017eena 32. obljetnica Puma u Vara\u017edinu\" data-description=\"U vojarni 7. gardijske brigade Puma u Vara\u017edinu danas je obilje\u017eena 32. obljetnica 7. gardijske brigade Puma i Dan 2. oklopno-mehanizirane bojne Pume| Foto: OSRH\/ D. Varo\u0161anec\" alt=\"Obilje\u017eena 32. obljetnica Puma u Vara\u017edinu\" src=\"https:\/\/live.staticflickr.com\/65535\/54216820253_c898f0c695_h.jpg\" data-layer=\"&lt;div class=&#039;morh-gallery-image-download&#039;&gt;&lt;a href=&#039;https:\/\/live.staticflickr.com\/65535\/54216820253_5cd6f0a93f_o.jpg&#039; target=&#039;_blank&#039;&gt;Slika za preuzimanje&lt;\/a&gt;&lt;\/div&gt;\" \/><\/a><a href=\"https:\/\/live.staticflickr.com\/65535\/54216597176_9fe6b671d5_h.jpg\" title=\"Obilje\u017eena 32. obljetnica Puma u Vara\u017edinu\"><img decoding=\"async\" data-title=\"Obilje\u017eena 32. obljetnica Puma u Vara\u017edinu\" data-description=\"U vojarni 7. gardijske brigade Puma u Vara\u017edinu danas je obilje\u017eena 32. obljetnica 7. gardijske brigade Puma i Dan 2. oklopno-mehanizirane bojne Pume| Foto: OSRH\/ D. Varo\u0161anec\" alt=\"Obilje\u017eena 32. obljetnica Puma u Vara\u017edinu\" src=\"https:\/\/live.staticflickr.com\/65535\/54216597176_9fe6b671d5_h.jpg\" data-layer=\"&lt;div class=&#039;morh-gallery-image-download&#039;&gt;&lt;a href=&#039;https:\/\/live.staticflickr.com\/65535\/54216597176_62c944c678_o.jpg&#039; target=&#039;_blank&#039;&gt;Slika za preuzimanje&lt;\/a&gt;&lt;\/div&gt;\" \/><\/a><a href=\"https:\/\/live.staticflickr.com\/65535\/54215690147_a09e029454_h.jpg\" title=\"Obilje\u017eena 32. obljetnica Puma u Vara\u017edinu\"><img decoding=\"async\" data-title=\"Obilje\u017eena 32. obljetnica Puma u Vara\u017edinu\" data-description=\"U vojarni 7. gardijske brigade Puma u Vara\u017edinu danas je obilje\u017eena 32. obljetnica 7. gardijske brigade Puma i Dan 2. oklopno-mehanizirane bojne Pume| Foto: OSRH\/ D. Varo\u0161anec\" alt=\"Obilje\u017eena 32. obljetnica Puma u Vara\u017edinu\" src=\"https:\/\/live.staticflickr.com\/65535\/54215690147_a09e029454_h.jpg\" data-layer=\"&lt;div class=&#039;morh-gallery-image-download&#039;&gt;&lt;a href=&#039;https:\/\/live.staticflickr.com\/65535\/54215690147_73d2ce5812_o.jpg&#039; target=&#039;_blank&#039;&gt;Slika za preuzimanje&lt;\/a&gt;&lt;\/div&gt;\" \/><\/a><a href=\"https:\/\/live.staticflickr.com\/65535\/54216827634_3061814d1d_h.jpg\" title=\"Obilje\u017eena 32. obljetnica Puma u Vara\u017edinu\"><img decoding=\"async\" data-title=\"Obilje\u017eena 32. obljetnica Puma u Vara\u017edinu\" data-description=\"U vojarni 7. gardijske brigade Puma u Vara\u017edinu danas je obilje\u017eena 32. obljetnica 7. gardijske brigade Puma i Dan 2. oklopno-mehanizirane bojne Pume| Foto: OSRH\/ D. Varo\u0161anec\" alt=\"Obilje\u017eena 32. obljetnica Puma u Vara\u017edinu\" src=\"https:\/\/live.staticflickr.com\/65535\/54216827634_3061814d1d_h.jpg\" data-layer=\"&lt;div class=&#039;morh-gallery-image-download&#039;&gt;&lt;a href=&#039;https:\/\/live.staticflickr.com\/65535\/54216827634_4fe828be93_o.jpg&#039; target=&#039;_blank&#039;&gt;Slika za preuzimanje&lt;\/a&gt;&lt;\/div&gt;\" \/><\/a><a href=\"https:\/\/live.staticflickr.com\/65535\/54216827339_56feba8353_h.jpg\" title=\"Obilje\u017eena 32. obljetnica Puma u Vara\u017edinu\"><img decoding=\"async\" data-title=\"Obilje\u017eena 32. obljetnica Puma u Vara\u017edinu\" data-description=\"U vojarni 7. gardijske brigade Puma u Vara\u017edinu danas je obilje\u017eena 32. obljetnica 7. gardijske brigade Puma i Dan 2. oklopno-mehanizirane bojne Pume| Foto: OSRH\/ D. Varo\u0161anec\" alt=\"Obilje\u017eena 32. obljetnica Puma u Vara\u017edinu\" src=\"https:\/\/live.staticflickr.com\/65535\/54216827339_56feba8353_h.jpg\" data-layer=\"&lt;div class=&#039;morh-gallery-image-download&#039;&gt;&lt;a href=&#039;https:\/\/live.staticflickr.com\/65535\/54216827339_6b7c259432_o.jpg&#039; target=&#039;_blank&#039;&gt;Slika za preuzimanje&lt;\/a&gt;&lt;\/div&gt;\" \/><\/a><a href=\"https:\/\/live.staticflickr.com\/65535\/54216827319_ba7ccbb4aa_h.jpg\" title=\"Obilje\u017eena 32. obljetnica Puma u Vara\u017edinu\"><img decoding=\"async\" data-title=\"Obilje\u017eena 32. obljetnica Puma u Vara\u017edinu\" data-description=\"U vojarni 7. gardijske brigade Puma u Vara\u017edinu danas je obilje\u017eena 32. obljetnica 7. gardijske brigade Puma i Dan 2. oklopno-mehanizirane bojne Pume| Foto: OSRH\/ D. Varo\u0161anec\" alt=\"Obilje\u017eena 32. obljetnica Puma u Vara\u017edinu\" src=\"https:\/\/live.staticflickr.com\/65535\/54216827319_ba7ccbb4aa_h.jpg\" data-layer=\"&lt;div class=&#039;morh-gallery-image-download&#039;&gt;&lt;a href=&#039;https:\/\/live.staticflickr.com\/65535\/54216827319_b9f8d2f6be_o.jpg&#039; target=&#039;_blank&#039;&gt;Slika za preuzimanje&lt;\/a&gt;&lt;\/div&gt;\" \/><\/a><a href=\"https:\/\/live.staticflickr.com\/65535\/54216993655_924f5936f2_h.jpg\" title=\"Obilje\u017eena 32. obljetnica Puma u Vara\u017edinu\"><img decoding=\"async\" data-title=\"Obilje\u017eena 32. obljetnica Puma u Vara\u017edinu\" data-description=\"U vojarni 7. gardijske brigade Puma u Vara\u017edinu danas je obilje\u017eena 32. obljetnica 7. gardijske brigade Puma i Dan 2. oklopno-mehanizirane bojne Pume| Foto: OSRH\/ D. Varo\u0161anec\" alt=\"Obilje\u017eena 32. obljetnica Puma u Vara\u017edinu\" src=\"https:\/\/live.staticflickr.com\/65535\/54216993655_924f5936f2_h.jpg\" data-layer=\"&lt;div class=&#039;morh-gallery-image-download&#039;&gt;&lt;a href=&#039;https:\/\/live.staticflickr.com\/65535\/54216993655_d9a70765d7_o.jpg&#039; target=&#039;_blank&#039;&gt;Slika za preuzimanje&lt;\/a&gt;&lt;\/div&gt;\" \/><\/a><a href=\"https:\/\/live.staticflickr.com\/65535\/54216820438_3a528ab193_h.jpg\" title=\"Obilje\u017eena 32. obljetnica Puma u Vara\u017edinu\"><img decoding=\"async\" data-title=\"Obilje\u017eena 32. obljetnica Puma u Vara\u017edinu\" data-description=\"U vojarni 7. gardijske brigade Puma u Vara\u017edinu danas je obilje\u017eena 32. obljetnica 7. gardijske brigade Puma i Dan 2. oklopno-mehanizirane bojne Pume| Foto: OSRH\/ D. Varo\u0161anec\" alt=\"Obilje\u017eena 32. obljetnica Puma u Vara\u017edinu\" src=\"https:\/\/live.staticflickr.com\/65535\/54216820438_3a528ab193_h.jpg\" data-layer=\"&lt;div class=&#039;morh-gallery-image-download&#039;&gt;&lt;a href=&#039;https:\/\/live.staticflickr.com\/65535\/54216820438_9b9ef1379f_o.jpg&#039; target=&#039;_blank&#039;&gt;Slika za preuzimanje&lt;\/a&gt;&lt;\/div&gt;\" \/><\/a><a href=\"https:\/\/live.staticflickr.com\/65535\/54216993950_0282ae1225_h.jpg\" title=\"Obilje\u017eena 32. obljetnica Puma u Vara\u017edinu\"><img decoding=\"async\" data-title=\"Obilje\u017eena 32. obljetnica Puma u Vara\u017edinu\" data-description=\"U vojarni 7. gardijske brigade Puma u Vara\u017edinu danas je obilje\u017eena 32. obljetnica 7. gardijske brigade Puma i Dan 2. oklopno-mehanizirane bojne Pume| Foto: OSRH\/ D. Varo\u0161anec\" alt=\"Obilje\u017eena 32. obljetnica Puma u Vara\u017edinu\" src=\"https:\/\/live.staticflickr.com\/65535\/54216993950_0282ae1225_h.jpg\" data-layer=\"&lt;div class=&#039;morh-gallery-image-download&#039;&gt;&lt;a href=&#039;https:\/\/live.staticflickr.com\/65535\/54216993950_3af62b0226_o.jpg&#039; target=&#039;_blank&#039;&gt;Slika za preuzimanje&lt;\/a&gt;&lt;\/div&gt;\" \/><\/a><a href=\"https:\/\/live.staticflickr.com\/65535\/54216993930_9f33934597_h.jpg\" title=\"Obilje\u017eena 32. obljetnica Puma u Vara\u017edinu\"><img decoding=\"async\" data-title=\"Obilje\u017eena 32. obljetnica Puma u Vara\u017edinu\" data-description=\"U vojarni 7. gardijske brigade Puma u Vara\u017edinu danas je obilje\u017eena 32. obljetnica 7. gardijske brigade Puma i Dan 2. oklopno-mehanizirane bojne Pume| Foto: OSRH\/ D. Varo\u0161anec\" alt=\"Obilje\u017eena 32. obljetnica Puma u Vara\u017edinu\" src=\"https:\/\/live.staticflickr.com\/65535\/54216993930_9f33934597_h.jpg\" data-layer=\"&lt;div class=&#039;morh-gallery-image-download&#039;&gt;&lt;a href=&#039;https:\/\/live.staticflickr.com\/65535\/54216993930_025f6ec70c_o.jpg&#039; target=&#039;_blank&#039;&gt;Slika za preuzimanje&lt;\/a&gt;&lt;\/div&gt;\" \/><\/a><a href=\"https:\/\/live.staticflickr.com\/65535\/54216820163_d41df26cda_h.jpg\" title=\"Obilje\u017eena 32. obljetnica Puma u Vara\u017edinu\"><img decoding=\"async\" data-title=\"Obilje\u017eena 32. obljetnica Puma u Vara\u017edinu\" data-description=\"U vojarni 7. gardijske brigade Puma u Vara\u017edinu danas je obilje\u017eena 32. obljetnica 7. gardijske brigade Puma i Dan 2. oklopno-mehanizirane bojne Pume| Foto: OSRH\/ D. Varo\u0161anec\" alt=\"Obilje\u017eena 32. obljetnica Puma u Vara\u017edinu\" src=\"https:\/\/live.staticflickr.com\/65535\/54216820163_d41df26cda_h.jpg\" data-layer=\"&lt;div class=&#039;morh-gallery-image-download&#039;&gt;&lt;a href=&#039;https:\/\/live.staticflickr.com\/65535\/54216820163_8c0f197803_o.jpg&#039; target=&#039;_blank&#039;&gt;Slika za preuzimanje&lt;\/a&gt;&lt;\/div&gt;\" \/><\/a><\/div><!--\/.morh-galleria -->\n","protected":false},"excerpt":{"rendered":"<p>Today in Vara\u017edin, the 32nd anniversary of the Puma 7th Guards Brigade and the Day of the Puma 2nd Armoured-Mechanized Battalion were celebrated in the barracks of the &#8220;Puma 7th Guards Brigade\u201d<\/p>\n","protected":false},"author":4699,"featured_media":248777,"comment_status":"closed","ping_status":"closed","sticky":false,"template":"","format":"standard","meta":{"_acf_changed":false,"_monsterinsights_skip_tracking":false,"_monsterinsights_sitenote_active":false,"_monsterinsights_sitenote_note":"","_monsterinsights_sitenote_category":0,"footnotes":""},"categories":[117],"tags":[],"class_list":["post-248775","post","type-post","status-publish","format-standard","has-post-thumbnail","hentry","category-press-releases"],"acf":[],"yoast_head":"<!-- This site is optimized with the Yoast SEO plugin v26.9 - https:\/\/yoast.com\/product\/yoast-seo-wordpress\/ -->\n<title>Celebration of the 32nd anniversary of Pumas in Vara\u017edin - MORH<\/title>\n<meta name=\"description\" content=\"Today in Vara\u017edin, the 32nd anniversary of the Puma 7th Guards Brigade and the Day of the Puma 2nd Armoured-Mechanized Battalion were celebrated in the barracks of the &quot;Puma 7th Guards Brigade\u201d\" \/>\n<meta name=\"robots\" content=\"index, follow, max-snippet:-1, max-image-preview:large, max-video-preview:-1\" \/>\n<link rel=\"canonical\" href=\"https:\/\/www.morh.hr\/en\/celebration-of-the-32nd-anniversary-of-pumas-in-varazdin\/\" \/>\n<meta property=\"og:locale\" content=\"en_US\" \/>\n<meta property=\"og:type\" content=\"article\" \/>\n<meta property=\"og:title\" content=\"Celebration of the 32nd anniversary of Pumas in Vara\u017edin - MORH\" \/>\n<meta property=\"og:description\" content=\"Today in Vara\u017edin, the 32nd anniversary of the Puma 7th Guards Brigade and the Day of the Puma 2nd Armoured-Mechanized Battalion were celebrated in the barracks of the &quot;Puma 7th Guards Brigade\u201d\" \/>\n<meta property=\"og:url\" content=\"https:\/\/www.morh.hr\/en\/celebration-of-the-32nd-anniversary-of-pumas-in-varazdin\/\" \/>\n<meta property=\"og:site_name\" content=\"MORH\" \/>\n<meta property=\"article:publisher\" content=\"https:\/\/www.facebook.com\/sportasiuhrvatskojvojsci\/\" \/>\n<meta property=\"article:published_time\" content=\"2024-12-20T08:53:25+00:00\" \/>\n<meta property=\"article:modified_time\" content=\"2025-01-17T08:56:35+00:00\" \/>\n<meta property=\"og:image\" content=\"https:\/\/www.morh.hr\/wp-content\/uploads\/2025\/01\/2024-12-20-obljetnica-puma.jpg\" \/>\n\t<meta property=\"og:image:width\" content=\"2400\" \/>\n\t<meta property=\"og:image:height\" content=\"1600\" \/>\n\t<meta property=\"og:image:type\" content=\"image\/jpeg\" \/>\n<meta name=\"author\" content=\"Mladen\" \/>\n<meta name=\"twitter:card\" content=\"summary_large_image\" \/>\n<meta name=\"twitter:creator\" content=\"@morh_osrh\" \/>\n<meta name=\"twitter:site\" content=\"@morh_osrh\" \/>\n<meta name=\"twitter:label1\" content=\"Written by\" \/>\n\t<meta name=\"twitter:data1\" content=\"Mladen\" \/>\n\t<meta name=\"twitter:label2\" content=\"Est. reading time\" \/>\n\t<meta name=\"twitter:data2\" content=\"4 minutes\" \/>\n<script type=\"application\/ld+json\" class=\"yoast-schema-graph\">{\"@context\":\"https:\/\/schema.org\",\"@graph\":[{\"@type\":\"Article\",\"@id\":\"https:\/\/www.morh.hr\/en\/celebration-of-the-32nd-anniversary-of-pumas-in-varazdin\/#article\",\"isPartOf\":{\"@id\":\"https:\/\/www.morh.hr\/en\/celebration-of-the-32nd-anniversary-of-pumas-in-varazdin\/\"},\"author\":{\"name\":\"Mladen\",\"@id\":\"https:\/\/www.morh.hr\/en\/#\/schema\/person\/ec8e2528a579067d8bda0ae2124ac768\"},\"headline\":\"Celebration of the 32nd anniversary of Pumas in Vara\u017edin\",\"datePublished\":\"2024-12-20T08:53:25+00:00\",\"dateModified\":\"2025-01-17T08:56:35+00:00\",\"mainEntityOfPage\":{\"@id\":\"https:\/\/www.morh.hr\/en\/celebration-of-the-32nd-anniversary-of-pumas-in-varazdin\/\"},\"wordCount\":591,\"image\":{\"@id\":\"https:\/\/www.morh.hr\/en\/celebration-of-the-32nd-anniversary-of-pumas-in-varazdin\/#primaryimage\"},\"thumbnailUrl\":\"https:\/\/www.morh.hr\/wp-content\/uploads\/2025\/01\/2024-12-20-obljetnica-puma.jpg\",\"articleSection\":[\"Press releases\"],\"inLanguage\":\"en-US\"},{\"@type\":\"WebPage\",\"@id\":\"https:\/\/www.morh.hr\/en\/celebration-of-the-32nd-anniversary-of-pumas-in-varazdin\/\",\"url\":\"https:\/\/www.morh.hr\/en\/celebration-of-the-32nd-anniversary-of-pumas-in-varazdin\/\",\"name\":\"Celebration of the 32nd anniversary of Pumas in Vara\u017edin - MORH\",\"isPartOf\":{\"@id\":\"https:\/\/www.morh.hr\/en\/#website\"},\"primaryImageOfPage\":{\"@id\":\"https:\/\/www.morh.hr\/en\/celebration-of-the-32nd-anniversary-of-pumas-in-varazdin\/#primaryimage\"},\"image\":{\"@id\":\"https:\/\/www.morh.hr\/en\/celebration-of-the-32nd-anniversary-of-pumas-in-varazdin\/#primaryimage\"},\"thumbnailUrl\":\"https:\/\/www.morh.hr\/wp-content\/uploads\/2025\/01\/2024-12-20-obljetnica-puma.jpg\",\"datePublished\":\"2024-12-20T08:53:25+00:00\",\"dateModified\":\"2025-01-17T08:56:35+00:00\",\"author\":{\"@id\":\"https:\/\/www.morh.hr\/en\/#\/schema\/person\/ec8e2528a579067d8bda0ae2124ac768\"},\"description\":\"Today in Vara\u017edin, the 32nd anniversary of the Puma 7th Guards Brigade and the Day of the Puma 2nd Armoured-Mechanized Battalion were celebrated in the barracks of the \\\"Puma 7th Guards Brigade\u201d\",\"breadcrumb\":{\"@id\":\"https:\/\/www.morh.hr\/en\/celebration-of-the-32nd-anniversary-of-pumas-in-varazdin\/#breadcrumb\"},\"inLanguage\":\"en-US\",\"potentialAction\":[{\"@type\":\"ReadAction\",\"target\":[\"https:\/\/www.morh.hr\/en\/celebration-of-the-32nd-anniversary-of-pumas-in-varazdin\/\"]}]},{\"@type\":\"ImageObject\",\"inLanguage\":\"en-US\",\"@id\":\"https:\/\/www.morh.hr\/en\/celebration-of-the-32nd-anniversary-of-pumas-in-varazdin\/#primaryimage\",\"url\":\"https:\/\/www.morh.hr\/wp-content\/uploads\/2025\/01\/2024-12-20-obljetnica-puma.jpg\",\"contentUrl\":\"https:\/\/www.morh.hr\/wp-content\/uploads\/2025\/01\/2024-12-20-obljetnica-puma.jpg\",\"width\":2400,\"height\":1600,\"caption\":\"Celebration of the 32nd anniversary of Pumas in Vara\u017edin | Foto: OSRH\/ D. Varo\u0161anec\"},{\"@type\":\"BreadcrumbList\",\"@id\":\"https:\/\/www.morh.hr\/en\/celebration-of-the-32nd-anniversary-of-pumas-in-varazdin\/#breadcrumb\",\"itemListElement\":[{\"@type\":\"ListItem\",\"position\":1,\"name\":\"Naslovnica\",\"item\":\"https:\/\/www.morh.hr\/en\/\"},{\"@type\":\"ListItem\",\"position\":2,\"name\":\"News\",\"item\":\"https:\/\/www.morh.hr\/en\/kategorija\/news\/\"},{\"@type\":\"ListItem\",\"position\":3,\"name\":\"Press releases\",\"item\":\"https:\/\/www.morh.hr\/en\/kategorija\/news\/press-releases\/\"},{\"@type\":\"ListItem\",\"position\":4,\"name\":\"Celebration of the 32nd anniversary of Pumas in Vara\u017edin\"}]},{\"@type\":\"WebSite\",\"@id\":\"https:\/\/www.morh.hr\/en\/#website\",\"url\":\"https:\/\/www.morh.hr\/en\/\",\"name\":\"MORH\",\"description\":\"Ministarstvo obrane Republike Hrvatske - slu\u017ebene stranice\",\"potentialAction\":[{\"@type\":\"SearchAction\",\"target\":{\"@type\":\"EntryPoint\",\"urlTemplate\":\"https:\/\/www.morh.hr\/en\/?s={search_term_string}\"},\"query-input\":{\"@type\":\"PropertyValueSpecification\",\"valueRequired\":true,\"valueName\":\"search_term_string\"}}],\"inLanguage\":\"en-US\"},{\"@type\":\"Person\",\"@id\":\"https:\/\/www.morh.hr\/en\/#\/schema\/person\/ec8e2528a579067d8bda0ae2124ac768\",\"name\":\"Mladen\",\"image\":{\"@type\":\"ImageObject\",\"inLanguage\":\"en-US\",\"@id\":\"https:\/\/www.morh.hr\/en\/#\/schema\/person\/image\/\",\"url\":\"https:\/\/secure.gravatar.com\/avatar\/3d5ea7ca0d0a523cf2ec98548db52f920a5f6bbfd2c1aa63d237c2f445528cf7?s=96&d=mm&r=g\",\"contentUrl\":\"https:\/\/secure.gravatar.com\/avatar\/3d5ea7ca0d0a523cf2ec98548db52f920a5f6bbfd2c1aa63d237c2f445528cf7?s=96&d=mm&r=g\",\"caption\":\"Mladen\"}}]}<\/script>\n<!-- \/ Yoast SEO plugin. -->","yoast_head_json":{"title":"Celebration of the 32nd anniversary of Pumas in Vara\u017edin - MORH","description":"Today in Vara\u017edin, the 32nd anniversary of the Puma 7th Guards Brigade and the Day of the Puma 2nd Armoured-Mechanized Battalion were celebrated in the barracks of the \"Puma 7th Guards Brigade\u201d","robots":{"index":"index","follow":"follow","max-snippet":"max-snippet:-1","max-image-preview":"max-image-preview:large","max-video-preview":"max-video-preview:-1"},"canonical":"https:\/\/www.morh.hr\/en\/celebration-of-the-32nd-anniversary-of-pumas-in-varazdin\/","og_locale":"en_US","og_type":"article","og_title":"Celebration of the 32nd anniversary of Pumas in Vara\u017edin - MORH","og_description":"Today in Vara\u017edin, the 32nd anniversary of the Puma 7th Guards Brigade and the Day of the Puma 2nd Armoured-Mechanized Battalion were celebrated in the barracks of the \"Puma 7th Guards Brigade\u201d","og_url":"https:\/\/www.morh.hr\/en\/celebration-of-the-32nd-anniversary-of-pumas-in-varazdin\/","og_site_name":"MORH","article_publisher":"https:\/\/www.facebook.com\/sportasiuhrvatskojvojsci\/","article_published_time":"2024-12-20T08:53:25+00:00","article_modified_time":"2025-01-17T08:56:35+00:00","og_image":[{"width":2400,"height":1600,"url":"https:\/\/www.morh.hr\/wp-content\/uploads\/2025\/01\/2024-12-20-obljetnica-puma.jpg","type":"image\/jpeg"}],"author":"Mladen","twitter_card":"summary_large_image","twitter_creator":"@morh_osrh","twitter_site":"@morh_osrh","twitter_misc":{"Written by":"Mladen","Est. reading time":"4 minutes"},"schema":{"@context":"https:\/\/schema.org","@graph":[{"@type":"Article","@id":"https:\/\/www.morh.hr\/en\/celebration-of-the-32nd-anniversary-of-pumas-in-varazdin\/#article","isPartOf":{"@id":"https:\/\/www.morh.hr\/en\/celebration-of-the-32nd-anniversary-of-pumas-in-varazdin\/"},"author":{"name":"Mladen","@id":"https:\/\/www.morh.hr\/en\/#\/schema\/person\/ec8e2528a579067d8bda0ae2124ac768"},"headline":"Celebration of the 32nd anniversary of Pumas in Vara\u017edin","datePublished":"2024-12-20T08:53:25+00:00","dateModified":"2025-01-17T08:56:35+00:00","mainEntityOfPage":{"@id":"https:\/\/www.morh.hr\/en\/celebration-of-the-32nd-anniversary-of-pumas-in-varazdin\/"},"wordCount":591,"image":{"@id":"https:\/\/www.morh.hr\/en\/celebration-of-the-32nd-anniversary-of-pumas-in-varazdin\/#primaryimage"},"thumbnailUrl":"https:\/\/www.morh.hr\/wp-content\/uploads\/2025\/01\/2024-12-20-obljetnica-puma.jpg","articleSection":["Press releases"],"inLanguage":"en-US"},{"@type":"WebPage","@id":"https:\/\/www.morh.hr\/en\/celebration-of-the-32nd-anniversary-of-pumas-in-varazdin\/","url":"https:\/\/www.morh.hr\/en\/celebration-of-the-32nd-anniversary-of-pumas-in-varazdin\/","name":"Celebration of the 32nd anniversary of Pumas in Vara\u017edin - MORH","isPartOf":{"@id":"https:\/\/www.morh.hr\/en\/#website"},"primaryImageOfPage":{"@id":"https:\/\/www.morh.hr\/en\/celebration-of-the-32nd-anniversary-of-pumas-in-varazdin\/#primaryimage"},"image":{"@id":"https:\/\/www.morh.hr\/en\/celebration-of-the-32nd-anniversary-of-pumas-in-varazdin\/#primaryimage"},"thumbnailUrl":"https:\/\/www.morh.hr\/wp-content\/uploads\/2025\/01\/2024-12-20-obljetnica-puma.jpg","datePublished":"2024-12-20T08:53:25+00:00","dateModified":"2025-01-17T08:56:35+00:00","author":{"@id":"https:\/\/www.morh.hr\/en\/#\/schema\/person\/ec8e2528a579067d8bda0ae2124ac768"},"description":"Today in Vara\u017edin, the 32nd anniversary of the Puma 7th Guards Brigade and the Day of the Puma 2nd Armoured-Mechanized Battalion were celebrated in the barracks of the \"Puma 7th Guards Brigade\u201d","breadcrumb":{"@id":"https:\/\/www.morh.hr\/en\/celebration-of-the-32nd-anniversary-of-pumas-in-varazdin\/#breadcrumb"},"inLanguage":"en-US","potentialAction":[{"@type":"ReadAction","target":["https:\/\/www.morh.hr\/en\/celebration-of-the-32nd-anniversary-of-pumas-in-varazdin\/"]}]},{"@type":"ImageObject","inLanguage":"en-US","@id":"https:\/\/www.morh.hr\/en\/celebration-of-the-32nd-anniversary-of-pumas-in-varazdin\/#primaryimage","url":"https:\/\/www.morh.hr\/wp-content\/uploads\/2025\/01\/2024-12-20-obljetnica-puma.jpg","contentUrl":"https:\/\/www.morh.hr\/wp-content\/uploads\/2025\/01\/2024-12-20-obljetnica-puma.jpg","width":2400,"height":1600,"caption":"Celebration of the 32nd anniversary of Pumas in Vara\u017edin | Foto: OSRH\/ D. Varo\u0161anec"},{"@type":"BreadcrumbList","@id":"https:\/\/www.morh.hr\/en\/celebration-of-the-32nd-anniversary-of-pumas-in-varazdin\/#breadcrumb","itemListElement":[{"@type":"ListItem","position":1,"name":"Naslovnica","item":"https:\/\/www.morh.hr\/en\/"},{"@type":"ListItem","position":2,"name":"News","item":"https:\/\/www.morh.hr\/en\/kategorija\/news\/"},{"@type":"ListItem","position":3,"name":"Press releases","item":"https:\/\/www.morh.hr\/en\/kategorija\/news\/press-releases\/"},{"@type":"ListItem","position":4,"name":"Celebration of the 32nd anniversary of Pumas in Vara\u017edin"}]},{"@type":"WebSite","@id":"https:\/\/www.morh.hr\/en\/#website","url":"https:\/\/www.morh.hr\/en\/","name":"MORH","description":"Ministarstvo obrane Republike Hrvatske - slu\u017ebene stranice","potentialAction":[{"@type":"SearchAction","target":{"@type":"EntryPoint","urlTemplate":"https:\/\/www.morh.hr\/en\/?s={search_term_string}"},"query-input":{"@type":"PropertyValueSpecification","valueRequired":true,"valueName":"search_term_string"}}],"inLanguage":"en-US"},{"@type":"Person","@id":"https:\/\/www.morh.hr\/en\/#\/schema\/person\/ec8e2528a579067d8bda0ae2124ac768","name":"Mladen","image":{"@type":"ImageObject","inLanguage":"en-US","@id":"https:\/\/www.morh.hr\/en\/#\/schema\/person\/image\/","url":"https:\/\/secure.gravatar.com\/avatar\/3d5ea7ca0d0a523cf2ec98548db52f920a5f6bbfd2c1aa63d237c2f445528cf7?s=96&d=mm&r=g","contentUrl":"https:\/\/secure.gravatar.com\/avatar\/3d5ea7ca0d0a523cf2ec98548db52f920a5f6bbfd2c1aa63d237c2f445528cf7?s=96&d=mm&r=g","caption":"Mladen"}}]}},"_links":{"self":[{"href":"https:\/\/www.morh.hr\/en\/wp-json\/wp\/v2\/posts\/248775","targetHints":{"allow":["GET"]}}],"collection":[{"href":"https:\/\/www.morh.hr\/en\/wp-json\/wp\/v2\/posts"}],"about":[{"href":"https:\/\/www.morh.hr\/en\/wp-json\/wp\/v2\/types\/post"}],"author":[{"embeddable":true,"href":"https:\/\/www.morh.hr\/en\/wp-json\/wp\/v2\/users\/4699"}],"replies":[{"embeddable":true,"href":"https:\/\/www.morh.hr\/en\/wp-json\/wp\/v2\/comments?post=248775"}],"version-history":[{"count":0,"href":"https:\/\/www.morh.hr\/en\/wp-json\/wp\/v2\/posts\/248775\/revisions"}],"wp:featuredmedia":[{"embeddable":true,"href":"https:\/\/www.morh.hr\/en\/wp-json\/wp\/v2\/media\/248777"}],"wp:attachment":[{"href":"https:\/\/www.morh.hr\/en\/wp-json\/wp\/v2\/media?parent=248775"}],"wp:term":[{"taxonomy":"category","embeddable":true,"href":"https:\/\/www.morh.hr\/en\/wp-json\/wp\/v2\/categories?post=248775"},{"taxonomy":"post_tag","embeddable":true,"href":"https:\/\/www.morh.hr\/en\/wp-json\/wp\/v2\/tags?post=248775"}],"curies":[{"name":"wp","href":"https:\/\/api.w.org\/{rel}","templated":true}]}}