{"id":253700,"date":"2025-01-22T20:05:33","date_gmt":"2025-01-22T19:05:33","guid":{"rendered":"https:\/\/www.morh.hr\/?p=253700"},"modified":"2025-11-26T15:14:09","modified_gmt":"2025-11-26T14:14:09","slug":"minister-anusic-in-the-operation-maslenica-we-showed-the-readiness-and-strength-of-the-croatian-armed-forces","status":"publish","type":"post","link":"https:\/\/www.morh.hr\/en\/minister-anusic-in-the-operation-maslenica-we-showed-the-readiness-and-strength-of-the-croatian-armed-forces\/","title":{"rendered":"Minister Anu\u0161i\u0107: In the Operation Maslenica, we showed the readiness and strength of the Croatian Armed Forces"},"content":{"rendered":"<p>A ceremonial programme was held in Zadar and its hinterland to mark the 32nd anniversary of the military and police operation Maslenica 1993, a crucial action in the Homeland War that played a decisive role in liberating the occupied areas of Croatia and establishing the connection between the north and south of the country.<\/p>\n<p><strong>Anu\u0161i\u0107: The Croatian Armed Forces grew into a much stronger military force<\/strong><\/p>\n<p>Croatian Deputy Prime Minister and Defence Minister Ivan Anu\u0161i\u0107, emphasized that the military and police operation Maslenica was one of the first major operations of the Croatian Armed Forces, which proved that the Croatian Armed Forces, just two years later, were ready to conduct the largest operations of the Homeland War \u2013 Operations Bljesak and Oluja.<\/p>\n<p>&#8220;It was quite clear that in the Operation Maslenica, we successfully demonstrated the organization, readiness, and strength of the Croatian Armed Forces. Afterward, the Croatian Armed Forces grew into a much stronger military force. In 1995, in the military and police operation Oluja, the CAF liberated the occupied territories of Croatia from Serbian aggressors. Glory to all those who gave their lives in the Operation Maslenica,&#8221; said Minister Anu\u0161i\u0107, who volunteered to participate in the 1993 operation.<\/p>\n<p><strong>Deputy Prime Minister and Minister of Croatian War Veterans Tomo Medved said that the Operation<\/strong><\/p>\n<p>Maslenica, conducted in January 1993, sent a key message from Zadar and its hinterland to the Croatian people \u2013 that the Croatian defence forces were capable of liberating every inch of their country. At the same time, the Operation sent a clear message to the enemy that the Croatian Armed Forces had grown into a strong military force able to defend and liberate its country.<\/p>\n<p>&#8220;By liberating the Maslenica Gorge, placing a pontoon bridge, and later constructing a permanent bridge, an unhindered passage was created between the north and south of our country. These are the achievements we remember. We mark this anniversary, and it will be marked by generations to come to ensure that the courage, heroism, and sacrifices made by our war veterans and by our people during the Greater Serbian aggression are never forgotten,&#8221; Minister Medved said.<\/p>\n<p><iframe loading=\"lazy\" title=\"32. obljetnica vojno-redarstvene operacije Maslenica\" width=\"868\" height=\"488\" src=\"https:\/\/www.youtube.com\/embed\/lv_pUIIEcIg?wmode=transparent&amp;rel=0&amp;feature=oembed\" frameborder=\"0\" allow=\"accelerometer; autoplay; clipboard-write; encrypted-media; gyroscope; picture-in-picture; web-share\" referrerpolicy=\"strict-origin-when-cross-origin\" allowfullscreen><\/iframe><\/p>\n<p><strong>32nd anniversary of Operation Maslenica was marked by a series of events<\/strong><\/p>\n<p>Wreath-laying ceremonies and candle lighting took place to honour the fallen, missing, and deceased Croatian war veterans who participated in the Operation Maslenica 1993 and in our country\u2019s defence, at various locations, including the central Zadar cemetery, the memorials of the 3rd Battalion &#8220;Imotski Sokolovi&#8221; and the 4th Guard Brigade &#8220;Pauci&#8221;, at the Kocka memorial to the fallen Croatian war veterans in the Jazine Bay, at the memorial of the 3rd Guard Brigade &#8220;Kune&#8221; in Ka\u0161i\u0107, and at the 4th Guard Brigade &#8220;Pauci&#8221; at Zeleni Hrast in Islam Latinski, as well as on the northern side of the Maslenica Bridge. The ceremony gathered numerous war veterans, their family members, and citizens who paid tribute to all the fallen and missing heroes of the Homeland War.<\/p>\n<p>The anniversary commemoration was attended by Deputy Prime Minister and Defence Minister Ivan Anu\u0161i\u0107, Deputy Prime Minister and Minister of Croatian War Veterans Tomo Medved, the Croatian Army Commander as an envoy of the Croatian President, Major General Bla\u017e Beretin, the Croatian Air Force Commander, Major General Michael Kri\u017eanec, the Croatian Navy Commander, Rear Admiral (LH) Damir Dojki\u0107, the Support Command Deputy Commander, Brigadier General Ivan Raos, as well as many current and former CAF commanders, and local and regional government representatives.<\/p>\n<p>At the end of the commemoration, a mass was held at the Church of Our Lady Protector of Christians in Paljuh, and the Church of St. Francis in Podprag. The programme marking the 32nd anniversary will continue until March 2 including various sports events, documentary films, and educational and historical programmes dedicated to preserving the memory of the military and police operation Maslenica 1993.<\/p>\n<div class=\"morh-galleria\"><a href=\"https:\/\/live.staticflickr.com\/65535\/54281221324_37f31d93d2_h.jpg\" title=\"Ministar Anu\u0161i\u0107: Operacijom Maslenica pokazali smo spremnost i snagu Oru\u017eanih snaga RH\"><img decoding=\"async\" data-title=\"Ministar Anu\u0161i\u0107: Operacijom Maslenica pokazali smo spremnost i snagu Oru\u017eanih snaga RH\" data-description=\"Sve\u010danim programom u Zadru i zadarskom zale\u0111u obilje\u017eena je 32. obljetnica vojno-redarstvene operacije Maslenica \u201993, klju\u010dne akcije u Domovinskom ratu koja je imala presudan zna\u010daj u osloba\u0111anju okupiranih podru\u010dja Hrvatske te uspostavi veze izme\u0111u sjevera i juga zemlje | Foto: MORH\/ F. Klen\" alt=\"Ministar Anu\u0161i\u0107: Operacijom Maslenica pokazali smo spremnost i snagu Oru\u017eanih snaga RH\" src=\"https:\/\/live.staticflickr.com\/65535\/54281221324_37f31d93d2_h.jpg\" data-layer=\"&lt;div class=&#039;morh-gallery-image-download&#039;&gt;&lt;a href=&#039;https:\/\/live.staticflickr.com\/65535\/54281221324_2d5c160781_o.jpg&#039; target=&#039;_blank&#039;&gt;Slika za preuzimanje&lt;\/a&gt;&lt;\/div&gt;\" \/><\/a><a href=\"https:\/\/live.staticflickr.com\/65535\/54281407015_9bc643e8e2_h.jpg\" title=\"Ministar Anu\u0161i\u0107: Operacijom Maslenica pokazali smo spremnost i snagu Oru\u017eanih snaga RH\"><img decoding=\"async\" data-title=\"Ministar Anu\u0161i\u0107: Operacijom Maslenica pokazali smo spremnost i snagu Oru\u017eanih snaga RH\" data-description=\"Sve\u010danim programom u Zadru i zadarskom zale\u0111u obilje\u017eena je 32. obljetnica vojno-redarstvene operacije Maslenica \u201993, klju\u010dne akcije u Domovinskom ratu koja je imala presudan zna\u010daj u osloba\u0111anju okupiranih podru\u010dja Hrvatske te uspostavi veze izme\u0111u sjevera i juga zemlje | Foto: MORH\/ F. Klen\" alt=\"Ministar Anu\u0161i\u0107: Operacijom Maslenica pokazali smo spremnost i snagu Oru\u017eanih snaga RH\" src=\"https:\/\/live.staticflickr.com\/65535\/54281407015_9bc643e8e2_h.jpg\" data-layer=\"&lt;div class=&#039;morh-gallery-image-download&#039;&gt;&lt;a href=&#039;https:\/\/live.staticflickr.com\/65535\/54281407015_d147e123d0_o.jpg&#039; target=&#039;_blank&#039;&gt;Slika za preuzimanje&lt;\/a&gt;&lt;\/div&gt;\" \/><\/a><a href=\"https:\/\/live.staticflickr.com\/65535\/54281406945_0fdf92dea7_h.jpg\" title=\"Ministar Anu\u0161i\u0107: Operacijom Maslenica pokazali smo spremnost i snagu Oru\u017eanih snaga RH\"><img decoding=\"async\" data-title=\"Ministar Anu\u0161i\u0107: Operacijom Maslenica pokazali smo spremnost i snagu Oru\u017eanih snaga RH\" data-description=\"Sve\u010danim programom u Zadru i zadarskom zale\u0111u obilje\u017eena je 32. obljetnica vojno-redarstvene operacije Maslenica \u201993, klju\u010dne akcije u Domovinskom ratu koja je imala presudan zna\u010daj u osloba\u0111anju okupiranih podru\u010dja Hrvatske te uspostavi veze izme\u0111u sjevera i juga zemlje | Foto: MORH\/ F. Klen\" alt=\"Ministar Anu\u0161i\u0107: Operacijom Maslenica pokazali smo spremnost i snagu Oru\u017eanih snaga RH\" src=\"https:\/\/live.staticflickr.com\/65535\/54281406945_0fdf92dea7_h.jpg\" data-layer=\"&lt;div class=&#039;morh-gallery-image-download&#039;&gt;&lt;a href=&#039;https:\/\/live.staticflickr.com\/65535\/54281406945_2bf4436871_o.jpg&#039; target=&#039;_blank&#039;&gt;Slika za preuzimanje&lt;\/a&gt;&lt;\/div&gt;\" \/><\/a><a href=\"https:\/\/live.staticflickr.com\/65535\/54280096752_bf3be7a405_h.jpg\" title=\"Ministar Anu\u0161i\u0107: Operacijom Maslenica pokazali smo spremnost i snagu Oru\u017eanih snaga RH\"><img decoding=\"async\" data-title=\"Ministar Anu\u0161i\u0107: Operacijom Maslenica pokazali smo spremnost i snagu Oru\u017eanih snaga RH\" data-description=\"Sve\u010danim programom u Zadru i zadarskom zale\u0111u obilje\u017eena je 32. obljetnica vojno-redarstvene operacije Maslenica \u201993, klju\u010dne akcije u Domovinskom ratu koja je imala presudan zna\u010daj u osloba\u0111anju okupiranih podru\u010dja Hrvatske te uspostavi veze izme\u0111u sjevera i juga zemlje | Foto: MORH\/ F. Klen\" alt=\"Ministar Anu\u0161i\u0107: Operacijom Maslenica pokazali smo spremnost i snagu Oru\u017eanih snaga RH\" src=\"https:\/\/live.staticflickr.com\/65535\/54280096752_bf3be7a405_h.jpg\" data-layer=\"&lt;div class=&#039;morh-gallery-image-download&#039;&gt;&lt;a href=&#039;https:\/\/live.staticflickr.com\/65535\/54280096752_8a5796b8c7_o.jpg&#039; target=&#039;_blank&#039;&gt;Slika za preuzimanje&lt;\/a&gt;&lt;\/div&gt;\" \/><\/a><a href=\"https:\/\/live.staticflickr.com\/65535\/54280096747_ff8e36f87f_h.jpg\" title=\"Ministar Anu\u0161i\u0107: Operacijom Maslenica pokazali smo spremnost i snagu Oru\u017eanih snaga RH\"><img decoding=\"async\" data-title=\"Ministar Anu\u0161i\u0107: Operacijom Maslenica pokazali smo spremnost i snagu Oru\u017eanih snaga RH\" data-description=\"Sve\u010danim programom u Zadru i zadarskom zale\u0111u obilje\u017eena je 32. obljetnica vojno-redarstvene operacije Maslenica \u201993, klju\u010dne akcije u Domovinskom ratu koja je imala presudan zna\u010daj u osloba\u0111anju okupiranih podru\u010dja Hrvatske te uspostavi veze izme\u0111u sjevera i juga zemlje | Foto: MORH\/ F. Klen\" alt=\"Ministar Anu\u0161i\u0107: Operacijom Maslenica pokazali smo spremnost i snagu Oru\u017eanih snaga RH\" src=\"https:\/\/live.staticflickr.com\/65535\/54280096747_ff8e36f87f_h.jpg\" data-layer=\"&lt;div class=&#039;morh-gallery-image-download&#039;&gt;&lt;a href=&#039;https:\/\/live.staticflickr.com\/65535\/54280096747_91ef5b5df0_o.jpg&#039; target=&#039;_blank&#039;&gt;Slika za preuzimanje&lt;\/a&gt;&lt;\/div&gt;\" \/><\/a><a href=\"https:\/\/live.staticflickr.com\/65535\/54280096742_43d659f162_h.jpg\" title=\"Ministar Anu\u0161i\u0107: Operacijom Maslenica pokazali smo spremnost i snagu Oru\u017eanih snaga RH\"><img decoding=\"async\" data-title=\"Ministar Anu\u0161i\u0107: Operacijom Maslenica pokazali smo spremnost i snagu Oru\u017eanih snaga RH\" data-description=\"Sve\u010danim programom u Zadru i zadarskom zale\u0111u obilje\u017eena je 32. obljetnica vojno-redarstvene operacije Maslenica \u201993, klju\u010dne akcije u Domovinskom ratu koja je imala presudan zna\u010daj u osloba\u0111anju okupiranih podru\u010dja Hrvatske te uspostavi veze izme\u0111u sjevera i juga zemlje | Foto: MORH\/ F. Klen\" alt=\"Ministar Anu\u0161i\u0107: Operacijom Maslenica pokazali smo spremnost i snagu Oru\u017eanih snaga RH\" src=\"https:\/\/live.staticflickr.com\/65535\/54280096742_43d659f162_h.jpg\" data-layer=\"&lt;div class=&#039;morh-gallery-image-download&#039;&gt;&lt;a href=&#039;https:\/\/live.staticflickr.com\/65535\/54280096742_f334fdbfd8_o.jpg&#039; target=&#039;_blank&#039;&gt;Slika za preuzimanje&lt;\/a&gt;&lt;\/div&gt;\" \/><\/a><a href=\"https:\/\/live.staticflickr.com\/65535\/54280978926_044c00b96e_h.jpg\" title=\"Ministar Anu\u0161i\u0107: Operacijom Maslenica pokazali smo spremnost i snagu Oru\u017eanih snaga RH\"><img decoding=\"async\" data-title=\"Ministar Anu\u0161i\u0107: Operacijom Maslenica pokazali smo spremnost i snagu Oru\u017eanih snaga RH\" data-description=\"Sve\u010danim programom u Zadru i zadarskom zale\u0111u obilje\u017eena je 32. obljetnica vojno-redarstvene operacije Maslenica \u201993, klju\u010dne akcije u Domovinskom ratu koja je imala presudan zna\u010daj u osloba\u0111anju okupiranih podru\u010dja Hrvatske te uspostavi veze izme\u0111u sjevera i juga zemlje | Foto: MORH\/ F. Klen\" alt=\"Ministar Anu\u0161i\u0107: Operacijom Maslenica pokazali smo spremnost i snagu Oru\u017eanih snaga RH\" src=\"https:\/\/live.staticflickr.com\/65535\/54280978926_044c00b96e_h.jpg\" data-layer=\"&lt;div class=&#039;morh-gallery-image-download&#039;&gt;&lt;a href=&#039;https:\/\/live.staticflickr.com\/65535\/54280978926_fcf81ce743_o.jpg&#039; target=&#039;_blank&#039;&gt;Slika za preuzimanje&lt;\/a&gt;&lt;\/div&gt;\" \/><\/a><a href=\"https:\/\/live.staticflickr.com\/65535\/54280978901_3afb6936ae_h.jpg\" title=\"Ministar Anu\u0161i\u0107: Operacijom Maslenica pokazali smo spremnost i snagu Oru\u017eanih snaga RH\"><img decoding=\"async\" data-title=\"Ministar Anu\u0161i\u0107: Operacijom Maslenica pokazali smo spremnost i snagu Oru\u017eanih snaga RH\" data-description=\"Sve\u010danim programom u Zadru i zadarskom zale\u0111u obilje\u017eena je 32. obljetnica vojno-redarstvene operacije Maslenica \u201993, klju\u010dne akcije u Domovinskom ratu koja je imala presudan zna\u010daj u osloba\u0111anju okupiranih podru\u010dja Hrvatske te uspostavi veze izme\u0111u sjevera i juga zemlje | Foto: MORH\/ F. Klen\" alt=\"Ministar Anu\u0161i\u0107: Operacijom Maslenica pokazali smo spremnost i snagu Oru\u017eanih snaga RH\" src=\"https:\/\/live.staticflickr.com\/65535\/54280978901_3afb6936ae_h.jpg\" data-layer=\"&lt;div class=&#039;morh-gallery-image-download&#039;&gt;&lt;a href=&#039;https:\/\/live.staticflickr.com\/65535\/54280978901_7f0b6721a1_o.jpg&#039; target=&#039;_blank&#039;&gt;Slika za preuzimanje&lt;\/a&gt;&lt;\/div&gt;\" \/><\/a><a href=\"https:\/\/live.staticflickr.com\/65535\/54281226658_aa8e6b087e_h.jpg\" title=\"Ministar Anu\u0161i\u0107: Operacijom Maslenica pokazali smo spremnost i snagu Oru\u017eanih snaga RH\"><img decoding=\"async\" data-title=\"Ministar Anu\u0161i\u0107: Operacijom Maslenica pokazali smo spremnost i snagu Oru\u017eanih snaga RH\" data-description=\"Sve\u010danim programom u Zadru i zadarskom zale\u0111u obilje\u017eena je 32. obljetnica vojno-redarstvene operacije Maslenica \u201993, klju\u010dne akcije u Domovinskom ratu koja je imala presudan zna\u010daj u osloba\u0111anju okupiranih podru\u010dja Hrvatske te uspostavi veze izme\u0111u sjevera i juga zemlje | Foto: MORH\/ F. Klen\" alt=\"Ministar Anu\u0161i\u0107: Operacijom Maslenica pokazali smo spremnost i snagu Oru\u017eanih snaga RH\" src=\"https:\/\/live.staticflickr.com\/65535\/54281226658_aa8e6b087e_h.jpg\" data-layer=\"&lt;div class=&#039;morh-gallery-image-download&#039;&gt;&lt;a href=&#039;https:\/\/live.staticflickr.com\/65535\/54281226658_e20d0a1dc6_o.jpg&#039; target=&#039;_blank&#039;&gt;Slika za preuzimanje&lt;\/a&gt;&lt;\/div&gt;\" \/><\/a><a href=\"https:\/\/live.staticflickr.com\/65535\/54280978881_9fddc3c68a_h.jpg\" title=\"Ministar Anu\u0161i\u0107: Operacijom Maslenica pokazali smo spremnost i snagu Oru\u017eanih snaga RH\"><img decoding=\"async\" data-title=\"Ministar Anu\u0161i\u0107: Operacijom Maslenica pokazali smo spremnost i snagu Oru\u017eanih snaga RH\" data-description=\"Sve\u010danim programom u Zadru i zadarskom zale\u0111u obilje\u017eena je 32. obljetnica vojno-redarstvene operacije Maslenica \u201993, klju\u010dne akcije u Domovinskom ratu koja je imala presudan zna\u010daj u osloba\u0111anju okupiranih podru\u010dja Hrvatske te uspostavi veze izme\u0111u sjevera i juga zemlje | Foto: MORH\/ F. Klen\" alt=\"Ministar Anu\u0161i\u0107: Operacijom Maslenica pokazali smo spremnost i snagu Oru\u017eanih snaga RH\" src=\"https:\/\/live.staticflickr.com\/65535\/54280978881_9fddc3c68a_h.jpg\" data-layer=\"&lt;div class=&#039;morh-gallery-image-download&#039;&gt;&lt;a href=&#039;https:\/\/live.staticflickr.com\/65535\/54280978881_cdb2fd5d6c_o.jpg&#039; target=&#039;_blank&#039;&gt;Slika za preuzimanje&lt;\/a&gt;&lt;\/div&gt;\" \/><\/a><a href=\"https:\/\/live.staticflickr.com\/65535\/54281221199_fe0c406b1d_h.jpg\" title=\"Ministar Anu\u0161i\u0107: Operacijom Maslenica pokazali smo spremnost i snagu Oru\u017eanih snaga RH\"><img decoding=\"async\" data-title=\"Ministar Anu\u0161i\u0107: Operacijom Maslenica pokazali smo spremnost i snagu Oru\u017eanih snaga RH\" data-description=\"Sve\u010danim programom u Zadru i zadarskom zale\u0111u obilje\u017eena je 32. obljetnica vojno-redarstvene operacije Maslenica \u201993, klju\u010dne akcije u Domovinskom ratu koja je imala presudan zna\u010daj u osloba\u0111anju okupiranih podru\u010dja Hrvatske te uspostavi veze izme\u0111u sjevera i juga zemlje | Foto: MORH\/ F. Klen\" alt=\"Ministar Anu\u0161i\u0107: Operacijom Maslenica pokazali smo spremnost i snagu Oru\u017eanih snaga RH\" src=\"https:\/\/live.staticflickr.com\/65535\/54281221199_fe0c406b1d_h.jpg\" data-layer=\"&lt;div class=&#039;morh-gallery-image-download&#039;&gt;&lt;a href=&#039;https:\/\/live.staticflickr.com\/65535\/54281221199_0d2b4b7bef_o.jpg&#039; target=&#039;_blank&#039;&gt;Slika za preuzimanje&lt;\/a&gt;&lt;\/div&gt;\" \/><\/a><a href=\"https:\/\/live.staticflickr.com\/65535\/54281406810_70ea2ae9ad_h.jpg\" title=\"Ministar Anu\u0161i\u0107: Operacijom Maslenica pokazali smo spremnost i snagu Oru\u017eanih snaga RH\"><img decoding=\"async\" data-title=\"Ministar Anu\u0161i\u0107: Operacijom Maslenica pokazali smo spremnost i snagu Oru\u017eanih snaga RH\" data-description=\"Sve\u010danim programom u Zadru i zadarskom zale\u0111u obilje\u017eena je 32. obljetnica vojno-redarstvene operacije Maslenica \u201993, klju\u010dne akcije u Domovinskom ratu koja je imala presudan zna\u010daj u osloba\u0111anju okupiranih podru\u010dja Hrvatske te uspostavi veze izme\u0111u sjevera i juga zemlje | Foto: MORH\/ F. Klen\" alt=\"Ministar Anu\u0161i\u0107: Operacijom Maslenica pokazali smo spremnost i snagu Oru\u017eanih snaga RH\" src=\"https:\/\/live.staticflickr.com\/65535\/54281406810_70ea2ae9ad_h.jpg\" data-layer=\"&lt;div class=&#039;morh-gallery-image-download&#039;&gt;&lt;a href=&#039;https:\/\/live.staticflickr.com\/65535\/54281406810_3e83fd1485_o.jpg&#039; target=&#039;_blank&#039;&gt;Slika za preuzimanje&lt;\/a&gt;&lt;\/div&gt;\" \/><\/a><a href=\"https:\/\/live.staticflickr.com\/65535\/54281226578_0bd959f335_h.jpg\" title=\"Ministar Anu\u0161i\u0107: Operacijom Maslenica pokazali smo spremnost i snagu Oru\u017eanih snaga RH\"><img decoding=\"async\" data-title=\"Ministar Anu\u0161i\u0107: Operacijom Maslenica pokazali smo spremnost i snagu Oru\u017eanih snaga RH\" data-description=\"Sve\u010danim programom u Zadru i zadarskom zale\u0111u obilje\u017eena je 32. obljetnica vojno-redarstvene operacije Maslenica \u201993, klju\u010dne akcije u Domovinskom ratu koja je imala presudan zna\u010daj u osloba\u0111anju okupiranih podru\u010dja Hrvatske te uspostavi veze izme\u0111u sjevera i juga zemlje | Foto: MORH\/ F. Klen\" alt=\"Ministar Anu\u0161i\u0107: Operacijom Maslenica pokazali smo spremnost i snagu Oru\u017eanih snaga RH\" src=\"https:\/\/live.staticflickr.com\/65535\/54281226578_0bd959f335_h.jpg\" data-layer=\"&lt;div class=&#039;morh-gallery-image-download&#039;&gt;&lt;a href=&#039;https:\/\/live.staticflickr.com\/65535\/54281226578_0cce8a7ed2_o.jpg&#039; target=&#039;_blank&#039;&gt;Slika za preuzimanje&lt;\/a&gt;&lt;\/div&gt;\" \/><\/a><a href=\"https:\/\/live.staticflickr.com\/65535\/54280096587_d5d6f91e83_h.jpg\" title=\"Ministar Anu\u0161i\u0107: Operacijom Maslenica pokazali smo spremnost i snagu Oru\u017eanih snaga RH\"><img decoding=\"async\" data-title=\"Ministar Anu\u0161i\u0107: Operacijom Maslenica pokazali smo spremnost i snagu Oru\u017eanih snaga RH\" data-description=\"Sve\u010danim programom u Zadru i zadarskom zale\u0111u obilje\u017eena je 32. obljetnica vojno-redarstvene operacije Maslenica \u201993, klju\u010dne akcije u Domovinskom ratu koja je imala presudan zna\u010daj u osloba\u0111anju okupiranih podru\u010dja Hrvatske te uspostavi veze izme\u0111u sjevera i juga zemlje | Foto: MORH\/ F. Klen\" alt=\"Ministar Anu\u0161i\u0107: Operacijom Maslenica pokazali smo spremnost i snagu Oru\u017eanih snaga RH\" src=\"https:\/\/live.staticflickr.com\/65535\/54280096587_d5d6f91e83_h.jpg\" data-layer=\"&lt;div class=&#039;morh-gallery-image-download&#039;&gt;&lt;a href=&#039;https:\/\/live.staticflickr.com\/65535\/54280096587_e92ecb2884_o.jpg&#039; target=&#039;_blank&#039;&gt;Slika za preuzimanje&lt;\/a&gt;&lt;\/div&gt;\" \/><\/a><a href=\"https:\/\/live.staticflickr.com\/65535\/54281226538_8d8e23eb1d_h.jpg\" title=\"Ministar Anu\u0161i\u0107: Operacijom Maslenica pokazali smo spremnost i snagu Oru\u017eanih snaga RH\"><img decoding=\"async\" data-title=\"Ministar Anu\u0161i\u0107: Operacijom Maslenica pokazali smo spremnost i snagu Oru\u017eanih snaga RH\" data-description=\"Sve\u010danim programom u Zadru i zadarskom zale\u0111u obilje\u017eena je 32. obljetnica vojno-redarstvene operacije Maslenica \u201993, klju\u010dne akcije u Domovinskom ratu koja je imala presudan zna\u010daj u osloba\u0111anju okupiranih podru\u010dja Hrvatske te uspostavi veze izme\u0111u sjevera i juga zemlje | Foto: MORH\/ F. Klen\" alt=\"Ministar Anu\u0161i\u0107: Operacijom Maslenica pokazali smo spremnost i snagu Oru\u017eanih snaga RH\" src=\"https:\/\/live.staticflickr.com\/65535\/54281226538_8d8e23eb1d_h.jpg\" data-layer=\"&lt;div class=&#039;morh-gallery-image-download&#039;&gt;&lt;a href=&#039;https:\/\/live.staticflickr.com\/65535\/54281226538_51d510cd21_o.jpg&#039; target=&#039;_blank&#039;&gt;Slika za preuzimanje&lt;\/a&gt;&lt;\/div&gt;\" \/><\/a><a href=\"https:\/\/live.staticflickr.com\/65535\/54280096547_963eb28cb2_h.jpg\" title=\"Ministar Anu\u0161i\u0107: Operacijom Maslenica pokazali smo spremnost i snagu Oru\u017eanih snaga RH\"><img decoding=\"async\" data-title=\"Ministar Anu\u0161i\u0107: Operacijom Maslenica pokazali smo spremnost i snagu Oru\u017eanih snaga RH\" data-description=\"Sve\u010danim programom u Zadru i zadarskom zale\u0111u obilje\u017eena je 32. obljetnica vojno-redarstvene operacije Maslenica \u201993, klju\u010dne akcije u Domovinskom ratu koja je imala presudan zna\u010daj u osloba\u0111anju okupiranih podru\u010dja Hrvatske te uspostavi veze izme\u0111u sjevera i juga zemlje | Foto: MORH\/ F. Klen\" alt=\"Ministar Anu\u0161i\u0107: Operacijom Maslenica pokazali smo spremnost i snagu Oru\u017eanih snaga RH\" src=\"https:\/\/live.staticflickr.com\/65535\/54280096547_963eb28cb2_h.jpg\" data-layer=\"&lt;div class=&#039;morh-gallery-image-download&#039;&gt;&lt;a href=&#039;https:\/\/live.staticflickr.com\/65535\/54280096547_8ed8247ef5_o.jpg&#039; target=&#039;_blank&#039;&gt;Slika za preuzimanje&lt;\/a&gt;&lt;\/div&gt;\" \/><\/a><a href=\"https:\/\/live.staticflickr.com\/65535\/54281221054_3269df76fa_h.jpg\" title=\"Ministar Anu\u0161i\u0107: Operacijom Maslenica pokazali smo spremnost i snagu Oru\u017eanih snaga RH\"><img decoding=\"async\" data-title=\"Ministar Anu\u0161i\u0107: Operacijom Maslenica pokazali smo spremnost i snagu Oru\u017eanih snaga RH\" data-description=\"Sve\u010danim programom u Zadru i zadarskom zale\u0111u obilje\u017eena je 32. obljetnica vojno-redarstvene operacije Maslenica \u201993, klju\u010dne akcije u Domovinskom ratu koja je imala presudan zna\u010daj u osloba\u0111anju okupiranih podru\u010dja Hrvatske te uspostavi veze izme\u0111u sjevera i juga zemlje | Foto: MORH\/ F. Klen\" alt=\"Ministar Anu\u0161i\u0107: Operacijom Maslenica pokazali smo spremnost i snagu Oru\u017eanih snaga RH\" src=\"https:\/\/live.staticflickr.com\/65535\/54281221054_3269df76fa_h.jpg\" data-layer=\"&lt;div class=&#039;morh-gallery-image-download&#039;&gt;&lt;a href=&#039;https:\/\/live.staticflickr.com\/65535\/54281221054_85782b5cc5_o.jpg&#039; target=&#039;_blank&#039;&gt;Slika za preuzimanje&lt;\/a&gt;&lt;\/div&gt;\" \/><\/a><a href=\"https:\/\/live.staticflickr.com\/65535\/54280096512_24b20e1081_h.jpg\" title=\"Ministar Anu\u0161i\u0107: Operacijom Maslenica pokazali smo spremnost i snagu Oru\u017eanih snaga RH\"><img decoding=\"async\" data-title=\"Ministar Anu\u0161i\u0107: Operacijom Maslenica pokazali smo spremnost i snagu Oru\u017eanih snaga RH\" data-description=\"Sve\u010danim programom u Zadru i zadarskom zale\u0111u obilje\u017eena je 32. obljetnica vojno-redarstvene operacije Maslenica \u201993, klju\u010dne akcije u Domovinskom ratu koja je imala presudan zna\u010daj u osloba\u0111anju okupiranih podru\u010dja Hrvatske te uspostavi veze izme\u0111u sjevera i juga zemlje | Foto: MORH\/ F. Klen\" alt=\"Ministar Anu\u0161i\u0107: Operacijom Maslenica pokazali smo spremnost i snagu Oru\u017eanih snaga RH\" src=\"https:\/\/live.staticflickr.com\/65535\/54280096512_24b20e1081_h.jpg\" data-layer=\"&lt;div class=&#039;morh-gallery-image-download&#039;&gt;&lt;a href=&#039;https:\/\/live.staticflickr.com\/65535\/54280096512_03d75c4a5a_o.jpg&#039; target=&#039;_blank&#039;&gt;Slika za preuzimanje&lt;\/a&gt;&lt;\/div&gt;\" \/><\/a><a href=\"https:\/\/live.staticflickr.com\/65535\/54281226453_a1c89ef474_h.jpg\" title=\"Ministar Anu\u0161i\u0107: Operacijom Maslenica pokazali smo spremnost i snagu Oru\u017eanih snaga RH\"><img decoding=\"async\" data-title=\"Ministar Anu\u0161i\u0107: Operacijom Maslenica pokazali smo spremnost i snagu Oru\u017eanih snaga RH\" data-description=\"Sve\u010danim programom u Zadru i zadarskom zale\u0111u obilje\u017eena je 32. obljetnica vojno-redarstvene operacije Maslenica \u201993, klju\u010dne akcije u Domovinskom ratu koja je imala presudan zna\u010daj u osloba\u0111anju okupiranih podru\u010dja Hrvatske te uspostavi veze izme\u0111u sjevera i juga zemlje | Foto: MORH\/ F. Klen\" alt=\"Ministar Anu\u0161i\u0107: Operacijom Maslenica pokazali smo spremnost i snagu Oru\u017eanih snaga RH\" src=\"https:\/\/live.staticflickr.com\/65535\/54281226453_a1c89ef474_h.jpg\" data-layer=\"&lt;div class=&#039;morh-gallery-image-download&#039;&gt;&lt;a href=&#039;https:\/\/live.staticflickr.com\/65535\/54281226453_71123a3976_o.jpg&#039; target=&#039;_blank&#039;&gt;Slika za preuzimanje&lt;\/a&gt;&lt;\/div&gt;\" \/><\/a><a href=\"https:\/\/live.staticflickr.com\/65535\/54280978696_71c425f37b_h.jpg\" title=\"Ministar Anu\u0161i\u0107: Operacijom Maslenica pokazali smo spremnost i snagu Oru\u017eanih snaga RH\"><img decoding=\"async\" data-title=\"Ministar Anu\u0161i\u0107: Operacijom Maslenica pokazali smo spremnost i snagu Oru\u017eanih snaga RH\" data-description=\"Sve\u010danim programom u Zadru i zadarskom zale\u0111u obilje\u017eena je 32. obljetnica vojno-redarstvene operacije Maslenica \u201993, klju\u010dne akcije u Domovinskom ratu koja je imala presudan zna\u010daj u osloba\u0111anju okupiranih podru\u010dja Hrvatske te uspostavi veze izme\u0111u sjevera i juga zemlje | Foto: MORH\/ F. Klen\" alt=\"Ministar Anu\u0161i\u0107: Operacijom Maslenica pokazali smo spremnost i snagu Oru\u017eanih snaga RH\" src=\"https:\/\/live.staticflickr.com\/65535\/54280978696_71c425f37b_h.jpg\" data-layer=\"&lt;div class=&#039;morh-gallery-image-download&#039;&gt;&lt;a href=&#039;https:\/\/live.staticflickr.com\/65535\/54280978696_186c3d0d54_o.jpg&#039; target=&#039;_blank&#039;&gt;Slika za preuzimanje&lt;\/a&gt;&lt;\/div&gt;\" \/><\/a><a href=\"https:\/\/live.staticflickr.com\/65535\/54281226418_5f10104708_h.jpg\" title=\"Ministar Anu\u0161i\u0107: Operacijom Maslenica pokazali smo spremnost i snagu Oru\u017eanih snaga RH\"><img decoding=\"async\" data-title=\"Ministar Anu\u0161i\u0107: Operacijom Maslenica pokazali smo spremnost i snagu Oru\u017eanih snaga RH\" data-description=\"Sve\u010danim programom u Zadru i zadarskom zale\u0111u obilje\u017eena je 32. obljetnica vojno-redarstvene operacije Maslenica \u201993, klju\u010dne akcije u Domovinskom ratu koja je imala presudan zna\u010daj u osloba\u0111anju okupiranih podru\u010dja Hrvatske te uspostavi veze izme\u0111u sjevera i juga zemlje | Foto: MORH\/ F. Klen\" alt=\"Ministar Anu\u0161i\u0107: Operacijom Maslenica pokazali smo spremnost i snagu Oru\u017eanih snaga RH\" src=\"https:\/\/live.staticflickr.com\/65535\/54281226418_5f10104708_h.jpg\" data-layer=\"&lt;div class=&#039;morh-gallery-image-download&#039;&gt;&lt;a href=&#039;https:\/\/live.staticflickr.com\/65535\/54281226418_6eabd0120f_o.jpg&#039; target=&#039;_blank&#039;&gt;Slika za preuzimanje&lt;\/a&gt;&lt;\/div&gt;\" \/><\/a><a href=\"https:\/\/live.staticflickr.com\/65535\/54280978586_831611d548_h.jpg\" title=\"Ministar Anu\u0161i\u0107: Operacijom Maslenica pokazali smo spremnost i snagu Oru\u017eanih snaga RH\"><img decoding=\"async\" data-title=\"Ministar Anu\u0161i\u0107: Operacijom Maslenica pokazali smo spremnost i snagu Oru\u017eanih snaga RH\" data-description=\"Sve\u010danim programom u Zadru i zadarskom zale\u0111u obilje\u017eena je 32. obljetnica vojno-redarstvene operacije Maslenica \u201993, klju\u010dne akcije u Domovinskom ratu koja je imala presudan zna\u010daj u osloba\u0111anju okupiranih podru\u010dja Hrvatske te uspostavi veze izme\u0111u sjevera i juga zemlje | Foto: MORH\/ F. Klen\" alt=\"Ministar Anu\u0161i\u0107: Operacijom Maslenica pokazali smo spremnost i snagu Oru\u017eanih snaga RH\" src=\"https:\/\/live.staticflickr.com\/65535\/54280978586_831611d548_h.jpg\" data-layer=\"&lt;div class=&#039;morh-gallery-image-download&#039;&gt;&lt;a href=&#039;https:\/\/live.staticflickr.com\/65535\/54280978586_a1226a0594_o.jpg&#039; target=&#039;_blank&#039;&gt;Slika za preuzimanje&lt;\/a&gt;&lt;\/div&gt;\" \/><\/a><a href=\"https:\/\/live.staticflickr.com\/65535\/54281226393_1f3eb16a11_h.jpg\" title=\"Ministar Anu\u0161i\u0107: Operacijom Maslenica pokazali smo spremnost i snagu Oru\u017eanih snaga RH\"><img decoding=\"async\" data-title=\"Ministar Anu\u0161i\u0107: Operacijom Maslenica pokazali smo spremnost i snagu Oru\u017eanih snaga RH\" data-description=\"Sve\u010danim programom u Zadru i zadarskom zale\u0111u obilje\u017eena je 32. obljetnica vojno-redarstvene operacije Maslenica \u201993, klju\u010dne akcije u Domovinskom ratu koja je imala presudan zna\u010daj u osloba\u0111anju okupiranih podru\u010dja Hrvatske te uspostavi veze izme\u0111u sjevera i juga zemlje | Foto: MORH\/ F. Klen\" alt=\"Ministar Anu\u0161i\u0107: Operacijom Maslenica pokazali smo spremnost i snagu Oru\u017eanih snaga RH\" src=\"https:\/\/live.staticflickr.com\/65535\/54281226393_1f3eb16a11_h.jpg\" data-layer=\"&lt;div class=&#039;morh-gallery-image-download&#039;&gt;&lt;a href=&#039;https:\/\/live.staticflickr.com\/65535\/54281226393_74e3314459_o.jpg&#039; target=&#039;_blank&#039;&gt;Slika za preuzimanje&lt;\/a&gt;&lt;\/div&gt;\" \/><\/a><a href=\"https:\/\/live.staticflickr.com\/65535\/54281406515_7f2c170c48_h.jpg\" title=\"Ministar Anu\u0161i\u0107: Operacijom Maslenica pokazali smo spremnost i snagu Oru\u017eanih snaga RH\"><img decoding=\"async\" data-title=\"Ministar Anu\u0161i\u0107: Operacijom Maslenica pokazali smo spremnost i snagu Oru\u017eanih snaga RH\" data-description=\"Sve\u010danim programom u Zadru i zadarskom zale\u0111u obilje\u017eena je 32. obljetnica vojno-redarstvene operacije Maslenica \u201993, klju\u010dne akcije u Domovinskom ratu koja je imala presudan zna\u010daj u osloba\u0111anju okupiranih podru\u010dja Hrvatske te uspostavi veze izme\u0111u sjevera i juga zemlje | Foto: MORH\/ F. Klen\" alt=\"Ministar Anu\u0161i\u0107: Operacijom Maslenica pokazali smo spremnost i snagu Oru\u017eanih snaga RH\" src=\"https:\/\/live.staticflickr.com\/65535\/54281406515_7f2c170c48_h.jpg\" data-layer=\"&lt;div class=&#039;morh-gallery-image-download&#039;&gt;&lt;a href=&#039;https:\/\/live.staticflickr.com\/65535\/54281406515_294b70b5b2_o.jpg&#039; target=&#039;_blank&#039;&gt;Slika za preuzimanje&lt;\/a&gt;&lt;\/div&gt;\" \/><\/a><a href=\"https:\/\/live.staticflickr.com\/65535\/54281221034_053eb1ab08_h.jpg\" title=\"Ministar Anu\u0161i\u0107: Operacijom Maslenica pokazali smo spremnost i snagu Oru\u017eanih snaga RH\"><img decoding=\"async\" data-title=\"Ministar Anu\u0161i\u0107: Operacijom Maslenica pokazali smo spremnost i snagu Oru\u017eanih snaga RH\" data-description=\"Sve\u010danim programom u Zadru i zadarskom zale\u0111u obilje\u017eena je 32. obljetnica vojno-redarstvene operacije Maslenica \u201993, klju\u010dne akcije u Domovinskom ratu koja je imala presudan zna\u010daj u osloba\u0111anju okupiranih podru\u010dja Hrvatske te uspostavi veze izme\u0111u sjevera i juga zemlje | Foto: MORH\/ F. Klen\" alt=\"Ministar Anu\u0161i\u0107: Operacijom Maslenica pokazali smo spremnost i snagu Oru\u017eanih snaga RH\" src=\"https:\/\/live.staticflickr.com\/65535\/54281221034_053eb1ab08_h.jpg\" data-layer=\"&lt;div class=&#039;morh-gallery-image-download&#039;&gt;&lt;a href=&#039;https:\/\/live.staticflickr.com\/65535\/54281221034_17767b7715_o.jpg&#039; target=&#039;_blank&#039;&gt;Slika za preuzimanje&lt;\/a&gt;&lt;\/div&gt;\" \/><\/a><a href=\"https:\/\/live.staticflickr.com\/65535\/54280096292_9253c93a88_h.jpg\" title=\"Ministar Anu\u0161i\u0107: Operacijom Maslenica pokazali smo spremnost i snagu Oru\u017eanih snaga RH\"><img decoding=\"async\" data-title=\"Ministar Anu\u0161i\u0107: Operacijom Maslenica pokazali smo spremnost i snagu Oru\u017eanih snaga RH\" data-description=\"Sve\u010danim programom u Zadru i zadarskom zale\u0111u obilje\u017eena je 32. obljetnica vojno-redarstvene operacije Maslenica \u201993, klju\u010dne akcije u Domovinskom ratu koja je imala presudan zna\u010daj u osloba\u0111anju okupiranih podru\u010dja Hrvatske te uspostavi veze izme\u0111u sjevera i juga zemlje | Foto: MORH\/ F. Klen\" alt=\"Ministar Anu\u0161i\u0107: Operacijom Maslenica pokazali smo spremnost i snagu Oru\u017eanih snaga RH\" src=\"https:\/\/live.staticflickr.com\/65535\/54280096292_9253c93a88_h.jpg\" data-layer=\"&lt;div class=&#039;morh-gallery-image-download&#039;&gt;&lt;a href=&#039;https:\/\/live.staticflickr.com\/65535\/54280096292_2475a4cc20_o.jpg&#039; target=&#039;_blank&#039;&gt;Slika za preuzimanje&lt;\/a&gt;&lt;\/div&gt;\" \/><\/a><a href=\"https:\/\/live.staticflickr.com\/65535\/54280979086_a7c37f6e2e_h.jpg\" title=\"Ministar Anu\u0161i\u0107: Operacijom Maslenica pokazali smo spremnost i snagu Oru\u017eanih snaga RH\"><img decoding=\"async\" data-title=\"Ministar Anu\u0161i\u0107: Operacijom Maslenica pokazali smo spremnost i snagu Oru\u017eanih snaga RH\" data-description=\"Sve\u010danim programom u Zadru i zadarskom zale\u0111u obilje\u017eena je 32. obljetnica vojno-redarstvene operacije Maslenica \u201993, klju\u010dne akcije u Domovinskom ratu koja je imala presudan zna\u010daj u osloba\u0111anju okupiranih podru\u010dja Hrvatske te uspostavi veze izme\u0111u sjevera i juga zemlje | Foto: MORH\/ F. Klen\" alt=\"Ministar Anu\u0161i\u0107: Operacijom Maslenica pokazali smo spremnost i snagu Oru\u017eanih snaga RH\" src=\"https:\/\/live.staticflickr.com\/65535\/54280979086_a7c37f6e2e_h.jpg\" data-layer=\"&lt;div class=&#039;morh-gallery-image-download&#039;&gt;&lt;a href=&#039;https:\/\/live.staticflickr.com\/65535\/54280979086_642cc2741f_o.jpg&#039; target=&#039;_blank&#039;&gt;Slika za preuzimanje&lt;\/a&gt;&lt;\/div&gt;\" \/><\/a><a href=\"https:\/\/live.staticflickr.com\/65535\/54281407070_2043a3c1c4_h.jpg\" title=\"Ministar Anu\u0161i\u0107: Operacijom Maslenica pokazali smo spremnost i snagu Oru\u017eanih snaga RH\"><img decoding=\"async\" data-title=\"Ministar Anu\u0161i\u0107: Operacijom Maslenica pokazali smo spremnost i snagu Oru\u017eanih snaga RH\" data-description=\"Sve\u010danim programom u Zadru i zadarskom zale\u0111u obilje\u017eena je 32. obljetnica vojno-redarstvene operacije Maslenica \u201993, klju\u010dne akcije u Domovinskom ratu koja je imala presudan zna\u010daj u osloba\u0111anju okupiranih podru\u010dja Hrvatske te uspostavi veze izme\u0111u sjevera i juga zemlje | Foto: MORH\/ F. Klen\" alt=\"Ministar Anu\u0161i\u0107: Operacijom Maslenica pokazali smo spremnost i snagu Oru\u017eanih snaga RH\" src=\"https:\/\/live.staticflickr.com\/65535\/54281407070_2043a3c1c4_h.jpg\" data-layer=\"&lt;div class=&#039;morh-gallery-image-download&#039;&gt;&lt;a href=&#039;https:\/\/live.staticflickr.com\/65535\/54281407070_fa7c53da1e_o.jpg&#039; target=&#039;_blank&#039;&gt;Slika za preuzimanje&lt;\/a&gt;&lt;\/div&gt;\" \/><\/a><a href=\"https:\/\/live.staticflickr.com\/65535\/54280096877_c2ec90e210_h.jpg\" title=\"Ministar Anu\u0161i\u0107: Operacijom Maslenica pokazali smo spremnost i snagu Oru\u017eanih snaga RH\"><img decoding=\"async\" data-title=\"Ministar Anu\u0161i\u0107: Operacijom Maslenica pokazali smo spremnost i snagu Oru\u017eanih snaga RH\" data-description=\"Sve\u010danim programom u Zadru i zadarskom zale\u0111u obilje\u017eena je 32. obljetnica vojno-redarstvene operacije Maslenica \u201993, klju\u010dne akcije u Domovinskom ratu koja je imala presudan zna\u010daj u osloba\u0111anju okupiranih podru\u010dja Hrvatske te uspostavi veze izme\u0111u sjevera i juga zemlje | Foto: MORH\/ F. Klen\" alt=\"Ministar Anu\u0161i\u0107: Operacijom Maslenica pokazali smo spremnost i snagu Oru\u017eanih snaga RH\" src=\"https:\/\/live.staticflickr.com\/65535\/54280096877_c2ec90e210_h.jpg\" data-layer=\"&lt;div class=&#039;morh-gallery-image-download&#039;&gt;&lt;a href=&#039;https:\/\/live.staticflickr.com\/65535\/54280096877_dc17eb91c1_o.jpg&#039; target=&#039;_blank&#039;&gt;Slika za preuzimanje&lt;\/a&gt;&lt;\/div&gt;\" \/><\/a><a href=\"https:\/\/live.staticflickr.com\/65535\/54280096857_9e7a5bedaf_h.jpg\" title=\"Ministar Anu\u0161i\u0107: Operacijom Maslenica pokazali smo spremnost i snagu Oru\u017eanih snaga RH\"><img decoding=\"async\" data-title=\"Ministar Anu\u0161i\u0107: Operacijom Maslenica pokazali smo spremnost i snagu Oru\u017eanih snaga RH\" data-description=\"Sve\u010danim programom u Zadru i zadarskom zale\u0111u obilje\u017eena je 32. obljetnica vojno-redarstvene operacije Maslenica \u201993, klju\u010dne akcije u Domovinskom ratu koja je imala presudan zna\u010daj u osloba\u0111anju okupiranih podru\u010dja Hrvatske te uspostavi veze izme\u0111u sjevera i juga zemlje | Foto: MORH\/ F. Klen\" alt=\"Ministar Anu\u0161i\u0107: Operacijom Maslenica pokazali smo spremnost i snagu Oru\u017eanih snaga RH\" src=\"https:\/\/live.staticflickr.com\/65535\/54280096857_9e7a5bedaf_h.jpg\" data-layer=\"&lt;div class=&#039;morh-gallery-image-download&#039;&gt;&lt;a href=&#039;https:\/\/live.staticflickr.com\/65535\/54280096857_304eab38a2_o.jpg&#039; target=&#039;_blank&#039;&gt;Slika za preuzimanje&lt;\/a&gt;&lt;\/div&gt;\" \/><\/a><a href=\"https:\/\/live.staticflickr.com\/65535\/54281221394_a9caaa1ad2_h.jpg\" title=\"Ministar Anu\u0161i\u0107: Operacijom Maslenica pokazali smo spremnost i snagu Oru\u017eanih snaga RH\"><img decoding=\"async\" data-title=\"Ministar Anu\u0161i\u0107: Operacijom Maslenica pokazali smo spremnost i snagu Oru\u017eanih snaga RH\" data-description=\"Sve\u010danim programom u Zadru i zadarskom zale\u0111u obilje\u017eena je 32. obljetnica vojno-redarstvene operacije Maslenica \u201993, klju\u010dne akcije u Domovinskom ratu koja je imala presudan zna\u010daj u osloba\u0111anju okupiranih podru\u010dja Hrvatske te uspostavi veze izme\u0111u sjevera i juga zemlje | Foto: MORH\/ F. Klen\" alt=\"Ministar Anu\u0161i\u0107: Operacijom Maslenica pokazali smo spremnost i snagu Oru\u017eanih snaga RH\" src=\"https:\/\/live.staticflickr.com\/65535\/54281221394_a9caaa1ad2_h.jpg\" data-layer=\"&lt;div class=&#039;morh-gallery-image-download&#039;&gt;&lt;a href=&#039;https:\/\/live.staticflickr.com\/65535\/54281221394_03f0b58afd_o.jpg&#039; target=&#039;_blank&#039;&gt;Slika za preuzimanje&lt;\/a&gt;&lt;\/div&gt;\" \/><\/a><a href=\"https:\/\/live.staticflickr.com\/65535\/54281406510_97a2bf6b32_h.jpg\" title=\"Ministar Anu\u0161i\u0107: Operacijom Maslenica pokazali smo spremnost i snagu Oru\u017eanih snaga RH\"><img decoding=\"async\" data-title=\"Ministar Anu\u0161i\u0107: Operacijom Maslenica pokazali smo spremnost i snagu Oru\u017eanih snaga RH\" data-description=\"Sve\u010danim programom u Zadru i zadarskom zale\u0111u obilje\u017eena je 32. obljetnica vojno-redarstvene operacije Maslenica \u201993, klju\u010dne akcije u Domovinskom ratu koja je imala presudan zna\u010daj u osloba\u0111anju okupiranih podru\u010dja Hrvatske te uspostavi veze izme\u0111u sjevera i juga zemlje | Foto: MORH\/ F. Klen\" alt=\"Ministar Anu\u0161i\u0107: Operacijom Maslenica pokazali smo spremnost i snagu Oru\u017eanih snaga RH\" src=\"https:\/\/live.staticflickr.com\/65535\/54281406510_97a2bf6b32_h.jpg\" data-layer=\"&lt;div class=&#039;morh-gallery-image-download&#039;&gt;&lt;a href=&#039;https:\/\/live.staticflickr.com\/65535\/54281406510_18720ce801_o.jpg&#039; target=&#039;_blank&#039;&gt;Slika za preuzimanje&lt;\/a&gt;&lt;\/div&gt;\" \/><\/a><a href=\"https:\/\/live.staticflickr.com\/65535\/54281220839_7ecc9448cf_h.jpg\" title=\"Ministar Anu\u0161i\u0107: Operacijom Maslenica pokazali smo spremnost i snagu Oru\u017eanih snaga RH\"><img decoding=\"async\" data-title=\"Ministar Anu\u0161i\u0107: Operacijom Maslenica pokazali smo spremnost i snagu Oru\u017eanih snaga RH\" data-description=\"Sve\u010danim programom u Zadru i zadarskom zale\u0111u obilje\u017eena je 32. obljetnica vojno-redarstvene operacije Maslenica \u201993, klju\u010dne akcije u Domovinskom ratu koja je imala presudan zna\u010daj u osloba\u0111anju okupiranih podru\u010dja Hrvatske te uspostavi veze izme\u0111u sjevera i juga zemlje | Foto: MORH\/ F. Klen\" alt=\"Ministar Anu\u0161i\u0107: Operacijom Maslenica pokazali smo spremnost i snagu Oru\u017eanih snaga RH\" src=\"https:\/\/live.staticflickr.com\/65535\/54281220839_7ecc9448cf_h.jpg\" data-layer=\"&lt;div class=&#039;morh-gallery-image-download&#039;&gt;&lt;a href=&#039;https:\/\/live.staticflickr.com\/65535\/54281220839_bf84833d2f_o.jpg&#039; target=&#039;_blank&#039;&gt;Slika za preuzimanje&lt;\/a&gt;&lt;\/div&gt;\" \/><\/a><a href=\"https:\/\/live.staticflickr.com\/65535\/54281406495_c575e1340a_h.jpg\" title=\"Ministar Anu\u0161i\u0107: Operacijom Maslenica pokazali smo spremnost i snagu Oru\u017eanih snaga RH\"><img decoding=\"async\" data-title=\"Ministar Anu\u0161i\u0107: Operacijom Maslenica pokazali smo spremnost i snagu Oru\u017eanih snaga RH\" data-description=\"Sve\u010danim programom u Zadru i zadarskom zale\u0111u obilje\u017eena je 32. obljetnica vojno-redarstvene operacije Maslenica \u201993, klju\u010dne akcije u Domovinskom ratu koja je imala presudan zna\u010daj u osloba\u0111anju okupiranih podru\u010dja Hrvatske te uspostavi veze izme\u0111u sjevera i juga zemlje | Foto: MORH\/ F. Klen\" alt=\"Ministar Anu\u0161i\u0107: Operacijom Maslenica pokazali smo spremnost i snagu Oru\u017eanih snaga RH\" src=\"https:\/\/live.staticflickr.com\/65535\/54281406495_c575e1340a_h.jpg\" data-layer=\"&lt;div class=&#039;morh-gallery-image-download&#039;&gt;&lt;a href=&#039;https:\/\/live.staticflickr.com\/65535\/54281406495_fc80855419_o.jpg&#039; target=&#039;_blank&#039;&gt;Slika za preuzimanje&lt;\/a&gt;&lt;\/div&gt;\" \/><\/a><a href=\"https:\/\/live.staticflickr.com\/65535\/54281226268_880b0fc047_h.jpg\" title=\"Ministar Anu\u0161i\u0107: Operacijom Maslenica pokazali smo spremnost i snagu Oru\u017eanih snaga RH\"><img decoding=\"async\" data-title=\"Ministar Anu\u0161i\u0107: Operacijom Maslenica pokazali smo spremnost i snagu Oru\u017eanih snaga RH\" data-description=\"Sve\u010danim programom u Zadru i zadarskom zale\u0111u obilje\u017eena je 32. obljetnica vojno-redarstvene operacije Maslenica \u201993, klju\u010dne akcije u Domovinskom ratu koja je imala presudan zna\u010daj u osloba\u0111anju okupiranih podru\u010dja Hrvatske te uspostavi veze izme\u0111u sjevera i juga zemlje | Foto: MORH\/ F. Klen\" alt=\"Ministar Anu\u0161i\u0107: Operacijom Maslenica pokazali smo spremnost i snagu Oru\u017eanih snaga RH\" src=\"https:\/\/live.staticflickr.com\/65535\/54281226268_880b0fc047_h.jpg\" data-layer=\"&lt;div class=&#039;morh-gallery-image-download&#039;&gt;&lt;a href=&#039;https:\/\/live.staticflickr.com\/65535\/54281226268_1685d117a5_o.jpg&#039; target=&#039;_blank&#039;&gt;Slika za preuzimanje&lt;\/a&gt;&lt;\/div&gt;\" \/><\/a><a href=\"https:\/\/live.staticflickr.com\/65535\/54281406450_ce12c2dd0c_h.jpg\" title=\"Ministar Anu\u0161i\u0107: Operacijom Maslenica pokazali smo spremnost i snagu Oru\u017eanih snaga RH\"><img decoding=\"async\" data-title=\"Ministar Anu\u0161i\u0107: Operacijom Maslenica pokazali smo spremnost i snagu Oru\u017eanih snaga RH\" data-description=\"Sve\u010danim programom u Zadru i zadarskom zale\u0111u obilje\u017eena je 32. obljetnica vojno-redarstvene operacije Maslenica \u201993, klju\u010dne akcije u Domovinskom ratu koja je imala presudan zna\u010daj u osloba\u0111anju okupiranih podru\u010dja Hrvatske te uspostavi veze izme\u0111u sjevera i juga zemlje | Foto: MORH\/ F. Klen\" alt=\"Ministar Anu\u0161i\u0107: Operacijom Maslenica pokazali smo spremnost i snagu Oru\u017eanih snaga RH\" src=\"https:\/\/live.staticflickr.com\/65535\/54281406450_ce12c2dd0c_h.jpg\" data-layer=\"&lt;div class=&#039;morh-gallery-image-download&#039;&gt;&lt;a href=&#039;https:\/\/live.staticflickr.com\/65535\/54281406450_f5860586d0_o.jpg&#039; target=&#039;_blank&#039;&gt;Slika za preuzimanje&lt;\/a&gt;&lt;\/div&gt;\" \/><\/a><a href=\"https:\/\/live.staticflickr.com\/65535\/54281220779_28205f2142_h.jpg\" title=\"Ministar Anu\u0161i\u0107: Operacijom Maslenica pokazali smo spremnost i snagu Oru\u017eanih snaga RH\"><img decoding=\"async\" data-title=\"Ministar Anu\u0161i\u0107: Operacijom Maslenica pokazali smo spremnost i snagu Oru\u017eanih snaga RH\" data-description=\"Sve\u010danim programom u Zadru i zadarskom zale\u0111u obilje\u017eena je 32. obljetnica vojno-redarstvene operacije Maslenica \u201993, klju\u010dne akcije u Domovinskom ratu koja je imala presudan zna\u010daj u osloba\u0111anju okupiranih podru\u010dja Hrvatske te uspostavi veze izme\u0111u sjevera i juga zemlje | Foto: MORH\/ F. Klen\" alt=\"Ministar Anu\u0161i\u0107: Operacijom Maslenica pokazali smo spremnost i snagu Oru\u017eanih snaga RH\" src=\"https:\/\/live.staticflickr.com\/65535\/54281220779_28205f2142_h.jpg\" data-layer=\"&lt;div class=&#039;morh-gallery-image-download&#039;&gt;&lt;a href=&#039;https:\/\/live.staticflickr.com\/65535\/54281220779_7863fa933a_o.jpg&#039; target=&#039;_blank&#039;&gt;Slika za preuzimanje&lt;\/a&gt;&lt;\/div&gt;\" \/><\/a><a href=\"https:\/\/live.staticflickr.com\/65535\/54280978471_ad63e11b67_h.jpg\" title=\"Ministar Anu\u0161i\u0107: Operacijom Maslenica pokazali smo spremnost i snagu Oru\u017eanih snaga RH\"><img decoding=\"async\" data-title=\"Ministar Anu\u0161i\u0107: Operacijom Maslenica pokazali smo spremnost i snagu Oru\u017eanih snaga RH\" data-description=\"Sve\u010danim programom u Zadru i zadarskom zale\u0111u obilje\u017eena je 32. obljetnica vojno-redarstvene operacije Maslenica \u201993, klju\u010dne akcije u Domovinskom ratu koja je imala presudan zna\u010daj u osloba\u0111anju okupiranih podru\u010dja Hrvatske te uspostavi veze izme\u0111u sjevera i juga zemlje | Foto: MORH\/ F. Klen\" alt=\"Ministar Anu\u0161i\u0107: Operacijom Maslenica pokazali smo spremnost i snagu Oru\u017eanih snaga RH\" src=\"https:\/\/live.staticflickr.com\/65535\/54280978471_ad63e11b67_h.jpg\" data-layer=\"&lt;div class=&#039;morh-gallery-image-download&#039;&gt;&lt;a href=&#039;https:\/\/live.staticflickr.com\/65535\/54280978471_c6c1bf1925_o.jpg&#039; target=&#039;_blank&#039;&gt;Slika za preuzimanje&lt;\/a&gt;&lt;\/div&gt;\" \/><\/a><a href=\"https:\/\/live.staticflickr.com\/65535\/54281220739_3a36287445_h.jpg\" title=\"Ministar Anu\u0161i\u0107: Operacijom Maslenica pokazali smo spremnost i snagu Oru\u017eanih snaga RH\"><img decoding=\"async\" data-title=\"Ministar Anu\u0161i\u0107: Operacijom Maslenica pokazali smo spremnost i snagu Oru\u017eanih snaga RH\" data-description=\"Sve\u010danim programom u Zadru i zadarskom zale\u0111u obilje\u017eena je 32. obljetnica vojno-redarstvene operacije Maslenica \u201993, klju\u010dne akcije u Domovinskom ratu koja je imala presudan zna\u010daj u osloba\u0111anju okupiranih podru\u010dja Hrvatske te uspostavi veze izme\u0111u sjevera i juga zemlje | Foto: MORH\/ F. Klen\" alt=\"Ministar Anu\u0161i\u0107: Operacijom Maslenica pokazali smo spremnost i snagu Oru\u017eanih snaga RH\" src=\"https:\/\/live.staticflickr.com\/65535\/54281220739_3a36287445_h.jpg\" data-layer=\"&lt;div class=&#039;morh-gallery-image-download&#039;&gt;&lt;a href=&#039;https:\/\/live.staticflickr.com\/65535\/54281220739_6f9b1e025f_o.jpg&#039; target=&#039;_blank&#039;&gt;Slika za preuzimanje&lt;\/a&gt;&lt;\/div&gt;\" \/><\/a><a href=\"https:\/\/live.staticflickr.com\/65535\/54281220719_aed7272fce_h.jpg\" title=\"Ministar Anu\u0161i\u0107: Operacijom Maslenica pokazali smo spremnost i snagu Oru\u017eanih snaga RH\"><img decoding=\"async\" data-title=\"Ministar Anu\u0161i\u0107: Operacijom Maslenica pokazali smo spremnost i snagu Oru\u017eanih snaga RH\" data-description=\"Sve\u010danim programom u Zadru i zadarskom zale\u0111u obilje\u017eena je 32. obljetnica vojno-redarstvene operacije Maslenica \u201993, klju\u010dne akcije u Domovinskom ratu koja je imala presudan zna\u010daj u osloba\u0111anju okupiranih podru\u010dja Hrvatske te uspostavi veze izme\u0111u sjevera i juga zemlje | Foto: MORH\/ F. Klen\" alt=\"Ministar Anu\u0161i\u0107: Operacijom Maslenica pokazali smo spremnost i snagu Oru\u017eanih snaga RH\" src=\"https:\/\/live.staticflickr.com\/65535\/54281220719_aed7272fce_h.jpg\" data-layer=\"&lt;div class=&#039;morh-gallery-image-download&#039;&gt;&lt;a href=&#039;https:\/\/live.staticflickr.com\/65535\/54281220719_608361997b_o.jpg&#039; target=&#039;_blank&#039;&gt;Slika za preuzimanje&lt;\/a&gt;&lt;\/div&gt;\" \/><\/a><a href=\"https:\/\/live.staticflickr.com\/65535\/54281226143_5a5d3f07de_h.jpg\" title=\"Ministar Anu\u0161i\u0107: Operacijom Maslenica pokazali smo spremnost i snagu Oru\u017eanih snaga RH\"><img decoding=\"async\" data-title=\"Ministar Anu\u0161i\u0107: Operacijom Maslenica pokazali smo spremnost i snagu Oru\u017eanih snaga RH\" data-description=\"Sve\u010danim programom u Zadru i zadarskom zale\u0111u obilje\u017eena je 32. obljetnica vojno-redarstvene operacije Maslenica \u201993, klju\u010dne akcije u Domovinskom ratu koja je imala presudan zna\u010daj u osloba\u0111anju okupiranih podru\u010dja Hrvatske te uspostavi veze izme\u0111u sjevera i juga zemlje | Foto: MORH\/ F. Klen\" alt=\"Ministar Anu\u0161i\u0107: Operacijom Maslenica pokazali smo spremnost i snagu Oru\u017eanih snaga RH\" src=\"https:\/\/live.staticflickr.com\/65535\/54281226143_5a5d3f07de_h.jpg\" data-layer=\"&lt;div class=&#039;morh-gallery-image-download&#039;&gt;&lt;a href=&#039;https:\/\/live.staticflickr.com\/65535\/54281226143_9535acd647_o.jpg&#039; target=&#039;_blank&#039;&gt;Slika za preuzimanje&lt;\/a&gt;&lt;\/div&gt;\" \/><\/a><a href=\"https:\/\/live.staticflickr.com\/65535\/54280978421_21fc40f2b7_h.jpg\" title=\"Ministar Anu\u0161i\u0107: Operacijom Maslenica pokazali smo spremnost i snagu Oru\u017eanih snaga RH\"><img decoding=\"async\" data-title=\"Ministar Anu\u0161i\u0107: Operacijom Maslenica pokazali smo spremnost i snagu Oru\u017eanih snaga RH\" data-description=\"Sve\u010danim programom u Zadru i zadarskom zale\u0111u obilje\u017eena je 32. obljetnica vojno-redarstvene operacije Maslenica \u201993, klju\u010dne akcije u Domovinskom ratu koja je imala presudan zna\u010daj u osloba\u0111anju okupiranih podru\u010dja Hrvatske te uspostavi veze izme\u0111u sjevera i juga zemlje | Foto: MORH\/ F. Klen\" alt=\"Ministar Anu\u0161i\u0107: Operacijom Maslenica pokazali smo spremnost i snagu Oru\u017eanih snaga RH\" src=\"https:\/\/live.staticflickr.com\/65535\/54280978421_21fc40f2b7_h.jpg\" data-layer=\"&lt;div class=&#039;morh-gallery-image-download&#039;&gt;&lt;a href=&#039;https:\/\/live.staticflickr.com\/65535\/54280978421_03076f0133_o.jpg&#039; target=&#039;_blank&#039;&gt;Slika za preuzimanje&lt;\/a&gt;&lt;\/div&gt;\" \/><\/a><a href=\"https:\/\/live.staticflickr.com\/65535\/54280978361_b7c0e936ee_h.jpg\" title=\"Ministar Anu\u0161i\u0107: Operacijom Maslenica pokazali smo spremnost i snagu Oru\u017eanih snaga RH\"><img decoding=\"async\" data-title=\"Ministar Anu\u0161i\u0107: Operacijom Maslenica pokazali smo spremnost i snagu Oru\u017eanih snaga RH\" data-description=\"Sve\u010danim programom u Zadru i zadarskom zale\u0111u obilje\u017eena je 32. obljetnica vojno-redarstvene operacije Maslenica \u201993, klju\u010dne akcije u Domovinskom ratu koja je imala presudan zna\u010daj u osloba\u0111anju okupiranih podru\u010dja Hrvatske te uspostavi veze izme\u0111u sjevera i juga zemlje | Foto: MORH\/ F. Klen\" alt=\"Ministar Anu\u0161i\u0107: Operacijom Maslenica pokazali smo spremnost i snagu Oru\u017eanih snaga RH\" src=\"https:\/\/live.staticflickr.com\/65535\/54280978361_b7c0e936ee_h.jpg\" data-layer=\"&lt;div class=&#039;morh-gallery-image-download&#039;&gt;&lt;a href=&#039;https:\/\/live.staticflickr.com\/65535\/54280978361_7cb3f2745a_o.jpg&#039; target=&#039;_blank&#039;&gt;Slika za preuzimanje&lt;\/a&gt;&lt;\/div&gt;\" \/><\/a><a href=\"https:\/\/live.staticflickr.com\/65535\/54280978351_1ad4e22d74_h.jpg\" title=\"Ministar Anu\u0161i\u0107: Operacijom Maslenica pokazali smo spremnost i snagu Oru\u017eanih snaga RH\"><img decoding=\"async\" data-title=\"Ministar Anu\u0161i\u0107: Operacijom Maslenica pokazali smo spremnost i snagu Oru\u017eanih snaga RH\" data-description=\"Sve\u010danim programom u Zadru i zadarskom zale\u0111u obilje\u017eena je 32. obljetnica vojno-redarstvene operacije Maslenica \u201993, klju\u010dne akcije u Domovinskom ratu koja je imala presudan zna\u010daj u osloba\u0111anju okupiranih podru\u010dja Hrvatske te uspostavi veze izme\u0111u sjevera i juga zemlje | Foto: MORH\/ F. Klen\" alt=\"Ministar Anu\u0161i\u0107: Operacijom Maslenica pokazali smo spremnost i snagu Oru\u017eanih snaga RH\" src=\"https:\/\/live.staticflickr.com\/65535\/54280978351_1ad4e22d74_h.jpg\" data-layer=\"&lt;div class=&#039;morh-gallery-image-download&#039;&gt;&lt;a href=&#039;https:\/\/live.staticflickr.com\/65535\/54280978351_1366a7304a_o.jpg&#039; target=&#039;_blank&#039;&gt;Slika za preuzimanje&lt;\/a&gt;&lt;\/div&gt;\" \/><\/a><a href=\"https:\/\/live.staticflickr.com\/65535\/54281226018_befa3a4e9c_h.jpg\" title=\"Ministar Anu\u0161i\u0107: Operacijom Maslenica pokazali smo spremnost i snagu Oru\u017eanih snaga RH\"><img decoding=\"async\" data-title=\"Ministar Anu\u0161i\u0107: Operacijom Maslenica pokazali smo spremnost i snagu Oru\u017eanih snaga RH\" data-description=\"Sve\u010danim programom u Zadru i zadarskom zale\u0111u obilje\u017eena je 32. obljetnica vojno-redarstvene operacije Maslenica \u201993, klju\u010dne akcije u Domovinskom ratu koja je imala presudan zna\u010daj u osloba\u0111anju okupiranih podru\u010dja Hrvatske te uspostavi veze izme\u0111u sjevera i juga zemlje | Foto: MORH\/ F. Klen\" alt=\"Ministar Anu\u0161i\u0107: Operacijom Maslenica pokazali smo spremnost i snagu Oru\u017eanih snaga RH\" src=\"https:\/\/live.staticflickr.com\/65535\/54281226018_befa3a4e9c_h.jpg\" data-layer=\"&lt;div class=&#039;morh-gallery-image-download&#039;&gt;&lt;a href=&#039;https:\/\/live.staticflickr.com\/65535\/54281226018_18868f15e9_o.jpg&#039; target=&#039;_blank&#039;&gt;Slika za preuzimanje&lt;\/a&gt;&lt;\/div&gt;\" \/><\/a><a href=\"https:\/\/live.staticflickr.com\/65535\/54280096097_ab12290e68_h.jpg\" title=\"Ministar Anu\u0161i\u0107: Operacijom Maslenica pokazali smo spremnost i snagu Oru\u017eanih snaga RH\"><img decoding=\"async\" data-title=\"Ministar Anu\u0161i\u0107: Operacijom Maslenica pokazali smo spremnost i snagu Oru\u017eanih snaga RH\" data-description=\"Sve\u010danim programom u Zadru i zadarskom zale\u0111u obilje\u017eena je 32. obljetnica vojno-redarstvene operacije Maslenica \u201993, klju\u010dne akcije u Domovinskom ratu koja je imala presudan zna\u010daj u osloba\u0111anju okupiranih podru\u010dja Hrvatske te uspostavi veze izme\u0111u sjevera i juga zemlje | Foto: MORH\/ F. Klen\" alt=\"Ministar Anu\u0161i\u0107: Operacijom Maslenica pokazali smo spremnost i snagu Oru\u017eanih snaga RH\" src=\"https:\/\/live.staticflickr.com\/65535\/54280096097_ab12290e68_h.jpg\" data-layer=\"&lt;div class=&#039;morh-gallery-image-download&#039;&gt;&lt;a href=&#039;https:\/\/live.staticflickr.com\/65535\/54280096097_b7cfac6238_o.jpg&#039; target=&#039;_blank&#039;&gt;Slika za preuzimanje&lt;\/a&gt;&lt;\/div&gt;\" \/><\/a><a href=\"https:\/\/live.staticflickr.com\/65535\/54280979061_d04655eefd_h.jpg\" title=\"Ministar Anu\u0161i\u0107: Operacijom Maslenica pokazali smo spremnost i snagu Oru\u017eanih snaga RH\"><img decoding=\"async\" data-title=\"Ministar Anu\u0161i\u0107: Operacijom Maslenica pokazali smo spremnost i snagu Oru\u017eanih snaga RH\" data-description=\"Sve\u010danim programom u Zadru i zadarskom zale\u0111u obilje\u017eena je 32. obljetnica vojno-redarstvene operacije Maslenica \u201993, klju\u010dne akcije u Domovinskom ratu koja je imala presudan zna\u010daj u osloba\u0111anju okupiranih podru\u010dja Hrvatske te uspostavi veze izme\u0111u sjevera i juga zemlje | Foto: MORH\/ F. Klen\" alt=\"Ministar Anu\u0161i\u0107: Operacijom Maslenica pokazali smo spremnost i snagu Oru\u017eanih snaga RH\" src=\"https:\/\/live.staticflickr.com\/65535\/54280979061_d04655eefd_h.jpg\" data-layer=\"&lt;div class=&#039;morh-gallery-image-download&#039;&gt;&lt;a href=&#039;https:\/\/live.staticflickr.com\/65535\/54280979061_d55ff066aa_o.jpg&#039; target=&#039;_blank&#039;&gt;Slika za preuzimanje&lt;\/a&gt;&lt;\/div&gt;\" \/><\/a><a href=\"https:\/\/live.staticflickr.com\/65535\/54281226778_da590d4bff_h.jpg\" title=\"Ministar Anu\u0161i\u0107: Operacijom Maslenica pokazali smo spremnost i snagu Oru\u017eanih snaga RH\"><img decoding=\"async\" data-title=\"Ministar Anu\u0161i\u0107: Operacijom Maslenica pokazali smo spremnost i snagu Oru\u017eanih snaga RH\" data-description=\"Sve\u010danim programom u Zadru i zadarskom zale\u0111u obilje\u017eena je 32. obljetnica vojno-redarstvene operacije Maslenica \u201993, klju\u010dne akcije u Domovinskom ratu koja je imala presudan zna\u010daj u osloba\u0111anju okupiranih podru\u010dja Hrvatske te uspostavi veze izme\u0111u sjevera i juga zemlje | Foto: MORH\/ F. Klen\" alt=\"Ministar Anu\u0161i\u0107: Operacijom Maslenica pokazali smo spremnost i snagu Oru\u017eanih snaga RH\" src=\"https:\/\/live.staticflickr.com\/65535\/54281226778_da590d4bff_h.jpg\" data-layer=\"&lt;div class=&#039;morh-gallery-image-download&#039;&gt;&lt;a href=&#039;https:\/\/live.staticflickr.com\/65535\/54281226778_1012b13fa9_o.jpg&#039; target=&#039;_blank&#039;&gt;Slika za preuzimanje&lt;\/a&gt;&lt;\/div&gt;\" \/><\/a><a href=\"https:\/\/live.staticflickr.com\/65535\/54281220504_4e5d86caa3_h.jpg\" title=\"Ministar Anu\u0161i\u0107: Operacijom Maslenica pokazali smo spremnost i snagu Oru\u017eanih snaga RH\"><img decoding=\"async\" data-title=\"Ministar Anu\u0161i\u0107: Operacijom Maslenica pokazali smo spremnost i snagu Oru\u017eanih snaga RH\" data-description=\"Sve\u010danim programom u Zadru i zadarskom zale\u0111u obilje\u017eena je 32. obljetnica vojno-redarstvene operacije Maslenica \u201993, klju\u010dne akcije u Domovinskom ratu koja je imala presudan zna\u010daj u osloba\u0111anju okupiranih podru\u010dja Hrvatske te uspostavi veze izme\u0111u sjevera i juga zemlje | Foto: MORH\/ F. Klen\" alt=\"Ministar Anu\u0161i\u0107: Operacijom Maslenica pokazali smo spremnost i snagu Oru\u017eanih snaga RH\" src=\"https:\/\/live.staticflickr.com\/65535\/54281220504_4e5d86caa3_h.jpg\" data-layer=\"&lt;div class=&#039;morh-gallery-image-download&#039;&gt;&lt;a href=&#039;https:\/\/live.staticflickr.com\/65535\/54281220504_6e7cac870c_o.jpg&#039; target=&#039;_blank&#039;&gt;Slika za preuzimanje&lt;\/a&gt;&lt;\/div&gt;\" \/><\/a><a href=\"https:\/\/live.staticflickr.com\/65535\/54281225928_b3708c0e2b_h.jpg\" title=\"Ministar Anu\u0161i\u0107: Operacijom Maslenica pokazali smo spremnost i snagu Oru\u017eanih snaga RH\"><img decoding=\"async\" data-title=\"Ministar Anu\u0161i\u0107: Operacijom Maslenica pokazali smo spremnost i snagu Oru\u017eanih snaga RH\" data-description=\"Sve\u010danim programom u Zadru i zadarskom zale\u0111u obilje\u017eena je 32. obljetnica vojno-redarstvene operacije Maslenica \u201993, klju\u010dne akcije u Domovinskom ratu koja je imala presudan zna\u010daj u osloba\u0111anju okupiranih podru\u010dja Hrvatske te uspostavi veze izme\u0111u sjevera i juga zemlje | Foto: MORH\/ F. Klen\" alt=\"Ministar Anu\u0161i\u0107: Operacijom Maslenica pokazali smo spremnost i snagu Oru\u017eanih snaga RH\" src=\"https:\/\/live.staticflickr.com\/65535\/54281225928_b3708c0e2b_h.jpg\" data-layer=\"&lt;div class=&#039;morh-gallery-image-download&#039;&gt;&lt;a href=&#039;https:\/\/live.staticflickr.com\/65535\/54281225928_3fd7141c10_o.jpg&#039; target=&#039;_blank&#039;&gt;Slika za preuzimanje&lt;\/a&gt;&lt;\/div&gt;\" \/><\/a><a href=\"https:\/\/live.staticflickr.com\/65535\/54280978201_a6d18aed8f_h.jpg\" title=\"Ministar Anu\u0161i\u0107: Operacijom Maslenica pokazali smo spremnost i snagu Oru\u017eanih snaga RH\"><img decoding=\"async\" data-title=\"Ministar Anu\u0161i\u0107: Operacijom Maslenica pokazali smo spremnost i snagu Oru\u017eanih snaga RH\" data-description=\"Sve\u010danim programom u Zadru i zadarskom zale\u0111u obilje\u017eena je 32. obljetnica vojno-redarstvene operacije Maslenica \u201993, klju\u010dne akcije u Domovinskom ratu koja je imala presudan zna\u010daj u osloba\u0111anju okupiranih podru\u010dja Hrvatske te uspostavi veze izme\u0111u sjevera i juga zemlje | Foto: MORH\/ F. Klen\" alt=\"Ministar Anu\u0161i\u0107: Operacijom Maslenica pokazali smo spremnost i snagu Oru\u017eanih snaga RH\" src=\"https:\/\/live.staticflickr.com\/65535\/54280978201_a6d18aed8f_h.jpg\" data-layer=\"&lt;div class=&#039;morh-gallery-image-download&#039;&gt;&lt;a href=&#039;https:\/\/live.staticflickr.com\/65535\/54280978201_65b7a7e9f9_o.jpg&#039; target=&#039;_blank&#039;&gt;Slika za preuzimanje&lt;\/a&gt;&lt;\/div&gt;\" \/><\/a><a href=\"https:\/\/live.staticflickr.com\/65535\/54280095792_3ff12e04d1_h.jpg\" title=\"Ministar Anu\u0161i\u0107: Operacijom Maslenica pokazali smo spremnost i snagu Oru\u017eanih snaga RH\"><img decoding=\"async\" data-title=\"Ministar Anu\u0161i\u0107: Operacijom Maslenica pokazali smo spremnost i snagu Oru\u017eanih snaga RH\" data-description=\"Sve\u010danim programom u Zadru i zadarskom zale\u0111u obilje\u017eena je 32. obljetnica vojno-redarstvene operacije Maslenica \u201993, klju\u010dne akcije u Domovinskom ratu koja je imala presudan zna\u010daj u osloba\u0111anju okupiranih podru\u010dja Hrvatske te uspostavi veze izme\u0111u sjevera i juga zemlje | Foto: MORH\/ F. Klen\" alt=\"Ministar Anu\u0161i\u0107: Operacijom Maslenica pokazali smo spremnost i snagu Oru\u017eanih snaga RH\" src=\"https:\/\/live.staticflickr.com\/65535\/54280095792_3ff12e04d1_h.jpg\" data-layer=\"&lt;div class=&#039;morh-gallery-image-download&#039;&gt;&lt;a href=&#039;https:\/\/live.staticflickr.com\/65535\/54280095792_b19c5e1725_o.jpg&#039; target=&#039;_blank&#039;&gt;Slika za preuzimanje&lt;\/a&gt;&lt;\/div&gt;\" \/><\/a><a href=\"https:\/\/live.staticflickr.com\/65535\/54280978186_01872fd136_h.jpg\" title=\"Ministar Anu\u0161i\u0107: Operacijom Maslenica pokazali smo spremnost i snagu Oru\u017eanih snaga RH\"><img decoding=\"async\" data-title=\"Ministar Anu\u0161i\u0107: Operacijom Maslenica pokazali smo spremnost i snagu Oru\u017eanih snaga RH\" data-description=\"Sve\u010danim programom u Zadru i zadarskom zale\u0111u obilje\u017eena je 32. obljetnica vojno-redarstvene operacije Maslenica \u201993, klju\u010dne akcije u Domovinskom ratu koja je imala presudan zna\u010daj u osloba\u0111anju okupiranih podru\u010dja Hrvatske te uspostavi veze izme\u0111u sjevera i juga zemlje | Foto: MORH\/ F. Klen\" alt=\"Ministar Anu\u0161i\u0107: Operacijom Maslenica pokazali smo spremnost i snagu Oru\u017eanih snaga RH\" src=\"https:\/\/live.staticflickr.com\/65535\/54280978186_01872fd136_h.jpg\" data-layer=\"&lt;div class=&#039;morh-gallery-image-download&#039;&gt;&lt;a href=&#039;https:\/\/live.staticflickr.com\/65535\/54280978186_2c96fb5102_o.jpg&#039; target=&#039;_blank&#039;&gt;Slika za preuzimanje&lt;\/a&gt;&lt;\/div&gt;\" \/><\/a><a href=\"https:\/\/live.staticflickr.com\/65535\/54281220394_67bed404d8_h.jpg\" title=\"Ministar Anu\u0161i\u0107: Operacijom Maslenica pokazali smo spremnost i snagu Oru\u017eanih snaga RH\"><img decoding=\"async\" data-title=\"Ministar Anu\u0161i\u0107: Operacijom Maslenica pokazali smo spremnost i snagu Oru\u017eanih snaga RH\" data-description=\"Sve\u010danim programom u Zadru i zadarskom zale\u0111u obilje\u017eena je 32. obljetnica vojno-redarstvene operacije Maslenica \u201993, klju\u010dne akcije u Domovinskom ratu koja je imala presudan zna\u010daj u osloba\u0111anju okupiranih podru\u010dja Hrvatske te uspostavi veze izme\u0111u sjevera i juga zemlje | Foto: MORH\/ F. Klen\" alt=\"Ministar Anu\u0161i\u0107: Operacijom Maslenica pokazali smo spremnost i snagu Oru\u017eanih snaga RH\" src=\"https:\/\/live.staticflickr.com\/65535\/54281220394_67bed404d8_h.jpg\" data-layer=\"&lt;div class=&#039;morh-gallery-image-download&#039;&gt;&lt;a href=&#039;https:\/\/live.staticflickr.com\/65535\/54281220394_3be19f44ce_o.jpg&#039; target=&#039;_blank&#039;&gt;Slika za preuzimanje&lt;\/a&gt;&lt;\/div&gt;\" \/><\/a><a href=\"https:\/\/live.staticflickr.com\/65535\/54281405995_c2655925e7_h.jpg\" title=\"Ministar Anu\u0161i\u0107: Operacijom Maslenica pokazali smo spremnost i snagu Oru\u017eanih snaga RH\"><img decoding=\"async\" data-title=\"Ministar Anu\u0161i\u0107: Operacijom Maslenica pokazali smo spremnost i snagu Oru\u017eanih snaga RH\" data-description=\"Sve\u010danim programom u Zadru i zadarskom zale\u0111u obilje\u017eena je 32. obljetnica vojno-redarstvene operacije Maslenica \u201993, klju\u010dne akcije u Domovinskom ratu koja je imala presudan zna\u010daj u osloba\u0111anju okupiranih podru\u010dja Hrvatske te uspostavi veze izme\u0111u sjevera i juga zemlje | Foto: MORH\/ F. Klen\" alt=\"Ministar Anu\u0161i\u0107: Operacijom Maslenica pokazali smo spremnost i snagu Oru\u017eanih snaga RH\" src=\"https:\/\/live.staticflickr.com\/65535\/54281405995_c2655925e7_h.jpg\" data-layer=\"&lt;div class=&#039;morh-gallery-image-download&#039;&gt;&lt;a href=&#039;https:\/\/live.staticflickr.com\/65535\/54281405995_d3f41f5963_o.jpg&#039; target=&#039;_blank&#039;&gt;Slika za preuzimanje&lt;\/a&gt;&lt;\/div&gt;\" \/><\/a><a href=\"https:\/\/live.staticflickr.com\/65535\/54280095747_3aa5862a29_h.jpg\" title=\"Ministar Anu\u0161i\u0107: Operacijom Maslenica pokazali smo spremnost i snagu Oru\u017eanih snaga RH\"><img decoding=\"async\" data-title=\"Ministar Anu\u0161i\u0107: Operacijom Maslenica pokazali smo spremnost i snagu Oru\u017eanih snaga RH\" data-description=\"Sve\u010danim programom u Zadru i zadarskom zale\u0111u obilje\u017eena je 32. obljetnica vojno-redarstvene operacije Maslenica \u201993, klju\u010dne akcije u Domovinskom ratu koja je imala presudan zna\u010daj u osloba\u0111anju okupiranih podru\u010dja Hrvatske te uspostavi veze izme\u0111u sjevera i juga zemlje | Foto: MORH\/ F. Klen\" alt=\"Ministar Anu\u0161i\u0107: Operacijom Maslenica pokazali smo spremnost i snagu Oru\u017eanih snaga RH\" src=\"https:\/\/live.staticflickr.com\/65535\/54280095747_3aa5862a29_h.jpg\" data-layer=\"&lt;div class=&#039;morh-gallery-image-download&#039;&gt;&lt;a href=&#039;https:\/\/live.staticflickr.com\/65535\/54280095747_70da1b2045_o.jpg&#039; target=&#039;_blank&#039;&gt;Slika za preuzimanje&lt;\/a&gt;&lt;\/div&gt;\" \/><\/a><a href=\"https:\/\/live.staticflickr.com\/65535\/54280095717_aa36e0ed63_h.jpg\" title=\"Ministar Anu\u0161i\u0107: Operacijom Maslenica pokazali smo spremnost i snagu Oru\u017eanih snaga RH\"><img decoding=\"async\" data-title=\"Ministar Anu\u0161i\u0107: Operacijom Maslenica pokazali smo spremnost i snagu Oru\u017eanih snaga RH\" data-description=\"Sve\u010danim programom u Zadru i zadarskom zale\u0111u obilje\u017eena je 32. obljetnica vojno-redarstvene operacije Maslenica \u201993, klju\u010dne akcije u Domovinskom ratu koja je imala presudan zna\u010daj u osloba\u0111anju okupiranih podru\u010dja Hrvatske te uspostavi veze izme\u0111u sjevera i juga zemlje | Foto: MORH\/ F. Klen\" alt=\"Ministar Anu\u0161i\u0107: Operacijom Maslenica pokazali smo spremnost i snagu Oru\u017eanih snaga RH\" src=\"https:\/\/live.staticflickr.com\/65535\/54280095717_aa36e0ed63_h.jpg\" data-layer=\"&lt;div class=&#039;morh-gallery-image-download&#039;&gt;&lt;a href=&#039;https:\/\/live.staticflickr.com\/65535\/54280095717_760d0832dd_o.jpg&#039; target=&#039;_blank&#039;&gt;Slika za preuzimanje&lt;\/a&gt;&lt;\/div&gt;\" \/><\/a><a href=\"https:\/\/live.staticflickr.com\/65535\/54281225773_edffbf4b9e_h.jpg\" title=\"Ministar Anu\u0161i\u0107: Operacijom Maslenica pokazali smo spremnost i snagu Oru\u017eanih snaga RH\"><img decoding=\"async\" data-title=\"Ministar Anu\u0161i\u0107: Operacijom Maslenica pokazali smo spremnost i snagu Oru\u017eanih snaga RH\" data-description=\"Sve\u010danim programom u Zadru i zadarskom zale\u0111u obilje\u017eena je 32. obljetnica vojno-redarstvene operacije Maslenica \u201993, klju\u010dne akcije u Domovinskom ratu koja je imala presudan zna\u010daj u osloba\u0111anju okupiranih podru\u010dja Hrvatske te uspostavi veze izme\u0111u sjevera i juga zemlje | Foto: MORH\/ F. Klen\" alt=\"Ministar Anu\u0161i\u0107: Operacijom Maslenica pokazali smo spremnost i snagu Oru\u017eanih snaga RH\" src=\"https:\/\/live.staticflickr.com\/65535\/54281225773_edffbf4b9e_h.jpg\" data-layer=\"&lt;div class=&#039;morh-gallery-image-download&#039;&gt;&lt;a href=&#039;https:\/\/live.staticflickr.com\/65535\/54281225773_8e8236c44b_o.jpg&#039; target=&#039;_blank&#039;&gt;Slika za preuzimanje&lt;\/a&gt;&lt;\/div&gt;\" \/><\/a><a href=\"https:\/\/live.staticflickr.com\/65535\/54280178577_790bc90b34_h.jpg\" title=\"Ministar Anu\u0161i\u0107: Operacijom Maslenica pokazali smo spremnost i snagu Oru\u017eanih snaga RH\"><img decoding=\"async\" data-title=\"Ministar Anu\u0161i\u0107: Operacijom Maslenica pokazali smo spremnost i snagu Oru\u017eanih snaga RH\" data-description=\"Sve\u010danim programom u Zadru i zadarskom zale\u0111u obilje\u017eena je 32. obljetnica vojno-redarstvene operacije Maslenica \u201993, klju\u010dne akcije u Domovinskom ratu koja je imala presudan zna\u010daj u osloba\u0111anju okupiranih podru\u010dja Hrvatske te uspostavi veze izme\u0111u sjevera i juga zemlje | Foto: MORH\/ G. Resovac\" alt=\"Ministar Anu\u0161i\u0107: Operacijom Maslenica pokazali smo spremnost i snagu Oru\u017eanih snaga RH\" src=\"https:\/\/live.staticflickr.com\/65535\/54280178577_790bc90b34_h.jpg\" data-layer=\"&lt;div class=&#039;morh-gallery-image-download&#039;&gt;&lt;a href=&#039;https:\/\/live.staticflickr.com\/65535\/54280178577_6c10db791b_o.jpg&#039; target=&#039;_blank&#039;&gt;Slika za preuzimanje&lt;\/a&gt;&lt;\/div&gt;\" \/><\/a><a href=\"https:\/\/live.staticflickr.com\/65535\/54280178572_b82705a9e9_h.jpg\" title=\"Ministar Anu\u0161i\u0107: Operacijom Maslenica pokazali smo spremnost i snagu Oru\u017eanih snaga RH\"><img decoding=\"async\" data-title=\"Ministar Anu\u0161i\u0107: Operacijom Maslenica pokazali smo spremnost i snagu Oru\u017eanih snaga RH\" data-description=\"Sve\u010danim programom u Zadru i zadarskom zale\u0111u obilje\u017eena je 32. obljetnica vojno-redarstvene operacije Maslenica \u201993, klju\u010dne akcije u Domovinskom ratu koja je imala presudan zna\u010daj u osloba\u0111anju okupiranih podru\u010dja Hrvatske te uspostavi veze izme\u0111u sjevera i juga zemlje | Foto: MORH\/ G. Resovac\" alt=\"Ministar Anu\u0161i\u0107: Operacijom Maslenica pokazali smo spremnost i snagu Oru\u017eanih snaga RH\" src=\"https:\/\/live.staticflickr.com\/65535\/54280178572_b82705a9e9_h.jpg\" data-layer=\"&lt;div class=&#039;morh-gallery-image-download&#039;&gt;&lt;a href=&#039;https:\/\/live.staticflickr.com\/65535\/54280178572_0da4de7dd7_o.jpg&#039; target=&#039;_blank&#039;&gt;Slika za preuzimanje&lt;\/a&gt;&lt;\/div&gt;\" \/><\/a><a href=\"https:\/\/live.staticflickr.com\/65535\/54281490850_21ff2ce430_h.jpg\" title=\"Ministar Anu\u0161i\u0107: Operacijom Maslenica pokazali smo spremnost i snagu Oru\u017eanih snaga RH\"><img decoding=\"async\" data-title=\"Ministar Anu\u0161i\u0107: Operacijom Maslenica pokazali smo spremnost i snagu Oru\u017eanih snaga RH\" data-description=\"Sve\u010danim programom u Zadru i zadarskom zale\u0111u obilje\u017eena je 32. obljetnica vojno-redarstvene operacije Maslenica \u201993, klju\u010dne akcije u Domovinskom ratu koja je imala presudan zna\u010daj u osloba\u0111anju okupiranih podru\u010dja Hrvatske te uspostavi veze izme\u0111u sjevera i juga zemlje | Foto: MORH\/ G. Resovac\" alt=\"Ministar Anu\u0161i\u0107: Operacijom Maslenica pokazali smo spremnost i snagu Oru\u017eanih snaga RH\" src=\"https:\/\/live.staticflickr.com\/65535\/54281490850_21ff2ce430_h.jpg\" data-layer=\"&lt;div class=&#039;morh-gallery-image-download&#039;&gt;&lt;a href=&#039;https:\/\/live.staticflickr.com\/65535\/54281490850_235e8344d9_o.jpg&#039; target=&#039;_blank&#039;&gt;Slika za preuzimanje&lt;\/a&gt;&lt;\/div&gt;\" \/><\/a><a href=\"https:\/\/live.staticflickr.com\/65535\/54281060296_30a5394c78_h.jpg\" title=\"Ministar Anu\u0161i\u0107: Operacijom Maslenica pokazali smo spremnost i snagu Oru\u017eanih snaga RH\"><img decoding=\"async\" data-title=\"Ministar Anu\u0161i\u0107: Operacijom Maslenica pokazali smo spremnost i snagu Oru\u017eanih snaga RH\" data-description=\"Sve\u010danim programom u Zadru i zadarskom zale\u0111u obilje\u017eena je 32. obljetnica vojno-redarstvene operacije Maslenica \u201993, klju\u010dne akcije u Domovinskom ratu koja je imala presudan zna\u010daj u osloba\u0111anju okupiranih podru\u010dja Hrvatske te uspostavi veze izme\u0111u sjevera i juga zemlje | Foto: MORH\/ G. Resovac\" alt=\"Ministar Anu\u0161i\u0107: Operacijom Maslenica pokazali smo spremnost i snagu Oru\u017eanih snaga RH\" src=\"https:\/\/live.staticflickr.com\/65535\/54281060296_30a5394c78_h.jpg\" data-layer=\"&lt;div class=&#039;morh-gallery-image-download&#039;&gt;&lt;a href=&#039;https:\/\/live.staticflickr.com\/65535\/54281060296_d62cc11f07_o.jpg&#039; target=&#039;_blank&#039;&gt;Slika za preuzimanje&lt;\/a&gt;&lt;\/div&gt;\" \/><\/a><a href=\"https:\/\/live.staticflickr.com\/65535\/54281303389_0f556db117_h.jpg\" title=\"Ministar Anu\u0161i\u0107: Operacijom Maslenica pokazali smo spremnost i snagu Oru\u017eanih snaga RH\"><img decoding=\"async\" data-title=\"Ministar Anu\u0161i\u0107: Operacijom Maslenica pokazali smo spremnost i snagu Oru\u017eanih snaga RH\" data-description=\"Sve\u010danim programom u Zadru i zadarskom zale\u0111u obilje\u017eena je 32. obljetnica vojno-redarstvene operacije Maslenica \u201993, klju\u010dne akcije u Domovinskom ratu koja je imala presudan zna\u010daj u osloba\u0111anju okupiranih podru\u010dja Hrvatske te uspostavi veze izme\u0111u sjevera i juga zemlje | Foto: MORH\/ G. Resovac\" alt=\"Ministar Anu\u0161i\u0107: Operacijom Maslenica pokazali smo spremnost i snagu Oru\u017eanih snaga RH\" src=\"https:\/\/live.staticflickr.com\/65535\/54281303389_0f556db117_h.jpg\" data-layer=\"&lt;div class=&#039;morh-gallery-image-download&#039;&gt;&lt;a href=&#039;https:\/\/live.staticflickr.com\/65535\/54281303389_f7dcd910e0_o.jpg&#039; target=&#039;_blank&#039;&gt;Slika za preuzimanje&lt;\/a&gt;&lt;\/div&gt;\" \/><\/a><a href=\"https:\/\/live.staticflickr.com\/65535\/54281490795_11b91baf59_h.jpg\" title=\"Ministar Anu\u0161i\u0107: Operacijom Maslenica pokazali smo spremnost i snagu Oru\u017eanih snaga RH\"><img decoding=\"async\" data-title=\"Ministar Anu\u0161i\u0107: Operacijom Maslenica pokazali smo spremnost i snagu Oru\u017eanih snaga RH\" data-description=\"Sve\u010danim programom u Zadru i zadarskom zale\u0111u obilje\u017eena je 32. obljetnica vojno-redarstvene operacije Maslenica \u201993, klju\u010dne akcije u Domovinskom ratu koja je imala presudan zna\u010daj u osloba\u0111anju okupiranih podru\u010dja Hrvatske te uspostavi veze izme\u0111u sjevera i juga zemlje | Foto: MORH\/ G. Resovac\" alt=\"Ministar Anu\u0161i\u0107: Operacijom Maslenica pokazali smo spremnost i snagu Oru\u017eanih snaga RH\" src=\"https:\/\/live.staticflickr.com\/65535\/54281490795_11b91baf59_h.jpg\" data-layer=\"&lt;div class=&#039;morh-gallery-image-download&#039;&gt;&lt;a href=&#039;https:\/\/live.staticflickr.com\/65535\/54281490795_9651bfbf53_o.jpg&#039; target=&#039;_blank&#039;&gt;Slika za preuzimanje&lt;\/a&gt;&lt;\/div&gt;\" \/><\/a><a href=\"https:\/\/live.staticflickr.com\/65535\/54281490815_9d856fd7e3_h.jpg\" title=\"Ministar Anu\u0161i\u0107: Operacijom Maslenica pokazali smo spremnost i snagu Oru\u017eanih snaga RH\"><img decoding=\"async\" data-title=\"Ministar Anu\u0161i\u0107: Operacijom Maslenica pokazali smo spremnost i snagu Oru\u017eanih snaga RH\" data-description=\"Sve\u010danim programom u Zadru i zadarskom zale\u0111u obilje\u017eena je 32. obljetnica vojno-redarstvene operacije Maslenica \u201993, klju\u010dne akcije u Domovinskom ratu koja je imala presudan zna\u010daj u osloba\u0111anju okupiranih podru\u010dja Hrvatske te uspostavi veze izme\u0111u sjevera i juga zemlje | Foto: MORH\/ G. Resovac\" alt=\"Ministar Anu\u0161i\u0107: Operacijom Maslenica pokazali smo spremnost i snagu Oru\u017eanih snaga RH\" src=\"https:\/\/live.staticflickr.com\/65535\/54281490815_9d856fd7e3_h.jpg\" data-layer=\"&lt;div class=&#039;morh-gallery-image-download&#039;&gt;&lt;a href=&#039;https:\/\/live.staticflickr.com\/65535\/54281490815_ccdddba7dd_o.jpg&#039; target=&#039;_blank&#039;&gt;Slika za preuzimanje&lt;\/a&gt;&lt;\/div&gt;\" \/><\/a><a href=\"https:\/\/live.staticflickr.com\/65535\/54281060271_dfb8299d90_h.jpg\" title=\"Ministar Anu\u0161i\u0107: Operacijom Maslenica pokazali smo spremnost i snagu Oru\u017eanih snaga RH\"><img decoding=\"async\" data-title=\"Ministar Anu\u0161i\u0107: Operacijom Maslenica pokazali smo spremnost i snagu Oru\u017eanih snaga RH\" data-description=\"Sve\u010danim programom u Zadru i zadarskom zale\u0111u obilje\u017eena je 32. obljetnica vojno-redarstvene operacije Maslenica \u201993, klju\u010dne akcije u Domovinskom ratu koja je imala presudan zna\u010daj u osloba\u0111anju okupiranih podru\u010dja Hrvatske te uspostavi veze izme\u0111u sjevera i juga zemlje | Foto: MORH\/ G. Resovac\" alt=\"Ministar Anu\u0161i\u0107: Operacijom Maslenica pokazali smo spremnost i snagu Oru\u017eanih snaga RH\" src=\"https:\/\/live.staticflickr.com\/65535\/54281060271_dfb8299d90_h.jpg\" data-layer=\"&lt;div class=&#039;morh-gallery-image-download&#039;&gt;&lt;a href=&#039;https:\/\/live.staticflickr.com\/65535\/54281060271_a9a4cf82f9_o.jpg&#039; target=&#039;_blank&#039;&gt;Slika za preuzimanje&lt;\/a&gt;&lt;\/div&gt;\" \/><\/a><a href=\"https:\/\/live.staticflickr.com\/65535\/54281309273_2244a71578_h.jpg\" title=\"Ministar Anu\u0161i\u0107: Operacijom Maslenica pokazali smo spremnost i snagu Oru\u017eanih snaga RH\"><img decoding=\"async\" data-title=\"Ministar Anu\u0161i\u0107: Operacijom Maslenica pokazali smo spremnost i snagu Oru\u017eanih snaga RH\" data-description=\"Sve\u010danim programom u Zadru i zadarskom zale\u0111u obilje\u017eena je 32. obljetnica vojno-redarstvene operacije Maslenica \u201993, klju\u010dne akcije u Domovinskom ratu koja je imala presudan zna\u010daj u osloba\u0111anju okupiranih podru\u010dja Hrvatske te uspostavi veze izme\u0111u sjevera i juga zemlje | Foto: MORH\/ G. Resovac\" alt=\"Ministar Anu\u0161i\u0107: Operacijom Maslenica pokazali smo spremnost i snagu Oru\u017eanih snaga RH\" src=\"https:\/\/live.staticflickr.com\/65535\/54281309273_2244a71578_h.jpg\" data-layer=\"&lt;div class=&#039;morh-gallery-image-download&#039;&gt;&lt;a href=&#039;https:\/\/live.staticflickr.com\/65535\/54281309273_94d7553e49_o.jpg&#039; target=&#039;_blank&#039;&gt;Slika za preuzimanje&lt;\/a&gt;&lt;\/div&gt;\" \/><\/a><\/div><!--\/.morh-galleria -->\n","protected":false},"excerpt":{"rendered":"<p>Glory to all those who gave their lives in the Operation Maslenica, which preceded the Operations Bljesak and Oluja<\/p>\n","protected":false},"author":3,"featured_media":253706,"comment_status":"closed","ping_status":"closed","sticky":false,"template":"","format":"standard","meta":{"_acf_changed":false,"_monsterinsights_skip_tracking":false,"_monsterinsights_sitenote_active":false,"_monsterinsights_sitenote_note":"","_monsterinsights_sitenote_category":0,"footnotes":""},"categories":[117],"tags":[],"class_list":["post-253700","post","type-post","status-publish","format-standard","has-post-thumbnail","hentry","category-press-releases"],"acf":[],"yoast_head":"<!-- This site is optimized with the Yoast SEO plugin v26.9 - https:\/\/yoast.com\/product\/yoast-seo-wordpress\/ -->\n<title>Minister Anu\u0161i\u0107: In the Operation Maslenica, we showed the readiness and strength of the Croatian Armed Forces - MORH<\/title>\n<meta name=\"description\" content=\"Glory to all those who gave their lives in the Operation Maslenica, which preceded the Operations Bljesak and Oluja\" \/>\n<meta name=\"robots\" content=\"index, follow, max-snippet:-1, max-image-preview:large, max-video-preview:-1\" \/>\n<link rel=\"canonical\" href=\"https:\/\/www.morh.hr\/en\/minister-anusic-in-the-operation-maslenica-we-showed-the-readiness-and-strength-of-the-croatian-armed-forces\/\" \/>\n<meta property=\"og:locale\" content=\"en_US\" \/>\n<meta property=\"og:type\" content=\"article\" \/>\n<meta property=\"og:title\" content=\"Minister Anu\u0161i\u0107: In the Operation Maslenica, we showed the readiness and strength of the Croatian Armed Forces - MORH\" \/>\n<meta property=\"og:description\" content=\"Glory to all those who gave their lives in the Operation Maslenica, which preceded the Operations Bljesak and Oluja\" \/>\n<meta property=\"og:url\" content=\"https:\/\/www.morh.hr\/en\/minister-anusic-in-the-operation-maslenica-we-showed-the-readiness-and-strength-of-the-croatian-armed-forces\/\" \/>\n<meta property=\"og:site_name\" content=\"MORH\" \/>\n<meta property=\"article:publisher\" content=\"https:\/\/www.facebook.com\/sportasiuhrvatskojvojsci\/\" \/>\n<meta property=\"article:published_time\" content=\"2025-01-22T19:05:33+00:00\" \/>\n<meta property=\"article:modified_time\" content=\"2025-11-26T14:14:09+00:00\" \/>\n<meta property=\"og:image\" content=\"https:\/\/www.morh.hr\/wp-content\/uploads\/2025\/01\/2025-01-22-maslenica-en.jpg\" \/>\n\t<meta property=\"og:image:width\" content=\"2400\" \/>\n\t<meta property=\"og:image:height\" content=\"1600\" \/>\n\t<meta property=\"og:image:type\" content=\"image\/jpeg\" \/>\n<meta name=\"author\" content=\"Drazen\" \/>\n<meta name=\"twitter:card\" content=\"summary_large_image\" \/>\n<meta name=\"twitter:creator\" content=\"@morh_osrh\" \/>\n<meta name=\"twitter:site\" content=\"@morh_osrh\" \/>\n<meta name=\"twitter:label1\" content=\"Written by\" \/>\n\t<meta name=\"twitter:data1\" content=\"Drazen\" \/>\n\t<meta name=\"twitter:label2\" content=\"Est. reading time\" \/>\n\t<meta name=\"twitter:data2\" content=\"4 minutes\" \/>\n<script type=\"application\/ld+json\" class=\"yoast-schema-graph\">{\"@context\":\"https:\/\/schema.org\",\"@graph\":[{\"@type\":\"Article\",\"@id\":\"https:\/\/www.morh.hr\/en\/minister-anusic-in-the-operation-maslenica-we-showed-the-readiness-and-strength-of-the-croatian-armed-forces\/#article\",\"isPartOf\":{\"@id\":\"https:\/\/www.morh.hr\/en\/minister-anusic-in-the-operation-maslenica-we-showed-the-readiness-and-strength-of-the-croatian-armed-forces\/\"},\"author\":{\"name\":\"Drazen\",\"@id\":\"https:\/\/www.morh.hr\/en\/#\/schema\/person\/2d72e03399043d9513ab6bec75f2ce27\"},\"headline\":\"Minister Anu\u0161i\u0107: In the Operation Maslenica, we showed the readiness and strength of the Croatian Armed Forces\",\"datePublished\":\"2025-01-22T19:05:33+00:00\",\"dateModified\":\"2025-11-26T14:14:09+00:00\",\"mainEntityOfPage\":{\"@id\":\"https:\/\/www.morh.hr\/en\/minister-anusic-in-the-operation-maslenica-we-showed-the-readiness-and-strength-of-the-croatian-armed-forces\/\"},\"wordCount\":664,\"image\":{\"@id\":\"https:\/\/www.morh.hr\/en\/minister-anusic-in-the-operation-maslenica-we-showed-the-readiness-and-strength-of-the-croatian-armed-forces\/#primaryimage\"},\"thumbnailUrl\":\"https:\/\/www.morh.hr\/wp-content\/uploads\/2025\/01\/2025-01-22-maslenica-en.jpg\",\"articleSection\":[\"Press releases\"],\"inLanguage\":\"en-US\"},{\"@type\":\"WebPage\",\"@id\":\"https:\/\/www.morh.hr\/en\/minister-anusic-in-the-operation-maslenica-we-showed-the-readiness-and-strength-of-the-croatian-armed-forces\/\",\"url\":\"https:\/\/www.morh.hr\/en\/minister-anusic-in-the-operation-maslenica-we-showed-the-readiness-and-strength-of-the-croatian-armed-forces\/\",\"name\":\"Minister Anu\u0161i\u0107: In the Operation Maslenica, we showed the readiness and strength of the Croatian Armed Forces - MORH\",\"isPartOf\":{\"@id\":\"https:\/\/www.morh.hr\/en\/#website\"},\"primaryImageOfPage\":{\"@id\":\"https:\/\/www.morh.hr\/en\/minister-anusic-in-the-operation-maslenica-we-showed-the-readiness-and-strength-of-the-croatian-armed-forces\/#primaryimage\"},\"image\":{\"@id\":\"https:\/\/www.morh.hr\/en\/minister-anusic-in-the-operation-maslenica-we-showed-the-readiness-and-strength-of-the-croatian-armed-forces\/#primaryimage\"},\"thumbnailUrl\":\"https:\/\/www.morh.hr\/wp-content\/uploads\/2025\/01\/2025-01-22-maslenica-en.jpg\",\"datePublished\":\"2025-01-22T19:05:33+00:00\",\"dateModified\":\"2025-11-26T14:14:09+00:00\",\"author\":{\"@id\":\"https:\/\/www.morh.hr\/en\/#\/schema\/person\/2d72e03399043d9513ab6bec75f2ce27\"},\"description\":\"Glory to all those who gave their lives in the Operation Maslenica, which preceded the Operations Bljesak and Oluja\",\"breadcrumb\":{\"@id\":\"https:\/\/www.morh.hr\/en\/minister-anusic-in-the-operation-maslenica-we-showed-the-readiness-and-strength-of-the-croatian-armed-forces\/#breadcrumb\"},\"inLanguage\":\"en-US\",\"potentialAction\":[{\"@type\":\"ReadAction\",\"target\":[\"https:\/\/www.morh.hr\/en\/minister-anusic-in-the-operation-maslenica-we-showed-the-readiness-and-strength-of-the-croatian-armed-forces\/\"]}]},{\"@type\":\"ImageObject\",\"inLanguage\":\"en-US\",\"@id\":\"https:\/\/www.morh.hr\/en\/minister-anusic-in-the-operation-maslenica-we-showed-the-readiness-and-strength-of-the-croatian-armed-forces\/#primaryimage\",\"url\":\"https:\/\/www.morh.hr\/wp-content\/uploads\/2025\/01\/2025-01-22-maslenica-en.jpg\",\"contentUrl\":\"https:\/\/www.morh.hr\/wp-content\/uploads\/2025\/01\/2025-01-22-maslenica-en.jpg\",\"width\":2400,\"height\":1600,\"caption\":\"Glory to all those who gave their lives in the Operation Maslenica, which preceded the Operations Bljesak and Oluja | Photo: MORH\/ F. Klen\"},{\"@type\":\"BreadcrumbList\",\"@id\":\"https:\/\/www.morh.hr\/en\/minister-anusic-in-the-operation-maslenica-we-showed-the-readiness-and-strength-of-the-croatian-armed-forces\/#breadcrumb\",\"itemListElement\":[{\"@type\":\"ListItem\",\"position\":1,\"name\":\"Naslovnica\",\"item\":\"https:\/\/www.morh.hr\/en\/\"},{\"@type\":\"ListItem\",\"position\":2,\"name\":\"News\",\"item\":\"https:\/\/www.morh.hr\/en\/kategorija\/news\/\"},{\"@type\":\"ListItem\",\"position\":3,\"name\":\"Press releases\",\"item\":\"https:\/\/www.morh.hr\/en\/kategorija\/news\/press-releases\/\"},{\"@type\":\"ListItem\",\"position\":4,\"name\":\"Minister Anu\u0161i\u0107: In the Operation Maslenica, we showed the readiness and strength of the Croatian Armed Forces\"}]},{\"@type\":\"WebSite\",\"@id\":\"https:\/\/www.morh.hr\/en\/#website\",\"url\":\"https:\/\/www.morh.hr\/en\/\",\"name\":\"MORH\",\"description\":\"Ministarstvo obrane Republike Hrvatske - slu\u017ebene stranice\",\"potentialAction\":[{\"@type\":\"SearchAction\",\"target\":{\"@type\":\"EntryPoint\",\"urlTemplate\":\"https:\/\/www.morh.hr\/en\/?s={search_term_string}\"},\"query-input\":{\"@type\":\"PropertyValueSpecification\",\"valueRequired\":true,\"valueName\":\"search_term_string\"}}],\"inLanguage\":\"en-US\"},{\"@type\":\"Person\",\"@id\":\"https:\/\/www.morh.hr\/en\/#\/schema\/person\/2d72e03399043d9513ab6bec75f2ce27\",\"name\":\"Drazen\",\"image\":{\"@type\":\"ImageObject\",\"inLanguage\":\"en-US\",\"@id\":\"https:\/\/www.morh.hr\/en\/#\/schema\/person\/image\/\",\"url\":\"https:\/\/secure.gravatar.com\/avatar\/e36ef7e573425ae72988c73df868c1e87a656b0e005ca4fd7d30d2ba7e49c9cf?s=96&d=mm&r=g\",\"contentUrl\":\"https:\/\/secure.gravatar.com\/avatar\/e36ef7e573425ae72988c73df868c1e87a656b0e005ca4fd7d30d2ba7e49c9cf?s=96&d=mm&r=g\",\"caption\":\"Drazen\"}}]}<\/script>\n<!-- \/ Yoast SEO plugin. -->","yoast_head_json":{"title":"Minister Anu\u0161i\u0107: In the Operation Maslenica, we showed the readiness and strength of the Croatian Armed Forces - MORH","description":"Glory to all those who gave their lives in the Operation Maslenica, which preceded the Operations Bljesak and Oluja","robots":{"index":"index","follow":"follow","max-snippet":"max-snippet:-1","max-image-preview":"max-image-preview:large","max-video-preview":"max-video-preview:-1"},"canonical":"https:\/\/www.morh.hr\/en\/minister-anusic-in-the-operation-maslenica-we-showed-the-readiness-and-strength-of-the-croatian-armed-forces\/","og_locale":"en_US","og_type":"article","og_title":"Minister Anu\u0161i\u0107: In the Operation Maslenica, we showed the readiness and strength of the Croatian Armed Forces - MORH","og_description":"Glory to all those who gave their lives in the Operation Maslenica, which preceded the Operations Bljesak and Oluja","og_url":"https:\/\/www.morh.hr\/en\/minister-anusic-in-the-operation-maslenica-we-showed-the-readiness-and-strength-of-the-croatian-armed-forces\/","og_site_name":"MORH","article_publisher":"https:\/\/www.facebook.com\/sportasiuhrvatskojvojsci\/","article_published_time":"2025-01-22T19:05:33+00:00","article_modified_time":"2025-11-26T14:14:09+00:00","og_image":[{"width":2400,"height":1600,"url":"https:\/\/www.morh.hr\/wp-content\/uploads\/2025\/01\/2025-01-22-maslenica-en.jpg","type":"image\/jpeg"}],"author":"Drazen","twitter_card":"summary_large_image","twitter_creator":"@morh_osrh","twitter_site":"@morh_osrh","twitter_misc":{"Written by":"Drazen","Est. reading time":"4 minutes"},"schema":{"@context":"https:\/\/schema.org","@graph":[{"@type":"Article","@id":"https:\/\/www.morh.hr\/en\/minister-anusic-in-the-operation-maslenica-we-showed-the-readiness-and-strength-of-the-croatian-armed-forces\/#article","isPartOf":{"@id":"https:\/\/www.morh.hr\/en\/minister-anusic-in-the-operation-maslenica-we-showed-the-readiness-and-strength-of-the-croatian-armed-forces\/"},"author":{"name":"Drazen","@id":"https:\/\/www.morh.hr\/en\/#\/schema\/person\/2d72e03399043d9513ab6bec75f2ce27"},"headline":"Minister Anu\u0161i\u0107: In the Operation Maslenica, we showed the readiness and strength of the Croatian Armed Forces","datePublished":"2025-01-22T19:05:33+00:00","dateModified":"2025-11-26T14:14:09+00:00","mainEntityOfPage":{"@id":"https:\/\/www.morh.hr\/en\/minister-anusic-in-the-operation-maslenica-we-showed-the-readiness-and-strength-of-the-croatian-armed-forces\/"},"wordCount":664,"image":{"@id":"https:\/\/www.morh.hr\/en\/minister-anusic-in-the-operation-maslenica-we-showed-the-readiness-and-strength-of-the-croatian-armed-forces\/#primaryimage"},"thumbnailUrl":"https:\/\/www.morh.hr\/wp-content\/uploads\/2025\/01\/2025-01-22-maslenica-en.jpg","articleSection":["Press releases"],"inLanguage":"en-US"},{"@type":"WebPage","@id":"https:\/\/www.morh.hr\/en\/minister-anusic-in-the-operation-maslenica-we-showed-the-readiness-and-strength-of-the-croatian-armed-forces\/","url":"https:\/\/www.morh.hr\/en\/minister-anusic-in-the-operation-maslenica-we-showed-the-readiness-and-strength-of-the-croatian-armed-forces\/","name":"Minister Anu\u0161i\u0107: In the Operation Maslenica, we showed the readiness and strength of the Croatian Armed Forces - MORH","isPartOf":{"@id":"https:\/\/www.morh.hr\/en\/#website"},"primaryImageOfPage":{"@id":"https:\/\/www.morh.hr\/en\/minister-anusic-in-the-operation-maslenica-we-showed-the-readiness-and-strength-of-the-croatian-armed-forces\/#primaryimage"},"image":{"@id":"https:\/\/www.morh.hr\/en\/minister-anusic-in-the-operation-maslenica-we-showed-the-readiness-and-strength-of-the-croatian-armed-forces\/#primaryimage"},"thumbnailUrl":"https:\/\/www.morh.hr\/wp-content\/uploads\/2025\/01\/2025-01-22-maslenica-en.jpg","datePublished":"2025-01-22T19:05:33+00:00","dateModified":"2025-11-26T14:14:09+00:00","author":{"@id":"https:\/\/www.morh.hr\/en\/#\/schema\/person\/2d72e03399043d9513ab6bec75f2ce27"},"description":"Glory to all those who gave their lives in the Operation Maslenica, which preceded the Operations Bljesak and Oluja","breadcrumb":{"@id":"https:\/\/www.morh.hr\/en\/minister-anusic-in-the-operation-maslenica-we-showed-the-readiness-and-strength-of-the-croatian-armed-forces\/#breadcrumb"},"inLanguage":"en-US","potentialAction":[{"@type":"ReadAction","target":["https:\/\/www.morh.hr\/en\/minister-anusic-in-the-operation-maslenica-we-showed-the-readiness-and-strength-of-the-croatian-armed-forces\/"]}]},{"@type":"ImageObject","inLanguage":"en-US","@id":"https:\/\/www.morh.hr\/en\/minister-anusic-in-the-operation-maslenica-we-showed-the-readiness-and-strength-of-the-croatian-armed-forces\/#primaryimage","url":"https:\/\/www.morh.hr\/wp-content\/uploads\/2025\/01\/2025-01-22-maslenica-en.jpg","contentUrl":"https:\/\/www.morh.hr\/wp-content\/uploads\/2025\/01\/2025-01-22-maslenica-en.jpg","width":2400,"height":1600,"caption":"Glory to all those who gave their lives in the Operation Maslenica, which preceded the Operations Bljesak and Oluja | Photo: MORH\/ F. Klen"},{"@type":"BreadcrumbList","@id":"https:\/\/www.morh.hr\/en\/minister-anusic-in-the-operation-maslenica-we-showed-the-readiness-and-strength-of-the-croatian-armed-forces\/#breadcrumb","itemListElement":[{"@type":"ListItem","position":1,"name":"Naslovnica","item":"https:\/\/www.morh.hr\/en\/"},{"@type":"ListItem","position":2,"name":"News","item":"https:\/\/www.morh.hr\/en\/kategorija\/news\/"},{"@type":"ListItem","position":3,"name":"Press releases","item":"https:\/\/www.morh.hr\/en\/kategorija\/news\/press-releases\/"},{"@type":"ListItem","position":4,"name":"Minister Anu\u0161i\u0107: In the Operation Maslenica, we showed the readiness and strength of the Croatian Armed Forces"}]},{"@type":"WebSite","@id":"https:\/\/www.morh.hr\/en\/#website","url":"https:\/\/www.morh.hr\/en\/","name":"MORH","description":"Ministarstvo obrane Republike Hrvatske - slu\u017ebene stranice","potentialAction":[{"@type":"SearchAction","target":{"@type":"EntryPoint","urlTemplate":"https:\/\/www.morh.hr\/en\/?s={search_term_string}"},"query-input":{"@type":"PropertyValueSpecification","valueRequired":true,"valueName":"search_term_string"}}],"inLanguage":"en-US"},{"@type":"Person","@id":"https:\/\/www.morh.hr\/en\/#\/schema\/person\/2d72e03399043d9513ab6bec75f2ce27","name":"Drazen","image":{"@type":"ImageObject","inLanguage":"en-US","@id":"https:\/\/www.morh.hr\/en\/#\/schema\/person\/image\/","url":"https:\/\/secure.gravatar.com\/avatar\/e36ef7e573425ae72988c73df868c1e87a656b0e005ca4fd7d30d2ba7e49c9cf?s=96&d=mm&r=g","contentUrl":"https:\/\/secure.gravatar.com\/avatar\/e36ef7e573425ae72988c73df868c1e87a656b0e005ca4fd7d30d2ba7e49c9cf?s=96&d=mm&r=g","caption":"Drazen"}}]}},"_links":{"self":[{"href":"https:\/\/www.morh.hr\/en\/wp-json\/wp\/v2\/posts\/253700","targetHints":{"allow":["GET"]}}],"collection":[{"href":"https:\/\/www.morh.hr\/en\/wp-json\/wp\/v2\/posts"}],"about":[{"href":"https:\/\/www.morh.hr\/en\/wp-json\/wp\/v2\/types\/post"}],"author":[{"embeddable":true,"href":"https:\/\/www.morh.hr\/en\/wp-json\/wp\/v2\/users\/3"}],"replies":[{"embeddable":true,"href":"https:\/\/www.morh.hr\/en\/wp-json\/wp\/v2\/comments?post=253700"}],"version-history":[{"count":1,"href":"https:\/\/www.morh.hr\/en\/wp-json\/wp\/v2\/posts\/253700\/revisions"}],"predecessor-version":[{"id":263857,"href":"https:\/\/www.morh.hr\/en\/wp-json\/wp\/v2\/posts\/253700\/revisions\/263857"}],"wp:featuredmedia":[{"embeddable":true,"href":"https:\/\/www.morh.hr\/en\/wp-json\/wp\/v2\/media\/253706"}],"wp:attachment":[{"href":"https:\/\/www.morh.hr\/en\/wp-json\/wp\/v2\/media?parent=253700"}],"wp:term":[{"taxonomy":"category","embeddable":true,"href":"https:\/\/www.morh.hr\/en\/wp-json\/wp\/v2\/categories?post=253700"},{"taxonomy":"post_tag","embeddable":true,"href":"https:\/\/www.morh.hr\/en\/wp-json\/wp\/v2\/tags?post=253700"}],"curies":[{"name":"wp","href":"https:\/\/api.w.org\/{rel}","templated":true}]}}