{"id":253708,"date":"2025-02-12T13:21:40","date_gmt":"2025-02-12T12:21:40","guid":{"rendered":"https:\/\/www.morh.hr\/?p=253708"},"modified":"2025-11-26T15:14:17","modified_gmt":"2025-11-26T14:14:17","slug":"ltc-bajcetic-sijanski-the-first-female-commander-of-the-contingent-deployed-to-international-activity","status":"publish","type":"post","link":"https:\/\/www.morh.hr\/en\/ltc-bajcetic-sijanski-the-first-female-commander-of-the-contingent-deployed-to-international-activity\/","title":{"rendered":"LTC Baj\u010deti\u0107 \u0160ijanski, the first female Commander of the Contingent deployed to international activity"},"content":{"rendered":"<p>Today, on 12 February 2025, the 6th Croatian Contingent was sent from the barracks of the 1st Guards Brigade Tigrovi \u2013 Croatia to be deployed to the area of operation of NATO Forward Land Forces in Hungary.<\/p>\n<p>The 6th Croatian Contingent consists of a total of 64 members, eight of whom are women. For the first time, the duty of Commander of the Contingent deployed to international activity is held by a woman, LTC Mirna Baj\u010deti\u0107 \u0160ijanski.<\/p>\n<p>Commander of the Command Operations Centre of the CAF General Staff BG \u017deljko Ljubas said: &#8220;Participation in NATO activities of the forward land forces in Hungary significantly affects the development of the CAF capabilities, increases the level of interoperability with the armed forces of other members, and directly contributes to strengthening the deterrence and collective defence of the North Atlantic Alliance.&#8221;<\/p>\n<p>On this occasion LTC Mirna Baj\u010deti\u0107 \u0160ijanski emphasized: &#8220;It is an honour for me to be the Commander of these professional people, this is just another in a series of positions today where women in the Croatian Army perform daily responsible duties, from soldiers in Patria AMV to Heads of Directorates.<\/p>\n<p>Women and men in the Croatian Army have equal rights and obligations, so there are no gender differences in our system,&#8221; and added that she joined the Croatian Army 19 years ago.<\/p>\n<p>&#8220;Years of dedicated work, learning and training are behind us, as well as the entire pre-deployment training process that we all successfully mastered in order to be trained for the tasks that await us,&#8221; she told everyone present, adding that the period of work in an international environment with NATO partners in the Hungarian-led Forward Land Forces Battle Group will follow.<\/p>\n<p>&#8220;Dear families and friends, thank you for your support in our decision to participate in this international peace support activity. I know you will be anxious and worried because this is what families do for their loved ones,&#8221; LTC Baj\u010deti\u0107 \u0160ijanski said in the closing part of her speech.<\/p>\n<p>&#8220;This is my first mission, but I will be deployed to it with members who have already been there as members of the first Contingent. Therefore, my desire to work and their experience are a winning combination for successful implementation of the mission,&#8221; the youngest member of the Contingent said, the twenty-four-year-old leader of the Forward Land Forces&#8217; Civil-Military Cooperation Team, 2LT Franjo Rora.<\/p>\n<p>&#8220;This is my fifth mission in a series and one of many international activities, given that I often participate in international military exercises. I am the SM of the Military Police Platoon and the CSM of the entire Contingent, I have a double duty and we are going to complete the mission in the best possible way,&#8221; MS Robert Barbir explained, one of the last first conscripts of the Croatian Army and an experienced soldier, who took part in the Homeland War and missions from Afghanistan and the Golan Heights to Hungary.<\/p>\n<p>&#8220;The main motivation for deployment to a mission such as this is the desire for professional development for myself and all my colleagues who are going with me,&#8221; explained one of the eight female soldiers who will travel to Hungary, CPL Elena Kraljevi\u0107, team leader in the Military Police Platoon, about her motivation for deployment to an international mission.<\/p>\n<p><strong>Contingent Commander<\/strong><\/p>\n<p>LTC Mirna Baj\u010deti\u0107 \u0160ijanski has been a member of the Croatian Army since 2006, and in 2022 she graduated from the Blago Zadro Interbranch Command and Staff School. She participated in NATO activities of the enhanced Forward Presence in the Republic of Poland.<\/p>\n<p><strong>The NATO Forward Land Forces Battle Group in Hungary<\/strong><\/p>\n<p>Members of the Croatian Armed Forces will spend six months in NATO activity of Forward Land Forces in Hungary. The following components are departing for Hungary: the Command Team, the National Support Element, the staff personnel, the Military Police Platoon, the Protection Squad, the Explosive Ordnance Disposal Team, the Tactical Team for civil-military cooperation (CIMIC team) and the Medical Team (MEDIC team).<\/p>\n<p>A total of 320 members have been deployed to NATO Forward Land Forces area of operations in Hungary so far, 31 of whom are women.<\/p>\n<p>The NATO Forward Land Forces Battle Group in Hungary is composed of forces from Hungary, the Republic of Croatia, the Italian Republic and the Republic of Turkey. The forces from the United States of America are also participating in this activity, although they are not formally part of the Battle Group. The lead nation is Hungary. Participation in NATO Enhanced Vigilance Activity in Hungary significantly affects the development of the capabilities of the Croatian Armed Forces, increases the level of interoperability with armed forces of other member states, and directly contributes to strengthening the deterrence and collective defence of the North Atlantic Alliance. In this way, the Republic of Croatia confirms its commitment to implementation of the Allied decisions and continues to build international credibility, as well as political and military credibility within the Alliance.<\/p>\n<div class=\"morh-galleria\"><a href=\"https:\/\/live.staticflickr.com\/65535\/54323070565_2eb409dd99_h.jpg\" title=\"Pukovnica Baj\u010deti\u0107 \u0160ijanski prva zapovjednica kontingenta koji se upu\u0107uje u me\u0111unarodnu aktivnost\"><img decoding=\"async\" data-title=\"Pukovnica Baj\u010deti\u0107 \u0160ijanski prva zapovjednica kontingenta koji se upu\u0107uje u me\u0111unarodnu aktivnost\" data-description=\"Iz vojarne 1. gardijske brigade Tigrovi \u2013 Croatia, danas 12. velja\u010de 2025. upu\u0107en je 6. hrvatski kontingent u podru\u010dje aktivnosti NATO prednjih kopnenih snaga u Ma\u0111arsku | Foto: MORH\/ F. Klen\" alt=\"Pukovnica Baj\u010deti\u0107 \u0160ijanski prva zapovjednica kontingenta koji se upu\u0107uje u me\u0111unarodnu aktivnost\" src=\"https:\/\/live.staticflickr.com\/65535\/54323070565_2eb409dd99_h.jpg\" data-layer=\"&lt;div class=&#039;morh-gallery-image-download&#039;&gt;&lt;a href=&#039;https:\/\/live.staticflickr.com\/65535\/54323070565_a630820bf0_o.jpg&#039; target=&#039;_blank&#039;&gt;Slika za preuzimanje&lt;\/a&gt;&lt;\/div&gt;\" \/><\/a><a href=\"https:\/\/live.staticflickr.com\/65535\/54322887639_80cbbabf4d_h.jpg\" title=\"Pukovnica Baj\u010deti\u0107 \u0160ijanski prva zapovjednica kontingenta koji se upu\u0107uje u me\u0111unarodnu aktivnost\"><img decoding=\"async\" data-title=\"Pukovnica Baj\u010deti\u0107 \u0160ijanski prva zapovjednica kontingenta koji se upu\u0107uje u me\u0111unarodnu aktivnost\" data-description=\"Iz vojarne 1. gardijske brigade Tigrovi \u2013 Croatia, danas 12. velja\u010de 2025. upu\u0107en je 6. hrvatski kontingent u podru\u010dje aktivnosti NATO prednjih kopnenih snaga u Ma\u0111arsku | Foto: MORH\/ F. Klen\" alt=\"Pukovnica Baj\u010deti\u0107 \u0160ijanski prva zapovjednica kontingenta koji se upu\u0107uje u me\u0111unarodnu aktivnost\" src=\"https:\/\/live.staticflickr.com\/65535\/54322887639_80cbbabf4d_h.jpg\" data-layer=\"&lt;div class=&#039;morh-gallery-image-download&#039;&gt;&lt;a href=&#039;https:\/\/live.staticflickr.com\/65535\/54322887639_7601f3c25b_o.jpg&#039; target=&#039;_blank&#039;&gt;Slika za preuzimanje&lt;\/a&gt;&lt;\/div&gt;\" \/><\/a><a href=\"https:\/\/live.staticflickr.com\/65535\/54323070555_75479f9867_h.jpg\" title=\"Pukovnica Baj\u010deti\u0107 \u0160ijanski prva zapovjednica kontingenta koji se upu\u0107uje u me\u0111unarodnu aktivnost\"><img decoding=\"async\" data-title=\"Pukovnica Baj\u010deti\u0107 \u0160ijanski prva zapovjednica kontingenta koji se upu\u0107uje u me\u0111unarodnu aktivnost\" data-description=\"Iz vojarne 1. gardijske brigade Tigrovi \u2013 Croatia, danas 12. velja\u010de 2025. upu\u0107en je 6. hrvatski kontingent u podru\u010dje aktivnosti NATO prednjih kopnenih snaga u Ma\u0111arsku | Foto: MORH\/ F. Klen\" alt=\"Pukovnica Baj\u010deti\u0107 \u0160ijanski prva zapovjednica kontingenta koji se upu\u0107uje u me\u0111unarodnu aktivnost\" src=\"https:\/\/live.staticflickr.com\/65535\/54323070555_75479f9867_h.jpg\" data-layer=\"&lt;div class=&#039;morh-gallery-image-download&#039;&gt;&lt;a href=&#039;https:\/\/live.staticflickr.com\/65535\/54323070555_933d4bfd8c_o.jpg&#039; target=&#039;_blank&#039;&gt;Slika za preuzimanje&lt;\/a&gt;&lt;\/div&gt;\" \/><\/a><a href=\"https:\/\/live.staticflickr.com\/65535\/54322654836_5f7da68dd6_h.jpg\" title=\"Pukovnica Baj\u010deti\u0107 \u0160ijanski prva zapovjednica kontingenta koji se upu\u0107uje u me\u0111unarodnu aktivnost\"><img decoding=\"async\" data-title=\"Pukovnica Baj\u010deti\u0107 \u0160ijanski prva zapovjednica kontingenta koji se upu\u0107uje u me\u0111unarodnu aktivnost\" data-description=\"Iz vojarne 1. gardijske brigade Tigrovi \u2013 Croatia, danas 12. velja\u010de 2025. upu\u0107en je 6. hrvatski kontingent u podru\u010dje aktivnosti NATO prednjih kopnenih snaga u Ma\u0111arsku | Foto: MORH\/ F. Klen\" alt=\"Pukovnica Baj\u010deti\u0107 \u0160ijanski prva zapovjednica kontingenta koji se upu\u0107uje u me\u0111unarodnu aktivnost\" src=\"https:\/\/live.staticflickr.com\/65535\/54322654836_5f7da68dd6_h.jpg\" data-layer=\"&lt;div class=&#039;morh-gallery-image-download&#039;&gt;&lt;a href=&#039;https:\/\/live.staticflickr.com\/65535\/54322654836_e390583bcb_o.jpg&#039; target=&#039;_blank&#039;&gt;Slika za preuzimanje&lt;\/a&gt;&lt;\/div&gt;\" \/><\/a><a href=\"https:\/\/live.staticflickr.com\/65535\/54323070460_3504c0398c_h.jpg\" title=\"Pukovnica Baj\u010deti\u0107 \u0160ijanski prva zapovjednica kontingenta koji se upu\u0107uje u me\u0111unarodnu aktivnost\"><img decoding=\"async\" data-title=\"Pukovnica Baj\u010deti\u0107 \u0160ijanski prva zapovjednica kontingenta koji se upu\u0107uje u me\u0111unarodnu aktivnost\" data-description=\"Iz vojarne 1. gardijske brigade Tigrovi \u2013 Croatia, danas 12. velja\u010de 2025. upu\u0107en je 6. hrvatski kontingent u podru\u010dje aktivnosti NATO prednjih kopnenih snaga u Ma\u0111arsku | Foto: MORH\/ F. Klen\" alt=\"Pukovnica Baj\u010deti\u0107 \u0160ijanski prva zapovjednica kontingenta koji se upu\u0107uje u me\u0111unarodnu aktivnost\" src=\"https:\/\/live.staticflickr.com\/65535\/54323070460_3504c0398c_h.jpg\" data-layer=\"&lt;div class=&#039;morh-gallery-image-download&#039;&gt;&lt;a href=&#039;https:\/\/live.staticflickr.com\/65535\/54323070460_52352b5500_o.jpg&#039; target=&#039;_blank&#039;&gt;Slika za preuzimanje&lt;\/a&gt;&lt;\/div&gt;\" \/><\/a><a href=\"https:\/\/live.staticflickr.com\/65535\/54322654726_cacb20e658_h.jpg\" title=\"Pukovnica Baj\u010deti\u0107 \u0160ijanski prva zapovjednica kontingenta koji se upu\u0107uje u me\u0111unarodnu aktivnost\"><img decoding=\"async\" data-title=\"Pukovnica Baj\u010deti\u0107 \u0160ijanski prva zapovjednica kontingenta koji se upu\u0107uje u me\u0111unarodnu aktivnost\" data-description=\"Iz vojarne 1. gardijske brigade Tigrovi \u2013 Croatia, danas 12. velja\u010de 2025. upu\u0107en je 6. hrvatski kontingent u podru\u010dje aktivnosti NATO prednjih kopnenih snaga u Ma\u0111arsku | Foto: MORH\/ F. Klen\" alt=\"Pukovnica Baj\u010deti\u0107 \u0160ijanski prva zapovjednica kontingenta koji se upu\u0107uje u me\u0111unarodnu aktivnost\" src=\"https:\/\/live.staticflickr.com\/65535\/54322654726_cacb20e658_h.jpg\" data-layer=\"&lt;div class=&#039;morh-gallery-image-download&#039;&gt;&lt;a href=&#039;https:\/\/live.staticflickr.com\/65535\/54322654726_e6cbff95f9_o.jpg&#039; target=&#039;_blank&#039;&gt;Slika za preuzimanje&lt;\/a&gt;&lt;\/div&gt;\" \/><\/a><a href=\"https:\/\/live.staticflickr.com\/65535\/54322885028_1e31b78d14_h.jpg\" title=\"Pukovnica Baj\u010deti\u0107 \u0160ijanski prva zapovjednica kontingenta koji se upu\u0107uje u me\u0111unarodnu aktivnost\"><img decoding=\"async\" data-title=\"Pukovnica Baj\u010deti\u0107 \u0160ijanski prva zapovjednica kontingenta koji se upu\u0107uje u me\u0111unarodnu aktivnost\" data-description=\"Iz vojarne 1. gardijske brigade Tigrovi \u2013 Croatia, danas 12. velja\u010de 2025. upu\u0107en je 6. hrvatski kontingent u podru\u010dje aktivnosti NATO prednjih kopnenih snaga u Ma\u0111arsku | Foto: MORH\/ F. Klen\" alt=\"Pukovnica Baj\u010deti\u0107 \u0160ijanski prva zapovjednica kontingenta koji se upu\u0107uje u me\u0111unarodnu aktivnost\" src=\"https:\/\/live.staticflickr.com\/65535\/54322885028_1e31b78d14_h.jpg\" data-layer=\"&lt;div class=&#039;morh-gallery-image-download&#039;&gt;&lt;a href=&#039;https:\/\/live.staticflickr.com\/65535\/54322885028_9f9d65313b_o.jpg&#039; target=&#039;_blank&#039;&gt;Slika za preuzimanje&lt;\/a&gt;&lt;\/div&gt;\" \/><\/a><a href=\"https:\/\/live.staticflickr.com\/65535\/54321765917_a66cbc9b9a_h.jpg\" title=\"Pukovnica Baj\u010deti\u0107 \u0160ijanski prva zapovjednica kontingenta koji se upu\u0107uje u me\u0111unarodnu aktivnost\"><img decoding=\"async\" data-title=\"Pukovnica Baj\u010deti\u0107 \u0160ijanski prva zapovjednica kontingenta koji se upu\u0107uje u me\u0111unarodnu aktivnost\" data-description=\"Iz vojarne 1. gardijske brigade Tigrovi \u2013 Croatia, danas 12. velja\u010de 2025. upu\u0107en je 6. hrvatski kontingent u podru\u010dje aktivnosti NATO prednjih kopnenih snaga u Ma\u0111arsku | Foto: MORH\/ F. Klen\" alt=\"Pukovnica Baj\u010deti\u0107 \u0160ijanski prva zapovjednica kontingenta koji se upu\u0107uje u me\u0111unarodnu aktivnost\" src=\"https:\/\/live.staticflickr.com\/65535\/54321765917_a66cbc9b9a_h.jpg\" data-layer=\"&lt;div class=&#039;morh-gallery-image-download&#039;&gt;&lt;a href=&#039;https:\/\/live.staticflickr.com\/65535\/54321765917_117f04d570_o.jpg&#039; target=&#039;_blank&#039;&gt;Slika za preuzimanje&lt;\/a&gt;&lt;\/div&gt;\" \/><\/a><a href=\"https:\/\/live.staticflickr.com\/65535\/54322887629_084923077f_h.jpg\" title=\"Pukovnica Baj\u010deti\u0107 \u0160ijanski prva zapovjednica kontingenta koji se upu\u0107uje u me\u0111unarodnu aktivnost\"><img decoding=\"async\" data-title=\"Pukovnica Baj\u010deti\u0107 \u0160ijanski prva zapovjednica kontingenta koji se upu\u0107uje u me\u0111unarodnu aktivnost\" data-description=\"Iz vojarne 1. gardijske brigade Tigrovi \u2013 Croatia, danas 12. velja\u010de 2025. upu\u0107en je 6. hrvatski kontingent u podru\u010dje aktivnosti NATO prednjih kopnenih snaga u Ma\u0111arsku | Foto: MORH\/ F. Klen\" alt=\"Pukovnica Baj\u010deti\u0107 \u0160ijanski prva zapovjednica kontingenta koji se upu\u0107uje u me\u0111unarodnu aktivnost\" src=\"https:\/\/live.staticflickr.com\/65535\/54322887629_084923077f_h.jpg\" data-layer=\"&lt;div class=&#039;morh-gallery-image-download&#039;&gt;&lt;a href=&#039;https:\/\/live.staticflickr.com\/65535\/54322887629_d4e4dac4a6_o.jpg&#039; target=&#039;_blank&#039;&gt;Slika za preuzimanje&lt;\/a&gt;&lt;\/div&gt;\" \/><\/a><a href=\"https:\/\/live.staticflickr.com\/65535\/54323070535_db1b8003f8_h.jpg\" title=\"Pukovnica Baj\u010deti\u0107 \u0160ijanski prva zapovjednica kontingenta koji se upu\u0107uje u me\u0111unarodnu aktivnost\"><img decoding=\"async\" data-title=\"Pukovnica Baj\u010deti\u0107 \u0160ijanski prva zapovjednica kontingenta koji se upu\u0107uje u me\u0111unarodnu aktivnost\" data-description=\"Iz vojarne 1. gardijske brigade Tigrovi \u2013 Croatia, danas 12. velja\u010de 2025. upu\u0107en je 6. hrvatski kontingent u podru\u010dje aktivnosti NATO prednjih kopnenih snaga u Ma\u0111arsku | Foto: MORH\/ F. Klen\" alt=\"Pukovnica Baj\u010deti\u0107 \u0160ijanski prva zapovjednica kontingenta koji se upu\u0107uje u me\u0111unarodnu aktivnost\" src=\"https:\/\/live.staticflickr.com\/65535\/54323070535_db1b8003f8_h.jpg\" data-layer=\"&lt;div class=&#039;morh-gallery-image-download&#039;&gt;&lt;a href=&#039;https:\/\/live.staticflickr.com\/65535\/54323070535_d20094c2c4_o.jpg&#039; target=&#039;_blank&#039;&gt;Slika za preuzimanje&lt;\/a&gt;&lt;\/div&gt;\" \/><\/a><a href=\"https:\/\/live.staticflickr.com\/65535\/54322887619_edda16cd39_h.jpg\" title=\"Pukovnica Baj\u010deti\u0107 \u0160ijanski prva zapovjednica kontingenta koji se upu\u0107uje u me\u0111unarodnu aktivnost\"><img decoding=\"async\" data-title=\"Pukovnica Baj\u010deti\u0107 \u0160ijanski prva zapovjednica kontingenta koji se upu\u0107uje u me\u0111unarodnu aktivnost\" data-description=\"Iz vojarne 1. gardijske brigade Tigrovi \u2013 Croatia, danas 12. velja\u010de 2025. upu\u0107en je 6. hrvatski kontingent u podru\u010dje aktivnosti NATO prednjih kopnenih snaga u Ma\u0111arsku | Foto: MORH\/ F. Klen\" alt=\"Pukovnica Baj\u010deti\u0107 \u0160ijanski prva zapovjednica kontingenta koji se upu\u0107uje u me\u0111unarodnu aktivnost\" src=\"https:\/\/live.staticflickr.com\/65535\/54322887619_edda16cd39_h.jpg\" data-layer=\"&lt;div class=&#039;morh-gallery-image-download&#039;&gt;&lt;a href=&#039;https:\/\/live.staticflickr.com\/65535\/54322887619_ae9d510d87_o.jpg&#039; target=&#039;_blank&#039;&gt;Slika za preuzimanje&lt;\/a&gt;&lt;\/div&gt;\" \/><\/a><a href=\"https:\/\/live.staticflickr.com\/65535\/54321765897_45accf0f23_h.jpg\" title=\"Pukovnica Baj\u010deti\u0107 \u0160ijanski prva zapovjednica kontingenta koji se upu\u0107uje u me\u0111unarodnu aktivnost\"><img decoding=\"async\" data-title=\"Pukovnica Baj\u010deti\u0107 \u0160ijanski prva zapovjednica kontingenta koji se upu\u0107uje u me\u0111unarodnu aktivnost\" data-description=\"Iz vojarne 1. gardijske brigade Tigrovi \u2013 Croatia, danas 12. velja\u010de 2025. upu\u0107en je 6. hrvatski kontingent u podru\u010dje aktivnosti NATO prednjih kopnenih snaga u Ma\u0111arsku | Foto: MORH\/ F. Klen\" alt=\"Pukovnica Baj\u010deti\u0107 \u0160ijanski prva zapovjednica kontingenta koji se upu\u0107uje u me\u0111unarodnu aktivnost\" src=\"https:\/\/live.staticflickr.com\/65535\/54321765897_45accf0f23_h.jpg\" data-layer=\"&lt;div class=&#039;morh-gallery-image-download&#039;&gt;&lt;a href=&#039;https:\/\/live.staticflickr.com\/65535\/54321765897_3f2190f42d_o.jpg&#039; target=&#039;_blank&#039;&gt;Slika za preuzimanje&lt;\/a&gt;&lt;\/div&gt;\" \/><\/a><a href=\"https:\/\/live.staticflickr.com\/65535\/54322885113_831b41646a_h.jpg\" title=\"Pukovnica Baj\u010deti\u0107 \u0160ijanski prva zapovjednica kontingenta koji se upu\u0107uje u me\u0111unarodnu aktivnost\"><img decoding=\"async\" data-title=\"Pukovnica Baj\u010deti\u0107 \u0160ijanski prva zapovjednica kontingenta koji se upu\u0107uje u me\u0111unarodnu aktivnost\" data-description=\"Iz vojarne 1. gardijske brigade Tigrovi \u2013 Croatia, danas 12. velja\u010de 2025. upu\u0107en je 6. hrvatski kontingent u podru\u010dje aktivnosti NATO prednjih kopnenih snaga u Ma\u0111arsku | Foto: MORH\/ F. Klen\" alt=\"Pukovnica Baj\u010deti\u0107 \u0160ijanski prva zapovjednica kontingenta koji se upu\u0107uje u me\u0111unarodnu aktivnost\" src=\"https:\/\/live.staticflickr.com\/65535\/54322885113_831b41646a_h.jpg\" data-layer=\"&lt;div class=&#039;morh-gallery-image-download&#039;&gt;&lt;a href=&#039;https:\/\/live.staticflickr.com\/65535\/54322885113_3862c63bf4_o.jpg&#039; target=&#039;_blank&#039;&gt;Slika za preuzimanje&lt;\/a&gt;&lt;\/div&gt;\" \/><\/a><a href=\"https:\/\/live.staticflickr.com\/65535\/54322885103_fee9269baa_h.jpg\" title=\"Pukovnica Baj\u010deti\u0107 \u0160ijanski prva zapovjednica kontingenta koji se upu\u0107uje u me\u0111unarodnu aktivnost\"><img decoding=\"async\" data-title=\"Pukovnica Baj\u010deti\u0107 \u0160ijanski prva zapovjednica kontingenta koji se upu\u0107uje u me\u0111unarodnu aktivnost\" data-description=\"Iz vojarne 1. gardijske brigade Tigrovi \u2013 Croatia, danas 12. velja\u010de 2025. upu\u0107en je 6. hrvatski kontingent u podru\u010dje aktivnosti NATO prednjih kopnenih snaga u Ma\u0111arsku | Foto: MORH\/ F. Klen\" alt=\"Pukovnica Baj\u010deti\u0107 \u0160ijanski prva zapovjednica kontingenta koji se upu\u0107uje u me\u0111unarodnu aktivnost\" src=\"https:\/\/live.staticflickr.com\/65535\/54322885103_fee9269baa_h.jpg\" data-layer=\"&lt;div class=&#039;morh-gallery-image-download&#039;&gt;&lt;a href=&#039;https:\/\/live.staticflickr.com\/65535\/54322885103_09cc1ec92d_o.jpg&#039; target=&#039;_blank&#039;&gt;Slika za preuzimanje&lt;\/a&gt;&lt;\/div&gt;\" \/><\/a><a href=\"https:\/\/live.staticflickr.com\/65535\/54321765882_1422d55032_h.jpg\" title=\"Pukovnica Baj\u010deti\u0107 \u0160ijanski prva zapovjednica kontingenta koji se upu\u0107uje u me\u0111unarodnu aktivnost\"><img decoding=\"async\" data-title=\"Pukovnica Baj\u010deti\u0107 \u0160ijanski prva zapovjednica kontingenta koji se upu\u0107uje u me\u0111unarodnu aktivnost\" data-description=\"Iz vojarne 1. gardijske brigade Tigrovi \u2013 Croatia, danas 12. velja\u010de 2025. upu\u0107en je 6. hrvatski kontingent u podru\u010dje aktivnosti NATO prednjih kopnenih snaga u Ma\u0111arsku | Foto: MORH\/ F. Klen\" alt=\"Pukovnica Baj\u010deti\u0107 \u0160ijanski prva zapovjednica kontingenta koji se upu\u0107uje u me\u0111unarodnu aktivnost\" src=\"https:\/\/live.staticflickr.com\/65535\/54321765882_1422d55032_h.jpg\" data-layer=\"&lt;div class=&#039;morh-gallery-image-download&#039;&gt;&lt;a href=&#039;https:\/\/live.staticflickr.com\/65535\/54321765882_a8b8873cb1_o.jpg&#039; target=&#039;_blank&#039;&gt;Slika za preuzimanje&lt;\/a&gt;&lt;\/div&gt;\" \/><\/a><a href=\"https:\/\/live.staticflickr.com\/65535\/54322885083_b068ff8569_h.jpg\" title=\"Pukovnica Baj\u010deti\u0107 \u0160ijanski prva zapovjednica kontingenta koji se upu\u0107uje u me\u0111unarodnu aktivnost\"><img decoding=\"async\" data-title=\"Pukovnica Baj\u010deti\u0107 \u0160ijanski prva zapovjednica kontingenta koji se upu\u0107uje u me\u0111unarodnu aktivnost\" data-description=\"Iz vojarne 1. gardijske brigade Tigrovi \u2013 Croatia, danas 12. velja\u010de 2025. upu\u0107en je 6. hrvatski kontingent u podru\u010dje aktivnosti NATO prednjih kopnenih snaga u Ma\u0111arsku | Foto: MORH\/ F. Klen\" alt=\"Pukovnica Baj\u010deti\u0107 \u0160ijanski prva zapovjednica kontingenta koji se upu\u0107uje u me\u0111unarodnu aktivnost\" src=\"https:\/\/live.staticflickr.com\/65535\/54322885083_b068ff8569_h.jpg\" data-layer=\"&lt;div class=&#039;morh-gallery-image-download&#039;&gt;&lt;a href=&#039;https:\/\/live.staticflickr.com\/65535\/54322885083_ed81c3f947_o.jpg&#039; target=&#039;_blank&#039;&gt;Slika za preuzimanje&lt;\/a&gt;&lt;\/div&gt;\" \/><\/a><a href=\"https:\/\/live.staticflickr.com\/65535\/54322654771_52c476a6f4_h.jpg\" title=\"Pukovnica Baj\u010deti\u0107 \u0160ijanski prva zapovjednica kontingenta koji se upu\u0107uje u me\u0111unarodnu aktivnost\"><img decoding=\"async\" data-title=\"Pukovnica Baj\u010deti\u0107 \u0160ijanski prva zapovjednica kontingenta koji se upu\u0107uje u me\u0111unarodnu aktivnost\" data-description=\"Iz vojarne 1. gardijske brigade Tigrovi \u2013 Croatia, danas 12. velja\u010de 2025. upu\u0107en je 6. hrvatski kontingent u podru\u010dje aktivnosti NATO prednjih kopnenih snaga u Ma\u0111arsku | Foto: MORH\/ F. Klen\" alt=\"Pukovnica Baj\u010deti\u0107 \u0160ijanski prva zapovjednica kontingenta koji se upu\u0107uje u me\u0111unarodnu aktivnost\" src=\"https:\/\/live.staticflickr.com\/65535\/54322654771_52c476a6f4_h.jpg\" data-layer=\"&lt;div class=&#039;morh-gallery-image-download&#039;&gt;&lt;a href=&#039;https:\/\/live.staticflickr.com\/65535\/54322654771_ae0e7a21cf_o.jpg&#039; target=&#039;_blank&#039;&gt;Slika za preuzimanje&lt;\/a&gt;&lt;\/div&gt;\" \/><\/a><a href=\"https:\/\/live.staticflickr.com\/65535\/54322887569_5e5d07dfd2_h.jpg\" title=\"Pukovnica Baj\u010deti\u0107 \u0160ijanski prva zapovjednica kontingenta koji se upu\u0107uje u me\u0111unarodnu aktivnost\"><img decoding=\"async\" data-title=\"Pukovnica Baj\u010deti\u0107 \u0160ijanski prva zapovjednica kontingenta koji se upu\u0107uje u me\u0111unarodnu aktivnost\" data-description=\"Iz vojarne 1. gardijske brigade Tigrovi \u2013 Croatia, danas 12. velja\u010de 2025. upu\u0107en je 6. hrvatski kontingent u podru\u010dje aktivnosti NATO prednjih kopnenih snaga u Ma\u0111arsku | Foto: MORH\/ F. Klen\" alt=\"Pukovnica Baj\u010deti\u0107 \u0160ijanski prva zapovjednica kontingenta koji se upu\u0107uje u me\u0111unarodnu aktivnost\" src=\"https:\/\/live.staticflickr.com\/65535\/54322887569_5e5d07dfd2_h.jpg\" data-layer=\"&lt;div class=&#039;morh-gallery-image-download&#039;&gt;&lt;a href=&#039;https:\/\/live.staticflickr.com\/65535\/54322887569_a2edf488b9_o.jpg&#039; target=&#039;_blank&#039;&gt;Slika za preuzimanje&lt;\/a&gt;&lt;\/div&gt;\" \/><\/a><a href=\"https:\/\/live.staticflickr.com\/65535\/54322885078_d6d09b3105_h.jpg\" title=\"Pukovnica Baj\u010deti\u0107 \u0160ijanski prva zapovjednica kontingenta koji se upu\u0107uje u me\u0111unarodnu aktivnost\"><img decoding=\"async\" data-title=\"Pukovnica Baj\u010deti\u0107 \u0160ijanski prva zapovjednica kontingenta koji se upu\u0107uje u me\u0111unarodnu aktivnost\" data-description=\"Iz vojarne 1. gardijske brigade Tigrovi \u2013 Croatia, danas 12. velja\u010de 2025. upu\u0107en je 6. hrvatski kontingent u podru\u010dje aktivnosti NATO prednjih kopnenih snaga u Ma\u0111arsku | Foto: MORH\/ F. Klen\" alt=\"Pukovnica Baj\u010deti\u0107 \u0160ijanski prva zapovjednica kontingenta koji se upu\u0107uje u me\u0111unarodnu aktivnost\" src=\"https:\/\/live.staticflickr.com\/65535\/54322885078_d6d09b3105_h.jpg\" data-layer=\"&lt;div class=&#039;morh-gallery-image-download&#039;&gt;&lt;a href=&#039;https:\/\/live.staticflickr.com\/65535\/54322885078_6fdf856fa0_o.jpg&#039; target=&#039;_blank&#039;&gt;Slika za preuzimanje&lt;\/a&gt;&lt;\/div&gt;\" \/><\/a><a href=\"https:\/\/live.staticflickr.com\/65535\/54322887539_b024f0c5f1_h.jpg\" title=\"Pukovnica Baj\u010deti\u0107 \u0160ijanski prva zapovjednica kontingenta koji se upu\u0107uje u me\u0111unarodnu aktivnost\"><img decoding=\"async\" data-title=\"Pukovnica Baj\u010deti\u0107 \u0160ijanski prva zapovjednica kontingenta koji se upu\u0107uje u me\u0111unarodnu aktivnost\" data-description=\"Iz vojarne 1. gardijske brigade Tigrovi \u2013 Croatia, danas 12. velja\u010de 2025. upu\u0107en je 6. hrvatski kontingent u podru\u010dje aktivnosti NATO prednjih kopnenih snaga u Ma\u0111arsku | Foto: MORH\/ F. Klen\" alt=\"Pukovnica Baj\u010deti\u0107 \u0160ijanski prva zapovjednica kontingenta koji se upu\u0107uje u me\u0111unarodnu aktivnost\" src=\"https:\/\/live.staticflickr.com\/65535\/54322887539_b024f0c5f1_h.jpg\" data-layer=\"&lt;div class=&#039;morh-gallery-image-download&#039;&gt;&lt;a href=&#039;https:\/\/live.staticflickr.com\/65535\/54322887539_41d756564c_o.jpg&#039; target=&#039;_blank&#039;&gt;Slika za preuzimanje&lt;\/a&gt;&lt;\/div&gt;\" \/><\/a><a href=\"https:\/\/live.staticflickr.com\/65535\/54323070470_e7ef0a0cef_h.jpg\" title=\"Pukovnica Baj\u010deti\u0107 \u0160ijanski prva zapovjednica kontingenta koji se upu\u0107uje u me\u0111unarodnu aktivnost\"><img decoding=\"async\" data-title=\"Pukovnica Baj\u010deti\u0107 \u0160ijanski prva zapovjednica kontingenta koji se upu\u0107uje u me\u0111unarodnu aktivnost\" data-description=\"Iz vojarne 1. gardijske brigade Tigrovi \u2013 Croatia, danas 12. velja\u010de 2025. upu\u0107en je 6. hrvatski kontingent u podru\u010dje aktivnosti NATO prednjih kopnenih snaga u Ma\u0111arsku | Foto: MORH\/ F. Klen\" alt=\"Pukovnica Baj\u010deti\u0107 \u0160ijanski prva zapovjednica kontingenta koji se upu\u0107uje u me\u0111unarodnu aktivnost\" src=\"https:\/\/live.staticflickr.com\/65535\/54323070470_e7ef0a0cef_h.jpg\" data-layer=\"&lt;div class=&#039;morh-gallery-image-download&#039;&gt;&lt;a href=&#039;https:\/\/live.staticflickr.com\/65535\/54323070470_e0c4841196_o.jpg&#039; target=&#039;_blank&#039;&gt;Slika za preuzimanje&lt;\/a&gt;&lt;\/div&gt;\" \/><\/a><a href=\"https:\/\/live.staticflickr.com\/65535\/54322654706_f9c3b432a0_h.jpg\" title=\"Pukovnica Baj\u010deti\u0107 \u0160ijanski prva zapovjednica kontingenta koji se upu\u0107uje u me\u0111unarodnu aktivnost\"><img decoding=\"async\" data-title=\"Pukovnica Baj\u010deti\u0107 \u0160ijanski prva zapovjednica kontingenta koji se upu\u0107uje u me\u0111unarodnu aktivnost\" data-description=\"Iz vojarne 1. gardijske brigade Tigrovi \u2013 Croatia, danas 12. velja\u010de 2025. upu\u0107en je 6. hrvatski kontingent u podru\u010dje aktivnosti NATO prednjih kopnenih snaga u Ma\u0111arsku | Foto: MORH\/ F. Klen\" alt=\"Pukovnica Baj\u010deti\u0107 \u0160ijanski prva zapovjednica kontingenta koji se upu\u0107uje u me\u0111unarodnu aktivnost\" src=\"https:\/\/live.staticflickr.com\/65535\/54322654706_f9c3b432a0_h.jpg\" data-layer=\"&lt;div class=&#039;morh-gallery-image-download&#039;&gt;&lt;a href=&#039;https:\/\/live.staticflickr.com\/65535\/54322654706_fbe1e7ec3b_o.jpg&#039; target=&#039;_blank&#039;&gt;Slika za preuzimanje&lt;\/a&gt;&lt;\/div&gt;\" \/><\/a><a href=\"https:\/\/live.staticflickr.com\/65535\/54322887509_5ff1ffd09b_h.jpg\" title=\"Pukovnica Baj\u010deti\u0107 \u0160ijanski prva zapovjednica kontingenta koji se upu\u0107uje u me\u0111unarodnu aktivnost\"><img decoding=\"async\" data-title=\"Pukovnica Baj\u010deti\u0107 \u0160ijanski prva zapovjednica kontingenta koji se upu\u0107uje u me\u0111unarodnu aktivnost\" data-description=\"Iz vojarne 1. gardijske brigade Tigrovi \u2013 Croatia, danas 12. velja\u010de 2025. upu\u0107en je 6. hrvatski kontingent u podru\u010dje aktivnosti NATO prednjih kopnenih snaga u Ma\u0111arsku | Foto: MORH\/ F. Klen\" alt=\"Pukovnica Baj\u010deti\u0107 \u0160ijanski prva zapovjednica kontingenta koji se upu\u0107uje u me\u0111unarodnu aktivnost\" src=\"https:\/\/live.staticflickr.com\/65535\/54322887509_5ff1ffd09b_h.jpg\" data-layer=\"&lt;div class=&#039;morh-gallery-image-download&#039;&gt;&lt;a href=&#039;https:\/\/live.staticflickr.com\/65535\/54322887509_1b5dcbf911_o.jpg&#039; target=&#039;_blank&#039;&gt;Slika za preuzimanje&lt;\/a&gt;&lt;\/div&gt;\" \/><\/a><a href=\"https:\/\/live.staticflickr.com\/65535\/54322885008_c7a515f41c_h.jpg\" title=\"Pukovnica Baj\u010deti\u0107 \u0160ijanski prva zapovjednica kontingenta koji se upu\u0107uje u me\u0111unarodnu aktivnost\"><img decoding=\"async\" data-title=\"Pukovnica Baj\u010deti\u0107 \u0160ijanski prva zapovjednica kontingenta koji se upu\u0107uje u me\u0111unarodnu aktivnost\" data-description=\"Iz vojarne 1. gardijske brigade Tigrovi \u2013 Croatia, danas 12. velja\u010de 2025. upu\u0107en je 6. hrvatski kontingent u podru\u010dje aktivnosti NATO prednjih kopnenih snaga u Ma\u0111arsku | Foto: MORH\/ F. Klen\" alt=\"Pukovnica Baj\u010deti\u0107 \u0160ijanski prva zapovjednica kontingenta koji se upu\u0107uje u me\u0111unarodnu aktivnost\" src=\"https:\/\/live.staticflickr.com\/65535\/54322885008_c7a515f41c_h.jpg\" data-layer=\"&lt;div class=&#039;morh-gallery-image-download&#039;&gt;&lt;a href=&#039;https:\/\/live.staticflickr.com\/65535\/54322885008_de7332949e_o.jpg&#039; target=&#039;_blank&#039;&gt;Slika za preuzimanje&lt;\/a&gt;&lt;\/div&gt;\" \/><\/a><a href=\"https:\/\/live.staticflickr.com\/65535\/54321765802_197d625720_h.jpg\" title=\"Pukovnica Baj\u010deti\u0107 \u0160ijanski prva zapovjednica kontingenta koji se upu\u0107uje u me\u0111unarodnu aktivnost\"><img decoding=\"async\" data-title=\"Pukovnica Baj\u010deti\u0107 \u0160ijanski prva zapovjednica kontingenta koji se upu\u0107uje u me\u0111unarodnu aktivnost\" data-description=\"Iz vojarne 1. gardijske brigade Tigrovi \u2013 Croatia, danas 12. velja\u010de 2025. upu\u0107en je 6. hrvatski kontingent u podru\u010dje aktivnosti NATO prednjih kopnenih snaga u Ma\u0111arsku | Foto: MORH\/ F. Klen\" alt=\"Pukovnica Baj\u010deti\u0107 \u0160ijanski prva zapovjednica kontingenta koji se upu\u0107uje u me\u0111unarodnu aktivnost\" src=\"https:\/\/live.staticflickr.com\/65535\/54321765802_197d625720_h.jpg\" data-layer=\"&lt;div class=&#039;morh-gallery-image-download&#039;&gt;&lt;a href=&#039;https:\/\/live.staticflickr.com\/65535\/54321765802_5a83d40818_o.jpg&#039; target=&#039;_blank&#039;&gt;Slika za preuzimanje&lt;\/a&gt;&lt;\/div&gt;\" \/><\/a><a href=\"https:\/\/live.staticflickr.com\/65535\/54322885158_e56cc81b5b_h.jpg\" title=\"Pukovnica Baj\u010deti\u0107 \u0160ijanski prva zapovjednica kontingenta koji se upu\u0107uje u me\u0111unarodnu aktivnost\"><img decoding=\"async\" data-title=\"Pukovnica Baj\u010deti\u0107 \u0160ijanski prva zapovjednica kontingenta koji se upu\u0107uje u me\u0111unarodnu aktivnost\" data-description=\"Iz vojarne 1. gardijske brigade Tigrovi \u2013 Croatia, danas 12. velja\u010de 2025. upu\u0107en je 6. hrvatski kontingent u podru\u010dje aktivnosti NATO prednjih kopnenih snaga u Ma\u0111arsku | Foto: MORH\/ F. Klen\" alt=\"Pukovnica Baj\u010deti\u0107 \u0160ijanski prva zapovjednica kontingenta koji se upu\u0107uje u me\u0111unarodnu aktivnost\" src=\"https:\/\/live.staticflickr.com\/65535\/54322885158_e56cc81b5b_h.jpg\" data-layer=\"&lt;div class=&#039;morh-gallery-image-download&#039;&gt;&lt;a href=&#039;https:\/\/live.staticflickr.com\/65535\/54322885158_5ac1c0d4eb_o.jpg&#039; target=&#039;_blank&#039;&gt;Slika za preuzimanje&lt;\/a&gt;&lt;\/div&gt;\" \/><\/a><a href=\"https:\/\/live.staticflickr.com\/65535\/54321765952_60a5bf0c0b_h.jpg\" title=\"Pukovnica Baj\u010deti\u0107 \u0160ijanski prva zapovjednica kontingenta koji se upu\u0107uje u me\u0111unarodnu aktivnost\"><img decoding=\"async\" data-title=\"Pukovnica Baj\u010deti\u0107 \u0160ijanski prva zapovjednica kontingenta koji se upu\u0107uje u me\u0111unarodnu aktivnost\" data-description=\"Iz vojarne 1. gardijske brigade Tigrovi \u2013 Croatia, danas 12. velja\u010de 2025. upu\u0107en je 6. hrvatski kontingent u podru\u010dje aktivnosti NATO prednjih kopnenih snaga u Ma\u0111arsku | Foto: MORH\/ F. Klen\" alt=\"Pukovnica Baj\u010deti\u0107 \u0160ijanski prva zapovjednica kontingenta koji se upu\u0107uje u me\u0111unarodnu aktivnost\" src=\"https:\/\/live.staticflickr.com\/65535\/54321765952_60a5bf0c0b_h.jpg\" data-layer=\"&lt;div class=&#039;morh-gallery-image-download&#039;&gt;&lt;a href=&#039;https:\/\/live.staticflickr.com\/65535\/54321765952_12b3ea8201_o.jpg&#039; target=&#039;_blank&#039;&gt;Slika za preuzimanje&lt;\/a&gt;&lt;\/div&gt;\" \/><\/a><\/div><!--\/.morh-galleria -->\n","protected":false},"excerpt":{"rendered":"<p>I am honoured to be the Commander of these professional people, this is just another in a series of positions today where women in the Croatian Armed Forces perform daily responsible duties, the Commander of the Contingent said.<\/p>\n","protected":false},"author":3,"featured_media":253709,"comment_status":"closed","ping_status":"closed","sticky":false,"template":"","format":"standard","meta":{"_acf_changed":false,"_monsterinsights_skip_tracking":false,"_monsterinsights_sitenote_active":false,"_monsterinsights_sitenote_note":"","_monsterinsights_sitenote_category":0,"footnotes":""},"categories":[117],"tags":[],"class_list":["post-253708","post","type-post","status-publish","format-standard","has-post-thumbnail","hentry","category-press-releases"],"acf":[],"yoast_head":"<!-- This site is optimized with the Yoast SEO plugin v26.9 - https:\/\/yoast.com\/product\/yoast-seo-wordpress\/ -->\n<title>LTC Baj\u010deti\u0107 \u0160ijanski, the first female Commander of the Contingent deployed to international activity - MORH<\/title>\n<meta name=\"description\" content=\"I am honoured to be the Commander of these professional people, this is just another in a series of positions today where women in the Croatian Armed Forces perform daily responsible duties, the Commander of the Contingent said.\" \/>\n<meta name=\"robots\" content=\"index, follow, max-snippet:-1, max-image-preview:large, max-video-preview:-1\" \/>\n<link rel=\"canonical\" href=\"https:\/\/www.morh.hr\/en\/ltc-bajcetic-sijanski-the-first-female-commander-of-the-contingent-deployed-to-international-activity\/\" \/>\n<meta property=\"og:locale\" content=\"en_US\" \/>\n<meta property=\"og:type\" content=\"article\" \/>\n<meta property=\"og:title\" content=\"LTC Baj\u010deti\u0107 \u0160ijanski, the first female Commander of the Contingent deployed to international activity - MORH\" \/>\n<meta property=\"og:description\" content=\"I am honoured to be the Commander of these professional people, this is just another in a series of positions today where women in the Croatian Armed Forces perform daily responsible duties, the Commander of the Contingent said.\" \/>\n<meta property=\"og:url\" content=\"https:\/\/www.morh.hr\/en\/ltc-bajcetic-sijanski-the-first-female-commander-of-the-contingent-deployed-to-international-activity\/\" \/>\n<meta property=\"og:site_name\" content=\"MORH\" \/>\n<meta property=\"article:publisher\" content=\"https:\/\/www.facebook.com\/sportasiuhrvatskojvojsci\/\" \/>\n<meta property=\"article:published_time\" content=\"2025-02-12T12:21:40+00:00\" \/>\n<meta property=\"article:modified_time\" content=\"2025-11-26T14:14:17+00:00\" \/>\n<meta property=\"og:image\" content=\"https:\/\/www.morh.hr\/wp-content\/uploads\/2025\/04\/2025-02-12-ispracaj-u-madarsku-en.jpg\" \/>\n\t<meta property=\"og:image:width\" content=\"2400\" \/>\n\t<meta property=\"og:image:height\" content=\"1600\" \/>\n\t<meta property=\"og:image:type\" content=\"image\/jpeg\" \/>\n<meta name=\"author\" content=\"Drazen\" \/>\n<meta name=\"twitter:card\" content=\"summary_large_image\" \/>\n<meta name=\"twitter:creator\" content=\"@morh_osrh\" \/>\n<meta name=\"twitter:site\" content=\"@morh_osrh\" \/>\n<meta name=\"twitter:label1\" content=\"Written by\" \/>\n\t<meta name=\"twitter:data1\" content=\"Drazen\" \/>\n\t<meta name=\"twitter:label2\" content=\"Est. reading time\" \/>\n\t<meta name=\"twitter:data2\" content=\"5 minutes\" \/>\n<script type=\"application\/ld+json\" class=\"yoast-schema-graph\">{\"@context\":\"https:\/\/schema.org\",\"@graph\":[{\"@type\":\"Article\",\"@id\":\"https:\/\/www.morh.hr\/en\/ltc-bajcetic-sijanski-the-first-female-commander-of-the-contingent-deployed-to-international-activity\/#article\",\"isPartOf\":{\"@id\":\"https:\/\/www.morh.hr\/en\/ltc-bajcetic-sijanski-the-first-female-commander-of-the-contingent-deployed-to-international-activity\/\"},\"author\":{\"name\":\"Drazen\",\"@id\":\"https:\/\/www.morh.hr\/en\/#\/schema\/person\/2d72e03399043d9513ab6bec75f2ce27\"},\"headline\":\"LTC Baj\u010deti\u0107 \u0160ijanski, the first female Commander of the Contingent deployed to international activity\",\"datePublished\":\"2025-02-12T12:21:40+00:00\",\"dateModified\":\"2025-11-26T14:14:17+00:00\",\"mainEntityOfPage\":{\"@id\":\"https:\/\/www.morh.hr\/en\/ltc-bajcetic-sijanski-the-first-female-commander-of-the-contingent-deployed-to-international-activity\/\"},\"wordCount\":838,\"image\":{\"@id\":\"https:\/\/www.morh.hr\/en\/ltc-bajcetic-sijanski-the-first-female-commander-of-the-contingent-deployed-to-international-activity\/#primaryimage\"},\"thumbnailUrl\":\"https:\/\/www.morh.hr\/wp-content\/uploads\/2025\/04\/2025-02-12-ispracaj-u-madarsku-en.jpg\",\"articleSection\":[\"Press releases\"],\"inLanguage\":\"en-US\"},{\"@type\":\"WebPage\",\"@id\":\"https:\/\/www.morh.hr\/en\/ltc-bajcetic-sijanski-the-first-female-commander-of-the-contingent-deployed-to-international-activity\/\",\"url\":\"https:\/\/www.morh.hr\/en\/ltc-bajcetic-sijanski-the-first-female-commander-of-the-contingent-deployed-to-international-activity\/\",\"name\":\"LTC Baj\u010deti\u0107 \u0160ijanski, the first female Commander of the Contingent deployed to international activity - MORH\",\"isPartOf\":{\"@id\":\"https:\/\/www.morh.hr\/en\/#website\"},\"primaryImageOfPage\":{\"@id\":\"https:\/\/www.morh.hr\/en\/ltc-bajcetic-sijanski-the-first-female-commander-of-the-contingent-deployed-to-international-activity\/#primaryimage\"},\"image\":{\"@id\":\"https:\/\/www.morh.hr\/en\/ltc-bajcetic-sijanski-the-first-female-commander-of-the-contingent-deployed-to-international-activity\/#primaryimage\"},\"thumbnailUrl\":\"https:\/\/www.morh.hr\/wp-content\/uploads\/2025\/04\/2025-02-12-ispracaj-u-madarsku-en.jpg\",\"datePublished\":\"2025-02-12T12:21:40+00:00\",\"dateModified\":\"2025-11-26T14:14:17+00:00\",\"author\":{\"@id\":\"https:\/\/www.morh.hr\/en\/#\/schema\/person\/2d72e03399043d9513ab6bec75f2ce27\"},\"description\":\"I am honoured to be the Commander of these professional people, this is just another in a series of positions today where women in the Croatian Armed Forces perform daily responsible duties, the Commander of the Contingent said.\",\"breadcrumb\":{\"@id\":\"https:\/\/www.morh.hr\/en\/ltc-bajcetic-sijanski-the-first-female-commander-of-the-contingent-deployed-to-international-activity\/#breadcrumb\"},\"inLanguage\":\"en-US\",\"potentialAction\":[{\"@type\":\"ReadAction\",\"target\":[\"https:\/\/www.morh.hr\/en\/ltc-bajcetic-sijanski-the-first-female-commander-of-the-contingent-deployed-to-international-activity\/\"]}]},{\"@type\":\"ImageObject\",\"inLanguage\":\"en-US\",\"@id\":\"https:\/\/www.morh.hr\/en\/ltc-bajcetic-sijanski-the-first-female-commander-of-the-contingent-deployed-to-international-activity\/#primaryimage\",\"url\":\"https:\/\/www.morh.hr\/wp-content\/uploads\/2025\/04\/2025-02-12-ispracaj-u-madarsku-en.jpg\",\"contentUrl\":\"https:\/\/www.morh.hr\/wp-content\/uploads\/2025\/04\/2025-02-12-ispracaj-u-madarsku-en.jpg\",\"width\":2400,\"height\":1600,\"caption\":\"LTC Baj\u010deti\u0107 \u0160ijanski, the first female Commander of the Contingent deployed to international activity| Photo: MORH\/ F. Klen\"},{\"@type\":\"BreadcrumbList\",\"@id\":\"https:\/\/www.morh.hr\/en\/ltc-bajcetic-sijanski-the-first-female-commander-of-the-contingent-deployed-to-international-activity\/#breadcrumb\",\"itemListElement\":[{\"@type\":\"ListItem\",\"position\":1,\"name\":\"Naslovnica\",\"item\":\"https:\/\/www.morh.hr\/en\/\"},{\"@type\":\"ListItem\",\"position\":2,\"name\":\"News\",\"item\":\"https:\/\/www.morh.hr\/en\/kategorija\/news\/\"},{\"@type\":\"ListItem\",\"position\":3,\"name\":\"Press releases\",\"item\":\"https:\/\/www.morh.hr\/en\/kategorija\/news\/press-releases\/\"},{\"@type\":\"ListItem\",\"position\":4,\"name\":\"LTC Baj\u010deti\u0107 \u0160ijanski, the first female Commander of the Contingent deployed to international activity\"}]},{\"@type\":\"WebSite\",\"@id\":\"https:\/\/www.morh.hr\/en\/#website\",\"url\":\"https:\/\/www.morh.hr\/en\/\",\"name\":\"MORH\",\"description\":\"Ministarstvo obrane Republike Hrvatske - slu\u017ebene stranice\",\"potentialAction\":[{\"@type\":\"SearchAction\",\"target\":{\"@type\":\"EntryPoint\",\"urlTemplate\":\"https:\/\/www.morh.hr\/en\/?s={search_term_string}\"},\"query-input\":{\"@type\":\"PropertyValueSpecification\",\"valueRequired\":true,\"valueName\":\"search_term_string\"}}],\"inLanguage\":\"en-US\"},{\"@type\":\"Person\",\"@id\":\"https:\/\/www.morh.hr\/en\/#\/schema\/person\/2d72e03399043d9513ab6bec75f2ce27\",\"name\":\"Drazen\",\"image\":{\"@type\":\"ImageObject\",\"inLanguage\":\"en-US\",\"@id\":\"https:\/\/www.morh.hr\/en\/#\/schema\/person\/image\/\",\"url\":\"https:\/\/secure.gravatar.com\/avatar\/e36ef7e573425ae72988c73df868c1e87a656b0e005ca4fd7d30d2ba7e49c9cf?s=96&d=mm&r=g\",\"contentUrl\":\"https:\/\/secure.gravatar.com\/avatar\/e36ef7e573425ae72988c73df868c1e87a656b0e005ca4fd7d30d2ba7e49c9cf?s=96&d=mm&r=g\",\"caption\":\"Drazen\"}}]}<\/script>\n<!-- \/ Yoast SEO plugin. -->","yoast_head_json":{"title":"LTC Baj\u010deti\u0107 \u0160ijanski, the first female Commander of the Contingent deployed to international activity - MORH","description":"I am honoured to be the Commander of these professional people, this is just another in a series of positions today where women in the Croatian Armed Forces perform daily responsible duties, the Commander of the Contingent said.","robots":{"index":"index","follow":"follow","max-snippet":"max-snippet:-1","max-image-preview":"max-image-preview:large","max-video-preview":"max-video-preview:-1"},"canonical":"https:\/\/www.morh.hr\/en\/ltc-bajcetic-sijanski-the-first-female-commander-of-the-contingent-deployed-to-international-activity\/","og_locale":"en_US","og_type":"article","og_title":"LTC Baj\u010deti\u0107 \u0160ijanski, the first female Commander of the Contingent deployed to international activity - MORH","og_description":"I am honoured to be the Commander of these professional people, this is just another in a series of positions today where women in the Croatian Armed Forces perform daily responsible duties, the Commander of the Contingent said.","og_url":"https:\/\/www.morh.hr\/en\/ltc-bajcetic-sijanski-the-first-female-commander-of-the-contingent-deployed-to-international-activity\/","og_site_name":"MORH","article_publisher":"https:\/\/www.facebook.com\/sportasiuhrvatskojvojsci\/","article_published_time":"2025-02-12T12:21:40+00:00","article_modified_time":"2025-11-26T14:14:17+00:00","og_image":[{"width":2400,"height":1600,"url":"https:\/\/www.morh.hr\/wp-content\/uploads\/2025\/04\/2025-02-12-ispracaj-u-madarsku-en.jpg","type":"image\/jpeg"}],"author":"Drazen","twitter_card":"summary_large_image","twitter_creator":"@morh_osrh","twitter_site":"@morh_osrh","twitter_misc":{"Written by":"Drazen","Est. reading time":"5 minutes"},"schema":{"@context":"https:\/\/schema.org","@graph":[{"@type":"Article","@id":"https:\/\/www.morh.hr\/en\/ltc-bajcetic-sijanski-the-first-female-commander-of-the-contingent-deployed-to-international-activity\/#article","isPartOf":{"@id":"https:\/\/www.morh.hr\/en\/ltc-bajcetic-sijanski-the-first-female-commander-of-the-contingent-deployed-to-international-activity\/"},"author":{"name":"Drazen","@id":"https:\/\/www.morh.hr\/en\/#\/schema\/person\/2d72e03399043d9513ab6bec75f2ce27"},"headline":"LTC Baj\u010deti\u0107 \u0160ijanski, the first female Commander of the Contingent deployed to international activity","datePublished":"2025-02-12T12:21:40+00:00","dateModified":"2025-11-26T14:14:17+00:00","mainEntityOfPage":{"@id":"https:\/\/www.morh.hr\/en\/ltc-bajcetic-sijanski-the-first-female-commander-of-the-contingent-deployed-to-international-activity\/"},"wordCount":838,"image":{"@id":"https:\/\/www.morh.hr\/en\/ltc-bajcetic-sijanski-the-first-female-commander-of-the-contingent-deployed-to-international-activity\/#primaryimage"},"thumbnailUrl":"https:\/\/www.morh.hr\/wp-content\/uploads\/2025\/04\/2025-02-12-ispracaj-u-madarsku-en.jpg","articleSection":["Press releases"],"inLanguage":"en-US"},{"@type":"WebPage","@id":"https:\/\/www.morh.hr\/en\/ltc-bajcetic-sijanski-the-first-female-commander-of-the-contingent-deployed-to-international-activity\/","url":"https:\/\/www.morh.hr\/en\/ltc-bajcetic-sijanski-the-first-female-commander-of-the-contingent-deployed-to-international-activity\/","name":"LTC Baj\u010deti\u0107 \u0160ijanski, the first female Commander of the Contingent deployed to international activity - MORH","isPartOf":{"@id":"https:\/\/www.morh.hr\/en\/#website"},"primaryImageOfPage":{"@id":"https:\/\/www.morh.hr\/en\/ltc-bajcetic-sijanski-the-first-female-commander-of-the-contingent-deployed-to-international-activity\/#primaryimage"},"image":{"@id":"https:\/\/www.morh.hr\/en\/ltc-bajcetic-sijanski-the-first-female-commander-of-the-contingent-deployed-to-international-activity\/#primaryimage"},"thumbnailUrl":"https:\/\/www.morh.hr\/wp-content\/uploads\/2025\/04\/2025-02-12-ispracaj-u-madarsku-en.jpg","datePublished":"2025-02-12T12:21:40+00:00","dateModified":"2025-11-26T14:14:17+00:00","author":{"@id":"https:\/\/www.morh.hr\/en\/#\/schema\/person\/2d72e03399043d9513ab6bec75f2ce27"},"description":"I am honoured to be the Commander of these professional people, this is just another in a series of positions today where women in the Croatian Armed Forces perform daily responsible duties, the Commander of the Contingent said.","breadcrumb":{"@id":"https:\/\/www.morh.hr\/en\/ltc-bajcetic-sijanski-the-first-female-commander-of-the-contingent-deployed-to-international-activity\/#breadcrumb"},"inLanguage":"en-US","potentialAction":[{"@type":"ReadAction","target":["https:\/\/www.morh.hr\/en\/ltc-bajcetic-sijanski-the-first-female-commander-of-the-contingent-deployed-to-international-activity\/"]}]},{"@type":"ImageObject","inLanguage":"en-US","@id":"https:\/\/www.morh.hr\/en\/ltc-bajcetic-sijanski-the-first-female-commander-of-the-contingent-deployed-to-international-activity\/#primaryimage","url":"https:\/\/www.morh.hr\/wp-content\/uploads\/2025\/04\/2025-02-12-ispracaj-u-madarsku-en.jpg","contentUrl":"https:\/\/www.morh.hr\/wp-content\/uploads\/2025\/04\/2025-02-12-ispracaj-u-madarsku-en.jpg","width":2400,"height":1600,"caption":"LTC Baj\u010deti\u0107 \u0160ijanski, the first female Commander of the Contingent deployed to international activity| Photo: MORH\/ F. Klen"},{"@type":"BreadcrumbList","@id":"https:\/\/www.morh.hr\/en\/ltc-bajcetic-sijanski-the-first-female-commander-of-the-contingent-deployed-to-international-activity\/#breadcrumb","itemListElement":[{"@type":"ListItem","position":1,"name":"Naslovnica","item":"https:\/\/www.morh.hr\/en\/"},{"@type":"ListItem","position":2,"name":"News","item":"https:\/\/www.morh.hr\/en\/kategorija\/news\/"},{"@type":"ListItem","position":3,"name":"Press releases","item":"https:\/\/www.morh.hr\/en\/kategorija\/news\/press-releases\/"},{"@type":"ListItem","position":4,"name":"LTC Baj\u010deti\u0107 \u0160ijanski, the first female Commander of the Contingent deployed to international activity"}]},{"@type":"WebSite","@id":"https:\/\/www.morh.hr\/en\/#website","url":"https:\/\/www.morh.hr\/en\/","name":"MORH","description":"Ministarstvo obrane Republike Hrvatske - slu\u017ebene stranice","potentialAction":[{"@type":"SearchAction","target":{"@type":"EntryPoint","urlTemplate":"https:\/\/www.morh.hr\/en\/?s={search_term_string}"},"query-input":{"@type":"PropertyValueSpecification","valueRequired":true,"valueName":"search_term_string"}}],"inLanguage":"en-US"},{"@type":"Person","@id":"https:\/\/www.morh.hr\/en\/#\/schema\/person\/2d72e03399043d9513ab6bec75f2ce27","name":"Drazen","image":{"@type":"ImageObject","inLanguage":"en-US","@id":"https:\/\/www.morh.hr\/en\/#\/schema\/person\/image\/","url":"https:\/\/secure.gravatar.com\/avatar\/e36ef7e573425ae72988c73df868c1e87a656b0e005ca4fd7d30d2ba7e49c9cf?s=96&d=mm&r=g","contentUrl":"https:\/\/secure.gravatar.com\/avatar\/e36ef7e573425ae72988c73df868c1e87a656b0e005ca4fd7d30d2ba7e49c9cf?s=96&d=mm&r=g","caption":"Drazen"}}]}},"_links":{"self":[{"href":"https:\/\/www.morh.hr\/en\/wp-json\/wp\/v2\/posts\/253708","targetHints":{"allow":["GET"]}}],"collection":[{"href":"https:\/\/www.morh.hr\/en\/wp-json\/wp\/v2\/posts"}],"about":[{"href":"https:\/\/www.morh.hr\/en\/wp-json\/wp\/v2\/types\/post"}],"author":[{"embeddable":true,"href":"https:\/\/www.morh.hr\/en\/wp-json\/wp\/v2\/users\/3"}],"replies":[{"embeddable":true,"href":"https:\/\/www.morh.hr\/en\/wp-json\/wp\/v2\/comments?post=253708"}],"version-history":[{"count":1,"href":"https:\/\/www.morh.hr\/en\/wp-json\/wp\/v2\/posts\/253708\/revisions"}],"predecessor-version":[{"id":263858,"href":"https:\/\/www.morh.hr\/en\/wp-json\/wp\/v2\/posts\/253708\/revisions\/263858"}],"wp:featuredmedia":[{"embeddable":true,"href":"https:\/\/www.morh.hr\/en\/wp-json\/wp\/v2\/media\/253709"}],"wp:attachment":[{"href":"https:\/\/www.morh.hr\/en\/wp-json\/wp\/v2\/media?parent=253708"}],"wp:term":[{"taxonomy":"category","embeddable":true,"href":"https:\/\/www.morh.hr\/en\/wp-json\/wp\/v2\/categories?post=253708"},{"taxonomy":"post_tag","embeddable":true,"href":"https:\/\/www.morh.hr\/en\/wp-json\/wp\/v2\/tags?post=253708"}],"curies":[{"name":"wp","href":"https:\/\/api.w.org\/{rel}","templated":true}]}}