{"id":254183,"date":"2025-03-14T12:05:04","date_gmt":"2025-03-14T11:05:04","guid":{"rendered":"https:\/\/www.morh.hr\/?p=254183"},"modified":"2025-11-26T15:08:37","modified_gmt":"2025-11-26T14:08:37","slug":"spectacular-footage-of-the-joint-exercise-croatian-rafales-and-american-f-16-in-flight-action-together","status":"publish","type":"post","link":"https:\/\/www.morh.hr\/en\/spectacular-footage-of-the-joint-exercise-croatian-rafales-and-american-f-16-in-flight-action-together\/","title":{"rendered":"Spectacular footage of the joint exercise: Croatian Rafales and American F-16 in flight action together"},"content":{"rendered":"<p>On 12 and 13 March 2025, at the Colonel Marko \u017divkovi\u0107 barracks in Velika Gorica, as part of planned joint activities, the Croatian Air Force conducted joint flying activities with members of the 31st Fighter Wing (31 FW) of the US Air Forces in Europe from Aviano Air Base, Italian Republic.<\/p>\n<p>The Croatian Air Force participated in the aforementioned activity with Rafale aircraft, while the US Air Force participated with F-16 aircraft.<\/p>\n<p><iframe loading=\"lazy\" title=\"Spektakularne snimke zajedni\u010dke vje\u017ebe: Hrvatski Rafalei i ameri\u010dki F-16 zajedno u leta\u010dkoj akciji\" width=\"868\" height=\"488\" src=\"https:\/\/www.youtube.com\/embed\/C8H4iF3soTM?wmode=transparent&amp;rel=0&amp;feature=oembed\" frameborder=\"0\" allow=\"accelerometer; autoplay; clipboard-write; encrypted-media; gyroscope; picture-in-picture; web-share\" referrerpolicy=\"strict-origin-when-cross-origin\" allowfullscreen><\/iframe><\/p>\n<p>The Chief of the Croatian Air Force Operations Centre and coordinator of activities on behalf of the Croatian Air Force and the Croatian Armed Forces, Colonel Vlado Pavlinec, emphasizes the importance of such joint flight activities: \u201cWith this joint activity, in addition to increasing interoperability and exchange of experiences, we also increase the training and readiness of flight crews in carrying out their flight tasks. Such activities contribute to the exchange of experiences and mutual support of the ground technical personnel in reception, inspection and preparation of the aircraft, as well as joint analysis of the completed and preparation of future flight tasks.\u201d<\/p>\n<p>In addition to increasing the level of training of the Croatian Air Force pilots on Rafale aircraft, these joint flying activities allow pilots to acquire knowledge and skills in cooperation with experienced Allied Air Forces.<\/p>\n<p>Also, these joint flight activities are carried out with the aim of exchanging experience, interoperability, joint training of procedures in the preparation and implementation of flight tasks, building stronger trust and partnership in NATO alliance, but also increasing the readiness and capabilities of the Croatian Armed Forces, particularly the Croatian Air Force.<\/p>\n<div class=\"morh-galleria\"><a href=\"https:\/\/live.staticflickr.com\/65535\/54385133117_2a01755e9f_h.jpg\" title=\"Spektakularne snimke zajedni\u010dke vje\u017ebe: Hrvatski Rafalei i ameri\u010dki F-16 zajedno u leta\u010dkoj akciji\"><img decoding=\"async\" data-title=\"Spektakularne snimke zajedni\u010dke vje\u017ebe: Hrvatski Rafalei i ameri\u010dki F-16 zajedno u leta\u010dkoj akciji\" data-description=\"U vojarni 'Pukovnik Marko \u017divkovi\u0107' u Velikoj Gorici, 12. i 13. o\u017eujka 2025. godine u okviru planiranih zajedni\u010dkih aktivnosti, Hrvatsko ratno zrakoplovstvo provelo je zajedni\u010dke leta\u010dke aktivnosti s pripadnicima 31. lova\u010dkog krila Ameri\u010dkih zra\u010dnih snaga u Europi iz zrakoplovne baze Aviano, Talijanska Republika | Foto: HRZ\" alt=\"Spektakularne snimke zajedni\u010dke vje\u017ebe: Hrvatski Rafalei i ameri\u010dki F-16 zajedno u leta\u010dkoj akciji\" src=\"https:\/\/live.staticflickr.com\/65535\/54385133117_2a01755e9f_h.jpg\" data-layer=\"&lt;div class=&#039;morh-gallery-image-download&#039;&gt;&lt;a href=&#039;https:\/\/live.staticflickr.com\/65535\/54385133117_8fd5970b61_o.jpg&#039; target=&#039;_blank&#039;&gt;Slika za preuzimanje&lt;\/a&gt;&lt;\/div&gt;\" \/><\/a><a href=\"https:\/\/live.staticflickr.com\/65535\/54386013246_98a0d79106_h.jpg\" title=\"Spektakularne snimke zajedni\u010dke vje\u017ebe: Hrvatski Rafalei i ameri\u010dki F-16 zajedno u leta\u010dkoj akciji\"><img decoding=\"async\" data-title=\"Spektakularne snimke zajedni\u010dke vje\u017ebe: Hrvatski Rafalei i ameri\u010dki F-16 zajedno u leta\u010dkoj akciji\" data-description=\"U vojarni 'Pukovnik Marko \u017divkovi\u0107' u Velikoj Gorici, 12. i 13. o\u017eujka 2025. godine u okviru planiranih zajedni\u010dkih aktivnosti, Hrvatsko ratno zrakoplovstvo provelo je zajedni\u010dke leta\u010dke aktivnosti s pripadnicima 31. lova\u010dkog krila Ameri\u010dkih zra\u010dnih snaga u Europi iz zrakoplovne baze Aviano, Talijanska Republika | Foto: HRZ\" alt=\"Spektakularne snimke zajedni\u010dke vje\u017ebe: Hrvatski Rafalei i ameri\u010dki F-16 zajedno u leta\u010dkoj akciji\" src=\"https:\/\/live.staticflickr.com\/65535\/54386013246_98a0d79106_h.jpg\" data-layer=\"&lt;div class=&#039;morh-gallery-image-download&#039;&gt;&lt;a href=&#039;https:\/\/live.staticflickr.com\/65535\/54386013246_59c09cda07_o.jpg&#039; target=&#039;_blank&#039;&gt;Slika za preuzimanje&lt;\/a&gt;&lt;\/div&gt;\" \/><\/a><a href=\"https:\/\/live.staticflickr.com\/65535\/54385133122_07688685c5_h.jpg\" title=\"Spektakularne snimke zajedni\u010dke vje\u017ebe: Hrvatski Rafalei i ameri\u010dki F-16 zajedno u leta\u010dkoj akciji\"><img decoding=\"async\" data-title=\"Spektakularne snimke zajedni\u010dke vje\u017ebe: Hrvatski Rafalei i ameri\u010dki F-16 zajedno u leta\u010dkoj akciji\" data-description=\"U vojarni 'Pukovnik Marko \u017divkovi\u0107' u Velikoj Gorici, 12. i 13. o\u017eujka 2025. godine u okviru planiranih zajedni\u010dkih aktivnosti, Hrvatsko ratno zrakoplovstvo provelo je zajedni\u010dke leta\u010dke aktivnosti s pripadnicima 31. lova\u010dkog krila Ameri\u010dkih zra\u010dnih snaga u Europi iz zrakoplovne baze Aviano, Talijanska Republika | Foto: HRZ\" alt=\"Spektakularne snimke zajedni\u010dke vje\u017ebe: Hrvatski Rafalei i ameri\u010dki F-16 zajedno u leta\u010dkoj akciji\" src=\"https:\/\/live.staticflickr.com\/65535\/54385133122_07688685c5_h.jpg\" data-layer=\"&lt;div class=&#039;morh-gallery-image-download&#039;&gt;&lt;a href=&#039;https:\/\/live.staticflickr.com\/65535\/54385133122_8bcda924ab_o.jpg&#039; target=&#039;_blank&#039;&gt;Slika za preuzimanje&lt;\/a&gt;&lt;\/div&gt;\" \/><\/a><a href=\"https:\/\/live.staticflickr.com\/65535\/54386243838_1e127fc92f_h.jpg\" title=\"Spektakularne snimke zajedni\u010dke vje\u017ebe: Hrvatski Rafalei i ameri\u010dki F-16 zajedno u leta\u010dkoj akciji\"><img decoding=\"async\" data-title=\"Spektakularne snimke zajedni\u010dke vje\u017ebe: Hrvatski Rafalei i ameri\u010dki F-16 zajedno u leta\u010dkoj akciji\" data-description=\"U vojarni 'Pukovnik Marko \u017divkovi\u0107' u Velikoj Gorici, 12. i 13. o\u017eujka 2025. godine u okviru planiranih zajedni\u010dkih aktivnosti, Hrvatsko ratno zrakoplovstvo provelo je zajedni\u010dke leta\u010dke aktivnosti s pripadnicima 31. lova\u010dkog krila Ameri\u010dkih zra\u010dnih snaga u Europi iz zrakoplovne baze Aviano, Talijanska Republika | Foto: HRZ\" alt=\"Spektakularne snimke zajedni\u010dke vje\u017ebe: Hrvatski Rafalei i ameri\u010dki F-16 zajedno u leta\u010dkoj akciji\" src=\"https:\/\/live.staticflickr.com\/65535\/54386243838_1e127fc92f_h.jpg\" data-layer=\"&lt;div class=&#039;morh-gallery-image-download&#039;&gt;&lt;a href=&#039;https:\/\/live.staticflickr.com\/65535\/54386243838_5761c1a4f2_o.jpg&#039; target=&#039;_blank&#039;&gt;Slika za preuzimanje&lt;\/a&gt;&lt;\/div&gt;\" \/><\/a><a href=\"https:\/\/live.staticflickr.com\/65535\/54386243933_19d0616561_h.jpg\" title=\"Spektakularne snimke zajedni\u010dke vje\u017ebe: Hrvatski Rafalei i ameri\u010dki F-16 zajedno u leta\u010dkoj akciji\"><img decoding=\"async\" data-title=\"Spektakularne snimke zajedni\u010dke vje\u017ebe: Hrvatski Rafalei i ameri\u010dki F-16 zajedno u leta\u010dkoj akciji\" data-description=\"U vojarni 'Pukovnik Marko \u017divkovi\u0107' u Velikoj Gorici, 12. i 13. o\u017eujka 2025. godine u okviru planiranih zajedni\u010dkih aktivnosti, Hrvatsko ratno zrakoplovstvo provelo je zajedni\u010dke leta\u010dke aktivnosti s pripadnicima 31. lova\u010dkog krila Ameri\u010dkih zra\u010dnih snaga u Europi iz zrakoplovne baze Aviano, Talijanska Republika | Foto: HRZ\" alt=\"Spektakularne snimke zajedni\u010dke vje\u017ebe: Hrvatski Rafalei i ameri\u010dki F-16 zajedno u leta\u010dkoj akciji\" src=\"https:\/\/live.staticflickr.com\/65535\/54386243933_19d0616561_h.jpg\" data-layer=\"&lt;div class=&#039;morh-gallery-image-download&#039;&gt;&lt;a href=&#039;https:\/\/live.staticflickr.com\/65535\/54386243933_35b022e701_o.jpg&#039; target=&#039;_blank&#039;&gt;Slika za preuzimanje&lt;\/a&gt;&lt;\/div&gt;\" \/><\/a><a href=\"https:\/\/live.staticflickr.com\/65535\/54386243953_415e0876e7_h.jpg\" title=\"Spektakularne snimke zajedni\u010dke vje\u017ebe: Hrvatski Rafalei i ameri\u010dki F-16 zajedno u leta\u010dkoj akciji\"><img decoding=\"async\" data-title=\"Spektakularne snimke zajedni\u010dke vje\u017ebe: Hrvatski Rafalei i ameri\u010dki F-16 zajedno u leta\u010dkoj akciji\" data-description=\"U vojarni 'Pukovnik Marko \u017divkovi\u0107' u Velikoj Gorici, 12. i 13. o\u017eujka 2025. godine u okviru planiranih zajedni\u010dkih aktivnosti, Hrvatsko ratno zrakoplovstvo provelo je zajedni\u010dke leta\u010dke aktivnosti s pripadnicima 31. lova\u010dkog krila Ameri\u010dkih zra\u010dnih snaga u Europi iz zrakoplovne baze Aviano, Talijanska Republika | Foto: HRZ\" alt=\"Spektakularne snimke zajedni\u010dke vje\u017ebe: Hrvatski Rafalei i ameri\u010dki F-16 zajedno u leta\u010dkoj akciji\" src=\"https:\/\/live.staticflickr.com\/65535\/54386243953_415e0876e7_h.jpg\" data-layer=\"&lt;div class=&#039;morh-gallery-image-download&#039;&gt;&lt;a href=&#039;https:\/\/live.staticflickr.com\/65535\/54386243953_2e80bee07c_o.jpg&#039; target=&#039;_blank&#039;&gt;Slika za preuzimanje&lt;\/a&gt;&lt;\/div&gt;\" \/><\/a><a href=\"https:\/\/live.staticflickr.com\/65535\/54385133187_78e293ceca_h.jpg\" title=\"Spektakularne snimke zajedni\u010dke vje\u017ebe: Hrvatski Rafalei i ameri\u010dki F-16 zajedno u leta\u010dkoj akciji\"><img decoding=\"async\" data-title=\"Spektakularne snimke zajedni\u010dke vje\u017ebe: Hrvatski Rafalei i ameri\u010dki F-16 zajedno u leta\u010dkoj akciji\" data-description=\"U vojarni 'Pukovnik Marko \u017divkovi\u0107' u Velikoj Gorici, 12. i 13. o\u017eujka 2025. godine u okviru planiranih zajedni\u010dkih aktivnosti, Hrvatsko ratno zrakoplovstvo provelo je zajedni\u010dke leta\u010dke aktivnosti s pripadnicima 31. lova\u010dkog krila Ameri\u010dkih zra\u010dnih snaga u Europi iz zrakoplovne baze Aviano, Talijanska Republika | Foto: HRZ\" alt=\"Spektakularne snimke zajedni\u010dke vje\u017ebe: Hrvatski Rafalei i ameri\u010dki F-16 zajedno u leta\u010dkoj akciji\" src=\"https:\/\/live.staticflickr.com\/65535\/54385133187_78e293ceca_h.jpg\" data-layer=\"&lt;div class=&#039;morh-gallery-image-download&#039;&gt;&lt;a href=&#039;https:\/\/live.staticflickr.com\/65535\/54385133187_2a053f5ea2_o.jpg&#039; target=&#039;_blank&#039;&gt;Slika za preuzimanje&lt;\/a&gt;&lt;\/div&gt;\" \/><\/a><a href=\"https:\/\/live.staticflickr.com\/65535\/54386013366_1a974aa31d_h.jpg\" title=\"Spektakularne snimke zajedni\u010dke vje\u017ebe: Hrvatski Rafalei i ameri\u010dki F-16 zajedno u leta\u010dkoj akciji\"><img decoding=\"async\" data-title=\"Spektakularne snimke zajedni\u010dke vje\u017ebe: Hrvatski Rafalei i ameri\u010dki F-16 zajedno u leta\u010dkoj akciji\" data-description=\"U vojarni 'Pukovnik Marko \u017divkovi\u0107' u Velikoj Gorici, 12. i 13. o\u017eujka 2025. godine u okviru planiranih zajedni\u010dkih aktivnosti, Hrvatsko ratno zrakoplovstvo provelo je zajedni\u010dke leta\u010dke aktivnosti s pripadnicima 31. lova\u010dkog krila Ameri\u010dkih zra\u010dnih snaga u Europi iz zrakoplovne baze Aviano, Talijanska Republika | Foto: HRZ\" alt=\"Spektakularne snimke zajedni\u010dke vje\u017ebe: Hrvatski Rafalei i ameri\u010dki F-16 zajedno u leta\u010dkoj akciji\" src=\"https:\/\/live.staticflickr.com\/65535\/54386013366_1a974aa31d_h.jpg\" data-layer=\"&lt;div class=&#039;morh-gallery-image-download&#039;&gt;&lt;a href=&#039;https:\/\/live.staticflickr.com\/65535\/54386013366_87ced4d281_o.jpg&#039; target=&#039;_blank&#039;&gt;Slika za preuzimanje&lt;\/a&gt;&lt;\/div&gt;\" \/><\/a><a href=\"https:\/\/live.staticflickr.com\/65535\/54385133287_d9036c1bb3_h.jpg\" title=\"Spektakularne snimke zajedni\u010dke vje\u017ebe: Hrvatski Rafalei i ameri\u010dki F-16 zajedno u leta\u010dkoj akciji\"><img decoding=\"async\" data-title=\"Spektakularne snimke zajedni\u010dke vje\u017ebe: Hrvatski Rafalei i ameri\u010dki F-16 zajedno u leta\u010dkoj akciji\" data-description=\"U vojarni 'Pukovnik Marko \u017divkovi\u0107' u Velikoj Gorici, 12. i 13. o\u017eujka 2025. godine u okviru planiranih zajedni\u010dkih aktivnosti, Hrvatsko ratno zrakoplovstvo provelo je zajedni\u010dke leta\u010dke aktivnosti s pripadnicima 31. lova\u010dkog krila Ameri\u010dkih zra\u010dnih snaga u Europi iz zrakoplovne baze Aviano, Talijanska Republika | Foto: HVU\/ S. \u0160pani\u0107\" alt=\"Spektakularne snimke zajedni\u010dke vje\u017ebe: Hrvatski Rafalei i ameri\u010dki F-16 zajedno u leta\u010dkoj akciji\" src=\"https:\/\/live.staticflickr.com\/65535\/54385133287_d9036c1bb3_h.jpg\" data-layer=\"&lt;div class=&#039;morh-gallery-image-download&#039;&gt;&lt;a href=&#039;https:\/\/live.staticflickr.com\/65535\/54385133287_1c9a342f29_o.jpg&#039; target=&#039;_blank&#039;&gt;Slika za preuzimanje&lt;\/a&gt;&lt;\/div&gt;\" \/><\/a><a href=\"https:\/\/live.staticflickr.com\/65535\/54386203044_de8da1174f_h.jpg\" title=\"Spektakularne snimke zajedni\u010dke vje\u017ebe: Hrvatski Rafalei i ameri\u010dki F-16 zajedno u leta\u010dkoj akciji\"><img decoding=\"async\" data-title=\"Spektakularne snimke zajedni\u010dke vje\u017ebe: Hrvatski Rafalei i ameri\u010dki F-16 zajedno u leta\u010dkoj akciji\" data-description=\"U vojarni 'Pukovnik Marko \u017divkovi\u0107' u Velikoj Gorici, 12. i 13. o\u017eujka 2025. godine u okviru planiranih zajedni\u010dkih aktivnosti, Hrvatsko ratno zrakoplovstvo provelo je zajedni\u010dke leta\u010dke aktivnosti s pripadnicima 31. lova\u010dkog krila Ameri\u010dkih zra\u010dnih snaga u Europi iz zrakoplovne baze Aviano, Talijanska Republika | Foto: HVU\/ S. \u0160pani\u0107\" alt=\"Spektakularne snimke zajedni\u010dke vje\u017ebe: Hrvatski Rafalei i ameri\u010dki F-16 zajedno u leta\u010dkoj akciji\" src=\"https:\/\/live.staticflickr.com\/65535\/54386203044_de8da1174f_h.jpg\" data-layer=\"&lt;div class=&#039;morh-gallery-image-download&#039;&gt;&lt;a href=&#039;https:\/\/live.staticflickr.com\/65535\/54386203044_078521e687_o.jpg&#039; target=&#039;_blank&#039;&gt;Slika za preuzimanje&lt;\/a&gt;&lt;\/div&gt;\" \/><\/a><a href=\"https:\/\/live.staticflickr.com\/65535\/54386013426_091d619f2b_h.jpg\" title=\"Spektakularne snimke zajedni\u010dke vje\u017ebe: Hrvatski Rafalei i ameri\u010dki F-16 zajedno u leta\u010dkoj akciji\"><img decoding=\"async\" data-title=\"Spektakularne snimke zajedni\u010dke vje\u017ebe: Hrvatski Rafalei i ameri\u010dki F-16 zajedno u leta\u010dkoj akciji\" data-description=\"U vojarni 'Pukovnik Marko \u017divkovi\u0107' u Velikoj Gorici, 12. i 13. o\u017eujka 2025. godine u okviru planiranih zajedni\u010dkih aktivnosti, Hrvatsko ratno zrakoplovstvo provelo je zajedni\u010dke leta\u010dke aktivnosti s pripadnicima 31. lova\u010dkog krila Ameri\u010dkih zra\u010dnih snaga u Europi iz zrakoplovne baze Aviano, Talijanska Republika | Foto: HVU\/ S. \u0160pani\u0107\" alt=\"Spektakularne snimke zajedni\u010dke vje\u017ebe: Hrvatski Rafalei i ameri\u010dki F-16 zajedno u leta\u010dkoj akciji\" src=\"https:\/\/live.staticflickr.com\/65535\/54386013426_091d619f2b_h.jpg\" data-layer=\"&lt;div class=&#039;morh-gallery-image-download&#039;&gt;&lt;a href=&#039;https:\/\/live.staticflickr.com\/65535\/54386013426_e463521a11_o.jpg&#039; target=&#039;_blank&#039;&gt;Slika za preuzimanje&lt;\/a&gt;&lt;\/div&gt;\" \/><\/a><a href=\"https:\/\/live.staticflickr.com\/65535\/54385133267_cdf0044aeb_h.jpg\" title=\"Spektakularne snimke zajedni\u010dke vje\u017ebe: Hrvatski Rafalei i ameri\u010dki F-16 zajedno u leta\u010dkoj akciji\"><img decoding=\"async\" data-title=\"Spektakularne snimke zajedni\u010dke vje\u017ebe: Hrvatski Rafalei i ameri\u010dki F-16 zajedno u leta\u010dkoj akciji\" data-description=\"U vojarni 'Pukovnik Marko \u017divkovi\u0107' u Velikoj Gorici, 12. i 13. o\u017eujka 2025. godine u okviru planiranih zajedni\u010dkih aktivnosti, Hrvatsko ratno zrakoplovstvo provelo je zajedni\u010dke leta\u010dke aktivnosti s pripadnicima 31. lova\u010dkog krila Ameri\u010dkih zra\u010dnih snaga u Europi iz zrakoplovne baze Aviano, Talijanska Republika | Foto: HVU\/ S. \u0160pani\u0107\" alt=\"Spektakularne snimke zajedni\u010dke vje\u017ebe: Hrvatski Rafalei i ameri\u010dki F-16 zajedno u leta\u010dkoj akciji\" src=\"https:\/\/live.staticflickr.com\/65535\/54385133267_cdf0044aeb_h.jpg\" data-layer=\"&lt;div class=&#039;morh-gallery-image-download&#039;&gt;&lt;a href=&#039;https:\/\/live.staticflickr.com\/65535\/54385133267_a97073c097_o.jpg&#039; target=&#039;_blank&#039;&gt;Slika za preuzimanje&lt;\/a&gt;&lt;\/div&gt;\" \/><\/a><a href=\"https:\/\/live.staticflickr.com\/65535\/54386013351_737616fef3_h.jpg\" title=\"Spektakularne snimke zajedni\u010dke vje\u017ebe: Hrvatski Rafalei i ameri\u010dki F-16 zajedno u leta\u010dkoj akciji\"><img decoding=\"async\" data-title=\"Spektakularne snimke zajedni\u010dke vje\u017ebe: Hrvatski Rafalei i ameri\u010dki F-16 zajedno u leta\u010dkoj akciji\" data-description=\"U vojarni 'Pukovnik Marko \u017divkovi\u0107' u Velikoj Gorici, 12. i 13. o\u017eujka 2025. godine u okviru planiranih zajedni\u010dkih aktivnosti, Hrvatsko ratno zrakoplovstvo provelo je zajedni\u010dke leta\u010dke aktivnosti s pripadnicima 31. lova\u010dkog krila Ameri\u010dkih zra\u010dnih snaga u Europi iz zrakoplovne baze Aviano, Talijanska Republika | Foto: HVU\/ S. \u0160pani\u0107\" alt=\"Spektakularne snimke zajedni\u010dke vje\u017ebe: Hrvatski Rafalei i ameri\u010dki F-16 zajedno u leta\u010dkoj akciji\" src=\"https:\/\/live.staticflickr.com\/65535\/54386013351_737616fef3_h.jpg\" data-layer=\"&lt;div class=&#039;morh-gallery-image-download&#039;&gt;&lt;a href=&#039;https:\/\/live.staticflickr.com\/65535\/54386013351_f4a7f59fc1_o.jpg&#039; target=&#039;_blank&#039;&gt;Slika za preuzimanje&lt;\/a&gt;&lt;\/div&gt;\" \/><\/a><a href=\"https:\/\/live.staticflickr.com\/65535\/54386013346_228c6dd7ed_h.jpg\" title=\"Spektakularne snimke zajedni\u010dke vje\u017ebe: Hrvatski Rafalei i ameri\u010dki F-16 zajedno u leta\u010dkoj akciji\"><img decoding=\"async\" data-title=\"Spektakularne snimke zajedni\u010dke vje\u017ebe: Hrvatski Rafalei i ameri\u010dki F-16 zajedno u leta\u010dkoj akciji\" data-description=\"U vojarni 'Pukovnik Marko \u017divkovi\u0107' u Velikoj Gorici, 12. i 13. o\u017eujka 2025. godine u okviru planiranih zajedni\u010dkih aktivnosti, Hrvatsko ratno zrakoplovstvo provelo je zajedni\u010dke leta\u010dke aktivnosti s pripadnicima 31. lova\u010dkog krila Ameri\u010dkih zra\u010dnih snaga u Europi iz zrakoplovne baze Aviano, Talijanska Republika | Foto: HVU\/ S. \u0160pani\u0107\" alt=\"Spektakularne snimke zajedni\u010dke vje\u017ebe: Hrvatski Rafalei i ameri\u010dki F-16 zajedno u leta\u010dkoj akciji\" src=\"https:\/\/live.staticflickr.com\/65535\/54386013346_228c6dd7ed_h.jpg\" data-layer=\"&lt;div class=&#039;morh-gallery-image-download&#039;&gt;&lt;a href=&#039;https:\/\/live.staticflickr.com\/65535\/54386013346_5d6da9248d_o.jpg&#039; target=&#039;_blank&#039;&gt;Slika za preuzimanje&lt;\/a&gt;&lt;\/div&gt;\" \/><\/a><a href=\"https:\/\/live.staticflickr.com\/65535\/54386387440_47a2caa686_h.jpg\" title=\"Spektakularne snimke zajedni\u010dke vje\u017ebe: Hrvatski Rafalei i ameri\u010dki F-16 zajedno u leta\u010dkoj akciji\"><img decoding=\"async\" data-title=\"Spektakularne snimke zajedni\u010dke vje\u017ebe: Hrvatski Rafalei i ameri\u010dki F-16 zajedno u leta\u010dkoj akciji\" data-description=\"U vojarni 'Pukovnik Marko \u017divkovi\u0107' u Velikoj Gorici, 12. i 13. o\u017eujka 2025. godine u okviru planiranih zajedni\u010dkih aktivnosti, Hrvatsko ratno zrakoplovstvo provelo je zajedni\u010dke leta\u010dke aktivnosti s pripadnicima 31. lova\u010dkog krila Ameri\u010dkih zra\u010dnih snaga u Europi iz zrakoplovne baze Aviano, Talijanska Republika | Foto: HRZ\" alt=\"Spektakularne snimke zajedni\u010dke vje\u017ebe: Hrvatski Rafalei i ameri\u010dki F-16 zajedno u leta\u010dkoj akciji\" src=\"https:\/\/live.staticflickr.com\/65535\/54386387440_47a2caa686_h.jpg\" data-layer=\"&lt;div class=&#039;morh-gallery-image-download&#039;&gt;&lt;a href=&#039;https:\/\/live.staticflickr.com\/65535\/54386387440_ed4a5cd62f_o.jpg&#039; target=&#039;_blank&#039;&gt;Slika za preuzimanje&lt;\/a&gt;&lt;\/div&gt;\" \/><\/a><a href=\"https:\/\/live.staticflickr.com\/65535\/54385133207_b7970b8985_h.jpg\" title=\"Spektakularne snimke zajedni\u010dke vje\u017ebe: Hrvatski Rafalei i ameri\u010dki F-16 zajedno u leta\u010dkoj akciji\"><img decoding=\"async\" data-title=\"Spektakularne snimke zajedni\u010dke vje\u017ebe: Hrvatski Rafalei i ameri\u010dki F-16 zajedno u leta\u010dkoj akciji\" data-description=\"U vojarni 'Pukovnik Marko \u017divkovi\u0107' u Velikoj Gorici, 12. i 13. o\u017eujka 2025. godine u okviru planiranih zajedni\u010dkih aktivnosti, Hrvatsko ratno zrakoplovstvo provelo je zajedni\u010dke leta\u010dke aktivnosti s pripadnicima 31. lova\u010dkog krila Ameri\u010dkih zra\u010dnih snaga u Europi iz zrakoplovne baze Aviano, Talijanska Republika | Foto: HRZ\" alt=\"Spektakularne snimke zajedni\u010dke vje\u017ebe: Hrvatski Rafalei i ameri\u010dki F-16 zajedno u leta\u010dkoj akciji\" src=\"https:\/\/live.staticflickr.com\/65535\/54385133207_b7970b8985_h.jpg\" data-layer=\"&lt;div class=&#039;morh-gallery-image-download&#039;&gt;&lt;a href=&#039;https:\/\/live.staticflickr.com\/65535\/54385133207_f88b94a6b2_o.jpg&#039; target=&#039;_blank&#039;&gt;Slika za preuzimanje&lt;\/a&gt;&lt;\/div&gt;\" \/><\/a><a href=\"https:\/\/live.staticflickr.com\/65535\/54386203049_b4b287ec7a_h.jpg\" title=\"Spektakularne snimke zajedni\u010dke vje\u017ebe: Hrvatski Rafalei i ameri\u010dki F-16 zajedno u leta\u010dkoj akciji\"><img decoding=\"async\" data-title=\"Spektakularne snimke zajedni\u010dke vje\u017ebe: Hrvatski Rafalei i ameri\u010dki F-16 zajedno u leta\u010dkoj akciji\" data-description=\"U vojarni 'Pukovnik Marko \u017divkovi\u0107' u Velikoj Gorici, 12. i 13. o\u017eujka 2025. godine u okviru planiranih zajedni\u010dkih aktivnosti, Hrvatsko ratno zrakoplovstvo provelo je zajedni\u010dke leta\u010dke aktivnosti s pripadnicima 31. lova\u010dkog krila Ameri\u010dkih zra\u010dnih snaga u Europi iz zrakoplovne baze Aviano, Talijanska Republika | Foto: HVU\/ S. \u0160pani\u0107\" alt=\"Spektakularne snimke zajedni\u010dke vje\u017ebe: Hrvatski Rafalei i ameri\u010dki F-16 zajedno u leta\u010dkoj akciji\" src=\"https:\/\/live.staticflickr.com\/65535\/54386203049_b4b287ec7a_h.jpg\" data-layer=\"&lt;div class=&#039;morh-gallery-image-download&#039;&gt;&lt;a href=&#039;https:\/\/live.staticflickr.com\/65535\/54386203049_7963e56d92_o.jpg&#039; target=&#039;_blank&#039;&gt;Slika za preuzimanje&lt;\/a&gt;&lt;\/div&gt;\" \/><\/a><a href=\"https:\/\/live.staticflickr.com\/65535\/54386203069_c145069d41_h.jpg\" title=\"Spektakularne snimke zajedni\u010dke vje\u017ebe: Hrvatski Rafalei i ameri\u010dki F-16 zajedno u leta\u010dkoj akciji\"><img decoding=\"async\" data-title=\"Spektakularne snimke zajedni\u010dke vje\u017ebe: Hrvatski Rafalei i ameri\u010dki F-16 zajedno u leta\u010dkoj akciji\" data-description=\"U vojarni 'Pukovnik Marko \u017divkovi\u0107' u Velikoj Gorici, 12. i 13. o\u017eujka 2025. godine u okviru planiranih zajedni\u010dkih aktivnosti, Hrvatsko ratno zrakoplovstvo provelo je zajedni\u010dke leta\u010dke aktivnosti s pripadnicima 31. lova\u010dkog krila Ameri\u010dkih zra\u010dnih snaga u Europi iz zrakoplovne baze Aviano, Talijanska Republika | Foto: HVU\/ S. \u0160pani\u0107\" alt=\"Spektakularne snimke zajedni\u010dke vje\u017ebe: Hrvatski Rafalei i ameri\u010dki F-16 zajedno u leta\u010dkoj akciji\" src=\"https:\/\/live.staticflickr.com\/65535\/54386203069_c145069d41_h.jpg\" data-layer=\"&lt;div class=&#039;morh-gallery-image-download&#039;&gt;&lt;a href=&#039;https:\/\/live.staticflickr.com\/65535\/54386203069_69515370ed_o.jpg&#039; target=&#039;_blank&#039;&gt;Slika za preuzimanje&lt;\/a&gt;&lt;\/div&gt;\" \/><\/a><a href=\"https:\/\/live.staticflickr.com\/65535\/54386387500_f90b55e9ca_h.jpg\" title=\"Spektakularne snimke zajedni\u010dke vje\u017ebe: Hrvatski Rafalei i ameri\u010dki F-16 zajedno u leta\u010dkoj akciji\"><img decoding=\"async\" data-title=\"Spektakularne snimke zajedni\u010dke vje\u017ebe: Hrvatski Rafalei i ameri\u010dki F-16 zajedno u leta\u010dkoj akciji\" data-description=\"U vojarni 'Pukovnik Marko \u017divkovi\u0107' u Velikoj Gorici, 12. i 13. o\u017eujka 2025. godine u okviru planiranih zajedni\u010dkih aktivnosti, Hrvatsko ratno zrakoplovstvo provelo je zajedni\u010dke leta\u010dke aktivnosti s pripadnicima 31. lova\u010dkog krila Ameri\u010dkih zra\u010dnih snaga u Europi iz zrakoplovne baze Aviano, Talijanska Republika | Foto: HVU\/ S. \u0160pani\u0107\" alt=\"Spektakularne snimke zajedni\u010dke vje\u017ebe: Hrvatski Rafalei i ameri\u010dki F-16 zajedno u leta\u010dkoj akciji\" src=\"https:\/\/live.staticflickr.com\/65535\/54386387500_f90b55e9ca_h.jpg\" data-layer=\"&lt;div class=&#039;morh-gallery-image-download&#039;&gt;&lt;a href=&#039;https:\/\/live.staticflickr.com\/65535\/54386387500_7a91d26a21_o.jpg&#039; target=&#039;_blank&#039;&gt;Slika za preuzimanje&lt;\/a&gt;&lt;\/div&gt;\" \/><\/a><a href=\"https:\/\/live.staticflickr.com\/65535\/54386013476_3110f021c0_h.jpg\" title=\"Spektakularne snimke zajedni\u010dke vje\u017ebe: Hrvatski Rafalei i ameri\u010dki F-16 zajedno u leta\u010dkoj akciji\"><img decoding=\"async\" data-title=\"Spektakularne snimke zajedni\u010dke vje\u017ebe: Hrvatski Rafalei i ameri\u010dki F-16 zajedno u leta\u010dkoj akciji\" data-description=\"U vojarni 'Pukovnik Marko \u017divkovi\u0107' u Velikoj Gorici, 12. i 13. o\u017eujka 2025. godine u okviru planiranih zajedni\u010dkih aktivnosti, Hrvatsko ratno zrakoplovstvo provelo je zajedni\u010dke leta\u010dke aktivnosti s pripadnicima 31. lova\u010dkog krila Ameri\u010dkih zra\u010dnih snaga u Europi iz zrakoplovne baze Aviano, Talijanska Republika | Foto: HVU\/ S. \u0160pani\u0107\" alt=\"Spektakularne snimke zajedni\u010dke vje\u017ebe: Hrvatski Rafalei i ameri\u010dki F-16 zajedno u leta\u010dkoj akciji\" src=\"https:\/\/live.staticflickr.com\/65535\/54386013476_3110f021c0_h.jpg\" data-layer=\"&lt;div class=&#039;morh-gallery-image-download&#039;&gt;&lt;a href=&#039;https:\/\/live.staticflickr.com\/65535\/54386013476_c1ca74886b_o.jpg&#039; target=&#039;_blank&#039;&gt;Slika za preuzimanje&lt;\/a&gt;&lt;\/div&gt;\" \/><\/a><a href=\"https:\/\/live.staticflickr.com\/65535\/54385133152_fcf4cef4dd_h.jpg\" title=\"Spektakularne snimke zajedni\u010dke vje\u017ebe: Hrvatski Rafalei i ameri\u010dki F-16 zajedno u leta\u010dkoj akciji\"><img decoding=\"async\" data-title=\"Spektakularne snimke zajedni\u010dke vje\u017ebe: Hrvatski Rafalei i ameri\u010dki F-16 zajedno u leta\u010dkoj akciji\" data-description=\"U vojarni 'Pukovnik Marko \u017divkovi\u0107' u Velikoj Gorici, 12. i 13. o\u017eujka 2025. godine u okviru planiranih zajedni\u010dkih aktivnosti, Hrvatsko ratno zrakoplovstvo provelo je zajedni\u010dke leta\u010dke aktivnosti s pripadnicima 31. lova\u010dkog krila Ameri\u010dkih zra\u010dnih snaga u Europi iz zrakoplovne baze Aviano, Talijanska Republika | Foto: HVU\/ S. \u0160pani\u0107\" alt=\"Spektakularne snimke zajedni\u010dke vje\u017ebe: Hrvatski Rafalei i ameri\u010dki F-16 zajedno u leta\u010dkoj akciji\" src=\"https:\/\/live.staticflickr.com\/65535\/54385133152_fcf4cef4dd_h.jpg\" data-layer=\"&lt;div class=&#039;morh-gallery-image-download&#039;&gt;&lt;a href=&#039;https:\/\/live.staticflickr.com\/65535\/54385133152_9264bc7794_o.jpg&#039; target=&#039;_blank&#039;&gt;Slika za preuzimanje&lt;\/a&gt;&lt;\/div&gt;\" \/><\/a><a href=\"https:\/\/live.staticflickr.com\/65535\/54386243903_a35144646a_h.jpg\" title=\"Spektakularne snimke zajedni\u010dke vje\u017ebe: Hrvatski Rafalei i ameri\u010dki F-16 zajedno u leta\u010dkoj akciji\"><img decoding=\"async\" data-title=\"Spektakularne snimke zajedni\u010dke vje\u017ebe: Hrvatski Rafalei i ameri\u010dki F-16 zajedno u leta\u010dkoj akciji\" data-description=\"U vojarni 'Pukovnik Marko \u017divkovi\u0107' u Velikoj Gorici, 12. i 13. o\u017eujka 2025. godine u okviru planiranih zajedni\u010dkih aktivnosti, Hrvatsko ratno zrakoplovstvo provelo je zajedni\u010dke leta\u010dke aktivnosti s pripadnicima 31. lova\u010dkog krila Ameri\u010dkih zra\u010dnih snaga u Europi iz zrakoplovne baze Aviano, Talijanska Republika | Foto: HVU\/ S. \u0160pani\u0107\" alt=\"Spektakularne snimke zajedni\u010dke vje\u017ebe: Hrvatski Rafalei i ameri\u010dki F-16 zajedno u leta\u010dkoj akciji\" src=\"https:\/\/live.staticflickr.com\/65535\/54386243903_a35144646a_h.jpg\" data-layer=\"&lt;div class=&#039;morh-gallery-image-download&#039;&gt;&lt;a href=&#039;https:\/\/live.staticflickr.com\/65535\/54386243903_f29126c3b7_o.jpg&#039; target=&#039;_blank&#039;&gt;Slika za preuzimanje&lt;\/a&gt;&lt;\/div&gt;\" \/><\/a><a href=\"https:\/\/live.staticflickr.com\/65535\/54386013481_d9645f0636_h.jpg\" title=\"Spektakularne snimke zajedni\u010dke vje\u017ebe: Hrvatski Rafalei i ameri\u010dki F-16 zajedno u leta\u010dkoj akciji\"><img decoding=\"async\" data-title=\"Spektakularne snimke zajedni\u010dke vje\u017ebe: Hrvatski Rafalei i ameri\u010dki F-16 zajedno u leta\u010dkoj akciji\" data-description=\"U vojarni 'Pukovnik Marko \u017divkovi\u0107' u Velikoj Gorici, 12. i 13. o\u017eujka 2025. godine u okviru planiranih zajedni\u010dkih aktivnosti, Hrvatsko ratno zrakoplovstvo provelo je zajedni\u010dke leta\u010dke aktivnosti s pripadnicima 31. lova\u010dkog krila Ameri\u010dkih zra\u010dnih snaga u Europi iz zrakoplovne baze Aviano, Talijanska Republika | Foto: HVU\/ S. \u0160pani\u0107\" alt=\"Spektakularne snimke zajedni\u010dke vje\u017ebe: Hrvatski Rafalei i ameri\u010dki F-16 zajedno u leta\u010dkoj akciji\" src=\"https:\/\/live.staticflickr.com\/65535\/54386013481_d9645f0636_h.jpg\" data-layer=\"&lt;div class=&#039;morh-gallery-image-download&#039;&gt;&lt;a href=&#039;https:\/\/live.staticflickr.com\/65535\/54386013481_39af8a91a1_o.jpg&#039; target=&#039;_blank&#039;&gt;Slika za preuzimanje&lt;\/a&gt;&lt;\/div&gt;\" \/><\/a><a href=\"https:\/\/live.staticflickr.com\/65535\/54386244108_3199eda213_h.jpg\" title=\"Spektakularne snimke zajedni\u010dke vje\u017ebe: Hrvatski Rafalei i ameri\u010dki F-16 zajedno u leta\u010dkoj akciji\"><img decoding=\"async\" data-title=\"Spektakularne snimke zajedni\u010dke vje\u017ebe: Hrvatski Rafalei i ameri\u010dki F-16 zajedno u leta\u010dkoj akciji\" data-description=\"U vojarni 'Pukovnik Marko \u017divkovi\u0107' u Velikoj Gorici, 12. i 13. o\u017eujka 2025. godine u okviru planiranih zajedni\u010dkih aktivnosti, Hrvatsko ratno zrakoplovstvo provelo je zajedni\u010dke leta\u010dke aktivnosti s pripadnicima 31. lova\u010dkog krila Ameri\u010dkih zra\u010dnih snaga u Europi iz zrakoplovne baze Aviano, Talijanska Republika | Foto: HVU\/ S. \u0160pani\u0107\" alt=\"Spektakularne snimke zajedni\u010dke vje\u017ebe: Hrvatski Rafalei i ameri\u010dki F-16 zajedno u leta\u010dkoj akciji\" src=\"https:\/\/live.staticflickr.com\/65535\/54386244108_3199eda213_h.jpg\" data-layer=\"&lt;div class=&#039;morh-gallery-image-download&#039;&gt;&lt;a href=&#039;https:\/\/live.staticflickr.com\/65535\/54386244108_5e106de019_o.jpg&#039; target=&#039;_blank&#039;&gt;Slika za preuzimanje&lt;\/a&gt;&lt;\/div&gt;\" \/><\/a><a href=\"https:\/\/live.staticflickr.com\/65535\/54386013496_d39447b772_h.jpg\" title=\"Spektakularne snimke zajedni\u010dke vje\u017ebe: Hrvatski Rafalei i ameri\u010dki F-16 zajedno u leta\u010dkoj akciji\"><img decoding=\"async\" data-title=\"Spektakularne snimke zajedni\u010dke vje\u017ebe: Hrvatski Rafalei i ameri\u010dki F-16 zajedno u leta\u010dkoj akciji\" data-description=\"U vojarni 'Pukovnik Marko \u017divkovi\u0107' u Velikoj Gorici, 12. i 13. o\u017eujka 2025. godine u okviru planiranih zajedni\u010dkih aktivnosti, Hrvatsko ratno zrakoplovstvo provelo je zajedni\u010dke leta\u010dke aktivnosti s pripadnicima 31. lova\u010dkog krila Ameri\u010dkih zra\u010dnih snaga u Europi iz zrakoplovne baze Aviano, Talijanska Republika | Foto: HVU\/ S. \u0160pani\u0107\" alt=\"Spektakularne snimke zajedni\u010dke vje\u017ebe: Hrvatski Rafalei i ameri\u010dki F-16 zajedno u leta\u010dkoj akciji\" src=\"https:\/\/live.staticflickr.com\/65535\/54386013496_d39447b772_h.jpg\" data-layer=\"&lt;div class=&#039;morh-gallery-image-download&#039;&gt;&lt;a href=&#039;https:\/\/live.staticflickr.com\/65535\/54386013496_e9245eaaf5_o.jpg&#039; target=&#039;_blank&#039;&gt;Slika za preuzimanje&lt;\/a&gt;&lt;\/div&gt;\" \/><\/a><\/div><!--\/.morh-galleria -->\n","protected":false},"excerpt":{"rendered":"<p>Through joint flight activities, Croatian Rafale pilots strengthen their flight capabilities and the power of the alliance<\/p>\n","protected":false},"author":4699,"featured_media":254184,"comment_status":"closed","ping_status":"closed","sticky":false,"template":"","format":"standard","meta":{"_acf_changed":false,"_monsterinsights_skip_tracking":false,"_monsterinsights_sitenote_active":false,"_monsterinsights_sitenote_note":"","_monsterinsights_sitenote_category":0,"footnotes":""},"categories":[117],"tags":[],"class_list":["post-254183","post","type-post","status-publish","format-standard","has-post-thumbnail","hentry","category-press-releases"],"acf":[],"yoast_head":"<!-- This site is optimized with the Yoast SEO plugin v26.9 - https:\/\/yoast.com\/product\/yoast-seo-wordpress\/ -->\n<title>Spectacular footage of the joint exercise: Croatian Rafales and American F-16 in flight action together - MORH<\/title>\n<meta name=\"description\" content=\"Through joint flight activities, Croatian Rafale pilots strengthen their flight capabilities and the power of the alliance\" \/>\n<meta name=\"robots\" content=\"index, follow, max-snippet:-1, max-image-preview:large, max-video-preview:-1\" \/>\n<link rel=\"canonical\" href=\"https:\/\/www.morh.hr\/en\/spectacular-footage-of-the-joint-exercise-croatian-rafales-and-american-f-16-in-flight-action-together\/\" \/>\n<meta property=\"og:locale\" content=\"en_US\" \/>\n<meta property=\"og:type\" content=\"article\" \/>\n<meta property=\"og:title\" content=\"Spectacular footage of the joint exercise: Croatian Rafales and American F-16 in flight action together - MORH\" \/>\n<meta property=\"og:description\" content=\"Through joint flight activities, Croatian Rafale pilots strengthen their flight capabilities and the power of the alliance\" \/>\n<meta property=\"og:url\" content=\"https:\/\/www.morh.hr\/en\/spectacular-footage-of-the-joint-exercise-croatian-rafales-and-american-f-16-in-flight-action-together\/\" \/>\n<meta property=\"og:site_name\" content=\"MORH\" \/>\n<meta property=\"article:publisher\" content=\"https:\/\/www.facebook.com\/sportasiuhrvatskojvojsci\/\" \/>\n<meta property=\"article:published_time\" content=\"2025-03-14T11:05:04+00:00\" \/>\n<meta property=\"article:modified_time\" content=\"2025-11-26T14:08:37+00:00\" \/>\n<meta property=\"og:image\" content=\"https:\/\/www.morh.hr\/wp-content\/uploads\/2025\/05\/2025-03-14-rafale-i-f16.jpg\" \/>\n\t<meta property=\"og:image:width\" content=\"2400\" \/>\n\t<meta property=\"og:image:height\" content=\"1600\" \/>\n\t<meta property=\"og:image:type\" content=\"image\/jpeg\" \/>\n<meta name=\"author\" content=\"Mladen\" \/>\n<meta name=\"twitter:card\" content=\"summary_large_image\" \/>\n<meta name=\"twitter:creator\" content=\"@morh_osrh\" \/>\n<meta name=\"twitter:site\" content=\"@morh_osrh\" \/>\n<meta name=\"twitter:label1\" content=\"Written by\" \/>\n\t<meta name=\"twitter:data1\" content=\"Mladen\" \/>\n\t<meta name=\"twitter:label2\" content=\"Est. reading time\" \/>\n\t<meta name=\"twitter:data2\" content=\"2 minutes\" \/>\n<script type=\"application\/ld+json\" class=\"yoast-schema-graph\">{\"@context\":\"https:\/\/schema.org\",\"@graph\":[{\"@type\":\"Article\",\"@id\":\"https:\/\/www.morh.hr\/en\/spectacular-footage-of-the-joint-exercise-croatian-rafales-and-american-f-16-in-flight-action-together\/#article\",\"isPartOf\":{\"@id\":\"https:\/\/www.morh.hr\/en\/spectacular-footage-of-the-joint-exercise-croatian-rafales-and-american-f-16-in-flight-action-together\/\"},\"author\":{\"name\":\"Mladen\",\"@id\":\"https:\/\/www.morh.hr\/en\/#\/schema\/person\/ec8e2528a579067d8bda0ae2124ac768\"},\"headline\":\"Spectacular footage of the joint exercise: Croatian Rafales and American F-16 in flight action together\",\"datePublished\":\"2025-03-14T11:05:04+00:00\",\"dateModified\":\"2025-11-26T14:08:37+00:00\",\"mainEntityOfPage\":{\"@id\":\"https:\/\/www.morh.hr\/en\/spectacular-footage-of-the-joint-exercise-croatian-rafales-and-american-f-16-in-flight-action-together\/\"},\"wordCount\":286,\"image\":{\"@id\":\"https:\/\/www.morh.hr\/en\/spectacular-footage-of-the-joint-exercise-croatian-rafales-and-american-f-16-in-flight-action-together\/#primaryimage\"},\"thumbnailUrl\":\"https:\/\/www.morh.hr\/wp-content\/uploads\/2025\/05\/2025-03-14-rafale-i-f16.jpg\",\"articleSection\":[\"Press releases\"],\"inLanguage\":\"en-US\"},{\"@type\":\"WebPage\",\"@id\":\"https:\/\/www.morh.hr\/en\/spectacular-footage-of-the-joint-exercise-croatian-rafales-and-american-f-16-in-flight-action-together\/\",\"url\":\"https:\/\/www.morh.hr\/en\/spectacular-footage-of-the-joint-exercise-croatian-rafales-and-american-f-16-in-flight-action-together\/\",\"name\":\"Spectacular footage of the joint exercise: Croatian Rafales and American F-16 in flight action together - MORH\",\"isPartOf\":{\"@id\":\"https:\/\/www.morh.hr\/en\/#website\"},\"primaryImageOfPage\":{\"@id\":\"https:\/\/www.morh.hr\/en\/spectacular-footage-of-the-joint-exercise-croatian-rafales-and-american-f-16-in-flight-action-together\/#primaryimage\"},\"image\":{\"@id\":\"https:\/\/www.morh.hr\/en\/spectacular-footage-of-the-joint-exercise-croatian-rafales-and-american-f-16-in-flight-action-together\/#primaryimage\"},\"thumbnailUrl\":\"https:\/\/www.morh.hr\/wp-content\/uploads\/2025\/05\/2025-03-14-rafale-i-f16.jpg\",\"datePublished\":\"2025-03-14T11:05:04+00:00\",\"dateModified\":\"2025-11-26T14:08:37+00:00\",\"author\":{\"@id\":\"https:\/\/www.morh.hr\/en\/#\/schema\/person\/ec8e2528a579067d8bda0ae2124ac768\"},\"description\":\"Through joint flight activities, Croatian Rafale pilots strengthen their flight capabilities and the power of the alliance\",\"breadcrumb\":{\"@id\":\"https:\/\/www.morh.hr\/en\/spectacular-footage-of-the-joint-exercise-croatian-rafales-and-american-f-16-in-flight-action-together\/#breadcrumb\"},\"inLanguage\":\"en-US\",\"potentialAction\":[{\"@type\":\"ReadAction\",\"target\":[\"https:\/\/www.morh.hr\/en\/spectacular-footage-of-the-joint-exercise-croatian-rafales-and-american-f-16-in-flight-action-together\/\"]}]},{\"@type\":\"ImageObject\",\"inLanguage\":\"en-US\",\"@id\":\"https:\/\/www.morh.hr\/en\/spectacular-footage-of-the-joint-exercise-croatian-rafales-and-american-f-16-in-flight-action-together\/#primaryimage\",\"url\":\"https:\/\/www.morh.hr\/wp-content\/uploads\/2025\/05\/2025-03-14-rafale-i-f16.jpg\",\"contentUrl\":\"https:\/\/www.morh.hr\/wp-content\/uploads\/2025\/05\/2025-03-14-rafale-i-f16.jpg\",\"width\":2400,\"height\":1600,\"caption\":\"Spectacular footage of the joint exercise: Croatian Rafales and American F-16 in flight action together | Photo: HRZ\"},{\"@type\":\"BreadcrumbList\",\"@id\":\"https:\/\/www.morh.hr\/en\/spectacular-footage-of-the-joint-exercise-croatian-rafales-and-american-f-16-in-flight-action-together\/#breadcrumb\",\"itemListElement\":[{\"@type\":\"ListItem\",\"position\":1,\"name\":\"Naslovnica\",\"item\":\"https:\/\/www.morh.hr\/en\/\"},{\"@type\":\"ListItem\",\"position\":2,\"name\":\"News\",\"item\":\"https:\/\/www.morh.hr\/en\/kategorija\/news\/\"},{\"@type\":\"ListItem\",\"position\":3,\"name\":\"Press releases\",\"item\":\"https:\/\/www.morh.hr\/en\/kategorija\/news\/press-releases\/\"},{\"@type\":\"ListItem\",\"position\":4,\"name\":\"Spectacular footage of the joint exercise: Croatian Rafales and American F-16 in flight action together\"}]},{\"@type\":\"WebSite\",\"@id\":\"https:\/\/www.morh.hr\/en\/#website\",\"url\":\"https:\/\/www.morh.hr\/en\/\",\"name\":\"MORH\",\"description\":\"Ministarstvo obrane Republike Hrvatske - slu\u017ebene stranice\",\"potentialAction\":[{\"@type\":\"SearchAction\",\"target\":{\"@type\":\"EntryPoint\",\"urlTemplate\":\"https:\/\/www.morh.hr\/en\/?s={search_term_string}\"},\"query-input\":{\"@type\":\"PropertyValueSpecification\",\"valueRequired\":true,\"valueName\":\"search_term_string\"}}],\"inLanguage\":\"en-US\"},{\"@type\":\"Person\",\"@id\":\"https:\/\/www.morh.hr\/en\/#\/schema\/person\/ec8e2528a579067d8bda0ae2124ac768\",\"name\":\"Mladen\",\"image\":{\"@type\":\"ImageObject\",\"inLanguage\":\"en-US\",\"@id\":\"https:\/\/www.morh.hr\/en\/#\/schema\/person\/image\/\",\"url\":\"https:\/\/secure.gravatar.com\/avatar\/3d5ea7ca0d0a523cf2ec98548db52f920a5f6bbfd2c1aa63d237c2f445528cf7?s=96&d=mm&r=g\",\"contentUrl\":\"https:\/\/secure.gravatar.com\/avatar\/3d5ea7ca0d0a523cf2ec98548db52f920a5f6bbfd2c1aa63d237c2f445528cf7?s=96&d=mm&r=g\",\"caption\":\"Mladen\"}}]}<\/script>\n<!-- \/ Yoast SEO plugin. -->","yoast_head_json":{"title":"Spectacular footage of the joint exercise: Croatian Rafales and American F-16 in flight action together - MORH","description":"Through joint flight activities, Croatian Rafale pilots strengthen their flight capabilities and the power of the alliance","robots":{"index":"index","follow":"follow","max-snippet":"max-snippet:-1","max-image-preview":"max-image-preview:large","max-video-preview":"max-video-preview:-1"},"canonical":"https:\/\/www.morh.hr\/en\/spectacular-footage-of-the-joint-exercise-croatian-rafales-and-american-f-16-in-flight-action-together\/","og_locale":"en_US","og_type":"article","og_title":"Spectacular footage of the joint exercise: Croatian Rafales and American F-16 in flight action together - MORH","og_description":"Through joint flight activities, Croatian Rafale pilots strengthen their flight capabilities and the power of the alliance","og_url":"https:\/\/www.morh.hr\/en\/spectacular-footage-of-the-joint-exercise-croatian-rafales-and-american-f-16-in-flight-action-together\/","og_site_name":"MORH","article_publisher":"https:\/\/www.facebook.com\/sportasiuhrvatskojvojsci\/","article_published_time":"2025-03-14T11:05:04+00:00","article_modified_time":"2025-11-26T14:08:37+00:00","og_image":[{"width":2400,"height":1600,"url":"https:\/\/www.morh.hr\/wp-content\/uploads\/2025\/05\/2025-03-14-rafale-i-f16.jpg","type":"image\/jpeg"}],"author":"Mladen","twitter_card":"summary_large_image","twitter_creator":"@morh_osrh","twitter_site":"@morh_osrh","twitter_misc":{"Written by":"Mladen","Est. reading time":"2 minutes"},"schema":{"@context":"https:\/\/schema.org","@graph":[{"@type":"Article","@id":"https:\/\/www.morh.hr\/en\/spectacular-footage-of-the-joint-exercise-croatian-rafales-and-american-f-16-in-flight-action-together\/#article","isPartOf":{"@id":"https:\/\/www.morh.hr\/en\/spectacular-footage-of-the-joint-exercise-croatian-rafales-and-american-f-16-in-flight-action-together\/"},"author":{"name":"Mladen","@id":"https:\/\/www.morh.hr\/en\/#\/schema\/person\/ec8e2528a579067d8bda0ae2124ac768"},"headline":"Spectacular footage of the joint exercise: Croatian Rafales and American F-16 in flight action together","datePublished":"2025-03-14T11:05:04+00:00","dateModified":"2025-11-26T14:08:37+00:00","mainEntityOfPage":{"@id":"https:\/\/www.morh.hr\/en\/spectacular-footage-of-the-joint-exercise-croatian-rafales-and-american-f-16-in-flight-action-together\/"},"wordCount":286,"image":{"@id":"https:\/\/www.morh.hr\/en\/spectacular-footage-of-the-joint-exercise-croatian-rafales-and-american-f-16-in-flight-action-together\/#primaryimage"},"thumbnailUrl":"https:\/\/www.morh.hr\/wp-content\/uploads\/2025\/05\/2025-03-14-rafale-i-f16.jpg","articleSection":["Press releases"],"inLanguage":"en-US"},{"@type":"WebPage","@id":"https:\/\/www.morh.hr\/en\/spectacular-footage-of-the-joint-exercise-croatian-rafales-and-american-f-16-in-flight-action-together\/","url":"https:\/\/www.morh.hr\/en\/spectacular-footage-of-the-joint-exercise-croatian-rafales-and-american-f-16-in-flight-action-together\/","name":"Spectacular footage of the joint exercise: Croatian Rafales and American F-16 in flight action together - MORH","isPartOf":{"@id":"https:\/\/www.morh.hr\/en\/#website"},"primaryImageOfPage":{"@id":"https:\/\/www.morh.hr\/en\/spectacular-footage-of-the-joint-exercise-croatian-rafales-and-american-f-16-in-flight-action-together\/#primaryimage"},"image":{"@id":"https:\/\/www.morh.hr\/en\/spectacular-footage-of-the-joint-exercise-croatian-rafales-and-american-f-16-in-flight-action-together\/#primaryimage"},"thumbnailUrl":"https:\/\/www.morh.hr\/wp-content\/uploads\/2025\/05\/2025-03-14-rafale-i-f16.jpg","datePublished":"2025-03-14T11:05:04+00:00","dateModified":"2025-11-26T14:08:37+00:00","author":{"@id":"https:\/\/www.morh.hr\/en\/#\/schema\/person\/ec8e2528a579067d8bda0ae2124ac768"},"description":"Through joint flight activities, Croatian Rafale pilots strengthen their flight capabilities and the power of the alliance","breadcrumb":{"@id":"https:\/\/www.morh.hr\/en\/spectacular-footage-of-the-joint-exercise-croatian-rafales-and-american-f-16-in-flight-action-together\/#breadcrumb"},"inLanguage":"en-US","potentialAction":[{"@type":"ReadAction","target":["https:\/\/www.morh.hr\/en\/spectacular-footage-of-the-joint-exercise-croatian-rafales-and-american-f-16-in-flight-action-together\/"]}]},{"@type":"ImageObject","inLanguage":"en-US","@id":"https:\/\/www.morh.hr\/en\/spectacular-footage-of-the-joint-exercise-croatian-rafales-and-american-f-16-in-flight-action-together\/#primaryimage","url":"https:\/\/www.morh.hr\/wp-content\/uploads\/2025\/05\/2025-03-14-rafale-i-f16.jpg","contentUrl":"https:\/\/www.morh.hr\/wp-content\/uploads\/2025\/05\/2025-03-14-rafale-i-f16.jpg","width":2400,"height":1600,"caption":"Spectacular footage of the joint exercise: Croatian Rafales and American F-16 in flight action together | Photo: HRZ"},{"@type":"BreadcrumbList","@id":"https:\/\/www.morh.hr\/en\/spectacular-footage-of-the-joint-exercise-croatian-rafales-and-american-f-16-in-flight-action-together\/#breadcrumb","itemListElement":[{"@type":"ListItem","position":1,"name":"Naslovnica","item":"https:\/\/www.morh.hr\/en\/"},{"@type":"ListItem","position":2,"name":"News","item":"https:\/\/www.morh.hr\/en\/kategorija\/news\/"},{"@type":"ListItem","position":3,"name":"Press releases","item":"https:\/\/www.morh.hr\/en\/kategorija\/news\/press-releases\/"},{"@type":"ListItem","position":4,"name":"Spectacular footage of the joint exercise: Croatian Rafales and American F-16 in flight action together"}]},{"@type":"WebSite","@id":"https:\/\/www.morh.hr\/en\/#website","url":"https:\/\/www.morh.hr\/en\/","name":"MORH","description":"Ministarstvo obrane Republike Hrvatske - slu\u017ebene stranice","potentialAction":[{"@type":"SearchAction","target":{"@type":"EntryPoint","urlTemplate":"https:\/\/www.morh.hr\/en\/?s={search_term_string}"},"query-input":{"@type":"PropertyValueSpecification","valueRequired":true,"valueName":"search_term_string"}}],"inLanguage":"en-US"},{"@type":"Person","@id":"https:\/\/www.morh.hr\/en\/#\/schema\/person\/ec8e2528a579067d8bda0ae2124ac768","name":"Mladen","image":{"@type":"ImageObject","inLanguage":"en-US","@id":"https:\/\/www.morh.hr\/en\/#\/schema\/person\/image\/","url":"https:\/\/secure.gravatar.com\/avatar\/3d5ea7ca0d0a523cf2ec98548db52f920a5f6bbfd2c1aa63d237c2f445528cf7?s=96&d=mm&r=g","contentUrl":"https:\/\/secure.gravatar.com\/avatar\/3d5ea7ca0d0a523cf2ec98548db52f920a5f6bbfd2c1aa63d237c2f445528cf7?s=96&d=mm&r=g","caption":"Mladen"}}]}},"_links":{"self":[{"href":"https:\/\/www.morh.hr\/en\/wp-json\/wp\/v2\/posts\/254183","targetHints":{"allow":["GET"]}}],"collection":[{"href":"https:\/\/www.morh.hr\/en\/wp-json\/wp\/v2\/posts"}],"about":[{"href":"https:\/\/www.morh.hr\/en\/wp-json\/wp\/v2\/types\/post"}],"author":[{"embeddable":true,"href":"https:\/\/www.morh.hr\/en\/wp-json\/wp\/v2\/users\/4699"}],"replies":[{"embeddable":true,"href":"https:\/\/www.morh.hr\/en\/wp-json\/wp\/v2\/comments?post=254183"}],"version-history":[{"count":1,"href":"https:\/\/www.morh.hr\/en\/wp-json\/wp\/v2\/posts\/254183\/revisions"}],"predecessor-version":[{"id":263849,"href":"https:\/\/www.morh.hr\/en\/wp-json\/wp\/v2\/posts\/254183\/revisions\/263849"}],"wp:featuredmedia":[{"embeddable":true,"href":"https:\/\/www.morh.hr\/en\/wp-json\/wp\/v2\/media\/254184"}],"wp:attachment":[{"href":"https:\/\/www.morh.hr\/en\/wp-json\/wp\/v2\/media?parent=254183"}],"wp:term":[{"taxonomy":"category","embeddable":true,"href":"https:\/\/www.morh.hr\/en\/wp-json\/wp\/v2\/categories?post=254183"},{"taxonomy":"post_tag","embeddable":true,"href":"https:\/\/www.morh.hr\/en\/wp-json\/wp\/v2\/tags?post=254183"}],"curies":[{"name":"wp","href":"https:\/\/api.w.org\/{rel}","templated":true}]}}