{"id":254191,"date":"2025-03-19T12:19:04","date_gmt":"2025-03-19T11:19:04","guid":{"rendered":"https:\/\/www.morh.hr\/?p=254191"},"modified":"2025-05-02T12:23:23","modified_gmt":"2025-05-02T10:23:23","slug":"minister-anusic-we-want-to-bolster-up-and-empower-the-domestic-military-industry-and-modernize-the-croatian-army","status":"publish","type":"post","link":"https:\/\/www.morh.hr\/en\/minister-anusic-we-want-to-bolster-up-and-empower-the-domestic-military-industry-and-modernize-the-croatian-army\/","title":{"rendered":"Minister Anu\u0161i\u0107: We want to bolster up and empower the domestic military industry and modernize the Croatian Army"},"content":{"rendered":"<p>Today, 19 March 2025, a meeting was held at the Ministry of Defence of the Republic of Croatia between the Deputy Prime Minister of the Republic of Croatia and Minister of Defence Ivan Anu\u0161i\u0107 and representatives of the Croatian Employers&#8217; Association (HUP), the Croatian Bank for Reconstruction and Development (HBOR) and Agencija Alan d. o. o.<\/p>\n<p>The focus of the meeting was on opportunities and challenges of the Croatian defence industry in the context of the ReArm Europe Plan and their further development.<\/p>\n<p>The Deputy Prime Minister of the Republic of Croatia and Minister of Defence stated that the main topic of the meeting was development and reinforcement of the Croatian defence industry, as well as empowerment of the Croatian Army. &#8220;We discussed connecting all segments of society, especially our companies, knowledge and experience in the defence industry. We want to strengthen our production and products and continue to modernize the Croatian Army,&#8221; the Minister emphasized.<\/p>\n<p>The Minister also stressed the importance of further developing the defence production and economy and reducing bureaucracy in order to speed up the implementation of projects. &#8220;Defence forces are not just an expense. They are a key component of our economy and Croatia has the capacity to make significant breakthrough in this sector,&#8221; he concluded.<\/p>\n<p>Irena Weber, the Director General of the Croatian Employers&#8217; Association, stressed the importance of initiating a dialogue aimed at strengthening and investing in the domestic military and defence industry: &#8220;As an employers&#8217; association, we continuously advocate for strengthening domestic industry and creating new working places in industries with higher added value. The defence industry is certainly a sector we need to focus on, especially in the current geopolitical situation.&#8221;<\/p>\n<p>She also emphasized the importance of repositioning Croatia within the new ReArm project at the European Union level, using its own knowledge and capacities to strengthen the domestic economy and the domestic military and defence industry.<\/p>\n<p>The participants of the meeting emphasized the importance of a strategic approach to development of the defence industry and agreed that strengthening the domestic defence industry is crucial not only for national security but also for economic growth, exports and technological development.<\/p>\n<div class=\"morh-galleria\"><a href=\"https:\/\/live.staticflickr.com\/65535\/54397294739_aa5be4cfe7_h.jpg\" title=\"Ministar Anu\u0161i\u0107: \u017delimo oja\u010dati i osna\u017eiti doma\u0107u vojnu industriju i modernizirati Hrvatsku vojsku\"><img decoding=\"async\" data-title=\"Ministar Anu\u0161i\u0107: \u017delimo oja\u010dati i osna\u017eiti doma\u0107u vojnu industriju i modernizirati Hrvatsku vojsku\" data-description=\"U Ministarstvu obrane Republike Hrvatske danas je, 19. o\u017eujka 2025. godine, odr\u017ean sastanak potpredsjednika Vlade Republike Hrvatske i ministra obrane Ivana Anu\u0161i\u0107a s predstavnicima Hrvatske udruge poslodavaca, Hrvatske banke za obnovu i razvitak te Agencije Alan d. o. o. | Foto: MORH\/ T. Brandt\" alt=\"Ministar Anu\u0161i\u0107: \u017delimo oja\u010dati i osna\u017eiti doma\u0107u vojnu industriju i modernizirati Hrvatsku vojsku\" src=\"https:\/\/live.staticflickr.com\/65535\/54397294739_aa5be4cfe7_h.jpg\" data-layer=\"&lt;div class=&#039;morh-gallery-image-download&#039;&gt;&lt;a href=&#039;https:\/\/live.staticflickr.com\/65535\/54397294739_264cc2c918_o.jpg&#039; target=&#039;_blank&#039;&gt;Slika za preuzimanje&lt;\/a&gt;&lt;\/div&gt;\" \/><\/a><a href=\"https:\/\/live.staticflickr.com\/65535\/54396227007_df7608d8a3_h.jpg\" title=\"Ministar Anu\u0161i\u0107: \u017delimo oja\u010dati i osna\u017eiti doma\u0107u vojnu industriju i modernizirati Hrvatsku vojsku\"><img decoding=\"async\" data-title=\"Ministar Anu\u0161i\u0107: \u017delimo oja\u010dati i osna\u017eiti doma\u0107u vojnu industriju i modernizirati Hrvatsku vojsku\" data-description=\"U Ministarstvu obrane Republike Hrvatske danas je, 19. o\u017eujka 2025. godine, odr\u017ean sastanak potpredsjednika Vlade Republike Hrvatske i ministra obrane Ivana Anu\u0161i\u0107a s predstavnicima Hrvatske udruge poslodavaca, Hrvatske banke za obnovu i razvitak te Agencije Alan d. o. o. | Foto: MORH\/ T. Brandt\" alt=\"Ministar Anu\u0161i\u0107: \u017delimo oja\u010dati i osna\u017eiti doma\u0107u vojnu industriju i modernizirati Hrvatsku vojsku\" src=\"https:\/\/live.staticflickr.com\/65535\/54396227007_df7608d8a3_h.jpg\" data-layer=\"&lt;div class=&#039;morh-gallery-image-download&#039;&gt;&lt;a href=&#039;https:\/\/live.staticflickr.com\/65535\/54396227007_31a9ac2eb7_o.jpg&#039; target=&#039;_blank&#039;&gt;Slika za preuzimanje&lt;\/a&gt;&lt;\/div&gt;\" \/><\/a><a href=\"https:\/\/live.staticflickr.com\/65535\/54397117591_1cd142827a_h.jpg\" title=\"Ministar Anu\u0161i\u0107: \u017delimo oja\u010dati i osna\u017eiti doma\u0107u vojnu industriju i modernizirati Hrvatsku vojsku\"><img decoding=\"async\" data-title=\"Ministar Anu\u0161i\u0107: \u017delimo oja\u010dati i osna\u017eiti doma\u0107u vojnu industriju i modernizirati Hrvatsku vojsku\" data-description=\"U Ministarstvu obrane Republike Hrvatske danas je, 19. o\u017eujka 2025. godine, odr\u017ean sastanak potpredsjednika Vlade Republike Hrvatske i ministra obrane Ivana Anu\u0161i\u0107a s predstavnicima Hrvatske udruge poslodavaca, Hrvatske banke za obnovu i razvitak te Agencije Alan d. o. o. | Foto: MORH\/ T. Brandt\" alt=\"Ministar Anu\u0161i\u0107: \u017delimo oja\u010dati i osna\u017eiti doma\u0107u vojnu industriju i modernizirati Hrvatsku vojsku\" src=\"https:\/\/live.staticflickr.com\/65535\/54397117591_1cd142827a_h.jpg\" data-layer=\"&lt;div class=&#039;morh-gallery-image-download&#039;&gt;&lt;a href=&#039;https:\/\/live.staticflickr.com\/65535\/54397117591_38956cd503_o.jpg&#039; target=&#039;_blank&#039;&gt;Slika za preuzimanje&lt;\/a&gt;&lt;\/div&gt;\" \/><\/a><a href=\"https:\/\/live.staticflickr.com\/65535\/54396226997_ed693a2259_h.jpg\" title=\"Ministar Anu\u0161i\u0107: \u017delimo oja\u010dati i osna\u017eiti doma\u0107u vojnu industriju i modernizirati Hrvatsku vojsku\"><img decoding=\"async\" data-title=\"Ministar Anu\u0161i\u0107: \u017delimo oja\u010dati i osna\u017eiti doma\u0107u vojnu industriju i modernizirati Hrvatsku vojsku\" data-description=\"U Ministarstvu obrane Republike Hrvatske danas je, 19. o\u017eujka 2025. godine, odr\u017ean sastanak potpredsjednika Vlade Republike Hrvatske i ministra obrane Ivana Anu\u0161i\u0107a s predstavnicima Hrvatske udruge poslodavaca, Hrvatske banke za obnovu i razvitak te Agencije Alan d. o. o. | Foto: MORH\/ T. Brandt\" alt=\"Ministar Anu\u0161i\u0107: \u017delimo oja\u010dati i osna\u017eiti doma\u0107u vojnu industriju i modernizirati Hrvatsku vojsku\" src=\"https:\/\/live.staticflickr.com\/65535\/54396226997_ed693a2259_h.jpg\" data-layer=\"&lt;div class=&#039;morh-gallery-image-download&#039;&gt;&lt;a href=&#039;https:\/\/live.staticflickr.com\/65535\/54396226997_cc5fb9b9c0_o.jpg&#039; target=&#039;_blank&#039;&gt;Slika za preuzimanje&lt;\/a&gt;&lt;\/div&gt;\" \/><\/a><a href=\"https:\/\/live.staticflickr.com\/65535\/54396227017_c0a769f0b4_h.jpg\" title=\"Ministar Anu\u0161i\u0107: \u017delimo oja\u010dati i osna\u017eiti doma\u0107u vojnu industriju i modernizirati Hrvatsku vojsku\"><img decoding=\"async\" data-title=\"Ministar Anu\u0161i\u0107: \u017delimo oja\u010dati i osna\u017eiti doma\u0107u vojnu industriju i modernizirati Hrvatsku vojsku\" data-description=\"U Ministarstvu obrane Republike Hrvatske danas je, 19. o\u017eujka 2025. godine, odr\u017ean sastanak potpredsjednika Vlade Republike Hrvatske i ministra obrane Ivana Anu\u0161i\u0107a s predstavnicima Hrvatske udruge poslodavaca, Hrvatske banke za obnovu i razvitak te Agencije Alan d. o. o. | Foto: MORH\/ T. Brandt\" alt=\"Ministar Anu\u0161i\u0107: \u017delimo oja\u010dati i osna\u017eiti doma\u0107u vojnu industriju i modernizirati Hrvatsku vojsku\" src=\"https:\/\/live.staticflickr.com\/65535\/54396227017_c0a769f0b4_h.jpg\" data-layer=\"&lt;div class=&#039;morh-gallery-image-download&#039;&gt;&lt;a href=&#039;https:\/\/live.staticflickr.com\/65535\/54396227017_80fe0a50ec_o.jpg&#039; target=&#039;_blank&#039;&gt;Slika za preuzimanje&lt;\/a&gt;&lt;\/div&gt;\" \/><\/a><a href=\"https:\/\/live.staticflickr.com\/65535\/54397294654_3f77c055a8_h.jpg\" title=\"Ministar Anu\u0161i\u0107: \u017delimo oja\u010dati i osna\u017eiti doma\u0107u vojnu industriju i modernizirati Hrvatsku vojsku\"><img decoding=\"async\" data-title=\"Ministar Anu\u0161i\u0107: \u017delimo oja\u010dati i osna\u017eiti doma\u0107u vojnu industriju i modernizirati Hrvatsku vojsku\" data-description=\"U Ministarstvu obrane Republike Hrvatske danas je, 19. o\u017eujka 2025. godine, odr\u017ean sastanak potpredsjednika Vlade Republike Hrvatske i ministra obrane Ivana Anu\u0161i\u0107a s predstavnicima Hrvatske udruge poslodavaca, Hrvatske banke za obnovu i razvitak te Agencije Alan d. o. o. | Foto: MORH\/ T. Brandt\" alt=\"Ministar Anu\u0161i\u0107: \u017delimo oja\u010dati i osna\u017eiti doma\u0107u vojnu industriju i modernizirati Hrvatsku vojsku\" src=\"https:\/\/live.staticflickr.com\/65535\/54397294654_3f77c055a8_h.jpg\" data-layer=\"&lt;div class=&#039;morh-gallery-image-download&#039;&gt;&lt;a href=&#039;https:\/\/live.staticflickr.com\/65535\/54397294654_d3c40b957c_o.jpg&#039; target=&#039;_blank&#039;&gt;Slika za preuzimanje&lt;\/a&gt;&lt;\/div&gt;\" \/><\/a><a href=\"https:\/\/live.staticflickr.com\/65535\/54397117546_3418a4526e_h.jpg\" title=\"Ministar Anu\u0161i\u0107: \u017delimo oja\u010dati i osna\u017eiti doma\u0107u vojnu industriju i modernizirati Hrvatsku vojsku\"><img decoding=\"async\" data-title=\"Ministar Anu\u0161i\u0107: \u017delimo oja\u010dati i osna\u017eiti doma\u0107u vojnu industriju i modernizirati Hrvatsku vojsku\" data-description=\"U Ministarstvu obrane Republike Hrvatske danas je, 19. o\u017eujka 2025. godine, odr\u017ean sastanak potpredsjednika Vlade Republike Hrvatske i ministra obrane Ivana Anu\u0161i\u0107a s predstavnicima Hrvatske udruge poslodavaca, Hrvatske banke za obnovu i razvitak te Agencije Alan d. o. o. | Foto: MORH\/ T. Brandt\" alt=\"Ministar Anu\u0161i\u0107: \u017delimo oja\u010dati i osna\u017eiti doma\u0107u vojnu industriju i modernizirati Hrvatsku vojsku\" src=\"https:\/\/live.staticflickr.com\/65535\/54397117546_3418a4526e_h.jpg\" data-layer=\"&lt;div class=&#039;morh-gallery-image-download&#039;&gt;&lt;a href=&#039;https:\/\/live.staticflickr.com\/65535\/54397117546_5847df7b3e_o.jpg&#039; target=&#039;_blank&#039;&gt;Slika za preuzimanje&lt;\/a&gt;&lt;\/div&gt;\" \/><\/a><a href=\"https:\/\/live.staticflickr.com\/65535\/54397480105_f0d778082c_h.jpg\" title=\"Ministar Anu\u0161i\u0107: \u017delimo oja\u010dati i osna\u017eiti doma\u0107u vojnu industriju i modernizirati Hrvatsku vojsku\"><img decoding=\"async\" data-title=\"Ministar Anu\u0161i\u0107: \u017delimo oja\u010dati i osna\u017eiti doma\u0107u vojnu industriju i modernizirati Hrvatsku vojsku\" data-description=\"U Ministarstvu obrane Republike Hrvatske danas je, 19. o\u017eujka 2025. godine, odr\u017ean sastanak potpredsjednika Vlade Republike Hrvatske i ministra obrane Ivana Anu\u0161i\u0107a s predstavnicima Hrvatske udruge poslodavaca, Hrvatske banke za obnovu i razvitak te Agencije Alan d. o. o. | Foto: MORH\/ T. Brandt\" alt=\"Ministar Anu\u0161i\u0107: \u017delimo oja\u010dati i osna\u017eiti doma\u0107u vojnu industriju i modernizirati Hrvatsku vojsku\" src=\"https:\/\/live.staticflickr.com\/65535\/54397480105_f0d778082c_h.jpg\" data-layer=\"&lt;div class=&#039;morh-gallery-image-download&#039;&gt;&lt;a href=&#039;https:\/\/live.staticflickr.com\/65535\/54397480105_bccaf9412a_o.jpg&#039; target=&#039;_blank&#039;&gt;Slika za preuzimanje&lt;\/a&gt;&lt;\/div&gt;\" \/><\/a><a href=\"https:\/\/live.staticflickr.com\/65535\/54397294554_c6c2b13d07_h.jpg\" title=\"Ministar Anu\u0161i\u0107: \u017delimo oja\u010dati i osna\u017eiti doma\u0107u vojnu industriju i modernizirati Hrvatsku vojsku\"><img decoding=\"async\" data-title=\"Ministar Anu\u0161i\u0107: \u017delimo oja\u010dati i osna\u017eiti doma\u0107u vojnu industriju i modernizirati Hrvatsku vojsku\" data-description=\"U Ministarstvu obrane Republike Hrvatske danas je, 19. o\u017eujka 2025. godine, odr\u017ean sastanak potpredsjednika Vlade Republike Hrvatske i ministra obrane Ivana Anu\u0161i\u0107a s predstavnicima Hrvatske udruge poslodavaca, Hrvatske banke za obnovu i razvitak te Agencije Alan d. o. o. | Foto: MORH\/ T. Brandt\" alt=\"Ministar Anu\u0161i\u0107: \u017delimo oja\u010dati i osna\u017eiti doma\u0107u vojnu industriju i modernizirati Hrvatsku vojsku\" src=\"https:\/\/live.staticflickr.com\/65535\/54397294554_c6c2b13d07_h.jpg\" data-layer=\"&lt;div class=&#039;morh-gallery-image-download&#039;&gt;&lt;a href=&#039;https:\/\/live.staticflickr.com\/65535\/54397294554_a50df1573d_o.jpg&#039; target=&#039;_blank&#039;&gt;Slika za preuzimanje&lt;\/a&gt;&lt;\/div&gt;\" \/><\/a><a href=\"https:\/\/live.staticflickr.com\/65535\/54397348388_da86f3a4df_h.jpg\" title=\"Ministar Anu\u0161i\u0107: \u017delimo oja\u010dati i osna\u017eiti doma\u0107u vojnu industriju i modernizirati Hrvatsku vojsku\"><img decoding=\"async\" data-title=\"Ministar Anu\u0161i\u0107: \u017delimo oja\u010dati i osna\u017eiti doma\u0107u vojnu industriju i modernizirati Hrvatsku vojsku\" data-description=\"U Ministarstvu obrane Republike Hrvatske danas je, 19. o\u017eujka 2025. godine, odr\u017ean sastanak potpredsjednika Vlade Republike Hrvatske i ministra obrane Ivana Anu\u0161i\u0107a s predstavnicima Hrvatske udruge poslodavaca, Hrvatske banke za obnovu i razvitak te Agencije Alan d. o. o. | Foto: MORH\/ T. Brandt\" alt=\"Ministar Anu\u0161i\u0107: \u017delimo oja\u010dati i osna\u017eiti doma\u0107u vojnu industriju i modernizirati Hrvatsku vojsku\" src=\"https:\/\/live.staticflickr.com\/65535\/54397348388_da86f3a4df_h.jpg\" data-layer=\"&lt;div class=&#039;morh-gallery-image-download&#039;&gt;&lt;a href=&#039;https:\/\/live.staticflickr.com\/65535\/54397348388_19d910ef57_o.jpg&#039; target=&#039;_blank&#039;&gt;Slika za preuzimanje&lt;\/a&gt;&lt;\/div&gt;\" \/><\/a><a href=\"https:\/\/live.staticflickr.com\/65535\/54397480030_b059c45be3_h.jpg\" title=\"Ministar Anu\u0161i\u0107: \u017delimo oja\u010dati i osna\u017eiti doma\u0107u vojnu industriju i modernizirati Hrvatsku vojsku\"><img decoding=\"async\" data-title=\"Ministar Anu\u0161i\u0107: \u017delimo oja\u010dati i osna\u017eiti doma\u0107u vojnu industriju i modernizirati Hrvatsku vojsku\" data-description=\"U Ministarstvu obrane Republike Hrvatske danas je, 19. o\u017eujka 2025. godine, odr\u017ean sastanak potpredsjednika Vlade Republike Hrvatske i ministra obrane Ivana Anu\u0161i\u0107a s predstavnicima Hrvatske udruge poslodavaca, Hrvatske banke za obnovu i razvitak te Agencije Alan d. o. o. | Foto: MORH\/ T. Brandt\" alt=\"Ministar Anu\u0161i\u0107: \u017delimo oja\u010dati i osna\u017eiti doma\u0107u vojnu industriju i modernizirati Hrvatsku vojsku\" src=\"https:\/\/live.staticflickr.com\/65535\/54397480030_b059c45be3_h.jpg\" data-layer=\"&lt;div class=&#039;morh-gallery-image-download&#039;&gt;&lt;a href=&#039;https:\/\/live.staticflickr.com\/65535\/54397480030_a20021a15d_o.jpg&#039; target=&#039;_blank&#039;&gt;Slika za preuzimanje&lt;\/a&gt;&lt;\/div&gt;\" \/><\/a><a href=\"https:\/\/live.staticflickr.com\/65535\/54397294549_4d8004ce95_h.jpg\" title=\"Ministar Anu\u0161i\u0107: \u017delimo oja\u010dati i osna\u017eiti doma\u0107u vojnu industriju i modernizirati Hrvatsku vojsku\"><img decoding=\"async\" data-title=\"Ministar Anu\u0161i\u0107: \u017delimo oja\u010dati i osna\u017eiti doma\u0107u vojnu industriju i modernizirati Hrvatsku vojsku\" data-description=\"U Ministarstvu obrane Republike Hrvatske danas je, 19. o\u017eujka 2025. godine, odr\u017ean sastanak potpredsjednika Vlade Republike Hrvatske i ministra obrane Ivana Anu\u0161i\u0107a s predstavnicima Hrvatske udruge poslodavaca, Hrvatske banke za obnovu i razvitak te Agencije Alan d. o. o. | Foto: MORH\/ T. Brandt\" alt=\"Ministar Anu\u0161i\u0107: \u017delimo oja\u010dati i osna\u017eiti doma\u0107u vojnu industriju i modernizirati Hrvatsku vojsku\" src=\"https:\/\/live.staticflickr.com\/65535\/54397294549_4d8004ce95_h.jpg\" data-layer=\"&lt;div class=&#039;morh-gallery-image-download&#039;&gt;&lt;a href=&#039;https:\/\/live.staticflickr.com\/65535\/54397294549_bb9cdec375_o.jpg&#039; target=&#039;_blank&#039;&gt;Slika za preuzimanje&lt;\/a&gt;&lt;\/div&gt;\" \/><\/a><\/div><!--\/.morh-galleria -->\n","protected":false},"excerpt":{"rendered":"<p>The Minister of Defence discussed the challenges and opportunities for development of the domestic defence industry within the ReArm Europe Plan with representatives of the HUP, HBOR and Agencija Alan d. o. o.<\/p>\n","protected":false},"author":4699,"featured_media":254192,"comment_status":"closed","ping_status":"closed","sticky":false,"template":"","format":"standard","meta":{"_acf_changed":false,"_monsterinsights_skip_tracking":false,"_monsterinsights_sitenote_active":false,"_monsterinsights_sitenote_note":"","_monsterinsights_sitenote_category":0,"footnotes":""},"categories":[117],"tags":[],"class_list":["post-254191","post","type-post","status-publish","format-standard","has-post-thumbnail","hentry","category-press-releases"],"acf":[],"yoast_head":"<!-- This site is optimized with the Yoast SEO plugin v26.9 - https:\/\/yoast.com\/product\/yoast-seo-wordpress\/ -->\n<title>Minister Anu\u0161i\u0107: We want to bolster up and empower the domestic military industry and modernize the Croatian Army - MORH<\/title>\n<meta name=\"description\" content=\"The Minister of Defence discussed the challenges and opportunities for development of the domestic defence industry within the ReArm Europe Plan with representatives of the HUP, HBOR and Agencija Alan d. o. o.\" \/>\n<meta name=\"robots\" content=\"index, follow, max-snippet:-1, max-image-preview:large, max-video-preview:-1\" \/>\n<link rel=\"canonical\" href=\"https:\/\/www.morh.hr\/en\/minister-anusic-we-want-to-bolster-up-and-empower-the-domestic-military-industry-and-modernize-the-croatian-army\/\" \/>\n<meta property=\"og:locale\" content=\"en_US\" \/>\n<meta property=\"og:type\" content=\"article\" \/>\n<meta property=\"og:title\" content=\"Minister Anu\u0161i\u0107: We want to bolster up and empower the domestic military industry and modernize the Croatian Army - MORH\" \/>\n<meta property=\"og:description\" content=\"The Minister of Defence discussed the challenges and opportunities for development of the domestic defence industry within the ReArm Europe Plan with representatives of the HUP, HBOR and Agencija Alan d. o. o.\" \/>\n<meta property=\"og:url\" content=\"https:\/\/www.morh.hr\/en\/minister-anusic-we-want-to-bolster-up-and-empower-the-domestic-military-industry-and-modernize-the-croatian-army\/\" \/>\n<meta property=\"og:site_name\" content=\"MORH\" \/>\n<meta property=\"article:publisher\" content=\"https:\/\/www.facebook.com\/sportasiuhrvatskojvojsci\/\" \/>\n<meta property=\"article:published_time\" content=\"2025-03-19T11:19:04+00:00\" \/>\n<meta property=\"article:modified_time\" content=\"2025-05-02T10:23:23+00:00\" \/>\n<meta property=\"og:image\" content=\"https:\/\/www.morh.hr\/wp-content\/uploads\/2025\/05\/2025-03-19-sastanak-o-hrvatskoj-obrambenoj-industriji.jpg\" \/>\n\t<meta property=\"og:image:width\" content=\"2400\" \/>\n\t<meta property=\"og:image:height\" content=\"1600\" \/>\n\t<meta property=\"og:image:type\" content=\"image\/jpeg\" \/>\n<meta name=\"author\" content=\"Mladen\" \/>\n<meta name=\"twitter:card\" content=\"summary_large_image\" \/>\n<meta name=\"twitter:creator\" content=\"@morh_osrh\" \/>\n<meta name=\"twitter:site\" content=\"@morh_osrh\" \/>\n<meta name=\"twitter:label1\" content=\"Written by\" \/>\n\t<meta name=\"twitter:data1\" content=\"Mladen\" \/>\n\t<meta name=\"twitter:label2\" content=\"Est. reading time\" \/>\n\t<meta name=\"twitter:data2\" content=\"3 minutes\" \/>\n<script type=\"application\/ld+json\" class=\"yoast-schema-graph\">{\"@context\":\"https:\/\/schema.org\",\"@graph\":[{\"@type\":\"Article\",\"@id\":\"https:\/\/www.morh.hr\/en\/minister-anusic-we-want-to-bolster-up-and-empower-the-domestic-military-industry-and-modernize-the-croatian-army\/#article\",\"isPartOf\":{\"@id\":\"https:\/\/www.morh.hr\/en\/minister-anusic-we-want-to-bolster-up-and-empower-the-domestic-military-industry-and-modernize-the-croatian-army\/\"},\"author\":{\"name\":\"Mladen\",\"@id\":\"https:\/\/www.morh.hr\/en\/#\/schema\/person\/ec8e2528a579067d8bda0ae2124ac768\"},\"headline\":\"Minister Anu\u0161i\u0107: We want to bolster up and empower the domestic military industry and modernize the Croatian Army\",\"datePublished\":\"2025-03-19T11:19:04+00:00\",\"dateModified\":\"2025-05-02T10:23:23+00:00\",\"mainEntityOfPage\":{\"@id\":\"https:\/\/www.morh.hr\/en\/minister-anusic-we-want-to-bolster-up-and-empower-the-domestic-military-industry-and-modernize-the-croatian-army\/\"},\"wordCount\":382,\"image\":{\"@id\":\"https:\/\/www.morh.hr\/en\/minister-anusic-we-want-to-bolster-up-and-empower-the-domestic-military-industry-and-modernize-the-croatian-army\/#primaryimage\"},\"thumbnailUrl\":\"https:\/\/www.morh.hr\/wp-content\/uploads\/2025\/05\/2025-03-19-sastanak-o-hrvatskoj-obrambenoj-industriji.jpg\",\"articleSection\":[\"Press releases\"],\"inLanguage\":\"en-US\"},{\"@type\":\"WebPage\",\"@id\":\"https:\/\/www.morh.hr\/en\/minister-anusic-we-want-to-bolster-up-and-empower-the-domestic-military-industry-and-modernize-the-croatian-army\/\",\"url\":\"https:\/\/www.morh.hr\/en\/minister-anusic-we-want-to-bolster-up-and-empower-the-domestic-military-industry-and-modernize-the-croatian-army\/\",\"name\":\"Minister Anu\u0161i\u0107: We want to bolster up and empower the domestic military industry and modernize the Croatian Army - MORH\",\"isPartOf\":{\"@id\":\"https:\/\/www.morh.hr\/en\/#website\"},\"primaryImageOfPage\":{\"@id\":\"https:\/\/www.morh.hr\/en\/minister-anusic-we-want-to-bolster-up-and-empower-the-domestic-military-industry-and-modernize-the-croatian-army\/#primaryimage\"},\"image\":{\"@id\":\"https:\/\/www.morh.hr\/en\/minister-anusic-we-want-to-bolster-up-and-empower-the-domestic-military-industry-and-modernize-the-croatian-army\/#primaryimage\"},\"thumbnailUrl\":\"https:\/\/www.morh.hr\/wp-content\/uploads\/2025\/05\/2025-03-19-sastanak-o-hrvatskoj-obrambenoj-industriji.jpg\",\"datePublished\":\"2025-03-19T11:19:04+00:00\",\"dateModified\":\"2025-05-02T10:23:23+00:00\",\"author\":{\"@id\":\"https:\/\/www.morh.hr\/en\/#\/schema\/person\/ec8e2528a579067d8bda0ae2124ac768\"},\"description\":\"The Minister of Defence discussed the challenges and opportunities for development of the domestic defence industry within the ReArm Europe Plan with representatives of the HUP, HBOR and Agencija Alan d. o. o.\",\"breadcrumb\":{\"@id\":\"https:\/\/www.morh.hr\/en\/minister-anusic-we-want-to-bolster-up-and-empower-the-domestic-military-industry-and-modernize-the-croatian-army\/#breadcrumb\"},\"inLanguage\":\"en-US\",\"potentialAction\":[{\"@type\":\"ReadAction\",\"target\":[\"https:\/\/www.morh.hr\/en\/minister-anusic-we-want-to-bolster-up-and-empower-the-domestic-military-industry-and-modernize-the-croatian-army\/\"]}]},{\"@type\":\"ImageObject\",\"inLanguage\":\"en-US\",\"@id\":\"https:\/\/www.morh.hr\/en\/minister-anusic-we-want-to-bolster-up-and-empower-the-domestic-military-industry-and-modernize-the-croatian-army\/#primaryimage\",\"url\":\"https:\/\/www.morh.hr\/wp-content\/uploads\/2025\/05\/2025-03-19-sastanak-o-hrvatskoj-obrambenoj-industriji.jpg\",\"contentUrl\":\"https:\/\/www.morh.hr\/wp-content\/uploads\/2025\/05\/2025-03-19-sastanak-o-hrvatskoj-obrambenoj-industriji.jpg\",\"width\":2400,\"height\":1600,\"caption\":\"Minister Anu\u0161i\u0107: We want to bolster up and empower the domestic military industry and modernize the Croatian Army | Photo: MORH\/ T. Brandt\"},{\"@type\":\"BreadcrumbList\",\"@id\":\"https:\/\/www.morh.hr\/en\/minister-anusic-we-want-to-bolster-up-and-empower-the-domestic-military-industry-and-modernize-the-croatian-army\/#breadcrumb\",\"itemListElement\":[{\"@type\":\"ListItem\",\"position\":1,\"name\":\"Naslovnica\",\"item\":\"https:\/\/www.morh.hr\/en\/\"},{\"@type\":\"ListItem\",\"position\":2,\"name\":\"News\",\"item\":\"https:\/\/www.morh.hr\/en\/kategorija\/news\/\"},{\"@type\":\"ListItem\",\"position\":3,\"name\":\"Press releases\",\"item\":\"https:\/\/www.morh.hr\/en\/kategorija\/news\/press-releases\/\"},{\"@type\":\"ListItem\",\"position\":4,\"name\":\"Minister Anu\u0161i\u0107: We want to bolster up and empower the domestic military industry and modernize the Croatian Army\"}]},{\"@type\":\"WebSite\",\"@id\":\"https:\/\/www.morh.hr\/en\/#website\",\"url\":\"https:\/\/www.morh.hr\/en\/\",\"name\":\"MORH\",\"description\":\"Ministarstvo obrane Republike Hrvatske - slu\u017ebene stranice\",\"potentialAction\":[{\"@type\":\"SearchAction\",\"target\":{\"@type\":\"EntryPoint\",\"urlTemplate\":\"https:\/\/www.morh.hr\/en\/?s={search_term_string}\"},\"query-input\":{\"@type\":\"PropertyValueSpecification\",\"valueRequired\":true,\"valueName\":\"search_term_string\"}}],\"inLanguage\":\"en-US\"},{\"@type\":\"Person\",\"@id\":\"https:\/\/www.morh.hr\/en\/#\/schema\/person\/ec8e2528a579067d8bda0ae2124ac768\",\"name\":\"Mladen\",\"image\":{\"@type\":\"ImageObject\",\"inLanguage\":\"en-US\",\"@id\":\"https:\/\/www.morh.hr\/en\/#\/schema\/person\/image\/\",\"url\":\"https:\/\/secure.gravatar.com\/avatar\/3d5ea7ca0d0a523cf2ec98548db52f920a5f6bbfd2c1aa63d237c2f445528cf7?s=96&d=mm&r=g\",\"contentUrl\":\"https:\/\/secure.gravatar.com\/avatar\/3d5ea7ca0d0a523cf2ec98548db52f920a5f6bbfd2c1aa63d237c2f445528cf7?s=96&d=mm&r=g\",\"caption\":\"Mladen\"}}]}<\/script>\n<!-- \/ Yoast SEO plugin. -->","yoast_head_json":{"title":"Minister Anu\u0161i\u0107: We want to bolster up and empower the domestic military industry and modernize the Croatian Army - MORH","description":"The Minister of Defence discussed the challenges and opportunities for development of the domestic defence industry within the ReArm Europe Plan with representatives of the HUP, HBOR and Agencija Alan d. o. o.","robots":{"index":"index","follow":"follow","max-snippet":"max-snippet:-1","max-image-preview":"max-image-preview:large","max-video-preview":"max-video-preview:-1"},"canonical":"https:\/\/www.morh.hr\/en\/minister-anusic-we-want-to-bolster-up-and-empower-the-domestic-military-industry-and-modernize-the-croatian-army\/","og_locale":"en_US","og_type":"article","og_title":"Minister Anu\u0161i\u0107: We want to bolster up and empower the domestic military industry and modernize the Croatian Army - MORH","og_description":"The Minister of Defence discussed the challenges and opportunities for development of the domestic defence industry within the ReArm Europe Plan with representatives of the HUP, HBOR and Agencija Alan d. o. o.","og_url":"https:\/\/www.morh.hr\/en\/minister-anusic-we-want-to-bolster-up-and-empower-the-domestic-military-industry-and-modernize-the-croatian-army\/","og_site_name":"MORH","article_publisher":"https:\/\/www.facebook.com\/sportasiuhrvatskojvojsci\/","article_published_time":"2025-03-19T11:19:04+00:00","article_modified_time":"2025-05-02T10:23:23+00:00","og_image":[{"width":2400,"height":1600,"url":"https:\/\/www.morh.hr\/wp-content\/uploads\/2025\/05\/2025-03-19-sastanak-o-hrvatskoj-obrambenoj-industriji.jpg","type":"image\/jpeg"}],"author":"Mladen","twitter_card":"summary_large_image","twitter_creator":"@morh_osrh","twitter_site":"@morh_osrh","twitter_misc":{"Written by":"Mladen","Est. reading time":"3 minutes"},"schema":{"@context":"https:\/\/schema.org","@graph":[{"@type":"Article","@id":"https:\/\/www.morh.hr\/en\/minister-anusic-we-want-to-bolster-up-and-empower-the-domestic-military-industry-and-modernize-the-croatian-army\/#article","isPartOf":{"@id":"https:\/\/www.morh.hr\/en\/minister-anusic-we-want-to-bolster-up-and-empower-the-domestic-military-industry-and-modernize-the-croatian-army\/"},"author":{"name":"Mladen","@id":"https:\/\/www.morh.hr\/en\/#\/schema\/person\/ec8e2528a579067d8bda0ae2124ac768"},"headline":"Minister Anu\u0161i\u0107: We want to bolster up and empower the domestic military industry and modernize the Croatian Army","datePublished":"2025-03-19T11:19:04+00:00","dateModified":"2025-05-02T10:23:23+00:00","mainEntityOfPage":{"@id":"https:\/\/www.morh.hr\/en\/minister-anusic-we-want-to-bolster-up-and-empower-the-domestic-military-industry-and-modernize-the-croatian-army\/"},"wordCount":382,"image":{"@id":"https:\/\/www.morh.hr\/en\/minister-anusic-we-want-to-bolster-up-and-empower-the-domestic-military-industry-and-modernize-the-croatian-army\/#primaryimage"},"thumbnailUrl":"https:\/\/www.morh.hr\/wp-content\/uploads\/2025\/05\/2025-03-19-sastanak-o-hrvatskoj-obrambenoj-industriji.jpg","articleSection":["Press releases"],"inLanguage":"en-US"},{"@type":"WebPage","@id":"https:\/\/www.morh.hr\/en\/minister-anusic-we-want-to-bolster-up-and-empower-the-domestic-military-industry-and-modernize-the-croatian-army\/","url":"https:\/\/www.morh.hr\/en\/minister-anusic-we-want-to-bolster-up-and-empower-the-domestic-military-industry-and-modernize-the-croatian-army\/","name":"Minister Anu\u0161i\u0107: We want to bolster up and empower the domestic military industry and modernize the Croatian Army - MORH","isPartOf":{"@id":"https:\/\/www.morh.hr\/en\/#website"},"primaryImageOfPage":{"@id":"https:\/\/www.morh.hr\/en\/minister-anusic-we-want-to-bolster-up-and-empower-the-domestic-military-industry-and-modernize-the-croatian-army\/#primaryimage"},"image":{"@id":"https:\/\/www.morh.hr\/en\/minister-anusic-we-want-to-bolster-up-and-empower-the-domestic-military-industry-and-modernize-the-croatian-army\/#primaryimage"},"thumbnailUrl":"https:\/\/www.morh.hr\/wp-content\/uploads\/2025\/05\/2025-03-19-sastanak-o-hrvatskoj-obrambenoj-industriji.jpg","datePublished":"2025-03-19T11:19:04+00:00","dateModified":"2025-05-02T10:23:23+00:00","author":{"@id":"https:\/\/www.morh.hr\/en\/#\/schema\/person\/ec8e2528a579067d8bda0ae2124ac768"},"description":"The Minister of Defence discussed the challenges and opportunities for development of the domestic defence industry within the ReArm Europe Plan with representatives of the HUP, HBOR and Agencija Alan d. o. o.","breadcrumb":{"@id":"https:\/\/www.morh.hr\/en\/minister-anusic-we-want-to-bolster-up-and-empower-the-domestic-military-industry-and-modernize-the-croatian-army\/#breadcrumb"},"inLanguage":"en-US","potentialAction":[{"@type":"ReadAction","target":["https:\/\/www.morh.hr\/en\/minister-anusic-we-want-to-bolster-up-and-empower-the-domestic-military-industry-and-modernize-the-croatian-army\/"]}]},{"@type":"ImageObject","inLanguage":"en-US","@id":"https:\/\/www.morh.hr\/en\/minister-anusic-we-want-to-bolster-up-and-empower-the-domestic-military-industry-and-modernize-the-croatian-army\/#primaryimage","url":"https:\/\/www.morh.hr\/wp-content\/uploads\/2025\/05\/2025-03-19-sastanak-o-hrvatskoj-obrambenoj-industriji.jpg","contentUrl":"https:\/\/www.morh.hr\/wp-content\/uploads\/2025\/05\/2025-03-19-sastanak-o-hrvatskoj-obrambenoj-industriji.jpg","width":2400,"height":1600,"caption":"Minister Anu\u0161i\u0107: We want to bolster up and empower the domestic military industry and modernize the Croatian Army | Photo: MORH\/ T. Brandt"},{"@type":"BreadcrumbList","@id":"https:\/\/www.morh.hr\/en\/minister-anusic-we-want-to-bolster-up-and-empower-the-domestic-military-industry-and-modernize-the-croatian-army\/#breadcrumb","itemListElement":[{"@type":"ListItem","position":1,"name":"Naslovnica","item":"https:\/\/www.morh.hr\/en\/"},{"@type":"ListItem","position":2,"name":"News","item":"https:\/\/www.morh.hr\/en\/kategorija\/news\/"},{"@type":"ListItem","position":3,"name":"Press releases","item":"https:\/\/www.morh.hr\/en\/kategorija\/news\/press-releases\/"},{"@type":"ListItem","position":4,"name":"Minister Anu\u0161i\u0107: We want to bolster up and empower the domestic military industry and modernize the Croatian Army"}]},{"@type":"WebSite","@id":"https:\/\/www.morh.hr\/en\/#website","url":"https:\/\/www.morh.hr\/en\/","name":"MORH","description":"Ministarstvo obrane Republike Hrvatske - slu\u017ebene stranice","potentialAction":[{"@type":"SearchAction","target":{"@type":"EntryPoint","urlTemplate":"https:\/\/www.morh.hr\/en\/?s={search_term_string}"},"query-input":{"@type":"PropertyValueSpecification","valueRequired":true,"valueName":"search_term_string"}}],"inLanguage":"en-US"},{"@type":"Person","@id":"https:\/\/www.morh.hr\/en\/#\/schema\/person\/ec8e2528a579067d8bda0ae2124ac768","name":"Mladen","image":{"@type":"ImageObject","inLanguage":"en-US","@id":"https:\/\/www.morh.hr\/en\/#\/schema\/person\/image\/","url":"https:\/\/secure.gravatar.com\/avatar\/3d5ea7ca0d0a523cf2ec98548db52f920a5f6bbfd2c1aa63d237c2f445528cf7?s=96&d=mm&r=g","contentUrl":"https:\/\/secure.gravatar.com\/avatar\/3d5ea7ca0d0a523cf2ec98548db52f920a5f6bbfd2c1aa63d237c2f445528cf7?s=96&d=mm&r=g","caption":"Mladen"}}]}},"_links":{"self":[{"href":"https:\/\/www.morh.hr\/en\/wp-json\/wp\/v2\/posts\/254191","targetHints":{"allow":["GET"]}}],"collection":[{"href":"https:\/\/www.morh.hr\/en\/wp-json\/wp\/v2\/posts"}],"about":[{"href":"https:\/\/www.morh.hr\/en\/wp-json\/wp\/v2\/types\/post"}],"author":[{"embeddable":true,"href":"https:\/\/www.morh.hr\/en\/wp-json\/wp\/v2\/users\/4699"}],"replies":[{"embeddable":true,"href":"https:\/\/www.morh.hr\/en\/wp-json\/wp\/v2\/comments?post=254191"}],"version-history":[{"count":0,"href":"https:\/\/www.morh.hr\/en\/wp-json\/wp\/v2\/posts\/254191\/revisions"}],"wp:featuredmedia":[{"embeddable":true,"href":"https:\/\/www.morh.hr\/en\/wp-json\/wp\/v2\/media\/254192"}],"wp:attachment":[{"href":"https:\/\/www.morh.hr\/en\/wp-json\/wp\/v2\/media?parent=254191"}],"wp:term":[{"taxonomy":"category","embeddable":true,"href":"https:\/\/www.morh.hr\/en\/wp-json\/wp\/v2\/categories?post=254191"},{"taxonomy":"post_tag","embeddable":true,"href":"https:\/\/www.morh.hr\/en\/wp-json\/wp\/v2\/tags?post=254191"}],"curies":[{"name":"wp","href":"https:\/\/api.w.org\/{rel}","templated":true}]}}