{"id":254446,"date":"2025-03-23T15:25:30","date_gmt":"2025-03-23T14:25:30","guid":{"rendered":"https:\/\/www.morh.hr\/?p=254446"},"modified":"2025-05-09T15:30:49","modified_gmt":"2025-05-09T13:30:49","slug":"minister-anusic-visits-dassault-aviation-in-france","status":"publish","type":"post","link":"https:\/\/www.morh.hr\/en\/minister-anusic-visits-dassault-aviation-in-france\/","title":{"rendered":"Minister Anu\u0161i\u0107 visits Dassault Aviation in France"},"content":{"rendered":"<p>On 24 March 2025 Deputy Prime Minister and Defence Minister Ivan Anu\u0161i\u0107 and his delegation paid an official visit to Dassault Aviation company headquarters in France.<\/p>\n<p>Dassault Aviation is the manufacturer of the 12 Rafale multi-role combat aircraft which were procured by the Croatian Government to modernize the Croatian Air Force.<\/p>\n<p><iframe loading=\"lazy\" title=\"Ministar Anu\u0161i\u0107 u posjetu tvrtki Dassault Aviation u Francuskoj\" width=\"868\" height=\"488\" src=\"https:\/\/www.youtube.com\/embed\/1fClzmYoQ5M?wmode=transparent&amp;rel=0&amp;feature=oembed\" frameborder=\"0\" allow=\"accelerometer; autoplay; clipboard-write; encrypted-media; gyroscope; picture-in-picture; web-share\" referrerpolicy=\"strict-origin-when-cross-origin\" allowfullscreen><\/iframe><\/p>\n<p>During the visit, Minister Anu\u0161i\u0107 stated: &#8220;We discussed joint cooperation regarding further armament and upgrades of the Rafale aircraft, as well as potential investment opportunities by this French company in Croatia.&#8221;<\/p>\n<div class=\"morh-galleria\"><a href=\"https:\/\/live.staticflickr.com\/65535\/54407746834_5c3a202f37_h.jpg\" title=\"Ministar Anu\u0161i\u0107 u posjetu tvrtki Dassault Aviation u Francuskoj\"><img decoding=\"async\" data-title=\"Ministar Anu\u0161i\u0107 u posjetu tvrtki Dassault Aviation u Francuskoj\" data-description=\"Ministar Anu\u0161i\u0107 posjetio je proizvo\u0111a\u010da aviona Rafale, koje je Vlada Republiike Hrvatske u povijesnoj nabavi osigurala za modernizaciju Hrvatskog ratnog zrakoplovstva | Foto: MORH\/ F. Klen\" alt=\"Ministar Anu\u0161i\u0107 u posjetu tvrtki Dassault Aviation u Francuskoj\" src=\"https:\/\/live.staticflickr.com\/65535\/54407746834_5c3a202f37_h.jpg\" data-layer=\"&lt;div class=&#039;morh-gallery-image-download&#039;&gt;&lt;a href=&#039;https:\/\/live.staticflickr.com\/65535\/54407746834_4fe3d182de_o.jpg&#039; target=&#039;_blank&#039;&gt;Slika za preuzimanje&lt;\/a&gt;&lt;\/div&gt;\" \/><\/a><a href=\"https:\/\/live.staticflickr.com\/65535\/54407566526_4e9aa26132_h.jpg\" title=\"Ministar Anu\u0161i\u0107 u posjetu tvrtki Dassault Aviation u Francuskoj\"><img decoding=\"async\" data-title=\"Ministar Anu\u0161i\u0107 u posjetu tvrtki Dassault Aviation u Francuskoj\" data-description=\"Ministar Anu\u0161i\u0107 posjetio je proizvo\u0111a\u010da aviona Rafale, koje je Vlada Republiike Hrvatske u povijesnoj nabavi osigurala za modernizaciju Hrvatskog ratnog zrakoplovstva | Foto: MORH\/ F. Klen\" alt=\"Ministar Anu\u0161i\u0107 u posjetu tvrtki Dassault Aviation u Francuskoj\" src=\"https:\/\/live.staticflickr.com\/65535\/54407566526_4e9aa26132_h.jpg\" data-layer=\"&lt;div class=&#039;morh-gallery-image-download&#039;&gt;&lt;a href=&#039;https:\/\/live.staticflickr.com\/65535\/54407566526_689def4e81_o.jpg&#039; target=&#039;_blank&#039;&gt;Slika za preuzimanje&lt;\/a&gt;&lt;\/div&gt;\" \/><\/a><a href=\"https:\/\/live.staticflickr.com\/65535\/54407566521_7019897690_h.jpg\" title=\"Ministar Anu\u0161i\u0107 u posjetu tvrtki Dassault Aviation u Francuskoj\"><img decoding=\"async\" data-title=\"Ministar Anu\u0161i\u0107 u posjetu tvrtki Dassault Aviation u Francuskoj\" data-description=\"Ministar Anu\u0161i\u0107 posjetio je proizvo\u0111a\u010da aviona Rafale, koje je Vlada Republiike Hrvatske u povijesnoj nabavi osigurala za modernizaciju Hrvatskog ratnog zrakoplovstva | Foto: MORH\/ F. Klen\" alt=\"Ministar Anu\u0161i\u0107 u posjetu tvrtki Dassault Aviation u Francuskoj\" src=\"https:\/\/live.staticflickr.com\/65535\/54407566521_7019897690_h.jpg\" data-layer=\"&lt;div class=&#039;morh-gallery-image-download&#039;&gt;&lt;a href=&#039;https:\/\/live.staticflickr.com\/65535\/54407566521_17154969d4_o.jpg&#039; target=&#039;_blank&#039;&gt;Slika za preuzimanje&lt;\/a&gt;&lt;\/div&gt;\" \/><\/a><a href=\"https:\/\/live.staticflickr.com\/65535\/54407566491_1931796d54_h.jpg\" title=\"Ministar Anu\u0161i\u0107 u posjetu tvrtki Dassault Aviation u Francuskoj\"><img decoding=\"async\" data-title=\"Ministar Anu\u0161i\u0107 u posjetu tvrtki Dassault Aviation u Francuskoj\" data-description=\"Ministar Anu\u0161i\u0107 posjetio je proizvo\u0111a\u010da aviona Rafale, koje je Vlada Republiike Hrvatske u povijesnoj nabavi osigurala za modernizaciju Hrvatskog ratnog zrakoplovstva | Foto: MORH\/ F. Klen\" alt=\"Ministar Anu\u0161i\u0107 u posjetu tvrtki Dassault Aviation u Francuskoj\" src=\"https:\/\/live.staticflickr.com\/65535\/54407566491_1931796d54_h.jpg\" data-layer=\"&lt;div class=&#039;morh-gallery-image-download&#039;&gt;&lt;a href=&#039;https:\/\/live.staticflickr.com\/65535\/54407566491_64a7ec6932_o.jpg&#039; target=&#039;_blank&#039;&gt;Slika za preuzimanje&lt;\/a&gt;&lt;\/div&gt;\" \/><\/a><a href=\"https:\/\/live.staticflickr.com\/65535\/54406694787_db1a376555_h.jpg\" title=\"Ministar Anu\u0161i\u0107 u posjetu tvrtki Dassault Aviation u Francuskoj\"><img decoding=\"async\" data-title=\"Ministar Anu\u0161i\u0107 u posjetu tvrtki Dassault Aviation u Francuskoj\" data-description=\"Ministar Anu\u0161i\u0107 posjetio je proizvo\u0111a\u010da aviona Rafale, koje je Vlada Republiike Hrvatske u povijesnoj nabavi osigurala za modernizaciju Hrvatskog ratnog zrakoplovstva | Foto: MORH\/ F. Klen\" alt=\"Ministar Anu\u0161i\u0107 u posjetu tvrtki Dassault Aviation u Francuskoj\" src=\"https:\/\/live.staticflickr.com\/65535\/54406694787_db1a376555_h.jpg\" data-layer=\"&lt;div class=&#039;morh-gallery-image-download&#039;&gt;&lt;a href=&#039;https:\/\/live.staticflickr.com\/65535\/54406694787_33cc7744bf_o.jpg&#039; target=&#039;_blank&#039;&gt;Slika za preuzimanje&lt;\/a&gt;&lt;\/div&gt;\" \/><\/a><a href=\"https:\/\/live.staticflickr.com\/65535\/54407940865_57611fc310_h.jpg\" title=\"Ministar Anu\u0161i\u0107 u posjetu tvrtki Dassault Aviation u Francuskoj\"><img decoding=\"async\" data-title=\"Ministar Anu\u0161i\u0107 u posjetu tvrtki Dassault Aviation u Francuskoj\" data-description=\"Ministar Anu\u0161i\u0107 posjetio je proizvo\u0111a\u010da aviona Rafale, koje je Vlada Republiike Hrvatske u povijesnoj nabavi osigurala za modernizaciju Hrvatskog ratnog zrakoplovstva | Foto: MORH\/ F. Klen\" alt=\"Ministar Anu\u0161i\u0107 u posjetu tvrtki Dassault Aviation u Francuskoj\" src=\"https:\/\/live.staticflickr.com\/65535\/54407940865_57611fc310_h.jpg\" data-layer=\"&lt;div class=&#039;morh-gallery-image-download&#039;&gt;&lt;a href=&#039;https:\/\/live.staticflickr.com\/65535\/54407940865_ffa200a96b_o.jpg&#039; target=&#039;_blank&#039;&gt;Slika za preuzimanje&lt;\/a&gt;&lt;\/div&gt;\" \/><\/a><a href=\"https:\/\/live.staticflickr.com\/65535\/54407746794_d86db3c5af_h.jpg\" title=\"Ministar Anu\u0161i\u0107 u posjetu tvrtki Dassault Aviation u Francuskoj\"><img decoding=\"async\" data-title=\"Ministar Anu\u0161i\u0107 u posjetu tvrtki Dassault Aviation u Francuskoj\" data-description=\"Ministar Anu\u0161i\u0107 posjetio je proizvo\u0111a\u010da aviona Rafale, koje je Vlada Republiike Hrvatske u povijesnoj nabavi osigurala za modernizaciju Hrvatskog ratnog zrakoplovstva | Foto: MORH\/ F. Klen\" alt=\"Ministar Anu\u0161i\u0107 u posjetu tvrtki Dassault Aviation u Francuskoj\" src=\"https:\/\/live.staticflickr.com\/65535\/54407746794_d86db3c5af_h.jpg\" data-layer=\"&lt;div class=&#039;morh-gallery-image-download&#039;&gt;&lt;a href=&#039;https:\/\/live.staticflickr.com\/65535\/54407746794_a4c5fea941_o.jpg&#039; target=&#039;_blank&#039;&gt;Slika za preuzimanje&lt;\/a&gt;&lt;\/div&gt;\" \/><\/a><\/div><!--\/.morh-galleria -->\n","protected":false},"excerpt":{"rendered":"<p>Minister Anu\u0161i\u0107 paid a visit to the French manufacturer of the Rafale aircraft procured by the Croatian Government to modernize the Croatian Air Force<\/p>\n","protected":false},"author":4699,"featured_media":254447,"comment_status":"closed","ping_status":"closed","sticky":false,"template":"","format":"standard","meta":{"_acf_changed":false,"_monsterinsights_skip_tracking":false,"_monsterinsights_sitenote_active":false,"_monsterinsights_sitenote_note":"","_monsterinsights_sitenote_category":0,"footnotes":""},"categories":[117],"tags":[],"class_list":["post-254446","post","type-post","status-publish","format-standard","has-post-thumbnail","hentry","category-press-releases"],"acf":[],"yoast_head":"<!-- This site is optimized with the Yoast SEO plugin v26.9 - https:\/\/yoast.com\/product\/yoast-seo-wordpress\/ -->\n<title>Minister Anu\u0161i\u0107 visits Dassault Aviation in France - MORH<\/title>\n<meta name=\"description\" content=\"Minister Anu\u0161i\u0107 paid a visit to the French manufacturer of the Rafale aircraft procured by the Croatian Government to modernize the Croatian Air Force\" \/>\n<meta name=\"robots\" content=\"index, follow, max-snippet:-1, max-image-preview:large, max-video-preview:-1\" \/>\n<link rel=\"canonical\" href=\"https:\/\/www.morh.hr\/en\/minister-anusic-visits-dassault-aviation-in-france\/\" \/>\n<meta property=\"og:locale\" content=\"en_US\" \/>\n<meta property=\"og:type\" content=\"article\" \/>\n<meta property=\"og:title\" content=\"Minister Anu\u0161i\u0107 visits Dassault Aviation in France - MORH\" \/>\n<meta property=\"og:description\" content=\"Minister Anu\u0161i\u0107 paid a visit to the French manufacturer of the Rafale aircraft procured by the Croatian Government to modernize the Croatian Air Force\" \/>\n<meta property=\"og:url\" content=\"https:\/\/www.morh.hr\/en\/minister-anusic-visits-dassault-aviation-in-france\/\" \/>\n<meta property=\"og:site_name\" content=\"MORH\" \/>\n<meta property=\"article:publisher\" content=\"https:\/\/www.facebook.com\/sportasiuhrvatskojvojsci\/\" \/>\n<meta property=\"article:published_time\" content=\"2025-03-23T14:25:30+00:00\" \/>\n<meta property=\"article:modified_time\" content=\"2025-05-09T13:30:49+00:00\" \/>\n<meta property=\"og:image\" content=\"https:\/\/www.morh.hr\/wp-content\/uploads\/2025\/05\/2025-03-24-fr-2.jpg\" \/>\n\t<meta property=\"og:image:width\" content=\"2400\" \/>\n\t<meta property=\"og:image:height\" content=\"1597\" \/>\n\t<meta property=\"og:image:type\" content=\"image\/jpeg\" \/>\n<meta name=\"author\" content=\"Mladen\" \/>\n<meta name=\"twitter:card\" content=\"summary_large_image\" \/>\n<meta name=\"twitter:creator\" content=\"@morh_osrh\" \/>\n<meta name=\"twitter:site\" content=\"@morh_osrh\" \/>\n<meta name=\"twitter:label1\" content=\"Written by\" \/>\n\t<meta name=\"twitter:data1\" content=\"Mladen\" \/>\n\t<meta name=\"twitter:label2\" content=\"Est. reading time\" \/>\n\t<meta name=\"twitter:data2\" content=\"1 minute\" \/>\n<script type=\"application\/ld+json\" class=\"yoast-schema-graph\">{\"@context\":\"https:\/\/schema.org\",\"@graph\":[{\"@type\":\"Article\",\"@id\":\"https:\/\/www.morh.hr\/en\/minister-anusic-visits-dassault-aviation-in-france\/#article\",\"isPartOf\":{\"@id\":\"https:\/\/www.morh.hr\/en\/minister-anusic-visits-dassault-aviation-in-france\/\"},\"author\":{\"name\":\"Mladen\",\"@id\":\"https:\/\/www.morh.hr\/en\/#\/schema\/person\/ec8e2528a579067d8bda0ae2124ac768\"},\"headline\":\"Minister Anu\u0161i\u0107 visits Dassault Aviation in France\",\"datePublished\":\"2025-03-23T14:25:30+00:00\",\"dateModified\":\"2025-05-09T13:30:49+00:00\",\"mainEntityOfPage\":{\"@id\":\"https:\/\/www.morh.hr\/en\/minister-anusic-visits-dassault-aviation-in-france\/\"},\"wordCount\":100,\"image\":{\"@id\":\"https:\/\/www.morh.hr\/en\/minister-anusic-visits-dassault-aviation-in-france\/#primaryimage\"},\"thumbnailUrl\":\"https:\/\/www.morh.hr\/wp-content\/uploads\/2025\/05\/2025-03-24-fr-2.jpg\",\"articleSection\":[\"Press releases\"],\"inLanguage\":\"en-US\"},{\"@type\":\"WebPage\",\"@id\":\"https:\/\/www.morh.hr\/en\/minister-anusic-visits-dassault-aviation-in-france\/\",\"url\":\"https:\/\/www.morh.hr\/en\/minister-anusic-visits-dassault-aviation-in-france\/\",\"name\":\"Minister Anu\u0161i\u0107 visits Dassault Aviation in France - MORH\",\"isPartOf\":{\"@id\":\"https:\/\/www.morh.hr\/en\/#website\"},\"primaryImageOfPage\":{\"@id\":\"https:\/\/www.morh.hr\/en\/minister-anusic-visits-dassault-aviation-in-france\/#primaryimage\"},\"image\":{\"@id\":\"https:\/\/www.morh.hr\/en\/minister-anusic-visits-dassault-aviation-in-france\/#primaryimage\"},\"thumbnailUrl\":\"https:\/\/www.morh.hr\/wp-content\/uploads\/2025\/05\/2025-03-24-fr-2.jpg\",\"datePublished\":\"2025-03-23T14:25:30+00:00\",\"dateModified\":\"2025-05-09T13:30:49+00:00\",\"author\":{\"@id\":\"https:\/\/www.morh.hr\/en\/#\/schema\/person\/ec8e2528a579067d8bda0ae2124ac768\"},\"description\":\"Minister Anu\u0161i\u0107 paid a visit to the French manufacturer of the Rafale aircraft procured by the Croatian Government to modernize the Croatian Air Force\",\"breadcrumb\":{\"@id\":\"https:\/\/www.morh.hr\/en\/minister-anusic-visits-dassault-aviation-in-france\/#breadcrumb\"},\"inLanguage\":\"en-US\",\"potentialAction\":[{\"@type\":\"ReadAction\",\"target\":[\"https:\/\/www.morh.hr\/en\/minister-anusic-visits-dassault-aviation-in-france\/\"]}]},{\"@type\":\"ImageObject\",\"inLanguage\":\"en-US\",\"@id\":\"https:\/\/www.morh.hr\/en\/minister-anusic-visits-dassault-aviation-in-france\/#primaryimage\",\"url\":\"https:\/\/www.morh.hr\/wp-content\/uploads\/2025\/05\/2025-03-24-fr-2.jpg\",\"contentUrl\":\"https:\/\/www.morh.hr\/wp-content\/uploads\/2025\/05\/2025-03-24-fr-2.jpg\",\"width\":2400,\"height\":1597,\"caption\":\"Minister Anu\u0161i\u0107 visits Dassault Aviation in France | Photo: MORH\/ F. Klen\"},{\"@type\":\"BreadcrumbList\",\"@id\":\"https:\/\/www.morh.hr\/en\/minister-anusic-visits-dassault-aviation-in-france\/#breadcrumb\",\"itemListElement\":[{\"@type\":\"ListItem\",\"position\":1,\"name\":\"Naslovnica\",\"item\":\"https:\/\/www.morh.hr\/en\/\"},{\"@type\":\"ListItem\",\"position\":2,\"name\":\"News\",\"item\":\"https:\/\/www.morh.hr\/en\/kategorija\/news\/\"},{\"@type\":\"ListItem\",\"position\":3,\"name\":\"Press releases\",\"item\":\"https:\/\/www.morh.hr\/en\/kategorija\/news\/press-releases\/\"},{\"@type\":\"ListItem\",\"position\":4,\"name\":\"Minister Anu\u0161i\u0107 visits Dassault Aviation in France\"}]},{\"@type\":\"WebSite\",\"@id\":\"https:\/\/www.morh.hr\/en\/#website\",\"url\":\"https:\/\/www.morh.hr\/en\/\",\"name\":\"MORH\",\"description\":\"Ministarstvo obrane Republike Hrvatske - slu\u017ebene stranice\",\"potentialAction\":[{\"@type\":\"SearchAction\",\"target\":{\"@type\":\"EntryPoint\",\"urlTemplate\":\"https:\/\/www.morh.hr\/en\/?s={search_term_string}\"},\"query-input\":{\"@type\":\"PropertyValueSpecification\",\"valueRequired\":true,\"valueName\":\"search_term_string\"}}],\"inLanguage\":\"en-US\"},{\"@type\":\"Person\",\"@id\":\"https:\/\/www.morh.hr\/en\/#\/schema\/person\/ec8e2528a579067d8bda0ae2124ac768\",\"name\":\"Mladen\",\"image\":{\"@type\":\"ImageObject\",\"inLanguage\":\"en-US\",\"@id\":\"https:\/\/www.morh.hr\/en\/#\/schema\/person\/image\/\",\"url\":\"https:\/\/secure.gravatar.com\/avatar\/3d5ea7ca0d0a523cf2ec98548db52f920a5f6bbfd2c1aa63d237c2f445528cf7?s=96&d=mm&r=g\",\"contentUrl\":\"https:\/\/secure.gravatar.com\/avatar\/3d5ea7ca0d0a523cf2ec98548db52f920a5f6bbfd2c1aa63d237c2f445528cf7?s=96&d=mm&r=g\",\"caption\":\"Mladen\"}}]}<\/script>\n<!-- \/ Yoast SEO plugin. -->","yoast_head_json":{"title":"Minister Anu\u0161i\u0107 visits Dassault Aviation in France - MORH","description":"Minister Anu\u0161i\u0107 paid a visit to the French manufacturer of the Rafale aircraft procured by the Croatian Government to modernize the Croatian Air Force","robots":{"index":"index","follow":"follow","max-snippet":"max-snippet:-1","max-image-preview":"max-image-preview:large","max-video-preview":"max-video-preview:-1"},"canonical":"https:\/\/www.morh.hr\/en\/minister-anusic-visits-dassault-aviation-in-france\/","og_locale":"en_US","og_type":"article","og_title":"Minister Anu\u0161i\u0107 visits Dassault Aviation in France - MORH","og_description":"Minister Anu\u0161i\u0107 paid a visit to the French manufacturer of the Rafale aircraft procured by the Croatian Government to modernize the Croatian Air Force","og_url":"https:\/\/www.morh.hr\/en\/minister-anusic-visits-dassault-aviation-in-france\/","og_site_name":"MORH","article_publisher":"https:\/\/www.facebook.com\/sportasiuhrvatskojvojsci\/","article_published_time":"2025-03-23T14:25:30+00:00","article_modified_time":"2025-05-09T13:30:49+00:00","og_image":[{"width":2400,"height":1597,"url":"https:\/\/www.morh.hr\/wp-content\/uploads\/2025\/05\/2025-03-24-fr-2.jpg","type":"image\/jpeg"}],"author":"Mladen","twitter_card":"summary_large_image","twitter_creator":"@morh_osrh","twitter_site":"@morh_osrh","twitter_misc":{"Written by":"Mladen","Est. reading time":"1 minute"},"schema":{"@context":"https:\/\/schema.org","@graph":[{"@type":"Article","@id":"https:\/\/www.morh.hr\/en\/minister-anusic-visits-dassault-aviation-in-france\/#article","isPartOf":{"@id":"https:\/\/www.morh.hr\/en\/minister-anusic-visits-dassault-aviation-in-france\/"},"author":{"name":"Mladen","@id":"https:\/\/www.morh.hr\/en\/#\/schema\/person\/ec8e2528a579067d8bda0ae2124ac768"},"headline":"Minister Anu\u0161i\u0107 visits Dassault Aviation in France","datePublished":"2025-03-23T14:25:30+00:00","dateModified":"2025-05-09T13:30:49+00:00","mainEntityOfPage":{"@id":"https:\/\/www.morh.hr\/en\/minister-anusic-visits-dassault-aviation-in-france\/"},"wordCount":100,"image":{"@id":"https:\/\/www.morh.hr\/en\/minister-anusic-visits-dassault-aviation-in-france\/#primaryimage"},"thumbnailUrl":"https:\/\/www.morh.hr\/wp-content\/uploads\/2025\/05\/2025-03-24-fr-2.jpg","articleSection":["Press releases"],"inLanguage":"en-US"},{"@type":"WebPage","@id":"https:\/\/www.morh.hr\/en\/minister-anusic-visits-dassault-aviation-in-france\/","url":"https:\/\/www.morh.hr\/en\/minister-anusic-visits-dassault-aviation-in-france\/","name":"Minister Anu\u0161i\u0107 visits Dassault Aviation in France - MORH","isPartOf":{"@id":"https:\/\/www.morh.hr\/en\/#website"},"primaryImageOfPage":{"@id":"https:\/\/www.morh.hr\/en\/minister-anusic-visits-dassault-aviation-in-france\/#primaryimage"},"image":{"@id":"https:\/\/www.morh.hr\/en\/minister-anusic-visits-dassault-aviation-in-france\/#primaryimage"},"thumbnailUrl":"https:\/\/www.morh.hr\/wp-content\/uploads\/2025\/05\/2025-03-24-fr-2.jpg","datePublished":"2025-03-23T14:25:30+00:00","dateModified":"2025-05-09T13:30:49+00:00","author":{"@id":"https:\/\/www.morh.hr\/en\/#\/schema\/person\/ec8e2528a579067d8bda0ae2124ac768"},"description":"Minister Anu\u0161i\u0107 paid a visit to the French manufacturer of the Rafale aircraft procured by the Croatian Government to modernize the Croatian Air Force","breadcrumb":{"@id":"https:\/\/www.morh.hr\/en\/minister-anusic-visits-dassault-aviation-in-france\/#breadcrumb"},"inLanguage":"en-US","potentialAction":[{"@type":"ReadAction","target":["https:\/\/www.morh.hr\/en\/minister-anusic-visits-dassault-aviation-in-france\/"]}]},{"@type":"ImageObject","inLanguage":"en-US","@id":"https:\/\/www.morh.hr\/en\/minister-anusic-visits-dassault-aviation-in-france\/#primaryimage","url":"https:\/\/www.morh.hr\/wp-content\/uploads\/2025\/05\/2025-03-24-fr-2.jpg","contentUrl":"https:\/\/www.morh.hr\/wp-content\/uploads\/2025\/05\/2025-03-24-fr-2.jpg","width":2400,"height":1597,"caption":"Minister Anu\u0161i\u0107 visits Dassault Aviation in France | Photo: MORH\/ F. Klen"},{"@type":"BreadcrumbList","@id":"https:\/\/www.morh.hr\/en\/minister-anusic-visits-dassault-aviation-in-france\/#breadcrumb","itemListElement":[{"@type":"ListItem","position":1,"name":"Naslovnica","item":"https:\/\/www.morh.hr\/en\/"},{"@type":"ListItem","position":2,"name":"News","item":"https:\/\/www.morh.hr\/en\/kategorija\/news\/"},{"@type":"ListItem","position":3,"name":"Press releases","item":"https:\/\/www.morh.hr\/en\/kategorija\/news\/press-releases\/"},{"@type":"ListItem","position":4,"name":"Minister Anu\u0161i\u0107 visits Dassault Aviation in France"}]},{"@type":"WebSite","@id":"https:\/\/www.morh.hr\/en\/#website","url":"https:\/\/www.morh.hr\/en\/","name":"MORH","description":"Ministarstvo obrane Republike Hrvatske - slu\u017ebene stranice","potentialAction":[{"@type":"SearchAction","target":{"@type":"EntryPoint","urlTemplate":"https:\/\/www.morh.hr\/en\/?s={search_term_string}"},"query-input":{"@type":"PropertyValueSpecification","valueRequired":true,"valueName":"search_term_string"}}],"inLanguage":"en-US"},{"@type":"Person","@id":"https:\/\/www.morh.hr\/en\/#\/schema\/person\/ec8e2528a579067d8bda0ae2124ac768","name":"Mladen","image":{"@type":"ImageObject","inLanguage":"en-US","@id":"https:\/\/www.morh.hr\/en\/#\/schema\/person\/image\/","url":"https:\/\/secure.gravatar.com\/avatar\/3d5ea7ca0d0a523cf2ec98548db52f920a5f6bbfd2c1aa63d237c2f445528cf7?s=96&d=mm&r=g","contentUrl":"https:\/\/secure.gravatar.com\/avatar\/3d5ea7ca0d0a523cf2ec98548db52f920a5f6bbfd2c1aa63d237c2f445528cf7?s=96&d=mm&r=g","caption":"Mladen"}}]}},"_links":{"self":[{"href":"https:\/\/www.morh.hr\/en\/wp-json\/wp\/v2\/posts\/254446","targetHints":{"allow":["GET"]}}],"collection":[{"href":"https:\/\/www.morh.hr\/en\/wp-json\/wp\/v2\/posts"}],"about":[{"href":"https:\/\/www.morh.hr\/en\/wp-json\/wp\/v2\/types\/post"}],"author":[{"embeddable":true,"href":"https:\/\/www.morh.hr\/en\/wp-json\/wp\/v2\/users\/4699"}],"replies":[{"embeddable":true,"href":"https:\/\/www.morh.hr\/en\/wp-json\/wp\/v2\/comments?post=254446"}],"version-history":[{"count":0,"href":"https:\/\/www.morh.hr\/en\/wp-json\/wp\/v2\/posts\/254446\/revisions"}],"wp:featuredmedia":[{"embeddable":true,"href":"https:\/\/www.morh.hr\/en\/wp-json\/wp\/v2\/media\/254447"}],"wp:attachment":[{"href":"https:\/\/www.morh.hr\/en\/wp-json\/wp\/v2\/media?parent=254446"}],"wp:term":[{"taxonomy":"category","embeddable":true,"href":"https:\/\/www.morh.hr\/en\/wp-json\/wp\/v2\/categories?post=254446"},{"taxonomy":"post_tag","embeddable":true,"href":"https:\/\/www.morh.hr\/en\/wp-json\/wp\/v2\/tags?post=254446"}],"curies":[{"name":"wp","href":"https:\/\/api.w.org\/{rel}","templated":true}]}}