{"id":254450,"date":"2025-03-25T15:30:56","date_gmt":"2025-03-25T14:30:56","guid":{"rendered":"https:\/\/www.morh.hr\/?p=254450"},"modified":"2025-05-09T15:35:12","modified_gmt":"2025-05-09T13:35:12","slug":"minister-anusic-pays-visit-to-paris-expanding-cooperation-with-france-in-joint-procurement","status":"publish","type":"post","link":"https:\/\/www.morh.hr\/en\/minister-anusic-pays-visit-to-paris-expanding-cooperation-with-france-in-joint-procurement\/","title":{"rendered":"Minister Anu\u0161i\u0107 pays visit to Paris: Expanding cooperation with France in joint procurement"},"content":{"rendered":"<p>Deputy Prime Minister and Defence Minister Ivan Anu\u0161i\u0107 paid an official visit to the French Republic.<\/p>\n<p>On 25 March 2025 in Paris he met with the French Minister of Armed Forces, S\u00e9bastien Lecornu.<\/p>\n<p>The main topics of their bilateral meeting included the current situation in Southeast Europe, with a focus on Croatia&#8217;s neighbouring countries; the evolving geopolitical relations in which France and Great Britain are taking over the leading role in Europe, particularly concerning Ukraine; and the European armament plan.<\/p>\n<p><iframe loading=\"lazy\" title=\"Anu\u0161i\u0107 u Parizu: Daljnji prostor za suradnju s Francuskom u zajedni\u010dkim nabavama\" width=\"868\" height=\"488\" src=\"https:\/\/www.youtube.com\/embed\/DmescE4CGBE?wmode=transparent&amp;rel=0&amp;feature=oembed\" frameborder=\"0\" allow=\"accelerometer; autoplay; clipboard-write; encrypted-media; gyroscope; picture-in-picture; web-share\" referrerpolicy=\"strict-origin-when-cross-origin\" allowfullscreen><\/iframe><\/p>\n<p>Since 2021, Croatian and French defence cooperation has been steadily evolving, largely based on the project involving the procurement of the 12 Rafale multi-role combat aircraft. In the light of the European armament plan (ReArm Europe), Croatia sees further potential for cooperation with France, especially regarding joint procurements. In June 2024, Croatia signed a Framework Agreement to join the project for the joint procurement of CAESAR self-propelled howitzers.<\/p>\n<p><strong>Minister Anu\u0161i\u0107: Our cooperation with the French Ministry of Defence and the French Government will be continued in all segments<\/strong><\/p>\n<p>&#8220;The main topic of today&#8217;s bilateral meeting was strengthening defence cooperation, modernizing the armed forces, and exploring financing opportunities within the framework of the ReArm plan,&#8221; Minister Anu\u0161i\u0107 said. He added that the meeting participants also discussed current security challenges facing Europe.<\/p>\n<p>&#8220;We discussed the geopolitical situation, particularly in Southeast Europe \u2013 Kosovo, Bosnia and Herzegovina, Serbia, Croatia, Montenegro, Albania \u2013 and all the issues currently attracting global attention, particularly the situation in Ukraine. France is one of Croatia&#8217;s key partners, and our cooperation with the French Ministry of Defence and the French Government will be continued in all segments of defence and security,&#8221; Minister Anu\u0161i\u0107 said.<\/p>\n<p>In this context, special attention was given to the procurement and modernization of critical combat systems.<\/p>\n<p>&#8220;We are planning to sign a contract for the procurement of 30 CAESAR howitzers by the end of this year, and the short-range air defence system will be fully delivered by the end of the year. We are also interested in procuring a medium-range air defence system, which is our next priority,&#8221; he said.<\/p>\n<p>The meeting participants also discussed future upgrades of the Rafale aircraft.<\/p>\n<p>&#8220;The Rafale combat aircraft are continually acquiring new capabilities. Modernization and technological upgrades are processes that ensure their effectiveness for years to come. France is also upgrading its Rafales, and we will continue to follow and implement the latest technological standards,&#8221; the Minister said.<\/p>\n<p>The Defence Ministers concluded that all these processes will be carried out systematically and in accordance with the plan, without unnecessary haste, although they are fully aware of the urgency and importance of strengthening Croatia&#8217;s defence capabilities.<\/p>\n<p>&#8220;People want all at once, but there is no reason for panic. We are managing this process strategically and responsibly. We have clear goals, we are preparing for the future, and we are making the best possible use of the time ahead of us,&#8221; concluded Minister Anu\u0161i\u0107.<\/p>\n<div class=\"morh-galleria\"><a href=\"https:\/\/live.staticflickr.com\/65535\/54409633475_5e12795f38_h.jpg\" title=\"Anu\u0161i\u0107 u Parizu: Daljnji prostor za suradnju s Francuskom u zajedni\u010dkim nabavama\"><img decoding=\"async\" data-title=\"Anu\u0161i\u0107 u Parizu: Daljnji prostor za suradnju s Francuskom u zajedni\u010dkim nabavama\" data-description=\"Potpredsjednik Vlade i ministar obrane Ivan Anu\u0161i\u0107 u dvodnevnom je slu\u017ebenom posjetu Francuskoj Republici. Danas, 25. o\u017eujka 2025., drugog dana posjeta, sastao se u Parizu s francuskim ministrom Oru\u017eanih snaga S\u00e9bastienom Lecornujem | Foto: MORH\/ F. Klen\" alt=\"Anu\u0161i\u0107 u Parizu: Daljnji prostor za suradnju s Francuskom u zajedni\u010dkim nabavama\" src=\"https:\/\/live.staticflickr.com\/65535\/54409633475_5e12795f38_h.jpg\" data-layer=\"&lt;div class=&#039;morh-gallery-image-download&#039;&gt;&lt;a href=&#039;https:\/\/live.staticflickr.com\/65535\/54409633475_b718f09077_o.jpg&#039; target=&#039;_blank&#039;&gt;Slika za preuzimanje&lt;\/a&gt;&lt;\/div&gt;\" \/><\/a><a href=\"https:\/\/live.staticflickr.com\/65535\/54409633470_d44112512a_h.jpg\" title=\"Anu\u0161i\u0107 u Parizu: Daljnji prostor za suradnju s Francuskom u zajedni\u010dkim nabavama\"><img decoding=\"async\" data-title=\"Anu\u0161i\u0107 u Parizu: Daljnji prostor za suradnju s Francuskom u zajedni\u010dkim nabavama\" data-description=\"Potpredsjednik Vlade i ministar obrane Ivan Anu\u0161i\u0107 u dvodnevnom je slu\u017ebenom posjetu Francuskoj Republici. Danas, 25. o\u017eujka 2025., drugog dana posjeta, sastao se u Parizu s francuskim ministrom Oru\u017eanih snaga S\u00e9bastienom Lecornujem | Foto: MORH\/ F. Klen\" alt=\"Anu\u0161i\u0107 u Parizu: Daljnji prostor za suradnju s Francuskom u zajedni\u010dkim nabavama\" src=\"https:\/\/live.staticflickr.com\/65535\/54409633470_d44112512a_h.jpg\" data-layer=\"&lt;div class=&#039;morh-gallery-image-download&#039;&gt;&lt;a href=&#039;https:\/\/live.staticflickr.com\/65535\/54409633470_7bd71d3757_o.jpg&#039; target=&#039;_blank&#039;&gt;Slika za preuzimanje&lt;\/a&gt;&lt;\/div&gt;\" \/><\/a><a href=\"https:\/\/live.staticflickr.com\/65535\/54409439289_c70670cad5_h.jpg\" title=\"Anu\u0161i\u0107 u Parizu: Daljnji prostor za suradnju s Francuskom u zajedni\u010dkim nabavama\"><img decoding=\"async\" data-title=\"Anu\u0161i\u0107 u Parizu: Daljnji prostor za suradnju s Francuskom u zajedni\u010dkim nabavama\" data-description=\"Potpredsjednik Vlade i ministar obrane Ivan Anu\u0161i\u0107 u dvodnevnom je slu\u017ebenom posjetu Francuskoj Republici. Danas, 25. o\u017eujka 2025., drugog dana posjeta, sastao se u Parizu s francuskim ministrom Oru\u017eanih snaga S\u00e9bastienom Lecornujem | Foto: MORH\/ F. Klen\" alt=\"Anu\u0161i\u0107 u Parizu: Daljnji prostor za suradnju s Francuskom u zajedni\u010dkim nabavama\" src=\"https:\/\/live.staticflickr.com\/65535\/54409439289_c70670cad5_h.jpg\" data-layer=\"&lt;div class=&#039;morh-gallery-image-download&#039;&gt;&lt;a href=&#039;https:\/\/live.staticflickr.com\/65535\/54409439289_f75c40e366_o.jpg&#039; target=&#039;_blank&#039;&gt;Slika za preuzimanje&lt;\/a&gt;&lt;\/div&gt;\" \/><\/a><a href=\"https:\/\/live.staticflickr.com\/65535\/54409499818_7047065e0d_h.jpg\" title=\"Anu\u0161i\u0107 u Parizu: Daljnji prostor za suradnju s Francuskom u zajedni\u010dkim nabavama\"><img decoding=\"async\" data-title=\"Anu\u0161i\u0107 u Parizu: Daljnji prostor za suradnju s Francuskom u zajedni\u010dkim nabavama\" data-description=\"Potpredsjednik Vlade i ministar obrane Ivan Anu\u0161i\u0107 u dvodnevnom je slu\u017ebenom posjetu Francuskoj Republici. Danas, 25. o\u017eujka 2025., drugog dana posjeta, sastao se u Parizu s francuskim ministrom Oru\u017eanih snaga S\u00e9bastienom Lecornujem | Foto: MORH\/ F. Klen\" alt=\"Anu\u0161i\u0107 u Parizu: Daljnji prostor za suradnju s Francuskom u zajedni\u010dkim nabavama\" src=\"https:\/\/live.staticflickr.com\/65535\/54409499818_7047065e0d_h.jpg\" data-layer=\"&lt;div class=&#039;morh-gallery-image-download&#039;&gt;&lt;a href=&#039;https:\/\/live.staticflickr.com\/65535\/54409499818_68a6835bb8_o.jpg&#039; target=&#039;_blank&#039;&gt;Slika za preuzimanje&lt;\/a&gt;&lt;\/div&gt;\" \/><\/a><a href=\"https:\/\/live.staticflickr.com\/65535\/54409439304_14c7612759_h.jpg\" title=\"Anu\u0161i\u0107 u Parizu: Daljnji prostor za suradnju s Francuskom u zajedni\u010dkim nabavama\"><img decoding=\"async\" data-title=\"Anu\u0161i\u0107 u Parizu: Daljnji prostor za suradnju s Francuskom u zajedni\u010dkim nabavama\" data-description=\"Potpredsjednik Vlade i ministar obrane Ivan Anu\u0161i\u0107 u dvodnevnom je slu\u017ebenom posjetu Francuskoj Republici. Danas, 25. o\u017eujka 2025., drugog dana posjeta, sastao se u Parizu s francuskim ministrom Oru\u017eanih snaga S\u00e9bastienom Lecornujem | Foto: MORH\/ F. Klen\" alt=\"Anu\u0161i\u0107 u Parizu: Daljnji prostor za suradnju s Francuskom u zajedni\u010dkim nabavama\" src=\"https:\/\/live.staticflickr.com\/65535\/54409439304_14c7612759_h.jpg\" data-layer=\"&lt;div class=&#039;morh-gallery-image-download&#039;&gt;&lt;a href=&#039;https:\/\/live.staticflickr.com\/65535\/54409439304_b3688663b8_o.jpg&#039; target=&#039;_blank&#039;&gt;Slika za preuzimanje&lt;\/a&gt;&lt;\/div&gt;\" \/><\/a><a href=\"https:\/\/live.staticflickr.com\/65535\/54409257251_166af54b69_h.jpg\" title=\"Anu\u0161i\u0107 u Parizu: Daljnji prostor za suradnju s Francuskom u zajedni\u010dkim nabavama\"><img decoding=\"async\" data-title=\"Anu\u0161i\u0107 u Parizu: Daljnji prostor za suradnju s Francuskom u zajedni\u010dkim nabavama\" data-description=\"Potpredsjednik Vlade i ministar obrane Ivan Anu\u0161i\u0107 u dvodnevnom je slu\u017ebenom posjetu Francuskoj Republici. Danas, 25. o\u017eujka 2025., drugog dana posjeta, sastao se u Parizu s francuskim ministrom Oru\u017eanih snaga S\u00e9bastienom Lecornujem | Foto: MORH\/ F. Klen\" alt=\"Anu\u0161i\u0107 u Parizu: Daljnji prostor za suradnju s Francuskom u zajedni\u010dkim nabavama\" src=\"https:\/\/live.staticflickr.com\/65535\/54409257251_166af54b69_h.jpg\" data-layer=\"&lt;div class=&#039;morh-gallery-image-download&#039;&gt;&lt;a href=&#039;https:\/\/live.staticflickr.com\/65535\/54409257251_fd7c2fec15_o.jpg&#039; target=&#039;_blank&#039;&gt;Slika za preuzimanje&lt;\/a&gt;&lt;\/div&gt;\" \/><\/a><a href=\"https:\/\/live.staticflickr.com\/65535\/54409499768_6d7280d54e_h.jpg\" title=\"Anu\u0161i\u0107 u Parizu: Daljnji prostor za suradnju s Francuskom u zajedni\u010dkim nabavama\"><img decoding=\"async\" data-title=\"Anu\u0161i\u0107 u Parizu: Daljnji prostor za suradnju s Francuskom u zajedni\u010dkim nabavama\" data-description=\"Potpredsjednik Vlade i ministar obrane Ivan Anu\u0161i\u0107 u dvodnevnom je slu\u017ebenom posjetu Francuskoj Republici. Danas, 25. o\u017eujka 2025., drugog dana posjeta, sastao se u Parizu s francuskim ministrom Oru\u017eanih snaga S\u00e9bastienom Lecornujem | Foto: MORH\/ F. Klen\" alt=\"Anu\u0161i\u0107 u Parizu: Daljnji prostor za suradnju s Francuskom u zajedni\u010dkim nabavama\" src=\"https:\/\/live.staticflickr.com\/65535\/54409499768_6d7280d54e_h.jpg\" data-layer=\"&lt;div class=&#039;morh-gallery-image-download&#039;&gt;&lt;a href=&#039;https:\/\/live.staticflickr.com\/65535\/54409499768_dc07856cf4_o.jpg&#039; target=&#039;_blank&#039;&gt;Slika za preuzimanje&lt;\/a&gt;&lt;\/div&gt;\" \/><\/a><a href=\"https:\/\/live.staticflickr.com\/65535\/54409257276_1a7f290ab9_h.jpg\" title=\"Anu\u0161i\u0107 u Parizu: Daljnji prostor za suradnju s Francuskom u zajedni\u010dkim nabavama\"><img decoding=\"async\" data-title=\"Anu\u0161i\u0107 u Parizu: Daljnji prostor za suradnju s Francuskom u zajedni\u010dkim nabavama\" data-description=\"Potpredsjednik Vlade i ministar obrane Ivan Anu\u0161i\u0107 u dvodnevnom je slu\u017ebenom posjetu Francuskoj Republici. Danas, 25. o\u017eujka 2025., drugog dana posjeta, sastao se u Parizu s francuskim ministrom Oru\u017eanih snaga S\u00e9bastienom Lecornujem | Foto: MORH\/ F. Klen\" alt=\"Anu\u0161i\u0107 u Parizu: Daljnji prostor za suradnju s Francuskom u zajedni\u010dkim nabavama\" src=\"https:\/\/live.staticflickr.com\/65535\/54409257276_1a7f290ab9_h.jpg\" data-layer=\"&lt;div class=&#039;morh-gallery-image-download&#039;&gt;&lt;a href=&#039;https:\/\/live.staticflickr.com\/65535\/54409257276_a4e8cb8caf_o.jpg&#039; target=&#039;_blank&#039;&gt;Slika za preuzimanje&lt;\/a&gt;&lt;\/div&gt;\" \/><\/a><a href=\"https:\/\/live.staticflickr.com\/65535\/54408386312_579fe2fc8c_h.jpg\" title=\"Anu\u0161i\u0107 u Parizu: Daljnji prostor za suradnju s Francuskom u zajedni\u010dkim nabavama\"><img decoding=\"async\" data-title=\"Anu\u0161i\u0107 u Parizu: Daljnji prostor za suradnju s Francuskom u zajedni\u010dkim nabavama\" data-description=\"Potpredsjednik Vlade i ministar obrane Ivan Anu\u0161i\u0107 u dvodnevnom je slu\u017ebenom posjetu Francuskoj Republici. Danas, 25. o\u017eujka 2025., drugog dana posjeta, sastao se u Parizu s francuskim ministrom Oru\u017eanih snaga S\u00e9bastienom Lecornujem | Foto: MORH\/ F. Klen\" alt=\"Anu\u0161i\u0107 u Parizu: Daljnji prostor za suradnju s Francuskom u zajedni\u010dkim nabavama\" src=\"https:\/\/live.staticflickr.com\/65535\/54408386312_579fe2fc8c_h.jpg\" data-layer=\"&lt;div class=&#039;morh-gallery-image-download&#039;&gt;&lt;a href=&#039;https:\/\/live.staticflickr.com\/65535\/54408386312_b60a0c3f60_o.jpg&#039; target=&#039;_blank&#039;&gt;Slika za preuzimanje&lt;\/a&gt;&lt;\/div&gt;\" \/><\/a><a href=\"https:\/\/live.staticflickr.com\/65535\/54409257211_ca699944a9_h.jpg\" title=\"Anu\u0161i\u0107 u Parizu: Daljnji prostor za suradnju s Francuskom u zajedni\u010dkim nabavama\"><img decoding=\"async\" data-title=\"Anu\u0161i\u0107 u Parizu: Daljnji prostor za suradnju s Francuskom u zajedni\u010dkim nabavama\" data-description=\"Potpredsjednik Vlade i ministar obrane Ivan Anu\u0161i\u0107 u dvodnevnom je slu\u017ebenom posjetu Francuskoj Republici. Danas, 25. o\u017eujka 2025., drugog dana posjeta, sastao se u Parizu s francuskim ministrom Oru\u017eanih snaga S\u00e9bastienom Lecornujem | Foto: MORH\/ F. Klen\" alt=\"Anu\u0161i\u0107 u Parizu: Daljnji prostor za suradnju s Francuskom u zajedni\u010dkim nabavama\" src=\"https:\/\/live.staticflickr.com\/65535\/54409257211_ca699944a9_h.jpg\" data-layer=\"&lt;div class=&#039;morh-gallery-image-download&#039;&gt;&lt;a href=&#039;https:\/\/live.staticflickr.com\/65535\/54409257211_47eceed62c_o.jpg&#039; target=&#039;_blank&#039;&gt;Slika za preuzimanje&lt;\/a&gt;&lt;\/div&gt;\" \/><\/a><a href=\"https:\/\/live.staticflickr.com\/65535\/54408386332_b48c176447_h.jpg\" title=\"Anu\u0161i\u0107 u Parizu: Daljnji prostor za suradnju s Francuskom u zajedni\u010dkim nabavama\"><img decoding=\"async\" data-title=\"Anu\u0161i\u0107 u Parizu: Daljnji prostor za suradnju s Francuskom u zajedni\u010dkim nabavama\" data-description=\"Potpredsjednik Vlade i ministar obrane Ivan Anu\u0161i\u0107 u dvodnevnom je slu\u017ebenom posjetu Francuskoj Republici. Danas, 25. o\u017eujka 2025., drugog dana posjeta, sastao se u Parizu s francuskim ministrom Oru\u017eanih snaga S\u00e9bastienom Lecornujem | Foto: MORH\/ F. Klen\" alt=\"Anu\u0161i\u0107 u Parizu: Daljnji prostor za suradnju s Francuskom u zajedni\u010dkim nabavama\" src=\"https:\/\/live.staticflickr.com\/65535\/54408386332_b48c176447_h.jpg\" data-layer=\"&lt;div class=&#039;morh-gallery-image-download&#039;&gt;&lt;a href=&#039;https:\/\/live.staticflickr.com\/65535\/54408386332_151776f7e5_o.jpg&#039; target=&#039;_blank&#039;&gt;Slika za preuzimanje&lt;\/a&gt;&lt;\/div&gt;\" \/><\/a><a href=\"https:\/\/live.staticflickr.com\/65535\/54409633445_38100972f1_h.jpg\" title=\"Anu\u0161i\u0107 u Parizu: Daljnji prostor za suradnju s Francuskom u zajedni\u010dkim nabavama\"><img decoding=\"async\" data-title=\"Anu\u0161i\u0107 u Parizu: Daljnji prostor za suradnju s Francuskom u zajedni\u010dkim nabavama\" data-description=\"Potpredsjednik Vlade i ministar obrane Ivan Anu\u0161i\u0107 u dvodnevnom je slu\u017ebenom posjetu Francuskoj Republici. Danas, 25. o\u017eujka 2025., drugog dana posjeta, sastao se u Parizu s francuskim ministrom Oru\u017eanih snaga S\u00e9bastienom Lecornujem | Foto: MORH\/ F. Klen\" alt=\"Anu\u0161i\u0107 u Parizu: Daljnji prostor za suradnju s Francuskom u zajedni\u010dkim nabavama\" src=\"https:\/\/live.staticflickr.com\/65535\/54409633445_38100972f1_h.jpg\" data-layer=\"&lt;div class=&#039;morh-gallery-image-download&#039;&gt;&lt;a href=&#039;https:\/\/live.staticflickr.com\/65535\/54409633445_e879b502cf_o.jpg&#039; target=&#039;_blank&#039;&gt;Slika za preuzimanje&lt;\/a&gt;&lt;\/div&gt;\" \/><\/a><a href=\"https:\/\/live.staticflickr.com\/65535\/54408386362_680f602baf_h.jpg\" title=\"Anu\u0161i\u0107 u Parizu: Daljnji prostor za suradnju s Francuskom u zajedni\u010dkim nabavama\"><img decoding=\"async\" data-title=\"Anu\u0161i\u0107 u Parizu: Daljnji prostor za suradnju s Francuskom u zajedni\u010dkim nabavama\" data-description=\"Potpredsjednik Vlade i ministar obrane Ivan Anu\u0161i\u0107 u dvodnevnom je slu\u017ebenom posjetu Francuskoj Republici. Danas, 25. o\u017eujka 2025., drugog dana posjeta, sastao se u Parizu s francuskim ministrom Oru\u017eanih snaga S\u00e9bastienom Lecornujem | Foto: MORH\/ F. Klen\" alt=\"Anu\u0161i\u0107 u Parizu: Daljnji prostor za suradnju s Francuskom u zajedni\u010dkim nabavama\" src=\"https:\/\/live.staticflickr.com\/65535\/54408386362_680f602baf_h.jpg\" data-layer=\"&lt;div class=&#039;morh-gallery-image-download&#039;&gt;&lt;a href=&#039;https:\/\/live.staticflickr.com\/65535\/54408386362_7c80628c33_o.jpg&#039; target=&#039;_blank&#039;&gt;Slika za preuzimanje&lt;\/a&gt;&lt;\/div&gt;\" \/><\/a><a href=\"https:\/\/live.staticflickr.com\/65535\/54409633455_fbea2101cf_h.jpg\" title=\"Anu\u0161i\u0107 u Parizu: Daljnji prostor za suradnju s Francuskom u zajedni\u010dkim nabavama\"><img decoding=\"async\" data-title=\"Anu\u0161i\u0107 u Parizu: Daljnji prostor za suradnju s Francuskom u zajedni\u010dkim nabavama\" data-description=\"Potpredsjednik Vlade i ministar obrane Ivan Anu\u0161i\u0107 u dvodnevnom je slu\u017ebenom posjetu Francuskoj Republici. Danas, 25. o\u017eujka 2025., drugog dana posjeta, sastao se u Parizu s francuskim ministrom Oru\u017eanih snaga S\u00e9bastienom Lecornujem | Foto: MORH\/ F. Klen\" alt=\"Anu\u0161i\u0107 u Parizu: Daljnji prostor za suradnju s Francuskom u zajedni\u010dkim nabavama\" src=\"https:\/\/live.staticflickr.com\/65535\/54409633455_fbea2101cf_h.jpg\" data-layer=\"&lt;div class=&#039;morh-gallery-image-download&#039;&gt;&lt;a href=&#039;https:\/\/live.staticflickr.com\/65535\/54409633455_89d7941ef2_o.jpg&#039; target=&#039;_blank&#039;&gt;Slika za preuzimanje&lt;\/a&gt;&lt;\/div&gt;\" \/><\/a><a href=\"https:\/\/live.staticflickr.com\/65535\/54409499833_85f310db6f_h.jpg\" title=\"Anu\u0161i\u0107 u Parizu: Daljnji prostor za suradnju s Francuskom u zajedni\u010dkim nabavama\"><img decoding=\"async\" data-title=\"Anu\u0161i\u0107 u Parizu: Daljnji prostor za suradnju s Francuskom u zajedni\u010dkim nabavama\" data-description=\"Potpredsjednik Vlade i ministar obrane Ivan Anu\u0161i\u0107 u dvodnevnom je slu\u017ebenom posjetu Francuskoj Republici. Danas, 25. o\u017eujka 2025., drugog dana posjeta, sastao se u Parizu s francuskim ministrom Oru\u017eanih snaga S\u00e9bastienom Lecornujem | Foto: MORH\/ F. Klen\" alt=\"Anu\u0161i\u0107 u Parizu: Daljnji prostor za suradnju s Francuskom u zajedni\u010dkim nabavama\" src=\"https:\/\/live.staticflickr.com\/65535\/54409499833_85f310db6f_h.jpg\" data-layer=\"&lt;div class=&#039;morh-gallery-image-download&#039;&gt;&lt;a href=&#039;https:\/\/live.staticflickr.com\/65535\/54409499833_d5cc09e5e2_o.jpg&#039; target=&#039;_blank&#039;&gt;Slika za preuzimanje&lt;\/a&gt;&lt;\/div&gt;\" \/><\/a><a href=\"https:\/\/live.staticflickr.com\/65535\/54408386262_d3b0c2f43a_h.jpg\" title=\"Anu\u0161i\u0107 u Parizu: Daljnji prostor za suradnju s Francuskom u zajedni\u010dkim nabavama\"><img decoding=\"async\" data-title=\"Anu\u0161i\u0107 u Parizu: Daljnji prostor za suradnju s Francuskom u zajedni\u010dkim nabavama\" data-description=\"Potpredsjednik Vlade i ministar obrane Ivan Anu\u0161i\u0107 u dvodnevnom je slu\u017ebenom posjetu Francuskoj Republici. Danas, 25. o\u017eujka 2025., drugog dana posjeta, sastao se u Parizu s francuskim ministrom Oru\u017eanih snaga S\u00e9bastienom Lecornujem | Foto: MORH\/ F. Klen\" alt=\"Anu\u0161i\u0107 u Parizu: Daljnji prostor za suradnju s Francuskom u zajedni\u010dkim nabavama\" src=\"https:\/\/live.staticflickr.com\/65535\/54408386262_d3b0c2f43a_h.jpg\" data-layer=\"&lt;div class=&#039;morh-gallery-image-download&#039;&gt;&lt;a href=&#039;https:\/\/live.staticflickr.com\/65535\/54408386262_8a728ddfa8_o.jpg&#039; target=&#039;_blank&#039;&gt;Slika za preuzimanje&lt;\/a&gt;&lt;\/div&gt;\" \/><\/a><a href=\"https:\/\/live.staticflickr.com\/65535\/54409257321_183cecc147_h.jpg\" title=\"Anu\u0161i\u0107 u Parizu: Daljnji prostor za suradnju s Francuskom u zajedni\u010dkim nabavama\"><img decoding=\"async\" data-title=\"Anu\u0161i\u0107 u Parizu: Daljnji prostor za suradnju s Francuskom u zajedni\u010dkim nabavama\" data-description=\"Potpredsjednik Vlade i ministar obrane Ivan Anu\u0161i\u0107 u dvodnevnom je slu\u017ebenom posjetu Francuskoj Republici. Danas, 25. o\u017eujka 2025., drugog dana posjeta, sastao se u Parizu s francuskim ministrom Oru\u017eanih snaga S\u00e9bastienom Lecornujem | Foto: MORH\/ F. Klen\" alt=\"Anu\u0161i\u0107 u Parizu: Daljnji prostor za suradnju s Francuskom u zajedni\u010dkim nabavama\" src=\"https:\/\/live.staticflickr.com\/65535\/54409257321_183cecc147_h.jpg\" data-layer=\"&lt;div class=&#039;morh-gallery-image-download&#039;&gt;&lt;a href=&#039;https:\/\/live.staticflickr.com\/65535\/54409257321_7c6603b7df_o.jpg&#039; target=&#039;_blank&#039;&gt;Slika za preuzimanje&lt;\/a&gt;&lt;\/div&gt;\" \/><\/a><a href=\"https:\/\/live.staticflickr.com\/65535\/54409499858_04e66f9b24_h.jpg\" title=\"Anu\u0161i\u0107 u Parizu: Daljnji prostor za suradnju s Francuskom u zajedni\u010dkim nabavama\"><img decoding=\"async\" data-title=\"Anu\u0161i\u0107 u Parizu: Daljnji prostor za suradnju s Francuskom u zajedni\u010dkim nabavama\" data-description=\"Potpredsjednik Vlade i ministar obrane Ivan Anu\u0161i\u0107 u dvodnevnom je slu\u017ebenom posjetu Francuskoj Republici. Danas, 25. o\u017eujka 2025., drugog dana posjeta, sastao se u Parizu s francuskim ministrom Oru\u017eanih snaga S\u00e9bastienom Lecornujem | Foto: MORH\/ F. Klen\" alt=\"Anu\u0161i\u0107 u Parizu: Daljnji prostor za suradnju s Francuskom u zajedni\u010dkim nabavama\" src=\"https:\/\/live.staticflickr.com\/65535\/54409499858_04e66f9b24_h.jpg\" data-layer=\"&lt;div class=&#039;morh-gallery-image-download&#039;&gt;&lt;a href=&#039;https:\/\/live.staticflickr.com\/65535\/54409499858_a9d7933faf_o.jpg&#039; target=&#039;_blank&#039;&gt;Slika za preuzimanje&lt;\/a&gt;&lt;\/div&gt;\" \/><\/a><a href=\"https:\/\/live.staticflickr.com\/65535\/54409499868_f3d1082e0e_h.jpg\" title=\"Anu\u0161i\u0107 u Parizu: Daljnji prostor za suradnju s Francuskom u zajedni\u010dkim nabavama\"><img decoding=\"async\" data-title=\"Anu\u0161i\u0107 u Parizu: Daljnji prostor za suradnju s Francuskom u zajedni\u010dkim nabavama\" data-description=\"Potpredsjednik Vlade i ministar obrane Ivan Anu\u0161i\u0107 u dvodnevnom je slu\u017ebenom posjetu Francuskoj Republici. Danas, 25. o\u017eujka 2025., drugog dana posjeta, sastao se u Parizu s francuskim ministrom Oru\u017eanih snaga S\u00e9bastienom Lecornujem | Foto: MORH\/ F. Klen\" alt=\"Anu\u0161i\u0107 u Parizu: Daljnji prostor za suradnju s Francuskom u zajedni\u010dkim nabavama\" src=\"https:\/\/live.staticflickr.com\/65535\/54409499868_f3d1082e0e_h.jpg\" data-layer=\"&lt;div class=&#039;morh-gallery-image-download&#039;&gt;&lt;a href=&#039;https:\/\/live.staticflickr.com\/65535\/54409499868_670af43d69_o.jpg&#039; target=&#039;_blank&#039;&gt;Slika za preuzimanje&lt;\/a&gt;&lt;\/div&gt;\" \/><\/a><a href=\"https:\/\/live.staticflickr.com\/65535\/54409499873_7689323496_h.jpg\" title=\"Anu\u0161i\u0107 u Parizu: Daljnji prostor za suradnju s Francuskom u zajedni\u010dkim nabavama\"><img decoding=\"async\" data-title=\"Anu\u0161i\u0107 u Parizu: Daljnji prostor za suradnju s Francuskom u zajedni\u010dkim nabavama\" data-description=\"Potpredsjednik Vlade i ministar obrane Ivan Anu\u0161i\u0107 u dvodnevnom je slu\u017ebenom posjetu Francuskoj Republici. Danas, 25. o\u017eujka 2025., drugog dana posjeta, sastao se u Parizu s francuskim ministrom Oru\u017eanih snaga S\u00e9bastienom Lecornujem | Foto: MORH\/ F. Klen\" alt=\"Anu\u0161i\u0107 u Parizu: Daljnji prostor za suradnju s Francuskom u zajedni\u010dkim nabavama\" src=\"https:\/\/live.staticflickr.com\/65535\/54409499873_7689323496_h.jpg\" data-layer=\"&lt;div class=&#039;morh-gallery-image-download&#039;&gt;&lt;a href=&#039;https:\/\/live.staticflickr.com\/65535\/54409499873_e05b994969_o.jpg&#039; target=&#039;_blank&#039;&gt;Slika za preuzimanje&lt;\/a&gt;&lt;\/div&gt;\" \/><\/a><a href=\"https:\/\/live.staticflickr.com\/65535\/54409439144_6e17b24a0b_h.jpg\" title=\"Anu\u0161i\u0107 u Parizu: Daljnji prostor za suradnju s Francuskom u zajedni\u010dkim nabavama\"><img decoding=\"async\" data-title=\"Anu\u0161i\u0107 u Parizu: Daljnji prostor za suradnju s Francuskom u zajedni\u010dkim nabavama\" data-description=\"Potpredsjednik Vlade i ministar obrane Ivan Anu\u0161i\u0107 u dvodnevnom je slu\u017ebenom posjetu Francuskoj Republici. Danas, 25. o\u017eujka 2025., drugog dana posjeta, sastao se u Parizu s francuskim ministrom Oru\u017eanih snaga S\u00e9bastienom Lecornujem | Foto: MORH\/ F. Klen\" alt=\"Anu\u0161i\u0107 u Parizu: Daljnji prostor za suradnju s Francuskom u zajedni\u010dkim nabavama\" src=\"https:\/\/live.staticflickr.com\/65535\/54409439144_6e17b24a0b_h.jpg\" data-layer=\"&lt;div class=&#039;morh-gallery-image-download&#039;&gt;&lt;a href=&#039;https:\/\/live.staticflickr.com\/65535\/54409439144_06c716bef7_o.jpg&#039; target=&#039;_blank&#039;&gt;Slika za preuzimanje&lt;\/a&gt;&lt;\/div&gt;\" \/><\/a><a href=\"https:\/\/live.staticflickr.com\/65535\/54409499683_157683cde5_h.jpg\" title=\"Anu\u0161i\u0107 u Parizu: Daljnji prostor za suradnju s Francuskom u zajedni\u010dkim nabavama\"><img decoding=\"async\" data-title=\"Anu\u0161i\u0107 u Parizu: Daljnji prostor za suradnju s Francuskom u zajedni\u010dkim nabavama\" data-description=\"Potpredsjednik Vlade i ministar obrane Ivan Anu\u0161i\u0107 u dvodnevnom je slu\u017ebenom posjetu Francuskoj Republici. Danas, 25. o\u017eujka 2025., drugog dana posjeta, sastao se u Parizu s francuskim ministrom Oru\u017eanih snaga S\u00e9bastienom Lecornujem | Foto: MORH\/ F. Klen\" alt=\"Anu\u0161i\u0107 u Parizu: Daljnji prostor za suradnju s Francuskom u zajedni\u010dkim nabavama\" src=\"https:\/\/live.staticflickr.com\/65535\/54409499683_157683cde5_h.jpg\" data-layer=\"&lt;div class=&#039;morh-gallery-image-download&#039;&gt;&lt;a href=&#039;https:\/\/live.staticflickr.com\/65535\/54409499683_ff7b33f88b_o.jpg&#039; target=&#039;_blank&#039;&gt;Slika za preuzimanje&lt;\/a&gt;&lt;\/div&gt;\" \/><\/a><\/div><!--\/.morh-galleria -->\n","protected":false},"excerpt":{"rendered":"<p>Minister Anu\u0161i\u0107 met with French Minister of Armed Forces S\u00e9bastien Lecornu on the second day of his official visit to the French Republic<\/p>\n","protected":false},"author":4699,"featured_media":254451,"comment_status":"closed","ping_status":"closed","sticky":false,"template":"","format":"standard","meta":{"_acf_changed":false,"_monsterinsights_skip_tracking":false,"_monsterinsights_sitenote_active":false,"_monsterinsights_sitenote_note":"","_monsterinsights_sitenote_category":0,"footnotes":""},"categories":[117],"tags":[],"class_list":["post-254450","post","type-post","status-publish","format-standard","has-post-thumbnail","hentry","category-press-releases"],"acf":[],"yoast_head":"<!-- This site is optimized with the Yoast SEO plugin v26.9 - https:\/\/yoast.com\/product\/yoast-seo-wordpress\/ -->\n<title>Minister Anu\u0161i\u0107 pays visit to Paris: Expanding cooperation with France in joint procurement - MORH<\/title>\n<meta name=\"description\" content=\"Minister Anu\u0161i\u0107 met with French Minister of Armed Forces S\u00e9bastien Lecornu on the second day of his official visit to the French Republic\" \/>\n<meta name=\"robots\" content=\"index, follow, max-snippet:-1, max-image-preview:large, max-video-preview:-1\" \/>\n<link rel=\"canonical\" href=\"https:\/\/www.morh.hr\/en\/minister-anusic-pays-visit-to-paris-expanding-cooperation-with-france-in-joint-procurement\/\" \/>\n<meta property=\"og:locale\" content=\"en_US\" \/>\n<meta property=\"og:type\" content=\"article\" \/>\n<meta property=\"og:title\" content=\"Minister Anu\u0161i\u0107 pays visit to Paris: Expanding cooperation with France in joint procurement - MORH\" \/>\n<meta property=\"og:description\" content=\"Minister Anu\u0161i\u0107 met with French Minister of Armed Forces S\u00e9bastien Lecornu on the second day of his official visit to the French Republic\" \/>\n<meta property=\"og:url\" content=\"https:\/\/www.morh.hr\/en\/minister-anusic-pays-visit-to-paris-expanding-cooperation-with-france-in-joint-procurement\/\" \/>\n<meta property=\"og:site_name\" content=\"MORH\" \/>\n<meta property=\"article:publisher\" content=\"https:\/\/www.facebook.com\/sportasiuhrvatskojvojsci\/\" \/>\n<meta property=\"article:published_time\" content=\"2025-03-25T14:30:56+00:00\" \/>\n<meta property=\"article:modified_time\" content=\"2025-05-09T13:35:12+00:00\" \/>\n<meta property=\"og:image\" content=\"https:\/\/www.morh.hr\/wp-content\/uploads\/2025\/05\/2025-03-25-sluzbeni-posjet-francuskoj.jpg\" \/>\n\t<meta property=\"og:image:width\" content=\"2400\" \/>\n\t<meta property=\"og:image:height\" content=\"1597\" \/>\n\t<meta property=\"og:image:type\" content=\"image\/jpeg\" \/>\n<meta name=\"author\" content=\"Mladen\" \/>\n<meta name=\"twitter:card\" content=\"summary_large_image\" \/>\n<meta name=\"twitter:creator\" content=\"@morh_osrh\" \/>\n<meta name=\"twitter:site\" content=\"@morh_osrh\" \/>\n<meta name=\"twitter:label1\" content=\"Written by\" \/>\n\t<meta name=\"twitter:data1\" content=\"Mladen\" \/>\n\t<meta name=\"twitter:label2\" content=\"Est. reading time\" \/>\n\t<meta name=\"twitter:data2\" content=\"3 minutes\" \/>\n<script type=\"application\/ld+json\" class=\"yoast-schema-graph\">{\"@context\":\"https:\/\/schema.org\",\"@graph\":[{\"@type\":\"Article\",\"@id\":\"https:\/\/www.morh.hr\/en\/minister-anusic-pays-visit-to-paris-expanding-cooperation-with-france-in-joint-procurement\/#article\",\"isPartOf\":{\"@id\":\"https:\/\/www.morh.hr\/en\/minister-anusic-pays-visit-to-paris-expanding-cooperation-with-france-in-joint-procurement\/\"},\"author\":{\"name\":\"Mladen\",\"@id\":\"https:\/\/www.morh.hr\/en\/#\/schema\/person\/ec8e2528a579067d8bda0ae2124ac768\"},\"headline\":\"Minister Anu\u0161i\u0107 pays visit to Paris: Expanding cooperation with France in joint procurement\",\"datePublished\":\"2025-03-25T14:30:56+00:00\",\"dateModified\":\"2025-05-09T13:35:12+00:00\",\"mainEntityOfPage\":{\"@id\":\"https:\/\/www.morh.hr\/en\/minister-anusic-pays-visit-to-paris-expanding-cooperation-with-france-in-joint-procurement\/\"},\"wordCount\":511,\"image\":{\"@id\":\"https:\/\/www.morh.hr\/en\/minister-anusic-pays-visit-to-paris-expanding-cooperation-with-france-in-joint-procurement\/#primaryimage\"},\"thumbnailUrl\":\"https:\/\/www.morh.hr\/wp-content\/uploads\/2025\/05\/2025-03-25-sluzbeni-posjet-francuskoj.jpg\",\"articleSection\":[\"Press releases\"],\"inLanguage\":\"en-US\"},{\"@type\":\"WebPage\",\"@id\":\"https:\/\/www.morh.hr\/en\/minister-anusic-pays-visit-to-paris-expanding-cooperation-with-france-in-joint-procurement\/\",\"url\":\"https:\/\/www.morh.hr\/en\/minister-anusic-pays-visit-to-paris-expanding-cooperation-with-france-in-joint-procurement\/\",\"name\":\"Minister Anu\u0161i\u0107 pays visit to Paris: Expanding cooperation with France in joint procurement - MORH\",\"isPartOf\":{\"@id\":\"https:\/\/www.morh.hr\/en\/#website\"},\"primaryImageOfPage\":{\"@id\":\"https:\/\/www.morh.hr\/en\/minister-anusic-pays-visit-to-paris-expanding-cooperation-with-france-in-joint-procurement\/#primaryimage\"},\"image\":{\"@id\":\"https:\/\/www.morh.hr\/en\/minister-anusic-pays-visit-to-paris-expanding-cooperation-with-france-in-joint-procurement\/#primaryimage\"},\"thumbnailUrl\":\"https:\/\/www.morh.hr\/wp-content\/uploads\/2025\/05\/2025-03-25-sluzbeni-posjet-francuskoj.jpg\",\"datePublished\":\"2025-03-25T14:30:56+00:00\",\"dateModified\":\"2025-05-09T13:35:12+00:00\",\"author\":{\"@id\":\"https:\/\/www.morh.hr\/en\/#\/schema\/person\/ec8e2528a579067d8bda0ae2124ac768\"},\"description\":\"Minister Anu\u0161i\u0107 met with French Minister of Armed Forces S\u00e9bastien Lecornu on the second day of his official visit to the French Republic\",\"breadcrumb\":{\"@id\":\"https:\/\/www.morh.hr\/en\/minister-anusic-pays-visit-to-paris-expanding-cooperation-with-france-in-joint-procurement\/#breadcrumb\"},\"inLanguage\":\"en-US\",\"potentialAction\":[{\"@type\":\"ReadAction\",\"target\":[\"https:\/\/www.morh.hr\/en\/minister-anusic-pays-visit-to-paris-expanding-cooperation-with-france-in-joint-procurement\/\"]}]},{\"@type\":\"ImageObject\",\"inLanguage\":\"en-US\",\"@id\":\"https:\/\/www.morh.hr\/en\/minister-anusic-pays-visit-to-paris-expanding-cooperation-with-france-in-joint-procurement\/#primaryimage\",\"url\":\"https:\/\/www.morh.hr\/wp-content\/uploads\/2025\/05\/2025-03-25-sluzbeni-posjet-francuskoj.jpg\",\"contentUrl\":\"https:\/\/www.morh.hr\/wp-content\/uploads\/2025\/05\/2025-03-25-sluzbeni-posjet-francuskoj.jpg\",\"width\":2400,\"height\":1597,\"caption\":\"Minister Anu\u0161i\u0107 pays visit to Paris: Expanding cooperation with France in joint procurement | Photo: MORH\/ F. Klen\"},{\"@type\":\"BreadcrumbList\",\"@id\":\"https:\/\/www.morh.hr\/en\/minister-anusic-pays-visit-to-paris-expanding-cooperation-with-france-in-joint-procurement\/#breadcrumb\",\"itemListElement\":[{\"@type\":\"ListItem\",\"position\":1,\"name\":\"Naslovnica\",\"item\":\"https:\/\/www.morh.hr\/en\/\"},{\"@type\":\"ListItem\",\"position\":2,\"name\":\"News\",\"item\":\"https:\/\/www.morh.hr\/en\/kategorija\/news\/\"},{\"@type\":\"ListItem\",\"position\":3,\"name\":\"Press releases\",\"item\":\"https:\/\/www.morh.hr\/en\/kategorija\/news\/press-releases\/\"},{\"@type\":\"ListItem\",\"position\":4,\"name\":\"Minister Anu\u0161i\u0107 pays visit to Paris: Expanding cooperation with France in joint procurement\"}]},{\"@type\":\"WebSite\",\"@id\":\"https:\/\/www.morh.hr\/en\/#website\",\"url\":\"https:\/\/www.morh.hr\/en\/\",\"name\":\"MORH\",\"description\":\"Ministarstvo obrane Republike Hrvatske - slu\u017ebene stranice\",\"potentialAction\":[{\"@type\":\"SearchAction\",\"target\":{\"@type\":\"EntryPoint\",\"urlTemplate\":\"https:\/\/www.morh.hr\/en\/?s={search_term_string}\"},\"query-input\":{\"@type\":\"PropertyValueSpecification\",\"valueRequired\":true,\"valueName\":\"search_term_string\"}}],\"inLanguage\":\"en-US\"},{\"@type\":\"Person\",\"@id\":\"https:\/\/www.morh.hr\/en\/#\/schema\/person\/ec8e2528a579067d8bda0ae2124ac768\",\"name\":\"Mladen\",\"image\":{\"@type\":\"ImageObject\",\"inLanguage\":\"en-US\",\"@id\":\"https:\/\/www.morh.hr\/en\/#\/schema\/person\/image\/\",\"url\":\"https:\/\/secure.gravatar.com\/avatar\/3d5ea7ca0d0a523cf2ec98548db52f920a5f6bbfd2c1aa63d237c2f445528cf7?s=96&d=mm&r=g\",\"contentUrl\":\"https:\/\/secure.gravatar.com\/avatar\/3d5ea7ca0d0a523cf2ec98548db52f920a5f6bbfd2c1aa63d237c2f445528cf7?s=96&d=mm&r=g\",\"caption\":\"Mladen\"}}]}<\/script>\n<!-- \/ Yoast SEO plugin. -->","yoast_head_json":{"title":"Minister Anu\u0161i\u0107 pays visit to Paris: Expanding cooperation with France in joint procurement - MORH","description":"Minister Anu\u0161i\u0107 met with French Minister of Armed Forces S\u00e9bastien Lecornu on the second day of his official visit to the French Republic","robots":{"index":"index","follow":"follow","max-snippet":"max-snippet:-1","max-image-preview":"max-image-preview:large","max-video-preview":"max-video-preview:-1"},"canonical":"https:\/\/www.morh.hr\/en\/minister-anusic-pays-visit-to-paris-expanding-cooperation-with-france-in-joint-procurement\/","og_locale":"en_US","og_type":"article","og_title":"Minister Anu\u0161i\u0107 pays visit to Paris: Expanding cooperation with France in joint procurement - MORH","og_description":"Minister Anu\u0161i\u0107 met with French Minister of Armed Forces S\u00e9bastien Lecornu on the second day of his official visit to the French Republic","og_url":"https:\/\/www.morh.hr\/en\/minister-anusic-pays-visit-to-paris-expanding-cooperation-with-france-in-joint-procurement\/","og_site_name":"MORH","article_publisher":"https:\/\/www.facebook.com\/sportasiuhrvatskojvojsci\/","article_published_time":"2025-03-25T14:30:56+00:00","article_modified_time":"2025-05-09T13:35:12+00:00","og_image":[{"width":2400,"height":1597,"url":"https:\/\/www.morh.hr\/wp-content\/uploads\/2025\/05\/2025-03-25-sluzbeni-posjet-francuskoj.jpg","type":"image\/jpeg"}],"author":"Mladen","twitter_card":"summary_large_image","twitter_creator":"@morh_osrh","twitter_site":"@morh_osrh","twitter_misc":{"Written by":"Mladen","Est. reading time":"3 minutes"},"schema":{"@context":"https:\/\/schema.org","@graph":[{"@type":"Article","@id":"https:\/\/www.morh.hr\/en\/minister-anusic-pays-visit-to-paris-expanding-cooperation-with-france-in-joint-procurement\/#article","isPartOf":{"@id":"https:\/\/www.morh.hr\/en\/minister-anusic-pays-visit-to-paris-expanding-cooperation-with-france-in-joint-procurement\/"},"author":{"name":"Mladen","@id":"https:\/\/www.morh.hr\/en\/#\/schema\/person\/ec8e2528a579067d8bda0ae2124ac768"},"headline":"Minister Anu\u0161i\u0107 pays visit to Paris: Expanding cooperation with France in joint procurement","datePublished":"2025-03-25T14:30:56+00:00","dateModified":"2025-05-09T13:35:12+00:00","mainEntityOfPage":{"@id":"https:\/\/www.morh.hr\/en\/minister-anusic-pays-visit-to-paris-expanding-cooperation-with-france-in-joint-procurement\/"},"wordCount":511,"image":{"@id":"https:\/\/www.morh.hr\/en\/minister-anusic-pays-visit-to-paris-expanding-cooperation-with-france-in-joint-procurement\/#primaryimage"},"thumbnailUrl":"https:\/\/www.morh.hr\/wp-content\/uploads\/2025\/05\/2025-03-25-sluzbeni-posjet-francuskoj.jpg","articleSection":["Press releases"],"inLanguage":"en-US"},{"@type":"WebPage","@id":"https:\/\/www.morh.hr\/en\/minister-anusic-pays-visit-to-paris-expanding-cooperation-with-france-in-joint-procurement\/","url":"https:\/\/www.morh.hr\/en\/minister-anusic-pays-visit-to-paris-expanding-cooperation-with-france-in-joint-procurement\/","name":"Minister Anu\u0161i\u0107 pays visit to Paris: Expanding cooperation with France in joint procurement - MORH","isPartOf":{"@id":"https:\/\/www.morh.hr\/en\/#website"},"primaryImageOfPage":{"@id":"https:\/\/www.morh.hr\/en\/minister-anusic-pays-visit-to-paris-expanding-cooperation-with-france-in-joint-procurement\/#primaryimage"},"image":{"@id":"https:\/\/www.morh.hr\/en\/minister-anusic-pays-visit-to-paris-expanding-cooperation-with-france-in-joint-procurement\/#primaryimage"},"thumbnailUrl":"https:\/\/www.morh.hr\/wp-content\/uploads\/2025\/05\/2025-03-25-sluzbeni-posjet-francuskoj.jpg","datePublished":"2025-03-25T14:30:56+00:00","dateModified":"2025-05-09T13:35:12+00:00","author":{"@id":"https:\/\/www.morh.hr\/en\/#\/schema\/person\/ec8e2528a579067d8bda0ae2124ac768"},"description":"Minister Anu\u0161i\u0107 met with French Minister of Armed Forces S\u00e9bastien Lecornu on the second day of his official visit to the French Republic","breadcrumb":{"@id":"https:\/\/www.morh.hr\/en\/minister-anusic-pays-visit-to-paris-expanding-cooperation-with-france-in-joint-procurement\/#breadcrumb"},"inLanguage":"en-US","potentialAction":[{"@type":"ReadAction","target":["https:\/\/www.morh.hr\/en\/minister-anusic-pays-visit-to-paris-expanding-cooperation-with-france-in-joint-procurement\/"]}]},{"@type":"ImageObject","inLanguage":"en-US","@id":"https:\/\/www.morh.hr\/en\/minister-anusic-pays-visit-to-paris-expanding-cooperation-with-france-in-joint-procurement\/#primaryimage","url":"https:\/\/www.morh.hr\/wp-content\/uploads\/2025\/05\/2025-03-25-sluzbeni-posjet-francuskoj.jpg","contentUrl":"https:\/\/www.morh.hr\/wp-content\/uploads\/2025\/05\/2025-03-25-sluzbeni-posjet-francuskoj.jpg","width":2400,"height":1597,"caption":"Minister Anu\u0161i\u0107 pays visit to Paris: Expanding cooperation with France in joint procurement | Photo: MORH\/ F. Klen"},{"@type":"BreadcrumbList","@id":"https:\/\/www.morh.hr\/en\/minister-anusic-pays-visit-to-paris-expanding-cooperation-with-france-in-joint-procurement\/#breadcrumb","itemListElement":[{"@type":"ListItem","position":1,"name":"Naslovnica","item":"https:\/\/www.morh.hr\/en\/"},{"@type":"ListItem","position":2,"name":"News","item":"https:\/\/www.morh.hr\/en\/kategorija\/news\/"},{"@type":"ListItem","position":3,"name":"Press releases","item":"https:\/\/www.morh.hr\/en\/kategorija\/news\/press-releases\/"},{"@type":"ListItem","position":4,"name":"Minister Anu\u0161i\u0107 pays visit to Paris: Expanding cooperation with France in joint procurement"}]},{"@type":"WebSite","@id":"https:\/\/www.morh.hr\/en\/#website","url":"https:\/\/www.morh.hr\/en\/","name":"MORH","description":"Ministarstvo obrane Republike Hrvatske - slu\u017ebene stranice","potentialAction":[{"@type":"SearchAction","target":{"@type":"EntryPoint","urlTemplate":"https:\/\/www.morh.hr\/en\/?s={search_term_string}"},"query-input":{"@type":"PropertyValueSpecification","valueRequired":true,"valueName":"search_term_string"}}],"inLanguage":"en-US"},{"@type":"Person","@id":"https:\/\/www.morh.hr\/en\/#\/schema\/person\/ec8e2528a579067d8bda0ae2124ac768","name":"Mladen","image":{"@type":"ImageObject","inLanguage":"en-US","@id":"https:\/\/www.morh.hr\/en\/#\/schema\/person\/image\/","url":"https:\/\/secure.gravatar.com\/avatar\/3d5ea7ca0d0a523cf2ec98548db52f920a5f6bbfd2c1aa63d237c2f445528cf7?s=96&d=mm&r=g","contentUrl":"https:\/\/secure.gravatar.com\/avatar\/3d5ea7ca0d0a523cf2ec98548db52f920a5f6bbfd2c1aa63d237c2f445528cf7?s=96&d=mm&r=g","caption":"Mladen"}}]}},"_links":{"self":[{"href":"https:\/\/www.morh.hr\/en\/wp-json\/wp\/v2\/posts\/254450","targetHints":{"allow":["GET"]}}],"collection":[{"href":"https:\/\/www.morh.hr\/en\/wp-json\/wp\/v2\/posts"}],"about":[{"href":"https:\/\/www.morh.hr\/en\/wp-json\/wp\/v2\/types\/post"}],"author":[{"embeddable":true,"href":"https:\/\/www.morh.hr\/en\/wp-json\/wp\/v2\/users\/4699"}],"replies":[{"embeddable":true,"href":"https:\/\/www.morh.hr\/en\/wp-json\/wp\/v2\/comments?post=254450"}],"version-history":[{"count":0,"href":"https:\/\/www.morh.hr\/en\/wp-json\/wp\/v2\/posts\/254450\/revisions"}],"wp:featuredmedia":[{"embeddable":true,"href":"https:\/\/www.morh.hr\/en\/wp-json\/wp\/v2\/media\/254451"}],"wp:attachment":[{"href":"https:\/\/www.morh.hr\/en\/wp-json\/wp\/v2\/media?parent=254450"}],"wp:term":[{"taxonomy":"category","embeddable":true,"href":"https:\/\/www.morh.hr\/en\/wp-json\/wp\/v2\/categories?post=254450"},{"taxonomy":"post_tag","embeddable":true,"href":"https:\/\/www.morh.hr\/en\/wp-json\/wp\/v2\/tags?post=254450"}],"curies":[{"name":"wp","href":"https:\/\/api.w.org\/{rel}","templated":true}]}}