{"id":254472,"date":"2025-04-10T16:41:03","date_gmt":"2025-04-10T14:41:03","guid":{"rendered":"https:\/\/www.morh.hr\/?p=254472"},"modified":"2025-11-26T15:17:15","modified_gmt":"2025-11-26T14:17:15","slug":"minister-anusic-at-the-coalition-of-the-willing-croatia-will-assist-ukraine-including-through-demining","status":"publish","type":"post","link":"https:\/\/www.morh.hr\/en\/minister-anusic-at-the-coalition-of-the-willing-croatia-will-assist-ukraine-including-through-demining\/","title":{"rendered":"Minister Anu\u0161i\u0107 at the Coalition of the Willing: Croatia will assist Ukraine including through demining"},"content":{"rendered":"<p>Deputy Prime Minister and Minister of Defence of the Republic of Croatia, Ivan Anu\u0161i\u0107, participated today, 10 April 2025, at NATO Headquarters in Brussels, Kingdom of Belgium, in a meeting of the Coalition of the Willing, where discussions focused on coordinating and strengthening cooperation among countries involved in the initiative, aimed at further supporting Ukraine in the fight against Russian aggression.<\/p>\n<p>The Minister stated that the meeting participants received useful information from the Coalition\u2019s initiators, Great Britain and France, which will help in further policy planning and concrete steps toward assisting Ukraine.<\/p>\n<p><iframe loading=\"lazy\" title=\"Ministar Anu\u0161i\u0107 na Koaliciji voljnih: Hrvatska \u0107e pomagati Ukrajini i razminiranjem\" width=\"868\" height=\"488\" src=\"https:\/\/www.youtube.com\/embed\/6iHkvYryRCY?wmode=transparent&amp;rel=0&amp;feature=oembed\" frameborder=\"0\" allow=\"accelerometer; autoplay; clipboard-write; encrypted-media; gyroscope; picture-in-picture; web-share\" referrerpolicy=\"strict-origin-when-cross-origin\" allowfullscreen><\/iframe><\/p>\n<p><strong>Anu\u0161i\u0107: Croatia still stands by its position that it will not send troops to Ukraine<\/strong><\/p>\n<p>&#8220;The best and most effective way of joint action is still being discussed and sought. Croatia will continue to assist within the framework of its existing activities, but also expand assistance, particularly in the field of demining, which has been recognized as an essential and long-term task in the reconstruction of Ukraine,&#8221; he emphasized, adding that Croatia still stands by its position that it will not send troops to Ukraine. He also noted that some other countries within the Coalition are ready to deploy their troops to Ukraine, but only in the event of a signed lasting peace.<\/p>\n<p>&#8220;It is important to point out that under the leadership of France and Great Britain, further assistance will focus primarily on the rebuilding of Ukrainian armed forces, which have been at war for three years and are exhausted, and need reconstruction in terms of personnel and equipment,&#8221; said the minister, emphasizing that today\u2019s talks primarily focused on joint action, strategic planning, and long-term support for Ukraine in the fight against aggression and in the reconstruction process.<\/p>\n<p>He said that in this regard, each country should clearly define, with concrete actions, how it can help Ukraine, without delay, because time is running short.<\/p>\n<p>The meeting was chaired by the Defence Secretary of the United Kingdom of Great Britain and Northern Ireland, John Healey, and the Defence Minister of the French Republic, S\u00e9bastien Lecornu.<\/p>\n<p>Ukraine\u2019s Minister of Defence, Rustem Umerov, also attended the meeting. He provided an update on the current situation on the battlefield, plans for the upcoming period, as well as forecasts and expectations regarding the development of the situation.<\/p>\n<div class=\"morh-galleria\"><a href=\"https:\/\/live.staticflickr.com\/65535\/54443545754_1359a14407_h.jpg\" title=\"Ministar Anu\u0161i\u0107 na Koaliciji voljnih: Hrvatska \u0107e pomagati Ukrajini i razminiranjem\"><img decoding=\"async\" data-title=\"Ministar Anu\u0161i\u0107 na Koaliciji voljnih: Hrvatska \u0107e pomagati Ukrajini i razminiranjem\" data-description=\"Ministar Anu\u0161i\u0107 sudjelovao je u Bruxellesu na sastanku Koalicije voljnih na kojem se razgovaralo o koordinaciji i ja\u010danju suradnje zemalja okupljenih u toj inicijativi, u cilju daljnje pomo\u0107i Ukrajini | Foto: MORH\/ F. Klen\" alt=\"Ministar Anu\u0161i\u0107 na Koaliciji voljnih: Hrvatska \u0107e pomagati Ukrajini i razminiranjem\" src=\"https:\/\/live.staticflickr.com\/65535\/54443545754_1359a14407_h.jpg\" data-layer=\"&lt;div class=&#039;morh-gallery-image-download&#039;&gt;&lt;a href=&#039;https:\/\/live.staticflickr.com\/65535\/54443545754_f9128479e1_o.jpg&#039; target=&#039;_blank&#039;&gt;Slika za preuzimanje&lt;\/a&gt;&lt;\/div&gt;\" \/><\/a><a href=\"https:\/\/live.staticflickr.com\/65535\/54443361791_4be8fd4d0c_h.jpg\" title=\"Ministar Anu\u0161i\u0107 na Koaliciji voljnih: Hrvatska \u0107e pomagati Ukrajini i razminiranjem\"><img decoding=\"async\" data-title=\"Ministar Anu\u0161i\u0107 na Koaliciji voljnih: Hrvatska \u0107e pomagati Ukrajini i razminiranjem\" data-description=\"Ministar Anu\u0161i\u0107 sudjelovao je u Bruxellesu na sastanku Koalicije voljnih na kojem se razgovaralo o koordinaciji i ja\u010danju suradnje zemalja okupljenih u toj inicijativi, u cilju daljnje pomo\u0107i Ukrajini | Foto: NATO\" alt=\"Ministar Anu\u0161i\u0107 na Koaliciji voljnih: Hrvatska \u0107e pomagati Ukrajini i razminiranjem\" src=\"https:\/\/live.staticflickr.com\/65535\/54443361791_4be8fd4d0c_h.jpg\" data-layer=\"&lt;div class=&#039;morh-gallery-image-download&#039;&gt;&lt;a href=&#039;https:\/\/live.staticflickr.com\/65535\/54443361791_8b97b29011_o.jpg&#039; target=&#039;_blank&#039;&gt;Slika za preuzimanje&lt;\/a&gt;&lt;\/div&gt;\" \/><\/a><a href=\"https:\/\/live.staticflickr.com\/65535\/54442501892_906a8fd0b7_h.jpg\" title=\"Ministar Anu\u0161i\u0107 na Koaliciji voljnih: Hrvatska \u0107e pomagati Ukrajini i razminiranjem\"><img decoding=\"async\" data-title=\"Ministar Anu\u0161i\u0107 na Koaliciji voljnih: Hrvatska \u0107e pomagati Ukrajini i razminiranjem\" data-description=\"Ministar Anu\u0161i\u0107 sudjelovao je u Bruxellesu na sastanku Koalicije voljnih na kojem se razgovaralo o koordinaciji i ja\u010danju suradnje zemalja okupljenih u toj inicijativi, u cilju daljnje pomo\u0107i Ukrajini | Foto: NATO\" alt=\"Ministar Anu\u0161i\u0107 na Koaliciji voljnih: Hrvatska \u0107e pomagati Ukrajini i razminiranjem\" src=\"https:\/\/live.staticflickr.com\/65535\/54442501892_906a8fd0b7_h.jpg\" data-layer=\"&lt;div class=&#039;morh-gallery-image-download&#039;&gt;&lt;a href=&#039;https:\/\/live.staticflickr.com\/65535\/54442501892_fcb30e9999_o.jpg&#039; target=&#039;_blank&#039;&gt;Slika za preuzimanje&lt;\/a&gt;&lt;\/div&gt;\" \/><\/a><a href=\"https:\/\/live.staticflickr.com\/65535\/54442501897_7929b6da48_h.jpg\" title=\"Ministar Anu\u0161i\u0107 na Koaliciji voljnih: Hrvatska \u0107e pomagati Ukrajini i razminiranjem\"><img decoding=\"async\" data-title=\"Ministar Anu\u0161i\u0107 na Koaliciji voljnih: Hrvatska \u0107e pomagati Ukrajini i razminiranjem\" data-description=\"Ministar Anu\u0161i\u0107 sudjelovao je u Bruxellesu na sastanku Koalicije voljnih na kojem se razgovaralo o koordinaciji i ja\u010danju suradnje zemalja okupljenih u toj inicijativi, u cilju daljnje pomo\u0107i Ukrajini | Foto: NATO\" alt=\"Ministar Anu\u0161i\u0107 na Koaliciji voljnih: Hrvatska \u0107e pomagati Ukrajini i razminiranjem\" src=\"https:\/\/live.staticflickr.com\/65535\/54442501897_7929b6da48_h.jpg\" data-layer=\"&lt;div class=&#039;morh-gallery-image-download&#039;&gt;&lt;a href=&#039;https:\/\/live.staticflickr.com\/65535\/54442501897_b3dcf909c3_o.jpg&#039; target=&#039;_blank&#039;&gt;Slika za preuzimanje&lt;\/a&gt;&lt;\/div&gt;\" \/><\/a><a href=\"https:\/\/live.staticflickr.com\/65535\/54442501902_a50cd54be7_h.jpg\" title=\"Ministar Anu\u0161i\u0107 na Koaliciji voljnih: Hrvatska \u0107e pomagati Ukrajini i razminiranjem\"><img decoding=\"async\" data-title=\"Ministar Anu\u0161i\u0107 na Koaliciji voljnih: Hrvatska \u0107e pomagati Ukrajini i razminiranjem\" data-description=\"Ministar Anu\u0161i\u0107 sudjelovao je u Bruxellesu na sastanku Koalicije voljnih na kojem se razgovaralo o koordinaciji i ja\u010danju suradnje zemalja okupljenih u toj inicijativi, u cilju daljnje pomo\u0107i Ukrajini | Foto: NATO\" alt=\"Ministar Anu\u0161i\u0107 na Koaliciji voljnih: Hrvatska \u0107e pomagati Ukrajini i razminiranjem\" src=\"https:\/\/live.staticflickr.com\/65535\/54442501902_a50cd54be7_h.jpg\" data-layer=\"&lt;div class=&#039;morh-gallery-image-download&#039;&gt;&lt;a href=&#039;https:\/\/live.staticflickr.com\/65535\/54442501902_50bcd99af2_o.jpg&#039; target=&#039;_blank&#039;&gt;Slika za preuzimanje&lt;\/a&gt;&lt;\/div&gt;\" \/><\/a><\/div><!--\/.morh-galleria -->\n","protected":false},"excerpt":{"rendered":"<p>Minister Anu\u0161i\u0107 participated in a meeting of the Coalition of the Willing in Brussels, where discussions focused on coordinating and strengthening cooperation among countries involved in the initiative, aimed at further supporting Ukraine<\/p>\n","protected":false},"author":4699,"featured_media":254473,"comment_status":"closed","ping_status":"closed","sticky":false,"template":"","format":"standard","meta":{"_acf_changed":false,"_monsterinsights_skip_tracking":false,"_monsterinsights_sitenote_active":false,"_monsterinsights_sitenote_note":"","_monsterinsights_sitenote_category":0,"footnotes":""},"categories":[117],"tags":[],"class_list":["post-254472","post","type-post","status-publish","format-standard","has-post-thumbnail","hentry","category-press-releases"],"acf":[],"yoast_head":"<!-- This site is optimized with the Yoast SEO plugin v26.9 - https:\/\/yoast.com\/product\/yoast-seo-wordpress\/ -->\n<title>Minister Anu\u0161i\u0107 at the Coalition of the Willing: Croatia will assist Ukraine including through demining - MORH<\/title>\n<meta name=\"description\" content=\"Minister Anu\u0161i\u0107 participated in a meeting of the Coalition of the Willing in Brussels, where discussions focused on coordinating and strengthening cooperation among countries involved in the initiative, aimed at further supporting Ukraine\" \/>\n<meta name=\"robots\" content=\"index, follow, max-snippet:-1, max-image-preview:large, max-video-preview:-1\" \/>\n<link rel=\"canonical\" href=\"https:\/\/www.morh.hr\/en\/minister-anusic-at-the-coalition-of-the-willing-croatia-will-assist-ukraine-including-through-demining\/\" \/>\n<meta property=\"og:locale\" content=\"en_US\" \/>\n<meta property=\"og:type\" content=\"article\" \/>\n<meta property=\"og:title\" content=\"Minister Anu\u0161i\u0107 at the Coalition of the Willing: Croatia will assist Ukraine including through demining - MORH\" \/>\n<meta property=\"og:description\" content=\"Minister Anu\u0161i\u0107 participated in a meeting of the Coalition of the Willing in Brussels, where discussions focused on coordinating and strengthening cooperation among countries involved in the initiative, aimed at further supporting Ukraine\" \/>\n<meta property=\"og:url\" content=\"https:\/\/www.morh.hr\/en\/minister-anusic-at-the-coalition-of-the-willing-croatia-will-assist-ukraine-including-through-demining\/\" \/>\n<meta property=\"og:site_name\" content=\"MORH\" \/>\n<meta property=\"article:publisher\" content=\"https:\/\/www.facebook.com\/sportasiuhrvatskojvojsci\/\" \/>\n<meta property=\"article:published_time\" content=\"2025-04-10T14:41:03+00:00\" \/>\n<meta property=\"article:modified_time\" content=\"2025-11-26T14:17:15+00:00\" \/>\n<meta property=\"og:image\" content=\"https:\/\/www.morh.hr\/wp-content\/uploads\/2025\/05\/2025-04-10-bruxelles-mo-5-1024x582.jpg\" \/>\n\t<meta property=\"og:image:width\" content=\"1024\" \/>\n\t<meta property=\"og:image:height\" content=\"582\" \/>\n\t<meta property=\"og:image:type\" content=\"image\/jpeg\" \/>\n<meta name=\"author\" content=\"Mladen\" \/>\n<meta name=\"twitter:card\" content=\"summary_large_image\" \/>\n<meta name=\"twitter:creator\" content=\"@morh_osrh\" \/>\n<meta name=\"twitter:site\" content=\"@morh_osrh\" \/>\n<meta name=\"twitter:label1\" content=\"Written by\" \/>\n\t<meta name=\"twitter:data1\" content=\"Mladen\" \/>\n\t<meta name=\"twitter:label2\" content=\"Est. reading time\" \/>\n\t<meta name=\"twitter:data2\" content=\"3 minutes\" \/>\n<script type=\"application\/ld+json\" class=\"yoast-schema-graph\">{\"@context\":\"https:\/\/schema.org\",\"@graph\":[{\"@type\":\"Article\",\"@id\":\"https:\/\/www.morh.hr\/en\/minister-anusic-at-the-coalition-of-the-willing-croatia-will-assist-ukraine-including-through-demining\/#article\",\"isPartOf\":{\"@id\":\"https:\/\/www.morh.hr\/en\/minister-anusic-at-the-coalition-of-the-willing-croatia-will-assist-ukraine-including-through-demining\/\"},\"author\":{\"name\":\"Mladen\",\"@id\":\"https:\/\/www.morh.hr\/en\/#\/schema\/person\/ec8e2528a579067d8bda0ae2124ac768\"},\"headline\":\"Minister Anu\u0161i\u0107 at the Coalition of the Willing: Croatia will assist Ukraine including through demining\",\"datePublished\":\"2025-04-10T14:41:03+00:00\",\"dateModified\":\"2025-11-26T14:17:15+00:00\",\"mainEntityOfPage\":{\"@id\":\"https:\/\/www.morh.hr\/en\/minister-anusic-at-the-coalition-of-the-willing-croatia-will-assist-ukraine-including-through-demining\/\"},\"wordCount\":405,\"image\":{\"@id\":\"https:\/\/www.morh.hr\/en\/minister-anusic-at-the-coalition-of-the-willing-croatia-will-assist-ukraine-including-through-demining\/#primaryimage\"},\"thumbnailUrl\":\"https:\/\/www.morh.hr\/wp-content\/uploads\/2025\/05\/2025-04-10-bruxelles-mo-5.jpg\",\"articleSection\":[\"Press releases\"],\"inLanguage\":\"en-US\"},{\"@type\":\"WebPage\",\"@id\":\"https:\/\/www.morh.hr\/en\/minister-anusic-at-the-coalition-of-the-willing-croatia-will-assist-ukraine-including-through-demining\/\",\"url\":\"https:\/\/www.morh.hr\/en\/minister-anusic-at-the-coalition-of-the-willing-croatia-will-assist-ukraine-including-through-demining\/\",\"name\":\"Minister Anu\u0161i\u0107 at the Coalition of the Willing: Croatia will assist Ukraine including through demining - MORH\",\"isPartOf\":{\"@id\":\"https:\/\/www.morh.hr\/en\/#website\"},\"primaryImageOfPage\":{\"@id\":\"https:\/\/www.morh.hr\/en\/minister-anusic-at-the-coalition-of-the-willing-croatia-will-assist-ukraine-including-through-demining\/#primaryimage\"},\"image\":{\"@id\":\"https:\/\/www.morh.hr\/en\/minister-anusic-at-the-coalition-of-the-willing-croatia-will-assist-ukraine-including-through-demining\/#primaryimage\"},\"thumbnailUrl\":\"https:\/\/www.morh.hr\/wp-content\/uploads\/2025\/05\/2025-04-10-bruxelles-mo-5.jpg\",\"datePublished\":\"2025-04-10T14:41:03+00:00\",\"dateModified\":\"2025-11-26T14:17:15+00:00\",\"author\":{\"@id\":\"https:\/\/www.morh.hr\/en\/#\/schema\/person\/ec8e2528a579067d8bda0ae2124ac768\"},\"description\":\"Minister Anu\u0161i\u0107 participated in a meeting of the Coalition of the Willing in Brussels, where discussions focused on coordinating and strengthening cooperation among countries involved in the initiative, aimed at further supporting Ukraine\",\"breadcrumb\":{\"@id\":\"https:\/\/www.morh.hr\/en\/minister-anusic-at-the-coalition-of-the-willing-croatia-will-assist-ukraine-including-through-demining\/#breadcrumb\"},\"inLanguage\":\"en-US\",\"potentialAction\":[{\"@type\":\"ReadAction\",\"target\":[\"https:\/\/www.morh.hr\/en\/minister-anusic-at-the-coalition-of-the-willing-croatia-will-assist-ukraine-including-through-demining\/\"]}]},{\"@type\":\"ImageObject\",\"inLanguage\":\"en-US\",\"@id\":\"https:\/\/www.morh.hr\/en\/minister-anusic-at-the-coalition-of-the-willing-croatia-will-assist-ukraine-including-through-demining\/#primaryimage\",\"url\":\"https:\/\/www.morh.hr\/wp-content\/uploads\/2025\/05\/2025-04-10-bruxelles-mo-5.jpg\",\"contentUrl\":\"https:\/\/www.morh.hr\/wp-content\/uploads\/2025\/05\/2025-04-10-bruxelles-mo-5.jpg\",\"width\":2200,\"height\":1250,\"caption\":\"View of the room\"},{\"@type\":\"BreadcrumbList\",\"@id\":\"https:\/\/www.morh.hr\/en\/minister-anusic-at-the-coalition-of-the-willing-croatia-will-assist-ukraine-including-through-demining\/#breadcrumb\",\"itemListElement\":[{\"@type\":\"ListItem\",\"position\":1,\"name\":\"Naslovnica\",\"item\":\"https:\/\/www.morh.hr\/en\/\"},{\"@type\":\"ListItem\",\"position\":2,\"name\":\"News\",\"item\":\"https:\/\/www.morh.hr\/en\/kategorija\/news\/\"},{\"@type\":\"ListItem\",\"position\":3,\"name\":\"Press releases\",\"item\":\"https:\/\/www.morh.hr\/en\/kategorija\/news\/press-releases\/\"},{\"@type\":\"ListItem\",\"position\":4,\"name\":\"Minister Anu\u0161i\u0107 at the Coalition of the Willing: Croatia will assist Ukraine including through demining\"}]},{\"@type\":\"WebSite\",\"@id\":\"https:\/\/www.morh.hr\/en\/#website\",\"url\":\"https:\/\/www.morh.hr\/en\/\",\"name\":\"MORH\",\"description\":\"Ministarstvo obrane Republike Hrvatske - slu\u017ebene stranice\",\"potentialAction\":[{\"@type\":\"SearchAction\",\"target\":{\"@type\":\"EntryPoint\",\"urlTemplate\":\"https:\/\/www.morh.hr\/en\/?s={search_term_string}\"},\"query-input\":{\"@type\":\"PropertyValueSpecification\",\"valueRequired\":true,\"valueName\":\"search_term_string\"}}],\"inLanguage\":\"en-US\"},{\"@type\":\"Person\",\"@id\":\"https:\/\/www.morh.hr\/en\/#\/schema\/person\/ec8e2528a579067d8bda0ae2124ac768\",\"name\":\"Mladen\",\"image\":{\"@type\":\"ImageObject\",\"inLanguage\":\"en-US\",\"@id\":\"https:\/\/www.morh.hr\/en\/#\/schema\/person\/image\/\",\"url\":\"https:\/\/secure.gravatar.com\/avatar\/3d5ea7ca0d0a523cf2ec98548db52f920a5f6bbfd2c1aa63d237c2f445528cf7?s=96&d=mm&r=g\",\"contentUrl\":\"https:\/\/secure.gravatar.com\/avatar\/3d5ea7ca0d0a523cf2ec98548db52f920a5f6bbfd2c1aa63d237c2f445528cf7?s=96&d=mm&r=g\",\"caption\":\"Mladen\"}}]}<\/script>\n<!-- \/ Yoast SEO plugin. -->","yoast_head_json":{"title":"Minister Anu\u0161i\u0107 at the Coalition of the Willing: Croatia will assist Ukraine including through demining - MORH","description":"Minister Anu\u0161i\u0107 participated in a meeting of the Coalition of the Willing in Brussels, where discussions focused on coordinating and strengthening cooperation among countries involved in the initiative, aimed at further supporting Ukraine","robots":{"index":"index","follow":"follow","max-snippet":"max-snippet:-1","max-image-preview":"max-image-preview:large","max-video-preview":"max-video-preview:-1"},"canonical":"https:\/\/www.morh.hr\/en\/minister-anusic-at-the-coalition-of-the-willing-croatia-will-assist-ukraine-including-through-demining\/","og_locale":"en_US","og_type":"article","og_title":"Minister Anu\u0161i\u0107 at the Coalition of the Willing: Croatia will assist Ukraine including through demining - MORH","og_description":"Minister Anu\u0161i\u0107 participated in a meeting of the Coalition of the Willing in Brussels, where discussions focused on coordinating and strengthening cooperation among countries involved in the initiative, aimed at further supporting Ukraine","og_url":"https:\/\/www.morh.hr\/en\/minister-anusic-at-the-coalition-of-the-willing-croatia-will-assist-ukraine-including-through-demining\/","og_site_name":"MORH","article_publisher":"https:\/\/www.facebook.com\/sportasiuhrvatskojvojsci\/","article_published_time":"2025-04-10T14:41:03+00:00","article_modified_time":"2025-11-26T14:17:15+00:00","og_image":[{"width":1024,"height":582,"url":"https:\/\/www.morh.hr\/wp-content\/uploads\/2025\/05\/2025-04-10-bruxelles-mo-5-1024x582.jpg","type":"image\/jpeg"}],"author":"Mladen","twitter_card":"summary_large_image","twitter_creator":"@morh_osrh","twitter_site":"@morh_osrh","twitter_misc":{"Written by":"Mladen","Est. reading time":"3 minutes"},"schema":{"@context":"https:\/\/schema.org","@graph":[{"@type":"Article","@id":"https:\/\/www.morh.hr\/en\/minister-anusic-at-the-coalition-of-the-willing-croatia-will-assist-ukraine-including-through-demining\/#article","isPartOf":{"@id":"https:\/\/www.morh.hr\/en\/minister-anusic-at-the-coalition-of-the-willing-croatia-will-assist-ukraine-including-through-demining\/"},"author":{"name":"Mladen","@id":"https:\/\/www.morh.hr\/en\/#\/schema\/person\/ec8e2528a579067d8bda0ae2124ac768"},"headline":"Minister Anu\u0161i\u0107 at the Coalition of the Willing: Croatia will assist Ukraine including through demining","datePublished":"2025-04-10T14:41:03+00:00","dateModified":"2025-11-26T14:17:15+00:00","mainEntityOfPage":{"@id":"https:\/\/www.morh.hr\/en\/minister-anusic-at-the-coalition-of-the-willing-croatia-will-assist-ukraine-including-through-demining\/"},"wordCount":405,"image":{"@id":"https:\/\/www.morh.hr\/en\/minister-anusic-at-the-coalition-of-the-willing-croatia-will-assist-ukraine-including-through-demining\/#primaryimage"},"thumbnailUrl":"https:\/\/www.morh.hr\/wp-content\/uploads\/2025\/05\/2025-04-10-bruxelles-mo-5.jpg","articleSection":["Press releases"],"inLanguage":"en-US"},{"@type":"WebPage","@id":"https:\/\/www.morh.hr\/en\/minister-anusic-at-the-coalition-of-the-willing-croatia-will-assist-ukraine-including-through-demining\/","url":"https:\/\/www.morh.hr\/en\/minister-anusic-at-the-coalition-of-the-willing-croatia-will-assist-ukraine-including-through-demining\/","name":"Minister Anu\u0161i\u0107 at the Coalition of the Willing: Croatia will assist Ukraine including through demining - MORH","isPartOf":{"@id":"https:\/\/www.morh.hr\/en\/#website"},"primaryImageOfPage":{"@id":"https:\/\/www.morh.hr\/en\/minister-anusic-at-the-coalition-of-the-willing-croatia-will-assist-ukraine-including-through-demining\/#primaryimage"},"image":{"@id":"https:\/\/www.morh.hr\/en\/minister-anusic-at-the-coalition-of-the-willing-croatia-will-assist-ukraine-including-through-demining\/#primaryimage"},"thumbnailUrl":"https:\/\/www.morh.hr\/wp-content\/uploads\/2025\/05\/2025-04-10-bruxelles-mo-5.jpg","datePublished":"2025-04-10T14:41:03+00:00","dateModified":"2025-11-26T14:17:15+00:00","author":{"@id":"https:\/\/www.morh.hr\/en\/#\/schema\/person\/ec8e2528a579067d8bda0ae2124ac768"},"description":"Minister Anu\u0161i\u0107 participated in a meeting of the Coalition of the Willing in Brussels, where discussions focused on coordinating and strengthening cooperation among countries involved in the initiative, aimed at further supporting Ukraine","breadcrumb":{"@id":"https:\/\/www.morh.hr\/en\/minister-anusic-at-the-coalition-of-the-willing-croatia-will-assist-ukraine-including-through-demining\/#breadcrumb"},"inLanguage":"en-US","potentialAction":[{"@type":"ReadAction","target":["https:\/\/www.morh.hr\/en\/minister-anusic-at-the-coalition-of-the-willing-croatia-will-assist-ukraine-including-through-demining\/"]}]},{"@type":"ImageObject","inLanguage":"en-US","@id":"https:\/\/www.morh.hr\/en\/minister-anusic-at-the-coalition-of-the-willing-croatia-will-assist-ukraine-including-through-demining\/#primaryimage","url":"https:\/\/www.morh.hr\/wp-content\/uploads\/2025\/05\/2025-04-10-bruxelles-mo-5.jpg","contentUrl":"https:\/\/www.morh.hr\/wp-content\/uploads\/2025\/05\/2025-04-10-bruxelles-mo-5.jpg","width":2200,"height":1250,"caption":"View of the room"},{"@type":"BreadcrumbList","@id":"https:\/\/www.morh.hr\/en\/minister-anusic-at-the-coalition-of-the-willing-croatia-will-assist-ukraine-including-through-demining\/#breadcrumb","itemListElement":[{"@type":"ListItem","position":1,"name":"Naslovnica","item":"https:\/\/www.morh.hr\/en\/"},{"@type":"ListItem","position":2,"name":"News","item":"https:\/\/www.morh.hr\/en\/kategorija\/news\/"},{"@type":"ListItem","position":3,"name":"Press releases","item":"https:\/\/www.morh.hr\/en\/kategorija\/news\/press-releases\/"},{"@type":"ListItem","position":4,"name":"Minister Anu\u0161i\u0107 at the Coalition of the Willing: Croatia will assist Ukraine including through demining"}]},{"@type":"WebSite","@id":"https:\/\/www.morh.hr\/en\/#website","url":"https:\/\/www.morh.hr\/en\/","name":"MORH","description":"Ministarstvo obrane Republike Hrvatske - slu\u017ebene stranice","potentialAction":[{"@type":"SearchAction","target":{"@type":"EntryPoint","urlTemplate":"https:\/\/www.morh.hr\/en\/?s={search_term_string}"},"query-input":{"@type":"PropertyValueSpecification","valueRequired":true,"valueName":"search_term_string"}}],"inLanguage":"en-US"},{"@type":"Person","@id":"https:\/\/www.morh.hr\/en\/#\/schema\/person\/ec8e2528a579067d8bda0ae2124ac768","name":"Mladen","image":{"@type":"ImageObject","inLanguage":"en-US","@id":"https:\/\/www.morh.hr\/en\/#\/schema\/person\/image\/","url":"https:\/\/secure.gravatar.com\/avatar\/3d5ea7ca0d0a523cf2ec98548db52f920a5f6bbfd2c1aa63d237c2f445528cf7?s=96&d=mm&r=g","contentUrl":"https:\/\/secure.gravatar.com\/avatar\/3d5ea7ca0d0a523cf2ec98548db52f920a5f6bbfd2c1aa63d237c2f445528cf7?s=96&d=mm&r=g","caption":"Mladen"}}]}},"_links":{"self":[{"href":"https:\/\/www.morh.hr\/en\/wp-json\/wp\/v2\/posts\/254472","targetHints":{"allow":["GET"]}}],"collection":[{"href":"https:\/\/www.morh.hr\/en\/wp-json\/wp\/v2\/posts"}],"about":[{"href":"https:\/\/www.morh.hr\/en\/wp-json\/wp\/v2\/types\/post"}],"author":[{"embeddable":true,"href":"https:\/\/www.morh.hr\/en\/wp-json\/wp\/v2\/users\/4699"}],"replies":[{"embeddable":true,"href":"https:\/\/www.morh.hr\/en\/wp-json\/wp\/v2\/comments?post=254472"}],"version-history":[{"count":1,"href":"https:\/\/www.morh.hr\/en\/wp-json\/wp\/v2\/posts\/254472\/revisions"}],"predecessor-version":[{"id":263873,"href":"https:\/\/www.morh.hr\/en\/wp-json\/wp\/v2\/posts\/254472\/revisions\/263873"}],"wp:featuredmedia":[{"embeddable":true,"href":"https:\/\/www.morh.hr\/en\/wp-json\/wp\/v2\/media\/254473"}],"wp:attachment":[{"href":"https:\/\/www.morh.hr\/en\/wp-json\/wp\/v2\/media?parent=254472"}],"wp:term":[{"taxonomy":"category","embeddable":true,"href":"https:\/\/www.morh.hr\/en\/wp-json\/wp\/v2\/categories?post=254472"},{"taxonomy":"post_tag","embeddable":true,"href":"https:\/\/www.morh.hr\/en\/wp-json\/wp\/v2\/tags?post=254472"}],"curies":[{"name":"wp","href":"https:\/\/api.w.org\/{rel}","templated":true}]}}