{"id":254597,"date":"2025-03-31T11:30:15","date_gmt":"2025-03-31T09:30:15","guid":{"rendered":"https:\/\/www.morh.hr\/?p=254597"},"modified":"2025-11-26T15:15:33","modified_gmt":"2025-11-26T14:15:33","slug":"minister-anusic-the-croatian-government-and-ministry-of-defence-will-continue-to-strongly-support-bosnia-and-herzegovinas-euro-atlantic-path","status":"publish","type":"post","link":"https:\/\/www.morh.hr\/en\/minister-anusic-the-croatian-government-and-ministry-of-defence-will-continue-to-strongly-support-bosnia-and-herzegovinas-euro-atlantic-path\/","title":{"rendered":"Minister Anu\u0161i\u0107: The Croatian Government and Ministry of Defence will continue to strongly support Bosnia and Herzegovina\u2019s Euro-Atlantic path"},"content":{"rendered":"<p>On 31 March 2025, Croatian Deputy Prime Minister and Defence Minister Ivan Anu\u0161i\u0107 participated in the conference titled &#8220;Security in Bosnia and Herzegovina \u2013 The Foundation of Peace and Stability,&#8221; held at the Westin Hotel in Zagreb. The conference was organized by the coordinating body of local associations of Croats in Bosnia and Herzegovina \u2013 Znamen.<\/p>\n<p>Minister Anu\u0161i\u0107 addressed the topic of Bosnia and Herzegovina, which, as he stated, has once again become a central issue in the political discourse of Croatia, Europe, and the wider international community: &#8220;Bosnia and Herzegovina, with all its specificities and complex history, continues to struggle in finding a path toward peace, stability, and prosperity for all its citizens. Today\u2019s global circumstances, and particularly the policies currently being shaped by the world\u2019s major powers, do not favour this outcome \u2014 they do not support the stabilization of Bosnia and Herzegovina, nor that of Southeast Europe and the broader Balkan region.&#8221;<\/p>\n<p><strong>Croatia is the only stable country and must take the lead in creating stability and policy<\/strong><\/p>\n<p>The Minister emphasized Croatia&#8217;s significant role in the current geopolitical situation, particularly within the region, stating: &#8220;In a time of political tensions in Bosnia and Herzegovina, which \u2014 in the event of instability \u2014 could impact Southeast Europe, the Republic of Croatia has a renewed opportunity to be a regional player. This crisis presents a chance for Croatia to strengthen its position in relation to Southeast Europe \u2014 particularly in relation to Serbia, Kosovo, Bosnia and Herzegovina, Montenegro, North Macedonia, and Albania \u2014 as Croatia is today a member of both NATO and the European Union, unlike any of these countries.&#8221;<\/p>\n<p>Speaking on the importance of ensuring stability in Bosnia and Herzegovina, the Minister said: &#8220;We must make full use of our expertise, our experience, our political standing, and, more broadly, our geostrategic position \u2014 and begin taking active responsibility for the security of our borders. A stable and secure Bosnia and Herzegovina is a strategic interest of Croatia, as it is our neighbouring country. Croatia and Bosnia and Herzegovina share the longest land border, and Bosnia and Herzegovina is home to approximately 350,000 Croats.&#8221;<\/p>\n<p>He added that Bosnia and Herzegovina is not only of historical significance to the Croatian people and state, or, more broadly, to everything that Croats do: &#8220;Bosnia and Herzegovina is not just a neighbouring country. Everything that happens there directly affects our economy and our national security,&#8221; the Minister said.<\/p>\n<p>In conclusion, Minister Anu\u0161i\u0107 emphasized the importance of Bosnia and Herzegovina&#8217;s inclusion in democratic processes and its path toward joining the European Union: &#8220;In this initial stage, everyone must advocate for and contribute to Bosnia and Herzegovina\u2019s accession to the European Union. The Croatian Government and Ministry of Defence will continue to strongly support Bosnia and Herzegovina\u2019s Euro-Atlantic path.&#8221;<\/p>\n<div class=\"morh-galleria\"><a href=\"https:\/\/live.staticflickr.com\/65535\/54421893580_bd79a94a41_h.jpg\" title=\"Ministar Anu\u0161i\u0107: Vlada i Ministarstvo obrane RH nastavit \u0107e sna\u017eno podupirati euroatlantski put BiH\"><img decoding=\"async\" data-title=\"Ministar Anu\u0161i\u0107: Vlada i Ministarstvo obrane RH nastavit \u0107e sna\u017eno podupirati euroatlantski put BiH\" data-description=\"Potpredsjednik Vlade Republike Hrvatske i ministar obrane Ivan Anu\u0161i\u0107 sudjelovao je danas, 31. o\u017eujka 2025. na konferenciji 'Sigurnost u BiH - temelj mira i stabilnosti' koja je odr\u017eana u hotelu Westin u Zagrebu. Konferenciju je organizirala koordinacija zavi\u010dajnih udruga Hrvata iz BIH \u2013 Znamen | Foto: MORH\/ J. Kopi\" alt=\"Ministar Anu\u0161i\u0107: Vlada i Ministarstvo obrane RH nastavit \u0107e sna\u017eno podupirati euroatlantski put BiH\" src=\"https:\/\/live.staticflickr.com\/65535\/54421893580_bd79a94a41_h.jpg\" data-layer=\"&lt;div class=&#039;morh-gallery-image-download&#039;&gt;&lt;a href=&#039;https:\/\/live.staticflickr.com\/65535\/54421893580_34af36eec1_o.jpg&#039; target=&#039;_blank&#039;&gt;Slika za preuzimanje&lt;\/a&gt;&lt;\/div&gt;\" \/><\/a><a href=\"https:\/\/live.staticflickr.com\/65535\/54421755588_9a4fa75b09_h.jpg\" title=\"Ministar Anu\u0161i\u0107: Vlada i Ministarstvo obrane RH nastavit \u0107e sna\u017eno podupirati euroatlantski put BiH\"><img decoding=\"async\" data-title=\"Ministar Anu\u0161i\u0107: Vlada i Ministarstvo obrane RH nastavit \u0107e sna\u017eno podupirati euroatlantski put BiH\" data-description=\"Potpredsjednik Vlade Republike Hrvatske i ministar obrane Ivan Anu\u0161i\u0107 sudjelovao je danas, 31. o\u017eujka 2025. na konferenciji 'Sigurnost u BiH - temelj mira i stabilnosti' koja je odr\u017eana u hotelu Westin u Zagrebu. Konferenciju je organizirala koordinacija zavi\u010dajnih udruga Hrvata iz BIH \u2013 Znamen | Foto: MORH\/ J. Kopi\" alt=\"Ministar Anu\u0161i\u0107: Vlada i Ministarstvo obrane RH nastavit \u0107e sna\u017eno podupirati euroatlantski put BiH\" src=\"https:\/\/live.staticflickr.com\/65535\/54421755588_9a4fa75b09_h.jpg\" data-layer=\"&lt;div class=&#039;morh-gallery-image-download&#039;&gt;&lt;a href=&#039;https:\/\/live.staticflickr.com\/65535\/54421755588_73aee0168e_o.jpg&#039; target=&#039;_blank&#039;&gt;Slika za preuzimanje&lt;\/a&gt;&lt;\/div&gt;\" \/><\/a><a href=\"https:\/\/live.staticflickr.com\/65535\/54421509276_2ae1c7c42b_h.jpg\" title=\"Ministar Anu\u0161i\u0107: Vlada i Ministarstvo obrane RH nastavit \u0107e sna\u017eno podupirati euroatlantski put BiH\"><img decoding=\"async\" data-title=\"Ministar Anu\u0161i\u0107: Vlada i Ministarstvo obrane RH nastavit \u0107e sna\u017eno podupirati euroatlantski put BiH\" data-description=\"Potpredsjednik Vlade Republike Hrvatske i ministar obrane Ivan Anu\u0161i\u0107 sudjelovao je danas, 31. o\u017eujka 2025. na konferenciji 'Sigurnost u BiH - temelj mira i stabilnosti' koja je odr\u017eana u hotelu Westin u Zagrebu. Konferenciju je organizirala koordinacija zavi\u010dajnih udruga Hrvata iz BIH \u2013 Znamen | Foto: MORH\/ J. Kopi\" alt=\"Ministar Anu\u0161i\u0107: Vlada i Ministarstvo obrane RH nastavit \u0107e sna\u017eno podupirati euroatlantski put BiH\" src=\"https:\/\/live.staticflickr.com\/65535\/54421509276_2ae1c7c42b_h.jpg\" data-layer=\"&lt;div class=&#039;morh-gallery-image-download&#039;&gt;&lt;a href=&#039;https:\/\/live.staticflickr.com\/65535\/54421509276_760f215332_o.jpg&#039; target=&#039;_blank&#039;&gt;Slika za preuzimanje&lt;\/a&gt;&lt;\/div&gt;\" \/><\/a><a href=\"https:\/\/live.staticflickr.com\/65535\/54421509261_b9a90b2ebd_h.jpg\" title=\"Ministar Anu\u0161i\u0107: Vlada i Ministarstvo obrane RH nastavit \u0107e sna\u017eno podupirati euroatlantski put BiH\"><img decoding=\"async\" data-title=\"Ministar Anu\u0161i\u0107: Vlada i Ministarstvo obrane RH nastavit \u0107e sna\u017eno podupirati euroatlantski put BiH\" data-description=\"Potpredsjednik Vlade Republike Hrvatske i ministar obrane Ivan Anu\u0161i\u0107 sudjelovao je danas, 31. o\u017eujka 2025. na konferenciji 'Sigurnost u BiH - temelj mira i stabilnosti' koja je odr\u017eana u hotelu Westin u Zagrebu. Konferenciju je organizirala koordinacija zavi\u010dajnih udruga Hrvata iz BIH \u2013 Znamen | Foto: MORH\/ J. Kopi\" alt=\"Ministar Anu\u0161i\u0107: Vlada i Ministarstvo obrane RH nastavit \u0107e sna\u017eno podupirati euroatlantski put BiH\" src=\"https:\/\/live.staticflickr.com\/65535\/54421509261_b9a90b2ebd_h.jpg\" data-layer=\"&lt;div class=&#039;morh-gallery-image-download&#039;&gt;&lt;a href=&#039;https:\/\/live.staticflickr.com\/65535\/54421509261_e63cafa16c_o.jpg&#039; target=&#039;_blank&#039;&gt;Slika za preuzimanje&lt;\/a&gt;&lt;\/div&gt;\" \/><\/a><a href=\"https:\/\/live.staticflickr.com\/65535\/54421701869_9e8f6f2dc6_h.jpg\" title=\"Ministar Anu\u0161i\u0107: Vlada i Ministarstvo obrane RH nastavit \u0107e sna\u017eno podupirati euroatlantski put BiH\"><img decoding=\"async\" data-title=\"Ministar Anu\u0161i\u0107: Vlada i Ministarstvo obrane RH nastavit \u0107e sna\u017eno podupirati euroatlantski put BiH\" data-description=\"Potpredsjednik Vlade Republike Hrvatske i ministar obrane Ivan Anu\u0161i\u0107 sudjelovao je danas, 31. o\u017eujka 2025. na konferenciji 'Sigurnost u BiH - temelj mira i stabilnosti' koja je odr\u017eana u hotelu Westin u Zagrebu. Konferenciju je organizirala koordinacija zavi\u010dajnih udruga Hrvata iz BIH \u2013 Znamen | Foto: MORH\/ J. Kopi\" alt=\"Ministar Anu\u0161i\u0107: Vlada i Ministarstvo obrane RH nastavit \u0107e sna\u017eno podupirati euroatlantski put BiH\" src=\"https:\/\/live.staticflickr.com\/65535\/54421701869_9e8f6f2dc6_h.jpg\" data-layer=\"&lt;div class=&#039;morh-gallery-image-download&#039;&gt;&lt;a href=&#039;https:\/\/live.staticflickr.com\/65535\/54421701869_15e798a1f5_o.jpg&#039; target=&#039;_blank&#039;&gt;Slika za preuzimanje&lt;\/a&gt;&lt;\/div&gt;\" \/><\/a><a href=\"https:\/\/live.staticflickr.com\/65535\/54421509241_27a00dc89b_h.jpg\" title=\"Ministar Anu\u0161i\u0107: Vlada i Ministarstvo obrane RH nastavit \u0107e sna\u017eno podupirati euroatlantski put BiH\"><img decoding=\"async\" data-title=\"Ministar Anu\u0161i\u0107: Vlada i Ministarstvo obrane RH nastavit \u0107e sna\u017eno podupirati euroatlantski put BiH\" data-description=\"Potpredsjednik Vlade Republike Hrvatske i ministar obrane Ivan Anu\u0161i\u0107 sudjelovao je danas, 31. o\u017eujka 2025. na konferenciji 'Sigurnost u BiH - temelj mira i stabilnosti' koja je odr\u017eana u hotelu Westin u Zagrebu. Konferenciju je organizirala koordinacija zavi\u010dajnih udruga Hrvata iz BIH \u2013 Znamen | Foto: MORH\/ J. Kopi\" alt=\"Ministar Anu\u0161i\u0107: Vlada i Ministarstvo obrane RH nastavit \u0107e sna\u017eno podupirati euroatlantski put BiH\" src=\"https:\/\/live.staticflickr.com\/65535\/54421509241_27a00dc89b_h.jpg\" data-layer=\"&lt;div class=&#039;morh-gallery-image-download&#039;&gt;&lt;a href=&#039;https:\/\/live.staticflickr.com\/65535\/54421509241_a4573d7c71_o.jpg&#039; target=&#039;_blank&#039;&gt;Slika za preuzimanje&lt;\/a&gt;&lt;\/div&gt;\" \/><\/a><a href=\"https:\/\/live.staticflickr.com\/65535\/54421701784_520fcbd5a4_h.jpg\" title=\"Ministar Anu\u0161i\u0107: Vlada i Ministarstvo obrane RH nastavit \u0107e sna\u017eno podupirati euroatlantski put BiH\"><img decoding=\"async\" data-title=\"Ministar Anu\u0161i\u0107: Vlada i Ministarstvo obrane RH nastavit \u0107e sna\u017eno podupirati euroatlantski put BiH\" data-description=\"Potpredsjednik Vlade Republike Hrvatske i ministar obrane Ivan Anu\u0161i\u0107 sudjelovao je danas, 31. o\u017eujka 2025. na konferenciji 'Sigurnost u BiH - temelj mira i stabilnosti' koja je odr\u017eana u hotelu Westin u Zagrebu. Konferenciju je organizirala koordinacija zavi\u010dajnih udruga Hrvata iz BIH \u2013 Znamen | Foto: MORH\/ J. Kopi\" alt=\"Ministar Anu\u0161i\u0107: Vlada i Ministarstvo obrane RH nastavit \u0107e sna\u017eno podupirati euroatlantski put BiH\" src=\"https:\/\/live.staticflickr.com\/65535\/54421701784_520fcbd5a4_h.jpg\" data-layer=\"&lt;div class=&#039;morh-gallery-image-download&#039;&gt;&lt;a href=&#039;https:\/\/live.staticflickr.com\/65535\/54421701784_846003ca80_o.jpg&#039; target=&#039;_blank&#039;&gt;Slika za preuzimanje&lt;\/a&gt;&lt;\/div&gt;\" \/><\/a><a href=\"https:\/\/live.staticflickr.com\/65535\/54421893400_709e4a0062_h.jpg\" title=\"Ministar Anu\u0161i\u0107: Vlada i Ministarstvo obrane RH nastavit \u0107e sna\u017eno podupirati euroatlantski put BiH\"><img decoding=\"async\" data-title=\"Ministar Anu\u0161i\u0107: Vlada i Ministarstvo obrane RH nastavit \u0107e sna\u017eno podupirati euroatlantski put BiH\" data-description=\"Potpredsjednik Vlade Republike Hrvatske i ministar obrane Ivan Anu\u0161i\u0107 sudjelovao je danas, 31. o\u017eujka 2025. na konferenciji 'Sigurnost u BiH - temelj mira i stabilnosti' koja je odr\u017eana u hotelu Westin u Zagrebu. Konferenciju je organizirala koordinacija zavi\u010dajnih udruga Hrvata iz BIH \u2013 Znamen | Foto: MORH\/ J. Kopi\" alt=\"Ministar Anu\u0161i\u0107: Vlada i Ministarstvo obrane RH nastavit \u0107e sna\u017eno podupirati euroatlantski put BiH\" src=\"https:\/\/live.staticflickr.com\/65535\/54421893400_709e4a0062_h.jpg\" data-layer=\"&lt;div class=&#039;morh-gallery-image-download&#039;&gt;&lt;a href=&#039;https:\/\/live.staticflickr.com\/65535\/54421893400_29d0793dbc_o.jpg&#039; target=&#039;_blank&#039;&gt;Slika za preuzimanje&lt;\/a&gt;&lt;\/div&gt;\" \/><\/a><a href=\"https:\/\/live.staticflickr.com\/65535\/54421755428_23928f00b9_h.jpg\" title=\"Ministar Anu\u0161i\u0107: Vlada i Ministarstvo obrane RH nastavit \u0107e sna\u017eno podupirati euroatlantski put BiH\"><img decoding=\"async\" data-title=\"Ministar Anu\u0161i\u0107: Vlada i Ministarstvo obrane RH nastavit \u0107e sna\u017eno podupirati euroatlantski put BiH\" data-description=\"Potpredsjednik Vlade Republike Hrvatske i ministar obrane Ivan Anu\u0161i\u0107 sudjelovao je danas, 31. o\u017eujka 2025. na konferenciji 'Sigurnost u BiH - temelj mira i stabilnosti' koja je odr\u017eana u hotelu Westin u Zagrebu. Konferenciju je organizirala koordinacija zavi\u010dajnih udruga Hrvata iz BIH \u2013 Znamen | Foto: MORH\/ J. Kopi\" alt=\"Ministar Anu\u0161i\u0107: Vlada i Ministarstvo obrane RH nastavit \u0107e sna\u017eno podupirati euroatlantski put BiH\" src=\"https:\/\/live.staticflickr.com\/65535\/54421755428_23928f00b9_h.jpg\" data-layer=\"&lt;div class=&#039;morh-gallery-image-download&#039;&gt;&lt;a href=&#039;https:\/\/live.staticflickr.com\/65535\/54421755428_248f2553f6_o.jpg&#039; target=&#039;_blank&#039;&gt;Slika za preuzimanje&lt;\/a&gt;&lt;\/div&gt;\" \/><\/a><a href=\"https:\/\/live.staticflickr.com\/65535\/54420653067_fd94ad7418_h.jpg\" title=\"Ministar Anu\u0161i\u0107: Vlada i Ministarstvo obrane RH nastavit \u0107e sna\u017eno podupirati euroatlantski put BiH\"><img decoding=\"async\" data-title=\"Ministar Anu\u0161i\u0107: Vlada i Ministarstvo obrane RH nastavit \u0107e sna\u017eno podupirati euroatlantski put BiH\" data-description=\"Potpredsjednik Vlade Republike Hrvatske i ministar obrane Ivan Anu\u0161i\u0107 sudjelovao je danas, 31. o\u017eujka 2025. na konferenciji 'Sigurnost u BiH - temelj mira i stabilnosti' koja je odr\u017eana u hotelu Westin u Zagrebu. Konferenciju je organizirala koordinacija zavi\u010dajnih udruga Hrvata iz BIH \u2013 Znamen | Foto: MORH\/ J. Kopi\" alt=\"Ministar Anu\u0161i\u0107: Vlada i Ministarstvo obrane RH nastavit \u0107e sna\u017eno podupirati euroatlantski put BiH\" src=\"https:\/\/live.staticflickr.com\/65535\/54420653067_fd94ad7418_h.jpg\" data-layer=\"&lt;div class=&#039;morh-gallery-image-download&#039;&gt;&lt;a href=&#039;https:\/\/live.staticflickr.com\/65535\/54420653067_ac2e4acc89_o.jpg&#039; target=&#039;_blank&#039;&gt;Slika za preuzimanje&lt;\/a&gt;&lt;\/div&gt;\" \/><\/a><a href=\"https:\/\/live.staticflickr.com\/65535\/54421755278_21fa799d7a_h.jpg\" title=\"Ministar Anu\u0161i\u0107: Vlada i Ministarstvo obrane RH nastavit \u0107e sna\u017eno podupirati euroatlantski put BiH\"><img decoding=\"async\" data-title=\"Ministar Anu\u0161i\u0107: Vlada i Ministarstvo obrane RH nastavit \u0107e sna\u017eno podupirati euroatlantski put BiH\" data-description=\"Potpredsjednik Vlade Republike Hrvatske i ministar obrane Ivan Anu\u0161i\u0107 sudjelovao je danas, 31. o\u017eujka 2025. na konferenciji 'Sigurnost u BiH - temelj mira i stabilnosti' koja je odr\u017eana u hotelu Westin u Zagrebu. Konferenciju je organizirala koordinacija zavi\u010dajnih udruga Hrvata iz BIH \u2013 Znamen | Foto: MORH\/ J. Kopi\" alt=\"Ministar Anu\u0161i\u0107: Vlada i Ministarstvo obrane RH nastavit \u0107e sna\u017eno podupirati euroatlantski put BiH\" src=\"https:\/\/live.staticflickr.com\/65535\/54421755278_21fa799d7a_h.jpg\" data-layer=\"&lt;div class=&#039;morh-gallery-image-download&#039;&gt;&lt;a href=&#039;https:\/\/live.staticflickr.com\/65535\/54421755278_22902f0941_o.jpg&#039; target=&#039;_blank&#039;&gt;Slika za preuzimanje&lt;\/a&gt;&lt;\/div&gt;\" \/><\/a><a href=\"https:\/\/live.staticflickr.com\/65535\/54421893290_56b996f05b_h.jpg\" title=\"Ministar Anu\u0161i\u0107: Vlada i Ministarstvo obrane RH nastavit \u0107e sna\u017eno podupirati euroatlantski put BiH\"><img decoding=\"async\" data-title=\"Ministar Anu\u0161i\u0107: Vlada i Ministarstvo obrane RH nastavit \u0107e sna\u017eno podupirati euroatlantski put BiH\" data-description=\"Potpredsjednik Vlade Republike Hrvatske i ministar obrane Ivan Anu\u0161i\u0107 sudjelovao je danas, 31. o\u017eujka 2025. na konferenciji 'Sigurnost u BiH - temelj mira i stabilnosti' koja je odr\u017eana u hotelu Westin u Zagrebu. Konferenciju je organizirala koordinacija zavi\u010dajnih udruga Hrvata iz BIH \u2013 Znamen | Foto: MORH\/ J. Kopi\" alt=\"Ministar Anu\u0161i\u0107: Vlada i Ministarstvo obrane RH nastavit \u0107e sna\u017eno podupirati euroatlantski put BiH\" src=\"https:\/\/live.staticflickr.com\/65535\/54421893290_56b996f05b_h.jpg\" data-layer=\"&lt;div class=&#039;morh-gallery-image-download&#039;&gt;&lt;a href=&#039;https:\/\/live.staticflickr.com\/65535\/54421893290_5bf0eb2c8a_o.jpg&#039; target=&#039;_blank&#039;&gt;Slika za preuzimanje&lt;\/a&gt;&lt;\/div&gt;\" \/><\/a><a href=\"https:\/\/live.staticflickr.com\/65535\/54420652927_7299fb408e_h.jpg\" title=\"Ministar Anu\u0161i\u0107: Vlada i Ministarstvo obrane RH nastavit \u0107e sna\u017eno podupirati euroatlantski put BiH\"><img decoding=\"async\" data-title=\"Ministar Anu\u0161i\u0107: Vlada i Ministarstvo obrane RH nastavit \u0107e sna\u017eno podupirati euroatlantski put BiH\" data-description=\"Potpredsjednik Vlade Republike Hrvatske i ministar obrane Ivan Anu\u0161i\u0107 sudjelovao je danas, 31. o\u017eujka 2025. na konferenciji 'Sigurnost u BiH - temelj mira i stabilnosti' koja je odr\u017eana u hotelu Westin u Zagrebu. Konferenciju je organizirala koordinacija zavi\u010dajnih udruga Hrvata iz BIH \u2013 Znamen | Foto: MORH\/ J. Kopi\" alt=\"Ministar Anu\u0161i\u0107: Vlada i Ministarstvo obrane RH nastavit \u0107e sna\u017eno podupirati euroatlantski put BiH\" src=\"https:\/\/live.staticflickr.com\/65535\/54420652927_7299fb408e_h.jpg\" data-layer=\"&lt;div class=&#039;morh-gallery-image-download&#039;&gt;&lt;a href=&#039;https:\/\/live.staticflickr.com\/65535\/54420652927_849a923e35_o.jpg&#039; target=&#039;_blank&#039;&gt;Slika za preuzimanje&lt;\/a&gt;&lt;\/div&gt;\" \/><\/a><a href=\"https:\/\/live.staticflickr.com\/65535\/54421755213_cc8d592748_h.jpg\" title=\"Ministar Anu\u0161i\u0107: Vlada i Ministarstvo obrane RH nastavit \u0107e sna\u017eno podupirati euroatlantski put BiH\"><img decoding=\"async\" data-title=\"Ministar Anu\u0161i\u0107: Vlada i Ministarstvo obrane RH nastavit \u0107e sna\u017eno podupirati euroatlantski put BiH\" data-description=\"Potpredsjednik Vlade Republike Hrvatske i ministar obrane Ivan Anu\u0161i\u0107 sudjelovao je danas, 31. o\u017eujka 2025. na konferenciji 'Sigurnost u BiH - temelj mira i stabilnosti' koja je odr\u017eana u hotelu Westin u Zagrebu. Konferenciju je organizirala koordinacija zavi\u010dajnih udruga Hrvata iz BIH \u2013 Znamen | Foto: MORH\/ J. Kopi\" alt=\"Ministar Anu\u0161i\u0107: Vlada i Ministarstvo obrane RH nastavit \u0107e sna\u017eno podupirati euroatlantski put BiH\" src=\"https:\/\/live.staticflickr.com\/65535\/54421755213_cc8d592748_h.jpg\" data-layer=\"&lt;div class=&#039;morh-gallery-image-download&#039;&gt;&lt;a href=&#039;https:\/\/live.staticflickr.com\/65535\/54421755213_aeb62a6b88_o.jpg&#039; target=&#039;_blank&#039;&gt;Slika za preuzimanje&lt;\/a&gt;&lt;\/div&gt;\" \/><\/a><a href=\"https:\/\/live.staticflickr.com\/65535\/54421701589_9de6e31efc_h.jpg\" title=\"Ministar Anu\u0161i\u0107: Vlada i Ministarstvo obrane RH nastavit \u0107e sna\u017eno podupirati euroatlantski put BiH\"><img decoding=\"async\" data-title=\"Ministar Anu\u0161i\u0107: Vlada i Ministarstvo obrane RH nastavit \u0107e sna\u017eno podupirati euroatlantski put BiH\" data-description=\"Potpredsjednik Vlade Republike Hrvatske i ministar obrane Ivan Anu\u0161i\u0107 sudjelovao je danas, 31. o\u017eujka 2025. na konferenciji 'Sigurnost u BiH - temelj mira i stabilnosti' koja je odr\u017eana u hotelu Westin u Zagrebu. Konferenciju je organizirala koordinacija zavi\u010dajnih udruga Hrvata iz BIH \u2013 Znamen | Foto: MORH\/ J. Kopi\" alt=\"Ministar Anu\u0161i\u0107: Vlada i Ministarstvo obrane RH nastavit \u0107e sna\u017eno podupirati euroatlantski put BiH\" src=\"https:\/\/live.staticflickr.com\/65535\/54421701589_9de6e31efc_h.jpg\" data-layer=\"&lt;div class=&#039;morh-gallery-image-download&#039;&gt;&lt;a href=&#039;https:\/\/live.staticflickr.com\/65535\/54421701589_306545531c_o.jpg&#039; target=&#039;_blank&#039;&gt;Slika za preuzimanje&lt;\/a&gt;&lt;\/div&gt;\" \/><\/a><a href=\"https:\/\/live.staticflickr.com\/65535\/54421755158_69b10e78c2_h.jpg\" title=\"Ministar Anu\u0161i\u0107: Vlada i Ministarstvo obrane RH nastavit \u0107e sna\u017eno podupirati euroatlantski put BiH\"><img decoding=\"async\" data-title=\"Ministar Anu\u0161i\u0107: Vlada i Ministarstvo obrane RH nastavit \u0107e sna\u017eno podupirati euroatlantski put BiH\" data-description=\"Potpredsjednik Vlade Republike Hrvatske i ministar obrane Ivan Anu\u0161i\u0107 sudjelovao je danas, 31. o\u017eujka 2025. na konferenciji 'Sigurnost u BiH - temelj mira i stabilnosti' koja je odr\u017eana u hotelu Westin u Zagrebu. Konferenciju je organizirala koordinacija zavi\u010dajnih udruga Hrvata iz BIH \u2013 Znamen | Foto: MORH\/ J. Kopi\" alt=\"Ministar Anu\u0161i\u0107: Vlada i Ministarstvo obrane RH nastavit \u0107e sna\u017eno podupirati euroatlantski put BiH\" src=\"https:\/\/live.staticflickr.com\/65535\/54421755158_69b10e78c2_h.jpg\" data-layer=\"&lt;div class=&#039;morh-gallery-image-download&#039;&gt;&lt;a href=&#039;https:\/\/live.staticflickr.com\/65535\/54421755158_6b53849a3a_o.jpg&#039; target=&#039;_blank&#039;&gt;Slika za preuzimanje&lt;\/a&gt;&lt;\/div&gt;\" \/><\/a><a href=\"https:\/\/live.staticflickr.com\/65535\/54420652807_dab9517f30_h.jpg\" title=\"Ministar Anu\u0161i\u0107: Vlada i Ministarstvo obrane RH nastavit \u0107e sna\u017eno podupirati euroatlantski put BiH\"><img decoding=\"async\" data-title=\"Ministar Anu\u0161i\u0107: Vlada i Ministarstvo obrane RH nastavit \u0107e sna\u017eno podupirati euroatlantski put BiH\" data-description=\"Potpredsjednik Vlade Republike Hrvatske i ministar obrane Ivan Anu\u0161i\u0107 sudjelovao je danas, 31. o\u017eujka 2025. na konferenciji 'Sigurnost u BiH - temelj mira i stabilnosti' koja je odr\u017eana u hotelu Westin u Zagrebu. Konferenciju je organizirala koordinacija zavi\u010dajnih udruga Hrvata iz BIH \u2013 Znamen | Foto: MORH\/ J. Kopi\" alt=\"Ministar Anu\u0161i\u0107: Vlada i Ministarstvo obrane RH nastavit \u0107e sna\u017eno podupirati euroatlantski put BiH\" src=\"https:\/\/live.staticflickr.com\/65535\/54420652807_dab9517f30_h.jpg\" data-layer=\"&lt;div class=&#039;morh-gallery-image-download&#039;&gt;&lt;a href=&#039;https:\/\/live.staticflickr.com\/65535\/54420652807_31e8b49db9_o.jpg&#039; target=&#039;_blank&#039;&gt;Slika za preuzimanje&lt;\/a&gt;&lt;\/div&gt;\" \/><\/a><a href=\"https:\/\/live.staticflickr.com\/65535\/54420652802_fe6e533ba6_h.jpg\" title=\"Ministar Anu\u0161i\u0107: Vlada i Ministarstvo obrane RH nastavit \u0107e sna\u017eno podupirati euroatlantski put BiH\"><img decoding=\"async\" data-title=\"Ministar Anu\u0161i\u0107: Vlada i Ministarstvo obrane RH nastavit \u0107e sna\u017eno podupirati euroatlantski put BiH\" data-description=\"Potpredsjednik Vlade Republike Hrvatske i ministar obrane Ivan Anu\u0161i\u0107 sudjelovao je danas, 31. o\u017eujka 2025. na konferenciji 'Sigurnost u BiH - temelj mira i stabilnosti' koja je odr\u017eana u hotelu Westin u Zagrebu. Konferenciju je organizirala koordinacija zavi\u010dajnih udruga Hrvata iz BIH \u2013 Znamen | Foto: MORH\/ J. Kopi\" alt=\"Ministar Anu\u0161i\u0107: Vlada i Ministarstvo obrane RH nastavit \u0107e sna\u017eno podupirati euroatlantski put BiH\" src=\"https:\/\/live.staticflickr.com\/65535\/54420652802_fe6e533ba6_h.jpg\" data-layer=\"&lt;div class=&#039;morh-gallery-image-download&#039;&gt;&lt;a href=&#039;https:\/\/live.staticflickr.com\/65535\/54420652802_e5c832e770_o.jpg&#039; target=&#039;_blank&#039;&gt;Slika za preuzimanje&lt;\/a&gt;&lt;\/div&gt;\" \/><\/a><a href=\"https:\/\/live.staticflickr.com\/65535\/54421755038_cb43813be3_h.jpg\" title=\"Ministar Anu\u0161i\u0107: Vlada i Ministarstvo obrane RH nastavit \u0107e sna\u017eno podupirati euroatlantski put BiH\"><img decoding=\"async\" data-title=\"Ministar Anu\u0161i\u0107: Vlada i Ministarstvo obrane RH nastavit \u0107e sna\u017eno podupirati euroatlantski put BiH\" data-description=\"Potpredsjednik Vlade Republike Hrvatske i ministar obrane Ivan Anu\u0161i\u0107 sudjelovao je danas, 31. o\u017eujka 2025. na konferenciji 'Sigurnost u BiH - temelj mira i stabilnosti' koja je odr\u017eana u hotelu Westin u Zagrebu. Konferenciju je organizirala koordinacija zavi\u010dajnih udruga Hrvata iz BIH \u2013 Znamen | Foto: MORH\/ J. Kopi\" alt=\"Ministar Anu\u0161i\u0107: Vlada i Ministarstvo obrane RH nastavit \u0107e sna\u017eno podupirati euroatlantski put BiH\" src=\"https:\/\/live.staticflickr.com\/65535\/54421755038_cb43813be3_h.jpg\" data-layer=\"&lt;div class=&#039;morh-gallery-image-download&#039;&gt;&lt;a href=&#039;https:\/\/live.staticflickr.com\/65535\/54421755038_fde6aee126_o.jpg&#039; target=&#039;_blank&#039;&gt;Slika za preuzimanje&lt;\/a&gt;&lt;\/div&gt;\" \/><\/a><a href=\"https:\/\/live.staticflickr.com\/65535\/54420652667_63870adefb_h.jpg\" title=\"Ministar Anu\u0161i\u0107: Vlada i Ministarstvo obrane RH nastavit \u0107e sna\u017eno podupirati euroatlantski put BiH\"><img decoding=\"async\" data-title=\"Ministar Anu\u0161i\u0107: Vlada i Ministarstvo obrane RH nastavit \u0107e sna\u017eno podupirati euroatlantski put BiH\" data-description=\"Potpredsjednik Vlade Republike Hrvatske i ministar obrane Ivan Anu\u0161i\u0107 sudjelovao je danas, 31. o\u017eujka 2025. na konferenciji 'Sigurnost u BiH - temelj mira i stabilnosti' koja je odr\u017eana u hotelu Westin u Zagrebu. Konferenciju je organizirala koordinacija zavi\u010dajnih udruga Hrvata iz BIH \u2013 Znamen | Foto: MORH\/ J. Kopi\" alt=\"Ministar Anu\u0161i\u0107: Vlada i Ministarstvo obrane RH nastavit \u0107e sna\u017eno podupirati euroatlantski put BiH\" src=\"https:\/\/live.staticflickr.com\/65535\/54420652667_63870adefb_h.jpg\" data-layer=\"&lt;div class=&#039;morh-gallery-image-download&#039;&gt;&lt;a href=&#039;https:\/\/live.staticflickr.com\/65535\/54420652667_648246b92a_o.jpg&#039; target=&#039;_blank&#039;&gt;Slika za preuzimanje&lt;\/a&gt;&lt;\/div&gt;\" \/><\/a><a href=\"https:\/\/live.staticflickr.com\/65535\/54421893010_6ab0c08c4c_h.jpg\" title=\"Ministar Anu\u0161i\u0107: Vlada i Ministarstvo obrane RH nastavit \u0107e sna\u017eno podupirati euroatlantski put BiH\"><img decoding=\"async\" data-title=\"Ministar Anu\u0161i\u0107: Vlada i Ministarstvo obrane RH nastavit \u0107e sna\u017eno podupirati euroatlantski put BiH\" data-description=\"Potpredsjednik Vlade Republike Hrvatske i ministar obrane Ivan Anu\u0161i\u0107 sudjelovao je danas, 31. o\u017eujka 2025. na konferenciji 'Sigurnost u BiH - temelj mira i stabilnosti' koja je odr\u017eana u hotelu Westin u Zagrebu. Konferenciju je organizirala koordinacija zavi\u010dajnih udruga Hrvata iz BIH \u2013 Znamen | Foto: MORH\/ J. Kopi\" alt=\"Ministar Anu\u0161i\u0107: Vlada i Ministarstvo obrane RH nastavit \u0107e sna\u017eno podupirati euroatlantski put BiH\" src=\"https:\/\/live.staticflickr.com\/65535\/54421893010_6ab0c08c4c_h.jpg\" data-layer=\"&lt;div class=&#039;morh-gallery-image-download&#039;&gt;&lt;a href=&#039;https:\/\/live.staticflickr.com\/65535\/54421893010_697ef97bbd_o.jpg&#039; target=&#039;_blank&#039;&gt;Slika za preuzimanje&lt;\/a&gt;&lt;\/div&gt;\" \/><\/a><a href=\"https:\/\/live.staticflickr.com\/65535\/54421508696_bd6114177b_h.jpg\" title=\"Ministar Anu\u0161i\u0107: Vlada i Ministarstvo obrane RH nastavit \u0107e sna\u017eno podupirati euroatlantski put BiH\"><img decoding=\"async\" data-title=\"Ministar Anu\u0161i\u0107: Vlada i Ministarstvo obrane RH nastavit \u0107e sna\u017eno podupirati euroatlantski put BiH\" data-description=\"Potpredsjednik Vlade Republike Hrvatske i ministar obrane Ivan Anu\u0161i\u0107 sudjelovao je danas, 31. o\u017eujka 2025. na konferenciji 'Sigurnost u BiH - temelj mira i stabilnosti' koja je odr\u017eana u hotelu Westin u Zagrebu. Konferenciju je organizirala koordinacija zavi\u010dajnih udruga Hrvata iz BIH \u2013 Znamen | Foto: MORH\/ J. Kopi\" alt=\"Ministar Anu\u0161i\u0107: Vlada i Ministarstvo obrane RH nastavit \u0107e sna\u017eno podupirati euroatlantski put BiH\" src=\"https:\/\/live.staticflickr.com\/65535\/54421508696_bd6114177b_h.jpg\" data-layer=\"&lt;div class=&#039;morh-gallery-image-download&#039;&gt;&lt;a href=&#039;https:\/\/live.staticflickr.com\/65535\/54421508696_41c65cbaba_o.jpg&#039; target=&#039;_blank&#039;&gt;Slika za preuzimanje&lt;\/a&gt;&lt;\/div&gt;\" \/><\/a><a href=\"https:\/\/live.staticflickr.com\/65535\/54421893090_6d85f8cc7d_h.jpg\" title=\"Ministar Anu\u0161i\u0107: Vlada i Ministarstvo obrane RH nastavit \u0107e sna\u017eno podupirati euroatlantski put BiH\"><img decoding=\"async\" data-title=\"Ministar Anu\u0161i\u0107: Vlada i Ministarstvo obrane RH nastavit \u0107e sna\u017eno podupirati euroatlantski put BiH\" data-description=\"Potpredsjednik Vlade Republike Hrvatske i ministar obrane Ivan Anu\u0161i\u0107 sudjelovao je danas, 31. o\u017eujka 2025. na konferenciji 'Sigurnost u BiH - temelj mira i stabilnosti' koja je odr\u017eana u hotelu Westin u Zagrebu. Konferenciju je organizirala koordinacija zavi\u010dajnih udruga Hrvata iz BIH \u2013 Znamen | Foto: MORH\/ J. Kopi\" alt=\"Ministar Anu\u0161i\u0107: Vlada i Ministarstvo obrane RH nastavit \u0107e sna\u017eno podupirati euroatlantski put BiH\" src=\"https:\/\/live.staticflickr.com\/65535\/54421893090_6d85f8cc7d_h.jpg\" data-layer=\"&lt;div class=&#039;morh-gallery-image-download&#039;&gt;&lt;a href=&#039;https:\/\/live.staticflickr.com\/65535\/54421893090_ebfb049a6c_o.jpg&#039; target=&#039;_blank&#039;&gt;Slika za preuzimanje&lt;\/a&gt;&lt;\/div&gt;\" \/><\/a><a href=\"https:\/\/live.staticflickr.com\/65535\/54421701474_bf5c81191f_h.jpg\" title=\"Ministar Anu\u0161i\u0107: Vlada i Ministarstvo obrane RH nastavit \u0107e sna\u017eno podupirati euroatlantski put BiH\"><img decoding=\"async\" data-title=\"Ministar Anu\u0161i\u0107: Vlada i Ministarstvo obrane RH nastavit \u0107e sna\u017eno podupirati euroatlantski put BiH\" data-description=\"Potpredsjednik Vlade Republike Hrvatske i ministar obrane Ivan Anu\u0161i\u0107 sudjelovao je danas, 31. o\u017eujka 2025. na konferenciji 'Sigurnost u BiH - temelj mira i stabilnosti' koja je odr\u017eana u hotelu Westin u Zagrebu. Konferenciju je organizirala koordinacija zavi\u010dajnih udruga Hrvata iz BIH \u2013 Znamen | Foto: MORH\/ J. Kopi\" alt=\"Ministar Anu\u0161i\u0107: Vlada i Ministarstvo obrane RH nastavit \u0107e sna\u017eno podupirati euroatlantski put BiH\" src=\"https:\/\/live.staticflickr.com\/65535\/54421701474_bf5c81191f_h.jpg\" data-layer=\"&lt;div class=&#039;morh-gallery-image-download&#039;&gt;&lt;a href=&#039;https:\/\/live.staticflickr.com\/65535\/54421701474_80979af0af_o.jpg&#039; target=&#039;_blank&#039;&gt;Slika za preuzimanje&lt;\/a&gt;&lt;\/div&gt;\" \/><\/a><a href=\"https:\/\/live.staticflickr.com\/65535\/54421701354_395626758b_h.jpg\" title=\"Ministar Anu\u0161i\u0107: Vlada i Ministarstvo obrane RH nastavit \u0107e sna\u017eno podupirati euroatlantski put BiH\"><img decoding=\"async\" data-title=\"Ministar Anu\u0161i\u0107: Vlada i Ministarstvo obrane RH nastavit \u0107e sna\u017eno podupirati euroatlantski put BiH\" data-description=\"Potpredsjednik Vlade Republike Hrvatske i ministar obrane Ivan Anu\u0161i\u0107 sudjelovao je danas, 31. o\u017eujka 2025. na konferenciji 'Sigurnost u BiH - temelj mira i stabilnosti' koja je odr\u017eana u hotelu Westin u Zagrebu. Konferenciju je organizirala koordinacija zavi\u010dajnih udruga Hrvata iz BIH \u2013 Znamen | Foto: MORH\/ J. Kopi\" alt=\"Ministar Anu\u0161i\u0107: Vlada i Ministarstvo obrane RH nastavit \u0107e sna\u017eno podupirati euroatlantski put BiH\" src=\"https:\/\/live.staticflickr.com\/65535\/54421701354_395626758b_h.jpg\" data-layer=\"&lt;div class=&#039;morh-gallery-image-download&#039;&gt;&lt;a href=&#039;https:\/\/live.staticflickr.com\/65535\/54421701354_0b4ca94ca0_o.jpg&#039; target=&#039;_blank&#039;&gt;Slika za preuzimanje&lt;\/a&gt;&lt;\/div&gt;\" \/><\/a><a href=\"https:\/\/live.staticflickr.com\/65535\/54421701234_21b96fca7f_h.jpg\" title=\"Ministar Anu\u0161i\u0107: Vlada i Ministarstvo obrane RH nastavit \u0107e sna\u017eno podupirati euroatlantski put BiH\"><img decoding=\"async\" data-title=\"Ministar Anu\u0161i\u0107: Vlada i Ministarstvo obrane RH nastavit \u0107e sna\u017eno podupirati euroatlantski put BiH\" data-description=\"Potpredsjednik Vlade Republike Hrvatske i ministar obrane Ivan Anu\u0161i\u0107 sudjelovao je danas, 31. o\u017eujka 2025. na konferenciji 'Sigurnost u BiH - temelj mira i stabilnosti' koja je odr\u017eana u hotelu Westin u Zagrebu. Konferenciju je organizirala koordinacija zavi\u010dajnih udruga Hrvata iz BIH \u2013 Znamen | Foto: MORH\/ J. Kopi\" alt=\"Ministar Anu\u0161i\u0107: Vlada i Ministarstvo obrane RH nastavit \u0107e sna\u017eno podupirati euroatlantski put BiH\" src=\"https:\/\/live.staticflickr.com\/65535\/54421701234_21b96fca7f_h.jpg\" data-layer=\"&lt;div class=&#039;morh-gallery-image-download&#039;&gt;&lt;a href=&#039;https:\/\/live.staticflickr.com\/65535\/54421701234_d21d4583c3_o.jpg&#039; target=&#039;_blank&#039;&gt;Slika za preuzimanje&lt;\/a&gt;&lt;\/div&gt;\" \/><\/a><a href=\"https:\/\/live.staticflickr.com\/65535\/54421892935_bf5cb00e3b_h.jpg\" title=\"Ministar Anu\u0161i\u0107: Vlada i Ministarstvo obrane RH nastavit \u0107e sna\u017eno podupirati euroatlantski put BiH\"><img decoding=\"async\" data-title=\"Ministar Anu\u0161i\u0107: Vlada i Ministarstvo obrane RH nastavit \u0107e sna\u017eno podupirati euroatlantski put BiH\" data-description=\"Potpredsjednik Vlade Republike Hrvatske i ministar obrane Ivan Anu\u0161i\u0107 sudjelovao je danas, 31. o\u017eujka 2025. na konferenciji 'Sigurnost u BiH - temelj mira i stabilnosti' koja je odr\u017eana u hotelu Westin u Zagrebu. Konferenciju je organizirala koordinacija zavi\u010dajnih udruga Hrvata iz BIH \u2013 Znamen | Foto: MORH\/ J. Kopi\" alt=\"Ministar Anu\u0161i\u0107: Vlada i Ministarstvo obrane RH nastavit \u0107e sna\u017eno podupirati euroatlantski put BiH\" src=\"https:\/\/live.staticflickr.com\/65535\/54421892935_bf5cb00e3b_h.jpg\" data-layer=\"&lt;div class=&#039;morh-gallery-image-download&#039;&gt;&lt;a href=&#039;https:\/\/live.staticflickr.com\/65535\/54421892935_53fe4f0534_o.jpg&#039; target=&#039;_blank&#039;&gt;Slika za preuzimanje&lt;\/a&gt;&lt;\/div&gt;\" \/><\/a><a href=\"https:\/\/live.staticflickr.com\/65535\/54421701259_74b8287408_h.jpg\" title=\"Ministar Anu\u0161i\u0107: Vlada i Ministarstvo obrane RH nastavit \u0107e sna\u017eno podupirati euroatlantski put BiH\"><img decoding=\"async\" data-title=\"Ministar Anu\u0161i\u0107: Vlada i Ministarstvo obrane RH nastavit \u0107e sna\u017eno podupirati euroatlantski put BiH\" data-description=\"Potpredsjednik Vlade Republike Hrvatske i ministar obrane Ivan Anu\u0161i\u0107 sudjelovao je danas, 31. o\u017eujka 2025. na konferenciji 'Sigurnost u BiH - temelj mira i stabilnosti' koja je odr\u017eana u hotelu Westin u Zagrebu. Konferenciju je organizirala koordinacija zavi\u010dajnih udruga Hrvata iz BIH \u2013 Znamen | Foto: MORH\/ J. Kopi\" alt=\"Ministar Anu\u0161i\u0107: Vlada i Ministarstvo obrane RH nastavit \u0107e sna\u017eno podupirati euroatlantski put BiH\" src=\"https:\/\/live.staticflickr.com\/65535\/54421701259_74b8287408_h.jpg\" data-layer=\"&lt;div class=&#039;morh-gallery-image-download&#039;&gt;&lt;a href=&#039;https:\/\/live.staticflickr.com\/65535\/54421701259_5bc539c8b9_o.jpg&#039; target=&#039;_blank&#039;&gt;Slika za preuzimanje&lt;\/a&gt;&lt;\/div&gt;\" \/><\/a><\/div><!--\/.morh-galleria -->\n","protected":false},"excerpt":{"rendered":"<p>Minister Anu\u0161i\u0107 participated in the conference &#8220;Security in Bosnia and Herzegovina \u2013 The Foundation of Peace and Stability&#8221;<\/p>\n","protected":false},"author":3,"featured_media":254599,"comment_status":"closed","ping_status":"closed","sticky":false,"template":"","format":"standard","meta":{"_acf_changed":false,"_monsterinsights_skip_tracking":false,"_monsterinsights_sitenote_active":false,"_monsterinsights_sitenote_note":"","_monsterinsights_sitenote_category":0,"footnotes":""},"categories":[117],"tags":[],"class_list":["post-254597","post","type-post","status-publish","format-standard","has-post-thumbnail","hentry","category-press-releases"],"acf":[],"yoast_head":"<!-- This site is optimized with the Yoast SEO plugin v26.9 - https:\/\/yoast.com\/product\/yoast-seo-wordpress\/ -->\n<title>Minister Anu\u0161i\u0107: The Croatian Government and Ministry of Defence will continue to strongly support Bosnia and Herzegovina\u2019s Euro-Atlantic path - MORH<\/title>\n<meta name=\"description\" content=\"Minister Anu\u0161i\u0107 participated in the conference &quot;Security in Bosnia and Herzegovina \u2013 The Foundation of Peace and Stability&quot;\" \/>\n<meta name=\"robots\" content=\"index, follow, max-snippet:-1, max-image-preview:large, max-video-preview:-1\" \/>\n<link rel=\"canonical\" href=\"https:\/\/www.morh.hr\/en\/minister-anusic-the-croatian-government-and-ministry-of-defence-will-continue-to-strongly-support-bosnia-and-herzegovinas-euro-atlantic-path\/\" \/>\n<meta property=\"og:locale\" content=\"en_US\" \/>\n<meta property=\"og:type\" content=\"article\" \/>\n<meta property=\"og:title\" content=\"Minister Anu\u0161i\u0107: The Croatian Government and Ministry of Defence will continue to strongly support Bosnia and Herzegovina\u2019s Euro-Atlantic path - MORH\" \/>\n<meta property=\"og:description\" content=\"Minister Anu\u0161i\u0107 participated in the conference &quot;Security in Bosnia and Herzegovina \u2013 The Foundation of Peace and Stability&quot;\" \/>\n<meta property=\"og:url\" content=\"https:\/\/www.morh.hr\/en\/minister-anusic-the-croatian-government-and-ministry-of-defence-will-continue-to-strongly-support-bosnia-and-herzegovinas-euro-atlantic-path\/\" \/>\n<meta property=\"og:site_name\" content=\"MORH\" \/>\n<meta property=\"article:publisher\" content=\"https:\/\/www.facebook.com\/sportasiuhrvatskojvojsci\/\" \/>\n<meta property=\"article:published_time\" content=\"2025-03-31T09:30:15+00:00\" \/>\n<meta property=\"article:modified_time\" content=\"2025-11-26T14:15:33+00:00\" \/>\n<meta property=\"og:image\" content=\"https:\/\/www.morh.hr\/wp-content\/uploads\/2025\/05\/2025-03-31-konferencija-sigurnost-u-bih-en.jpg\" \/>\n\t<meta property=\"og:image:width\" content=\"2400\" \/>\n\t<meta property=\"og:image:height\" content=\"1600\" \/>\n\t<meta property=\"og:image:type\" content=\"image\/jpeg\" \/>\n<meta name=\"author\" content=\"Drazen\" \/>\n<meta name=\"twitter:card\" content=\"summary_large_image\" \/>\n<meta name=\"twitter:creator\" content=\"@morh_osrh\" \/>\n<meta name=\"twitter:site\" content=\"@morh_osrh\" \/>\n<meta name=\"twitter:label1\" content=\"Written by\" \/>\n\t<meta name=\"twitter:data1\" content=\"Drazen\" \/>\n\t<meta name=\"twitter:label2\" content=\"Est. reading time\" \/>\n\t<meta name=\"twitter:data2\" content=\"3 minutes\" \/>\n<script type=\"application\/ld+json\" class=\"yoast-schema-graph\">{\"@context\":\"https:\/\/schema.org\",\"@graph\":[{\"@type\":\"Article\",\"@id\":\"https:\/\/www.morh.hr\/en\/minister-anusic-the-croatian-government-and-ministry-of-defence-will-continue-to-strongly-support-bosnia-and-herzegovinas-euro-atlantic-path\/#article\",\"isPartOf\":{\"@id\":\"https:\/\/www.morh.hr\/en\/minister-anusic-the-croatian-government-and-ministry-of-defence-will-continue-to-strongly-support-bosnia-and-herzegovinas-euro-atlantic-path\/\"},\"author\":{\"name\":\"Drazen\",\"@id\":\"https:\/\/www.morh.hr\/en\/#\/schema\/person\/2d72e03399043d9513ab6bec75f2ce27\"},\"headline\":\"Minister Anu\u0161i\u0107: The Croatian Government and Ministry of Defence will continue to strongly support Bosnia and Herzegovina\u2019s Euro-Atlantic path\",\"datePublished\":\"2025-03-31T09:30:15+00:00\",\"dateModified\":\"2025-11-26T14:15:33+00:00\",\"mainEntityOfPage\":{\"@id\":\"https:\/\/www.morh.hr\/en\/minister-anusic-the-croatian-government-and-ministry-of-defence-will-continue-to-strongly-support-bosnia-and-herzegovinas-euro-atlantic-path\/\"},\"wordCount\":490,\"image\":{\"@id\":\"https:\/\/www.morh.hr\/en\/minister-anusic-the-croatian-government-and-ministry-of-defence-will-continue-to-strongly-support-bosnia-and-herzegovinas-euro-atlantic-path\/#primaryimage\"},\"thumbnailUrl\":\"https:\/\/www.morh.hr\/wp-content\/uploads\/2025\/05\/2025-03-31-konferencija-sigurnost-u-bih-en.jpg\",\"articleSection\":[\"Press releases\"],\"inLanguage\":\"en-US\"},{\"@type\":\"WebPage\",\"@id\":\"https:\/\/www.morh.hr\/en\/minister-anusic-the-croatian-government-and-ministry-of-defence-will-continue-to-strongly-support-bosnia-and-herzegovinas-euro-atlantic-path\/\",\"url\":\"https:\/\/www.morh.hr\/en\/minister-anusic-the-croatian-government-and-ministry-of-defence-will-continue-to-strongly-support-bosnia-and-herzegovinas-euro-atlantic-path\/\",\"name\":\"Minister Anu\u0161i\u0107: The Croatian Government and Ministry of Defence will continue to strongly support Bosnia and Herzegovina\u2019s Euro-Atlantic path - MORH\",\"isPartOf\":{\"@id\":\"https:\/\/www.morh.hr\/en\/#website\"},\"primaryImageOfPage\":{\"@id\":\"https:\/\/www.morh.hr\/en\/minister-anusic-the-croatian-government-and-ministry-of-defence-will-continue-to-strongly-support-bosnia-and-herzegovinas-euro-atlantic-path\/#primaryimage\"},\"image\":{\"@id\":\"https:\/\/www.morh.hr\/en\/minister-anusic-the-croatian-government-and-ministry-of-defence-will-continue-to-strongly-support-bosnia-and-herzegovinas-euro-atlantic-path\/#primaryimage\"},\"thumbnailUrl\":\"https:\/\/www.morh.hr\/wp-content\/uploads\/2025\/05\/2025-03-31-konferencija-sigurnost-u-bih-en.jpg\",\"datePublished\":\"2025-03-31T09:30:15+00:00\",\"dateModified\":\"2025-11-26T14:15:33+00:00\",\"author\":{\"@id\":\"https:\/\/www.morh.hr\/en\/#\/schema\/person\/2d72e03399043d9513ab6bec75f2ce27\"},\"description\":\"Minister Anu\u0161i\u0107 participated in the conference \\\"Security in Bosnia and Herzegovina \u2013 The Foundation of Peace and Stability\\\"\",\"breadcrumb\":{\"@id\":\"https:\/\/www.morh.hr\/en\/minister-anusic-the-croatian-government-and-ministry-of-defence-will-continue-to-strongly-support-bosnia-and-herzegovinas-euro-atlantic-path\/#breadcrumb\"},\"inLanguage\":\"en-US\",\"potentialAction\":[{\"@type\":\"ReadAction\",\"target\":[\"https:\/\/www.morh.hr\/en\/minister-anusic-the-croatian-government-and-ministry-of-defence-will-continue-to-strongly-support-bosnia-and-herzegovinas-euro-atlantic-path\/\"]}]},{\"@type\":\"ImageObject\",\"inLanguage\":\"en-US\",\"@id\":\"https:\/\/www.morh.hr\/en\/minister-anusic-the-croatian-government-and-ministry-of-defence-will-continue-to-strongly-support-bosnia-and-herzegovinas-euro-atlantic-path\/#primaryimage\",\"url\":\"https:\/\/www.morh.hr\/wp-content\/uploads\/2025\/05\/2025-03-31-konferencija-sigurnost-u-bih-en.jpg\",\"contentUrl\":\"https:\/\/www.morh.hr\/wp-content\/uploads\/2025\/05\/2025-03-31-konferencija-sigurnost-u-bih-en.jpg\",\"width\":2400,\"height\":1600,\"caption\":\"Minister Anu\u0161i\u0107: The Croatian Government and Ministry of Defence will continue to strongly support Bosnia and Herzegovina\u2019s Euro-Atlantic path | Photo: MOD\/ J. Kopi\"},{\"@type\":\"BreadcrumbList\",\"@id\":\"https:\/\/www.morh.hr\/en\/minister-anusic-the-croatian-government-and-ministry-of-defence-will-continue-to-strongly-support-bosnia-and-herzegovinas-euro-atlantic-path\/#breadcrumb\",\"itemListElement\":[{\"@type\":\"ListItem\",\"position\":1,\"name\":\"Naslovnica\",\"item\":\"https:\/\/www.morh.hr\/en\/\"},{\"@type\":\"ListItem\",\"position\":2,\"name\":\"News\",\"item\":\"https:\/\/www.morh.hr\/en\/kategorija\/news\/\"},{\"@type\":\"ListItem\",\"position\":3,\"name\":\"Press releases\",\"item\":\"https:\/\/www.morh.hr\/en\/kategorija\/news\/press-releases\/\"},{\"@type\":\"ListItem\",\"position\":4,\"name\":\"Minister Anu\u0161i\u0107: The Croatian Government and Ministry of Defence will continue to strongly support Bosnia and Herzegovina\u2019s Euro-Atlantic path\"}]},{\"@type\":\"WebSite\",\"@id\":\"https:\/\/www.morh.hr\/en\/#website\",\"url\":\"https:\/\/www.morh.hr\/en\/\",\"name\":\"MORH\",\"description\":\"Ministarstvo obrane Republike Hrvatske - slu\u017ebene stranice\",\"potentialAction\":[{\"@type\":\"SearchAction\",\"target\":{\"@type\":\"EntryPoint\",\"urlTemplate\":\"https:\/\/www.morh.hr\/en\/?s={search_term_string}\"},\"query-input\":{\"@type\":\"PropertyValueSpecification\",\"valueRequired\":true,\"valueName\":\"search_term_string\"}}],\"inLanguage\":\"en-US\"},{\"@type\":\"Person\",\"@id\":\"https:\/\/www.morh.hr\/en\/#\/schema\/person\/2d72e03399043d9513ab6bec75f2ce27\",\"name\":\"Drazen\",\"image\":{\"@type\":\"ImageObject\",\"inLanguage\":\"en-US\",\"@id\":\"https:\/\/www.morh.hr\/en\/#\/schema\/person\/image\/\",\"url\":\"https:\/\/secure.gravatar.com\/avatar\/e36ef7e573425ae72988c73df868c1e87a656b0e005ca4fd7d30d2ba7e49c9cf?s=96&d=mm&r=g\",\"contentUrl\":\"https:\/\/secure.gravatar.com\/avatar\/e36ef7e573425ae72988c73df868c1e87a656b0e005ca4fd7d30d2ba7e49c9cf?s=96&d=mm&r=g\",\"caption\":\"Drazen\"}}]}<\/script>\n<!-- \/ Yoast SEO plugin. -->","yoast_head_json":{"title":"Minister Anu\u0161i\u0107: The Croatian Government and Ministry of Defence will continue to strongly support Bosnia and Herzegovina\u2019s Euro-Atlantic path - MORH","description":"Minister Anu\u0161i\u0107 participated in the conference \"Security in Bosnia and Herzegovina \u2013 The Foundation of Peace and Stability\"","robots":{"index":"index","follow":"follow","max-snippet":"max-snippet:-1","max-image-preview":"max-image-preview:large","max-video-preview":"max-video-preview:-1"},"canonical":"https:\/\/www.morh.hr\/en\/minister-anusic-the-croatian-government-and-ministry-of-defence-will-continue-to-strongly-support-bosnia-and-herzegovinas-euro-atlantic-path\/","og_locale":"en_US","og_type":"article","og_title":"Minister Anu\u0161i\u0107: The Croatian Government and Ministry of Defence will continue to strongly support Bosnia and Herzegovina\u2019s Euro-Atlantic path - MORH","og_description":"Minister Anu\u0161i\u0107 participated in the conference \"Security in Bosnia and Herzegovina \u2013 The Foundation of Peace and Stability\"","og_url":"https:\/\/www.morh.hr\/en\/minister-anusic-the-croatian-government-and-ministry-of-defence-will-continue-to-strongly-support-bosnia-and-herzegovinas-euro-atlantic-path\/","og_site_name":"MORH","article_publisher":"https:\/\/www.facebook.com\/sportasiuhrvatskojvojsci\/","article_published_time":"2025-03-31T09:30:15+00:00","article_modified_time":"2025-11-26T14:15:33+00:00","og_image":[{"width":2400,"height":1600,"url":"https:\/\/www.morh.hr\/wp-content\/uploads\/2025\/05\/2025-03-31-konferencija-sigurnost-u-bih-en.jpg","type":"image\/jpeg"}],"author":"Drazen","twitter_card":"summary_large_image","twitter_creator":"@morh_osrh","twitter_site":"@morh_osrh","twitter_misc":{"Written by":"Drazen","Est. reading time":"3 minutes"},"schema":{"@context":"https:\/\/schema.org","@graph":[{"@type":"Article","@id":"https:\/\/www.morh.hr\/en\/minister-anusic-the-croatian-government-and-ministry-of-defence-will-continue-to-strongly-support-bosnia-and-herzegovinas-euro-atlantic-path\/#article","isPartOf":{"@id":"https:\/\/www.morh.hr\/en\/minister-anusic-the-croatian-government-and-ministry-of-defence-will-continue-to-strongly-support-bosnia-and-herzegovinas-euro-atlantic-path\/"},"author":{"name":"Drazen","@id":"https:\/\/www.morh.hr\/en\/#\/schema\/person\/2d72e03399043d9513ab6bec75f2ce27"},"headline":"Minister Anu\u0161i\u0107: The Croatian Government and Ministry of Defence will continue to strongly support Bosnia and Herzegovina\u2019s Euro-Atlantic path","datePublished":"2025-03-31T09:30:15+00:00","dateModified":"2025-11-26T14:15:33+00:00","mainEntityOfPage":{"@id":"https:\/\/www.morh.hr\/en\/minister-anusic-the-croatian-government-and-ministry-of-defence-will-continue-to-strongly-support-bosnia-and-herzegovinas-euro-atlantic-path\/"},"wordCount":490,"image":{"@id":"https:\/\/www.morh.hr\/en\/minister-anusic-the-croatian-government-and-ministry-of-defence-will-continue-to-strongly-support-bosnia-and-herzegovinas-euro-atlantic-path\/#primaryimage"},"thumbnailUrl":"https:\/\/www.morh.hr\/wp-content\/uploads\/2025\/05\/2025-03-31-konferencija-sigurnost-u-bih-en.jpg","articleSection":["Press releases"],"inLanguage":"en-US"},{"@type":"WebPage","@id":"https:\/\/www.morh.hr\/en\/minister-anusic-the-croatian-government-and-ministry-of-defence-will-continue-to-strongly-support-bosnia-and-herzegovinas-euro-atlantic-path\/","url":"https:\/\/www.morh.hr\/en\/minister-anusic-the-croatian-government-and-ministry-of-defence-will-continue-to-strongly-support-bosnia-and-herzegovinas-euro-atlantic-path\/","name":"Minister Anu\u0161i\u0107: The Croatian Government and Ministry of Defence will continue to strongly support Bosnia and Herzegovina\u2019s Euro-Atlantic path - MORH","isPartOf":{"@id":"https:\/\/www.morh.hr\/en\/#website"},"primaryImageOfPage":{"@id":"https:\/\/www.morh.hr\/en\/minister-anusic-the-croatian-government-and-ministry-of-defence-will-continue-to-strongly-support-bosnia-and-herzegovinas-euro-atlantic-path\/#primaryimage"},"image":{"@id":"https:\/\/www.morh.hr\/en\/minister-anusic-the-croatian-government-and-ministry-of-defence-will-continue-to-strongly-support-bosnia-and-herzegovinas-euro-atlantic-path\/#primaryimage"},"thumbnailUrl":"https:\/\/www.morh.hr\/wp-content\/uploads\/2025\/05\/2025-03-31-konferencija-sigurnost-u-bih-en.jpg","datePublished":"2025-03-31T09:30:15+00:00","dateModified":"2025-11-26T14:15:33+00:00","author":{"@id":"https:\/\/www.morh.hr\/en\/#\/schema\/person\/2d72e03399043d9513ab6bec75f2ce27"},"description":"Minister Anu\u0161i\u0107 participated in the conference \"Security in Bosnia and Herzegovina \u2013 The Foundation of Peace and Stability\"","breadcrumb":{"@id":"https:\/\/www.morh.hr\/en\/minister-anusic-the-croatian-government-and-ministry-of-defence-will-continue-to-strongly-support-bosnia-and-herzegovinas-euro-atlantic-path\/#breadcrumb"},"inLanguage":"en-US","potentialAction":[{"@type":"ReadAction","target":["https:\/\/www.morh.hr\/en\/minister-anusic-the-croatian-government-and-ministry-of-defence-will-continue-to-strongly-support-bosnia-and-herzegovinas-euro-atlantic-path\/"]}]},{"@type":"ImageObject","inLanguage":"en-US","@id":"https:\/\/www.morh.hr\/en\/minister-anusic-the-croatian-government-and-ministry-of-defence-will-continue-to-strongly-support-bosnia-and-herzegovinas-euro-atlantic-path\/#primaryimage","url":"https:\/\/www.morh.hr\/wp-content\/uploads\/2025\/05\/2025-03-31-konferencija-sigurnost-u-bih-en.jpg","contentUrl":"https:\/\/www.morh.hr\/wp-content\/uploads\/2025\/05\/2025-03-31-konferencija-sigurnost-u-bih-en.jpg","width":2400,"height":1600,"caption":"Minister Anu\u0161i\u0107: The Croatian Government and Ministry of Defence will continue to strongly support Bosnia and Herzegovina\u2019s Euro-Atlantic path | Photo: MOD\/ J. Kopi"},{"@type":"BreadcrumbList","@id":"https:\/\/www.morh.hr\/en\/minister-anusic-the-croatian-government-and-ministry-of-defence-will-continue-to-strongly-support-bosnia-and-herzegovinas-euro-atlantic-path\/#breadcrumb","itemListElement":[{"@type":"ListItem","position":1,"name":"Naslovnica","item":"https:\/\/www.morh.hr\/en\/"},{"@type":"ListItem","position":2,"name":"News","item":"https:\/\/www.morh.hr\/en\/kategorija\/news\/"},{"@type":"ListItem","position":3,"name":"Press releases","item":"https:\/\/www.morh.hr\/en\/kategorija\/news\/press-releases\/"},{"@type":"ListItem","position":4,"name":"Minister Anu\u0161i\u0107: The Croatian Government and Ministry of Defence will continue to strongly support Bosnia and Herzegovina\u2019s Euro-Atlantic path"}]},{"@type":"WebSite","@id":"https:\/\/www.morh.hr\/en\/#website","url":"https:\/\/www.morh.hr\/en\/","name":"MORH","description":"Ministarstvo obrane Republike Hrvatske - slu\u017ebene stranice","potentialAction":[{"@type":"SearchAction","target":{"@type":"EntryPoint","urlTemplate":"https:\/\/www.morh.hr\/en\/?s={search_term_string}"},"query-input":{"@type":"PropertyValueSpecification","valueRequired":true,"valueName":"search_term_string"}}],"inLanguage":"en-US"},{"@type":"Person","@id":"https:\/\/www.morh.hr\/en\/#\/schema\/person\/2d72e03399043d9513ab6bec75f2ce27","name":"Drazen","image":{"@type":"ImageObject","inLanguage":"en-US","@id":"https:\/\/www.morh.hr\/en\/#\/schema\/person\/image\/","url":"https:\/\/secure.gravatar.com\/avatar\/e36ef7e573425ae72988c73df868c1e87a656b0e005ca4fd7d30d2ba7e49c9cf?s=96&d=mm&r=g","contentUrl":"https:\/\/secure.gravatar.com\/avatar\/e36ef7e573425ae72988c73df868c1e87a656b0e005ca4fd7d30d2ba7e49c9cf?s=96&d=mm&r=g","caption":"Drazen"}}]}},"_links":{"self":[{"href":"https:\/\/www.morh.hr\/en\/wp-json\/wp\/v2\/posts\/254597","targetHints":{"allow":["GET"]}}],"collection":[{"href":"https:\/\/www.morh.hr\/en\/wp-json\/wp\/v2\/posts"}],"about":[{"href":"https:\/\/www.morh.hr\/en\/wp-json\/wp\/v2\/types\/post"}],"author":[{"embeddable":true,"href":"https:\/\/www.morh.hr\/en\/wp-json\/wp\/v2\/users\/3"}],"replies":[{"embeddable":true,"href":"https:\/\/www.morh.hr\/en\/wp-json\/wp\/v2\/comments?post=254597"}],"version-history":[{"count":1,"href":"https:\/\/www.morh.hr\/en\/wp-json\/wp\/v2\/posts\/254597\/revisions"}],"predecessor-version":[{"id":263864,"href":"https:\/\/www.morh.hr\/en\/wp-json\/wp\/v2\/posts\/254597\/revisions\/263864"}],"wp:featuredmedia":[{"embeddable":true,"href":"https:\/\/www.morh.hr\/en\/wp-json\/wp\/v2\/media\/254599"}],"wp:attachment":[{"href":"https:\/\/www.morh.hr\/en\/wp-json\/wp\/v2\/media?parent=254597"}],"wp:term":[{"taxonomy":"category","embeddable":true,"href":"https:\/\/www.morh.hr\/en\/wp-json\/wp\/v2\/categories?post=254597"},{"taxonomy":"post_tag","embeddable":true,"href":"https:\/\/www.morh.hr\/en\/wp-json\/wp\/v2\/tags?post=254597"}],"curies":[{"name":"wp","href":"https:\/\/api.w.org\/{rel}","templated":true}]}}