{"id":254602,"date":"2025-03-31T11:37:51","date_gmt":"2025-03-31T09:37:51","guid":{"rendered":"https:\/\/www.morh.hr\/?p=254602"},"modified":"2025-11-26T15:07:04","modified_gmt":"2025-11-26T14:07:04","slug":"minister-anusic-we-continue-to-equip-the-croatian-armed-forces-in-cooperation-with-the-u-s","status":"publish","type":"post","link":"https:\/\/www.morh.hr\/en\/minister-anusic-we-continue-to-equip-the-croatian-armed-forces-in-cooperation-with-the-u-s\/","title":{"rendered":"Minister Anu\u0161i\u0107: We continue to equip the Croatian Armed Forces in cooperation with the U.S."},"content":{"rendered":"<p>On 31 March 31 2025, Croatian Deputy Prime Minister and Minister of Defence Ivan Anu\u0161i\u0107, accompanied by Chief of the CAF General Staff Lieutenant General Tihomir Kundid, met with the U.S. Charg\u00e9 d\u2019Affaires in Croatia, Trey Lyons, at the U.S. Embassy in Zagreb.<\/p>\n<p>The discussions focused on ongoing joint projects to equip the Croatian Armed Forces in cooperation with the United States, as well as on global security challenges.<\/p>\n<p>&#8220;In partnership with our strategic ally, the United States, Croatia continues to modernize and equip its Armed Forces. This strengthens our military capabilities and reaffirms Croatia&#8217;s position as a modern, capable, and powerful armed force,&#8221; said Minister Anu\u0161i\u0107.<\/p>\n<p><strong>State Secretary Gali\u0107 receives the U.S. Legion of Merit Award<\/strong><\/p>\n<p>On this occasion, during a formal ceremony at the U.S. Embassy, State Secretary of the Ministry of Defence, Tomislav Gali\u0107, was awarded the prestigious Legion of Merit Award in recognition of his service as Croatia\u2019s Defence Attach\u00e9 to the United States.<\/p>\n<p>The Legion of Merit is a distinguished U.S. military decoration and the highest honour the U.S. Department of Defense can confer upon a foreign military officer, recognizing exceptional service, distinguished conduct, and outstanding achievements.<\/p>\n<p>The award was presented by U.S. Defence Attach\u00e9 to Croatia, Colonel Scott McLearn, who expressed gratitude to Secretary Gali\u0107 for his significant contribution to strengthening bilateral military cooperation between Croatia and the United States. &#8220;This award is a testament to your professionalism and your contribution to strengthening the cooperation between our armed forces,&#8221; Colonel McLearn said.<\/p>\n<p>Minister Anu\u0161i\u0107 also congratulated State Secretary Gali\u0107, noting that the award further confirms his exemplary service and professionalism, which contributes to enhancing the international reputation of the Croatian Armed Forces.<\/p>\n<p>In his remarks, State Secretary Gali\u0107 expressed his gratitude for the honour, calling it a great privilege. He also thanked all his colleagues who, during his four-year term as Defence Attach\u00e9 in the U.S., contributed to strengthening the alliance and partnership between the two countries.<\/p>\n<div class=\"morh-galleria\"><a href=\"https:\/\/live.staticflickr.com\/65535\/54422197533_d39e975519_h.jpg\" title=\"Ministar Anu\u0161i\u0107: Nastavljamo opremati HV u suradnji s SAD-om\"><img decoding=\"async\" data-title=\"Ministar Anu\u0161i\u0107: Nastavljamo opremati HV u suradnji s SAD-om\" data-description=\"Potpredsjednik Vlade Republike Hrvatske i ministar obrane Ivan Anu\u0161i\u0107 i na\u010delnik Glavnog sto\u017eera OSRH general-pukovnik Tihomir Kundid sastali su se danas, 31. o\u017eujka 2025. godine, u Veleposlanstvu Sjedinjenih Ameri\u010dkih Dr\u017eava u Zagrebu s privremenim otpravnikom poslova SAD-a u RH Treyem Lyonsom | Foto: MORH\/ F. Klen\" alt=\"Ministar Anu\u0161i\u0107: Nastavljamo opremati HV u suradnji s SAD-om\" src=\"https:\/\/live.staticflickr.com\/65535\/54422197533_d39e975519_h.jpg\" data-layer=\"&lt;div class=&#039;morh-gallery-image-download&#039;&gt;&lt;a href=&#039;https:\/\/live.staticflickr.com\/65535\/54422197533_dc2f6001dd_o.jpg&#039; target=&#039;_blank&#039;&gt;Slika za preuzimanje&lt;\/a&gt;&lt;\/div&gt;\" \/><\/a><a href=\"https:\/\/live.staticflickr.com\/65535\/54422197543_dcc8078678_h.jpg\" title=\"Ministar Anu\u0161i\u0107: Nastavljamo opremati HV u suradnji s SAD-om\"><img decoding=\"async\" data-title=\"Ministar Anu\u0161i\u0107: Nastavljamo opremati HV u suradnji s SAD-om\" data-description=\"Potpredsjednik Vlade Republike Hrvatske i ministar obrane Ivan Anu\u0161i\u0107 i na\u010delnik Glavnog sto\u017eera OSRH general-pukovnik Tihomir Kundid sastali su se danas, 31. o\u017eujka 2025. godine, u Veleposlanstvu Sjedinjenih Ameri\u010dkih Dr\u017eava u Zagrebu s privremenim otpravnikom poslova SAD-a u RH Treyem Lyonsom | Foto: MORH\/ F. Klen\" alt=\"Ministar Anu\u0161i\u0107: Nastavljamo opremati HV u suradnji s SAD-om\" src=\"https:\/\/live.staticflickr.com\/65535\/54422197543_dcc8078678_h.jpg\" data-layer=\"&lt;div class=&#039;morh-gallery-image-download&#039;&gt;&lt;a href=&#039;https:\/\/live.staticflickr.com\/65535\/54422197543_65550744b9_o.jpg&#039; target=&#039;_blank&#039;&gt;Slika za preuzimanje&lt;\/a&gt;&lt;\/div&gt;\" \/><\/a><a href=\"https:\/\/live.staticflickr.com\/65535\/54422143029_88582f7c56_h.jpg\" title=\"Ministar Anu\u0161i\u0107: Nastavljamo opremati HV u suradnji s SAD-om\"><img decoding=\"async\" data-title=\"Ministar Anu\u0161i\u0107: Nastavljamo opremati HV u suradnji s SAD-om\" data-description=\"Potpredsjednik Vlade Republike Hrvatske i ministar obrane Ivan Anu\u0161i\u0107 i na\u010delnik Glavnog sto\u017eera OSRH general-pukovnik Tihomir Kundid sastali su se danas, 31. o\u017eujka 2025. godine, u Veleposlanstvu Sjedinjenih Ameri\u010dkih Dr\u017eava u Zagrebu s privremenim otpravnikom poslova SAD-a u RH Treyem Lyonsom | Foto: MORH\/ F. Klen\" alt=\"Ministar Anu\u0161i\u0107: Nastavljamo opremati HV u suradnji s SAD-om\" src=\"https:\/\/live.staticflickr.com\/65535\/54422143029_88582f7c56_h.jpg\" data-layer=\"&lt;div class=&#039;morh-gallery-image-download&#039;&gt;&lt;a href=&#039;https:\/\/live.staticflickr.com\/65535\/54422143029_00ec2598a2_o.jpg&#039; target=&#039;_blank&#039;&gt;Slika za preuzimanje&lt;\/a&gt;&lt;\/div&gt;\" \/><\/a><a href=\"https:\/\/live.staticflickr.com\/65535\/54422142839_271754dec7_h.jpg\" title=\"Ministar Anu\u0161i\u0107: Nastavljamo opremati HV u suradnji s SAD-om\"><img decoding=\"async\" data-title=\"Ministar Anu\u0161i\u0107: Nastavljamo opremati HV u suradnji s SAD-om\" data-description=\"Potpredsjednik Vlade Republike Hrvatske i ministar obrane Ivan Anu\u0161i\u0107 i na\u010delnik Glavnog sto\u017eera OSRH general-pukovnik Tihomir Kundid sastali su se danas, 31. o\u017eujka 2025. godine, u Veleposlanstvu Sjedinjenih Ameri\u010dkih Dr\u017eava u Zagrebu s privremenim otpravnikom poslova SAD-a u RH Treyem Lyonsom | Foto: MORH\/ F. Klen\" alt=\"Ministar Anu\u0161i\u0107: Nastavljamo opremati HV u suradnji s SAD-om\" src=\"https:\/\/live.staticflickr.com\/65535\/54422142839_271754dec7_h.jpg\" data-layer=\"&lt;div class=&#039;morh-gallery-image-download&#039;&gt;&lt;a href=&#039;https:\/\/live.staticflickr.com\/65535\/54422142839_03131a31af_o.jpg&#039; target=&#039;_blank&#039;&gt;Slika za preuzimanje&lt;\/a&gt;&lt;\/div&gt;\" \/><\/a><a href=\"https:\/\/live.staticflickr.com\/65535\/54421096652_792f0065a9_h.jpg\" title=\"Ministar Anu\u0161i\u0107: Nastavljamo opremati HV u suradnji s SAD-om\"><img decoding=\"async\" data-title=\"Ministar Anu\u0161i\u0107: Nastavljamo opremati HV u suradnji s SAD-om\" data-description=\"Potpredsjednik Vlade Republike Hrvatske i ministar obrane Ivan Anu\u0161i\u0107 i na\u010delnik Glavnog sto\u017eera OSRH general-pukovnik Tihomir Kundid sastali su se danas, 31. o\u017eujka 2025. godine, u Veleposlanstvu Sjedinjenih Ameri\u010dkih Dr\u017eava u Zagrebu s privremenim otpravnikom poslova SAD-a u RH Treyem Lyonsom | Foto: MORH\/ F. Klen\" alt=\"Ministar Anu\u0161i\u0107: Nastavljamo opremati HV u suradnji s SAD-om\" src=\"https:\/\/live.staticflickr.com\/65535\/54421096652_792f0065a9_h.jpg\" data-layer=\"&lt;div class=&#039;morh-gallery-image-download&#039;&gt;&lt;a href=&#039;https:\/\/live.staticflickr.com\/65535\/54421096652_a5a00e19c5_o.jpg&#039; target=&#039;_blank&#039;&gt;Slika za preuzimanje&lt;\/a&gt;&lt;\/div&gt;\" \/><\/a><a href=\"https:\/\/live.staticflickr.com\/65535\/54421096662_9a1fafe221_h.jpg\" title=\"Ministar Anu\u0161i\u0107: Nastavljamo opremati HV u suradnji s SAD-om\"><img decoding=\"async\" data-title=\"Ministar Anu\u0161i\u0107: Nastavljamo opremati HV u suradnji s SAD-om\" data-description=\"Potpredsjednik Vlade Republike Hrvatske i ministar obrane Ivan Anu\u0161i\u0107 i na\u010delnik Glavnog sto\u017eera OSRH general-pukovnik Tihomir Kundid sastali su se danas, 31. o\u017eujka 2025. godine, u Veleposlanstvu Sjedinjenih Ameri\u010dkih Dr\u017eava u Zagrebu s privremenim otpravnikom poslova SAD-a u RH Treyem Lyonsom | Foto: MORH\/ F. Klen\" alt=\"Ministar Anu\u0161i\u0107: Nastavljamo opremati HV u suradnji s SAD-om\" src=\"https:\/\/live.staticflickr.com\/65535\/54421096662_9a1fafe221_h.jpg\" data-layer=\"&lt;div class=&#039;morh-gallery-image-download&#039;&gt;&lt;a href=&#039;https:\/\/live.staticflickr.com\/65535\/54421096662_ecaf8e5600_o.jpg&#039; target=&#039;_blank&#039;&gt;Slika za preuzimanje&lt;\/a&gt;&lt;\/div&gt;\" \/><\/a><a href=\"https:\/\/live.staticflickr.com\/65535\/54422143044_b247119116_h.jpg\" title=\"Ministar Anu\u0161i\u0107: Nastavljamo opremati HV u suradnji s SAD-om\"><img decoding=\"async\" data-title=\"Ministar Anu\u0161i\u0107: Nastavljamo opremati HV u suradnji s SAD-om\" data-description=\"Potpredsjednik Vlade Republike Hrvatske i ministar obrane Ivan Anu\u0161i\u0107 i na\u010delnik Glavnog sto\u017eera OSRH general-pukovnik Tihomir Kundid sastali su se danas, 31. o\u017eujka 2025. godine, u Veleposlanstvu Sjedinjenih Ameri\u010dkih Dr\u017eava u Zagrebu s privremenim otpravnikom poslova SAD-a u RH Treyem Lyonsom | Foto: MORH\/ F. Klen\" alt=\"Ministar Anu\u0161i\u0107: Nastavljamo opremati HV u suradnji s SAD-om\" src=\"https:\/\/live.staticflickr.com\/65535\/54422143044_b247119116_h.jpg\" data-layer=\"&lt;div class=&#039;morh-gallery-image-download&#039;&gt;&lt;a href=&#039;https:\/\/live.staticflickr.com\/65535\/54422143044_785a221430_o.jpg&#039; target=&#039;_blank&#039;&gt;Slika za preuzimanje&lt;\/a&gt;&lt;\/div&gt;\" \/><\/a><a href=\"https:\/\/live.staticflickr.com\/65535\/54422197303_ad83f669b9_h.jpg\" title=\"Ministar Anu\u0161i\u0107: Nastavljamo opremati HV u suradnji s SAD-om\"><img decoding=\"async\" data-title=\"Ministar Anu\u0161i\u0107: Nastavljamo opremati HV u suradnji s SAD-om\" data-description=\"Potpredsjednik Vlade Republike Hrvatske i ministar obrane Ivan Anu\u0161i\u0107 i na\u010delnik Glavnog sto\u017eera OSRH general-pukovnik Tihomir Kundid sastali su se danas, 31. o\u017eujka 2025. godine, u Veleposlanstvu Sjedinjenih Ameri\u010dkih Dr\u017eava u Zagrebu s privremenim otpravnikom poslova SAD-a u RH Treyem Lyonsom | Foto: MORH\/ F. Klen\" alt=\"Ministar Anu\u0161i\u0107: Nastavljamo opremati HV u suradnji s SAD-om\" src=\"https:\/\/live.staticflickr.com\/65535\/54422197303_ad83f669b9_h.jpg\" data-layer=\"&lt;div class=&#039;morh-gallery-image-download&#039;&gt;&lt;a href=&#039;https:\/\/live.staticflickr.com\/65535\/54422197303_124f2df302_o.jpg&#039; target=&#039;_blank&#039;&gt;Slika za preuzimanje&lt;\/a&gt;&lt;\/div&gt;\" \/><\/a><\/div><!--\/.morh-galleria -->\n","protected":false},"excerpt":{"rendered":"<p>Minister Anu\u0161i\u0107 meets with U.S. Charg\u00e9 d\u2019Affaires Trey Lyons; State Secretary Gali\u0107 receives the Legion of Merit Award<\/p>\n","protected":false},"author":3,"featured_media":254603,"comment_status":"closed","ping_status":"closed","sticky":false,"template":"","format":"standard","meta":{"_acf_changed":false,"_monsterinsights_skip_tracking":false,"_monsterinsights_sitenote_active":false,"_monsterinsights_sitenote_note":"","_monsterinsights_sitenote_category":0,"footnotes":""},"categories":[117],"tags":[],"class_list":["post-254602","post","type-post","status-publish","format-standard","has-post-thumbnail","hentry","category-press-releases"],"acf":[],"yoast_head":"<!-- This site is optimized with the Yoast SEO plugin v26.9 - https:\/\/yoast.com\/product\/yoast-seo-wordpress\/ -->\n<title>Minister Anu\u0161i\u0107: We continue to equip the Croatian Armed Forces in cooperation with the U.S. - MORH<\/title>\n<meta name=\"description\" content=\"Minister Anu\u0161i\u0107 meets with U.S. Charg\u00e9 d\u2019Affaires Trey Lyons; State Secretary Gali\u0107 receives the Legion of Merit Award\" \/>\n<meta name=\"robots\" content=\"index, follow, max-snippet:-1, max-image-preview:large, max-video-preview:-1\" \/>\n<link rel=\"canonical\" href=\"https:\/\/www.morh.hr\/en\/minister-anusic-we-continue-to-equip-the-croatian-armed-forces-in-cooperation-with-the-u-s\/\" \/>\n<meta property=\"og:locale\" content=\"en_US\" \/>\n<meta property=\"og:type\" content=\"article\" \/>\n<meta property=\"og:title\" content=\"Minister Anu\u0161i\u0107: We continue to equip the Croatian Armed Forces in cooperation with the U.S. - MORH\" \/>\n<meta property=\"og:description\" content=\"Minister Anu\u0161i\u0107 meets with U.S. Charg\u00e9 d\u2019Affaires Trey Lyons; State Secretary Gali\u0107 receives the Legion of Merit Award\" \/>\n<meta property=\"og:url\" content=\"https:\/\/www.morh.hr\/en\/minister-anusic-we-continue-to-equip-the-croatian-armed-forces-in-cooperation-with-the-u-s\/\" \/>\n<meta property=\"og:site_name\" content=\"MORH\" \/>\n<meta property=\"article:publisher\" content=\"https:\/\/www.facebook.com\/sportasiuhrvatskojvojsci\/\" \/>\n<meta property=\"article:published_time\" content=\"2025-03-31T09:37:51+00:00\" \/>\n<meta property=\"article:modified_time\" content=\"2025-11-26T14:07:04+00:00\" \/>\n<meta property=\"og:image\" content=\"https:\/\/www.morh.hr\/wp-content\/uploads\/2025\/05\/2025-03-31-americka-ambasada-en.jpg\" \/>\n\t<meta property=\"og:image:width\" content=\"2400\" \/>\n\t<meta property=\"og:image:height\" content=\"1597\" \/>\n\t<meta property=\"og:image:type\" content=\"image\/jpeg\" \/>\n<meta name=\"author\" content=\"Drazen\" \/>\n<meta name=\"twitter:card\" content=\"summary_large_image\" \/>\n<meta name=\"twitter:creator\" content=\"@morh_osrh\" \/>\n<meta name=\"twitter:site\" content=\"@morh_osrh\" \/>\n<meta name=\"twitter:label1\" content=\"Written by\" \/>\n\t<meta name=\"twitter:data1\" content=\"Drazen\" \/>\n\t<meta name=\"twitter:label2\" content=\"Est. reading time\" \/>\n\t<meta name=\"twitter:data2\" content=\"2 minutes\" \/>\n<script type=\"application\/ld+json\" class=\"yoast-schema-graph\">{\"@context\":\"https:\/\/schema.org\",\"@graph\":[{\"@type\":\"Article\",\"@id\":\"https:\/\/www.morh.hr\/en\/minister-anusic-we-continue-to-equip-the-croatian-armed-forces-in-cooperation-with-the-u-s\/#article\",\"isPartOf\":{\"@id\":\"https:\/\/www.morh.hr\/en\/minister-anusic-we-continue-to-equip-the-croatian-armed-forces-in-cooperation-with-the-u-s\/\"},\"author\":{\"name\":\"Drazen\",\"@id\":\"https:\/\/www.morh.hr\/en\/#\/schema\/person\/2d72e03399043d9513ab6bec75f2ce27\"},\"headline\":\"Minister Anu\u0161i\u0107: We continue to equip the Croatian Armed Forces in cooperation with the U.S.\",\"datePublished\":\"2025-03-31T09:37:51+00:00\",\"dateModified\":\"2025-11-26T14:07:04+00:00\",\"mainEntityOfPage\":{\"@id\":\"https:\/\/www.morh.hr\/en\/minister-anusic-we-continue-to-equip-the-croatian-armed-forces-in-cooperation-with-the-u-s\/\"},\"wordCount\":357,\"image\":{\"@id\":\"https:\/\/www.morh.hr\/en\/minister-anusic-we-continue-to-equip-the-croatian-armed-forces-in-cooperation-with-the-u-s\/#primaryimage\"},\"thumbnailUrl\":\"https:\/\/www.morh.hr\/wp-content\/uploads\/2025\/05\/2025-03-31-americka-ambasada-en.jpg\",\"articleSection\":[\"Press releases\"],\"inLanguage\":\"en-US\"},{\"@type\":\"WebPage\",\"@id\":\"https:\/\/www.morh.hr\/en\/minister-anusic-we-continue-to-equip-the-croatian-armed-forces-in-cooperation-with-the-u-s\/\",\"url\":\"https:\/\/www.morh.hr\/en\/minister-anusic-we-continue-to-equip-the-croatian-armed-forces-in-cooperation-with-the-u-s\/\",\"name\":\"Minister Anu\u0161i\u0107: We continue to equip the Croatian Armed Forces in cooperation with the U.S. - MORH\",\"isPartOf\":{\"@id\":\"https:\/\/www.morh.hr\/en\/#website\"},\"primaryImageOfPage\":{\"@id\":\"https:\/\/www.morh.hr\/en\/minister-anusic-we-continue-to-equip-the-croatian-armed-forces-in-cooperation-with-the-u-s\/#primaryimage\"},\"image\":{\"@id\":\"https:\/\/www.morh.hr\/en\/minister-anusic-we-continue-to-equip-the-croatian-armed-forces-in-cooperation-with-the-u-s\/#primaryimage\"},\"thumbnailUrl\":\"https:\/\/www.morh.hr\/wp-content\/uploads\/2025\/05\/2025-03-31-americka-ambasada-en.jpg\",\"datePublished\":\"2025-03-31T09:37:51+00:00\",\"dateModified\":\"2025-11-26T14:07:04+00:00\",\"author\":{\"@id\":\"https:\/\/www.morh.hr\/en\/#\/schema\/person\/2d72e03399043d9513ab6bec75f2ce27\"},\"description\":\"Minister Anu\u0161i\u0107 meets with U.S. Charg\u00e9 d\u2019Affaires Trey Lyons; State Secretary Gali\u0107 receives the Legion of Merit Award\",\"breadcrumb\":{\"@id\":\"https:\/\/www.morh.hr\/en\/minister-anusic-we-continue-to-equip-the-croatian-armed-forces-in-cooperation-with-the-u-s\/#breadcrumb\"},\"inLanguage\":\"en-US\",\"potentialAction\":[{\"@type\":\"ReadAction\",\"target\":[\"https:\/\/www.morh.hr\/en\/minister-anusic-we-continue-to-equip-the-croatian-armed-forces-in-cooperation-with-the-u-s\/\"]}]},{\"@type\":\"ImageObject\",\"inLanguage\":\"en-US\",\"@id\":\"https:\/\/www.morh.hr\/en\/minister-anusic-we-continue-to-equip-the-croatian-armed-forces-in-cooperation-with-the-u-s\/#primaryimage\",\"url\":\"https:\/\/www.morh.hr\/wp-content\/uploads\/2025\/05\/2025-03-31-americka-ambasada-en.jpg\",\"contentUrl\":\"https:\/\/www.morh.hr\/wp-content\/uploads\/2025\/05\/2025-03-31-americka-ambasada-en.jpg\",\"width\":2400,\"height\":1597,\"caption\":\"Minister Anu\u0161i\u0107: We continue to equip the Croatian Armed Forces in cooperation with the U.S. | Photo: MOD\/ F. Klen\"},{\"@type\":\"BreadcrumbList\",\"@id\":\"https:\/\/www.morh.hr\/en\/minister-anusic-we-continue-to-equip-the-croatian-armed-forces-in-cooperation-with-the-u-s\/#breadcrumb\",\"itemListElement\":[{\"@type\":\"ListItem\",\"position\":1,\"name\":\"Naslovnica\",\"item\":\"https:\/\/www.morh.hr\/en\/\"},{\"@type\":\"ListItem\",\"position\":2,\"name\":\"News\",\"item\":\"https:\/\/www.morh.hr\/en\/kategorija\/news\/\"},{\"@type\":\"ListItem\",\"position\":3,\"name\":\"Press releases\",\"item\":\"https:\/\/www.morh.hr\/en\/kategorija\/news\/press-releases\/\"},{\"@type\":\"ListItem\",\"position\":4,\"name\":\"Minister Anu\u0161i\u0107: We continue to equip the Croatian Armed Forces in cooperation with the U.S.\"}]},{\"@type\":\"WebSite\",\"@id\":\"https:\/\/www.morh.hr\/en\/#website\",\"url\":\"https:\/\/www.morh.hr\/en\/\",\"name\":\"MORH\",\"description\":\"Ministarstvo obrane Republike Hrvatske - slu\u017ebene stranice\",\"potentialAction\":[{\"@type\":\"SearchAction\",\"target\":{\"@type\":\"EntryPoint\",\"urlTemplate\":\"https:\/\/www.morh.hr\/en\/?s={search_term_string}\"},\"query-input\":{\"@type\":\"PropertyValueSpecification\",\"valueRequired\":true,\"valueName\":\"search_term_string\"}}],\"inLanguage\":\"en-US\"},{\"@type\":\"Person\",\"@id\":\"https:\/\/www.morh.hr\/en\/#\/schema\/person\/2d72e03399043d9513ab6bec75f2ce27\",\"name\":\"Drazen\",\"image\":{\"@type\":\"ImageObject\",\"inLanguage\":\"en-US\",\"@id\":\"https:\/\/www.morh.hr\/en\/#\/schema\/person\/image\/\",\"url\":\"https:\/\/secure.gravatar.com\/avatar\/e36ef7e573425ae72988c73df868c1e87a656b0e005ca4fd7d30d2ba7e49c9cf?s=96&d=mm&r=g\",\"contentUrl\":\"https:\/\/secure.gravatar.com\/avatar\/e36ef7e573425ae72988c73df868c1e87a656b0e005ca4fd7d30d2ba7e49c9cf?s=96&d=mm&r=g\",\"caption\":\"Drazen\"}}]}<\/script>\n<!-- \/ Yoast SEO plugin. -->","yoast_head_json":{"title":"Minister Anu\u0161i\u0107: We continue to equip the Croatian Armed Forces in cooperation with the U.S. - MORH","description":"Minister Anu\u0161i\u0107 meets with U.S. Charg\u00e9 d\u2019Affaires Trey Lyons; State Secretary Gali\u0107 receives the Legion of Merit Award","robots":{"index":"index","follow":"follow","max-snippet":"max-snippet:-1","max-image-preview":"max-image-preview:large","max-video-preview":"max-video-preview:-1"},"canonical":"https:\/\/www.morh.hr\/en\/minister-anusic-we-continue-to-equip-the-croatian-armed-forces-in-cooperation-with-the-u-s\/","og_locale":"en_US","og_type":"article","og_title":"Minister Anu\u0161i\u0107: We continue to equip the Croatian Armed Forces in cooperation with the U.S. - MORH","og_description":"Minister Anu\u0161i\u0107 meets with U.S. Charg\u00e9 d\u2019Affaires Trey Lyons; State Secretary Gali\u0107 receives the Legion of Merit Award","og_url":"https:\/\/www.morh.hr\/en\/minister-anusic-we-continue-to-equip-the-croatian-armed-forces-in-cooperation-with-the-u-s\/","og_site_name":"MORH","article_publisher":"https:\/\/www.facebook.com\/sportasiuhrvatskojvojsci\/","article_published_time":"2025-03-31T09:37:51+00:00","article_modified_time":"2025-11-26T14:07:04+00:00","og_image":[{"width":2400,"height":1597,"url":"https:\/\/www.morh.hr\/wp-content\/uploads\/2025\/05\/2025-03-31-americka-ambasada-en.jpg","type":"image\/jpeg"}],"author":"Drazen","twitter_card":"summary_large_image","twitter_creator":"@morh_osrh","twitter_site":"@morh_osrh","twitter_misc":{"Written by":"Drazen","Est. reading time":"2 minutes"},"schema":{"@context":"https:\/\/schema.org","@graph":[{"@type":"Article","@id":"https:\/\/www.morh.hr\/en\/minister-anusic-we-continue-to-equip-the-croatian-armed-forces-in-cooperation-with-the-u-s\/#article","isPartOf":{"@id":"https:\/\/www.morh.hr\/en\/minister-anusic-we-continue-to-equip-the-croatian-armed-forces-in-cooperation-with-the-u-s\/"},"author":{"name":"Drazen","@id":"https:\/\/www.morh.hr\/en\/#\/schema\/person\/2d72e03399043d9513ab6bec75f2ce27"},"headline":"Minister Anu\u0161i\u0107: We continue to equip the Croatian Armed Forces in cooperation with the U.S.","datePublished":"2025-03-31T09:37:51+00:00","dateModified":"2025-11-26T14:07:04+00:00","mainEntityOfPage":{"@id":"https:\/\/www.morh.hr\/en\/minister-anusic-we-continue-to-equip-the-croatian-armed-forces-in-cooperation-with-the-u-s\/"},"wordCount":357,"image":{"@id":"https:\/\/www.morh.hr\/en\/minister-anusic-we-continue-to-equip-the-croatian-armed-forces-in-cooperation-with-the-u-s\/#primaryimage"},"thumbnailUrl":"https:\/\/www.morh.hr\/wp-content\/uploads\/2025\/05\/2025-03-31-americka-ambasada-en.jpg","articleSection":["Press releases"],"inLanguage":"en-US"},{"@type":"WebPage","@id":"https:\/\/www.morh.hr\/en\/minister-anusic-we-continue-to-equip-the-croatian-armed-forces-in-cooperation-with-the-u-s\/","url":"https:\/\/www.morh.hr\/en\/minister-anusic-we-continue-to-equip-the-croatian-armed-forces-in-cooperation-with-the-u-s\/","name":"Minister Anu\u0161i\u0107: We continue to equip the Croatian Armed Forces in cooperation with the U.S. - MORH","isPartOf":{"@id":"https:\/\/www.morh.hr\/en\/#website"},"primaryImageOfPage":{"@id":"https:\/\/www.morh.hr\/en\/minister-anusic-we-continue-to-equip-the-croatian-armed-forces-in-cooperation-with-the-u-s\/#primaryimage"},"image":{"@id":"https:\/\/www.morh.hr\/en\/minister-anusic-we-continue-to-equip-the-croatian-armed-forces-in-cooperation-with-the-u-s\/#primaryimage"},"thumbnailUrl":"https:\/\/www.morh.hr\/wp-content\/uploads\/2025\/05\/2025-03-31-americka-ambasada-en.jpg","datePublished":"2025-03-31T09:37:51+00:00","dateModified":"2025-11-26T14:07:04+00:00","author":{"@id":"https:\/\/www.morh.hr\/en\/#\/schema\/person\/2d72e03399043d9513ab6bec75f2ce27"},"description":"Minister Anu\u0161i\u0107 meets with U.S. Charg\u00e9 d\u2019Affaires Trey Lyons; State Secretary Gali\u0107 receives the Legion of Merit Award","breadcrumb":{"@id":"https:\/\/www.morh.hr\/en\/minister-anusic-we-continue-to-equip-the-croatian-armed-forces-in-cooperation-with-the-u-s\/#breadcrumb"},"inLanguage":"en-US","potentialAction":[{"@type":"ReadAction","target":["https:\/\/www.morh.hr\/en\/minister-anusic-we-continue-to-equip-the-croatian-armed-forces-in-cooperation-with-the-u-s\/"]}]},{"@type":"ImageObject","inLanguage":"en-US","@id":"https:\/\/www.morh.hr\/en\/minister-anusic-we-continue-to-equip-the-croatian-armed-forces-in-cooperation-with-the-u-s\/#primaryimage","url":"https:\/\/www.morh.hr\/wp-content\/uploads\/2025\/05\/2025-03-31-americka-ambasada-en.jpg","contentUrl":"https:\/\/www.morh.hr\/wp-content\/uploads\/2025\/05\/2025-03-31-americka-ambasada-en.jpg","width":2400,"height":1597,"caption":"Minister Anu\u0161i\u0107: We continue to equip the Croatian Armed Forces in cooperation with the U.S. | Photo: MOD\/ F. Klen"},{"@type":"BreadcrumbList","@id":"https:\/\/www.morh.hr\/en\/minister-anusic-we-continue-to-equip-the-croatian-armed-forces-in-cooperation-with-the-u-s\/#breadcrumb","itemListElement":[{"@type":"ListItem","position":1,"name":"Naslovnica","item":"https:\/\/www.morh.hr\/en\/"},{"@type":"ListItem","position":2,"name":"News","item":"https:\/\/www.morh.hr\/en\/kategorija\/news\/"},{"@type":"ListItem","position":3,"name":"Press releases","item":"https:\/\/www.morh.hr\/en\/kategorija\/news\/press-releases\/"},{"@type":"ListItem","position":4,"name":"Minister Anu\u0161i\u0107: We continue to equip the Croatian Armed Forces in cooperation with the U.S."}]},{"@type":"WebSite","@id":"https:\/\/www.morh.hr\/en\/#website","url":"https:\/\/www.morh.hr\/en\/","name":"MORH","description":"Ministarstvo obrane Republike Hrvatske - slu\u017ebene stranice","potentialAction":[{"@type":"SearchAction","target":{"@type":"EntryPoint","urlTemplate":"https:\/\/www.morh.hr\/en\/?s={search_term_string}"},"query-input":{"@type":"PropertyValueSpecification","valueRequired":true,"valueName":"search_term_string"}}],"inLanguage":"en-US"},{"@type":"Person","@id":"https:\/\/www.morh.hr\/en\/#\/schema\/person\/2d72e03399043d9513ab6bec75f2ce27","name":"Drazen","image":{"@type":"ImageObject","inLanguage":"en-US","@id":"https:\/\/www.morh.hr\/en\/#\/schema\/person\/image\/","url":"https:\/\/secure.gravatar.com\/avatar\/e36ef7e573425ae72988c73df868c1e87a656b0e005ca4fd7d30d2ba7e49c9cf?s=96&d=mm&r=g","contentUrl":"https:\/\/secure.gravatar.com\/avatar\/e36ef7e573425ae72988c73df868c1e87a656b0e005ca4fd7d30d2ba7e49c9cf?s=96&d=mm&r=g","caption":"Drazen"}}]}},"_links":{"self":[{"href":"https:\/\/www.morh.hr\/en\/wp-json\/wp\/v2\/posts\/254602","targetHints":{"allow":["GET"]}}],"collection":[{"href":"https:\/\/www.morh.hr\/en\/wp-json\/wp\/v2\/posts"}],"about":[{"href":"https:\/\/www.morh.hr\/en\/wp-json\/wp\/v2\/types\/post"}],"author":[{"embeddable":true,"href":"https:\/\/www.morh.hr\/en\/wp-json\/wp\/v2\/users\/3"}],"replies":[{"embeddable":true,"href":"https:\/\/www.morh.hr\/en\/wp-json\/wp\/v2\/comments?post=254602"}],"version-history":[{"count":1,"href":"https:\/\/www.morh.hr\/en\/wp-json\/wp\/v2\/posts\/254602\/revisions"}],"predecessor-version":[{"id":263839,"href":"https:\/\/www.morh.hr\/en\/wp-json\/wp\/v2\/posts\/254602\/revisions\/263839"}],"wp:featuredmedia":[{"embeddable":true,"href":"https:\/\/www.morh.hr\/en\/wp-json\/wp\/v2\/media\/254603"}],"wp:attachment":[{"href":"https:\/\/www.morh.hr\/en\/wp-json\/wp\/v2\/media?parent=254602"}],"wp:term":[{"taxonomy":"category","embeddable":true,"href":"https:\/\/www.morh.hr\/en\/wp-json\/wp\/v2\/categories?post=254602"},{"taxonomy":"post_tag","embeddable":true,"href":"https:\/\/www.morh.hr\/en\/wp-json\/wp\/v2\/tags?post=254602"}],"curies":[{"name":"wp","href":"https:\/\/api.w.org\/{rel}","templated":true}]}}