{"id":254606,"date":"2025-04-01T11:41:14","date_gmt":"2025-04-01T09:41:14","guid":{"rendered":"https:\/\/www.morh.hr\/?p=254606"},"modified":"2025-11-26T15:06:51","modified_gmt":"2025-11-26T14:06:51","slug":"the-katarina-zrinska-foreign-language-centre-marks-30th-anniversary","status":"publish","type":"post","link":"https:\/\/www.morh.hr\/en\/the-katarina-zrinska-foreign-language-centre-marks-30th-anniversary\/","title":{"rendered":"The Katarina Zrinska Foreign Language Centre marks 30th anniversary"},"content":{"rendered":"<p>On 31 March 2025, the Katarina Zrinska Foreign Language Centre marked its 30 anniversary at the Dr. Franjo Tu\u0111man Croatian Defence Academy.<\/p>\n<p>During the ceremony, the Commandant of the Dr. Franjo Tu\u0111man Croatian Defence Academy, Brigadier General Slaven Zdilar, and the Director of the Katarina Zrinska Foreign Language Centre, Irena Prpi\u0107 \u0110uri\u0107, presented awards and commendations to the Centre\u2019s staff and certificates of appreciation to external associates.<\/p>\n<p>General Zdilar expressed his gratitude to all current and former staff members of the Foreign Language Centre, emphasizing its importance to the Croatian Armed Forces as a whole: &#8220;Over the past three decades, the Centre has become an integral part of the training system within the Croatian Armed Forces. In times of rapid changes, new security challenges, and increasing international cooperation, knowledge of foreign languages is a key factor in successful communication, operational effectiveness, and the professional development of our members.&#8221;<br \/>\nIn her speech, Director Prpi\u0107 \u0110uri\u0107 reflected on the main tasks, goals, and achievements the Centre has accomplished over its 30 years of existence, highlighting: &#8220;When we talk about languages, we are not just talking about words and grammar. We are talking about connecting people, understanding, bridging borders, and creating new opportunities.&#8221;<\/p>\n<p>The Katarina Zrinska Foreign Language Centre was established as the Foreign Language School by the decision of the Defence Minister on 14 March 1995. Its mission was to organize and conduct intensive foreign language courses and specialized English language courses for members of the Croatian Armed Forces and the Ministry of Defence. Classes began in September 1995 in Zagreb, with the first students being the Defence Diplomacy Course participants. The first intensive foreign language courses were held in the spring of 1996 simultaneously in Zagreb and Split, while classes in Osijek began in January 1997. At that time, English, German, and French were taught, and Italian was introduced in 1998. Today, the Katarina Zrinska Foreign Language Centre is a modern and flexible institution, ready to meet the needs of the security and defence community.<\/p>\n<div class=\"morh-galleria\"><a href=\"https:\/\/live.staticflickr.com\/65535\/54422910252_eb24ea2f4c_h.jpg\" title=\"Na HVU obilje\u017eena 30. obljetnica Sredi\u0161ta za strane jezike 'Katarina Zrinska'\"><img decoding=\"async\" data-title=\"Na HVU obilje\u017eena 30. obljetnica Sredi\u0161ta za strane jezike 'Katarina Zrinska'\" data-description=\"Na Hrvatskom vojnom u\u010dili\u0161tu 'Dr. Franjo Tu\u0111man' u ponedjeljak 31. o\u017eujka 2025. godine, sve\u010dano je obilje\u017eena 30. obljetnica Sredi\u0161ta za strane jezike 'Katarina Zrinska' | Foto: HVU\/ S. \u0160pani\u0107\" alt=\"Na HVU obilje\u017eena 30. obljetnica Sredi\u0161ta za strane jezike 'Katarina Zrinska'\" src=\"https:\/\/live.staticflickr.com\/65535\/54422910252_eb24ea2f4c_h.jpg\" data-layer=\"&lt;div class=&#039;morh-gallery-image-download&#039;&gt;&lt;a href=&#039;https:\/\/live.staticflickr.com\/65535\/54422910252_988f517cfa_o.jpg&#039; target=&#039;_blank&#039;&gt;Slika za preuzimanje&lt;\/a&gt;&lt;\/div&gt;\" \/><\/a><a href=\"https:\/\/live.staticflickr.com\/65535\/54423964009_f1792b6daf_h.jpg\" title=\"Na HVU obilje\u017eena 30. obljetnica Sredi\u0161ta za strane jezike 'Katarina Zrinska'\"><img decoding=\"async\" data-title=\"Na HVU obilje\u017eena 30. obljetnica Sredi\u0161ta za strane jezike 'Katarina Zrinska'\" data-description=\"Na Hrvatskom vojnom u\u010dili\u0161tu 'Dr. Franjo Tu\u0111man' u ponedjeljak 31. o\u017eujka 2025. godine, sve\u010dano je obilje\u017eena 30. obljetnica Sredi\u0161ta za strane jezike 'Katarina Zrinska' | Foto: HVU\/ S. \u0160pani\u0107\" alt=\"Na HVU obilje\u017eena 30. obljetnica Sredi\u0161ta za strane jezike 'Katarina Zrinska'\" src=\"https:\/\/live.staticflickr.com\/65535\/54423964009_f1792b6daf_h.jpg\" data-layer=\"&lt;div class=&#039;morh-gallery-image-download&#039;&gt;&lt;a href=&#039;https:\/\/live.staticflickr.com\/65535\/54423964009_8de604bae4_o.jpg&#039; target=&#039;_blank&#039;&gt;Slika za preuzimanje&lt;\/a&gt;&lt;\/div&gt;\" \/><\/a><a href=\"https:\/\/live.staticflickr.com\/65535\/54423761671_01b7c307cd_h.jpg\" title=\"Na HVU obilje\u017eena 30. obljetnica Sredi\u0161ta za strane jezike 'Katarina Zrinska'\"><img decoding=\"async\" data-title=\"Na HVU obilje\u017eena 30. obljetnica Sredi\u0161ta za strane jezike 'Katarina Zrinska'\" data-description=\"Na Hrvatskom vojnom u\u010dili\u0161tu 'Dr. Franjo Tu\u0111man' u ponedjeljak 31. o\u017eujka 2025. godine, sve\u010dano je obilje\u017eena 30. obljetnica Sredi\u0161ta za strane jezike 'Katarina Zrinska' | Foto: HVU\/ S. \u0160pani\u0107\" alt=\"Na HVU obilje\u017eena 30. obljetnica Sredi\u0161ta za strane jezike 'Katarina Zrinska'\" src=\"https:\/\/live.staticflickr.com\/65535\/54423761671_01b7c307cd_h.jpg\" data-layer=\"&lt;div class=&#039;morh-gallery-image-download&#039;&gt;&lt;a href=&#039;https:\/\/live.staticflickr.com\/65535\/54423761671_388cd36bf8_o.jpg&#039; target=&#039;_blank&#039;&gt;Slika za preuzimanje&lt;\/a&gt;&lt;\/div&gt;\" \/><\/a><a href=\"https:\/\/live.staticflickr.com\/65535\/54422910227_7c0a02114c_h.jpg\" title=\"Na HVU obilje\u017eena 30. obljetnica Sredi\u0161ta za strane jezike 'Katarina Zrinska'\"><img decoding=\"async\" data-title=\"Na HVU obilje\u017eena 30. obljetnica Sredi\u0161ta za strane jezike 'Katarina Zrinska'\" data-description=\"Na Hrvatskom vojnom u\u010dili\u0161tu 'Dr. Franjo Tu\u0111man' u ponedjeljak 31. o\u017eujka 2025. godine, sve\u010dano je obilje\u017eena 30. obljetnica Sredi\u0161ta za strane jezike 'Katarina Zrinska' | Foto: HVU\/ S. \u0160pani\u0107\" alt=\"Na HVU obilje\u017eena 30. obljetnica Sredi\u0161ta za strane jezike 'Katarina Zrinska'\" src=\"https:\/\/live.staticflickr.com\/65535\/54422910227_7c0a02114c_h.jpg\" data-layer=\"&lt;div class=&#039;morh-gallery-image-download&#039;&gt;&lt;a href=&#039;https:\/\/live.staticflickr.com\/65535\/54422910227_0da303c761_o.jpg&#039; target=&#039;_blank&#039;&gt;Slika za preuzimanje&lt;\/a&gt;&lt;\/div&gt;\" \/><\/a><a href=\"https:\/\/live.staticflickr.com\/65535\/54422910222_3f5147b1a9_h.jpg\" title=\"Na HVU obilje\u017eena 30. obljetnica Sredi\u0161ta za strane jezike 'Katarina Zrinska'\"><img decoding=\"async\" data-title=\"Na HVU obilje\u017eena 30. obljetnica Sredi\u0161ta za strane jezike 'Katarina Zrinska'\" data-description=\"Na Hrvatskom vojnom u\u010dili\u0161tu 'Dr. Franjo Tu\u0111man' u ponedjeljak 31. o\u017eujka 2025. godine, sve\u010dano je obilje\u017eena 30. obljetnica Sredi\u0161ta za strane jezike 'Katarina Zrinska' | Foto: HVU\/ S. \u0160pani\u0107\" alt=\"Na HVU obilje\u017eena 30. obljetnica Sredi\u0161ta za strane jezike 'Katarina Zrinska'\" src=\"https:\/\/live.staticflickr.com\/65535\/54422910222_3f5147b1a9_h.jpg\" data-layer=\"&lt;div class=&#039;morh-gallery-image-download&#039;&gt;&lt;a href=&#039;https:\/\/live.staticflickr.com\/65535\/54422910222_b6d3be460a_o.jpg&#039; target=&#039;_blank&#039;&gt;Slika za preuzimanje&lt;\/a&gt;&lt;\/div&gt;\" \/><\/a><a href=\"https:\/\/live.staticflickr.com\/65535\/54424015233_92b5d7d6f8_h.jpg\" title=\"Na HVU obilje\u017eena 30. obljetnica Sredi\u0161ta za strane jezike 'Katarina Zrinska'\"><img decoding=\"async\" data-title=\"Na HVU obilje\u017eena 30. obljetnica Sredi\u0161ta za strane jezike 'Katarina Zrinska'\" data-description=\"Na Hrvatskom vojnom u\u010dili\u0161tu 'Dr. Franjo Tu\u0111man' u ponedjeljak 31. o\u017eujka 2025. godine, sve\u010dano je obilje\u017eena 30. obljetnica Sredi\u0161ta za strane jezike 'Katarina Zrinska' | Foto: HVU\/ S. \u0160pani\u0107\" alt=\"Na HVU obilje\u017eena 30. obljetnica Sredi\u0161ta za strane jezike 'Katarina Zrinska'\" src=\"https:\/\/live.staticflickr.com\/65535\/54424015233_92b5d7d6f8_h.jpg\" data-layer=\"&lt;div class=&#039;morh-gallery-image-download&#039;&gt;&lt;a href=&#039;https:\/\/live.staticflickr.com\/65535\/54424015233_723f2a63d6_o.jpg&#039; target=&#039;_blank&#039;&gt;Slika za preuzimanje&lt;\/a&gt;&lt;\/div&gt;\" \/><\/a><a href=\"https:\/\/live.staticflickr.com\/65535\/54422910197_3b8ce1d17c_h.jpg\" title=\"Na HVU obilje\u017eena 30. obljetnica Sredi\u0161ta za strane jezike 'Katarina Zrinska'\"><img decoding=\"async\" data-title=\"Na HVU obilje\u017eena 30. obljetnica Sredi\u0161ta za strane jezike 'Katarina Zrinska'\" data-description=\"Na Hrvatskom vojnom u\u010dili\u0161tu 'Dr. Franjo Tu\u0111man' u ponedjeljak 31. o\u017eujka 2025. godine, sve\u010dano je obilje\u017eena 30. obljetnica Sredi\u0161ta za strane jezike 'Katarina Zrinska' | Foto: HVU\/ S. \u0160pani\u0107\" alt=\"Na HVU obilje\u017eena 30. obljetnica Sredi\u0161ta za strane jezike 'Katarina Zrinska'\" src=\"https:\/\/live.staticflickr.com\/65535\/54422910197_3b8ce1d17c_h.jpg\" data-layer=\"&lt;div class=&#039;morh-gallery-image-download&#039;&gt;&lt;a href=&#039;https:\/\/live.staticflickr.com\/65535\/54422910197_863f61a1ce_o.jpg&#039; target=&#039;_blank&#039;&gt;Slika za preuzimanje&lt;\/a&gt;&lt;\/div&gt;\" \/><\/a><a href=\"https:\/\/live.staticflickr.com\/65535\/54423761656_6b7bf8b320_h.jpg\" title=\"Na HVU obilje\u017eena 30. obljetnica Sredi\u0161ta za strane jezike 'Katarina Zrinska'\"><img decoding=\"async\" data-title=\"Na HVU obilje\u017eena 30. obljetnica Sredi\u0161ta za strane jezike 'Katarina Zrinska'\" data-description=\"Na Hrvatskom vojnom u\u010dili\u0161tu 'Dr. Franjo Tu\u0111man' u ponedjeljak 31. o\u017eujka 2025. godine, sve\u010dano je obilje\u017eena 30. obljetnica Sredi\u0161ta za strane jezike 'Katarina Zrinska' | Foto: HVU\/ S. \u0160pani\u0107\" alt=\"Na HVU obilje\u017eena 30. obljetnica Sredi\u0161ta za strane jezike 'Katarina Zrinska'\" src=\"https:\/\/live.staticflickr.com\/65535\/54423761656_6b7bf8b320_h.jpg\" data-layer=\"&lt;div class=&#039;morh-gallery-image-download&#039;&gt;&lt;a href=&#039;https:\/\/live.staticflickr.com\/65535\/54423761656_cb13ab5a5e_o.jpg&#039; target=&#039;_blank&#039;&gt;Slika za preuzimanje&lt;\/a&gt;&lt;\/div&gt;\" \/><\/a><a href=\"https:\/\/live.staticflickr.com\/65535\/54422910192_5ca3a4236d_h.jpg\" title=\"Na HVU obilje\u017eena 30. obljetnica Sredi\u0161ta za strane jezike 'Katarina Zrinska'\"><img decoding=\"async\" data-title=\"Na HVU obilje\u017eena 30. obljetnica Sredi\u0161ta za strane jezike 'Katarina Zrinska'\" data-description=\"Na Hrvatskom vojnom u\u010dili\u0161tu 'Dr. Franjo Tu\u0111man' u ponedjeljak 31. o\u017eujka 2025. godine, sve\u010dano je obilje\u017eena 30. obljetnica Sredi\u0161ta za strane jezike 'Katarina Zrinska' | Foto: HVU\/ S. \u0160pani\u0107\" alt=\"Na HVU obilje\u017eena 30. obljetnica Sredi\u0161ta za strane jezike 'Katarina Zrinska'\" src=\"https:\/\/live.staticflickr.com\/65535\/54422910192_5ca3a4236d_h.jpg\" data-layer=\"&lt;div class=&#039;morh-gallery-image-download&#039;&gt;&lt;a href=&#039;https:\/\/live.staticflickr.com\/65535\/54422910192_547820e827_o.jpg&#039; target=&#039;_blank&#039;&gt;Slika za preuzimanje&lt;\/a&gt;&lt;\/div&gt;\" \/><\/a><a href=\"https:\/\/live.staticflickr.com\/65535\/54424149450_23eae07c67_h.jpg\" title=\"Na HVU obilje\u017eena 30. obljetnica Sredi\u0161ta za strane jezike 'Katarina Zrinska'\"><img decoding=\"async\" data-title=\"Na HVU obilje\u017eena 30. obljetnica Sredi\u0161ta za strane jezike 'Katarina Zrinska'\" data-description=\"Na Hrvatskom vojnom u\u010dili\u0161tu 'Dr. Franjo Tu\u0111man' u ponedjeljak 31. o\u017eujka 2025. godine, sve\u010dano je obilje\u017eena 30. obljetnica Sredi\u0161ta za strane jezike 'Katarina Zrinska' | Foto: HVU\/ S. \u0160pani\u0107\" alt=\"Na HVU obilje\u017eena 30. obljetnica Sredi\u0161ta za strane jezike 'Katarina Zrinska'\" src=\"https:\/\/live.staticflickr.com\/65535\/54424149450_23eae07c67_h.jpg\" data-layer=\"&lt;div class=&#039;morh-gallery-image-download&#039;&gt;&lt;a href=&#039;https:\/\/live.staticflickr.com\/65535\/54424149450_c20f59474b_o.jpg&#039; target=&#039;_blank&#039;&gt;Slika za preuzimanje&lt;\/a&gt;&lt;\/div&gt;\" \/><\/a><a href=\"https:\/\/live.staticflickr.com\/65535\/54422910182_92681abc27_h.jpg\" title=\"Na HVU obilje\u017eena 30. obljetnica Sredi\u0161ta za strane jezike 'Katarina Zrinska'\"><img decoding=\"async\" data-title=\"Na HVU obilje\u017eena 30. obljetnica Sredi\u0161ta za strane jezike 'Katarina Zrinska'\" data-description=\"Na Hrvatskom vojnom u\u010dili\u0161tu 'Dr. Franjo Tu\u0111man' u ponedjeljak 31. o\u017eujka 2025. godine, sve\u010dano je obilje\u017eena 30. obljetnica Sredi\u0161ta za strane jezike 'Katarina Zrinska' | Foto: HVU\/ S. \u0160pani\u0107\" alt=\"Na HVU obilje\u017eena 30. obljetnica Sredi\u0161ta za strane jezike 'Katarina Zrinska'\" src=\"https:\/\/live.staticflickr.com\/65535\/54422910182_92681abc27_h.jpg\" data-layer=\"&lt;div class=&#039;morh-gallery-image-download&#039;&gt;&lt;a href=&#039;https:\/\/live.staticflickr.com\/65535\/54422910182_d78e788ec7_o.jpg&#039; target=&#039;_blank&#039;&gt;Slika za preuzimanje&lt;\/a&gt;&lt;\/div&gt;\" \/><\/a><a href=\"https:\/\/live.staticflickr.com\/65535\/54423963969_7010718555_h.jpg\" title=\"Na HVU obilje\u017eena 30. obljetnica Sredi\u0161ta za strane jezike 'Katarina Zrinska'\"><img decoding=\"async\" data-title=\"Na HVU obilje\u017eena 30. obljetnica Sredi\u0161ta za strane jezike 'Katarina Zrinska'\" data-description=\"Na Hrvatskom vojnom u\u010dili\u0161tu 'Dr. Franjo Tu\u0111man' u ponedjeljak 31. o\u017eujka 2025. godine, sve\u010dano je obilje\u017eena 30. obljetnica Sredi\u0161ta za strane jezike 'Katarina Zrinska' | Foto: HVU\/ S. \u0160pani\u0107\" alt=\"Na HVU obilje\u017eena 30. obljetnica Sredi\u0161ta za strane jezike 'Katarina Zrinska'\" src=\"https:\/\/live.staticflickr.com\/65535\/54423963969_7010718555_h.jpg\" data-layer=\"&lt;div class=&#039;morh-gallery-image-download&#039;&gt;&lt;a href=&#039;https:\/\/live.staticflickr.com\/65535\/54423963969_e5134d10a1_o.jpg&#039; target=&#039;_blank&#039;&gt;Slika za preuzimanje&lt;\/a&gt;&lt;\/div&gt;\" \/><\/a><a href=\"https:\/\/live.staticflickr.com\/65535\/54424015118_fc47566a20_h.jpg\" title=\"Na HVU obilje\u017eena 30. obljetnica Sredi\u0161ta za strane jezike 'Katarina Zrinska'\"><img decoding=\"async\" data-title=\"Na HVU obilje\u017eena 30. obljetnica Sredi\u0161ta za strane jezike 'Katarina Zrinska'\" data-description=\"Na Hrvatskom vojnom u\u010dili\u0161tu 'Dr. Franjo Tu\u0111man' u ponedjeljak 31. o\u017eujka 2025. godine, sve\u010dano je obilje\u017eena 30. obljetnica Sredi\u0161ta za strane jezike 'Katarina Zrinska' | Foto: HVU\/ S. \u0160pani\u0107\" alt=\"Na HVU obilje\u017eena 30. obljetnica Sredi\u0161ta za strane jezike 'Katarina Zrinska'\" src=\"https:\/\/live.staticflickr.com\/65535\/54424015118_fc47566a20_h.jpg\" data-layer=\"&lt;div class=&#039;morh-gallery-image-download&#039;&gt;&lt;a href=&#039;https:\/\/live.staticflickr.com\/65535\/54424015118_8e3bbab9e6_o.jpg&#039; target=&#039;_blank&#039;&gt;Slika za preuzimanje&lt;\/a&gt;&lt;\/div&gt;\" \/><\/a><a href=\"https:\/\/live.staticflickr.com\/65535\/54423963854_c848c1e22a_h.jpg\" title=\"Na HVU obilje\u017eena 30. obljetnica Sredi\u0161ta za strane jezike 'Katarina Zrinska'\"><img decoding=\"async\" data-title=\"Na HVU obilje\u017eena 30. obljetnica Sredi\u0161ta za strane jezike 'Katarina Zrinska'\" data-description=\"Na Hrvatskom vojnom u\u010dili\u0161tu 'Dr. Franjo Tu\u0111man' u ponedjeljak 31. o\u017eujka 2025. godine, sve\u010dano je obilje\u017eena 30. obljetnica Sredi\u0161ta za strane jezike 'Katarina Zrinska' | Foto: HVU\/ S. \u0160pani\u0107\" alt=\"Na HVU obilje\u017eena 30. obljetnica Sredi\u0161ta za strane jezike 'Katarina Zrinska'\" src=\"https:\/\/live.staticflickr.com\/65535\/54423963854_c848c1e22a_h.jpg\" data-layer=\"&lt;div class=&#039;morh-gallery-image-download&#039;&gt;&lt;a href=&#039;https:\/\/live.staticflickr.com\/65535\/54423963854_34d7a7bebb_o.jpg&#039; target=&#039;_blank&#039;&gt;Slika za preuzimanje&lt;\/a&gt;&lt;\/div&gt;\" \/><\/a><a href=\"https:\/\/live.staticflickr.com\/65535\/54422910072_7a20ce65db_h.jpg\" title=\"Na HVU obilje\u017eena 30. obljetnica Sredi\u0161ta za strane jezike 'Katarina Zrinska'\"><img decoding=\"async\" data-title=\"Na HVU obilje\u017eena 30. obljetnica Sredi\u0161ta za strane jezike 'Katarina Zrinska'\" data-description=\"Na Hrvatskom vojnom u\u010dili\u0161tu 'Dr. Franjo Tu\u0111man' u ponedjeljak 31. o\u017eujka 2025. godine, sve\u010dano je obilje\u017eena 30. obljetnica Sredi\u0161ta za strane jezike 'Katarina Zrinska' | Foto: HVU\/ S. \u0160pani\u0107\" alt=\"Na HVU obilje\u017eena 30. obljetnica Sredi\u0161ta za strane jezike 'Katarina Zrinska'\" src=\"https:\/\/live.staticflickr.com\/65535\/54422910072_7a20ce65db_h.jpg\" data-layer=\"&lt;div class=&#039;morh-gallery-image-download&#039;&gt;&lt;a href=&#039;https:\/\/live.staticflickr.com\/65535\/54422910072_3dc10c66c6_o.jpg&#039; target=&#039;_blank&#039;&gt;Slika za preuzimanje&lt;\/a&gt;&lt;\/div&gt;\" \/><\/a><a href=\"https:\/\/live.staticflickr.com\/65535\/54422910172_80dba6f210_h.jpg\" title=\"Na HVU obilje\u017eena 30. obljetnica Sredi\u0161ta za strane jezike 'Katarina Zrinska'\"><img decoding=\"async\" data-title=\"Na HVU obilje\u017eena 30. obljetnica Sredi\u0161ta za strane jezike 'Katarina Zrinska'\" data-description=\"Na Hrvatskom vojnom u\u010dili\u0161tu 'Dr. Franjo Tu\u0111man' u ponedjeljak 31. o\u017eujka 2025. godine, sve\u010dano je obilje\u017eena 30. obljetnica Sredi\u0161ta za strane jezike 'Katarina Zrinska' | Foto: HVU\/ S. \u0160pani\u0107\" alt=\"Na HVU obilje\u017eena 30. obljetnica Sredi\u0161ta za strane jezike 'Katarina Zrinska'\" src=\"https:\/\/live.staticflickr.com\/65535\/54422910172_80dba6f210_h.jpg\" data-layer=\"&lt;div class=&#039;morh-gallery-image-download&#039;&gt;&lt;a href=&#039;https:\/\/live.staticflickr.com\/65535\/54422910172_fb8e21ce22_o.jpg&#039; target=&#039;_blank&#039;&gt;Slika za preuzimanje&lt;\/a&gt;&lt;\/div&gt;\" \/><\/a><a href=\"https:\/\/live.staticflickr.com\/65535\/54423963939_f3d0867447_h.jpg\" title=\"Na HVU obilje\u017eena 30. obljetnica Sredi\u0161ta za strane jezike 'Katarina Zrinska'\"><img decoding=\"async\" data-title=\"Na HVU obilje\u017eena 30. obljetnica Sredi\u0161ta za strane jezike 'Katarina Zrinska'\" data-description=\"Na Hrvatskom vojnom u\u010dili\u0161tu 'Dr. Franjo Tu\u0111man' u ponedjeljak 31. o\u017eujka 2025. godine, sve\u010dano je obilje\u017eena 30. obljetnica Sredi\u0161ta za strane jezike 'Katarina Zrinska' | Foto: HVU\/ S. \u0160pani\u0107\" alt=\"Na HVU obilje\u017eena 30. obljetnica Sredi\u0161ta za strane jezike 'Katarina Zrinska'\" src=\"https:\/\/live.staticflickr.com\/65535\/54423963939_f3d0867447_h.jpg\" data-layer=\"&lt;div class=&#039;morh-gallery-image-download&#039;&gt;&lt;a href=&#039;https:\/\/live.staticflickr.com\/65535\/54423963939_6dda3b3a01_o.jpg&#039; target=&#039;_blank&#039;&gt;Slika za preuzimanje&lt;\/a&gt;&lt;\/div&gt;\" \/><\/a><a href=\"https:\/\/live.staticflickr.com\/65535\/54424149405_3f7309d413_h.jpg\" title=\"Na HVU obilje\u017eena 30. obljetnica Sredi\u0161ta za strane jezike 'Katarina Zrinska'\"><img decoding=\"async\" data-title=\"Na HVU obilje\u017eena 30. obljetnica Sredi\u0161ta za strane jezike 'Katarina Zrinska'\" data-description=\"Na Hrvatskom vojnom u\u010dili\u0161tu 'Dr. Franjo Tu\u0111man' u ponedjeljak 31. o\u017eujka 2025. godine, sve\u010dano je obilje\u017eena 30. obljetnica Sredi\u0161ta za strane jezike 'Katarina Zrinska' | Foto: HVU\/ S. \u0160pani\u0107\" alt=\"Na HVU obilje\u017eena 30. obljetnica Sredi\u0161ta za strane jezike 'Katarina Zrinska'\" src=\"https:\/\/live.staticflickr.com\/65535\/54424149405_3f7309d413_h.jpg\" data-layer=\"&lt;div class=&#039;morh-gallery-image-download&#039;&gt;&lt;a href=&#039;https:\/\/live.staticflickr.com\/65535\/54424149405_7b4b1f19b5_o.jpg&#039; target=&#039;_blank&#039;&gt;Slika za preuzimanje&lt;\/a&gt;&lt;\/div&gt;\" \/><\/a><a href=\"https:\/\/live.staticflickr.com\/65535\/54422910167_143aaf6d32_h.jpg\" title=\"Na HVU obilje\u017eena 30. obljetnica Sredi\u0161ta za strane jezike 'Katarina Zrinska'\"><img decoding=\"async\" data-title=\"Na HVU obilje\u017eena 30. obljetnica Sredi\u0161ta za strane jezike 'Katarina Zrinska'\" data-description=\"Na Hrvatskom vojnom u\u010dili\u0161tu 'Dr. Franjo Tu\u0111man' u ponedjeljak 31. o\u017eujka 2025. godine, sve\u010dano je obilje\u017eena 30. obljetnica Sredi\u0161ta za strane jezike 'Katarina Zrinska' | Foto: HVU\/ S. \u0160pani\u0107\" alt=\"Na HVU obilje\u017eena 30. obljetnica Sredi\u0161ta za strane jezike 'Katarina Zrinska'\" src=\"https:\/\/live.staticflickr.com\/65535\/54422910167_143aaf6d32_h.jpg\" data-layer=\"&lt;div class=&#039;morh-gallery-image-download&#039;&gt;&lt;a href=&#039;https:\/\/live.staticflickr.com\/65535\/54422910167_eb22c59082_o.jpg&#039; target=&#039;_blank&#039;&gt;Slika za preuzimanje&lt;\/a&gt;&lt;\/div&gt;\" \/><\/a><a href=\"https:\/\/live.staticflickr.com\/65535\/54424149400_6be0bac49d_h.jpg\" title=\"Na HVU obilje\u017eena 30. obljetnica Sredi\u0161ta za strane jezike 'Katarina Zrinska'\"><img decoding=\"async\" data-title=\"Na HVU obilje\u017eena 30. obljetnica Sredi\u0161ta za strane jezike 'Katarina Zrinska'\" data-description=\"Na Hrvatskom vojnom u\u010dili\u0161tu 'Dr. Franjo Tu\u0111man' u ponedjeljak 31. o\u017eujka 2025. godine, sve\u010dano je obilje\u017eena 30. obljetnica Sredi\u0161ta za strane jezike 'Katarina Zrinska' | Foto: HVU\/ S. \u0160pani\u0107\" alt=\"Na HVU obilje\u017eena 30. obljetnica Sredi\u0161ta za strane jezike 'Katarina Zrinska'\" src=\"https:\/\/live.staticflickr.com\/65535\/54424149400_6be0bac49d_h.jpg\" data-layer=\"&lt;div class=&#039;morh-gallery-image-download&#039;&gt;&lt;a href=&#039;https:\/\/live.staticflickr.com\/65535\/54424149400_25269e9629_o.jpg&#039; target=&#039;_blank&#039;&gt;Slika za preuzimanje&lt;\/a&gt;&lt;\/div&gt;\" \/><\/a><a href=\"https:\/\/live.staticflickr.com\/65535\/54424015188_1ee0f138b2_h.jpg\" title=\"Na HVU obilje\u017eena 30. obljetnica Sredi\u0161ta za strane jezike 'Katarina Zrinska'\"><img decoding=\"async\" data-title=\"Na HVU obilje\u017eena 30. obljetnica Sredi\u0161ta za strane jezike 'Katarina Zrinska'\" data-description=\"Na Hrvatskom vojnom u\u010dili\u0161tu 'Dr. Franjo Tu\u0111man' u ponedjeljak 31. o\u017eujka 2025. godine, sve\u010dano je obilje\u017eena 30. obljetnica Sredi\u0161ta za strane jezike 'Katarina Zrinska' | Foto: HVU\/ S. \u0160pani\u0107\" alt=\"Na HVU obilje\u017eena 30. obljetnica Sredi\u0161ta za strane jezike 'Katarina Zrinska'\" src=\"https:\/\/live.staticflickr.com\/65535\/54424015188_1ee0f138b2_h.jpg\" data-layer=\"&lt;div class=&#039;morh-gallery-image-download&#039;&gt;&lt;a href=&#039;https:\/\/live.staticflickr.com\/65535\/54424015188_bb02bb5809_o.jpg&#039; target=&#039;_blank&#039;&gt;Slika za preuzimanje&lt;\/a&gt;&lt;\/div&gt;\" \/><\/a><a href=\"https:\/\/live.staticflickr.com\/65535\/54423963924_84f079d1f0_h.jpg\" title=\"Na HVU obilje\u017eena 30. obljetnica Sredi\u0161ta za strane jezike 'Katarina Zrinska'\"><img decoding=\"async\" data-title=\"Na HVU obilje\u017eena 30. obljetnica Sredi\u0161ta za strane jezike 'Katarina Zrinska'\" data-description=\"Na Hrvatskom vojnom u\u010dili\u0161tu 'Dr. Franjo Tu\u0111man' u ponedjeljak 31. o\u017eujka 2025. godine, sve\u010dano je obilje\u017eena 30. obljetnica Sredi\u0161ta za strane jezike 'Katarina Zrinska' | Foto: HVU\/ S. \u0160pani\u0107\" alt=\"Na HVU obilje\u017eena 30. obljetnica Sredi\u0161ta za strane jezike 'Katarina Zrinska'\" src=\"https:\/\/live.staticflickr.com\/65535\/54423963924_84f079d1f0_h.jpg\" data-layer=\"&lt;div class=&#039;morh-gallery-image-download&#039;&gt;&lt;a href=&#039;https:\/\/live.staticflickr.com\/65535\/54423963924_331fcd4cd3_o.jpg&#039; target=&#039;_blank&#039;&gt;Slika za preuzimanje&lt;\/a&gt;&lt;\/div&gt;\" \/><\/a><a href=\"https:\/\/live.staticflickr.com\/65535\/54422910147_b85b841f35_h.jpg\" title=\"Na HVU obilje\u017eena 30. obljetnica Sredi\u0161ta za strane jezike 'Katarina Zrinska'\"><img decoding=\"async\" data-title=\"Na HVU obilje\u017eena 30. obljetnica Sredi\u0161ta za strane jezike 'Katarina Zrinska'\" data-description=\"Na Hrvatskom vojnom u\u010dili\u0161tu 'Dr. Franjo Tu\u0111man' u ponedjeljak 31. o\u017eujka 2025. godine, sve\u010dano je obilje\u017eena 30. obljetnica Sredi\u0161ta za strane jezike 'Katarina Zrinska' | Foto: HVU\/ S. \u0160pani\u0107\" alt=\"Na HVU obilje\u017eena 30. obljetnica Sredi\u0161ta za strane jezike 'Katarina Zrinska'\" src=\"https:\/\/live.staticflickr.com\/65535\/54422910147_b85b841f35_h.jpg\" data-layer=\"&lt;div class=&#039;morh-gallery-image-download&#039;&gt;&lt;a href=&#039;https:\/\/live.staticflickr.com\/65535\/54422910147_447bcf923e_o.jpg&#039; target=&#039;_blank&#039;&gt;Slika za preuzimanje&lt;\/a&gt;&lt;\/div&gt;\" \/><\/a><a href=\"https:\/\/live.staticflickr.com\/65535\/54424015163_506dd1623f_h.jpg\" title=\"Na HVU obilje\u017eena 30. obljetnica Sredi\u0161ta za strane jezike 'Katarina Zrinska'\"><img decoding=\"async\" data-title=\"Na HVU obilje\u017eena 30. obljetnica Sredi\u0161ta za strane jezike 'Katarina Zrinska'\" data-description=\"Na Hrvatskom vojnom u\u010dili\u0161tu 'Dr. Franjo Tu\u0111man' u ponedjeljak 31. o\u017eujka 2025. godine, sve\u010dano je obilje\u017eena 30. obljetnica Sredi\u0161ta za strane jezike 'Katarina Zrinska' | Foto: HVU\/ S. \u0160pani\u0107\" alt=\"Na HVU obilje\u017eena 30. obljetnica Sredi\u0161ta za strane jezike 'Katarina Zrinska'\" src=\"https:\/\/live.staticflickr.com\/65535\/54424015163_506dd1623f_h.jpg\" data-layer=\"&lt;div class=&#039;morh-gallery-image-download&#039;&gt;&lt;a href=&#039;https:\/\/live.staticflickr.com\/65535\/54424015163_bfb64e6249_o.jpg&#039; target=&#039;_blank&#039;&gt;Slika za preuzimanje&lt;\/a&gt;&lt;\/div&gt;\" \/><\/a><a href=\"https:\/\/live.staticflickr.com\/65535\/54423761546_6bb30dd55d_h.jpg\" title=\"Na HVU obilje\u017eena 30. obljetnica Sredi\u0161ta za strane jezike 'Katarina Zrinska'\"><img decoding=\"async\" data-title=\"Na HVU obilje\u017eena 30. obljetnica Sredi\u0161ta za strane jezike 'Katarina Zrinska'\" data-description=\"Na Hrvatskom vojnom u\u010dili\u0161tu 'Dr. Franjo Tu\u0111man' u ponedjeljak 31. o\u017eujka 2025. godine, sve\u010dano je obilje\u017eena 30. obljetnica Sredi\u0161ta za strane jezike 'Katarina Zrinska' | Foto: HVU\/ S. \u0160pani\u0107\" alt=\"Na HVU obilje\u017eena 30. obljetnica Sredi\u0161ta za strane jezike 'Katarina Zrinska'\" src=\"https:\/\/live.staticflickr.com\/65535\/54423761546_6bb30dd55d_h.jpg\" data-layer=\"&lt;div class=&#039;morh-gallery-image-download&#039;&gt;&lt;a href=&#039;https:\/\/live.staticflickr.com\/65535\/54423761546_7f0a56c933_o.jpg&#039; target=&#039;_blank&#039;&gt;Slika za preuzimanje&lt;\/a&gt;&lt;\/div&gt;\" \/><\/a><a href=\"https:\/\/live.staticflickr.com\/65535\/54422910062_7713d07d38_h.jpg\" title=\"Na HVU obilje\u017eena 30. obljetnica Sredi\u0161ta za strane jezike 'Katarina Zrinska'\"><img decoding=\"async\" data-title=\"Na HVU obilje\u017eena 30. obljetnica Sredi\u0161ta za strane jezike 'Katarina Zrinska'\" data-description=\"Na Hrvatskom vojnom u\u010dili\u0161tu 'Dr. Franjo Tu\u0111man' u ponedjeljak 31. o\u017eujka 2025. godine, sve\u010dano je obilje\u017eena 30. obljetnica Sredi\u0161ta za strane jezike 'Katarina Zrinska' | Foto: HVU\/ S. \u0160pani\u0107\" alt=\"Na HVU obilje\u017eena 30. obljetnica Sredi\u0161ta za strane jezike 'Katarina Zrinska'\" src=\"https:\/\/live.staticflickr.com\/65535\/54422910062_7713d07d38_h.jpg\" data-layer=\"&lt;div class=&#039;morh-gallery-image-download&#039;&gt;&lt;a href=&#039;https:\/\/live.staticflickr.com\/65535\/54422910062_6d714d3ed5_o.jpg&#039; target=&#039;_blank&#039;&gt;Slika za preuzimanje&lt;\/a&gt;&lt;\/div&gt;\" \/><\/a><a href=\"https:\/\/live.staticflickr.com\/65535\/54423963834_ff04ed8b65_h.jpg\" title=\"Na HVU obilje\u017eena 30. obljetnica Sredi\u0161ta za strane jezike 'Katarina Zrinska'\"><img decoding=\"async\" data-title=\"Na HVU obilje\u017eena 30. obljetnica Sredi\u0161ta za strane jezike 'Katarina Zrinska'\" data-description=\"Na Hrvatskom vojnom u\u010dili\u0161tu 'Dr. Franjo Tu\u0111man' u ponedjeljak 31. o\u017eujka 2025. godine, sve\u010dano je obilje\u017eena 30. obljetnica Sredi\u0161ta za strane jezike 'Katarina Zrinska' | Foto: HVU\/ S. \u0160pani\u0107\" alt=\"Na HVU obilje\u017eena 30. obljetnica Sredi\u0161ta za strane jezike 'Katarina Zrinska'\" src=\"https:\/\/live.staticflickr.com\/65535\/54423963834_ff04ed8b65_h.jpg\" data-layer=\"&lt;div class=&#039;morh-gallery-image-download&#039;&gt;&lt;a href=&#039;https:\/\/live.staticflickr.com\/65535\/54423963834_b159a7c74e_o.jpg&#039; target=&#039;_blank&#039;&gt;Slika za preuzimanje&lt;\/a&gt;&lt;\/div&gt;\" \/><\/a><a href=\"https:\/\/live.staticflickr.com\/65535\/54424149300_1bd83be47b_h.jpg\" title=\"Na HVU obilje\u017eena 30. obljetnica Sredi\u0161ta za strane jezike 'Katarina Zrinska'\"><img decoding=\"async\" data-title=\"Na HVU obilje\u017eena 30. obljetnica Sredi\u0161ta za strane jezike 'Katarina Zrinska'\" data-description=\"Na Hrvatskom vojnom u\u010dili\u0161tu 'Dr. Franjo Tu\u0111man' u ponedjeljak 31. o\u017eujka 2025. godine, sve\u010dano je obilje\u017eena 30. obljetnica Sredi\u0161ta za strane jezike 'Katarina Zrinska' | Foto: HVU\/ S. \u0160pani\u0107\" alt=\"Na HVU obilje\u017eena 30. obljetnica Sredi\u0161ta za strane jezike 'Katarina Zrinska'\" src=\"https:\/\/live.staticflickr.com\/65535\/54424149300_1bd83be47b_h.jpg\" data-layer=\"&lt;div class=&#039;morh-gallery-image-download&#039;&gt;&lt;a href=&#039;https:\/\/live.staticflickr.com\/65535\/54424149300_6d714d3ed5_o.jpg&#039; target=&#039;_blank&#039;&gt;Slika za preuzimanje&lt;\/a&gt;&lt;\/div&gt;\" \/><\/a><a href=\"https:\/\/live.staticflickr.com\/65535\/54423963829_ec122993be_h.jpg\" title=\"Na HVU obilje\u017eena 30. obljetnica Sredi\u0161ta za strane jezike 'Katarina Zrinska'\"><img decoding=\"async\" data-title=\"Na HVU obilje\u017eena 30. obljetnica Sredi\u0161ta za strane jezike 'Katarina Zrinska'\" data-description=\"Na Hrvatskom vojnom u\u010dili\u0161tu 'Dr. Franjo Tu\u0111man' u ponedjeljak 31. o\u017eujka 2025. godine, sve\u010dano je obilje\u017eena 30. obljetnica Sredi\u0161ta za strane jezike 'Katarina Zrinska' | Foto: HVU\/ S. \u0160pani\u0107\" alt=\"Na HVU obilje\u017eena 30. obljetnica Sredi\u0161ta za strane jezike 'Katarina Zrinska'\" src=\"https:\/\/live.staticflickr.com\/65535\/54423963829_ec122993be_h.jpg\" data-layer=\"&lt;div class=&#039;morh-gallery-image-download&#039;&gt;&lt;a href=&#039;https:\/\/live.staticflickr.com\/65535\/54423963829_a353046d5c_o.jpg&#039; target=&#039;_blank&#039;&gt;Slika za preuzimanje&lt;\/a&gt;&lt;\/div&gt;\" \/><\/a><a href=\"https:\/\/live.staticflickr.com\/65535\/54423964014_3f709d7548_b.jpg\" title=\"Na HVU obilje\u017eena 30. obljetnica Sredi\u0161ta za strane jezike 'Katarina Zrinska'\"><img decoding=\"async\" data-title=\"Na HVU obilje\u017eena 30. obljetnica Sredi\u0161ta za strane jezike 'Katarina Zrinska'\" data-description=\"Na Hrvatskom vojnom u\u010dili\u0161tu 'Dr. Franjo Tu\u0111man' u ponedjeljak 31. o\u017eujka 2025. godine, sve\u010dano je obilje\u017eena 30. obljetnica Sredi\u0161ta za strane jezike 'Katarina Zrinska' | Foto: HVU\/ M. Sever\" alt=\"Na HVU obilje\u017eena 30. obljetnica Sredi\u0161ta za strane jezike 'Katarina Zrinska'\" src=\"https:\/\/live.staticflickr.com\/65535\/54423964014_3f709d7548_b.jpg\" data-layer=\"&lt;div class=&#039;morh-gallery-image-download&#039;&gt;&lt;a href=&#039;https:\/\/live.staticflickr.com\/65535\/54423964014_e5be53c85b_o.jpg&#039; target=&#039;_blank&#039;&gt;Slika za preuzimanje&lt;\/a&gt;&lt;\/div&gt;\" \/><\/a><a href=\"https:\/\/live.staticflickr.com\/65535\/54422910267_1de89ee9bd_b.jpg\" title=\"Na HVU obilje\u017eena 30. obljetnica Sredi\u0161ta za strane jezike 'Katarina Zrinska'\"><img decoding=\"async\" data-title=\"Na HVU obilje\u017eena 30. obljetnica Sredi\u0161ta za strane jezike 'Katarina Zrinska'\" data-description=\"Na Hrvatskom vojnom u\u010dili\u0161tu 'Dr. Franjo Tu\u0111man' u ponedjeljak 31. o\u017eujka 2025. godine, sve\u010dano je obilje\u017eena 30. obljetnica Sredi\u0161ta za strane jezike 'Katarina Zrinska' | Foto: HVU\/ M. Sever\" alt=\"Na HVU obilje\u017eena 30. obljetnica Sredi\u0161ta za strane jezike 'Katarina Zrinska'\" src=\"https:\/\/live.staticflickr.com\/65535\/54422910267_1de89ee9bd_b.jpg\" data-layer=\"&lt;div class=&#039;morh-gallery-image-download&#039;&gt;&lt;a href=&#039;https:\/\/live.staticflickr.com\/65535\/54422910267_bcbd8e9e2e_o.jpg&#039; target=&#039;_blank&#039;&gt;Slika za preuzimanje&lt;\/a&gt;&lt;\/div&gt;\" \/><\/a><a href=\"https:\/\/live.staticflickr.com\/65535\/54424015278_388cd36bf8_b.jpg\" title=\"Na HVU obilje\u017eena 30. obljetnica Sredi\u0161ta za strane jezike 'Katarina Zrinska'\"><img decoding=\"async\" data-title=\"Na HVU obilje\u017eena 30. obljetnica Sredi\u0161ta za strane jezike 'Katarina Zrinska'\" data-description=\"Na Hrvatskom vojnom u\u010dili\u0161tu 'Dr. Franjo Tu\u0111man' u ponedjeljak 31. o\u017eujka 2025. godine, sve\u010dano je obilje\u017eena 30. obljetnica Sredi\u0161ta za strane jezike 'Katarina Zrinska' | Foto: HVU\/ M. Sever\" alt=\"Na HVU obilje\u017eena 30. obljetnica Sredi\u0161ta za strane jezike 'Katarina Zrinska'\" src=\"https:\/\/live.staticflickr.com\/65535\/54424015278_388cd36bf8_b.jpg\" data-layer=\"&lt;div class=&#039;morh-gallery-image-download&#039;&gt;&lt;a href=&#039;https:\/\/live.staticflickr.com\/65535\/54424015278_2ccda5ffcb_o.jpg&#039; target=&#039;_blank&#039;&gt;Slika za preuzimanje&lt;\/a&gt;&lt;\/div&gt;\" \/><\/a><\/div><!--\/.morh-galleria -->\n","protected":false},"excerpt":{"rendered":"<p>&#8220;When we talk about languages, we\u2019re not just talking about words, but also about connecting people, fostering understanding, bridging borders, and creating new opportunities,&#8221; said Director Irena Prpi\u0107 \u0110uri\u0107.<\/p>\n","protected":false},"author":3,"featured_media":254610,"comment_status":"closed","ping_status":"closed","sticky":false,"template":"","format":"standard","meta":{"_acf_changed":false,"_monsterinsights_skip_tracking":false,"_monsterinsights_sitenote_active":false,"_monsterinsights_sitenote_note":"","_monsterinsights_sitenote_category":0,"footnotes":""},"categories":[117],"tags":[],"class_list":["post-254606","post","type-post","status-publish","format-standard","has-post-thumbnail","hentry","category-press-releases"],"acf":[],"yoast_head":"<!-- This site is optimized with the Yoast SEO plugin v26.9 - https:\/\/yoast.com\/product\/yoast-seo-wordpress\/ -->\n<title>The Katarina Zrinska Foreign Language Centre marks 30th anniversary - MORH<\/title>\n<meta name=\"description\" content=\"&quot;When we talk about languages, we\u2019re not just talking about words, but also about connecting people, fostering understanding, bridging borders, and creating new opportunities,&quot; said Director Irena Prpi\u0107 \u0110uri\u0107.\" \/>\n<meta name=\"robots\" content=\"index, follow, max-snippet:-1, max-image-preview:large, max-video-preview:-1\" \/>\n<link rel=\"canonical\" href=\"https:\/\/www.morh.hr\/en\/the-katarina-zrinska-foreign-language-centre-marks-30th-anniversary\/\" \/>\n<meta property=\"og:locale\" content=\"en_US\" \/>\n<meta property=\"og:type\" content=\"article\" \/>\n<meta property=\"og:title\" content=\"The Katarina Zrinska Foreign Language Centre marks 30th anniversary - MORH\" \/>\n<meta property=\"og:description\" content=\"&quot;When we talk about languages, we\u2019re not just talking about words, but also about connecting people, fostering understanding, bridging borders, and creating new opportunities,&quot; said Director Irena Prpi\u0107 \u0110uri\u0107.\" \/>\n<meta property=\"og:url\" content=\"https:\/\/www.morh.hr\/en\/the-katarina-zrinska-foreign-language-centre-marks-30th-anniversary\/\" \/>\n<meta property=\"og:site_name\" content=\"MORH\" \/>\n<meta property=\"article:publisher\" content=\"https:\/\/www.facebook.com\/sportasiuhrvatskojvojsci\/\" \/>\n<meta property=\"article:published_time\" content=\"2025-04-01T09:41:14+00:00\" \/>\n<meta property=\"article:modified_time\" content=\"2025-11-26T14:06:51+00:00\" \/>\n<meta property=\"og:image\" content=\"https:\/\/www.morh.hr\/wp-content\/uploads\/2025\/05\/2025-04-01-30-obljetnica-sredista-za-strane-jezike-en.jpg\" \/>\n\t<meta property=\"og:image:width\" content=\"2400\" \/>\n\t<meta property=\"og:image:height\" content=\"1600\" \/>\n\t<meta property=\"og:image:type\" content=\"image\/jpeg\" \/>\n<meta name=\"author\" content=\"Drazen\" \/>\n<meta name=\"twitter:card\" content=\"summary_large_image\" \/>\n<meta name=\"twitter:creator\" content=\"@morh_osrh\" \/>\n<meta name=\"twitter:site\" content=\"@morh_osrh\" \/>\n<meta name=\"twitter:label1\" content=\"Written by\" \/>\n\t<meta name=\"twitter:data1\" content=\"Drazen\" \/>\n\t<meta name=\"twitter:label2\" content=\"Est. reading time\" \/>\n\t<meta name=\"twitter:data2\" content=\"3 minutes\" \/>\n<script type=\"application\/ld+json\" class=\"yoast-schema-graph\">{\"@context\":\"https:\/\/schema.org\",\"@graph\":[{\"@type\":\"Article\",\"@id\":\"https:\/\/www.morh.hr\/en\/the-katarina-zrinska-foreign-language-centre-marks-30th-anniversary\/#article\",\"isPartOf\":{\"@id\":\"https:\/\/www.morh.hr\/en\/the-katarina-zrinska-foreign-language-centre-marks-30th-anniversary\/\"},\"author\":{\"name\":\"Drazen\",\"@id\":\"https:\/\/www.morh.hr\/en\/#\/schema\/person\/2d72e03399043d9513ab6bec75f2ce27\"},\"headline\":\"The Katarina Zrinska Foreign Language Centre marks 30th anniversary\",\"datePublished\":\"2025-04-01T09:41:14+00:00\",\"dateModified\":\"2025-11-26T14:06:51+00:00\",\"mainEntityOfPage\":{\"@id\":\"https:\/\/www.morh.hr\/en\/the-katarina-zrinska-foreign-language-centre-marks-30th-anniversary\/\"},\"wordCount\":342,\"image\":{\"@id\":\"https:\/\/www.morh.hr\/en\/the-katarina-zrinska-foreign-language-centre-marks-30th-anniversary\/#primaryimage\"},\"thumbnailUrl\":\"https:\/\/www.morh.hr\/wp-content\/uploads\/2025\/05\/2025-04-01-30-obljetnica-sredista-za-strane-jezike-en.jpg\",\"articleSection\":[\"Press releases\"],\"inLanguage\":\"en-US\"},{\"@type\":\"WebPage\",\"@id\":\"https:\/\/www.morh.hr\/en\/the-katarina-zrinska-foreign-language-centre-marks-30th-anniversary\/\",\"url\":\"https:\/\/www.morh.hr\/en\/the-katarina-zrinska-foreign-language-centre-marks-30th-anniversary\/\",\"name\":\"The Katarina Zrinska Foreign Language Centre marks 30th anniversary - MORH\",\"isPartOf\":{\"@id\":\"https:\/\/www.morh.hr\/en\/#website\"},\"primaryImageOfPage\":{\"@id\":\"https:\/\/www.morh.hr\/en\/the-katarina-zrinska-foreign-language-centre-marks-30th-anniversary\/#primaryimage\"},\"image\":{\"@id\":\"https:\/\/www.morh.hr\/en\/the-katarina-zrinska-foreign-language-centre-marks-30th-anniversary\/#primaryimage\"},\"thumbnailUrl\":\"https:\/\/www.morh.hr\/wp-content\/uploads\/2025\/05\/2025-04-01-30-obljetnica-sredista-za-strane-jezike-en.jpg\",\"datePublished\":\"2025-04-01T09:41:14+00:00\",\"dateModified\":\"2025-11-26T14:06:51+00:00\",\"author\":{\"@id\":\"https:\/\/www.morh.hr\/en\/#\/schema\/person\/2d72e03399043d9513ab6bec75f2ce27\"},\"description\":\"\\\"When we talk about languages, we\u2019re not just talking about words, but also about connecting people, fostering understanding, bridging borders, and creating new opportunities,\\\" said Director Irena Prpi\u0107 \u0110uri\u0107.\",\"breadcrumb\":{\"@id\":\"https:\/\/www.morh.hr\/en\/the-katarina-zrinska-foreign-language-centre-marks-30th-anniversary\/#breadcrumb\"},\"inLanguage\":\"en-US\",\"potentialAction\":[{\"@type\":\"ReadAction\",\"target\":[\"https:\/\/www.morh.hr\/en\/the-katarina-zrinska-foreign-language-centre-marks-30th-anniversary\/\"]}]},{\"@type\":\"ImageObject\",\"inLanguage\":\"en-US\",\"@id\":\"https:\/\/www.morh.hr\/en\/the-katarina-zrinska-foreign-language-centre-marks-30th-anniversary\/#primaryimage\",\"url\":\"https:\/\/www.morh.hr\/wp-content\/uploads\/2025\/05\/2025-04-01-30-obljetnica-sredista-za-strane-jezike-en.jpg\",\"contentUrl\":\"https:\/\/www.morh.hr\/wp-content\/uploads\/2025\/05\/2025-04-01-30-obljetnica-sredista-za-strane-jezike-en.jpg\",\"width\":2400,\"height\":1600,\"caption\":\"The Katarina Zrinska Foreign Language Centre marks 30th anniversary 1 April 2025 | Photo: CDA\/ S. \u0160pani\u0107\"},{\"@type\":\"BreadcrumbList\",\"@id\":\"https:\/\/www.morh.hr\/en\/the-katarina-zrinska-foreign-language-centre-marks-30th-anniversary\/#breadcrumb\",\"itemListElement\":[{\"@type\":\"ListItem\",\"position\":1,\"name\":\"Naslovnica\",\"item\":\"https:\/\/www.morh.hr\/en\/\"},{\"@type\":\"ListItem\",\"position\":2,\"name\":\"News\",\"item\":\"https:\/\/www.morh.hr\/en\/kategorija\/news\/\"},{\"@type\":\"ListItem\",\"position\":3,\"name\":\"Press releases\",\"item\":\"https:\/\/www.morh.hr\/en\/kategorija\/news\/press-releases\/\"},{\"@type\":\"ListItem\",\"position\":4,\"name\":\"The Katarina Zrinska Foreign Language Centre marks 30th anniversary\"}]},{\"@type\":\"WebSite\",\"@id\":\"https:\/\/www.morh.hr\/en\/#website\",\"url\":\"https:\/\/www.morh.hr\/en\/\",\"name\":\"MORH\",\"description\":\"Ministarstvo obrane Republike Hrvatske - slu\u017ebene stranice\",\"potentialAction\":[{\"@type\":\"SearchAction\",\"target\":{\"@type\":\"EntryPoint\",\"urlTemplate\":\"https:\/\/www.morh.hr\/en\/?s={search_term_string}\"},\"query-input\":{\"@type\":\"PropertyValueSpecification\",\"valueRequired\":true,\"valueName\":\"search_term_string\"}}],\"inLanguage\":\"en-US\"},{\"@type\":\"Person\",\"@id\":\"https:\/\/www.morh.hr\/en\/#\/schema\/person\/2d72e03399043d9513ab6bec75f2ce27\",\"name\":\"Drazen\",\"image\":{\"@type\":\"ImageObject\",\"inLanguage\":\"en-US\",\"@id\":\"https:\/\/www.morh.hr\/en\/#\/schema\/person\/image\/\",\"url\":\"https:\/\/secure.gravatar.com\/avatar\/e36ef7e573425ae72988c73df868c1e87a656b0e005ca4fd7d30d2ba7e49c9cf?s=96&d=mm&r=g\",\"contentUrl\":\"https:\/\/secure.gravatar.com\/avatar\/e36ef7e573425ae72988c73df868c1e87a656b0e005ca4fd7d30d2ba7e49c9cf?s=96&d=mm&r=g\",\"caption\":\"Drazen\"}}]}<\/script>\n<!-- \/ Yoast SEO plugin. -->","yoast_head_json":{"title":"The Katarina Zrinska Foreign Language Centre marks 30th anniversary - MORH","description":"\"When we talk about languages, we\u2019re not just talking about words, but also about connecting people, fostering understanding, bridging borders, and creating new opportunities,\" said Director Irena Prpi\u0107 \u0110uri\u0107.","robots":{"index":"index","follow":"follow","max-snippet":"max-snippet:-1","max-image-preview":"max-image-preview:large","max-video-preview":"max-video-preview:-1"},"canonical":"https:\/\/www.morh.hr\/en\/the-katarina-zrinska-foreign-language-centre-marks-30th-anniversary\/","og_locale":"en_US","og_type":"article","og_title":"The Katarina Zrinska Foreign Language Centre marks 30th anniversary - MORH","og_description":"\"When we talk about languages, we\u2019re not just talking about words, but also about connecting people, fostering understanding, bridging borders, and creating new opportunities,\" said Director Irena Prpi\u0107 \u0110uri\u0107.","og_url":"https:\/\/www.morh.hr\/en\/the-katarina-zrinska-foreign-language-centre-marks-30th-anniversary\/","og_site_name":"MORH","article_publisher":"https:\/\/www.facebook.com\/sportasiuhrvatskojvojsci\/","article_published_time":"2025-04-01T09:41:14+00:00","article_modified_time":"2025-11-26T14:06:51+00:00","og_image":[{"width":2400,"height":1600,"url":"https:\/\/www.morh.hr\/wp-content\/uploads\/2025\/05\/2025-04-01-30-obljetnica-sredista-za-strane-jezike-en.jpg","type":"image\/jpeg"}],"author":"Drazen","twitter_card":"summary_large_image","twitter_creator":"@morh_osrh","twitter_site":"@morh_osrh","twitter_misc":{"Written by":"Drazen","Est. reading time":"3 minutes"},"schema":{"@context":"https:\/\/schema.org","@graph":[{"@type":"Article","@id":"https:\/\/www.morh.hr\/en\/the-katarina-zrinska-foreign-language-centre-marks-30th-anniversary\/#article","isPartOf":{"@id":"https:\/\/www.morh.hr\/en\/the-katarina-zrinska-foreign-language-centre-marks-30th-anniversary\/"},"author":{"name":"Drazen","@id":"https:\/\/www.morh.hr\/en\/#\/schema\/person\/2d72e03399043d9513ab6bec75f2ce27"},"headline":"The Katarina Zrinska Foreign Language Centre marks 30th anniversary","datePublished":"2025-04-01T09:41:14+00:00","dateModified":"2025-11-26T14:06:51+00:00","mainEntityOfPage":{"@id":"https:\/\/www.morh.hr\/en\/the-katarina-zrinska-foreign-language-centre-marks-30th-anniversary\/"},"wordCount":342,"image":{"@id":"https:\/\/www.morh.hr\/en\/the-katarina-zrinska-foreign-language-centre-marks-30th-anniversary\/#primaryimage"},"thumbnailUrl":"https:\/\/www.morh.hr\/wp-content\/uploads\/2025\/05\/2025-04-01-30-obljetnica-sredista-za-strane-jezike-en.jpg","articleSection":["Press releases"],"inLanguage":"en-US"},{"@type":"WebPage","@id":"https:\/\/www.morh.hr\/en\/the-katarina-zrinska-foreign-language-centre-marks-30th-anniversary\/","url":"https:\/\/www.morh.hr\/en\/the-katarina-zrinska-foreign-language-centre-marks-30th-anniversary\/","name":"The Katarina Zrinska Foreign Language Centre marks 30th anniversary - MORH","isPartOf":{"@id":"https:\/\/www.morh.hr\/en\/#website"},"primaryImageOfPage":{"@id":"https:\/\/www.morh.hr\/en\/the-katarina-zrinska-foreign-language-centre-marks-30th-anniversary\/#primaryimage"},"image":{"@id":"https:\/\/www.morh.hr\/en\/the-katarina-zrinska-foreign-language-centre-marks-30th-anniversary\/#primaryimage"},"thumbnailUrl":"https:\/\/www.morh.hr\/wp-content\/uploads\/2025\/05\/2025-04-01-30-obljetnica-sredista-za-strane-jezike-en.jpg","datePublished":"2025-04-01T09:41:14+00:00","dateModified":"2025-11-26T14:06:51+00:00","author":{"@id":"https:\/\/www.morh.hr\/en\/#\/schema\/person\/2d72e03399043d9513ab6bec75f2ce27"},"description":"\"When we talk about languages, we\u2019re not just talking about words, but also about connecting people, fostering understanding, bridging borders, and creating new opportunities,\" said Director Irena Prpi\u0107 \u0110uri\u0107.","breadcrumb":{"@id":"https:\/\/www.morh.hr\/en\/the-katarina-zrinska-foreign-language-centre-marks-30th-anniversary\/#breadcrumb"},"inLanguage":"en-US","potentialAction":[{"@type":"ReadAction","target":["https:\/\/www.morh.hr\/en\/the-katarina-zrinska-foreign-language-centre-marks-30th-anniversary\/"]}]},{"@type":"ImageObject","inLanguage":"en-US","@id":"https:\/\/www.morh.hr\/en\/the-katarina-zrinska-foreign-language-centre-marks-30th-anniversary\/#primaryimage","url":"https:\/\/www.morh.hr\/wp-content\/uploads\/2025\/05\/2025-04-01-30-obljetnica-sredista-za-strane-jezike-en.jpg","contentUrl":"https:\/\/www.morh.hr\/wp-content\/uploads\/2025\/05\/2025-04-01-30-obljetnica-sredista-za-strane-jezike-en.jpg","width":2400,"height":1600,"caption":"The Katarina Zrinska Foreign Language Centre marks 30th anniversary 1 April 2025 | Photo: CDA\/ S. \u0160pani\u0107"},{"@type":"BreadcrumbList","@id":"https:\/\/www.morh.hr\/en\/the-katarina-zrinska-foreign-language-centre-marks-30th-anniversary\/#breadcrumb","itemListElement":[{"@type":"ListItem","position":1,"name":"Naslovnica","item":"https:\/\/www.morh.hr\/en\/"},{"@type":"ListItem","position":2,"name":"News","item":"https:\/\/www.morh.hr\/en\/kategorija\/news\/"},{"@type":"ListItem","position":3,"name":"Press releases","item":"https:\/\/www.morh.hr\/en\/kategorija\/news\/press-releases\/"},{"@type":"ListItem","position":4,"name":"The Katarina Zrinska Foreign Language Centre marks 30th anniversary"}]},{"@type":"WebSite","@id":"https:\/\/www.morh.hr\/en\/#website","url":"https:\/\/www.morh.hr\/en\/","name":"MORH","description":"Ministarstvo obrane Republike Hrvatske - slu\u017ebene stranice","potentialAction":[{"@type":"SearchAction","target":{"@type":"EntryPoint","urlTemplate":"https:\/\/www.morh.hr\/en\/?s={search_term_string}"},"query-input":{"@type":"PropertyValueSpecification","valueRequired":true,"valueName":"search_term_string"}}],"inLanguage":"en-US"},{"@type":"Person","@id":"https:\/\/www.morh.hr\/en\/#\/schema\/person\/2d72e03399043d9513ab6bec75f2ce27","name":"Drazen","image":{"@type":"ImageObject","inLanguage":"en-US","@id":"https:\/\/www.morh.hr\/en\/#\/schema\/person\/image\/","url":"https:\/\/secure.gravatar.com\/avatar\/e36ef7e573425ae72988c73df868c1e87a656b0e005ca4fd7d30d2ba7e49c9cf?s=96&d=mm&r=g","contentUrl":"https:\/\/secure.gravatar.com\/avatar\/e36ef7e573425ae72988c73df868c1e87a656b0e005ca4fd7d30d2ba7e49c9cf?s=96&d=mm&r=g","caption":"Drazen"}}]}},"_links":{"self":[{"href":"https:\/\/www.morh.hr\/en\/wp-json\/wp\/v2\/posts\/254606","targetHints":{"allow":["GET"]}}],"collection":[{"href":"https:\/\/www.morh.hr\/en\/wp-json\/wp\/v2\/posts"}],"about":[{"href":"https:\/\/www.morh.hr\/en\/wp-json\/wp\/v2\/types\/post"}],"author":[{"embeddable":true,"href":"https:\/\/www.morh.hr\/en\/wp-json\/wp\/v2\/users\/3"}],"replies":[{"embeddable":true,"href":"https:\/\/www.morh.hr\/en\/wp-json\/wp\/v2\/comments?post=254606"}],"version-history":[{"count":1,"href":"https:\/\/www.morh.hr\/en\/wp-json\/wp\/v2\/posts\/254606\/revisions"}],"predecessor-version":[{"id":263838,"href":"https:\/\/www.morh.hr\/en\/wp-json\/wp\/v2\/posts\/254606\/revisions\/263838"}],"wp:featuredmedia":[{"embeddable":true,"href":"https:\/\/www.morh.hr\/en\/wp-json\/wp\/v2\/media\/254610"}],"wp:attachment":[{"href":"https:\/\/www.morh.hr\/en\/wp-json\/wp\/v2\/media?parent=254606"}],"wp:term":[{"taxonomy":"category","embeddable":true,"href":"https:\/\/www.morh.hr\/en\/wp-json\/wp\/v2\/categories?post=254606"},{"taxonomy":"post_tag","embeddable":true,"href":"https:\/\/www.morh.hr\/en\/wp-json\/wp\/v2\/tags?post=254606"}],"curies":[{"name":"wp","href":"https:\/\/api.w.org\/{rel}","templated":true}]}}