{"id":254613,"date":"2025-04-02T11:51:36","date_gmt":"2025-04-02T09:51:36","guid":{"rendered":"https:\/\/www.morh.hr\/?p=254613"},"modified":"2025-11-26T15:16:07","modified_gmt":"2025-11-26T14:16:07","slug":"minister-anusic-pays-visit-to-warsaw-croatia-will-maximize-the-use-of-funds-for-domestic-defence-industry","status":"publish","type":"post","link":"https:\/\/www.morh.hr\/en\/minister-anusic-pays-visit-to-warsaw-croatia-will-maximize-the-use-of-funds-for-domestic-defence-industry\/","title":{"rendered":"Minister Anu\u0161i\u0107 pays visit to Warsaw: Croatia will maximize the use of funds for domestic defence industry"},"content":{"rendered":"<p>On 2 and 3 April 2025, Croatian Deputy Prime Minister and Defence Minister Ivan Anu\u0161i\u0107 participated in the Security Forum and an informal meeting of European Union defence ministers in Warsaw, Poland.<\/p>\n<p>During the meeting, EU defence ministers discussed the White Paper on the future of European defence, the development of EU defence capabilities, financing for the development of these capabilities, and other issues.<\/p>\n<p>Minister Anu\u0161i\u0107 emphasized the importance of continuous investment in both defence and the domestic defence industry. Regarding the proposed new SAFE (Security Action for Europe) regulation to establish a new EU instrument worth \u20ac150 billion to help member states secure loans for urgent defence investments through joint procurement, Minister Anu\u0161i\u0107 said that Croatia will find the best way to utilize the financial resources available to member states.<\/p>\n<p><strong>Croatia has reached its defence spending goal of 2% of GDP this year<\/strong><\/p>\n<p>Speaking on the importance of defence investment, Minister Anu\u0161i\u0107 said that Croatia has met the NATO goal of allocating 2% of its GDP to defence this year. He also outlined future plans: &#8220;By 2027, Croatia aims to increase defence spending to 2.5% of GDP, with the ultimate goal of reaching 3%.&#8221;<\/p>\n<p><strong>The importance of investing in the domestic defence industry<\/strong><\/p>\n<p>Minister Anu\u0161i\u0107 also emphasized the need to develop and invest in Croatia\u2019s defence industry: &#8220;We must focus on developing our own defence industry \u2013 not just on purchasing weapons, but on developing and investing in our domestic industry. At the same time, we will continue all necessary cooperation efforts for the procurement of the weapons and equipment that Croatia is not yet able to produce.&#8221;<\/p>\n<p><strong>White Paper on European Defence<\/strong><\/p>\n<p>At the Warsaw Security Forum, the White Paper on European Defence \u2013 Readiness 2030 was presented. It contains proposed solutions to bridge critical capability gaps, build a strong defence industrial base, and enable member states to significantly increase defence investments, procure defence systems, and enhance the long-term readiness of the European defence industry, all while continuing support for Ukraine. The document provides a strategic vision for European readiness, an assessment of the current state of critical defence capabilities, including regulations affecting them, and a review of concrete steps and recommendations for future action. Additionally, the paper addresses potential modalities for supporting Ukraine and strengthening the European defence industry, outlines funding mechanisms to enhance readiness (previously introduced in the ReArm Plan), and touches on the EU partnerships.<\/p>\n<p>The European Commission has identified, in the context of addressing critically lacking capabilities, seven capability areas in which EU member states need to jointly prioritize spending, as they have implications for the entire Union. Projects that could be designated as projects of common interest include: air and missile defence; artillery systems: ammunition and missiles; drones and counter-drone systems; military mobility; artificial intelligence; quantum technologies; cyber and electronic warfare; and strategic enablers, combat capabilities, and protection of critical infrastructure.<\/p>\n<div class=\"morh-galleria\"><a href=\"https:\/\/live.staticflickr.com\/65535\/54500025492_2857f53b9f_h.jpg\" title=\"Ministar Anu\u0161i\u0107 u Var\u0161avi: ReArm je velika prilika, ali moramo pojednostaviti birokraciju\"><img decoding=\"async\" data-title=\"Ministar Anu\u0161i\u0107 u Var\u0161avi: ReArm je velika prilika, ali moramo pojednostaviti birokraciju\" data-description=\"Potpredsjednik Vlade i ministar obrane Ivan Anu\u0161i\u0107 i na\u010delnik Glavnog sto\u017eera Oru\u017eanih snaga RH general-pukovnik Tihomir Kundid sudjelovali su danas na me\u0111unarodnoj sigurnosnoj konferenciji Defence24Days, koja se odr\u017eava u Var\u0161avi. Ministar Anu\u0161i\u0107 sudjelovao je na panelu Novi temelji obrambenog sustava. ReArm Europe \u2013 prilika za vojnu neovisnost | Foto: MORH\/ F. Klen\" alt=\"Ministar Anu\u0161i\u0107 u Var\u0161avi: ReArm je velika prilika, ali moramo pojednostaviti birokraciju\" src=\"https:\/\/live.staticflickr.com\/65535\/54500025492_2857f53b9f_h.jpg\" data-layer=\"&lt;div class=&#039;morh-gallery-image-download&#039;&gt;&lt;a href=&#039;https:\/\/live.staticflickr.com\/65535\/54500025492_0faa3dee6a_o.jpg&#039; target=&#039;_blank&#039;&gt;Slika za preuzimanje&lt;\/a&gt;&lt;\/div&gt;\" \/><\/a><a href=\"https:\/\/live.staticflickr.com\/65535\/54501246305_d447f7ec7d_h.jpg\" title=\"Ministar Anu\u0161i\u0107 u Var\u0161avi: ReArm je velika prilika, ali moramo pojednostaviti birokraciju\"><img decoding=\"async\" data-title=\"Ministar Anu\u0161i\u0107 u Var\u0161avi: ReArm je velika prilika, ali moramo pojednostaviti birokraciju\" data-description=\"Potpredsjednik Vlade i ministar obrane Ivan Anu\u0161i\u0107 i na\u010delnik Glavnog sto\u017eera Oru\u017eanih snaga RH general-pukovnik Tihomir Kundid sudjelovali su danas na me\u0111unarodnoj sigurnosnoj konferenciji Defence24Days, koja se odr\u017eava u Var\u0161avi. Ministar Anu\u0161i\u0107 sudjelovao je na panelu Novi temelji obrambenog sustava. ReArm Europe \u2013 prilika za vojnu neovisnost | Foto: MORH\/ F. Klen\" alt=\"Ministar Anu\u0161i\u0107 u Var\u0161avi: ReArm je velika prilika, ali moramo pojednostaviti birokraciju\" src=\"https:\/\/live.staticflickr.com\/65535\/54501246305_d447f7ec7d_h.jpg\" data-layer=\"&lt;div class=&#039;morh-gallery-image-download&#039;&gt;&lt;a href=&#039;https:\/\/live.staticflickr.com\/65535\/54501246305_b4142467c5_o.jpg&#039; target=&#039;_blank&#039;&gt;Slika za preuzimanje&lt;\/a&gt;&lt;\/div&gt;\" \/><\/a><a href=\"https:\/\/live.staticflickr.com\/65535\/54501153233_7b465bb473_h.jpg\" title=\"Ministar Anu\u0161i\u0107 u Var\u0161avi: ReArm je velika prilika, ali moramo pojednostaviti birokraciju\"><img decoding=\"async\" data-title=\"Ministar Anu\u0161i\u0107 u Var\u0161avi: ReArm je velika prilika, ali moramo pojednostaviti birokraciju\" data-description=\"Potpredsjednik Vlade i ministar obrane Ivan Anu\u0161i\u0107 i na\u010delnik Glavnog sto\u017eera Oru\u017eanih snaga RH general-pukovnik Tihomir Kundid sudjelovali su danas na me\u0111unarodnoj sigurnosnoj konferenciji Defence24Days, koja se odr\u017eava u Var\u0161avi. Ministar Anu\u0161i\u0107 sudjelovao je na panelu Novi temelji obrambenog sustava. ReArm Europe \u2013 prilika za vojnu neovisnost | Foto: MORH\/ F. Klen\" alt=\"Ministar Anu\u0161i\u0107 u Var\u0161avi: ReArm je velika prilika, ali moramo pojednostaviti birokraciju\" src=\"https:\/\/live.staticflickr.com\/65535\/54501153233_7b465bb473_h.jpg\" data-layer=\"&lt;div class=&#039;morh-gallery-image-download&#039;&gt;&lt;a href=&#039;https:\/\/live.staticflickr.com\/65535\/54501153233_53272113f2_o.jpg&#039; target=&#039;_blank&#039;&gt;Slika za preuzimanje&lt;\/a&gt;&lt;\/div&gt;\" \/><\/a><a href=\"https:\/\/live.staticflickr.com\/65535\/54501246290_28c2574c1e_h.jpg\" title=\"Ministar Anu\u0161i\u0107 u Var\u0161avi: ReArm je velika prilika, ali moramo pojednostaviti birokraciju\"><img decoding=\"async\" data-title=\"Ministar Anu\u0161i\u0107 u Var\u0161avi: ReArm je velika prilika, ali moramo pojednostaviti birokraciju\" data-description=\"Potpredsjednik Vlade i ministar obrane Ivan Anu\u0161i\u0107 i na\u010delnik Glavnog sto\u017eera Oru\u017eanih snaga RH general-pukovnik Tihomir Kundid sudjelovali su danas na me\u0111unarodnoj sigurnosnoj konferenciji Defence24Days, koja se odr\u017eava u Var\u0161avi. Ministar Anu\u0161i\u0107 sudjelovao je na panelu Novi temelji obrambenog sustava. ReArm Europe \u2013 prilika za vojnu neovisnost | Foto: MORH\/ F. Klen\" alt=\"Ministar Anu\u0161i\u0107 u Var\u0161avi: ReArm je velika prilika, ali moramo pojednostaviti birokraciju\" src=\"https:\/\/live.staticflickr.com\/65535\/54501246290_28c2574c1e_h.jpg\" data-layer=\"&lt;div class=&#039;morh-gallery-image-download&#039;&gt;&lt;a href=&#039;https:\/\/live.staticflickr.com\/65535\/54501246290_d194462a0f_o.jpg&#039; target=&#039;_blank&#039;&gt;Slika za preuzimanje&lt;\/a&gt;&lt;\/div&gt;\" \/><\/a><a href=\"https:\/\/live.staticflickr.com\/65535\/54501074319_74c745e8bf_h.jpg\" title=\"Ministar Anu\u0161i\u0107 u Var\u0161avi: ReArm je velika prilika, ali moramo pojednostaviti birokraciju\"><img decoding=\"async\" data-title=\"Ministar Anu\u0161i\u0107 u Var\u0161avi: ReArm je velika prilika, ali moramo pojednostaviti birokraciju\" data-description=\"Potpredsjednik Vlade i ministar obrane Ivan Anu\u0161i\u0107 i na\u010delnik Glavnog sto\u017eera Oru\u017eanih snaga RH general-pukovnik Tihomir Kundid sudjelovali su danas na me\u0111unarodnoj sigurnosnoj konferenciji Defence24Days, koja se odr\u017eava u Var\u0161avi. Ministar Anu\u0161i\u0107 sudjelovao je na panelu Novi temelji obrambenog sustava. ReArm Europe \u2013 prilika za vojnu neovisnost | Foto: MORH\/ F. Klen\" alt=\"Ministar Anu\u0161i\u0107 u Var\u0161avi: ReArm je velika prilika, ali moramo pojednostaviti birokraciju\" src=\"https:\/\/live.staticflickr.com\/65535\/54501074319_74c745e8bf_h.jpg\" data-layer=\"&lt;div class=&#039;morh-gallery-image-download&#039;&gt;&lt;a href=&#039;https:\/\/live.staticflickr.com\/65535\/54501074319_80df16a358_o.jpg&#039; target=&#039;_blank&#039;&gt;Slika za preuzimanje&lt;\/a&gt;&lt;\/div&gt;\" \/><\/a><a href=\"https:\/\/live.staticflickr.com\/65535\/54501074344_956a70f55f_h.jpg\" title=\"Ministar Anu\u0161i\u0107 u Var\u0161avi: ReArm je velika prilika, ali moramo pojednostaviti birokraciju\"><img decoding=\"async\" data-title=\"Ministar Anu\u0161i\u0107 u Var\u0161avi: ReArm je velika prilika, ali moramo pojednostaviti birokraciju\" data-description=\"Potpredsjednik Vlade i ministar obrane Ivan Anu\u0161i\u0107 i na\u010delnik Glavnog sto\u017eera Oru\u017eanih snaga RH general-pukovnik Tihomir Kundid sudjelovali su danas na me\u0111unarodnoj sigurnosnoj konferenciji Defence24Days, koja se odr\u017eava u Var\u0161avi. Ministar Anu\u0161i\u0107 sudjelovao je na panelu Novi temelji obrambenog sustava. ReArm Europe \u2013 prilika za vojnu neovisnost | Foto: MORH\/ F. Klen\" alt=\"Ministar Anu\u0161i\u0107 u Var\u0161avi: ReArm je velika prilika, ali moramo pojednostaviti birokraciju\" src=\"https:\/\/live.staticflickr.com\/65535\/54501074344_956a70f55f_h.jpg\" data-layer=\"&lt;div class=&#039;morh-gallery-image-download&#039;&gt;&lt;a href=&#039;https:\/\/live.staticflickr.com\/65535\/54501074344_351d0ae95e_o.jpg&#039; target=&#039;_blank&#039;&gt;Slika za preuzimanje&lt;\/a&gt;&lt;\/div&gt;\" \/><\/a><a href=\"https:\/\/live.staticflickr.com\/65535\/54500025462_d21c3405a6_h.jpg\" title=\"Ministar Anu\u0161i\u0107 u Var\u0161avi: ReArm je velika prilika, ali moramo pojednostaviti birokraciju\"><img decoding=\"async\" data-title=\"Ministar Anu\u0161i\u0107 u Var\u0161avi: ReArm je velika prilika, ali moramo pojednostaviti birokraciju\" data-description=\"Potpredsjednik Vlade i ministar obrane Ivan Anu\u0161i\u0107 i na\u010delnik Glavnog sto\u017eera Oru\u017eanih snaga RH general-pukovnik Tihomir Kundid sudjelovali su danas na me\u0111unarodnoj sigurnosnoj konferenciji Defence24Days, koja se odr\u017eava u Var\u0161avi. Ministar Anu\u0161i\u0107 sudjelovao je na panelu Novi temelji obrambenog sustava. ReArm Europe \u2013 prilika za vojnu neovisnost | Foto: MORH\/ F. Klen\" alt=\"Ministar Anu\u0161i\u0107 u Var\u0161avi: ReArm je velika prilika, ali moramo pojednostaviti birokraciju\" src=\"https:\/\/live.staticflickr.com\/65535\/54500025462_d21c3405a6_h.jpg\" data-layer=\"&lt;div class=&#039;morh-gallery-image-download&#039;&gt;&lt;a href=&#039;https:\/\/live.staticflickr.com\/65535\/54500025462_87bd35acff_o.jpg&#039; target=&#039;_blank&#039;&gt;Slika za preuzimanje&lt;\/a&gt;&lt;\/div&gt;\" \/><\/a><a href=\"https:\/\/live.staticflickr.com\/65535\/54500890746_4081426489_h.jpg\" title=\"Ministar Anu\u0161i\u0107 u Var\u0161avi: ReArm je velika prilika, ali moramo pojednostaviti birokraciju\"><img decoding=\"async\" data-title=\"Ministar Anu\u0161i\u0107 u Var\u0161avi: ReArm je velika prilika, ali moramo pojednostaviti birokraciju\" data-description=\"Potpredsjednik Vlade i ministar obrane Ivan Anu\u0161i\u0107 i na\u010delnik Glavnog sto\u017eera Oru\u017eanih snaga RH general-pukovnik Tihomir Kundid sudjelovali su danas na me\u0111unarodnoj sigurnosnoj konferenciji Defence24Days, koja se odr\u017eava u Var\u0161avi. Ministar Anu\u0161i\u0107 sudjelovao je na panelu Novi temelji obrambenog sustava. ReArm Europe \u2013 prilika za vojnu neovisnost | Foto: MORH\/ F. Klen\" alt=\"Ministar Anu\u0161i\u0107 u Var\u0161avi: ReArm je velika prilika, ali moramo pojednostaviti birokraciju\" src=\"https:\/\/live.staticflickr.com\/65535\/54500890746_4081426489_h.jpg\" data-layer=\"&lt;div class=&#039;morh-gallery-image-download&#039;&gt;&lt;a href=&#039;https:\/\/live.staticflickr.com\/65535\/54500890746_bf2d9a0350_o.jpg&#039; target=&#039;_blank&#039;&gt;Slika za preuzimanje&lt;\/a&gt;&lt;\/div&gt;\" \/><\/a><a href=\"https:\/\/live.staticflickr.com\/65535\/54500890716_ba386d29f1_h.jpg\" title=\"Ministar Anu\u0161i\u0107 u Var\u0161avi: ReArm je velika prilika, ali moramo pojednostaviti birokraciju\"><img decoding=\"async\" data-title=\"Ministar Anu\u0161i\u0107 u Var\u0161avi: ReArm je velika prilika, ali moramo pojednostaviti birokraciju\" data-description=\"Potpredsjednik Vlade i ministar obrane Ivan Anu\u0161i\u0107 i na\u010delnik Glavnog sto\u017eera Oru\u017eanih snaga RH general-pukovnik Tihomir Kundid sudjelovali su danas na me\u0111unarodnoj sigurnosnoj konferenciji Defence24Days, koja se odr\u017eava u Var\u0161avi. Ministar Anu\u0161i\u0107 sudjelovao je na panelu Novi temelji obrambenog sustava. ReArm Europe \u2013 prilika za vojnu neovisnost | Foto: MORH\/ F. Klen\" alt=\"Ministar Anu\u0161i\u0107 u Var\u0161avi: ReArm je velika prilika, ali moramo pojednostaviti birokraciju\" src=\"https:\/\/live.staticflickr.com\/65535\/54500890716_ba386d29f1_h.jpg\" data-layer=\"&lt;div class=&#039;morh-gallery-image-download&#039;&gt;&lt;a href=&#039;https:\/\/live.staticflickr.com\/65535\/54500890716_5829178832_o.jpg&#039; target=&#039;_blank&#039;&gt;Slika za preuzimanje&lt;\/a&gt;&lt;\/div&gt;\" \/><\/a><a href=\"https:\/\/live.staticflickr.com\/65535\/54501153068_c324a7360e_h.jpg\" title=\"Ministar Anu\u0161i\u0107 u Var\u0161avi: ReArm je velika prilika, ali moramo pojednostaviti birokraciju\"><img decoding=\"async\" data-title=\"Ministar Anu\u0161i\u0107 u Var\u0161avi: ReArm je velika prilika, ali moramo pojednostaviti birokraciju\" data-description=\"Potpredsjednik Vlade i ministar obrane Ivan Anu\u0161i\u0107 i na\u010delnik Glavnog sto\u017eera Oru\u017eanih snaga RH general-pukovnik Tihomir Kundid sudjelovali su danas na me\u0111unarodnoj sigurnosnoj konferenciji Defence24Days, koja se odr\u017eava u Var\u0161avi. Ministar Anu\u0161i\u0107 sudjelovao je na panelu Novi temelji obrambenog sustava. ReArm Europe \u2013 prilika za vojnu neovisnost | Foto: MORH\/ F. Klen\" alt=\"Ministar Anu\u0161i\u0107 u Var\u0161avi: ReArm je velika prilika, ali moramo pojednostaviti birokraciju\" src=\"https:\/\/live.staticflickr.com\/65535\/54501153068_c324a7360e_h.jpg\" data-layer=\"&lt;div class=&#039;morh-gallery-image-download&#039;&gt;&lt;a href=&#039;https:\/\/live.staticflickr.com\/65535\/54501153068_9f907bb972_o.jpg&#039; target=&#039;_blank&#039;&gt;Slika za preuzimanje&lt;\/a&gt;&lt;\/div&gt;\" \/><\/a><a href=\"https:\/\/live.staticflickr.com\/65535\/54501153093_c1e50a1d4a_h.jpg\" title=\"Ministar Anu\u0161i\u0107 u Var\u0161avi: ReArm je velika prilika, ali moramo pojednostaviti birokraciju\"><img decoding=\"async\" data-title=\"Ministar Anu\u0161i\u0107 u Var\u0161avi: ReArm je velika prilika, ali moramo pojednostaviti birokraciju\" data-description=\"Potpredsjednik Vlade i ministar obrane Ivan Anu\u0161i\u0107 i na\u010delnik Glavnog sto\u017eera Oru\u017eanih snaga RH general-pukovnik Tihomir Kundid sudjelovali su danas na me\u0111unarodnoj sigurnosnoj konferenciji Defence24Days, koja se odr\u017eava u Var\u0161avi. Ministar Anu\u0161i\u0107 sudjelovao je na panelu Novi temelji obrambenog sustava. ReArm Europe \u2013 prilika za vojnu neovisnost | Foto: MORH\/ F. Klen\" alt=\"Ministar Anu\u0161i\u0107 u Var\u0161avi: ReArm je velika prilika, ali moramo pojednostaviti birokraciju\" src=\"https:\/\/live.staticflickr.com\/65535\/54501153093_c1e50a1d4a_h.jpg\" data-layer=\"&lt;div class=&#039;morh-gallery-image-download&#039;&gt;&lt;a href=&#039;https:\/\/live.staticflickr.com\/65535\/54501153093_29166a9838_o.jpg&#039; target=&#039;_blank&#039;&gt;Slika za preuzimanje&lt;\/a&gt;&lt;\/div&gt;\" \/><\/a><a href=\"https:\/\/live.staticflickr.com\/65535\/54501246185_038dd6bfb8_h.jpg\" title=\"Ministar Anu\u0161i\u0107 u Var\u0161avi: ReArm je velika prilika, ali moramo pojednostaviti birokraciju\"><img decoding=\"async\" data-title=\"Ministar Anu\u0161i\u0107 u Var\u0161avi: ReArm je velika prilika, ali moramo pojednostaviti birokraciju\" data-description=\"Potpredsjednik Vlade i ministar obrane Ivan Anu\u0161i\u0107 i na\u010delnik Glavnog sto\u017eera Oru\u017eanih snaga RH general-pukovnik Tihomir Kundid sudjelovali su danas na me\u0111unarodnoj sigurnosnoj konferenciji Defence24Days, koja se odr\u017eava u Var\u0161avi. Ministar Anu\u0161i\u0107 sudjelovao je na panelu Novi temelji obrambenog sustava. ReArm Europe \u2013 prilika za vojnu neovisnost | Foto: MORH\/ F. Klen\" alt=\"Ministar Anu\u0161i\u0107 u Var\u0161avi: ReArm je velika prilika, ali moramo pojednostaviti birokraciju\" src=\"https:\/\/live.staticflickr.com\/65535\/54501246185_038dd6bfb8_h.jpg\" data-layer=\"&lt;div class=&#039;morh-gallery-image-download&#039;&gt;&lt;a href=&#039;https:\/\/live.staticflickr.com\/65535\/54501246185_b6a0cb386a_o.jpg&#039; target=&#039;_blank&#039;&gt;Slika za preuzimanje&lt;\/a&gt;&lt;\/div&gt;\" \/><\/a><a href=\"https:\/\/live.staticflickr.com\/65535\/54501152953_21dc78a605_h.jpg\" title=\"Ministar Anu\u0161i\u0107 u Var\u0161avi: ReArm je velika prilika, ali moramo pojednostaviti birokraciju\"><img decoding=\"async\" data-title=\"Ministar Anu\u0161i\u0107 u Var\u0161avi: ReArm je velika prilika, ali moramo pojednostaviti birokraciju\" data-description=\"Potpredsjednik Vlade i ministar obrane Ivan Anu\u0161i\u0107 i na\u010delnik Glavnog sto\u017eera Oru\u017eanih snaga RH general-pukovnik Tihomir Kundid sudjelovali su danas na me\u0111unarodnoj sigurnosnoj konferenciji Defence24Days, koja se odr\u017eava u Var\u0161avi. Ministar Anu\u0161i\u0107 sudjelovao je na panelu Novi temelji obrambenog sustava. ReArm Europe \u2013 prilika za vojnu neovisnost | Foto: MORH\/ F. Klen\" alt=\"Ministar Anu\u0161i\u0107 u Var\u0161avi: ReArm je velika prilika, ali moramo pojednostaviti birokraciju\" src=\"https:\/\/live.staticflickr.com\/65535\/54501152953_21dc78a605_h.jpg\" data-layer=\"&lt;div class=&#039;morh-gallery-image-download&#039;&gt;&lt;a href=&#039;https:\/\/live.staticflickr.com\/65535\/54501152953_cba0c75c07_o.jpg&#039; target=&#039;_blank&#039;&gt;Slika za preuzimanje&lt;\/a&gt;&lt;\/div&gt;\" \/><\/a><a href=\"https:\/\/live.staticflickr.com\/65535\/54501246090_cd195cb8ab_h.jpg\" title=\"Ministar Anu\u0161i\u0107 u Var\u0161avi: ReArm je velika prilika, ali moramo pojednostaviti birokraciju\"><img decoding=\"async\" data-title=\"Ministar Anu\u0161i\u0107 u Var\u0161avi: ReArm je velika prilika, ali moramo pojednostaviti birokraciju\" data-description=\"Potpredsjednik Vlade i ministar obrane Ivan Anu\u0161i\u0107 i na\u010delnik Glavnog sto\u017eera Oru\u017eanih snaga RH general-pukovnik Tihomir Kundid sudjelovali su danas na me\u0111unarodnoj sigurnosnoj konferenciji Defence24Days, koja se odr\u017eava u Var\u0161avi. Ministar Anu\u0161i\u0107 sudjelovao je na panelu Novi temelji obrambenog sustava. ReArm Europe \u2013 prilika za vojnu neovisnost | Foto: MORH\/ F. Klen\" alt=\"Ministar Anu\u0161i\u0107 u Var\u0161avi: ReArm je velika prilika, ali moramo pojednostaviti birokraciju\" src=\"https:\/\/live.staticflickr.com\/65535\/54501246090_cd195cb8ab_h.jpg\" data-layer=\"&lt;div class=&#039;morh-gallery-image-download&#039;&gt;&lt;a href=&#039;https:\/\/live.staticflickr.com\/65535\/54501246090_5ffaae2276_o.jpg&#039; target=&#039;_blank&#039;&gt;Slika za preuzimanje&lt;\/a&gt;&lt;\/div&gt;\" \/><\/a><a href=\"https:\/\/live.staticflickr.com\/65535\/54501074159_2198c34144_h.jpg\" title=\"Ministar Anu\u0161i\u0107 u Var\u0161avi: ReArm je velika prilika, ali moramo pojednostaviti birokraciju\"><img decoding=\"async\" data-title=\"Ministar Anu\u0161i\u0107 u Var\u0161avi: ReArm je velika prilika, ali moramo pojednostaviti birokraciju\" data-description=\"Potpredsjednik Vlade i ministar obrane Ivan Anu\u0161i\u0107 i na\u010delnik Glavnog sto\u017eera Oru\u017eanih snaga RH general-pukovnik Tihomir Kundid sudjelovali su danas na me\u0111unarodnoj sigurnosnoj konferenciji Defence24Days, koja se odr\u017eava u Var\u0161avi. Ministar Anu\u0161i\u0107 sudjelovao je na panelu Novi temelji obrambenog sustava. ReArm Europe \u2013 prilika za vojnu neovisnost | Foto: MORH\/ F. Klen\" alt=\"Ministar Anu\u0161i\u0107 u Var\u0161avi: ReArm je velika prilika, ali moramo pojednostaviti birokraciju\" src=\"https:\/\/live.staticflickr.com\/65535\/54501074159_2198c34144_h.jpg\" data-layer=\"&lt;div class=&#039;morh-gallery-image-download&#039;&gt;&lt;a href=&#039;https:\/\/live.staticflickr.com\/65535\/54501074159_f3df4d7dcd_o.jpg&#039; target=&#039;_blank&#039;&gt;Slika za preuzimanje&lt;\/a&gt;&lt;\/div&gt;\" \/><\/a><a href=\"https:\/\/live.staticflickr.com\/65535\/54500890531_6678285e4e_h.jpg\" title=\"Ministar Anu\u0161i\u0107 u Var\u0161avi: ReArm je velika prilika, ali moramo pojednostaviti birokraciju\"><img decoding=\"async\" data-title=\"Ministar Anu\u0161i\u0107 u Var\u0161avi: ReArm je velika prilika, ali moramo pojednostaviti birokraciju\" data-description=\"Potpredsjednik Vlade i ministar obrane Ivan Anu\u0161i\u0107 i na\u010delnik Glavnog sto\u017eera Oru\u017eanih snaga RH general-pukovnik Tihomir Kundid sudjelovali su danas na me\u0111unarodnoj sigurnosnoj konferenciji Defence24Days, koja se odr\u017eava u Var\u0161avi. Ministar Anu\u0161i\u0107 sudjelovao je na panelu Novi temelji obrambenog sustava. ReArm Europe \u2013 prilika za vojnu neovisnost | Foto: MORH\/ F. Klen\" alt=\"Ministar Anu\u0161i\u0107 u Var\u0161avi: ReArm je velika prilika, ali moramo pojednostaviti birokraciju\" src=\"https:\/\/live.staticflickr.com\/65535\/54500890531_6678285e4e_h.jpg\" data-layer=\"&lt;div class=&#039;morh-gallery-image-download&#039;&gt;&lt;a href=&#039;https:\/\/live.staticflickr.com\/65535\/54500890531_ec48576e6c_o.jpg&#039; target=&#039;_blank&#039;&gt;Slika za preuzimanje&lt;\/a&gt;&lt;\/div&gt;\" \/><\/a><a href=\"https:\/\/live.staticflickr.com\/65535\/54501074119_7a10983478_h.jpg\" title=\"Ministar Anu\u0161i\u0107 u Var\u0161avi: ReArm je velika prilika, ali moramo pojednostaviti birokraciju\"><img decoding=\"async\" data-title=\"Ministar Anu\u0161i\u0107 u Var\u0161avi: ReArm je velika prilika, ali moramo pojednostaviti birokraciju\" data-description=\"Potpredsjednik Vlade i ministar obrane Ivan Anu\u0161i\u0107 i na\u010delnik Glavnog sto\u017eera Oru\u017eanih snaga RH general-pukovnik Tihomir Kundid sudjelovali su danas na me\u0111unarodnoj sigurnosnoj konferenciji Defence24Days, koja se odr\u017eava u Var\u0161avi. Ministar Anu\u0161i\u0107 sudjelovao je na panelu Novi temelji obrambenog sustava. ReArm Europe \u2013 prilika za vojnu neovisnost | Foto: MORH\/ F. Klen\" alt=\"Ministar Anu\u0161i\u0107 u Var\u0161avi: ReArm je velika prilika, ali moramo pojednostaviti birokraciju\" src=\"https:\/\/live.staticflickr.com\/65535\/54501074119_7a10983478_h.jpg\" data-layer=\"&lt;div class=&#039;morh-gallery-image-download&#039;&gt;&lt;a href=&#039;https:\/\/live.staticflickr.com\/65535\/54501074119_21b4562279_o.jpg&#039; target=&#039;_blank&#039;&gt;Slika za preuzimanje&lt;\/a&gt;&lt;\/div&gt;\" \/><\/a><a href=\"https:\/\/live.staticflickr.com\/65535\/54501246100_13fe5c18f1_h.jpg\" title=\"Ministar Anu\u0161i\u0107 u Var\u0161avi: ReArm je velika prilika, ali moramo pojednostaviti birokraciju\"><img decoding=\"async\" data-title=\"Ministar Anu\u0161i\u0107 u Var\u0161avi: ReArm je velika prilika, ali moramo pojednostaviti birokraciju\" data-description=\"Potpredsjednik Vlade i ministar obrane Ivan Anu\u0161i\u0107 i na\u010delnik Glavnog sto\u017eera Oru\u017eanih snaga RH general-pukovnik Tihomir Kundid sudjelovali su danas na me\u0111unarodnoj sigurnosnoj konferenciji Defence24Days, koja se odr\u017eava u Var\u0161avi. Ministar Anu\u0161i\u0107 sudjelovao je na panelu Novi temelji obrambenog sustava. ReArm Europe \u2013 prilika za vojnu neovisnost | Foto: MORH\/ F. Klen\" alt=\"Ministar Anu\u0161i\u0107 u Var\u0161avi: ReArm je velika prilika, ali moramo pojednostaviti birokraciju\" src=\"https:\/\/live.staticflickr.com\/65535\/54501246100_13fe5c18f1_h.jpg\" data-layer=\"&lt;div class=&#039;morh-gallery-image-download&#039;&gt;&lt;a href=&#039;https:\/\/live.staticflickr.com\/65535\/54501246100_6ea2dc940a_o.jpg&#039; target=&#039;_blank&#039;&gt;Slika za preuzimanje&lt;\/a&gt;&lt;\/div&gt;\" \/><\/a><a href=\"https:\/\/live.staticflickr.com\/65535\/54500025252_9af9f253bf_h.jpg\" title=\"Ministar Anu\u0161i\u0107 u Var\u0161avi: ReArm je velika prilika, ali moramo pojednostaviti birokraciju\"><img decoding=\"async\" data-title=\"Ministar Anu\u0161i\u0107 u Var\u0161avi: ReArm je velika prilika, ali moramo pojednostaviti birokraciju\" data-description=\"Potpredsjednik Vlade i ministar obrane Ivan Anu\u0161i\u0107 i na\u010delnik Glavnog sto\u017eera Oru\u017eanih snaga RH general-pukovnik Tihomir Kundid sudjelovali su danas na me\u0111unarodnoj sigurnosnoj konferenciji Defence24Days, koja se odr\u017eava u Var\u0161avi. Ministar Anu\u0161i\u0107 sudjelovao je na panelu Novi temelji obrambenog sustava. ReArm Europe \u2013 prilika za vojnu neovisnost | Foto: MORH\/ F. Klen\" alt=\"Ministar Anu\u0161i\u0107 u Var\u0161avi: ReArm je velika prilika, ali moramo pojednostaviti birokraciju\" src=\"https:\/\/live.staticflickr.com\/65535\/54500025252_9af9f253bf_h.jpg\" data-layer=\"&lt;div class=&#039;morh-gallery-image-download&#039;&gt;&lt;a href=&#039;https:\/\/live.staticflickr.com\/65535\/54500025252_9a24c4f8bf_o.jpg&#039; target=&#039;_blank&#039;&gt;Slika za preuzimanje&lt;\/a&gt;&lt;\/div&gt;\" \/><\/a><a href=\"https:\/\/live.staticflickr.com\/65535\/54500890451_9ab509066a_h.jpg\" title=\"Ministar Anu\u0161i\u0107 u Var\u0161avi: ReArm je velika prilika, ali moramo pojednostaviti birokraciju\"><img decoding=\"async\" data-title=\"Ministar Anu\u0161i\u0107 u Var\u0161avi: ReArm je velika prilika, ali moramo pojednostaviti birokraciju\" data-description=\"Potpredsjednik Vlade i ministar obrane Ivan Anu\u0161i\u0107 i na\u010delnik Glavnog sto\u017eera Oru\u017eanih snaga RH general-pukovnik Tihomir Kundid sudjelovali su danas na me\u0111unarodnoj sigurnosnoj konferenciji Defence24Days, koja se odr\u017eava u Var\u0161avi. Ministar Anu\u0161i\u0107 sudjelovao je na panelu Novi temelji obrambenog sustava. ReArm Europe \u2013 prilika za vojnu neovisnost | Foto: MORH\/ F. Klen\" alt=\"Ministar Anu\u0161i\u0107 u Var\u0161avi: ReArm je velika prilika, ali moramo pojednostaviti birokraciju\" src=\"https:\/\/live.staticflickr.com\/65535\/54500890451_9ab509066a_h.jpg\" data-layer=\"&lt;div class=&#039;morh-gallery-image-download&#039;&gt;&lt;a href=&#039;https:\/\/live.staticflickr.com\/65535\/54500890451_ec82eae5d8_o.jpg&#039; target=&#039;_blank&#039;&gt;Slika za preuzimanje&lt;\/a&gt;&lt;\/div&gt;\" \/><\/a><a href=\"https:\/\/live.staticflickr.com\/65535\/54500890441_a1672aeac7_h.jpg\" title=\"Ministar Anu\u0161i\u0107 u Var\u0161avi: ReArm je velika prilika, ali moramo pojednostaviti birokraciju\"><img decoding=\"async\" data-title=\"Ministar Anu\u0161i\u0107 u Var\u0161avi: ReArm je velika prilika, ali moramo pojednostaviti birokraciju\" data-description=\"Potpredsjednik Vlade i ministar obrane Ivan Anu\u0161i\u0107 i na\u010delnik Glavnog sto\u017eera Oru\u017eanih snaga RH general-pukovnik Tihomir Kundid sudjelovali su danas na me\u0111unarodnoj sigurnosnoj konferenciji Defence24Days, koja se odr\u017eava u Var\u0161avi. Ministar Anu\u0161i\u0107 sudjelovao je na panelu Novi temelji obrambenog sustava. ReArm Europe \u2013 prilika za vojnu neovisnost | Foto: MORH\/ F. Klen\" alt=\"Ministar Anu\u0161i\u0107 u Var\u0161avi: ReArm je velika prilika, ali moramo pojednostaviti birokraciju\" src=\"https:\/\/live.staticflickr.com\/65535\/54500890441_a1672aeac7_h.jpg\" data-layer=\"&lt;div class=&#039;morh-gallery-image-download&#039;&gt;&lt;a href=&#039;https:\/\/live.staticflickr.com\/65535\/54500890441_68634e6770_o.jpg&#039; target=&#039;_blank&#039;&gt;Slika za preuzimanje&lt;\/a&gt;&lt;\/div&gt;\" \/><\/a><\/div><!--\/.morh-galleria -->\n","protected":false},"excerpt":{"rendered":"<p>White Paper on the future of European defence presented at the Warsaw Security Forum<\/p>\n","protected":false},"author":3,"featured_media":254614,"comment_status":"closed","ping_status":"closed","sticky":false,"template":"","format":"standard","meta":{"_acf_changed":false,"_monsterinsights_skip_tracking":false,"_monsterinsights_sitenote_active":false,"_monsterinsights_sitenote_note":"","_monsterinsights_sitenote_category":0,"footnotes":""},"categories":[117],"tags":[],"class_list":["post-254613","post","type-post","status-publish","format-standard","has-post-thumbnail","hentry","category-press-releases"],"acf":[],"yoast_head":"<!-- This site is optimized with the Yoast SEO plugin v26.9 - https:\/\/yoast.com\/product\/yoast-seo-wordpress\/ -->\n<title>Minister Anu\u0161i\u0107 pays visit to Warsaw: Croatia will maximize the use of funds for domestic defence industry - MORH<\/title>\n<meta name=\"description\" content=\"White Paper on the future of European defence presented at the Warsaw Security Forum\" \/>\n<meta name=\"robots\" content=\"index, follow, max-snippet:-1, max-image-preview:large, max-video-preview:-1\" \/>\n<link rel=\"canonical\" href=\"https:\/\/www.morh.hr\/en\/minister-anusic-pays-visit-to-warsaw-croatia-will-maximize-the-use-of-funds-for-domestic-defence-industry\/\" \/>\n<meta property=\"og:locale\" content=\"en_US\" \/>\n<meta property=\"og:type\" content=\"article\" \/>\n<meta property=\"og:title\" content=\"Minister Anu\u0161i\u0107 pays visit to Warsaw: Croatia will maximize the use of funds for domestic defence industry - MORH\" \/>\n<meta property=\"og:description\" content=\"White Paper on the future of European defence presented at the Warsaw Security Forum\" \/>\n<meta property=\"og:url\" content=\"https:\/\/www.morh.hr\/en\/minister-anusic-pays-visit-to-warsaw-croatia-will-maximize-the-use-of-funds-for-domestic-defence-industry\/\" \/>\n<meta property=\"og:site_name\" content=\"MORH\" \/>\n<meta property=\"article:publisher\" content=\"https:\/\/www.facebook.com\/sportasiuhrvatskojvojsci\/\" \/>\n<meta property=\"article:published_time\" content=\"2025-04-02T09:51:36+00:00\" \/>\n<meta property=\"article:modified_time\" content=\"2025-11-26T14:16:07+00:00\" \/>\n<meta property=\"og:image\" content=\"https:\/\/www.morh.hr\/wp-content\/uploads\/2025\/05\/2025-05-06-konferencija-panel-poljska-en.jpg\" \/>\n\t<meta property=\"og:image:width\" content=\"2400\" \/>\n\t<meta property=\"og:image:height\" content=\"1597\" \/>\n\t<meta property=\"og:image:type\" content=\"image\/jpeg\" \/>\n<meta name=\"author\" content=\"Drazen\" \/>\n<meta name=\"twitter:card\" content=\"summary_large_image\" \/>\n<meta name=\"twitter:creator\" content=\"@morh_osrh\" \/>\n<meta name=\"twitter:site\" content=\"@morh_osrh\" \/>\n<meta name=\"twitter:label1\" content=\"Written by\" \/>\n\t<meta name=\"twitter:data1\" content=\"Drazen\" \/>\n\t<meta name=\"twitter:label2\" content=\"Est. reading time\" \/>\n\t<meta name=\"twitter:data2\" content=\"3 minutes\" \/>\n<script type=\"application\/ld+json\" class=\"yoast-schema-graph\">{\"@context\":\"https:\/\/schema.org\",\"@graph\":[{\"@type\":\"Article\",\"@id\":\"https:\/\/www.morh.hr\/en\/minister-anusic-pays-visit-to-warsaw-croatia-will-maximize-the-use-of-funds-for-domestic-defence-industry\/#article\",\"isPartOf\":{\"@id\":\"https:\/\/www.morh.hr\/en\/minister-anusic-pays-visit-to-warsaw-croatia-will-maximize-the-use-of-funds-for-domestic-defence-industry\/\"},\"author\":{\"name\":\"Drazen\",\"@id\":\"https:\/\/www.morh.hr\/en\/#\/schema\/person\/2d72e03399043d9513ab6bec75f2ce27\"},\"headline\":\"Minister Anu\u0161i\u0107 pays visit to Warsaw: Croatia will maximize the use of funds for domestic defence industry\",\"datePublished\":\"2025-04-02T09:51:36+00:00\",\"dateModified\":\"2025-11-26T14:16:07+00:00\",\"mainEntityOfPage\":{\"@id\":\"https:\/\/www.morh.hr\/en\/minister-anusic-pays-visit-to-warsaw-croatia-will-maximize-the-use-of-funds-for-domestic-defence-industry\/\"},\"wordCount\":496,\"image\":{\"@id\":\"https:\/\/www.morh.hr\/en\/minister-anusic-pays-visit-to-warsaw-croatia-will-maximize-the-use-of-funds-for-domestic-defence-industry\/#primaryimage\"},\"thumbnailUrl\":\"https:\/\/www.morh.hr\/wp-content\/uploads\/2025\/05\/2025-05-06-konferencija-panel-poljska-en.jpg\",\"articleSection\":[\"Press releases\"],\"inLanguage\":\"en-US\"},{\"@type\":\"WebPage\",\"@id\":\"https:\/\/www.morh.hr\/en\/minister-anusic-pays-visit-to-warsaw-croatia-will-maximize-the-use-of-funds-for-domestic-defence-industry\/\",\"url\":\"https:\/\/www.morh.hr\/en\/minister-anusic-pays-visit-to-warsaw-croatia-will-maximize-the-use-of-funds-for-domestic-defence-industry\/\",\"name\":\"Minister Anu\u0161i\u0107 pays visit to Warsaw: Croatia will maximize the use of funds for domestic defence industry - MORH\",\"isPartOf\":{\"@id\":\"https:\/\/www.morh.hr\/en\/#website\"},\"primaryImageOfPage\":{\"@id\":\"https:\/\/www.morh.hr\/en\/minister-anusic-pays-visit-to-warsaw-croatia-will-maximize-the-use-of-funds-for-domestic-defence-industry\/#primaryimage\"},\"image\":{\"@id\":\"https:\/\/www.morh.hr\/en\/minister-anusic-pays-visit-to-warsaw-croatia-will-maximize-the-use-of-funds-for-domestic-defence-industry\/#primaryimage\"},\"thumbnailUrl\":\"https:\/\/www.morh.hr\/wp-content\/uploads\/2025\/05\/2025-05-06-konferencija-panel-poljska-en.jpg\",\"datePublished\":\"2025-04-02T09:51:36+00:00\",\"dateModified\":\"2025-11-26T14:16:07+00:00\",\"author\":{\"@id\":\"https:\/\/www.morh.hr\/en\/#\/schema\/person\/2d72e03399043d9513ab6bec75f2ce27\"},\"description\":\"White Paper on the future of European defence presented at the Warsaw Security Forum\",\"breadcrumb\":{\"@id\":\"https:\/\/www.morh.hr\/en\/minister-anusic-pays-visit-to-warsaw-croatia-will-maximize-the-use-of-funds-for-domestic-defence-industry\/#breadcrumb\"},\"inLanguage\":\"en-US\",\"potentialAction\":[{\"@type\":\"ReadAction\",\"target\":[\"https:\/\/www.morh.hr\/en\/minister-anusic-pays-visit-to-warsaw-croatia-will-maximize-the-use-of-funds-for-domestic-defence-industry\/\"]}]},{\"@type\":\"ImageObject\",\"inLanguage\":\"en-US\",\"@id\":\"https:\/\/www.morh.hr\/en\/minister-anusic-pays-visit-to-warsaw-croatia-will-maximize-the-use-of-funds-for-domestic-defence-industry\/#primaryimage\",\"url\":\"https:\/\/www.morh.hr\/wp-content\/uploads\/2025\/05\/2025-05-06-konferencija-panel-poljska-en.jpg\",\"contentUrl\":\"https:\/\/www.morh.hr\/wp-content\/uploads\/2025\/05\/2025-05-06-konferencija-panel-poljska-en.jpg\",\"width\":2400,\"height\":1597,\"caption\":\"Minister Anu\u0161i\u0107 pays visit to Warsaw: Croatia will maximize the use of funds for domestic defence industry | Photo: MOD\/ F. Klen\"},{\"@type\":\"BreadcrumbList\",\"@id\":\"https:\/\/www.morh.hr\/en\/minister-anusic-pays-visit-to-warsaw-croatia-will-maximize-the-use-of-funds-for-domestic-defence-industry\/#breadcrumb\",\"itemListElement\":[{\"@type\":\"ListItem\",\"position\":1,\"name\":\"Naslovnica\",\"item\":\"https:\/\/www.morh.hr\/en\/\"},{\"@type\":\"ListItem\",\"position\":2,\"name\":\"News\",\"item\":\"https:\/\/www.morh.hr\/en\/kategorija\/news\/\"},{\"@type\":\"ListItem\",\"position\":3,\"name\":\"Press releases\",\"item\":\"https:\/\/www.morh.hr\/en\/kategorija\/news\/press-releases\/\"},{\"@type\":\"ListItem\",\"position\":4,\"name\":\"Minister Anu\u0161i\u0107 pays visit to Warsaw: Croatia will maximize the use of funds for domestic defence industry\"}]},{\"@type\":\"WebSite\",\"@id\":\"https:\/\/www.morh.hr\/en\/#website\",\"url\":\"https:\/\/www.morh.hr\/en\/\",\"name\":\"MORH\",\"description\":\"Ministarstvo obrane Republike Hrvatske - slu\u017ebene stranice\",\"potentialAction\":[{\"@type\":\"SearchAction\",\"target\":{\"@type\":\"EntryPoint\",\"urlTemplate\":\"https:\/\/www.morh.hr\/en\/?s={search_term_string}\"},\"query-input\":{\"@type\":\"PropertyValueSpecification\",\"valueRequired\":true,\"valueName\":\"search_term_string\"}}],\"inLanguage\":\"en-US\"},{\"@type\":\"Person\",\"@id\":\"https:\/\/www.morh.hr\/en\/#\/schema\/person\/2d72e03399043d9513ab6bec75f2ce27\",\"name\":\"Drazen\",\"image\":{\"@type\":\"ImageObject\",\"inLanguage\":\"en-US\",\"@id\":\"https:\/\/www.morh.hr\/en\/#\/schema\/person\/image\/\",\"url\":\"https:\/\/secure.gravatar.com\/avatar\/e36ef7e573425ae72988c73df868c1e87a656b0e005ca4fd7d30d2ba7e49c9cf?s=96&d=mm&r=g\",\"contentUrl\":\"https:\/\/secure.gravatar.com\/avatar\/e36ef7e573425ae72988c73df868c1e87a656b0e005ca4fd7d30d2ba7e49c9cf?s=96&d=mm&r=g\",\"caption\":\"Drazen\"}}]}<\/script>\n<!-- \/ Yoast SEO plugin. -->","yoast_head_json":{"title":"Minister Anu\u0161i\u0107 pays visit to Warsaw: Croatia will maximize the use of funds for domestic defence industry - MORH","description":"White Paper on the future of European defence presented at the Warsaw Security Forum","robots":{"index":"index","follow":"follow","max-snippet":"max-snippet:-1","max-image-preview":"max-image-preview:large","max-video-preview":"max-video-preview:-1"},"canonical":"https:\/\/www.morh.hr\/en\/minister-anusic-pays-visit-to-warsaw-croatia-will-maximize-the-use-of-funds-for-domestic-defence-industry\/","og_locale":"en_US","og_type":"article","og_title":"Minister Anu\u0161i\u0107 pays visit to Warsaw: Croatia will maximize the use of funds for domestic defence industry - MORH","og_description":"White Paper on the future of European defence presented at the Warsaw Security Forum","og_url":"https:\/\/www.morh.hr\/en\/minister-anusic-pays-visit-to-warsaw-croatia-will-maximize-the-use-of-funds-for-domestic-defence-industry\/","og_site_name":"MORH","article_publisher":"https:\/\/www.facebook.com\/sportasiuhrvatskojvojsci\/","article_published_time":"2025-04-02T09:51:36+00:00","article_modified_time":"2025-11-26T14:16:07+00:00","og_image":[{"width":2400,"height":1597,"url":"https:\/\/www.morh.hr\/wp-content\/uploads\/2025\/05\/2025-05-06-konferencija-panel-poljska-en.jpg","type":"image\/jpeg"}],"author":"Drazen","twitter_card":"summary_large_image","twitter_creator":"@morh_osrh","twitter_site":"@morh_osrh","twitter_misc":{"Written by":"Drazen","Est. reading time":"3 minutes"},"schema":{"@context":"https:\/\/schema.org","@graph":[{"@type":"Article","@id":"https:\/\/www.morh.hr\/en\/minister-anusic-pays-visit-to-warsaw-croatia-will-maximize-the-use-of-funds-for-domestic-defence-industry\/#article","isPartOf":{"@id":"https:\/\/www.morh.hr\/en\/minister-anusic-pays-visit-to-warsaw-croatia-will-maximize-the-use-of-funds-for-domestic-defence-industry\/"},"author":{"name":"Drazen","@id":"https:\/\/www.morh.hr\/en\/#\/schema\/person\/2d72e03399043d9513ab6bec75f2ce27"},"headline":"Minister Anu\u0161i\u0107 pays visit to Warsaw: Croatia will maximize the use of funds for domestic defence industry","datePublished":"2025-04-02T09:51:36+00:00","dateModified":"2025-11-26T14:16:07+00:00","mainEntityOfPage":{"@id":"https:\/\/www.morh.hr\/en\/minister-anusic-pays-visit-to-warsaw-croatia-will-maximize-the-use-of-funds-for-domestic-defence-industry\/"},"wordCount":496,"image":{"@id":"https:\/\/www.morh.hr\/en\/minister-anusic-pays-visit-to-warsaw-croatia-will-maximize-the-use-of-funds-for-domestic-defence-industry\/#primaryimage"},"thumbnailUrl":"https:\/\/www.morh.hr\/wp-content\/uploads\/2025\/05\/2025-05-06-konferencija-panel-poljska-en.jpg","articleSection":["Press releases"],"inLanguage":"en-US"},{"@type":"WebPage","@id":"https:\/\/www.morh.hr\/en\/minister-anusic-pays-visit-to-warsaw-croatia-will-maximize-the-use-of-funds-for-domestic-defence-industry\/","url":"https:\/\/www.morh.hr\/en\/minister-anusic-pays-visit-to-warsaw-croatia-will-maximize-the-use-of-funds-for-domestic-defence-industry\/","name":"Minister Anu\u0161i\u0107 pays visit to Warsaw: Croatia will maximize the use of funds for domestic defence industry - MORH","isPartOf":{"@id":"https:\/\/www.morh.hr\/en\/#website"},"primaryImageOfPage":{"@id":"https:\/\/www.morh.hr\/en\/minister-anusic-pays-visit-to-warsaw-croatia-will-maximize-the-use-of-funds-for-domestic-defence-industry\/#primaryimage"},"image":{"@id":"https:\/\/www.morh.hr\/en\/minister-anusic-pays-visit-to-warsaw-croatia-will-maximize-the-use-of-funds-for-domestic-defence-industry\/#primaryimage"},"thumbnailUrl":"https:\/\/www.morh.hr\/wp-content\/uploads\/2025\/05\/2025-05-06-konferencija-panel-poljska-en.jpg","datePublished":"2025-04-02T09:51:36+00:00","dateModified":"2025-11-26T14:16:07+00:00","author":{"@id":"https:\/\/www.morh.hr\/en\/#\/schema\/person\/2d72e03399043d9513ab6bec75f2ce27"},"description":"White Paper on the future of European defence presented at the Warsaw Security Forum","breadcrumb":{"@id":"https:\/\/www.morh.hr\/en\/minister-anusic-pays-visit-to-warsaw-croatia-will-maximize-the-use-of-funds-for-domestic-defence-industry\/#breadcrumb"},"inLanguage":"en-US","potentialAction":[{"@type":"ReadAction","target":["https:\/\/www.morh.hr\/en\/minister-anusic-pays-visit-to-warsaw-croatia-will-maximize-the-use-of-funds-for-domestic-defence-industry\/"]}]},{"@type":"ImageObject","inLanguage":"en-US","@id":"https:\/\/www.morh.hr\/en\/minister-anusic-pays-visit-to-warsaw-croatia-will-maximize-the-use-of-funds-for-domestic-defence-industry\/#primaryimage","url":"https:\/\/www.morh.hr\/wp-content\/uploads\/2025\/05\/2025-05-06-konferencija-panel-poljska-en.jpg","contentUrl":"https:\/\/www.morh.hr\/wp-content\/uploads\/2025\/05\/2025-05-06-konferencija-panel-poljska-en.jpg","width":2400,"height":1597,"caption":"Minister Anu\u0161i\u0107 pays visit to Warsaw: Croatia will maximize the use of funds for domestic defence industry | Photo: MOD\/ F. Klen"},{"@type":"BreadcrumbList","@id":"https:\/\/www.morh.hr\/en\/minister-anusic-pays-visit-to-warsaw-croatia-will-maximize-the-use-of-funds-for-domestic-defence-industry\/#breadcrumb","itemListElement":[{"@type":"ListItem","position":1,"name":"Naslovnica","item":"https:\/\/www.morh.hr\/en\/"},{"@type":"ListItem","position":2,"name":"News","item":"https:\/\/www.morh.hr\/en\/kategorija\/news\/"},{"@type":"ListItem","position":3,"name":"Press releases","item":"https:\/\/www.morh.hr\/en\/kategorija\/news\/press-releases\/"},{"@type":"ListItem","position":4,"name":"Minister Anu\u0161i\u0107 pays visit to Warsaw: Croatia will maximize the use of funds for domestic defence industry"}]},{"@type":"WebSite","@id":"https:\/\/www.morh.hr\/en\/#website","url":"https:\/\/www.morh.hr\/en\/","name":"MORH","description":"Ministarstvo obrane Republike Hrvatske - slu\u017ebene stranice","potentialAction":[{"@type":"SearchAction","target":{"@type":"EntryPoint","urlTemplate":"https:\/\/www.morh.hr\/en\/?s={search_term_string}"},"query-input":{"@type":"PropertyValueSpecification","valueRequired":true,"valueName":"search_term_string"}}],"inLanguage":"en-US"},{"@type":"Person","@id":"https:\/\/www.morh.hr\/en\/#\/schema\/person\/2d72e03399043d9513ab6bec75f2ce27","name":"Drazen","image":{"@type":"ImageObject","inLanguage":"en-US","@id":"https:\/\/www.morh.hr\/en\/#\/schema\/person\/image\/","url":"https:\/\/secure.gravatar.com\/avatar\/e36ef7e573425ae72988c73df868c1e87a656b0e005ca4fd7d30d2ba7e49c9cf?s=96&d=mm&r=g","contentUrl":"https:\/\/secure.gravatar.com\/avatar\/e36ef7e573425ae72988c73df868c1e87a656b0e005ca4fd7d30d2ba7e49c9cf?s=96&d=mm&r=g","caption":"Drazen"}}]}},"_links":{"self":[{"href":"https:\/\/www.morh.hr\/en\/wp-json\/wp\/v2\/posts\/254613","targetHints":{"allow":["GET"]}}],"collection":[{"href":"https:\/\/www.morh.hr\/en\/wp-json\/wp\/v2\/posts"}],"about":[{"href":"https:\/\/www.morh.hr\/en\/wp-json\/wp\/v2\/types\/post"}],"author":[{"embeddable":true,"href":"https:\/\/www.morh.hr\/en\/wp-json\/wp\/v2\/users\/3"}],"replies":[{"embeddable":true,"href":"https:\/\/www.morh.hr\/en\/wp-json\/wp\/v2\/comments?post=254613"}],"version-history":[{"count":1,"href":"https:\/\/www.morh.hr\/en\/wp-json\/wp\/v2\/posts\/254613\/revisions"}],"predecessor-version":[{"id":263865,"href":"https:\/\/www.morh.hr\/en\/wp-json\/wp\/v2\/posts\/254613\/revisions\/263865"}],"wp:featuredmedia":[{"embeddable":true,"href":"https:\/\/www.morh.hr\/en\/wp-json\/wp\/v2\/media\/254614"}],"wp:attachment":[{"href":"https:\/\/www.morh.hr\/en\/wp-json\/wp\/v2\/media?parent=254613"}],"wp:term":[{"taxonomy":"category","embeddable":true,"href":"https:\/\/www.morh.hr\/en\/wp-json\/wp\/v2\/categories?post=254613"},{"taxonomy":"post_tag","embeddable":true,"href":"https:\/\/www.morh.hr\/en\/wp-json\/wp\/v2\/tags?post=254613"}],"curies":[{"name":"wp","href":"https:\/\/api.w.org\/{rel}","templated":true}]}}