{"id":254690,"date":"2025-04-03T15:25:01","date_gmt":"2025-04-03T13:25:01","guid":{"rendered":"https:\/\/www.morh.hr\/?p=254690"},"modified":"2025-11-26T15:16:29","modified_gmt":"2025-11-26T14:16:29","slug":"minister-anusic-from-warsaw-croatia-will-continue-to-assist-ukraine","status":"publish","type":"post","link":"https:\/\/www.morh.hr\/en\/minister-anusic-from-warsaw-croatia-will-continue-to-assist-ukraine\/","title":{"rendered":"Minister Anu\u0161i\u0107 from Warsaw: Croatia will continue to assist Ukraine"},"content":{"rendered":"<p>Today, 3 April 2025, Deputy Prime Minister of the Republic of Croatia and Minister of Defence Ivan Anu\u0161i\u0107 participated at the informal meeting of Defence Ministers of the European Union, which is held in Warsaw, Republic of Poland.<\/p>\n<p>The Defence Ministers discussed the increase in EU military support to Ukraine, the White Paper on the Future of European Defence and the ReArm Europe Plan.<\/p>\n<p>This meeting precedes the European Council meeting, which will be held in June, at which concrete decisions are expected to be made.<\/p>\n<p>&#8220;We discussed, of course, the White Paper and everything that the White Paper brings to Europe and to us as EU members. We also discussed further assistance to Ukraine \u2013 both financial, political and economic support in its fight for freedom and independence. Next Thursday, there will be a meeting of the Coalition of the Willing in Brussels, at which I will participate together with other Defence Ministers. The ways of assisting Ukraine through military assistance and actions that Croatia has provided to it so far will be developed.<\/p>\n<p><iframe loading=\"lazy\" title=\"Ministar Anu\u0161i\u0107 iz Var\u0161ave: Hrvatska \u0107e nastaviti pomagati Ukrajini\" width=\"868\" height=\"488\" src=\"https:\/\/www.youtube.com\/embed\/rTGAaFAhiPU?wmode=transparent&amp;rel=0&amp;feature=oembed\" frameborder=\"0\" allow=\"accelerometer; autoplay; clipboard-write; encrypted-media; gyroscope; picture-in-picture; web-share\" referrerpolicy=\"strict-origin-when-cross-origin\" allowfullscreen><\/iframe><\/p>\n<p>What is crucial to emphasize is that although we will be part of the Coalition of the Willing, Croatian soldiers will not be deployed to Ukraine. This needs to be emphasized and this is, of course, Croatia&#8217;s position,&#8221; the Minister of Defence Ivan Anu\u0161i\u0107 said.<\/p>\n<p>&#8220;Croatia will continue to provide military assistance to Ukraine, and it is necessary to achieve a just peace, which is the only one that can be sustainable,&#8221; Anu\u0161i\u0107 continued.<\/p>\n<p>Regarding the White Paper on the Future of European Defence, the Republic of Croatia welcomes the initiative for such a document, which is important precisely because of our collective commitment to security<\/p>\n<p>Minister Anu\u0161i\u0107 emphasized the commitment of the Republic of Croatia to actively contribute to joint European efforts to strengthen security and stability.<\/p>\n<p>The Ministry of Defence of the Republic of Croatia will continue to actively participate in discussions on security and defence issues at the European and international levels, thereby contributing to the security of Croatia and its citizens.<\/p>\n<div class=\"morh-galleria\"><a href=\"https:\/\/live.staticflickr.com\/65535\/54428581245_363d84260c_h.jpg\" title=\"Ministar Anu\u0161i\u0107 iz Var\u0161ave: Hrvatska \u0107e nastaviti pomagati Ukrajini\"><img decoding=\"async\" data-title=\"Ministar Anu\u0161i\u0107 iz Var\u0161ave: Hrvatska \u0107e nastaviti pomagati Ukrajini\" data-description=\"Potpredsjednik Vlade Republike Hrvatske i ministar obrane Ivan Anu\u0161i\u0107 danas je, 3. travnja 2025., sudjelovao na neformalnom sastanku ministara obrane \u010dlanica Europske unije, koji se odr\u017eava u Var\u0161avi u Republici Poljskoj | Foto: Pawe\u0142 Supernak\" alt=\"Ministar Anu\u0161i\u0107 iz Var\u0161ave: Hrvatska \u0107e nastaviti pomagati Ukrajini\" src=\"https:\/\/live.staticflickr.com\/65535\/54428581245_363d84260c_h.jpg\" data-layer=\"&lt;div class=&#039;morh-gallery-image-download&#039;&gt;&lt;a href=&#039;https:\/\/live.staticflickr.com\/65535\/54428581245_f8cbfd5baa_o.jpg&#039; target=&#039;_blank&#039;&gt;Slika za preuzimanje&lt;\/a&gt;&lt;\/div&gt;\" \/><\/a><a href=\"https:\/\/live.staticflickr.com\/65535\/54428203451_ef60c589fe_h.jpg\" title=\"Ministar Anu\u0161i\u0107 iz Var\u0161ave: Hrvatska \u0107e nastaviti pomagati Ukrajini\"><img decoding=\"async\" data-title=\"Ministar Anu\u0161i\u0107 iz Var\u0161ave: Hrvatska \u0107e nastaviti pomagati Ukrajini\" data-description=\"Potpredsjednik Vlade Republike Hrvatske i ministar obrane Ivan Anu\u0161i\u0107 danas je, 3. travnja 2025., sudjelovao na neformalnom sastanku ministara obrane \u010dlanica Europske unije, koji se odr\u017eava u Var\u0161avi u Republici Poljskoj | Foto: Pawe\u0142 Supernak\" alt=\"Ministar Anu\u0161i\u0107 iz Var\u0161ave: Hrvatska \u0107e nastaviti pomagati Ukrajini\" src=\"https:\/\/live.staticflickr.com\/65535\/54428203451_ef60c589fe_h.jpg\" data-layer=\"&lt;div class=&#039;morh-gallery-image-download&#039;&gt;&lt;a href=&#039;https:\/\/live.staticflickr.com\/65535\/54428203451_939fd1ae48_o.jpg&#039; target=&#039;_blank&#039;&gt;Slika za preuzimanje&lt;\/a&gt;&lt;\/div&gt;\" \/><\/a><a href=\"https:\/\/live.staticflickr.com\/65535\/54428397909_937cde7eee_h.jpg\" title=\"Ministar Anu\u0161i\u0107 iz Var\u0161ave: Hrvatska \u0107e nastaviti pomagati Ukrajini\"><img decoding=\"async\" data-title=\"Ministar Anu\u0161i\u0107 iz Var\u0161ave: Hrvatska \u0107e nastaviti pomagati Ukrajini\" data-description=\"Potpredsjednik Vlade Republike Hrvatske i ministar obrane Ivan Anu\u0161i\u0107 danas je, 3. travnja 2025., sudjelovao na neformalnom sastanku ministara obrane \u010dlanica Europske unije, koji se odr\u017eava u Var\u0161avi u Republici Poljskoj | Foto: Pawe\u0142 Supernak\" alt=\"Ministar Anu\u0161i\u0107 iz Var\u0161ave: Hrvatska \u0107e nastaviti pomagati Ukrajini\" src=\"https:\/\/live.staticflickr.com\/65535\/54428397909_937cde7eee_h.jpg\" data-layer=\"&lt;div class=&#039;morh-gallery-image-download&#039;&gt;&lt;a href=&#039;https:\/\/live.staticflickr.com\/65535\/54428397909_356c37e594_o.jpg&#039; target=&#039;_blank&#039;&gt;Slika za preuzimanje&lt;\/a&gt;&lt;\/div&gt;\" \/><\/a><a href=\"https:\/\/live.staticflickr.com\/65535\/54428203271_644b72726a_h.jpg\" title=\"Ministar Anu\u0161i\u0107 iz Var\u0161ave: Hrvatska \u0107e nastaviti pomagati Ukrajini\"><img decoding=\"async\" data-title=\"Ministar Anu\u0161i\u0107 iz Var\u0161ave: Hrvatska \u0107e nastaviti pomagati Ukrajini\" data-description=\"Potpredsjednik Vlade Republike Hrvatske i ministar obrane Ivan Anu\u0161i\u0107 danas je, 3. travnja 2025., sudjelovao na neformalnom sastanku ministara obrane \u010dlanica Europske unije, koji se odr\u017eava u Var\u0161avi u Republici Poljskoj | Foto: Pawe\u0142 Supernak\" alt=\"Ministar Anu\u0161i\u0107 iz Var\u0161ave: Hrvatska \u0107e nastaviti pomagati Ukrajini\" src=\"https:\/\/live.staticflickr.com\/65535\/54428203271_644b72726a_h.jpg\" data-layer=\"&lt;div class=&#039;morh-gallery-image-download&#039;&gt;&lt;a href=&#039;https:\/\/live.staticflickr.com\/65535\/54428203271_21facfd7e6_o.jpg&#039; target=&#039;_blank&#039;&gt;Slika za preuzimanje&lt;\/a&gt;&lt;\/div&gt;\" \/><\/a><a href=\"https:\/\/live.staticflickr.com\/65535\/54428397599_a184e781c4_b.jpg\" title=\"Ministar Anu\u0161i\u0107 iz Var\u0161ave: Hrvatska \u0107e nastaviti pomagati Ukrajini\"><img decoding=\"async\" data-title=\"Ministar Anu\u0161i\u0107 iz Var\u0161ave: Hrvatska \u0107e nastaviti pomagati Ukrajini\" data-description=\"Potpredsjednik Vlade Republike Hrvatske i ministar obrane Ivan Anu\u0161i\u0107 danas je, 3. travnja 2025., sudjelovao na neformalnom sastanku ministara obrane \u010dlanica Europske unije, koji se odr\u017eava u Var\u0161avi u Republici Poljskoj | Foto: MORH\" alt=\"Ministar Anu\u0161i\u0107 iz Var\u0161ave: Hrvatska \u0107e nastaviti pomagati Ukrajini\" src=\"https:\/\/live.staticflickr.com\/65535\/54428397599_a184e781c4_b.jpg\" data-layer=\"&lt;div class=&#039;morh-gallery-image-download&#039;&gt;&lt;a href=&#039;https:\/\/live.staticflickr.com\/65535\/54428397599_ebaedf0dac_o.jpg&#039; target=&#039;_blank&#039;&gt;Slika za preuzimanje&lt;\/a&gt;&lt;\/div&gt;\" \/><\/a><a href=\"https:\/\/live.staticflickr.com\/65535\/54427351452_45f71f0d6f_h.jpg\" title=\"Ministar Anu\u0161i\u0107 iz Var\u0161ave: Hrvatska \u0107e nastaviti pomagati Ukrajini\"><img decoding=\"async\" data-title=\"Ministar Anu\u0161i\u0107 iz Var\u0161ave: Hrvatska \u0107e nastaviti pomagati Ukrajini\" data-description=\"Potpredsjednik Vlade Republike Hrvatske i ministar obrane Ivan Anu\u0161i\u0107 danas je, 3. travnja 2025., sudjelovao na neformalnom sastanku ministara obrane \u010dlanica Europske unije, koji se odr\u017eava u Var\u0161avi u Republici Poljskoj | Foto: Pawe\u0142 Supernak\" alt=\"Ministar Anu\u0161i\u0107 iz Var\u0161ave: Hrvatska \u0107e nastaviti pomagati Ukrajini\" src=\"https:\/\/live.staticflickr.com\/65535\/54427351452_45f71f0d6f_h.jpg\" data-layer=\"&lt;div class=&#039;morh-gallery-image-download&#039;&gt;&lt;a href=&#039;https:\/\/live.staticflickr.com\/65535\/54427351452_134f7c785a_o.jpg&#039; target=&#039;_blank&#039;&gt;Slika za preuzimanje&lt;\/a&gt;&lt;\/div&gt;\" \/><\/a><a href=\"https:\/\/live.staticflickr.com\/65535\/54428397779_c03588db0f_h.jpg\" title=\"Ministar Anu\u0161i\u0107 iz Var\u0161ave: Hrvatska \u0107e nastaviti pomagati Ukrajini\"><img decoding=\"async\" data-title=\"Ministar Anu\u0161i\u0107 iz Var\u0161ave: Hrvatska \u0107e nastaviti pomagati Ukrajini\" data-description=\"Potpredsjednik Vlade Republike Hrvatske i ministar obrane Ivan Anu\u0161i\u0107 danas je, 3. travnja 2025., sudjelovao na neformalnom sastanku ministara obrane \u010dlanica Europske unije, koji se odr\u017eava u Var\u0161avi u Republici Poljskoj | Foto: Pawe\u0142 Supernak\" alt=\"Ministar Anu\u0161i\u0107 iz Var\u0161ave: Hrvatska \u0107e nastaviti pomagati Ukrajini\" src=\"https:\/\/live.staticflickr.com\/65535\/54428397779_c03588db0f_h.jpg\" data-layer=\"&lt;div class=&#039;morh-gallery-image-download&#039;&gt;&lt;a href=&#039;https:\/\/live.staticflickr.com\/65535\/54428397779_559b6a5af8_o.jpg&#039; target=&#039;_blank&#039;&gt;Slika za preuzimanje&lt;\/a&gt;&lt;\/div&gt;\" \/><\/a><a href=\"https:\/\/live.staticflickr.com\/65535\/54427351617_850f4a2025_h.jpg\" title=\"Ministar Anu\u0161i\u0107 iz Var\u0161ave: Hrvatska \u0107e nastaviti pomagati Ukrajini\"><img decoding=\"async\" data-title=\"Ministar Anu\u0161i\u0107 iz Var\u0161ave: Hrvatska \u0107e nastaviti pomagati Ukrajini\" data-description=\"Potpredsjednik Vlade Republike Hrvatske i ministar obrane Ivan Anu\u0161i\u0107 danas je, 3. travnja 2025., sudjelovao na neformalnom sastanku ministara obrane \u010dlanica Europske unije, koji se odr\u017eava u Var\u0161avi u Republici Poljskoj | Foto: Pawe\u0142 Supernak\" alt=\"Ministar Anu\u0161i\u0107 iz Var\u0161ave: Hrvatska \u0107e nastaviti pomagati Ukrajini\" src=\"https:\/\/live.staticflickr.com\/65535\/54427351617_850f4a2025_h.jpg\" data-layer=\"&lt;div class=&#039;morh-gallery-image-download&#039;&gt;&lt;a href=&#039;https:\/\/live.staticflickr.com\/65535\/54427351617_372b404b30_o.jpg&#039; target=&#039;_blank&#039;&gt;Slika za preuzimanje&lt;\/a&gt;&lt;\/div&gt;\" \/><\/a><a href=\"https:\/\/live.staticflickr.com\/65535\/54428580965_8f428f2c6d_h.jpg\" title=\"Ministar Anu\u0161i\u0107 iz Var\u0161ave: Hrvatska \u0107e nastaviti pomagati Ukrajini\"><img decoding=\"async\" data-title=\"Ministar Anu\u0161i\u0107 iz Var\u0161ave: Hrvatska \u0107e nastaviti pomagati Ukrajini\" data-description=\"Potpredsjednik Vlade Republike Hrvatske i ministar obrane Ivan Anu\u0161i\u0107 danas je, 3. travnja 2025., sudjelovao na neformalnom sastanku ministara obrane \u010dlanica Europske unije, koji se odr\u017eava u Var\u0161avi u Republici Poljskoj | Foto: Pawe\u0142 Supernak\" alt=\"Ministar Anu\u0161i\u0107 iz Var\u0161ave: Hrvatska \u0107e nastaviti pomagati Ukrajini\" src=\"https:\/\/live.staticflickr.com\/65535\/54428580965_8f428f2c6d_h.jpg\" data-layer=\"&lt;div class=&#039;morh-gallery-image-download&#039;&gt;&lt;a href=&#039;https:\/\/live.staticflickr.com\/65535\/54428580965_58e4af61c4_o.jpg&#039; target=&#039;_blank&#039;&gt;Slika za preuzimanje&lt;\/a&gt;&lt;\/div&gt;\" \/><\/a><a href=\"https:\/\/live.staticflickr.com\/65535\/54428203161_2445c4264e_h.jpg\" title=\"Ministar Anu\u0161i\u0107 iz Var\u0161ave: Hrvatska \u0107e nastaviti pomagati Ukrajini\"><img decoding=\"async\" data-title=\"Ministar Anu\u0161i\u0107 iz Var\u0161ave: Hrvatska \u0107e nastaviti pomagati Ukrajini\" data-description=\"Potpredsjednik Vlade Republike Hrvatske i ministar obrane Ivan Anu\u0161i\u0107 danas je, 3. travnja 2025., sudjelovao na neformalnom sastanku ministara obrane \u010dlanica Europske unije, koji se odr\u017eava u Var\u0161avi u Republici Poljskoj | Foto: Pawe\u0142 Supernak\" alt=\"Ministar Anu\u0161i\u0107 iz Var\u0161ave: Hrvatska \u0107e nastaviti pomagati Ukrajini\" src=\"https:\/\/live.staticflickr.com\/65535\/54428203161_2445c4264e_h.jpg\" data-layer=\"&lt;div class=&#039;morh-gallery-image-download&#039;&gt;&lt;a href=&#039;https:\/\/live.staticflickr.com\/65535\/54428203161_3b187dd178_o.jpg&#039; target=&#039;_blank&#039;&gt;Slika za preuzimanje&lt;\/a&gt;&lt;\/div&gt;\" \/><\/a><a href=\"https:\/\/live.staticflickr.com\/65535\/54428449248_cd3f87b51e_h.jpg\" title=\"Ministar Anu\u0161i\u0107 iz Var\u0161ave: Hrvatska \u0107e nastaviti pomagati Ukrajini\"><img decoding=\"async\" data-title=\"Ministar Anu\u0161i\u0107 iz Var\u0161ave: Hrvatska \u0107e nastaviti pomagati Ukrajini\" data-description=\"Potpredsjednik Vlade Republike Hrvatske i ministar obrane Ivan Anu\u0161i\u0107 danas je, 3. travnja 2025., sudjelovao na neformalnom sastanku ministara obrane \u010dlanica Europske unije, koji se odr\u017eava u Var\u0161avi u Republici Poljskoj | Foto: Pawe\u0142 Supernak\" alt=\"Ministar Anu\u0161i\u0107 iz Var\u0161ave: Hrvatska \u0107e nastaviti pomagati Ukrajini\" src=\"https:\/\/live.staticflickr.com\/65535\/54428449248_cd3f87b51e_h.jpg\" data-layer=\"&lt;div class=&#039;morh-gallery-image-download&#039;&gt;&lt;a href=&#039;https:\/\/live.staticflickr.com\/65535\/54428449248_cdba34edfb_o.jpg&#039; target=&#039;_blank&#039;&gt;Slika za preuzimanje&lt;\/a&gt;&lt;\/div&gt;\" \/><\/a><a href=\"https:\/\/live.staticflickr.com\/65535\/54428580785_ee3bafd2c5_h.jpg\" title=\"Ministar Anu\u0161i\u0107 iz Var\u0161ave: Hrvatska \u0107e nastaviti pomagati Ukrajini\"><img decoding=\"async\" data-title=\"Ministar Anu\u0161i\u0107 iz Var\u0161ave: Hrvatska \u0107e nastaviti pomagati Ukrajini\" data-description=\"Potpredsjednik Vlade Republike Hrvatske i ministar obrane Ivan Anu\u0161i\u0107 danas je, 3. travnja 2025., sudjelovao na neformalnom sastanku ministara obrane \u010dlanica Europske unije, koji se odr\u017eava u Var\u0161avi u Republici Poljskoj | Foto: Pawe\u0142 Supernak\" alt=\"Ministar Anu\u0161i\u0107 iz Var\u0161ave: Hrvatska \u0107e nastaviti pomagati Ukrajini\" src=\"https:\/\/live.staticflickr.com\/65535\/54428580785_ee3bafd2c5_h.jpg\" data-layer=\"&lt;div class=&#039;morh-gallery-image-download&#039;&gt;&lt;a href=&#039;https:\/\/live.staticflickr.com\/65535\/54428580785_0011b07a61_o.jpg&#039; target=&#039;_blank&#039;&gt;Slika za preuzimanje&lt;\/a&gt;&lt;\/div&gt;\" \/><\/a><\/div><!--\/.morh-galleria -->\n","protected":false},"excerpt":{"rendered":"<p>Deputy Prime Minister and Minister of Defence Ivan Anu\u0161i\u0107 participated on 3 April 2025, at the informal meeting of Defence Ministers of the European Union member states, which is held in Warsaw, Republic of Poland<\/p>\n","protected":false},"author":3,"featured_media":254695,"comment_status":"closed","ping_status":"closed","sticky":false,"template":"","format":"standard","meta":{"_acf_changed":false,"_monsterinsights_skip_tracking":false,"_monsterinsights_sitenote_active":false,"_monsterinsights_sitenote_note":"","_monsterinsights_sitenote_category":0,"footnotes":""},"categories":[117],"tags":[],"class_list":["post-254690","post","type-post","status-publish","format-standard","has-post-thumbnail","hentry","category-press-releases"],"acf":[],"yoast_head":"<!-- This site is optimized with the Yoast SEO plugin v26.9 - https:\/\/yoast.com\/product\/yoast-seo-wordpress\/ -->\n<title>Minister Anu\u0161i\u0107 from Warsaw: Croatia will continue to assist Ukraine - MORH<\/title>\n<meta name=\"description\" content=\"Deputy Prime Minister and Minister of Defence Ivan Anu\u0161i\u0107 participated on 3 April 2025, at the informal meeting of Defence Ministers of the European Union member states, which is held in Warsaw, Republic of Poland\" \/>\n<meta name=\"robots\" content=\"index, follow, max-snippet:-1, max-image-preview:large, max-video-preview:-1\" \/>\n<link rel=\"canonical\" href=\"https:\/\/www.morh.hr\/en\/minister-anusic-from-warsaw-croatia-will-continue-to-assist-ukraine\/\" \/>\n<meta property=\"og:locale\" content=\"en_US\" \/>\n<meta property=\"og:type\" content=\"article\" \/>\n<meta property=\"og:title\" content=\"Minister Anu\u0161i\u0107 from Warsaw: Croatia will continue to assist Ukraine - MORH\" \/>\n<meta property=\"og:description\" content=\"Deputy Prime Minister and Minister of Defence Ivan Anu\u0161i\u0107 participated on 3 April 2025, at the informal meeting of Defence Ministers of the European Union member states, which is held in Warsaw, Republic of Poland\" \/>\n<meta property=\"og:url\" content=\"https:\/\/www.morh.hr\/en\/minister-anusic-from-warsaw-croatia-will-continue-to-assist-ukraine\/\" \/>\n<meta property=\"og:site_name\" content=\"MORH\" \/>\n<meta property=\"article:publisher\" content=\"https:\/\/www.facebook.com\/sportasiuhrvatskojvojsci\/\" \/>\n<meta property=\"article:published_time\" content=\"2025-04-03T13:25:01+00:00\" \/>\n<meta property=\"article:modified_time\" content=\"2025-11-26T14:16:29+00:00\" \/>\n<meta property=\"og:image\" content=\"https:\/\/www.morh.hr\/wp-content\/uploads\/2025\/05\/2025-04-03-mo-varsava-en.jpg\" \/>\n\t<meta property=\"og:image:width\" content=\"2400\" \/>\n\t<meta property=\"og:image:height\" content=\"1600\" \/>\n\t<meta property=\"og:image:type\" content=\"image\/jpeg\" \/>\n<meta name=\"author\" content=\"Drazen\" \/>\n<meta name=\"twitter:card\" content=\"summary_large_image\" \/>\n<meta name=\"twitter:creator\" content=\"@morh_osrh\" \/>\n<meta name=\"twitter:site\" content=\"@morh_osrh\" \/>\n<meta name=\"twitter:label1\" content=\"Written by\" \/>\n\t<meta name=\"twitter:data1\" content=\"Drazen\" \/>\n\t<meta name=\"twitter:label2\" content=\"Est. reading time\" \/>\n\t<meta name=\"twitter:data2\" content=\"3 minutes\" \/>\n<script type=\"application\/ld+json\" class=\"yoast-schema-graph\">{\"@context\":\"https:\/\/schema.org\",\"@graph\":[{\"@type\":\"Article\",\"@id\":\"https:\/\/www.morh.hr\/en\/minister-anusic-from-warsaw-croatia-will-continue-to-assist-ukraine\/#article\",\"isPartOf\":{\"@id\":\"https:\/\/www.morh.hr\/en\/minister-anusic-from-warsaw-croatia-will-continue-to-assist-ukraine\/\"},\"author\":{\"name\":\"Drazen\",\"@id\":\"https:\/\/www.morh.hr\/en\/#\/schema\/person\/2d72e03399043d9513ab6bec75f2ce27\"},\"headline\":\"Minister Anu\u0161i\u0107 from Warsaw: Croatia will continue to assist Ukraine\",\"datePublished\":\"2025-04-03T13:25:01+00:00\",\"dateModified\":\"2025-11-26T14:16:29+00:00\",\"mainEntityOfPage\":{\"@id\":\"https:\/\/www.morh.hr\/en\/minister-anusic-from-warsaw-croatia-will-continue-to-assist-ukraine\/\"},\"wordCount\":363,\"image\":{\"@id\":\"https:\/\/www.morh.hr\/en\/minister-anusic-from-warsaw-croatia-will-continue-to-assist-ukraine\/#primaryimage\"},\"thumbnailUrl\":\"https:\/\/www.morh.hr\/wp-content\/uploads\/2025\/05\/2025-04-03-mo-varsava-en.jpg\",\"articleSection\":[\"Press releases\"],\"inLanguage\":\"en-US\"},{\"@type\":\"WebPage\",\"@id\":\"https:\/\/www.morh.hr\/en\/minister-anusic-from-warsaw-croatia-will-continue-to-assist-ukraine\/\",\"url\":\"https:\/\/www.morh.hr\/en\/minister-anusic-from-warsaw-croatia-will-continue-to-assist-ukraine\/\",\"name\":\"Minister Anu\u0161i\u0107 from Warsaw: Croatia will continue to assist Ukraine - MORH\",\"isPartOf\":{\"@id\":\"https:\/\/www.morh.hr\/en\/#website\"},\"primaryImageOfPage\":{\"@id\":\"https:\/\/www.morh.hr\/en\/minister-anusic-from-warsaw-croatia-will-continue-to-assist-ukraine\/#primaryimage\"},\"image\":{\"@id\":\"https:\/\/www.morh.hr\/en\/minister-anusic-from-warsaw-croatia-will-continue-to-assist-ukraine\/#primaryimage\"},\"thumbnailUrl\":\"https:\/\/www.morh.hr\/wp-content\/uploads\/2025\/05\/2025-04-03-mo-varsava-en.jpg\",\"datePublished\":\"2025-04-03T13:25:01+00:00\",\"dateModified\":\"2025-11-26T14:16:29+00:00\",\"author\":{\"@id\":\"https:\/\/www.morh.hr\/en\/#\/schema\/person\/2d72e03399043d9513ab6bec75f2ce27\"},\"description\":\"Deputy Prime Minister and Minister of Defence Ivan Anu\u0161i\u0107 participated on 3 April 2025, at the informal meeting of Defence Ministers of the European Union member states, which is held in Warsaw, Republic of Poland\",\"breadcrumb\":{\"@id\":\"https:\/\/www.morh.hr\/en\/minister-anusic-from-warsaw-croatia-will-continue-to-assist-ukraine\/#breadcrumb\"},\"inLanguage\":\"en-US\",\"potentialAction\":[{\"@type\":\"ReadAction\",\"target\":[\"https:\/\/www.morh.hr\/en\/minister-anusic-from-warsaw-croatia-will-continue-to-assist-ukraine\/\"]}]},{\"@type\":\"ImageObject\",\"inLanguage\":\"en-US\",\"@id\":\"https:\/\/www.morh.hr\/en\/minister-anusic-from-warsaw-croatia-will-continue-to-assist-ukraine\/#primaryimage\",\"url\":\"https:\/\/www.morh.hr\/wp-content\/uploads\/2025\/05\/2025-04-03-mo-varsava-en.jpg\",\"contentUrl\":\"https:\/\/www.morh.hr\/wp-content\/uploads\/2025\/05\/2025-04-03-mo-varsava-en.jpg\",\"width\":2400,\"height\":1600,\"caption\":\"Warsaw, Poland, 03 April 2025. Informal meeting of defence ministers. Family photo.\"},{\"@type\":\"BreadcrumbList\",\"@id\":\"https:\/\/www.morh.hr\/en\/minister-anusic-from-warsaw-croatia-will-continue-to-assist-ukraine\/#breadcrumb\",\"itemListElement\":[{\"@type\":\"ListItem\",\"position\":1,\"name\":\"Naslovnica\",\"item\":\"https:\/\/www.morh.hr\/en\/\"},{\"@type\":\"ListItem\",\"position\":2,\"name\":\"News\",\"item\":\"https:\/\/www.morh.hr\/en\/kategorija\/news\/\"},{\"@type\":\"ListItem\",\"position\":3,\"name\":\"Press releases\",\"item\":\"https:\/\/www.morh.hr\/en\/kategorija\/news\/press-releases\/\"},{\"@type\":\"ListItem\",\"position\":4,\"name\":\"Minister Anu\u0161i\u0107 from Warsaw: Croatia will continue to assist Ukraine\"}]},{\"@type\":\"WebSite\",\"@id\":\"https:\/\/www.morh.hr\/en\/#website\",\"url\":\"https:\/\/www.morh.hr\/en\/\",\"name\":\"MORH\",\"description\":\"Ministarstvo obrane Republike Hrvatske - slu\u017ebene stranice\",\"potentialAction\":[{\"@type\":\"SearchAction\",\"target\":{\"@type\":\"EntryPoint\",\"urlTemplate\":\"https:\/\/www.morh.hr\/en\/?s={search_term_string}\"},\"query-input\":{\"@type\":\"PropertyValueSpecification\",\"valueRequired\":true,\"valueName\":\"search_term_string\"}}],\"inLanguage\":\"en-US\"},{\"@type\":\"Person\",\"@id\":\"https:\/\/www.morh.hr\/en\/#\/schema\/person\/2d72e03399043d9513ab6bec75f2ce27\",\"name\":\"Drazen\",\"image\":{\"@type\":\"ImageObject\",\"inLanguage\":\"en-US\",\"@id\":\"https:\/\/www.morh.hr\/en\/#\/schema\/person\/image\/\",\"url\":\"https:\/\/secure.gravatar.com\/avatar\/e36ef7e573425ae72988c73df868c1e87a656b0e005ca4fd7d30d2ba7e49c9cf?s=96&d=mm&r=g\",\"contentUrl\":\"https:\/\/secure.gravatar.com\/avatar\/e36ef7e573425ae72988c73df868c1e87a656b0e005ca4fd7d30d2ba7e49c9cf?s=96&d=mm&r=g\",\"caption\":\"Drazen\"}}]}<\/script>\n<!-- \/ Yoast SEO plugin. -->","yoast_head_json":{"title":"Minister Anu\u0161i\u0107 from Warsaw: Croatia will continue to assist Ukraine - MORH","description":"Deputy Prime Minister and Minister of Defence Ivan Anu\u0161i\u0107 participated on 3 April 2025, at the informal meeting of Defence Ministers of the European Union member states, which is held in Warsaw, Republic of Poland","robots":{"index":"index","follow":"follow","max-snippet":"max-snippet:-1","max-image-preview":"max-image-preview:large","max-video-preview":"max-video-preview:-1"},"canonical":"https:\/\/www.morh.hr\/en\/minister-anusic-from-warsaw-croatia-will-continue-to-assist-ukraine\/","og_locale":"en_US","og_type":"article","og_title":"Minister Anu\u0161i\u0107 from Warsaw: Croatia will continue to assist Ukraine - MORH","og_description":"Deputy Prime Minister and Minister of Defence Ivan Anu\u0161i\u0107 participated on 3 April 2025, at the informal meeting of Defence Ministers of the European Union member states, which is held in Warsaw, Republic of Poland","og_url":"https:\/\/www.morh.hr\/en\/minister-anusic-from-warsaw-croatia-will-continue-to-assist-ukraine\/","og_site_name":"MORH","article_publisher":"https:\/\/www.facebook.com\/sportasiuhrvatskojvojsci\/","article_published_time":"2025-04-03T13:25:01+00:00","article_modified_time":"2025-11-26T14:16:29+00:00","og_image":[{"width":2400,"height":1600,"url":"https:\/\/www.morh.hr\/wp-content\/uploads\/2025\/05\/2025-04-03-mo-varsava-en.jpg","type":"image\/jpeg"}],"author":"Drazen","twitter_card":"summary_large_image","twitter_creator":"@morh_osrh","twitter_site":"@morh_osrh","twitter_misc":{"Written by":"Drazen","Est. reading time":"3 minutes"},"schema":{"@context":"https:\/\/schema.org","@graph":[{"@type":"Article","@id":"https:\/\/www.morh.hr\/en\/minister-anusic-from-warsaw-croatia-will-continue-to-assist-ukraine\/#article","isPartOf":{"@id":"https:\/\/www.morh.hr\/en\/minister-anusic-from-warsaw-croatia-will-continue-to-assist-ukraine\/"},"author":{"name":"Drazen","@id":"https:\/\/www.morh.hr\/en\/#\/schema\/person\/2d72e03399043d9513ab6bec75f2ce27"},"headline":"Minister Anu\u0161i\u0107 from Warsaw: Croatia will continue to assist Ukraine","datePublished":"2025-04-03T13:25:01+00:00","dateModified":"2025-11-26T14:16:29+00:00","mainEntityOfPage":{"@id":"https:\/\/www.morh.hr\/en\/minister-anusic-from-warsaw-croatia-will-continue-to-assist-ukraine\/"},"wordCount":363,"image":{"@id":"https:\/\/www.morh.hr\/en\/minister-anusic-from-warsaw-croatia-will-continue-to-assist-ukraine\/#primaryimage"},"thumbnailUrl":"https:\/\/www.morh.hr\/wp-content\/uploads\/2025\/05\/2025-04-03-mo-varsava-en.jpg","articleSection":["Press releases"],"inLanguage":"en-US"},{"@type":"WebPage","@id":"https:\/\/www.morh.hr\/en\/minister-anusic-from-warsaw-croatia-will-continue-to-assist-ukraine\/","url":"https:\/\/www.morh.hr\/en\/minister-anusic-from-warsaw-croatia-will-continue-to-assist-ukraine\/","name":"Minister Anu\u0161i\u0107 from Warsaw: Croatia will continue to assist Ukraine - MORH","isPartOf":{"@id":"https:\/\/www.morh.hr\/en\/#website"},"primaryImageOfPage":{"@id":"https:\/\/www.morh.hr\/en\/minister-anusic-from-warsaw-croatia-will-continue-to-assist-ukraine\/#primaryimage"},"image":{"@id":"https:\/\/www.morh.hr\/en\/minister-anusic-from-warsaw-croatia-will-continue-to-assist-ukraine\/#primaryimage"},"thumbnailUrl":"https:\/\/www.morh.hr\/wp-content\/uploads\/2025\/05\/2025-04-03-mo-varsava-en.jpg","datePublished":"2025-04-03T13:25:01+00:00","dateModified":"2025-11-26T14:16:29+00:00","author":{"@id":"https:\/\/www.morh.hr\/en\/#\/schema\/person\/2d72e03399043d9513ab6bec75f2ce27"},"description":"Deputy Prime Minister and Minister of Defence Ivan Anu\u0161i\u0107 participated on 3 April 2025, at the informal meeting of Defence Ministers of the European Union member states, which is held in Warsaw, Republic of Poland","breadcrumb":{"@id":"https:\/\/www.morh.hr\/en\/minister-anusic-from-warsaw-croatia-will-continue-to-assist-ukraine\/#breadcrumb"},"inLanguage":"en-US","potentialAction":[{"@type":"ReadAction","target":["https:\/\/www.morh.hr\/en\/minister-anusic-from-warsaw-croatia-will-continue-to-assist-ukraine\/"]}]},{"@type":"ImageObject","inLanguage":"en-US","@id":"https:\/\/www.morh.hr\/en\/minister-anusic-from-warsaw-croatia-will-continue-to-assist-ukraine\/#primaryimage","url":"https:\/\/www.morh.hr\/wp-content\/uploads\/2025\/05\/2025-04-03-mo-varsava-en.jpg","contentUrl":"https:\/\/www.morh.hr\/wp-content\/uploads\/2025\/05\/2025-04-03-mo-varsava-en.jpg","width":2400,"height":1600,"caption":"Warsaw, Poland, 03 April 2025. Informal meeting of defence ministers. Family photo."},{"@type":"BreadcrumbList","@id":"https:\/\/www.morh.hr\/en\/minister-anusic-from-warsaw-croatia-will-continue-to-assist-ukraine\/#breadcrumb","itemListElement":[{"@type":"ListItem","position":1,"name":"Naslovnica","item":"https:\/\/www.morh.hr\/en\/"},{"@type":"ListItem","position":2,"name":"News","item":"https:\/\/www.morh.hr\/en\/kategorija\/news\/"},{"@type":"ListItem","position":3,"name":"Press releases","item":"https:\/\/www.morh.hr\/en\/kategorija\/news\/press-releases\/"},{"@type":"ListItem","position":4,"name":"Minister Anu\u0161i\u0107 from Warsaw: Croatia will continue to assist Ukraine"}]},{"@type":"WebSite","@id":"https:\/\/www.morh.hr\/en\/#website","url":"https:\/\/www.morh.hr\/en\/","name":"MORH","description":"Ministarstvo obrane Republike Hrvatske - slu\u017ebene stranice","potentialAction":[{"@type":"SearchAction","target":{"@type":"EntryPoint","urlTemplate":"https:\/\/www.morh.hr\/en\/?s={search_term_string}"},"query-input":{"@type":"PropertyValueSpecification","valueRequired":true,"valueName":"search_term_string"}}],"inLanguage":"en-US"},{"@type":"Person","@id":"https:\/\/www.morh.hr\/en\/#\/schema\/person\/2d72e03399043d9513ab6bec75f2ce27","name":"Drazen","image":{"@type":"ImageObject","inLanguage":"en-US","@id":"https:\/\/www.morh.hr\/en\/#\/schema\/person\/image\/","url":"https:\/\/secure.gravatar.com\/avatar\/e36ef7e573425ae72988c73df868c1e87a656b0e005ca4fd7d30d2ba7e49c9cf?s=96&d=mm&r=g","contentUrl":"https:\/\/secure.gravatar.com\/avatar\/e36ef7e573425ae72988c73df868c1e87a656b0e005ca4fd7d30d2ba7e49c9cf?s=96&d=mm&r=g","caption":"Drazen"}}]}},"_links":{"self":[{"href":"https:\/\/www.morh.hr\/en\/wp-json\/wp\/v2\/posts\/254690","targetHints":{"allow":["GET"]}}],"collection":[{"href":"https:\/\/www.morh.hr\/en\/wp-json\/wp\/v2\/posts"}],"about":[{"href":"https:\/\/www.morh.hr\/en\/wp-json\/wp\/v2\/types\/post"}],"author":[{"embeddable":true,"href":"https:\/\/www.morh.hr\/en\/wp-json\/wp\/v2\/users\/3"}],"replies":[{"embeddable":true,"href":"https:\/\/www.morh.hr\/en\/wp-json\/wp\/v2\/comments?post=254690"}],"version-history":[{"count":1,"href":"https:\/\/www.morh.hr\/en\/wp-json\/wp\/v2\/posts\/254690\/revisions"}],"predecessor-version":[{"id":263868,"href":"https:\/\/www.morh.hr\/en\/wp-json\/wp\/v2\/posts\/254690\/revisions\/263868"}],"wp:featuredmedia":[{"embeddable":true,"href":"https:\/\/www.morh.hr\/en\/wp-json\/wp\/v2\/media\/254695"}],"wp:attachment":[{"href":"https:\/\/www.morh.hr\/en\/wp-json\/wp\/v2\/media?parent=254690"}],"wp:term":[{"taxonomy":"category","embeddable":true,"href":"https:\/\/www.morh.hr\/en\/wp-json\/wp\/v2\/categories?post=254690"},{"taxonomy":"post_tag","embeddable":true,"href":"https:\/\/www.morh.hr\/en\/wp-json\/wp\/v2\/tags?post=254690"}],"curies":[{"name":"wp","href":"https:\/\/api.w.org\/{rel}","templated":true}]}}