{"id":254698,"date":"2025-04-05T15:32:57","date_gmt":"2025-04-05T13:32:57","guid":{"rendered":"https:\/\/www.morh.hr\/?p=254698"},"modified":"2025-11-26T15:16:36","modified_gmt":"2025-11-26T14:16:36","slug":"minister-anusic-to-members-of-the-wings-of-storm-all-these-years-you-have-been-representing-croatia-and-the-croatian-air-force-in-a-special-way","status":"publish","type":"post","link":"https:\/\/www.morh.hr\/en\/minister-anusic-to-members-of-the-wings-of-storm-all-these-years-you-have-been-representing-croatia-and-the-croatian-air-force-in-a-special-way\/","title":{"rendered":"Minister Anu\u0161i\u0107 to members of the &#8220;Wings of Storm&#8221;: All these years you have been representing Croatia and the Croatian Air Force in a special way"},"content":{"rendered":"<p>Today, 5 April 2025, the ceremony marking the 20th anniversary of the founding of the &#8220;Wings of Storm&#8221; acrobatic group of the Croatian Air Force attended by the Deputy Prime Minister of the Republic of Croatia and Minister of Defence Ivan Anu\u0161i\u0107 and the Chief of the CAF General Staff LTG Tihomir Kundid was held at the Colonel Mirko Vuku\u0161i\u0107 barracks at Zemunik.<\/p>\n<p><strong>Minister Anu\u0161i\u0107 presented a certificate of merit to members of the &#8220;Wings of Storm&#8221; for successful 20 years<\/strong><\/p>\n<p>Minister Anu\u0161i\u0107 and General Kundid congratulated members of the &#8220;Wings of Storm&#8221; acrobatic group for 20 years of successful work.<\/p>\n<p>Minister Anu\u0161i\u0107 presented the members of the &#8220;Wings of Storm&#8221; with a certificate of merit, which was received on their behalf by the leader of the acrobatic group, Major Darko Belan\u010di\u0107.<br \/>\nThe Minister congratulated the pilots and emphasized: &#8220;I congratulate all members of the \u2018Wings of Storm\u2019 on their successful 20 years. All these years you have demonstrated your exceptional knowledge and flying skills.&#8221;<\/p>\n<p>The Minister also expressed satisfaction that the &#8220;Wings of Storm&#8221; represent Croatia and the Croatian Air Force in a special way throughout Europe and the world.<\/p>\n<p>&#8220;The \u2018Wings of Storm\u2019 are in a way what is most recognizable in our Croatian Air Force,&#8221; the Minister said and wished the pilots a lot of success in their future work.<\/p>\n<p>LTG Tihomir Kundid told the members of the &#8220;Wings of Storm&#8221; that today they particularly showed excellent flying skills, knowledge and experience and commended them for their perfectly executed acrobatic flights.<\/p>\n<p><iframe loading=\"lazy\" title=\"Anu\u0161i\u0107 pripadnicima \u201cKrila Oluje\u201d: Sve ove godine na poseban na\u010din predstavljate Hrvatsku i HRZ\" width=\"868\" height=\"488\" src=\"https:\/\/www.youtube.com\/embed\/zmedL6EpacQ?wmode=transparent&amp;rel=0&amp;feature=oembed\" frameborder=\"0\" allow=\"accelerometer; autoplay; clipboard-write; encrypted-media; gyroscope; picture-in-picture; web-share\" referrerpolicy=\"strict-origin-when-cross-origin\" allowfullscreen><\/iframe><\/p>\n<p><strong>Leader of the &#8220;Wings of Storm&#8221;: The best thing for us is to perform in front of a home audience<\/strong><\/p>\n<p>The leader of the &#8220;Wings of Storm&#8221; acrobatic group, Major Darko Belan\u010di\u0107, pointed out that he is extremely glad that the acrobatic group marked its 20th anniversary with a great flight programme.<\/p>\n<p>Regarding the special skills and competences that a member of the acrobatic group must meet, Belan\u010di\u0107 pointed out: &#8220;As flight instructors, we look for excellent grades in flying, we also look for a character and personality, and some other values that are actually very important. We fly in specific conditions and do complicated things.&#8221;<\/p>\n<p>Major Belan\u010di\u0107 pointed out that the best thing for the &#8220;Wings of Storm&#8221; is to perform in Croatia in front of a domestic audience and at the same time represent the attractiveness of the pilot&#8217;s calling.<\/p>\n<p><strong>Impressive flight programme at Zemunik \u2013 parachute jumps, overflight of the Rafale airplanes and the &#8220;Wings of Storm&#8221; thrilled the audience<\/strong><\/p>\n<p>On the occasion of the 20th anniversary of the &#8220;Wings of Storm&#8221;, a flight programme was held in the sky above Zemunik. At the beginning, parachute jumps were performed. Three members of the Special Forces Command jumped out of the Croatian Air Force Mi-171 Sh helicopter with the flag of the Republic of Croatia, the Croatian Air Force and the 93rd Wing of the Croatian Air Force.<\/p>\n<p>The &#8220;Wings of Storm&#8221; performed a full flight programme with 19 elements lasting 21 minutes, and the Rafale multi-role fighter airplane, Bell 206B3 helicopters, Kiowa Warrior OH-58D, and Canadair CL-415 and Air Tractor AT-802 firefighting airplanes flew over Zemunik.<\/p>\n<div class=\"morh-galleria\"><a href=\"https:\/\/live.staticflickr.com\/65535\/54432156680_f4aadb9221_h.jpg\" title=\"Ministar Anu\u0161i\u0107 pripadnicima Krila Oluje: Sve ove godine na poseban na\u010din predstavljate Hrvatsku i HRZ\"><img decoding=\"async\" data-title=\"Ministar Anu\u0161i\u0107 pripadnicima Krila Oluje: Sve ove godine na poseban na\u010din predstavljate Hrvatsku i HRZ\" data-description=\"Akrobatska grupa Krila Oluje impresivnim leta\u010dkim programom u Zemuniku obilje\u017eila 20. ro\u0111endan | Foto: MORH\/ F. Klen\" alt=\"Ministar Anu\u0161i\u0107 pripadnicima Krila Oluje: Sve ove godine na poseban na\u010din predstavljate Hrvatsku i HRZ\" src=\"https:\/\/live.staticflickr.com\/65535\/54432156680_f4aadb9221_h.jpg\" data-layer=\"&lt;div class=&#039;morh-gallery-image-download&#039;&gt;&lt;a href=&#039;https:\/\/live.staticflickr.com\/65535\/54432156680_094063016e_o.jpg&#039; target=&#039;_blank&#039;&gt;Slika za preuzimanje&lt;\/a&gt;&lt;\/div&gt;\" \/><\/a><a href=\"https:\/\/live.staticflickr.com\/65535\/54431981379_f67683f895_h.jpg\" title=\"Ministar Anu\u0161i\u0107 pripadnicima Krila Oluje: Sve ove godine na poseban na\u010din predstavljate Hrvatsku i HRZ\"><img decoding=\"async\" data-title=\"Ministar Anu\u0161i\u0107 pripadnicima Krila Oluje: Sve ove godine na poseban na\u010din predstavljate Hrvatsku i HRZ\" data-description=\"Akrobatska grupa Krila Oluje impresivnim leta\u010dkim programom u Zemuniku obilje\u017eila 20. ro\u0111endan | Foto: MORH\/ F. Klen\" alt=\"Ministar Anu\u0161i\u0107 pripadnicima Krila Oluje: Sve ove godine na poseban na\u010din predstavljate Hrvatsku i HRZ\" src=\"https:\/\/live.staticflickr.com\/65535\/54431981379_f67683f895_h.jpg\" data-layer=\"&lt;div class=&#039;morh-gallery-image-download&#039;&gt;&lt;a href=&#039;https:\/\/live.staticflickr.com\/65535\/54431981379_3b67fd64a8_o.jpg&#039; target=&#039;_blank&#039;&gt;Slika za preuzimanje&lt;\/a&gt;&lt;\/div&gt;\" \/><\/a><a href=\"https:\/\/live.staticflickr.com\/65535\/54432031953_7c50c8e89d_h.jpg\" title=\"Ministar Anu\u0161i\u0107 pripadnicima Krila Oluje: Sve ove godine na poseban na\u010din predstavljate Hrvatsku i HRZ\"><img decoding=\"async\" data-title=\"Ministar Anu\u0161i\u0107 pripadnicima Krila Oluje: Sve ove godine na poseban na\u010din predstavljate Hrvatsku i HRZ\" data-description=\"Akrobatska grupa Krila Oluje impresivnim leta\u010dkim programom u Zemuniku obilje\u017eila 20. ro\u0111endan | Foto: MORH\/ F. Klen\" alt=\"Ministar Anu\u0161i\u0107 pripadnicima Krila Oluje: Sve ove godine na poseban na\u010din predstavljate Hrvatsku i HRZ\" src=\"https:\/\/live.staticflickr.com\/65535\/54432031953_7c50c8e89d_h.jpg\" data-layer=\"&lt;div class=&#039;morh-gallery-image-download&#039;&gt;&lt;a href=&#039;https:\/\/live.staticflickr.com\/65535\/54432031953_34f4ca81ff_o.jpg&#039; target=&#039;_blank&#039;&gt;Slika za preuzimanje&lt;\/a&gt;&lt;\/div&gt;\" \/><\/a><a href=\"https:\/\/live.staticflickr.com\/65535\/54432156840_bc55404498_h.jpg\" title=\"Ministar Anu\u0161i\u0107 pripadnicima Krila Oluje: Sve ove godine na poseban na\u010din predstavljate Hrvatsku i HRZ\"><img decoding=\"async\" data-title=\"Ministar Anu\u0161i\u0107 pripadnicima Krila Oluje: Sve ove godine na poseban na\u010din predstavljate Hrvatsku i HRZ\" data-description=\"Akrobatska grupa Krila Oluje impresivnim leta\u010dkim programom u Zemuniku obilje\u017eila 20. ro\u0111endan | Foto: MORH\/ F. Klen\" alt=\"Ministar Anu\u0161i\u0107 pripadnicima Krila Oluje: Sve ove godine na poseban na\u010din predstavljate Hrvatsku i HRZ\" src=\"https:\/\/live.staticflickr.com\/65535\/54432156840_bc55404498_h.jpg\" data-layer=\"&lt;div class=&#039;morh-gallery-image-download&#039;&gt;&lt;a href=&#039;https:\/\/live.staticflickr.com\/65535\/54432156840_1500aa8082_o.jpg&#039; target=&#039;_blank&#039;&gt;Slika za preuzimanje&lt;\/a&gt;&lt;\/div&gt;\" \/><\/a><a href=\"https:\/\/live.staticflickr.com\/65535\/54430925737_1208f3ec58_h.jpg\" title=\"Ministar Anu\u0161i\u0107 pripadnicima Krila Oluje: Sve ove godine na poseban na\u010din predstavljate Hrvatsku i HRZ\"><img decoding=\"async\" data-title=\"Ministar Anu\u0161i\u0107 pripadnicima Krila Oluje: Sve ove godine na poseban na\u010din predstavljate Hrvatsku i HRZ\" data-description=\"Akrobatska grupa Krila Oluje impresivnim leta\u010dkim programom u Zemuniku obilje\u017eila 20. ro\u0111endan | Foto: MORH\/ F. Klen\" alt=\"Ministar Anu\u0161i\u0107 pripadnicima Krila Oluje: Sve ove godine na poseban na\u010din predstavljate Hrvatsku i HRZ\" src=\"https:\/\/live.staticflickr.com\/65535\/54430925737_1208f3ec58_h.jpg\" data-layer=\"&lt;div class=&#039;morh-gallery-image-download&#039;&gt;&lt;a href=&#039;https:\/\/live.staticflickr.com\/65535\/54430925737_f7db0092c2_o.jpg&#039; target=&#039;_blank&#039;&gt;Slika za preuzimanje&lt;\/a&gt;&lt;\/div&gt;\" \/><\/a><a href=\"https:\/\/live.staticflickr.com\/65535\/54432032633_cffde8bd60_h.jpg\" title=\"Ministar Anu\u0161i\u0107 pripadnicima Krila Oluje: Sve ove godine na poseban na\u010din predstavljate Hrvatsku i HRZ\"><img decoding=\"async\" data-title=\"Ministar Anu\u0161i\u0107 pripadnicima Krila Oluje: Sve ove godine na poseban na\u010din predstavljate Hrvatsku i HRZ\" data-description=\"Akrobatska grupa Krila Oluje impresivnim leta\u010dkim programom u Zemuniku obilje\u017eila 20. ro\u0111endan | Foto: MORH\/ F. Klen\" alt=\"Ministar Anu\u0161i\u0107 pripadnicima Krila Oluje: Sve ove godine na poseban na\u010din predstavljate Hrvatsku i HRZ\" src=\"https:\/\/live.staticflickr.com\/65535\/54432032633_cffde8bd60_h.jpg\" data-layer=\"&lt;div class=&#039;morh-gallery-image-download&#039;&gt;&lt;a href=&#039;https:\/\/live.staticflickr.com\/65535\/54432032633_cd31f6ee0d_o.jpg&#039; target=&#039;_blank&#039;&gt;Slika za preuzimanje&lt;\/a&gt;&lt;\/div&gt;\" \/><\/a><a href=\"https:\/\/live.staticflickr.com\/65535\/54431778451_c00aed8039_h.jpg\" title=\"Ministar Anu\u0161i\u0107 pripadnicima Krila Oluje: Sve ove godine na poseban na\u010din predstavljate Hrvatsku i HRZ\"><img decoding=\"async\" data-title=\"Ministar Anu\u0161i\u0107 pripadnicima Krila Oluje: Sve ove godine na poseban na\u010din predstavljate Hrvatsku i HRZ\" data-description=\"Akrobatska grupa Krila Oluje impresivnim leta\u010dkim programom u Zemuniku obilje\u017eila 20. ro\u0111endan | Foto: MORH\/ F. Klen\" alt=\"Ministar Anu\u0161i\u0107 pripadnicima Krila Oluje: Sve ove godine na poseban na\u010din predstavljate Hrvatsku i HRZ\" src=\"https:\/\/live.staticflickr.com\/65535\/54431778451_c00aed8039_h.jpg\" data-layer=\"&lt;div class=&#039;morh-gallery-image-download&#039;&gt;&lt;a href=&#039;https:\/\/live.staticflickr.com\/65535\/54431778451_51fd331a72_o.jpg&#039; target=&#039;_blank&#039;&gt;Slika za preuzimanje&lt;\/a&gt;&lt;\/div&gt;\" \/><\/a><a href=\"https:\/\/live.staticflickr.com\/65535\/54431981394_3a82d434d4_h.jpg\" title=\"Ministar Anu\u0161i\u0107 pripadnicima Krila Oluje: Sve ove godine na poseban na\u010din predstavljate Hrvatsku i HRZ\"><img decoding=\"async\" data-title=\"Ministar Anu\u0161i\u0107 pripadnicima Krila Oluje: Sve ove godine na poseban na\u010din predstavljate Hrvatsku i HRZ\" data-description=\"Akrobatska grupa Krila Oluje impresivnim leta\u010dkim programom u Zemuniku obilje\u017eila 20. ro\u0111endan | Foto: MORH\/ F. Klen\" alt=\"Ministar Anu\u0161i\u0107 pripadnicima Krila Oluje: Sve ove godine na poseban na\u010din predstavljate Hrvatsku i HRZ\" src=\"https:\/\/live.staticflickr.com\/65535\/54431981394_3a82d434d4_h.jpg\" data-layer=\"&lt;div class=&#039;morh-gallery-image-download&#039;&gt;&lt;a href=&#039;https:\/\/live.staticflickr.com\/65535\/54431981394_24d2c70d32_o.jpg&#039; target=&#039;_blank&#039;&gt;Slika za preuzimanje&lt;\/a&gt;&lt;\/div&gt;\" \/><\/a><a href=\"https:\/\/live.staticflickr.com\/65535\/54430925202_3bbe96cd37_h.jpg\" title=\"Ministar Anu\u0161i\u0107 pripadnicima Krila Oluje: Sve ove godine na poseban na\u010din predstavljate Hrvatsku i HRZ\"><img decoding=\"async\" data-title=\"Ministar Anu\u0161i\u0107 pripadnicima Krila Oluje: Sve ove godine na poseban na\u010din predstavljate Hrvatsku i HRZ\" data-description=\"Akrobatska grupa Krila Oluje impresivnim leta\u010dkim programom u Zemuniku obilje\u017eila 20. ro\u0111endan | Foto: MORH\/ F. Klen\" alt=\"Ministar Anu\u0161i\u0107 pripadnicima Krila Oluje: Sve ove godine na poseban na\u010din predstavljate Hrvatsku i HRZ\" src=\"https:\/\/live.staticflickr.com\/65535\/54430925202_3bbe96cd37_h.jpg\" data-layer=\"&lt;div class=&#039;morh-gallery-image-download&#039;&gt;&lt;a href=&#039;https:\/\/live.staticflickr.com\/65535\/54430925202_7d2c0d2075_o.jpg&#039; target=&#039;_blank&#039;&gt;Slika za preuzimanje&lt;\/a&gt;&lt;\/div&gt;\" \/><\/a><a href=\"https:\/\/live.staticflickr.com\/65535\/54432156590_2f3b780c2b_h.jpg\" title=\"Ministar Anu\u0161i\u0107 pripadnicima Krila Oluje: Sve ove godine na poseban na\u010din predstavljate Hrvatsku i HRZ\"><img decoding=\"async\" data-title=\"Ministar Anu\u0161i\u0107 pripadnicima Krila Oluje: Sve ove godine na poseban na\u010din predstavljate Hrvatsku i HRZ\" data-description=\"Akrobatska grupa Krila Oluje impresivnim leta\u010dkim programom u Zemuniku obilje\u017eila 20. ro\u0111endan | Foto: MORH\/ F. Klen\" alt=\"Ministar Anu\u0161i\u0107 pripadnicima Krila Oluje: Sve ove godine na poseban na\u010din predstavljate Hrvatsku i HRZ\" src=\"https:\/\/live.staticflickr.com\/65535\/54432156590_2f3b780c2b_h.jpg\" data-layer=\"&lt;div class=&#039;morh-gallery-image-download&#039;&gt;&lt;a href=&#039;https:\/\/live.staticflickr.com\/65535\/54432156590_e56b84da56_o.jpg&#039; target=&#039;_blank&#039;&gt;Slika za preuzimanje&lt;\/a&gt;&lt;\/div&gt;\" \/><\/a><a href=\"https:\/\/live.staticflickr.com\/65535\/54432156210_d17923fe93_h.jpg\" title=\"Ministar Anu\u0161i\u0107 pripadnicima Krila Oluje: Sve ove godine na poseban na\u010din predstavljate Hrvatsku i HRZ\"><img decoding=\"async\" data-title=\"Ministar Anu\u0161i\u0107 pripadnicima Krila Oluje: Sve ove godine na poseban na\u010din predstavljate Hrvatsku i HRZ\" data-description=\"Akrobatska grupa Krila Oluje impresivnim leta\u010dkim programom u Zemuniku obilje\u017eila 20. ro\u0111endan | Foto: MORH\/ F. Klen\" alt=\"Ministar Anu\u0161i\u0107 pripadnicima Krila Oluje: Sve ove godine na poseban na\u010din predstavljate Hrvatsku i HRZ\" src=\"https:\/\/live.staticflickr.com\/65535\/54432156210_d17923fe93_h.jpg\" data-layer=\"&lt;div class=&#039;morh-gallery-image-download&#039;&gt;&lt;a href=&#039;https:\/\/live.staticflickr.com\/65535\/54432156210_7e5cf55e9d_o.jpg&#039; target=&#039;_blank&#039;&gt;Slika za preuzimanje&lt;\/a&gt;&lt;\/div&gt;\" \/><\/a><a href=\"https:\/\/live.staticflickr.com\/65535\/54431980614_cb073f0771_h.jpg\" title=\"Ministar Anu\u0161i\u0107 pripadnicima Krila Oluje: Sve ove godine na poseban na\u010din predstavljate Hrvatsku i HRZ\"><img decoding=\"async\" data-title=\"Ministar Anu\u0161i\u0107 pripadnicima Krila Oluje: Sve ove godine na poseban na\u010din predstavljate Hrvatsku i HRZ\" data-description=\"Akrobatska grupa Krila Oluje impresivnim leta\u010dkim programom u Zemuniku obilje\u017eila 20. ro\u0111endan | Foto: MORH\/ F. Klen\" alt=\"Ministar Anu\u0161i\u0107 pripadnicima Krila Oluje: Sve ove godine na poseban na\u010din predstavljate Hrvatsku i HRZ\" src=\"https:\/\/live.staticflickr.com\/65535\/54431980614_cb073f0771_h.jpg\" data-layer=\"&lt;div class=&#039;morh-gallery-image-download&#039;&gt;&lt;a href=&#039;https:\/\/live.staticflickr.com\/65535\/54431980614_26d129d14a_o.jpg&#039; target=&#039;_blank&#039;&gt;Slika za preuzimanje&lt;\/a&gt;&lt;\/div&gt;\" \/><\/a><a href=\"https:\/\/live.staticflickr.com\/65535\/54432032213_116f839e25_h.jpg\" title=\"Ministar Anu\u0161i\u0107 pripadnicima Krila Oluje: Sve ove godine na poseban na\u010din predstavljate Hrvatsku i HRZ\"><img decoding=\"async\" data-title=\"Ministar Anu\u0161i\u0107 pripadnicima Krila Oluje: Sve ove godine na poseban na\u010din predstavljate Hrvatsku i HRZ\" data-description=\"Akrobatska grupa Krila Oluje impresivnim leta\u010dkim programom u Zemuniku obilje\u017eila 20. ro\u0111endan | Foto: MORH\/ F. Klen\" alt=\"Ministar Anu\u0161i\u0107 pripadnicima Krila Oluje: Sve ove godine na poseban na\u010din predstavljate Hrvatsku i HRZ\" src=\"https:\/\/live.staticflickr.com\/65535\/54432032213_116f839e25_h.jpg\" data-layer=\"&lt;div class=&#039;morh-gallery-image-download&#039;&gt;&lt;a href=&#039;https:\/\/live.staticflickr.com\/65535\/54432032213_26f5edfe8b_o.jpg&#039; target=&#039;_blank&#039;&gt;Slika za preuzimanje&lt;\/a&gt;&lt;\/div&gt;\" \/><\/a><a href=\"https:\/\/live.staticflickr.com\/65535\/54430925517_8618db039c_h.jpg\" title=\"Ministar Anu\u0161i\u0107 pripadnicima Krila Oluje: Sve ove godine na poseban na\u010din predstavljate Hrvatsku i HRZ\"><img decoding=\"async\" data-title=\"Ministar Anu\u0161i\u0107 pripadnicima Krila Oluje: Sve ove godine na poseban na\u010din predstavljate Hrvatsku i HRZ\" data-description=\"Akrobatska grupa Krila Oluje impresivnim leta\u010dkim programom u Zemuniku obilje\u017eila 20. ro\u0111endan | Foto: MORH\/ F. Klen\" alt=\"Ministar Anu\u0161i\u0107 pripadnicima Krila Oluje: Sve ove godine na poseban na\u010din predstavljate Hrvatsku i HRZ\" src=\"https:\/\/live.staticflickr.com\/65535\/54430925517_8618db039c_h.jpg\" data-layer=\"&lt;div class=&#039;morh-gallery-image-download&#039;&gt;&lt;a href=&#039;https:\/\/live.staticflickr.com\/65535\/54430925517_39a3361942_o.jpg&#039; target=&#039;_blank&#039;&gt;Slika za preuzimanje&lt;\/a&gt;&lt;\/div&gt;\" \/><\/a><a href=\"https:\/\/live.staticflickr.com\/65535\/54431980744_002a54f667_h.jpg\" title=\"Ministar Anu\u0161i\u0107 pripadnicima Krila Oluje: Sve ove godine na poseban na\u010din predstavljate Hrvatsku i HRZ\"><img decoding=\"async\" data-title=\"Ministar Anu\u0161i\u0107 pripadnicima Krila Oluje: Sve ove godine na poseban na\u010din predstavljate Hrvatsku i HRZ\" data-description=\"Akrobatska grupa Krila Oluje impresivnim leta\u010dkim programom u Zemuniku obilje\u017eila 20. ro\u0111endan | Foto: MORH\/ F. Klen\" alt=\"Ministar Anu\u0161i\u0107 pripadnicima Krila Oluje: Sve ove godine na poseban na\u010din predstavljate Hrvatsku i HRZ\" src=\"https:\/\/live.staticflickr.com\/65535\/54431980744_002a54f667_h.jpg\" data-layer=\"&lt;div class=&#039;morh-gallery-image-download&#039;&gt;&lt;a href=&#039;https:\/\/live.staticflickr.com\/65535\/54431980744_202b0b3365_o.jpg&#039; target=&#039;_blank&#039;&gt;Slika za preuzimanje&lt;\/a&gt;&lt;\/div&gt;\" \/><\/a><a href=\"https:\/\/live.staticflickr.com\/65535\/54431980749_88284db7f5_h.jpg\" title=\"Ministar Anu\u0161i\u0107 pripadnicima Krila Oluje: Sve ove godine na poseban na\u010din predstavljate Hrvatsku i HRZ\"><img decoding=\"async\" data-title=\"Ministar Anu\u0161i\u0107 pripadnicima Krila Oluje: Sve ove godine na poseban na\u010din predstavljate Hrvatsku i HRZ\" data-description=\"Akrobatska grupa Krila Oluje impresivnim leta\u010dkim programom u Zemuniku obilje\u017eila 20. ro\u0111endan | Foto: MORH\/ F. Klen\" alt=\"Ministar Anu\u0161i\u0107 pripadnicima Krila Oluje: Sve ove godine na poseban na\u010din predstavljate Hrvatsku i HRZ\" src=\"https:\/\/live.staticflickr.com\/65535\/54431980749_88284db7f5_h.jpg\" data-layer=\"&lt;div class=&#039;morh-gallery-image-download&#039;&gt;&lt;a href=&#039;https:\/\/live.staticflickr.com\/65535\/54431980749_3b18331567_o.jpg&#039; target=&#039;_blank&#039;&gt;Slika za preuzimanje&lt;\/a&gt;&lt;\/div&gt;\" \/><\/a><a href=\"https:\/\/live.staticflickr.com\/65535\/54432156525_24f9583b2d_h.jpg\" title=\"Ministar Anu\u0161i\u0107 pripadnicima Krila Oluje: Sve ove godine na poseban na\u010din predstavljate Hrvatsku i HRZ\"><img decoding=\"async\" data-title=\"Ministar Anu\u0161i\u0107 pripadnicima Krila Oluje: Sve ove godine na poseban na\u010din predstavljate Hrvatsku i HRZ\" data-description=\"Akrobatska grupa Krila Oluje impresivnim leta\u010dkim programom u Zemuniku obilje\u017eila 20. ro\u0111endan | Foto: MORH\/ F. Klen\" alt=\"Ministar Anu\u0161i\u0107 pripadnicima Krila Oluje: Sve ove godine na poseban na\u010din predstavljate Hrvatsku i HRZ\" src=\"https:\/\/live.staticflickr.com\/65535\/54432156525_24f9583b2d_h.jpg\" data-layer=\"&lt;div class=&#039;morh-gallery-image-download&#039;&gt;&lt;a href=&#039;https:\/\/live.staticflickr.com\/65535\/54432156525_a442ec8bd6_o.jpg&#039; target=&#039;_blank&#039;&gt;Slika za preuzimanje&lt;\/a&gt;&lt;\/div&gt;\" \/><\/a><a href=\"https:\/\/live.staticflickr.com\/65535\/54431778321_d38035c830_h.jpg\" title=\"Ministar Anu\u0161i\u0107 pripadnicima Krila Oluje: Sve ove godine na poseban na\u010din predstavljate Hrvatsku i HRZ\"><img decoding=\"async\" data-title=\"Ministar Anu\u0161i\u0107 pripadnicima Krila Oluje: Sve ove godine na poseban na\u010din predstavljate Hrvatsku i HRZ\" data-description=\"Akrobatska grupa Krila Oluje impresivnim leta\u010dkim programom u Zemuniku obilje\u017eila 20. ro\u0111endan | Foto: MORH\/ F. Klen\" alt=\"Ministar Anu\u0161i\u0107 pripadnicima Krila Oluje: Sve ove godine na poseban na\u010din predstavljate Hrvatsku i HRZ\" src=\"https:\/\/live.staticflickr.com\/65535\/54431778321_d38035c830_h.jpg\" data-layer=\"&lt;div class=&#039;morh-gallery-image-download&#039;&gt;&lt;a href=&#039;https:\/\/live.staticflickr.com\/65535\/54431778321_1c3087b331_o.jpg&#039; target=&#039;_blank&#039;&gt;Slika za preuzimanje&lt;\/a&gt;&lt;\/div&gt;\" \/><\/a><a href=\"https:\/\/live.staticflickr.com\/65535\/54432032053_c107093956_h.jpg\" title=\"Ministar Anu\u0161i\u0107 pripadnicima Krila Oluje: Sve ove godine na poseban na\u010din predstavljate Hrvatsku i HRZ\"><img decoding=\"async\" data-title=\"Ministar Anu\u0161i\u0107 pripadnicima Krila Oluje: Sve ove godine na poseban na\u010din predstavljate Hrvatsku i HRZ\" data-description=\"Akrobatska grupa Krila Oluje impresivnim leta\u010dkim programom u Zemuniku obilje\u017eila 20. ro\u0111endan | Foto: MORH\/ F. Klen\" alt=\"Ministar Anu\u0161i\u0107 pripadnicima Krila Oluje: Sve ove godine na poseban na\u010din predstavljate Hrvatsku i HRZ\" src=\"https:\/\/live.staticflickr.com\/65535\/54432032053_c107093956_h.jpg\" data-layer=\"&lt;div class=&#039;morh-gallery-image-download&#039;&gt;&lt;a href=&#039;https:\/\/live.staticflickr.com\/65535\/54432032053_8b1a07e392_o.jpg&#039; target=&#039;_blank&#039;&gt;Slika za preuzimanje&lt;\/a&gt;&lt;\/div&gt;\" \/><\/a><a href=\"https:\/\/live.staticflickr.com\/65535\/54431980794_77468cad27_h.jpg\" title=\"Ministar Anu\u0161i\u0107 pripadnicima Krila Oluje: Sve ove godine na poseban na\u010din predstavljate Hrvatsku i HRZ\"><img decoding=\"async\" data-title=\"Ministar Anu\u0161i\u0107 pripadnicima Krila Oluje: Sve ove godine na poseban na\u010din predstavljate Hrvatsku i HRZ\" data-description=\"Akrobatska grupa Krila Oluje impresivnim leta\u010dkim programom u Zemuniku obilje\u017eila 20. ro\u0111endan | Foto: MORH\/ F. Klen\" alt=\"Ministar Anu\u0161i\u0107 pripadnicima Krila Oluje: Sve ove godine na poseban na\u010din predstavljate Hrvatsku i HRZ\" src=\"https:\/\/live.staticflickr.com\/65535\/54431980794_77468cad27_h.jpg\" data-layer=\"&lt;div class=&#039;morh-gallery-image-download&#039;&gt;&lt;a href=&#039;https:\/\/live.staticflickr.com\/65535\/54431980794_fc2bb123d6_o.jpg&#039; target=&#039;_blank&#039;&gt;Slika za preuzimanje&lt;\/a&gt;&lt;\/div&gt;\" \/><\/a><a href=\"https:\/\/live.staticflickr.com\/65535\/54431981374_245b887369_h.jpg\" title=\"Ministar Anu\u0161i\u0107 pripadnicima Krila Oluje: Sve ove godine na poseban na\u010din predstavljate Hrvatsku i HRZ\"><img decoding=\"async\" data-title=\"Ministar Anu\u0161i\u0107 pripadnicima Krila Oluje: Sve ove godine na poseban na\u010din predstavljate Hrvatsku i HRZ\" data-description=\"Akrobatska grupa Krila Oluje impresivnim leta\u010dkim programom u Zemuniku obilje\u017eila 20. ro\u0111endan | Foto: MORH\/ F. Klen\" alt=\"Ministar Anu\u0161i\u0107 pripadnicima Krila Oluje: Sve ove godine na poseban na\u010din predstavljate Hrvatsku i HRZ\" src=\"https:\/\/live.staticflickr.com\/65535\/54431981374_245b887369_h.jpg\" data-layer=\"&lt;div class=&#039;morh-gallery-image-download&#039;&gt;&lt;a href=&#039;https:\/\/live.staticflickr.com\/65535\/54431981374_30518a8931_o.jpg&#039; target=&#039;_blank&#039;&gt;Slika za preuzimanje&lt;\/a&gt;&lt;\/div&gt;\" \/><\/a><a href=\"https:\/\/live.staticflickr.com\/65535\/54430925412_6bc0d5b501_h.jpg\" title=\"Ministar Anu\u0161i\u0107 pripadnicima Krila Oluje: Sve ove godine na poseban na\u010din predstavljate Hrvatsku i HRZ\"><img decoding=\"async\" data-title=\"Ministar Anu\u0161i\u0107 pripadnicima Krila Oluje: Sve ove godine na poseban na\u010din predstavljate Hrvatsku i HRZ\" data-description=\"Akrobatska grupa Krila Oluje impresivnim leta\u010dkim programom u Zemuniku obilje\u017eila 20. ro\u0111endan | Foto: MORH\/ F. Klen\" alt=\"Ministar Anu\u0161i\u0107 pripadnicima Krila Oluje: Sve ove godine na poseban na\u010din predstavljate Hrvatsku i HRZ\" src=\"https:\/\/live.staticflickr.com\/65535\/54430925412_6bc0d5b501_h.jpg\" data-layer=\"&lt;div class=&#039;morh-gallery-image-download&#039;&gt;&lt;a href=&#039;https:\/\/live.staticflickr.com\/65535\/54430925412_43be57b712_o.jpg&#039; target=&#039;_blank&#039;&gt;Slika za preuzimanje&lt;\/a&gt;&lt;\/div&gt;\" \/><\/a><a href=\"https:\/\/live.staticflickr.com\/65535\/54431980514_78d1c088dc_h.jpg\" title=\"Ministar Anu\u0161i\u0107 pripadnicima Krila Oluje: Sve ove godine na poseban na\u010din predstavljate Hrvatsku i HRZ\"><img decoding=\"async\" data-title=\"Ministar Anu\u0161i\u0107 pripadnicima Krila Oluje: Sve ove godine na poseban na\u010din predstavljate Hrvatsku i HRZ\" data-description=\"Akrobatska grupa Krila Oluje impresivnim leta\u010dkim programom u Zemuniku obilje\u017eila 20. ro\u0111endan | Foto: MORH\/ F. Klen\" alt=\"Ministar Anu\u0161i\u0107 pripadnicima Krila Oluje: Sve ove godine na poseban na\u010din predstavljate Hrvatsku i HRZ\" src=\"https:\/\/live.staticflickr.com\/65535\/54431980514_78d1c088dc_h.jpg\" data-layer=\"&lt;div class=&#039;morh-gallery-image-download&#039;&gt;&lt;a href=&#039;https:\/\/live.staticflickr.com\/65535\/54431980514_a285f2aefb_o.jpg&#039; target=&#039;_blank&#039;&gt;Slika za preuzimanje&lt;\/a&gt;&lt;\/div&gt;\" \/><\/a><a href=\"https:\/\/live.staticflickr.com\/65535\/54430925362_6308b3eed1_h.jpg\" title=\"Ministar Anu\u0161i\u0107 pripadnicima Krila Oluje: Sve ove godine na poseban na\u010din predstavljate Hrvatsku i HRZ\"><img decoding=\"async\" data-title=\"Ministar Anu\u0161i\u0107 pripadnicima Krila Oluje: Sve ove godine na poseban na\u010din predstavljate Hrvatsku i HRZ\" data-description=\"Akrobatska grupa Krila Oluje impresivnim leta\u010dkim programom u Zemuniku obilje\u017eila 20. ro\u0111endan | Foto: MORH\/ F. Klen\" alt=\"Ministar Anu\u0161i\u0107 pripadnicima Krila Oluje: Sve ove godine na poseban na\u010din predstavljate Hrvatsku i HRZ\" src=\"https:\/\/live.staticflickr.com\/65535\/54430925362_6308b3eed1_h.jpg\" data-layer=\"&lt;div class=&#039;morh-gallery-image-download&#039;&gt;&lt;a href=&#039;https:\/\/live.staticflickr.com\/65535\/54430925362_23503a8ee2_o.jpg&#039; target=&#039;_blank&#039;&gt;Slika za preuzimanje&lt;\/a&gt;&lt;\/div&gt;\" \/><\/a><a href=\"https:\/\/live.staticflickr.com\/65535\/54430925367_bf5878285d_h.jpg\" title=\"Ministar Anu\u0161i\u0107 pripadnicima Krila Oluje: Sve ove godine na poseban na\u010din predstavljate Hrvatsku i HRZ\"><img decoding=\"async\" data-title=\"Ministar Anu\u0161i\u0107 pripadnicima Krila Oluje: Sve ove godine na poseban na\u010din predstavljate Hrvatsku i HRZ\" data-description=\"Akrobatska grupa Krila Oluje impresivnim leta\u010dkim programom u Zemuniku obilje\u017eila 20. ro\u0111endan | Foto: MORH\/ F. Klen\" alt=\"Ministar Anu\u0161i\u0107 pripadnicima Krila Oluje: Sve ove godine na poseban na\u010din predstavljate Hrvatsku i HRZ\" src=\"https:\/\/live.staticflickr.com\/65535\/54430925367_bf5878285d_h.jpg\" data-layer=\"&lt;div class=&#039;morh-gallery-image-download&#039;&gt;&lt;a href=&#039;https:\/\/live.staticflickr.com\/65535\/54430925367_dc0bfc290c_o.jpg&#039; target=&#039;_blank&#039;&gt;Slika za preuzimanje&lt;\/a&gt;&lt;\/div&gt;\" \/><\/a><a href=\"https:\/\/live.staticflickr.com\/65535\/54431778256_5725383742_h.jpg\" title=\"Ministar Anu\u0161i\u0107 pripadnicima Krila Oluje: Sve ove godine na poseban na\u010din predstavljate Hrvatsku i HRZ\"><img decoding=\"async\" data-title=\"Ministar Anu\u0161i\u0107 pripadnicima Krila Oluje: Sve ove godine na poseban na\u010din predstavljate Hrvatsku i HRZ\" data-description=\"Akrobatska grupa Krila Oluje impresivnim leta\u010dkim programom u Zemuniku obilje\u017eila 20. ro\u0111endan | Foto: MORH\/ F. Klen\" alt=\"Ministar Anu\u0161i\u0107 pripadnicima Krila Oluje: Sve ove godine na poseban na\u010din predstavljate Hrvatsku i HRZ\" src=\"https:\/\/live.staticflickr.com\/65535\/54431778256_5725383742_h.jpg\" data-layer=\"&lt;div class=&#039;morh-gallery-image-download&#039;&gt;&lt;a href=&#039;https:\/\/live.staticflickr.com\/65535\/54431778256_7d1aaeb127_o.jpg&#039; target=&#039;_blank&#039;&gt;Slika za preuzimanje&lt;\/a&gt;&lt;\/div&gt;\" \/><\/a><a href=\"https:\/\/live.staticflickr.com\/65535\/54430925392_8bde42f41a_h.jpg\" title=\"Ministar Anu\u0161i\u0107 pripadnicima Krila Oluje: Sve ove godine na poseban na\u010din predstavljate Hrvatsku i HRZ\"><img decoding=\"async\" data-title=\"Ministar Anu\u0161i\u0107 pripadnicima Krila Oluje: Sve ove godine na poseban na\u010din predstavljate Hrvatsku i HRZ\" data-description=\"Akrobatska grupa Krila Oluje impresivnim leta\u010dkim programom u Zemuniku obilje\u017eila 20. ro\u0111endan | Foto: MORH\/ F. Klen\" alt=\"Ministar Anu\u0161i\u0107 pripadnicima Krila Oluje: Sve ove godine na poseban na\u010din predstavljate Hrvatsku i HRZ\" src=\"https:\/\/live.staticflickr.com\/65535\/54430925392_8bde42f41a_h.jpg\" data-layer=\"&lt;div class=&#039;morh-gallery-image-download&#039;&gt;&lt;a href=&#039;https:\/\/live.staticflickr.com\/65535\/54430925392_6c67450550_o.jpg&#039; target=&#039;_blank&#039;&gt;Slika za preuzimanje&lt;\/a&gt;&lt;\/div&gt;\" \/><\/a><a href=\"https:\/\/live.staticflickr.com\/65535\/54431980594_c5ab2672fb_h.jpg\" title=\"Ministar Anu\u0161i\u0107 pripadnicima Krila Oluje: Sve ove godine na poseban na\u010din predstavljate Hrvatsku i HRZ\"><img decoding=\"async\" data-title=\"Ministar Anu\u0161i\u0107 pripadnicima Krila Oluje: Sve ove godine na poseban na\u010din predstavljate Hrvatsku i HRZ\" data-description=\"Akrobatska grupa Krila Oluje impresivnim leta\u010dkim programom u Zemuniku obilje\u017eila 20. ro\u0111endan | Foto: MORH\/ F. Klen\" alt=\"Ministar Anu\u0161i\u0107 pripadnicima Krila Oluje: Sve ove godine na poseban na\u010din predstavljate Hrvatsku i HRZ\" src=\"https:\/\/live.staticflickr.com\/65535\/54431980594_c5ab2672fb_h.jpg\" data-layer=\"&lt;div class=&#039;morh-gallery-image-download&#039;&gt;&lt;a href=&#039;https:\/\/live.staticflickr.com\/65535\/54431980594_74b8c6f8c6_o.jpg&#039; target=&#039;_blank&#039;&gt;Slika za preuzimanje&lt;\/a&gt;&lt;\/div&gt;\" \/><\/a><a href=\"https:\/\/live.staticflickr.com\/65535\/54432156300_6ff7127d2f_h.jpg\" title=\"Ministar Anu\u0161i\u0107 pripadnicima Krila Oluje: Sve ove godine na poseban na\u010din predstavljate Hrvatsku i HRZ\"><img decoding=\"async\" data-title=\"Ministar Anu\u0161i\u0107 pripadnicima Krila Oluje: Sve ove godine na poseban na\u010din predstavljate Hrvatsku i HRZ\" data-description=\"Akrobatska grupa Krila Oluje impresivnim leta\u010dkim programom u Zemuniku obilje\u017eila 20. ro\u0111endan | Foto: MORH\/ F. Klen\" alt=\"Ministar Anu\u0161i\u0107 pripadnicima Krila Oluje: Sve ove godine na poseban na\u010din predstavljate Hrvatsku i HRZ\" src=\"https:\/\/live.staticflickr.com\/65535\/54432156300_6ff7127d2f_h.jpg\" data-layer=\"&lt;div class=&#039;morh-gallery-image-download&#039;&gt;&lt;a href=&#039;https:\/\/live.staticflickr.com\/65535\/54432156300_3037d46205_o.jpg&#039; target=&#039;_blank&#039;&gt;Slika za preuzimanje&lt;\/a&gt;&lt;\/div&gt;\" \/><\/a><a href=\"https:\/\/live.staticflickr.com\/65535\/54431980524_38ed361f52_h.jpg\" title=\"Ministar Anu\u0161i\u0107 pripadnicima Krila Oluje: Sve ove godine na poseban na\u010din predstavljate Hrvatsku i HRZ\"><img decoding=\"async\" data-title=\"Ministar Anu\u0161i\u0107 pripadnicima Krila Oluje: Sve ove godine na poseban na\u010din predstavljate Hrvatsku i HRZ\" data-description=\"Akrobatska grupa Krila Oluje impresivnim leta\u010dkim programom u Zemuniku obilje\u017eila 20. ro\u0111endan | Foto: MORH\/ F. Klen\" alt=\"Ministar Anu\u0161i\u0107 pripadnicima Krila Oluje: Sve ove godine na poseban na\u010din predstavljate Hrvatsku i HRZ\" src=\"https:\/\/live.staticflickr.com\/65535\/54431980524_38ed361f52_h.jpg\" data-layer=\"&lt;div class=&#039;morh-gallery-image-download&#039;&gt;&lt;a href=&#039;https:\/\/live.staticflickr.com\/65535\/54431980524_211a721fe1_o.jpg&#039; target=&#039;_blank&#039;&gt;Slika za preuzimanje&lt;\/a&gt;&lt;\/div&gt;\" \/><\/a><a href=\"https:\/\/live.staticflickr.com\/65535\/54431980564_7f7dd66ee7_h.jpg\" title=\"Ministar Anu\u0161i\u0107 pripadnicima Krila Oluje: Sve ove godine na poseban na\u010din predstavljate Hrvatsku i HRZ\"><img decoding=\"async\" data-title=\"Ministar Anu\u0161i\u0107 pripadnicima Krila Oluje: Sve ove godine na poseban na\u010din predstavljate Hrvatsku i HRZ\" data-description=\"Akrobatska grupa Krila Oluje impresivnim leta\u010dkim programom u Zemuniku obilje\u017eila 20. ro\u0111endan | Foto: MORH\/ F. Klen\" alt=\"Ministar Anu\u0161i\u0107 pripadnicima Krila Oluje: Sve ove godine na poseban na\u010din predstavljate Hrvatsku i HRZ\" src=\"https:\/\/live.staticflickr.com\/65535\/54431980564_7f7dd66ee7_h.jpg\" data-layer=\"&lt;div class=&#039;morh-gallery-image-download&#039;&gt;&lt;a href=&#039;https:\/\/live.staticflickr.com\/65535\/54431980564_d26da7f909_o.jpg&#039; target=&#039;_blank&#039;&gt;Slika za preuzimanje&lt;\/a&gt;&lt;\/div&gt;\" \/><\/a><a href=\"https:\/\/live.staticflickr.com\/65535\/54432031928_2d00e746e7_h.jpg\" title=\"Ministar Anu\u0161i\u0107 pripadnicima Krila Oluje: Sve ove godine na poseban na\u010din predstavljate Hrvatsku i HRZ\"><img decoding=\"async\" data-title=\"Ministar Anu\u0161i\u0107 pripadnicima Krila Oluje: Sve ove godine na poseban na\u010din predstavljate Hrvatsku i HRZ\" data-description=\"Akrobatska grupa Krila Oluje impresivnim leta\u010dkim programom u Zemuniku obilje\u017eila 20. ro\u0111endan | Foto: MORH\/ F. Klen\" alt=\"Ministar Anu\u0161i\u0107 pripadnicima Krila Oluje: Sve ove godine na poseban na\u010din predstavljate Hrvatsku i HRZ\" src=\"https:\/\/live.staticflickr.com\/65535\/54432031928_2d00e746e7_h.jpg\" data-layer=\"&lt;div class=&#039;morh-gallery-image-download&#039;&gt;&lt;a href=&#039;https:\/\/live.staticflickr.com\/65535\/54432031928_84561dcdcd_o.jpg&#039; target=&#039;_blank&#039;&gt;Slika za preuzimanje&lt;\/a&gt;&lt;\/div&gt;\" \/><\/a><a href=\"https:\/\/live.staticflickr.com\/65535\/54432156200_e80dd746d0_h.jpg\" title=\"Ministar Anu\u0161i\u0107 pripadnicima Krila Oluje: Sve ove godine na poseban na\u010din predstavljate Hrvatsku i HRZ\"><img decoding=\"async\" data-title=\"Ministar Anu\u0161i\u0107 pripadnicima Krila Oluje: Sve ove godine na poseban na\u010din predstavljate Hrvatsku i HRZ\" data-description=\"Akrobatska grupa Krila Oluje impresivnim leta\u010dkim programom u Zemuniku obilje\u017eila 20. ro\u0111endan | Foto: MORH\/ F. Klen\" alt=\"Ministar Anu\u0161i\u0107 pripadnicima Krila Oluje: Sve ove godine na poseban na\u010din predstavljate Hrvatsku i HRZ\" src=\"https:\/\/live.staticflickr.com\/65535\/54432156200_e80dd746d0_h.jpg\" data-layer=\"&lt;div class=&#039;morh-gallery-image-download&#039;&gt;&lt;a href=&#039;https:\/\/live.staticflickr.com\/65535\/54432156200_956f6cc9df_o.jpg&#039; target=&#039;_blank&#039;&gt;Slika za preuzimanje&lt;\/a&gt;&lt;\/div&gt;\" \/><\/a><a href=\"https:\/\/live.staticflickr.com\/65535\/54432032653_72db899340_h.jpg\" title=\"Ministar Anu\u0161i\u0107 pripadnicima Krila Oluje: Sve ove godine na poseban na\u010din predstavljate Hrvatsku i HRZ\"><img decoding=\"async\" data-title=\"Ministar Anu\u0161i\u0107 pripadnicima Krila Oluje: Sve ove godine na poseban na\u010din predstavljate Hrvatsku i HRZ\" data-description=\"Akrobatska grupa Krila Oluje impresivnim leta\u010dkim programom u Zemuniku obilje\u017eila 20. ro\u0111endan | Foto: MORH\/ F. Klen\" alt=\"Ministar Anu\u0161i\u0107 pripadnicima Krila Oluje: Sve ove godine na poseban na\u010din predstavljate Hrvatsku i HRZ\" src=\"https:\/\/live.staticflickr.com\/65535\/54432032653_72db899340_h.jpg\" data-layer=\"&lt;div class=&#039;morh-gallery-image-download&#039;&gt;&lt;a href=&#039;https:\/\/live.staticflickr.com\/65535\/54432032653_3d76705fea_o.jpg&#039; target=&#039;_blank&#039;&gt;Slika za preuzimanje&lt;\/a&gt;&lt;\/div&gt;\" \/><\/a><a href=\"https:\/\/live.staticflickr.com\/65535\/54431980409_dae6ef2828_h.jpg\" title=\"Ministar Anu\u0161i\u0107 pripadnicima Krila Oluje: Sve ove godine na poseban na\u010din predstavljate Hrvatsku i HRZ\"><img decoding=\"async\" data-title=\"Ministar Anu\u0161i\u0107 pripadnicima Krila Oluje: Sve ove godine na poseban na\u010din predstavljate Hrvatsku i HRZ\" data-description=\"Akrobatska grupa Krila Oluje impresivnim leta\u010dkim programom u Zemuniku obilje\u017eila 20. ro\u0111endan | Foto: MORH\/ F. Klen\" alt=\"Ministar Anu\u0161i\u0107 pripadnicima Krila Oluje: Sve ove godine na poseban na\u010din predstavljate Hrvatsku i HRZ\" src=\"https:\/\/live.staticflickr.com\/65535\/54431980409_dae6ef2828_h.jpg\" data-layer=\"&lt;div class=&#039;morh-gallery-image-download&#039;&gt;&lt;a href=&#039;https:\/\/live.staticflickr.com\/65535\/54431980409_0e2e2919b5_o.jpg&#039; target=&#039;_blank&#039;&gt;Slika za preuzimanje&lt;\/a&gt;&lt;\/div&gt;\" \/><\/a><a href=\"https:\/\/live.staticflickr.com\/65535\/54432032168_eeca051686_h.jpg\" title=\"Ministar Anu\u0161i\u0107 pripadnicima Krila Oluje: Sve ove godine na poseban na\u010din predstavljate Hrvatsku i HRZ\"><img decoding=\"async\" data-title=\"Ministar Anu\u0161i\u0107 pripadnicima Krila Oluje: Sve ove godine na poseban na\u010din predstavljate Hrvatsku i HRZ\" data-description=\"Akrobatska grupa Krila Oluje impresivnim leta\u010dkim programom u Zemuniku obilje\u017eila 20. ro\u0111endan | Foto: MORH\/ F. Klen\" alt=\"Ministar Anu\u0161i\u0107 pripadnicima Krila Oluje: Sve ove godine na poseban na\u010din predstavljate Hrvatsku i HRZ\" src=\"https:\/\/live.staticflickr.com\/65535\/54432032168_eeca051686_h.jpg\" data-layer=\"&lt;div class=&#039;morh-gallery-image-download&#039;&gt;&lt;a href=&#039;https:\/\/live.staticflickr.com\/65535\/54432032168_cb0f14ea92_o.jpg&#039; target=&#039;_blank&#039;&gt;Slika za preuzimanje&lt;\/a&gt;&lt;\/div&gt;\" \/><\/a><a href=\"https:\/\/live.staticflickr.com\/65535\/54432156395_dbb28abd72_h.jpg\" title=\"Ministar Anu\u0161i\u0107 pripadnicima Krila Oluje: Sve ove godine na poseban na\u010din predstavljate Hrvatsku i HRZ\"><img decoding=\"async\" data-title=\"Ministar Anu\u0161i\u0107 pripadnicima Krila Oluje: Sve ove godine na poseban na\u010din predstavljate Hrvatsku i HRZ\" data-description=\"Akrobatska grupa Krila Oluje impresivnim leta\u010dkim programom u Zemuniku obilje\u017eila 20. ro\u0111endan | Foto: MORH\/ F. Klen\" alt=\"Ministar Anu\u0161i\u0107 pripadnicima Krila Oluje: Sve ove godine na poseban na\u010din predstavljate Hrvatsku i HRZ\" src=\"https:\/\/live.staticflickr.com\/65535\/54432156395_dbb28abd72_h.jpg\" data-layer=\"&lt;div class=&#039;morh-gallery-image-download&#039;&gt;&lt;a href=&#039;https:\/\/live.staticflickr.com\/65535\/54432156395_bdcd91b846_o.jpg&#039; target=&#039;_blank&#039;&gt;Slika za preuzimanje&lt;\/a&gt;&lt;\/div&gt;\" \/><\/a><a href=\"https:\/\/live.staticflickr.com\/65535\/54432032138_d3763664f4_h.jpg\" title=\"Ministar Anu\u0161i\u0107 pripadnicima Krila Oluje: Sve ove godine na poseban na\u010din predstavljate Hrvatsku i HRZ\"><img decoding=\"async\" data-title=\"Ministar Anu\u0161i\u0107 pripadnicima Krila Oluje: Sve ove godine na poseban na\u010din predstavljate Hrvatsku i HRZ\" data-description=\"Akrobatska grupa Krila Oluje impresivnim leta\u010dkim programom u Zemuniku obilje\u017eila 20. ro\u0111endan | Foto: MORH\/ F. Klen\" alt=\"Ministar Anu\u0161i\u0107 pripadnicima Krila Oluje: Sve ove godine na poseban na\u010din predstavljate Hrvatsku i HRZ\" src=\"https:\/\/live.staticflickr.com\/65535\/54432032138_d3763664f4_h.jpg\" data-layer=\"&lt;div class=&#039;morh-gallery-image-download&#039;&gt;&lt;a href=&#039;https:\/\/live.staticflickr.com\/65535\/54432032138_25fc9ca2bb_o.jpg&#039; target=&#039;_blank&#039;&gt;Slika za preuzimanje&lt;\/a&gt;&lt;\/div&gt;\" \/><\/a><a href=\"https:\/\/live.staticflickr.com\/65535\/54431980984_ba20039a93_h.jpg\" title=\"Ministar Anu\u0161i\u0107 pripadnicima Krila Oluje: Sve ove godine na poseban na\u010din predstavljate Hrvatsku i HRZ\"><img decoding=\"async\" data-title=\"Ministar Anu\u0161i\u0107 pripadnicima Krila Oluje: Sve ove godine na poseban na\u010din predstavljate Hrvatsku i HRZ\" data-description=\"Akrobatska grupa Krila Oluje impresivnim leta\u010dkim programom u Zemuniku obilje\u017eila 20. ro\u0111endan | Foto: MORH\/ F. Klen\" alt=\"Ministar Anu\u0161i\u0107 pripadnicima Krila Oluje: Sve ove godine na poseban na\u010din predstavljate Hrvatsku i HRZ\" src=\"https:\/\/live.staticflickr.com\/65535\/54431980984_ba20039a93_h.jpg\" data-layer=\"&lt;div class=&#039;morh-gallery-image-download&#039;&gt;&lt;a href=&#039;https:\/\/live.staticflickr.com\/65535\/54431980984_e011694aa6_o.jpg&#039; target=&#039;_blank&#039;&gt;Slika za preuzimanje&lt;\/a&gt;&lt;\/div&gt;\" \/><\/a><a href=\"https:\/\/live.staticflickr.com\/65535\/54432156360_4d74e19396_h.jpg\" title=\"Ministar Anu\u0161i\u0107 pripadnicima Krila Oluje: Sve ove godine na poseban na\u010din predstavljate Hrvatsku i HRZ\"><img decoding=\"async\" data-title=\"Ministar Anu\u0161i\u0107 pripadnicima Krila Oluje: Sve ove godine na poseban na\u010din predstavljate Hrvatsku i HRZ\" data-description=\"Akrobatska grupa Krila Oluje impresivnim leta\u010dkim programom u Zemuniku obilje\u017eila 20. ro\u0111endan | Foto: MORH\/ F. Klen\" alt=\"Ministar Anu\u0161i\u0107 pripadnicima Krila Oluje: Sve ove godine na poseban na\u010din predstavljate Hrvatsku i HRZ\" src=\"https:\/\/live.staticflickr.com\/65535\/54432156360_4d74e19396_h.jpg\" data-layer=\"&lt;div class=&#039;morh-gallery-image-download&#039;&gt;&lt;a href=&#039;https:\/\/live.staticflickr.com\/65535\/54432156360_598796a35d_o.jpg&#039; target=&#039;_blank&#039;&gt;Slika za preuzimanje&lt;\/a&gt;&lt;\/div&gt;\" \/><\/a><\/div><!--\/.morh-galleria -->\n","protected":false},"excerpt":{"rendered":"<p>The &#8220;Wings of Storm&#8221; acrobatic group marked its 20th birthday with an impressive flight programme at Zemunik<\/p>\n","protected":false},"author":3,"featured_media":254700,"comment_status":"closed","ping_status":"closed","sticky":false,"template":"","format":"standard","meta":{"_acf_changed":false,"_monsterinsights_skip_tracking":false,"_monsterinsights_sitenote_active":false,"_monsterinsights_sitenote_note":"","_monsterinsights_sitenote_category":0,"footnotes":""},"categories":[117],"tags":[],"class_list":["post-254698","post","type-post","status-publish","format-standard","has-post-thumbnail","hentry","category-press-releases"],"acf":[],"yoast_head":"<!-- This site is optimized with the Yoast SEO plugin v26.9 - https:\/\/yoast.com\/product\/yoast-seo-wordpress\/ -->\n<title>Minister Anu\u0161i\u0107 to members of the &quot;Wings of Storm&quot;: All these years you have been representing Croatia and the Croatian Air Force in a special way - MORH<\/title>\n<meta name=\"description\" content=\"The &quot;Wings of Storm&quot; acrobatic group marked its 20th birthday with an impressive flight programme at Zemunik\" \/>\n<meta name=\"robots\" content=\"index, follow, max-snippet:-1, max-image-preview:large, max-video-preview:-1\" \/>\n<link rel=\"canonical\" href=\"https:\/\/www.morh.hr\/en\/minister-anusic-to-members-of-the-wings-of-storm-all-these-years-you-have-been-representing-croatia-and-the-croatian-air-force-in-a-special-way\/\" \/>\n<meta property=\"og:locale\" content=\"en_US\" \/>\n<meta property=\"og:type\" content=\"article\" \/>\n<meta property=\"og:title\" content=\"Minister Anu\u0161i\u0107 to members of the &quot;Wings of Storm&quot;: All these years you have been representing Croatia and the Croatian Air Force in a special way - MORH\" \/>\n<meta property=\"og:description\" content=\"The &quot;Wings of Storm&quot; acrobatic group marked its 20th birthday with an impressive flight programme at Zemunik\" \/>\n<meta property=\"og:url\" content=\"https:\/\/www.morh.hr\/en\/minister-anusic-to-members-of-the-wings-of-storm-all-these-years-you-have-been-representing-croatia-and-the-croatian-air-force-in-a-special-way\/\" \/>\n<meta property=\"og:site_name\" content=\"MORH\" \/>\n<meta property=\"article:publisher\" content=\"https:\/\/www.facebook.com\/sportasiuhrvatskojvojsci\/\" \/>\n<meta property=\"article:published_time\" content=\"2025-04-05T13:32:57+00:00\" \/>\n<meta property=\"article:modified_time\" content=\"2025-11-26T14:16:36+00:00\" \/>\n<meta property=\"og:image\" content=\"https:\/\/www.morh.hr\/wp-content\/uploads\/2025\/04\/2025-04-05-zemunik-krila-oluje-en-1024x681.jpg\" \/>\n\t<meta property=\"og:image:width\" content=\"1024\" \/>\n\t<meta property=\"og:image:height\" content=\"681\" \/>\n\t<meta property=\"og:image:type\" content=\"image\/jpeg\" \/>\n<meta name=\"author\" content=\"Drazen\" \/>\n<meta name=\"twitter:card\" content=\"summary_large_image\" \/>\n<meta name=\"twitter:creator\" content=\"@morh_osrh\" \/>\n<meta name=\"twitter:site\" content=\"@morh_osrh\" \/>\n<meta name=\"twitter:label1\" content=\"Written by\" \/>\n\t<meta name=\"twitter:data1\" content=\"Drazen\" \/>\n\t<meta name=\"twitter:label2\" content=\"Est. reading time\" \/>\n\t<meta name=\"twitter:data2\" content=\"4 minutes\" \/>\n<script type=\"application\/ld+json\" class=\"yoast-schema-graph\">{\"@context\":\"https:\/\/schema.org\",\"@graph\":[{\"@type\":\"Article\",\"@id\":\"https:\/\/www.morh.hr\/en\/minister-anusic-to-members-of-the-wings-of-storm-all-these-years-you-have-been-representing-croatia-and-the-croatian-air-force-in-a-special-way\/#article\",\"isPartOf\":{\"@id\":\"https:\/\/www.morh.hr\/en\/minister-anusic-to-members-of-the-wings-of-storm-all-these-years-you-have-been-representing-croatia-and-the-croatian-air-force-in-a-special-way\/\"},\"author\":{\"name\":\"Drazen\",\"@id\":\"https:\/\/www.morh.hr\/en\/#\/schema\/person\/2d72e03399043d9513ab6bec75f2ce27\"},\"headline\":\"Minister Anu\u0161i\u0107 to members of the &#8220;Wings of Storm&#8221;: All these years you have been representing Croatia and the Croatian Air Force in a special way\",\"datePublished\":\"2025-04-05T13:32:57+00:00\",\"dateModified\":\"2025-11-26T14:16:36+00:00\",\"mainEntityOfPage\":{\"@id\":\"https:\/\/www.morh.hr\/en\/minister-anusic-to-members-of-the-wings-of-storm-all-these-years-you-have-been-representing-croatia-and-the-croatian-air-force-in-a-special-way\/\"},\"wordCount\":564,\"image\":{\"@id\":\"https:\/\/www.morh.hr\/en\/minister-anusic-to-members-of-the-wings-of-storm-all-these-years-you-have-been-representing-croatia-and-the-croatian-air-force-in-a-special-way\/#primaryimage\"},\"thumbnailUrl\":\"https:\/\/www.morh.hr\/wp-content\/uploads\/2025\/04\/2025-04-05-zemunik-krila-oluje-en.jpg\",\"articleSection\":[\"Press releases\"],\"inLanguage\":\"en-US\"},{\"@type\":\"WebPage\",\"@id\":\"https:\/\/www.morh.hr\/en\/minister-anusic-to-members-of-the-wings-of-storm-all-these-years-you-have-been-representing-croatia-and-the-croatian-air-force-in-a-special-way\/\",\"url\":\"https:\/\/www.morh.hr\/en\/minister-anusic-to-members-of-the-wings-of-storm-all-these-years-you-have-been-representing-croatia-and-the-croatian-air-force-in-a-special-way\/\",\"name\":\"Minister Anu\u0161i\u0107 to members of the \\\"Wings of Storm\\\": All these years you have been representing Croatia and the Croatian Air Force in a special way - MORH\",\"isPartOf\":{\"@id\":\"https:\/\/www.morh.hr\/en\/#website\"},\"primaryImageOfPage\":{\"@id\":\"https:\/\/www.morh.hr\/en\/minister-anusic-to-members-of-the-wings-of-storm-all-these-years-you-have-been-representing-croatia-and-the-croatian-air-force-in-a-special-way\/#primaryimage\"},\"image\":{\"@id\":\"https:\/\/www.morh.hr\/en\/minister-anusic-to-members-of-the-wings-of-storm-all-these-years-you-have-been-representing-croatia-and-the-croatian-air-force-in-a-special-way\/#primaryimage\"},\"thumbnailUrl\":\"https:\/\/www.morh.hr\/wp-content\/uploads\/2025\/04\/2025-04-05-zemunik-krila-oluje-en.jpg\",\"datePublished\":\"2025-04-05T13:32:57+00:00\",\"dateModified\":\"2025-11-26T14:16:36+00:00\",\"author\":{\"@id\":\"https:\/\/www.morh.hr\/en\/#\/schema\/person\/2d72e03399043d9513ab6bec75f2ce27\"},\"description\":\"The \\\"Wings of Storm\\\" acrobatic group marked its 20th birthday with an impressive flight programme at Zemunik\",\"breadcrumb\":{\"@id\":\"https:\/\/www.morh.hr\/en\/minister-anusic-to-members-of-the-wings-of-storm-all-these-years-you-have-been-representing-croatia-and-the-croatian-air-force-in-a-special-way\/#breadcrumb\"},\"inLanguage\":\"en-US\",\"potentialAction\":[{\"@type\":\"ReadAction\",\"target\":[\"https:\/\/www.morh.hr\/en\/minister-anusic-to-members-of-the-wings-of-storm-all-these-years-you-have-been-representing-croatia-and-the-croatian-air-force-in-a-special-way\/\"]}]},{\"@type\":\"ImageObject\",\"inLanguage\":\"en-US\",\"@id\":\"https:\/\/www.morh.hr\/en\/minister-anusic-to-members-of-the-wings-of-storm-all-these-years-you-have-been-representing-croatia-and-the-croatian-air-force-in-a-special-way\/#primaryimage\",\"url\":\"https:\/\/www.morh.hr\/wp-content\/uploads\/2025\/04\/2025-04-05-zemunik-krila-oluje-en.jpg\",\"contentUrl\":\"https:\/\/www.morh.hr\/wp-content\/uploads\/2025\/04\/2025-04-05-zemunik-krila-oluje-en.jpg\",\"width\":2400,\"height\":1597,\"caption\":\"The Wings of Storm acrobatic group marked its 20th birthday with an impressive flight programme at Zemunik | MOD\/ F. Klen\"},{\"@type\":\"BreadcrumbList\",\"@id\":\"https:\/\/www.morh.hr\/en\/minister-anusic-to-members-of-the-wings-of-storm-all-these-years-you-have-been-representing-croatia-and-the-croatian-air-force-in-a-special-way\/#breadcrumb\",\"itemListElement\":[{\"@type\":\"ListItem\",\"position\":1,\"name\":\"Naslovnica\",\"item\":\"https:\/\/www.morh.hr\/en\/\"},{\"@type\":\"ListItem\",\"position\":2,\"name\":\"News\",\"item\":\"https:\/\/www.morh.hr\/en\/kategorija\/news\/\"},{\"@type\":\"ListItem\",\"position\":3,\"name\":\"Press releases\",\"item\":\"https:\/\/www.morh.hr\/en\/kategorija\/news\/press-releases\/\"},{\"@type\":\"ListItem\",\"position\":4,\"name\":\"Minister Anu\u0161i\u0107 to members of the &#8220;Wings of Storm&#8221;: All these years you have been representing Croatia and the Croatian Air Force in a special way\"}]},{\"@type\":\"WebSite\",\"@id\":\"https:\/\/www.morh.hr\/en\/#website\",\"url\":\"https:\/\/www.morh.hr\/en\/\",\"name\":\"MORH\",\"description\":\"Ministarstvo obrane Republike Hrvatske - slu\u017ebene stranice\",\"potentialAction\":[{\"@type\":\"SearchAction\",\"target\":{\"@type\":\"EntryPoint\",\"urlTemplate\":\"https:\/\/www.morh.hr\/en\/?s={search_term_string}\"},\"query-input\":{\"@type\":\"PropertyValueSpecification\",\"valueRequired\":true,\"valueName\":\"search_term_string\"}}],\"inLanguage\":\"en-US\"},{\"@type\":\"Person\",\"@id\":\"https:\/\/www.morh.hr\/en\/#\/schema\/person\/2d72e03399043d9513ab6bec75f2ce27\",\"name\":\"Drazen\",\"image\":{\"@type\":\"ImageObject\",\"inLanguage\":\"en-US\",\"@id\":\"https:\/\/www.morh.hr\/en\/#\/schema\/person\/image\/\",\"url\":\"https:\/\/secure.gravatar.com\/avatar\/e36ef7e573425ae72988c73df868c1e87a656b0e005ca4fd7d30d2ba7e49c9cf?s=96&d=mm&r=g\",\"contentUrl\":\"https:\/\/secure.gravatar.com\/avatar\/e36ef7e573425ae72988c73df868c1e87a656b0e005ca4fd7d30d2ba7e49c9cf?s=96&d=mm&r=g\",\"caption\":\"Drazen\"}}]}<\/script>\n<!-- \/ Yoast SEO plugin. -->","yoast_head_json":{"title":"Minister Anu\u0161i\u0107 to members of the \"Wings of Storm\": All these years you have been representing Croatia and the Croatian Air Force in a special way - MORH","description":"The \"Wings of Storm\" acrobatic group marked its 20th birthday with an impressive flight programme at Zemunik","robots":{"index":"index","follow":"follow","max-snippet":"max-snippet:-1","max-image-preview":"max-image-preview:large","max-video-preview":"max-video-preview:-1"},"canonical":"https:\/\/www.morh.hr\/en\/minister-anusic-to-members-of-the-wings-of-storm-all-these-years-you-have-been-representing-croatia-and-the-croatian-air-force-in-a-special-way\/","og_locale":"en_US","og_type":"article","og_title":"Minister Anu\u0161i\u0107 to members of the \"Wings of Storm\": All these years you have been representing Croatia and the Croatian Air Force in a special way - MORH","og_description":"The \"Wings of Storm\" acrobatic group marked its 20th birthday with an impressive flight programme at Zemunik","og_url":"https:\/\/www.morh.hr\/en\/minister-anusic-to-members-of-the-wings-of-storm-all-these-years-you-have-been-representing-croatia-and-the-croatian-air-force-in-a-special-way\/","og_site_name":"MORH","article_publisher":"https:\/\/www.facebook.com\/sportasiuhrvatskojvojsci\/","article_published_time":"2025-04-05T13:32:57+00:00","article_modified_time":"2025-11-26T14:16:36+00:00","og_image":[{"width":1024,"height":681,"url":"https:\/\/www.morh.hr\/wp-content\/uploads\/2025\/04\/2025-04-05-zemunik-krila-oluje-en-1024x681.jpg","type":"image\/jpeg"}],"author":"Drazen","twitter_card":"summary_large_image","twitter_creator":"@morh_osrh","twitter_site":"@morh_osrh","twitter_misc":{"Written by":"Drazen","Est. reading time":"4 minutes"},"schema":{"@context":"https:\/\/schema.org","@graph":[{"@type":"Article","@id":"https:\/\/www.morh.hr\/en\/minister-anusic-to-members-of-the-wings-of-storm-all-these-years-you-have-been-representing-croatia-and-the-croatian-air-force-in-a-special-way\/#article","isPartOf":{"@id":"https:\/\/www.morh.hr\/en\/minister-anusic-to-members-of-the-wings-of-storm-all-these-years-you-have-been-representing-croatia-and-the-croatian-air-force-in-a-special-way\/"},"author":{"name":"Drazen","@id":"https:\/\/www.morh.hr\/en\/#\/schema\/person\/2d72e03399043d9513ab6bec75f2ce27"},"headline":"Minister Anu\u0161i\u0107 to members of the &#8220;Wings of Storm&#8221;: All these years you have been representing Croatia and the Croatian Air Force in a special way","datePublished":"2025-04-05T13:32:57+00:00","dateModified":"2025-11-26T14:16:36+00:00","mainEntityOfPage":{"@id":"https:\/\/www.morh.hr\/en\/minister-anusic-to-members-of-the-wings-of-storm-all-these-years-you-have-been-representing-croatia-and-the-croatian-air-force-in-a-special-way\/"},"wordCount":564,"image":{"@id":"https:\/\/www.morh.hr\/en\/minister-anusic-to-members-of-the-wings-of-storm-all-these-years-you-have-been-representing-croatia-and-the-croatian-air-force-in-a-special-way\/#primaryimage"},"thumbnailUrl":"https:\/\/www.morh.hr\/wp-content\/uploads\/2025\/04\/2025-04-05-zemunik-krila-oluje-en.jpg","articleSection":["Press releases"],"inLanguage":"en-US"},{"@type":"WebPage","@id":"https:\/\/www.morh.hr\/en\/minister-anusic-to-members-of-the-wings-of-storm-all-these-years-you-have-been-representing-croatia-and-the-croatian-air-force-in-a-special-way\/","url":"https:\/\/www.morh.hr\/en\/minister-anusic-to-members-of-the-wings-of-storm-all-these-years-you-have-been-representing-croatia-and-the-croatian-air-force-in-a-special-way\/","name":"Minister Anu\u0161i\u0107 to members of the \"Wings of Storm\": All these years you have been representing Croatia and the Croatian Air Force in a special way - MORH","isPartOf":{"@id":"https:\/\/www.morh.hr\/en\/#website"},"primaryImageOfPage":{"@id":"https:\/\/www.morh.hr\/en\/minister-anusic-to-members-of-the-wings-of-storm-all-these-years-you-have-been-representing-croatia-and-the-croatian-air-force-in-a-special-way\/#primaryimage"},"image":{"@id":"https:\/\/www.morh.hr\/en\/minister-anusic-to-members-of-the-wings-of-storm-all-these-years-you-have-been-representing-croatia-and-the-croatian-air-force-in-a-special-way\/#primaryimage"},"thumbnailUrl":"https:\/\/www.morh.hr\/wp-content\/uploads\/2025\/04\/2025-04-05-zemunik-krila-oluje-en.jpg","datePublished":"2025-04-05T13:32:57+00:00","dateModified":"2025-11-26T14:16:36+00:00","author":{"@id":"https:\/\/www.morh.hr\/en\/#\/schema\/person\/2d72e03399043d9513ab6bec75f2ce27"},"description":"The \"Wings of Storm\" acrobatic group marked its 20th birthday with an impressive flight programme at Zemunik","breadcrumb":{"@id":"https:\/\/www.morh.hr\/en\/minister-anusic-to-members-of-the-wings-of-storm-all-these-years-you-have-been-representing-croatia-and-the-croatian-air-force-in-a-special-way\/#breadcrumb"},"inLanguage":"en-US","potentialAction":[{"@type":"ReadAction","target":["https:\/\/www.morh.hr\/en\/minister-anusic-to-members-of-the-wings-of-storm-all-these-years-you-have-been-representing-croatia-and-the-croatian-air-force-in-a-special-way\/"]}]},{"@type":"ImageObject","inLanguage":"en-US","@id":"https:\/\/www.morh.hr\/en\/minister-anusic-to-members-of-the-wings-of-storm-all-these-years-you-have-been-representing-croatia-and-the-croatian-air-force-in-a-special-way\/#primaryimage","url":"https:\/\/www.morh.hr\/wp-content\/uploads\/2025\/04\/2025-04-05-zemunik-krila-oluje-en.jpg","contentUrl":"https:\/\/www.morh.hr\/wp-content\/uploads\/2025\/04\/2025-04-05-zemunik-krila-oluje-en.jpg","width":2400,"height":1597,"caption":"The Wings of Storm acrobatic group marked its 20th birthday with an impressive flight programme at Zemunik | MOD\/ F. Klen"},{"@type":"BreadcrumbList","@id":"https:\/\/www.morh.hr\/en\/minister-anusic-to-members-of-the-wings-of-storm-all-these-years-you-have-been-representing-croatia-and-the-croatian-air-force-in-a-special-way\/#breadcrumb","itemListElement":[{"@type":"ListItem","position":1,"name":"Naslovnica","item":"https:\/\/www.morh.hr\/en\/"},{"@type":"ListItem","position":2,"name":"News","item":"https:\/\/www.morh.hr\/en\/kategorija\/news\/"},{"@type":"ListItem","position":3,"name":"Press releases","item":"https:\/\/www.morh.hr\/en\/kategorija\/news\/press-releases\/"},{"@type":"ListItem","position":4,"name":"Minister Anu\u0161i\u0107 to members of the &#8220;Wings of Storm&#8221;: All these years you have been representing Croatia and the Croatian Air Force in a special way"}]},{"@type":"WebSite","@id":"https:\/\/www.morh.hr\/en\/#website","url":"https:\/\/www.morh.hr\/en\/","name":"MORH","description":"Ministarstvo obrane Republike Hrvatske - slu\u017ebene stranice","potentialAction":[{"@type":"SearchAction","target":{"@type":"EntryPoint","urlTemplate":"https:\/\/www.morh.hr\/en\/?s={search_term_string}"},"query-input":{"@type":"PropertyValueSpecification","valueRequired":true,"valueName":"search_term_string"}}],"inLanguage":"en-US"},{"@type":"Person","@id":"https:\/\/www.morh.hr\/en\/#\/schema\/person\/2d72e03399043d9513ab6bec75f2ce27","name":"Drazen","image":{"@type":"ImageObject","inLanguage":"en-US","@id":"https:\/\/www.morh.hr\/en\/#\/schema\/person\/image\/","url":"https:\/\/secure.gravatar.com\/avatar\/e36ef7e573425ae72988c73df868c1e87a656b0e005ca4fd7d30d2ba7e49c9cf?s=96&d=mm&r=g","contentUrl":"https:\/\/secure.gravatar.com\/avatar\/e36ef7e573425ae72988c73df868c1e87a656b0e005ca4fd7d30d2ba7e49c9cf?s=96&d=mm&r=g","caption":"Drazen"}}]}},"_links":{"self":[{"href":"https:\/\/www.morh.hr\/en\/wp-json\/wp\/v2\/posts\/254698","targetHints":{"allow":["GET"]}}],"collection":[{"href":"https:\/\/www.morh.hr\/en\/wp-json\/wp\/v2\/posts"}],"about":[{"href":"https:\/\/www.morh.hr\/en\/wp-json\/wp\/v2\/types\/post"}],"author":[{"embeddable":true,"href":"https:\/\/www.morh.hr\/en\/wp-json\/wp\/v2\/users\/3"}],"replies":[{"embeddable":true,"href":"https:\/\/www.morh.hr\/en\/wp-json\/wp\/v2\/comments?post=254698"}],"version-history":[{"count":1,"href":"https:\/\/www.morh.hr\/en\/wp-json\/wp\/v2\/posts\/254698\/revisions"}],"predecessor-version":[{"id":263869,"href":"https:\/\/www.morh.hr\/en\/wp-json\/wp\/v2\/posts\/254698\/revisions\/263869"}],"wp:featuredmedia":[{"embeddable":true,"href":"https:\/\/www.morh.hr\/en\/wp-json\/wp\/v2\/media\/254700"}],"wp:attachment":[{"href":"https:\/\/www.morh.hr\/en\/wp-json\/wp\/v2\/media?parent=254698"}],"wp:term":[{"taxonomy":"category","embeddable":true,"href":"https:\/\/www.morh.hr\/en\/wp-json\/wp\/v2\/categories?post=254698"},{"taxonomy":"post_tag","embeddable":true,"href":"https:\/\/www.morh.hr\/en\/wp-json\/wp\/v2\/tags?post=254698"}],"curies":[{"name":"wp","href":"https:\/\/api.w.org\/{rel}","templated":true}]}}