{"id":254704,"date":"2025-04-07T15:40:04","date_gmt":"2025-04-07T13:40:04","guid":{"rendered":"https:\/\/www.morh.hr\/?p=254704"},"modified":"2025-11-26T15:16:43","modified_gmt":"2025-11-26T14:16:43","slug":"minister-anusic-in-slunj-a-conscript-undergoing-basic-military-training-must-not-be-dismissed-students-will-be-granted-a-deferral-while-studying","status":"publish","type":"post","link":"https:\/\/www.morh.hr\/en\/minister-anusic-in-slunj-a-conscript-undergoing-basic-military-training-must-not-be-dismissed-students-will-be-granted-a-deferral-while-studying\/","title":{"rendered":"Minister Anu\u0161i\u0107 in Slunj: a conscript undergoing basic military training must not be dismissed; students will be granted a deferral while studying"},"content":{"rendered":"<p>Today, 7 April 2025, Deputy Prime Minister of the Republic of Croatia and Minister of Defence Ivan Anu\u0161i\u0107 and the Chief of the CAF General Staff LTG Tihomir Kundid visited, the Eugen Kvaternik training area in Slunj and on that occasion toured the facilities intended for attendees of the basic military training.<\/p>\n<p>The training area in Slunj is one of three locations where basic military training will be conducted. In addition to it, there is the MG Andrija Matija\u0161-Pauk barracks in Knin and the 123rd Brigade HV barracks in Po\u017eega.<\/p>\n<p>After touring the facilities where the conscripts will stay, Minister Anu\u0161i\u0107 said that everything is ready for basic military training and that the only thing awaited is adoption of the legal framework that will regulate it.<\/p>\n<p>&#8220;The armed forces have prepared the infrastructure and today, we were once again convinced that everything is ready. We visited the dining room, dormitories, classrooms, the areas where conscripts will stay for two months as part of the basic military training,&#8221; the Minister said, adding that the Defence Act and the Act on Service in the Croatian Armed Forces are in the process of being harmonized. It is expected that they should be adopted by the summer recess of the Croatian Parliament, meaning that the first conscripts are expected in the barracks in autumn.<\/p>\n<p><strong>Basic military training (TVO): monthly allowance, record of the period of service, job protection, priority in employment<\/strong><\/p>\n<p>Referring to advantages that candidates undergoing basic military training will have, the Minister highlighted a monthly allowance of 1,100 euros, record of two months of basic military training in the years of pensionable service and priority in employment in the civil and public service for those who complete basic military training. The Minister emphasized that an employed conscript cannot and must not be dismissed during basic military training because his employment rights will be suspended in accordance with the Labour Act.<\/p>\n<p>Conversely, students will have the option to request a deferral of the basic military training while they study, but they must do it by the time they are 29 years old.<\/p>\n<p>He emphasized that girls will also be able to attend basic military training. Today, they complete voluntary military training together with young men, making up about 15 percent of the total number of participants.<\/p>\n<p>In the context of the goals and reasons for introducing basic military training, the Minister said that one of the goals is to strengthen the reserve force of the Croatian Army, which was seriously weakened after the abolition of compulsory military service in 2008.<\/p>\n<p>&#8220;We must have reserve forces. We have a serious problem that began to emerge in late 2008 with the end of compulsory military service, because we no longer have people for the reserve forces. It is with these people who will complete basic military training that we will fill our capacities for the possible needs of the reserve forces in the future,&#8221; the Minister said.<\/p>\n<p><strong>General Kundid: Conscripts will reach all foreseen standards through a training cycle lasting eight weeks<\/strong><\/p>\n<p>The Chief of the CAF General Staff briefly commented the basic military training programme.<\/p>\n<p>&#8220;A conscript&#8217;s day is a classic military day: early rise, exercise, morning training until lunch. After lunch, there is an afternoon cycle of classes and in-service training until dinner. After dinner, that cycle ends as far as the training itself is concerned, and conscripts are entitled to free time, taps and everything else regulated by the military service regulations,&#8221; he said.<\/p>\n<p>In the context of possible physical preparations for basic military training, General Kundid said that there is no need for any preliminary preparations.<\/p>\n<p>&#8220;All foreseen standards that conscripts will need to achieve will be attained through an eight-week training cycle. After those eight weeks, they will reach the planned level of training, practice of drills and procedures and capabilities. Therefore, they will acquire certain competencies, knowledge and skills that are necessary to sign up for active duty military service or for serving in the reserve,&#8221; he concluded.<\/p>\n<div class=\"morh-galleria\"><a href=\"https:\/\/live.staticflickr.com\/65535\/54436282431_fd67117a9d_h.jpg\" title=\"Ministar Anu\u0161i\u0107 na Slunju: Ro\u010dnik na TVO-u ne smije dobiti otkaz; studenti \u0107e dobiti odgodu dok studiraju\"><img decoding=\"async\" data-title=\"Ministar Anu\u0161i\u0107 na Slunju: Ro\u010dnik na TVO-u ne smije dobiti otkaz; studenti \u0107e dobiti odgodu dok studiraju\" data-description=\"Potpredsjednik Vlade Republike Hrvatske i ministar obrane Ivan Anu\u0161i\u0107 i na\u010delnik Glavnog sto\u017eera Oru\u017eanih snaga RH general-pukovnik Tihomir Kundid posjetili su danas, 7. travnja 2025. godine, vojni poligon 'Eugen Kvaternik' na Slunju i tom prilikom obi\u0161li objekte predvi\u0111ene za polaznike temeljnog vojnog osposobljavanja | Foto: MORH\/ J. Kopi\" alt=\"Ministar Anu\u0161i\u0107 na Slunju: Ro\u010dnik na TVO-u ne smije dobiti otkaz; studenti \u0107e dobiti odgodu dok studiraju\" src=\"https:\/\/live.staticflickr.com\/65535\/54436282431_fd67117a9d_h.jpg\" data-layer=\"&lt;div class=&#039;morh-gallery-image-download&#039;&gt;&lt;a href=&#039;https:\/\/live.staticflickr.com\/65535\/54436282431_08bd093f4f_o.jpg&#039; target=&#039;_blank&#039;&gt;Slika za preuzimanje&lt;\/a&gt;&lt;\/div&gt;\" \/><\/a><a href=\"https:\/\/live.staticflickr.com\/65535\/54436469304_2cbadb5253_h.jpg\" title=\"Ministar Anu\u0161i\u0107 na Slunju: Ro\u010dnik na TVO-u ne smije dobiti otkaz; studenti \u0107e dobiti odgodu dok studiraju\"><img decoding=\"async\" data-title=\"Ministar Anu\u0161i\u0107 na Slunju: Ro\u010dnik na TVO-u ne smije dobiti otkaz; studenti \u0107e dobiti odgodu dok studiraju\" data-description=\"Potpredsjednik Vlade Republike Hrvatske i ministar obrane Ivan Anu\u0161i\u0107 i na\u010delnik Glavnog sto\u017eera Oru\u017eanih snaga RH general-pukovnik Tihomir Kundid posjetili su danas, 7. travnja 2025. godine, vojni poligon 'Eugen Kvaternik' na Slunju i tom prilikom obi\u0161li objekte predvi\u0111ene za polaznike temeljnog vojnog osposobljavanja | Foto: MORH\/ J. Kopi\" alt=\"Ministar Anu\u0161i\u0107 na Slunju: Ro\u010dnik na TVO-u ne smije dobiti otkaz; studenti \u0107e dobiti odgodu dok studiraju\" src=\"https:\/\/live.staticflickr.com\/65535\/54436469304_2cbadb5253_h.jpg\" data-layer=\"&lt;div class=&#039;morh-gallery-image-download&#039;&gt;&lt;a href=&#039;https:\/\/live.staticflickr.com\/65535\/54436469304_0bee18b4cf_o.jpg&#039; target=&#039;_blank&#039;&gt;Slika za preuzimanje&lt;\/a&gt;&lt;\/div&gt;\" \/><\/a><a href=\"https:\/\/live.staticflickr.com\/65535\/54436524508_2b24ede287_h.jpg\" title=\"Ministar Anu\u0161i\u0107 na Slunju: Ro\u010dnik na TVO-u ne smije dobiti otkaz; studenti \u0107e dobiti odgodu dok studiraju\"><img decoding=\"async\" data-title=\"Ministar Anu\u0161i\u0107 na Slunju: Ro\u010dnik na TVO-u ne smije dobiti otkaz; studenti \u0107e dobiti odgodu dok studiraju\" data-description=\"Potpredsjednik Vlade Republike Hrvatske i ministar obrane Ivan Anu\u0161i\u0107 i na\u010delnik Glavnog sto\u017eera Oru\u017eanih snaga RH general-pukovnik Tihomir Kundid posjetili su danas, 7. travnja 2025. godine, vojni poligon 'Eugen Kvaternik' na Slunju i tom prilikom obi\u0161li objekte predvi\u0111ene za polaznike temeljnog vojnog osposobljavanja | Foto: MORH\/ J. Kopi\" alt=\"Ministar Anu\u0161i\u0107 na Slunju: Ro\u010dnik na TVO-u ne smije dobiti otkaz; studenti \u0107e dobiti odgodu dok studiraju\" src=\"https:\/\/live.staticflickr.com\/65535\/54436524508_2b24ede287_h.jpg\" data-layer=\"&lt;div class=&#039;morh-gallery-image-download&#039;&gt;&lt;a href=&#039;https:\/\/live.staticflickr.com\/65535\/54436524508_49084ba2b8_o.jpg&#039; target=&#039;_blank&#039;&gt;Slika za preuzimanje&lt;\/a&gt;&lt;\/div&gt;\" \/><\/a><a href=\"https:\/\/live.staticflickr.com\/65535\/54436646930_3d3e24b017_h.jpg\" title=\"Ministar Anu\u0161i\u0107 na Slunju: Ro\u010dnik na TVO-u ne smije dobiti otkaz; studenti \u0107e dobiti odgodu dok studiraju\"><img decoding=\"async\" data-title=\"Ministar Anu\u0161i\u0107 na Slunju: Ro\u010dnik na TVO-u ne smije dobiti otkaz; studenti \u0107e dobiti odgodu dok studiraju\" data-description=\"Potpredsjednik Vlade Republike Hrvatske i ministar obrane Ivan Anu\u0161i\u0107 i na\u010delnik Glavnog sto\u017eera Oru\u017eanih snaga RH general-pukovnik Tihomir Kundid posjetili su danas, 7. travnja 2025. godine, vojni poligon 'Eugen Kvaternik' na Slunju i tom prilikom obi\u0161li objekte predvi\u0111ene za polaznike temeljnog vojnog osposobljavanja | Foto: MORH\/ J. Kopi\" alt=\"Ministar Anu\u0161i\u0107 na Slunju: Ro\u010dnik na TVO-u ne smije dobiti otkaz; studenti \u0107e dobiti odgodu dok studiraju\" src=\"https:\/\/live.staticflickr.com\/65535\/54436646930_3d3e24b017_h.jpg\" data-layer=\"&lt;div class=&#039;morh-gallery-image-download&#039;&gt;&lt;a href=&#039;https:\/\/live.staticflickr.com\/65535\/54436646930_a43018f06d_o.jpg&#039; target=&#039;_blank&#039;&gt;Slika za preuzimanje&lt;\/a&gt;&lt;\/div&gt;\" \/><\/a><a href=\"https:\/\/live.staticflickr.com\/65535\/54435419167_26d30e4253_h.jpg\" title=\"Ministar Anu\u0161i\u0107 na Slunju: Ro\u010dnik na TVO-u ne smije dobiti otkaz; studenti \u0107e dobiti odgodu dok studiraju\"><img decoding=\"async\" data-title=\"Ministar Anu\u0161i\u0107 na Slunju: Ro\u010dnik na TVO-u ne smije dobiti otkaz; studenti \u0107e dobiti odgodu dok studiraju\" data-description=\"Potpredsjednik Vlade Republike Hrvatske i ministar obrane Ivan Anu\u0161i\u0107 i na\u010delnik Glavnog sto\u017eera Oru\u017eanih snaga RH general-pukovnik Tihomir Kundid posjetili su danas, 7. travnja 2025. godine, vojni poligon 'Eugen Kvaternik' na Slunju i tom prilikom obi\u0161li objekte predvi\u0111ene za polaznike temeljnog vojnog osposobljavanja | Foto: MORH\/ J. Kopi\" alt=\"Ministar Anu\u0161i\u0107 na Slunju: Ro\u010dnik na TVO-u ne smije dobiti otkaz; studenti \u0107e dobiti odgodu dok studiraju\" src=\"https:\/\/live.staticflickr.com\/65535\/54435419167_26d30e4253_h.jpg\" data-layer=\"&lt;div class=&#039;morh-gallery-image-download&#039;&gt;&lt;a href=&#039;https:\/\/live.staticflickr.com\/65535\/54435419167_31edbe9a7c_o.jpg&#039; target=&#039;_blank&#039;&gt;Slika za preuzimanje&lt;\/a&gt;&lt;\/div&gt;\" \/><\/a><a href=\"https:\/\/live.staticflickr.com\/65535\/54436282411_a8158793e6_h.jpg\" title=\"Ministar Anu\u0161i\u0107 na Slunju: Ro\u010dnik na TVO-u ne smije dobiti otkaz; studenti \u0107e dobiti odgodu dok studiraju\"><img decoding=\"async\" data-title=\"Ministar Anu\u0161i\u0107 na Slunju: Ro\u010dnik na TVO-u ne smije dobiti otkaz; studenti \u0107e dobiti odgodu dok studiraju\" data-description=\"Potpredsjednik Vlade Republike Hrvatske i ministar obrane Ivan Anu\u0161i\u0107 i na\u010delnik Glavnog sto\u017eera Oru\u017eanih snaga RH general-pukovnik Tihomir Kundid posjetili su danas, 7. travnja 2025. godine, vojni poligon 'Eugen Kvaternik' na Slunju i tom prilikom obi\u0161li objekte predvi\u0111ene za polaznike temeljnog vojnog osposobljavanja | Foto: MORH\/ J. Kopi\" alt=\"Ministar Anu\u0161i\u0107 na Slunju: Ro\u010dnik na TVO-u ne smije dobiti otkaz; studenti \u0107e dobiti odgodu dok studiraju\" src=\"https:\/\/live.staticflickr.com\/65535\/54436282411_a8158793e6_h.jpg\" data-layer=\"&lt;div class=&#039;morh-gallery-image-download&#039;&gt;&lt;a href=&#039;https:\/\/live.staticflickr.com\/65535\/54436282411_530f79cbf8_o.jpg&#039; target=&#039;_blank&#039;&gt;Slika za preuzimanje&lt;\/a&gt;&lt;\/div&gt;\" \/><\/a><a href=\"https:\/\/live.staticflickr.com\/65535\/54436282381_9bd5966c7b_h.jpg\" title=\"Ministar Anu\u0161i\u0107 na Slunju: Ro\u010dnik na TVO-u ne smije dobiti otkaz; studenti \u0107e dobiti odgodu dok studiraju\"><img decoding=\"async\" data-title=\"Ministar Anu\u0161i\u0107 na Slunju: Ro\u010dnik na TVO-u ne smije dobiti otkaz; studenti \u0107e dobiti odgodu dok studiraju\" data-description=\"Potpredsjednik Vlade Republike Hrvatske i ministar obrane Ivan Anu\u0161i\u0107 i na\u010delnik Glavnog sto\u017eera Oru\u017eanih snaga RH general-pukovnik Tihomir Kundid posjetili su danas, 7. travnja 2025. godine, vojni poligon 'Eugen Kvaternik' na Slunju i tom prilikom obi\u0161li objekte predvi\u0111ene za polaznike temeljnog vojnog osposobljavanja | Foto: MORH\/ J. Kopi\" alt=\"Ministar Anu\u0161i\u0107 na Slunju: Ro\u010dnik na TVO-u ne smije dobiti otkaz; studenti \u0107e dobiti odgodu dok studiraju\" src=\"https:\/\/live.staticflickr.com\/65535\/54436282381_9bd5966c7b_h.jpg\" data-layer=\"&lt;div class=&#039;morh-gallery-image-download&#039;&gt;&lt;a href=&#039;https:\/\/live.staticflickr.com\/65535\/54436282381_7fa47c074a_o.jpg&#039; target=&#039;_blank&#039;&gt;Slika za preuzimanje&lt;\/a&gt;&lt;\/div&gt;\" \/><\/a><a href=\"https:\/\/live.staticflickr.com\/65535\/54436646880_7f4a30c0b8_h.jpg\" title=\"Ministar Anu\u0161i\u0107 na Slunju: Ro\u010dnik na TVO-u ne smije dobiti otkaz; studenti \u0107e dobiti odgodu dok studiraju\"><img decoding=\"async\" data-title=\"Ministar Anu\u0161i\u0107 na Slunju: Ro\u010dnik na TVO-u ne smije dobiti otkaz; studenti \u0107e dobiti odgodu dok studiraju\" data-description=\"Potpredsjednik Vlade Republike Hrvatske i ministar obrane Ivan Anu\u0161i\u0107 i na\u010delnik Glavnog sto\u017eera Oru\u017eanih snaga RH general-pukovnik Tihomir Kundid posjetili su danas, 7. travnja 2025. godine, vojni poligon 'Eugen Kvaternik' na Slunju i tom prilikom obi\u0161li objekte predvi\u0111ene za polaznike temeljnog vojnog osposobljavanja | Foto: MORH\/ J. Kopi\" alt=\"Ministar Anu\u0161i\u0107 na Slunju: Ro\u010dnik na TVO-u ne smije dobiti otkaz; studenti \u0107e dobiti odgodu dok studiraju\" src=\"https:\/\/live.staticflickr.com\/65535\/54436646880_7f4a30c0b8_h.jpg\" data-layer=\"&lt;div class=&#039;morh-gallery-image-download&#039;&gt;&lt;a href=&#039;https:\/\/live.staticflickr.com\/65535\/54436646880_a95a4a8808_o.jpg&#039; target=&#039;_blank&#039;&gt;Slika za preuzimanje&lt;\/a&gt;&lt;\/div&gt;\" \/><\/a><a href=\"https:\/\/live.staticflickr.com\/65535\/54436469249_11452c5208_h.jpg\" title=\"Ministar Anu\u0161i\u0107 na Slunju: Ro\u010dnik na TVO-u ne smije dobiti otkaz; studenti \u0107e dobiti odgodu dok studiraju\"><img decoding=\"async\" data-title=\"Ministar Anu\u0161i\u0107 na Slunju: Ro\u010dnik na TVO-u ne smije dobiti otkaz; studenti \u0107e dobiti odgodu dok studiraju\" data-description=\"Potpredsjednik Vlade Republike Hrvatske i ministar obrane Ivan Anu\u0161i\u0107 i na\u010delnik Glavnog sto\u017eera Oru\u017eanih snaga RH general-pukovnik Tihomir Kundid posjetili su danas, 7. travnja 2025. godine, vojni poligon 'Eugen Kvaternik' na Slunju i tom prilikom obi\u0161li objekte predvi\u0111ene za polaznike temeljnog vojnog osposobljavanja | Foto: MORH\/ J. Kopi\" alt=\"Ministar Anu\u0161i\u0107 na Slunju: Ro\u010dnik na TVO-u ne smije dobiti otkaz; studenti \u0107e dobiti odgodu dok studiraju\" src=\"https:\/\/live.staticflickr.com\/65535\/54436469249_11452c5208_h.jpg\" data-layer=\"&lt;div class=&#039;morh-gallery-image-download&#039;&gt;&lt;a href=&#039;https:\/\/live.staticflickr.com\/65535\/54436469249_40600b7334_o.jpg&#039; target=&#039;_blank&#039;&gt;Slika za preuzimanje&lt;\/a&gt;&lt;\/div&gt;\" \/><\/a><a href=\"https:\/\/live.staticflickr.com\/65535\/54436282321_ab3368a8f1_h.jpg\" title=\"Ministar Anu\u0161i\u0107 na Slunju: Ro\u010dnik na TVO-u ne smije dobiti otkaz; studenti \u0107e dobiti odgodu dok studiraju\"><img decoding=\"async\" data-title=\"Ministar Anu\u0161i\u0107 na Slunju: Ro\u010dnik na TVO-u ne smije dobiti otkaz; studenti \u0107e dobiti odgodu dok studiraju\" data-description=\"Potpredsjednik Vlade Republike Hrvatske i ministar obrane Ivan Anu\u0161i\u0107 i na\u010delnik Glavnog sto\u017eera Oru\u017eanih snaga RH general-pukovnik Tihomir Kundid posjetili su danas, 7. travnja 2025. godine, vojni poligon 'Eugen Kvaternik' na Slunju i tom prilikom obi\u0161li objekte predvi\u0111ene za polaznike temeljnog vojnog osposobljavanja | Foto: MORH\/ J. Kopi\" alt=\"Ministar Anu\u0161i\u0107 na Slunju: Ro\u010dnik na TVO-u ne smije dobiti otkaz; studenti \u0107e dobiti odgodu dok studiraju\" src=\"https:\/\/live.staticflickr.com\/65535\/54436282321_ab3368a8f1_h.jpg\" data-layer=\"&lt;div class=&#039;morh-gallery-image-download&#039;&gt;&lt;a href=&#039;https:\/\/live.staticflickr.com\/65535\/54436282321_2a211e053b_o.jpg&#039; target=&#039;_blank&#039;&gt;Slika za preuzimanje&lt;\/a&gt;&lt;\/div&gt;\" \/><\/a><a href=\"https:\/\/live.staticflickr.com\/65535\/54435419072_d6bcc95a00_h.jpg\" title=\"Ministar Anu\u0161i\u0107 na Slunju: Ro\u010dnik na TVO-u ne smije dobiti otkaz; studenti \u0107e dobiti odgodu dok studiraju\"><img decoding=\"async\" data-title=\"Ministar Anu\u0161i\u0107 na Slunju: Ro\u010dnik na TVO-u ne smije dobiti otkaz; studenti \u0107e dobiti odgodu dok studiraju\" data-description=\"Potpredsjednik Vlade Republike Hrvatske i ministar obrane Ivan Anu\u0161i\u0107 i na\u010delnik Glavnog sto\u017eera Oru\u017eanih snaga RH general-pukovnik Tihomir Kundid posjetili su danas, 7. travnja 2025. godine, vojni poligon 'Eugen Kvaternik' na Slunju i tom prilikom obi\u0161li objekte predvi\u0111ene za polaznike temeljnog vojnog osposobljavanja | Foto: MORH\/ J. Kopi\" alt=\"Ministar Anu\u0161i\u0107 na Slunju: Ro\u010dnik na TVO-u ne smije dobiti otkaz; studenti \u0107e dobiti odgodu dok studiraju\" src=\"https:\/\/live.staticflickr.com\/65535\/54435419072_d6bcc95a00_h.jpg\" data-layer=\"&lt;div class=&#039;morh-gallery-image-download&#039;&gt;&lt;a href=&#039;https:\/\/live.staticflickr.com\/65535\/54435419072_3a5ff6b113_o.jpg&#039; target=&#039;_blank&#039;&gt;Slika za preuzimanje&lt;\/a&gt;&lt;\/div&gt;\" \/><\/a><a href=\"https:\/\/live.staticflickr.com\/65535\/54436524423_6a465a452d_h.jpg\" title=\"Ministar Anu\u0161i\u0107 na Slunju: Ro\u010dnik na TVO-u ne smije dobiti otkaz; studenti \u0107e dobiti odgodu dok studiraju\"><img decoding=\"async\" data-title=\"Ministar Anu\u0161i\u0107 na Slunju: Ro\u010dnik na TVO-u ne smije dobiti otkaz; studenti \u0107e dobiti odgodu dok studiraju\" data-description=\"Potpredsjednik Vlade Republike Hrvatske i ministar obrane Ivan Anu\u0161i\u0107 i na\u010delnik Glavnog sto\u017eera Oru\u017eanih snaga RH general-pukovnik Tihomir Kundid posjetili su danas, 7. travnja 2025. godine, vojni poligon 'Eugen Kvaternik' na Slunju i tom prilikom obi\u0161li objekte predvi\u0111ene za polaznike temeljnog vojnog osposobljavanja | Foto: MORH\/ J. Kopi\" alt=\"Ministar Anu\u0161i\u0107 na Slunju: Ro\u010dnik na TVO-u ne smije dobiti otkaz; studenti \u0107e dobiti odgodu dok studiraju\" src=\"https:\/\/live.staticflickr.com\/65535\/54436524423_6a465a452d_h.jpg\" data-layer=\"&lt;div class=&#039;morh-gallery-image-download&#039;&gt;&lt;a href=&#039;https:\/\/live.staticflickr.com\/65535\/54436524423_7359f7ae6a_o.jpg&#039; target=&#039;_blank&#039;&gt;Slika za preuzimanje&lt;\/a&gt;&lt;\/div&gt;\" \/><\/a><a href=\"https:\/\/live.staticflickr.com\/65535\/54436282306_2b6c160185_h.jpg\" title=\"Ministar Anu\u0161i\u0107 na Slunju: Ro\u010dnik na TVO-u ne smije dobiti otkaz; studenti \u0107e dobiti odgodu dok studiraju\"><img decoding=\"async\" data-title=\"Ministar Anu\u0161i\u0107 na Slunju: Ro\u010dnik na TVO-u ne smije dobiti otkaz; studenti \u0107e dobiti odgodu dok studiraju\" data-description=\"Potpredsjednik Vlade Republike Hrvatske i ministar obrane Ivan Anu\u0161i\u0107 i na\u010delnik Glavnog sto\u017eera Oru\u017eanih snaga RH general-pukovnik Tihomir Kundid posjetili su danas, 7. travnja 2025. godine, vojni poligon 'Eugen Kvaternik' na Slunju i tom prilikom obi\u0161li objekte predvi\u0111ene za polaznike temeljnog vojnog osposobljavanja | Foto: MORH\/ J. Kopi\" alt=\"Ministar Anu\u0161i\u0107 na Slunju: Ro\u010dnik na TVO-u ne smije dobiti otkaz; studenti \u0107e dobiti odgodu dok studiraju\" src=\"https:\/\/live.staticflickr.com\/65535\/54436282306_2b6c160185_h.jpg\" data-layer=\"&lt;div class=&#039;morh-gallery-image-download&#039;&gt;&lt;a href=&#039;https:\/\/live.staticflickr.com\/65535\/54436282306_e632320719_o.jpg&#039; target=&#039;_blank&#039;&gt;Slika za preuzimanje&lt;\/a&gt;&lt;\/div&gt;\" \/><\/a><a href=\"https:\/\/live.staticflickr.com\/65535\/54435419022_39a4b66879_h.jpg\" title=\"Ministar Anu\u0161i\u0107 na Slunju: Ro\u010dnik na TVO-u ne smije dobiti otkaz; studenti \u0107e dobiti odgodu dok studiraju\"><img decoding=\"async\" data-title=\"Ministar Anu\u0161i\u0107 na Slunju: Ro\u010dnik na TVO-u ne smije dobiti otkaz; studenti \u0107e dobiti odgodu dok studiraju\" data-description=\"Potpredsjednik Vlade Republike Hrvatske i ministar obrane Ivan Anu\u0161i\u0107 i na\u010delnik Glavnog sto\u017eera Oru\u017eanih snaga RH general-pukovnik Tihomir Kundid posjetili su danas, 7. travnja 2025. godine, vojni poligon 'Eugen Kvaternik' na Slunju i tom prilikom obi\u0161li objekte predvi\u0111ene za polaznike temeljnog vojnog osposobljavanja | Foto: MORH\/ J. Kopi\" alt=\"Ministar Anu\u0161i\u0107 na Slunju: Ro\u010dnik na TVO-u ne smije dobiti otkaz; studenti \u0107e dobiti odgodu dok studiraju\" src=\"https:\/\/live.staticflickr.com\/65535\/54435419022_39a4b66879_h.jpg\" data-layer=\"&lt;div class=&#039;morh-gallery-image-download&#039;&gt;&lt;a href=&#039;https:\/\/live.staticflickr.com\/65535\/54435419022_f4a767650b_o.jpg&#039; target=&#039;_blank&#039;&gt;Slika za preuzimanje&lt;\/a&gt;&lt;\/div&gt;\" \/><\/a><a href=\"https:\/\/live.staticflickr.com\/65535\/54436646825_1289096f27_h.jpg\" title=\"Ministar Anu\u0161i\u0107 na Slunju: Ro\u010dnik na TVO-u ne smije dobiti otkaz; studenti \u0107e dobiti odgodu dok studiraju\"><img decoding=\"async\" data-title=\"Ministar Anu\u0161i\u0107 na Slunju: Ro\u010dnik na TVO-u ne smije dobiti otkaz; studenti \u0107e dobiti odgodu dok studiraju\" data-description=\"Potpredsjednik Vlade Republike Hrvatske i ministar obrane Ivan Anu\u0161i\u0107 i na\u010delnik Glavnog sto\u017eera Oru\u017eanih snaga RH general-pukovnik Tihomir Kundid posjetili su danas, 7. travnja 2025. godine, vojni poligon 'Eugen Kvaternik' na Slunju i tom prilikom obi\u0161li objekte predvi\u0111ene za polaznike temeljnog vojnog osposobljavanja | Foto: MORH\/ J. Kopi\" alt=\"Ministar Anu\u0161i\u0107 na Slunju: Ro\u010dnik na TVO-u ne smije dobiti otkaz; studenti \u0107e dobiti odgodu dok studiraju\" src=\"https:\/\/live.staticflickr.com\/65535\/54436646825_1289096f27_h.jpg\" data-layer=\"&lt;div class=&#039;morh-gallery-image-download&#039;&gt;&lt;a href=&#039;https:\/\/live.staticflickr.com\/65535\/54436646825_8400bcd038_o.jpg&#039; target=&#039;_blank&#039;&gt;Slika za preuzimanje&lt;\/a&gt;&lt;\/div&gt;\" \/><\/a><a href=\"https:\/\/live.staticflickr.com\/65535\/54436646775_84042283c4_h.jpg\" title=\"Ministar Anu\u0161i\u0107 na Slunju: Ro\u010dnik na TVO-u ne smije dobiti otkaz; studenti \u0107e dobiti odgodu dok studiraju\"><img decoding=\"async\" data-title=\"Ministar Anu\u0161i\u0107 na Slunju: Ro\u010dnik na TVO-u ne smije dobiti otkaz; studenti \u0107e dobiti odgodu dok studiraju\" data-description=\"Potpredsjednik Vlade Republike Hrvatske i ministar obrane Ivan Anu\u0161i\u0107 i na\u010delnik Glavnog sto\u017eera Oru\u017eanih snaga RH general-pukovnik Tihomir Kundid posjetili su danas, 7. travnja 2025. godine, vojni poligon 'Eugen Kvaternik' na Slunju i tom prilikom obi\u0161li objekte predvi\u0111ene za polaznike temeljnog vojnog osposobljavanja | Foto: MORH\/ J. Kopi\" alt=\"Ministar Anu\u0161i\u0107 na Slunju: Ro\u010dnik na TVO-u ne smije dobiti otkaz; studenti \u0107e dobiti odgodu dok studiraju\" src=\"https:\/\/live.staticflickr.com\/65535\/54436646775_84042283c4_h.jpg\" data-layer=\"&lt;div class=&#039;morh-gallery-image-download&#039;&gt;&lt;a href=&#039;https:\/\/live.staticflickr.com\/65535\/54436646775_8d0ec977be_o.jpg&#039; target=&#039;_blank&#039;&gt;Slika za preuzimanje&lt;\/a&gt;&lt;\/div&gt;\" \/><\/a><a href=\"https:\/\/live.staticflickr.com\/65535\/54436524403_c6f3c86b53_h.jpg\" title=\"Ministar Anu\u0161i\u0107 na Slunju: Ro\u010dnik na TVO-u ne smije dobiti otkaz; studenti \u0107e dobiti odgodu dok studiraju\"><img decoding=\"async\" data-title=\"Ministar Anu\u0161i\u0107 na Slunju: Ro\u010dnik na TVO-u ne smije dobiti otkaz; studenti \u0107e dobiti odgodu dok studiraju\" data-description=\"Potpredsjednik Vlade Republike Hrvatske i ministar obrane Ivan Anu\u0161i\u0107 i na\u010delnik Glavnog sto\u017eera Oru\u017eanih snaga RH general-pukovnik Tihomir Kundid posjetili su danas, 7. travnja 2025. godine, vojni poligon 'Eugen Kvaternik' na Slunju i tom prilikom obi\u0161li objekte predvi\u0111ene za polaznike temeljnog vojnog osposobljavanja | Foto: MORH\/ J. Kopi\" alt=\"Ministar Anu\u0161i\u0107 na Slunju: Ro\u010dnik na TVO-u ne smije dobiti otkaz; studenti \u0107e dobiti odgodu dok studiraju\" src=\"https:\/\/live.staticflickr.com\/65535\/54436524403_c6f3c86b53_h.jpg\" data-layer=\"&lt;div class=&#039;morh-gallery-image-download&#039;&gt;&lt;a href=&#039;https:\/\/live.staticflickr.com\/65535\/54436524403_ba08c498d3_o.jpg&#039; target=&#039;_blank&#039;&gt;Slika za preuzimanje&lt;\/a&gt;&lt;\/div&gt;\" \/><\/a><a href=\"https:\/\/live.staticflickr.com\/65535\/54436282251_737cce4197_h.jpg\" title=\"Ministar Anu\u0161i\u0107 na Slunju: Ro\u010dnik na TVO-u ne smije dobiti otkaz; studenti \u0107e dobiti odgodu dok studiraju\"><img decoding=\"async\" data-title=\"Ministar Anu\u0161i\u0107 na Slunju: Ro\u010dnik na TVO-u ne smije dobiti otkaz; studenti \u0107e dobiti odgodu dok studiraju\" data-description=\"Potpredsjednik Vlade Republike Hrvatske i ministar obrane Ivan Anu\u0161i\u0107 i na\u010delnik Glavnog sto\u017eera Oru\u017eanih snaga RH general-pukovnik Tihomir Kundid posjetili su danas, 7. travnja 2025. godine, vojni poligon 'Eugen Kvaternik' na Slunju i tom prilikom obi\u0161li objekte predvi\u0111ene za polaznike temeljnog vojnog osposobljavanja | Foto: MORH\/ J. Kopi\" alt=\"Ministar Anu\u0161i\u0107 na Slunju: Ro\u010dnik na TVO-u ne smije dobiti otkaz; studenti \u0107e dobiti odgodu dok studiraju\" src=\"https:\/\/live.staticflickr.com\/65535\/54436282251_737cce4197_h.jpg\" data-layer=\"&lt;div class=&#039;morh-gallery-image-download&#039;&gt;&lt;a href=&#039;https:\/\/live.staticflickr.com\/65535\/54436282251_d03e64778a_o.jpg&#039; target=&#039;_blank&#039;&gt;Slika za preuzimanje&lt;\/a&gt;&lt;\/div&gt;\" \/><\/a><a href=\"https:\/\/live.staticflickr.com\/65535\/54436646695_baddcc3ab6_h.jpg\" title=\"Ministar Anu\u0161i\u0107 na Slunju: Ro\u010dnik na TVO-u ne smije dobiti otkaz; studenti \u0107e dobiti odgodu dok studiraju\"><img decoding=\"async\" data-title=\"Ministar Anu\u0161i\u0107 na Slunju: Ro\u010dnik na TVO-u ne smije dobiti otkaz; studenti \u0107e dobiti odgodu dok studiraju\" data-description=\"Potpredsjednik Vlade Republike Hrvatske i ministar obrane Ivan Anu\u0161i\u0107 i na\u010delnik Glavnog sto\u017eera Oru\u017eanih snaga RH general-pukovnik Tihomir Kundid posjetili su danas, 7. travnja 2025. godine, vojni poligon 'Eugen Kvaternik' na Slunju i tom prilikom obi\u0161li objekte predvi\u0111ene za polaznike temeljnog vojnog osposobljavanja | Foto: MORH\/ J. Kopi\" alt=\"Ministar Anu\u0161i\u0107 na Slunju: Ro\u010dnik na TVO-u ne smije dobiti otkaz; studenti \u0107e dobiti odgodu dok studiraju\" src=\"https:\/\/live.staticflickr.com\/65535\/54436646695_baddcc3ab6_h.jpg\" data-layer=\"&lt;div class=&#039;morh-gallery-image-download&#039;&gt;&lt;a href=&#039;https:\/\/live.staticflickr.com\/65535\/54436646695_8f3845f2b1_o.jpg&#039; target=&#039;_blank&#039;&gt;Slika za preuzimanje&lt;\/a&gt;&lt;\/div&gt;\" \/><\/a><a href=\"https:\/\/live.staticflickr.com\/65535\/54436524358_d83570639b_h.jpg\" title=\"Ministar Anu\u0161i\u0107 na Slunju: Ro\u010dnik na TVO-u ne smije dobiti otkaz; studenti \u0107e dobiti odgodu dok studiraju\"><img decoding=\"async\" data-title=\"Ministar Anu\u0161i\u0107 na Slunju: Ro\u010dnik na TVO-u ne smije dobiti otkaz; studenti \u0107e dobiti odgodu dok studiraju\" data-description=\"Potpredsjednik Vlade Republike Hrvatske i ministar obrane Ivan Anu\u0161i\u0107 i na\u010delnik Glavnog sto\u017eera Oru\u017eanih snaga RH general-pukovnik Tihomir Kundid posjetili su danas, 7. travnja 2025. godine, vojni poligon 'Eugen Kvaternik' na Slunju i tom prilikom obi\u0161li objekte predvi\u0111ene za polaznike temeljnog vojnog osposobljavanja | Foto: MORH\/ J. Kopi\" alt=\"Ministar Anu\u0161i\u0107 na Slunju: Ro\u010dnik na TVO-u ne smije dobiti otkaz; studenti \u0107e dobiti odgodu dok studiraju\" src=\"https:\/\/live.staticflickr.com\/65535\/54436524358_d83570639b_h.jpg\" data-layer=\"&lt;div class=&#039;morh-gallery-image-download&#039;&gt;&lt;a href=&#039;https:\/\/live.staticflickr.com\/65535\/54436524358_7df2a60f57_o.jpg&#039; target=&#039;_blank&#039;&gt;Slika za preuzimanje&lt;\/a&gt;&lt;\/div&gt;\" \/><\/a><a href=\"https:\/\/live.staticflickr.com\/65535\/54436524328_2e12650a37_h.jpg\" title=\"Ministar Anu\u0161i\u0107 na Slunju: Ro\u010dnik na TVO-u ne smije dobiti otkaz; studenti \u0107e dobiti odgodu dok studiraju\"><img decoding=\"async\" data-title=\"Ministar Anu\u0161i\u0107 na Slunju: Ro\u010dnik na TVO-u ne smije dobiti otkaz; studenti \u0107e dobiti odgodu dok studiraju\" data-description=\"Potpredsjednik Vlade Republike Hrvatske i ministar obrane Ivan Anu\u0161i\u0107 i na\u010delnik Glavnog sto\u017eera Oru\u017eanih snaga RH general-pukovnik Tihomir Kundid posjetili su danas, 7. travnja 2025. godine, vojni poligon 'Eugen Kvaternik' na Slunju i tom prilikom obi\u0161li objekte predvi\u0111ene za polaznike temeljnog vojnog osposobljavanja | Foto: MORH\/ J. Kopi\" alt=\"Ministar Anu\u0161i\u0107 na Slunju: Ro\u010dnik na TVO-u ne smije dobiti otkaz; studenti \u0107e dobiti odgodu dok studiraju\" src=\"https:\/\/live.staticflickr.com\/65535\/54436524328_2e12650a37_h.jpg\" data-layer=\"&lt;div class=&#039;morh-gallery-image-download&#039;&gt;&lt;a href=&#039;https:\/\/live.staticflickr.com\/65535\/54436524328_c81710af1c_o.jpg&#039; target=&#039;_blank&#039;&gt;Slika za preuzimanje&lt;\/a&gt;&lt;\/div&gt;\" \/><\/a><a href=\"https:\/\/live.staticflickr.com\/65535\/54436282221_011454bcde_h.jpg\" title=\"Ministar Anu\u0161i\u0107 na Slunju: Ro\u010dnik na TVO-u ne smije dobiti otkaz; studenti \u0107e dobiti odgodu dok studiraju\"><img decoding=\"async\" data-title=\"Ministar Anu\u0161i\u0107 na Slunju: Ro\u010dnik na TVO-u ne smije dobiti otkaz; studenti \u0107e dobiti odgodu dok studiraju\" data-description=\"Potpredsjednik Vlade Republike Hrvatske i ministar obrane Ivan Anu\u0161i\u0107 i na\u010delnik Glavnog sto\u017eera Oru\u017eanih snaga RH general-pukovnik Tihomir Kundid posjetili su danas, 7. travnja 2025. godine, vojni poligon 'Eugen Kvaternik' na Slunju i tom prilikom obi\u0161li objekte predvi\u0111ene za polaznike temeljnog vojnog osposobljavanja | Foto: MORH\/ J. Kopi\" alt=\"Ministar Anu\u0161i\u0107 na Slunju: Ro\u010dnik na TVO-u ne smije dobiti otkaz; studenti \u0107e dobiti odgodu dok studiraju\" src=\"https:\/\/live.staticflickr.com\/65535\/54436282221_011454bcde_h.jpg\" data-layer=\"&lt;div class=&#039;morh-gallery-image-download&#039;&gt;&lt;a href=&#039;https:\/\/live.staticflickr.com\/65535\/54436282221_4052dd4301_o.jpg&#039; target=&#039;_blank&#039;&gt;Slika za preuzimanje&lt;\/a&gt;&lt;\/div&gt;\" \/><\/a><a href=\"https:\/\/live.staticflickr.com\/65535\/54436469134_5c34ce7642_h.jpg\" title=\"Ministar Anu\u0161i\u0107 na Slunju: Ro\u010dnik na TVO-u ne smije dobiti otkaz; studenti \u0107e dobiti odgodu dok studiraju\"><img decoding=\"async\" data-title=\"Ministar Anu\u0161i\u0107 na Slunju: Ro\u010dnik na TVO-u ne smije dobiti otkaz; studenti \u0107e dobiti odgodu dok studiraju\" data-description=\"Potpredsjednik Vlade Republike Hrvatske i ministar obrane Ivan Anu\u0161i\u0107 i na\u010delnik Glavnog sto\u017eera Oru\u017eanih snaga RH general-pukovnik Tihomir Kundid posjetili su danas, 7. travnja 2025. godine, vojni poligon 'Eugen Kvaternik' na Slunju i tom prilikom obi\u0161li objekte predvi\u0111ene za polaznike temeljnog vojnog osposobljavanja | Foto: MORH\/ J. Kopi\" alt=\"Ministar Anu\u0161i\u0107 na Slunju: Ro\u010dnik na TVO-u ne smije dobiti otkaz; studenti \u0107e dobiti odgodu dok studiraju\" src=\"https:\/\/live.staticflickr.com\/65535\/54436469134_5c34ce7642_h.jpg\" data-layer=\"&lt;div class=&#039;morh-gallery-image-download&#039;&gt;&lt;a href=&#039;https:\/\/live.staticflickr.com\/65535\/54436469134_0b0d495068_o.jpg&#039; target=&#039;_blank&#039;&gt;Slika za preuzimanje&lt;\/a&gt;&lt;\/div&gt;\" \/><\/a><a href=\"https:\/\/live.staticflickr.com\/65535\/54436282206_fd2abbf0b6_h.jpg\" title=\"Ministar Anu\u0161i\u0107 na Slunju: Ro\u010dnik na TVO-u ne smije dobiti otkaz; studenti \u0107e dobiti odgodu dok studiraju\"><img decoding=\"async\" data-title=\"Ministar Anu\u0161i\u0107 na Slunju: Ro\u010dnik na TVO-u ne smije dobiti otkaz; studenti \u0107e dobiti odgodu dok studiraju\" data-description=\"Potpredsjednik Vlade Republike Hrvatske i ministar obrane Ivan Anu\u0161i\u0107 i na\u010delnik Glavnog sto\u017eera Oru\u017eanih snaga RH general-pukovnik Tihomir Kundid posjetili su danas, 7. travnja 2025. godine, vojni poligon 'Eugen Kvaternik' na Slunju i tom prilikom obi\u0161li objekte predvi\u0111ene za polaznike temeljnog vojnog osposobljavanja | Foto: MORH\/ J. Kopi\" alt=\"Ministar Anu\u0161i\u0107 na Slunju: Ro\u010dnik na TVO-u ne smije dobiti otkaz; studenti \u0107e dobiti odgodu dok studiraju\" src=\"https:\/\/live.staticflickr.com\/65535\/54436282206_fd2abbf0b6_h.jpg\" data-layer=\"&lt;div class=&#039;morh-gallery-image-download&#039;&gt;&lt;a href=&#039;https:\/\/live.staticflickr.com\/65535\/54436282206_ee344e6cfc_o.jpg&#039; target=&#039;_blank&#039;&gt;Slika za preuzimanje&lt;\/a&gt;&lt;\/div&gt;\" \/><\/a><a href=\"https:\/\/live.staticflickr.com\/65535\/54435418897_2580186dd4_h.jpg\" title=\"Ministar Anu\u0161i\u0107 na Slunju: Ro\u010dnik na TVO-u ne smije dobiti otkaz; studenti \u0107e dobiti odgodu dok studiraju\"><img decoding=\"async\" data-title=\"Ministar Anu\u0161i\u0107 na Slunju: Ro\u010dnik na TVO-u ne smije dobiti otkaz; studenti \u0107e dobiti odgodu dok studiraju\" data-description=\"Potpredsjednik Vlade Republike Hrvatske i ministar obrane Ivan Anu\u0161i\u0107 i na\u010delnik Glavnog sto\u017eera Oru\u017eanih snaga RH general-pukovnik Tihomir Kundid posjetili su danas, 7. travnja 2025. godine, vojni poligon 'Eugen Kvaternik' na Slunju i tom prilikom obi\u0161li objekte predvi\u0111ene za polaznike temeljnog vojnog osposobljavanja | Foto: MORH\/ J. Kopi\" alt=\"Ministar Anu\u0161i\u0107 na Slunju: Ro\u010dnik na TVO-u ne smije dobiti otkaz; studenti \u0107e dobiti odgodu dok studiraju\" src=\"https:\/\/live.staticflickr.com\/65535\/54435418897_2580186dd4_h.jpg\" data-layer=\"&lt;div class=&#039;morh-gallery-image-download&#039;&gt;&lt;a href=&#039;https:\/\/live.staticflickr.com\/65535\/54435418897_326aba0186_o.jpg&#039; target=&#039;_blank&#039;&gt;Slika za preuzimanje&lt;\/a&gt;&lt;\/div&gt;\" \/><\/a><a href=\"https:\/\/live.staticflickr.com\/65535\/54436524223_f9ef0573c0_h.jpg\" title=\"Ministar Anu\u0161i\u0107 na Slunju: Ro\u010dnik na TVO-u ne smije dobiti otkaz; studenti \u0107e dobiti odgodu dok studiraju\"><img decoding=\"async\" data-title=\"Ministar Anu\u0161i\u0107 na Slunju: Ro\u010dnik na TVO-u ne smije dobiti otkaz; studenti \u0107e dobiti odgodu dok studiraju\" data-description=\"Potpredsjednik Vlade Republike Hrvatske i ministar obrane Ivan Anu\u0161i\u0107 i na\u010delnik Glavnog sto\u017eera Oru\u017eanih snaga RH general-pukovnik Tihomir Kundid posjetili su danas, 7. travnja 2025. godine, vojni poligon 'Eugen Kvaternik' na Slunju i tom prilikom obi\u0161li objekte predvi\u0111ene za polaznike temeljnog vojnog osposobljavanja | Foto: MORH\/ J. Kopi\" alt=\"Ministar Anu\u0161i\u0107 na Slunju: Ro\u010dnik na TVO-u ne smije dobiti otkaz; studenti \u0107e dobiti odgodu dok studiraju\" src=\"https:\/\/live.staticflickr.com\/65535\/54436524223_f9ef0573c0_h.jpg\" data-layer=\"&lt;div class=&#039;morh-gallery-image-download&#039;&gt;&lt;a href=&#039;https:\/\/live.staticflickr.com\/65535\/54436524223_d00ef7b518_o.jpg&#039; target=&#039;_blank&#039;&gt;Slika za preuzimanje&lt;\/a&gt;&lt;\/div&gt;\" \/><\/a><a href=\"https:\/\/live.staticflickr.com\/65535\/54436524183_3f689d61ae_h.jpg\" title=\"Ministar Anu\u0161i\u0107 na Slunju: Ro\u010dnik na TVO-u ne smije dobiti otkaz; studenti \u0107e dobiti odgodu dok studiraju\"><img decoding=\"async\" data-title=\"Ministar Anu\u0161i\u0107 na Slunju: Ro\u010dnik na TVO-u ne smije dobiti otkaz; studenti \u0107e dobiti odgodu dok studiraju\" data-description=\"Potpredsjednik Vlade Republike Hrvatske i ministar obrane Ivan Anu\u0161i\u0107 i na\u010delnik Glavnog sto\u017eera Oru\u017eanih snaga RH general-pukovnik Tihomir Kundid posjetili su danas, 7. travnja 2025. godine, vojni poligon 'Eugen Kvaternik' na Slunju i tom prilikom obi\u0161li objekte predvi\u0111ene za polaznike temeljnog vojnog osposobljavanja | Foto: MORH\/ J. Kopi\" alt=\"Ministar Anu\u0161i\u0107 na Slunju: Ro\u010dnik na TVO-u ne smije dobiti otkaz; studenti \u0107e dobiti odgodu dok studiraju\" src=\"https:\/\/live.staticflickr.com\/65535\/54436524183_3f689d61ae_h.jpg\" data-layer=\"&lt;div class=&#039;morh-gallery-image-download&#039;&gt;&lt;a href=&#039;https:\/\/live.staticflickr.com\/65535\/54436524183_d588b22202_o.jpg&#039; target=&#039;_blank&#039;&gt;Slika za preuzimanje&lt;\/a&gt;&lt;\/div&gt;\" \/><\/a><a href=\"https:\/\/live.staticflickr.com\/65535\/54436282096_e89e79b30c_h.jpg\" title=\"Ministar Anu\u0161i\u0107 na Slunju: Ro\u010dnik na TVO-u ne smije dobiti otkaz; studenti \u0107e dobiti odgodu dok studiraju\"><img decoding=\"async\" data-title=\"Ministar Anu\u0161i\u0107 na Slunju: Ro\u010dnik na TVO-u ne smije dobiti otkaz; studenti \u0107e dobiti odgodu dok studiraju\" data-description=\"Potpredsjednik Vlade Republike Hrvatske i ministar obrane Ivan Anu\u0161i\u0107 i na\u010delnik Glavnog sto\u017eera Oru\u017eanih snaga RH general-pukovnik Tihomir Kundid posjetili su danas, 7. travnja 2025. godine, vojni poligon 'Eugen Kvaternik' na Slunju i tom prilikom obi\u0161li objekte predvi\u0111ene za polaznike temeljnog vojnog osposobljavanja | Foto: MORH\/ J. Kopi\" alt=\"Ministar Anu\u0161i\u0107 na Slunju: Ro\u010dnik na TVO-u ne smije dobiti otkaz; studenti \u0107e dobiti odgodu dok studiraju\" src=\"https:\/\/live.staticflickr.com\/65535\/54436282096_e89e79b30c_h.jpg\" data-layer=\"&lt;div class=&#039;morh-gallery-image-download&#039;&gt;&lt;a href=&#039;https:\/\/live.staticflickr.com\/65535\/54436282096_8cb0a24d05_o.jpg&#039; target=&#039;_blank&#039;&gt;Slika za preuzimanje&lt;\/a&gt;&lt;\/div&gt;\" \/><\/a><a href=\"https:\/\/live.staticflickr.com\/65535\/54436282071_836a68e9db_h.jpg\" title=\"Ministar Anu\u0161i\u0107 na Slunju: Ro\u010dnik na TVO-u ne smije dobiti otkaz; studenti \u0107e dobiti odgodu dok studiraju\"><img decoding=\"async\" data-title=\"Ministar Anu\u0161i\u0107 na Slunju: Ro\u010dnik na TVO-u ne smije dobiti otkaz; studenti \u0107e dobiti odgodu dok studiraju\" data-description=\"Potpredsjednik Vlade Republike Hrvatske i ministar obrane Ivan Anu\u0161i\u0107 i na\u010delnik Glavnog sto\u017eera Oru\u017eanih snaga RH general-pukovnik Tihomir Kundid posjetili su danas, 7. travnja 2025. godine, vojni poligon 'Eugen Kvaternik' na Slunju i tom prilikom obi\u0161li objekte predvi\u0111ene za polaznike temeljnog vojnog osposobljavanja | Foto: MORH\/ J. Kopi\" alt=\"Ministar Anu\u0161i\u0107 na Slunju: Ro\u010dnik na TVO-u ne smije dobiti otkaz; studenti \u0107e dobiti odgodu dok studiraju\" src=\"https:\/\/live.staticflickr.com\/65535\/54436282071_836a68e9db_h.jpg\" data-layer=\"&lt;div class=&#039;morh-gallery-image-download&#039;&gt;&lt;a href=&#039;https:\/\/live.staticflickr.com\/65535\/54436282071_7aa64b7b30_o.jpg&#039; target=&#039;_blank&#039;&gt;Slika za preuzimanje&lt;\/a&gt;&lt;\/div&gt;\" \/><\/a><a href=\"https:\/\/live.staticflickr.com\/65535\/54436524143_1f990edd99_h.jpg\" title=\"Ministar Anu\u0161i\u0107 na Slunju: Ro\u010dnik na TVO-u ne smije dobiti otkaz; studenti \u0107e dobiti odgodu dok studiraju\"><img decoding=\"async\" data-title=\"Ministar Anu\u0161i\u0107 na Slunju: Ro\u010dnik na TVO-u ne smije dobiti otkaz; studenti \u0107e dobiti odgodu dok studiraju\" data-description=\"Potpredsjednik Vlade Republike Hrvatske i ministar obrane Ivan Anu\u0161i\u0107 i na\u010delnik Glavnog sto\u017eera Oru\u017eanih snaga RH general-pukovnik Tihomir Kundid posjetili su danas, 7. travnja 2025. godine, vojni poligon 'Eugen Kvaternik' na Slunju i tom prilikom obi\u0161li objekte predvi\u0111ene za polaznike temeljnog vojnog osposobljavanja | Foto: MORH\/ J. Kopi\" alt=\"Ministar Anu\u0161i\u0107 na Slunju: Ro\u010dnik na TVO-u ne smije dobiti otkaz; studenti \u0107e dobiti odgodu dok studiraju\" src=\"https:\/\/live.staticflickr.com\/65535\/54436524143_1f990edd99_h.jpg\" data-layer=\"&lt;div class=&#039;morh-gallery-image-download&#039;&gt;&lt;a href=&#039;https:\/\/live.staticflickr.com\/65535\/54436524143_66400f323a_o.jpg&#039; target=&#039;_blank&#039;&gt;Slika za preuzimanje&lt;\/a&gt;&lt;\/div&gt;\" \/><\/a><a href=\"https:\/\/live.staticflickr.com\/65535\/54436524153_3641030c17_h.jpg\" title=\"Ministar Anu\u0161i\u0107 na Slunju: Ro\u010dnik na TVO-u ne smije dobiti otkaz; studenti \u0107e dobiti odgodu dok studiraju\"><img decoding=\"async\" data-title=\"Ministar Anu\u0161i\u0107 na Slunju: Ro\u010dnik na TVO-u ne smije dobiti otkaz; studenti \u0107e dobiti odgodu dok studiraju\" data-description=\"Potpredsjednik Vlade Republike Hrvatske i ministar obrane Ivan Anu\u0161i\u0107 i na\u010delnik Glavnog sto\u017eera Oru\u017eanih snaga RH general-pukovnik Tihomir Kundid posjetili su danas, 7. travnja 2025. godine, vojni poligon 'Eugen Kvaternik' na Slunju i tom prilikom obi\u0161li objekte predvi\u0111ene za polaznike temeljnog vojnog osposobljavanja | Foto: MORH\/ J. Kopi\" alt=\"Ministar Anu\u0161i\u0107 na Slunju: Ro\u010dnik na TVO-u ne smije dobiti otkaz; studenti \u0107e dobiti odgodu dok studiraju\" src=\"https:\/\/live.staticflickr.com\/65535\/54436524153_3641030c17_h.jpg\" data-layer=\"&lt;div class=&#039;morh-gallery-image-download&#039;&gt;&lt;a href=&#039;https:\/\/live.staticflickr.com\/65535\/54436524153_f2a0a74815_o.jpg&#039; target=&#039;_blank&#039;&gt;Slika za preuzimanje&lt;\/a&gt;&lt;\/div&gt;\" \/><\/a><a href=\"https:\/\/live.staticflickr.com\/65535\/54436646505_da46355594_h.jpg\" title=\"Ministar Anu\u0161i\u0107 na Slunju: Ro\u010dnik na TVO-u ne smije dobiti otkaz; studenti \u0107e dobiti odgodu dok studiraju\"><img decoding=\"async\" data-title=\"Ministar Anu\u0161i\u0107 na Slunju: Ro\u010dnik na TVO-u ne smije dobiti otkaz; studenti \u0107e dobiti odgodu dok studiraju\" data-description=\"Potpredsjednik Vlade Republike Hrvatske i ministar obrane Ivan Anu\u0161i\u0107 i na\u010delnik Glavnog sto\u017eera Oru\u017eanih snaga RH general-pukovnik Tihomir Kundid posjetili su danas, 7. travnja 2025. godine, vojni poligon 'Eugen Kvaternik' na Slunju i tom prilikom obi\u0161li objekte predvi\u0111ene za polaznike temeljnog vojnog osposobljavanja | Foto: MORH\/ J. Kopi\" alt=\"Ministar Anu\u0161i\u0107 na Slunju: Ro\u010dnik na TVO-u ne smije dobiti otkaz; studenti \u0107e dobiti odgodu dok studiraju\" src=\"https:\/\/live.staticflickr.com\/65535\/54436646505_da46355594_h.jpg\" data-layer=\"&lt;div class=&#039;morh-gallery-image-download&#039;&gt;&lt;a href=&#039;https:\/\/live.staticflickr.com\/65535\/54436646505_cbef1de3d5_o.jpg&#039; target=&#039;_blank&#039;&gt;Slika za preuzimanje&lt;\/a&gt;&lt;\/div&gt;\" \/><\/a><\/div><!--\/.morh-galleria -->\n","protected":false},"excerpt":{"rendered":"<p>During a working visit to the training area in Slunj, Minister of Defence Ivan Anu\u0161i\u0107 and Chief of the CAF General Staff General Kundid toured the facilities intended for attendees of the basic military training<\/p>\n","protected":false},"author":3,"featured_media":254708,"comment_status":"closed","ping_status":"closed","sticky":false,"template":"","format":"standard","meta":{"_acf_changed":false,"_monsterinsights_skip_tracking":false,"_monsterinsights_sitenote_active":false,"_monsterinsights_sitenote_note":"","_monsterinsights_sitenote_category":0,"footnotes":""},"categories":[117],"tags":[],"class_list":["post-254704","post","type-post","status-publish","format-standard","has-post-thumbnail","hentry","category-press-releases"],"acf":[],"yoast_head":"<!-- This site is optimized with the Yoast SEO plugin v26.9 - https:\/\/yoast.com\/product\/yoast-seo-wordpress\/ -->\n<title>Minister Anu\u0161i\u0107 in Slunj: a conscript undergoing basic military training must not be dismissed; students will be granted a deferral while studying - MORH<\/title>\n<meta name=\"description\" content=\"During a working visit to the training area in Slunj, Minister of Defence Ivan Anu\u0161i\u0107 and Chief of the CAF General Staff General Kundid toured the facilities intended for attendees of the basic military training\" \/>\n<meta name=\"robots\" content=\"index, follow, max-snippet:-1, max-image-preview:large, max-video-preview:-1\" \/>\n<link rel=\"canonical\" href=\"https:\/\/www.morh.hr\/en\/minister-anusic-in-slunj-a-conscript-undergoing-basic-military-training-must-not-be-dismissed-students-will-be-granted-a-deferral-while-studying\/\" \/>\n<meta property=\"og:locale\" content=\"en_US\" \/>\n<meta property=\"og:type\" content=\"article\" \/>\n<meta property=\"og:title\" content=\"Minister Anu\u0161i\u0107 in Slunj: a conscript undergoing basic military training must not be dismissed; students will be granted a deferral while studying - MORH\" \/>\n<meta property=\"og:description\" content=\"During a working visit to the training area in Slunj, Minister of Defence Ivan Anu\u0161i\u0107 and Chief of the CAF General Staff General Kundid toured the facilities intended for attendees of the basic military training\" \/>\n<meta property=\"og:url\" content=\"https:\/\/www.morh.hr\/en\/minister-anusic-in-slunj-a-conscript-undergoing-basic-military-training-must-not-be-dismissed-students-will-be-granted-a-deferral-while-studying\/\" \/>\n<meta property=\"og:site_name\" content=\"MORH\" \/>\n<meta property=\"article:publisher\" content=\"https:\/\/www.facebook.com\/sportasiuhrvatskojvojsci\/\" \/>\n<meta property=\"article:published_time\" content=\"2025-04-07T13:40:04+00:00\" \/>\n<meta property=\"article:modified_time\" content=\"2025-11-26T14:16:43+00:00\" \/>\n<meta property=\"og:image\" content=\"https:\/\/www.morh.hr\/wp-content\/uploads\/2025\/04\/2025-04-07-slunj-obilazak-en.jpg\" \/>\n\t<meta property=\"og:image:width\" content=\"1620\" \/>\n\t<meta property=\"og:image:height\" content=\"1080\" \/>\n\t<meta property=\"og:image:type\" content=\"image\/jpeg\" \/>\n<meta name=\"author\" content=\"Drazen\" \/>\n<meta name=\"twitter:card\" content=\"summary_large_image\" \/>\n<meta name=\"twitter:creator\" content=\"@morh_osrh\" \/>\n<meta name=\"twitter:site\" content=\"@morh_osrh\" \/>\n<meta name=\"twitter:label1\" content=\"Written by\" \/>\n\t<meta name=\"twitter:data1\" content=\"Drazen\" \/>\n\t<meta name=\"twitter:label2\" content=\"Est. reading time\" \/>\n\t<meta name=\"twitter:data2\" content=\"4 minutes\" \/>\n<script type=\"application\/ld+json\" class=\"yoast-schema-graph\">{\"@context\":\"https:\/\/schema.org\",\"@graph\":[{\"@type\":\"Article\",\"@id\":\"https:\/\/www.morh.hr\/en\/minister-anusic-in-slunj-a-conscript-undergoing-basic-military-training-must-not-be-dismissed-students-will-be-granted-a-deferral-while-studying\/#article\",\"isPartOf\":{\"@id\":\"https:\/\/www.morh.hr\/en\/minister-anusic-in-slunj-a-conscript-undergoing-basic-military-training-must-not-be-dismissed-students-will-be-granted-a-deferral-while-studying\/\"},\"author\":{\"name\":\"Drazen\",\"@id\":\"https:\/\/www.morh.hr\/en\/#\/schema\/person\/2d72e03399043d9513ab6bec75f2ce27\"},\"headline\":\"Minister Anu\u0161i\u0107 in Slunj: a conscript undergoing basic military training must not be dismissed; students will be granted a deferral while studying\",\"datePublished\":\"2025-04-07T13:40:04+00:00\",\"dateModified\":\"2025-11-26T14:16:43+00:00\",\"mainEntityOfPage\":{\"@id\":\"https:\/\/www.morh.hr\/en\/minister-anusic-in-slunj-a-conscript-undergoing-basic-military-training-must-not-be-dismissed-students-will-be-granted-a-deferral-while-studying\/\"},\"wordCount\":696,\"image\":{\"@id\":\"https:\/\/www.morh.hr\/en\/minister-anusic-in-slunj-a-conscript-undergoing-basic-military-training-must-not-be-dismissed-students-will-be-granted-a-deferral-while-studying\/#primaryimage\"},\"thumbnailUrl\":\"https:\/\/www.morh.hr\/wp-content\/uploads\/2025\/04\/2025-04-07-slunj-obilazak-en.jpg\",\"articleSection\":[\"Press releases\"],\"inLanguage\":\"en-US\"},{\"@type\":\"WebPage\",\"@id\":\"https:\/\/www.morh.hr\/en\/minister-anusic-in-slunj-a-conscript-undergoing-basic-military-training-must-not-be-dismissed-students-will-be-granted-a-deferral-while-studying\/\",\"url\":\"https:\/\/www.morh.hr\/en\/minister-anusic-in-slunj-a-conscript-undergoing-basic-military-training-must-not-be-dismissed-students-will-be-granted-a-deferral-while-studying\/\",\"name\":\"Minister Anu\u0161i\u0107 in Slunj: a conscript undergoing basic military training must not be dismissed; students will be granted a deferral while studying - MORH\",\"isPartOf\":{\"@id\":\"https:\/\/www.morh.hr\/en\/#website\"},\"primaryImageOfPage\":{\"@id\":\"https:\/\/www.morh.hr\/en\/minister-anusic-in-slunj-a-conscript-undergoing-basic-military-training-must-not-be-dismissed-students-will-be-granted-a-deferral-while-studying\/#primaryimage\"},\"image\":{\"@id\":\"https:\/\/www.morh.hr\/en\/minister-anusic-in-slunj-a-conscript-undergoing-basic-military-training-must-not-be-dismissed-students-will-be-granted-a-deferral-while-studying\/#primaryimage\"},\"thumbnailUrl\":\"https:\/\/www.morh.hr\/wp-content\/uploads\/2025\/04\/2025-04-07-slunj-obilazak-en.jpg\",\"datePublished\":\"2025-04-07T13:40:04+00:00\",\"dateModified\":\"2025-11-26T14:16:43+00:00\",\"author\":{\"@id\":\"https:\/\/www.morh.hr\/en\/#\/schema\/person\/2d72e03399043d9513ab6bec75f2ce27\"},\"description\":\"During a working visit to the training area in Slunj, Minister of Defence Ivan Anu\u0161i\u0107 and Chief of the CAF General Staff General Kundid toured the facilities intended for attendees of the basic military training\",\"breadcrumb\":{\"@id\":\"https:\/\/www.morh.hr\/en\/minister-anusic-in-slunj-a-conscript-undergoing-basic-military-training-must-not-be-dismissed-students-will-be-granted-a-deferral-while-studying\/#breadcrumb\"},\"inLanguage\":\"en-US\",\"potentialAction\":[{\"@type\":\"ReadAction\",\"target\":[\"https:\/\/www.morh.hr\/en\/minister-anusic-in-slunj-a-conscript-undergoing-basic-military-training-must-not-be-dismissed-students-will-be-granted-a-deferral-while-studying\/\"]}]},{\"@type\":\"ImageObject\",\"inLanguage\":\"en-US\",\"@id\":\"https:\/\/www.morh.hr\/en\/minister-anusic-in-slunj-a-conscript-undergoing-basic-military-training-must-not-be-dismissed-students-will-be-granted-a-deferral-while-studying\/#primaryimage\",\"url\":\"https:\/\/www.morh.hr\/wp-content\/uploads\/2025\/04\/2025-04-07-slunj-obilazak-en.jpg\",\"contentUrl\":\"https:\/\/www.morh.hr\/wp-content\/uploads\/2025\/04\/2025-04-07-slunj-obilazak-en.jpg\",\"width\":1620,\"height\":1080,\"caption\":\"Minister Anu\u0161i\u0107 in Slunj | Photo: MOD\/ J. Kopi\"},{\"@type\":\"BreadcrumbList\",\"@id\":\"https:\/\/www.morh.hr\/en\/minister-anusic-in-slunj-a-conscript-undergoing-basic-military-training-must-not-be-dismissed-students-will-be-granted-a-deferral-while-studying\/#breadcrumb\",\"itemListElement\":[{\"@type\":\"ListItem\",\"position\":1,\"name\":\"Naslovnica\",\"item\":\"https:\/\/www.morh.hr\/en\/\"},{\"@type\":\"ListItem\",\"position\":2,\"name\":\"News\",\"item\":\"https:\/\/www.morh.hr\/en\/kategorija\/news\/\"},{\"@type\":\"ListItem\",\"position\":3,\"name\":\"Press releases\",\"item\":\"https:\/\/www.morh.hr\/en\/kategorija\/news\/press-releases\/\"},{\"@type\":\"ListItem\",\"position\":4,\"name\":\"Minister Anu\u0161i\u0107 in Slunj: a conscript undergoing basic military training must not be dismissed; students will be granted a deferral while studying\"}]},{\"@type\":\"WebSite\",\"@id\":\"https:\/\/www.morh.hr\/en\/#website\",\"url\":\"https:\/\/www.morh.hr\/en\/\",\"name\":\"MORH\",\"description\":\"Ministarstvo obrane Republike Hrvatske - slu\u017ebene stranice\",\"potentialAction\":[{\"@type\":\"SearchAction\",\"target\":{\"@type\":\"EntryPoint\",\"urlTemplate\":\"https:\/\/www.morh.hr\/en\/?s={search_term_string}\"},\"query-input\":{\"@type\":\"PropertyValueSpecification\",\"valueRequired\":true,\"valueName\":\"search_term_string\"}}],\"inLanguage\":\"en-US\"},{\"@type\":\"Person\",\"@id\":\"https:\/\/www.morh.hr\/en\/#\/schema\/person\/2d72e03399043d9513ab6bec75f2ce27\",\"name\":\"Drazen\",\"image\":{\"@type\":\"ImageObject\",\"inLanguage\":\"en-US\",\"@id\":\"https:\/\/www.morh.hr\/en\/#\/schema\/person\/image\/\",\"url\":\"https:\/\/secure.gravatar.com\/avatar\/e36ef7e573425ae72988c73df868c1e87a656b0e005ca4fd7d30d2ba7e49c9cf?s=96&d=mm&r=g\",\"contentUrl\":\"https:\/\/secure.gravatar.com\/avatar\/e36ef7e573425ae72988c73df868c1e87a656b0e005ca4fd7d30d2ba7e49c9cf?s=96&d=mm&r=g\",\"caption\":\"Drazen\"}}]}<\/script>\n<!-- \/ Yoast SEO plugin. -->","yoast_head_json":{"title":"Minister Anu\u0161i\u0107 in Slunj: a conscript undergoing basic military training must not be dismissed; students will be granted a deferral while studying - MORH","description":"During a working visit to the training area in Slunj, Minister of Defence Ivan Anu\u0161i\u0107 and Chief of the CAF General Staff General Kundid toured the facilities intended for attendees of the basic military training","robots":{"index":"index","follow":"follow","max-snippet":"max-snippet:-1","max-image-preview":"max-image-preview:large","max-video-preview":"max-video-preview:-1"},"canonical":"https:\/\/www.morh.hr\/en\/minister-anusic-in-slunj-a-conscript-undergoing-basic-military-training-must-not-be-dismissed-students-will-be-granted-a-deferral-while-studying\/","og_locale":"en_US","og_type":"article","og_title":"Minister Anu\u0161i\u0107 in Slunj: a conscript undergoing basic military training must not be dismissed; students will be granted a deferral while studying - MORH","og_description":"During a working visit to the training area in Slunj, Minister of Defence Ivan Anu\u0161i\u0107 and Chief of the CAF General Staff General Kundid toured the facilities intended for attendees of the basic military training","og_url":"https:\/\/www.morh.hr\/en\/minister-anusic-in-slunj-a-conscript-undergoing-basic-military-training-must-not-be-dismissed-students-will-be-granted-a-deferral-while-studying\/","og_site_name":"MORH","article_publisher":"https:\/\/www.facebook.com\/sportasiuhrvatskojvojsci\/","article_published_time":"2025-04-07T13:40:04+00:00","article_modified_time":"2025-11-26T14:16:43+00:00","og_image":[{"width":1620,"height":1080,"url":"https:\/\/www.morh.hr\/wp-content\/uploads\/2025\/04\/2025-04-07-slunj-obilazak-en.jpg","type":"image\/jpeg"}],"author":"Drazen","twitter_card":"summary_large_image","twitter_creator":"@morh_osrh","twitter_site":"@morh_osrh","twitter_misc":{"Written by":"Drazen","Est. reading time":"4 minutes"},"schema":{"@context":"https:\/\/schema.org","@graph":[{"@type":"Article","@id":"https:\/\/www.morh.hr\/en\/minister-anusic-in-slunj-a-conscript-undergoing-basic-military-training-must-not-be-dismissed-students-will-be-granted-a-deferral-while-studying\/#article","isPartOf":{"@id":"https:\/\/www.morh.hr\/en\/minister-anusic-in-slunj-a-conscript-undergoing-basic-military-training-must-not-be-dismissed-students-will-be-granted-a-deferral-while-studying\/"},"author":{"name":"Drazen","@id":"https:\/\/www.morh.hr\/en\/#\/schema\/person\/2d72e03399043d9513ab6bec75f2ce27"},"headline":"Minister Anu\u0161i\u0107 in Slunj: a conscript undergoing basic military training must not be dismissed; students will be granted a deferral while studying","datePublished":"2025-04-07T13:40:04+00:00","dateModified":"2025-11-26T14:16:43+00:00","mainEntityOfPage":{"@id":"https:\/\/www.morh.hr\/en\/minister-anusic-in-slunj-a-conscript-undergoing-basic-military-training-must-not-be-dismissed-students-will-be-granted-a-deferral-while-studying\/"},"wordCount":696,"image":{"@id":"https:\/\/www.morh.hr\/en\/minister-anusic-in-slunj-a-conscript-undergoing-basic-military-training-must-not-be-dismissed-students-will-be-granted-a-deferral-while-studying\/#primaryimage"},"thumbnailUrl":"https:\/\/www.morh.hr\/wp-content\/uploads\/2025\/04\/2025-04-07-slunj-obilazak-en.jpg","articleSection":["Press releases"],"inLanguage":"en-US"},{"@type":"WebPage","@id":"https:\/\/www.morh.hr\/en\/minister-anusic-in-slunj-a-conscript-undergoing-basic-military-training-must-not-be-dismissed-students-will-be-granted-a-deferral-while-studying\/","url":"https:\/\/www.morh.hr\/en\/minister-anusic-in-slunj-a-conscript-undergoing-basic-military-training-must-not-be-dismissed-students-will-be-granted-a-deferral-while-studying\/","name":"Minister Anu\u0161i\u0107 in Slunj: a conscript undergoing basic military training must not be dismissed; students will be granted a deferral while studying - MORH","isPartOf":{"@id":"https:\/\/www.morh.hr\/en\/#website"},"primaryImageOfPage":{"@id":"https:\/\/www.morh.hr\/en\/minister-anusic-in-slunj-a-conscript-undergoing-basic-military-training-must-not-be-dismissed-students-will-be-granted-a-deferral-while-studying\/#primaryimage"},"image":{"@id":"https:\/\/www.morh.hr\/en\/minister-anusic-in-slunj-a-conscript-undergoing-basic-military-training-must-not-be-dismissed-students-will-be-granted-a-deferral-while-studying\/#primaryimage"},"thumbnailUrl":"https:\/\/www.morh.hr\/wp-content\/uploads\/2025\/04\/2025-04-07-slunj-obilazak-en.jpg","datePublished":"2025-04-07T13:40:04+00:00","dateModified":"2025-11-26T14:16:43+00:00","author":{"@id":"https:\/\/www.morh.hr\/en\/#\/schema\/person\/2d72e03399043d9513ab6bec75f2ce27"},"description":"During a working visit to the training area in Slunj, Minister of Defence Ivan Anu\u0161i\u0107 and Chief of the CAF General Staff General Kundid toured the facilities intended for attendees of the basic military training","breadcrumb":{"@id":"https:\/\/www.morh.hr\/en\/minister-anusic-in-slunj-a-conscript-undergoing-basic-military-training-must-not-be-dismissed-students-will-be-granted-a-deferral-while-studying\/#breadcrumb"},"inLanguage":"en-US","potentialAction":[{"@type":"ReadAction","target":["https:\/\/www.morh.hr\/en\/minister-anusic-in-slunj-a-conscript-undergoing-basic-military-training-must-not-be-dismissed-students-will-be-granted-a-deferral-while-studying\/"]}]},{"@type":"ImageObject","inLanguage":"en-US","@id":"https:\/\/www.morh.hr\/en\/minister-anusic-in-slunj-a-conscript-undergoing-basic-military-training-must-not-be-dismissed-students-will-be-granted-a-deferral-while-studying\/#primaryimage","url":"https:\/\/www.morh.hr\/wp-content\/uploads\/2025\/04\/2025-04-07-slunj-obilazak-en.jpg","contentUrl":"https:\/\/www.morh.hr\/wp-content\/uploads\/2025\/04\/2025-04-07-slunj-obilazak-en.jpg","width":1620,"height":1080,"caption":"Minister Anu\u0161i\u0107 in Slunj | Photo: MOD\/ J. Kopi"},{"@type":"BreadcrumbList","@id":"https:\/\/www.morh.hr\/en\/minister-anusic-in-slunj-a-conscript-undergoing-basic-military-training-must-not-be-dismissed-students-will-be-granted-a-deferral-while-studying\/#breadcrumb","itemListElement":[{"@type":"ListItem","position":1,"name":"Naslovnica","item":"https:\/\/www.morh.hr\/en\/"},{"@type":"ListItem","position":2,"name":"News","item":"https:\/\/www.morh.hr\/en\/kategorija\/news\/"},{"@type":"ListItem","position":3,"name":"Press releases","item":"https:\/\/www.morh.hr\/en\/kategorija\/news\/press-releases\/"},{"@type":"ListItem","position":4,"name":"Minister Anu\u0161i\u0107 in Slunj: a conscript undergoing basic military training must not be dismissed; students will be granted a deferral while studying"}]},{"@type":"WebSite","@id":"https:\/\/www.morh.hr\/en\/#website","url":"https:\/\/www.morh.hr\/en\/","name":"MORH","description":"Ministarstvo obrane Republike Hrvatske - slu\u017ebene stranice","potentialAction":[{"@type":"SearchAction","target":{"@type":"EntryPoint","urlTemplate":"https:\/\/www.morh.hr\/en\/?s={search_term_string}"},"query-input":{"@type":"PropertyValueSpecification","valueRequired":true,"valueName":"search_term_string"}}],"inLanguage":"en-US"},{"@type":"Person","@id":"https:\/\/www.morh.hr\/en\/#\/schema\/person\/2d72e03399043d9513ab6bec75f2ce27","name":"Drazen","image":{"@type":"ImageObject","inLanguage":"en-US","@id":"https:\/\/www.morh.hr\/en\/#\/schema\/person\/image\/","url":"https:\/\/secure.gravatar.com\/avatar\/e36ef7e573425ae72988c73df868c1e87a656b0e005ca4fd7d30d2ba7e49c9cf?s=96&d=mm&r=g","contentUrl":"https:\/\/secure.gravatar.com\/avatar\/e36ef7e573425ae72988c73df868c1e87a656b0e005ca4fd7d30d2ba7e49c9cf?s=96&d=mm&r=g","caption":"Drazen"}}]}},"_links":{"self":[{"href":"https:\/\/www.morh.hr\/en\/wp-json\/wp\/v2\/posts\/254704","targetHints":{"allow":["GET"]}}],"collection":[{"href":"https:\/\/www.morh.hr\/en\/wp-json\/wp\/v2\/posts"}],"about":[{"href":"https:\/\/www.morh.hr\/en\/wp-json\/wp\/v2\/types\/post"}],"author":[{"embeddable":true,"href":"https:\/\/www.morh.hr\/en\/wp-json\/wp\/v2\/users\/3"}],"replies":[{"embeddable":true,"href":"https:\/\/www.morh.hr\/en\/wp-json\/wp\/v2\/comments?post=254704"}],"version-history":[{"count":1,"href":"https:\/\/www.morh.hr\/en\/wp-json\/wp\/v2\/posts\/254704\/revisions"}],"predecessor-version":[{"id":263870,"href":"https:\/\/www.morh.hr\/en\/wp-json\/wp\/v2\/posts\/254704\/revisions\/263870"}],"wp:featuredmedia":[{"embeddable":true,"href":"https:\/\/www.morh.hr\/en\/wp-json\/wp\/v2\/media\/254708"}],"wp:attachment":[{"href":"https:\/\/www.morh.hr\/en\/wp-json\/wp\/v2\/media?parent=254704"}],"wp:term":[{"taxonomy":"category","embeddable":true,"href":"https:\/\/www.morh.hr\/en\/wp-json\/wp\/v2\/categories?post=254704"},{"taxonomy":"post_tag","embeddable":true,"href":"https:\/\/www.morh.hr\/en\/wp-json\/wp\/v2\/tags?post=254704"}],"curies":[{"name":"wp","href":"https:\/\/api.w.org\/{rel}","templated":true}]}}