{"id":257694,"date":"2025-04-11T09:03:25","date_gmt":"2025-04-11T07:03:25","guid":{"rendered":"https:\/\/www.morh.hr\/?p=257694"},"modified":"2025-07-28T09:10:36","modified_gmt":"2025-07-28T07:10:36","slug":"meeting-held-between-chief-of-the-caf-general-staff-general-kundid-and-chief-of-the-army-staff-of-the-bangladesh-army-general-zaman","status":"publish","type":"post","link":"https:\/\/www.morh.hr\/en\/meeting-held-between-chief-of-the-caf-general-staff-general-kundid-and-chief-of-the-army-staff-of-the-bangladesh-army-general-zaman\/","title":{"rendered":"Meeting held between Chief of the CAF General Staff General Kundid and Chief of the Army Staff of the Bangladesh Army General Zaman"},"content":{"rendered":"<p>On 10 April 2025, Chief of the CAF General Staff Lieutenant General Tihomir Kundid held a bilateral meeting with Chief of the Army Staff of the Bangladesh Army General Waker-uz-Zaman. General Zaman paid on an official visit to the Republic of Croatia in connection with his participation in the 8th Adriatic Sea Defence &amp; Aerospace Exhibition (ASDA 2025), taking place from 10 to 11 April 2025. As the highest-ranking military officer of the Armed Forces of the People&#8217;s Republic of Bangladesh, General Zaman serves as their senior military representative.<\/p>\n<p>During the meeting, the two senior officers discussed opportunities to strengthen bilateral defence cooperation, including the potential exchange of personnel between military education institutions, the conduct of specialized courses to support participation in United Nations peace support operations, and the development of joint training programmes for members of the Croatian and Bangladeshi Armed Forces.<\/p>\n<p>General Zaman provided a comprehensive briefing on the force structure, mission, and core tasks of the Bangladesh Armed Forces. In this context, he commended the Croatian Armed Forces for their advanced capabilities and state-of-the-art equipment, acknowledging them as a highly professional and mission-ready military force. The meeting between the two Chiefs of Defence marked a significant step forward in strengthening bilateral defence cooperation.<\/p>\n<p>As part of the ongoing official visit to Croatia, the delegation of the Armed Forces of the People\u2019s Republic of Bangladesh is scheduled to hold meetings with representatives of several Croatian defence industry companies.<\/p>\n<p>Apart from the Chief of the CAF General Staff, the meeting was also attended by Brigadier General Mijo Valid\u017ei\u0107, Head of the CAF GS Intelligence Directorate; Brigadier General Jozo Matkovi\u0107, Head of the CAF GS Logistics Directorate; Colonel Branimir Toj\u010di\u0107, Head of the CAF GS Planning Directorate; Major Goran Mihalinac, Executive Officer, and Major Tomislav Vu\u010dak, representative of the Planning Directorate.<\/p>\n<div class=\"morh-galleria\"><a href=\"https:\/\/live.staticflickr.com\/65535\/54444822181_f4935c93ef_h.jpg\" title=\"Sastanak na\u010delnika GS OSRH generala Kundida i na\u010delnika sto\u017eera Kopnene vojske Banglade\u0161a generala Zamana\"><img decoding=\"async\" data-title=\"Sastanak na\u010delnika GS OSRH generala Kundida i na\u010delnika sto\u017eera Kopnene vojske Banglade\u0161a generala Zamana\" data-description=\"Na\u010delnik Glavnog sto\u017eera Oru\u017eanih snaga Republike Hrvatske general-pukovnik Tihomir Kundid odr\u017eao je 10. travnja 2025., bilateralni sastanak s na\u010delnikom sto\u017eera Kopnene vojske Narodne Republike Banglade\u0161 generalom zbora Waker uz Zamanom, koji boravi u slu\u017ebenom posjetu Republici Hrvatskoj u sklopu posjeta 8. Jadranskoj vojnoj i zrakoplovnoj izlo\u017ebi ASDA 2025 od 10. do 11. travnja 2025. General Zaman je po svojoj du\u017enosti i osobnom \u010dinu najvi\u0161i vojni predstavnik Oru\u017eanih snaga Narodne Republike Banglade\u0161 | Foto: MORH\/ J. Kopi\" alt=\"Sastanak na\u010delnika GS OSRH generala Kundida i na\u010delnika sto\u017eera Kopnene vojske Banglade\u0161a generala Zamana\" src=\"https:\/\/live.staticflickr.com\/65535\/54444822181_f4935c93ef_h.jpg\" data-layer=\"&lt;div class=&#039;morh-gallery-image-download&#039;&gt;&lt;a href=&#039;https:\/\/live.staticflickr.com\/65535\/54444822181_dd7c381b14_o.jpg&#039; target=&#039;_blank&#039;&gt;Slika za preuzimanje&lt;\/a&gt;&lt;\/div&gt;\" \/><\/a><a href=\"https:\/\/live.staticflickr.com\/65535\/54444822231_4046d2a81e_h.jpg\" title=\"Sastanak na\u010delnika GS OSRH generala Kundida i na\u010delnika sto\u017eera Kopnene vojske Banglade\u0161a generala Zamana\"><img decoding=\"async\" data-title=\"Sastanak na\u010delnika GS OSRH generala Kundida i na\u010delnika sto\u017eera Kopnene vojske Banglade\u0161a generala Zamana\" data-description=\"Na\u010delnik Glavnog sto\u017eera Oru\u017eanih snaga Republike Hrvatske general-pukovnik Tihomir Kundid odr\u017eao je 10. travnja 2025., bilateralni sastanak s na\u010delnikom sto\u017eera Kopnene vojske Narodne Republike Banglade\u0161 generalom zbora Waker uz Zamanom, koji boravi u slu\u017ebenom posjetu Republici Hrvatskoj u sklopu posjeta 8. Jadranskoj vojnoj i zrakoplovnoj izlo\u017ebi ASDA 2025 od 10. do 11. travnja 2025. General Zaman je po svojoj du\u017enosti i osobnom \u010dinu najvi\u0161i vojni predstavnik Oru\u017eanih snaga Narodne Republike Banglade\u0161 | Foto: MORH\/ J. Kopi\" alt=\"Sastanak na\u010delnika GS OSRH generala Kundida i na\u010delnika sto\u017eera Kopnene vojske Banglade\u0161a generala Zamana\" src=\"https:\/\/live.staticflickr.com\/65535\/54444822231_4046d2a81e_h.jpg\" data-layer=\"&lt;div class=&#039;morh-gallery-image-download&#039;&gt;&lt;a href=&#039;https:\/\/live.staticflickr.com\/65535\/54444822231_b6cc316504_o.jpg&#039; target=&#039;_blank&#039;&gt;Slika za preuzimanje&lt;\/a&gt;&lt;\/div&gt;\" \/><\/a><a href=\"https:\/\/live.staticflickr.com\/65535\/54444822176_7f6c77cdf5_h.jpg\" title=\"Sastanak na\u010delnika GS OSRH generala Kundida i na\u010delnika sto\u017eera Kopnene vojske Banglade\u0161a generala Zamana\"><img decoding=\"async\" data-title=\"Sastanak na\u010delnika GS OSRH generala Kundida i na\u010delnika sto\u017eera Kopnene vojske Banglade\u0161a generala Zamana\" data-description=\"Na\u010delnik Glavnog sto\u017eera Oru\u017eanih snaga Republike Hrvatske general-pukovnik Tihomir Kundid odr\u017eao je 10. travnja 2025., bilateralni sastanak s na\u010delnikom sto\u017eera Kopnene vojske Narodne Republike Banglade\u0161 generalom zbora Waker uz Zamanom, koji boravi u slu\u017ebenom posjetu Republici Hrvatskoj u sklopu posjeta 8. Jadranskoj vojnoj i zrakoplovnoj izlo\u017ebi ASDA 2025 od 10. do 11. travnja 2025. General Zaman je po svojoj du\u017enosti i osobnom \u010dinu najvi\u0161i vojni predstavnik Oru\u017eanih snaga Narodne Republike Banglade\u0161 | Foto: MORH\/ J. Kopi\" alt=\"Sastanak na\u010delnika GS OSRH generala Kundida i na\u010delnika sto\u017eera Kopnene vojske Banglade\u0161a generala Zamana\" src=\"https:\/\/live.staticflickr.com\/65535\/54444822176_7f6c77cdf5_h.jpg\" data-layer=\"&lt;div class=&#039;morh-gallery-image-download&#039;&gt;&lt;a href=&#039;https:\/\/live.staticflickr.com\/65535\/54444822176_f97109a6ee_o.jpg&#039; target=&#039;_blank&#039;&gt;Slika za preuzimanje&lt;\/a&gt;&lt;\/div&gt;\" \/><\/a><a href=\"https:\/\/live.staticflickr.com\/65535\/54444822136_95b112e967_h.jpg\" title=\"Sastanak na\u010delnika GS OSRH generala Kundida i na\u010delnika sto\u017eera Kopnene vojske Banglade\u0161a generala Zamana\"><img decoding=\"async\" data-title=\"Sastanak na\u010delnika GS OSRH generala Kundida i na\u010delnika sto\u017eera Kopnene vojske Banglade\u0161a generala Zamana\" data-description=\"Na\u010delnik Glavnog sto\u017eera Oru\u017eanih snaga Republike Hrvatske general-pukovnik Tihomir Kundid odr\u017eao je 10. travnja 2025., bilateralni sastanak s na\u010delnikom sto\u017eera Kopnene vojske Narodne Republike Banglade\u0161 generalom zbora Waker uz Zamanom, koji boravi u slu\u017ebenom posjetu Republici Hrvatskoj u sklopu posjeta 8. Jadranskoj vojnoj i zrakoplovnoj izlo\u017ebi ASDA 2025 od 10. do 11. travnja 2025. General Zaman je po svojoj du\u017enosti i osobnom \u010dinu najvi\u0161i vojni predstavnik Oru\u017eanih snaga Narodne Republike Banglade\u0161 | Foto: MORH\/ J. Kopi\" alt=\"Sastanak na\u010delnika GS OSRH generala Kundida i na\u010delnika sto\u017eera Kopnene vojske Banglade\u0161a generala Zamana\" src=\"https:\/\/live.staticflickr.com\/65535\/54444822136_95b112e967_h.jpg\" data-layer=\"&lt;div class=&#039;morh-gallery-image-download&#039;&gt;&lt;a href=&#039;https:\/\/live.staticflickr.com\/65535\/54444822136_d24f3663d4_o.jpg&#039; target=&#039;_blank&#039;&gt;Slika za preuzimanje&lt;\/a&gt;&lt;\/div&gt;\" \/><\/a><a href=\"https:\/\/live.staticflickr.com\/65535\/54444822161_0bc80804fe_h.jpg\" title=\"Sastanak na\u010delnika GS OSRH generala Kundida i na\u010delnika sto\u017eera Kopnene vojske Banglade\u0161a generala Zamana\"><img decoding=\"async\" data-title=\"Sastanak na\u010delnika GS OSRH generala Kundida i na\u010delnika sto\u017eera Kopnene vojske Banglade\u0161a generala Zamana\" data-description=\"Na\u010delnik Glavnog sto\u017eera Oru\u017eanih snaga Republike Hrvatske general-pukovnik Tihomir Kundid odr\u017eao je 10. travnja 2025., bilateralni sastanak s na\u010delnikom sto\u017eera Kopnene vojske Narodne Republike Banglade\u0161 generalom zbora Waker uz Zamanom, koji boravi u slu\u017ebenom posjetu Republici Hrvatskoj u sklopu posjeta 8. Jadranskoj vojnoj i zrakoplovnoj izlo\u017ebi ASDA 2025 od 10. do 11. travnja 2025. General Zaman je po svojoj du\u017enosti i osobnom \u010dinu najvi\u0161i vojni predstavnik Oru\u017eanih snaga Narodne Republike Banglade\u0161 | Foto: MORH\/ J. Kopi\" alt=\"Sastanak na\u010delnika GS OSRH generala Kundida i na\u010delnika sto\u017eera Kopnene vojske Banglade\u0161a generala Zamana\" src=\"https:\/\/live.staticflickr.com\/65535\/54444822161_0bc80804fe_h.jpg\" data-layer=\"&lt;div class=&#039;morh-gallery-image-download&#039;&gt;&lt;a href=&#039;https:\/\/live.staticflickr.com\/65535\/54444822161_2acd08a28f_o.jpg&#039; target=&#039;_blank&#039;&gt;Slika za preuzimanje&lt;\/a&gt;&lt;\/div&gt;\" \/><\/a><a href=\"https:\/\/live.staticflickr.com\/65535\/54445189365_521fe10ac5_h.jpg\" title=\"Sastanak na\u010delnika GS OSRH generala Kundida i na\u010delnika sto\u017eera Kopnene vojske Banglade\u0161a generala Zamana\"><img decoding=\"async\" data-title=\"Sastanak na\u010delnika GS OSRH generala Kundida i na\u010delnika sto\u017eera Kopnene vojske Banglade\u0161a generala Zamana\" data-description=\"Na\u010delnik Glavnog sto\u017eera Oru\u017eanih snaga Republike Hrvatske general-pukovnik Tihomir Kundid odr\u017eao je 10. travnja 2025., bilateralni sastanak s na\u010delnikom sto\u017eera Kopnene vojske Narodne Republike Banglade\u0161 generalom zbora Waker uz Zamanom, koji boravi u slu\u017ebenom posjetu Republici Hrvatskoj u sklopu posjeta 8. Jadranskoj vojnoj i zrakoplovnoj izlo\u017ebi ASDA 2025 od 10. do 11. travnja 2025. General Zaman je po svojoj du\u017enosti i osobnom \u010dinu najvi\u0161i vojni predstavnik Oru\u017eanih snaga Narodne Republike Banglade\u0161 | Foto: MORH\/ J. Kopi\" alt=\"Sastanak na\u010delnika GS OSRH generala Kundida i na\u010delnika sto\u017eera Kopnene vojske Banglade\u0161a generala Zamana\" src=\"https:\/\/live.staticflickr.com\/65535\/54445189365_521fe10ac5_h.jpg\" data-layer=\"&lt;div class=&#039;morh-gallery-image-download&#039;&gt;&lt;a href=&#039;https:\/\/live.staticflickr.com\/65535\/54445189365_11bc51886a_o.jpg&#039; target=&#039;_blank&#039;&gt;Slika za preuzimanje&lt;\/a&gt;&lt;\/div&gt;\" \/><\/a><a href=\"https:\/\/live.staticflickr.com\/65535\/54444822041_6cabc60494_h.jpg\" title=\"Sastanak na\u010delnika GS OSRH generala Kundida i na\u010delnika sto\u017eera Kopnene vojske Banglade\u0161a generala Zamana\"><img decoding=\"async\" data-title=\"Sastanak na\u010delnika GS OSRH generala Kundida i na\u010delnika sto\u017eera Kopnene vojske Banglade\u0161a generala Zamana\" data-description=\"Na\u010delnik Glavnog sto\u017eera Oru\u017eanih snaga Republike Hrvatske general-pukovnik Tihomir Kundid odr\u017eao je 10. travnja 2025., bilateralni sastanak s na\u010delnikom sto\u017eera Kopnene vojske Narodne Republike Banglade\u0161 generalom zbora Waker uz Zamanom, koji boravi u slu\u017ebenom posjetu Republici Hrvatskoj u sklopu posjeta 8. Jadranskoj vojnoj i zrakoplovnoj izlo\u017ebi ASDA 2025 od 10. do 11. travnja 2025. General Zaman je po svojoj du\u017enosti i osobnom \u010dinu najvi\u0161i vojni predstavnik Oru\u017eanih snaga Narodne Republike Banglade\u0161 | Foto: MORH\/ J. Kopi\" alt=\"Sastanak na\u010delnika GS OSRH generala Kundida i na\u010delnika sto\u017eera Kopnene vojske Banglade\u0161a generala Zamana\" src=\"https:\/\/live.staticflickr.com\/65535\/54444822041_6cabc60494_h.jpg\" data-layer=\"&lt;div class=&#039;morh-gallery-image-download&#039;&gt;&lt;a href=&#039;https:\/\/live.staticflickr.com\/65535\/54444822041_aaeb4c872f_o.jpg&#039; target=&#039;_blank&#039;&gt;Slika za preuzimanje&lt;\/a&gt;&lt;\/div&gt;\" \/><\/a><a href=\"https:\/\/live.staticflickr.com\/65535\/54445007924_0731c186b1_h.jpg\" title=\"Sastanak na\u010delnika GS OSRH generala Kundida i na\u010delnika sto\u017eera Kopnene vojske Banglade\u0161a generala Zamana\"><img decoding=\"async\" data-title=\"Sastanak na\u010delnika GS OSRH generala Kundida i na\u010delnika sto\u017eera Kopnene vojske Banglade\u0161a generala Zamana\" data-description=\"Na\u010delnik Glavnog sto\u017eera Oru\u017eanih snaga Republike Hrvatske general-pukovnik Tihomir Kundid odr\u017eao je 10. travnja 2025., bilateralni sastanak s na\u010delnikom sto\u017eera Kopnene vojske Narodne Republike Banglade\u0161 generalom zbora Waker uz Zamanom, koji boravi u slu\u017ebenom posjetu Republici Hrvatskoj u sklopu posjeta 8. Jadranskoj vojnoj i zrakoplovnoj izlo\u017ebi ASDA 2025 od 10. do 11. travnja 2025. General Zaman je po svojoj du\u017enosti i osobnom \u010dinu najvi\u0161i vojni predstavnik Oru\u017eanih snaga Narodne Republike Banglade\u0161 | Foto: MORH\/ J. Kopi\" alt=\"Sastanak na\u010delnika GS OSRH generala Kundida i na\u010delnika sto\u017eera Kopnene vojske Banglade\u0161a generala Zamana\" src=\"https:\/\/live.staticflickr.com\/65535\/54445007924_0731c186b1_h.jpg\" data-layer=\"&lt;div class=&#039;morh-gallery-image-download&#039;&gt;&lt;a href=&#039;https:\/\/live.staticflickr.com\/65535\/54445007924_161f0e4c23_o.jpg&#039; target=&#039;_blank&#039;&gt;Slika za preuzimanje&lt;\/a&gt;&lt;\/div&gt;\" \/><\/a><a href=\"https:\/\/live.staticflickr.com\/65535\/54444822056_708076d34d_h.jpg\" title=\"Sastanak na\u010delnika GS OSRH generala Kundida i na\u010delnika sto\u017eera Kopnene vojske Banglade\u0161a generala Zamana\"><img decoding=\"async\" data-title=\"Sastanak na\u010delnika GS OSRH generala Kundida i na\u010delnika sto\u017eera Kopnene vojske Banglade\u0161a generala Zamana\" data-description=\"Na\u010delnik Glavnog sto\u017eera Oru\u017eanih snaga Republike Hrvatske general-pukovnik Tihomir Kundid odr\u017eao je 10. travnja 2025., bilateralni sastanak s na\u010delnikom sto\u017eera Kopnene vojske Narodne Republike Banglade\u0161 generalom zbora Waker uz Zamanom, koji boravi u slu\u017ebenom posjetu Republici Hrvatskoj u sklopu posjeta 8. Jadranskoj vojnoj i zrakoplovnoj izlo\u017ebi ASDA 2025 od 10. do 11. travnja 2025. General Zaman je po svojoj du\u017enosti i osobnom \u010dinu najvi\u0161i vojni predstavnik Oru\u017eanih snaga Narodne Republike Banglade\u0161 | Foto: MORH\/ J. Kopi\" alt=\"Sastanak na\u010delnika GS OSRH generala Kundida i na\u010delnika sto\u017eera Kopnene vojske Banglade\u0161a generala Zamana\" src=\"https:\/\/live.staticflickr.com\/65535\/54444822056_708076d34d_h.jpg\" data-layer=\"&lt;div class=&#039;morh-gallery-image-download&#039;&gt;&lt;a href=&#039;https:\/\/live.staticflickr.com\/65535\/54444822056_bc618d3dba_o.jpg&#039; target=&#039;_blank&#039;&gt;Slika za preuzimanje&lt;\/a&gt;&lt;\/div&gt;\" \/><\/a><a href=\"https:\/\/live.staticflickr.com\/65535\/54443960152_32a2675a27_h.jpg\" title=\"Sastanak na\u010delnika GS OSRH generala Kundida i na\u010delnika sto\u017eera Kopnene vojske Banglade\u0161a generala Zamana\"><img decoding=\"async\" data-title=\"Sastanak na\u010delnika GS OSRH generala Kundida i na\u010delnika sto\u017eera Kopnene vojske Banglade\u0161a generala Zamana\" data-description=\"Na\u010delnik Glavnog sto\u017eera Oru\u017eanih snaga Republike Hrvatske general-pukovnik Tihomir Kundid odr\u017eao je 10. travnja 2025., bilateralni sastanak s na\u010delnikom sto\u017eera Kopnene vojske Narodne Republike Banglade\u0161 generalom zbora Waker uz Zamanom, koji boravi u slu\u017ebenom posjetu Republici Hrvatskoj u sklopu posjeta 8. Jadranskoj vojnoj i zrakoplovnoj izlo\u017ebi ASDA 2025 od 10. do 11. travnja 2025. General Zaman je po svojoj du\u017enosti i osobnom \u010dinu najvi\u0161i vojni predstavnik Oru\u017eanih snaga Narodne Republike Banglade\u0161 | Foto: MORH\/ J. Kopi\" alt=\"Sastanak na\u010delnika GS OSRH generala Kundida i na\u010delnika sto\u017eera Kopnene vojske Banglade\u0161a generala Zamana\" src=\"https:\/\/live.staticflickr.com\/65535\/54443960152_32a2675a27_h.jpg\" data-layer=\"&lt;div class=&#039;morh-gallery-image-download&#039;&gt;&lt;a href=&#039;https:\/\/live.staticflickr.com\/65535\/54443960152_e10192eb5a_o.jpg&#039; target=&#039;_blank&#039;&gt;Slika za preuzimanje&lt;\/a&gt;&lt;\/div&gt;\" \/><\/a><a href=\"https:\/\/live.staticflickr.com\/65535\/54444821986_a32e0a044d_h.jpg\" title=\"Sastanak na\u010delnika GS OSRH generala Kundida i na\u010delnika sto\u017eera Kopnene vojske Banglade\u0161a generala Zamana\"><img decoding=\"async\" data-title=\"Sastanak na\u010delnika GS OSRH generala Kundida i na\u010delnika sto\u017eera Kopnene vojske Banglade\u0161a generala Zamana\" data-description=\"Na\u010delnik Glavnog sto\u017eera Oru\u017eanih snaga Republike Hrvatske general-pukovnik Tihomir Kundid odr\u017eao je 10. travnja 2025., bilateralni sastanak s na\u010delnikom sto\u017eera Kopnene vojske Narodne Republike Banglade\u0161 generalom zbora Waker uz Zamanom, koji boravi u slu\u017ebenom posjetu Republici Hrvatskoj u sklopu posjeta 8. Jadranskoj vojnoj i zrakoplovnoj izlo\u017ebi ASDA 2025 od 10. do 11. travnja 2025. General Zaman je po svojoj du\u017enosti i osobnom \u010dinu najvi\u0161i vojni predstavnik Oru\u017eanih snaga Narodne Republike Banglade\u0161 | Foto: MORH\/ J. Kopi\" alt=\"Sastanak na\u010delnika GS OSRH generala Kundida i na\u010delnika sto\u017eera Kopnene vojske Banglade\u0161a generala Zamana\" src=\"https:\/\/live.staticflickr.com\/65535\/54444821986_a32e0a044d_h.jpg\" data-layer=\"&lt;div class=&#039;morh-gallery-image-download&#039;&gt;&lt;a href=&#039;https:\/\/live.staticflickr.com\/65535\/54444821986_f2a6631d65_o.jpg&#039; target=&#039;_blank&#039;&gt;Slika za preuzimanje&lt;\/a&gt;&lt;\/div&gt;\" \/><\/a><a href=\"https:\/\/live.staticflickr.com\/65535\/54445007789_ef18590ef3_h.jpg\" title=\"Sastanak na\u010delnika GS OSRH generala Kundida i na\u010delnika sto\u017eera Kopnene vojske Banglade\u0161a generala Zamana\"><img decoding=\"async\" data-title=\"Sastanak na\u010delnika GS OSRH generala Kundida i na\u010delnika sto\u017eera Kopnene vojske Banglade\u0161a generala Zamana\" data-description=\"Na\u010delnik Glavnog sto\u017eera Oru\u017eanih snaga Republike Hrvatske general-pukovnik Tihomir Kundid odr\u017eao je 10. travnja 2025., bilateralni sastanak s na\u010delnikom sto\u017eera Kopnene vojske Narodne Republike Banglade\u0161 generalom zbora Waker uz Zamanom, koji boravi u slu\u017ebenom posjetu Republici Hrvatskoj u sklopu posjeta 8. Jadranskoj vojnoj i zrakoplovnoj izlo\u017ebi ASDA 2025 od 10. do 11. travnja 2025. General Zaman je po svojoj du\u017enosti i osobnom \u010dinu najvi\u0161i vojni predstavnik Oru\u017eanih snaga Narodne Republike Banglade\u0161 | Foto: MORH\/ J. Kopi\" alt=\"Sastanak na\u010delnika GS OSRH generala Kundida i na\u010delnika sto\u017eera Kopnene vojske Banglade\u0161a generala Zamana\" src=\"https:\/\/live.staticflickr.com\/65535\/54445007789_ef18590ef3_h.jpg\" data-layer=\"&lt;div class=&#039;morh-gallery-image-download&#039;&gt;&lt;a href=&#039;https:\/\/live.staticflickr.com\/65535\/54445007789_12f514e244_o.jpg&#039; target=&#039;_blank&#039;&gt;Slika za preuzimanje&lt;\/a&gt;&lt;\/div&gt;\" \/><\/a><a href=\"https:\/\/live.staticflickr.com\/65535\/54445189215_06f95511ee_h.jpg\" title=\"Sastanak na\u010delnika GS OSRH generala Kundida i na\u010delnika sto\u017eera Kopnene vojske Banglade\u0161a generala Zamana\"><img decoding=\"async\" data-title=\"Sastanak na\u010delnika GS OSRH generala Kundida i na\u010delnika sto\u017eera Kopnene vojske Banglade\u0161a generala Zamana\" data-description=\"Na\u010delnik Glavnog sto\u017eera Oru\u017eanih snaga Republike Hrvatske general-pukovnik Tihomir Kundid odr\u017eao je 10. travnja 2025., bilateralni sastanak s na\u010delnikom sto\u017eera Kopnene vojske Narodne Republike Banglade\u0161 generalom zbora Waker uz Zamanom, koji boravi u slu\u017ebenom posjetu Republici Hrvatskoj u sklopu posjeta 8. Jadranskoj vojnoj i zrakoplovnoj izlo\u017ebi ASDA 2025 od 10. do 11. travnja 2025. General Zaman je po svojoj du\u017enosti i osobnom \u010dinu najvi\u0161i vojni predstavnik Oru\u017eanih snaga Narodne Republike Banglade\u0161 | Foto: MORH\/ J. Kopi\" alt=\"Sastanak na\u010delnika GS OSRH generala Kundida i na\u010delnika sto\u017eera Kopnene vojske Banglade\u0161a generala Zamana\" src=\"https:\/\/live.staticflickr.com\/65535\/54445189215_06f95511ee_h.jpg\" data-layer=\"&lt;div class=&#039;morh-gallery-image-download&#039;&gt;&lt;a href=&#039;https:\/\/live.staticflickr.com\/65535\/54445189215_eab4bdc0cd_o.jpg&#039; target=&#039;_blank&#039;&gt;Slika za preuzimanje&lt;\/a&gt;&lt;\/div&gt;\" \/><\/a><a href=\"https:\/\/live.staticflickr.com\/65535\/54445060238_8edeb10ecf_h.jpg\" title=\"Sastanak na\u010delnika GS OSRH generala Kundida i na\u010delnika sto\u017eera Kopnene vojske Banglade\u0161a generala Zamana\"><img decoding=\"async\" data-title=\"Sastanak na\u010delnika GS OSRH generala Kundida i na\u010delnika sto\u017eera Kopnene vojske Banglade\u0161a generala Zamana\" data-description=\"Na\u010delnik Glavnog sto\u017eera Oru\u017eanih snaga Republike Hrvatske general-pukovnik Tihomir Kundid odr\u017eao je 10. travnja 2025., bilateralni sastanak s na\u010delnikom sto\u017eera Kopnene vojske Narodne Republike Banglade\u0161 generalom zbora Waker uz Zamanom, koji boravi u slu\u017ebenom posjetu Republici Hrvatskoj u sklopu posjeta 8. Jadranskoj vojnoj i zrakoplovnoj izlo\u017ebi ASDA 2025 od 10. do 11. travnja 2025. General Zaman je po svojoj du\u017enosti i osobnom \u010dinu najvi\u0161i vojni predstavnik Oru\u017eanih snaga Narodne Republike Banglade\u0161 | Foto: MORH\/ J. Kopi\" alt=\"Sastanak na\u010delnika GS OSRH generala Kundida i na\u010delnika sto\u017eera Kopnene vojske Banglade\u0161a generala Zamana\" src=\"https:\/\/live.staticflickr.com\/65535\/54445060238_8edeb10ecf_h.jpg\" data-layer=\"&lt;div class=&#039;morh-gallery-image-download&#039;&gt;&lt;a href=&#039;https:\/\/live.staticflickr.com\/65535\/54445060238_be76f769b7_o.jpg&#039; target=&#039;_blank&#039;&gt;Slika za preuzimanje&lt;\/a&gt;&lt;\/div&gt;\" \/><\/a><\/div><!--\/.morh-galleria -->\n","protected":false},"excerpt":{"rendered":"<p>The meeting discussions focused on bilateral defence cooperation between the two countries<\/p>\n","protected":false},"author":4699,"featured_media":253559,"comment_status":"closed","ping_status":"closed","sticky":false,"template":"","format":"standard","meta":{"_acf_changed":false,"_monsterinsights_skip_tracking":false,"_monsterinsights_sitenote_active":false,"_monsterinsights_sitenote_note":"","_monsterinsights_sitenote_category":0,"footnotes":""},"categories":[117],"tags":[],"class_list":["post-257694","post","type-post","status-publish","format-standard","has-post-thumbnail","hentry","category-press-releases"],"acf":[],"yoast_head":"<!-- This site is optimized with the Yoast SEO plugin v26.9 - https:\/\/yoast.com\/product\/yoast-seo-wordpress\/ -->\n<title>Meeting held between Chief of the CAF General Staff General Kundid and Chief of the Army Staff of the Bangladesh Army General Zaman - MORH<\/title>\n<meta name=\"description\" content=\"The meeting discussions focused on bilateral defence cooperation between the two countries\" \/>\n<meta name=\"robots\" content=\"index, follow, max-snippet:-1, max-image-preview:large, max-video-preview:-1\" \/>\n<link rel=\"canonical\" href=\"https:\/\/www.morh.hr\/en\/meeting-held-between-chief-of-the-caf-general-staff-general-kundid-and-chief-of-the-army-staff-of-the-bangladesh-army-general-zaman\/\" \/>\n<meta property=\"og:locale\" content=\"en_US\" \/>\n<meta property=\"og:type\" content=\"article\" \/>\n<meta property=\"og:title\" content=\"Meeting held between Chief of the CAF General Staff General Kundid and Chief of the Army Staff of the Bangladesh Army General Zaman - MORH\" \/>\n<meta property=\"og:description\" content=\"The meeting discussions focused on bilateral defence cooperation between the two countries\" \/>\n<meta property=\"og:url\" content=\"https:\/\/www.morh.hr\/en\/meeting-held-between-chief-of-the-caf-general-staff-general-kundid-and-chief-of-the-army-staff-of-the-bangladesh-army-general-zaman\/\" \/>\n<meta property=\"og:site_name\" content=\"MORH\" \/>\n<meta property=\"article:publisher\" content=\"https:\/\/www.facebook.com\/sportasiuhrvatskojvojsci\/\" \/>\n<meta property=\"article:published_time\" content=\"2025-04-11T07:03:25+00:00\" \/>\n<meta property=\"article:modified_time\" content=\"2025-07-28T07:10:36+00:00\" \/>\n<meta property=\"og:image\" content=\"https:\/\/www.morh.hr\/wp-content\/uploads\/2025\/04\/2025-04-11-nacelnik-gs-osrh-i-nacelnik-stozera-kopnene-vojske-bangladesa.jpg\" \/>\n\t<meta property=\"og:image:width\" content=\"2400\" \/>\n\t<meta property=\"og:image:height\" content=\"1600\" \/>\n\t<meta property=\"og:image:type\" content=\"image\/jpeg\" \/>\n<meta name=\"author\" content=\"Mladen\" \/>\n<meta name=\"twitter:card\" content=\"summary_large_image\" \/>\n<meta name=\"twitter:creator\" content=\"@morh_osrh\" \/>\n<meta name=\"twitter:site\" content=\"@morh_osrh\" \/>\n<meta name=\"twitter:label1\" content=\"Written by\" \/>\n\t<meta name=\"twitter:data1\" content=\"Mladen\" \/>\n\t<meta name=\"twitter:label2\" content=\"Est. reading time\" \/>\n\t<meta name=\"twitter:data2\" content=\"2 minutes\" \/>\n<script type=\"application\/ld+json\" class=\"yoast-schema-graph\">{\"@context\":\"https:\/\/schema.org\",\"@graph\":[{\"@type\":\"Article\",\"@id\":\"https:\/\/www.morh.hr\/en\/meeting-held-between-chief-of-the-caf-general-staff-general-kundid-and-chief-of-the-army-staff-of-the-bangladesh-army-general-zaman\/#article\",\"isPartOf\":{\"@id\":\"https:\/\/www.morh.hr\/en\/meeting-held-between-chief-of-the-caf-general-staff-general-kundid-and-chief-of-the-army-staff-of-the-bangladesh-army-general-zaman\/\"},\"author\":{\"name\":\"Mladen\",\"@id\":\"https:\/\/www.morh.hr\/en\/#\/schema\/person\/ec8e2528a579067d8bda0ae2124ac768\"},\"headline\":\"Meeting held between Chief of the CAF General Staff General Kundid and Chief of the Army Staff of the Bangladesh Army General Zaman\",\"datePublished\":\"2025-04-11T07:03:25+00:00\",\"dateModified\":\"2025-07-28T07:10:36+00:00\",\"mainEntityOfPage\":{\"@id\":\"https:\/\/www.morh.hr\/en\/meeting-held-between-chief-of-the-caf-general-staff-general-kundid-and-chief-of-the-army-staff-of-the-bangladesh-army-general-zaman\/\"},\"wordCount\":329,\"image\":{\"@id\":\"https:\/\/www.morh.hr\/en\/meeting-held-between-chief-of-the-caf-general-staff-general-kundid-and-chief-of-the-army-staff-of-the-bangladesh-army-general-zaman\/#primaryimage\"},\"thumbnailUrl\":\"https:\/\/www.morh.hr\/wp-content\/uploads\/2025\/04\/2025-04-11-nacelnik-gs-osrh-i-nacelnik-stozera-kopnene-vojske-bangladesa.jpg\",\"articleSection\":[\"Press releases\"],\"inLanguage\":\"en-US\"},{\"@type\":\"WebPage\",\"@id\":\"https:\/\/www.morh.hr\/en\/meeting-held-between-chief-of-the-caf-general-staff-general-kundid-and-chief-of-the-army-staff-of-the-bangladesh-army-general-zaman\/\",\"url\":\"https:\/\/www.morh.hr\/en\/meeting-held-between-chief-of-the-caf-general-staff-general-kundid-and-chief-of-the-army-staff-of-the-bangladesh-army-general-zaman\/\",\"name\":\"Meeting held between Chief of the CAF General Staff General Kundid and Chief of the Army Staff of the Bangladesh Army General Zaman - MORH\",\"isPartOf\":{\"@id\":\"https:\/\/www.morh.hr\/en\/#website\"},\"primaryImageOfPage\":{\"@id\":\"https:\/\/www.morh.hr\/en\/meeting-held-between-chief-of-the-caf-general-staff-general-kundid-and-chief-of-the-army-staff-of-the-bangladesh-army-general-zaman\/#primaryimage\"},\"image\":{\"@id\":\"https:\/\/www.morh.hr\/en\/meeting-held-between-chief-of-the-caf-general-staff-general-kundid-and-chief-of-the-army-staff-of-the-bangladesh-army-general-zaman\/#primaryimage\"},\"thumbnailUrl\":\"https:\/\/www.morh.hr\/wp-content\/uploads\/2025\/04\/2025-04-11-nacelnik-gs-osrh-i-nacelnik-stozera-kopnene-vojske-bangladesa.jpg\",\"datePublished\":\"2025-04-11T07:03:25+00:00\",\"dateModified\":\"2025-07-28T07:10:36+00:00\",\"author\":{\"@id\":\"https:\/\/www.morh.hr\/en\/#\/schema\/person\/ec8e2528a579067d8bda0ae2124ac768\"},\"description\":\"The meeting discussions focused on bilateral defence cooperation between the two countries\",\"breadcrumb\":{\"@id\":\"https:\/\/www.morh.hr\/en\/meeting-held-between-chief-of-the-caf-general-staff-general-kundid-and-chief-of-the-army-staff-of-the-bangladesh-army-general-zaman\/#breadcrumb\"},\"inLanguage\":\"en-US\",\"potentialAction\":[{\"@type\":\"ReadAction\",\"target\":[\"https:\/\/www.morh.hr\/en\/meeting-held-between-chief-of-the-caf-general-staff-general-kundid-and-chief-of-the-army-staff-of-the-bangladesh-army-general-zaman\/\"]}]},{\"@type\":\"ImageObject\",\"inLanguage\":\"en-US\",\"@id\":\"https:\/\/www.morh.hr\/en\/meeting-held-between-chief-of-the-caf-general-staff-general-kundid-and-chief-of-the-army-staff-of-the-bangladesh-army-general-zaman\/#primaryimage\",\"url\":\"https:\/\/www.morh.hr\/wp-content\/uploads\/2025\/04\/2025-04-11-nacelnik-gs-osrh-i-nacelnik-stozera-kopnene-vojske-bangladesa.jpg\",\"contentUrl\":\"https:\/\/www.morh.hr\/wp-content\/uploads\/2025\/04\/2025-04-11-nacelnik-gs-osrh-i-nacelnik-stozera-kopnene-vojske-bangladesa.jpg\",\"width\":2400,\"height\":1600,\"caption\":\"Sastanak na\u010delnika GS OSRH generala Kundida i na\u010delnika sto\u017eera Kopnene vojske Banglade\u0161a generala Zamana | Foto: MORH\/ J. Kopi\"},{\"@type\":\"BreadcrumbList\",\"@id\":\"https:\/\/www.morh.hr\/en\/meeting-held-between-chief-of-the-caf-general-staff-general-kundid-and-chief-of-the-army-staff-of-the-bangladesh-army-general-zaman\/#breadcrumb\",\"itemListElement\":[{\"@type\":\"ListItem\",\"position\":1,\"name\":\"Naslovnica\",\"item\":\"https:\/\/www.morh.hr\/en\/\"},{\"@type\":\"ListItem\",\"position\":2,\"name\":\"News\",\"item\":\"https:\/\/www.morh.hr\/en\/kategorija\/news\/\"},{\"@type\":\"ListItem\",\"position\":3,\"name\":\"Press releases\",\"item\":\"https:\/\/www.morh.hr\/en\/kategorija\/news\/press-releases\/\"},{\"@type\":\"ListItem\",\"position\":4,\"name\":\"Meeting held between Chief of the CAF General Staff General Kundid and Chief of the Army Staff of the Bangladesh Army General Zaman\"}]},{\"@type\":\"WebSite\",\"@id\":\"https:\/\/www.morh.hr\/en\/#website\",\"url\":\"https:\/\/www.morh.hr\/en\/\",\"name\":\"MORH\",\"description\":\"Ministarstvo obrane Republike Hrvatske - slu\u017ebene stranice\",\"potentialAction\":[{\"@type\":\"SearchAction\",\"target\":{\"@type\":\"EntryPoint\",\"urlTemplate\":\"https:\/\/www.morh.hr\/en\/?s={search_term_string}\"},\"query-input\":{\"@type\":\"PropertyValueSpecification\",\"valueRequired\":true,\"valueName\":\"search_term_string\"}}],\"inLanguage\":\"en-US\"},{\"@type\":\"Person\",\"@id\":\"https:\/\/www.morh.hr\/en\/#\/schema\/person\/ec8e2528a579067d8bda0ae2124ac768\",\"name\":\"Mladen\",\"image\":{\"@type\":\"ImageObject\",\"inLanguage\":\"en-US\",\"@id\":\"https:\/\/www.morh.hr\/en\/#\/schema\/person\/image\/\",\"url\":\"https:\/\/secure.gravatar.com\/avatar\/3d5ea7ca0d0a523cf2ec98548db52f920a5f6bbfd2c1aa63d237c2f445528cf7?s=96&d=mm&r=g\",\"contentUrl\":\"https:\/\/secure.gravatar.com\/avatar\/3d5ea7ca0d0a523cf2ec98548db52f920a5f6bbfd2c1aa63d237c2f445528cf7?s=96&d=mm&r=g\",\"caption\":\"Mladen\"}}]}<\/script>\n<!-- \/ Yoast SEO plugin. -->","yoast_head_json":{"title":"Meeting held between Chief of the CAF General Staff General Kundid and Chief of the Army Staff of the Bangladesh Army General Zaman - MORH","description":"The meeting discussions focused on bilateral defence cooperation between the two countries","robots":{"index":"index","follow":"follow","max-snippet":"max-snippet:-1","max-image-preview":"max-image-preview:large","max-video-preview":"max-video-preview:-1"},"canonical":"https:\/\/www.morh.hr\/en\/meeting-held-between-chief-of-the-caf-general-staff-general-kundid-and-chief-of-the-army-staff-of-the-bangladesh-army-general-zaman\/","og_locale":"en_US","og_type":"article","og_title":"Meeting held between Chief of the CAF General Staff General Kundid and Chief of the Army Staff of the Bangladesh Army General Zaman - MORH","og_description":"The meeting discussions focused on bilateral defence cooperation between the two countries","og_url":"https:\/\/www.morh.hr\/en\/meeting-held-between-chief-of-the-caf-general-staff-general-kundid-and-chief-of-the-army-staff-of-the-bangladesh-army-general-zaman\/","og_site_name":"MORH","article_publisher":"https:\/\/www.facebook.com\/sportasiuhrvatskojvojsci\/","article_published_time":"2025-04-11T07:03:25+00:00","article_modified_time":"2025-07-28T07:10:36+00:00","og_image":[{"width":2400,"height":1600,"url":"https:\/\/www.morh.hr\/wp-content\/uploads\/2025\/04\/2025-04-11-nacelnik-gs-osrh-i-nacelnik-stozera-kopnene-vojske-bangladesa.jpg","type":"image\/jpeg"}],"author":"Mladen","twitter_card":"summary_large_image","twitter_creator":"@morh_osrh","twitter_site":"@morh_osrh","twitter_misc":{"Written by":"Mladen","Est. reading time":"2 minutes"},"schema":{"@context":"https:\/\/schema.org","@graph":[{"@type":"Article","@id":"https:\/\/www.morh.hr\/en\/meeting-held-between-chief-of-the-caf-general-staff-general-kundid-and-chief-of-the-army-staff-of-the-bangladesh-army-general-zaman\/#article","isPartOf":{"@id":"https:\/\/www.morh.hr\/en\/meeting-held-between-chief-of-the-caf-general-staff-general-kundid-and-chief-of-the-army-staff-of-the-bangladesh-army-general-zaman\/"},"author":{"name":"Mladen","@id":"https:\/\/www.morh.hr\/en\/#\/schema\/person\/ec8e2528a579067d8bda0ae2124ac768"},"headline":"Meeting held between Chief of the CAF General Staff General Kundid and Chief of the Army Staff of the Bangladesh Army General Zaman","datePublished":"2025-04-11T07:03:25+00:00","dateModified":"2025-07-28T07:10:36+00:00","mainEntityOfPage":{"@id":"https:\/\/www.morh.hr\/en\/meeting-held-between-chief-of-the-caf-general-staff-general-kundid-and-chief-of-the-army-staff-of-the-bangladesh-army-general-zaman\/"},"wordCount":329,"image":{"@id":"https:\/\/www.morh.hr\/en\/meeting-held-between-chief-of-the-caf-general-staff-general-kundid-and-chief-of-the-army-staff-of-the-bangladesh-army-general-zaman\/#primaryimage"},"thumbnailUrl":"https:\/\/www.morh.hr\/wp-content\/uploads\/2025\/04\/2025-04-11-nacelnik-gs-osrh-i-nacelnik-stozera-kopnene-vojske-bangladesa.jpg","articleSection":["Press releases"],"inLanguage":"en-US"},{"@type":"WebPage","@id":"https:\/\/www.morh.hr\/en\/meeting-held-between-chief-of-the-caf-general-staff-general-kundid-and-chief-of-the-army-staff-of-the-bangladesh-army-general-zaman\/","url":"https:\/\/www.morh.hr\/en\/meeting-held-between-chief-of-the-caf-general-staff-general-kundid-and-chief-of-the-army-staff-of-the-bangladesh-army-general-zaman\/","name":"Meeting held between Chief of the CAF General Staff General Kundid and Chief of the Army Staff of the Bangladesh Army General Zaman - MORH","isPartOf":{"@id":"https:\/\/www.morh.hr\/en\/#website"},"primaryImageOfPage":{"@id":"https:\/\/www.morh.hr\/en\/meeting-held-between-chief-of-the-caf-general-staff-general-kundid-and-chief-of-the-army-staff-of-the-bangladesh-army-general-zaman\/#primaryimage"},"image":{"@id":"https:\/\/www.morh.hr\/en\/meeting-held-between-chief-of-the-caf-general-staff-general-kundid-and-chief-of-the-army-staff-of-the-bangladesh-army-general-zaman\/#primaryimage"},"thumbnailUrl":"https:\/\/www.morh.hr\/wp-content\/uploads\/2025\/04\/2025-04-11-nacelnik-gs-osrh-i-nacelnik-stozera-kopnene-vojske-bangladesa.jpg","datePublished":"2025-04-11T07:03:25+00:00","dateModified":"2025-07-28T07:10:36+00:00","author":{"@id":"https:\/\/www.morh.hr\/en\/#\/schema\/person\/ec8e2528a579067d8bda0ae2124ac768"},"description":"The meeting discussions focused on bilateral defence cooperation between the two countries","breadcrumb":{"@id":"https:\/\/www.morh.hr\/en\/meeting-held-between-chief-of-the-caf-general-staff-general-kundid-and-chief-of-the-army-staff-of-the-bangladesh-army-general-zaman\/#breadcrumb"},"inLanguage":"en-US","potentialAction":[{"@type":"ReadAction","target":["https:\/\/www.morh.hr\/en\/meeting-held-between-chief-of-the-caf-general-staff-general-kundid-and-chief-of-the-army-staff-of-the-bangladesh-army-general-zaman\/"]}]},{"@type":"ImageObject","inLanguage":"en-US","@id":"https:\/\/www.morh.hr\/en\/meeting-held-between-chief-of-the-caf-general-staff-general-kundid-and-chief-of-the-army-staff-of-the-bangladesh-army-general-zaman\/#primaryimage","url":"https:\/\/www.morh.hr\/wp-content\/uploads\/2025\/04\/2025-04-11-nacelnik-gs-osrh-i-nacelnik-stozera-kopnene-vojske-bangladesa.jpg","contentUrl":"https:\/\/www.morh.hr\/wp-content\/uploads\/2025\/04\/2025-04-11-nacelnik-gs-osrh-i-nacelnik-stozera-kopnene-vojske-bangladesa.jpg","width":2400,"height":1600,"caption":"Sastanak na\u010delnika GS OSRH generala Kundida i na\u010delnika sto\u017eera Kopnene vojske Banglade\u0161a generala Zamana | Foto: MORH\/ J. Kopi"},{"@type":"BreadcrumbList","@id":"https:\/\/www.morh.hr\/en\/meeting-held-between-chief-of-the-caf-general-staff-general-kundid-and-chief-of-the-army-staff-of-the-bangladesh-army-general-zaman\/#breadcrumb","itemListElement":[{"@type":"ListItem","position":1,"name":"Naslovnica","item":"https:\/\/www.morh.hr\/en\/"},{"@type":"ListItem","position":2,"name":"News","item":"https:\/\/www.morh.hr\/en\/kategorija\/news\/"},{"@type":"ListItem","position":3,"name":"Press releases","item":"https:\/\/www.morh.hr\/en\/kategorija\/news\/press-releases\/"},{"@type":"ListItem","position":4,"name":"Meeting held between Chief of the CAF General Staff General Kundid and Chief of the Army Staff of the Bangladesh Army General Zaman"}]},{"@type":"WebSite","@id":"https:\/\/www.morh.hr\/en\/#website","url":"https:\/\/www.morh.hr\/en\/","name":"MORH","description":"Ministarstvo obrane Republike Hrvatske - slu\u017ebene stranice","potentialAction":[{"@type":"SearchAction","target":{"@type":"EntryPoint","urlTemplate":"https:\/\/www.morh.hr\/en\/?s={search_term_string}"},"query-input":{"@type":"PropertyValueSpecification","valueRequired":true,"valueName":"search_term_string"}}],"inLanguage":"en-US"},{"@type":"Person","@id":"https:\/\/www.morh.hr\/en\/#\/schema\/person\/ec8e2528a579067d8bda0ae2124ac768","name":"Mladen","image":{"@type":"ImageObject","inLanguage":"en-US","@id":"https:\/\/www.morh.hr\/en\/#\/schema\/person\/image\/","url":"https:\/\/secure.gravatar.com\/avatar\/3d5ea7ca0d0a523cf2ec98548db52f920a5f6bbfd2c1aa63d237c2f445528cf7?s=96&d=mm&r=g","contentUrl":"https:\/\/secure.gravatar.com\/avatar\/3d5ea7ca0d0a523cf2ec98548db52f920a5f6bbfd2c1aa63d237c2f445528cf7?s=96&d=mm&r=g","caption":"Mladen"}}]}},"_links":{"self":[{"href":"https:\/\/www.morh.hr\/en\/wp-json\/wp\/v2\/posts\/257694","targetHints":{"allow":["GET"]}}],"collection":[{"href":"https:\/\/www.morh.hr\/en\/wp-json\/wp\/v2\/posts"}],"about":[{"href":"https:\/\/www.morh.hr\/en\/wp-json\/wp\/v2\/types\/post"}],"author":[{"embeddable":true,"href":"https:\/\/www.morh.hr\/en\/wp-json\/wp\/v2\/users\/4699"}],"replies":[{"embeddable":true,"href":"https:\/\/www.morh.hr\/en\/wp-json\/wp\/v2\/comments?post=257694"}],"version-history":[{"count":1,"href":"https:\/\/www.morh.hr\/en\/wp-json\/wp\/v2\/posts\/257694\/revisions"}],"predecessor-version":[{"id":257695,"href":"https:\/\/www.morh.hr\/en\/wp-json\/wp\/v2\/posts\/257694\/revisions\/257695"}],"wp:featuredmedia":[{"embeddable":true,"href":"https:\/\/www.morh.hr\/en\/wp-json\/wp\/v2\/media\/253559"}],"wp:attachment":[{"href":"https:\/\/www.morh.hr\/en\/wp-json\/wp\/v2\/media?parent=257694"}],"wp:term":[{"taxonomy":"category","embeddable":true,"href":"https:\/\/www.morh.hr\/en\/wp-json\/wp\/v2\/categories?post=257694"},{"taxonomy":"post_tag","embeddable":true,"href":"https:\/\/www.morh.hr\/en\/wp-json\/wp\/v2\/tags?post=257694"}],"curies":[{"name":"wp","href":"https:\/\/api.w.org\/{rel}","templated":true}]}}