{"id":257702,"date":"2025-04-16T09:27:49","date_gmt":"2025-04-16T07:27:49","guid":{"rendered":"https:\/\/www.morh.hr\/?p=257702"},"modified":"2025-07-28T09:31:00","modified_gmt":"2025-07-28T07:31:00","slug":"minister-anusic-meets-with-norwegian-ambassador-united-by-a-shared-commitment-to-european-security","status":"publish","type":"post","link":"https:\/\/www.morh.hr\/en\/minister-anusic-meets-with-norwegian-ambassador-united-by-a-shared-commitment-to-european-security\/","title":{"rendered":"Minister Anu\u0161i\u0107 meets with Norwegian Ambassador: United by a shared commitment to European security"},"content":{"rendered":"<p>On 16 April 2025 Croatian Deputy Prime Minister and Defence Minister Ivan Anu\u0161i\u0107 held a meeting with His Excellency Arne Sannes Bj\u00f8rnstad, Ambassador of the Kingdom of Norway, at the Croatian Ministry of Defence in Zagreb.<\/p>\n<p>Discussions focused on defence and military-technical cooperation, ongoing equipment and modernisation projects, and the current security environment in Southeast Europe.<\/p>\n<p>Although defence cooperation between Croatia and Norway is currently limited, both sides affirmed their shared interest in strengthening European and global security. The last bilateral meeting between the two defence ministers was held in 2009, and both parties expressed a commitment to revitalising and expanding their defence relationship.<\/p>\n<p>Minister Anu\u0161i\u0107 outlined current equipment procurement and modernisation projects aimed at enhancing the capabilities of the Croatian Armed Forces.<\/p>\n<p>\u201cThe disrupted security architecture in Europe has further motivated us to accelerate modernisation projects within the Croatian Armed Forces and plan increased defence investments. This year, we have already reached a defence spending level of two percent of GDP, with plans to increase this to two and a half percent by 2027. Of this, 35 percent will be allocated to equipment and modernisation, supported by a credible long-term plan,\u201d he said.<\/p>\n<p>Ambassador Bj\u00f8rnstad emphasised the mutual desire to intensify defence cooperation and strengthen bilateral relations.<\/p>\n<div class=\"morh-galleria\"><a href=\"https:\/\/live.staticflickr.com\/65535\/54456153550_ae26e48586_h.jpg\" title=\"Ministar Anu\u0161i\u0107 s veleposlanikom Kraljevine Norve\u0161ke: Dijelimo zajedni\u010dki interes za europsku sigurnost\"><img decoding=\"async\" data-title=\"Ministar Anu\u0161i\u0107 s veleposlanikom Kraljevine Norve\u0161ke: Dijelimo zajedni\u010dki interes za europsku sigurnost\" data-description=\"Potpredsjednik Vlade Republike Hrvatske i ministar obrane Ivan Anu\u0161i\u0107 sastao se danas, 16. travnja 2025., u Ministarstvu obrane RH s veleposlanikom Kraljevine Norve\u0161ke Nj. Eksc. Arneom Sannesom Bj\u00f8rnstadom | Foto: MORH\/ F. Klen\" alt=\"Ministar Anu\u0161i\u0107 s veleposlanikom Kraljevine Norve\u0161ke: Dijelimo zajedni\u010dki interes za europsku sigurnost\" src=\"https:\/\/live.staticflickr.com\/65535\/54456153550_ae26e48586_h.jpg\" data-layer=\"&lt;div class=&#039;morh-gallery-image-download&#039;&gt;&lt;a href=&#039;https:\/\/live.staticflickr.com\/65535\/54456153550_ce4d435e01_o.jpg&#039; target=&#039;_blank&#039;&gt;Slika za preuzimanje&lt;\/a&gt;&lt;\/div&gt;\" \/><\/a><a href=\"https:\/\/live.staticflickr.com\/65535\/54456153540_5b63684bb9_h.jpg\" title=\"Ministar Anu\u0161i\u0107 s veleposlanikom Kraljevine Norve\u0161ke: Dijelimo zajedni\u010dki interes za europsku sigurnost\"><img decoding=\"async\" data-title=\"Ministar Anu\u0161i\u0107 s veleposlanikom Kraljevine Norve\u0161ke: Dijelimo zajedni\u010dki interes za europsku sigurnost\" data-description=\"Potpredsjednik Vlade Republike Hrvatske i ministar obrane Ivan Anu\u0161i\u0107 sastao se danas, 16. travnja 2025., u Ministarstvu obrane RH s veleposlanikom Kraljevine Norve\u0161ke Nj. Eksc. Arneom Sannesom Bj\u00f8rnstadom | Foto: MORH\/ F. Klen\" alt=\"Ministar Anu\u0161i\u0107 s veleposlanikom Kraljevine Norve\u0161ke: Dijelimo zajedni\u010dki interes za europsku sigurnost\" src=\"https:\/\/live.staticflickr.com\/65535\/54456153540_5b63684bb9_h.jpg\" data-layer=\"&lt;div class=&#039;morh-gallery-image-download&#039;&gt;&lt;a href=&#039;https:\/\/live.staticflickr.com\/65535\/54456153540_60450d3c58_o.jpg&#039; target=&#039;_blank&#039;&gt;Slika za preuzimanje&lt;\/a&gt;&lt;\/div&gt;\" \/><\/a><a href=\"https:\/\/live.staticflickr.com\/65535\/54456047878_fa0b4a2884_h.jpg\" title=\"Ministar Anu\u0161i\u0107 s veleposlanikom Kraljevine Norve\u0161ke: Dijelimo zajedni\u010dki interes za europsku sigurnost\"><img decoding=\"async\" data-title=\"Ministar Anu\u0161i\u0107 s veleposlanikom Kraljevine Norve\u0161ke: Dijelimo zajedni\u010dki interes za europsku sigurnost\" data-description=\"Potpredsjednik Vlade Republike Hrvatske i ministar obrane Ivan Anu\u0161i\u0107 sastao se danas, 16. travnja 2025., u Ministarstvu obrane RH s veleposlanikom Kraljevine Norve\u0161ke Nj. Eksc. Arneom Sannesom Bj\u00f8rnstadom | Foto: MORH\/ F. Klen\" alt=\"Ministar Anu\u0161i\u0107 s veleposlanikom Kraljevine Norve\u0161ke: Dijelimo zajedni\u010dki interes za europsku sigurnost\" src=\"https:\/\/live.staticflickr.com\/65535\/54456047878_fa0b4a2884_h.jpg\" data-layer=\"&lt;div class=&#039;morh-gallery-image-download&#039;&gt;&lt;a href=&#039;https:\/\/live.staticflickr.com\/65535\/54456047878_825cbe9ac1_o.jpg&#039; target=&#039;_blank&#039;&gt;Slika za preuzimanje&lt;\/a&gt;&lt;\/div&gt;\" \/><\/a><\/div><!--\/.morh-galleria -->\n","protected":false},"excerpt":{"rendered":"<p>Defence Minister Ivan Anu\u0161i\u0107 meets with H. E. Arne Sannes Bj\u00f8rnstad, Ambassador of the Kingdom of Norway, at the Croatian Ministry of Defence<\/p>\n","protected":false},"author":4699,"featured_media":253659,"comment_status":"closed","ping_status":"closed","sticky":false,"template":"","format":"standard","meta":{"_acf_changed":false,"_monsterinsights_skip_tracking":false,"_monsterinsights_sitenote_active":false,"_monsterinsights_sitenote_note":"","_monsterinsights_sitenote_category":0,"footnotes":""},"categories":[117],"tags":[],"class_list":["post-257702","post","type-post","status-publish","format-standard","has-post-thumbnail","hentry","category-press-releases"],"acf":[],"yoast_head":"<!-- This site is optimized with the Yoast SEO plugin v26.9 - https:\/\/yoast.com\/product\/yoast-seo-wordpress\/ -->\n<title>Minister Anu\u0161i\u0107 meets with Norwegian Ambassador: United by a shared commitment to European security - MORH<\/title>\n<meta name=\"description\" content=\"Defence Minister Ivan Anu\u0161i\u0107 meets with H. E. Arne Sannes Bj\u00f8rnstad, Ambassador of the Kingdom of Norway, at the Croatian Ministry of Defence\" \/>\n<meta name=\"robots\" content=\"index, follow, max-snippet:-1, max-image-preview:large, max-video-preview:-1\" \/>\n<link rel=\"canonical\" href=\"https:\/\/www.morh.hr\/en\/minister-anusic-meets-with-norwegian-ambassador-united-by-a-shared-commitment-to-european-security\/\" \/>\n<meta property=\"og:locale\" content=\"en_US\" \/>\n<meta property=\"og:type\" content=\"article\" \/>\n<meta property=\"og:title\" content=\"Minister Anu\u0161i\u0107 meets with Norwegian Ambassador: United by a shared commitment to European security - MORH\" \/>\n<meta property=\"og:description\" content=\"Defence Minister Ivan Anu\u0161i\u0107 meets with H. E. Arne Sannes Bj\u00f8rnstad, Ambassador of the Kingdom of Norway, at the Croatian Ministry of Defence\" \/>\n<meta property=\"og:url\" content=\"https:\/\/www.morh.hr\/en\/minister-anusic-meets-with-norwegian-ambassador-united-by-a-shared-commitment-to-european-security\/\" \/>\n<meta property=\"og:site_name\" content=\"MORH\" \/>\n<meta property=\"article:publisher\" content=\"https:\/\/www.facebook.com\/sportasiuhrvatskojvojsci\/\" \/>\n<meta property=\"article:published_time\" content=\"2025-04-16T07:27:49+00:00\" \/>\n<meta property=\"article:modified_time\" content=\"2025-07-28T07:31:00+00:00\" \/>\n<meta property=\"og:image\" content=\"https:\/\/www.morh.hr\/wp-content\/uploads\/2025\/04\/2025-04-16-sastanak-s-norveskim-veleposlanikom.jpg\" \/>\n\t<meta property=\"og:image:width\" content=\"2400\" \/>\n\t<meta property=\"og:image:height\" content=\"1600\" \/>\n\t<meta property=\"og:image:type\" content=\"image\/jpeg\" \/>\n<meta name=\"author\" content=\"Mladen\" \/>\n<meta name=\"twitter:card\" content=\"summary_large_image\" \/>\n<meta name=\"twitter:creator\" content=\"@morh_osrh\" \/>\n<meta name=\"twitter:site\" content=\"@morh_osrh\" \/>\n<meta name=\"twitter:label1\" content=\"Written by\" \/>\n\t<meta name=\"twitter:data1\" content=\"Mladen\" \/>\n\t<meta name=\"twitter:label2\" content=\"Est. reading time\" \/>\n\t<meta name=\"twitter:data2\" content=\"2 minutes\" \/>\n<script type=\"application\/ld+json\" class=\"yoast-schema-graph\">{\"@context\":\"https:\/\/schema.org\",\"@graph\":[{\"@type\":\"Article\",\"@id\":\"https:\/\/www.morh.hr\/en\/minister-anusic-meets-with-norwegian-ambassador-united-by-a-shared-commitment-to-european-security\/#article\",\"isPartOf\":{\"@id\":\"https:\/\/www.morh.hr\/en\/minister-anusic-meets-with-norwegian-ambassador-united-by-a-shared-commitment-to-european-security\/\"},\"author\":{\"name\":\"Mladen\",\"@id\":\"https:\/\/www.morh.hr\/en\/#\/schema\/person\/ec8e2528a579067d8bda0ae2124ac768\"},\"headline\":\"Minister Anu\u0161i\u0107 meets with Norwegian Ambassador: United by a shared commitment to European security\",\"datePublished\":\"2025-04-16T07:27:49+00:00\",\"dateModified\":\"2025-07-28T07:31:00+00:00\",\"mainEntityOfPage\":{\"@id\":\"https:\/\/www.morh.hr\/en\/minister-anusic-meets-with-norwegian-ambassador-united-by-a-shared-commitment-to-european-security\/\"},\"wordCount\":228,\"image\":{\"@id\":\"https:\/\/www.morh.hr\/en\/minister-anusic-meets-with-norwegian-ambassador-united-by-a-shared-commitment-to-european-security\/#primaryimage\"},\"thumbnailUrl\":\"https:\/\/www.morh.hr\/wp-content\/uploads\/2025\/04\/2025-04-16-sastanak-s-norveskim-veleposlanikom.jpg\",\"articleSection\":[\"Press releases\"],\"inLanguage\":\"en-US\"},{\"@type\":\"WebPage\",\"@id\":\"https:\/\/www.morh.hr\/en\/minister-anusic-meets-with-norwegian-ambassador-united-by-a-shared-commitment-to-european-security\/\",\"url\":\"https:\/\/www.morh.hr\/en\/minister-anusic-meets-with-norwegian-ambassador-united-by-a-shared-commitment-to-european-security\/\",\"name\":\"Minister Anu\u0161i\u0107 meets with Norwegian Ambassador: United by a shared commitment to European security - MORH\",\"isPartOf\":{\"@id\":\"https:\/\/www.morh.hr\/en\/#website\"},\"primaryImageOfPage\":{\"@id\":\"https:\/\/www.morh.hr\/en\/minister-anusic-meets-with-norwegian-ambassador-united-by-a-shared-commitment-to-european-security\/#primaryimage\"},\"image\":{\"@id\":\"https:\/\/www.morh.hr\/en\/minister-anusic-meets-with-norwegian-ambassador-united-by-a-shared-commitment-to-european-security\/#primaryimage\"},\"thumbnailUrl\":\"https:\/\/www.morh.hr\/wp-content\/uploads\/2025\/04\/2025-04-16-sastanak-s-norveskim-veleposlanikom.jpg\",\"datePublished\":\"2025-04-16T07:27:49+00:00\",\"dateModified\":\"2025-07-28T07:31:00+00:00\",\"author\":{\"@id\":\"https:\/\/www.morh.hr\/en\/#\/schema\/person\/ec8e2528a579067d8bda0ae2124ac768\"},\"description\":\"Defence Minister Ivan Anu\u0161i\u0107 meets with H. E. Arne Sannes Bj\u00f8rnstad, Ambassador of the Kingdom of Norway, at the Croatian Ministry of Defence\",\"breadcrumb\":{\"@id\":\"https:\/\/www.morh.hr\/en\/minister-anusic-meets-with-norwegian-ambassador-united-by-a-shared-commitment-to-european-security\/#breadcrumb\"},\"inLanguage\":\"en-US\",\"potentialAction\":[{\"@type\":\"ReadAction\",\"target\":[\"https:\/\/www.morh.hr\/en\/minister-anusic-meets-with-norwegian-ambassador-united-by-a-shared-commitment-to-european-security\/\"]}]},{\"@type\":\"ImageObject\",\"inLanguage\":\"en-US\",\"@id\":\"https:\/\/www.morh.hr\/en\/minister-anusic-meets-with-norwegian-ambassador-united-by-a-shared-commitment-to-european-security\/#primaryimage\",\"url\":\"https:\/\/www.morh.hr\/wp-content\/uploads\/2025\/04\/2025-04-16-sastanak-s-norveskim-veleposlanikom.jpg\",\"contentUrl\":\"https:\/\/www.morh.hr\/wp-content\/uploads\/2025\/04\/2025-04-16-sastanak-s-norveskim-veleposlanikom.jpg\",\"width\":2400,\"height\":1600,\"caption\":\"Ministar Anu\u0161i\u0107 s veleposlanikom Kraljevine Norve\u0161ke: Dijelimo zajedni\u010dki interes za europsku sigurnost | Foto: MORH\/ F. Klen\"},{\"@type\":\"BreadcrumbList\",\"@id\":\"https:\/\/www.morh.hr\/en\/minister-anusic-meets-with-norwegian-ambassador-united-by-a-shared-commitment-to-european-security\/#breadcrumb\",\"itemListElement\":[{\"@type\":\"ListItem\",\"position\":1,\"name\":\"Naslovnica\",\"item\":\"https:\/\/www.morh.hr\/en\/\"},{\"@type\":\"ListItem\",\"position\":2,\"name\":\"News\",\"item\":\"https:\/\/www.morh.hr\/en\/kategorija\/news\/\"},{\"@type\":\"ListItem\",\"position\":3,\"name\":\"Press releases\",\"item\":\"https:\/\/www.morh.hr\/en\/kategorija\/news\/press-releases\/\"},{\"@type\":\"ListItem\",\"position\":4,\"name\":\"Minister Anu\u0161i\u0107 meets with Norwegian Ambassador: United by a shared commitment to European security\"}]},{\"@type\":\"WebSite\",\"@id\":\"https:\/\/www.morh.hr\/en\/#website\",\"url\":\"https:\/\/www.morh.hr\/en\/\",\"name\":\"MORH\",\"description\":\"Ministarstvo obrane Republike Hrvatske - slu\u017ebene stranice\",\"potentialAction\":[{\"@type\":\"SearchAction\",\"target\":{\"@type\":\"EntryPoint\",\"urlTemplate\":\"https:\/\/www.morh.hr\/en\/?s={search_term_string}\"},\"query-input\":{\"@type\":\"PropertyValueSpecification\",\"valueRequired\":true,\"valueName\":\"search_term_string\"}}],\"inLanguage\":\"en-US\"},{\"@type\":\"Person\",\"@id\":\"https:\/\/www.morh.hr\/en\/#\/schema\/person\/ec8e2528a579067d8bda0ae2124ac768\",\"name\":\"Mladen\",\"image\":{\"@type\":\"ImageObject\",\"inLanguage\":\"en-US\",\"@id\":\"https:\/\/www.morh.hr\/en\/#\/schema\/person\/image\/\",\"url\":\"https:\/\/secure.gravatar.com\/avatar\/3d5ea7ca0d0a523cf2ec98548db52f920a5f6bbfd2c1aa63d237c2f445528cf7?s=96&d=mm&r=g\",\"contentUrl\":\"https:\/\/secure.gravatar.com\/avatar\/3d5ea7ca0d0a523cf2ec98548db52f920a5f6bbfd2c1aa63d237c2f445528cf7?s=96&d=mm&r=g\",\"caption\":\"Mladen\"}}]}<\/script>\n<!-- \/ Yoast SEO plugin. -->","yoast_head_json":{"title":"Minister Anu\u0161i\u0107 meets with Norwegian Ambassador: United by a shared commitment to European security - MORH","description":"Defence Minister Ivan Anu\u0161i\u0107 meets with H. E. Arne Sannes Bj\u00f8rnstad, Ambassador of the Kingdom of Norway, at the Croatian Ministry of Defence","robots":{"index":"index","follow":"follow","max-snippet":"max-snippet:-1","max-image-preview":"max-image-preview:large","max-video-preview":"max-video-preview:-1"},"canonical":"https:\/\/www.morh.hr\/en\/minister-anusic-meets-with-norwegian-ambassador-united-by-a-shared-commitment-to-european-security\/","og_locale":"en_US","og_type":"article","og_title":"Minister Anu\u0161i\u0107 meets with Norwegian Ambassador: United by a shared commitment to European security - MORH","og_description":"Defence Minister Ivan Anu\u0161i\u0107 meets with H. E. Arne Sannes Bj\u00f8rnstad, Ambassador of the Kingdom of Norway, at the Croatian Ministry of Defence","og_url":"https:\/\/www.morh.hr\/en\/minister-anusic-meets-with-norwegian-ambassador-united-by-a-shared-commitment-to-european-security\/","og_site_name":"MORH","article_publisher":"https:\/\/www.facebook.com\/sportasiuhrvatskojvojsci\/","article_published_time":"2025-04-16T07:27:49+00:00","article_modified_time":"2025-07-28T07:31:00+00:00","og_image":[{"width":2400,"height":1600,"url":"https:\/\/www.morh.hr\/wp-content\/uploads\/2025\/04\/2025-04-16-sastanak-s-norveskim-veleposlanikom.jpg","type":"image\/jpeg"}],"author":"Mladen","twitter_card":"summary_large_image","twitter_creator":"@morh_osrh","twitter_site":"@morh_osrh","twitter_misc":{"Written by":"Mladen","Est. reading time":"2 minutes"},"schema":{"@context":"https:\/\/schema.org","@graph":[{"@type":"Article","@id":"https:\/\/www.morh.hr\/en\/minister-anusic-meets-with-norwegian-ambassador-united-by-a-shared-commitment-to-european-security\/#article","isPartOf":{"@id":"https:\/\/www.morh.hr\/en\/minister-anusic-meets-with-norwegian-ambassador-united-by-a-shared-commitment-to-european-security\/"},"author":{"name":"Mladen","@id":"https:\/\/www.morh.hr\/en\/#\/schema\/person\/ec8e2528a579067d8bda0ae2124ac768"},"headline":"Minister Anu\u0161i\u0107 meets with Norwegian Ambassador: United by a shared commitment to European security","datePublished":"2025-04-16T07:27:49+00:00","dateModified":"2025-07-28T07:31:00+00:00","mainEntityOfPage":{"@id":"https:\/\/www.morh.hr\/en\/minister-anusic-meets-with-norwegian-ambassador-united-by-a-shared-commitment-to-european-security\/"},"wordCount":228,"image":{"@id":"https:\/\/www.morh.hr\/en\/minister-anusic-meets-with-norwegian-ambassador-united-by-a-shared-commitment-to-european-security\/#primaryimage"},"thumbnailUrl":"https:\/\/www.morh.hr\/wp-content\/uploads\/2025\/04\/2025-04-16-sastanak-s-norveskim-veleposlanikom.jpg","articleSection":["Press releases"],"inLanguage":"en-US"},{"@type":"WebPage","@id":"https:\/\/www.morh.hr\/en\/minister-anusic-meets-with-norwegian-ambassador-united-by-a-shared-commitment-to-european-security\/","url":"https:\/\/www.morh.hr\/en\/minister-anusic-meets-with-norwegian-ambassador-united-by-a-shared-commitment-to-european-security\/","name":"Minister Anu\u0161i\u0107 meets with Norwegian Ambassador: United by a shared commitment to European security - MORH","isPartOf":{"@id":"https:\/\/www.morh.hr\/en\/#website"},"primaryImageOfPage":{"@id":"https:\/\/www.morh.hr\/en\/minister-anusic-meets-with-norwegian-ambassador-united-by-a-shared-commitment-to-european-security\/#primaryimage"},"image":{"@id":"https:\/\/www.morh.hr\/en\/minister-anusic-meets-with-norwegian-ambassador-united-by-a-shared-commitment-to-european-security\/#primaryimage"},"thumbnailUrl":"https:\/\/www.morh.hr\/wp-content\/uploads\/2025\/04\/2025-04-16-sastanak-s-norveskim-veleposlanikom.jpg","datePublished":"2025-04-16T07:27:49+00:00","dateModified":"2025-07-28T07:31:00+00:00","author":{"@id":"https:\/\/www.morh.hr\/en\/#\/schema\/person\/ec8e2528a579067d8bda0ae2124ac768"},"description":"Defence Minister Ivan Anu\u0161i\u0107 meets with H. E. Arne Sannes Bj\u00f8rnstad, Ambassador of the Kingdom of Norway, at the Croatian Ministry of Defence","breadcrumb":{"@id":"https:\/\/www.morh.hr\/en\/minister-anusic-meets-with-norwegian-ambassador-united-by-a-shared-commitment-to-european-security\/#breadcrumb"},"inLanguage":"en-US","potentialAction":[{"@type":"ReadAction","target":["https:\/\/www.morh.hr\/en\/minister-anusic-meets-with-norwegian-ambassador-united-by-a-shared-commitment-to-european-security\/"]}]},{"@type":"ImageObject","inLanguage":"en-US","@id":"https:\/\/www.morh.hr\/en\/minister-anusic-meets-with-norwegian-ambassador-united-by-a-shared-commitment-to-european-security\/#primaryimage","url":"https:\/\/www.morh.hr\/wp-content\/uploads\/2025\/04\/2025-04-16-sastanak-s-norveskim-veleposlanikom.jpg","contentUrl":"https:\/\/www.morh.hr\/wp-content\/uploads\/2025\/04\/2025-04-16-sastanak-s-norveskim-veleposlanikom.jpg","width":2400,"height":1600,"caption":"Ministar Anu\u0161i\u0107 s veleposlanikom Kraljevine Norve\u0161ke: Dijelimo zajedni\u010dki interes za europsku sigurnost | Foto: MORH\/ F. Klen"},{"@type":"BreadcrumbList","@id":"https:\/\/www.morh.hr\/en\/minister-anusic-meets-with-norwegian-ambassador-united-by-a-shared-commitment-to-european-security\/#breadcrumb","itemListElement":[{"@type":"ListItem","position":1,"name":"Naslovnica","item":"https:\/\/www.morh.hr\/en\/"},{"@type":"ListItem","position":2,"name":"News","item":"https:\/\/www.morh.hr\/en\/kategorija\/news\/"},{"@type":"ListItem","position":3,"name":"Press releases","item":"https:\/\/www.morh.hr\/en\/kategorija\/news\/press-releases\/"},{"@type":"ListItem","position":4,"name":"Minister Anu\u0161i\u0107 meets with Norwegian Ambassador: United by a shared commitment to European security"}]},{"@type":"WebSite","@id":"https:\/\/www.morh.hr\/en\/#website","url":"https:\/\/www.morh.hr\/en\/","name":"MORH","description":"Ministarstvo obrane Republike Hrvatske - slu\u017ebene stranice","potentialAction":[{"@type":"SearchAction","target":{"@type":"EntryPoint","urlTemplate":"https:\/\/www.morh.hr\/en\/?s={search_term_string}"},"query-input":{"@type":"PropertyValueSpecification","valueRequired":true,"valueName":"search_term_string"}}],"inLanguage":"en-US"},{"@type":"Person","@id":"https:\/\/www.morh.hr\/en\/#\/schema\/person\/ec8e2528a579067d8bda0ae2124ac768","name":"Mladen","image":{"@type":"ImageObject","inLanguage":"en-US","@id":"https:\/\/www.morh.hr\/en\/#\/schema\/person\/image\/","url":"https:\/\/secure.gravatar.com\/avatar\/3d5ea7ca0d0a523cf2ec98548db52f920a5f6bbfd2c1aa63d237c2f445528cf7?s=96&d=mm&r=g","contentUrl":"https:\/\/secure.gravatar.com\/avatar\/3d5ea7ca0d0a523cf2ec98548db52f920a5f6bbfd2c1aa63d237c2f445528cf7?s=96&d=mm&r=g","caption":"Mladen"}}]}},"_links":{"self":[{"href":"https:\/\/www.morh.hr\/en\/wp-json\/wp\/v2\/posts\/257702","targetHints":{"allow":["GET"]}}],"collection":[{"href":"https:\/\/www.morh.hr\/en\/wp-json\/wp\/v2\/posts"}],"about":[{"href":"https:\/\/www.morh.hr\/en\/wp-json\/wp\/v2\/types\/post"}],"author":[{"embeddable":true,"href":"https:\/\/www.morh.hr\/en\/wp-json\/wp\/v2\/users\/4699"}],"replies":[{"embeddable":true,"href":"https:\/\/www.morh.hr\/en\/wp-json\/wp\/v2\/comments?post=257702"}],"version-history":[{"count":1,"href":"https:\/\/www.morh.hr\/en\/wp-json\/wp\/v2\/posts\/257702\/revisions"}],"predecessor-version":[{"id":257706,"href":"https:\/\/www.morh.hr\/en\/wp-json\/wp\/v2\/posts\/257702\/revisions\/257706"}],"wp:featuredmedia":[{"embeddable":true,"href":"https:\/\/www.morh.hr\/en\/wp-json\/wp\/v2\/media\/253659"}],"wp:attachment":[{"href":"https:\/\/www.morh.hr\/en\/wp-json\/wp\/v2\/media?parent=257702"}],"wp:term":[{"taxonomy":"category","embeddable":true,"href":"https:\/\/www.morh.hr\/en\/wp-json\/wp\/v2\/categories?post=257702"},{"taxonomy":"post_tag","embeddable":true,"href":"https:\/\/www.morh.hr\/en\/wp-json\/wp\/v2\/tags?post=257702"}],"curies":[{"name":"wp","href":"https:\/\/api.w.org\/{rel}","templated":true}]}}