{"id":257718,"date":"2025-04-29T09:55:37","date_gmt":"2025-04-29T07:55:37","guid":{"rendered":"https:\/\/www.morh.hr\/?p=257718"},"modified":"2025-07-28T10:23:01","modified_gmt":"2025-07-28T08:23:01","slug":"anusic-to-new-members-of-the-kune-battalion-wear-the-insignia-of-croatias-greatest-homeland-war-heroes-with-pride","status":"publish","type":"post","link":"https:\/\/www.morh.hr\/en\/anusic-to-new-members-of-the-kune-battalion-wear-the-insignia-of-croatias-greatest-homeland-war-heroes-with-pride\/","title":{"rendered":"Anu\u0161i\u0107 to new members of the Kune Battalion \u2013 Wear the insignia of Croatia\u2019s greatest Homeland War heroes with pride"},"content":{"rendered":"<p>The Croatian Deputy Prime Minister and Defence Minister, Ivan Anu\u0161i\u0107, representing the Prime Minister, took part today in the ceremony marking the 34th anniversary of the establishment of the 3rd Guards Brigade &#8220;Kune&#8221; and the Day of the Kune Tank Battalion held in \u0110akovo.<\/p>\n<p>On this occasion, Minister Anu\u0161i\u0107 presented berets to new members of the Kune Tank Battalion, part of the Guards Armoured Mechanised Brigade.<\/p>\n<p>As part of the commemorative programme, Minister Anu\u0161i\u0107 laid a wreath at the 3rd Guards Brigade Barracks to honour the fallen, missing, and deceased Croatian Homeland War veterans.<\/p>\n<p>Congratulating the members of the Tank Battalion on their unit day, Minister Anu\u0161i\u0107 stated: &#8220;It is an honour to be part of this outstanding ceremony \u2013 an occasion that reignites pride and confidence in all those who have witnessed the professionalism and commitment of the Croatian Armed Forces. The Croatian people and the Croatian state are never alone, as long as our Armed Forces stand by them.&#8221;<\/p>\n<p><iframe loading=\"lazy\" title=\"Anu\u0161i\u0107 mladim pripadnicima Kuna: Budite ponosni i nosite oznake najve\u0107ih heroja Domovinskog rata\" width=\"868\" height=\"488\" src=\"https:\/\/www.youtube.com\/embed\/wiRqWjN1qpQ?wmode=transparent&amp;rel=0&amp;feature=oembed\" frameborder=\"0\" allow=\"accelerometer; autoplay; clipboard-write; encrypted-media; gyroscope; picture-in-picture; web-share\" referrerpolicy=\"strict-origin-when-cross-origin\" allowfullscreen><\/iframe><\/p>\n<p>Reflecting on the early 1990s, Minister Anu\u0161i\u0107 paid tribute to the members of the 3rd Guards Brigade who lost their lives, were wounded or went missing during the Homeland War: &#8220;We must remember the 392 soldiers of the 3rd Guards Brigade who gave their lives for Croatia\u2019s independence, the 1,088 who were wounded, and the 15 who are still listed as missing. This represents the largest loss endured by any Croatian military unit from 1990 to 1995 \u2013 the ultimate sacrifice made by the 3rd Guards Brigade.&#8221;<\/p>\n<p>He also spoke about the character of the Slavonian people: &#8220;The 3rd Guards Brigade was composed of troops from Slavonia, Baranja, and Srijem \u2013 people known for their humility, modesty, and strength of character. As in 1991, their determination was put to the ultimate test on the unforgiving front lines of eastern Croatia.&#8221;<\/p>\n<p><strong>Anu\u0161i\u0107 to the new members of the Kune Battalion: You will continue the path paved by the heroes of the Homeland War<\/strong><\/p>\n<p>Addressing the newly inducted members of the Tank Battalion, Minister Anu\u0161i\u0107 said: &#8220;You, the young men and women who received your berets today and joined our Armed Forces, wear with pride the insignia of the greatest heroes of the Homeland War \u2013 from Blago Zadro and Andrija Matija\u0161 Pauk to Damir Tomljanovi\u0107 Gavran \u2013 all of whom were willing to lay down their lives for Croatia&#8217;s freedom and independence. You are their successors; you will continue the path paved by our heroes. We hope never to relive the events of the 1990s \u2013 but that is precisely why you are here, and why we are here.&#8221;<\/p>\n<p>&#8220;As Defence Minister, and on behalf of the Croatian Government, I assure you that we will continue to invest not only in military equipment and technology but above all \u2013 in you. Because you are the heart of the Armed Forces,&#8221; he added.<\/p>\n<p><strong>Croatian Armed Forces are modern, capable and strong<\/strong><\/p>\n<p>&#8220;Today, the Croatian Armed Forces are modern, powerful and cohesive military force \u2013 strong and resilient, and set to become even stronger in the future. Our commitment to modernisation and equipping will not stop \u2013 both in terms of personnel and the military assets you operate,&#8221; the Minister concluded.<\/p>\n<p><strong>Commander of the Kune Tank Battalion: We stand as a guarantee of Croatia\u2019s peace, security, and honour<\/strong><\/p>\n<p>Lieutenant Colonel Goran Ani\u0107, Commander of the Kune Tank Battalion, stated: &#8220;Today marks a celebration of unity, courage, strength, and unwavering love for our country. The Kune Tank Battalion stands as a guarantor of Croatia&#8217;s peace, security, and honour \u2013 always ready to respond to the nation\u2019s call. In every tank, in every soldier, lives the spirit of those who fought for our freedom. Guardsmen, your commitment, skills, and discipline prove every day that you are worthy heirs to a proud legacy. I sincerely thank our commanders for their leadership and trust \u2013 it is what drives us to improve continually.&#8221;<\/p>\n<p><strong>Commemorating the Kune Guards Brigade in \u0110akovo<\/strong><\/p>\n<p>As part of the celebration, the Croatian Armed Forces displayed military equipment and weapon systems in \u0110akovo for the public and promoted military service to citizens.<\/p>\n<p>A ceremonial programme was held at the 3rd Guards Brigade Barracks, where families of fallen Kune members and senior government delegations laid wreaths and paid tribute at the &#8220;\u017deljko Trbara&#8221; monument.<\/p>\n<p>A holy mass was celebrated in the Cathedral of St Peter in \u0110akovo, followed by a formal ceremony in Bishop Mandi\u0107 Hall at the Catholic Faculty of Theology.<\/p>\n<p>The 3rd Guards Brigade &#8220;Kune&#8221; was established on 29 April 1991 and is considered one of the four elite brigades of the Croatian Armed Forces. Since 2007, the Brigade\u2019s legacy has been carried forward by the Kune Tank Battalion, now part of the Croatian Army&#8217;s Guards Armoured Mechanised Brigade. During the Homeland War, the 3rd Guards Brigade lost 392 members, with 15 still missing and 1,088 wounded.<\/p>\n<div class=\"morh-galleria\"><a href=\"https:\/\/live.staticflickr.com\/65535\/54483692412_d05d3ce720_h.jpg\" title=\"Anu\u0161i\u0107 mladim pripadnicima Kuna: Budite ponosni i nosite oznake najve\u0107ih heroja Domovinskog rata\"><img decoding=\"async\" data-title=\"Anu\u0161i\u0107 mladim pripadnicima Kuna: Budite ponosni i nosite oznake najve\u0107ih heroja Domovinskog rata\" data-description=\"Izaslanik predsjednika Vlade Republike Hrvatske, potpredsjednik Vlade RH i ministar obrane Ivan Anu\u0161i\u0107 sudjelovao je danas, 29. travnja 2025., u \u0110akovu na sve\u010danom obilje\u017eavanju 34. obljetnice ustrojavanja 3. gardijske brigade Kune i Dana Tenkovske bojne Kune | Foto: MORH\/ T. Brandt\" alt=\"Anu\u0161i\u0107 mladim pripadnicima Kuna: Budite ponosni i nosite oznake najve\u0107ih heroja Domovinskog rata\" src=\"https:\/\/live.staticflickr.com\/65535\/54483692412_d05d3ce720_h.jpg\" data-layer=\"&lt;div class=&#039;morh-gallery-image-download&#039;&gt;&lt;a href=&#039;https:\/\/live.staticflickr.com\/65535\/54483692412_27a7b3e37f_o.jpg&#039; target=&#039;_blank&#039;&gt;Slika za preuzimanje&lt;\/a&gt;&lt;\/div&gt;\" \/><\/a><a href=\"https:\/\/live.staticflickr.com\/65535\/54484733054_53bb079828_h.jpg\" title=\"Anu\u0161i\u0107 mladim pripadnicima Kuna: Budite ponosni i nosite oznake najve\u0107ih heroja Domovinskog rata\"><img decoding=\"async\" data-title=\"Anu\u0161i\u0107 mladim pripadnicima Kuna: Budite ponosni i nosite oznake najve\u0107ih heroja Domovinskog rata\" data-description=\"Izaslanik predsjednika Vlade Republike Hrvatske, potpredsjednik Vlade RH i ministar obrane Ivan Anu\u0161i\u0107 sudjelovao je danas, 29. travnja 2025., u \u0110akovu na sve\u010danom obilje\u017eavanju 34. obljetnice ustrojavanja 3. gardijske brigade Kune i Dana Tenkovske bojne Kune | Foto: MORH\/ T. Brandt\" alt=\"Anu\u0161i\u0107 mladim pripadnicima Kuna: Budite ponosni i nosite oznake najve\u0107ih heroja Domovinskog rata\" src=\"https:\/\/live.staticflickr.com\/65535\/54484733054_53bb079828_h.jpg\" data-layer=\"&lt;div class=&#039;morh-gallery-image-download&#039;&gt;&lt;a href=&#039;https:\/\/live.staticflickr.com\/65535\/54484733054_7546a49071_o.jpg&#039; target=&#039;_blank&#039;&gt;Slika za preuzimanje&lt;\/a&gt;&lt;\/div&gt;\" \/><\/a><a href=\"https:\/\/live.staticflickr.com\/65535\/54483692422_31424a5faf_h.jpg\" title=\"Anu\u0161i\u0107 mladim pripadnicima Kuna: Budite ponosni i nosite oznake najve\u0107ih heroja Domovinskog rata\"><img decoding=\"async\" data-title=\"Anu\u0161i\u0107 mladim pripadnicima Kuna: Budite ponosni i nosite oznake najve\u0107ih heroja Domovinskog rata\" data-description=\"Izaslanik predsjednika Vlade Republike Hrvatske, potpredsjednik Vlade RH i ministar obrane Ivan Anu\u0161i\u0107 sudjelovao je danas, 29. travnja 2025., u \u0110akovu na sve\u010danom obilje\u017eavanju 34. obljetnice ustrojavanja 3. gardijske brigade Kune i Dana Tenkovske bojne Kune | Foto: MORH\/ T. Brandt\" alt=\"Anu\u0161i\u0107 mladim pripadnicima Kuna: Budite ponosni i nosite oznake najve\u0107ih heroja Domovinskog rata\" src=\"https:\/\/live.staticflickr.com\/65535\/54483692422_31424a5faf_h.jpg\" data-layer=\"&lt;div class=&#039;morh-gallery-image-download&#039;&gt;&lt;a href=&#039;https:\/\/live.staticflickr.com\/65535\/54483692422_1d8511348a_o.jpg&#039; target=&#039;_blank&#039;&gt;Slika za preuzimanje&lt;\/a&gt;&lt;\/div&gt;\" \/><\/a><a href=\"https:\/\/live.staticflickr.com\/65535\/54483692427_8112c6beff_h.jpg\" title=\"Anu\u0161i\u0107 mladim pripadnicima Kuna: Budite ponosni i nosite oznake najve\u0107ih heroja Domovinskog rata\"><img decoding=\"async\" data-title=\"Anu\u0161i\u0107 mladim pripadnicima Kuna: Budite ponosni i nosite oznake najve\u0107ih heroja Domovinskog rata\" data-description=\"Izaslanik predsjednika Vlade Republike Hrvatske, potpredsjednik Vlade RH i ministar obrane Ivan Anu\u0161i\u0107 sudjelovao je danas, 29. travnja 2025., u \u0110akovu na sve\u010danom obilje\u017eavanju 34. obljetnice ustrojavanja 3. gardijske brigade Kune i Dana Tenkovske bojne Kune | Foto: MORH\/ T. Brandt\" alt=\"Anu\u0161i\u0107 mladim pripadnicima Kuna: Budite ponosni i nosite oznake najve\u0107ih heroja Domovinskog rata\" src=\"https:\/\/live.staticflickr.com\/65535\/54483692427_8112c6beff_h.jpg\" data-layer=\"&lt;div class=&#039;morh-gallery-image-download&#039;&gt;&lt;a href=&#039;https:\/\/live.staticflickr.com\/65535\/54483692427_7f88de65a5_o.jpg&#039; target=&#039;_blank&#039;&gt;Slika za preuzimanje&lt;\/a&gt;&lt;\/div&gt;\" \/><\/a><a href=\"https:\/\/live.staticflickr.com\/65535\/54484816618_3828a7345b_h.jpg\" title=\"Anu\u0161i\u0107 mladim pripadnicima Kuna: Budite ponosni i nosite oznake najve\u0107ih heroja Domovinskog rata\"><img decoding=\"async\" data-title=\"Anu\u0161i\u0107 mladim pripadnicima Kuna: Budite ponosni i nosite oznake najve\u0107ih heroja Domovinskog rata\" data-description=\"Izaslanik predsjednika Vlade Republike Hrvatske, potpredsjednik Vlade RH i ministar obrane Ivan Anu\u0161i\u0107 sudjelovao je danas, 29. travnja 2025., u \u0110akovu na sve\u010danom obilje\u017eavanju 34. obljetnice ustrojavanja 3. gardijske brigade Kune i Dana Tenkovske bojne Kune | Foto: MORH\/ T. Brandt\" alt=\"Anu\u0161i\u0107 mladim pripadnicima Kuna: Budite ponosni i nosite oznake najve\u0107ih heroja Domovinskog rata\" src=\"https:\/\/live.staticflickr.com\/65535\/54484816618_3828a7345b_h.jpg\" data-layer=\"&lt;div class=&#039;morh-gallery-image-download&#039;&gt;&lt;a href=&#039;https:\/\/live.staticflickr.com\/65535\/54484816618_096b9bc57d_o.jpg&#039; target=&#039;_blank&#039;&gt;Slika za preuzimanje&lt;\/a&gt;&lt;\/div&gt;\" \/><\/a><a href=\"https:\/\/live.staticflickr.com\/65535\/54484893885_fbf3ee1b69_h.jpg\" title=\"Anu\u0161i\u0107 mladim pripadnicima Kuna: Budite ponosni i nosite oznake najve\u0107ih heroja Domovinskog rata\"><img decoding=\"async\" data-title=\"Anu\u0161i\u0107 mladim pripadnicima Kuna: Budite ponosni i nosite oznake najve\u0107ih heroja Domovinskog rata\" data-description=\"Izaslanik predsjednika Vlade Republike Hrvatske, potpredsjednik Vlade RH i ministar obrane Ivan Anu\u0161i\u0107 sudjelovao je danas, 29. travnja 2025., u \u0110akovu na sve\u010danom obilje\u017eavanju 34. obljetnice ustrojavanja 3. gardijske brigade Kune i Dana Tenkovske bojne Kune | Foto: MORH\/ T. Brandt\" alt=\"Anu\u0161i\u0107 mladim pripadnicima Kuna: Budite ponosni i nosite oznake najve\u0107ih heroja Domovinskog rata\" src=\"https:\/\/live.staticflickr.com\/65535\/54484893885_fbf3ee1b69_h.jpg\" data-layer=\"&lt;div class=&#039;morh-gallery-image-download&#039;&gt;&lt;a href=&#039;https:\/\/live.staticflickr.com\/65535\/54484893885_86a9c2c9a6_o.jpg&#039; target=&#039;_blank&#039;&gt;Slika za preuzimanje&lt;\/a&gt;&lt;\/div&gt;\" \/><\/a><a href=\"https:\/\/live.staticflickr.com\/65535\/54484816578_f84c62bc33_h.jpg\" title=\"Anu\u0161i\u0107 mladim pripadnicima Kuna: Budite ponosni i nosite oznake najve\u0107ih heroja Domovinskog rata\"><img decoding=\"async\" data-title=\"Anu\u0161i\u0107 mladim pripadnicima Kuna: Budite ponosni i nosite oznake najve\u0107ih heroja Domovinskog rata\" data-description=\"Izaslanik predsjednika Vlade Republike Hrvatske, potpredsjednik Vlade RH i ministar obrane Ivan Anu\u0161i\u0107 sudjelovao je danas, 29. travnja 2025., u \u0110akovu na sve\u010danom obilje\u017eavanju 34. obljetnice ustrojavanja 3. gardijske brigade Kune i Dana Tenkovske bojne Kune | Foto: MORH\/ T. Brandt\" alt=\"Anu\u0161i\u0107 mladim pripadnicima Kuna: Budite ponosni i nosite oznake najve\u0107ih heroja Domovinskog rata\" src=\"https:\/\/live.staticflickr.com\/65535\/54484816578_f84c62bc33_h.jpg\" data-layer=\"&lt;div class=&#039;morh-gallery-image-download&#039;&gt;&lt;a href=&#039;https:\/\/live.staticflickr.com\/65535\/54484816578_8577eaeeb5_o.jpg&#039; target=&#039;_blank&#039;&gt;Slika za preuzimanje&lt;\/a&gt;&lt;\/div&gt;\" \/><\/a><a href=\"https:\/\/live.staticflickr.com\/65535\/54484537626_7ebf0166bc_h.jpg\" title=\"Anu\u0161i\u0107 mladim pripadnicima Kuna: Budite ponosni i nosite oznake najve\u0107ih heroja Domovinskog rata\"><img decoding=\"async\" data-title=\"Anu\u0161i\u0107 mladim pripadnicima Kuna: Budite ponosni i nosite oznake najve\u0107ih heroja Domovinskog rata\" data-description=\"Izaslanik predsjednika Vlade Republike Hrvatske, potpredsjednik Vlade RH i ministar obrane Ivan Anu\u0161i\u0107 sudjelovao je danas, 29. travnja 2025., u \u0110akovu na sve\u010danom obilje\u017eavanju 34. obljetnice ustrojavanja 3. gardijske brigade Kune i Dana Tenkovske bojne Kune | Foto: MORH\/ T. Brandt\" alt=\"Anu\u0161i\u0107 mladim pripadnicima Kuna: Budite ponosni i nosite oznake najve\u0107ih heroja Domovinskog rata\" src=\"https:\/\/live.staticflickr.com\/65535\/54484537626_7ebf0166bc_h.jpg\" data-layer=\"&lt;div class=&#039;morh-gallery-image-download&#039;&gt;&lt;a href=&#039;https:\/\/live.staticflickr.com\/65535\/54484537626_81c2ab1f7b_o.jpg&#039; target=&#039;_blank&#039;&gt;Slika za preuzimanje&lt;\/a&gt;&lt;\/div&gt;\" \/><\/a><a href=\"https:\/\/live.staticflickr.com\/65535\/54483692377_1a8ed560e8_h.jpg\" title=\"Anu\u0161i\u0107 mladim pripadnicima Kuna: Budite ponosni i nosite oznake najve\u0107ih heroja Domovinskog rata\"><img decoding=\"async\" data-title=\"Anu\u0161i\u0107 mladim pripadnicima Kuna: Budite ponosni i nosite oznake najve\u0107ih heroja Domovinskog rata\" data-description=\"Izaslanik predsjednika Vlade Republike Hrvatske, potpredsjednik Vlade RH i ministar obrane Ivan Anu\u0161i\u0107 sudjelovao je danas, 29. travnja 2025., u \u0110akovu na sve\u010danom obilje\u017eavanju 34. obljetnice ustrojavanja 3. gardijske brigade Kune i Dana Tenkovske bojne Kune | Foto: MORH\/ T. Brandt\" alt=\"Anu\u0161i\u0107 mladim pripadnicima Kuna: Budite ponosni i nosite oznake najve\u0107ih heroja Domovinskog rata\" src=\"https:\/\/live.staticflickr.com\/65535\/54483692377_1a8ed560e8_h.jpg\" data-layer=\"&lt;div class=&#039;morh-gallery-image-download&#039;&gt;&lt;a href=&#039;https:\/\/live.staticflickr.com\/65535\/54483692377_dbdf6b952f_o.jpg&#039; target=&#039;_blank&#039;&gt;Slika za preuzimanje&lt;\/a&gt;&lt;\/div&gt;\" \/><\/a><a href=\"https:\/\/live.staticflickr.com\/65535\/54484816563_4d606ce130_h.jpg\" title=\"Anu\u0161i\u0107 mladim pripadnicima Kuna: Budite ponosni i nosite oznake najve\u0107ih heroja Domovinskog rata\"><img decoding=\"async\" data-title=\"Anu\u0161i\u0107 mladim pripadnicima Kuna: Budite ponosni i nosite oznake najve\u0107ih heroja Domovinskog rata\" data-description=\"Izaslanik predsjednika Vlade Republike Hrvatske, potpredsjednik Vlade RH i ministar obrane Ivan Anu\u0161i\u0107 sudjelovao je danas, 29. travnja 2025., u \u0110akovu na sve\u010danom obilje\u017eavanju 34. obljetnice ustrojavanja 3. gardijske brigade Kune i Dana Tenkovske bojne Kune | Foto: MORH\/ T. Brandt\" alt=\"Anu\u0161i\u0107 mladim pripadnicima Kuna: Budite ponosni i nosite oznake najve\u0107ih heroja Domovinskog rata\" src=\"https:\/\/live.staticflickr.com\/65535\/54484816563_4d606ce130_h.jpg\" data-layer=\"&lt;div class=&#039;morh-gallery-image-download&#039;&gt;&lt;a href=&#039;https:\/\/live.staticflickr.com\/65535\/54484816563_d722dff618_o.jpg&#039; target=&#039;_blank&#039;&gt;Slika za preuzimanje&lt;\/a&gt;&lt;\/div&gt;\" \/><\/a><a href=\"https:\/\/live.staticflickr.com\/65535\/54484733014_7b619bc3e8_h.jpg\" title=\"Anu\u0161i\u0107 mladim pripadnicima Kuna: Budite ponosni i nosite oznake najve\u0107ih heroja Domovinskog rata\"><img decoding=\"async\" data-title=\"Anu\u0161i\u0107 mladim pripadnicima Kuna: Budite ponosni i nosite oznake najve\u0107ih heroja Domovinskog rata\" data-description=\"Izaslanik predsjednika Vlade Republike Hrvatske, potpredsjednik Vlade RH i ministar obrane Ivan Anu\u0161i\u0107 sudjelovao je danas, 29. travnja 2025., u \u0110akovu na sve\u010danom obilje\u017eavanju 34. obljetnice ustrojavanja 3. gardijske brigade Kune i Dana Tenkovske bojne Kune | Foto: MORH\/ T. Brandt\" alt=\"Anu\u0161i\u0107 mladim pripadnicima Kuna: Budite ponosni i nosite oznake najve\u0107ih heroja Domovinskog rata\" src=\"https:\/\/live.staticflickr.com\/65535\/54484733014_7b619bc3e8_h.jpg\" data-layer=\"&lt;div class=&#039;morh-gallery-image-download&#039;&gt;&lt;a href=&#039;https:\/\/live.staticflickr.com\/65535\/54484733014_70b878b1bf_o.jpg&#039; target=&#039;_blank&#039;&gt;Slika za preuzimanje&lt;\/a&gt;&lt;\/div&gt;\" \/><\/a><a href=\"https:\/\/live.staticflickr.com\/65535\/54484893475_0930dc6321_h.jpg\" title=\"Anu\u0161i\u0107 mladim pripadnicima Kuna: Budite ponosni i nosite oznake najve\u0107ih heroja Domovinskog rata\"><img decoding=\"async\" data-title=\"Anu\u0161i\u0107 mladim pripadnicima Kuna: Budite ponosni i nosite oznake najve\u0107ih heroja Domovinskog rata\" data-description=\"Izaslanik predsjednika Vlade Republike Hrvatske, potpredsjednik Vlade RH i ministar obrane Ivan Anu\u0161i\u0107 sudjelovao je danas, 29. travnja 2025., u \u0110akovu na sve\u010danom obilje\u017eavanju 34. obljetnice ustrojavanja 3. gardijske brigade Kune i Dana Tenkovske bojne Kune | Foto: MORH\/ T. Brandt\" alt=\"Anu\u0161i\u0107 mladim pripadnicima Kuna: Budite ponosni i nosite oznake najve\u0107ih heroja Domovinskog rata\" src=\"https:\/\/live.staticflickr.com\/65535\/54484893475_0930dc6321_h.jpg\" data-layer=\"&lt;div class=&#039;morh-gallery-image-download&#039;&gt;&lt;a href=&#039;https:\/\/live.staticflickr.com\/65535\/54484893475_e239e29e05_o.jpg&#039; target=&#039;_blank&#039;&gt;Slika za preuzimanje&lt;\/a&gt;&lt;\/div&gt;\" \/><\/a><a href=\"https:\/\/live.staticflickr.com\/65535\/54484893465_8af699d999_h.jpg\" title=\"Anu\u0161i\u0107 mladim pripadnicima Kuna: Budite ponosni i nosite oznake najve\u0107ih heroja Domovinskog rata\"><img decoding=\"async\" data-title=\"Anu\u0161i\u0107 mladim pripadnicima Kuna: Budite ponosni i nosite oznake najve\u0107ih heroja Domovinskog rata\" data-description=\"Izaslanik predsjednika Vlade Republike Hrvatske, potpredsjednik Vlade RH i ministar obrane Ivan Anu\u0161i\u0107 sudjelovao je danas, 29. travnja 2025., u \u0110akovu na sve\u010danom obilje\u017eavanju 34. obljetnice ustrojavanja 3. gardijske brigade Kune i Dana Tenkovske bojne Kune | Foto: MORH\/ T. Brandt\" alt=\"Anu\u0161i\u0107 mladim pripadnicima Kuna: Budite ponosni i nosite oznake najve\u0107ih heroja Domovinskog rata\" src=\"https:\/\/live.staticflickr.com\/65535\/54484893465_8af699d999_h.jpg\" data-layer=\"&lt;div class=&#039;morh-gallery-image-download&#039;&gt;&lt;a href=&#039;https:\/\/live.staticflickr.com\/65535\/54484893465_d13d960b76_o.jpg&#039; target=&#039;_blank&#039;&gt;Slika za preuzimanje&lt;\/a&gt;&lt;\/div&gt;\" \/><\/a><a href=\"https:\/\/live.staticflickr.com\/65535\/54483692372_74a78468a2_h.jpg\" title=\"Anu\u0161i\u0107 mladim pripadnicima Kuna: Budite ponosni i nosite oznake najve\u0107ih heroja Domovinskog rata\"><img decoding=\"async\" data-title=\"Anu\u0161i\u0107 mladim pripadnicima Kuna: Budite ponosni i nosite oznake najve\u0107ih heroja Domovinskog rata\" data-description=\"Izaslanik predsjednika Vlade Republike Hrvatske, potpredsjednik Vlade RH i ministar obrane Ivan Anu\u0161i\u0107 sudjelovao je danas, 29. travnja 2025., u \u0110akovu na sve\u010danom obilje\u017eavanju 34. obljetnice ustrojavanja 3. gardijske brigade Kune i Dana Tenkovske bojne Kune | Foto: MORH\/ T. Brandt\" alt=\"Anu\u0161i\u0107 mladim pripadnicima Kuna: Budite ponosni i nosite oznake najve\u0107ih heroja Domovinskog rata\" src=\"https:\/\/live.staticflickr.com\/65535\/54483692372_74a78468a2_h.jpg\" data-layer=\"&lt;div class=&#039;morh-gallery-image-download&#039;&gt;&lt;a href=&#039;https:\/\/live.staticflickr.com\/65535\/54483692372_cf3d74caa2_o.jpg&#039; target=&#039;_blank&#039;&gt;Slika za preuzimanje&lt;\/a&gt;&lt;\/div&gt;\" \/><\/a><a href=\"https:\/\/live.staticflickr.com\/65535\/54484893460_d363b7e3b2_h.jpg\" title=\"Anu\u0161i\u0107 mladim pripadnicima Kuna: Budite ponosni i nosite oznake najve\u0107ih heroja Domovinskog rata\"><img decoding=\"async\" data-title=\"Anu\u0161i\u0107 mladim pripadnicima Kuna: Budite ponosni i nosite oznake najve\u0107ih heroja Domovinskog rata\" data-description=\"Izaslanik predsjednika Vlade Republike Hrvatske, potpredsjednik Vlade RH i ministar obrane Ivan Anu\u0161i\u0107 sudjelovao je danas, 29. travnja 2025., u \u0110akovu na sve\u010danom obilje\u017eavanju 34. obljetnice ustrojavanja 3. gardijske brigade Kune i Dana Tenkovske bojne Kune | Foto: MORH\/ T. Brandt\" alt=\"Anu\u0161i\u0107 mladim pripadnicima Kuna: Budite ponosni i nosite oznake najve\u0107ih heroja Domovinskog rata\" src=\"https:\/\/live.staticflickr.com\/65535\/54484893460_d363b7e3b2_h.jpg\" data-layer=\"&lt;div class=&#039;morh-gallery-image-download&#039;&gt;&lt;a href=&#039;https:\/\/live.staticflickr.com\/65535\/54484893460_79687015b7_o.jpg&#039; target=&#039;_blank&#039;&gt;Slika za preuzimanje&lt;\/a&gt;&lt;\/div&gt;\" \/><\/a><a href=\"https:\/\/live.staticflickr.com\/65535\/54484537596_c7dc9130eb_h.jpg\" title=\"Anu\u0161i\u0107 mladim pripadnicima Kuna: Budite ponosni i nosite oznake najve\u0107ih heroja Domovinskog rata\"><img decoding=\"async\" data-title=\"Anu\u0161i\u0107 mladim pripadnicima Kuna: Budite ponosni i nosite oznake najve\u0107ih heroja Domovinskog rata\" data-description=\"Izaslanik predsjednika Vlade Republike Hrvatske, potpredsjednik Vlade RH i ministar obrane Ivan Anu\u0161i\u0107 sudjelovao je danas, 29. travnja 2025., u \u0110akovu na sve\u010danom obilje\u017eavanju 34. obljetnice ustrojavanja 3. gardijske brigade Kune i Dana Tenkovske bojne Kune | Foto: MORH\/ T. Brandt\" alt=\"Anu\u0161i\u0107 mladim pripadnicima Kuna: Budite ponosni i nosite oznake najve\u0107ih heroja Domovinskog rata\" src=\"https:\/\/live.staticflickr.com\/65535\/54484537596_c7dc9130eb_h.jpg\" data-layer=\"&lt;div class=&#039;morh-gallery-image-download&#039;&gt;&lt;a href=&#039;https:\/\/live.staticflickr.com\/65535\/54484537596_261eca7bb6_o.jpg&#039; target=&#039;_blank&#039;&gt;Slika za preuzimanje&lt;\/a&gt;&lt;\/div&gt;\" \/><\/a><a href=\"https:\/\/live.staticflickr.com\/65535\/54484816173_94ad1c57ab_h.jpg\" title=\"Anu\u0161i\u0107 mladim pripadnicima Kuna: Budite ponosni i nosite oznake najve\u0107ih heroja Domovinskog rata\"><img decoding=\"async\" data-title=\"Anu\u0161i\u0107 mladim pripadnicima Kuna: Budite ponosni i nosite oznake najve\u0107ih heroja Domovinskog rata\" data-description=\"Izaslanik predsjednika Vlade Republike Hrvatske, potpredsjednik Vlade RH i ministar obrane Ivan Anu\u0161i\u0107 sudjelovao je danas, 29. travnja 2025., u \u0110akovu na sve\u010danom obilje\u017eavanju 34. obljetnice ustrojavanja 3. gardijske brigade Kune i Dana Tenkovske bojne Kune | Foto: MORH\/ T. Brandt\" alt=\"Anu\u0161i\u0107 mladim pripadnicima Kuna: Budite ponosni i nosite oznake najve\u0107ih heroja Domovinskog rata\" src=\"https:\/\/live.staticflickr.com\/65535\/54484816173_94ad1c57ab_h.jpg\" data-layer=\"&lt;div class=&#039;morh-gallery-image-download&#039;&gt;&lt;a href=&#039;https:\/\/live.staticflickr.com\/65535\/54484816173_895fa3b65d_o.jpg&#039; target=&#039;_blank&#039;&gt;Slika za preuzimanje&lt;\/a&gt;&lt;\/div&gt;\" \/><\/a><a href=\"https:\/\/live.staticflickr.com\/65535\/54484537586_3dadbd485e_h.jpg\" title=\"Anu\u0161i\u0107 mladim pripadnicima Kuna: Budite ponosni i nosite oznake najve\u0107ih heroja Domovinskog rata\"><img decoding=\"async\" data-title=\"Anu\u0161i\u0107 mladim pripadnicima Kuna: Budite ponosni i nosite oznake najve\u0107ih heroja Domovinskog rata\" data-description=\"Izaslanik predsjednika Vlade Republike Hrvatske, potpredsjednik Vlade RH i ministar obrane Ivan Anu\u0161i\u0107 sudjelovao je danas, 29. travnja 2025., u \u0110akovu na sve\u010danom obilje\u017eavanju 34. obljetnice ustrojavanja 3. gardijske brigade Kune i Dana Tenkovske bojne Kune | Foto: MORH\/ T. Brandt\" alt=\"Anu\u0161i\u0107 mladim pripadnicima Kuna: Budite ponosni i nosite oznake najve\u0107ih heroja Domovinskog rata\" src=\"https:\/\/live.staticflickr.com\/65535\/54484537586_3dadbd485e_h.jpg\" data-layer=\"&lt;div class=&#039;morh-gallery-image-download&#039;&gt;&lt;a href=&#039;https:\/\/live.staticflickr.com\/65535\/54484537586_56be2a1055_o.jpg&#039; target=&#039;_blank&#039;&gt;Slika za preuzimanje&lt;\/a&gt;&lt;\/div&gt;\" \/><\/a><a href=\"https:\/\/live.staticflickr.com\/65535\/54484816168_563509f0fb_h.jpg\" title=\"Anu\u0161i\u0107 mladim pripadnicima Kuna: Budite ponosni i nosite oznake najve\u0107ih heroja Domovinskog rata\"><img decoding=\"async\" data-title=\"Anu\u0161i\u0107 mladim pripadnicima Kuna: Budite ponosni i nosite oznake najve\u0107ih heroja Domovinskog rata\" data-description=\"Izaslanik predsjednika Vlade Republike Hrvatske, potpredsjednik Vlade RH i ministar obrane Ivan Anu\u0161i\u0107 sudjelovao je danas, 29. travnja 2025., u \u0110akovu na sve\u010danom obilje\u017eavanju 34. obljetnice ustrojavanja 3. gardijske brigade Kune i Dana Tenkovske bojne Kune | Foto: MORH\/ T. Brandt\" alt=\"Anu\u0161i\u0107 mladim pripadnicima Kuna: Budite ponosni i nosite oznake najve\u0107ih heroja Domovinskog rata\" src=\"https:\/\/live.staticflickr.com\/65535\/54484816168_563509f0fb_h.jpg\" data-layer=\"&lt;div class=&#039;morh-gallery-image-download&#039;&gt;&lt;a href=&#039;https:\/\/live.staticflickr.com\/65535\/54484816168_9684cbdd10_o.jpg&#039; target=&#039;_blank&#039;&gt;Slika za preuzimanje&lt;\/a&gt;&lt;\/div&gt;\" \/><\/a><a href=\"https:\/\/live.staticflickr.com\/65535\/54484893850_613d73a2a5_h.jpg\" title=\"Anu\u0161i\u0107 mladim pripadnicima Kuna: Budite ponosni i nosite oznake najve\u0107ih heroja Domovinskog rata\"><img decoding=\"async\" data-title=\"Anu\u0161i\u0107 mladim pripadnicima Kuna: Budite ponosni i nosite oznake najve\u0107ih heroja Domovinskog rata\" data-description=\"Izaslanik predsjednika Vlade Republike Hrvatske, potpredsjednik Vlade RH i ministar obrane Ivan Anu\u0161i\u0107 sudjelovao je danas, 29. travnja 2025., u \u0110akovu na sve\u010danom obilje\u017eavanju 34. obljetnice ustrojavanja 3. gardijske brigade Kune i Dana Tenkovske bojne Kune | Foto: MORH\/ T. Brandt\" alt=\"Anu\u0161i\u0107 mladim pripadnicima Kuna: Budite ponosni i nosite oznake najve\u0107ih heroja Domovinskog rata\" src=\"https:\/\/live.staticflickr.com\/65535\/54484893850_613d73a2a5_h.jpg\" data-layer=\"&lt;div class=&#039;morh-gallery-image-download&#039;&gt;&lt;a href=&#039;https:\/\/live.staticflickr.com\/65535\/54484893850_2b0c56a9b1_o.jpg&#039; target=&#039;_blank&#039;&gt;Slika za preuzimanje&lt;\/a&gt;&lt;\/div&gt;\" \/><\/a><a href=\"https:\/\/live.staticflickr.com\/65535\/54484893855_ca5361d48d_h.jpg\" title=\"Anu\u0161i\u0107 mladim pripadnicima Kuna: Budite ponosni i nosite oznake najve\u0107ih heroja Domovinskog rata\"><img decoding=\"async\" data-title=\"Anu\u0161i\u0107 mladim pripadnicima Kuna: Budite ponosni i nosite oznake najve\u0107ih heroja Domovinskog rata\" data-description=\"Izaslanik predsjednika Vlade Republike Hrvatske, potpredsjednik Vlade RH i ministar obrane Ivan Anu\u0161i\u0107 sudjelovao je danas, 29. travnja 2025., u \u0110akovu na sve\u010danom obilje\u017eavanju 34. obljetnice ustrojavanja 3. gardijske brigade Kune i Dana Tenkovske bojne Kune | Foto: MORH\/ T. Brandt\" alt=\"Anu\u0161i\u0107 mladim pripadnicima Kuna: Budite ponosni i nosite oznake najve\u0107ih heroja Domovinskog rata\" src=\"https:\/\/live.staticflickr.com\/65535\/54484893855_ca5361d48d_h.jpg\" data-layer=\"&lt;div class=&#039;morh-gallery-image-download&#039;&gt;&lt;a href=&#039;https:\/\/live.staticflickr.com\/65535\/54484893855_5199c4fb7a_o.jpg&#039; target=&#039;_blank&#039;&gt;Slika za preuzimanje&lt;\/a&gt;&lt;\/div&gt;\" \/><\/a><a href=\"https:\/\/live.staticflickr.com\/65535\/54484537566_9a93664f64_h.jpg\" title=\"Anu\u0161i\u0107 mladim pripadnicima Kuna: Budite ponosni i nosite oznake najve\u0107ih heroja Domovinskog rata\"><img decoding=\"async\" data-title=\"Anu\u0161i\u0107 mladim pripadnicima Kuna: Budite ponosni i nosite oznake najve\u0107ih heroja Domovinskog rata\" data-description=\"Izaslanik predsjednika Vlade Republike Hrvatske, potpredsjednik Vlade RH i ministar obrane Ivan Anu\u0161i\u0107 sudjelovao je danas, 29. travnja 2025., u \u0110akovu na sve\u010danom obilje\u017eavanju 34. obljetnice ustrojavanja 3. gardijske brigade Kune i Dana Tenkovske bojne Kune | Foto: MORH\/ T. Brandt\" alt=\"Anu\u0161i\u0107 mladim pripadnicima Kuna: Budite ponosni i nosite oznake najve\u0107ih heroja Domovinskog rata\" src=\"https:\/\/live.staticflickr.com\/65535\/54484537566_9a93664f64_h.jpg\" data-layer=\"&lt;div class=&#039;morh-gallery-image-download&#039;&gt;&lt;a href=&#039;https:\/\/live.staticflickr.com\/65535\/54484537566_d8be7db3bf_o.jpg&#039; target=&#039;_blank&#039;&gt;Slika za preuzimanje&lt;\/a&gt;&lt;\/div&gt;\" \/><\/a><a href=\"https:\/\/live.staticflickr.com\/65535\/54484893840_3d361c0131_h.jpg\" title=\"Anu\u0161i\u0107 mladim pripadnicima Kuna: Budite ponosni i nosite oznake najve\u0107ih heroja Domovinskog rata\"><img decoding=\"async\" data-title=\"Anu\u0161i\u0107 mladim pripadnicima Kuna: Budite ponosni i nosite oznake najve\u0107ih heroja Domovinskog rata\" data-description=\"Izaslanik predsjednika Vlade Republike Hrvatske, potpredsjednik Vlade RH i ministar obrane Ivan Anu\u0161i\u0107 sudjelovao je danas, 29. travnja 2025., u \u0110akovu na sve\u010danom obilje\u017eavanju 34. obljetnice ustrojavanja 3. gardijske brigade Kune i Dana Tenkovske bojne Kune | Foto: MORH\/ T. Brandt\" alt=\"Anu\u0161i\u0107 mladim pripadnicima Kuna: Budite ponosni i nosite oznake najve\u0107ih heroja Domovinskog rata\" src=\"https:\/\/live.staticflickr.com\/65535\/54484893840_3d361c0131_h.jpg\" data-layer=\"&lt;div class=&#039;morh-gallery-image-download&#039;&gt;&lt;a href=&#039;https:\/\/live.staticflickr.com\/65535\/54484893840_9416cc729b_o.jpg&#039; target=&#039;_blank&#039;&gt;Slika za preuzimanje&lt;\/a&gt;&lt;\/div&gt;\" \/><\/a><a href=\"https:\/\/live.staticflickr.com\/65535\/54484537546_a3d7bbcab3_h.jpg\" title=\"Anu\u0161i\u0107 mladim pripadnicima Kuna: Budite ponosni i nosite oznake najve\u0107ih heroja Domovinskog rata\"><img decoding=\"async\" data-title=\"Anu\u0161i\u0107 mladim pripadnicima Kuna: Budite ponosni i nosite oznake najve\u0107ih heroja Domovinskog rata\" data-description=\"Izaslanik predsjednika Vlade Republike Hrvatske, potpredsjednik Vlade RH i ministar obrane Ivan Anu\u0161i\u0107 sudjelovao je danas, 29. travnja 2025., u \u0110akovu na sve\u010danom obilje\u017eavanju 34. obljetnice ustrojavanja 3. gardijske brigade Kune i Dana Tenkovske bojne Kune | Foto: MORH\/ T. Brandt\" alt=\"Anu\u0161i\u0107 mladim pripadnicima Kuna: Budite ponosni i nosite oznake najve\u0107ih heroja Domovinskog rata\" src=\"https:\/\/live.staticflickr.com\/65535\/54484537546_a3d7bbcab3_h.jpg\" data-layer=\"&lt;div class=&#039;morh-gallery-image-download&#039;&gt;&lt;a href=&#039;https:\/\/live.staticflickr.com\/65535\/54484537546_c7eb2abefc_o.jpg&#039; target=&#039;_blank&#039;&gt;Slika za preuzimanje&lt;\/a&gt;&lt;\/div&gt;\" \/><\/a><a href=\"https:\/\/live.staticflickr.com\/65535\/54484816508_d796f72667_h.jpg\" title=\"Anu\u0161i\u0107 mladim pripadnicima Kuna: Budite ponosni i nosite oznake najve\u0107ih heroja Domovinskog rata\"><img decoding=\"async\" data-title=\"Anu\u0161i\u0107 mladim pripadnicima Kuna: Budite ponosni i nosite oznake najve\u0107ih heroja Domovinskog rata\" data-description=\"Izaslanik predsjednika Vlade Republike Hrvatske, potpredsjednik Vlade RH i ministar obrane Ivan Anu\u0161i\u0107 sudjelovao je danas, 29. travnja 2025., u \u0110akovu na sve\u010danom obilje\u017eavanju 34. obljetnice ustrojavanja 3. gardijske brigade Kune i Dana Tenkovske bojne Kune | Foto: MORH\/ T. Brandt\" alt=\"Anu\u0161i\u0107 mladim pripadnicima Kuna: Budite ponosni i nosite oznake najve\u0107ih heroja Domovinskog rata\" src=\"https:\/\/live.staticflickr.com\/65535\/54484816508_d796f72667_h.jpg\" data-layer=\"&lt;div class=&#039;morh-gallery-image-download&#039;&gt;&lt;a href=&#039;https:\/\/live.staticflickr.com\/65535\/54484816508_88ed199785_o.jpg&#039; target=&#039;_blank&#039;&gt;Slika za preuzimanje&lt;\/a&gt;&lt;\/div&gt;\" \/><\/a><a href=\"https:\/\/live.staticflickr.com\/65535\/54484816503_d379d67bfe_h.jpg\" title=\"Anu\u0161i\u0107 mladim pripadnicima Kuna: Budite ponosni i nosite oznake najve\u0107ih heroja Domovinskog rata\"><img decoding=\"async\" data-title=\"Anu\u0161i\u0107 mladim pripadnicima Kuna: Budite ponosni i nosite oznake najve\u0107ih heroja Domovinskog rata\" data-description=\"Izaslanik predsjednika Vlade Republike Hrvatske, potpredsjednik Vlade RH i ministar obrane Ivan Anu\u0161i\u0107 sudjelovao je danas, 29. travnja 2025., u \u0110akovu na sve\u010danom obilje\u017eavanju 34. obljetnice ustrojavanja 3. gardijske brigade Kune i Dana Tenkovske bojne Kune | Foto: MORH\/ T. Brandt\" alt=\"Anu\u0161i\u0107 mladim pripadnicima Kuna: Budite ponosni i nosite oznake najve\u0107ih heroja Domovinskog rata\" src=\"https:\/\/live.staticflickr.com\/65535\/54484816503_d379d67bfe_h.jpg\" data-layer=\"&lt;div class=&#039;morh-gallery-image-download&#039;&gt;&lt;a href=&#039;https:\/\/live.staticflickr.com\/65535\/54484816503_ffc0c939ff_o.jpg&#039; target=&#039;_blank&#039;&gt;Slika za preuzimanje&lt;\/a&gt;&lt;\/div&gt;\" \/><\/a><a href=\"https:\/\/live.staticflickr.com\/65535\/54484537536_d63c95dcac_h.jpg\" title=\"Anu\u0161i\u0107 mladim pripadnicima Kuna: Budite ponosni i nosite oznake najve\u0107ih heroja Domovinskog rata\"><img decoding=\"async\" data-title=\"Anu\u0161i\u0107 mladim pripadnicima Kuna: Budite ponosni i nosite oznake najve\u0107ih heroja Domovinskog rata\" data-description=\"Izaslanik predsjednika Vlade Republike Hrvatske, potpredsjednik Vlade RH i ministar obrane Ivan Anu\u0161i\u0107 sudjelovao je danas, 29. travnja 2025., u \u0110akovu na sve\u010danom obilje\u017eavanju 34. obljetnice ustrojavanja 3. gardijske brigade Kune i Dana Tenkovske bojne Kune | Foto: MORH\/ T. Brandt\" alt=\"Anu\u0161i\u0107 mladim pripadnicima Kuna: Budite ponosni i nosite oznake najve\u0107ih heroja Domovinskog rata\" src=\"https:\/\/live.staticflickr.com\/65535\/54484537536_d63c95dcac_h.jpg\" data-layer=\"&lt;div class=&#039;morh-gallery-image-download&#039;&gt;&lt;a href=&#039;https:\/\/live.staticflickr.com\/65535\/54484537536_0d9c168fb2_o.jpg&#039; target=&#039;_blank&#039;&gt;Slika za preuzimanje&lt;\/a&gt;&lt;\/div&gt;\" \/><\/a><a href=\"https:\/\/live.staticflickr.com\/65535\/54484732689_a70d05561f_h.jpg\" title=\"Anu\u0161i\u0107 mladim pripadnicima Kuna: Budite ponosni i nosite oznake najve\u0107ih heroja Domovinskog rata\"><img decoding=\"async\" data-title=\"Anu\u0161i\u0107 mladim pripadnicima Kuna: Budite ponosni i nosite oznake najve\u0107ih heroja Domovinskog rata\" data-description=\"Izaslanik predsjednika Vlade Republike Hrvatske, potpredsjednik Vlade RH i ministar obrane Ivan Anu\u0161i\u0107 sudjelovao je danas, 29. travnja 2025., u \u0110akovu na sve\u010danom obilje\u017eavanju 34. obljetnice ustrojavanja 3. gardijske brigade Kune i Dana Tenkovske bojne Kune | Foto: MORH\/ T. Brandt\" alt=\"Anu\u0161i\u0107 mladim pripadnicima Kuna: Budite ponosni i nosite oznake najve\u0107ih heroja Domovinskog rata\" src=\"https:\/\/live.staticflickr.com\/65535\/54484732689_a70d05561f_h.jpg\" data-layer=\"&lt;div class=&#039;morh-gallery-image-download&#039;&gt;&lt;a href=&#039;https:\/\/live.staticflickr.com\/65535\/54484732689_0102e20334_o.jpg&#039; target=&#039;_blank&#039;&gt;Slika za preuzimanje&lt;\/a&gt;&lt;\/div&gt;\" \/><\/a><a href=\"https:\/\/live.staticflickr.com\/65535\/54484893425_80ab2b7e13_h.jpg\" title=\"Anu\u0161i\u0107 mladim pripadnicima Kuna: Budite ponosni i nosite oznake najve\u0107ih heroja Domovinskog rata\"><img decoding=\"async\" data-title=\"Anu\u0161i\u0107 mladim pripadnicima Kuna: Budite ponosni i nosite oznake najve\u0107ih heroja Domovinskog rata\" data-description=\"Izaslanik predsjednika Vlade Republike Hrvatske, potpredsjednik Vlade RH i ministar obrane Ivan Anu\u0161i\u0107 sudjelovao je danas, 29. travnja 2025., u \u0110akovu na sve\u010danom obilje\u017eavanju 34. obljetnice ustrojavanja 3. gardijske brigade Kune i Dana Tenkovske bojne Kune | Foto: MORH\/ T. Brandt\" alt=\"Anu\u0161i\u0107 mladim pripadnicima Kuna: Budite ponosni i nosite oznake najve\u0107ih heroja Domovinskog rata\" src=\"https:\/\/live.staticflickr.com\/65535\/54484893425_80ab2b7e13_h.jpg\" data-layer=\"&lt;div class=&#039;morh-gallery-image-download&#039;&gt;&lt;a href=&#039;https:\/\/live.staticflickr.com\/65535\/54484893425_534b5f0c3e_o.jpg&#039; target=&#039;_blank&#039;&gt;Slika za preuzimanje&lt;\/a&gt;&lt;\/div&gt;\" \/><\/a><a href=\"https:\/\/live.staticflickr.com\/65535\/54484537531_f8e820a34b_h.jpg\" title=\"Anu\u0161i\u0107 mladim pripadnicima Kuna: Budite ponosni i nosite oznake najve\u0107ih heroja Domovinskog rata\"><img decoding=\"async\" data-title=\"Anu\u0161i\u0107 mladim pripadnicima Kuna: Budite ponosni i nosite oznake najve\u0107ih heroja Domovinskog rata\" data-description=\"Izaslanik predsjednika Vlade Republike Hrvatske, potpredsjednik Vlade RH i ministar obrane Ivan Anu\u0161i\u0107 sudjelovao je danas, 29. travnja 2025., u \u0110akovu na sve\u010danom obilje\u017eavanju 34. obljetnice ustrojavanja 3. gardijske brigade Kune i Dana Tenkovske bojne Kune | Foto: MORH\/ T. Brandt\" alt=\"Anu\u0161i\u0107 mladim pripadnicima Kuna: Budite ponosni i nosite oznake najve\u0107ih heroja Domovinskog rata\" src=\"https:\/\/live.staticflickr.com\/65535\/54484537531_f8e820a34b_h.jpg\" data-layer=\"&lt;div class=&#039;morh-gallery-image-download&#039;&gt;&lt;a href=&#039;https:\/\/live.staticflickr.com\/65535\/54484537531_4af62a7241_o.jpg&#039; target=&#039;_blank&#039;&gt;Slika za preuzimanje&lt;\/a&gt;&lt;\/div&gt;\" \/><\/a><a href=\"https:\/\/live.staticflickr.com\/65535\/54484816158_90be8610fa_h.jpg\" title=\"Anu\u0161i\u0107 mladim pripadnicima Kuna: Budite ponosni i nosite oznake najve\u0107ih heroja Domovinskog rata\"><img decoding=\"async\" data-title=\"Anu\u0161i\u0107 mladim pripadnicima Kuna: Budite ponosni i nosite oznake najve\u0107ih heroja Domovinskog rata\" data-description=\"Izaslanik predsjednika Vlade Republike Hrvatske, potpredsjednik Vlade RH i ministar obrane Ivan Anu\u0161i\u0107 sudjelovao je danas, 29. travnja 2025., u \u0110akovu na sve\u010danom obilje\u017eavanju 34. obljetnice ustrojavanja 3. gardijske brigade Kune i Dana Tenkovske bojne Kune | Foto: MORH\/ T. Brandt\" alt=\"Anu\u0161i\u0107 mladim pripadnicima Kuna: Budite ponosni i nosite oznake najve\u0107ih heroja Domovinskog rata\" src=\"https:\/\/live.staticflickr.com\/65535\/54484816158_90be8610fa_h.jpg\" data-layer=\"&lt;div class=&#039;morh-gallery-image-download&#039;&gt;&lt;a href=&#039;https:\/\/live.staticflickr.com\/65535\/54484816158_482b596e0a_o.jpg&#039; target=&#039;_blank&#039;&gt;Slika za preuzimanje&lt;\/a&gt;&lt;\/div&gt;\" \/><\/a><a href=\"https:\/\/live.staticflickr.com\/65535\/54484816498_3b4aff7cee_h.jpg\" title=\"Anu\u0161i\u0107 mladim pripadnicima Kuna: Budite ponosni i nosite oznake najve\u0107ih heroja Domovinskog rata\"><img decoding=\"async\" data-title=\"Anu\u0161i\u0107 mladim pripadnicima Kuna: Budite ponosni i nosite oznake najve\u0107ih heroja Domovinskog rata\" data-description=\"Izaslanik predsjednika Vlade Republike Hrvatske, potpredsjednik Vlade RH i ministar obrane Ivan Anu\u0161i\u0107 sudjelovao je danas, 29. travnja 2025., u \u0110akovu na sve\u010danom obilje\u017eavanju 34. obljetnice ustrojavanja 3. gardijske brigade Kune i Dana Tenkovske bojne Kune | Foto: MORH\/ T. Brandt\" alt=\"Anu\u0161i\u0107 mladim pripadnicima Kuna: Budite ponosni i nosite oznake najve\u0107ih heroja Domovinskog rata\" src=\"https:\/\/live.staticflickr.com\/65535\/54484816498_3b4aff7cee_h.jpg\" data-layer=\"&lt;div class=&#039;morh-gallery-image-download&#039;&gt;&lt;a href=&#039;https:\/\/live.staticflickr.com\/65535\/54484816498_0faaa5bd4c_o.jpg&#039; target=&#039;_blank&#039;&gt;Slika za preuzimanje&lt;\/a&gt;&lt;\/div&gt;\" \/><\/a><a href=\"https:\/\/live.staticflickr.com\/65535\/54483692307_12f1b22c0b_h.jpg\" title=\"Anu\u0161i\u0107 mladim pripadnicima Kuna: Budite ponosni i nosite oznake najve\u0107ih heroja Domovinskog rata\"><img decoding=\"async\" data-title=\"Anu\u0161i\u0107 mladim pripadnicima Kuna: Budite ponosni i nosite oznake najve\u0107ih heroja Domovinskog rata\" data-description=\"Izaslanik predsjednika Vlade Republike Hrvatske, potpredsjednik Vlade RH i ministar obrane Ivan Anu\u0161i\u0107 sudjelovao je danas, 29. travnja 2025., u \u0110akovu na sve\u010danom obilje\u017eavanju 34. obljetnice ustrojavanja 3. gardijske brigade Kune i Dana Tenkovske bojne Kune | Foto: MORH\/ T. Brandt\" alt=\"Anu\u0161i\u0107 mladim pripadnicima Kuna: Budite ponosni i nosite oznake najve\u0107ih heroja Domovinskog rata\" src=\"https:\/\/live.staticflickr.com\/65535\/54483692307_12f1b22c0b_h.jpg\" data-layer=\"&lt;div class=&#039;morh-gallery-image-download&#039;&gt;&lt;a href=&#039;https:\/\/live.staticflickr.com\/65535\/54483692307_8ed4d1e942_o.jpg&#039; target=&#039;_blank&#039;&gt;Slika za preuzimanje&lt;\/a&gt;&lt;\/div&gt;\" \/><\/a><a href=\"https:\/\/live.staticflickr.com\/65535\/54484816148_3574ec6747_h.jpg\" title=\"Anu\u0161i\u0107 mladim pripadnicima Kuna: Budite ponosni i nosite oznake najve\u0107ih heroja Domovinskog rata\"><img decoding=\"async\" data-title=\"Anu\u0161i\u0107 mladim pripadnicima Kuna: Budite ponosni i nosite oznake najve\u0107ih heroja Domovinskog rata\" data-description=\"Izaslanik predsjednika Vlade Republike Hrvatske, potpredsjednik Vlade RH i ministar obrane Ivan Anu\u0161i\u0107 sudjelovao je danas, 29. travnja 2025., u \u0110akovu na sve\u010danom obilje\u017eavanju 34. obljetnice ustrojavanja 3. gardijske brigade Kune i Dana Tenkovske bojne Kune | Foto: MORH\/ T. Brandt\" alt=\"Anu\u0161i\u0107 mladim pripadnicima Kuna: Budite ponosni i nosite oznake najve\u0107ih heroja Domovinskog rata\" src=\"https:\/\/live.staticflickr.com\/65535\/54484816148_3574ec6747_h.jpg\" data-layer=\"&lt;div class=&#039;morh-gallery-image-download&#039;&gt;&lt;a href=&#039;https:\/\/live.staticflickr.com\/65535\/54484816148_00bea720c3_o.jpg&#039; target=&#039;_blank&#039;&gt;Slika za preuzimanje&lt;\/a&gt;&lt;\/div&gt;\" \/><\/a><a href=\"https:\/\/live.staticflickr.com\/65535\/54483691917_6f930e5cf7_h.jpg\" title=\"Anu\u0161i\u0107 mladim pripadnicima Kuna: Budite ponosni i nosite oznake najve\u0107ih heroja Domovinskog rata\"><img decoding=\"async\" data-title=\"Anu\u0161i\u0107 mladim pripadnicima Kuna: Budite ponosni i nosite oznake najve\u0107ih heroja Domovinskog rata\" data-description=\"Izaslanik predsjednika Vlade Republike Hrvatske, potpredsjednik Vlade RH i ministar obrane Ivan Anu\u0161i\u0107 sudjelovao je danas, 29. travnja 2025., u \u0110akovu na sve\u010danom obilje\u017eavanju 34. obljetnice ustrojavanja 3. gardijske brigade Kune i Dana Tenkovske bojne Kune | Foto: MORH\/ T. Brandt\" alt=\"Anu\u0161i\u0107 mladim pripadnicima Kuna: Budite ponosni i nosite oznake najve\u0107ih heroja Domovinskog rata\" src=\"https:\/\/live.staticflickr.com\/65535\/54483691917_6f930e5cf7_h.jpg\" data-layer=\"&lt;div class=&#039;morh-gallery-image-download&#039;&gt;&lt;a href=&#039;https:\/\/live.staticflickr.com\/65535\/54483691917_7ca2c12012_o.jpg&#039; target=&#039;_blank&#039;&gt;Slika za preuzimanje&lt;\/a&gt;&lt;\/div&gt;\" \/><\/a><a href=\"https:\/\/live.staticflickr.com\/65535\/54483691912_161916af45_h.jpg\" title=\"Anu\u0161i\u0107 mladim pripadnicima Kuna: Budite ponosni i nosite oznake najve\u0107ih heroja Domovinskog rata\"><img decoding=\"async\" data-title=\"Anu\u0161i\u0107 mladim pripadnicima Kuna: Budite ponosni i nosite oznake najve\u0107ih heroja Domovinskog rata\" data-description=\"Izaslanik predsjednika Vlade Republike Hrvatske, potpredsjednik Vlade RH i ministar obrane Ivan Anu\u0161i\u0107 sudjelovao je danas, 29. travnja 2025., u \u0110akovu na sve\u010danom obilje\u017eavanju 34. obljetnice ustrojavanja 3. gardijske brigade Kune i Dana Tenkovske bojne Kune | Foto: MORH\/ T. Brandt\" alt=\"Anu\u0161i\u0107 mladim pripadnicima Kuna: Budite ponosni i nosite oznake najve\u0107ih heroja Domovinskog rata\" src=\"https:\/\/live.staticflickr.com\/65535\/54483691912_161916af45_h.jpg\" data-layer=\"&lt;div class=&#039;morh-gallery-image-download&#039;&gt;&lt;a href=&#039;https:\/\/live.staticflickr.com\/65535\/54483691912_92a5716508_o.jpg&#039; target=&#039;_blank&#039;&gt;Slika za preuzimanje&lt;\/a&gt;&lt;\/div&gt;\" \/><\/a><a href=\"https:\/\/live.staticflickr.com\/65535\/54483691922_e4c03a6be0_h.jpg\" title=\"Anu\u0161i\u0107 mladim pripadnicima Kuna: Budite ponosni i nosite oznake najve\u0107ih heroja Domovinskog rata\"><img decoding=\"async\" data-title=\"Anu\u0161i\u0107 mladim pripadnicima Kuna: Budite ponosni i nosite oznake najve\u0107ih heroja Domovinskog rata\" data-description=\"Izaslanik predsjednika Vlade Republike Hrvatske, potpredsjednik Vlade RH i ministar obrane Ivan Anu\u0161i\u0107 sudjelovao je danas, 29. travnja 2025., u \u0110akovu na sve\u010danom obilje\u017eavanju 34. obljetnice ustrojavanja 3. gardijske brigade Kune i Dana Tenkovske bojne Kune | Foto: MORH\/ T. Brandt\" alt=\"Anu\u0161i\u0107 mladim pripadnicima Kuna: Budite ponosni i nosite oznake najve\u0107ih heroja Domovinskog rata\" src=\"https:\/\/live.staticflickr.com\/65535\/54483691922_e4c03a6be0_h.jpg\" data-layer=\"&lt;div class=&#039;morh-gallery-image-download&#039;&gt;&lt;a href=&#039;https:\/\/live.staticflickr.com\/65535\/54483691922_f7c2773a28_o.jpg&#039; target=&#039;_blank&#039;&gt;Slika za preuzimanje&lt;\/a&gt;&lt;\/div&gt;\" \/><\/a><a href=\"https:\/\/live.staticflickr.com\/65535\/54484816478_62e6874d40_h.jpg\" title=\"Anu\u0161i\u0107 mladim pripadnicima Kuna: Budite ponosni i nosite oznake najve\u0107ih heroja Domovinskog rata\"><img decoding=\"async\" data-title=\"Anu\u0161i\u0107 mladim pripadnicima Kuna: Budite ponosni i nosite oznake najve\u0107ih heroja Domovinskog rata\" data-description=\"Izaslanik predsjednika Vlade Republike Hrvatske, potpredsjednik Vlade RH i ministar obrane Ivan Anu\u0161i\u0107 sudjelovao je danas, 29. travnja 2025., u \u0110akovu na sve\u010danom obilje\u017eavanju 34. obljetnice ustrojavanja 3. gardijske brigade Kune i Dana Tenkovske bojne Kune | Foto: MORH\/ T. Brandt\" alt=\"Anu\u0161i\u0107 mladim pripadnicima Kuna: Budite ponosni i nosite oznake najve\u0107ih heroja Domovinskog rata\" src=\"https:\/\/live.staticflickr.com\/65535\/54484816478_62e6874d40_h.jpg\" data-layer=\"&lt;div class=&#039;morh-gallery-image-download&#039;&gt;&lt;a href=&#039;https:\/\/live.staticflickr.com\/65535\/54484816478_9ba03a37bd_o.jpg&#039; target=&#039;_blank&#039;&gt;Slika za preuzimanje&lt;\/a&gt;&lt;\/div&gt;\" \/><\/a><a href=\"https:\/\/live.staticflickr.com\/65535\/54484537521_e4127d6492_h.jpg\" title=\"Anu\u0161i\u0107 mladim pripadnicima Kuna: Budite ponosni i nosite oznake najve\u0107ih heroja Domovinskog rata\"><img decoding=\"async\" data-title=\"Anu\u0161i\u0107 mladim pripadnicima Kuna: Budite ponosni i nosite oznake najve\u0107ih heroja Domovinskog rata\" data-description=\"Izaslanik predsjednika Vlade Republike Hrvatske, potpredsjednik Vlade RH i ministar obrane Ivan Anu\u0161i\u0107 sudjelovao je danas, 29. travnja 2025., u \u0110akovu na sve\u010danom obilje\u017eavanju 34. obljetnice ustrojavanja 3. gardijske brigade Kune i Dana Tenkovske bojne Kune | Foto: MORH\/ T. Brandt\" alt=\"Anu\u0161i\u0107 mladim pripadnicima Kuna: Budite ponosni i nosite oznake najve\u0107ih heroja Domovinskog rata\" src=\"https:\/\/live.staticflickr.com\/65535\/54484537521_e4127d6492_h.jpg\" data-layer=\"&lt;div class=&#039;morh-gallery-image-download&#039;&gt;&lt;a href=&#039;https:\/\/live.staticflickr.com\/65535\/54484537521_c4fb13ca60_o.jpg&#039; target=&#039;_blank&#039;&gt;Slika za preuzimanje&lt;\/a&gt;&lt;\/div&gt;\" \/><\/a><a href=\"https:\/\/live.staticflickr.com\/65535\/54484732919_b48513366d_h.jpg\" title=\"Anu\u0161i\u0107 mladim pripadnicima Kuna: Budite ponosni i nosite oznake najve\u0107ih heroja Domovinskog rata\"><img decoding=\"async\" data-title=\"Anu\u0161i\u0107 mladim pripadnicima Kuna: Budite ponosni i nosite oznake najve\u0107ih heroja Domovinskog rata\" data-description=\"Izaslanik predsjednika Vlade Republike Hrvatske, potpredsjednik Vlade RH i ministar obrane Ivan Anu\u0161i\u0107 sudjelovao je danas, 29. travnja 2025., u \u0110akovu na sve\u010danom obilje\u017eavanju 34. obljetnice ustrojavanja 3. gardijske brigade Kune i Dana Tenkovske bojne Kune | Foto: MORH\/ T. Brandt\" alt=\"Anu\u0161i\u0107 mladim pripadnicima Kuna: Budite ponosni i nosite oznake najve\u0107ih heroja Domovinskog rata\" src=\"https:\/\/live.staticflickr.com\/65535\/54484732919_b48513366d_h.jpg\" data-layer=\"&lt;div class=&#039;morh-gallery-image-download&#039;&gt;&lt;a href=&#039;https:\/\/live.staticflickr.com\/65535\/54484732919_b93811019c_o.jpg&#039; target=&#039;_blank&#039;&gt;Slika za preuzimanje&lt;\/a&gt;&lt;\/div&gt;\" \/><\/a><a href=\"https:\/\/live.staticflickr.com\/65535\/54483692287_d9d4b207bf_h.jpg\" title=\"Anu\u0161i\u0107 mladim pripadnicima Kuna: Budite ponosni i nosite oznake najve\u0107ih heroja Domovinskog rata\"><img decoding=\"async\" data-title=\"Anu\u0161i\u0107 mladim pripadnicima Kuna: Budite ponosni i nosite oznake najve\u0107ih heroja Domovinskog rata\" data-description=\"Izaslanik predsjednika Vlade Republike Hrvatske, potpredsjednik Vlade RH i ministar obrane Ivan Anu\u0161i\u0107 sudjelovao je danas, 29. travnja 2025., u \u0110akovu na sve\u010danom obilje\u017eavanju 34. obljetnice ustrojavanja 3. gardijske brigade Kune i Dana Tenkovske bojne Kune | Foto: MORH\/ T. Brandt\" alt=\"Anu\u0161i\u0107 mladim pripadnicima Kuna: Budite ponosni i nosite oznake najve\u0107ih heroja Domovinskog rata\" src=\"https:\/\/live.staticflickr.com\/65535\/54483692287_d9d4b207bf_h.jpg\" data-layer=\"&lt;div class=&#039;morh-gallery-image-download&#039;&gt;&lt;a href=&#039;https:\/\/live.staticflickr.com\/65535\/54483692287_e246a74ee2_o.jpg&#039; target=&#039;_blank&#039;&gt;Slika za preuzimanje&lt;\/a&gt;&lt;\/div&gt;\" \/><\/a><a href=\"https:\/\/live.staticflickr.com\/65535\/54484816448_b42f468fd8_h.jpg\" title=\"Anu\u0161i\u0107 mladim pripadnicima Kuna: Budite ponosni i nosite oznake najve\u0107ih heroja Domovinskog rata\"><img decoding=\"async\" data-title=\"Anu\u0161i\u0107 mladim pripadnicima Kuna: Budite ponosni i nosite oznake najve\u0107ih heroja Domovinskog rata\" data-description=\"Izaslanik predsjednika Vlade Republike Hrvatske, potpredsjednik Vlade RH i ministar obrane Ivan Anu\u0161i\u0107 sudjelovao je danas, 29. travnja 2025., u \u0110akovu na sve\u010danom obilje\u017eavanju 34. obljetnice ustrojavanja 3. gardijske brigade Kune i Dana Tenkovske bojne Kune | Foto: MORH\/ T. Brandt\" alt=\"Anu\u0161i\u0107 mladim pripadnicima Kuna: Budite ponosni i nosite oznake najve\u0107ih heroja Domovinskog rata\" src=\"https:\/\/live.staticflickr.com\/65535\/54484816448_b42f468fd8_h.jpg\" data-layer=\"&lt;div class=&#039;morh-gallery-image-download&#039;&gt;&lt;a href=&#039;https:\/\/live.staticflickr.com\/65535\/54484816448_2bc6ef9dbd_o.jpg&#039; target=&#039;_blank&#039;&gt;Slika za preuzimanje&lt;\/a&gt;&lt;\/div&gt;\" \/><\/a><a href=\"https:\/\/live.staticflickr.com\/65535\/54483692267_53c00de0f1_h.jpg\" title=\"Anu\u0161i\u0107 mladim pripadnicima Kuna: Budite ponosni i nosite oznake najve\u0107ih heroja Domovinskog rata\"><img decoding=\"async\" data-title=\"Anu\u0161i\u0107 mladim pripadnicima Kuna: Budite ponosni i nosite oznake najve\u0107ih heroja Domovinskog rata\" data-description=\"Izaslanik predsjednika Vlade Republike Hrvatske, potpredsjednik Vlade RH i ministar obrane Ivan Anu\u0161i\u0107 sudjelovao je danas, 29. travnja 2025., u \u0110akovu na sve\u010danom obilje\u017eavanju 34. obljetnice ustrojavanja 3. gardijske brigade Kune i Dana Tenkovske bojne Kune | Foto: MORH\/ T. Brandt\" alt=\"Anu\u0161i\u0107 mladim pripadnicima Kuna: Budite ponosni i nosite oznake najve\u0107ih heroja Domovinskog rata\" src=\"https:\/\/live.staticflickr.com\/65535\/54483692267_53c00de0f1_h.jpg\" data-layer=\"&lt;div class=&#039;morh-gallery-image-download&#039;&gt;&lt;a href=&#039;https:\/\/live.staticflickr.com\/65535\/54483692267_967338e8b5_o.jpg&#039; target=&#039;_blank&#039;&gt;Slika za preuzimanje&lt;\/a&gt;&lt;\/div&gt;\" \/><\/a><a href=\"https:\/\/live.staticflickr.com\/65535\/54483692262_ed23a435c2_h.jpg\" title=\"Anu\u0161i\u0107 mladim pripadnicima Kuna: Budite ponosni i nosite oznake najve\u0107ih heroja Domovinskog rata\"><img decoding=\"async\" data-title=\"Anu\u0161i\u0107 mladim pripadnicima Kuna: Budite ponosni i nosite oznake najve\u0107ih heroja Domovinskog rata\" data-description=\"Izaslanik predsjednika Vlade Republike Hrvatske, potpredsjednik Vlade RH i ministar obrane Ivan Anu\u0161i\u0107 sudjelovao je danas, 29. travnja 2025., u \u0110akovu na sve\u010danom obilje\u017eavanju 34. obljetnice ustrojavanja 3. gardijske brigade Kune i Dana Tenkovske bojne Kune | Foto: MORH\/ T. Brandt\" alt=\"Anu\u0161i\u0107 mladim pripadnicima Kuna: Budite ponosni i nosite oznake najve\u0107ih heroja Domovinskog rata\" src=\"https:\/\/live.staticflickr.com\/65535\/54483692262_ed23a435c2_h.jpg\" data-layer=\"&lt;div class=&#039;morh-gallery-image-download&#039;&gt;&lt;a href=&#039;https:\/\/live.staticflickr.com\/65535\/54483692262_58eef124d7_o.jpg&#039; target=&#039;_blank&#039;&gt;Slika za preuzimanje&lt;\/a&gt;&lt;\/div&gt;\" \/><\/a><a href=\"https:\/\/live.staticflickr.com\/65535\/54484816373_1f38ecf096_h.jpg\" title=\"Anu\u0161i\u0107 mladim pripadnicima Kuna: Budite ponosni i nosite oznake najve\u0107ih heroja Domovinskog rata\"><img decoding=\"async\" data-title=\"Anu\u0161i\u0107 mladim pripadnicima Kuna: Budite ponosni i nosite oznake najve\u0107ih heroja Domovinskog rata\" data-description=\"Izaslanik predsjednika Vlade Republike Hrvatske, potpredsjednik Vlade RH i ministar obrane Ivan Anu\u0161i\u0107 sudjelovao je danas, 29. travnja 2025., u \u0110akovu na sve\u010danom obilje\u017eavanju 34. obljetnice ustrojavanja 3. gardijske brigade Kune i Dana Tenkovske bojne Kune | Foto: MORH\/ T. Brandt\" alt=\"Anu\u0161i\u0107 mladim pripadnicima Kuna: Budite ponosni i nosite oznake najve\u0107ih heroja Domovinskog rata\" src=\"https:\/\/live.staticflickr.com\/65535\/54484816373_1f38ecf096_h.jpg\" data-layer=\"&lt;div class=&#039;morh-gallery-image-download&#039;&gt;&lt;a href=&#039;https:\/\/live.staticflickr.com\/65535\/54484816373_ea8201e1d0_o.jpg&#039; target=&#039;_blank&#039;&gt;Slika za preuzimanje&lt;\/a&gt;&lt;\/div&gt;\" \/><\/a><a href=\"https:\/\/live.staticflickr.com\/65535\/54483692187_2ee7b00fde_h.jpg\" title=\"Anu\u0161i\u0107 mladim pripadnicima Kuna: Budite ponosni i nosite oznake najve\u0107ih heroja Domovinskog rata\"><img decoding=\"async\" data-title=\"Anu\u0161i\u0107 mladim pripadnicima Kuna: Budite ponosni i nosite oznake najve\u0107ih heroja Domovinskog rata\" data-description=\"Izaslanik predsjednika Vlade Republike Hrvatske, potpredsjednik Vlade RH i ministar obrane Ivan Anu\u0161i\u0107 sudjelovao je danas, 29. travnja 2025., u \u0110akovu na sve\u010danom obilje\u017eavanju 34. obljetnice ustrojavanja 3. gardijske brigade Kune i Dana Tenkovske bojne Kune | Foto: MORH\/ T. Brandt\" alt=\"Anu\u0161i\u0107 mladim pripadnicima Kuna: Budite ponosni i nosite oznake najve\u0107ih heroja Domovinskog rata\" src=\"https:\/\/live.staticflickr.com\/65535\/54483692187_2ee7b00fde_h.jpg\" data-layer=\"&lt;div class=&#039;morh-gallery-image-download&#039;&gt;&lt;a href=&#039;https:\/\/live.staticflickr.com\/65535\/54483692187_78e6768131_o.jpg&#039; target=&#039;_blank&#039;&gt;Slika za preuzimanje&lt;\/a&gt;&lt;\/div&gt;\" \/><\/a><a href=\"https:\/\/live.staticflickr.com\/65535\/54484732854_c479b3ff51_h.jpg\" title=\"Anu\u0161i\u0107 mladim pripadnicima Kuna: Budite ponosni i nosite oznake najve\u0107ih heroja Domovinskog rata\"><img decoding=\"async\" data-title=\"Anu\u0161i\u0107 mladim pripadnicima Kuna: Budite ponosni i nosite oznake najve\u0107ih heroja Domovinskog rata\" data-description=\"Izaslanik predsjednika Vlade Republike Hrvatske, potpredsjednik Vlade RH i ministar obrane Ivan Anu\u0161i\u0107 sudjelovao je danas, 29. travnja 2025., u \u0110akovu na sve\u010danom obilje\u017eavanju 34. obljetnice ustrojavanja 3. gardijske brigade Kune i Dana Tenkovske bojne Kune | Foto: MORH\/ T. Brandt\" alt=\"Anu\u0161i\u0107 mladim pripadnicima Kuna: Budite ponosni i nosite oznake najve\u0107ih heroja Domovinskog rata\" src=\"https:\/\/live.staticflickr.com\/65535\/54484732854_c479b3ff51_h.jpg\" data-layer=\"&lt;div class=&#039;morh-gallery-image-download&#039;&gt;&lt;a href=&#039;https:\/\/live.staticflickr.com\/65535\/54484732854_d9a7d2fcbf_o.jpg&#039; target=&#039;_blank&#039;&gt;Slika za preuzimanje&lt;\/a&gt;&lt;\/div&gt;\" \/><\/a><a href=\"https:\/\/live.staticflickr.com\/65535\/54484537136_b1f89d85fb_h.jpg\" title=\"Anu\u0161i\u0107 mladim pripadnicima Kuna: Budite ponosni i nosite oznake najve\u0107ih heroja Domovinskog rata\"><img decoding=\"async\" data-title=\"Anu\u0161i\u0107 mladim pripadnicima Kuna: Budite ponosni i nosite oznake najve\u0107ih heroja Domovinskog rata\" data-description=\"Izaslanik predsjednika Vlade Republike Hrvatske, potpredsjednik Vlade RH i ministar obrane Ivan Anu\u0161i\u0107 sudjelovao je danas, 29. travnja 2025., u \u0110akovu na sve\u010danom obilje\u017eavanju 34. obljetnice ustrojavanja 3. gardijske brigade Kune i Dana Tenkovske bojne Kune | Foto: MORH\/ T. Brandt\" alt=\"Anu\u0161i\u0107 mladim pripadnicima Kuna: Budite ponosni i nosite oznake najve\u0107ih heroja Domovinskog rata\" src=\"https:\/\/live.staticflickr.com\/65535\/54484537136_b1f89d85fb_h.jpg\" data-layer=\"&lt;div class=&#039;morh-gallery-image-download&#039;&gt;&lt;a href=&#039;https:\/\/live.staticflickr.com\/65535\/54484537136_1c97a3cdeb_o.jpg&#039; target=&#039;_blank&#039;&gt;Slika za preuzimanje&lt;\/a&gt;&lt;\/div&gt;\" \/><\/a><a href=\"https:\/\/live.staticflickr.com\/65535\/54483692162_76d06a17fa_h.jpg\" title=\"Anu\u0161i\u0107 mladim pripadnicima Kuna: Budite ponosni i nosite oznake najve\u0107ih heroja Domovinskog rata\"><img decoding=\"async\" data-title=\"Anu\u0161i\u0107 mladim pripadnicima Kuna: Budite ponosni i nosite oznake najve\u0107ih heroja Domovinskog rata\" data-description=\"Izaslanik predsjednika Vlade Republike Hrvatske, potpredsjednik Vlade RH i ministar obrane Ivan Anu\u0161i\u0107 sudjelovao je danas, 29. travnja 2025., u \u0110akovu na sve\u010danom obilje\u017eavanju 34. obljetnice ustrojavanja 3. gardijske brigade Kune i Dana Tenkovske bojne Kune | Foto: MORH\/ T. Brandt\" alt=\"Anu\u0161i\u0107 mladim pripadnicima Kuna: Budite ponosni i nosite oznake najve\u0107ih heroja Domovinskog rata\" src=\"https:\/\/live.staticflickr.com\/65535\/54483692162_76d06a17fa_h.jpg\" data-layer=\"&lt;div class=&#039;morh-gallery-image-download&#039;&gt;&lt;a href=&#039;https:\/\/live.staticflickr.com\/65535\/54483692162_3e90af8ef0_o.jpg&#039; target=&#039;_blank&#039;&gt;Slika za preuzimanje&lt;\/a&gt;&lt;\/div&gt;\" \/><\/a><a href=\"https:\/\/live.staticflickr.com\/65535\/54483692142_61f8e7bcaf_h.jpg\" title=\"Anu\u0161i\u0107 mladim pripadnicima Kuna: Budite ponosni i nosite oznake najve\u0107ih heroja Domovinskog rata\"><img decoding=\"async\" data-title=\"Anu\u0161i\u0107 mladim pripadnicima Kuna: Budite ponosni i nosite oznake najve\u0107ih heroja Domovinskog rata\" data-description=\"Izaslanik predsjednika Vlade Republike Hrvatske, potpredsjednik Vlade RH i ministar obrane Ivan Anu\u0161i\u0107 sudjelovao je danas, 29. travnja 2025., u \u0110akovu na sve\u010danom obilje\u017eavanju 34. obljetnice ustrojavanja 3. gardijske brigade Kune i Dana Tenkovske bojne Kune | Foto: MORH\/ T. Brandt\" alt=\"Anu\u0161i\u0107 mladim pripadnicima Kuna: Budite ponosni i nosite oznake najve\u0107ih heroja Domovinskog rata\" src=\"https:\/\/live.staticflickr.com\/65535\/54483692142_61f8e7bcaf_h.jpg\" data-layer=\"&lt;div class=&#039;morh-gallery-image-download&#039;&gt;&lt;a href=&#039;https:\/\/live.staticflickr.com\/65535\/54483692142_26ff77969e_o.jpg&#039; target=&#039;_blank&#039;&gt;Slika za preuzimanje&lt;\/a&gt;&lt;\/div&gt;\" \/><\/a><a href=\"https:\/\/live.staticflickr.com\/65535\/54484537386_37ac6086cc_h.jpg\" title=\"Anu\u0161i\u0107 mladim pripadnicima Kuna: Budite ponosni i nosite oznake najve\u0107ih heroja Domovinskog rata\"><img decoding=\"async\" data-title=\"Anu\u0161i\u0107 mladim pripadnicima Kuna: Budite ponosni i nosite oznake najve\u0107ih heroja Domovinskog rata\" data-description=\"Izaslanik predsjednika Vlade Republike Hrvatske, potpredsjednik Vlade RH i ministar obrane Ivan Anu\u0161i\u0107 sudjelovao je danas, 29. travnja 2025., u \u0110akovu na sve\u010danom obilje\u017eavanju 34. obljetnice ustrojavanja 3. gardijske brigade Kune i Dana Tenkovske bojne Kune | Foto: MORH\/ T. Brandt\" alt=\"Anu\u0161i\u0107 mladim pripadnicima Kuna: Budite ponosni i nosite oznake najve\u0107ih heroja Domovinskog rata\" src=\"https:\/\/live.staticflickr.com\/65535\/54484537386_37ac6086cc_h.jpg\" data-layer=\"&lt;div class=&#039;morh-gallery-image-download&#039;&gt;&lt;a href=&#039;https:\/\/live.staticflickr.com\/65535\/54484537386_8e3642c25d_o.jpg&#039; target=&#039;_blank&#039;&gt;Slika za preuzimanje&lt;\/a&gt;&lt;\/div&gt;\" \/><\/a><a href=\"https:\/\/live.staticflickr.com\/65535\/54484732839_23b8b3663f_h.jpg\" title=\"Anu\u0161i\u0107 mladim pripadnicima Kuna: Budite ponosni i nosite oznake najve\u0107ih heroja Domovinskog rata\"><img decoding=\"async\" data-title=\"Anu\u0161i\u0107 mladim pripadnicima Kuna: Budite ponosni i nosite oznake najve\u0107ih heroja Domovinskog rata\" data-description=\"Izaslanik predsjednika Vlade Republike Hrvatske, potpredsjednik Vlade RH i ministar obrane Ivan Anu\u0161i\u0107 sudjelovao je danas, 29. travnja 2025., u \u0110akovu na sve\u010danom obilje\u017eavanju 34. obljetnice ustrojavanja 3. gardijske brigade Kune i Dana Tenkovske bojne Kune | Foto: MORH\/ T. Brandt\" alt=\"Anu\u0161i\u0107 mladim pripadnicima Kuna: Budite ponosni i nosite oznake najve\u0107ih heroja Domovinskog rata\" src=\"https:\/\/live.staticflickr.com\/65535\/54484732839_23b8b3663f_h.jpg\" data-layer=\"&lt;div class=&#039;morh-gallery-image-download&#039;&gt;&lt;a href=&#039;https:\/\/live.staticflickr.com\/65535\/54484732839_6d041e7442_o.jpg&#039; target=&#039;_blank&#039;&gt;Slika za preuzimanje&lt;\/a&gt;&lt;\/div&gt;\" \/><\/a><a href=\"https:\/\/live.staticflickr.com\/65535\/54484537126_7633e4bcdd_h.jpg\" title=\"Anu\u0161i\u0107 mladim pripadnicima Kuna: Budite ponosni i nosite oznake najve\u0107ih heroja Domovinskog rata\"><img decoding=\"async\" data-title=\"Anu\u0161i\u0107 mladim pripadnicima Kuna: Budite ponosni i nosite oznake najve\u0107ih heroja Domovinskog rata\" data-description=\"Izaslanik predsjednika Vlade Republike Hrvatske, potpredsjednik Vlade RH i ministar obrane Ivan Anu\u0161i\u0107 sudjelovao je danas, 29. travnja 2025., u \u0110akovu na sve\u010danom obilje\u017eavanju 34. obljetnice ustrojavanja 3. gardijske brigade Kune i Dana Tenkovske bojne Kune | Foto: MORH\/ T. Brandt\" alt=\"Anu\u0161i\u0107 mladim pripadnicima Kuna: Budite ponosni i nosite oznake najve\u0107ih heroja Domovinskog rata\" src=\"https:\/\/live.staticflickr.com\/65535\/54484537126_7633e4bcdd_h.jpg\" data-layer=\"&lt;div class=&#039;morh-gallery-image-download&#039;&gt;&lt;a href=&#039;https:\/\/live.staticflickr.com\/65535\/54484537126_736e1b4ec0_o.jpg&#039; target=&#039;_blank&#039;&gt;Slika za preuzimanje&lt;\/a&gt;&lt;\/div&gt;\" \/><\/a><a href=\"https:\/\/live.staticflickr.com\/65535\/54483691882_38959957ea_h.jpg\" title=\"Anu\u0161i\u0107 mladim pripadnicima Kuna: Budite ponosni i nosite oznake najve\u0107ih heroja Domovinskog rata\"><img decoding=\"async\" data-title=\"Anu\u0161i\u0107 mladim pripadnicima Kuna: Budite ponosni i nosite oznake najve\u0107ih heroja Domovinskog rata\" data-description=\"Izaslanik predsjednika Vlade Republike Hrvatske, potpredsjednik Vlade RH i ministar obrane Ivan Anu\u0161i\u0107 sudjelovao je danas, 29. travnja 2025., u \u0110akovu na sve\u010danom obilje\u017eavanju 34. obljetnice ustrojavanja 3. gardijske brigade Kune i Dana Tenkovske bojne Kune | Foto: MORH\/ T. Brandt\" alt=\"Anu\u0161i\u0107 mladim pripadnicima Kuna: Budite ponosni i nosite oznake najve\u0107ih heroja Domovinskog rata\" src=\"https:\/\/live.staticflickr.com\/65535\/54483691882_38959957ea_h.jpg\" data-layer=\"&lt;div class=&#039;morh-gallery-image-download&#039;&gt;&lt;a href=&#039;https:\/\/live.staticflickr.com\/65535\/54483691882_99c941e412_o.jpg&#039; target=&#039;_blank&#039;&gt;Slika za preuzimanje&lt;\/a&gt;&lt;\/div&gt;\" \/><\/a><a href=\"https:\/\/live.staticflickr.com\/65535\/54483692137_6bd15e69c4_h.jpg\" title=\"Anu\u0161i\u0107 mladim pripadnicima Kuna: Budite ponosni i nosite oznake najve\u0107ih heroja Domovinskog rata\"><img decoding=\"async\" data-title=\"Anu\u0161i\u0107 mladim pripadnicima Kuna: Budite ponosni i nosite oznake najve\u0107ih heroja Domovinskog rata\" data-description=\"Izaslanik predsjednika Vlade Republike Hrvatske, potpredsjednik Vlade RH i ministar obrane Ivan Anu\u0161i\u0107 sudjelovao je danas, 29. travnja 2025., u \u0110akovu na sve\u010danom obilje\u017eavanju 34. obljetnice ustrojavanja 3. gardijske brigade Kune i Dana Tenkovske bojne Kune | Foto: MORH\/ T. Brandt\" alt=\"Anu\u0161i\u0107 mladim pripadnicima Kuna: Budite ponosni i nosite oznake najve\u0107ih heroja Domovinskog rata\" src=\"https:\/\/live.staticflickr.com\/65535\/54483692137_6bd15e69c4_h.jpg\" data-layer=\"&lt;div class=&#039;morh-gallery-image-download&#039;&gt;&lt;a href=&#039;https:\/\/live.staticflickr.com\/65535\/54483692137_1d6c21af04_o.jpg&#039; target=&#039;_blank&#039;&gt;Slika za preuzimanje&lt;\/a&gt;&lt;\/div&gt;\" \/><\/a><a href=\"https:\/\/live.staticflickr.com\/65535\/54483691877_edc5ba8336_h.jpg\" title=\"Anu\u0161i\u0107 mladim pripadnicima Kuna: Budite ponosni i nosite oznake najve\u0107ih heroja Domovinskog rata\"><img decoding=\"async\" data-title=\"Anu\u0161i\u0107 mladim pripadnicima Kuna: Budite ponosni i nosite oznake najve\u0107ih heroja Domovinskog rata\" data-description=\"Izaslanik predsjednika Vlade Republike Hrvatske, potpredsjednik Vlade RH i ministar obrane Ivan Anu\u0161i\u0107 sudjelovao je danas, 29. travnja 2025., u \u0110akovu na sve\u010danom obilje\u017eavanju 34. obljetnice ustrojavanja 3. gardijske brigade Kune i Dana Tenkovske bojne Kune | Foto: MORH\/ T. Brandt\" alt=\"Anu\u0161i\u0107 mladim pripadnicima Kuna: Budite ponosni i nosite oznake najve\u0107ih heroja Domovinskog rata\" src=\"https:\/\/live.staticflickr.com\/65535\/54483691877_edc5ba8336_h.jpg\" data-layer=\"&lt;div class=&#039;morh-gallery-image-download&#039;&gt;&lt;a href=&#039;https:\/\/live.staticflickr.com\/65535\/54483691877_b670a427e8_o.jpg&#039; target=&#039;_blank&#039;&gt;Slika za preuzimanje&lt;\/a&gt;&lt;\/div&gt;\" \/><\/a><a href=\"https:\/\/live.staticflickr.com\/65535\/54484816323_ca2c2e2067_h.jpg\" title=\"Anu\u0161i\u0107 mladim pripadnicima Kuna: Budite ponosni i nosite oznake najve\u0107ih heroja Domovinskog rata\"><img decoding=\"async\" data-title=\"Anu\u0161i\u0107 mladim pripadnicima Kuna: Budite ponosni i nosite oznake najve\u0107ih heroja Domovinskog rata\" data-description=\"Izaslanik predsjednika Vlade Republike Hrvatske, potpredsjednik Vlade RH i ministar obrane Ivan Anu\u0161i\u0107 sudjelovao je danas, 29. travnja 2025., u \u0110akovu na sve\u010danom obilje\u017eavanju 34. obljetnice ustrojavanja 3. gardijske brigade Kune i Dana Tenkovske bojne Kune | Foto: MORH\/ T. Brandt\" alt=\"Anu\u0161i\u0107 mladim pripadnicima Kuna: Budite ponosni i nosite oznake najve\u0107ih heroja Domovinskog rata\" src=\"https:\/\/live.staticflickr.com\/65535\/54484816323_ca2c2e2067_h.jpg\" data-layer=\"&lt;div class=&#039;morh-gallery-image-download&#039;&gt;&lt;a href=&#039;https:\/\/live.staticflickr.com\/65535\/54484816323_11d323ff46_o.jpg&#039; target=&#039;_blank&#039;&gt;Slika za preuzimanje&lt;\/a&gt;&lt;\/div&gt;\" \/><\/a><a href=\"https:\/\/live.staticflickr.com\/65535\/54484816318_1d1e3e35f8_h.jpg\" title=\"Anu\u0161i\u0107 mladim pripadnicima Kuna: Budite ponosni i nosite oznake najve\u0107ih heroja Domovinskog rata\"><img decoding=\"async\" data-title=\"Anu\u0161i\u0107 mladim pripadnicima Kuna: Budite ponosni i nosite oznake najve\u0107ih heroja Domovinskog rata\" data-description=\"Izaslanik predsjednika Vlade Republike Hrvatske, potpredsjednik Vlade RH i ministar obrane Ivan Anu\u0161i\u0107 sudjelovao je danas, 29. travnja 2025., u \u0110akovu na sve\u010danom obilje\u017eavanju 34. obljetnice ustrojavanja 3. gardijske brigade Kune i Dana Tenkovske bojne Kune | Foto: MORH\/ T. Brandt\" alt=\"Anu\u0161i\u0107 mladim pripadnicima Kuna: Budite ponosni i nosite oznake najve\u0107ih heroja Domovinskog rata\" src=\"https:\/\/live.staticflickr.com\/65535\/54484816318_1d1e3e35f8_h.jpg\" data-layer=\"&lt;div class=&#039;morh-gallery-image-download&#039;&gt;&lt;a href=&#039;https:\/\/live.staticflickr.com\/65535\/54484816318_ece8b1282f_o.jpg&#039; target=&#039;_blank&#039;&gt;Slika za preuzimanje&lt;\/a&gt;&lt;\/div&gt;\" \/><\/a><a href=\"https:\/\/live.staticflickr.com\/65535\/54484732624_94e62259d2_h.jpg\" title=\"Anu\u0161i\u0107 mladim pripadnicima Kuna: Budite ponosni i nosite oznake najve\u0107ih heroja Domovinskog rata\"><img decoding=\"async\" data-title=\"Anu\u0161i\u0107 mladim pripadnicima Kuna: Budite ponosni i nosite oznake najve\u0107ih heroja Domovinskog rata\" data-description=\"Izaslanik predsjednika Vlade Republike Hrvatske, potpredsjednik Vlade RH i ministar obrane Ivan Anu\u0161i\u0107 sudjelovao je danas, 29. travnja 2025., u \u0110akovu na sve\u010danom obilje\u017eavanju 34. obljetnice ustrojavanja 3. gardijske brigade Kune i Dana Tenkovske bojne Kune | Foto: MORH\/ T. Brandt\" alt=\"Anu\u0161i\u0107 mladim pripadnicima Kuna: Budite ponosni i nosite oznake najve\u0107ih heroja Domovinskog rata\" src=\"https:\/\/live.staticflickr.com\/65535\/54484732624_94e62259d2_h.jpg\" data-layer=\"&lt;div class=&#039;morh-gallery-image-download&#039;&gt;&lt;a href=&#039;https:\/\/live.staticflickr.com\/65535\/54484732624_2849115c65_o.jpg&#039; target=&#039;_blank&#039;&gt;Slika za preuzimanje&lt;\/a&gt;&lt;\/div&gt;\" \/><\/a><a href=\"https:\/\/live.staticflickr.com\/65535\/54484893365_c80a4b816e_h.jpg\" title=\"Anu\u0161i\u0107 mladim pripadnicima Kuna: Budite ponosni i nosite oznake najve\u0107ih heroja Domovinskog rata\"><img decoding=\"async\" data-title=\"Anu\u0161i\u0107 mladim pripadnicima Kuna: Budite ponosni i nosite oznake najve\u0107ih heroja Domovinskog rata\" data-description=\"Izaslanik predsjednika Vlade Republike Hrvatske, potpredsjednik Vlade RH i ministar obrane Ivan Anu\u0161i\u0107 sudjelovao je danas, 29. travnja 2025., u \u0110akovu na sve\u010danom obilje\u017eavanju 34. obljetnice ustrojavanja 3. gardijske brigade Kune i Dana Tenkovske bojne Kune | Foto: MORH\/ T. Brandt\" alt=\"Anu\u0161i\u0107 mladim pripadnicima Kuna: Budite ponosni i nosite oznake najve\u0107ih heroja Domovinskog rata\" src=\"https:\/\/live.staticflickr.com\/65535\/54484893365_c80a4b816e_h.jpg\" data-layer=\"&lt;div class=&#039;morh-gallery-image-download&#039;&gt;&lt;a href=&#039;https:\/\/live.staticflickr.com\/65535\/54484893365_52605dee14_o.jpg&#039; target=&#039;_blank&#039;&gt;Slika za preuzimanje&lt;\/a&gt;&lt;\/div&gt;\" \/><\/a><a href=\"https:\/\/live.staticflickr.com\/65535\/54484537336_14497be89b_h.jpg\" title=\"Anu\u0161i\u0107 mladim pripadnicima Kuna: Budite ponosni i nosite oznake najve\u0107ih heroja Domovinskog rata\"><img decoding=\"async\" data-title=\"Anu\u0161i\u0107 mladim pripadnicima Kuna: Budite ponosni i nosite oznake najve\u0107ih heroja Domovinskog rata\" data-description=\"Izaslanik predsjednika Vlade Republike Hrvatske, potpredsjednik Vlade RH i ministar obrane Ivan Anu\u0161i\u0107 sudjelovao je danas, 29. travnja 2025., u \u0110akovu na sve\u010danom obilje\u017eavanju 34. obljetnice ustrojavanja 3. gardijske brigade Kune i Dana Tenkovske bojne Kune | Foto: MORH\/ T. Brandt\" alt=\"Anu\u0161i\u0107 mladim pripadnicima Kuna: Budite ponosni i nosite oznake najve\u0107ih heroja Domovinskog rata\" src=\"https:\/\/live.staticflickr.com\/65535\/54484537336_14497be89b_h.jpg\" data-layer=\"&lt;div class=&#039;morh-gallery-image-download&#039;&gt;&lt;a href=&#039;https:\/\/live.staticflickr.com\/65535\/54484537336_b42e5276ce_o.jpg&#039; target=&#039;_blank&#039;&gt;Slika za preuzimanje&lt;\/a&gt;&lt;\/div&gt;\" \/><\/a><a href=\"https:\/\/live.staticflickr.com\/65535\/54484816293_25541e7dcc_h.jpg\" title=\"Anu\u0161i\u0107 mladim pripadnicima Kuna: Budite ponosni i nosite oznake najve\u0107ih heroja Domovinskog rata\"><img decoding=\"async\" data-title=\"Anu\u0161i\u0107 mladim pripadnicima Kuna: Budite ponosni i nosite oznake najve\u0107ih heroja Domovinskog rata\" data-description=\"Izaslanik predsjednika Vlade Republike Hrvatske, potpredsjednik Vlade RH i ministar obrane Ivan Anu\u0161i\u0107 sudjelovao je danas, 29. travnja 2025., u \u0110akovu na sve\u010danom obilje\u017eavanju 34. obljetnice ustrojavanja 3. gardijske brigade Kune i Dana Tenkovske bojne Kune | Foto: MORH\/ T. Brandt\" alt=\"Anu\u0161i\u0107 mladim pripadnicima Kuna: Budite ponosni i nosite oznake najve\u0107ih heroja Domovinskog rata\" src=\"https:\/\/live.staticflickr.com\/65535\/54484816293_25541e7dcc_h.jpg\" data-layer=\"&lt;div class=&#039;morh-gallery-image-download&#039;&gt;&lt;a href=&#039;https:\/\/live.staticflickr.com\/65535\/54484816293_21b8e880dd_o.jpg&#039; target=&#039;_blank&#039;&gt;Slika za preuzimanje&lt;\/a&gt;&lt;\/div&gt;\" \/><\/a><a href=\"https:\/\/live.staticflickr.com\/65535\/54484732819_ef96edf737_h.jpg\" title=\"Anu\u0161i\u0107 mladim pripadnicima Kuna: Budite ponosni i nosite oznake najve\u0107ih heroja Domovinskog rata\"><img decoding=\"async\" data-title=\"Anu\u0161i\u0107 mladim pripadnicima Kuna: Budite ponosni i nosite oznake najve\u0107ih heroja Domovinskog rata\" data-description=\"Izaslanik predsjednika Vlade Republike Hrvatske, potpredsjednik Vlade RH i ministar obrane Ivan Anu\u0161i\u0107 sudjelovao je danas, 29. travnja 2025., u \u0110akovu na sve\u010danom obilje\u017eavanju 34. obljetnice ustrojavanja 3. gardijske brigade Kune i Dana Tenkovske bojne Kune | Foto: MORH\/ T. Brandt\" alt=\"Anu\u0161i\u0107 mladim pripadnicima Kuna: Budite ponosni i nosite oznake najve\u0107ih heroja Domovinskog rata\" src=\"https:\/\/live.staticflickr.com\/65535\/54484732819_ef96edf737_h.jpg\" data-layer=\"&lt;div class=&#039;morh-gallery-image-download&#039;&gt;&lt;a href=&#039;https:\/\/live.staticflickr.com\/65535\/54484732819_c7a0676c58_o.jpg&#039; target=&#039;_blank&#039;&gt;Slika za preuzimanje&lt;\/a&gt;&lt;\/div&gt;\" \/><\/a><a href=\"https:\/\/live.staticflickr.com\/65535\/54484732609_932ca9e15f_h.jpg\" title=\"Anu\u0161i\u0107 mladim pripadnicima Kuna: Budite ponosni i nosite oznake najve\u0107ih heroja Domovinskog rata\"><img decoding=\"async\" data-title=\"Anu\u0161i\u0107 mladim pripadnicima Kuna: Budite ponosni i nosite oznake najve\u0107ih heroja Domovinskog rata\" data-description=\"Izaslanik predsjednika Vlade Republike Hrvatske, potpredsjednik Vlade RH i ministar obrane Ivan Anu\u0161i\u0107 sudjelovao je danas, 29. travnja 2025., u \u0110akovu na sve\u010danom obilje\u017eavanju 34. obljetnice ustrojavanja 3. gardijske brigade Kune i Dana Tenkovske bojne Kune | Foto: MORH\/ T. Brandt\" alt=\"Anu\u0161i\u0107 mladim pripadnicima Kuna: Budite ponosni i nosite oznake najve\u0107ih heroja Domovinskog rata\" src=\"https:\/\/live.staticflickr.com\/65535\/54484732609_932ca9e15f_h.jpg\" data-layer=\"&lt;div class=&#039;morh-gallery-image-download&#039;&gt;&lt;a href=&#039;https:\/\/live.staticflickr.com\/65535\/54484732609_55596bb0cc_o.jpg&#039; target=&#039;_blank&#039;&gt;Slika za preuzimanje&lt;\/a&gt;&lt;\/div&gt;\" \/><\/a><a href=\"https:\/\/live.staticflickr.com\/65535\/54484537331_0880674066_h.jpg\" title=\"Anu\u0161i\u0107 mladim pripadnicima Kuna: Budite ponosni i nosite oznake najve\u0107ih heroja Domovinskog rata\"><img decoding=\"async\" data-title=\"Anu\u0161i\u0107 mladim pripadnicima Kuna: Budite ponosni i nosite oznake najve\u0107ih heroja Domovinskog rata\" data-description=\"Izaslanik predsjednika Vlade Republike Hrvatske, potpredsjednik Vlade RH i ministar obrane Ivan Anu\u0161i\u0107 sudjelovao je danas, 29. travnja 2025., u \u0110akovu na sve\u010danom obilje\u017eavanju 34. obljetnice ustrojavanja 3. gardijske brigade Kune i Dana Tenkovske bojne Kune | Foto: MORH\/ T. Brandt\" alt=\"Anu\u0161i\u0107 mladim pripadnicima Kuna: Budite ponosni i nosite oznake najve\u0107ih heroja Domovinskog rata\" src=\"https:\/\/live.staticflickr.com\/65535\/54484537331_0880674066_h.jpg\" data-layer=\"&lt;div class=&#039;morh-gallery-image-download&#039;&gt;&lt;a href=&#039;https:\/\/live.staticflickr.com\/65535\/54484537331_c3bc3a60a8_o.jpg&#039; target=&#039;_blank&#039;&gt;Slika za preuzimanje&lt;\/a&gt;&lt;\/div&gt;\" \/><\/a><a href=\"https:\/\/live.staticflickr.com\/65535\/54484893570_a42dbf13fc_h.jpg\" title=\"Anu\u0161i\u0107 mladim pripadnicima Kuna: Budite ponosni i nosite oznake najve\u0107ih heroja Domovinskog rata\"><img decoding=\"async\" data-title=\"Anu\u0161i\u0107 mladim pripadnicima Kuna: Budite ponosni i nosite oznake najve\u0107ih heroja Domovinskog rata\" data-description=\"Izaslanik predsjednika Vlade Republike Hrvatske, potpredsjednik Vlade RH i ministar obrane Ivan Anu\u0161i\u0107 sudjelovao je danas, 29. travnja 2025., u \u0110akovu na sve\u010danom obilje\u017eavanju 34. obljetnice ustrojavanja 3. gardijske brigade Kune i Dana Tenkovske bojne Kune | Foto: MORH\/ T. Brandt\" alt=\"Anu\u0161i\u0107 mladim pripadnicima Kuna: Budite ponosni i nosite oznake najve\u0107ih heroja Domovinskog rata\" src=\"https:\/\/live.staticflickr.com\/65535\/54484893570_a42dbf13fc_h.jpg\" data-layer=\"&lt;div class=&#039;morh-gallery-image-download&#039;&gt;&lt;a href=&#039;https:\/\/live.staticflickr.com\/65535\/54484893570_f9a8507ff9_o.jpg&#039; target=&#039;_blank&#039;&gt;Slika za preuzimanje&lt;\/a&gt;&lt;\/div&gt;\" \/><\/a><a href=\"https:\/\/live.staticflickr.com\/65535\/54483692107_40f0b0e2c5_h.jpg\" title=\"Anu\u0161i\u0107 mladim pripadnicima Kuna: Budite ponosni i nosite oznake najve\u0107ih heroja Domovinskog rata\"><img decoding=\"async\" data-title=\"Anu\u0161i\u0107 mladim pripadnicima Kuna: Budite ponosni i nosite oznake najve\u0107ih heroja Domovinskog rata\" data-description=\"Izaslanik predsjednika Vlade Republike Hrvatske, potpredsjednik Vlade RH i ministar obrane Ivan Anu\u0161i\u0107 sudjelovao je danas, 29. travnja 2025., u \u0110akovu na sve\u010danom obilje\u017eavanju 34. obljetnice ustrojavanja 3. gardijske brigade Kune i Dana Tenkovske bojne Kune | Foto: MORH\/ T. Brandt\" alt=\"Anu\u0161i\u0107 mladim pripadnicima Kuna: Budite ponosni i nosite oznake najve\u0107ih heroja Domovinskog rata\" src=\"https:\/\/live.staticflickr.com\/65535\/54483692107_40f0b0e2c5_h.jpg\" data-layer=\"&lt;div class=&#039;morh-gallery-image-download&#039;&gt;&lt;a href=&#039;https:\/\/live.staticflickr.com\/65535\/54483692107_69ddb6ce4e_o.jpg&#039; target=&#039;_blank&#039;&gt;Slika za preuzimanje&lt;\/a&gt;&lt;\/div&gt;\" \/><\/a><a href=\"https:\/\/live.staticflickr.com\/65535\/54484537326_9610071235_h.jpg\" title=\"Anu\u0161i\u0107 mladim pripadnicima Kuna: Budite ponosni i nosite oznake najve\u0107ih heroja Domovinskog rata\"><img decoding=\"async\" data-title=\"Anu\u0161i\u0107 mladim pripadnicima Kuna: Budite ponosni i nosite oznake najve\u0107ih heroja Domovinskog rata\" data-description=\"Izaslanik predsjednika Vlade Republike Hrvatske, potpredsjednik Vlade RH i ministar obrane Ivan Anu\u0161i\u0107 sudjelovao je danas, 29. travnja 2025., u \u0110akovu na sve\u010danom obilje\u017eavanju 34. obljetnice ustrojavanja 3. gardijske brigade Kune i Dana Tenkovske bojne Kune | Foto: MORH\/ T. Brandt\" alt=\"Anu\u0161i\u0107 mladim pripadnicima Kuna: Budite ponosni i nosite oznake najve\u0107ih heroja Domovinskog rata\" src=\"https:\/\/live.staticflickr.com\/65535\/54484537326_9610071235_h.jpg\" data-layer=\"&lt;div class=&#039;morh-gallery-image-download&#039;&gt;&lt;a href=&#039;https:\/\/live.staticflickr.com\/65535\/54484537326_38179755cc_o.jpg&#039; target=&#039;_blank&#039;&gt;Slika za preuzimanje&lt;\/a&gt;&lt;\/div&gt;\" \/><\/a><a href=\"https:\/\/live.staticflickr.com\/65535\/54484816258_d6bced46d4_h.jpg\" title=\"Anu\u0161i\u0107 mladim pripadnicima Kuna: Budite ponosni i nosite oznake najve\u0107ih heroja Domovinskog rata\"><img decoding=\"async\" data-title=\"Anu\u0161i\u0107 mladim pripadnicima Kuna: Budite ponosni i nosite oznake najve\u0107ih heroja Domovinskog rata\" data-description=\"Izaslanik predsjednika Vlade Republike Hrvatske, potpredsjednik Vlade RH i ministar obrane Ivan Anu\u0161i\u0107 sudjelovao je danas, 29. travnja 2025., u \u0110akovu na sve\u010danom obilje\u017eavanju 34. obljetnice ustrojavanja 3. gardijske brigade Kune i Dana Tenkovske bojne Kune | Foto: MORH\/ T. Brandt\" alt=\"Anu\u0161i\u0107 mladim pripadnicima Kuna: Budite ponosni i nosite oznake najve\u0107ih heroja Domovinskog rata\" src=\"https:\/\/live.staticflickr.com\/65535\/54484816258_d6bced46d4_h.jpg\" data-layer=\"&lt;div class=&#039;morh-gallery-image-download&#039;&gt;&lt;a href=&#039;https:\/\/live.staticflickr.com\/65535\/54484816258_79bd4e77a3_o.jpg&#039; target=&#039;_blank&#039;&gt;Slika za preuzimanje&lt;\/a&gt;&lt;\/div&gt;\" \/><\/a><a href=\"https:\/\/live.staticflickr.com\/65535\/54484537301_8eb7cb40cc_h.jpg\" title=\"Anu\u0161i\u0107 mladim pripadnicima Kuna: Budite ponosni i nosite oznake najve\u0107ih heroja Domovinskog rata\"><img decoding=\"async\" data-title=\"Anu\u0161i\u0107 mladim pripadnicima Kuna: Budite ponosni i nosite oznake najve\u0107ih heroja Domovinskog rata\" data-description=\"Izaslanik predsjednika Vlade Republike Hrvatske, potpredsjednik Vlade RH i ministar obrane Ivan Anu\u0161i\u0107 sudjelovao je danas, 29. travnja 2025., u \u0110akovu na sve\u010danom obilje\u017eavanju 34. obljetnice ustrojavanja 3. gardijske brigade Kune i Dana Tenkovske bojne Kune | Foto: MORH\/ T. Brandt\" alt=\"Anu\u0161i\u0107 mladim pripadnicima Kuna: Budite ponosni i nosite oznake najve\u0107ih heroja Domovinskog rata\" src=\"https:\/\/live.staticflickr.com\/65535\/54484537301_8eb7cb40cc_h.jpg\" data-layer=\"&lt;div class=&#039;morh-gallery-image-download&#039;&gt;&lt;a href=&#039;https:\/\/live.staticflickr.com\/65535\/54484537301_90a219b597_o.jpg&#039; target=&#039;_blank&#039;&gt;Slika za preuzimanje&lt;\/a&gt;&lt;\/div&gt;\" \/><\/a><a href=\"https:\/\/live.staticflickr.com\/65535\/54484816393_d9188b4ec3_h.jpg\" title=\"Anu\u0161i\u0107 mladim pripadnicima Kuna: Budite ponosni i nosite oznake najve\u0107ih heroja Domovinskog rata\"><img decoding=\"async\" data-title=\"Anu\u0161i\u0107 mladim pripadnicima Kuna: Budite ponosni i nosite oznake najve\u0107ih heroja Domovinskog rata\" data-description=\"Izaslanik predsjednika Vlade Republike Hrvatske, potpredsjednik Vlade RH i ministar obrane Ivan Anu\u0161i\u0107 sudjelovao je danas, 29. travnja 2025., u \u0110akovu na sve\u010danom obilje\u017eavanju 34. obljetnice ustrojavanja 3. gardijske brigade Kune i Dana Tenkovske bojne Kune | Foto: MORH\/ G. Resovac\" alt=\"Anu\u0161i\u0107 mladim pripadnicima Kuna: Budite ponosni i nosite oznake najve\u0107ih heroja Domovinskog rata\" src=\"https:\/\/live.staticflickr.com\/65535\/54484816393_d9188b4ec3_h.jpg\" data-layer=\"&lt;div class=&#039;morh-gallery-image-download&#039;&gt;&lt;a href=&#039;https:\/\/live.staticflickr.com\/65535\/54484816393_36f402c7bc_o.jpg&#039; target=&#039;_blank&#039;&gt;Slika za preuzimanje&lt;\/a&gt;&lt;\/div&gt;\" \/><\/a><a href=\"https:\/\/live.staticflickr.com\/65535\/54484537471_d85cb60dbe_h.jpg\" title=\"Anu\u0161i\u0107 mladim pripadnicima Kuna: Budite ponosni i nosite oznake najve\u0107ih heroja Domovinskog rata\"><img decoding=\"async\" data-title=\"Anu\u0161i\u0107 mladim pripadnicima Kuna: Budite ponosni i nosite oznake najve\u0107ih heroja Domovinskog rata\" data-description=\"Izaslanik predsjednika Vlade Republike Hrvatske, potpredsjednik Vlade RH i ministar obrane Ivan Anu\u0161i\u0107 sudjelovao je danas, 29. travnja 2025., u \u0110akovu na sve\u010danom obilje\u017eavanju 34. obljetnice ustrojavanja 3. gardijske brigade Kune i Dana Tenkovske bojne Kune | Foto: MORH\/ G. Resovac\" alt=\"Anu\u0161i\u0107 mladim pripadnicima Kuna: Budite ponosni i nosite oznake najve\u0107ih heroja Domovinskog rata\" src=\"https:\/\/live.staticflickr.com\/65535\/54484537471_d85cb60dbe_h.jpg\" data-layer=\"&lt;div class=&#039;morh-gallery-image-download&#039;&gt;&lt;a href=&#039;https:\/\/live.staticflickr.com\/65535\/54484537471_e0edc7daff_o.jpg&#039; target=&#039;_blank&#039;&gt;Slika za preuzimanje&lt;\/a&gt;&lt;\/div&gt;\" \/><\/a><a href=\"https:\/\/live.staticflickr.com\/65535\/54484537306_433db967df_h.jpg\" title=\"Anu\u0161i\u0107 mladim pripadnicima Kuna: Budite ponosni i nosite oznake najve\u0107ih heroja Domovinskog rata\"><img decoding=\"async\" data-title=\"Anu\u0161i\u0107 mladim pripadnicima Kuna: Budite ponosni i nosite oznake najve\u0107ih heroja Domovinskog rata\" data-description=\"Izaslanik predsjednika Vlade Republike Hrvatske, potpredsjednik Vlade RH i ministar obrane Ivan Anu\u0161i\u0107 sudjelovao je danas, 29. travnja 2025., u \u0110akovu na sve\u010danom obilje\u017eavanju 34. obljetnice ustrojavanja 3. gardijske brigade Kune i Dana Tenkovske bojne Kune | Foto: MORH\/ T. Brandt\" alt=\"Anu\u0161i\u0107 mladim pripadnicima Kuna: Budite ponosni i nosite oznake najve\u0107ih heroja Domovinskog rata\" src=\"https:\/\/live.staticflickr.com\/65535\/54484537306_433db967df_h.jpg\" data-layer=\"&lt;div class=&#039;morh-gallery-image-download&#039;&gt;&lt;a href=&#039;https:\/\/live.staticflickr.com\/65535\/54484537306_b23d70b3e4_o.jpg&#039; target=&#039;_blank&#039;&gt;Slika za preuzimanje&lt;\/a&gt;&lt;\/div&gt;\" \/><\/a><a href=\"https:\/\/live.staticflickr.com\/65535\/54484537286_07f4b4c0e4_h.jpg\" title=\"Anu\u0161i\u0107 mladim pripadnicima Kuna: Budite ponosni i nosite oznake najve\u0107ih heroja Domovinskog rata\"><img decoding=\"async\" data-title=\"Anu\u0161i\u0107 mladim pripadnicima Kuna: Budite ponosni i nosite oznake najve\u0107ih heroja Domovinskog rata\" data-description=\"Izaslanik predsjednika Vlade Republike Hrvatske, potpredsjednik Vlade RH i ministar obrane Ivan Anu\u0161i\u0107 sudjelovao je danas, 29. travnja 2025., u \u0110akovu na sve\u010danom obilje\u017eavanju 34. obljetnice ustrojavanja 3. gardijske brigade Kune i Dana Tenkovske bojne Kune | Foto: MORH\/ T. Brandt\" alt=\"Anu\u0161i\u0107 mladim pripadnicima Kuna: Budite ponosni i nosite oznake najve\u0107ih heroja Domovinskog rata\" src=\"https:\/\/live.staticflickr.com\/65535\/54484537286_07f4b4c0e4_h.jpg\" data-layer=\"&lt;div class=&#039;morh-gallery-image-download&#039;&gt;&lt;a href=&#039;https:\/\/live.staticflickr.com\/65535\/54484537286_b704590ee9_o.jpg&#039; target=&#039;_blank&#039;&gt;Slika za preuzimanje&lt;\/a&gt;&lt;\/div&gt;\" \/><\/a><a href=\"https:\/\/live.staticflickr.com\/65535\/54484816253_db0cf5427f_h.jpg\" title=\"Anu\u0161i\u0107 mladim pripadnicima Kuna: Budite ponosni i nosite oznake najve\u0107ih heroja Domovinskog rata\"><img decoding=\"async\" data-title=\"Anu\u0161i\u0107 mladim pripadnicima Kuna: Budite ponosni i nosite oznake najve\u0107ih heroja Domovinskog rata\" data-description=\"Izaslanik predsjednika Vlade Republike Hrvatske, potpredsjednik Vlade RH i ministar obrane Ivan Anu\u0161i\u0107 sudjelovao je danas, 29. travnja 2025., u \u0110akovu na sve\u010danom obilje\u017eavanju 34. obljetnice ustrojavanja 3. gardijske brigade Kune i Dana Tenkovske bojne Kune | Foto: MORH\/ T. Brandt\" alt=\"Anu\u0161i\u0107 mladim pripadnicima Kuna: Budite ponosni i nosite oznake najve\u0107ih heroja Domovinskog rata\" src=\"https:\/\/live.staticflickr.com\/65535\/54484816253_db0cf5427f_h.jpg\" data-layer=\"&lt;div class=&#039;morh-gallery-image-download&#039;&gt;&lt;a href=&#039;https:\/\/live.staticflickr.com\/65535\/54484816253_ae37de92a0_o.jpg&#039; target=&#039;_blank&#039;&gt;Slika za preuzimanje&lt;\/a&gt;&lt;\/div&gt;\" \/><\/a><a href=\"https:\/\/live.staticflickr.com\/65535\/54483692042_7b39e0f90e_h.jpg\" title=\"Anu\u0161i\u0107 mladim pripadnicima Kuna: Budite ponosni i nosite oznake najve\u0107ih heroja Domovinskog rata\"><img decoding=\"async\" data-title=\"Anu\u0161i\u0107 mladim pripadnicima Kuna: Budite ponosni i nosite oznake najve\u0107ih heroja Domovinskog rata\" data-description=\"Izaslanik predsjednika Vlade Republike Hrvatske, potpredsjednik Vlade RH i ministar obrane Ivan Anu\u0161i\u0107 sudjelovao je danas, 29. travnja 2025., u \u0110akovu na sve\u010danom obilje\u017eavanju 34. obljetnice ustrojavanja 3. gardijske brigade Kune i Dana Tenkovske bojne Kune | Foto: MORH\/ T. Brandt\" alt=\"Anu\u0161i\u0107 mladim pripadnicima Kuna: Budite ponosni i nosite oznake najve\u0107ih heroja Domovinskog rata\" src=\"https:\/\/live.staticflickr.com\/65535\/54483692042_7b39e0f90e_h.jpg\" data-layer=\"&lt;div class=&#039;morh-gallery-image-download&#039;&gt;&lt;a href=&#039;https:\/\/live.staticflickr.com\/65535\/54483692042_44124a9c75_o.jpg&#039; target=&#039;_blank&#039;&gt;Slika za preuzimanje&lt;\/a&gt;&lt;\/div&gt;\" \/><\/a><a href=\"https:\/\/live.staticflickr.com\/65535\/54483692012_ae4849ea1b_h.jpg\" title=\"Anu\u0161i\u0107 mladim pripadnicima Kuna: Budite ponosni i nosite oznake najve\u0107ih heroja Domovinskog rata\"><img decoding=\"async\" data-title=\"Anu\u0161i\u0107 mladim pripadnicima Kuna: Budite ponosni i nosite oznake najve\u0107ih heroja Domovinskog rata\" data-description=\"Izaslanik predsjednika Vlade Republike Hrvatske, potpredsjednik Vlade RH i ministar obrane Ivan Anu\u0161i\u0107 sudjelovao je danas, 29. travnja 2025., u \u0110akovu na sve\u010danom obilje\u017eavanju 34. obljetnice ustrojavanja 3. gardijske brigade Kune i Dana Tenkovske bojne Kune | Foto: MORH\/ T. Brandt\" alt=\"Anu\u0161i\u0107 mladim pripadnicima Kuna: Budite ponosni i nosite oznake najve\u0107ih heroja Domovinskog rata\" src=\"https:\/\/live.staticflickr.com\/65535\/54483692012_ae4849ea1b_h.jpg\" data-layer=\"&lt;div class=&#039;morh-gallery-image-download&#039;&gt;&lt;a href=&#039;https:\/\/live.staticflickr.com\/65535\/54483692012_35e120a8b2_o.jpg&#039; target=&#039;_blank&#039;&gt;Slika za preuzimanje&lt;\/a&gt;&lt;\/div&gt;\" \/><\/a><a href=\"https:\/\/live.staticflickr.com\/65535\/54484537106_461cf116de_h.jpg\" title=\"Anu\u0161i\u0107 mladim pripadnicima Kuna: Budite ponosni i nosite oznake najve\u0107ih heroja Domovinskog rata\"><img decoding=\"async\" data-title=\"Anu\u0161i\u0107 mladim pripadnicima Kuna: Budite ponosni i nosite oznake najve\u0107ih heroja Domovinskog rata\" data-description=\"Izaslanik predsjednika Vlade Republike Hrvatske, potpredsjednik Vlade RH i ministar obrane Ivan Anu\u0161i\u0107 sudjelovao je danas, 29. travnja 2025., u \u0110akovu na sve\u010danom obilje\u017eavanju 34. obljetnice ustrojavanja 3. gardijske brigade Kune i Dana Tenkovske bojne Kune | Foto: MORH\/ T. Brandt\" alt=\"Anu\u0161i\u0107 mladim pripadnicima Kuna: Budite ponosni i nosite oznake najve\u0107ih heroja Domovinskog rata\" src=\"https:\/\/live.staticflickr.com\/65535\/54484537106_461cf116de_h.jpg\" data-layer=\"&lt;div class=&#039;morh-gallery-image-download&#039;&gt;&lt;a href=&#039;https:\/\/live.staticflickr.com\/65535\/54484537106_0de16556dd_o.jpg&#039; target=&#039;_blank&#039;&gt;Slika za preuzimanje&lt;\/a&gt;&lt;\/div&gt;\" \/><\/a><a href=\"https:\/\/live.staticflickr.com\/65535\/54483691847_f1c7d33e26_h.jpg\" title=\"Anu\u0161i\u0107 mladim pripadnicima Kuna: Budite ponosni i nosite oznake najve\u0107ih heroja Domovinskog rata\"><img decoding=\"async\" data-title=\"Anu\u0161i\u0107 mladim pripadnicima Kuna: Budite ponosni i nosite oznake najve\u0107ih heroja Domovinskog rata\" data-description=\"Izaslanik predsjednika Vlade Republike Hrvatske, potpredsjednik Vlade RH i ministar obrane Ivan Anu\u0161i\u0107 sudjelovao je danas, 29. travnja 2025., u \u0110akovu na sve\u010danom obilje\u017eavanju 34. obljetnice ustrojavanja 3. gardijske brigade Kune i Dana Tenkovske bojne Kune | Foto: MORH\/ T. Brandt\" alt=\"Anu\u0161i\u0107 mladim pripadnicima Kuna: Budite ponosni i nosite oznake najve\u0107ih heroja Domovinskog rata\" src=\"https:\/\/live.staticflickr.com\/65535\/54483691847_f1c7d33e26_h.jpg\" data-layer=\"&lt;div class=&#039;morh-gallery-image-download&#039;&gt;&lt;a href=&#039;https:\/\/live.staticflickr.com\/65535\/54483691847_99fb478b35_o.jpg&#039; target=&#039;_blank&#039;&gt;Slika za preuzimanje&lt;\/a&gt;&lt;\/div&gt;\" \/><\/a><a href=\"https:\/\/live.staticflickr.com\/65535\/54484816083_141323ab8e_h.jpg\" title=\"Anu\u0161i\u0107 mladim pripadnicima Kuna: Budite ponosni i nosite oznake najve\u0107ih heroja Domovinskog rata\"><img decoding=\"async\" data-title=\"Anu\u0161i\u0107 mladim pripadnicima Kuna: Budite ponosni i nosite oznake najve\u0107ih heroja Domovinskog rata\" data-description=\"Izaslanik predsjednika Vlade Republike Hrvatske, potpredsjednik Vlade RH i ministar obrane Ivan Anu\u0161i\u0107 sudjelovao je danas, 29. travnja 2025., u \u0110akovu na sve\u010danom obilje\u017eavanju 34. obljetnice ustrojavanja 3. gardijske brigade Kune i Dana Tenkovske bojne Kune | Foto: MORH\/ T. Brandt\" alt=\"Anu\u0161i\u0107 mladim pripadnicima Kuna: Budite ponosni i nosite oznake najve\u0107ih heroja Domovinskog rata\" src=\"https:\/\/live.staticflickr.com\/65535\/54484816083_141323ab8e_h.jpg\" data-layer=\"&lt;div class=&#039;morh-gallery-image-download&#039;&gt;&lt;a href=&#039;https:\/\/live.staticflickr.com\/65535\/54484816083_30bfcc7144_o.jpg&#039; target=&#039;_blank&#039;&gt;Slika za preuzimanje&lt;\/a&gt;&lt;\/div&gt;\" \/><\/a><a href=\"https:\/\/live.staticflickr.com\/65535\/54484732749_65b45bcfeb_h.jpg\" title=\"Anu\u0161i\u0107 mladim pripadnicima Kuna: Budite ponosni i nosite oznake najve\u0107ih heroja Domovinskog rata\"><img decoding=\"async\" data-title=\"Anu\u0161i\u0107 mladim pripadnicima Kuna: Budite ponosni i nosite oznake najve\u0107ih heroja Domovinskog rata\" data-description=\"Izaslanik predsjednika Vlade Republike Hrvatske, potpredsjednik Vlade RH i ministar obrane Ivan Anu\u0161i\u0107 sudjelovao je danas, 29. travnja 2025., u \u0110akovu na sve\u010danom obilje\u017eavanju 34. obljetnice ustrojavanja 3. gardijske brigade Kune i Dana Tenkovske bojne Kune | Foto: MORH\/ T. Brandt\" alt=\"Anu\u0161i\u0107 mladim pripadnicima Kuna: Budite ponosni i nosite oznake najve\u0107ih heroja Domovinskog rata\" src=\"https:\/\/live.staticflickr.com\/65535\/54484732749_65b45bcfeb_h.jpg\" data-layer=\"&lt;div class=&#039;morh-gallery-image-download&#039;&gt;&lt;a href=&#039;https:\/\/live.staticflickr.com\/65535\/54484732749_5ac988a426_o.jpg&#039; target=&#039;_blank&#039;&gt;Slika za preuzimanje&lt;\/a&gt;&lt;\/div&gt;\" \/><\/a><a href=\"https:\/\/live.staticflickr.com\/65535\/54484732739_8824f6aa35_h.jpg\" title=\"Anu\u0161i\u0107 mladim pripadnicima Kuna: Budite ponosni i nosite oznake najve\u0107ih heroja Domovinskog rata\"><img decoding=\"async\" data-title=\"Anu\u0161i\u0107 mladim pripadnicima Kuna: Budite ponosni i nosite oznake najve\u0107ih heroja Domovinskog rata\" data-description=\"Izaslanik predsjednika Vlade Republike Hrvatske, potpredsjednik Vlade RH i ministar obrane Ivan Anu\u0161i\u0107 sudjelovao je danas, 29. travnja 2025., u \u0110akovu na sve\u010danom obilje\u017eavanju 34. obljetnice ustrojavanja 3. gardijske brigade Kune i Dana Tenkovske bojne Kune | Foto: MORH\/ T. Brandt\" alt=\"Anu\u0161i\u0107 mladim pripadnicima Kuna: Budite ponosni i nosite oznake najve\u0107ih heroja Domovinskog rata\" src=\"https:\/\/live.staticflickr.com\/65535\/54484732739_8824f6aa35_h.jpg\" data-layer=\"&lt;div class=&#039;morh-gallery-image-download&#039;&gt;&lt;a href=&#039;https:\/\/live.staticflickr.com\/65535\/54484732739_8bdb689731_o.jpg&#039; target=&#039;_blank&#039;&gt;Slika za preuzimanje&lt;\/a&gt;&lt;\/div&gt;\" \/><\/a><a href=\"https:\/\/live.staticflickr.com\/65535\/54484893330_785f6ec1e1_h.jpg\" title=\"Anu\u0161i\u0107 mladim pripadnicima Kuna: Budite ponosni i nosite oznake najve\u0107ih heroja Domovinskog rata\"><img decoding=\"async\" data-title=\"Anu\u0161i\u0107 mladim pripadnicima Kuna: Budite ponosni i nosite oznake najve\u0107ih heroja Domovinskog rata\" data-description=\"Izaslanik predsjednika Vlade Republike Hrvatske, potpredsjednik Vlade RH i ministar obrane Ivan Anu\u0161i\u0107 sudjelovao je danas, 29. travnja 2025., u \u0110akovu na sve\u010danom obilje\u017eavanju 34. obljetnice ustrojavanja 3. gardijske brigade Kune i Dana Tenkovske bojne Kune | Foto: MORH\/ T. Brandt\" alt=\"Anu\u0161i\u0107 mladim pripadnicima Kuna: Budite ponosni i nosite oznake najve\u0107ih heroja Domovinskog rata\" src=\"https:\/\/live.staticflickr.com\/65535\/54484893330_785f6ec1e1_h.jpg\" data-layer=\"&lt;div class=&#039;morh-gallery-image-download&#039;&gt;&lt;a href=&#039;https:\/\/live.staticflickr.com\/65535\/54484893330_db4dfce10a_o.jpg&#039; target=&#039;_blank&#039;&gt;Slika za preuzimanje&lt;\/a&gt;&lt;\/div&gt;\" \/><\/a><a href=\"https:\/\/live.staticflickr.com\/65535\/54484893335_b886611872_h.jpg\" title=\"Anu\u0161i\u0107 mladim pripadnicima Kuna: Budite ponosni i nosite oznake najve\u0107ih heroja Domovinskog rata\"><img decoding=\"async\" data-title=\"Anu\u0161i\u0107 mladim pripadnicima Kuna: Budite ponosni i nosite oznake najve\u0107ih heroja Domovinskog rata\" data-description=\"Izaslanik predsjednika Vlade Republike Hrvatske, potpredsjednik Vlade RH i ministar obrane Ivan Anu\u0161i\u0107 sudjelovao je danas, 29. travnja 2025., u \u0110akovu na sve\u010danom obilje\u017eavanju 34. obljetnice ustrojavanja 3. gardijske brigade Kune i Dana Tenkovske bojne Kune | Foto: MORH\/ T. Brandt\" alt=\"Anu\u0161i\u0107 mladim pripadnicima Kuna: Budite ponosni i nosite oznake najve\u0107ih heroja Domovinskog rata\" src=\"https:\/\/live.staticflickr.com\/65535\/54484893335_b886611872_h.jpg\" data-layer=\"&lt;div class=&#039;morh-gallery-image-download&#039;&gt;&lt;a href=&#039;https:\/\/live.staticflickr.com\/65535\/54484893335_a8c024aec4_o.jpg&#039; target=&#039;_blank&#039;&gt;Slika za preuzimanje&lt;\/a&gt;&lt;\/div&gt;\" \/><\/a><a href=\"https:\/\/live.staticflickr.com\/65535\/54484732579_4c8af570a1_h.jpg\" title=\"Anu\u0161i\u0107 mladim pripadnicima Kuna: Budite ponosni i nosite oznake najve\u0107ih heroja Domovinskog rata\"><img decoding=\"async\" data-title=\"Anu\u0161i\u0107 mladim pripadnicima Kuna: Budite ponosni i nosite oznake najve\u0107ih heroja Domovinskog rata\" data-description=\"Izaslanik predsjednika Vlade Republike Hrvatske, potpredsjednik Vlade RH i ministar obrane Ivan Anu\u0161i\u0107 sudjelovao je danas, 29. travnja 2025., u \u0110akovu na sve\u010danom obilje\u017eavanju 34. obljetnice ustrojavanja 3. gardijske brigade Kune i Dana Tenkovske bojne Kune | Foto: MORH\/ T. Brandt\" alt=\"Anu\u0161i\u0107 mladim pripadnicima Kuna: Budite ponosni i nosite oznake najve\u0107ih heroja Domovinskog rata\" src=\"https:\/\/live.staticflickr.com\/65535\/54484732579_4c8af570a1_h.jpg\" data-layer=\"&lt;div class=&#039;morh-gallery-image-download&#039;&gt;&lt;a href=&#039;https:\/\/live.staticflickr.com\/65535\/54484732579_ce609a1165_o.jpg&#039; target=&#039;_blank&#039;&gt;Slika za preuzimanje&lt;\/a&gt;&lt;\/div&gt;\" \/><\/a><a href=\"https:\/\/live.staticflickr.com\/65535\/54484816243_9f94478922_h.jpg\" title=\"Anu\u0161i\u0107 mladim pripadnicima Kuna: Budite ponosni i nosite oznake najve\u0107ih heroja Domovinskog rata\"><img decoding=\"async\" data-title=\"Anu\u0161i\u0107 mladim pripadnicima Kuna: Budite ponosni i nosite oznake najve\u0107ih heroja Domovinskog rata\" data-description=\"Izaslanik predsjednika Vlade Republike Hrvatske, potpredsjednik Vlade RH i ministar obrane Ivan Anu\u0161i\u0107 sudjelovao je danas, 29. travnja 2025., u \u0110akovu na sve\u010danom obilje\u017eavanju 34. obljetnice ustrojavanja 3. gardijske brigade Kune i Dana Tenkovske bojne Kune | Foto: MORH\/ G. Resovac\" alt=\"Anu\u0161i\u0107 mladim pripadnicima Kuna: Budite ponosni i nosite oznake najve\u0107ih heroja Domovinskog rata\" src=\"https:\/\/live.staticflickr.com\/65535\/54484816243_9f94478922_h.jpg\" data-layer=\"&lt;div class=&#039;morh-gallery-image-download&#039;&gt;&lt;a href=&#039;https:\/\/live.staticflickr.com\/65535\/54484816243_2bcd59968b_o.jpg&#039; target=&#039;_blank&#039;&gt;Slika za preuzimanje&lt;\/a&gt;&lt;\/div&gt;\" \/><\/a><a href=\"https:\/\/live.staticflickr.com\/65535\/54484816398_ad8114d811_h.jpg\" title=\"Anu\u0161i\u0107 mladim pripadnicima Kuna: Budite ponosni i nosite oznake najve\u0107ih heroja Domovinskog rata\"><img decoding=\"async\" data-title=\"Anu\u0161i\u0107 mladim pripadnicima Kuna: Budite ponosni i nosite oznake najve\u0107ih heroja Domovinskog rata\" data-description=\"Izaslanik predsjednika Vlade Republike Hrvatske, potpredsjednik Vlade RH i ministar obrane Ivan Anu\u0161i\u0107 sudjelovao je danas, 29. travnja 2025., u \u0110akovu na sve\u010danom obilje\u017eavanju 34. obljetnice ustrojavanja 3. gardijske brigade Kune i Dana Tenkovske bojne Kune | Foto: MORH\/ G. Resovac\" alt=\"Anu\u0161i\u0107 mladim pripadnicima Kuna: Budite ponosni i nosite oznake najve\u0107ih heroja Domovinskog rata\" src=\"https:\/\/live.staticflickr.com\/65535\/54484816398_ad8114d811_h.jpg\" data-layer=\"&lt;div class=&#039;morh-gallery-image-download&#039;&gt;&lt;a href=&#039;https:\/\/live.staticflickr.com\/65535\/54484816398_69fa8946e8_o.jpg&#039; target=&#039;_blank&#039;&gt;Slika za preuzimanje&lt;\/a&gt;&lt;\/div&gt;\" \/><\/a><a href=\"https:\/\/live.staticflickr.com\/65535\/54484732734_fdb1c1e637_h.jpg\" title=\"Anu\u0161i\u0107 mladim pripadnicima Kuna: Budite ponosni i nosite oznake najve\u0107ih heroja Domovinskog rata\"><img decoding=\"async\" data-title=\"Anu\u0161i\u0107 mladim pripadnicima Kuna: Budite ponosni i nosite oznake najve\u0107ih heroja Domovinskog rata\" data-description=\"Izaslanik predsjednika Vlade Republike Hrvatske, potpredsjednik Vlade RH i ministar obrane Ivan Anu\u0161i\u0107 sudjelovao je danas, 29. travnja 2025., u \u0110akovu na sve\u010danom obilje\u017eavanju 34. obljetnice ustrojavanja 3. gardijske brigade Kune i Dana Tenkovske bojne Kune | Foto: MORH\/ G. Resovac\" alt=\"Anu\u0161i\u0107 mladim pripadnicima Kuna: Budite ponosni i nosite oznake najve\u0107ih heroja Domovinskog rata\" src=\"https:\/\/live.staticflickr.com\/65535\/54484732734_fdb1c1e637_h.jpg\" data-layer=\"&lt;div class=&#039;morh-gallery-image-download&#039;&gt;&lt;a href=&#039;https:\/\/live.staticflickr.com\/65535\/54484732734_f048870d38_o.jpg&#039; target=&#039;_blank&#039;&gt;Slika za preuzimanje&lt;\/a&gt;&lt;\/div&gt;\" \/><\/a><a href=\"https:\/\/live.staticflickr.com\/65535\/54483692212_6eee63ed3e_h.jpg\" title=\"Anu\u0161i\u0107 mladim pripadnicima Kuna: Budite ponosni i nosite oznake najve\u0107ih heroja Domovinskog rata\"><img decoding=\"async\" data-title=\"Anu\u0161i\u0107 mladim pripadnicima Kuna: Budite ponosni i nosite oznake najve\u0107ih heroja Domovinskog rata\" data-description=\"Izaslanik predsjednika Vlade Republike Hrvatske, potpredsjednik Vlade RH i ministar obrane Ivan Anu\u0161i\u0107 sudjelovao je danas, 29. travnja 2025., u \u0110akovu na sve\u010danom obilje\u017eavanju 34. obljetnice ustrojavanja 3. gardijske brigade Kune i Dana Tenkovske bojne Kune | Foto: MORH\/ G. Resovac\" alt=\"Anu\u0161i\u0107 mladim pripadnicima Kuna: Budite ponosni i nosite oznake najve\u0107ih heroja Domovinskog rata\" src=\"https:\/\/live.staticflickr.com\/65535\/54483692212_6eee63ed3e_h.jpg\" data-layer=\"&lt;div class=&#039;morh-gallery-image-download&#039;&gt;&lt;a href=&#039;https:\/\/live.staticflickr.com\/65535\/54483692212_9bd6f40601_o.jpg&#039; target=&#039;_blank&#039;&gt;Slika za preuzimanje&lt;\/a&gt;&lt;\/div&gt;\" \/><\/a><a href=\"https:\/\/live.staticflickr.com\/65535\/54484816073_79ca3f19fe_h.jpg\" title=\"Anu\u0161i\u0107 mladim pripadnicima Kuna: Budite ponosni i nosite oznake najve\u0107ih heroja Domovinskog rata\"><img decoding=\"async\" data-title=\"Anu\u0161i\u0107 mladim pripadnicima Kuna: Budite ponosni i nosite oznake najve\u0107ih heroja Domovinskog rata\" data-description=\"Izaslanik predsjednika Vlade Republike Hrvatske, potpredsjednik Vlade RH i ministar obrane Ivan Anu\u0161i\u0107 sudjelovao je danas, 29. travnja 2025., u \u0110akovu na sve\u010danom obilje\u017eavanju 34. obljetnice ustrojavanja 3. gardijske brigade Kune i Dana Tenkovske bojne Kune | Foto: MORH\/ T. Brandt\" alt=\"Anu\u0161i\u0107 mladim pripadnicima Kuna: Budite ponosni i nosite oznake najve\u0107ih heroja Domovinskog rata\" src=\"https:\/\/live.staticflickr.com\/65535\/54484816073_79ca3f19fe_h.jpg\" data-layer=\"&lt;div class=&#039;morh-gallery-image-download&#039;&gt;&lt;a href=&#039;https:\/\/live.staticflickr.com\/65535\/54484816073_67f7fbd959_o.jpg&#039; target=&#039;_blank&#039;&gt;Slika za preuzimanje&lt;\/a&gt;&lt;\/div&gt;\" \/><\/a><\/div><!--\/.morh-galleria -->\n","protected":false},"excerpt":{"rendered":"<p>Defence Minister Anu\u0161i\u0107 presents berets to new members of the Kune Tank Battalion of the Guards Armoured Mechanised Brigade<\/p>\n","protected":false},"author":4699,"featured_media":254055,"comment_status":"closed","ping_status":"closed","sticky":false,"template":"","format":"standard","meta":{"_acf_changed":false,"_monsterinsights_skip_tracking":false,"_monsterinsights_sitenote_active":false,"_monsterinsights_sitenote_note":"","_monsterinsights_sitenote_category":0,"footnotes":""},"categories":[117],"tags":[],"class_list":["post-257718","post","type-post","status-publish","format-standard","has-post-thumbnail","hentry","category-press-releases"],"acf":[],"yoast_head":"<!-- This site is optimized with the Yoast SEO plugin v26.9 - https:\/\/yoast.com\/product\/yoast-seo-wordpress\/ -->\n<title>Anu\u0161i\u0107 to new members of the Kune Battalion \u2013 Wear the insignia of Croatia\u2019s greatest Homeland War heroes with pride - MORH<\/title>\n<meta name=\"description\" content=\"Defence Minister Anu\u0161i\u0107 presents berets to new members of the Kune Tank Battalion of the Guards Armoured Mechanised Brigade\" \/>\n<meta name=\"robots\" content=\"index, follow, max-snippet:-1, max-image-preview:large, max-video-preview:-1\" \/>\n<link rel=\"canonical\" href=\"https:\/\/www.morh.hr\/en\/anusic-to-new-members-of-the-kune-battalion-wear-the-insignia-of-croatias-greatest-homeland-war-heroes-with-pride\/\" \/>\n<meta property=\"og:locale\" content=\"en_US\" \/>\n<meta property=\"og:type\" content=\"article\" \/>\n<meta property=\"og:title\" content=\"Anu\u0161i\u0107 to new members of the Kune Battalion \u2013 Wear the insignia of Croatia\u2019s greatest Homeland War heroes with pride - MORH\" \/>\n<meta property=\"og:description\" content=\"Defence Minister Anu\u0161i\u0107 presents berets to new members of the Kune Tank Battalion of the Guards Armoured Mechanised Brigade\" \/>\n<meta property=\"og:url\" content=\"https:\/\/www.morh.hr\/en\/anusic-to-new-members-of-the-kune-battalion-wear-the-insignia-of-croatias-greatest-homeland-war-heroes-with-pride\/\" \/>\n<meta property=\"og:site_name\" content=\"MORH\" \/>\n<meta property=\"article:publisher\" content=\"https:\/\/www.facebook.com\/sportasiuhrvatskojvojsci\/\" \/>\n<meta property=\"article:published_time\" content=\"2025-04-29T07:55:37+00:00\" \/>\n<meta property=\"article:modified_time\" content=\"2025-07-28T08:23:01+00:00\" \/>\n<meta property=\"og:image\" content=\"https:\/\/www.morh.hr\/wp-content\/uploads\/2025\/04\/2025-04-29-kune-obljetnica.jpg\" \/>\n\t<meta property=\"og:image:width\" content=\"2400\" \/>\n\t<meta property=\"og:image:height\" content=\"1600\" \/>\n\t<meta property=\"og:image:type\" content=\"image\/jpeg\" \/>\n<meta name=\"author\" content=\"Mladen\" \/>\n<meta name=\"twitter:card\" content=\"summary_large_image\" \/>\n<meta name=\"twitter:creator\" content=\"@morh_osrh\" \/>\n<meta name=\"twitter:site\" content=\"@morh_osrh\" \/>\n<meta name=\"twitter:label1\" content=\"Written by\" \/>\n\t<meta name=\"twitter:data1\" content=\"Mladen\" \/>\n\t<meta name=\"twitter:label2\" content=\"Est. reading time\" \/>\n\t<meta name=\"twitter:data2\" content=\"5 minutes\" \/>\n<script type=\"application\/ld+json\" class=\"yoast-schema-graph\">{\"@context\":\"https:\/\/schema.org\",\"@graph\":[{\"@type\":\"Article\",\"@id\":\"https:\/\/www.morh.hr\/en\/anusic-to-new-members-of-the-kune-battalion-wear-the-insignia-of-croatias-greatest-homeland-war-heroes-with-pride\/#article\",\"isPartOf\":{\"@id\":\"https:\/\/www.morh.hr\/en\/anusic-to-new-members-of-the-kune-battalion-wear-the-insignia-of-croatias-greatest-homeland-war-heroes-with-pride\/\"},\"author\":{\"name\":\"Mladen\",\"@id\":\"https:\/\/www.morh.hr\/en\/#\/schema\/person\/ec8e2528a579067d8bda0ae2124ac768\"},\"headline\":\"Anu\u0161i\u0107 to new members of the Kune Battalion \u2013 Wear the insignia of Croatia\u2019s greatest Homeland War heroes with pride\",\"datePublished\":\"2025-04-29T07:55:37+00:00\",\"dateModified\":\"2025-07-28T08:23:01+00:00\",\"mainEntityOfPage\":{\"@id\":\"https:\/\/www.morh.hr\/en\/anusic-to-new-members-of-the-kune-battalion-wear-the-insignia-of-croatias-greatest-homeland-war-heroes-with-pride\/\"},\"wordCount\":829,\"image\":{\"@id\":\"https:\/\/www.morh.hr\/en\/anusic-to-new-members-of-the-kune-battalion-wear-the-insignia-of-croatias-greatest-homeland-war-heroes-with-pride\/#primaryimage\"},\"thumbnailUrl\":\"https:\/\/www.morh.hr\/wp-content\/uploads\/2025\/04\/2025-04-29-kune-obljetnica.jpg\",\"articleSection\":[\"Press releases\"],\"inLanguage\":\"en-US\"},{\"@type\":\"WebPage\",\"@id\":\"https:\/\/www.morh.hr\/en\/anusic-to-new-members-of-the-kune-battalion-wear-the-insignia-of-croatias-greatest-homeland-war-heroes-with-pride\/\",\"url\":\"https:\/\/www.morh.hr\/en\/anusic-to-new-members-of-the-kune-battalion-wear-the-insignia-of-croatias-greatest-homeland-war-heroes-with-pride\/\",\"name\":\"Anu\u0161i\u0107 to new members of the Kune Battalion \u2013 Wear the insignia of Croatia\u2019s greatest Homeland War heroes with pride - MORH\",\"isPartOf\":{\"@id\":\"https:\/\/www.morh.hr\/en\/#website\"},\"primaryImageOfPage\":{\"@id\":\"https:\/\/www.morh.hr\/en\/anusic-to-new-members-of-the-kune-battalion-wear-the-insignia-of-croatias-greatest-homeland-war-heroes-with-pride\/#primaryimage\"},\"image\":{\"@id\":\"https:\/\/www.morh.hr\/en\/anusic-to-new-members-of-the-kune-battalion-wear-the-insignia-of-croatias-greatest-homeland-war-heroes-with-pride\/#primaryimage\"},\"thumbnailUrl\":\"https:\/\/www.morh.hr\/wp-content\/uploads\/2025\/04\/2025-04-29-kune-obljetnica.jpg\",\"datePublished\":\"2025-04-29T07:55:37+00:00\",\"dateModified\":\"2025-07-28T08:23:01+00:00\",\"author\":{\"@id\":\"https:\/\/www.morh.hr\/en\/#\/schema\/person\/ec8e2528a579067d8bda0ae2124ac768\"},\"description\":\"Defence Minister Anu\u0161i\u0107 presents berets to new members of the Kune Tank Battalion of the Guards Armoured Mechanised Brigade\",\"breadcrumb\":{\"@id\":\"https:\/\/www.morh.hr\/en\/anusic-to-new-members-of-the-kune-battalion-wear-the-insignia-of-croatias-greatest-homeland-war-heroes-with-pride\/#breadcrumb\"},\"inLanguage\":\"en-US\",\"potentialAction\":[{\"@type\":\"ReadAction\",\"target\":[\"https:\/\/www.morh.hr\/en\/anusic-to-new-members-of-the-kune-battalion-wear-the-insignia-of-croatias-greatest-homeland-war-heroes-with-pride\/\"]}]},{\"@type\":\"ImageObject\",\"inLanguage\":\"en-US\",\"@id\":\"https:\/\/www.morh.hr\/en\/anusic-to-new-members-of-the-kune-battalion-wear-the-insignia-of-croatias-greatest-homeland-war-heroes-with-pride\/#primaryimage\",\"url\":\"https:\/\/www.morh.hr\/wp-content\/uploads\/2025\/04\/2025-04-29-kune-obljetnica.jpg\",\"contentUrl\":\"https:\/\/www.morh.hr\/wp-content\/uploads\/2025\/04\/2025-04-29-kune-obljetnica.jpg\",\"width\":2400,\"height\":1600,\"caption\":\"| Foto: MORH\/ T. Brandt\"},{\"@type\":\"BreadcrumbList\",\"@id\":\"https:\/\/www.morh.hr\/en\/anusic-to-new-members-of-the-kune-battalion-wear-the-insignia-of-croatias-greatest-homeland-war-heroes-with-pride\/#breadcrumb\",\"itemListElement\":[{\"@type\":\"ListItem\",\"position\":1,\"name\":\"Naslovnica\",\"item\":\"https:\/\/www.morh.hr\/en\/\"},{\"@type\":\"ListItem\",\"position\":2,\"name\":\"News\",\"item\":\"https:\/\/www.morh.hr\/en\/kategorija\/news\/\"},{\"@type\":\"ListItem\",\"position\":3,\"name\":\"Press releases\",\"item\":\"https:\/\/www.morh.hr\/en\/kategorija\/news\/press-releases\/\"},{\"@type\":\"ListItem\",\"position\":4,\"name\":\"Anu\u0161i\u0107 to new members of the Kune Battalion \u2013 Wear the insignia of Croatia\u2019s greatest Homeland War heroes with pride\"}]},{\"@type\":\"WebSite\",\"@id\":\"https:\/\/www.morh.hr\/en\/#website\",\"url\":\"https:\/\/www.morh.hr\/en\/\",\"name\":\"MORH\",\"description\":\"Ministarstvo obrane Republike Hrvatske - slu\u017ebene stranice\",\"potentialAction\":[{\"@type\":\"SearchAction\",\"target\":{\"@type\":\"EntryPoint\",\"urlTemplate\":\"https:\/\/www.morh.hr\/en\/?s={search_term_string}\"},\"query-input\":{\"@type\":\"PropertyValueSpecification\",\"valueRequired\":true,\"valueName\":\"search_term_string\"}}],\"inLanguage\":\"en-US\"},{\"@type\":\"Person\",\"@id\":\"https:\/\/www.morh.hr\/en\/#\/schema\/person\/ec8e2528a579067d8bda0ae2124ac768\",\"name\":\"Mladen\",\"image\":{\"@type\":\"ImageObject\",\"inLanguage\":\"en-US\",\"@id\":\"https:\/\/www.morh.hr\/en\/#\/schema\/person\/image\/\",\"url\":\"https:\/\/secure.gravatar.com\/avatar\/3d5ea7ca0d0a523cf2ec98548db52f920a5f6bbfd2c1aa63d237c2f445528cf7?s=96&d=mm&r=g\",\"contentUrl\":\"https:\/\/secure.gravatar.com\/avatar\/3d5ea7ca0d0a523cf2ec98548db52f920a5f6bbfd2c1aa63d237c2f445528cf7?s=96&d=mm&r=g\",\"caption\":\"Mladen\"}}]}<\/script>\n<!-- \/ Yoast SEO plugin. -->","yoast_head_json":{"title":"Anu\u0161i\u0107 to new members of the Kune Battalion \u2013 Wear the insignia of Croatia\u2019s greatest Homeland War heroes with pride - MORH","description":"Defence Minister Anu\u0161i\u0107 presents berets to new members of the Kune Tank Battalion of the Guards Armoured Mechanised Brigade","robots":{"index":"index","follow":"follow","max-snippet":"max-snippet:-1","max-image-preview":"max-image-preview:large","max-video-preview":"max-video-preview:-1"},"canonical":"https:\/\/www.morh.hr\/en\/anusic-to-new-members-of-the-kune-battalion-wear-the-insignia-of-croatias-greatest-homeland-war-heroes-with-pride\/","og_locale":"en_US","og_type":"article","og_title":"Anu\u0161i\u0107 to new members of the Kune Battalion \u2013 Wear the insignia of Croatia\u2019s greatest Homeland War heroes with pride - MORH","og_description":"Defence Minister Anu\u0161i\u0107 presents berets to new members of the Kune Tank Battalion of the Guards Armoured Mechanised Brigade","og_url":"https:\/\/www.morh.hr\/en\/anusic-to-new-members-of-the-kune-battalion-wear-the-insignia-of-croatias-greatest-homeland-war-heroes-with-pride\/","og_site_name":"MORH","article_publisher":"https:\/\/www.facebook.com\/sportasiuhrvatskojvojsci\/","article_published_time":"2025-04-29T07:55:37+00:00","article_modified_time":"2025-07-28T08:23:01+00:00","og_image":[{"width":2400,"height":1600,"url":"https:\/\/www.morh.hr\/wp-content\/uploads\/2025\/04\/2025-04-29-kune-obljetnica.jpg","type":"image\/jpeg"}],"author":"Mladen","twitter_card":"summary_large_image","twitter_creator":"@morh_osrh","twitter_site":"@morh_osrh","twitter_misc":{"Written by":"Mladen","Est. reading time":"5 minutes"},"schema":{"@context":"https:\/\/schema.org","@graph":[{"@type":"Article","@id":"https:\/\/www.morh.hr\/en\/anusic-to-new-members-of-the-kune-battalion-wear-the-insignia-of-croatias-greatest-homeland-war-heroes-with-pride\/#article","isPartOf":{"@id":"https:\/\/www.morh.hr\/en\/anusic-to-new-members-of-the-kune-battalion-wear-the-insignia-of-croatias-greatest-homeland-war-heroes-with-pride\/"},"author":{"name":"Mladen","@id":"https:\/\/www.morh.hr\/en\/#\/schema\/person\/ec8e2528a579067d8bda0ae2124ac768"},"headline":"Anu\u0161i\u0107 to new members of the Kune Battalion \u2013 Wear the insignia of Croatia\u2019s greatest Homeland War heroes with pride","datePublished":"2025-04-29T07:55:37+00:00","dateModified":"2025-07-28T08:23:01+00:00","mainEntityOfPage":{"@id":"https:\/\/www.morh.hr\/en\/anusic-to-new-members-of-the-kune-battalion-wear-the-insignia-of-croatias-greatest-homeland-war-heroes-with-pride\/"},"wordCount":829,"image":{"@id":"https:\/\/www.morh.hr\/en\/anusic-to-new-members-of-the-kune-battalion-wear-the-insignia-of-croatias-greatest-homeland-war-heroes-with-pride\/#primaryimage"},"thumbnailUrl":"https:\/\/www.morh.hr\/wp-content\/uploads\/2025\/04\/2025-04-29-kune-obljetnica.jpg","articleSection":["Press releases"],"inLanguage":"en-US"},{"@type":"WebPage","@id":"https:\/\/www.morh.hr\/en\/anusic-to-new-members-of-the-kune-battalion-wear-the-insignia-of-croatias-greatest-homeland-war-heroes-with-pride\/","url":"https:\/\/www.morh.hr\/en\/anusic-to-new-members-of-the-kune-battalion-wear-the-insignia-of-croatias-greatest-homeland-war-heroes-with-pride\/","name":"Anu\u0161i\u0107 to new members of the Kune Battalion \u2013 Wear the insignia of Croatia\u2019s greatest Homeland War heroes with pride - MORH","isPartOf":{"@id":"https:\/\/www.morh.hr\/en\/#website"},"primaryImageOfPage":{"@id":"https:\/\/www.morh.hr\/en\/anusic-to-new-members-of-the-kune-battalion-wear-the-insignia-of-croatias-greatest-homeland-war-heroes-with-pride\/#primaryimage"},"image":{"@id":"https:\/\/www.morh.hr\/en\/anusic-to-new-members-of-the-kune-battalion-wear-the-insignia-of-croatias-greatest-homeland-war-heroes-with-pride\/#primaryimage"},"thumbnailUrl":"https:\/\/www.morh.hr\/wp-content\/uploads\/2025\/04\/2025-04-29-kune-obljetnica.jpg","datePublished":"2025-04-29T07:55:37+00:00","dateModified":"2025-07-28T08:23:01+00:00","author":{"@id":"https:\/\/www.morh.hr\/en\/#\/schema\/person\/ec8e2528a579067d8bda0ae2124ac768"},"description":"Defence Minister Anu\u0161i\u0107 presents berets to new members of the Kune Tank Battalion of the Guards Armoured Mechanised Brigade","breadcrumb":{"@id":"https:\/\/www.morh.hr\/en\/anusic-to-new-members-of-the-kune-battalion-wear-the-insignia-of-croatias-greatest-homeland-war-heroes-with-pride\/#breadcrumb"},"inLanguage":"en-US","potentialAction":[{"@type":"ReadAction","target":["https:\/\/www.morh.hr\/en\/anusic-to-new-members-of-the-kune-battalion-wear-the-insignia-of-croatias-greatest-homeland-war-heroes-with-pride\/"]}]},{"@type":"ImageObject","inLanguage":"en-US","@id":"https:\/\/www.morh.hr\/en\/anusic-to-new-members-of-the-kune-battalion-wear-the-insignia-of-croatias-greatest-homeland-war-heroes-with-pride\/#primaryimage","url":"https:\/\/www.morh.hr\/wp-content\/uploads\/2025\/04\/2025-04-29-kune-obljetnica.jpg","contentUrl":"https:\/\/www.morh.hr\/wp-content\/uploads\/2025\/04\/2025-04-29-kune-obljetnica.jpg","width":2400,"height":1600,"caption":"| Foto: MORH\/ T. Brandt"},{"@type":"BreadcrumbList","@id":"https:\/\/www.morh.hr\/en\/anusic-to-new-members-of-the-kune-battalion-wear-the-insignia-of-croatias-greatest-homeland-war-heroes-with-pride\/#breadcrumb","itemListElement":[{"@type":"ListItem","position":1,"name":"Naslovnica","item":"https:\/\/www.morh.hr\/en\/"},{"@type":"ListItem","position":2,"name":"News","item":"https:\/\/www.morh.hr\/en\/kategorija\/news\/"},{"@type":"ListItem","position":3,"name":"Press releases","item":"https:\/\/www.morh.hr\/en\/kategorija\/news\/press-releases\/"},{"@type":"ListItem","position":4,"name":"Anu\u0161i\u0107 to new members of the Kune Battalion \u2013 Wear the insignia of Croatia\u2019s greatest Homeland War heroes with pride"}]},{"@type":"WebSite","@id":"https:\/\/www.morh.hr\/en\/#website","url":"https:\/\/www.morh.hr\/en\/","name":"MORH","description":"Ministarstvo obrane Republike Hrvatske - slu\u017ebene stranice","potentialAction":[{"@type":"SearchAction","target":{"@type":"EntryPoint","urlTemplate":"https:\/\/www.morh.hr\/en\/?s={search_term_string}"},"query-input":{"@type":"PropertyValueSpecification","valueRequired":true,"valueName":"search_term_string"}}],"inLanguage":"en-US"},{"@type":"Person","@id":"https:\/\/www.morh.hr\/en\/#\/schema\/person\/ec8e2528a579067d8bda0ae2124ac768","name":"Mladen","image":{"@type":"ImageObject","inLanguage":"en-US","@id":"https:\/\/www.morh.hr\/en\/#\/schema\/person\/image\/","url":"https:\/\/secure.gravatar.com\/avatar\/3d5ea7ca0d0a523cf2ec98548db52f920a5f6bbfd2c1aa63d237c2f445528cf7?s=96&d=mm&r=g","contentUrl":"https:\/\/secure.gravatar.com\/avatar\/3d5ea7ca0d0a523cf2ec98548db52f920a5f6bbfd2c1aa63d237c2f445528cf7?s=96&d=mm&r=g","caption":"Mladen"}}]}},"_links":{"self":[{"href":"https:\/\/www.morh.hr\/en\/wp-json\/wp\/v2\/posts\/257718","targetHints":{"allow":["GET"]}}],"collection":[{"href":"https:\/\/www.morh.hr\/en\/wp-json\/wp\/v2\/posts"}],"about":[{"href":"https:\/\/www.morh.hr\/en\/wp-json\/wp\/v2\/types\/post"}],"author":[{"embeddable":true,"href":"https:\/\/www.morh.hr\/en\/wp-json\/wp\/v2\/users\/4699"}],"replies":[{"embeddable":true,"href":"https:\/\/www.morh.hr\/en\/wp-json\/wp\/v2\/comments?post=257718"}],"version-history":[{"count":2,"href":"https:\/\/www.morh.hr\/en\/wp-json\/wp\/v2\/posts\/257718\/revisions"}],"predecessor-version":[{"id":257721,"href":"https:\/\/www.morh.hr\/en\/wp-json\/wp\/v2\/posts\/257718\/revisions\/257721"}],"wp:featuredmedia":[{"embeddable":true,"href":"https:\/\/www.morh.hr\/en\/wp-json\/wp\/v2\/media\/254055"}],"wp:attachment":[{"href":"https:\/\/www.morh.hr\/en\/wp-json\/wp\/v2\/media?parent=257718"}],"wp:term":[{"taxonomy":"category","embeddable":true,"href":"https:\/\/www.morh.hr\/en\/wp-json\/wp\/v2\/categories?post=257718"},{"taxonomy":"post_tag","embeddable":true,"href":"https:\/\/www.morh.hr\/en\/wp-json\/wp\/v2\/tags?post=257718"}],"curies":[{"name":"wp","href":"https:\/\/api.w.org\/{rel}","templated":true}]}}